{"id":17418,"date":"2023-05-22T08:00:34","date_gmt":"2023-05-22T06:00:34","guid":{"rendered":"https:\/\/www.welovecycling.com\/hu\/?p=17418"},"modified":"2023-05-19T14:55:54","modified_gmt":"2023-05-19T12:55:54","slug":"ineos-grandiers-melypont-de-meg-nem-a-veg","status":"publish","type":"post","link":"https:\/\/www.welovecycling.com\/hu\/orszaguti-kerekpar\/ineos-grandiers-melypont-de-meg-nem-a-veg\/","title":{"rendered":"Ineos Grandiers: M\u00e9lypont, de m\u00e9g nem a v\u00e9g"},"content":{"rendered":"<p><strong>Az Ineos Grandiers v\u00e1r. Egy versenyz\u0151re, aki seg\u00edt nekik visszat\u00e9rni azokhoz a napokhoz, amikor uralt\u00e1k a mez\u0151nyt \u00e9s majdnem mindent megnyertek, amit akartak &#8211; nem is volt ez olyan r\u00e9gen.<\/strong><\/p>\n<p><!--more--><\/p>\n<p>A Team Sky \u00e9s a Team Ineos nevek alatt, 2012 \u00e9s 2019 k\u00f6z\u00f6tt megrendezett nyolc Tour de France-b\u00f3l hetet megnyertek. Ugyanebben az id\u0151szakban hatszor vitt\u00e9k el a Paris-Nice \u00e9s a Crit\u00e9rium du Dauphin\u00e9 versenyek els\u0151 helyez\u00e9seit, \u00f6sszesen pedig 59 versenyen arattak gy\u0151zelmet. Nem t\u00falz\u00e1s azt \u00e1ll\u00edtani, hogy eddig \u0151k voltak a 21. Sz\u00e1zad legjobb csapata. Azonban a dolgok kezdtek elromlani Egan Bernal 2019-es Tour-gy\u0151zelme ut\u00e1n &#8211; nem katasztr\u00f3f\u00e1lisan, mert sok csapat m\u00e9g mindig irigyelheti az eredm\u00e9nyeiket, azonban m\u00e1r nem tudj\u00e1k uralni a mez\u0151nyt.<\/p>\n<p>Ennek az egyik f\u0151 oka az, hogy Bernal-t jel\u00f6lt\u00e9k ki Sir Bradley Wiggins \u00e9s Chris Froome tr\u00f3n\u00f6r\u00f6k\u00f6s\u00e9nek, a k\u00f6vetkez\u0151 szuperszt\u00e1rnak, de a fiatal kolumbiai s\u00falyos s\u00e9r\u00fcl\u00e9st szenvedett el a 2019-es s\u00e1rga Tour-trik\u00f3 megszerz\u00e9s\u00e9t k\u00f6vet\u0151en, \u00edgy nem tudta fenntartani csod\u00e1latos teljes\u00edtm\u00e9ny\u00e9t. 2022 janu\u00e1rj\u00e1ban pedig val\u00f3di katasztr\u00f3fa t\u00f6rt\u00e9nt: egy edz\u00e9s sor\u00e1n Bernal nagy sebess\u00e9ggel egy busz h\u00e1tulj\u00e1ba csap\u00f3dott, \u00e9s s\u00falyos s\u00e9r\u00fcl\u00e9seket szenvedett. Siker\u00fclt visszat\u00e9rnie a versenyekre az \u00e9v k\u00e9s\u0151bbi r\u00e9sz\u00e9ben, de tov\u00e1bbra is probl\u00e9m\u00e1k gy\u00f6trik. Az Ineos megnyerte a Giro d&#8217;Itali\u00e1t 2020-ban (Tao Geoghegan Hart hatalmas meglepet\u00e9sek\u00e9nt) \u00e9s 2021-ben (Bernal), de a nagy d\u00edj, a Tour, elker\u00fclte \u0151ket, \u00e9s a Jumbo-Visma v\u00e1ltotta fel \u0151ket a cs\u00facson.<\/p>\n<p>Nem az a baj, hogy nem er\u0151s a csapat. \u00c9ppen ellenkez\u0151leg. Geoghegan Hart nemr\u00e9g megnyerte az Alpesi k\u00f6rversenyt \u00e9s es\u00e9lyesk\u00e9nt indult az idei Giro-n. A 23 \u00e9ves Tom Pidcock sz\u00e1m\u00e1ra szint\u00e9n ott a lehet\u0151s\u00e9g, hogy kiemelked\u0151 egynapos versenyz\u0151v\u00e9 v\u00e1ljon, miut\u00e1n megnyerte idei Strade Bianche-t \u00e9s dobog\u00f3s helyen v\u00e9gzett a Li\u00e8ge-Bastogne-Li\u00e8ge \u00e9s az Amstel Gold Race versenyeken. Filippo Ganna k\u00e9tszeres id\u0151futam vil\u00e1gbajnok. A 24 \u00e9ves Ethan Hajter pedig m\u00e1szni \u00e9s sprintelni is j\u00f3l tud; tehets\u00e9g\u00e9t megmutatta, amikor megnyerte a legut\u00f3bbi Tour de Romandie-n a z\u00f6ld trik\u00f3t.<\/p>\n<figure id=\"attachment_17419\" aria-describedby=\"caption-attachment-17419\" style=\"width: 1000px\" class=\"wp-caption alignnone\"><a href=\"https:\/\/d2p6e6u75xmxt8.cloudfront.net\/12\/2023\/05\/Filippo-Ganna-profimedia-0775364210.webp\"><img loading=\"lazy\" decoding=\"async\" class=\"size-full wp-image-17419\" src=\"https:\/\/d2p6e6u75xmxt8.cloudfront.net\/12\/2023\/05\/Filippo-Ganna-profimedia-0775364210.webp\" alt=\"Filippo Ganna\" width=\"1000\" height=\"666\" srcset=\"https:\/\/d2p6e6u75xmxt8.cloudfront.net\/12\/2023\/05\/Filippo-Ganna-profimedia-0775364210.webp 1000w, https:\/\/d2p6e6u75xmxt8.cloudfront.net\/12\/2023\/05\/Filippo-Ganna-profimedia-0775364210-300x200.webp 300w, https:\/\/d2p6e6u75xmxt8.cloudfront.net\/12\/2023\/05\/Filippo-Ganna-profimedia-0775364210-768x511.webp 768w, https:\/\/d2p6e6u75xmxt8.cloudfront.net\/12\/2023\/05\/Filippo-Ganna-profimedia-0775364210-400x266.webp 400w, https:\/\/d2p6e6u75xmxt8.cloudfront.net\/12\/2023\/05\/Filippo-Ganna-profimedia-0775364210-272x182.webp 272w\" sizes=\"auto, (max-width: 1000px) 100vw, 1000px\" \/><\/a><figcaption id=\"caption-attachment-17419\" class=\"wp-caption-text\"><span class=\"Y2IQFc\" lang=\"hu\">Filippo Ganna a 2023-as Giro 7. szakasz\u00e1n<\/span>. \u00a9 Profimedia<\/figcaption><\/figure>\n<p>Az Ineos tov\u00e1bbra is a ker\u00e9kp\u00e1rsport leggazdagabb csapata \u00e9s strat\u00e9giai szempontb\u00f3l olyan megb\u00edzhat\u00f3, mint b\u00e1rmelyik m\u00e1sik csapat a mez\u0151nyben. Mindig akt\u00edvak a pelotonban, \u00e9s mindig egy\u00fctt dolgoznak annak \u00e9rdek\u00e9ben, hogy el\u00e9rj\u00e9k a lehet\u0151 legjobb eredm\u00e9nyt. Jelenleg a rangsor harmadik hely\u00e9n \u00e1llnak az elm\u00falt 12 h\u00f3nap eredm\u00e9nyei alapj\u00e1n, a Jumbo-Visma \u00e9s az UAE Team Emirates m\u00f6g\u00f6tt. Azonban id\u00e9n eddig mind\u00f6ssze 13 szakasz- \u00e9s versenygy\u0151zelmet szereztek, mind\u00f6ssze eggyel t\u00f6bbet, mint Tadej Poga\u010dar.<\/p>\n<p>A csapat k\u00f6zelj\u00f6v\u0151je bizonytalan, \u00e9s a siker azon \u00e1llhat, hogy Bernal mennyire tudja visszanyerni legjobb form\u00e1j\u00e1t, vagy ha ez nem siker\u00fcl, akkor k\u00e9pes-e egy m\u00e1sik versenyz\u0151j\u00fck olyan szintre jutni, hogy kih\u00edv\u00e1st jelentsen Poga\u010dar vagy a tavalyi Tour gy\u0151ztese, Jonas Vingegaard sz\u00e1m\u00e1ra. A 2023-as \u00e9v elej\u00e9n a csapat sportigazgat\u00f3ja, Steve Cummings elmondta a Cycling Weekly-nek, hogy h\u00e1rom versenyz\u0151j\u00fck vezetheti a Tour de France \u00f6sszetett verseny\u00e9t: Bernal, a kolumbiai Dani Mart\u00ednez \u00e9s a 22 \u00e9ves Carlos Rodr\u00edguez.<\/p>\n<p><em>\u201cA Tour-on Dani lesz, esetleg Egan, \u00e9s Carlos [a vezet\u0151k k\u00f6z\u00f6tt]&#8221;<\/em> &#8211; mondta Cummings, de hozz\u00e1tette: <em>&#8220;A szezon hossz\u00fa, sok minden t\u00f6rt\u00e9nhet, a janu\u00e1r t\u00fal korai ahhoz, hogy ilyen konkr\u00e9tan besz\u00e9lj\u00fcnk err\u0151l, de ez a jelenlegi terv\u00fcnk.&#8221;<\/em><\/p>\n<p>Igaza volt. Az\u00f3ta sok minden t\u00f6rt\u00e9nt, sok minden rossz. Bernal balesetet szenvedett a Volta a Catalunya sor\u00e1n. Legut\u00f3bbi r\u00e9szv\u00e9tele a Tour de Romandie-n azt mutatta, hogy m\u00e9g hossz\u00fa \u00fat \u00e1ll el\u0151tte, mire \u00fajra teljesen fel\u00e9p\u00fcl. Mart\u00ednez k\u00f6zepes tavaszi szezont z\u00e1rt, 25. helyen v\u00e9gzett a Paris-Nice-on \u00e9s 34. lett az Itzulia Basque Country versenyen, an\u00e9lk\u00fcl, hogy egyetlen szakaszt is nyert volna. Rodr\u00edguez balesetet szenvedett a Strade Bianche versenyen, \u00e9s az\u00f3ta nem versenyzett.<\/p>\n<p>Persze m\u00e9g mindig az orsz\u00e1g\u00fati szezon elej\u00e9n j\u00e1runk. M\u00e9g b\u00e1rmi t\u00f6rt\u00e9nhet. De az Ineos Grenadiers neh\u00e9z id\u0151szakon megy kereszt\u00fcl. A rendelkez\u00e9sre \u00e1ll\u00f3 bizony\u00edt\u00e9kok alapj\u00e1n, hacsak Pidcock vagy Rodr\u00edguez nem v\u00e1lnak vil\u00e1gklassziss\u00e1, vagy Bernal hirtelen nem lesz az a versenyz\u0151, akinek mindenki gondolta, hogy lesz, akkor az idei Tour veszett \u00fcgy, \u00e9s er\u0151forr\u00e1saikat &#8211; els\u0151sorban a kiemelked\u0151 csapatmunka kihaszn\u00e1l\u00e1s\u00e1val -, a lehet\u0151 legt\u00f6bb szakasz megnyer\u00e9s\u00e9re \u00e9s a dobog\u00f3-es\u00e9lyes versenyz\u0151ik t\u00e1mogat\u00e1s\u00e1ra \u00f6sszpontos\u00edtj\u00e1k. Biztosan olyan j\u00f6v\u0151re sz\u00e1m\u00edtanak, amikor ism\u00e9t irigyelni fogj\u00e1k \u0151ket a versenyt\u00e1rsaik &#8211; rem\u00e9lj\u00fck, nem hi\u00e1ba.<\/p>\n","protected":false},"excerpt":{"rendered":"<p>Az Ineos Grandiers v\u00e1r. Egy versenyz\u0151re, aki seg\u00edt nekik visszat\u00e9rni azokhoz a napokhoz, amikor uralt\u00e1k a mez\u0151nyt \u00e9s majdnem mindent [&hellip;]<\/p>\n","protected":false},"author":71,"featured_media":17421,"comment_status":"open","ping_status":"open","sticky":false,"template":"","format":"standard","meta":{"footnotes":""},"categories":[8],"tags":[],"global-categories":[],"class_list":["post-17418","post","type-post","status-publish","format-standard","has-post-thumbnail","hentry","category-orszaguti-kerekpar"],"yoast_head":"<!-- This site is optimized with the Yoast SEO Premium plugin v25.3 (Yoast SEO v25.9) - https:\/\/yoast.com\/wordpress\/plugins\/seo\/ -->\n<title>Ineos Grandiers: M\u00e9lypont, de m\u00e9g nem a v\u00e9g<\/title>\n<meta name=\"description\" content=\"Az Ineos Grandiers v\u00e1r. Egy versenyz\u0151re, aki seg\u00edt nekik visszat\u00e9rni azokhoz a napokhoz, amikor uralt\u00e1k a mez\u0151nyt \u00e9s majdnem mindent megnyertek, amit akartak - nem is volt ez olyan r\u00e9gen.\" \/>\n<meta name=\"robots\" content=\"index, follow, max-snippet:-1, max-image-preview:large, max-video-preview:-1\" \/>\n<link rel=\"canonical\" href=\"https:\/\/www.welovecycling.com\/hu\/orszaguti-kerekpar\/ineos-grandiers-melypont-de-meg-nem-a-veg\/\" \/>\n<meta property=\"og:locale\" content=\"hu_HU\" \/>\n<meta property=\"og:type\" content=\"article\" \/>\n<meta property=\"og:title\" content=\"Ineos Grandiers: M\u00e9lypont, de m\u00e9g nem a v\u00e9g\" \/>\n<meta property=\"og:description\" content=\"Az Ineos Grandiers v\u00e1r. Egy versenyz\u0151re, aki seg\u00edt nekik visszat\u00e9rni azokhoz a napokhoz, amikor uralt\u00e1k a mez\u0151nyt \u00e9s majdnem mindent megnyertek, amit akartak - nem is volt ez olyan r\u00e9gen.\" \/>\n<meta property=\"og:url\" content=\"https:\/\/www.welovecycling.com\/hu\/orszaguti-kerekpar\/ineos-grandiers-melypont-de-meg-nem-a-veg\/\" \/>\n<meta property=\"og:site_name\" content=\"\u0160koda We Love Cycling - Magyarorsz\u00e1g\" \/>\n<meta property=\"article:publisher\" content=\"https:\/\/www.facebook.com\/WeLoveCyclingHungary\/\" \/>\n<meta property=\"article:published_time\" content=\"2023-05-22T06:00:34+00:00\" \/>\n<meta property=\"og:image\" content=\"https:\/\/d2p6e6u75xmxt8.cloudfront.net\/12\/2023\/05\/Ineos-Grenadiers-profimedia-0775367344-CVR.webp\" \/>\n\t<meta property=\"og:image:width\" content=\"990\" \/>\n\t<meta property=\"og:image:height\" content=\"660\" \/>\n\t<meta property=\"og:image:type\" content=\"image\/webp\" \/>\n<meta name=\"author\" content=\"hegyizs\" \/>\n<meta name=\"twitter:card\" content=\"summary_large_image\" \/>\n<meta name=\"twitter:label1\" content=\"Written by\" \/>\n\t<meta name=\"twitter:data1\" content=\"Siegfried Mortkowitz\" \/>\n\t<meta name=\"twitter:label2\" content=\"Est. reading time\" \/>\n\t<meta name=\"twitter:data2\" content=\"4\" \/>\n<script type=\"application\/ld+json\" class=\"yoast-schema-graph\">{\"@context\":\"https:\/\/schema.org\",\"@graph\":[{\"@type\":\"WebPage\",\"@id\":\"https:\/\/www.welovecycling.com\/hu\/orszaguti-kerekpar\/ineos-grandiers-melypont-de-meg-nem-a-veg\/\",\"url\":\"https:\/\/www.welovecycling.com\/hu\/orszaguti-kerekpar\/ineos-grandiers-melypont-de-meg-nem-a-veg\/\",\"name\":\"Ineos Grandiers: M\u00e9lypont, de m\u00e9g nem a v\u00e9g\",\"isPartOf\":{\"@id\":\"https:\/\/www.welovecycling.com\/hu\/#website\"},\"primaryImageOfPage\":{\"@id\":\"https:\/\/www.welovecycling.com\/hu\/orszaguti-kerekpar\/ineos-grandiers-melypont-de-meg-nem-a-veg\/#primaryimage\"},\"image\":{\"@id\":\"https:\/\/www.welovecycling.com\/hu\/orszaguti-kerekpar\/ineos-grandiers-melypont-de-meg-nem-a-veg\/#primaryimage\"},\"thumbnailUrl\":\"https:\/\/d2p6e6u75xmxt8.cloudfront.net\/12\/2023\/05\/Ineos-Grenadiers-profimedia-0775367344-CVR.webp\",\"datePublished\":\"2023-05-22T06:00:34+00:00\",\"author\":{\"@id\":\"https:\/\/www.welovecycling.com\/hu\/#\/schema\/person\/414a2aebf1801691a5320edb6468e194\"},\"description\":\"Az Ineos Grandiers v\u00e1r. Egy versenyz\u0151re, aki seg\u00edt nekik visszat\u00e9rni azokhoz a napokhoz, amikor uralt\u00e1k a mez\u0151nyt \u00e9s majdnem mindent megnyertek, amit akartak - nem is volt ez olyan r\u00e9gen.\",\"breadcrumb\":{\"@id\":\"https:\/\/www.welovecycling.com\/hu\/orszaguti-kerekpar\/ineos-grandiers-melypont-de-meg-nem-a-veg\/#breadcrumb\"},\"inLanguage\":\"hu\",\"potentialAction\":[{\"@type\":\"ReadAction\",\"target\":[\"https:\/\/www.welovecycling.com\/hu\/orszaguti-kerekpar\/ineos-grandiers-melypont-de-meg-nem-a-veg\/\"]}]},{\"@type\":\"ImageObject\",\"inLanguage\":\"hu\",\"@id\":\"https:\/\/www.welovecycling.com\/hu\/orszaguti-kerekpar\/ineos-grandiers-melypont-de-meg-nem-a-veg\/#primaryimage\",\"url\":\"https:\/\/d2p6e6u75xmxt8.cloudfront.net\/12\/2023\/05\/Ineos-Grenadiers-profimedia-0775367344-CVR.webp\",\"contentUrl\":\"https:\/\/d2p6e6u75xmxt8.cloudfront.net\/12\/2023\/05\/Ineos-Grenadiers-profimedia-0775367344-CVR.webp\",\"width\":990,\"height\":660,\"caption\":\"Team Ineos Grenadiers\"},{\"@type\":\"BreadcrumbList\",\"@id\":\"https:\/\/www.welovecycling.com\/hu\/orszaguti-kerekpar\/ineos-grandiers-melypont-de-meg-nem-a-veg\/#breadcrumb\",\"itemListElement\":[{\"@type\":\"ListItem\",\"position\":1,\"name\":\"Home\",\"item\":\"https:\/\/www.welovecycling.com\/hu\/\"},{\"@type\":\"ListItem\",\"position\":2,\"name\":\"Ineos Grandiers: M\u00e9lypont, de m\u00e9g nem a v\u00e9g\"}]},{\"@type\":\"WebSite\",\"@id\":\"https:\/\/www.welovecycling.com\/hu\/#website\",\"url\":\"https:\/\/www.welovecycling.com\/hu\/\",\"name\":\"\u0160koda We Love Cycling - Magyarorsz\u00e1g\",\"description\":\"\u0160koda WeLoveCycling\",\"potentialAction\":[{\"@type\":\"SearchAction\",\"target\":{\"@type\":\"EntryPoint\",\"urlTemplate\":\"https:\/\/www.welovecycling.com\/hu\/?s={search_term_string}\"},\"query-input\":{\"@type\":\"PropertyValueSpecification\",\"valueRequired\":true,\"valueName\":\"search_term_string\"}}],\"inLanguage\":\"hu\"},{\"@type\":\"Person\",\"@id\":\"https:\/\/www.welovecycling.com\/hu\/#\/schema\/person\/414a2aebf1801691a5320edb6468e194\",\"name\":\"hegyizs\",\"image\":{\"@type\":\"ImageObject\",\"inLanguage\":\"hu\",\"@id\":\"https:\/\/www.welovecycling.com\/hu\/#\/schema\/person\/image\/\",\"url\":\"https:\/\/secure.gravatar.com\/avatar\/02cf8a7906b8cf90cecb4679defac7cfd33a1c2e3b88e4903d947f3bb58eedd3?s=96&d=mm&r=g\",\"contentUrl\":\"https:\/\/secure.gravatar.com\/avatar\/02cf8a7906b8cf90cecb4679defac7cfd33a1c2e3b88e4903d947f3bb58eedd3?s=96&d=mm&r=g\",\"caption\":\"hegyizs\"},\"url\":\"https:\/\/www.welovecycling.com\/hu\/author\/hegyizs\/\"}]}<\/script>\n<!-- \/ Yoast SEO Premium plugin. -->","yoast_head_json":{"title":"Ineos Grandiers: M\u00e9lypont, de m\u00e9g nem a v\u00e9g","description":"Az Ineos Grandiers v\u00e1r. Egy versenyz\u0151re, aki seg\u00edt nekik visszat\u00e9rni azokhoz a napokhoz, amikor uralt\u00e1k a mez\u0151nyt \u00e9s majdnem mindent megnyertek, amit akartak - nem is volt ez olyan r\u00e9gen.","robots":{"index":"index","follow":"follow","max-snippet":"max-snippet:-1","max-image-preview":"max-image-preview:large","max-video-preview":"max-video-preview:-1"},"canonical":"https:\/\/www.welovecycling.com\/hu\/orszaguti-kerekpar\/ineos-grandiers-melypont-de-meg-nem-a-veg\/","og_locale":"hu_HU","og_type":"article","og_title":"Ineos Grandiers: M\u00e9lypont, de m\u00e9g nem a v\u00e9g","og_description":"Az Ineos Grandiers v\u00e1r. Egy versenyz\u0151re, aki seg\u00edt nekik visszat\u00e9rni azokhoz a napokhoz, amikor uralt\u00e1k a mez\u0151nyt \u00e9s majdnem mindent megnyertek, amit akartak - nem is volt ez olyan r\u00e9gen.","og_url":"https:\/\/www.welovecycling.com\/hu\/orszaguti-kerekpar\/ineos-grandiers-melypont-de-meg-nem-a-veg\/","og_site_name":"\u0160koda We Love Cycling - Magyarorsz\u00e1g","article_publisher":"https:\/\/www.facebook.com\/WeLoveCyclingHungary\/","article_published_time":"2023-05-22T06:00:34+00:00","og_image":[{"width":990,"height":660,"url":"https:\/\/d2p6e6u75xmxt8.cloudfront.net\/12\/2023\/05\/Ineos-Grenadiers-profimedia-0775367344-CVR.webp","type":"image\/webp"}],"author":"hegyizs","twitter_card":"summary_large_image","twitter_misc":{"Written by":"Siegfried Mortkowitz","Est. reading time":"4"},"schema":{"@context":"https:\/\/schema.org","@graph":[{"@type":"WebPage","@id":"https:\/\/www.welovecycling.com\/hu\/orszaguti-kerekpar\/ineos-grandiers-melypont-de-meg-nem-a-veg\/","url":"https:\/\/www.welovecycling.com\/hu\/orszaguti-kerekpar\/ineos-grandiers-melypont-de-meg-nem-a-veg\/","name":"Ineos Grandiers: M\u00e9lypont, de m\u00e9g nem a v\u00e9g","isPartOf":{"@id":"https:\/\/www.welovecycling.com\/hu\/#website"},"primaryImageOfPage":{"@id":"https:\/\/www.welovecycling.com\/hu\/orszaguti-kerekpar\/ineos-grandiers-melypont-de-meg-nem-a-veg\/#primaryimage"},"image":{"@id":"https:\/\/www.welovecycling.com\/hu\/orszaguti-kerekpar\/ineos-grandiers-melypont-de-meg-nem-a-veg\/#primaryimage"},"thumbnailUrl":"https:\/\/d2p6e6u75xmxt8.cloudfront.net\/12\/2023\/05\/Ineos-Grenadiers-profimedia-0775367344-CVR.webp","datePublished":"2023-05-22T06:00:34+00:00","author":{"@id":"https:\/\/www.welovecycling.com\/hu\/#\/schema\/person\/414a2aebf1801691a5320edb6468e194"},"description":"Az Ineos Grandiers v\u00e1r. Egy versenyz\u0151re, aki seg\u00edt nekik visszat\u00e9rni azokhoz a napokhoz, amikor uralt\u00e1k a mez\u0151nyt \u00e9s majdnem mindent megnyertek, amit akartak - nem is volt ez olyan r\u00e9gen.","breadcrumb":{"@id":"https:\/\/www.welovecycling.com\/hu\/orszaguti-kerekpar\/ineos-grandiers-melypont-de-meg-nem-a-veg\/#breadcrumb"},"inLanguage":"hu","potentialAction":[{"@type":"ReadAction","target":["https:\/\/www.welovecycling.com\/hu\/orszaguti-kerekpar\/ineos-grandiers-melypont-de-meg-nem-a-veg\/"]}]},{"@type":"ImageObject","inLanguage":"hu","@id":"https:\/\/www.welovecycling.com\/hu\/orszaguti-kerekpar\/ineos-grandiers-melypont-de-meg-nem-a-veg\/#primaryimage","url":"https:\/\/d2p6e6u75xmxt8.cloudfront.net\/12\/2023\/05\/Ineos-Grenadiers-profimedia-0775367344-CVR.webp","contentUrl":"https:\/\/d2p6e6u75xmxt8.cloudfront.net\/12\/2023\/05\/Ineos-Grenadiers-profimedia-0775367344-CVR.webp","width":990,"height":660,"caption":"Team Ineos Grenadiers"},{"@type":"BreadcrumbList","@id":"https:\/\/www.welovecycling.com\/hu\/orszaguti-kerekpar\/ineos-grandiers-melypont-de-meg-nem-a-veg\/#breadcrumb","itemListElement":[{"@type":"ListItem","position":1,"name":"Home","item":"https:\/\/www.welovecycling.com\/hu\/"},{"@type":"ListItem","position":2,"name":"Ineos Grandiers: M\u00e9lypont, de m\u00e9g nem a v\u00e9g"}]},{"@type":"WebSite","@id":"https:\/\/www.welovecycling.com\/hu\/#website","url":"https:\/\/www.welovecycling.com\/hu\/","name":"\u0160koda We Love Cycling - Magyarorsz\u00e1g","description":"\u0160koda WeLoveCycling","potentialAction":[{"@type":"SearchAction","target":{"@type":"EntryPoint","urlTemplate":"https:\/\/www.welovecycling.com\/hu\/?s={search_term_string}"},"query-input":{"@type":"PropertyValueSpecification","valueRequired":true,"valueName":"search_term_string"}}],"inLanguage":"hu"},{"@type":"Person","@id":"https:\/\/www.welovecycling.com\/hu\/#\/schema\/person\/414a2aebf1801691a5320edb6468e194","name":"hegyizs","image":{"@type":"ImageObject","inLanguage":"hu","@id":"https:\/\/www.welovecycling.com\/hu\/#\/schema\/person\/image\/","url":"https:\/\/secure.gravatar.com\/avatar\/02cf8a7906b8cf90cecb4679defac7cfd33a1c2e3b88e4903d947f3bb58eedd3?s=96&d=mm&r=g","contentUrl":"https:\/\/secure.gravatar.com\/avatar\/02cf8a7906b8cf90cecb4679defac7cfd33a1c2e3b88e4903d947f3bb58eedd3?s=96&d=mm&r=g","caption":"hegyizs"},"url":"https:\/\/www.welovecycling.com\/hu\/author\/hegyizs\/"}]}},"_links":{"self":[{"href":"https:\/\/www.welovecycling.com\/hu\/wp-json\/wp\/v2\/posts\/17418","targetHints":{"allow":["GET"]}}],"collection":[{"href":"https:\/\/www.welovecycling.com\/hu\/wp-json\/wp\/v2\/posts"}],"about":[{"href":"https:\/\/www.welovecycling.com\/hu\/wp-json\/wp\/v2\/types\/post"}],"author":[{"embeddable":true,"href":"https:\/\/www.welovecycling.com\/hu\/wp-json\/wp\/v2\/users\/71"}],"replies":[{"embeddable":true,"href":"https:\/\/www.welovecycling.com\/hu\/wp-json\/wp\/v2\/comments?post=17418"}],"version-history":[{"count":2,"href":"https:\/\/www.welovecycling.com\/hu\/wp-json\/wp\/v2\/posts\/17418\/revisions"}],"predecessor-version":[{"id":17429,"href":"https:\/\/www.welovecycling.com\/hu\/wp-json\/wp\/v2\/posts\/17418\/revisions\/17429"}],"wp:featuredmedia":[{"embeddable":true,"href":"https:\/\/www.welovecycling.com\/hu\/wp-json\/wp\/v2\/media\/17421"}],"wp:attachment":[{"href":"https:\/\/www.welovecycling.com\/hu\/wp-json\/wp\/v2\/media?parent=17418"}],"wp:term":[{"taxonomy":"category","embeddable":true,"href":"https:\/\/www.welovecycling.com\/hu\/wp-json\/wp\/v2\/categories?post=17418"},{"taxonomy":"post_tag","embeddable":true,"href":"https:\/\/www.welovecycling.com\/hu\/wp-json\/wp\/v2\/tags?post=17418"},{"taxonomy":"global-categories","embeddable":true,"href":"https:\/\/www.welovecycling.com\/hu\/wp-json\/wp\/v2\/global-categories?post=17418"}],"curies":[{"name":"wp","href":"https:\/\/api.w.org\/{rel}","templated":true}]}}