{"id":17405,"date":"2023-05-14T09:31:07","date_gmt":"2023-05-14T07:31:07","guid":{"rendered":"https:\/\/www.welovecycling.com\/hu\/?p=17405"},"modified":"2023-05-14T09:31:07","modified_gmt":"2023-05-14T07:31:07","slug":"eldolt-a-verseny-voisard-fut-be-elsokent-dobogokon-de-mark-hirschi-megorzi-a-vezetest-a-budapesti-zaroszakasz-elott","status":"publish","type":"post","link":"https:\/\/www.welovecycling.com\/hu\/tour-de-hongrie\/eldolt-a-verseny-voisard-fut-be-elsokent-dobogokon-de-mark-hirschi-megorzi-a-vezetest-a-budapesti-zaroszakasz-elott\/","title":{"rendered":"Eld\u0151lt a verseny? Voisard fut be els\u0151k\u00e9nt Dobog\u00f3k\u0151n, de Mark Hirschi meg\u0151rzi a vezet\u00e9st a budapesti z\u00e1r\u00f3szakasz el\u0151tt"},"content":{"rendered":"<p><strong>Par\u00e1zs vit\u00e1k, egy kis h\u00edj\u00e1n haza\u00e9r\u0151 sz\u00f6k\u00e9s \u00e9s hatalmas taktikai csat\u00e1k a Pilisben a Tour de Hongrie negyedik szakasz\u00e1n. Mark Hirschi egyel\u0151re meg\u0151rzi a s\u00e1rga trik\u00f3t, de vajon lesz-e m\u00e9g meglepet\u00e9s a z\u00e1r\u00f3napon?<\/strong><\/p>\n<p><!--more--><\/p>\n<p>Az \u0151sz legm\u00e9lyebb bugyraira eml\u00e9keztet\u0151 sz\u00fcrkes\u00e9gben \u00e9s hidegben rajtolt el a Tour de Hongrie negyedik szakasza a martonv\u00e1s\u00e1ri Brunszvik kast\u00e9lyt\u00f3l. A verseny leghosszabb szakasza 206 kilom\u00e9teren 2600 m\u00e9tert emelkedett, ami a 9 fokos hideg ellen\u00e9re is j\u00f3l megizzasztotta a versenyz\u0151ket.<\/p>\n<p><a href=\"https:\/\/d2p6e6u75xmxt8.cloudfront.net\/12\/2023\/05\/image1.webp\"><img loading=\"lazy\" decoding=\"async\" class=\"alignnone size-full wp-image-17408\" src=\"https:\/\/d2p6e6u75xmxt8.cloudfront.net\/12\/2023\/05\/image1.webp\" alt=\"\" width=\"2048\" height=\"1486\" srcset=\"https:\/\/d2p6e6u75xmxt8.cloudfront.net\/12\/2023\/05\/image1.webp 2048w, https:\/\/d2p6e6u75xmxt8.cloudfront.net\/12\/2023\/05\/image1-300x218.webp 300w, https:\/\/d2p6e6u75xmxt8.cloudfront.net\/12\/2023\/05\/image1-1024x743.webp 1024w, https:\/\/d2p6e6u75xmxt8.cloudfront.net\/12\/2023\/05\/image1-768x557.webp 768w, https:\/\/d2p6e6u75xmxt8.cloudfront.net\/12\/2023\/05\/image1-1536x1115.webp 1536w, https:\/\/d2p6e6u75xmxt8.cloudfront.net\/12\/2023\/05\/image1-1920x1393.webp 1920w, https:\/\/d2p6e6u75xmxt8.cloudfront.net\/12\/2023\/05\/image1-400x290.webp 400w, https:\/\/d2p6e6u75xmxt8.cloudfront.net\/12\/2023\/05\/image1-1920x1393.webp 1920w\" sizes=\"auto, (max-width: 2048px) 100vw, 2048px\" \/><\/a><\/p>\n<p>Nem adta k\u00f6nnyen a mez\u0151ny a sz\u00f6k\u00e9st, kaotikus nyit\u00e1ny \u00e9s komoly k\u00fczdelmek ut\u00e1n siker\u00fclt megl\u00f3gnia egy hatf\u0151s bolynak.<\/p>\n<p>A csoportban a nagy taktik\u00e1z\u00e1s k\u00f6zepette a kezdetekt\u0151l pattan\u00e1sig fesz\u00fcltek az idegek, de a konfliktus v\u00e9g\u00fcl a verseny utols\u00f3 harmad\u00e1ban tet\u0151z\u00f6tt, amikor De Bondt kb. 60 kilom\u00e9terrel a befut\u00f3 el\u0151tt egy kisebbfajta kerekasztal besz\u00e9lget\u00e9st h\u00edvott \u00f6ssze az am\u00fagy \u0151r\u00fclt sebess\u00e9ggel sz\u00e1guld\u00f3 sz\u00f6kev\u00e9nyek \u00e9s csapataut\u00f3k k\u00f6z\u00f6tt, mert \u00fagy \u00e9rezte, hogy a piros trik\u00f3t frissen megszerz\u0151 Sch\u00f6nberger m\u00e1r nem tesz bele eleget a k\u00f6z\u00f6s c\u00e9lba, \u00e9s csak h\u00e1tr\u00e1ltatja a csapatot, ez\u00e9rt hossz\u00fa percekig tart\u00f3 heves gy\u0151zk\u00f6d\u00e9s ut\u00e1n Sch\u00f6nberger v\u00e9g\u00fcl leszakadt \u00e9s visszaolvadt a mez\u0151nybe. A sz\u00f6kev\u00e9nyek val\u00f3ban n\u00f6velni tudt\u00e1k az el\u0151ny\u00fcket, amit a legkitart\u00f3bb Lampaert-de Buyst p\u00e1ros csaknem az utols\u00f3 pillanatokig tartani tudott. K\u00f6nnyen lehet, hogy ezeken a veszeked\u00e9sre ford\u00edtott perceken \u00faszott el v\u00e9g\u00fcl a sz\u00f6kev\u00e9nyek \u201chaza\u00e9r\u00e9se.\u201d<\/p>\n<p>Traktorok k\u00f6r\u00f6znek a r\u00e9ten egy hatalmas, szalmab\u00e1l\u00e1kb\u00f3l \u00e9p\u00edtett bringainstall\u00e1c\u00f3 kerekeik\u00e9nt, egy t\u0171zolt\u00f3zenekar rezesband\u00e1ja f\u00fajja f\u00e1radhatatlanul a f\u0151 \u00fat mellett, n\u00e9pt\u00e1ncosok, fesztiv\u00e1lhangulat. A hideg nem t\u00e1ntor\u00edtotta el a pilisi rajong\u00f3kat. Az \u00fatvonal azonban, amit minden magyar orsz\u00e1g\u00fati bring\u00e1s bet\u00e9ve ismer, ezek n\u00e9lk\u00fcl is l\u00e9legzetel\u00e1ll\u00edt\u00f3an gy\u00f6ny\u00f6r\u0171.<\/p>\n<p><a href=\"https:\/\/d2p6e6u75xmxt8.cloudfront.net\/12\/2023\/05\/image10.webp\"><img loading=\"lazy\" decoding=\"async\" class=\"alignnone size-full wp-image-17412\" src=\"https:\/\/d2p6e6u75xmxt8.cloudfront.net\/12\/2023\/05\/image10.webp\" alt=\"\" width=\"2048\" height=\"1364\" srcset=\"https:\/\/d2p6e6u75xmxt8.cloudfront.net\/12\/2023\/05\/image10.webp 2048w, https:\/\/d2p6e6u75xmxt8.cloudfront.net\/12\/2023\/05\/image10-300x200.webp 300w, https:\/\/d2p6e6u75xmxt8.cloudfront.net\/12\/2023\/05\/image10-1024x682.webp 1024w, https:\/\/d2p6e6u75xmxt8.cloudfront.net\/12\/2023\/05\/image10-768x512.webp 768w, https:\/\/d2p6e6u75xmxt8.cloudfront.net\/12\/2023\/05\/image10-1536x1023.webp 1536w, https:\/\/d2p6e6u75xmxt8.cloudfront.net\/12\/2023\/05\/image10-1920x1279.webp 1920w, https:\/\/d2p6e6u75xmxt8.cloudfront.net\/12\/2023\/05\/image10-400x266.webp 400w, https:\/\/d2p6e6u75xmxt8.cloudfront.net\/12\/2023\/05\/image10-272x182.webp 272w, https:\/\/d2p6e6u75xmxt8.cloudfront.net\/12\/2023\/05\/image10-1920x1279.webp 1920w\" sizes=\"auto, (max-width: 2048px) 100vw, 2048px\" \/><\/a><\/p>\n<p>Etyek, Bicske \u00e9s Esztergom ut\u00e1n h\u00e1rom k\u00f6rt is belehajt a mez\u0151ny a csod\u00e1latos pilisi t\u00e1jba a Pilisszentkereszt, Csob\u00e1nka, Pilisv\u00f6r\u00f6sv\u00e1r, Pilissz\u00e1nt\u00f3 \u00fatvonalon.<\/p>\n<p><a href=\"https:\/\/d2p6e6u75xmxt8.cloudfront.net\/12\/2023\/05\/image6.webp\"><img loading=\"lazy\" decoding=\"async\" class=\"alignnone size-full wp-image-17413\" src=\"https:\/\/d2p6e6u75xmxt8.cloudfront.net\/12\/2023\/05\/image6.webp\" alt=\"\" width=\"2048\" height=\"1365\" srcset=\"https:\/\/d2p6e6u75xmxt8.cloudfront.net\/12\/2023\/05\/image6.webp 2048w, https:\/\/d2p6e6u75xmxt8.cloudfront.net\/12\/2023\/05\/image6-300x200.webp 300w, https:\/\/d2p6e6u75xmxt8.cloudfront.net\/12\/2023\/05\/image6-1024x683.webp 1024w, https:\/\/d2p6e6u75xmxt8.cloudfront.net\/12\/2023\/05\/image6-768x512.webp 768w, https:\/\/d2p6e6u75xmxt8.cloudfront.net\/12\/2023\/05\/image6-1536x1024.webp 1536w, https:\/\/d2p6e6u75xmxt8.cloudfront.net\/12\/2023\/05\/image6-1920x1280.webp 1920w, https:\/\/d2p6e6u75xmxt8.cloudfront.net\/12\/2023\/05\/image6-400x267.webp 400w, https:\/\/d2p6e6u75xmxt8.cloudfront.net\/12\/2023\/05\/image6-272x182.webp 272w, https:\/\/d2p6e6u75xmxt8.cloudfront.net\/12\/2023\/05\/image6-1920x1280.webp 1920w\" sizes=\"auto, (max-width: 2048px) 100vw, 2048px\" \/><\/a>Mivel kicsi volt a k\u00fcl\u00f6nbs\u00e9g az \u00f6sszetett vezet\u0151i k\u00f6z\u00f6tt, m\u00e1r el\u0151re gyors versenyre lehetett sz\u00e1m\u00edtani, j\u00f3 ideig negyvenes \u00e1tlag f\u00f6l\u00f6tt sz\u00e1guldott a peloton. Sokan azt gondolt\u00e1k, hogy az Ineos fog domin\u00e1lni, de az Emirates vette \u00e1t korm\u00e1nyt a verseny egy jelent\u0151s r\u00e9sz\u00e9ben.<\/p>\n<p>25 kilom\u00e9terrel a v\u00e9ge el\u0151tt indult meg igaz\u00e1n a helyezked\u00e9s, ekkor m\u00e9g 3 perc volt a sz\u00f6kev\u00e9nyek h\u00e1tr\u00e1nya, a DSM csapat azonban nagyon megindult, \u00e9s hatalmas munk\u00e1val k\u00fczd\u00f6tte k\u00f6zelebb mag\u00e1t (\u00e9s a mez\u0151nyt) Lampaert\u00e9khez.<\/p>\n<p><a href=\"https:\/\/d2p6e6u75xmxt8.cloudfront.net\/12\/2023\/05\/image15.webp\"><img loading=\"lazy\" decoding=\"async\" class=\"alignnone size-full wp-image-17411\" src=\"https:\/\/d2p6e6u75xmxt8.cloudfront.net\/12\/2023\/05\/image15.webp\" alt=\"\" width=\"2048\" height=\"1365\" srcset=\"https:\/\/d2p6e6u75xmxt8.cloudfront.net\/12\/2023\/05\/image15.webp 2048w, https:\/\/d2p6e6u75xmxt8.cloudfront.net\/12\/2023\/05\/image15-300x200.webp 300w, https:\/\/d2p6e6u75xmxt8.cloudfront.net\/12\/2023\/05\/image15-1024x683.webp 1024w, https:\/\/d2p6e6u75xmxt8.cloudfront.net\/12\/2023\/05\/image15-768x512.webp 768w, https:\/\/d2p6e6u75xmxt8.cloudfront.net\/12\/2023\/05\/image15-1536x1024.webp 1536w, https:\/\/d2p6e6u75xmxt8.cloudfront.net\/12\/2023\/05\/image15-1920x1280.webp 1920w, https:\/\/d2p6e6u75xmxt8.cloudfront.net\/12\/2023\/05\/image15-400x267.webp 400w, https:\/\/d2p6e6u75xmxt8.cloudfront.net\/12\/2023\/05\/image15-272x182.webp 272w, https:\/\/d2p6e6u75xmxt8.cloudfront.net\/12\/2023\/05\/image15-1920x1280.webp 1920w\" sizes=\"auto, (max-width: 2048px) 100vw, 2048px\" \/><\/a><\/p>\n<p>Az utols\u00f3 m\u00e1sz\u00e1sn\u00e1l komoly taktikus t\u00e1mad\u00e1sok kezd\u0151dtek, hirtelen mindenki a tegnapi gy\u0151ztes, Hirschi ellen fordult, aki azonban minden akci\u00f3ra azonnal reag\u00e1lva meg tudta tartani el\u0151ny\u00e9t -\u00e9s \u00edgy a s\u00e1rga trik\u00f3t is- az \u00f6sszetettben.<\/p>\n<p>&nbsp;<\/p>\n","protected":false},"excerpt":{"rendered":"<p>Par\u00e1zs vit\u00e1k, egy kis h\u00edj\u00e1n haza\u00e9r\u0151 sz\u00f6k\u00e9s \u00e9s hatalmas taktikai csat\u00e1k a Pilisben a Tour de Hongrie negyedik szakasz\u00e1n. Mark [&hellip;]<\/p>\n","protected":false},"author":145,"featured_media":17409,"comment_status":"open","ping_status":"open","sticky":false,"template":"","format":"standard","meta":{"footnotes":""},"categories":[463,462],"tags":[476],"global-categories":[419],"class_list":["post-17405","post","type-post","status-publish","format-standard","has-post-thumbnail","hentry","category-napi-osszefoglalo","category-tour-de-hongrie","tag-tdh2023","global-categories-cycling"],"yoast_head":"<!-- This site is optimized with the Yoast SEO Premium plugin v25.3 (Yoast SEO v25.9) - https:\/\/yoast.com\/wordpress\/plugins\/seo\/ -->\n<title>Eld\u0151lt a verseny? Voisard fut be els\u0151k\u00e9nt Dobog\u00f3k\u0151n, de Mark Hirschi meg\u0151rzi a vezet\u00e9st a budapesti z\u00e1r\u00f3szakasz el\u0151tt - \u0160koda We Love Cycling - Magyarorsz\u00e1g<\/title>\n<meta name=\"description\" content=\"Par\u00e1zs vit\u00e1k, egy kis h\u00edj\u00e1n haza\u00e9r\u0151 sz\u00f6k\u00e9s \u00e9s hatalmas taktikai csat\u00e1k a Pilisben a Tour de Hongrie negyedik szakasz\u00e1n. Mark Hirschi egyel\u0151re meg\u0151rzi a s\u00e1rga trik\u00f3t, de vajon lesz-e m\u00e9g meglepet\u00e9s a z\u00e1r\u00f3napon?\" \/>\n<meta name=\"robots\" content=\"index, follow, max-snippet:-1, max-image-preview:large, max-video-preview:-1\" \/>\n<link rel=\"canonical\" href=\"https:\/\/www.welovecycling.com\/hu\/tour-de-hongrie\/eldolt-a-verseny-voisard-fut-be-elsokent-dobogokon-de-mark-hirschi-megorzi-a-vezetest-a-budapesti-zaroszakasz-elott\/\" \/>\n<meta property=\"og:locale\" content=\"hu_HU\" \/>\n<meta property=\"og:type\" content=\"article\" \/>\n<meta property=\"og:title\" content=\"Eld\u0151lt a verseny? Voisard fut be els\u0151k\u00e9nt Dobog\u00f3k\u0151n, de Mark Hirschi meg\u0151rzi a vezet\u00e9st a budapesti z\u00e1r\u00f3szakasz el\u0151tt\" \/>\n<meta property=\"og:description\" content=\"Par\u00e1zs vit\u00e1k, egy kis h\u00edj\u00e1n haza\u00e9r\u0151 sz\u00f6k\u00e9s \u00e9s hatalmas taktikai csat\u00e1k a Pilisben a Tour de Hongrie negyedik szakasz\u00e1n. Mark Hirschi egyel\u0151re meg\u0151rzi a s\u00e1rga trik\u00f3t, de vajon lesz-e m\u00e9g meglepet\u00e9s a z\u00e1r\u00f3napon?\" \/>\n<meta property=\"og:url\" content=\"https:\/\/www.welovecycling.com\/hu\/tour-de-hongrie\/eldolt-a-verseny-voisard-fut-be-elsokent-dobogokon-de-mark-hirschi-megorzi-a-vezetest-a-budapesti-zaroszakasz-elott\/\" \/>\n<meta property=\"og:site_name\" content=\"\u0160koda We Love Cycling - Magyarorsz\u00e1g\" \/>\n<meta property=\"article:publisher\" content=\"https:\/\/www.facebook.com\/WeLoveCyclingHungary\/\" \/>\n<meta property=\"article:published_time\" content=\"2023-05-14T07:31:07+00:00\" \/>\n<meta property=\"og:image\" content=\"https:\/\/d2p6e6u75xmxt8.cloudfront.net\/12\/2023\/05\/image2.webp\" \/>\n\t<meta property=\"og:image:width\" content=\"2048\" \/>\n\t<meta property=\"og:image:height\" content=\"1365\" \/>\n\t<meta property=\"og:image:type\" content=\"image\/webp\" \/>\n<meta name=\"author\" content=\"kitti\" \/>\n<meta name=\"twitter:card\" content=\"summary_large_image\" \/>\n<meta name=\"twitter:label1\" content=\"Written by\" \/>\n\t<meta name=\"twitter:data1\" content=\"We Love Cycling\" \/>\n\t<meta name=\"twitter:label2\" content=\"Est. reading time\" \/>\n\t<meta name=\"twitter:data2\" content=\"3 minutes\" \/>\n<script type=\"application\/ld+json\" class=\"yoast-schema-graph\">{\"@context\":\"https:\/\/schema.org\",\"@graph\":[{\"@type\":\"WebPage\",\"@id\":\"https:\/\/www.welovecycling.com\/hu\/tour-de-hongrie\/eldolt-a-verseny-voisard-fut-be-elsokent-dobogokon-de-mark-hirschi-megorzi-a-vezetest-a-budapesti-zaroszakasz-elott\/\",\"url\":\"https:\/\/www.welovecycling.com\/hu\/tour-de-hongrie\/eldolt-a-verseny-voisard-fut-be-elsokent-dobogokon-de-mark-hirschi-megorzi-a-vezetest-a-budapesti-zaroszakasz-elott\/\",\"name\":\"Eld\u0151lt a verseny? Voisard fut be els\u0151k\u00e9nt Dobog\u00f3k\u0151n, de Mark Hirschi meg\u0151rzi a vezet\u00e9st a budapesti z\u00e1r\u00f3szakasz el\u0151tt - \u0160koda We Love Cycling - Magyarorsz\u00e1g\",\"isPartOf\":{\"@id\":\"https:\/\/www.welovecycling.com\/hu\/#website\"},\"primaryImageOfPage\":{\"@id\":\"https:\/\/www.welovecycling.com\/hu\/tour-de-hongrie\/eldolt-a-verseny-voisard-fut-be-elsokent-dobogokon-de-mark-hirschi-megorzi-a-vezetest-a-budapesti-zaroszakasz-elott\/#primaryimage\"},\"image\":{\"@id\":\"https:\/\/www.welovecycling.com\/hu\/tour-de-hongrie\/eldolt-a-verseny-voisard-fut-be-elsokent-dobogokon-de-mark-hirschi-megorzi-a-vezetest-a-budapesti-zaroszakasz-elott\/#primaryimage\"},\"thumbnailUrl\":\"https:\/\/d2p6e6u75xmxt8.cloudfront.net\/12\/2023\/05\/image2.webp\",\"datePublished\":\"2023-05-14T07:31:07+00:00\",\"author\":{\"@id\":\"https:\/\/www.welovecycling.com\/hu\/#\/schema\/person\/bec7dcdbcc59f58489cf603e4040ced1\"},\"description\":\"Par\u00e1zs vit\u00e1k, egy kis h\u00edj\u00e1n haza\u00e9r\u0151 sz\u00f6k\u00e9s \u00e9s hatalmas taktikai csat\u00e1k a Pilisben a Tour de Hongrie negyedik szakasz\u00e1n. Mark Hirschi egyel\u0151re meg\u0151rzi a s\u00e1rga trik\u00f3t, de vajon lesz-e m\u00e9g meglepet\u00e9s a z\u00e1r\u00f3napon?\",\"breadcrumb\":{\"@id\":\"https:\/\/www.welovecycling.com\/hu\/tour-de-hongrie\/eldolt-a-verseny-voisard-fut-be-elsokent-dobogokon-de-mark-hirschi-megorzi-a-vezetest-a-budapesti-zaroszakasz-elott\/#breadcrumb\"},\"inLanguage\":\"hu\",\"potentialAction\":[{\"@type\":\"ReadAction\",\"target\":[\"https:\/\/www.welovecycling.com\/hu\/tour-de-hongrie\/eldolt-a-verseny-voisard-fut-be-elsokent-dobogokon-de-mark-hirschi-megorzi-a-vezetest-a-budapesti-zaroszakasz-elott\/\"]}]},{\"@type\":\"ImageObject\",\"inLanguage\":\"hu\",\"@id\":\"https:\/\/www.welovecycling.com\/hu\/tour-de-hongrie\/eldolt-a-verseny-voisard-fut-be-elsokent-dobogokon-de-mark-hirschi-megorzi-a-vezetest-a-budapesti-zaroszakasz-elott\/#primaryimage\",\"url\":\"https:\/\/d2p6e6u75xmxt8.cloudfront.net\/12\/2023\/05\/image2.webp\",\"contentUrl\":\"https:\/\/d2p6e6u75xmxt8.cloudfront.net\/12\/2023\/05\/image2.webp\",\"width\":2048,\"height\":1365},{\"@type\":\"BreadcrumbList\",\"@id\":\"https:\/\/www.welovecycling.com\/hu\/tour-de-hongrie\/eldolt-a-verseny-voisard-fut-be-elsokent-dobogokon-de-mark-hirschi-megorzi-a-vezetest-a-budapesti-zaroszakasz-elott\/#breadcrumb\",\"itemListElement\":[{\"@type\":\"ListItem\",\"position\":1,\"name\":\"Home\",\"item\":\"https:\/\/www.welovecycling.com\/hu\/\"},{\"@type\":\"ListItem\",\"position\":2,\"name\":\"Eld\u0151lt a verseny? Voisard fut be els\u0151k\u00e9nt Dobog\u00f3k\u0151n, de Mark Hirschi meg\u0151rzi a vezet\u00e9st a budapesti z\u00e1r\u00f3szakasz el\u0151tt\"}]},{\"@type\":\"WebSite\",\"@id\":\"https:\/\/www.welovecycling.com\/hu\/#website\",\"url\":\"https:\/\/www.welovecycling.com\/hu\/\",\"name\":\"\u0160koda We Love Cycling - Magyarorsz\u00e1g\",\"description\":\"\u0160koda WeLoveCycling\",\"potentialAction\":[{\"@type\":\"SearchAction\",\"target\":{\"@type\":\"EntryPoint\",\"urlTemplate\":\"https:\/\/www.welovecycling.com\/hu\/?s={search_term_string}\"},\"query-input\":{\"@type\":\"PropertyValueSpecification\",\"valueRequired\":true,\"valueName\":\"search_term_string\"}}],\"inLanguage\":\"hu\"},{\"@type\":\"Person\",\"@id\":\"https:\/\/www.welovecycling.com\/hu\/#\/schema\/person\/bec7dcdbcc59f58489cf603e4040ced1\",\"name\":\"kitti\",\"image\":{\"@type\":\"ImageObject\",\"inLanguage\":\"hu\",\"@id\":\"https:\/\/www.welovecycling.com\/hu\/#\/schema\/person\/image\/\",\"url\":\"https:\/\/secure.gravatar.com\/avatar\/e3196a110e1b57b96f56d92d10ce9bb4e9d7210076832a16243337e949410b52?s=96&d=mm&r=g\",\"contentUrl\":\"https:\/\/secure.gravatar.com\/avatar\/e3196a110e1b57b96f56d92d10ce9bb4e9d7210076832a16243337e949410b52?s=96&d=mm&r=g\",\"caption\":\"kitti\"},\"url\":\"https:\/\/www.welovecycling.com\/hu\/author\/kitti\/\"}]}<\/script>\n<!-- \/ Yoast SEO Premium plugin. -->","yoast_head_json":{"title":"Eld\u0151lt a verseny? Voisard fut be els\u0151k\u00e9nt Dobog\u00f3k\u0151n, de Mark Hirschi meg\u0151rzi a vezet\u00e9st a budapesti z\u00e1r\u00f3szakasz el\u0151tt - \u0160koda We Love Cycling - Magyarorsz\u00e1g","description":"Par\u00e1zs vit\u00e1k, egy kis h\u00edj\u00e1n haza\u00e9r\u0151 sz\u00f6k\u00e9s \u00e9s hatalmas taktikai csat\u00e1k a Pilisben a Tour de Hongrie negyedik szakasz\u00e1n. Mark Hirschi egyel\u0151re meg\u0151rzi a s\u00e1rga trik\u00f3t, de vajon lesz-e m\u00e9g meglepet\u00e9s a z\u00e1r\u00f3napon?","robots":{"index":"index","follow":"follow","max-snippet":"max-snippet:-1","max-image-preview":"max-image-preview:large","max-video-preview":"max-video-preview:-1"},"canonical":"https:\/\/www.welovecycling.com\/hu\/tour-de-hongrie\/eldolt-a-verseny-voisard-fut-be-elsokent-dobogokon-de-mark-hirschi-megorzi-a-vezetest-a-budapesti-zaroszakasz-elott\/","og_locale":"hu_HU","og_type":"article","og_title":"Eld\u0151lt a verseny? Voisard fut be els\u0151k\u00e9nt Dobog\u00f3k\u0151n, de Mark Hirschi meg\u0151rzi a vezet\u00e9st a budapesti z\u00e1r\u00f3szakasz el\u0151tt","og_description":"Par\u00e1zs vit\u00e1k, egy kis h\u00edj\u00e1n haza\u00e9r\u0151 sz\u00f6k\u00e9s \u00e9s hatalmas taktikai csat\u00e1k a Pilisben a Tour de Hongrie negyedik szakasz\u00e1n. Mark Hirschi egyel\u0151re meg\u0151rzi a s\u00e1rga trik\u00f3t, de vajon lesz-e m\u00e9g meglepet\u00e9s a z\u00e1r\u00f3napon?","og_url":"https:\/\/www.welovecycling.com\/hu\/tour-de-hongrie\/eldolt-a-verseny-voisard-fut-be-elsokent-dobogokon-de-mark-hirschi-megorzi-a-vezetest-a-budapesti-zaroszakasz-elott\/","og_site_name":"\u0160koda We Love Cycling - Magyarorsz\u00e1g","article_publisher":"https:\/\/www.facebook.com\/WeLoveCyclingHungary\/","article_published_time":"2023-05-14T07:31:07+00:00","og_image":[{"width":2048,"height":1365,"url":"https:\/\/d2p6e6u75xmxt8.cloudfront.net\/12\/2023\/05\/image2.webp","type":"image\/webp"}],"author":"kitti","twitter_card":"summary_large_image","twitter_misc":{"Written by":"We Love Cycling","Est. reading time":"3 minutes"},"schema":{"@context":"https:\/\/schema.org","@graph":[{"@type":"WebPage","@id":"https:\/\/www.welovecycling.com\/hu\/tour-de-hongrie\/eldolt-a-verseny-voisard-fut-be-elsokent-dobogokon-de-mark-hirschi-megorzi-a-vezetest-a-budapesti-zaroszakasz-elott\/","url":"https:\/\/www.welovecycling.com\/hu\/tour-de-hongrie\/eldolt-a-verseny-voisard-fut-be-elsokent-dobogokon-de-mark-hirschi-megorzi-a-vezetest-a-budapesti-zaroszakasz-elott\/","name":"Eld\u0151lt a verseny? Voisard fut be els\u0151k\u00e9nt Dobog\u00f3k\u0151n, de Mark Hirschi meg\u0151rzi a vezet\u00e9st a budapesti z\u00e1r\u00f3szakasz el\u0151tt - \u0160koda We Love Cycling - Magyarorsz\u00e1g","isPartOf":{"@id":"https:\/\/www.welovecycling.com\/hu\/#website"},"primaryImageOfPage":{"@id":"https:\/\/www.welovecycling.com\/hu\/tour-de-hongrie\/eldolt-a-verseny-voisard-fut-be-elsokent-dobogokon-de-mark-hirschi-megorzi-a-vezetest-a-budapesti-zaroszakasz-elott\/#primaryimage"},"image":{"@id":"https:\/\/www.welovecycling.com\/hu\/tour-de-hongrie\/eldolt-a-verseny-voisard-fut-be-elsokent-dobogokon-de-mark-hirschi-megorzi-a-vezetest-a-budapesti-zaroszakasz-elott\/#primaryimage"},"thumbnailUrl":"https:\/\/d2p6e6u75xmxt8.cloudfront.net\/12\/2023\/05\/image2.webp","datePublished":"2023-05-14T07:31:07+00:00","author":{"@id":"https:\/\/www.welovecycling.com\/hu\/#\/schema\/person\/bec7dcdbcc59f58489cf603e4040ced1"},"description":"Par\u00e1zs vit\u00e1k, egy kis h\u00edj\u00e1n haza\u00e9r\u0151 sz\u00f6k\u00e9s \u00e9s hatalmas taktikai csat\u00e1k a Pilisben a Tour de Hongrie negyedik szakasz\u00e1n. Mark Hirschi egyel\u0151re meg\u0151rzi a s\u00e1rga trik\u00f3t, de vajon lesz-e m\u00e9g meglepet\u00e9s a z\u00e1r\u00f3napon?","breadcrumb":{"@id":"https:\/\/www.welovecycling.com\/hu\/tour-de-hongrie\/eldolt-a-verseny-voisard-fut-be-elsokent-dobogokon-de-mark-hirschi-megorzi-a-vezetest-a-budapesti-zaroszakasz-elott\/#breadcrumb"},"inLanguage":"hu","potentialAction":[{"@type":"ReadAction","target":["https:\/\/www.welovecycling.com\/hu\/tour-de-hongrie\/eldolt-a-verseny-voisard-fut-be-elsokent-dobogokon-de-mark-hirschi-megorzi-a-vezetest-a-budapesti-zaroszakasz-elott\/"]}]},{"@type":"ImageObject","inLanguage":"hu","@id":"https:\/\/www.welovecycling.com\/hu\/tour-de-hongrie\/eldolt-a-verseny-voisard-fut-be-elsokent-dobogokon-de-mark-hirschi-megorzi-a-vezetest-a-budapesti-zaroszakasz-elott\/#primaryimage","url":"https:\/\/d2p6e6u75xmxt8.cloudfront.net\/12\/2023\/05\/image2.webp","contentUrl":"https:\/\/d2p6e6u75xmxt8.cloudfront.net\/12\/2023\/05\/image2.webp","width":2048,"height":1365},{"@type":"BreadcrumbList","@id":"https:\/\/www.welovecycling.com\/hu\/tour-de-hongrie\/eldolt-a-verseny-voisard-fut-be-elsokent-dobogokon-de-mark-hirschi-megorzi-a-vezetest-a-budapesti-zaroszakasz-elott\/#breadcrumb","itemListElement":[{"@type":"ListItem","position":1,"name":"Home","item":"https:\/\/www.welovecycling.com\/hu\/"},{"@type":"ListItem","position":2,"name":"Eld\u0151lt a verseny? Voisard fut be els\u0151k\u00e9nt Dobog\u00f3k\u0151n, de Mark Hirschi meg\u0151rzi a vezet\u00e9st a budapesti z\u00e1r\u00f3szakasz el\u0151tt"}]},{"@type":"WebSite","@id":"https:\/\/www.welovecycling.com\/hu\/#website","url":"https:\/\/www.welovecycling.com\/hu\/","name":"\u0160koda We Love Cycling - Magyarorsz\u00e1g","description":"\u0160koda WeLoveCycling","potentialAction":[{"@type":"SearchAction","target":{"@type":"EntryPoint","urlTemplate":"https:\/\/www.welovecycling.com\/hu\/?s={search_term_string}"},"query-input":{"@type":"PropertyValueSpecification","valueRequired":true,"valueName":"search_term_string"}}],"inLanguage":"hu"},{"@type":"Person","@id":"https:\/\/www.welovecycling.com\/hu\/#\/schema\/person\/bec7dcdbcc59f58489cf603e4040ced1","name":"kitti","image":{"@type":"ImageObject","inLanguage":"hu","@id":"https:\/\/www.welovecycling.com\/hu\/#\/schema\/person\/image\/","url":"https:\/\/secure.gravatar.com\/avatar\/e3196a110e1b57b96f56d92d10ce9bb4e9d7210076832a16243337e949410b52?s=96&d=mm&r=g","contentUrl":"https:\/\/secure.gravatar.com\/avatar\/e3196a110e1b57b96f56d92d10ce9bb4e9d7210076832a16243337e949410b52?s=96&d=mm&r=g","caption":"kitti"},"url":"https:\/\/www.welovecycling.com\/hu\/author\/kitti\/"}]}},"_links":{"self":[{"href":"https:\/\/www.welovecycling.com\/hu\/wp-json\/wp\/v2\/posts\/17405","targetHints":{"allow":["GET"]}}],"collection":[{"href":"https:\/\/www.welovecycling.com\/hu\/wp-json\/wp\/v2\/posts"}],"about":[{"href":"https:\/\/www.welovecycling.com\/hu\/wp-json\/wp\/v2\/types\/post"}],"author":[{"embeddable":true,"href":"https:\/\/www.welovecycling.com\/hu\/wp-json\/wp\/v2\/users\/145"}],"replies":[{"embeddable":true,"href":"https:\/\/www.welovecycling.com\/hu\/wp-json\/wp\/v2\/comments?post=17405"}],"version-history":[{"count":1,"href":"https:\/\/www.welovecycling.com\/hu\/wp-json\/wp\/v2\/posts\/17405\/revisions"}],"predecessor-version":[{"id":17414,"href":"https:\/\/www.welovecycling.com\/hu\/wp-json\/wp\/v2\/posts\/17405\/revisions\/17414"}],"wp:featuredmedia":[{"embeddable":true,"href":"https:\/\/www.welovecycling.com\/hu\/wp-json\/wp\/v2\/media\/17409"}],"wp:attachment":[{"href":"https:\/\/www.welovecycling.com\/hu\/wp-json\/wp\/v2\/media?parent=17405"}],"wp:term":[{"taxonomy":"category","embeddable":true,"href":"https:\/\/www.welovecycling.com\/hu\/wp-json\/wp\/v2\/categories?post=17405"},{"taxonomy":"post_tag","embeddable":true,"href":"https:\/\/www.welovecycling.com\/hu\/wp-json\/wp\/v2\/tags?post=17405"},{"taxonomy":"global-categories","embeddable":true,"href":"https:\/\/www.welovecycling.com\/hu\/wp-json\/wp\/v2\/global-categories?post=17405"}],"curies":[{"name":"wp","href":"https:\/\/api.w.org\/{rel}","templated":true}]}}