{"id":17403,"date":"2023-05-13T09:46:49","date_gmt":"2023-05-13T07:46:49","guid":{"rendered":"https:\/\/www.welovecycling.com\/hu\/?p=17403"},"modified":"2023-05-13T09:47:23","modified_gmt":"2023-05-13T07:47:23","slug":"svajci-gyozelem-es-magyar-siker-a-tour-de-hongrie-harmadik-szakaszan","status":"publish","type":"post","link":"https:\/\/www.welovecycling.com\/hu\/tour-de-hongrie\/svajci-gyozelem-es-magyar-siker-a-tour-de-hongrie-harmadik-szakaszan\/","title":{"rendered":"Sv\u00e1jci gy\u0151zelem \u00e9s magyar siker a Tour de Hongrie harmadik szakasz\u00e1n"},"content":{"rendered":"<p><strong>A Mecsek emelked\u0151i \u00e1trendezt\u00e9k az \u00f6sszetettet, hatalmas m\u00e1sz\u00e1sok \u00e9s egy \u0151r\u00fclten izgalmas befut\u00f3 ut\u00e1n Marc Hirchi\u00e9 a p\u00f3dium, Dina M\u00e1rton\u00e9 a feh\u00e9r trik\u00f3.<\/strong><\/p>\n<p><!--more--><\/p>\n<p>A Kaposv\u00e1rr\u00f3l a p\u00e9csi \u00e1llatkertig tart\u00f3 szakasz 180 kilom\u00e9teres hossza nem volt szokatlan a magyar k\u00f6r\u00f6n, azonban a 2500 m szintk\u00fcl\u00f6nbs\u00e9g kem\u00e9nyen pr\u00f3b\u00e1ra tette a versenyz\u0151ket. V\u00e9gig elk\u00e9peszt\u0151en izgalmas csat\u00e1t l\u00e1thattunk, \u00e9s mivel egyik csapat sem uralta egy\u00e9rtelm\u0171en a mez\u0151nyt, t\u00f6bben is megpr\u00f3b\u00e1lt\u00e1k megkaparintani a s\u00e1rga trik\u00f3t, a befut\u00f3 utols\u00f3 harminc kilom\u00e9tere pedig mindent fel\u00fclm\u00falt, \u00e9s igencsak \u00e1trendezte az \u00f6sszetettet.<\/p>\n<p>Ahogy az el\u0151re v\u00e1rhat\u00f3 volt, a harmadik szakasz a hegyimen\u0151knek kedvezett igaz\u00e1n, \u00edgy nem volt t\u00fals\u00e1gosan meglep\u0151, hogy a mez\u0151nyt\u0151l gyorsan lev\u00e1l\u00f3 sz\u00f6kev\u00e9ny csoport mind\u00f6ssze \u00f6t tag\u00fa volt.<\/p>\n<p>Filippo Ridolfo (Team Novo Nordisk), Jarrad Drizners (Lotto Dstny), Dries Debondt (Alpecin \u2013 Deceunininck), Cameron Scott (Bahrain Victorius) \u00e9s a piros trik\u00f3s Matus Stocek (ATT Investments) kvintettje l\u00f3gott meg a pelotont\u00f3l, \u00e9s \u00e1llt neki a m\u00f3dszeres pontgy\u0171jt\u00e9snek. N\u00e9mileg meglep\u0151 m\u00f3don Stocek a sprintekre hajtott, Ridolfo pedig a hegyi pontokat gy\u0171jt\u00f6tte. Volt n\u00e9h\u00e1ny halv\u00e1ny korai pr\u00f3b\u00e1lkoz\u00e1s a sz\u00f6k\u00e9s utol\u00e9r\u00e9s\u00e9re, de hi\u00e1ba a hazai p\u00e1lya, Hrenk\u00f3 R\u00f3bert sem j\u00e1rt sikerrel.<\/p>\n<p>V\u00e9g\u00fcl Sebastian Sch\u00f6nberger (Human Power Health) \u00e9s Silvan Dillier (Alpercin \u2013 Deceunininck) \u00e9rte utol a sz\u00f6kev\u00e9nyeket.<\/p>\n<p>A tegnapi, es\u0151s befut\u00f3 ut\u00e1n mindenki tartott kicsit az id\u0151j\u00e1r\u00e1st\u00f3l, \u00e9s b\u00e1r nem esett, a h\u0171v\u00f6s, p\u00e1r\u00e1s, szeles id\u0151 okozott p\u00e1r meglepet\u00e9st.<\/p>\n<p>P\u00e9cshez k\u00f6zeledve komoly helyezked\u00e9sekbe kezdtek a csapatok \u00e9s m\u00e1r ekkor gyan\u00edthat\u00f3 volt, hogy a m\u00e1sz\u00e1s kezdet\u00e9vel egy leszakad\u00f3 groupetta is ki fog alakulni. \u00cdgy is t\u00f6rt\u00e9nt. A keszthelyi gy\u0151ztes Jakobsen, b\u00e1natunkra p\u00e1r magyar versenyz\u0151vel egy\u00fctt &#8211; k\u00f6zt\u00fck a feh\u00e9r trik\u00f3s R\u00f3zsa Bal\u00e1zzsal, j\u00f3csk\u00e1n leszakadt.<\/p>\n<p>Az \u00e1tlagban 6.8%-os, 2.3 kilom\u00e9teres B\u00e1r\u00e1ny \u00fati m\u00e1sz\u00e1s m\u00e1sodszorra igencsak megny\u00fajtotta a mez\u0151nyt, \u00e9s \u00fagy l\u00e1tszott, hogy a harmadik, utols\u00f3 k\u00f6r d\u00f6nt majd el mindent. Sch\u00f6nberger elvitte az utols\u00f3 k\u00e9t hegyi hajr\u00e1t, azt\u00e1n Ben Tulett 1800 m\u00e9terrel a c\u00e9l el\u0151tt az egyik legmeredekebb szakaszon begy\u00fajtotta a rak\u00e9t\u00e1kat, \u00e9s b\u00e1r \u0151r\u00fclt temp\u00f3ban m\u00e1szott, ez sem volt el\u00e9g a sv\u00e1jci Marc Hirschivel szemben, aki hamarosan \u00e1tvette a vezet\u00e9st \u00e9s magabiztos gy\u0151zelemmel z\u00e1rta a napot, m\u00edg Tulett annyira elfogyott a k\u00fczdelemben, hogy majdnem a kordonba hajtott. Hirschi \u00edgy az \u00f6sszetettben is \u00e9lre \u00e1llt, megkaparintva ezzel a s\u00e1rga trik\u00f3t.<\/p>\n<p>Ezekb\u0151l a dr\u00e1mai utols\u00f3 pillanatokb\u00f3l is j\u00f3l l\u00e1tszott, hogy elk\u00e9peszt\u0151en kem\u00e9ny volt ez a harmadik szakasz. Hatalmas gratul\u00e1ci\u00f3 illeti a Hirchi m\u00f6g\u00f6tt mind\u00f6ssze 23 m\u00e1sodperccel, tizedik helyen befut\u00f3 Dina M\u00e1rtont, aki annak ellen\u00e9re is fantasztikus teljes\u00edtm\u00e9nnyel z\u00e1rta a napot, hogy kor\u00e1bban azt nyilatkozta, hogy nagyon rosszul aludt. Az \u00f6sszetettben ezzel a nyolcadik helyig kapaszkodott Dina Marci, \u00edgy ma m\u00e1r \u0151t illeti a feh\u00e9r trik\u00f3. Ridolfo megszerezte a legjobb hegyimen\u0151nek j\u00e1r\u00f3 piros trik\u00f3t Stocekt\u0151l, aki pedig cser\u00e9be sprintjeivel elnyerte a z\u00f6ldet.<\/p>\n<p>Dina M\u00e1rton, Hirschi, Ridolfo \u00e9s Stocek mellett a p\u00e9csi k\u00f6z\u00f6ns\u00e9g lett a nap h\u0151se, hiszen elk\u00e9peszt\u0151 hangulatot var\u00e1zsoltak az utc\u00e1kra. \u00a0A v\u00e1rosban kora reggelt\u0151l bring\u00e1s programokkal, flash mobokkal v\u00e1rt\u00e1k a szurkol\u00f3kat, \u00e9s j\u00f3 n\u00e9h\u00e1ny \u00fatsz\u00e9li install\u00e1ci\u00f3 is mutatta a p\u00e9csiek lelkesed\u00e9s\u00e9t a ker\u00e9kp\u00e1rsport ir\u00e1nt.<\/p>\n<p>V\u00e1rhat\u00f3an a szombati, Martonv\u00e1s\u00e1rt\u00f3l Dobog\u00f3k\u0151ig tart\u00f3 szakasz d\u00f6nti majd el a versenyt, \u00edgy h\u00e1t a mai napon is hasonl\u00f3 izgalmakra k\u00e9sz\u00fclhet\u00fcnk.<\/p>\n","protected":false},"excerpt":{"rendered":"<p>A Mecsek emelked\u0151i \u00e1trendezt\u00e9k az \u00f6sszetettet, hatalmas m\u00e1sz\u00e1sok \u00e9s egy \u0151r\u00fclten izgalmas befut\u00f3 ut\u00e1n Marc Hirchi\u00e9 a p\u00f3dium, Dina M\u00e1rton\u00e9 [&hellip;]<\/p>\n","protected":false},"author":145,"featured_media":17380,"comment_status":"open","ping_status":"open","sticky":false,"template":"","format":"standard","meta":{"footnotes":""},"categories":[463,462],"tags":[476],"global-categories":[419],"class_list":["post-17403","post","type-post","status-publish","format-standard","has-post-thumbnail","hentry","category-napi-osszefoglalo","category-tour-de-hongrie","tag-tdh2023","global-categories-cycling"],"yoast_head":"<!-- This site is optimized with the Yoast SEO Premium plugin v25.3 (Yoast SEO v25.9) - https:\/\/yoast.com\/wordpress\/plugins\/seo\/ -->\n<title>Sv\u00e1jci gy\u0151zelem \u00e9s magyar siker a Tour de Hongrie harmadik szakasz\u00e1n - \u0160koda We Love Cycling - Magyarorsz\u00e1g<\/title>\n<meta name=\"robots\" content=\"index, follow, max-snippet:-1, max-image-preview:large, max-video-preview:-1\" \/>\n<link rel=\"canonical\" href=\"https:\/\/www.welovecycling.com\/hu\/tour-de-hongrie\/svajci-gyozelem-es-magyar-siker-a-tour-de-hongrie-harmadik-szakaszan\/\" \/>\n<meta property=\"og:locale\" content=\"hu_HU\" \/>\n<meta property=\"og:type\" content=\"article\" \/>\n<meta property=\"og:title\" content=\"Sv\u00e1jci gy\u0151zelem \u00e9s magyar siker a Tour de Hongrie harmadik szakasz\u00e1n\" \/>\n<meta property=\"og:description\" content=\"A Mecsek emelked\u0151i \u00e1trendezt\u00e9k az \u00f6sszetettet, hatalmas m\u00e1sz\u00e1sok \u00e9s egy \u0151r\u00fclten izgalmas befut\u00f3 ut\u00e1n Marc Hirchi\u00e9 a p\u00f3dium, Dina M\u00e1rton\u00e9 [&hellip;]\" \/>\n<meta property=\"og:url\" content=\"https:\/\/www.welovecycling.com\/hu\/tour-de-hongrie\/svajci-gyozelem-es-magyar-siker-a-tour-de-hongrie-harmadik-szakaszan\/\" \/>\n<meta property=\"og:site_name\" content=\"\u0160koda We Love Cycling - Magyarorsz\u00e1g\" \/>\n<meta property=\"article:publisher\" content=\"https:\/\/www.facebook.com\/WeLoveCyclingHungary\/\" \/>\n<meta property=\"article:published_time\" content=\"2023-05-13T07:46:49+00:00\" \/>\n<meta property=\"article:modified_time\" content=\"2023-05-13T07:47:23+00:00\" \/>\n<meta property=\"og:image\" content=\"https:\/\/d2p6e6u75xmxt8.cloudfront.net\/12\/2023\/05\/345615394_188651787420569_3908276448855835586_n.webp\" \/>\n\t<meta property=\"og:image:width\" content=\"2048\" \/>\n\t<meta property=\"og:image:height\" content=\"1364\" \/>\n\t<meta property=\"og:image:type\" content=\"image\/webp\" \/>\n<meta name=\"author\" content=\"kitti\" \/>\n<meta name=\"twitter:card\" content=\"summary_large_image\" \/>\n<meta name=\"twitter:label1\" content=\"Written by\" \/>\n\t<meta name=\"twitter:data1\" content=\"kitti\" \/>\n\t<meta name=\"twitter:label2\" content=\"Est. reading time\" \/>\n\t<meta name=\"twitter:data2\" content=\"4 minutes\" \/>\n<script type=\"application\/ld+json\" class=\"yoast-schema-graph\">{\"@context\":\"https:\/\/schema.org\",\"@graph\":[{\"@type\":\"WebPage\",\"@id\":\"https:\/\/www.welovecycling.com\/hu\/tour-de-hongrie\/svajci-gyozelem-es-magyar-siker-a-tour-de-hongrie-harmadik-szakaszan\/\",\"url\":\"https:\/\/www.welovecycling.com\/hu\/tour-de-hongrie\/svajci-gyozelem-es-magyar-siker-a-tour-de-hongrie-harmadik-szakaszan\/\",\"name\":\"Sv\u00e1jci gy\u0151zelem \u00e9s magyar siker a Tour de Hongrie harmadik szakasz\u00e1n - \u0160koda We Love Cycling - Magyarorsz\u00e1g\",\"isPartOf\":{\"@id\":\"https:\/\/www.welovecycling.com\/hu\/#website\"},\"primaryImageOfPage\":{\"@id\":\"https:\/\/www.welovecycling.com\/hu\/tour-de-hongrie\/svajci-gyozelem-es-magyar-siker-a-tour-de-hongrie-harmadik-szakaszan\/#primaryimage\"},\"image\":{\"@id\":\"https:\/\/www.welovecycling.com\/hu\/tour-de-hongrie\/svajci-gyozelem-es-magyar-siker-a-tour-de-hongrie-harmadik-szakaszan\/#primaryimage\"},\"thumbnailUrl\":\"https:\/\/d2p6e6u75xmxt8.cloudfront.net\/12\/2023\/05\/345615394_188651787420569_3908276448855835586_n.webp\",\"datePublished\":\"2023-05-13T07:46:49+00:00\",\"dateModified\":\"2023-05-13T07:47:23+00:00\",\"author\":{\"@id\":\"https:\/\/www.welovecycling.com\/hu\/#\/schema\/person\/bec7dcdbcc59f58489cf603e4040ced1\"},\"breadcrumb\":{\"@id\":\"https:\/\/www.welovecycling.com\/hu\/tour-de-hongrie\/svajci-gyozelem-es-magyar-siker-a-tour-de-hongrie-harmadik-szakaszan\/#breadcrumb\"},\"inLanguage\":\"hu\",\"potentialAction\":[{\"@type\":\"ReadAction\",\"target\":[\"https:\/\/www.welovecycling.com\/hu\/tour-de-hongrie\/svajci-gyozelem-es-magyar-siker-a-tour-de-hongrie-harmadik-szakaszan\/\"]}]},{\"@type\":\"ImageObject\",\"inLanguage\":\"hu\",\"@id\":\"https:\/\/www.welovecycling.com\/hu\/tour-de-hongrie\/svajci-gyozelem-es-magyar-siker-a-tour-de-hongrie-harmadik-szakaszan\/#primaryimage\",\"url\":\"https:\/\/d2p6e6u75xmxt8.cloudfront.net\/12\/2023\/05\/345615394_188651787420569_3908276448855835586_n.webp\",\"contentUrl\":\"https:\/\/d2p6e6u75xmxt8.cloudfront.net\/12\/2023\/05\/345615394_188651787420569_3908276448855835586_n.webp\",\"width\":2048,\"height\":1364},{\"@type\":\"BreadcrumbList\",\"@id\":\"https:\/\/www.welovecycling.com\/hu\/tour-de-hongrie\/svajci-gyozelem-es-magyar-siker-a-tour-de-hongrie-harmadik-szakaszan\/#breadcrumb\",\"itemListElement\":[{\"@type\":\"ListItem\",\"position\":1,\"name\":\"Home\",\"item\":\"https:\/\/www.welovecycling.com\/hu\/\"},{\"@type\":\"ListItem\",\"position\":2,\"name\":\"Sv\u00e1jci gy\u0151zelem \u00e9s magyar siker a Tour de Hongrie harmadik szakasz\u00e1n\"}]},{\"@type\":\"WebSite\",\"@id\":\"https:\/\/www.welovecycling.com\/hu\/#website\",\"url\":\"https:\/\/www.welovecycling.com\/hu\/\",\"name\":\"\u0160koda We Love Cycling - Magyarorsz\u00e1g\",\"description\":\"\u0160koda WeLoveCycling\",\"potentialAction\":[{\"@type\":\"SearchAction\",\"target\":{\"@type\":\"EntryPoint\",\"urlTemplate\":\"https:\/\/www.welovecycling.com\/hu\/?s={search_term_string}\"},\"query-input\":{\"@type\":\"PropertyValueSpecification\",\"valueRequired\":true,\"valueName\":\"search_term_string\"}}],\"inLanguage\":\"hu\"},{\"@type\":\"Person\",\"@id\":\"https:\/\/www.welovecycling.com\/hu\/#\/schema\/person\/bec7dcdbcc59f58489cf603e4040ced1\",\"name\":\"kitti\",\"image\":{\"@type\":\"ImageObject\",\"inLanguage\":\"hu\",\"@id\":\"https:\/\/www.welovecycling.com\/hu\/#\/schema\/person\/image\/\",\"url\":\"https:\/\/secure.gravatar.com\/avatar\/e3196a110e1b57b96f56d92d10ce9bb4e9d7210076832a16243337e949410b52?s=96&d=mm&r=g\",\"contentUrl\":\"https:\/\/secure.gravatar.com\/avatar\/e3196a110e1b57b96f56d92d10ce9bb4e9d7210076832a16243337e949410b52?s=96&d=mm&r=g\",\"caption\":\"kitti\"},\"url\":\"https:\/\/www.welovecycling.com\/hu\/author\/kitti\/\"}]}<\/script>\n<!-- \/ Yoast SEO Premium plugin. -->","yoast_head_json":{"title":"Sv\u00e1jci gy\u0151zelem \u00e9s magyar siker a Tour de Hongrie harmadik szakasz\u00e1n - \u0160koda We Love Cycling - Magyarorsz\u00e1g","robots":{"index":"index","follow":"follow","max-snippet":"max-snippet:-1","max-image-preview":"max-image-preview:large","max-video-preview":"max-video-preview:-1"},"canonical":"https:\/\/www.welovecycling.com\/hu\/tour-de-hongrie\/svajci-gyozelem-es-magyar-siker-a-tour-de-hongrie-harmadik-szakaszan\/","og_locale":"hu_HU","og_type":"article","og_title":"Sv\u00e1jci gy\u0151zelem \u00e9s magyar siker a Tour de Hongrie harmadik szakasz\u00e1n","og_description":"A Mecsek emelked\u0151i \u00e1trendezt\u00e9k az \u00f6sszetettet, hatalmas m\u00e1sz\u00e1sok \u00e9s egy \u0151r\u00fclten izgalmas befut\u00f3 ut\u00e1n Marc Hirchi\u00e9 a p\u00f3dium, Dina M\u00e1rton\u00e9 [&hellip;]","og_url":"https:\/\/www.welovecycling.com\/hu\/tour-de-hongrie\/svajci-gyozelem-es-magyar-siker-a-tour-de-hongrie-harmadik-szakaszan\/","og_site_name":"\u0160koda We Love Cycling - Magyarorsz\u00e1g","article_publisher":"https:\/\/www.facebook.com\/WeLoveCyclingHungary\/","article_published_time":"2023-05-13T07:46:49+00:00","article_modified_time":"2023-05-13T07:47:23+00:00","og_image":[{"width":2048,"height":1364,"url":"https:\/\/d2p6e6u75xmxt8.cloudfront.net\/12\/2023\/05\/345615394_188651787420569_3908276448855835586_n.webp","type":"image\/webp"}],"author":"kitti","twitter_card":"summary_large_image","twitter_misc":{"Written by":"kitti","Est. reading time":"4 minutes"},"schema":{"@context":"https:\/\/schema.org","@graph":[{"@type":"WebPage","@id":"https:\/\/www.welovecycling.com\/hu\/tour-de-hongrie\/svajci-gyozelem-es-magyar-siker-a-tour-de-hongrie-harmadik-szakaszan\/","url":"https:\/\/www.welovecycling.com\/hu\/tour-de-hongrie\/svajci-gyozelem-es-magyar-siker-a-tour-de-hongrie-harmadik-szakaszan\/","name":"Sv\u00e1jci gy\u0151zelem \u00e9s magyar siker a Tour de Hongrie harmadik szakasz\u00e1n - \u0160koda We Love Cycling - Magyarorsz\u00e1g","isPartOf":{"@id":"https:\/\/www.welovecycling.com\/hu\/#website"},"primaryImageOfPage":{"@id":"https:\/\/www.welovecycling.com\/hu\/tour-de-hongrie\/svajci-gyozelem-es-magyar-siker-a-tour-de-hongrie-harmadik-szakaszan\/#primaryimage"},"image":{"@id":"https:\/\/www.welovecycling.com\/hu\/tour-de-hongrie\/svajci-gyozelem-es-magyar-siker-a-tour-de-hongrie-harmadik-szakaszan\/#primaryimage"},"thumbnailUrl":"https:\/\/d2p6e6u75xmxt8.cloudfront.net\/12\/2023\/05\/345615394_188651787420569_3908276448855835586_n.webp","datePublished":"2023-05-13T07:46:49+00:00","dateModified":"2023-05-13T07:47:23+00:00","author":{"@id":"https:\/\/www.welovecycling.com\/hu\/#\/schema\/person\/bec7dcdbcc59f58489cf603e4040ced1"},"breadcrumb":{"@id":"https:\/\/www.welovecycling.com\/hu\/tour-de-hongrie\/svajci-gyozelem-es-magyar-siker-a-tour-de-hongrie-harmadik-szakaszan\/#breadcrumb"},"inLanguage":"hu","potentialAction":[{"@type":"ReadAction","target":["https:\/\/www.welovecycling.com\/hu\/tour-de-hongrie\/svajci-gyozelem-es-magyar-siker-a-tour-de-hongrie-harmadik-szakaszan\/"]}]},{"@type":"ImageObject","inLanguage":"hu","@id":"https:\/\/www.welovecycling.com\/hu\/tour-de-hongrie\/svajci-gyozelem-es-magyar-siker-a-tour-de-hongrie-harmadik-szakaszan\/#primaryimage","url":"https:\/\/d2p6e6u75xmxt8.cloudfront.net\/12\/2023\/05\/345615394_188651787420569_3908276448855835586_n.webp","contentUrl":"https:\/\/d2p6e6u75xmxt8.cloudfront.net\/12\/2023\/05\/345615394_188651787420569_3908276448855835586_n.webp","width":2048,"height":1364},{"@type":"BreadcrumbList","@id":"https:\/\/www.welovecycling.com\/hu\/tour-de-hongrie\/svajci-gyozelem-es-magyar-siker-a-tour-de-hongrie-harmadik-szakaszan\/#breadcrumb","itemListElement":[{"@type":"ListItem","position":1,"name":"Home","item":"https:\/\/www.welovecycling.com\/hu\/"},{"@type":"ListItem","position":2,"name":"Sv\u00e1jci gy\u0151zelem \u00e9s magyar siker a Tour de Hongrie harmadik szakasz\u00e1n"}]},{"@type":"WebSite","@id":"https:\/\/www.welovecycling.com\/hu\/#website","url":"https:\/\/www.welovecycling.com\/hu\/","name":"\u0160koda We Love Cycling - Magyarorsz\u00e1g","description":"\u0160koda WeLoveCycling","potentialAction":[{"@type":"SearchAction","target":{"@type":"EntryPoint","urlTemplate":"https:\/\/www.welovecycling.com\/hu\/?s={search_term_string}"},"query-input":{"@type":"PropertyValueSpecification","valueRequired":true,"valueName":"search_term_string"}}],"inLanguage":"hu"},{"@type":"Person","@id":"https:\/\/www.welovecycling.com\/hu\/#\/schema\/person\/bec7dcdbcc59f58489cf603e4040ced1","name":"kitti","image":{"@type":"ImageObject","inLanguage":"hu","@id":"https:\/\/www.welovecycling.com\/hu\/#\/schema\/person\/image\/","url":"https:\/\/secure.gravatar.com\/avatar\/e3196a110e1b57b96f56d92d10ce9bb4e9d7210076832a16243337e949410b52?s=96&d=mm&r=g","contentUrl":"https:\/\/secure.gravatar.com\/avatar\/e3196a110e1b57b96f56d92d10ce9bb4e9d7210076832a16243337e949410b52?s=96&d=mm&r=g","caption":"kitti"},"url":"https:\/\/www.welovecycling.com\/hu\/author\/kitti\/"}]}},"_links":{"self":[{"href":"https:\/\/www.welovecycling.com\/hu\/wp-json\/wp\/v2\/posts\/17403","targetHints":{"allow":["GET"]}}],"collection":[{"href":"https:\/\/www.welovecycling.com\/hu\/wp-json\/wp\/v2\/posts"}],"about":[{"href":"https:\/\/www.welovecycling.com\/hu\/wp-json\/wp\/v2\/types\/post"}],"author":[{"embeddable":true,"href":"https:\/\/www.welovecycling.com\/hu\/wp-json\/wp\/v2\/users\/145"}],"replies":[{"embeddable":true,"href":"https:\/\/www.welovecycling.com\/hu\/wp-json\/wp\/v2\/comments?post=17403"}],"version-history":[{"count":1,"href":"https:\/\/www.welovecycling.com\/hu\/wp-json\/wp\/v2\/posts\/17403\/revisions"}],"predecessor-version":[{"id":17404,"href":"https:\/\/www.welovecycling.com\/hu\/wp-json\/wp\/v2\/posts\/17403\/revisions\/17404"}],"wp:featuredmedia":[{"embeddable":true,"href":"https:\/\/www.welovecycling.com\/hu\/wp-json\/wp\/v2\/media\/17380"}],"wp:attachment":[{"href":"https:\/\/www.welovecycling.com\/hu\/wp-json\/wp\/v2\/media?parent=17403"}],"wp:term":[{"taxonomy":"category","embeddable":true,"href":"https:\/\/www.welovecycling.com\/hu\/wp-json\/wp\/v2\/categories?post=17403"},{"taxonomy":"post_tag","embeddable":true,"href":"https:\/\/www.welovecycling.com\/hu\/wp-json\/wp\/v2\/tags?post=17403"},{"taxonomy":"global-categories","embeddable":true,"href":"https:\/\/www.welovecycling.com\/hu\/wp-json\/wp\/v2\/global-categories?post=17403"}],"curies":[{"name":"wp","href":"https:\/\/api.w.org\/{rel}","templated":true}]}}