{"id":17386,"date":"2023-05-15T08:00:19","date_gmt":"2023-05-15T06:00:19","guid":{"rendered":"https:\/\/www.welovecycling.com\/hu\/?p=17386"},"modified":"2023-05-12T14:29:26","modified_gmt":"2023-05-12T12:29:26","slug":"bou-es-kortekaas-a-skoda-titan-desert-morocco-bajnokai","status":"publish","type":"post","link":"https:\/\/www.welovecycling.com\/hu\/trekking-mtb\/bou-es-kortekaas-a-skoda-titan-desert-morocco-bajnokai\/","title":{"rendered":"Bou \u00e9s Kortekaas, a \u0160koda Titan Desert Morocco bajnokai"},"content":{"rendered":"<p><strong>K\u00fcl\u00f6nb\u00f6z\u0151 t\u00f6rt\u00e9netek, k\u00fcl\u00f6nb\u00f6z\u0151 eredetek \u00e9s keresztezett sorsok. Roberto Bou egy profi ker\u00e9kp\u00e1ros. Mora de Rubielos-ban sz\u00fcletett, eg\u00e9sz p\u00e1lyafut\u00e1s\u00e1t Katal\u00f3ni\u00e1ban \u00e9p\u00edtette fel, \u00e9s t\u00f6bb mint 6000 kilom\u00e9tert teljes\u00edtett a Titan World Series versenyeken. Tessa Kortekaas Voorhout-ban, Hollandia egy kis v\u00e1ros\u00e1ban sz\u00fcletett. \u00c9vek \u00f3ta Lanzarote-ban \u00e9l, ahol hossz\u00fa t\u00e1v\u00fa triatlon versenyeken vesz r\u00e9szt. Ez volt az els\u0151, hogy rajthoz \u00e1llt a \u0160koda Titan Desert Morocco-n, ahol t\u00f6bb mint 600 kilom\u00e9ter v\u00e1rt r\u00e1.<\/strong><\/p>\n<p><!--more--><\/p>\n<p>\u0150k ketten lettek a verseny f\u0151szerepl\u0151i. Mindketten a saj\u00e1t GC (\u00e1ltal\u00e1nos \u00f6sszetett) kateg\u00f3ri\u00e1juk gy\u0151ztesei. \u00dajoncok a dobog\u00f3 tetej\u00e9n mindketten, m\u00e9gis vitathatatlan f\u00f6l\u00e9nnyel nyertek.<\/p>\n<p>A verseny utols\u00f3 napja idegesen \u00e9s hatalmas er\u0151fesz\u00edt\u00e9sekkel telt, ahogy tavaly is. A sivatagban m\u00e9g mindig 71 kilom\u00e9ternyi kih\u00edv\u00e1s \u00e1llt a versenyz\u0151k el\u0151tt, b\u0151ven t\u00f6rt\u00e9nhettek meglepet\u00e9sek.<\/p>\n<p>De nem t\u00f6rt\u00e9ntek. Roberto Bou \u00e9s Tessa Kortekaas, a Cannondale VAS Arabay \u00e9s a Kosner &#8211; Saltoki Home csapat\u00e1b\u00f3l, nem hagyott helyet a k\u00e9ts\u00e9geknek.<\/p>\n<div class=\"embed-controller-wrapper\">\n<blockquote class=\"twitter-tweet\" data-width=\"500\" data-dnt=\"true\">\n<p lang=\"es\" dir=\"ltr\">Disfruta de las mejores fotos de la etapa. <\/p>\n<p>Enjoy the best pictures of the stage.<a href=\"https:\/\/twitter.com\/hashtag\/%C5%A0kodaTitanDesertMorocco?src=hash&amp;ref_src=twsrc%5Etfw\">#\u0160kodaTitanDesertMorocco<\/a><a href=\"https:\/\/twitter.com\/hashtag\/rideyourdream?src=hash&amp;ref_src=twsrc%5Etfw\">#rideyourdream<\/a><a href=\"https:\/\/twitter.com\/hashtag\/mtbstagerace?src=hash&amp;ref_src=twsrc%5Etfw\">#mtbstagerace<\/a> <a href=\"https:\/\/t.co\/p6Ivv7krpk\">pic.twitter.com\/p6Ivv7krpk<\/a><\/p>\n<p>&mdash; \u0160koda Titan Desert Morocco (@TitanDesert) <a href=\"https:\/\/twitter.com\/TitanDesert\/status\/1654513658485956609?ref_src=twsrc%5Etfw\">May 5, 2023<\/a><\/p><\/blockquote>\n<p><script async data-src=\"https:\/\/platform.twitter.com\/widgets.js\" charset=\"utf-8\"><\/script><\/div>\n<p>A szakasz gyors volt, a mez\u0151ny sz\u00e9tsz\u00e9ledt, sok vezet\u0151 csapat k\u00fcl\u00f6nb\u00f6z\u0151 \u00fatvonalakat v\u00e1lasztott. A m\u00e1sodik ellen\u0151rz\u0151pontn\u00e1l egy kb. 14 versenyz\u0151b\u0151l \u00e1ll\u00f3 csoport \u00e1tvette a vezet\u00e9st.<\/p>\n<p>A csoport \u00e9l\u00e9n a szakaszgy\u0151ztes Sergio Mantec\u00f3n \u00e1llt. Ez volt a m\u00e1sodik szakaszgy\u0151zelme a valenciai versenyz\u0151nek, aki m\u00e1r kor\u00e1bban elmondta, hogy a r\u00e9sz-gy\u0151zelmekre fog t\u00f6rekedni, miut\u00e1n id\u0151t vesz\u00edtett az \u00e1ltal\u00e1nos \u00f6sszetettben a verseny kezdet\u00e9n.<\/p>\n<p>P\u00e1r perccel k\u00e9s\u0151bb meg\u00e9rkezett meg a \u0160koda Titan Desert Morocco bajnoka, Bou. Bou csapatt\u00e1rsa, Miguel Mu\u00f1oz is csatlakozott hozz\u00e1. T\u00f6rt\u00e9nelmi gy\u0151zelem volt ez a Cannondale VAS Arabay sz\u00e1m\u00e1ra, \u00e9s nagyon \u00e9rzelmes jelenet Bou-nak \u00e9s a csapatnak.<\/p>\n<p>Nem sokkal k\u00e9s\u0151bb \u00e9rkezett meg Tessa Kortekaas. A holland n\u0151 nem pihent m\u00e9g az utols\u00f3 napon sem, \u00e9s \u0151 volt az els\u0151 n\u0151, aki \u00e1tl\u00e9pte a c\u00e9lvonalat. Ez volt a negyedik szakaszgy\u0151zelme az \u00fajonc versenyz\u0151nek.<\/p>\n","protected":false},"excerpt":{"rendered":"<p>K\u00fcl\u00f6nb\u00f6z\u0151 t\u00f6rt\u00e9netek, k\u00fcl\u00f6nb\u00f6z\u0151 eredetek \u00e9s keresztezett sorsok. Roberto Bou egy profi ker\u00e9kp\u00e1ros. Mora de Rubielos-ban sz\u00fcletett, eg\u00e9sz p\u00e1lyafut\u00e1s\u00e1t Katal\u00f3ni\u00e1ban \u00e9p\u00edtette [&hellip;]<\/p>\n","protected":false},"author":71,"featured_media":17387,"comment_status":"open","ping_status":"open","sticky":false,"template":"","format":"standard","meta":{"footnotes":""},"categories":[7],"tags":[],"global-categories":[],"class_list":["post-17386","post","type-post","status-publish","format-standard","has-post-thumbnail","hentry","category-trekking-mtb"],"yoast_head":"<!-- This site is optimized with the Yoast SEO Premium plugin v25.3 (Yoast SEO v25.9) - https:\/\/yoast.com\/wordpress\/plugins\/seo\/ -->\n<title>Bou \u00e9s Kortekaas, a \u0160koda Titan Desert Morocco bajnokai<\/title>\n<meta name=\"description\" content=\"K\u00fcl\u00f6nb\u00f6z\u0151 t\u00f6rt\u00e9netek, k\u00fcl\u00f6nb\u00f6z\u0151 eredetek \u00e9s keresztezett sorsok. Roberto Bou egy profi ker\u00e9kp\u00e1ros. Mora de Rubielos-ban sz\u00fcletett, eg\u00e9sz p\u00e1lyafut\u00e1s\u00e1t Katal\u00f3ni\u00e1ban \u00e9p\u00edtette fel, \u00e9s t\u00f6bb mint 6000 kilom\u00e9tert teljes\u00edtett a Titan World Series versenyeken.\" \/>\n<meta name=\"robots\" content=\"index, follow, max-snippet:-1, max-image-preview:large, max-video-preview:-1\" \/>\n<link rel=\"canonical\" href=\"https:\/\/www.welovecycling.com\/hu\/trekking-mtb\/bou-es-kortekaas-a-skoda-titan-desert-morocco-bajnokai\/\" \/>\n<meta property=\"og:locale\" content=\"hu_HU\" \/>\n<meta property=\"og:type\" content=\"article\" \/>\n<meta property=\"og:title\" content=\"Bou \u00e9s Kortekaas, a \u0160koda Titan Desert Morocco bajnokai\" \/>\n<meta property=\"og:description\" content=\"K\u00fcl\u00f6nb\u00f6z\u0151 t\u00f6rt\u00e9netek, k\u00fcl\u00f6nb\u00f6z\u0151 eredetek \u00e9s keresztezett sorsok. Roberto Bou egy profi ker\u00e9kp\u00e1ros. Mora de Rubielos-ban sz\u00fcletett, eg\u00e9sz p\u00e1lyafut\u00e1s\u00e1t Katal\u00f3ni\u00e1ban \u00e9p\u00edtette fel, \u00e9s t\u00f6bb mint 6000 kilom\u00e9tert teljes\u00edtett a Titan World Series versenyeken.\" \/>\n<meta property=\"og:url\" content=\"https:\/\/www.welovecycling.com\/hu\/trekking-mtb\/bou-es-kortekaas-a-skoda-titan-desert-morocco-bajnokai\/\" \/>\n<meta property=\"og:site_name\" content=\"\u0160koda We Love Cycling - Magyarorsz\u00e1g\" \/>\n<meta property=\"article:publisher\" content=\"https:\/\/www.facebook.com\/WeLoveCyclingHungary\/\" \/>\n<meta property=\"article:published_time\" content=\"2023-05-15T06:00:19+00:00\" \/>\n<meta property=\"og:image\" content=\"https:\/\/d2p6e6u75xmxt8.cloudfront.net\/12\/2023\/05\/Kortekaas-Bou-Titan-Desert-CVr.webp\" \/>\n\t<meta property=\"og:image:width\" content=\"990\" \/>\n\t<meta property=\"og:image:height\" content=\"660\" \/>\n\t<meta property=\"og:image:type\" content=\"image\/webp\" \/>\n<meta name=\"author\" content=\"hegyizs\" \/>\n<meta name=\"twitter:card\" content=\"summary_large_image\" \/>\n<meta name=\"twitter:label1\" content=\"Written by\" \/>\n\t<meta name=\"twitter:data1\" content=\"We Love Cycling\" \/>\n\t<meta name=\"twitter:label2\" content=\"Est. reading time\" \/>\n\t<meta name=\"twitter:data2\" content=\"3\" \/>\n<script type=\"application\/ld+json\" class=\"yoast-schema-graph\">{\"@context\":\"https:\/\/schema.org\",\"@graph\":[{\"@type\":\"WebPage\",\"@id\":\"https:\/\/www.welovecycling.com\/hu\/trekking-mtb\/bou-es-kortekaas-a-skoda-titan-desert-morocco-bajnokai\/\",\"url\":\"https:\/\/www.welovecycling.com\/hu\/trekking-mtb\/bou-es-kortekaas-a-skoda-titan-desert-morocco-bajnokai\/\",\"name\":\"Bou \u00e9s Kortekaas, a \u0160koda Titan Desert Morocco bajnokai\",\"isPartOf\":{\"@id\":\"https:\/\/www.welovecycling.com\/hu\/#website\"},\"primaryImageOfPage\":{\"@id\":\"https:\/\/www.welovecycling.com\/hu\/trekking-mtb\/bou-es-kortekaas-a-skoda-titan-desert-morocco-bajnokai\/#primaryimage\"},\"image\":{\"@id\":\"https:\/\/www.welovecycling.com\/hu\/trekking-mtb\/bou-es-kortekaas-a-skoda-titan-desert-morocco-bajnokai\/#primaryimage\"},\"thumbnailUrl\":\"https:\/\/d2p6e6u75xmxt8.cloudfront.net\/12\/2023\/05\/Kortekaas-Bou-Titan-Desert-CVr.webp\",\"datePublished\":\"2023-05-15T06:00:19+00:00\",\"author\":{\"@id\":\"https:\/\/www.welovecycling.com\/hu\/#\/schema\/person\/414a2aebf1801691a5320edb6468e194\"},\"description\":\"K\u00fcl\u00f6nb\u00f6z\u0151 t\u00f6rt\u00e9netek, k\u00fcl\u00f6nb\u00f6z\u0151 eredetek \u00e9s keresztezett sorsok. Roberto Bou egy profi ker\u00e9kp\u00e1ros. Mora de Rubielos-ban sz\u00fcletett, eg\u00e9sz p\u00e1lyafut\u00e1s\u00e1t Katal\u00f3ni\u00e1ban \u00e9p\u00edtette fel, \u00e9s t\u00f6bb mint 6000 kilom\u00e9tert teljes\u00edtett a Titan World Series versenyeken.\",\"breadcrumb\":{\"@id\":\"https:\/\/www.welovecycling.com\/hu\/trekking-mtb\/bou-es-kortekaas-a-skoda-titan-desert-morocco-bajnokai\/#breadcrumb\"},\"inLanguage\":\"hu\",\"potentialAction\":[{\"@type\":\"ReadAction\",\"target\":[\"https:\/\/www.welovecycling.com\/hu\/trekking-mtb\/bou-es-kortekaas-a-skoda-titan-desert-morocco-bajnokai\/\"]}]},{\"@type\":\"ImageObject\",\"inLanguage\":\"hu\",\"@id\":\"https:\/\/www.welovecycling.com\/hu\/trekking-mtb\/bou-es-kortekaas-a-skoda-titan-desert-morocco-bajnokai\/#primaryimage\",\"url\":\"https:\/\/d2p6e6u75xmxt8.cloudfront.net\/12\/2023\/05\/Kortekaas-Bou-Titan-Desert-CVr.webp\",\"contentUrl\":\"https:\/\/d2p6e6u75xmxt8.cloudfront.net\/12\/2023\/05\/Kortekaas-Bou-Titan-Desert-CVr.webp\",\"width\":990,\"height\":660,\"caption\":\"Kortekaas and Bou\"},{\"@type\":\"BreadcrumbList\",\"@id\":\"https:\/\/www.welovecycling.com\/hu\/trekking-mtb\/bou-es-kortekaas-a-skoda-titan-desert-morocco-bajnokai\/#breadcrumb\",\"itemListElement\":[{\"@type\":\"ListItem\",\"position\":1,\"name\":\"Home\",\"item\":\"https:\/\/www.welovecycling.com\/hu\/\"},{\"@type\":\"ListItem\",\"position\":2,\"name\":\"Bou \u00e9s Kortekaas, a \u0160koda Titan Desert Morocco bajnokai\"}]},{\"@type\":\"WebSite\",\"@id\":\"https:\/\/www.welovecycling.com\/hu\/#website\",\"url\":\"https:\/\/www.welovecycling.com\/hu\/\",\"name\":\"\u0160koda We Love Cycling - Magyarorsz\u00e1g\",\"description\":\"\u0160koda WeLoveCycling\",\"potentialAction\":[{\"@type\":\"SearchAction\",\"target\":{\"@type\":\"EntryPoint\",\"urlTemplate\":\"https:\/\/www.welovecycling.com\/hu\/?s={search_term_string}\"},\"query-input\":{\"@type\":\"PropertyValueSpecification\",\"valueRequired\":true,\"valueName\":\"search_term_string\"}}],\"inLanguage\":\"hu\"},{\"@type\":\"Person\",\"@id\":\"https:\/\/www.welovecycling.com\/hu\/#\/schema\/person\/414a2aebf1801691a5320edb6468e194\",\"name\":\"hegyizs\",\"image\":{\"@type\":\"ImageObject\",\"inLanguage\":\"hu\",\"@id\":\"https:\/\/www.welovecycling.com\/hu\/#\/schema\/person\/image\/\",\"url\":\"https:\/\/secure.gravatar.com\/avatar\/02cf8a7906b8cf90cecb4679defac7cfd33a1c2e3b88e4903d947f3bb58eedd3?s=96&d=mm&r=g\",\"contentUrl\":\"https:\/\/secure.gravatar.com\/avatar\/02cf8a7906b8cf90cecb4679defac7cfd33a1c2e3b88e4903d947f3bb58eedd3?s=96&d=mm&r=g\",\"caption\":\"hegyizs\"},\"url\":\"https:\/\/www.welovecycling.com\/hu\/author\/hegyizs\/\"}]}<\/script>\n<!-- \/ Yoast SEO Premium plugin. -->","yoast_head_json":{"title":"Bou \u00e9s Kortekaas, a \u0160koda Titan Desert Morocco bajnokai","description":"K\u00fcl\u00f6nb\u00f6z\u0151 t\u00f6rt\u00e9netek, k\u00fcl\u00f6nb\u00f6z\u0151 eredetek \u00e9s keresztezett sorsok. Roberto Bou egy profi ker\u00e9kp\u00e1ros. Mora de Rubielos-ban sz\u00fcletett, eg\u00e9sz p\u00e1lyafut\u00e1s\u00e1t Katal\u00f3ni\u00e1ban \u00e9p\u00edtette fel, \u00e9s t\u00f6bb mint 6000 kilom\u00e9tert teljes\u00edtett a Titan World Series versenyeken.","robots":{"index":"index","follow":"follow","max-snippet":"max-snippet:-1","max-image-preview":"max-image-preview:large","max-video-preview":"max-video-preview:-1"},"canonical":"https:\/\/www.welovecycling.com\/hu\/trekking-mtb\/bou-es-kortekaas-a-skoda-titan-desert-morocco-bajnokai\/","og_locale":"hu_HU","og_type":"article","og_title":"Bou \u00e9s Kortekaas, a \u0160koda Titan Desert Morocco bajnokai","og_description":"K\u00fcl\u00f6nb\u00f6z\u0151 t\u00f6rt\u00e9netek, k\u00fcl\u00f6nb\u00f6z\u0151 eredetek \u00e9s keresztezett sorsok. Roberto Bou egy profi ker\u00e9kp\u00e1ros. Mora de Rubielos-ban sz\u00fcletett, eg\u00e9sz p\u00e1lyafut\u00e1s\u00e1t Katal\u00f3ni\u00e1ban \u00e9p\u00edtette fel, \u00e9s t\u00f6bb mint 6000 kilom\u00e9tert teljes\u00edtett a Titan World Series versenyeken.","og_url":"https:\/\/www.welovecycling.com\/hu\/trekking-mtb\/bou-es-kortekaas-a-skoda-titan-desert-morocco-bajnokai\/","og_site_name":"\u0160koda We Love Cycling - Magyarorsz\u00e1g","article_publisher":"https:\/\/www.facebook.com\/WeLoveCyclingHungary\/","article_published_time":"2023-05-15T06:00:19+00:00","og_image":[{"width":990,"height":660,"url":"https:\/\/d2p6e6u75xmxt8.cloudfront.net\/12\/2023\/05\/Kortekaas-Bou-Titan-Desert-CVr.webp","type":"image\/webp"}],"author":"hegyizs","twitter_card":"summary_large_image","twitter_misc":{"Written by":"We Love Cycling","Est. reading time":"3"},"schema":{"@context":"https:\/\/schema.org","@graph":[{"@type":"WebPage","@id":"https:\/\/www.welovecycling.com\/hu\/trekking-mtb\/bou-es-kortekaas-a-skoda-titan-desert-morocco-bajnokai\/","url":"https:\/\/www.welovecycling.com\/hu\/trekking-mtb\/bou-es-kortekaas-a-skoda-titan-desert-morocco-bajnokai\/","name":"Bou \u00e9s Kortekaas, a \u0160koda Titan Desert Morocco bajnokai","isPartOf":{"@id":"https:\/\/www.welovecycling.com\/hu\/#website"},"primaryImageOfPage":{"@id":"https:\/\/www.welovecycling.com\/hu\/trekking-mtb\/bou-es-kortekaas-a-skoda-titan-desert-morocco-bajnokai\/#primaryimage"},"image":{"@id":"https:\/\/www.welovecycling.com\/hu\/trekking-mtb\/bou-es-kortekaas-a-skoda-titan-desert-morocco-bajnokai\/#primaryimage"},"thumbnailUrl":"https:\/\/d2p6e6u75xmxt8.cloudfront.net\/12\/2023\/05\/Kortekaas-Bou-Titan-Desert-CVr.webp","datePublished":"2023-05-15T06:00:19+00:00","author":{"@id":"https:\/\/www.welovecycling.com\/hu\/#\/schema\/person\/414a2aebf1801691a5320edb6468e194"},"description":"K\u00fcl\u00f6nb\u00f6z\u0151 t\u00f6rt\u00e9netek, k\u00fcl\u00f6nb\u00f6z\u0151 eredetek \u00e9s keresztezett sorsok. Roberto Bou egy profi ker\u00e9kp\u00e1ros. Mora de Rubielos-ban sz\u00fcletett, eg\u00e9sz p\u00e1lyafut\u00e1s\u00e1t Katal\u00f3ni\u00e1ban \u00e9p\u00edtette fel, \u00e9s t\u00f6bb mint 6000 kilom\u00e9tert teljes\u00edtett a Titan World Series versenyeken.","breadcrumb":{"@id":"https:\/\/www.welovecycling.com\/hu\/trekking-mtb\/bou-es-kortekaas-a-skoda-titan-desert-morocco-bajnokai\/#breadcrumb"},"inLanguage":"hu","potentialAction":[{"@type":"ReadAction","target":["https:\/\/www.welovecycling.com\/hu\/trekking-mtb\/bou-es-kortekaas-a-skoda-titan-desert-morocco-bajnokai\/"]}]},{"@type":"ImageObject","inLanguage":"hu","@id":"https:\/\/www.welovecycling.com\/hu\/trekking-mtb\/bou-es-kortekaas-a-skoda-titan-desert-morocco-bajnokai\/#primaryimage","url":"https:\/\/d2p6e6u75xmxt8.cloudfront.net\/12\/2023\/05\/Kortekaas-Bou-Titan-Desert-CVr.webp","contentUrl":"https:\/\/d2p6e6u75xmxt8.cloudfront.net\/12\/2023\/05\/Kortekaas-Bou-Titan-Desert-CVr.webp","width":990,"height":660,"caption":"Kortekaas and Bou"},{"@type":"BreadcrumbList","@id":"https:\/\/www.welovecycling.com\/hu\/trekking-mtb\/bou-es-kortekaas-a-skoda-titan-desert-morocco-bajnokai\/#breadcrumb","itemListElement":[{"@type":"ListItem","position":1,"name":"Home","item":"https:\/\/www.welovecycling.com\/hu\/"},{"@type":"ListItem","position":2,"name":"Bou \u00e9s Kortekaas, a \u0160koda Titan Desert Morocco bajnokai"}]},{"@type":"WebSite","@id":"https:\/\/www.welovecycling.com\/hu\/#website","url":"https:\/\/www.welovecycling.com\/hu\/","name":"\u0160koda We Love Cycling - Magyarorsz\u00e1g","description":"\u0160koda WeLoveCycling","potentialAction":[{"@type":"SearchAction","target":{"@type":"EntryPoint","urlTemplate":"https:\/\/www.welovecycling.com\/hu\/?s={search_term_string}"},"query-input":{"@type":"PropertyValueSpecification","valueRequired":true,"valueName":"search_term_string"}}],"inLanguage":"hu"},{"@type":"Person","@id":"https:\/\/www.welovecycling.com\/hu\/#\/schema\/person\/414a2aebf1801691a5320edb6468e194","name":"hegyizs","image":{"@type":"ImageObject","inLanguage":"hu","@id":"https:\/\/www.welovecycling.com\/hu\/#\/schema\/person\/image\/","url":"https:\/\/secure.gravatar.com\/avatar\/02cf8a7906b8cf90cecb4679defac7cfd33a1c2e3b88e4903d947f3bb58eedd3?s=96&d=mm&r=g","contentUrl":"https:\/\/secure.gravatar.com\/avatar\/02cf8a7906b8cf90cecb4679defac7cfd33a1c2e3b88e4903d947f3bb58eedd3?s=96&d=mm&r=g","caption":"hegyizs"},"url":"https:\/\/www.welovecycling.com\/hu\/author\/hegyizs\/"}]}},"_links":{"self":[{"href":"https:\/\/www.welovecycling.com\/hu\/wp-json\/wp\/v2\/posts\/17386","targetHints":{"allow":["GET"]}}],"collection":[{"href":"https:\/\/www.welovecycling.com\/hu\/wp-json\/wp\/v2\/posts"}],"about":[{"href":"https:\/\/www.welovecycling.com\/hu\/wp-json\/wp\/v2\/types\/post"}],"author":[{"embeddable":true,"href":"https:\/\/www.welovecycling.com\/hu\/wp-json\/wp\/v2\/users\/71"}],"replies":[{"embeddable":true,"href":"https:\/\/www.welovecycling.com\/hu\/wp-json\/wp\/v2\/comments?post=17386"}],"version-history":[{"count":1,"href":"https:\/\/www.welovecycling.com\/hu\/wp-json\/wp\/v2\/posts\/17386\/revisions"}],"predecessor-version":[{"id":17394,"href":"https:\/\/www.welovecycling.com\/hu\/wp-json\/wp\/v2\/posts\/17386\/revisions\/17394"}],"wp:featuredmedia":[{"embeddable":true,"href":"https:\/\/www.welovecycling.com\/hu\/wp-json\/wp\/v2\/media\/17387"}],"wp:attachment":[{"href":"https:\/\/www.welovecycling.com\/hu\/wp-json\/wp\/v2\/media?parent=17386"}],"wp:term":[{"taxonomy":"category","embeddable":true,"href":"https:\/\/www.welovecycling.com\/hu\/wp-json\/wp\/v2\/categories?post=17386"},{"taxonomy":"post_tag","embeddable":true,"href":"https:\/\/www.welovecycling.com\/hu\/wp-json\/wp\/v2\/tags?post=17386"},{"taxonomy":"global-categories","embeddable":true,"href":"https:\/\/www.welovecycling.com\/hu\/wp-json\/wp\/v2\/global-categories?post=17386"}],"curies":[{"name":"wp","href":"https:\/\/api.w.org\/{rel}","templated":true}]}}