{"id":17378,"date":"2023-05-12T09:30:27","date_gmt":"2023-05-12T07:30:27","guid":{"rendered":"https:\/\/www.welovecycling.com\/hu\/?p=17378"},"modified":"2023-05-12T09:30:27","modified_gmt":"2023-05-12T07:30:27","slug":"jakobsen-mindenkit-lesprintelt-a-vizes-csutortoki-szakaszon-keszthelyen","status":"publish","type":"post","link":"https:\/\/www.welovecycling.com\/hu\/tour-de-hongrie\/jakobsen-mindenkit-lesprintelt-a-vizes-csutortoki-szakaszon-keszthelyen\/","title":{"rendered":"Jakobsen mindenkit lesprintelt a vizes cs\u00fct\u00f6rt\u00f6ki szakaszon Keszthelyen"},"content":{"rendered":"<p><strong>A Tour de Hongrie m\u00e1sodik etapj\u00e1nak kaotikus v\u00e9gj\u00e1t\u00e9ka ut\u00e1n a holland szt\u00e1rsprinter \u00f6r\u00fclhetett, aki \u00edgy egy\u00fattal a s\u00e1rga trik\u00f3t is \u00e1tvette \u00e1d\u00e1z riv\u00e1lis\u00e1t\u00f3l, Dylan Groenewegent\u0151l.<\/strong><\/p>\n<p><!--more--><\/p>\n<p>Egy j\u00f3 h\u00edr m\u00e1r a Tour de Hongrie m\u00e1sodik szakasz\u00e1nak elstartol\u00e1sa el\u0151ttre is jutott a magyar ker\u00e9kp\u00e1rkedvel\u0151knek \u00e9s a szervez\u0151knek: az idei verseny egyik, ha nem a legnagyobb neve, Egan Bernal egy nappal kor\u00e1bbi nagy buk\u00e1sa ellen\u00e9re folytatni tudta a viadalt. Csapatt\u00e1rsa, a szerdai buk\u00e1sban ugyancsak \u00e9rintett Luke Plapp viszont m\u00e1r nem volt ilyen szerencs\u00e9s, az ausztr\u00e1l bajnok agyr\u00e1zk\u00f3d\u00e1s miatt m\u00e1r nem lehetett ott a zalaegerszegi rajtn\u00e1l.<\/p>\n<p><a href=\"https:\/\/d2p6e6u75xmxt8.cloudfront.net\/12\/2023\/05\/cover-1683789416.webp\"><img loading=\"lazy\" decoding=\"async\" class=\"alignnone size-full wp-image-17384\" src=\"https:\/\/d2p6e6u75xmxt8.cloudfront.net\/12\/2023\/05\/cover-1683789416.webp\" alt=\"\" width=\"2048\" height=\"1365\" srcset=\"https:\/\/d2p6e6u75xmxt8.cloudfront.net\/12\/2023\/05\/cover-1683789416.webp 2048w, https:\/\/d2p6e6u75xmxt8.cloudfront.net\/12\/2023\/05\/cover-1683789416-300x200.webp 300w, https:\/\/d2p6e6u75xmxt8.cloudfront.net\/12\/2023\/05\/cover-1683789416-1024x683.webp 1024w, https:\/\/d2p6e6u75xmxt8.cloudfront.net\/12\/2023\/05\/cover-1683789416-768x512.webp 768w, https:\/\/d2p6e6u75xmxt8.cloudfront.net\/12\/2023\/05\/cover-1683789416-1536x1024.webp 1536w, https:\/\/d2p6e6u75xmxt8.cloudfront.net\/12\/2023\/05\/cover-1683789416-1920x1280.webp 1920w, https:\/\/d2p6e6u75xmxt8.cloudfront.net\/12\/2023\/05\/cover-1683789416-400x267.webp 400w, https:\/\/d2p6e6u75xmxt8.cloudfront.net\/12\/2023\/05\/cover-1683789416-272x182.webp 272w, https:\/\/d2p6e6u75xmxt8.cloudfront.net\/12\/2023\/05\/cover-1683789416-1920x1280.webp 1920w\" sizes=\"auto, (max-width: 2048px) 100vw, 2048px\" \/><\/a><\/p>\n<p>Ahol is felh\u0151s, borong\u00f3s id\u0151 v\u00e1rta a mez\u0151nyt, m\u00e1r itt sejteni lehetett, ezt a napot \u2013 az el\u0151rejelz\u00e9seknek megfelel\u0151en \u2013 nem \u00fassza meg es\u0151 n\u00e9lk\u00fcl a peloton. A szerdai nyit\u00f3 etaphoz hasonl\u00f3an r\u00f6gt\u00f6n a rajt ut\u00e1n elkezd\u0151d\u00f6tt a helyezked\u00e9s az elmen\u00e9sbe ker\u00fcl\u00e9s\u00e9rt, \u00e9s ez\u00fattal is siker\u00fclt egy csoportnak kor\u00e1n elszakadnia \u2013 b\u00e1rmennyire is igyekezett, az el\u0151z\u0151 napot v\u00e9gigsz\u00f6k\u0151, s ennek k\u00f6sz\u00f6nhet\u0151en az \u00f6sszetett m\u00e1sodik hely\u00e9n \u00e1ll\u00f3, piros trik\u00f3s Mat\u00fas Stocek most nem tudott odaker\u00fclni. Csapatt\u00e1rsa, a szint\u00e9n ATT-s Daniel Turek viszont igen, m\u00e9ghozz\u00e1 negyedmag\u00e1val: a magyar v\u00e1logatott Hrenk\u00f3 Norberttel, valamint Emil Dim\u00e1val \u00e9s Filippo Ridolf\u00f3val.<a href=\"https:\/\/d2p6e6u75xmxt8.cloudfront.net\/12\/2023\/05\/345615394_188651787420569_3908276448855835586_n.webp\"><\/p>\n<p><\/a><a href=\"https:\/\/d2p6e6u75xmxt8.cloudfront.net\/12\/2023\/05\/345615394_188651787420569_3908276448855835586_n.webp\"><img loading=\"lazy\" decoding=\"async\" class=\"alignnone size-full wp-image-17380\" src=\"https:\/\/d2p6e6u75xmxt8.cloudfront.net\/12\/2023\/05\/345615394_188651787420569_3908276448855835586_n.webp\" alt=\"\" width=\"2048\" height=\"1364\" srcset=\"https:\/\/d2p6e6u75xmxt8.cloudfront.net\/12\/2023\/05\/345615394_188651787420569_3908276448855835586_n.webp 2048w, https:\/\/d2p6e6u75xmxt8.cloudfront.net\/12\/2023\/05\/345615394_188651787420569_3908276448855835586_n-300x200.webp 300w, https:\/\/d2p6e6u75xmxt8.cloudfront.net\/12\/2023\/05\/345615394_188651787420569_3908276448855835586_n-1024x682.webp 1024w, https:\/\/d2p6e6u75xmxt8.cloudfront.net\/12\/2023\/05\/345615394_188651787420569_3908276448855835586_n-768x512.webp 768w, https:\/\/d2p6e6u75xmxt8.cloudfront.net\/12\/2023\/05\/345615394_188651787420569_3908276448855835586_n-1536x1023.webp 1536w, https:\/\/d2p6e6u75xmxt8.cloudfront.net\/12\/2023\/05\/345615394_188651787420569_3908276448855835586_n-1920x1279.webp 1920w, https:\/\/d2p6e6u75xmxt8.cloudfront.net\/12\/2023\/05\/345615394_188651787420569_3908276448855835586_n-400x266.webp 400w, https:\/\/d2p6e6u75xmxt8.cloudfront.net\/12\/2023\/05\/345615394_188651787420569_3908276448855835586_n-272x182.webp 272w, https:\/\/d2p6e6u75xmxt8.cloudfront.net\/12\/2023\/05\/345615394_188651787420569_3908276448855835586_n-1920x1279.webp 1920w\" sizes=\"auto, (max-width: 2048px) 100vw, 2048px\" \/><\/a>Az elmen\u00e9st a f\u0151mez\u0151ny h\u00e1rom \u00e9s f\u00e9l-n\u00e9gy perc k\u00f6r\u00fcl tartotta szinte v\u00e9gig, a sz\u00f6kev\u00e9nyek k\u00f6z\u00fcl pedig ez\u00fattal Ridolfo kezdett pontgy\u0171jt\u0151 akci\u00f3ba a r\u00e9szhajr\u00e1kn\u00e1l, az els\u0151 n\u00e9gyb\u0151l h\u00e1rmat is begy\u0171jt\u00f6tt. K\u00f6zben Hrenk\u00f3 megpr\u00f3b\u00e1lkozott egy akci\u00f3val, de visszafel\u00e9 s\u00fclt el, lemaradt sz\u00f6kev\u00e9nyt\u00e1rsait\u00f3l, akik \u00edgy h\u00e1rman folytatt\u00e1k tov\u00e1bb. Ahogy a mez\u0151ny haladt a Balaton fel\u00e9, \u00fagy er\u0151s\u00f6d\u00f6tt az oldalsz\u00e9l, majd az es\u0151 is r\u00e1kezdett. Dim\u00e1t m\u00e1r az utols\u00f3, lesencefalui emelked\u0151 el\u0151tt elkapta a boly, Tureket is Ridolf\u00f3t pedig 10 kilom\u00e9terrel a keszthelyi c\u00e9l el\u0151tt.<\/p>\n<p><a href=\"https:\/\/d2p6e6u75xmxt8.cloudfront.net\/12\/2023\/05\/345614117_789580935829754_7804720336889240335_n.webp\"><img loading=\"lazy\" decoding=\"async\" class=\"alignnone size-full wp-image-17382\" src=\"https:\/\/d2p6e6u75xmxt8.cloudfront.net\/12\/2023\/05\/345614117_789580935829754_7804720336889240335_n.webp\" alt=\"\" width=\"2048\" height=\"1365\" srcset=\"https:\/\/d2p6e6u75xmxt8.cloudfront.net\/12\/2023\/05\/345614117_789580935829754_7804720336889240335_n.webp 2048w, https:\/\/d2p6e6u75xmxt8.cloudfront.net\/12\/2023\/05\/345614117_789580935829754_7804720336889240335_n-300x200.webp 300w, https:\/\/d2p6e6u75xmxt8.cloudfront.net\/12\/2023\/05\/345614117_789580935829754_7804720336889240335_n-1024x683.webp 1024w, https:\/\/d2p6e6u75xmxt8.cloudfront.net\/12\/2023\/05\/345614117_789580935829754_7804720336889240335_n-768x512.webp 768w, https:\/\/d2p6e6u75xmxt8.cloudfront.net\/12\/2023\/05\/345614117_789580935829754_7804720336889240335_n-1536x1024.webp 1536w, https:\/\/d2p6e6u75xmxt8.cloudfront.net\/12\/2023\/05\/345614117_789580935829754_7804720336889240335_n-1920x1280.webp 1920w, https:\/\/d2p6e6u75xmxt8.cloudfront.net\/12\/2023\/05\/345614117_789580935829754_7804720336889240335_n-400x267.webp 400w, https:\/\/d2p6e6u75xmxt8.cloudfront.net\/12\/2023\/05\/345614117_789580935829754_7804720336889240335_n-272x182.webp 272w, https:\/\/d2p6e6u75xmxt8.cloudfront.net\/12\/2023\/05\/345614117_789580935829754_7804720336889240335_n-1920x1280.webp 1920w\" sizes=\"auto, (max-width: 2048px) 100vw, 2048px\" \/><\/a><\/p>\n<p>Sajnos ez a nap sem m\u00falt el buk\u00e1s n\u00e9lk\u00fcl, r\u00e1ad\u00e1sul ism\u00e9t egy nagyobb n\u00e9v, a TdH k\u00e9t \u00e9vvel ezel\u0151tti gy\u0151ztese, Damien Howson is \u00e9rintett volt benne. Keszthelyre meg\u00e9rkezve m\u00e1r rendesen esett az es\u0151, a csuromvizes aszfalton nem volt egyszer\u0171 dolguk a felvezet\u0151vonatoknak \u00e9s az \u0151ket k\u00f6vetni igyekv\u0151 sprintereknek sem. Volt is kisebb k\u00e1osz, Caleb Ewan p\u00e9ld\u00e1ul a DSM vonat\u00e1t leker\u00fclve pr\u00f3b\u00e1lt ind\u00edtani, de t\u00fal kor\u00e1n tette; helyette \u00edgy Fabio Jakobsen \u00e9s Phil Bauhaus v\u00edvott meg egym\u00e1ssal a szakaszsiker\u00e9rt \u2013 a holland extraklasszisn\u00e1l ezen a napon nem volt er\u0151sebb, a kor\u00e1bbi k\u00e9tszeres etapgy\u0151ztes n\u00e9metnek ez\u00fattal meg kellett el\u00e9gedni a m\u00e1sodik hely\u00e9rt, Ewan pedig csak a 7. helyen tudott v\u00e9g\u00fcl meg\u00e9rkezni. A legjobb magyar ism\u00e9t Karl \u00c1d\u00e1m lett, a szerdai 18. helye ut\u00e1n a Balaton f\u0151v\u00e1ros\u00e1b\u00f3l egy 21. helyet hozott, \u00edgy az els\u0151 k\u00e9t nap ut\u00e1n m\u00e1ris k\u00e9t top 20 k\u00f6r\u00fcli eredm\u00e9nnyel b\u00fcszk\u00e9lkedhet a vil\u00e1gsz\u00ednvonal\u00fa mez\u0151nyben, ami remek teljes\u00edtm\u00e9ny.<\/p>\n<p><a href=\"https:\/\/d2p6e6u75xmxt8.cloudfront.net\/12\/2023\/05\/345642694_3501105853540095_6775453201577159700_n.webp\"><img loading=\"lazy\" decoding=\"async\" class=\"alignnone size-full wp-image-17381\" src=\"https:\/\/d2p6e6u75xmxt8.cloudfront.net\/12\/2023\/05\/345642694_3501105853540095_6775453201577159700_n.webp\" alt=\"\" width=\"2048\" height=\"1365\" srcset=\"https:\/\/d2p6e6u75xmxt8.cloudfront.net\/12\/2023\/05\/345642694_3501105853540095_6775453201577159700_n.webp 2048w, https:\/\/d2p6e6u75xmxt8.cloudfront.net\/12\/2023\/05\/345642694_3501105853540095_6775453201577159700_n-300x200.webp 300w, https:\/\/d2p6e6u75xmxt8.cloudfront.net\/12\/2023\/05\/345642694_3501105853540095_6775453201577159700_n-1024x683.webp 1024w, https:\/\/d2p6e6u75xmxt8.cloudfront.net\/12\/2023\/05\/345642694_3501105853540095_6775453201577159700_n-768x512.webp 768w, https:\/\/d2p6e6u75xmxt8.cloudfront.net\/12\/2023\/05\/345642694_3501105853540095_6775453201577159700_n-1536x1024.webp 1536w, https:\/\/d2p6e6u75xmxt8.cloudfront.net\/12\/2023\/05\/345642694_3501105853540095_6775453201577159700_n-1920x1280.webp 1920w, https:\/\/d2p6e6u75xmxt8.cloudfront.net\/12\/2023\/05\/345642694_3501105853540095_6775453201577159700_n-400x267.webp 400w, https:\/\/d2p6e6u75xmxt8.cloudfront.net\/12\/2023\/05\/345642694_3501105853540095_6775453201577159700_n-272x182.webp 272w, https:\/\/d2p6e6u75xmxt8.cloudfront.net\/12\/2023\/05\/345642694_3501105853540095_6775453201577159700_n-1920x1280.webp 1920w\" sizes=\"auto, (max-width: 2048px) 100vw, 2048px\" \/><\/a><\/p>\n<p>Jakobsen siker\u00e9vel az \u00f6sszetett \u00e9llovasnak j\u00e1r\u00f3 s\u00e1rga trik\u00f3t is \u00e1tvehette \u00e1d\u00e1z riv\u00e1lis\u00e1t\u00f3l, a vele azonos id\u0151vel \u00e1ll\u00f3, szerdai gy\u0151ztes Dylan Groenewegent\u0151l, Bauhaus a sprintertrik\u00f3val vigasztal\u00f3dhatott, a pirosat ellenben megtartotta az utols\u00f3 hegyi r\u00e9szhajr\u00e1n\u00e1l harmadikk\u00e9nt be\u00e9r\u0151 Stocek, m\u00edg a legjobb magyart illet\u0151 feh\u00e9rben v\u00e1ltozatlanul a 11. helyre lejjebb cs\u00fasz\u00f3 R\u00f3zsa Bal\u00e1zs fesz\u00edt majd. Folytat\u00e1s p\u00e9nteken, m\u00e1r egy j\u00f3val kem\u00e9nyebb szakasszal, a Mecsekben, Kaposv\u00e1r \u00e9s P\u00e9cs k\u00f6z\u00f6tt.<\/p>\n<p><a href=\"https:\/\/d2p6e6u75xmxt8.cloudfront.net\/12\/2023\/05\/345635828_619554613534978_1319519477182892612_n.webp\"><img loading=\"lazy\" decoding=\"async\" class=\"alignnone size-full wp-image-17383\" src=\"https:\/\/d2p6e6u75xmxt8.cloudfront.net\/12\/2023\/05\/345635828_619554613534978_1319519477182892612_n.webp\" alt=\"\" width=\"2048\" height=\"1365\" srcset=\"https:\/\/d2p6e6u75xmxt8.cloudfront.net\/12\/2023\/05\/345635828_619554613534978_1319519477182892612_n.webp 2048w, https:\/\/d2p6e6u75xmxt8.cloudfront.net\/12\/2023\/05\/345635828_619554613534978_1319519477182892612_n-300x200.webp 300w, https:\/\/d2p6e6u75xmxt8.cloudfront.net\/12\/2023\/05\/345635828_619554613534978_1319519477182892612_n-1024x683.webp 1024w, https:\/\/d2p6e6u75xmxt8.cloudfront.net\/12\/2023\/05\/345635828_619554613534978_1319519477182892612_n-768x512.webp 768w, https:\/\/d2p6e6u75xmxt8.cloudfront.net\/12\/2023\/05\/345635828_619554613534978_1319519477182892612_n-1536x1024.webp 1536w, https:\/\/d2p6e6u75xmxt8.cloudfront.net\/12\/2023\/05\/345635828_619554613534978_1319519477182892612_n-1920x1280.webp 1920w, https:\/\/d2p6e6u75xmxt8.cloudfront.net\/12\/2023\/05\/345635828_619554613534978_1319519477182892612_n-400x267.webp 400w, https:\/\/d2p6e6u75xmxt8.cloudfront.net\/12\/2023\/05\/345635828_619554613534978_1319519477182892612_n-272x182.webp 272w, https:\/\/d2p6e6u75xmxt8.cloudfront.net\/12\/2023\/05\/345635828_619554613534978_1319519477182892612_n-1920x1280.webp 1920w\" sizes=\"auto, (max-width: 2048px) 100vw, 2048px\" \/><\/a><\/p>\n<p>fot\u00f3k: TdH<\/p>\n","protected":false},"excerpt":{"rendered":"<p>A Tour de Hongrie m\u00e1sodik etapj\u00e1nak kaotikus v\u00e9gj\u00e1t\u00e9ka ut\u00e1n a holland szt\u00e1rsprinter \u00f6r\u00fclhetett, aki \u00edgy egy\u00fattal a s\u00e1rga trik\u00f3t is [&hellip;]<\/p>\n","protected":false},"author":145,"featured_media":17379,"comment_status":"open","ping_status":"open","sticky":false,"template":"","format":"standard","meta":{"footnotes":""},"categories":[463,462],"tags":[476],"global-categories":[419],"class_list":["post-17378","post","type-post","status-publish","format-standard","has-post-thumbnail","hentry","category-napi-osszefoglalo","category-tour-de-hongrie","tag-tdh2023","global-categories-cycling"],"yoast_head":"<!-- This site is optimized with the Yoast SEO Premium plugin v25.3 (Yoast SEO v25.9) - https:\/\/yoast.com\/wordpress\/plugins\/seo\/ -->\n<title>Jakobsen mindenkit lesprintelt a vizes cs\u00fct\u00f6rt\u00f6ki szakaszon Keszthelyen - \u0160koda We Love Cycling - Magyarorsz\u00e1g<\/title>\n<meta name=\"description\" content=\"A Tour de Hongrie m\u00e1sodik etapj\u00e1nak kaotikus v\u00e9gj\u00e1t\u00e9ka ut\u00e1n a holland szt\u00e1rsprinter \u00f6r\u00fclhetett, aki \u00edgy egy\u00fattal a s\u00e1rga trik\u00f3t is \u00e1tvette \u00e1d\u00e1z riv\u00e1lis\u00e1t\u00f3l, Dylan Groenewegent\u0151l.\" \/>\n<meta name=\"robots\" content=\"index, follow, max-snippet:-1, max-image-preview:large, max-video-preview:-1\" \/>\n<link rel=\"canonical\" href=\"https:\/\/www.welovecycling.com\/hu\/tour-de-hongrie\/jakobsen-mindenkit-lesprintelt-a-vizes-csutortoki-szakaszon-keszthelyen\/\" \/>\n<meta property=\"og:locale\" content=\"hu_HU\" \/>\n<meta property=\"og:type\" content=\"article\" \/>\n<meta property=\"og:title\" content=\"Jakobsen mindenkit lesprintelt a vizes cs\u00fct\u00f6rt\u00f6ki szakaszon Keszthelyen\" \/>\n<meta property=\"og:description\" content=\"A Tour de Hongrie m\u00e1sodik etapj\u00e1nak kaotikus v\u00e9gj\u00e1t\u00e9ka ut\u00e1n a holland szt\u00e1rsprinter \u00f6r\u00fclhetett, aki \u00edgy egy\u00fattal a s\u00e1rga trik\u00f3t is \u00e1tvette \u00e1d\u00e1z riv\u00e1lis\u00e1t\u00f3l, Dylan Groenewegent\u0151l.\" \/>\n<meta property=\"og:url\" content=\"https:\/\/www.welovecycling.com\/hu\/tour-de-hongrie\/jakobsen-mindenkit-lesprintelt-a-vizes-csutortoki-szakaszon-keszthelyen\/\" \/>\n<meta property=\"og:site_name\" content=\"\u0160koda We Love Cycling - Magyarorsz\u00e1g\" \/>\n<meta property=\"article:publisher\" content=\"https:\/\/www.facebook.com\/WeLoveCyclingHungary\/\" \/>\n<meta property=\"article:published_time\" content=\"2023-05-12T07:30:27+00:00\" \/>\n<meta property=\"og:image\" content=\"https:\/\/d2p6e6u75xmxt8.cloudfront.net\/12\/2023\/05\/345648617_989319259100244_2908991045848697732_n.webp\" \/>\n\t<meta property=\"og:image:width\" content=\"2048\" \/>\n\t<meta property=\"og:image:height\" content=\"1365\" \/>\n\t<meta property=\"og:image:type\" content=\"image\/webp\" \/>\n<meta name=\"author\" content=\"kitti\" \/>\n<meta name=\"twitter:card\" content=\"summary_large_image\" \/>\n<meta name=\"twitter:label1\" content=\"Written by\" \/>\n\t<meta name=\"twitter:data1\" content=\"We Love Cycling\" \/>\n\t<meta name=\"twitter:label2\" content=\"Est. reading time\" \/>\n\t<meta name=\"twitter:data2\" content=\"4 minutes\" \/>\n<script type=\"application\/ld+json\" class=\"yoast-schema-graph\">{\"@context\":\"https:\/\/schema.org\",\"@graph\":[{\"@type\":\"WebPage\",\"@id\":\"https:\/\/www.welovecycling.com\/hu\/tour-de-hongrie\/jakobsen-mindenkit-lesprintelt-a-vizes-csutortoki-szakaszon-keszthelyen\/\",\"url\":\"https:\/\/www.welovecycling.com\/hu\/tour-de-hongrie\/jakobsen-mindenkit-lesprintelt-a-vizes-csutortoki-szakaszon-keszthelyen\/\",\"name\":\"Jakobsen mindenkit lesprintelt a vizes cs\u00fct\u00f6rt\u00f6ki szakaszon Keszthelyen - \u0160koda We Love Cycling - Magyarorsz\u00e1g\",\"isPartOf\":{\"@id\":\"https:\/\/www.welovecycling.com\/hu\/#website\"},\"primaryImageOfPage\":{\"@id\":\"https:\/\/www.welovecycling.com\/hu\/tour-de-hongrie\/jakobsen-mindenkit-lesprintelt-a-vizes-csutortoki-szakaszon-keszthelyen\/#primaryimage\"},\"image\":{\"@id\":\"https:\/\/www.welovecycling.com\/hu\/tour-de-hongrie\/jakobsen-mindenkit-lesprintelt-a-vizes-csutortoki-szakaszon-keszthelyen\/#primaryimage\"},\"thumbnailUrl\":\"https:\/\/d2p6e6u75xmxt8.cloudfront.net\/12\/2023\/05\/345648617_989319259100244_2908991045848697732_n.webp\",\"datePublished\":\"2023-05-12T07:30:27+00:00\",\"author\":{\"@id\":\"https:\/\/www.welovecycling.com\/hu\/#\/schema\/person\/bec7dcdbcc59f58489cf603e4040ced1\"},\"description\":\"A Tour de Hongrie m\u00e1sodik etapj\u00e1nak kaotikus v\u00e9gj\u00e1t\u00e9ka ut\u00e1n a holland szt\u00e1rsprinter \u00f6r\u00fclhetett, aki \u00edgy egy\u00fattal a s\u00e1rga trik\u00f3t is \u00e1tvette \u00e1d\u00e1z riv\u00e1lis\u00e1t\u00f3l, Dylan Groenewegent\u0151l.\",\"breadcrumb\":{\"@id\":\"https:\/\/www.welovecycling.com\/hu\/tour-de-hongrie\/jakobsen-mindenkit-lesprintelt-a-vizes-csutortoki-szakaszon-keszthelyen\/#breadcrumb\"},\"inLanguage\":\"hu\",\"potentialAction\":[{\"@type\":\"ReadAction\",\"target\":[\"https:\/\/www.welovecycling.com\/hu\/tour-de-hongrie\/jakobsen-mindenkit-lesprintelt-a-vizes-csutortoki-szakaszon-keszthelyen\/\"]}]},{\"@type\":\"ImageObject\",\"inLanguage\":\"hu\",\"@id\":\"https:\/\/www.welovecycling.com\/hu\/tour-de-hongrie\/jakobsen-mindenkit-lesprintelt-a-vizes-csutortoki-szakaszon-keszthelyen\/#primaryimage\",\"url\":\"https:\/\/d2p6e6u75xmxt8.cloudfront.net\/12\/2023\/05\/345648617_989319259100244_2908991045848697732_n.webp\",\"contentUrl\":\"https:\/\/d2p6e6u75xmxt8.cloudfront.net\/12\/2023\/05\/345648617_989319259100244_2908991045848697732_n.webp\",\"width\":2048,\"height\":1365},{\"@type\":\"BreadcrumbList\",\"@id\":\"https:\/\/www.welovecycling.com\/hu\/tour-de-hongrie\/jakobsen-mindenkit-lesprintelt-a-vizes-csutortoki-szakaszon-keszthelyen\/#breadcrumb\",\"itemListElement\":[{\"@type\":\"ListItem\",\"position\":1,\"name\":\"Home\",\"item\":\"https:\/\/www.welovecycling.com\/hu\/\"},{\"@type\":\"ListItem\",\"position\":2,\"name\":\"Jakobsen mindenkit lesprintelt a vizes cs\u00fct\u00f6rt\u00f6ki szakaszon Keszthelyen\"}]},{\"@type\":\"WebSite\",\"@id\":\"https:\/\/www.welovecycling.com\/hu\/#website\",\"url\":\"https:\/\/www.welovecycling.com\/hu\/\",\"name\":\"\u0160koda We Love Cycling - Magyarorsz\u00e1g\",\"description\":\"\u0160koda WeLoveCycling\",\"potentialAction\":[{\"@type\":\"SearchAction\",\"target\":{\"@type\":\"EntryPoint\",\"urlTemplate\":\"https:\/\/www.welovecycling.com\/hu\/?s={search_term_string}\"},\"query-input\":{\"@type\":\"PropertyValueSpecification\",\"valueRequired\":true,\"valueName\":\"search_term_string\"}}],\"inLanguage\":\"hu\"},{\"@type\":\"Person\",\"@id\":\"https:\/\/www.welovecycling.com\/hu\/#\/schema\/person\/bec7dcdbcc59f58489cf603e4040ced1\",\"name\":\"kitti\",\"image\":{\"@type\":\"ImageObject\",\"inLanguage\":\"hu\",\"@id\":\"https:\/\/www.welovecycling.com\/hu\/#\/schema\/person\/image\/\",\"url\":\"https:\/\/secure.gravatar.com\/avatar\/e3196a110e1b57b96f56d92d10ce9bb4e9d7210076832a16243337e949410b52?s=96&d=mm&r=g\",\"contentUrl\":\"https:\/\/secure.gravatar.com\/avatar\/e3196a110e1b57b96f56d92d10ce9bb4e9d7210076832a16243337e949410b52?s=96&d=mm&r=g\",\"caption\":\"kitti\"},\"url\":\"https:\/\/www.welovecycling.com\/hu\/author\/kitti\/\"}]}<\/script>\n<!-- \/ Yoast SEO Premium plugin. -->","yoast_head_json":{"title":"Jakobsen mindenkit lesprintelt a vizes cs\u00fct\u00f6rt\u00f6ki szakaszon Keszthelyen - \u0160koda We Love Cycling - Magyarorsz\u00e1g","description":"A Tour de Hongrie m\u00e1sodik etapj\u00e1nak kaotikus v\u00e9gj\u00e1t\u00e9ka ut\u00e1n a holland szt\u00e1rsprinter \u00f6r\u00fclhetett, aki \u00edgy egy\u00fattal a s\u00e1rga trik\u00f3t is \u00e1tvette \u00e1d\u00e1z riv\u00e1lis\u00e1t\u00f3l, Dylan Groenewegent\u0151l.","robots":{"index":"index","follow":"follow","max-snippet":"max-snippet:-1","max-image-preview":"max-image-preview:large","max-video-preview":"max-video-preview:-1"},"canonical":"https:\/\/www.welovecycling.com\/hu\/tour-de-hongrie\/jakobsen-mindenkit-lesprintelt-a-vizes-csutortoki-szakaszon-keszthelyen\/","og_locale":"hu_HU","og_type":"article","og_title":"Jakobsen mindenkit lesprintelt a vizes cs\u00fct\u00f6rt\u00f6ki szakaszon Keszthelyen","og_description":"A Tour de Hongrie m\u00e1sodik etapj\u00e1nak kaotikus v\u00e9gj\u00e1t\u00e9ka ut\u00e1n a holland szt\u00e1rsprinter \u00f6r\u00fclhetett, aki \u00edgy egy\u00fattal a s\u00e1rga trik\u00f3t is \u00e1tvette \u00e1d\u00e1z riv\u00e1lis\u00e1t\u00f3l, Dylan Groenewegent\u0151l.","og_url":"https:\/\/www.welovecycling.com\/hu\/tour-de-hongrie\/jakobsen-mindenkit-lesprintelt-a-vizes-csutortoki-szakaszon-keszthelyen\/","og_site_name":"\u0160koda We Love Cycling - Magyarorsz\u00e1g","article_publisher":"https:\/\/www.facebook.com\/WeLoveCyclingHungary\/","article_published_time":"2023-05-12T07:30:27+00:00","og_image":[{"width":2048,"height":1365,"url":"https:\/\/d2p6e6u75xmxt8.cloudfront.net\/12\/2023\/05\/345648617_989319259100244_2908991045848697732_n.webp","type":"image\/webp"}],"author":"kitti","twitter_card":"summary_large_image","twitter_misc":{"Written by":"We Love Cycling","Est. reading time":"4 minutes"},"schema":{"@context":"https:\/\/schema.org","@graph":[{"@type":"WebPage","@id":"https:\/\/www.welovecycling.com\/hu\/tour-de-hongrie\/jakobsen-mindenkit-lesprintelt-a-vizes-csutortoki-szakaszon-keszthelyen\/","url":"https:\/\/www.welovecycling.com\/hu\/tour-de-hongrie\/jakobsen-mindenkit-lesprintelt-a-vizes-csutortoki-szakaszon-keszthelyen\/","name":"Jakobsen mindenkit lesprintelt a vizes cs\u00fct\u00f6rt\u00f6ki szakaszon Keszthelyen - \u0160koda We Love Cycling - Magyarorsz\u00e1g","isPartOf":{"@id":"https:\/\/www.welovecycling.com\/hu\/#website"},"primaryImageOfPage":{"@id":"https:\/\/www.welovecycling.com\/hu\/tour-de-hongrie\/jakobsen-mindenkit-lesprintelt-a-vizes-csutortoki-szakaszon-keszthelyen\/#primaryimage"},"image":{"@id":"https:\/\/www.welovecycling.com\/hu\/tour-de-hongrie\/jakobsen-mindenkit-lesprintelt-a-vizes-csutortoki-szakaszon-keszthelyen\/#primaryimage"},"thumbnailUrl":"https:\/\/d2p6e6u75xmxt8.cloudfront.net\/12\/2023\/05\/345648617_989319259100244_2908991045848697732_n.webp","datePublished":"2023-05-12T07:30:27+00:00","author":{"@id":"https:\/\/www.welovecycling.com\/hu\/#\/schema\/person\/bec7dcdbcc59f58489cf603e4040ced1"},"description":"A Tour de Hongrie m\u00e1sodik etapj\u00e1nak kaotikus v\u00e9gj\u00e1t\u00e9ka ut\u00e1n a holland szt\u00e1rsprinter \u00f6r\u00fclhetett, aki \u00edgy egy\u00fattal a s\u00e1rga trik\u00f3t is \u00e1tvette \u00e1d\u00e1z riv\u00e1lis\u00e1t\u00f3l, Dylan Groenewegent\u0151l.","breadcrumb":{"@id":"https:\/\/www.welovecycling.com\/hu\/tour-de-hongrie\/jakobsen-mindenkit-lesprintelt-a-vizes-csutortoki-szakaszon-keszthelyen\/#breadcrumb"},"inLanguage":"hu","potentialAction":[{"@type":"ReadAction","target":["https:\/\/www.welovecycling.com\/hu\/tour-de-hongrie\/jakobsen-mindenkit-lesprintelt-a-vizes-csutortoki-szakaszon-keszthelyen\/"]}]},{"@type":"ImageObject","inLanguage":"hu","@id":"https:\/\/www.welovecycling.com\/hu\/tour-de-hongrie\/jakobsen-mindenkit-lesprintelt-a-vizes-csutortoki-szakaszon-keszthelyen\/#primaryimage","url":"https:\/\/d2p6e6u75xmxt8.cloudfront.net\/12\/2023\/05\/345648617_989319259100244_2908991045848697732_n.webp","contentUrl":"https:\/\/d2p6e6u75xmxt8.cloudfront.net\/12\/2023\/05\/345648617_989319259100244_2908991045848697732_n.webp","width":2048,"height":1365},{"@type":"BreadcrumbList","@id":"https:\/\/www.welovecycling.com\/hu\/tour-de-hongrie\/jakobsen-mindenkit-lesprintelt-a-vizes-csutortoki-szakaszon-keszthelyen\/#breadcrumb","itemListElement":[{"@type":"ListItem","position":1,"name":"Home","item":"https:\/\/www.welovecycling.com\/hu\/"},{"@type":"ListItem","position":2,"name":"Jakobsen mindenkit lesprintelt a vizes cs\u00fct\u00f6rt\u00f6ki szakaszon Keszthelyen"}]},{"@type":"WebSite","@id":"https:\/\/www.welovecycling.com\/hu\/#website","url":"https:\/\/www.welovecycling.com\/hu\/","name":"\u0160koda We Love Cycling - Magyarorsz\u00e1g","description":"\u0160koda WeLoveCycling","potentialAction":[{"@type":"SearchAction","target":{"@type":"EntryPoint","urlTemplate":"https:\/\/www.welovecycling.com\/hu\/?s={search_term_string}"},"query-input":{"@type":"PropertyValueSpecification","valueRequired":true,"valueName":"search_term_string"}}],"inLanguage":"hu"},{"@type":"Person","@id":"https:\/\/www.welovecycling.com\/hu\/#\/schema\/person\/bec7dcdbcc59f58489cf603e4040ced1","name":"kitti","image":{"@type":"ImageObject","inLanguage":"hu","@id":"https:\/\/www.welovecycling.com\/hu\/#\/schema\/person\/image\/","url":"https:\/\/secure.gravatar.com\/avatar\/e3196a110e1b57b96f56d92d10ce9bb4e9d7210076832a16243337e949410b52?s=96&d=mm&r=g","contentUrl":"https:\/\/secure.gravatar.com\/avatar\/e3196a110e1b57b96f56d92d10ce9bb4e9d7210076832a16243337e949410b52?s=96&d=mm&r=g","caption":"kitti"},"url":"https:\/\/www.welovecycling.com\/hu\/author\/kitti\/"}]}},"_links":{"self":[{"href":"https:\/\/www.welovecycling.com\/hu\/wp-json\/wp\/v2\/posts\/17378","targetHints":{"allow":["GET"]}}],"collection":[{"href":"https:\/\/www.welovecycling.com\/hu\/wp-json\/wp\/v2\/posts"}],"about":[{"href":"https:\/\/www.welovecycling.com\/hu\/wp-json\/wp\/v2\/types\/post"}],"author":[{"embeddable":true,"href":"https:\/\/www.welovecycling.com\/hu\/wp-json\/wp\/v2\/users\/145"}],"replies":[{"embeddable":true,"href":"https:\/\/www.welovecycling.com\/hu\/wp-json\/wp\/v2\/comments?post=17378"}],"version-history":[{"count":1,"href":"https:\/\/www.welovecycling.com\/hu\/wp-json\/wp\/v2\/posts\/17378\/revisions"}],"predecessor-version":[{"id":17385,"href":"https:\/\/www.welovecycling.com\/hu\/wp-json\/wp\/v2\/posts\/17378\/revisions\/17385"}],"wp:featuredmedia":[{"embeddable":true,"href":"https:\/\/www.welovecycling.com\/hu\/wp-json\/wp\/v2\/media\/17379"}],"wp:attachment":[{"href":"https:\/\/www.welovecycling.com\/hu\/wp-json\/wp\/v2\/media?parent=17378"}],"wp:term":[{"taxonomy":"category","embeddable":true,"href":"https:\/\/www.welovecycling.com\/hu\/wp-json\/wp\/v2\/categories?post=17378"},{"taxonomy":"post_tag","embeddable":true,"href":"https:\/\/www.welovecycling.com\/hu\/wp-json\/wp\/v2\/tags?post=17378"},{"taxonomy":"global-categories","embeddable":true,"href":"https:\/\/www.welovecycling.com\/hu\/wp-json\/wp\/v2\/global-categories?post=17378"}],"curies":[{"name":"wp","href":"https:\/\/api.w.org\/{rel}","templated":true}]}}