{"id":17373,"date":"2023-05-11T09:44:38","date_gmt":"2023-05-11T07:44:38","guid":{"rendered":"https:\/\/www.welovecycling.com\/hu\/?p=17373"},"modified":"2023-05-11T09:44:38","modified_gmt":"2023-05-11T07:44:38","slug":"groenewegen-nyerte-a-sztarsprinterek-szeduletes-hajrajat-bernal-bukott-szentgotthardon","status":"publish","type":"post","link":"https:\/\/www.welovecycling.com\/hu\/tour-de-hongrie\/groenewegen-nyerte-a-sztarsprinterek-szeduletes-hajrajat-bernal-bukott-szentgotthardon\/","title":{"rendered":"Groenewegen nyerte a szt\u00e1rsprinterek sz\u00e9d\u00fcletes hajr\u00e1j\u00e1t, Bernal bukott Szentgotth\u00e1rdon!"},"content":{"rendered":"<p><strong>A Tour de Hongrie t\u00f6rt\u00e9net\u00e9nek egyik leggyorsabb befut\u00f3j\u00e1t hozta a szerdai nyit\u00f3 szakasz.<\/strong><\/p>\n<p><!--more--><\/p>\n<p>Ehhez az al\u00e1bbi \u00f6sszetev\u0151k sz\u00fcks\u00e9geltettek: olyan sprinterklasszisok, akik vil\u00e1gviszonylatban is a m\u0171faj legjobbjai, no meg egy j\u00f3 nagy adag h\u00e1tsz\u00e9l. A recept tuti sikernek bizonyult: Szentgotth\u00e1rdon brut\u00e1lis sebess\u00e9ggel sz\u00e1guldottak \u00e1t a c\u00e9lvonalon olyan nevek, mint (sorrendben) Dylan Groenewegen, Sam Bennett \u00e9s Caleb Ewan \u2013 kicsit m\u00e9g mindig sz\u00fcrre\u00e1lis, hogy ez nem mondjuk egy Tour de France, hanem a Magyar K\u00f6rverseny szakaszdobog\u00f3ja.<\/p>\n<p>Az idei TdH szerdai nyit\u00f3 napj\u00e1n a Szentgotth\u00e1rdr\u00f3l indul\u00f3 \u00e9s oda vissza\u00e9rkez\u0151 mez\u0151ny 168.6 km-t tett meg, m\u00e9ghozz\u00e1 az orsz\u00e1g egyik legk\u00fcl\u00f6nlegesebb t\u00e1jegys\u00e9g\u00e9n, az \u0150rs\u00e9gen \u00e1t. N\u00e9mi meglepet\u00e9sre r\u00f6gt\u00f6n az els\u0151 sz\u00f6k\u00e9si k\u00eds\u00e9rlet sikerrel j\u00e1rt az \u00e9les rajt ut\u00e1n nem sokkal: k\u00fcl\u00f6n \u00f6r\u00f6mteli, hogy az \u00f6tf\u0151s csoportban k\u00e9t magyar fi\u00fa, az epronexes R\u00f3zsa Bal\u00e1zs \u00e9s a v\u00e1logatott sz\u00ednekben szerepl\u0151 Szij\u00e1rt\u00f3 Z\u00e9t\u00e9ny is ott tudott lenni. Igaz, hogy a mez\u0151ny a nagy\u00e1gy\u00fak, a Jayco, a QuickStep \u00e9s a Bora vezet\u00e9s\u00e9vel v\u00e9gig kontroll alatt tartott\u00e1k az elmen\u00e9st, de \u00edgy is eg\u00e9sz nap \u0151ket n\u00e9zhett\u00fck, benne a k\u00e9t magyar sr\u00e1ccal. Dina M\u00e1rton \u00fajdons\u00fclt csapatt\u00e1rsa, a szlov\u00e1k Mat\u00fas Stocek volt ugyanakkor a nap legakt\u00edvabb versenyz\u0151je, alaposan r\u00e1ment a szakaszk\u00f6zi pontokra: elvitte el\u0151bb az els\u0151 k\u00e9t sprintet \u0150riszentp\u00e9tern\u00e9l \u00e9s Magyarlakn\u00e1l, a farkaslakai harmadik kateg\u00f3ri\u00e1s hegyi hajr\u00e1n\u00e1l \u00e9s a m\u00e1sodik \u0151riszentp\u00e9teri sprintn\u00e9l pedig egyar\u00e1nt a francia Charles Planet m\u00f6g\u00f6tt \u00e9rt be \u2013 ezzel annyi b\u00f3nuszpontot \u00e9s id\u0151j\u00f3v\u00e1\u00edr\u00e1st (8 m\u00e1sodperc) gy\u0171jt\u00f6tt \u00f6ssze, hogy ut\u00f3bb oda is f\u00e9rt a m\u00e1sodik helyre az \u00f6sszetettben.<\/p>\n<figure id=\"attachment_17374\" aria-describedby=\"caption-attachment-17374\" style=\"width: 2048px\" class=\"wp-caption alignnone\"><a href=\"https:\/\/d2p6e6u75xmxt8.cloudfront.net\/12\/2023\/05\/346272352_1404134647000301_3264715405969832070_n.webp\"><img loading=\"lazy\" decoding=\"async\" class=\"size-full wp-image-17374\" src=\"https:\/\/d2p6e6u75xmxt8.cloudfront.net\/12\/2023\/05\/346272352_1404134647000301_3264715405969832070_n.webp\" alt=\"\" width=\"2048\" height=\"1365\" srcset=\"https:\/\/d2p6e6u75xmxt8.cloudfront.net\/12\/2023\/05\/346272352_1404134647000301_3264715405969832070_n.webp 2048w, https:\/\/d2p6e6u75xmxt8.cloudfront.net\/12\/2023\/05\/346272352_1404134647000301_3264715405969832070_n-300x200.webp 300w, https:\/\/d2p6e6u75xmxt8.cloudfront.net\/12\/2023\/05\/346272352_1404134647000301_3264715405969832070_n-1024x683.webp 1024w, https:\/\/d2p6e6u75xmxt8.cloudfront.net\/12\/2023\/05\/346272352_1404134647000301_3264715405969832070_n-768x512.webp 768w, https:\/\/d2p6e6u75xmxt8.cloudfront.net\/12\/2023\/05\/346272352_1404134647000301_3264715405969832070_n-1536x1024.webp 1536w, https:\/\/d2p6e6u75xmxt8.cloudfront.net\/12\/2023\/05\/346272352_1404134647000301_3264715405969832070_n-1920x1280.webp 1920w, https:\/\/d2p6e6u75xmxt8.cloudfront.net\/12\/2023\/05\/346272352_1404134647000301_3264715405969832070_n-400x267.webp 400w, https:\/\/d2p6e6u75xmxt8.cloudfront.net\/12\/2023\/05\/346272352_1404134647000301_3264715405969832070_n-272x182.webp 272w, https:\/\/d2p6e6u75xmxt8.cloudfront.net\/12\/2023\/05\/346272352_1404134647000301_3264715405969832070_n-1920x1280.webp 1920w\" sizes=\"auto, (max-width: 2048px) 100vw, 2048px\" \/><\/a><figcaption id=\"caption-attachment-17374\" class=\"wp-caption-text\">fot\u00f3: TdH<\/figcaption><\/figure>\n<p>A sz\u00f6kev\u00e9nyeket 27 km-rel a c\u00e9l el\u0151tt fogta be a mez\u0151ny, amely egy\u00fctt fordult r\u00e1 az utols\u00f3 kilom\u00e9terre, \u00e1m ekkor egy buk\u00e1sba t\u00f6bben belekeveredtek, k\u00f6zt\u00fck az idei verseny alighanem legnagyobb szt\u00e1rja, Egan Bernal is. Az Ineos Tour- \u00e9s Giro-gy\u0151ztes kolumbiaij\u00e1t hosszabb ideig \u00e1polt\u00e1k, v\u00e9g\u00fcl nagy nehezen folytatni tudta a versenyt \u2013 hivatalosan utols\u00f3k\u00e9nt \u00e9rt c\u00e9lba, de mivel 3 km-en bel\u00fcl t\u00f6rt\u00e9nt a buk\u00e1s, a szab\u00e1lyok \u00e9rtelm\u00e9ben a szakaszgy\u0151ztessel megegyez\u0151 id\u0151t kapott \u0151 is. Ez pedig a m\u00e1r eml\u00edtett Groenewegen lett, aki ugyan a k\u00e9s\u0151i buk\u00e1s miatt elvesztette csapatt\u00e1rsai felvezet\u0151vonat\u00e1t, \u00e1m megb\u00edzhat\u00f3 els\u0151 embere, Luka Mezgec olyannyira j\u00f3l dolgozott neki, hogy a jobb poz\u00edci\u00f3b\u00f3l startol\u00f3 riv\u00e1lisaival szembeni h\u00e1tr\u00e1nyt is le tudta dolgozni az utols\u00f3 m\u00e9tereken, \u00e9s Bennettel \u00f3ri\u00e1si csat\u00e1t v\u00edvva v\u00e9g\u00fcl \u0151 sz\u00e1guldott els\u0151k\u00e9nt a c\u00e9lvonalon. Az \u00f6tsz\u00f6r\u00f6s Tour de France-szakaszgy\u0151ztes holland klasszis ezzel m\u00e1sodszor \u00fcnnepelhetett etapsikert a magyar k\u00f6r\u00f6n, egy\u00fattal az \u00f6sszetett \u00e9llovast illet\u0151 s\u00e1rga trik\u00f3t is mag\u00e1ra \u00f6lthette a p\u00f3diumon \u2013 mind\u00f6ssze k\u00e9t m\u00e1sodperccel el\u0151zi meg az eg\u00e9sz nap szorgosan gy\u0171jt\u00f6get\u0151 Stoceket.<\/p>\n<p>A szakaszon a legjobb magyark\u00e9nt a hazai kontinent\u00e1lis csapatban, az Epronexben teker\u0151 Karl \u00c1d\u00e1m v\u00e9gzett \u2013 a 18. helyen \u2013, az \u00f6sszetettben azonban a sz\u00f6k\u00e9s k\u00f6zben 3 b\u00f3nuszm\u00e1sodpercet ugyancsak bezs\u00e1kol\u00f3 R\u00f3zsa Bal\u00e1zs \u00e1ll a legjobban a mieink k\u00f6z\u00fcl, \u0151 h\u00e9t m\u00e1sodperces h\u00e1tr\u00e1nnyal a 6. helyr\u0151l v\u00e1rja a m\u00e1sodik, szint\u00e9n sprintbefut\u00f3ra taks\u00e1lt Zalaegerszeg\u2013Keszthely etapot.<\/p>\n<figure id=\"attachment_17375\" aria-describedby=\"caption-attachment-17375\" style=\"width: 2048px\" class=\"wp-caption alignnone\"><a href=\"https:\/\/d2p6e6u75xmxt8.cloudfront.net\/12\/2023\/05\/345611571_921195752330475_8240240385851020591_n.webp\"><img loading=\"lazy\" decoding=\"async\" class=\"size-full wp-image-17375\" src=\"https:\/\/d2p6e6u75xmxt8.cloudfront.net\/12\/2023\/05\/345611571_921195752330475_8240240385851020591_n.webp\" alt=\"\" width=\"2048\" height=\"1365\" srcset=\"https:\/\/d2p6e6u75xmxt8.cloudfront.net\/12\/2023\/05\/345611571_921195752330475_8240240385851020591_n.webp 2048w, https:\/\/d2p6e6u75xmxt8.cloudfront.net\/12\/2023\/05\/345611571_921195752330475_8240240385851020591_n-300x200.webp 300w, https:\/\/d2p6e6u75xmxt8.cloudfront.net\/12\/2023\/05\/345611571_921195752330475_8240240385851020591_n-1024x683.webp 1024w, https:\/\/d2p6e6u75xmxt8.cloudfront.net\/12\/2023\/05\/345611571_921195752330475_8240240385851020591_n-768x512.webp 768w, https:\/\/d2p6e6u75xmxt8.cloudfront.net\/12\/2023\/05\/345611571_921195752330475_8240240385851020591_n-1536x1024.webp 1536w, https:\/\/d2p6e6u75xmxt8.cloudfront.net\/12\/2023\/05\/345611571_921195752330475_8240240385851020591_n-1920x1280.webp 1920w, https:\/\/d2p6e6u75xmxt8.cloudfront.net\/12\/2023\/05\/345611571_921195752330475_8240240385851020591_n-400x267.webp 400w, https:\/\/d2p6e6u75xmxt8.cloudfront.net\/12\/2023\/05\/345611571_921195752330475_8240240385851020591_n-272x182.webp 272w, https:\/\/d2p6e6u75xmxt8.cloudfront.net\/12\/2023\/05\/345611571_921195752330475_8240240385851020591_n-1920x1280.webp 1920w\" sizes=\"auto, (max-width: 2048px) 100vw, 2048px\" \/><\/a><figcaption id=\"caption-attachment-17375\" class=\"wp-caption-text\">fot\u00f3: TdH<\/figcaption><\/figure>\n","protected":false},"excerpt":{"rendered":"<p>A Tour de Hongrie t\u00f6rt\u00e9net\u00e9nek egyik leggyorsabb befut\u00f3j\u00e1t hozta a szerdai nyit\u00f3 szakasz.<\/p>\n","protected":false},"author":145,"featured_media":17376,"comment_status":"open","ping_status":"open","sticky":false,"template":"","format":"standard","meta":{"footnotes":""},"categories":[463,462],"tags":[476],"global-categories":[419],"class_list":["post-17373","post","type-post","status-publish","format-standard","has-post-thumbnail","hentry","category-napi-osszefoglalo","category-tour-de-hongrie","tag-tdh2023","global-categories-cycling"],"yoast_head":"<!-- This site is optimized with the Yoast SEO Premium plugin v25.3 (Yoast SEO v25.9) - https:\/\/yoast.com\/wordpress\/plugins\/seo\/ -->\n<title>Groenewegen nyerte a szt\u00e1rsprinterek sz\u00e9d\u00fcletes hajr\u00e1j\u00e1t, Bernal bukott Szentgotth\u00e1rdon! - \u0160koda We Love Cycling - Magyarorsz\u00e1g<\/title>\n<meta name=\"description\" content=\"A Tour de Hongrie t\u00f6rt\u00e9net\u00e9nek egyik leggyorsabb befut\u00f3j\u00e1t hozta a szerdai nyit\u00f3 szakasz.\" \/>\n<meta name=\"robots\" content=\"index, follow, max-snippet:-1, max-image-preview:large, max-video-preview:-1\" \/>\n<link rel=\"canonical\" href=\"https:\/\/www.welovecycling.com\/hu\/tour-de-hongrie\/groenewegen-nyerte-a-sztarsprinterek-szeduletes-hajrajat-bernal-bukott-szentgotthardon\/\" \/>\n<meta property=\"og:locale\" content=\"hu_HU\" \/>\n<meta property=\"og:type\" content=\"article\" \/>\n<meta property=\"og:title\" content=\"Groenewegen nyerte a szt\u00e1rsprinterek sz\u00e9d\u00fcletes hajr\u00e1j\u00e1t, Bernal bukott Szentgotth\u00e1rdon!\" \/>\n<meta property=\"og:description\" content=\"A Tour de Hongrie t\u00f6rt\u00e9net\u00e9nek egyik leggyorsabb befut\u00f3j\u00e1t hozta a szerdai nyit\u00f3 szakasz.\" \/>\n<meta property=\"og:url\" content=\"https:\/\/www.welovecycling.com\/hu\/tour-de-hongrie\/groenewegen-nyerte-a-sztarsprinterek-szeduletes-hajrajat-bernal-bukott-szentgotthardon\/\" \/>\n<meta property=\"og:site_name\" content=\"\u0160koda We Love Cycling - Magyarorsz\u00e1g\" \/>\n<meta property=\"article:publisher\" content=\"https:\/\/www.facebook.com\/WeLoveCyclingHungary\/\" \/>\n<meta property=\"article:published_time\" content=\"2023-05-11T07:44:38+00:00\" \/>\n<meta property=\"og:image\" content=\"https:\/\/d2p6e6u75xmxt8.cloudfront.net\/12\/2023\/05\/finishphoto-stage-1-tour-de-hongrie-2023.webp\" \/>\n\t<meta property=\"og:image:width\" content=\"960\" \/>\n\t<meta property=\"og:image:height\" content=\"555\" \/>\n\t<meta property=\"og:image:type\" content=\"image\/webp\" \/>\n<meta name=\"author\" content=\"kitti\" \/>\n<meta name=\"twitter:card\" content=\"summary_large_image\" \/>\n<meta name=\"twitter:label1\" content=\"Written by\" \/>\n\t<meta name=\"twitter:data1\" content=\"We Love Cycling\" \/>\n\t<meta name=\"twitter:label2\" content=\"Est. reading time\" \/>\n\t<meta name=\"twitter:data2\" content=\"3 minutes\" \/>\n<script type=\"application\/ld+json\" class=\"yoast-schema-graph\">{\"@context\":\"https:\/\/schema.org\",\"@graph\":[{\"@type\":\"WebPage\",\"@id\":\"https:\/\/www.welovecycling.com\/hu\/tour-de-hongrie\/groenewegen-nyerte-a-sztarsprinterek-szeduletes-hajrajat-bernal-bukott-szentgotthardon\/\",\"url\":\"https:\/\/www.welovecycling.com\/hu\/tour-de-hongrie\/groenewegen-nyerte-a-sztarsprinterek-szeduletes-hajrajat-bernal-bukott-szentgotthardon\/\",\"name\":\"Groenewegen nyerte a szt\u00e1rsprinterek sz\u00e9d\u00fcletes hajr\u00e1j\u00e1t, Bernal bukott Szentgotth\u00e1rdon! - \u0160koda We Love Cycling - Magyarorsz\u00e1g\",\"isPartOf\":{\"@id\":\"https:\/\/www.welovecycling.com\/hu\/#website\"},\"primaryImageOfPage\":{\"@id\":\"https:\/\/www.welovecycling.com\/hu\/tour-de-hongrie\/groenewegen-nyerte-a-sztarsprinterek-szeduletes-hajrajat-bernal-bukott-szentgotthardon\/#primaryimage\"},\"image\":{\"@id\":\"https:\/\/www.welovecycling.com\/hu\/tour-de-hongrie\/groenewegen-nyerte-a-sztarsprinterek-szeduletes-hajrajat-bernal-bukott-szentgotthardon\/#primaryimage\"},\"thumbnailUrl\":\"https:\/\/d2p6e6u75xmxt8.cloudfront.net\/12\/2023\/05\/finishphoto-stage-1-tour-de-hongrie-2023.webp\",\"datePublished\":\"2023-05-11T07:44:38+00:00\",\"author\":{\"@id\":\"https:\/\/www.welovecycling.com\/hu\/#\/schema\/person\/bec7dcdbcc59f58489cf603e4040ced1\"},\"description\":\"A Tour de Hongrie t\u00f6rt\u00e9net\u00e9nek egyik leggyorsabb befut\u00f3j\u00e1t hozta a szerdai nyit\u00f3 szakasz.\",\"breadcrumb\":{\"@id\":\"https:\/\/www.welovecycling.com\/hu\/tour-de-hongrie\/groenewegen-nyerte-a-sztarsprinterek-szeduletes-hajrajat-bernal-bukott-szentgotthardon\/#breadcrumb\"},\"inLanguage\":\"hu\",\"potentialAction\":[{\"@type\":\"ReadAction\",\"target\":[\"https:\/\/www.welovecycling.com\/hu\/tour-de-hongrie\/groenewegen-nyerte-a-sztarsprinterek-szeduletes-hajrajat-bernal-bukott-szentgotthardon\/\"]}]},{\"@type\":\"ImageObject\",\"inLanguage\":\"hu\",\"@id\":\"https:\/\/www.welovecycling.com\/hu\/tour-de-hongrie\/groenewegen-nyerte-a-sztarsprinterek-szeduletes-hajrajat-bernal-bukott-szentgotthardon\/#primaryimage\",\"url\":\"https:\/\/d2p6e6u75xmxt8.cloudfront.net\/12\/2023\/05\/finishphoto-stage-1-tour-de-hongrie-2023.webp\",\"contentUrl\":\"https:\/\/d2p6e6u75xmxt8.cloudfront.net\/12\/2023\/05\/finishphoto-stage-1-tour-de-hongrie-2023.webp\",\"width\":960,\"height\":555},{\"@type\":\"BreadcrumbList\",\"@id\":\"https:\/\/www.welovecycling.com\/hu\/tour-de-hongrie\/groenewegen-nyerte-a-sztarsprinterek-szeduletes-hajrajat-bernal-bukott-szentgotthardon\/#breadcrumb\",\"itemListElement\":[{\"@type\":\"ListItem\",\"position\":1,\"name\":\"Home\",\"item\":\"https:\/\/www.welovecycling.com\/hu\/\"},{\"@type\":\"ListItem\",\"position\":2,\"name\":\"Groenewegen nyerte a szt\u00e1rsprinterek sz\u00e9d\u00fcletes hajr\u00e1j\u00e1t, Bernal bukott Szentgotth\u00e1rdon!\"}]},{\"@type\":\"WebSite\",\"@id\":\"https:\/\/www.welovecycling.com\/hu\/#website\",\"url\":\"https:\/\/www.welovecycling.com\/hu\/\",\"name\":\"\u0160koda We Love Cycling - Magyarorsz\u00e1g\",\"description\":\"\u0160koda WeLoveCycling\",\"potentialAction\":[{\"@type\":\"SearchAction\",\"target\":{\"@type\":\"EntryPoint\",\"urlTemplate\":\"https:\/\/www.welovecycling.com\/hu\/?s={search_term_string}\"},\"query-input\":{\"@type\":\"PropertyValueSpecification\",\"valueRequired\":true,\"valueName\":\"search_term_string\"}}],\"inLanguage\":\"hu\"},{\"@type\":\"Person\",\"@id\":\"https:\/\/www.welovecycling.com\/hu\/#\/schema\/person\/bec7dcdbcc59f58489cf603e4040ced1\",\"name\":\"kitti\",\"image\":{\"@type\":\"ImageObject\",\"inLanguage\":\"hu\",\"@id\":\"https:\/\/www.welovecycling.com\/hu\/#\/schema\/person\/image\/\",\"url\":\"https:\/\/secure.gravatar.com\/avatar\/e3196a110e1b57b96f56d92d10ce9bb4e9d7210076832a16243337e949410b52?s=96&d=mm&r=g\",\"contentUrl\":\"https:\/\/secure.gravatar.com\/avatar\/e3196a110e1b57b96f56d92d10ce9bb4e9d7210076832a16243337e949410b52?s=96&d=mm&r=g\",\"caption\":\"kitti\"},\"url\":\"https:\/\/www.welovecycling.com\/hu\/author\/kitti\/\"}]}<\/script>\n<!-- \/ Yoast SEO Premium plugin. -->","yoast_head_json":{"title":"Groenewegen nyerte a szt\u00e1rsprinterek sz\u00e9d\u00fcletes hajr\u00e1j\u00e1t, Bernal bukott Szentgotth\u00e1rdon! - \u0160koda We Love Cycling - Magyarorsz\u00e1g","description":"A Tour de Hongrie t\u00f6rt\u00e9net\u00e9nek egyik leggyorsabb befut\u00f3j\u00e1t hozta a szerdai nyit\u00f3 szakasz.","robots":{"index":"index","follow":"follow","max-snippet":"max-snippet:-1","max-image-preview":"max-image-preview:large","max-video-preview":"max-video-preview:-1"},"canonical":"https:\/\/www.welovecycling.com\/hu\/tour-de-hongrie\/groenewegen-nyerte-a-sztarsprinterek-szeduletes-hajrajat-bernal-bukott-szentgotthardon\/","og_locale":"hu_HU","og_type":"article","og_title":"Groenewegen nyerte a szt\u00e1rsprinterek sz\u00e9d\u00fcletes hajr\u00e1j\u00e1t, Bernal bukott Szentgotth\u00e1rdon!","og_description":"A Tour de Hongrie t\u00f6rt\u00e9net\u00e9nek egyik leggyorsabb befut\u00f3j\u00e1t hozta a szerdai nyit\u00f3 szakasz.","og_url":"https:\/\/www.welovecycling.com\/hu\/tour-de-hongrie\/groenewegen-nyerte-a-sztarsprinterek-szeduletes-hajrajat-bernal-bukott-szentgotthardon\/","og_site_name":"\u0160koda We Love Cycling - Magyarorsz\u00e1g","article_publisher":"https:\/\/www.facebook.com\/WeLoveCyclingHungary\/","article_published_time":"2023-05-11T07:44:38+00:00","og_image":[{"width":960,"height":555,"url":"https:\/\/d2p6e6u75xmxt8.cloudfront.net\/12\/2023\/05\/finishphoto-stage-1-tour-de-hongrie-2023.webp","type":"image\/webp"}],"author":"kitti","twitter_card":"summary_large_image","twitter_misc":{"Written by":"We Love Cycling","Est. reading time":"3 minutes"},"schema":{"@context":"https:\/\/schema.org","@graph":[{"@type":"WebPage","@id":"https:\/\/www.welovecycling.com\/hu\/tour-de-hongrie\/groenewegen-nyerte-a-sztarsprinterek-szeduletes-hajrajat-bernal-bukott-szentgotthardon\/","url":"https:\/\/www.welovecycling.com\/hu\/tour-de-hongrie\/groenewegen-nyerte-a-sztarsprinterek-szeduletes-hajrajat-bernal-bukott-szentgotthardon\/","name":"Groenewegen nyerte a szt\u00e1rsprinterek sz\u00e9d\u00fcletes hajr\u00e1j\u00e1t, Bernal bukott Szentgotth\u00e1rdon! - \u0160koda We Love Cycling - Magyarorsz\u00e1g","isPartOf":{"@id":"https:\/\/www.welovecycling.com\/hu\/#website"},"primaryImageOfPage":{"@id":"https:\/\/www.welovecycling.com\/hu\/tour-de-hongrie\/groenewegen-nyerte-a-sztarsprinterek-szeduletes-hajrajat-bernal-bukott-szentgotthardon\/#primaryimage"},"image":{"@id":"https:\/\/www.welovecycling.com\/hu\/tour-de-hongrie\/groenewegen-nyerte-a-sztarsprinterek-szeduletes-hajrajat-bernal-bukott-szentgotthardon\/#primaryimage"},"thumbnailUrl":"https:\/\/d2p6e6u75xmxt8.cloudfront.net\/12\/2023\/05\/finishphoto-stage-1-tour-de-hongrie-2023.webp","datePublished":"2023-05-11T07:44:38+00:00","author":{"@id":"https:\/\/www.welovecycling.com\/hu\/#\/schema\/person\/bec7dcdbcc59f58489cf603e4040ced1"},"description":"A Tour de Hongrie t\u00f6rt\u00e9net\u00e9nek egyik leggyorsabb befut\u00f3j\u00e1t hozta a szerdai nyit\u00f3 szakasz.","breadcrumb":{"@id":"https:\/\/www.welovecycling.com\/hu\/tour-de-hongrie\/groenewegen-nyerte-a-sztarsprinterek-szeduletes-hajrajat-bernal-bukott-szentgotthardon\/#breadcrumb"},"inLanguage":"hu","potentialAction":[{"@type":"ReadAction","target":["https:\/\/www.welovecycling.com\/hu\/tour-de-hongrie\/groenewegen-nyerte-a-sztarsprinterek-szeduletes-hajrajat-bernal-bukott-szentgotthardon\/"]}]},{"@type":"ImageObject","inLanguage":"hu","@id":"https:\/\/www.welovecycling.com\/hu\/tour-de-hongrie\/groenewegen-nyerte-a-sztarsprinterek-szeduletes-hajrajat-bernal-bukott-szentgotthardon\/#primaryimage","url":"https:\/\/d2p6e6u75xmxt8.cloudfront.net\/12\/2023\/05\/finishphoto-stage-1-tour-de-hongrie-2023.webp","contentUrl":"https:\/\/d2p6e6u75xmxt8.cloudfront.net\/12\/2023\/05\/finishphoto-stage-1-tour-de-hongrie-2023.webp","width":960,"height":555},{"@type":"BreadcrumbList","@id":"https:\/\/www.welovecycling.com\/hu\/tour-de-hongrie\/groenewegen-nyerte-a-sztarsprinterek-szeduletes-hajrajat-bernal-bukott-szentgotthardon\/#breadcrumb","itemListElement":[{"@type":"ListItem","position":1,"name":"Home","item":"https:\/\/www.welovecycling.com\/hu\/"},{"@type":"ListItem","position":2,"name":"Groenewegen nyerte a szt\u00e1rsprinterek sz\u00e9d\u00fcletes hajr\u00e1j\u00e1t, Bernal bukott Szentgotth\u00e1rdon!"}]},{"@type":"WebSite","@id":"https:\/\/www.welovecycling.com\/hu\/#website","url":"https:\/\/www.welovecycling.com\/hu\/","name":"\u0160koda We Love Cycling - Magyarorsz\u00e1g","description":"\u0160koda WeLoveCycling","potentialAction":[{"@type":"SearchAction","target":{"@type":"EntryPoint","urlTemplate":"https:\/\/www.welovecycling.com\/hu\/?s={search_term_string}"},"query-input":{"@type":"PropertyValueSpecification","valueRequired":true,"valueName":"search_term_string"}}],"inLanguage":"hu"},{"@type":"Person","@id":"https:\/\/www.welovecycling.com\/hu\/#\/schema\/person\/bec7dcdbcc59f58489cf603e4040ced1","name":"kitti","image":{"@type":"ImageObject","inLanguage":"hu","@id":"https:\/\/www.welovecycling.com\/hu\/#\/schema\/person\/image\/","url":"https:\/\/secure.gravatar.com\/avatar\/e3196a110e1b57b96f56d92d10ce9bb4e9d7210076832a16243337e949410b52?s=96&d=mm&r=g","contentUrl":"https:\/\/secure.gravatar.com\/avatar\/e3196a110e1b57b96f56d92d10ce9bb4e9d7210076832a16243337e949410b52?s=96&d=mm&r=g","caption":"kitti"},"url":"https:\/\/www.welovecycling.com\/hu\/author\/kitti\/"}]}},"_links":{"self":[{"href":"https:\/\/www.welovecycling.com\/hu\/wp-json\/wp\/v2\/posts\/17373","targetHints":{"allow":["GET"]}}],"collection":[{"href":"https:\/\/www.welovecycling.com\/hu\/wp-json\/wp\/v2\/posts"}],"about":[{"href":"https:\/\/www.welovecycling.com\/hu\/wp-json\/wp\/v2\/types\/post"}],"author":[{"embeddable":true,"href":"https:\/\/www.welovecycling.com\/hu\/wp-json\/wp\/v2\/users\/145"}],"replies":[{"embeddable":true,"href":"https:\/\/www.welovecycling.com\/hu\/wp-json\/wp\/v2\/comments?post=17373"}],"version-history":[{"count":1,"href":"https:\/\/www.welovecycling.com\/hu\/wp-json\/wp\/v2\/posts\/17373\/revisions"}],"predecessor-version":[{"id":17377,"href":"https:\/\/www.welovecycling.com\/hu\/wp-json\/wp\/v2\/posts\/17373\/revisions\/17377"}],"wp:featuredmedia":[{"embeddable":true,"href":"https:\/\/www.welovecycling.com\/hu\/wp-json\/wp\/v2\/media\/17376"}],"wp:attachment":[{"href":"https:\/\/www.welovecycling.com\/hu\/wp-json\/wp\/v2\/media?parent=17373"}],"wp:term":[{"taxonomy":"category","embeddable":true,"href":"https:\/\/www.welovecycling.com\/hu\/wp-json\/wp\/v2\/categories?post=17373"},{"taxonomy":"post_tag","embeddable":true,"href":"https:\/\/www.welovecycling.com\/hu\/wp-json\/wp\/v2\/tags?post=17373"},{"taxonomy":"global-categories","embeddable":true,"href":"https:\/\/www.welovecycling.com\/hu\/wp-json\/wp\/v2\/global-categories?post=17373"}],"curies":[{"name":"wp","href":"https:\/\/api.w.org\/{rel}","templated":true}]}}