{"id":17359,"date":"2023-05-12T08:00:00","date_gmt":"2023-05-12T06:00:00","guid":{"rendered":"https:\/\/www.welovecycling.com\/hu\/?p=17359"},"modified":"2023-05-09T16:12:16","modified_gmt":"2023-05-09T14:12:16","slug":"megjelent-a-netflix-tour-de-france-a-mezony-sziveben-cimu-dokumentumfilm-sorozatanak-hivatalos-elozetese","status":"publish","type":"post","link":"https:\/\/www.welovecycling.com\/hu\/orszaguti-kerekpar\/megjelent-a-netflix-tour-de-france-a-mezony-sziveben-cimu-dokumentumfilm-sorozatanak-hivatalos-elozetese\/","title":{"rendered":"Megjelent a Netflix &#8220;Tour de France: A mez\u0151ny sz\u00edv\u00e9ben&#8221; c\u00edm\u0171 dokumentumfilm-sorozat\u00e1nak hivatalos el\u0151zetese"},"content":{"rendered":"<p><strong>M\u00falt h\u00e9ten jelent meg a Netflix v\u00e1rva v\u00e1rt &#8220;Tour de France: A mez\u0151ny sz\u00edv\u00e9ben&#8221; c\u00edm\u0171 dokumentumfilm-sorozat\u00e1nak hivatalos el\u0151zetese. Az &#8220;F1: Hajsza a t\u00fal\u00e9l\u00e9s\u00e9rt&#8221; k\u00e9sz\u00edt\u0151i, a Quadbox \u00e9s a Box to Box Films, \u00faj sorozatukban exkluz\u00edv betekint\u00e9st ny\u00fajtanak 8 csapat k\u00fczdelm\u00e9be, akik a 2022-es Tour de France-on versenyeztek. <\/strong><\/p>\n<p><!--more--><\/p>\n<p>A sorozat premierje j\u00fanius 8-\u00e1n lesz, ami egybeesik az idei Crit\u00e9rium du Dauphin\u00e9-val, a Tour-t megel\u0151z\u0151 legfontosabb versennyel. Az egyperces vide\u00f3 bepillant\u00e1st enged a csapatok aut\u00f3iba \u00e9s buszaiba, valamint a ker\u00e9kp\u00e1rosokr\u00f3l k\u00e9sz\u00fclt felv\u00e9telekbe \u00e9s a csapatvezet\u0151kkel k\u00e9sz\u00edtett interj\u00fakba.<\/p>\n<p><em>&#8220;Ez a projekt azon t\u00f6rekv\u00e9s\u00fcnk r\u00e9sze, hogy sport\u00e1gunkat el\u00e9rhet\u0151bb\u00e9 tegy\u00fck a sz\u00e9lesebb k\u00f6z\u00f6ns\u00e9g sz\u00e1m\u00e1ra&#8221;<\/em> &#8211; mondta Yann Le Mo\u00ebnner, az ASO \u00fcgyvezet\u0151 igazgat\u00f3ja, amikor a t\u00e9l folyam\u00e1n meger\u0151s\u00edtette a sorozat k\u00e9sz\u00fcl\u00e9s\u00e9vel kapcsolatos h\u00edreket.<\/p>\n<lite-youtube videoid=BCMtcXpwi_M params=\"enablejsapi=1\" style=\"background-image: url('https:\/\/i.ytimg.com\/vi_webp\/BCMtcXpwi_M\/maxresdefault.webp');\"><\/lite-youtube>\n<p><em>&#8220;Egy narrat\u00edv megk\u00f6zel\u00edt\u00e9sen kereszt\u00fcl a k\u00f6z\u00f6ns\u00e9g meg\u00e9rtheti, hogy a Tour de France mi\u00e9rt jelent hatalmas kih\u00edv\u00e1st a versenyz\u0151k sz\u00e1m\u00e1ra. L\u00e1thatj\u00e1k a ker\u00e9kp\u00e1rosok szenved\u00e9s\u00e9t, azt, hogy hogyan feszegetik a hat\u00e1raikat, \u00e9s hogy milyen csapatszellem uralkodik k\u00f6z\u00f6tt\u00fck.&#8221;<\/em><\/p>\n<p>A Netflix \u00e1ll\u00edt\u00f3lag fedezte a 8 milli\u00f3 eur\u00f3s gy\u00e1rt\u00e1si k\u00f6lts\u00e9geket, \u00e9s \u00f6sszesen 1 milli\u00f3 eur\u00f3t fizetett az \u00e9rintett feleknek (minden csapat k\u00f6r\u00fclbel\u00fcl 62 000 eur\u00f3t kapott). A streamingplatform egy m\u00e1sik dokumentumfilmen is dolgozik, amely a brit orsz\u00e1g\u00fati bajnok Mark Cavendishr\u0151l fog sz\u00f3lni, aki Eddy Merckxszel egy\u00fctt tartja a Tour de France legt\u00f6bb szakaszgy\u0151zelm\u00e9nek (34) rekordj\u00e1t.<\/p>\n","protected":false},"excerpt":{"rendered":"<p>M\u00falt h\u00e9ten jelent meg a Netflix v\u00e1rva v\u00e1rt &#8220;Tour de France: A mez\u0151ny sz\u00edv\u00e9ben&#8221; c\u00edm\u0171 dokumentumfilm-sorozat\u00e1nak hivatalos el\u0151zetese. Az &#8220;F1: [&hellip;]<\/p>\n","protected":false},"author":71,"featured_media":17360,"comment_status":"open","ping_status":"open","sticky":false,"template":"","format":"standard","meta":{"footnotes":""},"categories":[8],"tags":[],"global-categories":[],"class_list":["post-17359","post","type-post","status-publish","format-standard","has-post-thumbnail","hentry","category-orszaguti-kerekpar"],"yoast_head":"<!-- This site is optimized with the Yoast SEO Premium plugin v25.3 (Yoast SEO v25.9) - https:\/\/yoast.com\/wordpress\/plugins\/seo\/ -->\n<title>Megjelent a Netflix &quot;Tour de France: A mez\u0151ny sz\u00edv\u00e9ben&quot; c\u00edm\u0171 dokumentumfilm-sorozat\u00e1nak hivatalos el\u0151zetese<\/title>\n<meta name=\"description\" content=\"M\u00falt h\u00e9ten jelent meg a Netflix v\u00e1rva v\u00e1rt &quot;Tour de France: A mez\u0151ny sz\u00edv\u00e9ben&quot; c\u00edm\u0171 dokumentumfilm-sorozat\u00e1nak hivatalos el\u0151zetese. Az &quot;F1: Hajsza a t\u00fal\u00e9l\u00e9s\u00e9rt&quot; k\u00e9sz\u00edt\u0151i, a Quadbox \u00e9s a Box to Box Films, \u00faj sorozatukban exkluz\u00edv betekint\u00e9st ny\u00fajtanak 8 csapat k\u00fczdelm\u00e9be, akik a 2022-es Tour de France-on versenyeztek.\" \/>\n<meta name=\"robots\" content=\"index, follow, max-snippet:-1, max-image-preview:large, max-video-preview:-1\" \/>\n<link rel=\"canonical\" href=\"https:\/\/www.welovecycling.com\/hu\/orszaguti-kerekpar\/megjelent-a-netflix-tour-de-france-a-mezony-sziveben-cimu-dokumentumfilm-sorozatanak-hivatalos-elozetese\/\" \/>\n<meta property=\"og:locale\" content=\"hu_HU\" \/>\n<meta property=\"og:type\" content=\"article\" \/>\n<meta property=\"og:title\" content=\"Megjelent a Netflix &quot;Tour de France: A mez\u0151ny sz\u00edv\u00e9ben&quot; c\u00edm\u0171 dokumentumfilm-sorozat\u00e1nak hivatalos el\u0151zetese\" \/>\n<meta property=\"og:description\" content=\"M\u00falt h\u00e9ten jelent meg a Netflix v\u00e1rva v\u00e1rt &quot;Tour de France: A mez\u0151ny sz\u00edv\u00e9ben&quot; c\u00edm\u0171 dokumentumfilm-sorozat\u00e1nak hivatalos el\u0151zetese. Az &quot;F1: Hajsza a t\u00fal\u00e9l\u00e9s\u00e9rt&quot; k\u00e9sz\u00edt\u0151i, a Quadbox \u00e9s a Box to Box Films, \u00faj sorozatukban exkluz\u00edv betekint\u00e9st ny\u00fajtanak 8 csapat k\u00fczdelm\u00e9be, akik a 2022-es Tour de France-on versenyeztek.\" \/>\n<meta property=\"og:url\" content=\"https:\/\/www.welovecycling.com\/hu\/orszaguti-kerekpar\/megjelent-a-netflix-tour-de-france-a-mezony-sziveben-cimu-dokumentumfilm-sorozatanak-hivatalos-elozetese\/\" \/>\n<meta property=\"og:site_name\" content=\"\u0160koda We Love Cycling - Magyarorsz\u00e1g\" \/>\n<meta property=\"article:publisher\" content=\"https:\/\/www.facebook.com\/WeLoveCyclingHungary\/\" \/>\n<meta property=\"article:published_time\" content=\"2023-05-12T06:00:00+00:00\" \/>\n<meta property=\"og:image\" content=\"https:\/\/d2p6e6u75xmxt8.cloudfront.net\/12\/2023\/05\/Tour-de-France-profimedia-0706958842-CVR.webp\" \/>\n\t<meta property=\"og:image:width\" content=\"990\" \/>\n\t<meta property=\"og:image:height\" content=\"660\" \/>\n\t<meta property=\"og:image:type\" content=\"image\/webp\" \/>\n<meta name=\"author\" content=\"hegyizs\" \/>\n<meta name=\"twitter:card\" content=\"summary_large_image\" \/>\n<meta name=\"twitter:label1\" content=\"Written by\" \/>\n\t<meta name=\"twitter:data1\" content=\"We Love Cycling\" \/>\n\t<meta name=\"twitter:label2\" content=\"Est. reading time\" \/>\n\t<meta name=\"twitter:data2\" content=\"3\" \/>\n<script type=\"application\/ld+json\" class=\"yoast-schema-graph\">{\"@context\":\"https:\/\/schema.org\",\"@graph\":[{\"@type\":\"WebPage\",\"@id\":\"https:\/\/www.welovecycling.com\/hu\/orszaguti-kerekpar\/megjelent-a-netflix-tour-de-france-a-mezony-sziveben-cimu-dokumentumfilm-sorozatanak-hivatalos-elozetese\/\",\"url\":\"https:\/\/www.welovecycling.com\/hu\/orszaguti-kerekpar\/megjelent-a-netflix-tour-de-france-a-mezony-sziveben-cimu-dokumentumfilm-sorozatanak-hivatalos-elozetese\/\",\"name\":\"Megjelent a Netflix \\\"Tour de France: A mez\u0151ny sz\u00edv\u00e9ben\\\" c\u00edm\u0171 dokumentumfilm-sorozat\u00e1nak hivatalos el\u0151zetese\",\"isPartOf\":{\"@id\":\"https:\/\/www.welovecycling.com\/hu\/#website\"},\"primaryImageOfPage\":{\"@id\":\"https:\/\/www.welovecycling.com\/hu\/orszaguti-kerekpar\/megjelent-a-netflix-tour-de-france-a-mezony-sziveben-cimu-dokumentumfilm-sorozatanak-hivatalos-elozetese\/#primaryimage\"},\"image\":{\"@id\":\"https:\/\/www.welovecycling.com\/hu\/orszaguti-kerekpar\/megjelent-a-netflix-tour-de-france-a-mezony-sziveben-cimu-dokumentumfilm-sorozatanak-hivatalos-elozetese\/#primaryimage\"},\"thumbnailUrl\":\"https:\/\/d2p6e6u75xmxt8.cloudfront.net\/12\/2023\/05\/Tour-de-France-profimedia-0706958842-CVR.webp\",\"datePublished\":\"2023-05-12T06:00:00+00:00\",\"author\":{\"@id\":\"https:\/\/www.welovecycling.com\/hu\/#\/schema\/person\/414a2aebf1801691a5320edb6468e194\"},\"description\":\"M\u00falt h\u00e9ten jelent meg a Netflix v\u00e1rva v\u00e1rt \\\"Tour de France: A mez\u0151ny sz\u00edv\u00e9ben\\\" c\u00edm\u0171 dokumentumfilm-sorozat\u00e1nak hivatalos el\u0151zetese. Az \\\"F1: Hajsza a t\u00fal\u00e9l\u00e9s\u00e9rt\\\" k\u00e9sz\u00edt\u0151i, a Quadbox \u00e9s a Box to Box Films, \u00faj sorozatukban exkluz\u00edv betekint\u00e9st ny\u00fajtanak 8 csapat k\u00fczdelm\u00e9be, akik a 2022-es Tour de France-on versenyeztek.\",\"breadcrumb\":{\"@id\":\"https:\/\/www.welovecycling.com\/hu\/orszaguti-kerekpar\/megjelent-a-netflix-tour-de-france-a-mezony-sziveben-cimu-dokumentumfilm-sorozatanak-hivatalos-elozetese\/#breadcrumb\"},\"inLanguage\":\"hu\",\"potentialAction\":[{\"@type\":\"ReadAction\",\"target\":[\"https:\/\/www.welovecycling.com\/hu\/orszaguti-kerekpar\/megjelent-a-netflix-tour-de-france-a-mezony-sziveben-cimu-dokumentumfilm-sorozatanak-hivatalos-elozetese\/\"]}]},{\"@type\":\"ImageObject\",\"inLanguage\":\"hu\",\"@id\":\"https:\/\/www.welovecycling.com\/hu\/orszaguti-kerekpar\/megjelent-a-netflix-tour-de-france-a-mezony-sziveben-cimu-dokumentumfilm-sorozatanak-hivatalos-elozetese\/#primaryimage\",\"url\":\"https:\/\/d2p6e6u75xmxt8.cloudfront.net\/12\/2023\/05\/Tour-de-France-profimedia-0706958842-CVR.webp\",\"contentUrl\":\"https:\/\/d2p6e6u75xmxt8.cloudfront.net\/12\/2023\/05\/Tour-de-France-profimedia-0706958842-CVR.webp\",\"width\":990,\"height\":660,\"caption\":\"2022 Tour de France Peloton\"},{\"@type\":\"BreadcrumbList\",\"@id\":\"https:\/\/www.welovecycling.com\/hu\/orszaguti-kerekpar\/megjelent-a-netflix-tour-de-france-a-mezony-sziveben-cimu-dokumentumfilm-sorozatanak-hivatalos-elozetese\/#breadcrumb\",\"itemListElement\":[{\"@type\":\"ListItem\",\"position\":1,\"name\":\"Home\",\"item\":\"https:\/\/www.welovecycling.com\/hu\/\"},{\"@type\":\"ListItem\",\"position\":2,\"name\":\"Megjelent a Netflix &#8220;Tour de France: A mez\u0151ny sz\u00edv\u00e9ben&#8221; c\u00edm\u0171 dokumentumfilm-sorozat\u00e1nak hivatalos el\u0151zetese\"}]},{\"@type\":\"WebSite\",\"@id\":\"https:\/\/www.welovecycling.com\/hu\/#website\",\"url\":\"https:\/\/www.welovecycling.com\/hu\/\",\"name\":\"\u0160koda We Love Cycling - Magyarorsz\u00e1g\",\"description\":\"\u0160koda WeLoveCycling\",\"potentialAction\":[{\"@type\":\"SearchAction\",\"target\":{\"@type\":\"EntryPoint\",\"urlTemplate\":\"https:\/\/www.welovecycling.com\/hu\/?s={search_term_string}\"},\"query-input\":{\"@type\":\"PropertyValueSpecification\",\"valueRequired\":true,\"valueName\":\"search_term_string\"}}],\"inLanguage\":\"hu\"},{\"@type\":\"Person\",\"@id\":\"https:\/\/www.welovecycling.com\/hu\/#\/schema\/person\/414a2aebf1801691a5320edb6468e194\",\"name\":\"hegyizs\",\"image\":{\"@type\":\"ImageObject\",\"inLanguage\":\"hu\",\"@id\":\"https:\/\/www.welovecycling.com\/hu\/#\/schema\/person\/image\/\",\"url\":\"https:\/\/secure.gravatar.com\/avatar\/02cf8a7906b8cf90cecb4679defac7cfd33a1c2e3b88e4903d947f3bb58eedd3?s=96&d=mm&r=g\",\"contentUrl\":\"https:\/\/secure.gravatar.com\/avatar\/02cf8a7906b8cf90cecb4679defac7cfd33a1c2e3b88e4903d947f3bb58eedd3?s=96&d=mm&r=g\",\"caption\":\"hegyizs\"},\"url\":\"https:\/\/www.welovecycling.com\/hu\/author\/hegyizs\/\"}]}<\/script>\n<!-- \/ Yoast SEO Premium plugin. -->","yoast_head_json":{"title":"Megjelent a Netflix \"Tour de France: A mez\u0151ny sz\u00edv\u00e9ben\" c\u00edm\u0171 dokumentumfilm-sorozat\u00e1nak hivatalos el\u0151zetese","description":"M\u00falt h\u00e9ten jelent meg a Netflix v\u00e1rva v\u00e1rt \"Tour de France: A mez\u0151ny sz\u00edv\u00e9ben\" c\u00edm\u0171 dokumentumfilm-sorozat\u00e1nak hivatalos el\u0151zetese. Az \"F1: Hajsza a t\u00fal\u00e9l\u00e9s\u00e9rt\" k\u00e9sz\u00edt\u0151i, a Quadbox \u00e9s a Box to Box Films, \u00faj sorozatukban exkluz\u00edv betekint\u00e9st ny\u00fajtanak 8 csapat k\u00fczdelm\u00e9be, akik a 2022-es Tour de France-on versenyeztek.","robots":{"index":"index","follow":"follow","max-snippet":"max-snippet:-1","max-image-preview":"max-image-preview:large","max-video-preview":"max-video-preview:-1"},"canonical":"https:\/\/www.welovecycling.com\/hu\/orszaguti-kerekpar\/megjelent-a-netflix-tour-de-france-a-mezony-sziveben-cimu-dokumentumfilm-sorozatanak-hivatalos-elozetese\/","og_locale":"hu_HU","og_type":"article","og_title":"Megjelent a Netflix \"Tour de France: A mez\u0151ny sz\u00edv\u00e9ben\" c\u00edm\u0171 dokumentumfilm-sorozat\u00e1nak hivatalos el\u0151zetese","og_description":"M\u00falt h\u00e9ten jelent meg a Netflix v\u00e1rva v\u00e1rt \"Tour de France: A mez\u0151ny sz\u00edv\u00e9ben\" c\u00edm\u0171 dokumentumfilm-sorozat\u00e1nak hivatalos el\u0151zetese. Az \"F1: Hajsza a t\u00fal\u00e9l\u00e9s\u00e9rt\" k\u00e9sz\u00edt\u0151i, a Quadbox \u00e9s a Box to Box Films, \u00faj sorozatukban exkluz\u00edv betekint\u00e9st ny\u00fajtanak 8 csapat k\u00fczdelm\u00e9be, akik a 2022-es Tour de France-on versenyeztek.","og_url":"https:\/\/www.welovecycling.com\/hu\/orszaguti-kerekpar\/megjelent-a-netflix-tour-de-france-a-mezony-sziveben-cimu-dokumentumfilm-sorozatanak-hivatalos-elozetese\/","og_site_name":"\u0160koda We Love Cycling - Magyarorsz\u00e1g","article_publisher":"https:\/\/www.facebook.com\/WeLoveCyclingHungary\/","article_published_time":"2023-05-12T06:00:00+00:00","og_image":[{"width":990,"height":660,"url":"https:\/\/d2p6e6u75xmxt8.cloudfront.net\/12\/2023\/05\/Tour-de-France-profimedia-0706958842-CVR.webp","type":"image\/webp"}],"author":"hegyizs","twitter_card":"summary_large_image","twitter_misc":{"Written by":"We Love Cycling","Est. reading time":"3"},"schema":{"@context":"https:\/\/schema.org","@graph":[{"@type":"WebPage","@id":"https:\/\/www.welovecycling.com\/hu\/orszaguti-kerekpar\/megjelent-a-netflix-tour-de-france-a-mezony-sziveben-cimu-dokumentumfilm-sorozatanak-hivatalos-elozetese\/","url":"https:\/\/www.welovecycling.com\/hu\/orszaguti-kerekpar\/megjelent-a-netflix-tour-de-france-a-mezony-sziveben-cimu-dokumentumfilm-sorozatanak-hivatalos-elozetese\/","name":"Megjelent a Netflix \"Tour de France: A mez\u0151ny sz\u00edv\u00e9ben\" c\u00edm\u0171 dokumentumfilm-sorozat\u00e1nak hivatalos el\u0151zetese","isPartOf":{"@id":"https:\/\/www.welovecycling.com\/hu\/#website"},"primaryImageOfPage":{"@id":"https:\/\/www.welovecycling.com\/hu\/orszaguti-kerekpar\/megjelent-a-netflix-tour-de-france-a-mezony-sziveben-cimu-dokumentumfilm-sorozatanak-hivatalos-elozetese\/#primaryimage"},"image":{"@id":"https:\/\/www.welovecycling.com\/hu\/orszaguti-kerekpar\/megjelent-a-netflix-tour-de-france-a-mezony-sziveben-cimu-dokumentumfilm-sorozatanak-hivatalos-elozetese\/#primaryimage"},"thumbnailUrl":"https:\/\/d2p6e6u75xmxt8.cloudfront.net\/12\/2023\/05\/Tour-de-France-profimedia-0706958842-CVR.webp","datePublished":"2023-05-12T06:00:00+00:00","author":{"@id":"https:\/\/www.welovecycling.com\/hu\/#\/schema\/person\/414a2aebf1801691a5320edb6468e194"},"description":"M\u00falt h\u00e9ten jelent meg a Netflix v\u00e1rva v\u00e1rt \"Tour de France: A mez\u0151ny sz\u00edv\u00e9ben\" c\u00edm\u0171 dokumentumfilm-sorozat\u00e1nak hivatalos el\u0151zetese. Az \"F1: Hajsza a t\u00fal\u00e9l\u00e9s\u00e9rt\" k\u00e9sz\u00edt\u0151i, a Quadbox \u00e9s a Box to Box Films, \u00faj sorozatukban exkluz\u00edv betekint\u00e9st ny\u00fajtanak 8 csapat k\u00fczdelm\u00e9be, akik a 2022-es Tour de France-on versenyeztek.","breadcrumb":{"@id":"https:\/\/www.welovecycling.com\/hu\/orszaguti-kerekpar\/megjelent-a-netflix-tour-de-france-a-mezony-sziveben-cimu-dokumentumfilm-sorozatanak-hivatalos-elozetese\/#breadcrumb"},"inLanguage":"hu","potentialAction":[{"@type":"ReadAction","target":["https:\/\/www.welovecycling.com\/hu\/orszaguti-kerekpar\/megjelent-a-netflix-tour-de-france-a-mezony-sziveben-cimu-dokumentumfilm-sorozatanak-hivatalos-elozetese\/"]}]},{"@type":"ImageObject","inLanguage":"hu","@id":"https:\/\/www.welovecycling.com\/hu\/orszaguti-kerekpar\/megjelent-a-netflix-tour-de-france-a-mezony-sziveben-cimu-dokumentumfilm-sorozatanak-hivatalos-elozetese\/#primaryimage","url":"https:\/\/d2p6e6u75xmxt8.cloudfront.net\/12\/2023\/05\/Tour-de-France-profimedia-0706958842-CVR.webp","contentUrl":"https:\/\/d2p6e6u75xmxt8.cloudfront.net\/12\/2023\/05\/Tour-de-France-profimedia-0706958842-CVR.webp","width":990,"height":660,"caption":"2022 Tour de France Peloton"},{"@type":"BreadcrumbList","@id":"https:\/\/www.welovecycling.com\/hu\/orszaguti-kerekpar\/megjelent-a-netflix-tour-de-france-a-mezony-sziveben-cimu-dokumentumfilm-sorozatanak-hivatalos-elozetese\/#breadcrumb","itemListElement":[{"@type":"ListItem","position":1,"name":"Home","item":"https:\/\/www.welovecycling.com\/hu\/"},{"@type":"ListItem","position":2,"name":"Megjelent a Netflix &#8220;Tour de France: A mez\u0151ny sz\u00edv\u00e9ben&#8221; c\u00edm\u0171 dokumentumfilm-sorozat\u00e1nak hivatalos el\u0151zetese"}]},{"@type":"WebSite","@id":"https:\/\/www.welovecycling.com\/hu\/#website","url":"https:\/\/www.welovecycling.com\/hu\/","name":"\u0160koda We Love Cycling - Magyarorsz\u00e1g","description":"\u0160koda WeLoveCycling","potentialAction":[{"@type":"SearchAction","target":{"@type":"EntryPoint","urlTemplate":"https:\/\/www.welovecycling.com\/hu\/?s={search_term_string}"},"query-input":{"@type":"PropertyValueSpecification","valueRequired":true,"valueName":"search_term_string"}}],"inLanguage":"hu"},{"@type":"Person","@id":"https:\/\/www.welovecycling.com\/hu\/#\/schema\/person\/414a2aebf1801691a5320edb6468e194","name":"hegyizs","image":{"@type":"ImageObject","inLanguage":"hu","@id":"https:\/\/www.welovecycling.com\/hu\/#\/schema\/person\/image\/","url":"https:\/\/secure.gravatar.com\/avatar\/02cf8a7906b8cf90cecb4679defac7cfd33a1c2e3b88e4903d947f3bb58eedd3?s=96&d=mm&r=g","contentUrl":"https:\/\/secure.gravatar.com\/avatar\/02cf8a7906b8cf90cecb4679defac7cfd33a1c2e3b88e4903d947f3bb58eedd3?s=96&d=mm&r=g","caption":"hegyizs"},"url":"https:\/\/www.welovecycling.com\/hu\/author\/hegyizs\/"}]}},"_links":{"self":[{"href":"https:\/\/www.welovecycling.com\/hu\/wp-json\/wp\/v2\/posts\/17359","targetHints":{"allow":["GET"]}}],"collection":[{"href":"https:\/\/www.welovecycling.com\/hu\/wp-json\/wp\/v2\/posts"}],"about":[{"href":"https:\/\/www.welovecycling.com\/hu\/wp-json\/wp\/v2\/types\/post"}],"author":[{"embeddable":true,"href":"https:\/\/www.welovecycling.com\/hu\/wp-json\/wp\/v2\/users\/71"}],"replies":[{"embeddable":true,"href":"https:\/\/www.welovecycling.com\/hu\/wp-json\/wp\/v2\/comments?post=17359"}],"version-history":[{"count":1,"href":"https:\/\/www.welovecycling.com\/hu\/wp-json\/wp\/v2\/posts\/17359\/revisions"}],"predecessor-version":[{"id":17361,"href":"https:\/\/www.welovecycling.com\/hu\/wp-json\/wp\/v2\/posts\/17359\/revisions\/17361"}],"wp:featuredmedia":[{"embeddable":true,"href":"https:\/\/www.welovecycling.com\/hu\/wp-json\/wp\/v2\/media\/17360"}],"wp:attachment":[{"href":"https:\/\/www.welovecycling.com\/hu\/wp-json\/wp\/v2\/media?parent=17359"}],"wp:term":[{"taxonomy":"category","embeddable":true,"href":"https:\/\/www.welovecycling.com\/hu\/wp-json\/wp\/v2\/categories?post=17359"},{"taxonomy":"post_tag","embeddable":true,"href":"https:\/\/www.welovecycling.com\/hu\/wp-json\/wp\/v2\/tags?post=17359"},{"taxonomy":"global-categories","embeddable":true,"href":"https:\/\/www.welovecycling.com\/hu\/wp-json\/wp\/v2\/global-categories?post=17359"}],"curies":[{"name":"wp","href":"https:\/\/api.w.org\/{rel}","templated":true}]}}