{"id":17350,"date":"2023-05-11T08:00:52","date_gmt":"2023-05-11T06:00:52","guid":{"rendered":"https:\/\/www.welovecycling.com\/hu\/?p=17350"},"modified":"2023-05-09T16:10:55","modified_gmt":"2023-05-09T14:10:55","slug":"fedezd-fel-dakart-ket-kereken-hogyan-jott-letre-a-skoda-titan-desert","status":"publish","type":"post","link":"https:\/\/www.welovecycling.com\/hu\/trekking-mtb\/fedezd-fel-dakart-ket-kereken-hogyan-jott-letre-a-skoda-titan-desert\/","title":{"rendered":"Fedezd fel Dakart k\u00e9t ker\u00e9ken: Hogyan j\u00f6tt l\u00e9tre a \u0160koda Titan Desert?"},"content":{"rendered":"<p><strong>Nem sok MTB-verseny b\u00fcszk\u00e9lkedhet olyan egyed\u00fcl\u00e1ll\u00f3 \u00e9s l\u00e9legzetel\u00e1ll\u00edt\u00f3 helysz\u00ednnel, mint a \u0160koda Titan Desert Morocco. A szaharai d\u0171n\u00e9k \u00e9s az Atlasz-hegys\u00e9g k\u00f6z\u00f6tt megrendezett verseny \u00e9vr\u0151l \u00e9vre leny\u0171g\u00f6zi a ker\u00e9kp\u00e1rosokat, \u00e9s b\u00e1r sok versenyz\u0151t megt\u00f6r, n\u00e9h\u00e1nyukat a legend\u00e1k k\u00f6z\u00e9 emel. A We Love Cycling felk\u00e9rte Jes\u00fas Garci\u00e1t &#8211; a versenyt szervez\u0151 test\u00fclet vez\u00e9rigazgat\u00f3j\u00e1t \u00e9s kor\u00e1bbi hatszoros r\u00e9sztvev\u0151t &#8211; hogy bennfentesk\u00e9nt mes\u00e9ljen a verseny eredet\u00e9r\u0151l \u00e9s fejl\u0151d\u00e9s\u00e9r\u0151l.<\/strong><\/p>\n<p style=\"font-weight: 400;\"><!--more--><\/p>\n<p>El\u0151sz\u00f6r n\u00e9zz\u00fcnk p\u00e1r alap inf\u00f3t.<\/p>\n<p>A \u0160koda Titan Desert Morocco egy a marokk\u00f3i Szahara-sivatagban \u00e9vente megrendez\u00e9sre ker\u00fcl\u0151 rangos, hat szakaszb\u00f3l \u00e1ll\u00f3 hegyiker\u00e9kp\u00e1rverseny, melyre a vil\u00e1g minden t\u00e1j\u00e1r\u00f3l \u00e9rkeznek profi \u00e9s amat\u0151r ker\u00e9kp\u00e1rosok. Az esem\u00e9ny eredete tulajdonk\u00e9ppen \u00f6sszefon\u00f3dik a Dakar-rallival; el\u0151sz\u00f6r 2006-ban rendezt\u00e9k meg, \u00e9s a verseny az\u00f3ta is az egyik legkem\u00e9nyebb \u00e9s legnagyobb kih\u00edv\u00e1st jelent\u0151 futamnak sz\u00e1m\u00edt az eg\u00e9sz vil\u00e1gon. Az eddigi, nagyj\u00e1b\u00f3l 5500 r\u00e9sztvev\u0151 k\u00f6z\u00f6tt az \u00e9vek sor\u00e1n a n\u00e9z\u0151k olyan ker\u00e9kp\u00e1ros legend\u00e1kat figyelhettek, mint Miguel Indur\u00e1in, Anna Ram\u00edrez, Josep Betal\u00fa, Roberto Heras, Melchor Mauri \u00e9s Sylvain Chavanel.<\/p>\n<p>Az \u00e1prilis 30. \u00e9s m\u00e1jus 5. k\u00f6z\u00f6tt megrendez\u00e9sre ker\u00fclt \u0160koda Titan Desert Morocco idei \u00fatvonala Boumalne Dades v\u00e1ros\u00e1b\u00f3l indult \u00e9s Maadidban \u00e9rt v\u00e9get, a versenyz\u0151knek teh\u00e1t \u00e1t kellett haladniuk az Erg Chebbi d\u0171n\u00e9ken \u00e9s a Jbel Ougnat hegyvonulaton. Az \u00fatvonal \u00f6sszesen 625 kilom\u00e9ter hossz\u00fa volt (t\u00f6bb mint 7000 m\u00e9teres szintemelked\u00e9ssel), melyb\u0151l a leghosszabb szakasz 133,5 kilom\u00e9teres. A versenyz\u0151knek minden szakaszon seg\u00edts\u00e9g n\u00e9lk\u00fcl kellett megk\u00fczdeni\u00fck a meredek emelked\u0151kkel, szikl\u00e1s lejt\u0151kkel \u00e9s hatalmas homokd\u0171n\u00e9kkel, valamint a napk\u00f6zben 40 \u00b0C-ot is meghalad\u00f3 h\u0151m\u00e9rs\u00e9klettel. Mindez term\u00e9szetesen fokozza a versenyszellemet, de a verseny ki\u00e1ltv\u00e1nya a &#8220;Titan Spirit&#8221; szellemis\u00e9gre \u00f6szt\u00f6nzi a ker\u00e9kp\u00e1rosokat arra, hogy &#8220;\u00f6nzetlen\u00fcl seg\u00edtsenek t\u00e1rsaiknak&#8221; \u00e9s k\u00f6ssenek bar\u00e1ts\u00e1gokat. Ennek jegy\u00e9ben a versenyz\u0151k minden szakasz v\u00e9g\u00e9n \u00f6sszegy\u0171ltek a h\u00edres \u00e9jszakai nom\u00e1d sivatagi bivakban, ahol mintegy 700 r\u00e9sztvev\u0151 vett r\u00e9szt a t\u00e1rsas\u00e1gi \u00e9letben.<\/p>\n<p style=\"font-weight: 400;\">Most t\u00e9rj\u00fcnk vissza Jes\u00fas Garci\u00e1hoz, aki a testmozg\u00e1s- \u00e9s sporttudom\u00e1nyok ter\u00fclet\u00e9n szerzett tapasztalatai r\u00e9v\u00e9n jelenleg az Experientia S&amp;E eln\u00f6ke, az MKTG Spain \u00e9s az RPM Sports vez\u00e9rigazgat\u00f3ja, valamint a \u0160koda Titan Desert Morocco egyik szervez\u0151je. Miel\u0151tt a Titan csapat tagja lett, Garcia 2012 \u00e9s 2019 k\u00f6z\u00f6tt hat \u0160koda Titan Desert Morocco versenyt teljes\u00edtett, \u00edgy \u00f6sszesen 3829 km-t k\u00fczd\u00f6tt le, amivel Titan-legend\u00e1v\u00e1 v\u00e1lt. Aligha tal\u00e1lhatn\u00e1nk teh\u00e1t alkalmasabb embert, aki t\u00f6bb szempontb\u00f3l is v\u00e9gig tud vezetni minket a verseny fejl\u0151d\u00e9s\u00e9n.<\/p>\n<figure id=\"attachment_188658\" aria-describedby=\"caption-attachment-188658\" style=\"width: 1000px\" class=\"wp-caption alignnone\"><a href=\"https:\/\/d2p6e6u75xmxt8.cloudfront.net\/2\/2022\/02\/Titan-Desert-2.webp\"><img loading=\"lazy\" decoding=\"async\" class=\"wp-image-188658 size-full\" src=\"https:\/\/d2p6e6u75xmxt8.cloudfront.net\/2\/2022\/02\/Titan-Desert-2.webp\" alt=\"\u0160koda Titan Desert\" width=\"1000\" height=\"667\" \/><\/a><figcaption id=\"caption-attachment-188658\" class=\"wp-caption-text\"><em>A f\u00e9lelmetes Atlasz-hegys\u00e9g \u00e9s a Szahara sivatag k\u00f6z\u00f6tt megrendezett egyed\u00fcl\u00e1ll\u00f3 hegyiker\u00e9kp\u00e1ros verseny 2006 \u00f3ta ny\u0171g\u00f6zi le mind a versenyz\u0151ket, mind a n\u00e9z\u0151ket.<\/em><\/figcaption><\/figure>\n<div id='gallery-1' class='gallery galleryid-17350 gallery-columns-3 gallery-size-large'><figure class='gallery-item'>\n\t\t\t<div class='gallery-icon landscape'>\n\t\t\t\t<a href='https:\/\/d2p6e6u75xmxt8.cloudfront.net\/12\/2023\/05\/1Y7A5308-1.webp'><img loading=\"lazy\" decoding=\"async\" width=\"1000\" height=\"667\" src=\"https:\/\/d2p6e6u75xmxt8.cloudfront.net\/12\/2023\/05\/1Y7A5308-1.webp\" class=\"attachment-large size-large\" alt=\"Titan Desert\" srcset=\"https:\/\/d2p6e6u75xmxt8.cloudfront.net\/12\/2023\/05\/1Y7A5308-1.webp 1000w, https:\/\/d2p6e6u75xmxt8.cloudfront.net\/12\/2023\/05\/1Y7A5308-1-300x200.webp 300w, https:\/\/d2p6e6u75xmxt8.cloudfront.net\/12\/2023\/05\/1Y7A5308-1-768x512.webp 768w, https:\/\/d2p6e6u75xmxt8.cloudfront.net\/12\/2023\/05\/1Y7A5308-1-400x267.webp 400w, https:\/\/d2p6e6u75xmxt8.cloudfront.net\/12\/2023\/05\/1Y7A5308-1-272x182.webp 272w\" sizes=\"auto, (max-width: 1000px) 100vw, 1000px\" \/><\/a>\n\t\t\t<\/div><\/figure><figure class='gallery-item'>\n\t\t\t<div class='gallery-icon landscape'>\n\t\t\t\t<a href='https:\/\/d2p6e6u75xmxt8.cloudfront.net\/12\/2023\/05\/Titan-Stage-4-CVR.webp'><img loading=\"lazy\" decoding=\"async\" width=\"990\" height=\"660\" src=\"https:\/\/d2p6e6u75xmxt8.cloudfront.net\/12\/2023\/05\/Titan-Stage-4-CVR.webp\" class=\"attachment-large size-large\" alt=\"Titan Desert stage 4\" srcset=\"https:\/\/d2p6e6u75xmxt8.cloudfront.net\/12\/2023\/05\/Titan-Stage-4-CVR.webp 990w, https:\/\/d2p6e6u75xmxt8.cloudfront.net\/12\/2023\/05\/Titan-Stage-4-CVR-300x200.webp 300w, https:\/\/d2p6e6u75xmxt8.cloudfront.net\/12\/2023\/05\/Titan-Stage-4-CVR-768x512.webp 768w, https:\/\/d2p6e6u75xmxt8.cloudfront.net\/12\/2023\/05\/Titan-Stage-4-CVR-400x267.webp 400w, https:\/\/d2p6e6u75xmxt8.cloudfront.net\/12\/2023\/05\/Titan-Stage-4-CVR-272x182.webp 272w\" sizes=\"auto, (max-width: 990px) 100vw, 990px\" \/><\/a>\n\t\t\t<\/div><\/figure><figure class='gallery-item'>\n\t\t\t<div class='gallery-icon landscape'>\n\t\t\t\t<a href='https:\/\/d2p6e6u75xmxt8.cloudfront.net\/12\/2023\/05\/SKODA-Titan-Desert-Day-1.webp'><img loading=\"lazy\" decoding=\"async\" width=\"1000\" height=\"667\" src=\"https:\/\/d2p6e6u75xmxt8.cloudfront.net\/12\/2023\/05\/SKODA-Titan-Desert-Day-1.webp\" class=\"attachment-large size-large\" alt=\"\u0160koda Titan Desert\" srcset=\"https:\/\/d2p6e6u75xmxt8.cloudfront.net\/12\/2023\/05\/SKODA-Titan-Desert-Day-1.webp 1000w, https:\/\/d2p6e6u75xmxt8.cloudfront.net\/12\/2023\/05\/SKODA-Titan-Desert-Day-1-300x200.webp 300w, https:\/\/d2p6e6u75xmxt8.cloudfront.net\/12\/2023\/05\/SKODA-Titan-Desert-Day-1-768x512.webp 768w, https:\/\/d2p6e6u75xmxt8.cloudfront.net\/12\/2023\/05\/SKODA-Titan-Desert-Day-1-400x267.webp 400w, https:\/\/d2p6e6u75xmxt8.cloudfront.net\/12\/2023\/05\/SKODA-Titan-Desert-Day-1-272x182.webp 272w\" sizes=\"auto, (max-width: 1000px) 100vw, 1000px\" \/><\/a>\n\t\t\t<\/div><\/figure>\n\t\t<\/div>\n\n<p><strong>Mi a legnagyobb v\u00e1ltoz\u00e1s, ami a 2006-os els\u0151 verseny \u00f3ta a \u0160koda Titan Desert-ben t\u00f6rt\u00e9nt?<\/strong><\/p>\n<p>A kezdetek \u00f3ta \u00f3ri\u00e1si v\u00e1ltoz\u00e1sok t\u00f6rt\u00e9ntek. Az els\u0151 verseny mind a r\u00e9sztvev\u0151k, mind a szervez\u0151csapat sz\u00e1m\u00e1ra egy nagy kaland volt. B\u00e1r sok tapasztalatunk volt, \u00e9s j\u00f3l ismert\u00fck Marokk\u00f3t, ilyen t\u00edpus\u00fa \u00e9s ilyen \u00f6sszetett lebonyol\u00edt\u00e1s\u00fa esem\u00e9nyt m\u00e9g sosem szervezt\u00fcnk. Szeretn\u00e9k mindenkit eml\u00e9keztetni, hogy 2006-ban az ilyen t\u00edpus\u00fa rendezv\u00e9nyek m\u00e9g nem voltak olyan ismertek \u00e9s n\u00e9pszer\u0171ek, mint manaps\u00e1g.<\/p>\n<p>M\u00e1ra elmondhatjuk, hogy a \u0160koda Titan Desert Morocco vil\u00e1gsz\u00ednvonal\u00fa esem\u00e9nny\u00e9 v\u00e1lt az MTB-szakaszversenyek tekintet\u00e9ben. Tov\u00e1bbra is a kaland, az \u00f6nfejleszt\u00e9s \u00e9s a kih\u00edv\u00e1s lehet\u0151s\u00e9g\u00e9t k\u00edn\u00e1lja a versenyz\u0151knek, ugyanakkor nagyobb k\u00e9nyelmet \u00e9s els\u0151 oszt\u00e1ly\u00fa szolg\u00e1ltat\u00e1sokat is ny\u00fajt nekik.<\/p>\n<p>A legnagyobb v\u00e1ltoz\u00e1st legink\u00e1bb az szimboliz\u00e1lja, hogy m\u00edg az els\u0151 versenyen a r\u00e9sztvev\u0151k minden \u00e9rtelemben az ismeretlennek indultak neki, addig ma m\u00e1r sok olyan Tit\u00e1n van, aki mindent tud err\u0151l az esem\u00e9nyr\u0151l, \u00e9s m\u00e9g a verseny nev\u00e9t is mag\u00e1ra tetov\u00e1ltatta.<\/p>\n<p><strong>Mennyiben m\u00e1s a versenyben bet\u00f6lt\u00f6tt jelenlegi szereped, mint a kezdetekkor?<\/strong><\/p>\n<p style=\"font-weight: 400;\">17 \u00e9vvel ezel\u0151tt arr\u00f3l \u00e1lmodtunk, hogy l\u00e9trehozzuk a hegyiker\u00e9kp\u00e1roz\u00e1s &#8220;Dakarj\u00e1t&#8221;, \u00e9s azzal, hogy siker\u00fclt 150 versenyz\u0151t elvinn\u00fcnk a marokk\u00f3i sivatagba, ez az \u00e1lom val\u00f3ra v\u00e1lt. K\u00e9s\u0151bb \u00e9n magam is versenyeztem, \u00e9s \u00f6sszesen 3500 km-t teljes\u00edtettem, amivel Titan Legend\u00e1v\u00e1 v\u00e1ltam. Jelenleg pedig a c\u00e9g vez\u00e9rigazgat\u00f3ja vagyok, \u00e9s ker\u00e9kp\u00e1rosok sz\u00e1zainak tessz\u00fck lehet\u0151v\u00e9 olyan \u00fati c\u00e9lok felfedez\u00e9s\u00e9t, mint Marokk\u00f3, Almeria, Sza\u00fad-Ar\u00e1bia \u00e9s m\u00e1s j\u00f6v\u0151beli helysz\u00ednek. Mindezt \u00fagy, hogy k\u00f6zben tov\u00e1bbra is meg\u0151rizz\u00fck a 2006-os szellemis\u00e9g\u00fcnket.<\/p>\n<figure id=\"attachment_189223\" aria-describedby=\"caption-attachment-189223\" style=\"width: 990px\" class=\"wp-caption alignnone\"><a href=\"https:\/\/d2p6e6u75xmxt8.cloudfront.net\/2\/2022\/05\/SKODA-Titan-Desert-profimedia-0430643156-CVR.webp\"><img loading=\"lazy\" decoding=\"async\" class=\"wp-image-189223 size-full\" src=\"https:\/\/d2p6e6u75xmxt8.cloudfront.net\/2\/2022\/05\/SKODA-Titan-Desert-profimedia-0430643156-CVR.webp\" alt=\"\u0160koda Titan Desert\" width=\"990\" height=\"660\" \/><\/a><figcaption id=\"caption-attachment-189223\" class=\"wp-caption-text\"><em>Az els\u0151 Titan Desert \u00f3ta m\u00e1r t\u00f6bb mint 5000 versenyz\u0151 csatlakozott az esem\u00e9nyhez, k\u00f6zt\u00fck minden id\u0151k legjobb spanyol ker\u00e9kp\u00e1ros\u00e1val, Miguel Indur\u00e1innal.<\/em><\/figcaption><\/figure>\n<p><strong>Melyik gy\u0151zelem volt a legizgalmasabb sz\u00e1modra? Van kedvenc pillanatod a versenyekr\u0151l?<\/strong><\/p>\n<p>B\u00fcszke vagyok minden olyan gy\u0151zelemre, melyet a nagy ker\u00e9kp\u00e1ros esem\u00e9nyek, mint a La Vuelta vagy a Tour de France gy\u0151ztesei arattak a Tit\u00e1nban. Ilyen volt p\u00e9ld\u00e1ul Roberto Heras, Oscar Pereiro vagy Cadel Evans befut\u00f3ja. A kedvenc pillanatom k\u00e9ts\u00e9gk\u00edv\u00fcl mindig az, amikor a versenyz\u0151k az utols\u00f3 szakaszba \u00e9rnek, majd \u00e1trobognak a c\u00e9lvonalon, ahol \u00e1tadjuk a be\u00e9rkez\u0151k fossz\u00edli\u00e1it (csiszolt k\u00f6veket), valamint az ezt k\u00f6vet\u0151 t\u00f6bb sz\u00e1z r\u00e9sztvev\u0151 \u00f6r\u00f6mujjong\u00e1sa.<\/p>\n<p><strong>Milyen elk\u00e9pzel\u00e9seid vannak a Titan Desert j\u00f6v\u0151j\u00e9vel kapcsolatban? Lehet m\u00e9g hova fejl\u0151dni?<\/strong><\/p>\n<p>Arr\u00f3l \u00e1lmodozunk, hogy k\u00fcl\u00f6nb\u00f6z\u0151 kontinensekre is kiterjesztj\u00fck az esem\u00e9nyt, \u00e9s az montiz\u00e1s tov\u00e1bbi szerelmeseit vonjuk be ebbe a versenybe, melyben keveredik a kaland, a szenved\u00e9ly \u00e9s a Tit\u00e1n-jel\u00f6ltek ereje. N\u00e1lunk a r\u00e9sztvev\u0151k a f\u0151szerepl\u0151k, \u00e9s a lehet\u0151 legmagasabb min\u0151s\u00e9get ny\u00fajtva szeretn\u00e9nk seg\u00edteni \u0151ket az eg\u00e9sz folyamatban.<\/p>\n<p><strong>Szerinted mi vonzza a ker\u00e9kp\u00e1rosokat egy ilyen versenyre? Mi\u00e9rt olyan egyed\u00fcl\u00e1ll\u00f3 a Titan Desert?<\/strong><\/p>\n<p>Az els\u0151 dolog, ami ide cs\u00e1b\u00edtja a Tit\u00e1nokat, az a k\u00f6rnyezet, vagyis az impoz\u00e1ns marokk\u00f3i sivatag. A forr\u00f3 homoktenger borzaszt\u00f3an ellens\u00e9ges terep tud lenni, ugyanakkor ide\u00e1lis helysz\u00edn lehet a sport- \u00e9s mag\u00e1n\u00e9letben tapasztalt legnagyobb kih\u00edv\u00e1sok lek\u00fczd\u00e9s\u00e9re is. A sivatagban val\u00f3 \u00f3r\u00e1kon \u00e1t tart\u00f3 ker\u00e9kp\u00e1roz\u00e1s ugyanis nemcsak a hat\u00e1raid feszeget\u00e9s\u00e9re, de azok \u00e1tl\u00e9p\u00e9s\u00e9re is k\u00e9nyszer\u00edt, ekkor pedig egy olyan \u00e9ned bukkan el\u0151, amelyr\u0151l addig a pillanatig nem is tudtad, hogy l\u00e9tezik. Sok Tit\u00e1n elmondta nek\u00fcnk, hogy ez a kaland sz\u00f3 szerint megv\u00e1ltoztatta az \u00e9letszeml\u00e9let\u00fcket. Az egy hetes verseny sor\u00e1n a Tit\u00e1nok \u00e1ldozatv\u00e1llal\u00e1si \u00e9s \u00f6nfejleszt\u0151 k\u00e9pess\u00e9ge soha nem l\u00e1tott szinteket \u00e9r el.<\/p>\n<p style=\"font-weight: 400;\">Egy m\u00e1sik szempont, ami olyan egyediv\u00e9 teszi a \u0160koda Titan Desert Moroccot, a &#8220;Tit\u00e1n szellem&#8221;. Nem l\u00e1that\u00f3, nincs fizikai alakja, de jelen van a verseny minden r\u00e9sz\u00e9ben. Ez a bajt\u00e1rsiass\u00e1g, a bar\u00e1ts\u00e1g, a szolidarit\u00e1s, a &#8220;ma neked, holnap nekem&#8221; gondolkod\u00e1sm\u00f3d, a c\u00e9lba \u00e9rkez\u00e9s ut\u00e1ni k\u00f6z\u00f6s \u00f6r\u00f6m, az el\u0151z\u0151 nap tapasztalatainak megoszt\u00e1sa \u00e9s a k\u00f6vetkez\u0151 napra val\u00f3 egy\u00fcttes felk\u00e9sz\u00fcl\u00e9s. A \u0160koda Titan Desert Morocco egy felejthetetlen \u00e9lm\u00e9ny, melynek sor\u00e1n a nap 24 \u00f3r\u00e1j\u00e1ban olyan sportol\u00f3kkal lehetsz egy\u00fctt, akiknek ugyanaz a szenved\u00e9ly\u00fck, mint neked.<\/p>\n","protected":false},"excerpt":{"rendered":"<p>Nem sok MTB-verseny b\u00fcszk\u00e9lkedhet olyan egyed\u00fcl\u00e1ll\u00f3 \u00e9s l\u00e9legzetel\u00e1ll\u00edt\u00f3 helysz\u00ednnel, mint a \u0160koda Titan Desert Morocco. A szaharai d\u0171n\u00e9k \u00e9s az [&hellip;]<\/p>\n","protected":false},"author":71,"featured_media":17353,"comment_status":"open","ping_status":"open","sticky":false,"template":"","format":"standard","meta":{"footnotes":""},"categories":[7],"tags":[],"global-categories":[],"class_list":["post-17350","post","type-post","status-publish","format-standard","has-post-thumbnail","hentry","category-trekking-mtb"],"yoast_head":"<!-- This site is optimized with the Yoast SEO Premium plugin v25.3 (Yoast SEO v25.9) - https:\/\/yoast.com\/wordpress\/plugins\/seo\/ -->\n<title>Fedezd fel Dakart k\u00e9t ker\u00e9ken: Hogyan j\u00f6tt l\u00e9tre a \u0160koda Titan Desert?<\/title>\n<meta name=\"description\" content=\"Nem sok MTB-verseny b\u00fcszk\u00e9lkedhet olyan egyed\u00fcl\u00e1ll\u00f3 \u00e9s l\u00e9legzetel\u00e1ll\u00edt\u00f3 helysz\u00ednnel, mint a \u0160koda Titan Desert Morocco. A szaharai d\u0171n\u00e9k \u00e9s az Atlasz-hegys\u00e9g k\u00f6z\u00f6tt megrendezett verseny \u00e9vr\u0151l \u00e9vre leny\u0171g\u00f6zi a ker\u00e9kp\u00e1rosokat, \u00e9s b\u00e1r sok versenyz\u0151t megt\u00f6r, n\u00e9h\u00e1nyukat a legend\u00e1k k\u00f6z\u00e9 emel. A We Love Cycling felk\u00e9rte Jes\u00fas Garci\u00e1t - a versenyt szervez\u0151 test\u00fclet vez\u00e9rigazgat\u00f3j\u00e1t \u00e9s kor\u00e1bbi hatszoros r\u00e9sztvev\u0151t - hogy bennfentesk\u00e9nt mes\u00e9ljen a verseny eredet\u00e9r\u0151l \u00e9s fejl\u0151d\u00e9s\u00e9r\u0151l.\" \/>\n<meta name=\"robots\" content=\"index, follow, max-snippet:-1, max-image-preview:large, max-video-preview:-1\" \/>\n<link rel=\"canonical\" href=\"https:\/\/www.welovecycling.com\/hu\/trekking-mtb\/fedezd-fel-dakart-ket-kereken-hogyan-jott-letre-a-skoda-titan-desert\/\" \/>\n<meta property=\"og:locale\" content=\"hu_HU\" \/>\n<meta property=\"og:type\" content=\"article\" \/>\n<meta property=\"og:title\" content=\"Fedezd fel Dakart k\u00e9t ker\u00e9ken: Hogyan j\u00f6tt l\u00e9tre a \u0160koda Titan Desert?\" \/>\n<meta property=\"og:description\" content=\"Nem sok MTB-verseny b\u00fcszk\u00e9lkedhet olyan egyed\u00fcl\u00e1ll\u00f3 \u00e9s l\u00e9legzetel\u00e1ll\u00edt\u00f3 helysz\u00ednnel, mint a \u0160koda Titan Desert Morocco. A szaharai d\u0171n\u00e9k \u00e9s az Atlasz-hegys\u00e9g k\u00f6z\u00f6tt megrendezett verseny \u00e9vr\u0151l \u00e9vre leny\u0171g\u00f6zi a ker\u00e9kp\u00e1rosokat, \u00e9s b\u00e1r sok versenyz\u0151t megt\u00f6r, n\u00e9h\u00e1nyukat a legend\u00e1k k\u00f6z\u00e9 emel. A We Love Cycling felk\u00e9rte Jes\u00fas Garci\u00e1t - a versenyt szervez\u0151 test\u00fclet vez\u00e9rigazgat\u00f3j\u00e1t \u00e9s kor\u00e1bbi hatszoros r\u00e9sztvev\u0151t - hogy bennfentesk\u00e9nt mes\u00e9ljen a verseny eredet\u00e9r\u0151l \u00e9s fejl\u0151d\u00e9s\u00e9r\u0151l.\" \/>\n<meta property=\"og:url\" content=\"https:\/\/www.welovecycling.com\/hu\/trekking-mtb\/fedezd-fel-dakart-ket-kereken-hogyan-jott-letre-a-skoda-titan-desert\/\" \/>\n<meta property=\"og:site_name\" content=\"\u0160koda We Love Cycling - Magyarorsz\u00e1g\" \/>\n<meta property=\"article:publisher\" content=\"https:\/\/www.facebook.com\/WeLoveCyclingHungary\/\" \/>\n<meta property=\"article:published_time\" content=\"2023-05-11T06:00:52+00:00\" \/>\n<meta property=\"og:image\" content=\"https:\/\/d2p6e6u75xmxt8.cloudfront.net\/12\/2023\/05\/2022_Titan_Desert_CVR.webp\" \/>\n\t<meta property=\"og:image:width\" content=\"990\" \/>\n\t<meta property=\"og:image:height\" content=\"660\" \/>\n\t<meta property=\"og:image:type\" content=\"image\/webp\" \/>\n<meta name=\"author\" content=\"hegyizs\" \/>\n<meta name=\"twitter:card\" content=\"summary_large_image\" \/>\n<meta name=\"twitter:label1\" content=\"Written by\" \/>\n\t<meta name=\"twitter:data1\" content=\"We Love Cycling\" \/>\n\t<meta name=\"twitter:label2\" content=\"Est. reading time\" \/>\n\t<meta name=\"twitter:data2\" content=\"5\" \/>\n<script type=\"application\/ld+json\" class=\"yoast-schema-graph\">{\"@context\":\"https:\/\/schema.org\",\"@graph\":[{\"@type\":\"WebPage\",\"@id\":\"https:\/\/www.welovecycling.com\/hu\/trekking-mtb\/fedezd-fel-dakart-ket-kereken-hogyan-jott-letre-a-skoda-titan-desert\/\",\"url\":\"https:\/\/www.welovecycling.com\/hu\/trekking-mtb\/fedezd-fel-dakart-ket-kereken-hogyan-jott-letre-a-skoda-titan-desert\/\",\"name\":\"Fedezd fel Dakart k\u00e9t ker\u00e9ken: Hogyan j\u00f6tt l\u00e9tre a \u0160koda Titan Desert?\",\"isPartOf\":{\"@id\":\"https:\/\/www.welovecycling.com\/hu\/#website\"},\"primaryImageOfPage\":{\"@id\":\"https:\/\/www.welovecycling.com\/hu\/trekking-mtb\/fedezd-fel-dakart-ket-kereken-hogyan-jott-letre-a-skoda-titan-desert\/#primaryimage\"},\"image\":{\"@id\":\"https:\/\/www.welovecycling.com\/hu\/trekking-mtb\/fedezd-fel-dakart-ket-kereken-hogyan-jott-letre-a-skoda-titan-desert\/#primaryimage\"},\"thumbnailUrl\":\"https:\/\/d2p6e6u75xmxt8.cloudfront.net\/12\/2023\/05\/2022_Titan_Desert_CVR.webp\",\"datePublished\":\"2023-05-11T06:00:52+00:00\",\"author\":{\"@id\":\"https:\/\/www.welovecycling.com\/hu\/#\/schema\/person\/414a2aebf1801691a5320edb6468e194\"},\"description\":\"Nem sok MTB-verseny b\u00fcszk\u00e9lkedhet olyan egyed\u00fcl\u00e1ll\u00f3 \u00e9s l\u00e9legzetel\u00e1ll\u00edt\u00f3 helysz\u00ednnel, mint a \u0160koda Titan Desert Morocco. A szaharai d\u0171n\u00e9k \u00e9s az Atlasz-hegys\u00e9g k\u00f6z\u00f6tt megrendezett verseny \u00e9vr\u0151l \u00e9vre leny\u0171g\u00f6zi a ker\u00e9kp\u00e1rosokat, \u00e9s b\u00e1r sok versenyz\u0151t megt\u00f6r, n\u00e9h\u00e1nyukat a legend\u00e1k k\u00f6z\u00e9 emel. A We Love Cycling felk\u00e9rte Jes\u00fas Garci\u00e1t - a versenyt szervez\u0151 test\u00fclet vez\u00e9rigazgat\u00f3j\u00e1t \u00e9s kor\u00e1bbi hatszoros r\u00e9sztvev\u0151t - hogy bennfentesk\u00e9nt mes\u00e9ljen a verseny eredet\u00e9r\u0151l \u00e9s fejl\u0151d\u00e9s\u00e9r\u0151l.\",\"breadcrumb\":{\"@id\":\"https:\/\/www.welovecycling.com\/hu\/trekking-mtb\/fedezd-fel-dakart-ket-kereken-hogyan-jott-letre-a-skoda-titan-desert\/#breadcrumb\"},\"inLanguage\":\"hu\",\"potentialAction\":[{\"@type\":\"ReadAction\",\"target\":[\"https:\/\/www.welovecycling.com\/hu\/trekking-mtb\/fedezd-fel-dakart-ket-kereken-hogyan-jott-letre-a-skoda-titan-desert\/\"]}]},{\"@type\":\"ImageObject\",\"inLanguage\":\"hu\",\"@id\":\"https:\/\/www.welovecycling.com\/hu\/trekking-mtb\/fedezd-fel-dakart-ket-kereken-hogyan-jott-letre-a-skoda-titan-desert\/#primaryimage\",\"url\":\"https:\/\/d2p6e6u75xmxt8.cloudfront.net\/12\/2023\/05\/2022_Titan_Desert_CVR.webp\",\"contentUrl\":\"https:\/\/d2p6e6u75xmxt8.cloudfront.net\/12\/2023\/05\/2022_Titan_Desert_CVR.webp\",\"width\":990,\"height\":660,\"caption\":\"2022 \u0160koda Titan Desert\"},{\"@type\":\"BreadcrumbList\",\"@id\":\"https:\/\/www.welovecycling.com\/hu\/trekking-mtb\/fedezd-fel-dakart-ket-kereken-hogyan-jott-letre-a-skoda-titan-desert\/#breadcrumb\",\"itemListElement\":[{\"@type\":\"ListItem\",\"position\":1,\"name\":\"Home\",\"item\":\"https:\/\/www.welovecycling.com\/hu\/\"},{\"@type\":\"ListItem\",\"position\":2,\"name\":\"Fedezd fel Dakart k\u00e9t ker\u00e9ken: Hogyan j\u00f6tt l\u00e9tre a \u0160koda Titan Desert?\"}]},{\"@type\":\"WebSite\",\"@id\":\"https:\/\/www.welovecycling.com\/hu\/#website\",\"url\":\"https:\/\/www.welovecycling.com\/hu\/\",\"name\":\"\u0160koda We Love Cycling - Magyarorsz\u00e1g\",\"description\":\"\u0160koda WeLoveCycling\",\"potentialAction\":[{\"@type\":\"SearchAction\",\"target\":{\"@type\":\"EntryPoint\",\"urlTemplate\":\"https:\/\/www.welovecycling.com\/hu\/?s={search_term_string}\"},\"query-input\":{\"@type\":\"PropertyValueSpecification\",\"valueRequired\":true,\"valueName\":\"search_term_string\"}}],\"inLanguage\":\"hu\"},{\"@type\":\"Person\",\"@id\":\"https:\/\/www.welovecycling.com\/hu\/#\/schema\/person\/414a2aebf1801691a5320edb6468e194\",\"name\":\"hegyizs\",\"image\":{\"@type\":\"ImageObject\",\"inLanguage\":\"hu\",\"@id\":\"https:\/\/www.welovecycling.com\/hu\/#\/schema\/person\/image\/\",\"url\":\"https:\/\/secure.gravatar.com\/avatar\/02cf8a7906b8cf90cecb4679defac7cfd33a1c2e3b88e4903d947f3bb58eedd3?s=96&d=mm&r=g\",\"contentUrl\":\"https:\/\/secure.gravatar.com\/avatar\/02cf8a7906b8cf90cecb4679defac7cfd33a1c2e3b88e4903d947f3bb58eedd3?s=96&d=mm&r=g\",\"caption\":\"hegyizs\"},\"url\":\"https:\/\/www.welovecycling.com\/hu\/author\/hegyizs\/\"}]}<\/script>\n<!-- \/ Yoast SEO Premium plugin. -->","yoast_head_json":{"title":"Fedezd fel Dakart k\u00e9t ker\u00e9ken: Hogyan j\u00f6tt l\u00e9tre a \u0160koda Titan Desert?","description":"Nem sok MTB-verseny b\u00fcszk\u00e9lkedhet olyan egyed\u00fcl\u00e1ll\u00f3 \u00e9s l\u00e9legzetel\u00e1ll\u00edt\u00f3 helysz\u00ednnel, mint a \u0160koda Titan Desert Morocco. A szaharai d\u0171n\u00e9k \u00e9s az Atlasz-hegys\u00e9g k\u00f6z\u00f6tt megrendezett verseny \u00e9vr\u0151l \u00e9vre leny\u0171g\u00f6zi a ker\u00e9kp\u00e1rosokat, \u00e9s b\u00e1r sok versenyz\u0151t megt\u00f6r, n\u00e9h\u00e1nyukat a legend\u00e1k k\u00f6z\u00e9 emel. A We Love Cycling felk\u00e9rte Jes\u00fas Garci\u00e1t - a versenyt szervez\u0151 test\u00fclet vez\u00e9rigazgat\u00f3j\u00e1t \u00e9s kor\u00e1bbi hatszoros r\u00e9sztvev\u0151t - hogy bennfentesk\u00e9nt mes\u00e9ljen a verseny eredet\u00e9r\u0151l \u00e9s fejl\u0151d\u00e9s\u00e9r\u0151l.","robots":{"index":"index","follow":"follow","max-snippet":"max-snippet:-1","max-image-preview":"max-image-preview:large","max-video-preview":"max-video-preview:-1"},"canonical":"https:\/\/www.welovecycling.com\/hu\/trekking-mtb\/fedezd-fel-dakart-ket-kereken-hogyan-jott-letre-a-skoda-titan-desert\/","og_locale":"hu_HU","og_type":"article","og_title":"Fedezd fel Dakart k\u00e9t ker\u00e9ken: Hogyan j\u00f6tt l\u00e9tre a \u0160koda Titan Desert?","og_description":"Nem sok MTB-verseny b\u00fcszk\u00e9lkedhet olyan egyed\u00fcl\u00e1ll\u00f3 \u00e9s l\u00e9legzetel\u00e1ll\u00edt\u00f3 helysz\u00ednnel, mint a \u0160koda Titan Desert Morocco. A szaharai d\u0171n\u00e9k \u00e9s az Atlasz-hegys\u00e9g k\u00f6z\u00f6tt megrendezett verseny \u00e9vr\u0151l \u00e9vre leny\u0171g\u00f6zi a ker\u00e9kp\u00e1rosokat, \u00e9s b\u00e1r sok versenyz\u0151t megt\u00f6r, n\u00e9h\u00e1nyukat a legend\u00e1k k\u00f6z\u00e9 emel. A We Love Cycling felk\u00e9rte Jes\u00fas Garci\u00e1t - a versenyt szervez\u0151 test\u00fclet vez\u00e9rigazgat\u00f3j\u00e1t \u00e9s kor\u00e1bbi hatszoros r\u00e9sztvev\u0151t - hogy bennfentesk\u00e9nt mes\u00e9ljen a verseny eredet\u00e9r\u0151l \u00e9s fejl\u0151d\u00e9s\u00e9r\u0151l.","og_url":"https:\/\/www.welovecycling.com\/hu\/trekking-mtb\/fedezd-fel-dakart-ket-kereken-hogyan-jott-letre-a-skoda-titan-desert\/","og_site_name":"\u0160koda We Love Cycling - Magyarorsz\u00e1g","article_publisher":"https:\/\/www.facebook.com\/WeLoveCyclingHungary\/","article_published_time":"2023-05-11T06:00:52+00:00","og_image":[{"width":990,"height":660,"url":"https:\/\/d2p6e6u75xmxt8.cloudfront.net\/12\/2023\/05\/2022_Titan_Desert_CVR.webp","type":"image\/webp"}],"author":"hegyizs","twitter_card":"summary_large_image","twitter_misc":{"Written by":"We Love Cycling","Est. reading time":"5"},"schema":{"@context":"https:\/\/schema.org","@graph":[{"@type":"WebPage","@id":"https:\/\/www.welovecycling.com\/hu\/trekking-mtb\/fedezd-fel-dakart-ket-kereken-hogyan-jott-letre-a-skoda-titan-desert\/","url":"https:\/\/www.welovecycling.com\/hu\/trekking-mtb\/fedezd-fel-dakart-ket-kereken-hogyan-jott-letre-a-skoda-titan-desert\/","name":"Fedezd fel Dakart k\u00e9t ker\u00e9ken: Hogyan j\u00f6tt l\u00e9tre a \u0160koda Titan Desert?","isPartOf":{"@id":"https:\/\/www.welovecycling.com\/hu\/#website"},"primaryImageOfPage":{"@id":"https:\/\/www.welovecycling.com\/hu\/trekking-mtb\/fedezd-fel-dakart-ket-kereken-hogyan-jott-letre-a-skoda-titan-desert\/#primaryimage"},"image":{"@id":"https:\/\/www.welovecycling.com\/hu\/trekking-mtb\/fedezd-fel-dakart-ket-kereken-hogyan-jott-letre-a-skoda-titan-desert\/#primaryimage"},"thumbnailUrl":"https:\/\/d2p6e6u75xmxt8.cloudfront.net\/12\/2023\/05\/2022_Titan_Desert_CVR.webp","datePublished":"2023-05-11T06:00:52+00:00","author":{"@id":"https:\/\/www.welovecycling.com\/hu\/#\/schema\/person\/414a2aebf1801691a5320edb6468e194"},"description":"Nem sok MTB-verseny b\u00fcszk\u00e9lkedhet olyan egyed\u00fcl\u00e1ll\u00f3 \u00e9s l\u00e9legzetel\u00e1ll\u00edt\u00f3 helysz\u00ednnel, mint a \u0160koda Titan Desert Morocco. A szaharai d\u0171n\u00e9k \u00e9s az Atlasz-hegys\u00e9g k\u00f6z\u00f6tt megrendezett verseny \u00e9vr\u0151l \u00e9vre leny\u0171g\u00f6zi a ker\u00e9kp\u00e1rosokat, \u00e9s b\u00e1r sok versenyz\u0151t megt\u00f6r, n\u00e9h\u00e1nyukat a legend\u00e1k k\u00f6z\u00e9 emel. A We Love Cycling felk\u00e9rte Jes\u00fas Garci\u00e1t - a versenyt szervez\u0151 test\u00fclet vez\u00e9rigazgat\u00f3j\u00e1t \u00e9s kor\u00e1bbi hatszoros r\u00e9sztvev\u0151t - hogy bennfentesk\u00e9nt mes\u00e9ljen a verseny eredet\u00e9r\u0151l \u00e9s fejl\u0151d\u00e9s\u00e9r\u0151l.","breadcrumb":{"@id":"https:\/\/www.welovecycling.com\/hu\/trekking-mtb\/fedezd-fel-dakart-ket-kereken-hogyan-jott-letre-a-skoda-titan-desert\/#breadcrumb"},"inLanguage":"hu","potentialAction":[{"@type":"ReadAction","target":["https:\/\/www.welovecycling.com\/hu\/trekking-mtb\/fedezd-fel-dakart-ket-kereken-hogyan-jott-letre-a-skoda-titan-desert\/"]}]},{"@type":"ImageObject","inLanguage":"hu","@id":"https:\/\/www.welovecycling.com\/hu\/trekking-mtb\/fedezd-fel-dakart-ket-kereken-hogyan-jott-letre-a-skoda-titan-desert\/#primaryimage","url":"https:\/\/d2p6e6u75xmxt8.cloudfront.net\/12\/2023\/05\/2022_Titan_Desert_CVR.webp","contentUrl":"https:\/\/d2p6e6u75xmxt8.cloudfront.net\/12\/2023\/05\/2022_Titan_Desert_CVR.webp","width":990,"height":660,"caption":"2022 \u0160koda Titan Desert"},{"@type":"BreadcrumbList","@id":"https:\/\/www.welovecycling.com\/hu\/trekking-mtb\/fedezd-fel-dakart-ket-kereken-hogyan-jott-letre-a-skoda-titan-desert\/#breadcrumb","itemListElement":[{"@type":"ListItem","position":1,"name":"Home","item":"https:\/\/www.welovecycling.com\/hu\/"},{"@type":"ListItem","position":2,"name":"Fedezd fel Dakart k\u00e9t ker\u00e9ken: Hogyan j\u00f6tt l\u00e9tre a \u0160koda Titan Desert?"}]},{"@type":"WebSite","@id":"https:\/\/www.welovecycling.com\/hu\/#website","url":"https:\/\/www.welovecycling.com\/hu\/","name":"\u0160koda We Love Cycling - Magyarorsz\u00e1g","description":"\u0160koda WeLoveCycling","potentialAction":[{"@type":"SearchAction","target":{"@type":"EntryPoint","urlTemplate":"https:\/\/www.welovecycling.com\/hu\/?s={search_term_string}"},"query-input":{"@type":"PropertyValueSpecification","valueRequired":true,"valueName":"search_term_string"}}],"inLanguage":"hu"},{"@type":"Person","@id":"https:\/\/www.welovecycling.com\/hu\/#\/schema\/person\/414a2aebf1801691a5320edb6468e194","name":"hegyizs","image":{"@type":"ImageObject","inLanguage":"hu","@id":"https:\/\/www.welovecycling.com\/hu\/#\/schema\/person\/image\/","url":"https:\/\/secure.gravatar.com\/avatar\/02cf8a7906b8cf90cecb4679defac7cfd33a1c2e3b88e4903d947f3bb58eedd3?s=96&d=mm&r=g","contentUrl":"https:\/\/secure.gravatar.com\/avatar\/02cf8a7906b8cf90cecb4679defac7cfd33a1c2e3b88e4903d947f3bb58eedd3?s=96&d=mm&r=g","caption":"hegyizs"},"url":"https:\/\/www.welovecycling.com\/hu\/author\/hegyizs\/"}]}},"_links":{"self":[{"href":"https:\/\/www.welovecycling.com\/hu\/wp-json\/wp\/v2\/posts\/17350","targetHints":{"allow":["GET"]}}],"collection":[{"href":"https:\/\/www.welovecycling.com\/hu\/wp-json\/wp\/v2\/posts"}],"about":[{"href":"https:\/\/www.welovecycling.com\/hu\/wp-json\/wp\/v2\/types\/post"}],"author":[{"embeddable":true,"href":"https:\/\/www.welovecycling.com\/hu\/wp-json\/wp\/v2\/users\/71"}],"replies":[{"embeddable":true,"href":"https:\/\/www.welovecycling.com\/hu\/wp-json\/wp\/v2\/comments?post=17350"}],"version-history":[{"count":2,"href":"https:\/\/www.welovecycling.com\/hu\/wp-json\/wp\/v2\/posts\/17350\/revisions"}],"predecessor-version":[{"id":17354,"href":"https:\/\/www.welovecycling.com\/hu\/wp-json\/wp\/v2\/posts\/17350\/revisions\/17354"}],"wp:featuredmedia":[{"embeddable":true,"href":"https:\/\/www.welovecycling.com\/hu\/wp-json\/wp\/v2\/media\/17353"}],"wp:attachment":[{"href":"https:\/\/www.welovecycling.com\/hu\/wp-json\/wp\/v2\/media?parent=17350"}],"wp:term":[{"taxonomy":"category","embeddable":true,"href":"https:\/\/www.welovecycling.com\/hu\/wp-json\/wp\/v2\/categories?post=17350"},{"taxonomy":"post_tag","embeddable":true,"href":"https:\/\/www.welovecycling.com\/hu\/wp-json\/wp\/v2\/tags?post=17350"},{"taxonomy":"global-categories","embeddable":true,"href":"https:\/\/www.welovecycling.com\/hu\/wp-json\/wp\/v2\/global-categories?post=17350"}],"curies":[{"name":"wp","href":"https:\/\/api.w.org\/{rel}","templated":true}]}}