{"id":17341,"date":"2023-05-10T08:00:20","date_gmt":"2023-05-10T06:00:20","guid":{"rendered":"https:\/\/www.welovecycling.com\/hu\/?p=17341"},"modified":"2023-05-08T11:23:03","modified_gmt":"2023-05-08T09:23:03","slug":"tour-de-hongrie-2023-minden-amit-tudnod-kell","status":"publish","type":"post","link":"https:\/\/www.welovecycling.com\/hu\/tour-de-hongrie\/tour-de-hongrie-2023-minden-amit-tudnod-kell\/","title":{"rendered":"Tour de Hongrie 2023 &#8211; Minden, amit tudnod kell"},"content":{"rendered":"<p><b>Ma 12:30-kor elrajtol a 2023-as Tour de Hongrie, olyan szt\u00e1rokkal, amilyenek biztosan id\u00e9n is k\u00f6nnyet csalnak a verseny f\u0151szervez\u0151je, Eisenkrammer K\u00e1roly szem\u00e9be &#8211; <\/b><a href=\"https:\/\/www.welovecycling.com\/hu\/tour-de-hongrie\/a-tour-de-hongrie-szive-lelke-eisenkrammer-karoly\/\"><b>ahogy arr\u00f3l tavaly mes\u00e9lt<\/b><\/a><b>. Hatalmas k\u00fczdelmekre \u00e9s v\u00e1ratlan fordulatokra sz\u00e1m\u00edtunk. Ki lesz vajon a v\u00e9gs\u0151 gy\u0151ztes? Ki viszi haza a \u0160koda z\u00f6ld trik\u00f3j\u00e1t? Ki lesz a legjobb fiatal? Csak k\u00e9rd\u00e9seink vannak, de hamarosan \u00e9rkeznek a v\u00e1laszok &#8211; k\u00f6vesd napi \u00f6sszefoglal\u00f3inkat!<\/b><\/p>\n<p><!--more--><\/p>\n<p><span style=\"font-weight: 400;\">A verseny ideje alatt minden nap v\u00e1runk a We Love Cycling <\/span><a href=\"https:\/\/www.welovecycling.com\/hu\/tag\/tdh2023\/\"><span style=\"font-weight: 400;\">TdH2023<\/span><\/a><span style=\"font-weight: 400;\"> oldal\u00e1n, ahol az el\u0151z\u0151 nap esem\u00e9nyeit foglaljuk \u00f6ssze, hogy ne maradj le semmir\u0151l, akkor se, ha nem tudod \u00e9l\u0151ben k\u00f6vetni a versenyt.<\/span><\/p>\n<figure id=\"attachment_17344\" aria-describedby=\"caption-attachment-17344\" style=\"width: 1000px\" class=\"wp-caption alignnone\"><a href=\"https:\/\/d2p6e6u75xmxt8.cloudfront.net\/12\/2023\/05\/image-641-1683368429.webp\"><img loading=\"lazy\" decoding=\"async\" class=\"size-full wp-image-17344\" src=\"https:\/\/d2p6e6u75xmxt8.cloudfront.net\/12\/2023\/05\/image-641-1683368429.webp\" alt=\"\" width=\"1000\" height=\"666\" srcset=\"https:\/\/d2p6e6u75xmxt8.cloudfront.net\/12\/2023\/05\/image-641-1683368429.webp 1000w, https:\/\/d2p6e6u75xmxt8.cloudfront.net\/12\/2023\/05\/image-641-1683368429-300x200.webp 300w, https:\/\/d2p6e6u75xmxt8.cloudfront.net\/12\/2023\/05\/image-641-1683368429-768x511.webp 768w, https:\/\/d2p6e6u75xmxt8.cloudfront.net\/12\/2023\/05\/image-641-1683368429-400x266.webp 400w, https:\/\/d2p6e6u75xmxt8.cloudfront.net\/12\/2023\/05\/image-641-1683368429-272x182.webp 272w\" sizes=\"auto, (max-width: 1000px) 100vw, 1000px\" \/><\/a><figcaption id=\"caption-attachment-17344\" class=\"wp-caption-text\">T\u00f6bbek k\u00f6z\u00f6tt Dylan Groenewegen-en p\u00e9ld\u00e1ul biztosan \u00e9rdemes rajta tartani a szemed.<\/figcaption><\/figure>\n<p><span style=\"font-weight: 400;\">Ha pedig kezd\u0151 szurkol\u00f3 vagy, vagy csak szeretn\u00e9d jobban bele\u00e1sni magad a t\u00e9m\u00e1ba, olvass a <\/span><a href=\"https:\/\/www.welovecycling.com\/hu\/tour-de-hongrie\/szinek-harcok-reszhajrak-a-tour-de-hongrie-trikoi\/\"><span style=\"font-weight: 400;\">trik\u00f3k szerep\u00e9r\u0151l<\/span><\/a><span style=\"font-weight: 400;\">, <\/span><a href=\"https:\/\/www.welovecycling.com\/hu\/tour-de-hongrie\/tortenelem\/\"><span style=\"font-weight: 400;\">a verseny t\u00f6rt\u00e9nelm\u00e9r\u0151l<\/span><\/a><span style=\"font-weight: 400;\">, vagy <\/span><a href=\"https:\/\/www.welovecycling.com\/hu\/tour-de-hongrie\/zold-triko-es-kisero-autok-a-skoda-szerepe-a-tour-de-hongrie-n\/\"><span style=\"font-weight: 400;\">a \u0160koda mezr\u0151l \u00e9s a k\u00eds\u00e9r\u0151 aut\u00f3k fontoss\u00e1g\u00e1r\u00f3l.<\/span><\/a><\/p>\n<figure id=\"attachment_17342\" aria-describedby=\"caption-attachment-17342\" style=\"width: 1200px\" class=\"wp-caption alignnone\"><a href=\"https:\/\/d2p6e6u75xmxt8.cloudfront.net\/12\/2023\/05\/edward-dunbar-komka.webp\"><img loading=\"lazy\" decoding=\"async\" class=\"size-full wp-image-17342\" src=\"https:\/\/d2p6e6u75xmxt8.cloudfront.net\/12\/2023\/05\/edward-dunbar-komka.webp\" alt=\"\" width=\"1200\" height=\"798\" srcset=\"https:\/\/d2p6e6u75xmxt8.cloudfront.net\/12\/2023\/05\/edward-dunbar-komka.webp 1200w, https:\/\/d2p6e6u75xmxt8.cloudfront.net\/12\/2023\/05\/edward-dunbar-komka-300x200.webp 300w, https:\/\/d2p6e6u75xmxt8.cloudfront.net\/12\/2023\/05\/edward-dunbar-komka-1024x681.webp 1024w, https:\/\/d2p6e6u75xmxt8.cloudfront.net\/12\/2023\/05\/edward-dunbar-komka-768x511.webp 768w, https:\/\/d2p6e6u75xmxt8.cloudfront.net\/12\/2023\/05\/edward-dunbar-komka-400x266.webp 400w, https:\/\/d2p6e6u75xmxt8.cloudfront.net\/12\/2023\/05\/edward-dunbar-komka-272x182.webp 272w\" sizes=\"auto, (max-width: 1200px) 100vw, 1200px\" \/><\/a><figcaption id=\"caption-attachment-17342\" class=\"wp-caption-text\">Tavaly Edward Dunbar nyerte a versenyt.<\/figcaption><\/figure>\n<p><span style=\"font-weight: 400;\">A versenyz\u0151k hatalmas k\u00fczdelem el\u00e9be n\u00e9znek, amihez nem csak fizikai, hanem <\/span><a href=\"https:\/\/www.welovecycling.com\/hu\/tour-de-hongrie\/mentalisan-is-birni-kell\/\"><span style=\"font-weight: 400;\">ment\u00e1lis er\u0151 is kell<\/span><\/a><span style=\"font-weight: 400;\">. Less bele a fej\u00fckbe: hogyan tudnak felk\u00e9sz\u00fclni egy ilyen nagy kih\u00edv\u00e1sra?<\/span><\/p>\n<p><span style=\"font-weight: 400;\">Minden m\u00e1s r\u00e9szletet megtal\u00e1lsz a <\/span><a href=\"https:\/\/www.tourdehongrie.hu\/etapok\/13-reszletes-utvonal-google-maps\"><span style=\"font-weight: 400;\">Tour de Hongrie hivalatos weboldal\u00e1n<\/span><\/a><span style=\"font-weight: 400;\">. Te kinek szurkolsz? \ud83d\ude42<\/span><\/p>\n","protected":false},"excerpt":{"rendered":"<p>Ma 12:30-kor elrajtol a 2023-as Tour de Hongrie, olyan szt\u00e1rokkal, amilyenek biztosan id\u00e9n is k\u00f6nnyet csalnak a verseny f\u0151szervez\u0151je, Eisenkrammer [&hellip;]<\/p>\n","protected":false},"author":145,"featured_media":17343,"comment_status":"open","ping_status":"open","sticky":false,"template":"","format":"standard","meta":{"footnotes":""},"categories":[462],"tags":[476],"global-categories":[419],"class_list":["post-17341","post","type-post","status-publish","format-standard","has-post-thumbnail","hentry","category-tour-de-hongrie","tag-tdh2023","global-categories-cycling"],"yoast_head":"<!-- This site is optimized with the Yoast SEO Premium plugin v25.3 (Yoast SEO v25.9) - https:\/\/yoast.com\/wordpress\/plugins\/seo\/ -->\n<title>Tour de Hongrie 2023 - Minden, amit tudnod kell - \u0160koda We Love Cycling - Magyarorsz\u00e1g<\/title>\n<meta name=\"description\" content=\"Elrajtolt a 2023-as Tour de Hongrie! Ki lesz vajon a v\u00e9gs\u0151 gy\u0151ztes? Ki viszi haza a \u0160koda z\u00f6ld trik\u00f3j\u00e1t? Ki lesz a legjobb fiatal? K\u00f6vesd napi \u00f6sszefoglal\u00f3nkat!\" \/>\n<meta name=\"robots\" content=\"index, follow, max-snippet:-1, max-image-preview:large, max-video-preview:-1\" \/>\n<link rel=\"canonical\" href=\"https:\/\/www.welovecycling.com\/hu\/tour-de-hongrie\/tour-de-hongrie-2023-minden-amit-tudnod-kell\/\" \/>\n<meta property=\"og:locale\" content=\"hu_HU\" \/>\n<meta property=\"og:type\" content=\"article\" \/>\n<meta property=\"og:title\" content=\"Tour de Hongrie 2023 - Minden, amit tudnod kell\" \/>\n<meta property=\"og:description\" content=\"Elrajtolt a 2023-as Tour de Hongrie! Ki lesz vajon a v\u00e9gs\u0151 gy\u0151ztes? Ki viszi haza a \u0160koda z\u00f6ld trik\u00f3j\u00e1t? Ki lesz a legjobb fiatal? K\u00f6vesd napi \u00f6sszefoglal\u00f3nkat!\" \/>\n<meta property=\"og:url\" content=\"https:\/\/www.welovecycling.com\/hu\/tour-de-hongrie\/tour-de-hongrie-2023-minden-amit-tudnod-kell\/\" \/>\n<meta property=\"og:site_name\" content=\"\u0160koda We Love Cycling - Magyarorsz\u00e1g\" \/>\n<meta property=\"article:publisher\" content=\"https:\/\/www.facebook.com\/WeLoveCyclingHungary\/\" \/>\n<meta property=\"article:published_time\" content=\"2023-05-10T06:00:20+00:00\" \/>\n<meta property=\"og:image\" content=\"https:\/\/d2p6e6u75xmxt8.cloudfront.net\/12\/2023\/05\/image-1677595448-1507139265.webp\" \/>\n\t<meta property=\"og:image:width\" content=\"1508\" \/>\n\t<meta property=\"og:image:height\" content=\"1034\" \/>\n\t<meta property=\"og:image:type\" content=\"image\/webp\" \/>\n<meta name=\"author\" content=\"kitti\" \/>\n<meta name=\"twitter:card\" content=\"summary_large_image\" \/>\n<meta name=\"twitter:label1\" content=\"Written by\" \/>\n\t<meta name=\"twitter:data1\" content=\"We Love Cycling\" \/>\n\t<meta name=\"twitter:label2\" content=\"Est. reading time\" \/>\n\t<meta name=\"twitter:data2\" content=\"1 minute\" \/>\n<script type=\"application\/ld+json\" class=\"yoast-schema-graph\">{\"@context\":\"https:\/\/schema.org\",\"@graph\":[{\"@type\":\"WebPage\",\"@id\":\"https:\/\/www.welovecycling.com\/hu\/tour-de-hongrie\/tour-de-hongrie-2023-minden-amit-tudnod-kell\/\",\"url\":\"https:\/\/www.welovecycling.com\/hu\/tour-de-hongrie\/tour-de-hongrie-2023-minden-amit-tudnod-kell\/\",\"name\":\"Tour de Hongrie 2023 - Minden, amit tudnod kell - \u0160koda We Love Cycling - Magyarorsz\u00e1g\",\"isPartOf\":{\"@id\":\"https:\/\/www.welovecycling.com\/hu\/#website\"},\"primaryImageOfPage\":{\"@id\":\"https:\/\/www.welovecycling.com\/hu\/tour-de-hongrie\/tour-de-hongrie-2023-minden-amit-tudnod-kell\/#primaryimage\"},\"image\":{\"@id\":\"https:\/\/www.welovecycling.com\/hu\/tour-de-hongrie\/tour-de-hongrie-2023-minden-amit-tudnod-kell\/#primaryimage\"},\"thumbnailUrl\":\"https:\/\/d2p6e6u75xmxt8.cloudfront.net\/12\/2023\/05\/image-1677595448-1507139265.webp\",\"datePublished\":\"2023-05-10T06:00:20+00:00\",\"author\":{\"@id\":\"https:\/\/www.welovecycling.com\/hu\/#\/schema\/person\/bec7dcdbcc59f58489cf603e4040ced1\"},\"description\":\"Elrajtolt a 2023-as Tour de Hongrie! Ki lesz vajon a v\u00e9gs\u0151 gy\u0151ztes? Ki viszi haza a \u0160koda z\u00f6ld trik\u00f3j\u00e1t? Ki lesz a legjobb fiatal? K\u00f6vesd napi \u00f6sszefoglal\u00f3nkat!\",\"breadcrumb\":{\"@id\":\"https:\/\/www.welovecycling.com\/hu\/tour-de-hongrie\/tour-de-hongrie-2023-minden-amit-tudnod-kell\/#breadcrumb\"},\"inLanguage\":\"hu\",\"potentialAction\":[{\"@type\":\"ReadAction\",\"target\":[\"https:\/\/www.welovecycling.com\/hu\/tour-de-hongrie\/tour-de-hongrie-2023-minden-amit-tudnod-kell\/\"]}]},{\"@type\":\"ImageObject\",\"inLanguage\":\"hu\",\"@id\":\"https:\/\/www.welovecycling.com\/hu\/tour-de-hongrie\/tour-de-hongrie-2023-minden-amit-tudnod-kell\/#primaryimage\",\"url\":\"https:\/\/d2p6e6u75xmxt8.cloudfront.net\/12\/2023\/05\/image-1677595448-1507139265.webp\",\"contentUrl\":\"https:\/\/d2p6e6u75xmxt8.cloudfront.net\/12\/2023\/05\/image-1677595448-1507139265.webp\",\"width\":1508,\"height\":1034},{\"@type\":\"BreadcrumbList\",\"@id\":\"https:\/\/www.welovecycling.com\/hu\/tour-de-hongrie\/tour-de-hongrie-2023-minden-amit-tudnod-kell\/#breadcrumb\",\"itemListElement\":[{\"@type\":\"ListItem\",\"position\":1,\"name\":\"Home\",\"item\":\"https:\/\/www.welovecycling.com\/hu\/\"},{\"@type\":\"ListItem\",\"position\":2,\"name\":\"Tour de Hongrie 2023 &#8211; Minden, amit tudnod kell\"}]},{\"@type\":\"WebSite\",\"@id\":\"https:\/\/www.welovecycling.com\/hu\/#website\",\"url\":\"https:\/\/www.welovecycling.com\/hu\/\",\"name\":\"\u0160koda We Love Cycling - Magyarorsz\u00e1g\",\"description\":\"\u0160koda WeLoveCycling\",\"potentialAction\":[{\"@type\":\"SearchAction\",\"target\":{\"@type\":\"EntryPoint\",\"urlTemplate\":\"https:\/\/www.welovecycling.com\/hu\/?s={search_term_string}\"},\"query-input\":{\"@type\":\"PropertyValueSpecification\",\"valueRequired\":true,\"valueName\":\"search_term_string\"}}],\"inLanguage\":\"hu\"},{\"@type\":\"Person\",\"@id\":\"https:\/\/www.welovecycling.com\/hu\/#\/schema\/person\/bec7dcdbcc59f58489cf603e4040ced1\",\"name\":\"kitti\",\"image\":{\"@type\":\"ImageObject\",\"inLanguage\":\"hu\",\"@id\":\"https:\/\/www.welovecycling.com\/hu\/#\/schema\/person\/image\/\",\"url\":\"https:\/\/secure.gravatar.com\/avatar\/e3196a110e1b57b96f56d92d10ce9bb4e9d7210076832a16243337e949410b52?s=96&d=mm&r=g\",\"contentUrl\":\"https:\/\/secure.gravatar.com\/avatar\/e3196a110e1b57b96f56d92d10ce9bb4e9d7210076832a16243337e949410b52?s=96&d=mm&r=g\",\"caption\":\"kitti\"},\"url\":\"https:\/\/www.welovecycling.com\/hu\/author\/kitti\/\"}]}<\/script>\n<!-- \/ Yoast SEO Premium plugin. -->","yoast_head_json":{"title":"Tour de Hongrie 2023 - Minden, amit tudnod kell - \u0160koda We Love Cycling - Magyarorsz\u00e1g","description":"Elrajtolt a 2023-as Tour de Hongrie! Ki lesz vajon a v\u00e9gs\u0151 gy\u0151ztes? Ki viszi haza a \u0160koda z\u00f6ld trik\u00f3j\u00e1t? Ki lesz a legjobb fiatal? K\u00f6vesd napi \u00f6sszefoglal\u00f3nkat!","robots":{"index":"index","follow":"follow","max-snippet":"max-snippet:-1","max-image-preview":"max-image-preview:large","max-video-preview":"max-video-preview:-1"},"canonical":"https:\/\/www.welovecycling.com\/hu\/tour-de-hongrie\/tour-de-hongrie-2023-minden-amit-tudnod-kell\/","og_locale":"hu_HU","og_type":"article","og_title":"Tour de Hongrie 2023 - Minden, amit tudnod kell","og_description":"Elrajtolt a 2023-as Tour de Hongrie! Ki lesz vajon a v\u00e9gs\u0151 gy\u0151ztes? Ki viszi haza a \u0160koda z\u00f6ld trik\u00f3j\u00e1t? Ki lesz a legjobb fiatal? K\u00f6vesd napi \u00f6sszefoglal\u00f3nkat!","og_url":"https:\/\/www.welovecycling.com\/hu\/tour-de-hongrie\/tour-de-hongrie-2023-minden-amit-tudnod-kell\/","og_site_name":"\u0160koda We Love Cycling - Magyarorsz\u00e1g","article_publisher":"https:\/\/www.facebook.com\/WeLoveCyclingHungary\/","article_published_time":"2023-05-10T06:00:20+00:00","og_image":[{"width":1508,"height":1034,"url":"https:\/\/d2p6e6u75xmxt8.cloudfront.net\/12\/2023\/05\/image-1677595448-1507139265.webp","type":"image\/webp"}],"author":"kitti","twitter_card":"summary_large_image","twitter_misc":{"Written by":"We Love Cycling","Est. reading time":"1 minute"},"schema":{"@context":"https:\/\/schema.org","@graph":[{"@type":"WebPage","@id":"https:\/\/www.welovecycling.com\/hu\/tour-de-hongrie\/tour-de-hongrie-2023-minden-amit-tudnod-kell\/","url":"https:\/\/www.welovecycling.com\/hu\/tour-de-hongrie\/tour-de-hongrie-2023-minden-amit-tudnod-kell\/","name":"Tour de Hongrie 2023 - Minden, amit tudnod kell - \u0160koda We Love Cycling - Magyarorsz\u00e1g","isPartOf":{"@id":"https:\/\/www.welovecycling.com\/hu\/#website"},"primaryImageOfPage":{"@id":"https:\/\/www.welovecycling.com\/hu\/tour-de-hongrie\/tour-de-hongrie-2023-minden-amit-tudnod-kell\/#primaryimage"},"image":{"@id":"https:\/\/www.welovecycling.com\/hu\/tour-de-hongrie\/tour-de-hongrie-2023-minden-amit-tudnod-kell\/#primaryimage"},"thumbnailUrl":"https:\/\/d2p6e6u75xmxt8.cloudfront.net\/12\/2023\/05\/image-1677595448-1507139265.webp","datePublished":"2023-05-10T06:00:20+00:00","author":{"@id":"https:\/\/www.welovecycling.com\/hu\/#\/schema\/person\/bec7dcdbcc59f58489cf603e4040ced1"},"description":"Elrajtolt a 2023-as Tour de Hongrie! Ki lesz vajon a v\u00e9gs\u0151 gy\u0151ztes? Ki viszi haza a \u0160koda z\u00f6ld trik\u00f3j\u00e1t? Ki lesz a legjobb fiatal? K\u00f6vesd napi \u00f6sszefoglal\u00f3nkat!","breadcrumb":{"@id":"https:\/\/www.welovecycling.com\/hu\/tour-de-hongrie\/tour-de-hongrie-2023-minden-amit-tudnod-kell\/#breadcrumb"},"inLanguage":"hu","potentialAction":[{"@type":"ReadAction","target":["https:\/\/www.welovecycling.com\/hu\/tour-de-hongrie\/tour-de-hongrie-2023-minden-amit-tudnod-kell\/"]}]},{"@type":"ImageObject","inLanguage":"hu","@id":"https:\/\/www.welovecycling.com\/hu\/tour-de-hongrie\/tour-de-hongrie-2023-minden-amit-tudnod-kell\/#primaryimage","url":"https:\/\/d2p6e6u75xmxt8.cloudfront.net\/12\/2023\/05\/image-1677595448-1507139265.webp","contentUrl":"https:\/\/d2p6e6u75xmxt8.cloudfront.net\/12\/2023\/05\/image-1677595448-1507139265.webp","width":1508,"height":1034},{"@type":"BreadcrumbList","@id":"https:\/\/www.welovecycling.com\/hu\/tour-de-hongrie\/tour-de-hongrie-2023-minden-amit-tudnod-kell\/#breadcrumb","itemListElement":[{"@type":"ListItem","position":1,"name":"Home","item":"https:\/\/www.welovecycling.com\/hu\/"},{"@type":"ListItem","position":2,"name":"Tour de Hongrie 2023 &#8211; Minden, amit tudnod kell"}]},{"@type":"WebSite","@id":"https:\/\/www.welovecycling.com\/hu\/#website","url":"https:\/\/www.welovecycling.com\/hu\/","name":"\u0160koda We Love Cycling - Magyarorsz\u00e1g","description":"\u0160koda WeLoveCycling","potentialAction":[{"@type":"SearchAction","target":{"@type":"EntryPoint","urlTemplate":"https:\/\/www.welovecycling.com\/hu\/?s={search_term_string}"},"query-input":{"@type":"PropertyValueSpecification","valueRequired":true,"valueName":"search_term_string"}}],"inLanguage":"hu"},{"@type":"Person","@id":"https:\/\/www.welovecycling.com\/hu\/#\/schema\/person\/bec7dcdbcc59f58489cf603e4040ced1","name":"kitti","image":{"@type":"ImageObject","inLanguage":"hu","@id":"https:\/\/www.welovecycling.com\/hu\/#\/schema\/person\/image\/","url":"https:\/\/secure.gravatar.com\/avatar\/e3196a110e1b57b96f56d92d10ce9bb4e9d7210076832a16243337e949410b52?s=96&d=mm&r=g","contentUrl":"https:\/\/secure.gravatar.com\/avatar\/e3196a110e1b57b96f56d92d10ce9bb4e9d7210076832a16243337e949410b52?s=96&d=mm&r=g","caption":"kitti"},"url":"https:\/\/www.welovecycling.com\/hu\/author\/kitti\/"}]}},"_links":{"self":[{"href":"https:\/\/www.welovecycling.com\/hu\/wp-json\/wp\/v2\/posts\/17341","targetHints":{"allow":["GET"]}}],"collection":[{"href":"https:\/\/www.welovecycling.com\/hu\/wp-json\/wp\/v2\/posts"}],"about":[{"href":"https:\/\/www.welovecycling.com\/hu\/wp-json\/wp\/v2\/types\/post"}],"author":[{"embeddable":true,"href":"https:\/\/www.welovecycling.com\/hu\/wp-json\/wp\/v2\/users\/145"}],"replies":[{"embeddable":true,"href":"https:\/\/www.welovecycling.com\/hu\/wp-json\/wp\/v2\/comments?post=17341"}],"version-history":[{"count":1,"href":"https:\/\/www.welovecycling.com\/hu\/wp-json\/wp\/v2\/posts\/17341\/revisions"}],"predecessor-version":[{"id":17345,"href":"https:\/\/www.welovecycling.com\/hu\/wp-json\/wp\/v2\/posts\/17341\/revisions\/17345"}],"wp:featuredmedia":[{"embeddable":true,"href":"https:\/\/www.welovecycling.com\/hu\/wp-json\/wp\/v2\/media\/17343"}],"wp:attachment":[{"href":"https:\/\/www.welovecycling.com\/hu\/wp-json\/wp\/v2\/media?parent=17341"}],"wp:term":[{"taxonomy":"category","embeddable":true,"href":"https:\/\/www.welovecycling.com\/hu\/wp-json\/wp\/v2\/categories?post=17341"},{"taxonomy":"post_tag","embeddable":true,"href":"https:\/\/www.welovecycling.com\/hu\/wp-json\/wp\/v2\/tags?post=17341"},{"taxonomy":"global-categories","embeddable":true,"href":"https:\/\/www.welovecycling.com\/hu\/wp-json\/wp\/v2\/global-categories?post=17341"}],"curies":[{"name":"wp","href":"https:\/\/api.w.org\/{rel}","templated":true}]}}