{"id":17337,"date":"2023-05-09T08:29:52","date_gmt":"2023-05-09T06:29:52","guid":{"rendered":"https:\/\/www.welovecycling.com\/hu\/?p=17337"},"modified":"2023-05-08T10:31:20","modified_gmt":"2023-05-08T08:31:20","slug":"mtb-etikett-csaladoknak-hogyan-osszuk-meg-az-utat-masokkal","status":"publish","type":"post","link":"https:\/\/www.welovecycling.com\/hu\/csalad\/mtb-etikett-csaladoknak-hogyan-osszuk-meg-az-utat-masokkal\/","title":{"rendered":"MTB etikett csal\u00e1doknak: Hogyan osszuk meg az utat m\u00e1sokkal?"},"content":{"rendered":"<p><b>A hegyiker\u00e9kp\u00e1roz\u00e1s fantasztikus m\u00f3dja annak, hogy a csal\u00e1dok egy\u00fctt mozogjanak \u00e9s \u00e9lvezz\u00e9k a term\u00e9szetet. Mivel azonban az \u00f6sv\u00e9nyek egyre zs\u00fafoltabb\u00e1 v\u00e1lnak, a csal\u00e1dok sz\u00e1m\u00e1ra elengedhetetlen, hogy tiszt\u00e1ban legyenek a megfelel\u0151 etikettel, \u00e9s k\u00f6vess\u00e9k is azt, hogy a bicikliz\u00e9s mindenki sz\u00e1m\u00e1ra biztons\u00e1gos \u00e9s \u00e9lvezetes \u00e9lm\u00e9ny legyen. Ebben a cikkben az MTB etikett csal\u00e1dokra vonatkoz\u00f3 legfontosabb alapelveit ismertetj\u00fck, bele\u00e9rtve az els\u0151bbs\u00e9gad\u00e1si szab\u00e1lyokat, az \u00f6sv\u00e9nyek tiszt\u00e1n tart\u00e1s\u00e1t \u00e9s a t\u00f6bbi bring\u00e1s tiszteletben tart\u00e1s\u00e1t.<\/b><\/p>\n<p><!--more--><\/p>\n<p><b>Az els\u0151bbs\u00e9gad\u00e1si szab\u00e1lyok<\/b><\/p>\n<p><span style=\"font-weight: 400;\">Az egyik legfontosabb, hogy ismerj\u00e9tek az els\u0151bbs\u00e9gad\u00e1si szab\u00e1lyokat, ugyanis ezek seg\u00edtenek abban, hogy mindenki biztons\u00e1gosan \u00e9s hat\u00e9konyan haszn\u00e1lhassa az \u00f6sv\u00e9nyeket. \u00cdme n\u00e9h\u00e1ny \u00e1ltal\u00e1nos ir\u00e1nyelv:<\/span><\/p>\n<p><b>Adjatok els\u0151bbs\u00e9get a gyalogosoknak:<\/b><span style=\"font-weight: 400;\"> Az MTB-seknek mindig el\u0151re kell engedni\u00fck a t\u00far\u00e1z\u00f3kat \u00e9s fut\u00f3kat. Ilyen esetben teh\u00e1t le kell lass\u00edtanotok \u00e9s lehet\u0151v\u00e9 kell tennetek a biztons\u00e1gos \u00e1thalad\u00e1st.\u00a0<\/span><\/p>\n<p><b>Az emelked\u0151n felfel\u00e9 halad\u00f3knak els\u0151bbs\u00e9g\u00fck van: <\/b><span style=\"font-weight: 400;\">Az ellenkez\u0151 ir\u00e1nyba halad\u00f3 ker\u00e9kp\u00e1rosokkal val\u00f3 tal\u00e1lkoz\u00e1skor az emelked\u0151n felfel\u00e9 halad\u00f3knak van els\u0151bbs\u00e9ge.<\/span> <span style=\"font-weight: 400;\">M\u00e1sz\u00e1s k\u00f6zben ugyanis \u00e1ltal\u00e1ban nehezebb tartani a lend\u00fcletet \u00e9s az ir\u00e1nyt, ez\u00e9rt fontos helyet biztos\u00edtani a kapaszkod\u00f3knak.<\/span><\/p>\n<p><b>Adjatok els\u0151bbs\u00e9get a lovasoknak:<\/b><span style=\"font-weight: 400;\"> A lovak kisz\u00e1m\u00edthatatlanok lehetnek, ez\u00e9rt \u00f3vatosan k\u00f6zel\u00edts\u00e9tek meg \u0151ket, \u00e9s engedjetek teret nekik. Kommunik\u00e1ljatok a lovassal, \u00e9s k\u00f6vess\u00e9tek az utas\u00edt\u00e1sait.<\/span><\/p>\n<p><b>Figyeljetek a k\u00f6rnyezetetekre<\/b><\/p>\n<p><span style=\"font-weight: 400;\">Mikor csal\u00e1dk\u00e9nt tekertek, elengedhetetlen, hogy k\u00f6r\u00fcltekint\u0151ek legyetek, \u00e9s sz\u00e1moljatok a t\u00f6bbi ker\u00e9kp\u00e1rossal val\u00f3 esetleges tal\u00e1lkoz\u00e1sokkal. Legyetek felk\u00e9sz\u00fclve arra, hogy hirtelen lass\u00edtanotok kell vagy meg kell \u00e1llnotok. Tarts\u00e1tok nyitva a f\u00fcleteket, hogy meghallj\u00e1tok a t\u00f6bbi ker\u00e9kp\u00e1rost, t\u00far\u00e1z\u00f3t vagy vad\u00e1llatot, \u00e9s ennek megfelel\u0151en v\u00e1lassz\u00e1tok meg a sebess\u00e9get.<\/span><\/p>\n<p><a href=\"https:\/\/d2p6e6u75xmxt8.cloudfront.net\/12\/2023\/05\/MTB-Mountains-Outdoor-Family-profimedia-0736206682-CVR.webp\"><img loading=\"lazy\" decoding=\"async\" class=\"alignnone size-full wp-image-17338\" src=\"https:\/\/d2p6e6u75xmxt8.cloudfront.net\/12\/2023\/05\/MTB-Mountains-Outdoor-Family-profimedia-0736206682-CVR.webp\" alt=\"\" width=\"990\" height=\"660\" srcset=\"https:\/\/d2p6e6u75xmxt8.cloudfront.net\/12\/2023\/05\/MTB-Mountains-Outdoor-Family-profimedia-0736206682-CVR.webp 990w, https:\/\/d2p6e6u75xmxt8.cloudfront.net\/12\/2023\/05\/MTB-Mountains-Outdoor-Family-profimedia-0736206682-CVR-300x200.webp 300w, https:\/\/d2p6e6u75xmxt8.cloudfront.net\/12\/2023\/05\/MTB-Mountains-Outdoor-Family-profimedia-0736206682-CVR-768x512.webp 768w, https:\/\/d2p6e6u75xmxt8.cloudfront.net\/12\/2023\/05\/MTB-Mountains-Outdoor-Family-profimedia-0736206682-CVR-400x267.webp 400w, https:\/\/d2p6e6u75xmxt8.cloudfront.net\/12\/2023\/05\/MTB-Mountains-Outdoor-Family-profimedia-0736206682-CVR-272x182.webp 272w\" sizes=\"auto, (max-width: 990px) 100vw, 990px\" \/><\/a><\/p>\n<p><b>Az \u00f6sv\u00e9nyek tiszt\u00e1n tart\u00e1sa<\/b><\/p>\n<p><span style=\"font-weight: 400;\">A p\u00e1ly\u00e1k j\u00f3 \u00e1llapotban tart\u00e1sa mindenki felel\u0151ss\u00e9ge. Csal\u00e1dk\u00e9nt ehhez a k\u00f6vetkez\u0151kkel j\u00e1rulhattok hozz\u00e1:<\/span><\/p>\n<p><b>Maradjatok a kijel\u00f6lt \u00f6sv\u00e9nyeken:<\/b><span style=\"font-weight: 400;\"> Az er\u00f3zi\u00f3 minimaliz\u00e1l\u00e1sa \u00e9s a term\u00e9szetes \u00e9l\u0151hely v\u00e9delme \u00e9rdek\u00e9ben csak a kijel\u00f6lt p\u00e1ly\u00e1kon ker\u00e9kp\u00e1rozzatok.<\/span><\/p>\n<p><b>Ker\u00fclj\u00e9tek a s\u00e1ros \u00f6sv\u00e9nyeket: <\/b><span style=\"font-weight: 400;\">A nedves vagy s\u00e1ros \u00fatvonalakon val\u00f3 teker\u00e9s maradand\u00f3 k\u00e1rokat okozhat. Ha ilyen s\u00e1ros szakaszokkal tal\u00e1lkoztok, ink\u00e1bb sz\u00e1lljatok le a biciklikr\u0151l \u00e9s s\u00e9t\u00e1ljatok, hogy megel\u0151zz\u00e9tek a nyomv\u00e1ly\u00fak kialakul\u00e1s\u00e1t.<\/span><\/p>\n<p><b>Ne szemeteljetek:<\/b><span style=\"font-weight: 400;\"> Vigyetek magatokkal egy zacsk\u00f3t, amibe \u00f6ssze tudj\u00e1tok gy\u0171jteni a szemetet, majd az \u00f6sv\u00e9ny elhagy\u00e1sa ut\u00e1n dobj\u00e1tok ki a megfelel\u0151 helyre.<\/span><\/p>\n<p><b>Jelents\u00e9tek az \u00fatvonallal kapcsolatos probl\u00e9m\u00e1kat:<\/b><span style=\"font-weight: 400;\"> Ha l\u00e1ttok egy kid\u0151lt f\u00e1t vagy egy el\u00e1rasztott szakaszt, \u00e9rtes\u00edts\u00e9tek az illet\u00e9keseket vagy a f\u00f6ldter\u00fclet kezel\u0151it.\u00a0<\/span><\/p>\n<p><b>M\u00e1s ker\u00e9kp\u00e1rosok tiszteletben tart\u00e1sa<\/b><\/p>\n<p><span style=\"font-weight: 400;\">Az \u00f6sv\u00e9nyek megoszt\u00e1sa a t\u00f6bbi bring\u00e1ssal tiszteletet \u00e9s figyelmess\u00e9get ig\u00e9nyel. Csal\u00e1dk\u00e9nt gyakorolhatj\u00e1tok az udvariass\u00e1g ezen alapvet\u0151 szab\u00e1lyait:<\/span><\/p>\n<ul>\n<li style=\"font-weight: 400;\" aria-level=\"1\"><span style=\"font-weight: 400;\">\u00dcdv\u00f6z\u00f6lj\u00e9tek a p\u00e1ly\u00e1n veletek egy\u00fctt halad\u00f3kat egy bar\u00e1ts\u00e1gos &#8220;hell\u00f3val&#8221; vagy integet\u00e9ssel.<\/span><\/li>\n<li style=\"font-weight: 400;\" aria-level=\"1\"><span style=\"font-weight: 400;\">Tarts\u00e1tok a minimumon a zajszintet, hogy ne zavarj\u00e1tok a vadon \u00e9l\u0151 \u00e1llatokat \u00e9s a t\u00f6bbi ker\u00e9kp\u00e1rost.<\/span><\/li>\n<li style=\"font-weight: 400;\" aria-level=\"1\"><span style=\"font-weight: 400;\">Amennyiben h\u00e1zi\u00e1llattal \u00e9rkeztek, tart\u00e1stok p\u00f3r\u00e1zon \u00e9s takar\u00edtsatok fel ut\u00e1na.<\/span><\/li>\n<\/ul>\n<p><b>Nevel\u00e9s \u00e9s p\u00e9ldamutat\u00e1s<\/b><\/p>\n<p><span style=\"font-weight: 400;\">Ha m\u00e1r fiatal korukt\u00f3l kezdve j\u00f3 szok\u00e1sokat tan\u00edtunk a gyerekeknek, azzal biztos\u00edtjuk, hogy felel\u0151ss\u00e9gteljes hegyiker\u00e9kp\u00e1rosokk\u00e1 v\u00e1ljanak:<\/span><\/p>\n<p><b>Mutass p\u00e9ld\u00e1t:<\/b><span style=\"font-weight: 400;\"> Tan\u00edtsd meg a helyes etikettet az\u00e1ltal, hogy Te magad is betartod a szab\u00e1lyokat. A gyerekek sokszor ut\u00e1nozz\u00e1k azt, amit l\u00e1tnak.<\/span><\/p>\n<p><b>Besz\u00e9lj\u00e9tek meg a szab\u00e1lyokat:<\/b><span style=\"font-weight: 400;\"> Mondd el a gyerekeknek, hogy az\u00e9rt van sz\u00fcks\u00e9g ezekre az ir\u00e1nyelvekre, hogy mindannyian \u00e9lvezni tudj\u00e1tok a ker\u00e9kp\u00e1roz\u00e1st, mik\u00f6zben biztons\u00e1gban vagytok.<\/span><\/p>\n<p><b>Gyakorolj\u00e1tok a t\u00fcrelmet:<\/b><span style=\"font-weight: 400;\"> Tan\u00edtsd meg a gyerekeknek, hogy legyenek t\u00fcrelmesek, amikor lassabb bring\u00e1sokkal, gyalogosokkal vagy lovasokkal tal\u00e1lkoznak, \u00e9s azt is mutasd meg nekik, hogyan kell megfelel\u0151en els\u0151bbs\u00e9get biztos\u00edtani ezeknek a szem\u00e9lyeknek.<\/span><\/p>\n<p><span style=\"font-weight: 400;\">A hegyiker\u00e9kp\u00e1roz\u00e1s val\u00f3ban fantasztikus csal\u00e1di tev\u00e9kenys\u00e9g lehet, azonban ahhoz, hogy az \u00e9lm\u00e9ny mellett a biztons\u00e1g is meglegyen, elengedhetetlen a megfelel\u0151 etikett betart\u00e1sa. Az els\u0151bbs\u00e9gad\u00e1si szab\u00e1lyok meg\u00e9rt\u00e9s\u00e9vel, az \u00f6sv\u00e9nyek karbantart\u00e1s\u00e1val \u00e9s a t\u00f6bbi ker\u00e9kp\u00e1ros tiszteletben tart\u00e1s\u00e1val Te \u00e9s csal\u00e1dod a legt\u00f6bbet hozhatj\u00e1tok ki az teker\u00e9sb\u0151l, \u00e9s seg\u00edthettek meg\u0151rizni a p\u00e1ly\u00e1kat a j\u00f6v\u0151 gener\u00e1ci\u00f3i sz\u00e1m\u00e1ra. Most m\u00e1r tudj\u00e1tok, hogyan ossz\u00e1tok meg felel\u0151ss\u00e9gteljesen az utat m\u00e1sokkal, sz\u00f3val nincs m\u00e1s h\u00e1tra, \u00fcljetek nyeregbe \u00e9s ir\u00e1ny a p\u00e1lya!<\/span><\/p>\n","protected":false},"excerpt":{"rendered":"<p>A hegyiker\u00e9kp\u00e1roz\u00e1s fantasztikus m\u00f3dja annak, hogy a csal\u00e1dok egy\u00fctt mozogjanak \u00e9s \u00e9lvezz\u00e9k a term\u00e9szetet. Mivel azonban az \u00f6sv\u00e9nyek egyre zs\u00fafoltabb\u00e1 [&hellip;]<\/p>\n","protected":false},"author":145,"featured_media":17339,"comment_status":"open","ping_status":"open","sticky":false,"template":"","format":"standard","meta":{"footnotes":""},"categories":[11],"tags":[],"global-categories":[419],"class_list":["post-17337","post","type-post","status-publish","format-standard","has-post-thumbnail","hentry","category-csalad","global-categories-cycling"],"yoast_head":"<!-- This site is optimized with the Yoast SEO Premium plugin v25.3 (Yoast SEO v25.9) - https:\/\/yoast.com\/wordpress\/plugins\/seo\/ -->\n<title>MTB etikett csal\u00e1doknak: Hogyan osszuk meg az utat m\u00e1sokkal? - \u0160koda We Love Cycling - Magyarorsz\u00e1g<\/title>\n<meta name=\"robots\" content=\"index, follow, max-snippet:-1, max-image-preview:large, max-video-preview:-1\" \/>\n<link rel=\"canonical\" href=\"https:\/\/www.welovecycling.com\/hu\/csalad\/mtb-etikett-csaladoknak-hogyan-osszuk-meg-az-utat-masokkal\/\" \/>\n<meta property=\"og:locale\" content=\"hu_HU\" \/>\n<meta property=\"og:type\" content=\"article\" \/>\n<meta property=\"og:title\" content=\"MTB etikett csal\u00e1doknak: Hogyan osszuk meg az utat m\u00e1sokkal?\" \/>\n<meta property=\"og:description\" content=\"A hegyiker\u00e9kp\u00e1roz\u00e1s fantasztikus m\u00f3dja annak, hogy a csal\u00e1dok egy\u00fctt mozogjanak \u00e9s \u00e9lvezz\u00e9k a term\u00e9szetet. Mivel azonban az \u00f6sv\u00e9nyek egyre zs\u00fafoltabb\u00e1 [&hellip;]\" \/>\n<meta property=\"og:url\" content=\"https:\/\/www.welovecycling.com\/hu\/csalad\/mtb-etikett-csaladoknak-hogyan-osszuk-meg-az-utat-masokkal\/\" \/>\n<meta property=\"og:site_name\" content=\"\u0160koda We Love Cycling - Magyarorsz\u00e1g\" \/>\n<meta property=\"article:publisher\" content=\"https:\/\/www.facebook.com\/WeLoveCyclingHungary\/\" \/>\n<meta property=\"article:published_time\" content=\"2023-05-09T06:29:52+00:00\" \/>\n<meta property=\"og:image\" content=\"https:\/\/d2p6e6u75xmxt8.cloudfront.net\/12\/2023\/05\/Family-MTB-Trip-profimedia-0566286999-CVR.webp\" \/>\n\t<meta property=\"og:image:width\" content=\"990\" \/>\n\t<meta property=\"og:image:height\" content=\"660\" \/>\n\t<meta property=\"og:image:type\" content=\"image\/webp\" \/>\n<meta name=\"author\" content=\"kitti\" \/>\n<meta name=\"twitter:card\" content=\"summary_large_image\" \/>\n<meta name=\"twitter:label1\" content=\"Written by\" \/>\n\t<meta name=\"twitter:data1\" content=\"We Love Cycling\" \/>\n\t<meta name=\"twitter:label2\" content=\"Est. reading time\" \/>\n\t<meta name=\"twitter:data2\" content=\"5 minutes\" \/>\n<script type=\"application\/ld+json\" class=\"yoast-schema-graph\">{\"@context\":\"https:\/\/schema.org\",\"@graph\":[{\"@type\":\"WebPage\",\"@id\":\"https:\/\/www.welovecycling.com\/hu\/csalad\/mtb-etikett-csaladoknak-hogyan-osszuk-meg-az-utat-masokkal\/\",\"url\":\"https:\/\/www.welovecycling.com\/hu\/csalad\/mtb-etikett-csaladoknak-hogyan-osszuk-meg-az-utat-masokkal\/\",\"name\":\"MTB etikett csal\u00e1doknak: Hogyan osszuk meg az utat m\u00e1sokkal? - \u0160koda We Love Cycling - Magyarorsz\u00e1g\",\"isPartOf\":{\"@id\":\"https:\/\/www.welovecycling.com\/hu\/#website\"},\"primaryImageOfPage\":{\"@id\":\"https:\/\/www.welovecycling.com\/hu\/csalad\/mtb-etikett-csaladoknak-hogyan-osszuk-meg-az-utat-masokkal\/#primaryimage\"},\"image\":{\"@id\":\"https:\/\/www.welovecycling.com\/hu\/csalad\/mtb-etikett-csaladoknak-hogyan-osszuk-meg-az-utat-masokkal\/#primaryimage\"},\"thumbnailUrl\":\"https:\/\/d2p6e6u75xmxt8.cloudfront.net\/12\/2023\/05\/Family-MTB-Trip-profimedia-0566286999-CVR.webp\",\"datePublished\":\"2023-05-09T06:29:52+00:00\",\"author\":{\"@id\":\"https:\/\/www.welovecycling.com\/hu\/#\/schema\/person\/bec7dcdbcc59f58489cf603e4040ced1\"},\"breadcrumb\":{\"@id\":\"https:\/\/www.welovecycling.com\/hu\/csalad\/mtb-etikett-csaladoknak-hogyan-osszuk-meg-az-utat-masokkal\/#breadcrumb\"},\"inLanguage\":\"hu\",\"potentialAction\":[{\"@type\":\"ReadAction\",\"target\":[\"https:\/\/www.welovecycling.com\/hu\/csalad\/mtb-etikett-csaladoknak-hogyan-osszuk-meg-az-utat-masokkal\/\"]}]},{\"@type\":\"ImageObject\",\"inLanguage\":\"hu\",\"@id\":\"https:\/\/www.welovecycling.com\/hu\/csalad\/mtb-etikett-csaladoknak-hogyan-osszuk-meg-az-utat-masokkal\/#primaryimage\",\"url\":\"https:\/\/d2p6e6u75xmxt8.cloudfront.net\/12\/2023\/05\/Family-MTB-Trip-profimedia-0566286999-CVR.webp\",\"contentUrl\":\"https:\/\/d2p6e6u75xmxt8.cloudfront.net\/12\/2023\/05\/Family-MTB-Trip-profimedia-0566286999-CVR.webp\",\"width\":990,\"height\":660},{\"@type\":\"BreadcrumbList\",\"@id\":\"https:\/\/www.welovecycling.com\/hu\/csalad\/mtb-etikett-csaladoknak-hogyan-osszuk-meg-az-utat-masokkal\/#breadcrumb\",\"itemListElement\":[{\"@type\":\"ListItem\",\"position\":1,\"name\":\"Home\",\"item\":\"https:\/\/www.welovecycling.com\/hu\/\"},{\"@type\":\"ListItem\",\"position\":2,\"name\":\"MTB etikett csal\u00e1doknak: Hogyan osszuk meg az utat m\u00e1sokkal?\"}]},{\"@type\":\"WebSite\",\"@id\":\"https:\/\/www.welovecycling.com\/hu\/#website\",\"url\":\"https:\/\/www.welovecycling.com\/hu\/\",\"name\":\"\u0160koda We Love Cycling - Magyarorsz\u00e1g\",\"description\":\"\u0160koda WeLoveCycling\",\"potentialAction\":[{\"@type\":\"SearchAction\",\"target\":{\"@type\":\"EntryPoint\",\"urlTemplate\":\"https:\/\/www.welovecycling.com\/hu\/?s={search_term_string}\"},\"query-input\":{\"@type\":\"PropertyValueSpecification\",\"valueRequired\":true,\"valueName\":\"search_term_string\"}}],\"inLanguage\":\"hu\"},{\"@type\":\"Person\",\"@id\":\"https:\/\/www.welovecycling.com\/hu\/#\/schema\/person\/bec7dcdbcc59f58489cf603e4040ced1\",\"name\":\"kitti\",\"image\":{\"@type\":\"ImageObject\",\"inLanguage\":\"hu\",\"@id\":\"https:\/\/www.welovecycling.com\/hu\/#\/schema\/person\/image\/\",\"url\":\"https:\/\/secure.gravatar.com\/avatar\/e3196a110e1b57b96f56d92d10ce9bb4e9d7210076832a16243337e949410b52?s=96&d=mm&r=g\",\"contentUrl\":\"https:\/\/secure.gravatar.com\/avatar\/e3196a110e1b57b96f56d92d10ce9bb4e9d7210076832a16243337e949410b52?s=96&d=mm&r=g\",\"caption\":\"kitti\"},\"url\":\"https:\/\/www.welovecycling.com\/hu\/author\/kitti\/\"}]}<\/script>\n<!-- \/ Yoast SEO Premium plugin. -->","yoast_head_json":{"title":"MTB etikett csal\u00e1doknak: Hogyan osszuk meg az utat m\u00e1sokkal? - \u0160koda We Love Cycling - Magyarorsz\u00e1g","robots":{"index":"index","follow":"follow","max-snippet":"max-snippet:-1","max-image-preview":"max-image-preview:large","max-video-preview":"max-video-preview:-1"},"canonical":"https:\/\/www.welovecycling.com\/hu\/csalad\/mtb-etikett-csaladoknak-hogyan-osszuk-meg-az-utat-masokkal\/","og_locale":"hu_HU","og_type":"article","og_title":"MTB etikett csal\u00e1doknak: Hogyan osszuk meg az utat m\u00e1sokkal?","og_description":"A hegyiker\u00e9kp\u00e1roz\u00e1s fantasztikus m\u00f3dja annak, hogy a csal\u00e1dok egy\u00fctt mozogjanak \u00e9s \u00e9lvezz\u00e9k a term\u00e9szetet. Mivel azonban az \u00f6sv\u00e9nyek egyre zs\u00fafoltabb\u00e1 [&hellip;]","og_url":"https:\/\/www.welovecycling.com\/hu\/csalad\/mtb-etikett-csaladoknak-hogyan-osszuk-meg-az-utat-masokkal\/","og_site_name":"\u0160koda We Love Cycling - Magyarorsz\u00e1g","article_publisher":"https:\/\/www.facebook.com\/WeLoveCyclingHungary\/","article_published_time":"2023-05-09T06:29:52+00:00","og_image":[{"width":990,"height":660,"url":"https:\/\/d2p6e6u75xmxt8.cloudfront.net\/12\/2023\/05\/Family-MTB-Trip-profimedia-0566286999-CVR.webp","type":"image\/webp"}],"author":"kitti","twitter_card":"summary_large_image","twitter_misc":{"Written by":"We Love Cycling","Est. reading time":"5 minutes"},"schema":{"@context":"https:\/\/schema.org","@graph":[{"@type":"WebPage","@id":"https:\/\/www.welovecycling.com\/hu\/csalad\/mtb-etikett-csaladoknak-hogyan-osszuk-meg-az-utat-masokkal\/","url":"https:\/\/www.welovecycling.com\/hu\/csalad\/mtb-etikett-csaladoknak-hogyan-osszuk-meg-az-utat-masokkal\/","name":"MTB etikett csal\u00e1doknak: Hogyan osszuk meg az utat m\u00e1sokkal? - \u0160koda We Love Cycling - Magyarorsz\u00e1g","isPartOf":{"@id":"https:\/\/www.welovecycling.com\/hu\/#website"},"primaryImageOfPage":{"@id":"https:\/\/www.welovecycling.com\/hu\/csalad\/mtb-etikett-csaladoknak-hogyan-osszuk-meg-az-utat-masokkal\/#primaryimage"},"image":{"@id":"https:\/\/www.welovecycling.com\/hu\/csalad\/mtb-etikett-csaladoknak-hogyan-osszuk-meg-az-utat-masokkal\/#primaryimage"},"thumbnailUrl":"https:\/\/d2p6e6u75xmxt8.cloudfront.net\/12\/2023\/05\/Family-MTB-Trip-profimedia-0566286999-CVR.webp","datePublished":"2023-05-09T06:29:52+00:00","author":{"@id":"https:\/\/www.welovecycling.com\/hu\/#\/schema\/person\/bec7dcdbcc59f58489cf603e4040ced1"},"breadcrumb":{"@id":"https:\/\/www.welovecycling.com\/hu\/csalad\/mtb-etikett-csaladoknak-hogyan-osszuk-meg-az-utat-masokkal\/#breadcrumb"},"inLanguage":"hu","potentialAction":[{"@type":"ReadAction","target":["https:\/\/www.welovecycling.com\/hu\/csalad\/mtb-etikett-csaladoknak-hogyan-osszuk-meg-az-utat-masokkal\/"]}]},{"@type":"ImageObject","inLanguage":"hu","@id":"https:\/\/www.welovecycling.com\/hu\/csalad\/mtb-etikett-csaladoknak-hogyan-osszuk-meg-az-utat-masokkal\/#primaryimage","url":"https:\/\/d2p6e6u75xmxt8.cloudfront.net\/12\/2023\/05\/Family-MTB-Trip-profimedia-0566286999-CVR.webp","contentUrl":"https:\/\/d2p6e6u75xmxt8.cloudfront.net\/12\/2023\/05\/Family-MTB-Trip-profimedia-0566286999-CVR.webp","width":990,"height":660},{"@type":"BreadcrumbList","@id":"https:\/\/www.welovecycling.com\/hu\/csalad\/mtb-etikett-csaladoknak-hogyan-osszuk-meg-az-utat-masokkal\/#breadcrumb","itemListElement":[{"@type":"ListItem","position":1,"name":"Home","item":"https:\/\/www.welovecycling.com\/hu\/"},{"@type":"ListItem","position":2,"name":"MTB etikett csal\u00e1doknak: Hogyan osszuk meg az utat m\u00e1sokkal?"}]},{"@type":"WebSite","@id":"https:\/\/www.welovecycling.com\/hu\/#website","url":"https:\/\/www.welovecycling.com\/hu\/","name":"\u0160koda We Love Cycling - Magyarorsz\u00e1g","description":"\u0160koda WeLoveCycling","potentialAction":[{"@type":"SearchAction","target":{"@type":"EntryPoint","urlTemplate":"https:\/\/www.welovecycling.com\/hu\/?s={search_term_string}"},"query-input":{"@type":"PropertyValueSpecification","valueRequired":true,"valueName":"search_term_string"}}],"inLanguage":"hu"},{"@type":"Person","@id":"https:\/\/www.welovecycling.com\/hu\/#\/schema\/person\/bec7dcdbcc59f58489cf603e4040ced1","name":"kitti","image":{"@type":"ImageObject","inLanguage":"hu","@id":"https:\/\/www.welovecycling.com\/hu\/#\/schema\/person\/image\/","url":"https:\/\/secure.gravatar.com\/avatar\/e3196a110e1b57b96f56d92d10ce9bb4e9d7210076832a16243337e949410b52?s=96&d=mm&r=g","contentUrl":"https:\/\/secure.gravatar.com\/avatar\/e3196a110e1b57b96f56d92d10ce9bb4e9d7210076832a16243337e949410b52?s=96&d=mm&r=g","caption":"kitti"},"url":"https:\/\/www.welovecycling.com\/hu\/author\/kitti\/"}]}},"_links":{"self":[{"href":"https:\/\/www.welovecycling.com\/hu\/wp-json\/wp\/v2\/posts\/17337","targetHints":{"allow":["GET"]}}],"collection":[{"href":"https:\/\/www.welovecycling.com\/hu\/wp-json\/wp\/v2\/posts"}],"about":[{"href":"https:\/\/www.welovecycling.com\/hu\/wp-json\/wp\/v2\/types\/post"}],"author":[{"embeddable":true,"href":"https:\/\/www.welovecycling.com\/hu\/wp-json\/wp\/v2\/users\/145"}],"replies":[{"embeddable":true,"href":"https:\/\/www.welovecycling.com\/hu\/wp-json\/wp\/v2\/comments?post=17337"}],"version-history":[{"count":1,"href":"https:\/\/www.welovecycling.com\/hu\/wp-json\/wp\/v2\/posts\/17337\/revisions"}],"predecessor-version":[{"id":17340,"href":"https:\/\/www.welovecycling.com\/hu\/wp-json\/wp\/v2\/posts\/17337\/revisions\/17340"}],"wp:featuredmedia":[{"embeddable":true,"href":"https:\/\/www.welovecycling.com\/hu\/wp-json\/wp\/v2\/media\/17339"}],"wp:attachment":[{"href":"https:\/\/www.welovecycling.com\/hu\/wp-json\/wp\/v2\/media?parent=17337"}],"wp:term":[{"taxonomy":"category","embeddable":true,"href":"https:\/\/www.welovecycling.com\/hu\/wp-json\/wp\/v2\/categories?post=17337"},{"taxonomy":"post_tag","embeddable":true,"href":"https:\/\/www.welovecycling.com\/hu\/wp-json\/wp\/v2\/tags?post=17337"},{"taxonomy":"global-categories","embeddable":true,"href":"https:\/\/www.welovecycling.com\/hu\/wp-json\/wp\/v2\/global-categories?post=17337"}],"curies":[{"name":"wp","href":"https:\/\/api.w.org\/{rel}","templated":true}]}}