{"id":17323,"date":"2023-05-06T08:00:44","date_gmt":"2023-05-06T06:00:44","guid":{"rendered":"https:\/\/www.welovecycling.com\/hu\/?p=17323"},"modified":"2023-05-02T16:00:03","modified_gmt":"2023-05-02T14:00:03","slug":"7-jel-hogy-szunetet-kell-tartanod-a-montizasban","status":"publish","type":"post","link":"https:\/\/www.welovecycling.com\/hu\/trekking-mtb\/7-jel-hogy-szunetet-kell-tartanod-a-montizasban\/","title":{"rendered":"7 jel, hogy sz\u00fcnetet kell tartanod a montiz\u00e1sban"},"content":{"rendered":"<p><strong>Mindannyian f\u00fcgg\u0151k vagyunk. Nem sz\u00e9gyen ezt beismerni. Az izgalom, amikor egy sz\u0171k p\u00e1ly\u00e1n sz\u00e1guldasz, a borzong\u00e1s, amikor teljes\u00edtesz egy neh\u00e9z szakaszt, \u00e9s az adrenalin, amikor egy ugr\u00e1s ut\u00e1n a leveg\u0151ben rep\u00fclsz. Ha egyszer megtapasztaljuk ezeket az \u00e9lm\u00e9nyeket, t\u00f6bb\u00e9 m\u00e1r nem tudunk \u00e9lni n\u00e9lk\u00fcl\u00fck. <\/strong><\/p>\n<p><!--more--><\/p>\n<p>Ez az \u00e9letm\u00f3d, b\u00e1r sz\u00f3rakoztat\u00f3, egy\u00e1ltal\u00e1n nem eg\u00e9szs\u00e9ges. Legal\u00e1bbis ment\u00e1lisan nem. Befoly\u00e1solhatja a mag\u00e1n- \u00e9s szakmai \u00e9letedet, \u00e9s hat\u00e1rozottan t\u00f6nkreteheti a kapcsolataidat. J\u00f3, ha tudod, mikor kell abbahagyni, ez\u00e9rt ebben a cikkben 7 figyelmeztet\u0151 jelz\u00e9st besz\u00e9l\u00fcnk meg, melyek azt mutatj\u00e1k, hogy ideje sz\u00fcnetet tartanod az montiz\u00e1sban.<\/p>\n<h2><strong>1. T\u00fal sokszor esel el<\/strong><\/h2>\n<p>Miel\u0151tt boncolgatni kezden\u00e9nk az MTB-fanatikusok ment\u00e1lis probl\u00e9m\u00e1it, besz\u00e9lj\u00fcnk a nyilv\u00e1nval\u00f3 fizikai korl\u00e1tokr\u00f3l. A testednek pihen\u00e9sre van sz\u00fcks\u00e9ge. B\u00e1r az montiz\u00e1s sor\u00e1n nem mindig kell sokat ped\u00e1lozni, m\u00e9gis el\u00e9g megterhel\u0151 tev\u00e9kenys\u00e9g. Val\u00f3j\u00e1ban egy technik\u00e1sabb lejtmenet sokkal t\u00f6bb energi\u00e1t vesz ig\u00e9nybe, mint b\u00e1rmelyik emelked\u0151, mivel sokkal t\u00f6bb izmodat kell akt\u00edvan haszn\u00e1lnod hozz\u00e1. Az egyens\u00falyod fenntart\u00e1s\u00e1ra \u00e9s a s\u00falypontod folyamatos \u00e1thelyez\u00e9s\u00e9re tett er\u0151fesz\u00edt\u00e9sekhez a h\u00e1tadra \u00e9s a cs\u00edp\u0151dre is sz\u00fcks\u00e9ged van. Ezenk\u00edv\u00fcl a kar \u00e9s mellizmok is akt\u00edvak, mikor ugratsz vagy durva terepen haladsz, \u00edgy egy lejtmenet \u00f6sszess\u00e9g\u00e9ben az eg\u00e9sz testedet megterheli.<\/p>\n<p>Ha t\u00fals\u00e1gosan f\u00e1radt vagy, a kimer\u00fclts\u00e9g elker\u00fclhetetlen\u00fcl eluralkodik rajtad, f\u00fcggetlen\u00fcl a kondidt\u00f3l vagy az \u00e1ll\u00f3k\u00e9pess\u00e9gedt\u0151l. Ha ennek ellen\u00e9re tov\u00e1bbra is k\u00f6ny\u00f6rtelen\u00fcl hajtod a tested, az mindenk\u00e9ppen negat\u00edv hat\u00e1ssal lesz a teljes\u00edtm\u00e9nyedre. Ez pedig, term\u00e9szetesen az es\u00e9sek \u00e9s a s\u00e9r\u00fcl\u00e9sek kock\u00e1zat\u00e1nak n\u00f6veked\u00e9s\u00e9hez vezet majd. Ahelyett teh\u00e1t, hogy figyelmen k\u00edv\u00fcl hagyn\u00e1d ezt az arra ir\u00e1nyul\u00f3 egy\u00e9rtelm\u0171 jelet, hogy sz\u00fcnetre van sz\u00fcks\u00e9ged, ink\u00e1bb hallgass a testedre, \u00e9s vegy\u00e9l ki egy kis szabads\u00e1got. Ha ezt nem teszed meg \u00f6nsz\u00e1ntadb\u00f3l, majd a s\u00e9r\u00fcl\u00e9sek k\u00e9nyszer\u00edteni fognak.<\/p>\n<h2><strong>2. Csak a ker\u00e9kp\u00e1roz\u00e1sra gondolsz<\/strong><\/h2>\n<p>Ha m\u00e1r tiszt\u00e1ban vagy a fizikai korl\u00e1tokkal, fontos, hogy \u00e9szrevedd azokat a ment\u00e1lis jeleket is, melyek arra utalnak, hogy m\u00e1r t\u00fal vagy az eg\u00e9szs\u00e9ges megsz\u00e1llotts\u00e1gon. Ennek egy el\u00e9g egy\u00e9rtelm\u0171 jele, ha \u00e1lland\u00f3an a teker\u00e9s j\u00e1r a fejedben. Dolgozol, \u00e9s k\u00f6zben azon gondolkodsz, hol fogsz k\u00e9s\u0151bb bring\u00e1zni. S\u00e9t\u00e1lsz lefel\u00e9 a l\u00e9pcs\u0151n, \u00e9s azon t\u00f6prengsz, hogyan oldan\u00e1d meg ezt a lejtmenetet a bicajoddal. Megl\u00e1tsz egy \u00e9p\u00edt\u00e9si ter\u00fcletet, \u00e9s r\u00f6gt\u00f6n eszedbe jut, milyen j\u00f3 lenne ott bent sz\u00f3rakozni az montiddal. Ha f\u00fcggetlen\u00fcl att\u00f3l, hol vagy, kivel vagy \u00e9s mit csin\u00e1lsz, csak a ker\u00e9kp\u00e1roz\u00e1sra tudsz gondolni, akkor ideje sz\u00fcnetet tartani. Az egyik legjobb m\u00f3dja annak, hogy eltereld a figyelmedet az MTB-z\u00e9sr\u0151l, ha elolvasol egy k\u00f6nyvet, vagy olyan munk\u00e1t v\u00e9gzel, ami kell\u0151k\u00e9ppen lefoglalja az agyad. Ezzel m\u00e1ris megteszed az els\u0151 l\u00e9p\u00e9st az MTB-z\u00e9s ir\u00e1nt \u00e9rzett megsz\u00e1llotts\u00e1god kord\u00e1ban tart\u00e1sa fel\u00e9.<\/p>\n<h2><strong>3. Nincs m\u00e1s hobbid<\/strong><\/h2>\n<p>Egy m\u00e1sik jele annak, hogy egy id\u0151re abba kellene hagynod a ker\u00e9kp\u00e1roz\u00e1st, ha a teker\u00e9sen k\u00edv\u00fcl nincs m\u00e1s hobbid. Ez val\u00f3j\u00e1ban szorosan \u00f6sszef\u00fcgg az el\u0151z\u0151 ponttal, vagyis, hogy mindig csak a bring\u00e1dra \u00e9s a k\u00f6vetkez\u0151 lejt\u0151re tudsz gondolni. A legt\u00f6bb embernek legal\u00e1bb h\u00e1rom hobbija van, melyeket k\u00fcl\u00f6nb\u00f6z\u0151 t\u00e9nyez\u0151k, p\u00e9ld\u00e1ul a szabadid\u0151 vagy az adott \u00e9vszak f\u00fcggv\u00e9ny\u00e9ben v\u00e1ltoztatnak. Ha azonban n\u00e1lad az MTB-z\u00e9s az egyetlen id\u0151t\u00f6lt\u00e9s, ami felmer\u00fclhet, akkor \u00f6ssze kell szedned magad. Az id\u0151d nagy r\u00e9sz\u00e9t tov\u00e1bbra is a bicikliz\u00e9snek szentelheted, de kell, hogy legyen m\u00e1s szenved\u00e9lyed is, p\u00e9ld\u00e1ul a sakk, t\u00e1rsasj\u00e1t\u00e9kok, t\u00e1nc, olvas\u00e1s vagy b\u00e1rmi m\u00e1s, aminek nincs k\u00f6ze a ker\u00e9kp\u00e1roz\u00e1shoz. Miel\u0151tt bele\u0151r\u00fclt\u00e9l a bring\u00e1z\u00e1sba, val\u00f3sz\u00edn\u0171leg volt n\u00e9h\u00e1ny m\u00e1s hobbid is. Eml\u00e9kezz vissza, milyen \u00f6r\u00f6met okoztak neked ezek a tev\u00e9kenys\u00e9gek, \u00e9s pr\u00f3b\u00e1ld ki \u0151ket \u00fajra. Ez biztosan feldobja majd a szoci\u00e1lis \u00e9leted.<\/p>\n<figure id=\"attachment_12171\" aria-describedby=\"caption-attachment-12171\" style=\"width: 1000px\" class=\"wp-caption alignnone\"><a href=\"https:\/\/d2p6e6u75xmxt8.cloudfront.net\/12\/2021\/08\/MTB-profimedia-0620207404.jpg\"><img loading=\"lazy\" decoding=\"async\" class=\"wp-image-12171 size-full\" src=\"https:\/\/d2p6e6u75xmxt8.cloudfront.net\/12\/2021\/08\/MTB-profimedia-0620207404.jpg\" alt=\"MTB\" width=\"1000\" height=\"649\" srcset=\"https:\/\/d2p6e6u75xmxt8.cloudfront.net\/12\/2021\/08\/MTB-profimedia-0620207404.jpg 1000w, https:\/\/d2p6e6u75xmxt8.cloudfront.net\/12\/2021\/08\/MTB-profimedia-0620207404-300x195.jpg 300w, https:\/\/d2p6e6u75xmxt8.cloudfront.net\/12\/2021\/08\/MTB-profimedia-0620207404-768x498.jpg 768w\" sizes=\"auto, (max-width: 1000px) 100vw, 1000px\" \/><\/a><figcaption id=\"caption-attachment-12171\" class=\"wp-caption-text\">Ideje egy kis sz\u00fcnetet tartani? \u00a9 Profimedia<\/figcaption><\/figure>\n<h2><strong>4. A Strava miatt tekersz, nem sz\u00f3rakoz\u00e1sb\u00f3l<\/strong><\/h2>\n<p>Ha m\u00e1r a k\u00f6z\u00f6ss\u00e9gi \u00e9letr\u0151l besz\u00e9l\u00fcnk, h\u00e1t nem a Strava a legjobb k\u00f6z\u00f6ss\u00e9gi m\u00e9dia platform? \u00c9rt\u00e9keli az eredm\u00e9nyeidet \u00e9s tudatja a bar\u00e1taiddal, mennyit fejl\u0151dt\u00e9l. Ez t\u00e9nyleg szuper, azonban, ha nem figyelsz, k\u00f6nnyen csapd\u00e1v\u00e1 v\u00e1lhat a sz\u00e1modra. Ha csak az\u00e9rt kezdesz el tekerni, hogy a Strav\u00e1ban mutogasd magad, vagy ha szomor\u00faan z\u00e1rod a t\u00far\u00e1t, mert nem siker\u00fclt megd\u00f6ntened a legut\u00f3bbi rekordodat, az egy\u00e9rtelm\u0171 jele annak, hogy felborult a priorit\u00e1si sorrended. Az, hogy vannak c\u00e9ljaid, m\u00e9g ok\u00e9. S\u0151t, nagyszer\u0171, ha arra t\u00f6rekszel, hogy fejl\u0151dj, de ez nem z\u00e1rhatja ki a sz\u00f3rakoz\u00e1st. A bicikliz\u00e9s l\u00e9nyege, hogy szeresd, amit csin\u00e1lsz, \u00f6r\u00fclj a napnak, a sz\u00e9lnek, \u00e9s \u00e9lvezd a k\u00f6rnyezetet \u00e9s a t\u00e1rsas\u00e1got. Ha a Strava eredm\u00e9nyeid miatti aggodalom elveszi az \u00f6r\u00f6m\u00f6det, akkor a legjobb, ha sz\u00fcnetet tartasz, \u00e9s \u00fajragondolod, hogy mi\u00e9rt is kezdt\u00e9l egy\u00e1ltal\u00e1n ker\u00e9kp\u00e1rozni.<\/p>\n<h2><strong>5. Kihagysz lehet\u0151s\u00e9geket egy bring\u00e1z\u00e1s miatt<\/strong><\/h2>\n<p>Ne feledd, az bicikliz\u00e9s sz\u00f3rakoz\u00e1s, nem k\u00f6teless\u00e9g. Semmik\u00e9pp sem szabad hagynod, hogy az els\u0151dleges priorit\u00e1ss\u00e1 v\u00e1ljon. Ha teh\u00e1t a ker\u00e9kp\u00e1roz\u00e1s miatt lemaradsz bizonyos szakmai vagy a szem\u00e9lyes \u00e9letedet \u00e9rint\u0151 lehet\u0151s\u00e9gekr\u0151l, akkor nyilv\u00e1nval\u00f3, hogy baj van. A probl\u00e9ma orvosl\u00e1s\u00e1nak legjobb m\u00f3dja ebben az esetben is az, ha egy id\u0151re f\u00e9lre teszed a bicajodat. M\u00e9rlegeld, mennyit ad neked a bicikliz\u00e9s a kihagyott lehet\u0151s\u00e9ghez k\u00e9pest. Ha az elszalasztott lehet\u0151s\u00e9g biztos\u00edtotta volna a p\u00e9nzt a felszerel\u00e9seidre vagy a ker\u00e9kp\u00e1rod jav\u00edt\u00e1s\u00e1ra, tudhatod, hogy rosszul d\u00f6nt\u00f6tt\u00e9l. Persze a p\u00e9nz nem minden, de nem is csak a munk\u00e1ra mondhatsz nemet. Akkor is abba kell hagynod egy ideig a ker\u00e9kp\u00e1roz\u00e1st, ha a biciklit\u00far\u00e1kat kezded a csal\u00e1dod ig\u00e9nyei el\u00e9 helyezni, ugyanis, ha nem cselekszel id\u0151ben, azon kaphatod magad, hogy nincs t\u00f6bb\u00e9 csal\u00e1dod. K\u00e9rdezd meg magadt\u00f3l: Volt m\u00e1r olyan, hogy az\u00e9rt hagytam ki egy lehet\u0151s\u00e9get, hogy id\u0151t t\u00f6ltsek a gyermekemmel, mert minden\u00e1ron el akartam menni biciklizni? Ha a v\u00e1laszod igen, akkor ink\u00e1bb tedd f\u00e9lre a ker\u00e9kp\u00e1rod, \u00e9s a felszabadult id\u0151t add a gyerekeidnek.<\/p>\n<h2><strong>6. T\u00fal agressz\u00edv vagy a p\u00e1ly\u00e1n<\/strong><\/h2>\n<p>Term\u00e9szetesen az, hogy megadod a csal\u00e1dodnak a meg\u00e9rdemelt figyelmet, nem azt jelenti, hogy soha t\u00f6bb\u00e9 nem tekerhetsz. A p\u00e1ly\u00e1n viszont ne feledd, hogy az\u00e9rt vagy ott, hogy \u00e9lvezd az utaz\u00e1st. Nem lenne b\u00f6lcs, ha t\u00fal agressz\u00edvv\u00e1 v\u00e1ln\u00e1l. Amennyiben m\u00e9gis ezt tapasztalod, az szint\u00e9n annak lehet a jele, hogy sz\u00fcnetet kell tartanod.<\/p>\n<p>Ha folyamatosan szidod a lassabb ker\u00e9kp\u00e1rosokat, vagy hisztizel, mert nem tudt\u00e1l olyan teljes\u00edtm\u00e9nyt ny\u00fajtani, mint kor\u00e1bban, az a f\u00fcgg\u0151s\u00e9g jele, \u00e9s le kell \u00e1llnod, am\u00edg lehet. Mint azt te is j\u00f3l tudod, az MTB-sek alapvet\u0151en bar\u00e1ts\u00e1gosak, \u00edgy, ha gonoszkodsz m\u00e1s bring\u00e1sokkal &#8211; p\u00e9ld\u00e1ul az\u00e1ltal, hogy t\u00fals\u00e1gosan r\u00e1juk tapadsz, hogy passz\u00edv-agressz\u00edv m\u00f3don tudasd vel\u00fck, hogy az utadban vannak &#8211; akkor mindenkinek az a legjobb, ha egyszer\u0171en kiveszel p\u00e1r szabadnapot \u00e9s ink\u00e1bb nem szennyezed be a neved minden ok n\u00e9lk\u00fcl.<\/p>\n<h2><strong>7. A szem\u00e9lyes besz\u00e9lget\u00e9seid sor\u00e1n \u00e1lland\u00f3an ker\u00e9kp\u00e1ros hasonlatokat haszn\u00e1lsz<\/strong><\/h2>\n<p>V\u00e9gezet\u00fcl gondoskodj arr\u00f3l, hogy a ker\u00e9kp\u00e1roz\u00e1s ne sziv\u00e1rogjon \u00e1t a mindennapi besz\u00e9lget\u00e9seidbe. Az MTB szleng belef\u00e9r, ha a p\u00e1ly\u00e1n vagy. Egy szakmai vagy h\u00e9tk\u00f6znapi besz\u00e9lget\u00e9sben azonban enyh\u00e9n sz\u00f3lva is aggaszt\u00f3. \u00cdgy p\u00e9ld\u00e1ul, ha megpr\u00f3b\u00e1lod elmagyar\u00e1zni a f\u0151n\u00f6k\u00f6dnek, hogy a k\u00f6vetkez\u0151 negyed\u00e9vben p\u00e9nz\u00fcgyi gondjai lesznek a r\u00e9szlegednek, semmik\u00e9pp sem j\u00f3 \u00f6tlet azt mondani, hogy: &#8220;A k\u00f6vetkez\u0151 negyed\u00e9vben komoly felf\u00fcggeszt\u00e9sre lesz sz\u00fcks\u00e9g\u00fcnk, hogy kezelni tudjuk a k\u00f6zelg\u0151 p\u00e9nz\u00fcgyi lejt\u0151ket&#8221;.<\/p>\n<p>Vagy k\u00e9pzeld el, hogy egy sz\u00f3rakoz\u00f3helyen fl\u00f6rt\u00f6lsz valakivel, \u00e9s azt mondod: &#8220;Szia, sz\u00e9ps\u00e9gem. Olyan vagy, mint egy karcs\u00fa karbonv\u00e1z, csupa sima vonal \u00e9s \u00edv. Nem b\u00e1nod, ha elviszlek egy k\u00f6rre?&#8221; Ez a sz\u00f6veg biztos, hogy nem azt a hat\u00e1st fogja el\u00e9rni, amit rem\u00e9lsz. Persze megpr\u00f3b\u00e1lhatod, v\u00e9g\u00fcl is ki tudja, de az a val\u00f3sz\u00edn\u0171bb, hogy szabot\u00e1lni fogod az es\u00e9lyeidet. Ink\u00e1bb t\u00f6lts egy kis id\u0151t ker\u00e9kp\u00e1roz\u00e1s n\u00e9lk\u00fcl. Ez rendk\u00edv\u00fcl j\u00f3t\u00e9kony hat\u00e1ssal lesz a ment\u00e1lis eg\u00e9szs\u00e9gedre \u00e9s a szoci\u00e1lis \u00e9letedre.<\/p>\n<p>Az MTB-z\u00e9s c\u00e9lja a sz\u00f3rakoz\u00e1s. Azonban egyetlen megsz\u00e1llotts\u00e1g vagy f\u00fcgg\u0151s\u00e9g sem lehet sz\u00f3rakoztat\u00f3. Ilyenkor fel kell ismerned, hogy \u00e1tl\u00e9pted azt a v\u00e9kony hat\u00e1rt, ami nem csak az \u00f6r\u00f6m\u00f6det veszi el, de az eg\u00e9sz \u00e9letedet is t\u00f6nkre teheti. Gondolj ink\u00e1bb \u00fagy az MTB-re, mint egy \u00f6r\u00f6mteli hobbira, semmi t\u00f6bbre. \u00cdgy biztosan \u00e9lvezni fogod a k\u00e9tkerek\u0171n t\u00f6lt\u00f6tt id\u0151t.<\/p>\n","protected":false},"excerpt":{"rendered":"<p>Mindannyian f\u00fcgg\u0151k vagyunk. Nem sz\u00e9gyen ezt beismerni. Az izgalom, amikor egy sz\u0171k p\u00e1ly\u00e1n sz\u00e1guldasz, a borzong\u00e1s, amikor teljes\u00edtesz egy neh\u00e9z [&hellip;]<\/p>\n","protected":false},"author":71,"featured_media":17325,"comment_status":"open","ping_status":"open","sticky":false,"template":"","format":"standard","meta":{"footnotes":""},"categories":[7],"tags":[],"global-categories":[],"class_list":["post-17323","post","type-post","status-publish","format-standard","has-post-thumbnail","hentry","category-trekking-mtb"],"yoast_head":"<!-- This site is optimized with the Yoast SEO Premium plugin v25.3 (Yoast SEO v25.9) - https:\/\/yoast.com\/wordpress\/plugins\/seo\/ -->\n<title>7 jel, hogy sz\u00fcnetet kell tartanod a montiz\u00e1sban<\/title>\n<meta name=\"description\" content=\"Mindannyian f\u00fcgg\u0151k vagyunk. Nem sz\u00e9gyen ezt beismerni. Az izgalom, amikor egy sz\u0171k p\u00e1ly\u00e1n sz\u00e1guldasz, a borzong\u00e1s, amikor teljes\u00edtesz egy neh\u00e9z szakaszt, \u00e9s az adrenalin, amikor egy ugr\u00e1s ut\u00e1n a leveg\u0151ben rep\u00fclsz. Ha egyszer megtapasztaljuk ezeket az \u00e9lm\u00e9nyeket, t\u00f6bb\u00e9 m\u00e1r nem tudunk \u00e9lni n\u00e9lk\u00fcl\u00fck.\" \/>\n<meta name=\"robots\" content=\"index, follow, max-snippet:-1, max-image-preview:large, max-video-preview:-1\" \/>\n<link rel=\"canonical\" href=\"https:\/\/www.welovecycling.com\/hu\/trekking-mtb\/7-jel-hogy-szunetet-kell-tartanod-a-montizasban\/\" \/>\n<meta property=\"og:locale\" content=\"hu_HU\" \/>\n<meta property=\"og:type\" content=\"article\" \/>\n<meta property=\"og:title\" content=\"7 jel, hogy sz\u00fcnetet kell tartanod a montiz\u00e1sban\" \/>\n<meta property=\"og:description\" content=\"Mindannyian f\u00fcgg\u0151k vagyunk. Nem sz\u00e9gyen ezt beismerni. Az izgalom, amikor egy sz\u0171k p\u00e1ly\u00e1n sz\u00e1guldasz, a borzong\u00e1s, amikor teljes\u00edtesz egy neh\u00e9z szakaszt, \u00e9s az adrenalin, amikor egy ugr\u00e1s ut\u00e1n a leveg\u0151ben rep\u00fclsz. Ha egyszer megtapasztaljuk ezeket az \u00e9lm\u00e9nyeket, t\u00f6bb\u00e9 m\u00e1r nem tudunk \u00e9lni n\u00e9lk\u00fcl\u00fck.\" \/>\n<meta property=\"og:url\" content=\"https:\/\/www.welovecycling.com\/hu\/trekking-mtb\/7-jel-hogy-szunetet-kell-tartanod-a-montizasban\/\" \/>\n<meta property=\"og:site_name\" content=\"\u0160koda We Love Cycling - Magyarorsz\u00e1g\" \/>\n<meta property=\"article:publisher\" content=\"https:\/\/www.facebook.com\/WeLoveCyclingHungary\/\" \/>\n<meta property=\"article:published_time\" content=\"2023-05-06T06:00:44+00:00\" \/>\n<meta property=\"og:image\" content=\"https:\/\/d2p6e6u75xmxt8.cloudfront.net\/12\/2023\/05\/MTB-Sunset-profimedia-0633353003-CVR.webp\" \/>\n\t<meta property=\"og:image:width\" content=\"990\" \/>\n\t<meta property=\"og:image:height\" content=\"660\" \/>\n\t<meta property=\"og:image:type\" content=\"image\/webp\" \/>\n<meta name=\"author\" content=\"hegyizs\" \/>\n<meta name=\"twitter:card\" content=\"summary_large_image\" \/>\n<meta name=\"twitter:label1\" content=\"Written by\" \/>\n\t<meta name=\"twitter:data1\" content=\"Martin Atanasov\" \/>\n\t<meta name=\"twitter:label2\" content=\"Est. reading time\" \/>\n\t<meta name=\"twitter:data2\" content=\"5\" \/>\n<script type=\"application\/ld+json\" class=\"yoast-schema-graph\">{\"@context\":\"https:\/\/schema.org\",\"@graph\":[{\"@type\":\"WebPage\",\"@id\":\"https:\/\/www.welovecycling.com\/hu\/trekking-mtb\/7-jel-hogy-szunetet-kell-tartanod-a-montizasban\/\",\"url\":\"https:\/\/www.welovecycling.com\/hu\/trekking-mtb\/7-jel-hogy-szunetet-kell-tartanod-a-montizasban\/\",\"name\":\"7 jel, hogy sz\u00fcnetet kell tartanod a montiz\u00e1sban\",\"isPartOf\":{\"@id\":\"https:\/\/www.welovecycling.com\/hu\/#website\"},\"primaryImageOfPage\":{\"@id\":\"https:\/\/www.welovecycling.com\/hu\/trekking-mtb\/7-jel-hogy-szunetet-kell-tartanod-a-montizasban\/#primaryimage\"},\"image\":{\"@id\":\"https:\/\/www.welovecycling.com\/hu\/trekking-mtb\/7-jel-hogy-szunetet-kell-tartanod-a-montizasban\/#primaryimage\"},\"thumbnailUrl\":\"https:\/\/d2p6e6u75xmxt8.cloudfront.net\/12\/2023\/05\/MTB-Sunset-profimedia-0633353003-CVR.webp\",\"datePublished\":\"2023-05-06T06:00:44+00:00\",\"author\":{\"@id\":\"https:\/\/www.welovecycling.com\/hu\/#\/schema\/person\/414a2aebf1801691a5320edb6468e194\"},\"description\":\"Mindannyian f\u00fcgg\u0151k vagyunk. Nem sz\u00e9gyen ezt beismerni. Az izgalom, amikor egy sz\u0171k p\u00e1ly\u00e1n sz\u00e1guldasz, a borzong\u00e1s, amikor teljes\u00edtesz egy neh\u00e9z szakaszt, \u00e9s az adrenalin, amikor egy ugr\u00e1s ut\u00e1n a leveg\u0151ben rep\u00fclsz. Ha egyszer megtapasztaljuk ezeket az \u00e9lm\u00e9nyeket, t\u00f6bb\u00e9 m\u00e1r nem tudunk \u00e9lni n\u00e9lk\u00fcl\u00fck.\",\"breadcrumb\":{\"@id\":\"https:\/\/www.welovecycling.com\/hu\/trekking-mtb\/7-jel-hogy-szunetet-kell-tartanod-a-montizasban\/#breadcrumb\"},\"inLanguage\":\"hu\",\"potentialAction\":[{\"@type\":\"ReadAction\",\"target\":[\"https:\/\/www.welovecycling.com\/hu\/trekking-mtb\/7-jel-hogy-szunetet-kell-tartanod-a-montizasban\/\"]}]},{\"@type\":\"ImageObject\",\"inLanguage\":\"hu\",\"@id\":\"https:\/\/www.welovecycling.com\/hu\/trekking-mtb\/7-jel-hogy-szunetet-kell-tartanod-a-montizasban\/#primaryimage\",\"url\":\"https:\/\/d2p6e6u75xmxt8.cloudfront.net\/12\/2023\/05\/MTB-Sunset-profimedia-0633353003-CVR.webp\",\"contentUrl\":\"https:\/\/d2p6e6u75xmxt8.cloudfront.net\/12\/2023\/05\/MTB-Sunset-profimedia-0633353003-CVR.webp\",\"width\":990,\"height\":660,\"caption\":\"MTB Ride\"},{\"@type\":\"BreadcrumbList\",\"@id\":\"https:\/\/www.welovecycling.com\/hu\/trekking-mtb\/7-jel-hogy-szunetet-kell-tartanod-a-montizasban\/#breadcrumb\",\"itemListElement\":[{\"@type\":\"ListItem\",\"position\":1,\"name\":\"Home\",\"item\":\"https:\/\/www.welovecycling.com\/hu\/\"},{\"@type\":\"ListItem\",\"position\":2,\"name\":\"7 jel, hogy sz\u00fcnetet kell tartanod a montiz\u00e1sban\"}]},{\"@type\":\"WebSite\",\"@id\":\"https:\/\/www.welovecycling.com\/hu\/#website\",\"url\":\"https:\/\/www.welovecycling.com\/hu\/\",\"name\":\"\u0160koda We Love Cycling - Magyarorsz\u00e1g\",\"description\":\"\u0160koda WeLoveCycling\",\"potentialAction\":[{\"@type\":\"SearchAction\",\"target\":{\"@type\":\"EntryPoint\",\"urlTemplate\":\"https:\/\/www.welovecycling.com\/hu\/?s={search_term_string}\"},\"query-input\":{\"@type\":\"PropertyValueSpecification\",\"valueRequired\":true,\"valueName\":\"search_term_string\"}}],\"inLanguage\":\"hu\"},{\"@type\":\"Person\",\"@id\":\"https:\/\/www.welovecycling.com\/hu\/#\/schema\/person\/414a2aebf1801691a5320edb6468e194\",\"name\":\"hegyizs\",\"image\":{\"@type\":\"ImageObject\",\"inLanguage\":\"hu\",\"@id\":\"https:\/\/www.welovecycling.com\/hu\/#\/schema\/person\/image\/\",\"url\":\"https:\/\/secure.gravatar.com\/avatar\/02cf8a7906b8cf90cecb4679defac7cfd33a1c2e3b88e4903d947f3bb58eedd3?s=96&d=mm&r=g\",\"contentUrl\":\"https:\/\/secure.gravatar.com\/avatar\/02cf8a7906b8cf90cecb4679defac7cfd33a1c2e3b88e4903d947f3bb58eedd3?s=96&d=mm&r=g\",\"caption\":\"hegyizs\"},\"url\":\"https:\/\/www.welovecycling.com\/hu\/author\/hegyizs\/\"}]}<\/script>\n<!-- \/ Yoast SEO Premium plugin. -->","yoast_head_json":{"title":"7 jel, hogy sz\u00fcnetet kell tartanod a montiz\u00e1sban","description":"Mindannyian f\u00fcgg\u0151k vagyunk. Nem sz\u00e9gyen ezt beismerni. Az izgalom, amikor egy sz\u0171k p\u00e1ly\u00e1n sz\u00e1guldasz, a borzong\u00e1s, amikor teljes\u00edtesz egy neh\u00e9z szakaszt, \u00e9s az adrenalin, amikor egy ugr\u00e1s ut\u00e1n a leveg\u0151ben rep\u00fclsz. Ha egyszer megtapasztaljuk ezeket az \u00e9lm\u00e9nyeket, t\u00f6bb\u00e9 m\u00e1r nem tudunk \u00e9lni n\u00e9lk\u00fcl\u00fck.","robots":{"index":"index","follow":"follow","max-snippet":"max-snippet:-1","max-image-preview":"max-image-preview:large","max-video-preview":"max-video-preview:-1"},"canonical":"https:\/\/www.welovecycling.com\/hu\/trekking-mtb\/7-jel-hogy-szunetet-kell-tartanod-a-montizasban\/","og_locale":"hu_HU","og_type":"article","og_title":"7 jel, hogy sz\u00fcnetet kell tartanod a montiz\u00e1sban","og_description":"Mindannyian f\u00fcgg\u0151k vagyunk. Nem sz\u00e9gyen ezt beismerni. Az izgalom, amikor egy sz\u0171k p\u00e1ly\u00e1n sz\u00e1guldasz, a borzong\u00e1s, amikor teljes\u00edtesz egy neh\u00e9z szakaszt, \u00e9s az adrenalin, amikor egy ugr\u00e1s ut\u00e1n a leveg\u0151ben rep\u00fclsz. Ha egyszer megtapasztaljuk ezeket az \u00e9lm\u00e9nyeket, t\u00f6bb\u00e9 m\u00e1r nem tudunk \u00e9lni n\u00e9lk\u00fcl\u00fck.","og_url":"https:\/\/www.welovecycling.com\/hu\/trekking-mtb\/7-jel-hogy-szunetet-kell-tartanod-a-montizasban\/","og_site_name":"\u0160koda We Love Cycling - Magyarorsz\u00e1g","article_publisher":"https:\/\/www.facebook.com\/WeLoveCyclingHungary\/","article_published_time":"2023-05-06T06:00:44+00:00","og_image":[{"width":990,"height":660,"url":"https:\/\/d2p6e6u75xmxt8.cloudfront.net\/12\/2023\/05\/MTB-Sunset-profimedia-0633353003-CVR.webp","type":"image\/webp"}],"author":"hegyizs","twitter_card":"summary_large_image","twitter_misc":{"Written by":"Martin Atanasov","Est. reading time":"5"},"schema":{"@context":"https:\/\/schema.org","@graph":[{"@type":"WebPage","@id":"https:\/\/www.welovecycling.com\/hu\/trekking-mtb\/7-jel-hogy-szunetet-kell-tartanod-a-montizasban\/","url":"https:\/\/www.welovecycling.com\/hu\/trekking-mtb\/7-jel-hogy-szunetet-kell-tartanod-a-montizasban\/","name":"7 jel, hogy sz\u00fcnetet kell tartanod a montiz\u00e1sban","isPartOf":{"@id":"https:\/\/www.welovecycling.com\/hu\/#website"},"primaryImageOfPage":{"@id":"https:\/\/www.welovecycling.com\/hu\/trekking-mtb\/7-jel-hogy-szunetet-kell-tartanod-a-montizasban\/#primaryimage"},"image":{"@id":"https:\/\/www.welovecycling.com\/hu\/trekking-mtb\/7-jel-hogy-szunetet-kell-tartanod-a-montizasban\/#primaryimage"},"thumbnailUrl":"https:\/\/d2p6e6u75xmxt8.cloudfront.net\/12\/2023\/05\/MTB-Sunset-profimedia-0633353003-CVR.webp","datePublished":"2023-05-06T06:00:44+00:00","author":{"@id":"https:\/\/www.welovecycling.com\/hu\/#\/schema\/person\/414a2aebf1801691a5320edb6468e194"},"description":"Mindannyian f\u00fcgg\u0151k vagyunk. Nem sz\u00e9gyen ezt beismerni. Az izgalom, amikor egy sz\u0171k p\u00e1ly\u00e1n sz\u00e1guldasz, a borzong\u00e1s, amikor teljes\u00edtesz egy neh\u00e9z szakaszt, \u00e9s az adrenalin, amikor egy ugr\u00e1s ut\u00e1n a leveg\u0151ben rep\u00fclsz. Ha egyszer megtapasztaljuk ezeket az \u00e9lm\u00e9nyeket, t\u00f6bb\u00e9 m\u00e1r nem tudunk \u00e9lni n\u00e9lk\u00fcl\u00fck.","breadcrumb":{"@id":"https:\/\/www.welovecycling.com\/hu\/trekking-mtb\/7-jel-hogy-szunetet-kell-tartanod-a-montizasban\/#breadcrumb"},"inLanguage":"hu","potentialAction":[{"@type":"ReadAction","target":["https:\/\/www.welovecycling.com\/hu\/trekking-mtb\/7-jel-hogy-szunetet-kell-tartanod-a-montizasban\/"]}]},{"@type":"ImageObject","inLanguage":"hu","@id":"https:\/\/www.welovecycling.com\/hu\/trekking-mtb\/7-jel-hogy-szunetet-kell-tartanod-a-montizasban\/#primaryimage","url":"https:\/\/d2p6e6u75xmxt8.cloudfront.net\/12\/2023\/05\/MTB-Sunset-profimedia-0633353003-CVR.webp","contentUrl":"https:\/\/d2p6e6u75xmxt8.cloudfront.net\/12\/2023\/05\/MTB-Sunset-profimedia-0633353003-CVR.webp","width":990,"height":660,"caption":"MTB Ride"},{"@type":"BreadcrumbList","@id":"https:\/\/www.welovecycling.com\/hu\/trekking-mtb\/7-jel-hogy-szunetet-kell-tartanod-a-montizasban\/#breadcrumb","itemListElement":[{"@type":"ListItem","position":1,"name":"Home","item":"https:\/\/www.welovecycling.com\/hu\/"},{"@type":"ListItem","position":2,"name":"7 jel, hogy sz\u00fcnetet kell tartanod a montiz\u00e1sban"}]},{"@type":"WebSite","@id":"https:\/\/www.welovecycling.com\/hu\/#website","url":"https:\/\/www.welovecycling.com\/hu\/","name":"\u0160koda We Love Cycling - Magyarorsz\u00e1g","description":"\u0160koda WeLoveCycling","potentialAction":[{"@type":"SearchAction","target":{"@type":"EntryPoint","urlTemplate":"https:\/\/www.welovecycling.com\/hu\/?s={search_term_string}"},"query-input":{"@type":"PropertyValueSpecification","valueRequired":true,"valueName":"search_term_string"}}],"inLanguage":"hu"},{"@type":"Person","@id":"https:\/\/www.welovecycling.com\/hu\/#\/schema\/person\/414a2aebf1801691a5320edb6468e194","name":"hegyizs","image":{"@type":"ImageObject","inLanguage":"hu","@id":"https:\/\/www.welovecycling.com\/hu\/#\/schema\/person\/image\/","url":"https:\/\/secure.gravatar.com\/avatar\/02cf8a7906b8cf90cecb4679defac7cfd33a1c2e3b88e4903d947f3bb58eedd3?s=96&d=mm&r=g","contentUrl":"https:\/\/secure.gravatar.com\/avatar\/02cf8a7906b8cf90cecb4679defac7cfd33a1c2e3b88e4903d947f3bb58eedd3?s=96&d=mm&r=g","caption":"hegyizs"},"url":"https:\/\/www.welovecycling.com\/hu\/author\/hegyizs\/"}]}},"_links":{"self":[{"href":"https:\/\/www.welovecycling.com\/hu\/wp-json\/wp\/v2\/posts\/17323","targetHints":{"allow":["GET"]}}],"collection":[{"href":"https:\/\/www.welovecycling.com\/hu\/wp-json\/wp\/v2\/posts"}],"about":[{"href":"https:\/\/www.welovecycling.com\/hu\/wp-json\/wp\/v2\/types\/post"}],"author":[{"embeddable":true,"href":"https:\/\/www.welovecycling.com\/hu\/wp-json\/wp\/v2\/users\/71"}],"replies":[{"embeddable":true,"href":"https:\/\/www.welovecycling.com\/hu\/wp-json\/wp\/v2\/comments?post=17323"}],"version-history":[{"count":2,"href":"https:\/\/www.welovecycling.com\/hu\/wp-json\/wp\/v2\/posts\/17323\/revisions"}],"predecessor-version":[{"id":17326,"href":"https:\/\/www.welovecycling.com\/hu\/wp-json\/wp\/v2\/posts\/17323\/revisions\/17326"}],"wp:featuredmedia":[{"embeddable":true,"href":"https:\/\/www.welovecycling.com\/hu\/wp-json\/wp\/v2\/media\/17325"}],"wp:attachment":[{"href":"https:\/\/www.welovecycling.com\/hu\/wp-json\/wp\/v2\/media?parent=17323"}],"wp:term":[{"taxonomy":"category","embeddable":true,"href":"https:\/\/www.welovecycling.com\/hu\/wp-json\/wp\/v2\/categories?post=17323"},{"taxonomy":"post_tag","embeddable":true,"href":"https:\/\/www.welovecycling.com\/hu\/wp-json\/wp\/v2\/tags?post=17323"},{"taxonomy":"global-categories","embeddable":true,"href":"https:\/\/www.welovecycling.com\/hu\/wp-json\/wp\/v2\/global-categories?post=17323"}],"curies":[{"name":"wp","href":"https:\/\/api.w.org\/{rel}","templated":true}]}}