{"id":17299,"date":"2023-04-24T15:46:39","date_gmt":"2023-04-24T13:46:39","guid":{"rendered":"https:\/\/www.welovecycling.com\/hu\/?p=17299"},"modified":"2023-04-24T15:46:39","modified_gmt":"2023-04-24T13:46:39","slug":"pogacar-kezet-torte-valter-attila-a-harmadik-ardenneki-klasszikuson-is-a-top-30-ban","status":"publish","type":"post","link":"https:\/\/www.welovecycling.com\/hu\/orszaguti-kerekpar\/pogacar-kezet-torte-valter-attila-a-harmadik-ardenneki-klasszikuson-is-a-top-30-ban\/","title":{"rendered":"Poga\u010dar kez\u00e9t t\u00f6rte, Valter Attila a harmadik ardenneki klasszikuson is a top 30-ban!"},"content":{"rendered":"<p><b>Az id\u00e9n k\u00e1pr\u00e1zatos form\u00e1ban l\u00e9v\u0151 szlov\u00e9n szt\u00e1r a dobog\u00f3 teteje helyett a genki k\u00f3rh\u00e1zban k\u00f6t\u00f6tt ki a vas\u00e1rnapi Liege\u2013Bastogne\u2013Liege-en, \u00f3ri\u00e1si balszerencs\u00e9j\u00e9re k\u00e9t csont is elt\u00f6rt a bal csukl\u00f3j\u00e1ban. Nem \u00faszta meg a m\u0171t\u00e9tet sem, \u00edgy egyel\u0151re er\u0151sen k\u00e9rd\u00e9ses, mindez hogyan hat majd az idei Tour de France-\u00e1lmaira.<\/b><\/p>\n<p><!--more--><\/p>\n<p><span style=\"font-weight: 400;\">Nagy es\u00e9lyesb\u0151l nagy es\u00e9s lett: a lehet\u0151 legrosszabbul v\u00e9gz\u0151d\u00f6tt a vas\u00e1rnapi Liege\u2013Bastogne\u2013Liege Tadej Poga\u010dar sz\u00e1m\u00e1ra. Ahogy arr\u00f3l <\/span><a href=\"https:\/\/www.welovecycling.com\/hu\/orszaguti-kerekpar\/chris-froome-caleb-ewan-es-jakob-fuglsang-a-tour-de-hongrie-n-valter-attila-tundokol-a-jumbonal\/\"><span style=\"font-weight: 400;\">mi is \u00edrtunk<\/span><\/a><span style=\"font-weight: 400;\">, a szlov\u00e9n zseni 2011 \u00f3ta nem l\u00e1tott brav\u00farra, a neh\u00e9z ardenneki tripl\u00e1z\u00e1sra k\u00e9sz\u00fcl\u0151d\u00f6tt az Amstel Gold Race \u00e9s a La Fleche Wallone megnyer\u00e9se ut\u00e1n. Ehelyett azonban a bomba form\u00e1ban l\u00e9v\u0151, id\u00e9n a Liege-t megel\u0151z\u0151 18 versenynapj\u00e1b\u00f3l 12-n diadalmaskod\u00f3 szt\u00e1r nemcsak hogy bukott, de r\u00e1ad\u00e1sul olyan szerencs\u00e9tlen\u00fcl fogott talajt, hogy a csukl\u00f3j\u00e1ban k\u00e9t csont is elt\u00f6rt, \u00edgy azonnal meg kellett oper\u00e1lni.<\/span><\/p>\n<p><span style=\"font-weight: 400;\">A baj akkor t\u00f6rt\u00e9nt, amikor az EF d\u00e1n klasszisa, Mikkel Honor\u00e9 a 258 km-es t\u00e1v 85. kilom\u00e9ter\u00e9n\u00e9l lejtmenetben val\u00f3sz\u00edn\u0171leg belehajtott egy g\u00f6d\u00f6rbe a rossz min\u0151s\u00e9g\u0171 \u00faton, \u00e9s \u00e9ppen a rosszkor rossz helyen l\u00e9v\u0151 Poga\u010dar el\u00e9 zuhant, akinek es\u00e9lye sem volt elker\u00fclni az \u00fctk\u00f6z\u00e9st. A p\u00f3rul j\u00e1rt Honor\u00e9n \u00e1tbucsk\u00e1z\u00f3 Poga\u010dar hatalmasat esett, azonnal fel kellett adnia a versenyt, bevonszolta mag\u00e1t a csapataut\u00f3ba, majd a genki k\u00f3rh\u00e1zba sz\u00e1ll\u00edtott\u00e1k, ahol kider\u00fclt, hogy a bal sajka- \u00e9s a holdascsontja is elt\u00f6r\u00f6tt. El\u0151bbi r\u00e1ad\u00e1sul el is mozdult, \u00edgy azonnali beavatkoz\u00e1sra volt sz\u00fcks\u00e9g, m\u00e1r a verseny napj\u00e1n, vas\u00e1rnap megm\u0171t\u00f6tte egy k\u00e9zspecialista. Csapata, az Emirates k\u00f6z\u00f6lte, hogy a m\u0171t\u00e9t szerencs\u00e9re sikeres volt, Poga\u010dar \u00edgy h\u00e9tf\u0151n m\u00e1r haza is t\u00e9rhetett, \u00e9s otthon folytatja rehabilit\u00e1c\u00f3j\u00e1t.<\/span><\/p>\n<figure id=\"attachment_17302\" aria-describedby=\"caption-attachment-17302\" style=\"width: 600px\" class=\"wp-caption alignnone\"><a href=\"https:\/\/d2p6e6u75xmxt8.cloudfront.net\/12\/2023\/04\/FuayTWkWYAE2syw.webp\"><img loading=\"lazy\" decoding=\"async\" class=\"size-full wp-image-17302\" src=\"https:\/\/d2p6e6u75xmxt8.cloudfront.net\/12\/2023\/04\/FuayTWkWYAE2syw.webp\" alt=\"\" width=\"600\" height=\"800\" srcset=\"https:\/\/d2p6e6u75xmxt8.cloudfront.net\/12\/2023\/04\/FuayTWkWYAE2syw.webp 600w, https:\/\/d2p6e6u75xmxt8.cloudfront.net\/12\/2023\/04\/FuayTWkWYAE2syw-225x300.webp 225w, https:\/\/d2p6e6u75xmxt8.cloudfront.net\/12\/2023\/04\/FuayTWkWYAE2syw-300x400.webp 300w\" sizes=\"auto, (max-width: 600px) 100vw, 600px\" \/><\/a><figcaption id=\"caption-attachment-17302\" class=\"wp-caption-text\">fot\u00f3: Twitter\/Team Emirates UAE<\/figcaption><\/figure>\n<p><span style=\"font-weight: 400;\">Azt azonban egyel\u0151re senki sem meri megtippelni, mikorra t\u00e9rhet vissza a szlov\u00e9n szt\u00e1r, aki g\u0151zer\u0151vel k\u00e9sz\u00fclt arra, hogy az idei Tour de France-on visszav\u00e1gjon Jonas Vingegaard-nak. Az id\u00e9n mutatott lehengerl\u0151 dominanci\u00e1ja alapj\u00e1n erre minden es\u00e9lye meg is lenne, \u00e1m m\u00e9g nem tudni egyr\u00e9szt, mennyit kell kihagynia, m\u00e1sr\u00e9szt pedig, hogy a k\u00e9nyszerpihen\u0151 mennyire veti vissza eddigi szenz\u00e1ci\u00f3s form\u00e1j\u00e1t. Mauro Gianetti csapatmenedzser is csak annyit mondott egyel\u0151re, hogy m\u00e9g t\u00fal korai lenne j\u00f3solgatni, f\u0151leg, hogy mivel t\u00f6bb csontot is \u00e9rintett a beavatkoz\u00e1s, ez egy komplik\u00e1lt m\u0171t\u00e9t volt \u2013 most annyit tudnak tenni, hogy \u00f6sszeteszik a kez\u00fcket \u00e9s rem\u00e9nykednek, hogy Poga\u010dar min\u00e9l hamarabb rendbej\u00f6n.<\/span><\/p>\n<p><span style=\"font-weight: 400;\">Magyar szempontb\u00f3l mindenesetre volt minek \u00f6r\u00fclni a vas\u00e1rnapi Liege ut\u00e1n, hiszen Valter Attila a harmadik ardenneki klasszikust is brav\u00faros produkci\u00f3val z\u00e1rta: az Amstel 30. \u00e9s a Fleche Wallone 11. helye ut\u00e1n Belgiumban 26.-k\u00e9nt \u00e9rkezett c\u00e9lba, vagyis mindh\u00e1rom egynapost a top 30-ban z\u00e1rta. Mindezt r\u00e1ad\u00e1sul \u00fagy, hogy vas\u00e1rnap saj\u00e1t bevall\u00e1sa szerint sem volt a legjobb form\u00e1ban, az M4-nek a c\u00e9lba \u00e9r\u00e9s ut\u00e1n legal\u00e1bbis azt nyilatkozta, nem volt a toppon \u00e9s nem voltak hib\u00e1tlanok a l\u00e1bai, ezt m\u00e1r j\u00f3 sz\u00e1z kilom\u00e9terrel a v\u00e9ge el\u0151tt jelezte is csapatt\u00e1rs\u00e1nak, a v\u00e9g\u00fcl a Jumbo legjobbjak\u00e9nt a 7. helyen z\u00e1r\u00f3 Tiesj Benoot-nak. Ati ugyanakkor hozz\u00e1tette, \u00edgy sem lehet el\u00e9gedetlen a 26. poz\u00edci\u00f3val, mi t\u00f6bb, kimondottan \u00f6r\u00fcl neki, hogy egy gyeng\u00e9bb napon is egy top 30-as eredm\u00e9nyt tudott hozni egy \u00e1ltala is brut\u00e1lisan neh\u00e9zk\u00e9nt jellemzett viadalon. A gy\u0151zelmet v\u00e9g\u00fcl az el\u0151zetesen Poga\u010dar legkomolyabb kih\u00edv\u00f3jak\u00e9nt sz\u00e1mon tartott, vil\u00e1gbajnoki trik\u00f3ban teker\u0151 Remco Evenepoel szerezte meg, megv\u00e9dve ezzel a c\u00edm\u00e9t.\u00a0<\/span><\/p>\n<figure id=\"attachment_17300\" aria-describedby=\"caption-attachment-17300\" style=\"width: 960px\" class=\"wp-caption alignnone\"><a href=\"https:\/\/d2p6e6u75xmxt8.cloudfront.net\/12\/2023\/04\/Valter_960px.webp\"><img loading=\"lazy\" decoding=\"async\" class=\"size-full wp-image-17300\" src=\"https:\/\/d2p6e6u75xmxt8.cloudfront.net\/12\/2023\/04\/Valter_960px.webp\" alt=\"\" width=\"960\" height=\"720\" srcset=\"https:\/\/d2p6e6u75xmxt8.cloudfront.net\/12\/2023\/04\/Valter_960px.webp 960w, https:\/\/d2p6e6u75xmxt8.cloudfront.net\/12\/2023\/04\/Valter_960px-300x225.webp 300w, https:\/\/d2p6e6u75xmxt8.cloudfront.net\/12\/2023\/04\/Valter_960px-768x576.webp 768w, https:\/\/d2p6e6u75xmxt8.cloudfront.net\/12\/2023\/04\/Valter_960px-400x300.webp 400w\" sizes=\"auto, (max-width: 960px) 100vw, 960px\" \/><\/a><figcaption id=\"caption-attachment-17300\" class=\"wp-caption-text\">fot\u00f3: Getty Images<\/figcaption><\/figure>\n","protected":false},"excerpt":{"rendered":"<p>Az id\u00e9n k\u00e1pr\u00e1zatos form\u00e1ban l\u00e9v\u0151 szlov\u00e9n szt\u00e1r a dobog\u00f3 teteje helyett a genki k\u00f3rh\u00e1zban k\u00f6t\u00f6tt ki a vas\u00e1rnapi Liege\u2013Bastogne\u2013Liege-en, \u00f3ri\u00e1si [&hellip;]<\/p>\n","protected":false},"author":145,"featured_media":17301,"comment_status":"open","ping_status":"open","sticky":false,"template":"","format":"standard","meta":{"footnotes":""},"categories":[8],"tags":[],"global-categories":[419],"class_list":["post-17299","post","type-post","status-publish","format-standard","has-post-thumbnail","hentry","category-orszaguti-kerekpar","global-categories-cycling"],"yoast_head":"<!-- This site is optimized with the Yoast SEO Premium plugin v25.3 (Yoast SEO v25.9) - https:\/\/yoast.com\/wordpress\/plugins\/seo\/ -->\n<title>Poga\u010dar kez\u00e9t t\u00f6rte, Valter Attila a harmadik ardenneki klasszikuson is a top 30-ban! - \u0160koda We Love Cycling - Magyarorsz\u00e1g<\/title>\n<meta name=\"description\" content=\"Az id\u00e9n k\u00e1pr\u00e1zatos form\u00e1ban l\u00e9v\u0151 szlov\u00e9n szt\u00e1r a dobog\u00f3 teteje helyett a genki k\u00f3rh\u00e1zban k\u00f6t\u00f6tt ki a vas\u00e1rnapi Liege\u2013Bastogne\u2013Liege-en, \u00f3ri\u00e1si balszerencs\u00e9j\u00e9re k\u00e9t csont is elt\u00f6rt a bal csukl\u00f3j\u00e1ban. Nem \u00faszta meg a m\u0171t\u00e9tet sem, \u00edgy egyel\u0151re er\u0151sen k\u00e9rd\u00e9ses, mindez hogyan hat majd az idei Tour de France-\u00e1lmaira.\" \/>\n<meta name=\"robots\" content=\"index, follow, max-snippet:-1, max-image-preview:large, max-video-preview:-1\" \/>\n<link rel=\"canonical\" href=\"https:\/\/www.welovecycling.com\/hu\/orszaguti-kerekpar\/pogacar-kezet-torte-valter-attila-a-harmadik-ardenneki-klasszikuson-is-a-top-30-ban\/\" \/>\n<meta property=\"og:locale\" content=\"hu_HU\" \/>\n<meta property=\"og:type\" content=\"article\" \/>\n<meta property=\"og:title\" content=\"Poga\u010dar kez\u00e9t t\u00f6rte, Valter Attila a harmadik ardenneki klasszikuson is a top 30-ban!\" \/>\n<meta property=\"og:description\" content=\"Az id\u00e9n k\u00e1pr\u00e1zatos form\u00e1ban l\u00e9v\u0151 szlov\u00e9n szt\u00e1r a dobog\u00f3 teteje helyett a genki k\u00f3rh\u00e1zban k\u00f6t\u00f6tt ki a vas\u00e1rnapi Liege\u2013Bastogne\u2013Liege-en, \u00f3ri\u00e1si balszerencs\u00e9j\u00e9re k\u00e9t csont is elt\u00f6rt a bal csukl\u00f3j\u00e1ban. Nem \u00faszta meg a m\u0171t\u00e9tet sem, \u00edgy egyel\u0151re er\u0151sen k\u00e9rd\u00e9ses, mindez hogyan hat majd az idei Tour de France-\u00e1lmaira.\" \/>\n<meta property=\"og:url\" content=\"https:\/\/www.welovecycling.com\/hu\/orszaguti-kerekpar\/pogacar-kezet-torte-valter-attila-a-harmadik-ardenneki-klasszikuson-is-a-top-30-ban\/\" \/>\n<meta property=\"og:site_name\" content=\"\u0160koda We Love Cycling - Magyarorsz\u00e1g\" \/>\n<meta property=\"article:publisher\" content=\"https:\/\/www.facebook.com\/WeLoveCyclingHungary\/\" \/>\n<meta property=\"article:published_time\" content=\"2023-04-24T13:46:39+00:00\" \/>\n<meta property=\"og:image\" content=\"https:\/\/d2p6e6u75xmxt8.cloudfront.net\/12\/2023\/04\/3000.webp\" \/>\n\t<meta property=\"og:image:width\" content=\"1000\" \/>\n\t<meta property=\"og:image:height\" content=\"667\" \/>\n\t<meta property=\"og:image:type\" content=\"image\/webp\" \/>\n<meta name=\"author\" content=\"kitti\" \/>\n<meta name=\"twitter:card\" content=\"summary_large_image\" \/>\n<meta name=\"twitter:label1\" content=\"Written by\" \/>\n\t<meta name=\"twitter:data1\" content=\"We Love Cycling\" \/>\n\t<meta name=\"twitter:label2\" content=\"Est. reading time\" \/>\n\t<meta name=\"twitter:data2\" content=\"4 minutes\" \/>\n<script type=\"application\/ld+json\" class=\"yoast-schema-graph\">{\"@context\":\"https:\/\/schema.org\",\"@graph\":[{\"@type\":\"WebPage\",\"@id\":\"https:\/\/www.welovecycling.com\/hu\/orszaguti-kerekpar\/pogacar-kezet-torte-valter-attila-a-harmadik-ardenneki-klasszikuson-is-a-top-30-ban\/\",\"url\":\"https:\/\/www.welovecycling.com\/hu\/orszaguti-kerekpar\/pogacar-kezet-torte-valter-attila-a-harmadik-ardenneki-klasszikuson-is-a-top-30-ban\/\",\"name\":\"Poga\u010dar kez\u00e9t t\u00f6rte, Valter Attila a harmadik ardenneki klasszikuson is a top 30-ban! - \u0160koda We Love Cycling - Magyarorsz\u00e1g\",\"isPartOf\":{\"@id\":\"https:\/\/www.welovecycling.com\/hu\/#website\"},\"primaryImageOfPage\":{\"@id\":\"https:\/\/www.welovecycling.com\/hu\/orszaguti-kerekpar\/pogacar-kezet-torte-valter-attila-a-harmadik-ardenneki-klasszikuson-is-a-top-30-ban\/#primaryimage\"},\"image\":{\"@id\":\"https:\/\/www.welovecycling.com\/hu\/orszaguti-kerekpar\/pogacar-kezet-torte-valter-attila-a-harmadik-ardenneki-klasszikuson-is-a-top-30-ban\/#primaryimage\"},\"thumbnailUrl\":\"https:\/\/d2p6e6u75xmxt8.cloudfront.net\/12\/2023\/04\/3000.webp\",\"datePublished\":\"2023-04-24T13:46:39+00:00\",\"author\":{\"@id\":\"https:\/\/www.welovecycling.com\/hu\/#\/schema\/person\/bec7dcdbcc59f58489cf603e4040ced1\"},\"description\":\"Az id\u00e9n k\u00e1pr\u00e1zatos form\u00e1ban l\u00e9v\u0151 szlov\u00e9n szt\u00e1r a dobog\u00f3 teteje helyett a genki k\u00f3rh\u00e1zban k\u00f6t\u00f6tt ki a vas\u00e1rnapi Liege\u2013Bastogne\u2013Liege-en, \u00f3ri\u00e1si balszerencs\u00e9j\u00e9re k\u00e9t csont is elt\u00f6rt a bal csukl\u00f3j\u00e1ban. Nem \u00faszta meg a m\u0171t\u00e9tet sem, \u00edgy egyel\u0151re er\u0151sen k\u00e9rd\u00e9ses, mindez hogyan hat majd az idei Tour de France-\u00e1lmaira.\",\"breadcrumb\":{\"@id\":\"https:\/\/www.welovecycling.com\/hu\/orszaguti-kerekpar\/pogacar-kezet-torte-valter-attila-a-harmadik-ardenneki-klasszikuson-is-a-top-30-ban\/#breadcrumb\"},\"inLanguage\":\"hu\",\"potentialAction\":[{\"@type\":\"ReadAction\",\"target\":[\"https:\/\/www.welovecycling.com\/hu\/orszaguti-kerekpar\/pogacar-kezet-torte-valter-attila-a-harmadik-ardenneki-klasszikuson-is-a-top-30-ban\/\"]}]},{\"@type\":\"ImageObject\",\"inLanguage\":\"hu\",\"@id\":\"https:\/\/www.welovecycling.com\/hu\/orszaguti-kerekpar\/pogacar-kezet-torte-valter-attila-a-harmadik-ardenneki-klasszikuson-is-a-top-30-ban\/#primaryimage\",\"url\":\"https:\/\/d2p6e6u75xmxt8.cloudfront.net\/12\/2023\/04\/3000.webp\",\"contentUrl\":\"https:\/\/d2p6e6u75xmxt8.cloudfront.net\/12\/2023\/04\/3000.webp\",\"width\":1000,\"height\":667},{\"@type\":\"BreadcrumbList\",\"@id\":\"https:\/\/www.welovecycling.com\/hu\/orszaguti-kerekpar\/pogacar-kezet-torte-valter-attila-a-harmadik-ardenneki-klasszikuson-is-a-top-30-ban\/#breadcrumb\",\"itemListElement\":[{\"@type\":\"ListItem\",\"position\":1,\"name\":\"Home\",\"item\":\"https:\/\/www.welovecycling.com\/hu\/\"},{\"@type\":\"ListItem\",\"position\":2,\"name\":\"Poga\u010dar kez\u00e9t t\u00f6rte, Valter Attila a harmadik ardenneki klasszikuson is a top 30-ban!\"}]},{\"@type\":\"WebSite\",\"@id\":\"https:\/\/www.welovecycling.com\/hu\/#website\",\"url\":\"https:\/\/www.welovecycling.com\/hu\/\",\"name\":\"\u0160koda We Love Cycling - Magyarorsz\u00e1g\",\"description\":\"\u0160koda WeLoveCycling\",\"potentialAction\":[{\"@type\":\"SearchAction\",\"target\":{\"@type\":\"EntryPoint\",\"urlTemplate\":\"https:\/\/www.welovecycling.com\/hu\/?s={search_term_string}\"},\"query-input\":{\"@type\":\"PropertyValueSpecification\",\"valueRequired\":true,\"valueName\":\"search_term_string\"}}],\"inLanguage\":\"hu\"},{\"@type\":\"Person\",\"@id\":\"https:\/\/www.welovecycling.com\/hu\/#\/schema\/person\/bec7dcdbcc59f58489cf603e4040ced1\",\"name\":\"kitti\",\"image\":{\"@type\":\"ImageObject\",\"inLanguage\":\"hu\",\"@id\":\"https:\/\/www.welovecycling.com\/hu\/#\/schema\/person\/image\/\",\"url\":\"https:\/\/secure.gravatar.com\/avatar\/e3196a110e1b57b96f56d92d10ce9bb4e9d7210076832a16243337e949410b52?s=96&d=mm&r=g\",\"contentUrl\":\"https:\/\/secure.gravatar.com\/avatar\/e3196a110e1b57b96f56d92d10ce9bb4e9d7210076832a16243337e949410b52?s=96&d=mm&r=g\",\"caption\":\"kitti\"},\"url\":\"https:\/\/www.welovecycling.com\/hu\/author\/kitti\/\"}]}<\/script>\n<!-- \/ Yoast SEO Premium plugin. -->","yoast_head_json":{"title":"Poga\u010dar kez\u00e9t t\u00f6rte, Valter Attila a harmadik ardenneki klasszikuson is a top 30-ban! - \u0160koda We Love Cycling - Magyarorsz\u00e1g","description":"Az id\u00e9n k\u00e1pr\u00e1zatos form\u00e1ban l\u00e9v\u0151 szlov\u00e9n szt\u00e1r a dobog\u00f3 teteje helyett a genki k\u00f3rh\u00e1zban k\u00f6t\u00f6tt ki a vas\u00e1rnapi Liege\u2013Bastogne\u2013Liege-en, \u00f3ri\u00e1si balszerencs\u00e9j\u00e9re k\u00e9t csont is elt\u00f6rt a bal csukl\u00f3j\u00e1ban. Nem \u00faszta meg a m\u0171t\u00e9tet sem, \u00edgy egyel\u0151re er\u0151sen k\u00e9rd\u00e9ses, mindez hogyan hat majd az idei Tour de France-\u00e1lmaira.","robots":{"index":"index","follow":"follow","max-snippet":"max-snippet:-1","max-image-preview":"max-image-preview:large","max-video-preview":"max-video-preview:-1"},"canonical":"https:\/\/www.welovecycling.com\/hu\/orszaguti-kerekpar\/pogacar-kezet-torte-valter-attila-a-harmadik-ardenneki-klasszikuson-is-a-top-30-ban\/","og_locale":"hu_HU","og_type":"article","og_title":"Poga\u010dar kez\u00e9t t\u00f6rte, Valter Attila a harmadik ardenneki klasszikuson is a top 30-ban!","og_description":"Az id\u00e9n k\u00e1pr\u00e1zatos form\u00e1ban l\u00e9v\u0151 szlov\u00e9n szt\u00e1r a dobog\u00f3 teteje helyett a genki k\u00f3rh\u00e1zban k\u00f6t\u00f6tt ki a vas\u00e1rnapi Liege\u2013Bastogne\u2013Liege-en, \u00f3ri\u00e1si balszerencs\u00e9j\u00e9re k\u00e9t csont is elt\u00f6rt a bal csukl\u00f3j\u00e1ban. Nem \u00faszta meg a m\u0171t\u00e9tet sem, \u00edgy egyel\u0151re er\u0151sen k\u00e9rd\u00e9ses, mindez hogyan hat majd az idei Tour de France-\u00e1lmaira.","og_url":"https:\/\/www.welovecycling.com\/hu\/orszaguti-kerekpar\/pogacar-kezet-torte-valter-attila-a-harmadik-ardenneki-klasszikuson-is-a-top-30-ban\/","og_site_name":"\u0160koda We Love Cycling - Magyarorsz\u00e1g","article_publisher":"https:\/\/www.facebook.com\/WeLoveCyclingHungary\/","article_published_time":"2023-04-24T13:46:39+00:00","og_image":[{"width":1000,"height":667,"url":"https:\/\/d2p6e6u75xmxt8.cloudfront.net\/12\/2023\/04\/3000.webp","type":"image\/webp"}],"author":"kitti","twitter_card":"summary_large_image","twitter_misc":{"Written by":"We Love Cycling","Est. reading time":"4 minutes"},"schema":{"@context":"https:\/\/schema.org","@graph":[{"@type":"WebPage","@id":"https:\/\/www.welovecycling.com\/hu\/orszaguti-kerekpar\/pogacar-kezet-torte-valter-attila-a-harmadik-ardenneki-klasszikuson-is-a-top-30-ban\/","url":"https:\/\/www.welovecycling.com\/hu\/orszaguti-kerekpar\/pogacar-kezet-torte-valter-attila-a-harmadik-ardenneki-klasszikuson-is-a-top-30-ban\/","name":"Poga\u010dar kez\u00e9t t\u00f6rte, Valter Attila a harmadik ardenneki klasszikuson is a top 30-ban! - \u0160koda We Love Cycling - Magyarorsz\u00e1g","isPartOf":{"@id":"https:\/\/www.welovecycling.com\/hu\/#website"},"primaryImageOfPage":{"@id":"https:\/\/www.welovecycling.com\/hu\/orszaguti-kerekpar\/pogacar-kezet-torte-valter-attila-a-harmadik-ardenneki-klasszikuson-is-a-top-30-ban\/#primaryimage"},"image":{"@id":"https:\/\/www.welovecycling.com\/hu\/orszaguti-kerekpar\/pogacar-kezet-torte-valter-attila-a-harmadik-ardenneki-klasszikuson-is-a-top-30-ban\/#primaryimage"},"thumbnailUrl":"https:\/\/d2p6e6u75xmxt8.cloudfront.net\/12\/2023\/04\/3000.webp","datePublished":"2023-04-24T13:46:39+00:00","author":{"@id":"https:\/\/www.welovecycling.com\/hu\/#\/schema\/person\/bec7dcdbcc59f58489cf603e4040ced1"},"description":"Az id\u00e9n k\u00e1pr\u00e1zatos form\u00e1ban l\u00e9v\u0151 szlov\u00e9n szt\u00e1r a dobog\u00f3 teteje helyett a genki k\u00f3rh\u00e1zban k\u00f6t\u00f6tt ki a vas\u00e1rnapi Liege\u2013Bastogne\u2013Liege-en, \u00f3ri\u00e1si balszerencs\u00e9j\u00e9re k\u00e9t csont is elt\u00f6rt a bal csukl\u00f3j\u00e1ban. Nem \u00faszta meg a m\u0171t\u00e9tet sem, \u00edgy egyel\u0151re er\u0151sen k\u00e9rd\u00e9ses, mindez hogyan hat majd az idei Tour de France-\u00e1lmaira.","breadcrumb":{"@id":"https:\/\/www.welovecycling.com\/hu\/orszaguti-kerekpar\/pogacar-kezet-torte-valter-attila-a-harmadik-ardenneki-klasszikuson-is-a-top-30-ban\/#breadcrumb"},"inLanguage":"hu","potentialAction":[{"@type":"ReadAction","target":["https:\/\/www.welovecycling.com\/hu\/orszaguti-kerekpar\/pogacar-kezet-torte-valter-attila-a-harmadik-ardenneki-klasszikuson-is-a-top-30-ban\/"]}]},{"@type":"ImageObject","inLanguage":"hu","@id":"https:\/\/www.welovecycling.com\/hu\/orszaguti-kerekpar\/pogacar-kezet-torte-valter-attila-a-harmadik-ardenneki-klasszikuson-is-a-top-30-ban\/#primaryimage","url":"https:\/\/d2p6e6u75xmxt8.cloudfront.net\/12\/2023\/04\/3000.webp","contentUrl":"https:\/\/d2p6e6u75xmxt8.cloudfront.net\/12\/2023\/04\/3000.webp","width":1000,"height":667},{"@type":"BreadcrumbList","@id":"https:\/\/www.welovecycling.com\/hu\/orszaguti-kerekpar\/pogacar-kezet-torte-valter-attila-a-harmadik-ardenneki-klasszikuson-is-a-top-30-ban\/#breadcrumb","itemListElement":[{"@type":"ListItem","position":1,"name":"Home","item":"https:\/\/www.welovecycling.com\/hu\/"},{"@type":"ListItem","position":2,"name":"Poga\u010dar kez\u00e9t t\u00f6rte, Valter Attila a harmadik ardenneki klasszikuson is a top 30-ban!"}]},{"@type":"WebSite","@id":"https:\/\/www.welovecycling.com\/hu\/#website","url":"https:\/\/www.welovecycling.com\/hu\/","name":"\u0160koda We Love Cycling - Magyarorsz\u00e1g","description":"\u0160koda WeLoveCycling","potentialAction":[{"@type":"SearchAction","target":{"@type":"EntryPoint","urlTemplate":"https:\/\/www.welovecycling.com\/hu\/?s={search_term_string}"},"query-input":{"@type":"PropertyValueSpecification","valueRequired":true,"valueName":"search_term_string"}}],"inLanguage":"hu"},{"@type":"Person","@id":"https:\/\/www.welovecycling.com\/hu\/#\/schema\/person\/bec7dcdbcc59f58489cf603e4040ced1","name":"kitti","image":{"@type":"ImageObject","inLanguage":"hu","@id":"https:\/\/www.welovecycling.com\/hu\/#\/schema\/person\/image\/","url":"https:\/\/secure.gravatar.com\/avatar\/e3196a110e1b57b96f56d92d10ce9bb4e9d7210076832a16243337e949410b52?s=96&d=mm&r=g","contentUrl":"https:\/\/secure.gravatar.com\/avatar\/e3196a110e1b57b96f56d92d10ce9bb4e9d7210076832a16243337e949410b52?s=96&d=mm&r=g","caption":"kitti"},"url":"https:\/\/www.welovecycling.com\/hu\/author\/kitti\/"}]}},"_links":{"self":[{"href":"https:\/\/www.welovecycling.com\/hu\/wp-json\/wp\/v2\/posts\/17299","targetHints":{"allow":["GET"]}}],"collection":[{"href":"https:\/\/www.welovecycling.com\/hu\/wp-json\/wp\/v2\/posts"}],"about":[{"href":"https:\/\/www.welovecycling.com\/hu\/wp-json\/wp\/v2\/types\/post"}],"author":[{"embeddable":true,"href":"https:\/\/www.welovecycling.com\/hu\/wp-json\/wp\/v2\/users\/145"}],"replies":[{"embeddable":true,"href":"https:\/\/www.welovecycling.com\/hu\/wp-json\/wp\/v2\/comments?post=17299"}],"version-history":[{"count":1,"href":"https:\/\/www.welovecycling.com\/hu\/wp-json\/wp\/v2\/posts\/17299\/revisions"}],"predecessor-version":[{"id":17303,"href":"https:\/\/www.welovecycling.com\/hu\/wp-json\/wp\/v2\/posts\/17299\/revisions\/17303"}],"wp:featuredmedia":[{"embeddable":true,"href":"https:\/\/www.welovecycling.com\/hu\/wp-json\/wp\/v2\/media\/17301"}],"wp:attachment":[{"href":"https:\/\/www.welovecycling.com\/hu\/wp-json\/wp\/v2\/media?parent=17299"}],"wp:term":[{"taxonomy":"category","embeddable":true,"href":"https:\/\/www.welovecycling.com\/hu\/wp-json\/wp\/v2\/categories?post=17299"},{"taxonomy":"post_tag","embeddable":true,"href":"https:\/\/www.welovecycling.com\/hu\/wp-json\/wp\/v2\/tags?post=17299"},{"taxonomy":"global-categories","embeddable":true,"href":"https:\/\/www.welovecycling.com\/hu\/wp-json\/wp\/v2\/global-categories?post=17299"}],"curies":[{"name":"wp","href":"https:\/\/api.w.org\/{rel}","templated":true}]}}