{"id":17292,"date":"2023-04-23T08:00:44","date_gmt":"2023-04-23T06:00:44","guid":{"rendered":"https:\/\/www.welovecycling.com\/hu\/?p=17292"},"modified":"2023-04-21T13:13:13","modified_gmt":"2023-04-21T11:13:13","slug":"chris-froome-caleb-ewan-es-jakob-fuglsang-a-tour-de-hongrie-n-valter-attila-tundokol-a-jumbonal","status":"publish","type":"post","link":"https:\/\/www.welovecycling.com\/hu\/orszaguti-kerekpar\/chris-froome-caleb-ewan-es-jakob-fuglsang-a-tour-de-hongrie-n-valter-attila-tundokol-a-jumbonal\/","title":{"rendered":"Chris Froome, Caleb Ewan \u00e9s Jakob Fuglsang a Tour de Hongrie-n, Valter Attila t\u00fcnd\u00f6k\u00f6l a Jumb\u00f3n\u00e1l"},"content":{"rendered":"<p><strong>\u00dajabb elk\u00e9peszt\u0151 szt\u00e1rpar\u00e1d\u00e9 a Magyar K\u00f6rversenyen, de legal\u00e1bb ugyanilyen b\u00fcszk\u00e9k lehet\u00fcnk a vil\u00e1g legjobb csapat\u00e1n\u00e1l is brill\u00edroz\u00f3 klasszisunkra, Valter Attil\u00e1ra, aki vas\u00e1rnap a Liege\u2013Bastogne\u2013Liege-en teheti fel a pontot ardenneki remekl\u00e9s\u00e9re.<\/strong><!--more--><\/p>\n<p>H\u00e1rom h\u00e9t sincs m\u00e1r h\u00e1tra a 2023-as Tour de Hongrie m\u00e1jus 10-i rajtj\u00e1ig, a csapatok \u00edgy leadt\u00e1k a teljes el\u0151zetes rajtlist\u00e1ikat \u2013 \u00e9s csak \u00e1mul \u00e9s b\u00e1mul a ker\u00e9kp\u00e1rszeret\u0151 magyar k\u00f6z\u00f6ss\u00e9g. <a href=\"https:\/\/www.welovecycling.com\/hu\/tdh2022\/eisenkrammer-karoly-a-tdh-foszervezoje-oromkonnyek-es-a-verseny-jovoje-wlc-x-skoda-podcast\/\">Eisenkrammer K\u00e1roly f\u0151szervez\u0151 m\u00e1r tavaly is azt mondta podcastunkban<\/a>, hogy a Magyar K\u00f6rverseny el\u00e9rt egy olyan szintre, hogy gyakorlatilag \u201ekimaxolt\u00e1k\u201d a versenyt, az els\u0151dleges c\u00e9l \u00e9s feladat innent\u0151l az lehet, hogy megtarts\u00e1k ezt a sz\u00ednvonalat \u00e9s az olyan vil\u00e1gszt\u00e1rokat, mint Fabio Jakobsen, Elia Viviani vagy \u00e9ppen Dylan Groenewegen. \u00c1m az idei felhozatalt l\u00e1tva b\u00e1tran elmondhat\u00f3, hogy volt m\u00e9g feljebb, \u00e9s r\u00e1 lehetett tenni m\u00e9g egy lap\u00e1ttal. A f\u0151szervez\u0151 ugyanis a hivatalos kommunik\u00e1ci\u00f3s csatorn\u00e1kat meg sem v\u00e1rva, saj\u00e1t maga k\u00fcrt\u00f6lte vil\u00e1gg\u00e1 b\u00fcszk\u00e9n, gyermeki \u00f6r\u00f6mmel h\u00e1rom \u00fajabb elk\u00e9peszt\u0151 n\u00e9v \u00e9rkez\u00e9s\u00e9t: Chris Froome-\u00e9t, Caleb Ewan\u00e9t \u00e9s Jakob Fuglsang\u00e9t.<\/p>\n<figure id=\"attachment_17294\" aria-describedby=\"caption-attachment-17294\" style=\"width: 1024px\" class=\"wp-caption alignnone\"><img loading=\"lazy\" decoding=\"async\" class=\"size-large wp-image-17294\" src=\"https:\/\/d2p6e6u75xmxt8.cloudfront.net\/12\/2023\/04\/1899220-39980201-2560-1440-1024x576.webp\" alt=\"\" width=\"1024\" height=\"576\" srcset=\"https:\/\/d2p6e6u75xmxt8.cloudfront.net\/12\/2023\/04\/1899220-39980201-2560-1440-1024x576.webp 1024w, https:\/\/d2p6e6u75xmxt8.cloudfront.net\/12\/2023\/04\/1899220-39980201-2560-1440-300x169.webp 300w, https:\/\/d2p6e6u75xmxt8.cloudfront.net\/12\/2023\/04\/1899220-39980201-2560-1440-768x432.webp 768w, https:\/\/d2p6e6u75xmxt8.cloudfront.net\/12\/2023\/04\/1899220-39980201-2560-1440-400x225.webp 400w, https:\/\/d2p6e6u75xmxt8.cloudfront.net\/12\/2023\/04\/1899220-39980201-2560-1440.webp 1200w\" sizes=\"auto, (max-width: 1024px) 100vw, 1024px\" \/><figcaption id=\"caption-attachment-17294\" class=\"wp-caption-text\">fot\u00f3: AFP<\/figcaption><\/figure>\n<p>A bringakedvel\u0151k sz\u00e1m\u00e1ra aligha kell k\u00fcl\u00f6n\u00f6sebben bemutatni a k\u00e9t \u00fariembert, \u00e1m a rend kedv\u00e9\u00e9rt m\u00e9giscsak illik felsorolni f\u0151bb eredm\u00e9nyeiket. Froome t\u00falz\u00e1s n\u00e9lk\u00fcl az elm\u00falt \u00e9vtized legmeghat\u00e1roz\u00f3bb versenyz\u0151je, aki n\u00e9gyszer(!) nyerte meg a vil\u00e1g legnagyobb ker\u00e9kp\u00e1rverseny\u00e9t, a non plus ultra Tour de France-t, emellett a Gir\u00f3n egyszer, a Vuelt\u00e1n pedig k\u00e9tszer diadalmaskodott, vagyis azon sz\u0171k, mind\u00f6ssze h\u00e9t legend\u00e1t sz\u00e1ml\u00e1l\u00f3 elit tagja, akik mindh\u00e1rom Grand Tourt meg tudt\u00e1k nyerni legal\u00e1bb egyszer. A 37 esztend\u0151s, kenyai sz\u00fclet\u00e9s\u0171 brit klasszis emellett k\u00e9tszeres olimpiai bronz\u00e9rmes id\u0151futamban, \u00e9s b\u00e1r elmondhat\u00f3, hogy \u00e9letvesz\u00e9lyes edz\u00e9sbalesete \u00f3ta, a 40-hez k\u00f6zeledve m\u00e1r nem tud ugyanazon a szinten teljes\u00edteni, mint kor\u00e1bban, az\u00e9rt az \u0151 magyarorsz\u00e1gi felbukkan\u00e1sa t\u00e9nyleg egy kisebb vil\u00e1gszenz\u00e1ci\u00f3 kateg\u00f3ri\u00e1j\u00e1ba sorolhat\u00f3.<\/p>\n<figure id=\"attachment_17296\" aria-describedby=\"caption-attachment-17296\" style=\"width: 1024px\" class=\"wp-caption alignnone\"><img loading=\"lazy\" decoding=\"async\" class=\"size-large wp-image-17296\" src=\"https:\/\/d2p6e6u75xmxt8.cloudfront.net\/12\/2023\/04\/6230d6e9ada84629a338072f116e334b-6230d6e9ada84629a338072f116e334b-0-scaled-Large-1024x762.webp\" alt=\"\" width=\"1024\" height=\"762\" srcset=\"https:\/\/d2p6e6u75xmxt8.cloudfront.net\/12\/2023\/04\/6230d6e9ada84629a338072f116e334b-6230d6e9ada84629a338072f116e334b-0-scaled-Large-1024x762.webp 1024w, https:\/\/d2p6e6u75xmxt8.cloudfront.net\/12\/2023\/04\/6230d6e9ada84629a338072f116e334b-6230d6e9ada84629a338072f116e334b-0-scaled-Large-300x223.webp 300w, https:\/\/d2p6e6u75xmxt8.cloudfront.net\/12\/2023\/04\/6230d6e9ada84629a338072f116e334b-6230d6e9ada84629a338072f116e334b-0-scaled-Large-768x572.webp 768w, https:\/\/d2p6e6u75xmxt8.cloudfront.net\/12\/2023\/04\/6230d6e9ada84629a338072f116e334b-6230d6e9ada84629a338072f116e334b-0-scaled-Large-400x298.webp 400w, https:\/\/d2p6e6u75xmxt8.cloudfront.net\/12\/2023\/04\/6230d6e9ada84629a338072f116e334b-6230d6e9ada84629a338072f116e334b-0-scaled-Large.webp 1280w\" sizes=\"auto, (max-width: 1024px) 100vw, 1024px\" \/><figcaption id=\"caption-attachment-17296\" class=\"wp-caption-text\">fot\u00f3: Stephane Mantey Pool via AP<\/figcaption><\/figure>\n<p>A besz\u00e9desen csak \u201eZsebrak\u00e9ta\u201d becen\u00e9vre hallgat\u00f3 ausztr\u00e1l Caleb Ewan ugyancsak az elm\u00falt \u00e9vtized \u00e9s napjaink egyik meghat\u00e1roz\u00f3 sprinterszt\u00e1rja, aki a h\u00e1rom nagy k\u00f6rversenyr\u0151l nem kevesebb mint 11 szakaszgy\u0151zelmet tud felmutatni \u00f6sszesen, emellett sz\u00e1mos egynapos versenyen tudott diadalmaskodni. A D\u00e1ni\u00e1b\u00f3l \u00e9rkez\u0151 Jakob Fuglsang nyert m\u00e1r szakaszt a Vuelt\u00e1n, emellett Crit\u00e9rium du Dauphin\u00e9t, valamint d\u00e1n, andal\u00faz, luxemburgi, osztr\u00e1k \u00e9s szlov\u00e9n k\u00f6rt is, n\u00e9gy \u00e9ve a Liege\u2013Bastogne\u2013Liege-en, h\u00e1rom \u00e9vvel ezel\u0151tt pedig a lombardiai k\u00f6r\u00f6n \u00fcnnepelhetett. Az egyik legeml\u00e9kezetesebb versenye m\u00e9gis a 2016-os ri\u00f3i olimpia mez\u0151nyversenye volt, ahol hajsz\u00e1llal maradt le az arany\u00e9remr\u0151l, azonos id\u0151vel sz\u00e1guldott a c\u00e9lba az olimpiai bajnok Greg Van Avaermaettal.<\/p>\n<figure id=\"attachment_17297\" aria-describedby=\"caption-attachment-17297\" style=\"width: 1024px\" class=\"wp-caption alignnone\"><img loading=\"lazy\" decoding=\"async\" class=\"size-large wp-image-17297\" src=\"https:\/\/d2p6e6u75xmxt8.cloudfront.net\/12\/2023\/04\/14851803-ol2016-201609232049551417_or-Large-1024x683.webp\" alt=\"\" width=\"1024\" height=\"683\" srcset=\"https:\/\/d2p6e6u75xmxt8.cloudfront.net\/12\/2023\/04\/14851803-ol2016-201609232049551417_or-Large-1024x683.webp 1024w, https:\/\/d2p6e6u75xmxt8.cloudfront.net\/12\/2023\/04\/14851803-ol2016-201609232049551417_or-Large-300x200.webp 300w, https:\/\/d2p6e6u75xmxt8.cloudfront.net\/12\/2023\/04\/14851803-ol2016-201609232049551417_or-Large-768x512.webp 768w, https:\/\/d2p6e6u75xmxt8.cloudfront.net\/12\/2023\/04\/14851803-ol2016-201609232049551417_or-Large-400x267.webp 400w, https:\/\/d2p6e6u75xmxt8.cloudfront.net\/12\/2023\/04\/14851803-ol2016-201609232049551417_or-Large-272x182.webp 272w, https:\/\/d2p6e6u75xmxt8.cloudfront.net\/12\/2023\/04\/14851803-ol2016-201609232049551417_or-Large.webp 1140w\" sizes=\"auto, (max-width: 1024px) 100vw, 1024px\" \/><figcaption id=\"caption-attachment-17297\" class=\"wp-caption-text\">Jakob Fuglsang ri\u00f3i ez\u00fcst\u00e9rm\u00e9vel (fot\u00f3: Scanpix\/Jens N\u00f8rgaard Larsen)<\/figcaption><\/figure>\n<p>Okkal lehet\u00fcnk teh\u00e1t b\u00fcszk\u00e9k nemzeti k\u00f6rverseny\u00fcnkre \u2013 \u00e9s ezzel egyid\u0151ben legjobb orsz\u00e1g\u00fati bring\u00e1sunkra, Valter Attil\u00e1ra is! Ati ugyanis a Jumbo-Vism\u00e1hoz val\u00f3 csatlakoz\u00e1sa \u00f3ta val\u00f3s\u00e1ggal sz\u00e1rnyal, az elm\u00falt egy h\u00e9tben az ardenneki klasszikusok k\u00f6z\u00fcl els\u0151k\u00e9nt a vas\u00e1rnapi Amstel Gold Race-r\u0151l hozott egy top 30-as helyez\u00e9st, majd a szerdai La Fleche Wallonon hajsz\u00e1l h\u00edj\u00e1n megcs\u00edpte a top 10-et 11. hely\u00e9vel (pedig m\u00e9g egy buk\u00e1sban is benne volt!), \u00edgy \u0151 magabiztoss\u00e1gt\u00f3l \u00e9s er\u0151t\u0151l duzzadva, mi pedig izgatottan v\u00e1rhatjuk a vas\u00e1rnapi harmadik \u201efelvon\u00e1st\u201d, a Liege\u2013Bastogne\u2013Lieget-t. Az Amstelen \u00e9s a vallonon egy\u00e9bk\u00e9nt ki m\u00e1s, mint a f\u00f6ld\u00f6nk\u00edv\u00fcli Tadej Poga\u010dar diadalmaskodott, a szlov\u00e9n uf\u00f3 \u00edgy az Eurosport sz\u00e1m\u00edt\u00e1sai szerint idei 18 versenynapj\u00e1b\u00f3l 12-szer nyert, ami ebben a sport\u00e1gban brut\u00e1lisnak sz\u00e1m\u00edt\u00f3 66%-os sikerr\u00e1ta, \u00e9s ha vas\u00e1rnap sem adja al\u00e1bb, akkor 2011 \u00e9s Philippe Gilbert ut\u00e1n els\u0151k\u00e9nt csin\u00e1lhatja meg az ardenneki tripl\u00e1t. Aligha csoda, hogy Valter Ati is azt nyilatkozta a csatorn\u00e1nak, hogy b\u00e1r egyr\u00e9szr\u0151l nagy \u00e9lm\u00e9ny \u00e9s megtiszteltet\u00e9s egy ilyen korszakos legend\u00e1val nap mint nap egy\u00fctt tekerni a mez\u0151nyben, de az\u00e9rt egy\u00fattal m\u00e1r kicsit demoraliz\u00e1l\u00f3 is n\u00e9ha, amit a szlov\u00e9n \u0171rl\u00e9ny m\u0171vel\u2026<\/p>\n<figure id=\"attachment_17295\" aria-describedby=\"caption-attachment-17295\" style=\"width: 1024px\" class=\"wp-caption alignnone\"><img loading=\"lazy\" decoding=\"async\" class=\"size-full wp-image-17295\" src=\"https:\/\/d2p6e6u75xmxt8.cloudfront.net\/12\/2023\/04\/336917029_1252932972275255_2529658561164575338_n.webp\" alt=\"\" width=\"1024\" height=\"683\" srcset=\"https:\/\/d2p6e6u75xmxt8.cloudfront.net\/12\/2023\/04\/336917029_1252932972275255_2529658561164575338_n.webp 1024w, https:\/\/d2p6e6u75xmxt8.cloudfront.net\/12\/2023\/04\/336917029_1252932972275255_2529658561164575338_n-300x200.webp 300w, https:\/\/d2p6e6u75xmxt8.cloudfront.net\/12\/2023\/04\/336917029_1252932972275255_2529658561164575338_n-768x512.webp 768w, https:\/\/d2p6e6u75xmxt8.cloudfront.net\/12\/2023\/04\/336917029_1252932972275255_2529658561164575338_n-400x267.webp 400w, https:\/\/d2p6e6u75xmxt8.cloudfront.net\/12\/2023\/04\/336917029_1252932972275255_2529658561164575338_n-272x182.webp 272w\" sizes=\"auto, (max-width: 1024px) 100vw, 1024px\" \/><figcaption id=\"caption-attachment-17295\" class=\"wp-caption-text\">fot\u00f3: Facebook\/Valter Attila<\/figcaption><\/figure>\n","protected":false},"excerpt":{"rendered":"<p>\u00dajabb elk\u00e9peszt\u0151 szt\u00e1rpar\u00e1d\u00e9 a Magyar K\u00f6rversenyen, de legal\u00e1bb ugyanilyen b\u00fcszk\u00e9k lehet\u00fcnk a vil\u00e1g legjobb csapat\u00e1n\u00e1l is brill\u00edroz\u00f3 klasszisunkra, Valter Attil\u00e1ra, [&hellip;]<\/p>\n","protected":false},"author":71,"featured_media":17293,"comment_status":"open","ping_status":"open","sticky":false,"template":"","format":"standard","meta":{"footnotes":""},"categories":[8],"tags":[],"global-categories":[],"class_list":["post-17292","post","type-post","status-publish","format-standard","has-post-thumbnail","hentry","category-orszaguti-kerekpar"],"yoast_head":"<!-- This site is optimized with the Yoast SEO Premium plugin v25.3 (Yoast SEO v25.9) - https:\/\/yoast.com\/wordpress\/plugins\/seo\/ -->\n<title>Chris Froome, Caleb Ewan \u00e9s Jakob Fuglsang a Tour de Hongrie-n, Valter Attila t\u00fcnd\u00f6k\u00f6l a Jumb\u00f3n\u00e1l<\/title>\n<meta name=\"description\" content=\"\u00dajabb elk\u00e9peszt\u0151 szt\u00e1rpar\u00e1d\u00e9 a Magyar K\u00f6rversenyen, de legal\u00e1bb ugyanilyen b\u00fcszk\u00e9k lehet\u00fcnk a vil\u00e1g legjobb csapat\u00e1n\u00e1l is brill\u00edroz\u00f3 klasszisunkra, Valter Attil\u00e1ra, aki vas\u00e1rnap a Liege\u2013Bastogne\u2013Liege-en teheti fel a pontot ardenneki remekl\u00e9s\u00e9re.\" \/>\n<meta name=\"robots\" content=\"index, follow, max-snippet:-1, max-image-preview:large, max-video-preview:-1\" \/>\n<link rel=\"canonical\" href=\"https:\/\/www.welovecycling.com\/hu\/orszaguti-kerekpar\/chris-froome-caleb-ewan-es-jakob-fuglsang-a-tour-de-hongrie-n-valter-attila-tundokol-a-jumbonal\/\" \/>\n<meta property=\"og:locale\" content=\"hu_HU\" \/>\n<meta property=\"og:type\" content=\"article\" \/>\n<meta property=\"og:title\" content=\"Chris Froome, Caleb Ewan \u00e9s Jakob Fuglsang a Tour de Hongrie-n, Valter Attila t\u00fcnd\u00f6k\u00f6l a Jumb\u00f3n\u00e1l\" \/>\n<meta property=\"og:description\" content=\"\u00dajabb elk\u00e9peszt\u0151 szt\u00e1rpar\u00e1d\u00e9 a Magyar K\u00f6rversenyen, de legal\u00e1bb ugyanilyen b\u00fcszk\u00e9k lehet\u00fcnk a vil\u00e1g legjobb csapat\u00e1n\u00e1l is brill\u00edroz\u00f3 klasszisunkra, Valter Attil\u00e1ra, aki vas\u00e1rnap a Liege\u2013Bastogne\u2013Liege-en teheti fel a pontot ardenneki remekl\u00e9s\u00e9re.\" \/>\n<meta property=\"og:url\" content=\"https:\/\/www.welovecycling.com\/hu\/orszaguti-kerekpar\/chris-froome-caleb-ewan-es-jakob-fuglsang-a-tour-de-hongrie-n-valter-attila-tundokol-a-jumbonal\/\" \/>\n<meta property=\"og:site_name\" content=\"\u0160koda We Love Cycling - Magyarorsz\u00e1g\" \/>\n<meta property=\"article:publisher\" content=\"https:\/\/www.facebook.com\/WeLoveCyclingHungary\/\" \/>\n<meta property=\"article:published_time\" content=\"2023-04-23T06:00:44+00:00\" \/>\n<meta property=\"og:image\" content=\"https:\/\/d2p6e6u75xmxt8.cloudfront.net\/12\/2023\/04\/92d4c2cc3e00081685cd8cf0af9ae14e.webp\" \/>\n\t<meta property=\"og:image:width\" content=\"1080\" \/>\n\t<meta property=\"og:image:height\" content=\"639\" \/>\n\t<meta property=\"og:image:type\" content=\"image\/webp\" \/>\n<meta name=\"author\" content=\"hegyizs\" \/>\n<meta name=\"twitter:card\" content=\"summary_large_image\" \/>\n<meta name=\"twitter:label1\" content=\"Written by\" \/>\n\t<meta name=\"twitter:data1\" content=\"WLC\" \/>\n\t<meta name=\"twitter:label2\" content=\"Est. reading time\" \/>\n\t<meta name=\"twitter:data2\" content=\"4 minutes\" \/>\n<script type=\"application\/ld+json\" class=\"yoast-schema-graph\">{\"@context\":\"https:\/\/schema.org\",\"@graph\":[{\"@type\":\"WebPage\",\"@id\":\"https:\/\/www.welovecycling.com\/hu\/orszaguti-kerekpar\/chris-froome-caleb-ewan-es-jakob-fuglsang-a-tour-de-hongrie-n-valter-attila-tundokol-a-jumbonal\/\",\"url\":\"https:\/\/www.welovecycling.com\/hu\/orszaguti-kerekpar\/chris-froome-caleb-ewan-es-jakob-fuglsang-a-tour-de-hongrie-n-valter-attila-tundokol-a-jumbonal\/\",\"name\":\"Chris Froome, Caleb Ewan \u00e9s Jakob Fuglsang a Tour de Hongrie-n, Valter Attila t\u00fcnd\u00f6k\u00f6l a Jumb\u00f3n\u00e1l\",\"isPartOf\":{\"@id\":\"https:\/\/www.welovecycling.com\/hu\/#website\"},\"primaryImageOfPage\":{\"@id\":\"https:\/\/www.welovecycling.com\/hu\/orszaguti-kerekpar\/chris-froome-caleb-ewan-es-jakob-fuglsang-a-tour-de-hongrie-n-valter-attila-tundokol-a-jumbonal\/#primaryimage\"},\"image\":{\"@id\":\"https:\/\/www.welovecycling.com\/hu\/orszaguti-kerekpar\/chris-froome-caleb-ewan-es-jakob-fuglsang-a-tour-de-hongrie-n-valter-attila-tundokol-a-jumbonal\/#primaryimage\"},\"thumbnailUrl\":\"https:\/\/d2p6e6u75xmxt8.cloudfront.net\/12\/2023\/04\/92d4c2cc3e00081685cd8cf0af9ae14e.webp\",\"datePublished\":\"2023-04-23T06:00:44+00:00\",\"author\":{\"@id\":\"https:\/\/www.welovecycling.com\/hu\/#\/schema\/person\/414a2aebf1801691a5320edb6468e194\"},\"description\":\"\u00dajabb elk\u00e9peszt\u0151 szt\u00e1rpar\u00e1d\u00e9 a Magyar K\u00f6rversenyen, de legal\u00e1bb ugyanilyen b\u00fcszk\u00e9k lehet\u00fcnk a vil\u00e1g legjobb csapat\u00e1n\u00e1l is brill\u00edroz\u00f3 klasszisunkra, Valter Attil\u00e1ra, aki vas\u00e1rnap a Liege\u2013Bastogne\u2013Liege-en teheti fel a pontot ardenneki remekl\u00e9s\u00e9re.\",\"breadcrumb\":{\"@id\":\"https:\/\/www.welovecycling.com\/hu\/orszaguti-kerekpar\/chris-froome-caleb-ewan-es-jakob-fuglsang-a-tour-de-hongrie-n-valter-attila-tundokol-a-jumbonal\/#breadcrumb\"},\"inLanguage\":\"hu\",\"potentialAction\":[{\"@type\":\"ReadAction\",\"target\":[\"https:\/\/www.welovecycling.com\/hu\/orszaguti-kerekpar\/chris-froome-caleb-ewan-es-jakob-fuglsang-a-tour-de-hongrie-n-valter-attila-tundokol-a-jumbonal\/\"]}]},{\"@type\":\"ImageObject\",\"inLanguage\":\"hu\",\"@id\":\"https:\/\/www.welovecycling.com\/hu\/orszaguti-kerekpar\/chris-froome-caleb-ewan-es-jakob-fuglsang-a-tour-de-hongrie-n-valter-attila-tundokol-a-jumbonal\/#primaryimage\",\"url\":\"https:\/\/d2p6e6u75xmxt8.cloudfront.net\/12\/2023\/04\/92d4c2cc3e00081685cd8cf0af9ae14e.webp\",\"contentUrl\":\"https:\/\/d2p6e6u75xmxt8.cloudfront.net\/12\/2023\/04\/92d4c2cc3e00081685cd8cf0af9ae14e.webp\",\"width\":1080,\"height\":639},{\"@type\":\"BreadcrumbList\",\"@id\":\"https:\/\/www.welovecycling.com\/hu\/orszaguti-kerekpar\/chris-froome-caleb-ewan-es-jakob-fuglsang-a-tour-de-hongrie-n-valter-attila-tundokol-a-jumbonal\/#breadcrumb\",\"itemListElement\":[{\"@type\":\"ListItem\",\"position\":1,\"name\":\"Home\",\"item\":\"https:\/\/www.welovecycling.com\/hu\/\"},{\"@type\":\"ListItem\",\"position\":2,\"name\":\"Chris Froome, Caleb Ewan \u00e9s Jakob Fuglsang a Tour de Hongrie-n, Valter Attila t\u00fcnd\u00f6k\u00f6l a Jumb\u00f3n\u00e1l\"}]},{\"@type\":\"WebSite\",\"@id\":\"https:\/\/www.welovecycling.com\/hu\/#website\",\"url\":\"https:\/\/www.welovecycling.com\/hu\/\",\"name\":\"\u0160koda We Love Cycling - Magyarorsz\u00e1g\",\"description\":\"\u0160koda WeLoveCycling\",\"potentialAction\":[{\"@type\":\"SearchAction\",\"target\":{\"@type\":\"EntryPoint\",\"urlTemplate\":\"https:\/\/www.welovecycling.com\/hu\/?s={search_term_string}\"},\"query-input\":{\"@type\":\"PropertyValueSpecification\",\"valueRequired\":true,\"valueName\":\"search_term_string\"}}],\"inLanguage\":\"hu\"},{\"@type\":\"Person\",\"@id\":\"https:\/\/www.welovecycling.com\/hu\/#\/schema\/person\/414a2aebf1801691a5320edb6468e194\",\"name\":\"hegyizs\",\"image\":{\"@type\":\"ImageObject\",\"inLanguage\":\"hu\",\"@id\":\"https:\/\/www.welovecycling.com\/hu\/#\/schema\/person\/image\/\",\"url\":\"https:\/\/secure.gravatar.com\/avatar\/02cf8a7906b8cf90cecb4679defac7cfd33a1c2e3b88e4903d947f3bb58eedd3?s=96&d=mm&r=g\",\"contentUrl\":\"https:\/\/secure.gravatar.com\/avatar\/02cf8a7906b8cf90cecb4679defac7cfd33a1c2e3b88e4903d947f3bb58eedd3?s=96&d=mm&r=g\",\"caption\":\"hegyizs\"},\"url\":\"https:\/\/www.welovecycling.com\/hu\/author\/hegyizs\/\"}]}<\/script>\n<!-- \/ Yoast SEO Premium plugin. -->","yoast_head_json":{"title":"Chris Froome, Caleb Ewan \u00e9s Jakob Fuglsang a Tour de Hongrie-n, Valter Attila t\u00fcnd\u00f6k\u00f6l a Jumb\u00f3n\u00e1l","description":"\u00dajabb elk\u00e9peszt\u0151 szt\u00e1rpar\u00e1d\u00e9 a Magyar K\u00f6rversenyen, de legal\u00e1bb ugyanilyen b\u00fcszk\u00e9k lehet\u00fcnk a vil\u00e1g legjobb csapat\u00e1n\u00e1l is brill\u00edroz\u00f3 klasszisunkra, Valter Attil\u00e1ra, aki vas\u00e1rnap a Liege\u2013Bastogne\u2013Liege-en teheti fel a pontot ardenneki remekl\u00e9s\u00e9re.","robots":{"index":"index","follow":"follow","max-snippet":"max-snippet:-1","max-image-preview":"max-image-preview:large","max-video-preview":"max-video-preview:-1"},"canonical":"https:\/\/www.welovecycling.com\/hu\/orszaguti-kerekpar\/chris-froome-caleb-ewan-es-jakob-fuglsang-a-tour-de-hongrie-n-valter-attila-tundokol-a-jumbonal\/","og_locale":"hu_HU","og_type":"article","og_title":"Chris Froome, Caleb Ewan \u00e9s Jakob Fuglsang a Tour de Hongrie-n, Valter Attila t\u00fcnd\u00f6k\u00f6l a Jumb\u00f3n\u00e1l","og_description":"\u00dajabb elk\u00e9peszt\u0151 szt\u00e1rpar\u00e1d\u00e9 a Magyar K\u00f6rversenyen, de legal\u00e1bb ugyanilyen b\u00fcszk\u00e9k lehet\u00fcnk a vil\u00e1g legjobb csapat\u00e1n\u00e1l is brill\u00edroz\u00f3 klasszisunkra, Valter Attil\u00e1ra, aki vas\u00e1rnap a Liege\u2013Bastogne\u2013Liege-en teheti fel a pontot ardenneki remekl\u00e9s\u00e9re.","og_url":"https:\/\/www.welovecycling.com\/hu\/orszaguti-kerekpar\/chris-froome-caleb-ewan-es-jakob-fuglsang-a-tour-de-hongrie-n-valter-attila-tundokol-a-jumbonal\/","og_site_name":"\u0160koda We Love Cycling - Magyarorsz\u00e1g","article_publisher":"https:\/\/www.facebook.com\/WeLoveCyclingHungary\/","article_published_time":"2023-04-23T06:00:44+00:00","og_image":[{"width":1080,"height":639,"url":"https:\/\/d2p6e6u75xmxt8.cloudfront.net\/12\/2023\/04\/92d4c2cc3e00081685cd8cf0af9ae14e.webp","type":"image\/webp"}],"author":"hegyizs","twitter_card":"summary_large_image","twitter_misc":{"Written by":"WLC","Est. reading time":"4 minutes"},"schema":{"@context":"https:\/\/schema.org","@graph":[{"@type":"WebPage","@id":"https:\/\/www.welovecycling.com\/hu\/orszaguti-kerekpar\/chris-froome-caleb-ewan-es-jakob-fuglsang-a-tour-de-hongrie-n-valter-attila-tundokol-a-jumbonal\/","url":"https:\/\/www.welovecycling.com\/hu\/orszaguti-kerekpar\/chris-froome-caleb-ewan-es-jakob-fuglsang-a-tour-de-hongrie-n-valter-attila-tundokol-a-jumbonal\/","name":"Chris Froome, Caleb Ewan \u00e9s Jakob Fuglsang a Tour de Hongrie-n, Valter Attila t\u00fcnd\u00f6k\u00f6l a Jumb\u00f3n\u00e1l","isPartOf":{"@id":"https:\/\/www.welovecycling.com\/hu\/#website"},"primaryImageOfPage":{"@id":"https:\/\/www.welovecycling.com\/hu\/orszaguti-kerekpar\/chris-froome-caleb-ewan-es-jakob-fuglsang-a-tour-de-hongrie-n-valter-attila-tundokol-a-jumbonal\/#primaryimage"},"image":{"@id":"https:\/\/www.welovecycling.com\/hu\/orszaguti-kerekpar\/chris-froome-caleb-ewan-es-jakob-fuglsang-a-tour-de-hongrie-n-valter-attila-tundokol-a-jumbonal\/#primaryimage"},"thumbnailUrl":"https:\/\/d2p6e6u75xmxt8.cloudfront.net\/12\/2023\/04\/92d4c2cc3e00081685cd8cf0af9ae14e.webp","datePublished":"2023-04-23T06:00:44+00:00","author":{"@id":"https:\/\/www.welovecycling.com\/hu\/#\/schema\/person\/414a2aebf1801691a5320edb6468e194"},"description":"\u00dajabb elk\u00e9peszt\u0151 szt\u00e1rpar\u00e1d\u00e9 a Magyar K\u00f6rversenyen, de legal\u00e1bb ugyanilyen b\u00fcszk\u00e9k lehet\u00fcnk a vil\u00e1g legjobb csapat\u00e1n\u00e1l is brill\u00edroz\u00f3 klasszisunkra, Valter Attil\u00e1ra, aki vas\u00e1rnap a Liege\u2013Bastogne\u2013Liege-en teheti fel a pontot ardenneki remekl\u00e9s\u00e9re.","breadcrumb":{"@id":"https:\/\/www.welovecycling.com\/hu\/orszaguti-kerekpar\/chris-froome-caleb-ewan-es-jakob-fuglsang-a-tour-de-hongrie-n-valter-attila-tundokol-a-jumbonal\/#breadcrumb"},"inLanguage":"hu","potentialAction":[{"@type":"ReadAction","target":["https:\/\/www.welovecycling.com\/hu\/orszaguti-kerekpar\/chris-froome-caleb-ewan-es-jakob-fuglsang-a-tour-de-hongrie-n-valter-attila-tundokol-a-jumbonal\/"]}]},{"@type":"ImageObject","inLanguage":"hu","@id":"https:\/\/www.welovecycling.com\/hu\/orszaguti-kerekpar\/chris-froome-caleb-ewan-es-jakob-fuglsang-a-tour-de-hongrie-n-valter-attila-tundokol-a-jumbonal\/#primaryimage","url":"https:\/\/d2p6e6u75xmxt8.cloudfront.net\/12\/2023\/04\/92d4c2cc3e00081685cd8cf0af9ae14e.webp","contentUrl":"https:\/\/d2p6e6u75xmxt8.cloudfront.net\/12\/2023\/04\/92d4c2cc3e00081685cd8cf0af9ae14e.webp","width":1080,"height":639},{"@type":"BreadcrumbList","@id":"https:\/\/www.welovecycling.com\/hu\/orszaguti-kerekpar\/chris-froome-caleb-ewan-es-jakob-fuglsang-a-tour-de-hongrie-n-valter-attila-tundokol-a-jumbonal\/#breadcrumb","itemListElement":[{"@type":"ListItem","position":1,"name":"Home","item":"https:\/\/www.welovecycling.com\/hu\/"},{"@type":"ListItem","position":2,"name":"Chris Froome, Caleb Ewan \u00e9s Jakob Fuglsang a Tour de Hongrie-n, Valter Attila t\u00fcnd\u00f6k\u00f6l a Jumb\u00f3n\u00e1l"}]},{"@type":"WebSite","@id":"https:\/\/www.welovecycling.com\/hu\/#website","url":"https:\/\/www.welovecycling.com\/hu\/","name":"\u0160koda We Love Cycling - Magyarorsz\u00e1g","description":"\u0160koda WeLoveCycling","potentialAction":[{"@type":"SearchAction","target":{"@type":"EntryPoint","urlTemplate":"https:\/\/www.welovecycling.com\/hu\/?s={search_term_string}"},"query-input":{"@type":"PropertyValueSpecification","valueRequired":true,"valueName":"search_term_string"}}],"inLanguage":"hu"},{"@type":"Person","@id":"https:\/\/www.welovecycling.com\/hu\/#\/schema\/person\/414a2aebf1801691a5320edb6468e194","name":"hegyizs","image":{"@type":"ImageObject","inLanguage":"hu","@id":"https:\/\/www.welovecycling.com\/hu\/#\/schema\/person\/image\/","url":"https:\/\/secure.gravatar.com\/avatar\/02cf8a7906b8cf90cecb4679defac7cfd33a1c2e3b88e4903d947f3bb58eedd3?s=96&d=mm&r=g","contentUrl":"https:\/\/secure.gravatar.com\/avatar\/02cf8a7906b8cf90cecb4679defac7cfd33a1c2e3b88e4903d947f3bb58eedd3?s=96&d=mm&r=g","caption":"hegyizs"},"url":"https:\/\/www.welovecycling.com\/hu\/author\/hegyizs\/"}]}},"_links":{"self":[{"href":"https:\/\/www.welovecycling.com\/hu\/wp-json\/wp\/v2\/posts\/17292","targetHints":{"allow":["GET"]}}],"collection":[{"href":"https:\/\/www.welovecycling.com\/hu\/wp-json\/wp\/v2\/posts"}],"about":[{"href":"https:\/\/www.welovecycling.com\/hu\/wp-json\/wp\/v2\/types\/post"}],"author":[{"embeddable":true,"href":"https:\/\/www.welovecycling.com\/hu\/wp-json\/wp\/v2\/users\/71"}],"replies":[{"embeddable":true,"href":"https:\/\/www.welovecycling.com\/hu\/wp-json\/wp\/v2\/comments?post=17292"}],"version-history":[{"count":1,"href":"https:\/\/www.welovecycling.com\/hu\/wp-json\/wp\/v2\/posts\/17292\/revisions"}],"predecessor-version":[{"id":17298,"href":"https:\/\/www.welovecycling.com\/hu\/wp-json\/wp\/v2\/posts\/17292\/revisions\/17298"}],"wp:featuredmedia":[{"embeddable":true,"href":"https:\/\/www.welovecycling.com\/hu\/wp-json\/wp\/v2\/media\/17293"}],"wp:attachment":[{"href":"https:\/\/www.welovecycling.com\/hu\/wp-json\/wp\/v2\/media?parent=17292"}],"wp:term":[{"taxonomy":"category","embeddable":true,"href":"https:\/\/www.welovecycling.com\/hu\/wp-json\/wp\/v2\/categories?post=17292"},{"taxonomy":"post_tag","embeddable":true,"href":"https:\/\/www.welovecycling.com\/hu\/wp-json\/wp\/v2\/tags?post=17292"},{"taxonomy":"global-categories","embeddable":true,"href":"https:\/\/www.welovecycling.com\/hu\/wp-json\/wp\/v2\/global-categories?post=17292"}],"curies":[{"name":"wp","href":"https:\/\/api.w.org\/{rel}","templated":true}]}}