{"id":17287,"date":"2023-04-27T08:00:47","date_gmt":"2023-04-27T06:00:47","guid":{"rendered":"https:\/\/www.welovecycling.com\/hu\/?p=17287"},"modified":"2023-04-21T13:16:54","modified_gmt":"2023-04-21T11:16:54","slug":"van-aert-vs-van-der-poel-az-evszazad-csataja","status":"publish","type":"post","link":"https:\/\/www.welovecycling.com\/hu\/orszaguti-kerekpar\/van-aert-vs-van-der-poel-az-evszazad-csataja\/","title":{"rendered":"Van Aert vs. Van der Poel: Az \u00e9vsz\u00e1zad csat\u00e1ja"},"content":{"rendered":"<p><strong>Anquetil kontra Poulidor. LeMond kontra Hinault. Coppi kontra Bartali. Az orsz\u00e1g\u00fati versenyz\u00e9s az \u00e9vek sor\u00e1n olyan heves rivaliz\u00e1l\u00e1sok sz\u00edntere volt, melyek az\u00f3ta legend\u00e1ss\u00e1 v\u00e1ltak. Ezek a csat\u00e1k els\u0151sorban a szurkol\u00f3knak kedveznek, hiszen megf\u0171szerezik \u00e9s m\u00e9g izgalmasabb\u00e1 teszik ezt a m\u00e1r eleve dr\u00e1mai sportot. Ez\u00e9rt szerencs\u00e9sek vagyunk, hogy id\u00e9n k\u00e9t ilyen harcnak is a szemtan\u00fai lehet\u00fcnk: Poga\u010dar kontra Vingegaard, \u00e9s ami a legnagyobb adrenalinnal t\u00f6lt el minket, van Aert kontra van der Poel.<\/strong><\/p>\n<p><!--more--><\/p>\n<p>Tadej Poga\u010dar \u00e9s Jonas Vingegaard rivaliz\u00e1l\u00e1s\u00e1t m\u00e9g korai lenne a legend\u00e1k k\u00f6z\u00e9 sorolni, f\u0151leg, hogy megvan r\u00e1 az es\u00e9ly, hogy a szezon v\u00e9ge el\u0151tt a hat\u00e1rtalan amb\u00edci\u00f3j\u00fa \u00e9s a gy\u0151zelem\u00e9rt er\u0151sen k\u00fczd\u0151 szlov\u00e9n m\u00e9g t\u00f6bb versenyz\u0151vel is \u00f6sszet\u0171z\u00e9sbe keveredik (gondoljunk csak Remco Evenepoelre). A Jumbo-Visma versenyz\u0151je, Wout van Aert \u00e9s az Alpecin-Deceuninck versenyz\u0151je, Mathieu van der Poel k\u00f6z\u00f6tti csata ellenben m\u00e1r most a modern orsz\u00e1g\u00fati versenyz\u00e9s egyre n\u00f6vekv\u0151 t\u00f6rt\u00e9nelm\u00e9nek r\u00e9sz\u00e9v\u00e9 v\u00e1lt.<\/p>\n<p>A legut\u00f3bbi P\u00e1rizs-Roubaix kiv\u00e1l\u00f3 p\u00e9ld\u00e1ja ennek. A vas\u00e1rnapi verseny el\u0151tt mindenki \u0151ket tartotta a legend\u00e1s Monument legnagyobb es\u00e9lyeseinek, \u00e9s v\u00e1rhat\u00f3 volt, hogy a verseny egy \u00fajabb izgalmas fejezetet ad majd a kettej\u00fck k\u00f6z\u00f6tt zajl\u00f3 csata t\u00f6rt\u00e9net\u00e9hez. \u00c9s ez \u00edgy is lett! Van Aert mind\u00f6ssze 15 kilom\u00e9terrel a c\u00e9l el\u0151tt defektet kapott, \u00edgy van der Poel sz\u00f3l\u00f3ban szerezte meg a gy\u0151zelmet, ezzel \u00f3ri\u00e1si csap\u00e1st m\u00e9rve a belg\u00e1ra.<\/p>\n<p>B\u00e1r van Aert belga, van der Poel pedig holland, a k\u00e9t f\u00e9rfiben sok k\u00f6z\u00f6s von\u00e1s van. N\u00e9gy h\u00f3nap k\u00fcl\u00f6nbs\u00e9ggel sz\u00fclettek \u00e9s ugyanabban a flamand r\u00e9gi\u00f3ban n\u0151ttek fel. 2012 \u00f3ta versenyeznek egym\u00e1s ellen, mind orsz\u00e1g\u00fati, mind cyclocross versenyeken. A Koksijde-ban rendezett cyclocross-vil\u00e1gbajnoks\u00e1gon p\u00e9ld\u00e1ul van der Poel 8 m\u00e1sodperccel gy\u0151zte le van Aertet. Az\u00f3ta m\u00e1r mintegy 200 versenyen ker\u00fcltek szembe egym\u00e1ssal. A cyclocross sport\u00e1gat pedig t\u00f6bb mint egy \u00e9vtizeden \u00e1t uralt\u00e1k: van der Poel \u00f6t, van Aert pedig h\u00e1rom vil\u00e1gbajnoki c\u00edmet nyert.<\/p>\n<p>A 2023-as hoogerheidei cyclocross-bajnoks\u00e1g egy \u00fajabb elk\u00e9peszt\u0151 k\u00fczdelmet mutatott a n\u00e9z\u0151knek, ahol a k\u00e9t szt\u00e1r elh\u00fazott a mez\u0151ny t\u00f6bbi tagj\u00e1t\u00f3l, \u00e9s izgalmas macska-eg\u00e9r j\u00e1t\u00e9kot v\u00edvott, am\u00edg van Aert a c\u00e9lba vezet\u0151 r\u00f6vid sprint elej\u00e9n elk\u00f6vetett egy r\u00e1 nem jellemz\u0151 hib\u00e1t, \u00e9s hagyta, hogy van der Poel megel\u0151zze \u0151t. A holland ezut\u00e1n megkezdte a v\u00e9gs\u0151 sprintet, van Aert pedig m\u00e1r nem tudta utol\u00e9rni. A Cyclocross magazin ezt a p\u00e1rharcot &#8220;az \u00e9vsz\u00e1zad csat\u00e1j\u00e1nak&#8221; nevezte, a ker\u00e9kp\u00e1ros t\u00f6rt\u00e9n\u00e9szek pedig k\u00e9ts\u00e9gk\u00edv\u00fcl m\u00e9g j\u00f3val azut\u00e1n is \u00edgy fognak r\u00e1 hivatkozni, hogy a k\u00e9t f\u00e9rfi m\u00e1r sz\u00f6gre akasztotta a cip\u0151j\u00e9t.<\/p>\n<p>Id\u00e9n a k\u00e9t versenyz\u0151 k\u00f6z\u00f6tti rivaliz\u00e1l\u00e1s \u00e1lland\u00f3 t\u00e9m\u00e1v\u00e1 v\u00e1lt a m\u00e9di\u00e1ban. A rajong\u00f3k k\u00f6z\u00f6tt megy a tanakod\u00e1s, hogy a ker\u00e9kp\u00e1rosok vajon bar\u00e1tok-e a p\u00e1ly\u00e1n k\u00edv\u00fcl, vagy hogy egy\u00e1ltal\u00e1n kedvelik-e egym\u00e1st. A legt\u00f6bbek szerint nincs k\u00f6zt\u00fck bar\u00e1ts\u00e1g, ellenben hatalmas tiszteletet tan\u00fas\u00edtanak egym\u00e1s ir\u00e1nt. Ahogyan Niels Albert, van Aert kor\u00e1bbi edz\u0151je mondta a Cyclingnewsnak:<em> &#8220;Soha nem \u00e1lltak k\u00f6zel egym\u00e1shoz. Nem besz\u00e9ltek egym\u00e1ssal sem a versenyeken, sem a mag\u00e1n\u00e9letben. De nem t\u00e1pl\u00e1lnak rossz \u00e9rz\u00e9seket egym\u00e1s ir\u00e1nt. Nem hiszem, hogy valaha is volt olyan, hogy Wout befejezett egy versenyt, \u00e9s elkezdte kiab\u00e1lni, hogy &#8216;Mathieu \u00edgy, Mathieu \u00fagy&#8217;. Nem. Tiszteletet tan\u00fas\u00edtanak egym\u00e1s ir\u00e1nt.&#8221;<\/em><\/p>\n<p>A 2020-as Gent-Wevelgemen azonban a kettej\u00fck k\u00f6z\u00f6tti fesz\u00fclts\u00e9g szem\u00e9lyesked\u00e9sbe csapott \u00e1t, miut\u00e1n a k\u00e9t versenyz\u0151 olyannyira egym\u00e1sra koncentr\u00e1lt, hogy van der Poel jelenlegi csapatt\u00e1rsa, Mads Pedersen, kihaszn\u00e1lva a rivaliz\u00e1l\u00e1sukat, megszerezte a gy\u0151zelmet. Ez nem tetszett van Aertnek, aki \u00edgy nyilatkozott a futam ut\u00e1n: <em>&#8220;Volt egy versenyz\u0151, aki r\u00e1m sz\u00e1llt. \u00dagy t\u0171nik, sokkal fontosabb volt neki, hogy vesz\u00edtsek, minthogy megnyerje a versenyt.&#8221;<\/em> Erre van der Poel \u00edgy v\u00e1laszolt: <em>&#8220;Ez el\u00e9g furcsa reakci\u00f3 Woutt\u00f3l. Kicsit felsz\u00ednes azt \u00e1ll\u00edtani, hogy csak az\u00e9rt k\u00fczd\u00f6ttem, hogy \u0151 vesz\u00edtsen, ugyanis \u00e9n mindig a gy\u0151zelemre hajtok.&#8221;<\/em><\/p>\n<p>Ez k\u00e9ts\u00e9gtelen\u00fcl igaz. Ha van olyan versenyz\u0151 a mez\u0151nyben, akinek a f\u00e9kezhetetlen gy\u0151zelmi v\u00e1gya hasonl\u00edt Poga\u010dar\u00e9hoz, akkor az van der Poel. Ennek egyik kiv\u00e1lt\u00f3 oka francia nagyapja, a nagy Raymond Poulidor lehet, akit az a szerencs\u00e9tlens\u00e9g \u00e9rt, hogy egy id\u0151ben versenyzett k\u00e9t olyan profival, akik \u00e9pp csak egy kicsivel voltak jobbak n\u00e1la. \u0150k Jacques Anquetil \u00e9s Eddy Merckx. Ennek eredm\u00e9nyek\u00e9nt Poulidort az &#8220;\u00d6r\u00f6k m\u00e1sodik&#8221;-k\u00e9nt emlegett\u00e9k, mivel soha nem nyert Tour de France-t. H\u00e1romszor lett m\u00e1sodik, \u00f6tsz\u00f6r pedig harmadik. Ez b\u00e1r csak spekul\u00e1ci\u00f3, de lehet, hogy az unok\u00e1t r\u00e9szben az motiv\u00e1lja, hogy jav\u00edtson a csal\u00e1di rekordon.<\/p>\n<p>B\u00e1rhogy is legyen, van der Poel remek\u00fcl teljes\u00edt, f\u0151leg az egynapos versenyeken. A legut\u00f3bbi kilenc Monument versenyen h\u00e1rom gy\u0151zelmet, k\u00e9t m\u00e1sodik helyet \u00e9s k\u00e9t harmadik helyet zsebelt be, ami csod\u00e1latos eredm\u00e9nynek sz\u00e1m\u00edt ezekben a brut\u00e1lis kih\u00edv\u00e1sokban. Van Aert eredm\u00e9nyei majdnem ugyanilyen j\u00f3k: a legut\u00f3bbi tizenegy Monument versenyen egy gy\u0151zelem, k\u00e9t m\u00e1sodik \u00e9s h\u00e1rom harmadik hely. A klasszikus egynapos versenyeket tekintve azonban a legut\u00f3bbi 17-b\u0151l hetet nyert meg. Ez eg\u00e9szen elk\u00e9peszt\u0151!<\/p>\n<figure id=\"attachment_17288\" aria-describedby=\"caption-attachment-17288\" style=\"width: 990px\" class=\"wp-caption alignnone\"><a href=\"https:\/\/d2p6e6u75xmxt8.cloudfront.net\/12\/2023\/04\/Van-Aert-van-der-Poel-profimedia-0768266185-CVR.webp\"><img loading=\"lazy\" decoding=\"async\" class=\"wp-image-17288 size-full\" src=\"https:\/\/d2p6e6u75xmxt8.cloudfront.net\/12\/2023\/04\/Van-Aert-van-der-Poel-profimedia-0768266185-CVR.webp\" alt=\"Van der Poel and Van Aert\" width=\"990\" height=\"660\" srcset=\"https:\/\/d2p6e6u75xmxt8.cloudfront.net\/12\/2023\/04\/Van-Aert-van-der-Poel-profimedia-0768266185-CVR.webp 990w, https:\/\/d2p6e6u75xmxt8.cloudfront.net\/12\/2023\/04\/Van-Aert-van-der-Poel-profimedia-0768266185-CVR-300x200.webp 300w, https:\/\/d2p6e6u75xmxt8.cloudfront.net\/12\/2023\/04\/Van-Aert-van-der-Poel-profimedia-0768266185-CVR-768x512.webp 768w, https:\/\/d2p6e6u75xmxt8.cloudfront.net\/12\/2023\/04\/Van-Aert-van-der-Poel-profimedia-0768266185-CVR-400x267.webp 400w, https:\/\/d2p6e6u75xmxt8.cloudfront.net\/12\/2023\/04\/Van-Aert-van-der-Poel-profimedia-0768266185-CVR-272x182.webp 272w\" sizes=\"auto, (max-width: 990px) 100vw, 990px\" \/><\/a><figcaption id=\"caption-attachment-17288\" class=\"wp-caption-text\"><em>Mathieu van der Poel (Alpecin-Deceunick) 15 kilom\u00e9terrel a verseny v\u00e9ge el\u0151tt, kihaszn\u00e1lva, hogy a f\u0151 riv\u00e1lisa, Wout van der Aert (Jumbo-Visma) defektet kapott, gy\u0151zelmet aratott a brut\u00e1lis Paris-Rubaix-on. \u00a9 Profimedia<\/em><\/figcaption><\/figure>\n<p>Persze nem igazs\u00e1gos \u00e9s val\u00f3j\u00e1ban \u00e9rtelmetlen is ezen statisztik\u00e1k alapj\u00e1n \u00f6sszehasonl\u00edtani a k\u00e9t versenyz\u0151t, f\u0151leg, hogy eddig kiss\u00e9 elt\u00e9r\u0151 utakat v\u00e1lasztottak a sikerhez, k\u00fcl\u00f6n\u00f6sen a legnagyobb verseny, a Tour de France tekintet\u00e9ben. Van der Poel eddig csak k\u00e9t Touron indult, 2021-ben \u00e9s tavaly. Egyiket sem fejezte be, \u00e9s egy szakaszt sem nyert.<\/p>\n<p>Van Aert ezzel szemben ott volt az elm\u00falt n\u00e9gy Touron, \u00e9s mindegyiken az els\u0151 20-ban v\u00e9gzett. Enn\u00e9l is fontosabb, hogy tavaly megnyerte a \u0160koda Z\u00f6ld Trik\u00f3t, kilenc egy\u00e9ni szakaszt \u00e9s egy csapatid\u0151futamot, valamint nagyban hozz\u00e1j\u00e1rult ahhoz is, hogy Jonas Vingegaard legy\u0151zze Poga\u010dart a 2022-es s\u00e1rga trik\u00f3\u00e9rt folytatott versenyben. Ezek a rekordok egy\u00e9rtelm\u0171en azt mutatj\u00e1k, hogy a k\u00e9t profi versenyz\u0151, akik oly sok \u00f6r\u00f6met \u00e9s izgalmat hoztak ebbe a sport\u00e1gba, a vil\u00e1g legjobb ker\u00e9kp\u00e1rosai k\u00f6z\u00e9 tartoznak. Van der Poel tiszt\u00e1ban van azzal, hogy a rivaliz\u00e1l\u00e1suk mit jelent kettej\u00fcknek \u00e9s a ker\u00e9kp\u00e1ros k\u00f6z\u00f6ss\u00e9gnek: <em>&#8220;Mindketten egy magasabb szintre emelj\u00fck egym\u00e1st&#8230; N\u00e9ha kicsit agg\u00f3dunk is egym\u00e1s\u00e9rt, de miut\u00e1n a p\u00e1lyafut\u00e1sunk [v\u00e9get \u00e9r], b\u00fcszk\u00e9n tekinthet\u00fcnk majd vissza a versenyekre, \u00e9s az \u00e9rmekre, amiket nyert\u00fcnk. A t\u00f6rt\u00e9net, amit \u00edrunk, elk\u00e9peszt\u0151en men\u0151.&#8221; <\/em><\/p>\n<p>\u00c9s a t\u00f6rt\u00e9netnek m\u00e9g nincs v\u00e9ge. Az idei P\u00e1rizs-Roubaix-on k\u00e9sz\u00fclt fot\u00f3 k\u00e9pal\u00e1\u00edr\u00e1s\u00e1hoz van Aert azt \u00edrta: &#8220;Befejezetlen \u00fcgy&#8221;.<\/p>\n","protected":false},"excerpt":{"rendered":"<p>Anquetil kontra Poulidor. LeMond kontra Hinault. Coppi kontra Bartali. Az orsz\u00e1g\u00fati versenyz\u00e9s az \u00e9vek sor\u00e1n olyan heves rivaliz\u00e1l\u00e1sok sz\u00edntere volt, [&hellip;]<\/p>\n","protected":false},"author":71,"featured_media":17290,"comment_status":"open","ping_status":"open","sticky":false,"template":"","format":"standard","meta":{"footnotes":""},"categories":[8],"tags":[],"global-categories":[],"class_list":["post-17287","post","type-post","status-publish","format-standard","has-post-thumbnail","hentry","category-orszaguti-kerekpar"],"yoast_head":"<!-- This site is optimized with the Yoast SEO Premium plugin v25.3 (Yoast SEO v25.9) - https:\/\/yoast.com\/wordpress\/plugins\/seo\/ -->\n<title>Van Aert vs. Van der Poel: Az \u00e9vsz\u00e1zad csat\u00e1ja<\/title>\n<meta name=\"description\" content=\"Anquetil kontra Poulidor. LeMond kontra Hinault. Coppi kontra Bartali. Az orsz\u00e1g\u00fati versenyz\u00e9s az \u00e9vek sor\u00e1n olyan heves rivaliz\u00e1l\u00e1sok sz\u00edntere volt, melyek az\u00f3ta legend\u00e1ss\u00e1 v\u00e1ltak. Ezek a csat\u00e1k els\u0151sorban a szurkol\u00f3knak kedveznek, hiszen megf\u0171szerezik \u00e9s m\u00e9g izgalmasabb\u00e1 teszik ezt a m\u00e1r eleve dr\u00e1mai sportot.\" \/>\n<meta name=\"robots\" content=\"index, follow, max-snippet:-1, max-image-preview:large, max-video-preview:-1\" \/>\n<link rel=\"canonical\" href=\"https:\/\/www.welovecycling.com\/hu\/orszaguti-kerekpar\/van-aert-vs-van-der-poel-az-evszazad-csataja\/\" \/>\n<meta property=\"og:locale\" content=\"hu_HU\" \/>\n<meta property=\"og:type\" content=\"article\" \/>\n<meta property=\"og:title\" content=\"Van Aert vs. Van der Poel: Az \u00e9vsz\u00e1zad csat\u00e1ja\" \/>\n<meta property=\"og:description\" content=\"Anquetil kontra Poulidor. LeMond kontra Hinault. Coppi kontra Bartali. Az orsz\u00e1g\u00fati versenyz\u00e9s az \u00e9vek sor\u00e1n olyan heves rivaliz\u00e1l\u00e1sok sz\u00edntere volt, melyek az\u00f3ta legend\u00e1ss\u00e1 v\u00e1ltak. Ezek a csat\u00e1k els\u0151sorban a szurkol\u00f3knak kedveznek, hiszen megf\u0171szerezik \u00e9s m\u00e9g izgalmasabb\u00e1 teszik ezt a m\u00e1r eleve dr\u00e1mai sportot.\" \/>\n<meta property=\"og:url\" content=\"https:\/\/www.welovecycling.com\/hu\/orszaguti-kerekpar\/van-aert-vs-van-der-poel-az-evszazad-csataja\/\" \/>\n<meta property=\"og:site_name\" content=\"\u0160koda We Love Cycling - Magyarorsz\u00e1g\" \/>\n<meta property=\"article:publisher\" content=\"https:\/\/www.facebook.com\/WeLoveCyclingHungary\/\" \/>\n<meta property=\"article:published_time\" content=\"2023-04-27T06:00:47+00:00\" \/>\n<meta property=\"og:image\" content=\"https:\/\/d2p6e6u75xmxt8.cloudfront.net\/12\/2023\/04\/Van-Aert-van-der-Poel-profimedia-0768212415-CVR.webp\" \/>\n\t<meta property=\"og:image:width\" content=\"990\" \/>\n\t<meta property=\"og:image:height\" content=\"660\" \/>\n\t<meta property=\"og:image:type\" content=\"image\/webp\" \/>\n<meta name=\"author\" content=\"hegyizs\" \/>\n<meta name=\"twitter:card\" content=\"summary_large_image\" \/>\n<meta name=\"twitter:label1\" content=\"Written by\" \/>\n\t<meta name=\"twitter:data1\" content=\"Siegfried Mortkowitz\" \/>\n\t<meta name=\"twitter:label2\" content=\"Est. reading time\" \/>\n\t<meta name=\"twitter:data2\" content=\"4\" \/>\n<script type=\"application\/ld+json\" class=\"yoast-schema-graph\">{\"@context\":\"https:\/\/schema.org\",\"@graph\":[{\"@type\":\"WebPage\",\"@id\":\"https:\/\/www.welovecycling.com\/hu\/orszaguti-kerekpar\/van-aert-vs-van-der-poel-az-evszazad-csataja\/\",\"url\":\"https:\/\/www.welovecycling.com\/hu\/orszaguti-kerekpar\/van-aert-vs-van-der-poel-az-evszazad-csataja\/\",\"name\":\"Van Aert vs. Van der Poel: Az \u00e9vsz\u00e1zad csat\u00e1ja\",\"isPartOf\":{\"@id\":\"https:\/\/www.welovecycling.com\/hu\/#website\"},\"primaryImageOfPage\":{\"@id\":\"https:\/\/www.welovecycling.com\/hu\/orszaguti-kerekpar\/van-aert-vs-van-der-poel-az-evszazad-csataja\/#primaryimage\"},\"image\":{\"@id\":\"https:\/\/www.welovecycling.com\/hu\/orszaguti-kerekpar\/van-aert-vs-van-der-poel-az-evszazad-csataja\/#primaryimage\"},\"thumbnailUrl\":\"https:\/\/d2p6e6u75xmxt8.cloudfront.net\/12\/2023\/04\/Van-Aert-van-der-Poel-profimedia-0768212415-CVR.webp\",\"datePublished\":\"2023-04-27T06:00:47+00:00\",\"author\":{\"@id\":\"https:\/\/www.welovecycling.com\/hu\/#\/schema\/person\/414a2aebf1801691a5320edb6468e194\"},\"description\":\"Anquetil kontra Poulidor. LeMond kontra Hinault. Coppi kontra Bartali. Az orsz\u00e1g\u00fati versenyz\u00e9s az \u00e9vek sor\u00e1n olyan heves rivaliz\u00e1l\u00e1sok sz\u00edntere volt, melyek az\u00f3ta legend\u00e1ss\u00e1 v\u00e1ltak. Ezek a csat\u00e1k els\u0151sorban a szurkol\u00f3knak kedveznek, hiszen megf\u0171szerezik \u00e9s m\u00e9g izgalmasabb\u00e1 teszik ezt a m\u00e1r eleve dr\u00e1mai sportot.\",\"breadcrumb\":{\"@id\":\"https:\/\/www.welovecycling.com\/hu\/orszaguti-kerekpar\/van-aert-vs-van-der-poel-az-evszazad-csataja\/#breadcrumb\"},\"inLanguage\":\"hu\",\"potentialAction\":[{\"@type\":\"ReadAction\",\"target\":[\"https:\/\/www.welovecycling.com\/hu\/orszaguti-kerekpar\/van-aert-vs-van-der-poel-az-evszazad-csataja\/\"]}]},{\"@type\":\"ImageObject\",\"inLanguage\":\"hu\",\"@id\":\"https:\/\/www.welovecycling.com\/hu\/orszaguti-kerekpar\/van-aert-vs-van-der-poel-az-evszazad-csataja\/#primaryimage\",\"url\":\"https:\/\/d2p6e6u75xmxt8.cloudfront.net\/12\/2023\/04\/Van-Aert-van-der-Poel-profimedia-0768212415-CVR.webp\",\"contentUrl\":\"https:\/\/d2p6e6u75xmxt8.cloudfront.net\/12\/2023\/04\/Van-Aert-van-der-Poel-profimedia-0768212415-CVR.webp\",\"width\":990,\"height\":660,\"caption\":\"Van Aert and van der Poel\"},{\"@type\":\"BreadcrumbList\",\"@id\":\"https:\/\/www.welovecycling.com\/hu\/orszaguti-kerekpar\/van-aert-vs-van-der-poel-az-evszazad-csataja\/#breadcrumb\",\"itemListElement\":[{\"@type\":\"ListItem\",\"position\":1,\"name\":\"Home\",\"item\":\"https:\/\/www.welovecycling.com\/hu\/\"},{\"@type\":\"ListItem\",\"position\":2,\"name\":\"Van Aert vs. Van der Poel: Az \u00e9vsz\u00e1zad csat\u00e1ja\"}]},{\"@type\":\"WebSite\",\"@id\":\"https:\/\/www.welovecycling.com\/hu\/#website\",\"url\":\"https:\/\/www.welovecycling.com\/hu\/\",\"name\":\"\u0160koda We Love Cycling - Magyarorsz\u00e1g\",\"description\":\"\u0160koda WeLoveCycling\",\"potentialAction\":[{\"@type\":\"SearchAction\",\"target\":{\"@type\":\"EntryPoint\",\"urlTemplate\":\"https:\/\/www.welovecycling.com\/hu\/?s={search_term_string}\"},\"query-input\":{\"@type\":\"PropertyValueSpecification\",\"valueRequired\":true,\"valueName\":\"search_term_string\"}}],\"inLanguage\":\"hu\"},{\"@type\":\"Person\",\"@id\":\"https:\/\/www.welovecycling.com\/hu\/#\/schema\/person\/414a2aebf1801691a5320edb6468e194\",\"name\":\"hegyizs\",\"image\":{\"@type\":\"ImageObject\",\"inLanguage\":\"hu\",\"@id\":\"https:\/\/www.welovecycling.com\/hu\/#\/schema\/person\/image\/\",\"url\":\"https:\/\/secure.gravatar.com\/avatar\/02cf8a7906b8cf90cecb4679defac7cfd33a1c2e3b88e4903d947f3bb58eedd3?s=96&d=mm&r=g\",\"contentUrl\":\"https:\/\/secure.gravatar.com\/avatar\/02cf8a7906b8cf90cecb4679defac7cfd33a1c2e3b88e4903d947f3bb58eedd3?s=96&d=mm&r=g\",\"caption\":\"hegyizs\"},\"url\":\"https:\/\/www.welovecycling.com\/hu\/author\/hegyizs\/\"}]}<\/script>\n<!-- \/ Yoast SEO Premium plugin. -->","yoast_head_json":{"title":"Van Aert vs. Van der Poel: Az \u00e9vsz\u00e1zad csat\u00e1ja","description":"Anquetil kontra Poulidor. LeMond kontra Hinault. Coppi kontra Bartali. Az orsz\u00e1g\u00fati versenyz\u00e9s az \u00e9vek sor\u00e1n olyan heves rivaliz\u00e1l\u00e1sok sz\u00edntere volt, melyek az\u00f3ta legend\u00e1ss\u00e1 v\u00e1ltak. Ezek a csat\u00e1k els\u0151sorban a szurkol\u00f3knak kedveznek, hiszen megf\u0171szerezik \u00e9s m\u00e9g izgalmasabb\u00e1 teszik ezt a m\u00e1r eleve dr\u00e1mai sportot.","robots":{"index":"index","follow":"follow","max-snippet":"max-snippet:-1","max-image-preview":"max-image-preview:large","max-video-preview":"max-video-preview:-1"},"canonical":"https:\/\/www.welovecycling.com\/hu\/orszaguti-kerekpar\/van-aert-vs-van-der-poel-az-evszazad-csataja\/","og_locale":"hu_HU","og_type":"article","og_title":"Van Aert vs. Van der Poel: Az \u00e9vsz\u00e1zad csat\u00e1ja","og_description":"Anquetil kontra Poulidor. LeMond kontra Hinault. Coppi kontra Bartali. Az orsz\u00e1g\u00fati versenyz\u00e9s az \u00e9vek sor\u00e1n olyan heves rivaliz\u00e1l\u00e1sok sz\u00edntere volt, melyek az\u00f3ta legend\u00e1ss\u00e1 v\u00e1ltak. Ezek a csat\u00e1k els\u0151sorban a szurkol\u00f3knak kedveznek, hiszen megf\u0171szerezik \u00e9s m\u00e9g izgalmasabb\u00e1 teszik ezt a m\u00e1r eleve dr\u00e1mai sportot.","og_url":"https:\/\/www.welovecycling.com\/hu\/orszaguti-kerekpar\/van-aert-vs-van-der-poel-az-evszazad-csataja\/","og_site_name":"\u0160koda We Love Cycling - Magyarorsz\u00e1g","article_publisher":"https:\/\/www.facebook.com\/WeLoveCyclingHungary\/","article_published_time":"2023-04-27T06:00:47+00:00","og_image":[{"width":990,"height":660,"url":"https:\/\/d2p6e6u75xmxt8.cloudfront.net\/12\/2023\/04\/Van-Aert-van-der-Poel-profimedia-0768212415-CVR.webp","type":"image\/webp"}],"author":"hegyizs","twitter_card":"summary_large_image","twitter_misc":{"Written by":"Siegfried Mortkowitz","Est. reading time":"4"},"schema":{"@context":"https:\/\/schema.org","@graph":[{"@type":"WebPage","@id":"https:\/\/www.welovecycling.com\/hu\/orszaguti-kerekpar\/van-aert-vs-van-der-poel-az-evszazad-csataja\/","url":"https:\/\/www.welovecycling.com\/hu\/orszaguti-kerekpar\/van-aert-vs-van-der-poel-az-evszazad-csataja\/","name":"Van Aert vs. Van der Poel: Az \u00e9vsz\u00e1zad csat\u00e1ja","isPartOf":{"@id":"https:\/\/www.welovecycling.com\/hu\/#website"},"primaryImageOfPage":{"@id":"https:\/\/www.welovecycling.com\/hu\/orszaguti-kerekpar\/van-aert-vs-van-der-poel-az-evszazad-csataja\/#primaryimage"},"image":{"@id":"https:\/\/www.welovecycling.com\/hu\/orszaguti-kerekpar\/van-aert-vs-van-der-poel-az-evszazad-csataja\/#primaryimage"},"thumbnailUrl":"https:\/\/d2p6e6u75xmxt8.cloudfront.net\/12\/2023\/04\/Van-Aert-van-der-Poel-profimedia-0768212415-CVR.webp","datePublished":"2023-04-27T06:00:47+00:00","author":{"@id":"https:\/\/www.welovecycling.com\/hu\/#\/schema\/person\/414a2aebf1801691a5320edb6468e194"},"description":"Anquetil kontra Poulidor. LeMond kontra Hinault. Coppi kontra Bartali. Az orsz\u00e1g\u00fati versenyz\u00e9s az \u00e9vek sor\u00e1n olyan heves rivaliz\u00e1l\u00e1sok sz\u00edntere volt, melyek az\u00f3ta legend\u00e1ss\u00e1 v\u00e1ltak. Ezek a csat\u00e1k els\u0151sorban a szurkol\u00f3knak kedveznek, hiszen megf\u0171szerezik \u00e9s m\u00e9g izgalmasabb\u00e1 teszik ezt a m\u00e1r eleve dr\u00e1mai sportot.","breadcrumb":{"@id":"https:\/\/www.welovecycling.com\/hu\/orszaguti-kerekpar\/van-aert-vs-van-der-poel-az-evszazad-csataja\/#breadcrumb"},"inLanguage":"hu","potentialAction":[{"@type":"ReadAction","target":["https:\/\/www.welovecycling.com\/hu\/orszaguti-kerekpar\/van-aert-vs-van-der-poel-az-evszazad-csataja\/"]}]},{"@type":"ImageObject","inLanguage":"hu","@id":"https:\/\/www.welovecycling.com\/hu\/orszaguti-kerekpar\/van-aert-vs-van-der-poel-az-evszazad-csataja\/#primaryimage","url":"https:\/\/d2p6e6u75xmxt8.cloudfront.net\/12\/2023\/04\/Van-Aert-van-der-Poel-profimedia-0768212415-CVR.webp","contentUrl":"https:\/\/d2p6e6u75xmxt8.cloudfront.net\/12\/2023\/04\/Van-Aert-van-der-Poel-profimedia-0768212415-CVR.webp","width":990,"height":660,"caption":"Van Aert and van der Poel"},{"@type":"BreadcrumbList","@id":"https:\/\/www.welovecycling.com\/hu\/orszaguti-kerekpar\/van-aert-vs-van-der-poel-az-evszazad-csataja\/#breadcrumb","itemListElement":[{"@type":"ListItem","position":1,"name":"Home","item":"https:\/\/www.welovecycling.com\/hu\/"},{"@type":"ListItem","position":2,"name":"Van Aert vs. Van der Poel: Az \u00e9vsz\u00e1zad csat\u00e1ja"}]},{"@type":"WebSite","@id":"https:\/\/www.welovecycling.com\/hu\/#website","url":"https:\/\/www.welovecycling.com\/hu\/","name":"\u0160koda We Love Cycling - Magyarorsz\u00e1g","description":"\u0160koda WeLoveCycling","potentialAction":[{"@type":"SearchAction","target":{"@type":"EntryPoint","urlTemplate":"https:\/\/www.welovecycling.com\/hu\/?s={search_term_string}"},"query-input":{"@type":"PropertyValueSpecification","valueRequired":true,"valueName":"search_term_string"}}],"inLanguage":"hu"},{"@type":"Person","@id":"https:\/\/www.welovecycling.com\/hu\/#\/schema\/person\/414a2aebf1801691a5320edb6468e194","name":"hegyizs","image":{"@type":"ImageObject","inLanguage":"hu","@id":"https:\/\/www.welovecycling.com\/hu\/#\/schema\/person\/image\/","url":"https:\/\/secure.gravatar.com\/avatar\/02cf8a7906b8cf90cecb4679defac7cfd33a1c2e3b88e4903d947f3bb58eedd3?s=96&d=mm&r=g","contentUrl":"https:\/\/secure.gravatar.com\/avatar\/02cf8a7906b8cf90cecb4679defac7cfd33a1c2e3b88e4903d947f3bb58eedd3?s=96&d=mm&r=g","caption":"hegyizs"},"url":"https:\/\/www.welovecycling.com\/hu\/author\/hegyizs\/"}]}},"_links":{"self":[{"href":"https:\/\/www.welovecycling.com\/hu\/wp-json\/wp\/v2\/posts\/17287","targetHints":{"allow":["GET"]}}],"collection":[{"href":"https:\/\/www.welovecycling.com\/hu\/wp-json\/wp\/v2\/posts"}],"about":[{"href":"https:\/\/www.welovecycling.com\/hu\/wp-json\/wp\/v2\/types\/post"}],"author":[{"embeddable":true,"href":"https:\/\/www.welovecycling.com\/hu\/wp-json\/wp\/v2\/users\/71"}],"replies":[{"embeddable":true,"href":"https:\/\/www.welovecycling.com\/hu\/wp-json\/wp\/v2\/comments?post=17287"}],"version-history":[{"count":2,"href":"https:\/\/www.welovecycling.com\/hu\/wp-json\/wp\/v2\/posts\/17287\/revisions"}],"predecessor-version":[{"id":17291,"href":"https:\/\/www.welovecycling.com\/hu\/wp-json\/wp\/v2\/posts\/17287\/revisions\/17291"}],"wp:featuredmedia":[{"embeddable":true,"href":"https:\/\/www.welovecycling.com\/hu\/wp-json\/wp\/v2\/media\/17290"}],"wp:attachment":[{"href":"https:\/\/www.welovecycling.com\/hu\/wp-json\/wp\/v2\/media?parent=17287"}],"wp:term":[{"taxonomy":"category","embeddable":true,"href":"https:\/\/www.welovecycling.com\/hu\/wp-json\/wp\/v2\/categories?post=17287"},{"taxonomy":"post_tag","embeddable":true,"href":"https:\/\/www.welovecycling.com\/hu\/wp-json\/wp\/v2\/tags?post=17287"},{"taxonomy":"global-categories","embeddable":true,"href":"https:\/\/www.welovecycling.com\/hu\/wp-json\/wp\/v2\/global-categories?post=17287"}],"curies":[{"name":"wp","href":"https:\/\/api.w.org\/{rel}","templated":true}]}}