{"id":17278,"date":"2023-04-26T08:00:16","date_gmt":"2023-04-26T06:00:16","guid":{"rendered":"https:\/\/www.welovecycling.com\/hu\/?p=17278"},"modified":"2023-04-21T13:16:15","modified_gmt":"2023-04-21T11:16:15","slug":"emlekgyujtes-a-ketkereken-kreativ-otletek-a-csaladi-kerekparos-kalandokhoz","status":"publish","type":"post","link":"https:\/\/www.welovecycling.com\/hu\/csalad\/emlekgyujtes-a-ketkereken-kreativ-otletek-a-csaladi-kerekparos-kalandokhoz\/","title":{"rendered":"Eml\u00e9kgy\u0171jt\u00e9s a k\u00e9tker\u00e9ken: Kreat\u00edv \u00f6tletek a csal\u00e1di ker\u00e9kp\u00e1ros kalandokhoz"},"content":{"rendered":"<p><strong>A csal\u00e1di ker\u00e9kp\u00e1rt\u00far\u00e1k nagyszer\u0171 lehet\u0151s\u00e9get biztos\u00edtanak arra, hogy min\u0151s\u00e9gi id\u0151t t\u00f6ltsetek egy\u00fctt, felfedezz\u00e9tek a term\u00e9szetet, \u00e9s maradand\u00f3 eml\u00e9keket gy\u0171jtsetek. Ak\u00e1r tapasztalt ker\u00e9kp\u00e1ros csal\u00e1d vagytok, ak\u00e1r csak most kezdtek el ismerkedni a k\u00e9tkerek\u0171kkel, sz\u00e1mtalan olyan m\u00f3dszer \u00e1ll a rendelkez\u00e9setekre, mellyel egy egyszer\u0171 bicikliz\u00e9st felejthetetlen \u00e9lm\u00e9nny\u00e9 var\u00e1zsolhattok. A tematikus t\u00far\u00e1kt\u00f3l kezdve a t\u00f6bbnapos kir\u00e1ndul\u00e1sokon \u00e1t a ker\u00e9kp\u00e1rk\u00f6zpont\u00fa nyaral\u00e1sokig \u00f6sszegy\u0171jt\u00f6tt\u00fcnk n\u00e9h\u00e1ny kreat\u00edv \u00f6tletet, melyek inspir\u00e1lhatj\u00e1k k\u00f6vetkez\u0151 csal\u00e1di ker\u00e9kp\u00e1ros kalandotokat, \u00e9s es\u00e9lyt adhatnak arra, hogy egy\u00fctt \u00faj helyeket fedezzetek fel.<\/strong><\/p>\n<p><!--more--><\/p>\n<h2><strong>Tematikus t\u00far\u00e1k<\/strong><\/h2>\n<p>Ha adsz valamilyen t\u00e9m\u00e1t a biciklit\u00far\u00e1nak, az mind a gyerekek, mind a feln\u0151ttek sz\u00e1m\u00e1ra \u00e9rdekesebb\u00e9 teheti az \u00e9lm\u00e9nyt. \u00cdme n\u00e9h\u00e1ny \u00f6tlet:<\/p>\n<p><strong>T\u00fara a term\u00e9szetben: <\/strong>V\u00e1lassz olyan \u00fatvonalat, amely bemutatja a helyi n\u00f6v\u00e9ny- \u00e9s \u00e1llatvil\u00e1g sz\u00e9ps\u00e9g\u00e9t, \u00e9s \u00fatk\u00f6zben \u00e1lljatok is meg, hogy kicsit ismerkedjetek az \u00f6kosziszt\u00e9m\u00e1val. Ehhez ak\u00e1r egy vezetett t\u00far\u00e1t is ig\u00e9nybe vehettek. \u00cdgy az eg\u00e9sz csal\u00e1d egy\u00fctt fedezheti fel a term\u00e9szetet.<\/p>\n<p><strong>Kincskeres\u0151 t\u00far\u00e1k:<\/strong> K\u00e9sz\u00edts egy kincses t\u00e9rk\u00e9pet, az \u00fat ment\u00e9n pedig keressetek nyomokat \u00e9s oldjatok meg rejtv\u00e9nyeket. Rejts el apr\u00f3 kincseket minden egyes meg\u00e1ll\u00f3n\u00e1l, hogy motiv\u00e1ld a gyerekeket \u00e9s \u00f6szt\u00f6n\u00f6zd \u0151ket a probl\u00e9mamegold\u00f3 k\u00e9szs\u00e9g\u00fck haszn\u00e1lat\u00e1ra.<\/p>\n<p><strong>Szuperh\u0151s\u00f6s kalandok:<\/strong> Mindenki \u00f6lt\u00f6zz\u00f6n be a kedvenc szuperh\u0151s\u00e9nek, majd induljatok &#8220;k\u00fcldet\u00e9sre&#8221;, \u00e9s ments\u00e9tek meg a k\u00f6rny\u00e9k bajbajutott embereit. Ez alkalmat adhat a k\u00f6z\u00f6ss\u00e9g jobb megismer\u00e9s\u00e9re \u00e9s az eldugott ter\u00fcletek felfedez\u00e9s\u00e9re.<\/p>\n<p><strong>M\u0171v\u00e9szeti t\u00far\u00e1k:<\/strong> Tekerjetek v\u00e9gig egy olyan \u00fatvonalon, amely a helyi falfestm\u00e9nyek, szobrok \u00e9s egy\u00e9b k\u00f6zt\u00e9ri m\u0171v\u00e9szeti install\u00e1ci\u00f3k mellett vezet el. Vigyetek magatokkal v\u00e1zlatf\u00fczeteket is, hogy a gyerekek minden egyes meg\u00e1ll\u00f3n\u00e1l elk\u00e9sz\u00edthess\u00e9k saj\u00e1t m\u0171alkot\u00e1saikat, \u00edgy \u00f6szt\u00f6n\u00f6zve \u0151ket arra, hogy fejlessz\u00e9k m\u0171v\u00e9szi oldalukat is.<\/p>\n<h2><strong>T\u00f6bbnapos kir\u00e1ndul\u00e1sok<\/strong><\/h2>\n<p>A t\u00f6bbnapos ker\u00e9kp\u00e1ros kir\u00e1ndul\u00e1sok lehet\u0151v\u00e9 teszik, hogy t\u00f6bb \u00fati c\u00e9lt fedezzetek fel, \u00e9s a k\u00f6z\u00f6s kaland sor\u00e1n m\u00e9g szorosabbra fon\u00f3djon a k\u00f6ztetek l\u00e9v\u0151 kapcsolat. Fontold meg ezeket az \u00f6tleteket:<\/p>\n<p><strong>T\u00far\u00e1k nemzeti parkokban:<\/strong> V\u00e1lasszatok ki egy olyan nemzeti parkot, amely ker\u00e9kp\u00e1rosbar\u00e1t \u00fatvonalh\u00e1l\u00f3zattal rendelkezik, \u00e9s vegyetek r\u00e9szt egy t\u00f6bbnapos felfedez\u0151t\u00far\u00e1n, mik\u00f6zben a kijel\u00f6lt helyeken \u00e9jszak\u00e1ztok. Egy ilyen kaland nem csak azt teszi lehet\u0151v\u00e9, hogy teljes m\u00e9rt\u00e9kben felfedezz\u00e9tek a park term\u00e9szeti sz\u00e9ps\u00e9geit, de ahhoz is hozz\u00e1j\u00e1rul, hogy min\u0151s\u00e9gi id\u0151t t\u00f6ltsetek egy\u00fctt.<\/p>\n<p style=\"font-weight: 400;\"><strong>Csal\u00e1di ker\u00e9kp\u00e1rt\u00far\u00e1k: <\/strong>Pakolj\u00e1tok fel a felszerel\u00e9seteket a bring\u00e1tokra, \u00e9s induljatok el egy \u00f6nell\u00e1t\u00f3 kalandra. N\u00e9zzetek ki egy olyan \u00fatvonalat, ami kih\u00edv\u00e1st jelent\u0151 \u00e9s k\u00f6nnyebb szakaszokat is tartalmaz, \u00e9s iktassatok be t\u00f6bb pihen\u0151t is, hogy legyen lehet\u0151s\u00e9g a kikapcsol\u00f3d\u00e1sra \u00e9s a k\u00f6r\u00fcl\u00f6ttetek l\u00e9v\u0151 k\u00f6rnyezet megfigyel\u00e9s\u00e9re.<\/p>\n<figure id=\"attachment_6465\" aria-describedby=\"caption-attachment-6465\" style=\"width: 938px\" class=\"wp-caption alignnone\"><a href=\"https:\/\/d2p6e6u75xmxt8.cloudfront.net\/12\/2020\/01\/cycling-family-profimedia-0282406689.jpg\"><img loading=\"lazy\" decoding=\"async\" class=\"wp-image-6465 size-full\" src=\"https:\/\/d2p6e6u75xmxt8.cloudfront.net\/12\/2020\/01\/cycling-family-profimedia-0282406689.jpg\" alt=\"Family bike ride\" width=\"938\" height=\"703\" srcset=\"https:\/\/d2p6e6u75xmxt8.cloudfront.net\/12\/2020\/01\/cycling-family-profimedia-0282406689.jpg 938w, https:\/\/d2p6e6u75xmxt8.cloudfront.net\/12\/2020\/01\/cycling-family-profimedia-0282406689-300x225.jpg 300w, https:\/\/d2p6e6u75xmxt8.cloudfront.net\/12\/2020\/01\/cycling-family-profimedia-0282406689-768x576.jpg 768w\" sizes=\"auto, (max-width: 938px) 100vw, 938px\" \/><\/a><figcaption id=\"caption-attachment-6465\" class=\"wp-caption-text\"><em>Nagyon neh\u00e9z el\u0151re meghat\u00e1rozni, hogy a gyerekek mennyit fognak b\u00edrni tekerni, ez\u00e9rt tervezz be sok lehets\u00e9ges meg\u00e1ll\u00f3t, \u00e9s legyen egy terved arra az esetre is, ha esetleg r\u00f6vid\u00edteni kell az \u00fatvonalon. \u00a9 Profimedia<\/em><\/figcaption><\/figure>\n<h2><strong>Ker\u00e9kp\u00e1rk\u00f6zpont\u00fa nyaral\u00e1sok<\/strong><\/h2>\n<p>Az olyan csal\u00e1dok sz\u00e1m\u00e1ra, akik rajonganak a bicikliz\u00e9s\u00e9rt, egy ker\u00e9kp\u00e1rk\u00f6zpont\u00fa nyaral\u00e1s lehet a legjobb \u00e9lm\u00e9ny. N\u00e9h\u00e1ny lehet\u0151s\u00e9g:<\/p>\n<p><strong>T\u00faraszervez\u0151 v\u00e1llalatok:<\/strong> Sz\u00e1mos c\u00e9g k\u00edn\u00e1l csal\u00e1dokra szabott, vezetett ker\u00e9kp\u00e1rt\u00far\u00e1kat. Ezek a kir\u00e1ndul\u00e1sok gyakran m\u00e1r tartalmazz\u00e1k a sz\u00e1ll\u00e1st, az \u00e9tkez\u00e9st \u00e9s a k\u00eds\u00e9r\u0151 j\u00e1rm\u0171veket is, \u00edgy a nyaral\u00e1s gondtalan lesz, \u00e9s nektek csak az \u00faj c\u00e9lpontok felfedez\u00e9s\u00e9re kell koncentr\u00e1lnotok.<\/p>\n<p><strong>Ker\u00e9kp\u00e1ros fesztiv\u00e1lok:<\/strong> L\u00e1togassatok el az egyik csal\u00e1dbar\u00e1t ker\u00e9kp\u00e1ros fesztiv\u00e1lra, ahol csoportos t\u00far\u00e1kon, k\u00fcl\u00f6nb\u00f6z\u0151 oktat\u00e1sokon \u00e9s egy\u00e9b bicikliz\u00e9ssel kapcsolatos tev\u00e9kenys\u00e9gekben vehettek r\u00e9szt. Ez remek lehet\u0151s\u00e9g a helyi ker\u00e9kp\u00e1ros k\u00f6z\u00f6ss\u00e9g megismer\u00e9s\u00e9re \u00e9s a bar\u00e1ti k\u00f6r b\u0151v\u00edt\u00e9s\u00e9re.<\/p>\n<p><strong>Ker\u00e9kp\u00e1rbar\u00e1t \u00fati c\u00e9lok: <\/strong>Tervezzetek nyaral\u00e1st egy olyan v\u00e1rosba vagy r\u00e9gi\u00f3ba, amely a ker\u00e9kp\u00e1ros kult\u00far\u00e1j\u00e1r\u00f3l ismert, p\u00e9ld\u00e1ul Amszterdamba vagy Koppenh\u00e1g\u00e1ba. Fedezz\u00e9tek fel ezeket a ter\u00fcleteket k\u00e9t ker\u00e9ken, mik\u00f6zben kipr\u00f3b\u00e1lj\u00e1tok a bicikliutakat, a k\u00f6lcs\u00f6nz\u00e9si lehet\u0151s\u00e9geket \u00e9s a vezetett t\u00far\u00e1kat.<\/p>\n<h2><strong>Az utaz\u00e1s szem\u00e9lyre szab\u00e1sa <\/strong><\/h2>\n<p>Tegy\u00e9tek m\u00e9g eml\u00e9kezetesebb\u00e9 a csal\u00e1di ker\u00e9kp\u00e1ros kalandokat a bring\u00e1k \u00e9s felszerel\u00e9sek szem\u00e9lyre szab\u00e1s\u00e1val:<\/p>\n<p><strong>Szem\u00e9lyre szabott ker\u00e9kp\u00e1ros dekor\u00e1ci\u00f3k:<\/strong> B\u00e1tor\u00edtsd a csal\u00e1d minden tagj\u00e1t, hogy matric\u00e1kkal, szalagokkal vagy ak\u00e1r fest\u00e9ssel d\u00edsz\u00edts\u00e9k ker\u00e9kp\u00e1rjaikat, megmutatva ezzel egyedi st\u00edlus\u00e9rz\u00e9k\u00fcket.<\/p>\n<p><strong>Csal\u00e1di mezek:<\/strong> Tervezz \u00e9s rendelj egyforma trik\u00f3kat az eg\u00e9sz csal\u00e1d sz\u00e1m\u00e1ra, melyeken egy vid\u00e1m minta vagy csapatn\u00e9v szerepel, hogy a k\u00f6z\u00f6s utak sor\u00e1n jobban \u00e9rezz\u00e9tek az egys\u00e9get.<\/p>\n<p><strong>Az eml\u00e9kek meg\u00f6r\u00f6k\u00edt\u00e9se:<\/strong> Szereljetek kamer\u00e1kat a ker\u00e9kp\u00e1rokra, hogy a kalandokat k\u00fcl\u00f6nb\u00f6z\u0151 n\u00e9z\u0151pontokb\u00f3l dokument\u00e1lhass\u00e1tok. \u00cdgy \u00fajra \u00e1t\u00e9lhetitek a felfedez\u00e9seiteket, illetve megoszthatj\u00e1tok azokat a csal\u00e1d t\u00f6bbi tagj\u00e1val vagy a bar\u00e1taitokkal.<\/p>\n<h2><strong>Biztons\u00e1g \u00e9s felk\u00e9sz\u00fclts\u00e9g<\/strong><\/h2>\n<p>Miel\u0151tt belev\u00e1gn\u00e1tok egy csal\u00e1di ker\u00e9kp\u00e1rt\u00far\u00e1ba, mindenk\u00e9ppen gondoskodnotok kell a biztons\u00e1gr\u00f3l \u00e9s a megfelel\u0151 felk\u00e9sz\u00fclts\u00e9gr\u0151l. \u00cdme n\u00e9h\u00e1ny tipp, amit \u00e9rdemes szem el\u0151tt tartani:<\/p>\n<p><strong>A ker\u00e9kp\u00e1r karbantart\u00e1sa: <\/strong>Rendszeresen ellen\u0151rizz\u00e9tek \u00e9s tart\u00e1stok karban a bicikliket, bele\u00e9rtve a f\u00e9keket, a gumiabroncsokat \u00e9s a sebess\u00e9gv\u00e1lt\u00f3kat, hogy az utaz\u00e1s z\u00f6kken\u0151mentes \u00e9s biztons\u00e1gos legyen.<\/p>\n<p><strong>Biztons\u00e1gi felszerel\u00e9s:<\/strong> Gondoskodjatok r\u00f3la, hogy a csal\u00e1d minden tagja rendelkezzen j\u00f3l illeszked\u0151 sisakkal \u00e9s egy\u00e9b biztons\u00e1gi kieg\u00e9sz\u00edt\u0151kkel, p\u00e9ld\u00e1ul f\u00e9nyvisszaver\u0151 mell\u00e9nyekkel, l\u00e1mp\u00e1kkal \u00e9s cseng\u0151kkel. \u00cdgy n\u00f6velhetitek a l\u00e1that\u00f3s\u00e1got \u00e9s a biztons\u00e1got a t\u00far\u00e1k sor\u00e1n.<\/p>\n<p><strong>Az \u00fatvonal megtervez\u00e9se:<\/strong> Id\u0151ben tervezz\u00e9tek meg az \u00fatvonalat, figyelembe v\u00e9ve olyan t\u00e9nyez\u0151ket, mint a t\u00e1vols\u00e1g, valamint a terep- \u00e9s \u00fatviszonyok. V\u00e1lasszatok olyan \u00fatvonalat, amely minden csal\u00e1dtag sz\u00e1m\u00e1ra megfelel\u0151, \u00e9s biztos\u00edtsatok elegend\u0151 id\u0151t a k\u00f6rnyezet felfedez\u00e9s\u00e9re.<\/p>\n<p><strong>Pakoljatok okosan:<\/strong> Vigyetek magatokkal egy alapvet\u0151 jav\u00edt\u00f3k\u00e9szletet, els\u0151seg\u00e9lyny\u00fajt\u00f3 felszerel\u00e9st, valamint elegend\u0151 vizet \u00e9s harapnival\u00f3t, hogy mindenki megfelel\u0151 energiaszinttel rendelkezzen a kalandoz\u00e1s sor\u00e1n.<\/p>\n<p>A ker\u00e9kp\u00e1roz\u00e1s nemcsak sz\u00f3rakoztat\u00f3 \u00e9s eg\u00e9szs\u00e9ges tev\u00e9kenys\u00e9g, hanem kiv\u00e1l\u00f3 m\u00f3dja annak is, hogy a csal\u00e1d \u00f6sszekov\u00e1csol\u00f3djon, \u00e9s egy\u00fctt maradand\u00f3 eml\u00e9keket szerezzetek, mik\u00f6zben \u00faj helyeket fedeztek fel. A kreat\u00edv t\u00e9m\u00e1k, az \u00faj \u00fati c\u00e9lok \u00e9s a t\u00far\u00e1k szem\u00e9lyre szab\u00e1sa \u00e1ltal a h\u00e9tk\u00f6znapi ker\u00e9kp\u00e1ros kir\u00e1ndul\u00e1sok rendk\u00edv\u00fcli csal\u00e1di kalandokk\u00e1 v\u00e1lhatnak. Sz\u00f3val, kapj\u00e1tok fel a sisakotokat, csomagoljatok \u00f6ssze mindent, ami kell, induljatok \u00fatnak, \u00e9s fedezz\u00e9tek fel a vil\u00e1got k\u00e9t ker\u00e9ken!<\/p>\n","protected":false},"excerpt":{"rendered":"<p>A csal\u00e1di ker\u00e9kp\u00e1rt\u00far\u00e1k nagyszer\u0171 lehet\u0151s\u00e9get biztos\u00edtanak arra, hogy min\u0151s\u00e9gi id\u0151t t\u00f6ltsetek egy\u00fctt, felfedezz\u00e9tek a term\u00e9szetet, \u00e9s maradand\u00f3 eml\u00e9keket gy\u0171jtsetek. Ak\u00e1r [&hellip;]<\/p>\n","protected":false},"author":71,"featured_media":17280,"comment_status":"open","ping_status":"open","sticky":false,"template":"","format":"standard","meta":{"footnotes":""},"categories":[11],"tags":[],"global-categories":[],"class_list":["post-17278","post","type-post","status-publish","format-standard","has-post-thumbnail","hentry","category-csalad"],"yoast_head":"<!-- This site is optimized with the Yoast SEO Premium plugin v25.3 (Yoast SEO v25.9) - https:\/\/yoast.com\/wordpress\/plugins\/seo\/ -->\n<title>Eml\u00e9kgy\u0171jt\u00e9s a k\u00e9tker\u00e9ken: Kreat\u00edv \u00f6tletek a csal\u00e1di ker\u00e9kp\u00e1ros kalandokhoz<\/title>\n<meta name=\"description\" content=\"A csal\u00e1di ker\u00e9kp\u00e1rt\u00far\u00e1k nagyszer\u0171 lehet\u0151s\u00e9get biztos\u00edtanak arra, hogy min\u0151s\u00e9gi id\u0151t t\u00f6ltsetek egy\u00fctt, felfedezz\u00e9tek a term\u00e9szetet, \u00e9s maradand\u00f3 eml\u00e9keket gy\u0171jtsetek. Ak\u00e1r tapasztalt ker\u00e9kp\u00e1ros csal\u00e1d vagytok, ak\u00e1r csak most kezdtek el ismerkedni a k\u00e9tkerek\u0171kkel, sz\u00e1mtalan olyan m\u00f3dszer \u00e1ll a rendelkez\u00e9setekre, mellyel egy egyszer\u0171 bicikliz\u00e9st felejthetetlen \u00e9lm\u00e9nny\u00e9 var\u00e1zsolhattok.\" \/>\n<meta name=\"robots\" content=\"index, follow, max-snippet:-1, max-image-preview:large, max-video-preview:-1\" \/>\n<link rel=\"canonical\" href=\"https:\/\/www.welovecycling.com\/hu\/csalad\/emlekgyujtes-a-ketkereken-kreativ-otletek-a-csaladi-kerekparos-kalandokhoz\/\" \/>\n<meta property=\"og:locale\" content=\"hu_HU\" \/>\n<meta property=\"og:type\" content=\"article\" \/>\n<meta property=\"og:title\" content=\"Eml\u00e9kgy\u0171jt\u00e9s a k\u00e9tker\u00e9ken: Kreat\u00edv \u00f6tletek a csal\u00e1di ker\u00e9kp\u00e1ros kalandokhoz\" \/>\n<meta property=\"og:description\" content=\"A csal\u00e1di ker\u00e9kp\u00e1rt\u00far\u00e1k nagyszer\u0171 lehet\u0151s\u00e9get biztos\u00edtanak arra, hogy min\u0151s\u00e9gi id\u0151t t\u00f6ltsetek egy\u00fctt, felfedezz\u00e9tek a term\u00e9szetet, \u00e9s maradand\u00f3 eml\u00e9keket gy\u0171jtsetek. Ak\u00e1r tapasztalt ker\u00e9kp\u00e1ros csal\u00e1d vagytok, ak\u00e1r csak most kezdtek el ismerkedni a k\u00e9tkerek\u0171kkel, sz\u00e1mtalan olyan m\u00f3dszer \u00e1ll a rendelkez\u00e9setekre, mellyel egy egyszer\u0171 bicikliz\u00e9st felejthetetlen \u00e9lm\u00e9nny\u00e9 var\u00e1zsolhattok.\" \/>\n<meta property=\"og:url\" content=\"https:\/\/www.welovecycling.com\/hu\/csalad\/emlekgyujtes-a-ketkereken-kreativ-otletek-a-csaladi-kerekparos-kalandokhoz\/\" \/>\n<meta property=\"og:site_name\" content=\"\u0160koda We Love Cycling - Magyarorsz\u00e1g\" \/>\n<meta property=\"article:publisher\" content=\"https:\/\/www.facebook.com\/WeLoveCyclingHungary\/\" \/>\n<meta property=\"article:published_time\" content=\"2023-04-26T06:00:16+00:00\" \/>\n<meta property=\"og:image\" content=\"https:\/\/d2p6e6u75xmxt8.cloudfront.net\/12\/2023\/04\/Family-Bike-Ride-profimedia-0768801791-CVR.webp\" \/>\n\t<meta property=\"og:image:width\" content=\"990\" \/>\n\t<meta property=\"og:image:height\" content=\"660\" \/>\n\t<meta property=\"og:image:type\" content=\"image\/webp\" \/>\n<meta name=\"author\" content=\"hegyizs\" \/>\n<meta name=\"twitter:card\" content=\"summary_large_image\" \/>\n<meta name=\"twitter:label1\" content=\"Written by\" \/>\n\t<meta name=\"twitter:data1\" content=\"We Love Cycling\" \/>\n\t<meta name=\"twitter:label2\" content=\"Est. reading time\" \/>\n\t<meta name=\"twitter:data2\" content=\"5\" \/>\n<script type=\"application\/ld+json\" class=\"yoast-schema-graph\">{\"@context\":\"https:\/\/schema.org\",\"@graph\":[{\"@type\":\"WebPage\",\"@id\":\"https:\/\/www.welovecycling.com\/hu\/csalad\/emlekgyujtes-a-ketkereken-kreativ-otletek-a-csaladi-kerekparos-kalandokhoz\/\",\"url\":\"https:\/\/www.welovecycling.com\/hu\/csalad\/emlekgyujtes-a-ketkereken-kreativ-otletek-a-csaladi-kerekparos-kalandokhoz\/\",\"name\":\"Eml\u00e9kgy\u0171jt\u00e9s a k\u00e9tker\u00e9ken: Kreat\u00edv \u00f6tletek a csal\u00e1di ker\u00e9kp\u00e1ros kalandokhoz\",\"isPartOf\":{\"@id\":\"https:\/\/www.welovecycling.com\/hu\/#website\"},\"primaryImageOfPage\":{\"@id\":\"https:\/\/www.welovecycling.com\/hu\/csalad\/emlekgyujtes-a-ketkereken-kreativ-otletek-a-csaladi-kerekparos-kalandokhoz\/#primaryimage\"},\"image\":{\"@id\":\"https:\/\/www.welovecycling.com\/hu\/csalad\/emlekgyujtes-a-ketkereken-kreativ-otletek-a-csaladi-kerekparos-kalandokhoz\/#primaryimage\"},\"thumbnailUrl\":\"https:\/\/d2p6e6u75xmxt8.cloudfront.net\/12\/2023\/04\/Family-Bike-Ride-profimedia-0768801791-CVR.webp\",\"datePublished\":\"2023-04-26T06:00:16+00:00\",\"author\":{\"@id\":\"https:\/\/www.welovecycling.com\/hu\/#\/schema\/person\/414a2aebf1801691a5320edb6468e194\"},\"description\":\"A csal\u00e1di ker\u00e9kp\u00e1rt\u00far\u00e1k nagyszer\u0171 lehet\u0151s\u00e9get biztos\u00edtanak arra, hogy min\u0151s\u00e9gi id\u0151t t\u00f6ltsetek egy\u00fctt, felfedezz\u00e9tek a term\u00e9szetet, \u00e9s maradand\u00f3 eml\u00e9keket gy\u0171jtsetek. Ak\u00e1r tapasztalt ker\u00e9kp\u00e1ros csal\u00e1d vagytok, ak\u00e1r csak most kezdtek el ismerkedni a k\u00e9tkerek\u0171kkel, sz\u00e1mtalan olyan m\u00f3dszer \u00e1ll a rendelkez\u00e9setekre, mellyel egy egyszer\u0171 bicikliz\u00e9st felejthetetlen \u00e9lm\u00e9nny\u00e9 var\u00e1zsolhattok.\",\"breadcrumb\":{\"@id\":\"https:\/\/www.welovecycling.com\/hu\/csalad\/emlekgyujtes-a-ketkereken-kreativ-otletek-a-csaladi-kerekparos-kalandokhoz\/#breadcrumb\"},\"inLanguage\":\"hu\",\"potentialAction\":[{\"@type\":\"ReadAction\",\"target\":[\"https:\/\/www.welovecycling.com\/hu\/csalad\/emlekgyujtes-a-ketkereken-kreativ-otletek-a-csaladi-kerekparos-kalandokhoz\/\"]}]},{\"@type\":\"ImageObject\",\"inLanguage\":\"hu\",\"@id\":\"https:\/\/www.welovecycling.com\/hu\/csalad\/emlekgyujtes-a-ketkereken-kreativ-otletek-a-csaladi-kerekparos-kalandokhoz\/#primaryimage\",\"url\":\"https:\/\/d2p6e6u75xmxt8.cloudfront.net\/12\/2023\/04\/Family-Bike-Ride-profimedia-0768801791-CVR.webp\",\"contentUrl\":\"https:\/\/d2p6e6u75xmxt8.cloudfront.net\/12\/2023\/04\/Family-Bike-Ride-profimedia-0768801791-CVR.webp\",\"width\":990,\"height\":660,\"caption\":\"Family bike ride\"},{\"@type\":\"BreadcrumbList\",\"@id\":\"https:\/\/www.welovecycling.com\/hu\/csalad\/emlekgyujtes-a-ketkereken-kreativ-otletek-a-csaladi-kerekparos-kalandokhoz\/#breadcrumb\",\"itemListElement\":[{\"@type\":\"ListItem\",\"position\":1,\"name\":\"Home\",\"item\":\"https:\/\/www.welovecycling.com\/hu\/\"},{\"@type\":\"ListItem\",\"position\":2,\"name\":\"Eml\u00e9kgy\u0171jt\u00e9s a k\u00e9tker\u00e9ken: Kreat\u00edv \u00f6tletek a csal\u00e1di ker\u00e9kp\u00e1ros kalandokhoz\"}]},{\"@type\":\"WebSite\",\"@id\":\"https:\/\/www.welovecycling.com\/hu\/#website\",\"url\":\"https:\/\/www.welovecycling.com\/hu\/\",\"name\":\"\u0160koda We Love Cycling - Magyarorsz\u00e1g\",\"description\":\"\u0160koda WeLoveCycling\",\"potentialAction\":[{\"@type\":\"SearchAction\",\"target\":{\"@type\":\"EntryPoint\",\"urlTemplate\":\"https:\/\/www.welovecycling.com\/hu\/?s={search_term_string}\"},\"query-input\":{\"@type\":\"PropertyValueSpecification\",\"valueRequired\":true,\"valueName\":\"search_term_string\"}}],\"inLanguage\":\"hu\"},{\"@type\":\"Person\",\"@id\":\"https:\/\/www.welovecycling.com\/hu\/#\/schema\/person\/414a2aebf1801691a5320edb6468e194\",\"name\":\"hegyizs\",\"image\":{\"@type\":\"ImageObject\",\"inLanguage\":\"hu\",\"@id\":\"https:\/\/www.welovecycling.com\/hu\/#\/schema\/person\/image\/\",\"url\":\"https:\/\/secure.gravatar.com\/avatar\/02cf8a7906b8cf90cecb4679defac7cfd33a1c2e3b88e4903d947f3bb58eedd3?s=96&d=mm&r=g\",\"contentUrl\":\"https:\/\/secure.gravatar.com\/avatar\/02cf8a7906b8cf90cecb4679defac7cfd33a1c2e3b88e4903d947f3bb58eedd3?s=96&d=mm&r=g\",\"caption\":\"hegyizs\"},\"url\":\"https:\/\/www.welovecycling.com\/hu\/author\/hegyizs\/\"}]}<\/script>\n<!-- \/ Yoast SEO Premium plugin. -->","yoast_head_json":{"title":"Eml\u00e9kgy\u0171jt\u00e9s a k\u00e9tker\u00e9ken: Kreat\u00edv \u00f6tletek a csal\u00e1di ker\u00e9kp\u00e1ros kalandokhoz","description":"A csal\u00e1di ker\u00e9kp\u00e1rt\u00far\u00e1k nagyszer\u0171 lehet\u0151s\u00e9get biztos\u00edtanak arra, hogy min\u0151s\u00e9gi id\u0151t t\u00f6ltsetek egy\u00fctt, felfedezz\u00e9tek a term\u00e9szetet, \u00e9s maradand\u00f3 eml\u00e9keket gy\u0171jtsetek. Ak\u00e1r tapasztalt ker\u00e9kp\u00e1ros csal\u00e1d vagytok, ak\u00e1r csak most kezdtek el ismerkedni a k\u00e9tkerek\u0171kkel, sz\u00e1mtalan olyan m\u00f3dszer \u00e1ll a rendelkez\u00e9setekre, mellyel egy egyszer\u0171 bicikliz\u00e9st felejthetetlen \u00e9lm\u00e9nny\u00e9 var\u00e1zsolhattok.","robots":{"index":"index","follow":"follow","max-snippet":"max-snippet:-1","max-image-preview":"max-image-preview:large","max-video-preview":"max-video-preview:-1"},"canonical":"https:\/\/www.welovecycling.com\/hu\/csalad\/emlekgyujtes-a-ketkereken-kreativ-otletek-a-csaladi-kerekparos-kalandokhoz\/","og_locale":"hu_HU","og_type":"article","og_title":"Eml\u00e9kgy\u0171jt\u00e9s a k\u00e9tker\u00e9ken: Kreat\u00edv \u00f6tletek a csal\u00e1di ker\u00e9kp\u00e1ros kalandokhoz","og_description":"A csal\u00e1di ker\u00e9kp\u00e1rt\u00far\u00e1k nagyszer\u0171 lehet\u0151s\u00e9get biztos\u00edtanak arra, hogy min\u0151s\u00e9gi id\u0151t t\u00f6ltsetek egy\u00fctt, felfedezz\u00e9tek a term\u00e9szetet, \u00e9s maradand\u00f3 eml\u00e9keket gy\u0171jtsetek. Ak\u00e1r tapasztalt ker\u00e9kp\u00e1ros csal\u00e1d vagytok, ak\u00e1r csak most kezdtek el ismerkedni a k\u00e9tkerek\u0171kkel, sz\u00e1mtalan olyan m\u00f3dszer \u00e1ll a rendelkez\u00e9setekre, mellyel egy egyszer\u0171 bicikliz\u00e9st felejthetetlen \u00e9lm\u00e9nny\u00e9 var\u00e1zsolhattok.","og_url":"https:\/\/www.welovecycling.com\/hu\/csalad\/emlekgyujtes-a-ketkereken-kreativ-otletek-a-csaladi-kerekparos-kalandokhoz\/","og_site_name":"\u0160koda We Love Cycling - Magyarorsz\u00e1g","article_publisher":"https:\/\/www.facebook.com\/WeLoveCyclingHungary\/","article_published_time":"2023-04-26T06:00:16+00:00","og_image":[{"width":990,"height":660,"url":"https:\/\/d2p6e6u75xmxt8.cloudfront.net\/12\/2023\/04\/Family-Bike-Ride-profimedia-0768801791-CVR.webp","type":"image\/webp"}],"author":"hegyizs","twitter_card":"summary_large_image","twitter_misc":{"Written by":"We Love Cycling","Est. reading time":"5"},"schema":{"@context":"https:\/\/schema.org","@graph":[{"@type":"WebPage","@id":"https:\/\/www.welovecycling.com\/hu\/csalad\/emlekgyujtes-a-ketkereken-kreativ-otletek-a-csaladi-kerekparos-kalandokhoz\/","url":"https:\/\/www.welovecycling.com\/hu\/csalad\/emlekgyujtes-a-ketkereken-kreativ-otletek-a-csaladi-kerekparos-kalandokhoz\/","name":"Eml\u00e9kgy\u0171jt\u00e9s a k\u00e9tker\u00e9ken: Kreat\u00edv \u00f6tletek a csal\u00e1di ker\u00e9kp\u00e1ros kalandokhoz","isPartOf":{"@id":"https:\/\/www.welovecycling.com\/hu\/#website"},"primaryImageOfPage":{"@id":"https:\/\/www.welovecycling.com\/hu\/csalad\/emlekgyujtes-a-ketkereken-kreativ-otletek-a-csaladi-kerekparos-kalandokhoz\/#primaryimage"},"image":{"@id":"https:\/\/www.welovecycling.com\/hu\/csalad\/emlekgyujtes-a-ketkereken-kreativ-otletek-a-csaladi-kerekparos-kalandokhoz\/#primaryimage"},"thumbnailUrl":"https:\/\/d2p6e6u75xmxt8.cloudfront.net\/12\/2023\/04\/Family-Bike-Ride-profimedia-0768801791-CVR.webp","datePublished":"2023-04-26T06:00:16+00:00","author":{"@id":"https:\/\/www.welovecycling.com\/hu\/#\/schema\/person\/414a2aebf1801691a5320edb6468e194"},"description":"A csal\u00e1di ker\u00e9kp\u00e1rt\u00far\u00e1k nagyszer\u0171 lehet\u0151s\u00e9get biztos\u00edtanak arra, hogy min\u0151s\u00e9gi id\u0151t t\u00f6ltsetek egy\u00fctt, felfedezz\u00e9tek a term\u00e9szetet, \u00e9s maradand\u00f3 eml\u00e9keket gy\u0171jtsetek. Ak\u00e1r tapasztalt ker\u00e9kp\u00e1ros csal\u00e1d vagytok, ak\u00e1r csak most kezdtek el ismerkedni a k\u00e9tkerek\u0171kkel, sz\u00e1mtalan olyan m\u00f3dszer \u00e1ll a rendelkez\u00e9setekre, mellyel egy egyszer\u0171 bicikliz\u00e9st felejthetetlen \u00e9lm\u00e9nny\u00e9 var\u00e1zsolhattok.","breadcrumb":{"@id":"https:\/\/www.welovecycling.com\/hu\/csalad\/emlekgyujtes-a-ketkereken-kreativ-otletek-a-csaladi-kerekparos-kalandokhoz\/#breadcrumb"},"inLanguage":"hu","potentialAction":[{"@type":"ReadAction","target":["https:\/\/www.welovecycling.com\/hu\/csalad\/emlekgyujtes-a-ketkereken-kreativ-otletek-a-csaladi-kerekparos-kalandokhoz\/"]}]},{"@type":"ImageObject","inLanguage":"hu","@id":"https:\/\/www.welovecycling.com\/hu\/csalad\/emlekgyujtes-a-ketkereken-kreativ-otletek-a-csaladi-kerekparos-kalandokhoz\/#primaryimage","url":"https:\/\/d2p6e6u75xmxt8.cloudfront.net\/12\/2023\/04\/Family-Bike-Ride-profimedia-0768801791-CVR.webp","contentUrl":"https:\/\/d2p6e6u75xmxt8.cloudfront.net\/12\/2023\/04\/Family-Bike-Ride-profimedia-0768801791-CVR.webp","width":990,"height":660,"caption":"Family bike ride"},{"@type":"BreadcrumbList","@id":"https:\/\/www.welovecycling.com\/hu\/csalad\/emlekgyujtes-a-ketkereken-kreativ-otletek-a-csaladi-kerekparos-kalandokhoz\/#breadcrumb","itemListElement":[{"@type":"ListItem","position":1,"name":"Home","item":"https:\/\/www.welovecycling.com\/hu\/"},{"@type":"ListItem","position":2,"name":"Eml\u00e9kgy\u0171jt\u00e9s a k\u00e9tker\u00e9ken: Kreat\u00edv \u00f6tletek a csal\u00e1di ker\u00e9kp\u00e1ros kalandokhoz"}]},{"@type":"WebSite","@id":"https:\/\/www.welovecycling.com\/hu\/#website","url":"https:\/\/www.welovecycling.com\/hu\/","name":"\u0160koda We Love Cycling - Magyarorsz\u00e1g","description":"\u0160koda WeLoveCycling","potentialAction":[{"@type":"SearchAction","target":{"@type":"EntryPoint","urlTemplate":"https:\/\/www.welovecycling.com\/hu\/?s={search_term_string}"},"query-input":{"@type":"PropertyValueSpecification","valueRequired":true,"valueName":"search_term_string"}}],"inLanguage":"hu"},{"@type":"Person","@id":"https:\/\/www.welovecycling.com\/hu\/#\/schema\/person\/414a2aebf1801691a5320edb6468e194","name":"hegyizs","image":{"@type":"ImageObject","inLanguage":"hu","@id":"https:\/\/www.welovecycling.com\/hu\/#\/schema\/person\/image\/","url":"https:\/\/secure.gravatar.com\/avatar\/02cf8a7906b8cf90cecb4679defac7cfd33a1c2e3b88e4903d947f3bb58eedd3?s=96&d=mm&r=g","contentUrl":"https:\/\/secure.gravatar.com\/avatar\/02cf8a7906b8cf90cecb4679defac7cfd33a1c2e3b88e4903d947f3bb58eedd3?s=96&d=mm&r=g","caption":"hegyizs"},"url":"https:\/\/www.welovecycling.com\/hu\/author\/hegyizs\/"}]}},"_links":{"self":[{"href":"https:\/\/www.welovecycling.com\/hu\/wp-json\/wp\/v2\/posts\/17278","targetHints":{"allow":["GET"]}}],"collection":[{"href":"https:\/\/www.welovecycling.com\/hu\/wp-json\/wp\/v2\/posts"}],"about":[{"href":"https:\/\/www.welovecycling.com\/hu\/wp-json\/wp\/v2\/types\/post"}],"author":[{"embeddable":true,"href":"https:\/\/www.welovecycling.com\/hu\/wp-json\/wp\/v2\/users\/71"}],"replies":[{"embeddable":true,"href":"https:\/\/www.welovecycling.com\/hu\/wp-json\/wp\/v2\/comments?post=17278"}],"version-history":[{"count":2,"href":"https:\/\/www.welovecycling.com\/hu\/wp-json\/wp\/v2\/posts\/17278\/revisions"}],"predecessor-version":[{"id":17281,"href":"https:\/\/www.welovecycling.com\/hu\/wp-json\/wp\/v2\/posts\/17278\/revisions\/17281"}],"wp:featuredmedia":[{"embeddable":true,"href":"https:\/\/www.welovecycling.com\/hu\/wp-json\/wp\/v2\/media\/17280"}],"wp:attachment":[{"href":"https:\/\/www.welovecycling.com\/hu\/wp-json\/wp\/v2\/media?parent=17278"}],"wp:term":[{"taxonomy":"category","embeddable":true,"href":"https:\/\/www.welovecycling.com\/hu\/wp-json\/wp\/v2\/categories?post=17278"},{"taxonomy":"post_tag","embeddable":true,"href":"https:\/\/www.welovecycling.com\/hu\/wp-json\/wp\/v2\/tags?post=17278"},{"taxonomy":"global-categories","embeddable":true,"href":"https:\/\/www.welovecycling.com\/hu\/wp-json\/wp\/v2\/global-categories?post=17278"}],"curies":[{"name":"wp","href":"https:\/\/api.w.org\/{rel}","templated":true}]}}