{"id":1727,"date":"2018-09-07T12:57:08","date_gmt":"2018-09-07T12:57:08","guid":{"rendered":"https:\/\/www.welovecycling.com\/hu\/?p=1727"},"modified":"2018-09-04T13:13:55","modified_gmt":"2018-09-04T13:13:55","slug":"fogyatekkal-elo-biciklisek-2","status":"publish","type":"post","link":"https:\/\/www.welovecycling.com\/hu\/kozosseg-es-kultura\/fogyatekkal-elo-biciklisek-2\/","title":{"rendered":"Fogyat\u00e9kkal \u00e9l\u0151 biciklisek"},"content":{"rendered":"<p><strong>Claire Lomas azzal v\u00e1lt id\u00e9n h\u00edress\u00e9 az Egyes\u00fclt Kir\u00e1lys\u00e1gban, hogy egy bionikus szerkezettel v\u00e9gigs\u00e9t\u00e1lta a Londoni Maratont <\/strong>\u2013<strong> mindezt mellkast\u00f3l lefel\u00e9 b\u00e9nultan. K\u00e9s\u0151bb azzal ker\u00fclt be megint a h\u00edrekbe, hogy eld\u00f6nt\u00f6tte: versenyz\u0151k\u00e9nt teljes\u00edti a vil\u00e1gh\u00edr\u0171 Isle of Man TT motorversenyt. Az al\u00e1bbi cikkben a fogyat\u00e9kkal \u00e9l\u0151 biciklisek lehet\u0151s\u00e9geir\u0151l olvashatsz.<\/strong><\/p>\n<h2><!--more--><\/h2>\n<p>B\u00e1r a legut\u00f3bbi v\u00e1llal\u00e1sa ink\u00e1bb a motoroz\u00e1sr\u00f3l sz\u00f3l, ezt megel\u0151z\u0151en, felk\u00e9sz\u00fcl\u00e9sk\u00e9pp m\u00e1r sz\u00e1mos ker\u00e9kp\u00e1rversenyt teljes\u00edtett szerte az orsz\u00e1gban. Lomas t\u00e1rsaival egy\u00fctt a Road2Recovery elnevez\u00e9s\u0171 adom\u00e1nygy\u0171jt\u0151 akci\u00f3i keret\u00e9ben gy\u0171jt t\u00e1mogat\u00f3kat a Nicholls Gerincs\u00e9r\u00fclteket T\u00e1mogat\u00f3 Alap\u00edtv\u00e1nynak.<\/p>\n<p>A bicikliz\u00e9s egyike a fogyat\u00e9kkal \u00e9l\u0151k sz\u00e1m\u00e1ra is nyitva \u00e1ll\u00f3 sport\u00e1gaknak. Ez f\u0151k\u00e9nt azoknak a ker\u00e9kp\u00e1rosoknak k\u00f6sz\u00f6nhet\u0151, akik sokat tettek a mindenkit befogad\u00f3 inkluz\u00edv lehet\u0151s\u00e9gek megteremt\u00e9s\u00e9\u00e9rt. Ilyen a Get Cycling nev\u0171 kezdem\u00e9nyez\u00e9s is, amely a fogyat\u00e9kkal \u00e9l\u0151k ker\u00e9kp\u00e1roz\u00e1si lehet\u0151s\u00e9geinek kialak\u00edt\u00e1s\u00e1ra specializ\u00e1l\u00f3dott.<\/p>\n<p><a href=\"https:\/\/www.instagram.com\/p\/BlYYCmiH7M9\/?utm_source=ig_embed&#038;utm_campaign=embed_loading_state_control\">https:\/\/www.instagram.com\/p\/BlYYCmiH7M9\/?utm_source=ig_embed&amp;utm_campaign=embed_loading_state_control<\/a><\/p>\n<p>A <u><a href=\"https:\/\/www.theguardian.com\/environment\/bike-blog\/2016\/apr\/26\/dont-think-disabled-people-interested-in-cycling-proper-bike-lanes\">Guardian<\/a><\/u>\u00a0nemr\u00e9g arr\u00f3l sz\u00e1molt be, hogy a fogyat\u00e9kkal \u00e9l\u0151k k\u00e9tharmada szerint k\u00f6nnyebb ker\u00e9kp\u00e1rra k\u00f6zlekedni, mint gyalog j\u00e1rni.<\/p>\n<h2>Milyen biciklik k\u00f6z\u00fcl lehet v\u00e1lasztani?<\/h2>\n<p>Nem is kellene k\u00fcl\u00f6n megeml\u00edteni, hogy minden egyes fogyat\u00e9kkal \u00e9l\u0151 ember eset\u00e9ben m\u00e1sok az er\u0151ss\u00e9gek \u00e9s a neh\u00e9zs\u00e9gek, ha bicikliz\u00e9sre ker\u00fcl sor. De szerencs\u00e9re sz\u00e1mos k\u00fcl\u00f6nb\u00f6z\u0151 szem\u00e9lyre szabott biciklis opci\u00f3 \u00e1ll a bring\u00e1zni v\u00e1gy\u00f3k rendelkez\u00e9s\u00e9re.<\/p>\n<h4>Triciklik \u00e9s tandemek<\/h4>\n<p><strong>A triciklik<\/strong> azoknak seg\u00edtenek, akiknek neh\u00e9zs\u00e9get okoz az egyens\u00falyoz\u00e1s. Ezek a j\u00e1rg\u00e1nyok hasznosak a tanul\u00e1si neh\u00e9zs\u00e9gekkel (pl. diszpraxi\u00e1val) \u00e9l\u0151k, illetve egyes betegs\u00e9gekb\u0151l, stroke-b\u00f3l fel\u00e9p\u00fcl\u0151k sz\u00e1m\u00e1ra is. L\u00e1bt\u00e1maszokkal felszerelve a h\u00e1romkerekez\u0151k k\u00f6nnyebben tudj\u00e1k mozgatni a ped\u00e1lokat, de felegyenesedett \u00e9s v\u00edzszintes \u00fcl\u0151poz\u00edci\u00f3k is kialak\u00edthat\u00f3ak. A felhaszn\u00e1l\u00e1st megk\u00f6nny\u00edtheti a kit\u00e1maszt\u00f3k felszerel\u00e9se is. Ezek \u00e1ra kb. 180 000 \u00e9s 1 000 000 Ft k\u00f6z\u00f6tt mozog.<\/p>\n<p><strong>A tandembiciklik<\/strong> lehetnek kett\u0151-, h\u00e1rom- vagy n\u00e9gykerekes kialak\u00edt\u00e1s\u00faak is. K\u00fcl\u00f6n\u00f6sen j\u00f3l haszn\u00e1lhatj\u00e1k \u0151ket a l\u00e1t\u00e1si neh\u00e9zs\u00e9gekkel \u00e9l\u0151k, amennyiben sz\u00fcks\u00e9ges, hogy egy m\u00e1sik szem\u00e9ly vegye \u00e1t a korm\u00e1nyz\u00e1st vagy a ped\u00e1loz\u00e1st. Szint\u00e9n n\u00e9pszer\u0171 az a kieg\u00e9sz\u00edt\u0151 j\u00e1rm\u0171t\u00edpus, ami tulajdonk\u00e9ppen egy f\u00e9l bicikli. Ezt egy norm\u00e1l k\u00e9tkerek\u0171 biciklire lehet r\u00f6gz\u00edteni. Ezek \u00e1ra kb. 180 000 \u00e9s 2 100 000 Ft k\u00f6z\u00f6tt alakul.<\/p>\n<p><a href=\"https:\/\/d2p6e6u75xmxt8.cloudfront.net\/12\/2018\/09\/fogyatekkal-elo-biciklisek-01.jpg\"><img loading=\"lazy\" decoding=\"async\" class=\"alignnone size-full wp-image-1709\" src=\"https:\/\/d2p6e6u75xmxt8.cloudfront.net\/12\/2018\/09\/fogyatekkal-elo-biciklisek-01.jpg\" alt=\"\" width=\"960\" height=\"720\" srcset=\"https:\/\/d2p6e6u75xmxt8.cloudfront.net\/12\/2018\/09\/fogyatekkal-elo-biciklisek-01.jpg 960w, https:\/\/d2p6e6u75xmxt8.cloudfront.net\/12\/2018\/09\/fogyatekkal-elo-biciklisek-01-300x225.jpg 300w, https:\/\/d2p6e6u75xmxt8.cloudfront.net\/12\/2018\/09\/fogyatekkal-elo-biciklisek-01-768x576.jpg 768w\" sizes=\"auto, (max-width: 960px) 100vw, 960px\" \/><\/a><\/p>\n<h4>K\u00e9zi hajt\u00e1s\u00fa biciklik \u00e9s kerekessz\u00e9keseknek kialak\u00edtott bring\u00e1k<\/h4>\n<p><strong>A k\u00e9zi hajt\u00e1s\u00fa biciklik<\/strong> hasonl\u00edtanak a norm\u00e1l biciklikhez, de a ped\u00e1lokat k\u00e9zzel lehet hajtani, egyidej\u0171leg mozgatva el\u0151re \u00e9s korm\u00e1nyozva is a ker\u00e9kp\u00e1rt. A legt\u00f6bb t\u00edpus h\u00e1romkerek\u0171, b\u00e1r lehet n\u00e9gy is. Ez a megold\u00e1s a v\u00e9gtagb\u00e9nul\u00e1s, amput\u00e1ci\u00f3 vagy \u00edz\u00fcleti gyullad\u00e1s miatt cs\u00f6kkent als\u00f3v\u00e9gtag-mozg\u00e1sk\u00e9pess\u00e9ggel vagy a mozgat\u00e1si k\u00e9pess\u00e9g hi\u00e1ny\u00e1val \u00e9l\u0151k k\u00f6r\u00e9ben n\u00e9pszer\u0171. A ker\u00e9kp\u00e1ros arra is remek\u00fcl haszn\u00e1lhat\u00f3ak, hogy a fels\u0151test izomzat\u00e1t vissza\u00e9p\u00edts\u00fck valamilyen megbeteged\u00e9s ut\u00e1n, j\u00f3l m\u0171k\u00f6dik p\u00e9ld\u00e1ul a stroke-b\u00f3l fel\u00e9p\u00fcl\u0151kn\u00e9l. Az alapmodellek kb. 180 000 Ft-ba ker\u00fclnek.<\/p>\n<p><strong>A kerekessz\u00e9keseknek kialak\u00edtott biciklikkel<\/strong> azok is \u00e9lvezhetik az ker\u00e9kp\u00e1roz\u00e1s \u00e9lm\u00e9ny\u00e9t, akik nem tudnak, vagy nem mernek egyed\u00fcl tekerni. Ebben az esetben a speci\u00e1lisan \u00e1talak\u00edtott bicikli elej\u00e9n l\u00e9v\u0151 \u00fcl\u00e9sbe lehet \u00e1t\u00fclni a kerekessz\u00e9kb\u0151l, m\u00edg egy m\u00e1sik biciklis tekeri a ped\u00e1lokat \u00e9s korm\u00e1nyoz. Ezek \u00e1ra kb. 1 600 000 \u00e9s 2 500 000 Ft k\u00f6z\u00f6tt mozog.<\/p>\n<h4><strong>Az alacsonyv\u00e1zas ker\u00e9kp\u00e1r<\/strong><\/h4>\n<p><strong>Az alacsonyv\u00e1zas ker\u00e9kp\u00e1rokra<\/strong> k\u00f6nnyebben tudnak felsz\u00e1llni azok is, akik nem tudj\u00e1k a l\u00e1buk \u00e1temelni egy norm\u00e1l bicikliv\u00e1z felett. Ha a test hajl\u00e9konys\u00e1ga vagy mozg\u00e1sk\u00e9pess\u00e9ge ezt egy\u00e9bk\u00e9nt nagyon megnehez\u00edten\u00e9, egy forg\u00f3 hajt\u00f3kar seg\u00edts\u00e9g\u00e9vel limit\u00e1lni lehet az \u00e9rintett v\u00e9gtag sz\u00fcks\u00e9ges kiny\u00fal\u00e1s\u00e1t, \u00e1tt\u00e9tes f\u00e9krendszerek seg\u00edts\u00e9g\u00e9vel pedig a nehezen mozg\u00f3 vagy mozogni k\u00e9ptelen karok vagy kezek eset\u00e9n is gondoskodni lehet a lass\u00edt\u00e1sr\u00f3l.<\/p>\n<h2>Mik a legalkalmasabb helyek az inkluz\u00edv ker\u00e9kp\u00e1roz\u00e1sra?<\/h2>\n<h4><strong>Inkluz\u00edv ker\u00e9kp\u00e1ros k\u00f6zpontok<\/strong><\/h4>\n<p>A fogyat\u00e9kkal \u00e9l\u0151k ker\u00e9kp\u00e1roz\u00e1s\u00e1ra a legbiztons\u00e1gosabb helyek a kifejezetten ker\u00e9kp\u00e1rsporthoz \u00e9p\u00edtett ter\u00fcletek. Ilyenek p\u00e9ld\u00e1ul a sportstadionok, velodr\u00f3mok, parkok vagy k\u00fclt\u00e9ri szabadid\u0151k\u00f6zpontok, ahol gyakori, hogy k\u00e9pzett edz\u0151k \u00e1ltal vezetett, \u00f6nk\u00e9ntesek bevon\u00e1s\u00e1val szervezett alkalmakat is meghirdetnek. Ezek k\u00fcl\u00f6n\u00f6sen hasznosak akkor, ha valaki most kezd biciklizni, vagy most tanul \u00fajra ker\u00e9kp\u00e1rozni valamely fogyat\u00e9koss\u00e1g\u00e1t figyelembe v\u00e9ve.<\/p>\n<h4><strong>Inkluz\u00edv ker\u00e9kp\u00e1rk\u00f6lcs\u00f6nz\u0151k<\/strong><\/h4>\n<p>Egyes nemzeti parkok \u00e9s kisebb term\u00e9szetv\u00e9delmi parkok forgalomt\u00f3l mentes ter\u00fcleten k\u00edn\u00e1lnak k\u00f6lcs\u00f6nz\u00e9sre bring\u00e1kat. \u00a0Ezek olyan ker\u00e9kp\u00e1rok, amelyek\u00a0 kialak\u00edt\u00e1s\u00e1n\u00e1l a \u00a0fogyat\u00e9kkal \u00e9l\u0151k ig\u00e9nyeit is figyelembe veszik. Ezeknek a helyeknek az is nagy el\u0151nye, hogy k\u00eds\u00e9r\u0151k is j\u00f6hetnek, \u00e9s mindenki elt\u00f6lthet egy kellemes napot a term\u00e9szet bebarangol\u00e1s\u00e1val. Az Egyes\u00fclt Kir\u00e1lys\u00e1gban p\u00e9ld\u00e1ul a h\u00edres Peak District Nemzeti Park k\u00edn\u00e1l fogyat\u00e9kkal \u00e9l\u0151 biciklisek sz\u00e1m\u00e1ra kialak\u00edtott bicikliket, l\u00e9tes\u00edtm\u00e9nyeket \u00e9s egy k\u00f6zel 30 km-es \u00fatvonalat sima, szinte v\u00e9gig burkolt fel\u00fclettel.<\/p>\n<p><a href=\"https:\/\/d2p6e6u75xmxt8.cloudfront.net\/12\/2018\/09\/fogyatekkal-elo-biciklisek-02.jpg\"><img loading=\"lazy\" decoding=\"async\" class=\"alignnone size-full wp-image-1710\" src=\"https:\/\/d2p6e6u75xmxt8.cloudfront.net\/12\/2018\/09\/fogyatekkal-elo-biciklisek-02.jpg\" alt=\"fogyatekkal elo biciklisek we love cycling\" width=\"1200\" height=\"900\" srcset=\"https:\/\/d2p6e6u75xmxt8.cloudfront.net\/12\/2018\/09\/fogyatekkal-elo-biciklisek-02.jpg 1200w, https:\/\/d2p6e6u75xmxt8.cloudfront.net\/12\/2018\/09\/fogyatekkal-elo-biciklisek-02-300x225.jpg 300w, https:\/\/d2p6e6u75xmxt8.cloudfront.net\/12\/2018\/09\/fogyatekkal-elo-biciklisek-02-768x576.jpg 768w, https:\/\/d2p6e6u75xmxt8.cloudfront.net\/12\/2018\/09\/fogyatekkal-elo-biciklisek-02-1024x768.jpg 1024w\" sizes=\"auto, (max-width: 1200px) 100vw, 1200px\" \/><\/a><\/p>\n<h4><strong>K\u00f6z\u00f6s ter\u00fcletek<\/strong><\/h4>\n<p>Mivel sz\u00e1mos fogyat\u00e9kkal \u00e9l\u0151 v\u00e9lem\u00e9nye az, hogy egy ker\u00e9kp\u00e1r seg\u00edt megoldani a mobilit\u00e1si probl\u00e9m\u00e1kat, egyre gyakrabban ker\u00fcl sz\u00f3ba a k\u00f6zter\u00fcleti inkluz\u00edv bicikliz\u00e9s k\u00e9rd\u00e9sk\u00f6re. Persze egyetlen ker\u00e9kp\u00e1rosnak sem lehet megtiltani, hogy k\u00f6zter\u00fcleten tekerjen, b\u00e1rmilyen biciklit is haszn\u00e1l, sz\u00e1mos kamp\u00e1ny indult annak \u00e9rdek\u00e9ben, hogy a fogyat\u00e9kkal \u00e9l\u0151k ig\u00e9nyeire szabott biciklikhez jobban alkalmazkod\u00f3 ker\u00e9kp\u00e1ros \u00fatvonalakat l\u00e9tes\u00edtsenek. A sz\u00e1mok maguk\u00e9rt besz\u00e9lnek &#8211; a brit f\u0151v\u00e1ros k\u00f6zleked\u00e9s\u00e9t szervez\u0151 Transport for London szerint a v\u00e1rosban a fogyat\u00e9kkal \u00e9l\u0151k kb. 15%-a akt\u00edvan haszn\u00e1lt ker\u00e9kp\u00e1rt 2014-ben, m\u00edg a nem fogyat\u00e9kkal \u00e9l\u0151k eset\u00e9ben az ar\u00e1ny 18% volt.<\/p>\n<p>Jelenleg elmondhat\u00f3, hogy a fogyat\u00e9kkal \u00e9l\u0151 ker\u00e9kp\u00e1rosok nagyon sok hasonl\u00f3 kih\u00edv\u00e1ssal \u00e9s vesz\u00e9llyel n\u00e9znek szembe, mint mindenki m\u00e1s, aki k\u00f6zter\u00fcleten biciklit haszn\u00e1l. N\u00e9h\u00e1ny v\u00e1ros az \u00e9len j\u00e1r a helyzet megold\u00e1s\u00e1ban. Az Egyes\u00fclt Kir\u00e1lys\u00e1gban Cambridge-ben magas a fogyat\u00e9kkal \u00e9l\u0151 biciklisek sz\u00e1ma, a vil\u00e1gon pedig Amszterdam sz\u00e1m\u00edt \u00e1ltal\u00e1ban v\u00e9ve is az egyik legbiciklibar\u00e1tabb v\u00e1rosnak. Barcelona pedig az egyik olyan v\u00e1ros a vil\u00e1gon, amit kerekessz\u00e9kkel is be lehet j\u00e1rni, \u00e9s \u00a0\u00a0ahol megfelel\u0151 v\u00edzparti s\u00e9t\u00e1nyokat is kialak\u00edtottak a tengerpartokon. Ott kerekessz\u00e9kkel haszn\u00e1lhat\u00f3ak a j\u00e1rd\u00e1k \u00e9s a t\u00f6megk\u00f6zleked\u00e9s, azt is sugallva, milyen m\u00e9rt\u00e9k\u0171 t\u00e1mogat\u00e1sra sz\u00e1m\u00edthatnak az idel\u00e1togat\u00f3 fogyat\u00e9kkal \u00e9l\u0151 ker\u00e9kp\u00e1rosok. K\u00f6ztudott, hogy vannak, akik egyenesen Barcelon\u00e1ba k\u00f6lt\u00f6ztek az\u00e9rt, hogy ki\u00e9lvezz\u00e9k az akad\u00e1lymentess\u00e9gnek ezt a magas szintj\u00e9t.<\/p>\n","protected":false},"excerpt":{"rendered":"<p>Claire Lomas azzal v\u00e1lt id\u00e9n h\u00edress\u00e9 az Egyes\u00fclt Kir\u00e1lys\u00e1gban, hogy egy bionikus szerkezettel v\u00e9gigs\u00e9t\u00e1lta a Londoni Maratont \u2013 mindezt mellkast\u00f3l [&hellip;]<\/p>\n","protected":false},"author":71,"featured_media":1707,"comment_status":"open","ping_status":"open","sticky":false,"template":"","format":"standard","meta":{"footnotes":""},"categories":[12],"tags":[165,16,28,27,168,166,167],"global-categories":[],"class_list":["post-1727","post","type-post","status-publish","format-standard","has-post-thumbnail","hentry","category-kozosseg-es-kultura","tag-fogyatekkal-elo-biciklisek","tag-kerekpar","tag-kerekpar-blog","tag-kerekpar-magazin","tag-kezi-hajtasu-bicikli","tag-tandem-kerekpar","tag-tricikli"],"yoast_head":"<!-- This site is optimized with the Yoast SEO Premium plugin v25.3 (Yoast SEO v25.9) - https:\/\/yoast.com\/wordpress\/plugins\/seo\/ -->\n<title>Fogyat\u00e9kkal \u00e9l\u0151 biciklisek - \u0160koda We Love Cycling - Magyarorsz\u00e1g<\/title>\n<meta name=\"description\" content=\"A fogyat\u00e9kkal \u00e9l\u0151 biciklisek t\u00f6bb lehet\u0151s\u00e9g k\u00f6z\u00fcl is v\u00e1laszthatnak, ha tekerni szeretn\u00e9nek. Kattints, ha szeretn\u00e9l megismerkedni a vil\u00e1gukkal.\" \/>\n<meta name=\"robots\" content=\"index, follow, max-snippet:-1, max-image-preview:large, max-video-preview:-1\" \/>\n<link rel=\"canonical\" href=\"https:\/\/www.welovecycling.com\/hu\/kozosseg-es-kultura\/fogyatekkal-elo-biciklisek-2\/\" \/>\n<meta property=\"og:locale\" content=\"hu_HU\" \/>\n<meta property=\"og:type\" content=\"article\" \/>\n<meta property=\"og:title\" content=\"Fogyat\u00e9kkal \u00e9l\u0151 biciklisek\" \/>\n<meta property=\"og:description\" content=\"A fogyat\u00e9kkal \u00e9l\u0151 biciklisek t\u00f6bb lehet\u0151s\u00e9g k\u00f6z\u00fcl is v\u00e1laszthatnak, ha tekerni szeretn\u00e9nek. Kattints, ha szeretn\u00e9l megismerkedni a vil\u00e1gukkal.\" \/>\n<meta property=\"og:url\" content=\"https:\/\/www.welovecycling.com\/hu\/kozosseg-es-kultura\/fogyatekkal-elo-biciklisek-2\/\" \/>\n<meta property=\"og:site_name\" content=\"\u0160koda We Love Cycling - Magyarorsz\u00e1g\" \/>\n<meta property=\"article:publisher\" content=\"https:\/\/www.facebook.com\/WeLoveCyclingHungary\/\" \/>\n<meta property=\"article:published_time\" content=\"2018-09-07T12:57:08+00:00\" \/>\n<meta property=\"og:image\" content=\"https:\/\/d2p6e6u75xmxt8.cloudfront.net\/12\/2018\/09\/fogyatekkal-elo-biciklisek-cover.jpg\" \/>\n\t<meta property=\"og:image:width\" content=\"1366\" \/>\n\t<meta property=\"og:image:height\" content=\"600\" \/>\n\t<meta property=\"og:image:type\" content=\"image\/jpeg\" \/>\n<meta name=\"author\" content=\"hegyizs\" \/>\n<meta name=\"twitter:card\" content=\"summary_large_image\" \/>\n<meta name=\"twitter:label1\" content=\"Written by\" \/>\n\t<meta name=\"twitter:data1\" content=\"hegyizs\" \/>\n\t<meta name=\"twitter:label2\" content=\"Est. reading time\" \/>\n\t<meta name=\"twitter:data2\" content=\"7 minutes\" \/>\n<script type=\"application\/ld+json\" class=\"yoast-schema-graph\">{\"@context\":\"https:\/\/schema.org\",\"@graph\":[{\"@type\":\"WebPage\",\"@id\":\"https:\/\/www.welovecycling.com\/hu\/kozosseg-es-kultura\/fogyatekkal-elo-biciklisek-2\/\",\"url\":\"https:\/\/www.welovecycling.com\/hu\/kozosseg-es-kultura\/fogyatekkal-elo-biciklisek-2\/\",\"name\":\"Fogyat\u00e9kkal \u00e9l\u0151 biciklisek - \u0160koda We Love Cycling - Magyarorsz\u00e1g\",\"isPartOf\":{\"@id\":\"https:\/\/www.welovecycling.com\/hu\/#website\"},\"primaryImageOfPage\":{\"@id\":\"https:\/\/www.welovecycling.com\/hu\/kozosseg-es-kultura\/fogyatekkal-elo-biciklisek-2\/#primaryimage\"},\"image\":{\"@id\":\"https:\/\/www.welovecycling.com\/hu\/kozosseg-es-kultura\/fogyatekkal-elo-biciklisek-2\/#primaryimage\"},\"thumbnailUrl\":\"https:\/\/d2p6e6u75xmxt8.cloudfront.net\/12\/2018\/09\/fogyatekkal-elo-biciklisek-cover.jpg\",\"datePublished\":\"2018-09-07T12:57:08+00:00\",\"author\":{\"@id\":\"https:\/\/www.welovecycling.com\/hu\/#\/schema\/person\/414a2aebf1801691a5320edb6468e194\"},\"description\":\"A fogyat\u00e9kkal \u00e9l\u0151 biciklisek t\u00f6bb lehet\u0151s\u00e9g k\u00f6z\u00fcl is v\u00e1laszthatnak, ha tekerni szeretn\u00e9nek. Kattints, ha szeretn\u00e9l megismerkedni a vil\u00e1gukkal.\",\"breadcrumb\":{\"@id\":\"https:\/\/www.welovecycling.com\/hu\/kozosseg-es-kultura\/fogyatekkal-elo-biciklisek-2\/#breadcrumb\"},\"inLanguage\":\"hu\",\"potentialAction\":[{\"@type\":\"ReadAction\",\"target\":[\"https:\/\/www.welovecycling.com\/hu\/kozosseg-es-kultura\/fogyatekkal-elo-biciklisek-2\/\"]}]},{\"@type\":\"ImageObject\",\"inLanguage\":\"hu\",\"@id\":\"https:\/\/www.welovecycling.com\/hu\/kozosseg-es-kultura\/fogyatekkal-elo-biciklisek-2\/#primaryimage\",\"url\":\"https:\/\/d2p6e6u75xmxt8.cloudfront.net\/12\/2018\/09\/fogyatekkal-elo-biciklisek-cover.jpg\",\"contentUrl\":\"https:\/\/d2p6e6u75xmxt8.cloudfront.net\/12\/2018\/09\/fogyatekkal-elo-biciklisek-cover.jpg\",\"width\":1366,\"height\":600,\"caption\":\"fogyatekkal elo biciklisek we love cycling\"},{\"@type\":\"BreadcrumbList\",\"@id\":\"https:\/\/www.welovecycling.com\/hu\/kozosseg-es-kultura\/fogyatekkal-elo-biciklisek-2\/#breadcrumb\",\"itemListElement\":[{\"@type\":\"ListItem\",\"position\":1,\"name\":\"Home\",\"item\":\"https:\/\/www.welovecycling.com\/hu\/\"},{\"@type\":\"ListItem\",\"position\":2,\"name\":\"Fogyat\u00e9kkal \u00e9l\u0151 biciklisek\"}]},{\"@type\":\"WebSite\",\"@id\":\"https:\/\/www.welovecycling.com\/hu\/#website\",\"url\":\"https:\/\/www.welovecycling.com\/hu\/\",\"name\":\"\u0160koda We Love Cycling - Magyarorsz\u00e1g\",\"description\":\"\u0160koda WeLoveCycling\",\"potentialAction\":[{\"@type\":\"SearchAction\",\"target\":{\"@type\":\"EntryPoint\",\"urlTemplate\":\"https:\/\/www.welovecycling.com\/hu\/?s={search_term_string}\"},\"query-input\":{\"@type\":\"PropertyValueSpecification\",\"valueRequired\":true,\"valueName\":\"search_term_string\"}}],\"inLanguage\":\"hu\"},{\"@type\":\"Person\",\"@id\":\"https:\/\/www.welovecycling.com\/hu\/#\/schema\/person\/414a2aebf1801691a5320edb6468e194\",\"name\":\"hegyizs\",\"image\":{\"@type\":\"ImageObject\",\"inLanguage\":\"hu\",\"@id\":\"https:\/\/www.welovecycling.com\/hu\/#\/schema\/person\/image\/\",\"url\":\"https:\/\/secure.gravatar.com\/avatar\/02cf8a7906b8cf90cecb4679defac7cfd33a1c2e3b88e4903d947f3bb58eedd3?s=96&d=mm&r=g\",\"contentUrl\":\"https:\/\/secure.gravatar.com\/avatar\/02cf8a7906b8cf90cecb4679defac7cfd33a1c2e3b88e4903d947f3bb58eedd3?s=96&d=mm&r=g\",\"caption\":\"hegyizs\"},\"url\":\"https:\/\/www.welovecycling.com\/hu\/author\/hegyizs\/\"}]}<\/script>\n<!-- \/ Yoast SEO Premium plugin. -->","yoast_head_json":{"title":"Fogyat\u00e9kkal \u00e9l\u0151 biciklisek - \u0160koda We Love Cycling - Magyarorsz\u00e1g","description":"A fogyat\u00e9kkal \u00e9l\u0151 biciklisek t\u00f6bb lehet\u0151s\u00e9g k\u00f6z\u00fcl is v\u00e1laszthatnak, ha tekerni szeretn\u00e9nek. Kattints, ha szeretn\u00e9l megismerkedni a vil\u00e1gukkal.","robots":{"index":"index","follow":"follow","max-snippet":"max-snippet:-1","max-image-preview":"max-image-preview:large","max-video-preview":"max-video-preview:-1"},"canonical":"https:\/\/www.welovecycling.com\/hu\/kozosseg-es-kultura\/fogyatekkal-elo-biciklisek-2\/","og_locale":"hu_HU","og_type":"article","og_title":"Fogyat\u00e9kkal \u00e9l\u0151 biciklisek","og_description":"A fogyat\u00e9kkal \u00e9l\u0151 biciklisek t\u00f6bb lehet\u0151s\u00e9g k\u00f6z\u00fcl is v\u00e1laszthatnak, ha tekerni szeretn\u00e9nek. Kattints, ha szeretn\u00e9l megismerkedni a vil\u00e1gukkal.","og_url":"https:\/\/www.welovecycling.com\/hu\/kozosseg-es-kultura\/fogyatekkal-elo-biciklisek-2\/","og_site_name":"\u0160koda We Love Cycling - Magyarorsz\u00e1g","article_publisher":"https:\/\/www.facebook.com\/WeLoveCyclingHungary\/","article_published_time":"2018-09-07T12:57:08+00:00","og_image":[{"width":1366,"height":600,"url":"https:\/\/d2p6e6u75xmxt8.cloudfront.net\/12\/2018\/09\/fogyatekkal-elo-biciklisek-cover.jpg","type":"image\/jpeg"}],"author":"hegyizs","twitter_card":"summary_large_image","twitter_misc":{"Written by":"hegyizs","Est. reading time":"7 minutes"},"schema":{"@context":"https:\/\/schema.org","@graph":[{"@type":"WebPage","@id":"https:\/\/www.welovecycling.com\/hu\/kozosseg-es-kultura\/fogyatekkal-elo-biciklisek-2\/","url":"https:\/\/www.welovecycling.com\/hu\/kozosseg-es-kultura\/fogyatekkal-elo-biciklisek-2\/","name":"Fogyat\u00e9kkal \u00e9l\u0151 biciklisek - \u0160koda We Love Cycling - Magyarorsz\u00e1g","isPartOf":{"@id":"https:\/\/www.welovecycling.com\/hu\/#website"},"primaryImageOfPage":{"@id":"https:\/\/www.welovecycling.com\/hu\/kozosseg-es-kultura\/fogyatekkal-elo-biciklisek-2\/#primaryimage"},"image":{"@id":"https:\/\/www.welovecycling.com\/hu\/kozosseg-es-kultura\/fogyatekkal-elo-biciklisek-2\/#primaryimage"},"thumbnailUrl":"https:\/\/d2p6e6u75xmxt8.cloudfront.net\/12\/2018\/09\/fogyatekkal-elo-biciklisek-cover.jpg","datePublished":"2018-09-07T12:57:08+00:00","author":{"@id":"https:\/\/www.welovecycling.com\/hu\/#\/schema\/person\/414a2aebf1801691a5320edb6468e194"},"description":"A fogyat\u00e9kkal \u00e9l\u0151 biciklisek t\u00f6bb lehet\u0151s\u00e9g k\u00f6z\u00fcl is v\u00e1laszthatnak, ha tekerni szeretn\u00e9nek. Kattints, ha szeretn\u00e9l megismerkedni a vil\u00e1gukkal.","breadcrumb":{"@id":"https:\/\/www.welovecycling.com\/hu\/kozosseg-es-kultura\/fogyatekkal-elo-biciklisek-2\/#breadcrumb"},"inLanguage":"hu","potentialAction":[{"@type":"ReadAction","target":["https:\/\/www.welovecycling.com\/hu\/kozosseg-es-kultura\/fogyatekkal-elo-biciklisek-2\/"]}]},{"@type":"ImageObject","inLanguage":"hu","@id":"https:\/\/www.welovecycling.com\/hu\/kozosseg-es-kultura\/fogyatekkal-elo-biciklisek-2\/#primaryimage","url":"https:\/\/d2p6e6u75xmxt8.cloudfront.net\/12\/2018\/09\/fogyatekkal-elo-biciklisek-cover.jpg","contentUrl":"https:\/\/d2p6e6u75xmxt8.cloudfront.net\/12\/2018\/09\/fogyatekkal-elo-biciklisek-cover.jpg","width":1366,"height":600,"caption":"fogyatekkal elo biciklisek we love cycling"},{"@type":"BreadcrumbList","@id":"https:\/\/www.welovecycling.com\/hu\/kozosseg-es-kultura\/fogyatekkal-elo-biciklisek-2\/#breadcrumb","itemListElement":[{"@type":"ListItem","position":1,"name":"Home","item":"https:\/\/www.welovecycling.com\/hu\/"},{"@type":"ListItem","position":2,"name":"Fogyat\u00e9kkal \u00e9l\u0151 biciklisek"}]},{"@type":"WebSite","@id":"https:\/\/www.welovecycling.com\/hu\/#website","url":"https:\/\/www.welovecycling.com\/hu\/","name":"\u0160koda We Love Cycling - Magyarorsz\u00e1g","description":"\u0160koda WeLoveCycling","potentialAction":[{"@type":"SearchAction","target":{"@type":"EntryPoint","urlTemplate":"https:\/\/www.welovecycling.com\/hu\/?s={search_term_string}"},"query-input":{"@type":"PropertyValueSpecification","valueRequired":true,"valueName":"search_term_string"}}],"inLanguage":"hu"},{"@type":"Person","@id":"https:\/\/www.welovecycling.com\/hu\/#\/schema\/person\/414a2aebf1801691a5320edb6468e194","name":"hegyizs","image":{"@type":"ImageObject","inLanguage":"hu","@id":"https:\/\/www.welovecycling.com\/hu\/#\/schema\/person\/image\/","url":"https:\/\/secure.gravatar.com\/avatar\/02cf8a7906b8cf90cecb4679defac7cfd33a1c2e3b88e4903d947f3bb58eedd3?s=96&d=mm&r=g","contentUrl":"https:\/\/secure.gravatar.com\/avatar\/02cf8a7906b8cf90cecb4679defac7cfd33a1c2e3b88e4903d947f3bb58eedd3?s=96&d=mm&r=g","caption":"hegyizs"},"url":"https:\/\/www.welovecycling.com\/hu\/author\/hegyizs\/"}]}},"_links":{"self":[{"href":"https:\/\/www.welovecycling.com\/hu\/wp-json\/wp\/v2\/posts\/1727","targetHints":{"allow":["GET"]}}],"collection":[{"href":"https:\/\/www.welovecycling.com\/hu\/wp-json\/wp\/v2\/posts"}],"about":[{"href":"https:\/\/www.welovecycling.com\/hu\/wp-json\/wp\/v2\/types\/post"}],"author":[{"embeddable":true,"href":"https:\/\/www.welovecycling.com\/hu\/wp-json\/wp\/v2\/users\/71"}],"replies":[{"embeddable":true,"href":"https:\/\/www.welovecycling.com\/hu\/wp-json\/wp\/v2\/comments?post=1727"}],"version-history":[{"count":2,"href":"https:\/\/www.welovecycling.com\/hu\/wp-json\/wp\/v2\/posts\/1727\/revisions"}],"predecessor-version":[{"id":1731,"href":"https:\/\/www.welovecycling.com\/hu\/wp-json\/wp\/v2\/posts\/1727\/revisions\/1731"}],"wp:featuredmedia":[{"embeddable":true,"href":"https:\/\/www.welovecycling.com\/hu\/wp-json\/wp\/v2\/media\/1707"}],"wp:attachment":[{"href":"https:\/\/www.welovecycling.com\/hu\/wp-json\/wp\/v2\/media?parent=1727"}],"wp:term":[{"taxonomy":"category","embeddable":true,"href":"https:\/\/www.welovecycling.com\/hu\/wp-json\/wp\/v2\/categories?post=1727"},{"taxonomy":"post_tag","embeddable":true,"href":"https:\/\/www.welovecycling.com\/hu\/wp-json\/wp\/v2\/tags?post=1727"},{"taxonomy":"global-categories","embeddable":true,"href":"https:\/\/www.welovecycling.com\/hu\/wp-json\/wp\/v2\/global-categories?post=1727"}],"curies":[{"name":"wp","href":"https:\/\/api.w.org\/{rel}","templated":true}]}}