{"id":17246,"date":"2023-04-21T08:00:01","date_gmt":"2023-04-21T06:00:01","guid":{"rendered":"https:\/\/www.welovecycling.com\/hu\/?p=17246"},"modified":"2023-04-19T13:23:04","modified_gmt":"2023-04-19T11:23:04","slug":"dolgok-amikrol-sosem-gondoltuk-volna-hogy-csinalni-fogjuk-mielott-kerekparozni-kezdtunk","status":"publish","type":"post","link":"https:\/\/www.welovecycling.com\/hu\/kozosseg-es-kultura\/dolgok-amikrol-sosem-gondoltuk-volna-hogy-csinalni-fogjuk-mielott-kerekparozni-kezdtunk\/","title":{"rendered":"Dolgok, amikr\u0151l sosem gondoltuk volna, hogy csin\u00e1lni fogjuk, miel\u0151tt ker\u00e9kp\u00e1rozni kezdt\u00fcnk"},"content":{"rendered":"<p><strong>A ker\u00e9kp\u00e1roz\u00e1s seg\u00edt, hogy kil\u00e9pj a komfortz\u00f3n\u00e1db\u00f3l, \u00e9s olyan kalandokba \u00e9s \u00e9lm\u00e9nyekbe keveredj, melyekr\u0151l eddig \u00e1lmodni sem mert\u00e9l. A k\u00e9t ker\u00e9ken val\u00f3 \u00e9letet k\u00e9ts\u00e9gtelen\u00fcl meg kell szokni, de ha egyszer elfogadod mindazt, amit k\u00edn\u00e1l, el sem tudod k\u00e9pzelni, mi mindent \u00e9rhetsz majd el vele. <\/strong><\/p>\n<p style=\"font-weight: 400;\"><!--more--><\/p>\n<p>Ez az \u00e9letforma sz\u00e1mtalan m\u00f3don j\u00e1rul hozz\u00e1 a j\u00f3l\u00e9tedhez, legyen sz\u00f3 ak\u00e1r a testi er\u0151d n\u00f6veked\u00e9s\u00e9r\u0151l, ak\u00e1r a sp\u00f3rol\u00e1sr\u00f3l.<\/p>\n<p>Most, hogy itt a tavasz \u00e9s j\u00f6n a ker\u00e9kp\u00e1ros szezon, szeretn\u00e9nk p\u00e1r percet sz\u00e1nni arra, hogy meg\u00fcnnepelj\u00fck ezt a nagyszer\u0171 sportot. Nagyra becs\u00fclt ker\u00e9kp\u00e1ros k\u00f6z\u00f6ss\u00e9g\u00fcnk tagjai megosztj\u00e1k veled boh\u00f3k\u00e1s, meghat\u00f3 \u00e9s sz\u00edvb\u0151l j\u00f6v\u0151 gondolataikat azt illet\u0151en, hogy hogyan seg\u00edtett nekik a ker\u00e9kp\u00e1roz\u00e1s felfedezni \u00f6nmaguk egy m\u00e1sik oldal\u00e1t.<\/p>\n<h2><strong>Jobb\u00e1 tenni m\u00e1sok \u00e9let\u00e9t<\/strong><\/h2>\n<p>Ker\u00e9kp\u00e1rod seg\u00edts\u00e9g\u00e9vel \u00e9rdemben j\u00e1rulhatsz hozz\u00e1 k\u00f6z\u00f6ss\u00e9ged \u00e9let\u00e9nek jobb\u00e1 t\u00e9tel\u00e9hez. A tov\u00e1bbiakban olyan emberekr\u0151l olvashatsz, akik j\u00f3t\u00e9kony c\u00e9lokra haszn\u00e1lt\u00e1k a biciklij\u00fcket.<\/p>\n<p><em>&#8220;Kezdetben csak a fogy\u00e1s miatt ker\u00e9kp\u00e1roztam, de azt\u00e1n r\u00e1j\u00f6ttem, hogy ez a tev\u00e9kenys\u00e9g enn\u00e9l sokkal t\u00f6bbet tud ny\u00fajtani. A biciklimmel az\u00f3ta t\u00f6bb mint 10 ezer doll\u00e1rt gy\u0171jt\u00f6ttem j\u00f3t\u00e9konys\u00e1gi szervezeteknek \u00e9s r\u00e1szorul\u00f3 csal\u00e1doknak a lak\u00f3helyem, Philadelphia k\u00f6rny\u00e9k\u00e9n. Tov\u00e1bb\u00e1 r\u00e9szt vettem egy nonprofit szervezet rendezv\u00e9ny\u00e9n is, amely a New Jersey Pinelands er\u0151forr\u00e1sait v\u00e9di&#8221;<\/em> &#8211; Kris Steinwender<\/p>\n<p><em>&#8220;Amint elkezdtem j\u00f3t\u00e9konys\u00e1gi c\u00e9llal ker\u00e9kp\u00e1rozni, egyszer\u0171en nem tudtam abbahagyni. Fogalmam sem volt r\u00f3la, hogy csup\u00e1n az\u00e9rt, mert boldogg\u00e1 tesz, ilyen sokat fogok majd tekerni \u00e9s 15 m\u00e9rf\u00f6ldet fogok ing\u00e1zni a munkahelyemre. Azt sem gondoltam volna, hogy a nyugd\u00edj k\u00f6zeledt\u00e9vel r\u00e1j\u00f6v\u00f6k, hogy ha innent\u0151l kezdve csak ker\u00e9kp\u00e1rozni tudok majd, az nekem b\u0151ven el\u00e9g&#8221; <\/em>&#8211; Patty Acerenza Meagher<\/p>\n<p><em>&#8220;Az\u00e9rt vettem orsz\u00e1g\u00fati ker\u00e9kp\u00e1rt, hogy triatlonozni tudjak. Eleinte rettegtem t\u0151le, de azt\u00e1n siker\u00fclt magamat is meglepnem, most pedig tri edz\u0151 vagyok. Ma m\u00e1r m\u00e1s f\u00e9l\u00e9nk ker\u00e9kp\u00e1rosoknak seg\u00edtek, hogy \u0151k is \u00e9lvezni tudj\u00e1k ezt a fantasztikus sportot, \u00e9s magabiztosak legyenek a biciklij\u00fck\u00f6n. Anno \u00e9n is egy ker\u00e9kp\u00e1ros edz\u0151t\u0151l tanultam, ami nagyon sokat seg\u00edtett. \u00d6r\u00fcl\u00f6k, hogy tov\u00e1bbadhatom ezt a tud\u00e1st&#8221;<\/em> &#8211; Kirsty Bennett<\/p>\n<h2><strong>Saj\u00e1t er\u0151ss\u00e9geid \u00e9s lehet\u0151s\u00e9geid felismer\u00e9se\u00a0 <\/strong><\/h2>\n<p>A ker\u00e9kp\u00e1roz\u00e1s sokaknak seg\u00edt abban is, hogy felszabad\u00edts\u00e1k azt a bels\u0151 er\u0151t, amely addig passz\u00edvan v\u00e1rakozott benn\u00fck.<\/p>\n<p><em>&#8220;A ker\u00e9kp\u00e1r nagyszer\u0171 tan\u00edt\u00f3mester. Nehezen engedem el magam \u00e9s lend\u00fcl\u00f6k t\u00fal dolgokon. A mountain bike-oz\u00e1s viszont seg\u00edtett fejl\u0151dni ebben. Sosem gondoltam volna, hogy annyit fogok ker\u00e9kp\u00e1rozni, mint most, \u00e9s hogy ez ennyit seg\u00edt majd m\u00e1s ter\u00fcleteken. <\/em><\/p>\n<p><em>Azt se hittem volna, hogy ker\u00e9kp\u00e1ros felszerel\u00e9st fogok venni, vagy hogy ebben az ipar\u00e1gban fogom ki\u00e9p\u00edteni a karrieremet, mint marketingszakember. De \u00edgy lett, \u00e9s im\u00e1dom, hogy a st\u00edlus, a munka \u00e9s a sport egy dologban egyes\u00fcl. <\/em><\/p>\n<p><em>Odavagyok a ker\u00e9kp\u00e1ros t\u00far\u00e1k\u00e9rt is, melyek mindegyike egy egyedi kaland. Mikor \u00faton vagyok, mindent m\u00e1s szemsz\u00f6gb\u0151l l\u00e1tok. De, ami a leghihetetlenebb az eg\u00e9szben, az az \u00e9hs\u00e9g, amit egy-egy teker\u00e9s ut\u00e1n \u00e9rzek. Ilyenkor ehetek b\u00e1rmennyit, nem tudok j\u00f3llakni. \u00d3ri\u00e1si \u00e9rz\u00e9s!&#8221;<\/em> &#8211; Husz\u00e1r Judit<\/p>\n<p><em>&#8220;Miel\u0151tt elkezdtem volna tekerni, soha nem gondoltam volna, hogy 60 \u00e9vesen IRONMAN leszek!&#8221;<\/em> &#8211; Mark Hollywood<\/p>\n<p><em>&#8220;A ker\u00e9kp\u00e1roz\u00e1s el\u0151tti id\u0151kben el sem tudtam volna k\u00e9pzelni, hogy aut\u00f3 n\u00e9lk\u00fcl \u00e9ljek. Mikor azonban megtapasztaltam a bicikliz\u00e9s adta k\u00f6nnyeds\u00e9get, gyorsas\u00e1got \u00e9s szabads\u00e1got, eladtam az aut\u00f3mat, \u00e9s most az e-bring\u00e1mmal sz\u00e1guldozok az aut\u00f3\u0151r\u00fclt Los Angelesben. Mindenhov\u00e1 ezzel j\u00e1rok&#8221;<\/em> &#8211; Rafe Husain<\/p>\n<h2><strong>Furcsa szok\u00e1sok, amikre b\u00fcszke lehetsz<\/strong><\/h2>\n<p>Persze, van n\u00e9h\u00e1ny olyan szok\u00e1s, amit a ker\u00e9kp\u00e1roz\u00e1s hoz mag\u00e1val, \u00e9s ami a beavatatlanok sz\u00e1m\u00e1ra kiss\u00e9 furcs\u00e1nak t\u0171nhet&#8230;<\/p>\n<p><em>&#8220;Miel\u0151tt beleszerettem a ker\u00e9kp\u00e1roz\u00e1sba, sosem hittem volna, hogy egyszer 8000 doll\u00e1rt fogok k\u00f6lteni egy biciklire. De hat\u00e1rozottan nem b\u00e1ntam meg. Van egy BMC Roadmachine-om. Lila sz\u00edn\u0171, \u00e9s a neve Aubergine&#8221; <\/em>&#8211; Renee Marchant<\/p>\n<p><em>&#8220;Sok olyan dolgot csin\u00e1lok most, amit azel\u0151tt elk\u00e9pzelhetetlennek tartottam. P\u00e9ld\u00e1ul Lycr\u00e1t viselek nyilv\u00e1nosan, \u00e1lland\u00f3an azt v\u00e1rom, hogy v\u00e9gre edzhessek, \u00e9s naponta 100 m\u00e9rf\u00f6ldet tekerek&#8221; <\/em>&#8211; Greg Bergman<\/p>\n<p><em>&#8220;Sosem gondoltam volna, hogy egyszer leborotv\u00e1lom a l\u00e1bam. Lehet, hogy val\u00f3j\u00e1ban nem leszek t\u0151le gyorsabb, de annak \u00e9rzem magam&#8221;<\/em> &#8211; Dave Kraus<\/p>\n<p><em>&#8220;Sosem hittem volna, hogy a tavasz kezdet\u00e9n a sz\u00e9ler\u0151ss\u00e9gel\u0151rejelz\u00e9st fogom figyelni, hogy el tudjam d\u00f6nteni, kint vagy bent tekerjek-e. Azt\u00e1n ott van m\u00e9g az a rengeteg men\u0151 cucc is az egyes esem\u00e9nyekr\u0151l \u00e9s versenyekr\u0151l, melyek mind az epikus ker\u00e9kp\u00e1ros kalandokra \u00e9s a nagyszer\u0171 bar\u00e1tokra eml\u00e9keztetnek, akikkel tal\u00e1lkoztam&#8221;<\/em> &#8211; Christopher Bates<\/p>\n<p><em>&#8220;Miel\u0151tt ker\u00e9kp\u00e1rozni kezdtem, egyszer sem jutott eszembe, hogy tematikus fot\u00f3sorozatot k\u00e9sz\u00edtsek a v\u00e1rosomban tal\u00e1lhat\u00f3 falfestm\u00e9nyekr\u0151l. Sacramento minden ny\u00e1ron megrendezi a Wide Open Walls-t, amelyre k\u00f6r\u00fclbel\u00fcl 20-30 m\u0171v\u00e9sz kap megh\u00edv\u00e1st, hogy falfestm\u00e9nyeket fessenek a belv\u00e1rosban \u00e9s a k\u00f6rnyez\u0151 ter\u00fcleteken. H\u00e1rom \u00e9vvel ezel\u0151tt v\u00e1gtam bele a bicikliz\u00e9sbe, \u00e9s \u00fagy gondoltam, ennek alkalm\u00e1b\u00f3l j\u00f3 lenne tematikus fot\u00f3kat k\u00e9sz\u00edteni. Ez akkora buli, m\u00e9g akkor is, ha n\u00e9h\u00e1ny k\u00e9p k\u00e9sz\u00edt\u00e9s\u00e9n\u00e9l n\u00e9ha k\u00ednos a szitu&#8221;<\/em> &#8211; Shannon Albers<\/p>\n<p><em>&#8220;A ker\u00e9kp\u00e1roz\u00e1s elkezd\u00e9se el\u0151tt soha nem gondoltam volna, hogy a testem bizonyos r\u00e9szeir\u0151l fogok nyilv\u00e1nos besz\u00e9det tartani!&#8221; <\/em>&#8211; Maggie Lewis<\/p>\n<h2><strong>A tested elfogad\u00e1sa<\/strong><\/h2>\n<p>Ha m\u00e1r az anat\u00f3mi\u00e1n\u00e1l tartunk, a ker\u00e9kp\u00e1roz\u00e1s arra is kiv\u00e1l\u00f3 eszk\u00f6z, hogy megszabadulj a testeddel kapcsolatos negat\u00edv gondolatokt\u00f3l, \u00e9s j\u00f3l \u00e9rezd magad a b\u0151r\u00f6dben.<\/p>\n<p><em>&#8220;Nem hittem volna, hogy k\u00e9pes leszek 100 m\u00e9rf\u00f6ldet tekerni, mik\u00f6zben 1-es t\u00edpus\u00fa cukorbetegs\u00e9ggel k\u00fczd\u00f6k, de azt\u00e1n \u00fajra \u00e9s \u00fajra siker\u00fclt! Most minden \u00e9vben az\u00e9rt tekerek, hogy t\u00e1mogassam a JDRF-et, egy, a T1D elleni k\u00fczdelemben \u00e9lenj\u00e1r\u00f3 szervezetet, amely eredm\u00e9nyes kutat\u00e1sokat finansz\u00edroz a cukorbetegs\u00e9ggel kapcsolatban, k\u00fczd az olyan ir\u00e1nyelvek \u00e9letbe l\u00e9ptet\u00e9s\u00e9\u00e9rt, melyek felgyors\u00edtan\u00e1k a betegek \u00faj ter\u00e1pi\u00e1khoz val\u00f3 hozz\u00e1f\u00e9r\u00e9s\u00e9t, \u00e9s vil\u00e1gszerte t\u00e1mogat\u00f3 h\u00e1l\u00f3zatot biztos\u00edt a T1D \u00e1ltal \u00e9rintett emberek milli\u00f3i sz\u00e1m\u00e1ra&#8221; <\/em>&#8211; Catherine Francolini<\/p>\n<p><em>&#8220;A ker\u00e9kp\u00e1roz\u00e1s megtan\u00edtott arra, hogy olyannak szeressem a testemet, amilyen, \u00e9s arra koncentr\u00e1ljak, amit meg tud tenni, ahelyett, amire nem k\u00e9pes. V\u00e9g\u00fcl, a bicikliz\u00e9s \u00e1ltal majdnem 50 kil\u00f3t fogytam, mindezt \u00fagy, hogy k\u00f6zben szeretettel \u00e9s tisztelettel tekintettem a testemre. Most m\u00e1r m\u00e1s n\u0151knek seg\u00edtek ilyen m\u00f3don lefogyni. Csod\u00e1latos \u00e9rz\u00e9s megmutatni ezeknek a n\u0151knek, hogy hogyan tudj\u00e1k feldobni, nem pedig leh\u00fazni magukat&#8221;<\/em> &#8211; Stacy Ann Smith<\/p>\n<p style=\"font-weight: 400;\">Hatalmas k\u00f6sz\u00f6net mindenkinek, aki hozz\u00e1j\u00e1rult ehhez a cikkhez! Im\u00e1djuk a ker\u00e9kp\u00e1ros k\u00f6z\u00f6ss\u00e9g\u00fcnk vad soksz\u00edn\u0171s\u00e9g\u00e9t \u00e9s azt, hogy ez a sport milyen sokf\u00e9lek\u00e9ppen k\u00e9pes v\u00e1ltoz\u00e1st eredm\u00e9nyezni egy ember \u00e9let\u00e9ben.<\/p>\n","protected":false},"excerpt":{"rendered":"<p>A ker\u00e9kp\u00e1roz\u00e1s seg\u00edt, hogy kil\u00e9pj a komfortz\u00f3n\u00e1db\u00f3l, \u00e9s olyan kalandokba \u00e9s \u00e9lm\u00e9nyekbe keveredj, melyekr\u0151l eddig \u00e1lmodni sem mert\u00e9l. A k\u00e9t [&hellip;]<\/p>\n","protected":false},"author":71,"featured_media":17247,"comment_status":"open","ping_status":"open","sticky":false,"template":"","format":"standard","meta":{"footnotes":""},"categories":[12],"tags":[],"global-categories":[],"class_list":["post-17246","post","type-post","status-publish","format-standard","has-post-thumbnail","hentry","category-kozosseg-es-kultura"],"yoast_head":"<!-- This site is optimized with the Yoast SEO Premium plugin v25.3 (Yoast SEO v25.9) - https:\/\/yoast.com\/wordpress\/plugins\/seo\/ -->\n<title>Dolgok, amikr\u0151l sosem gondoltuk volna, hogy csin\u00e1lni fogjuk, miel\u0151tt ker\u00e9kp\u00e1rozni kezdt\u00fcnk<\/title>\n<meta name=\"description\" content=\"A ker\u00e9kp\u00e1roz\u00e1s seg\u00edt, hogy kil\u00e9pj a komfortz\u00f3n\u00e1db\u00f3l, \u00e9s olyan kalandokba \u00e9s \u00e9lm\u00e9nyekbe keveredj, melyekr\u0151l eddig \u00e1lmodni sem mert\u00e9l. A k\u00e9t ker\u00e9ken val\u00f3 \u00e9letet k\u00e9ts\u00e9gtelen\u00fcl meg kell szokni, de ha egyszer elfogadod mindazt, amit k\u00edn\u00e1l, el sem tudod k\u00e9pzelni, mi mindent \u00e9rhetsz majd el vele.\" \/>\n<meta name=\"robots\" content=\"index, follow, max-snippet:-1, max-image-preview:large, max-video-preview:-1\" \/>\n<link rel=\"canonical\" href=\"https:\/\/www.welovecycling.com\/hu\/kozosseg-es-kultura\/dolgok-amikrol-sosem-gondoltuk-volna-hogy-csinalni-fogjuk-mielott-kerekparozni-kezdtunk\/\" \/>\n<meta property=\"og:locale\" content=\"hu_HU\" \/>\n<meta property=\"og:type\" content=\"article\" \/>\n<meta property=\"og:title\" content=\"Dolgok, amikr\u0151l sosem gondoltuk volna, hogy csin\u00e1lni fogjuk, miel\u0151tt ker\u00e9kp\u00e1rozni kezdt\u00fcnk\" \/>\n<meta property=\"og:description\" content=\"A ker\u00e9kp\u00e1roz\u00e1s seg\u00edt, hogy kil\u00e9pj a komfortz\u00f3n\u00e1db\u00f3l, \u00e9s olyan kalandokba \u00e9s \u00e9lm\u00e9nyekbe keveredj, melyekr\u0151l eddig \u00e1lmodni sem mert\u00e9l. A k\u00e9t ker\u00e9ken val\u00f3 \u00e9letet k\u00e9ts\u00e9gtelen\u00fcl meg kell szokni, de ha egyszer elfogadod mindazt, amit k\u00edn\u00e1l, el sem tudod k\u00e9pzelni, mi mindent \u00e9rhetsz majd el vele.\" \/>\n<meta property=\"og:url\" content=\"https:\/\/www.welovecycling.com\/hu\/kozosseg-es-kultura\/dolgok-amikrol-sosem-gondoltuk-volna-hogy-csinalni-fogjuk-mielott-kerekparozni-kezdtunk\/\" \/>\n<meta property=\"og:site_name\" content=\"\u0160koda We Love Cycling - Magyarorsz\u00e1g\" \/>\n<meta property=\"article:publisher\" content=\"https:\/\/www.facebook.com\/WeLoveCyclingHungary\/\" \/>\n<meta property=\"article:published_time\" content=\"2023-04-21T06:00:01+00:00\" \/>\n<meta property=\"og:image\" content=\"https:\/\/d2p6e6u75xmxt8.cloudfront.net\/12\/2023\/04\/MTB-Child-profimedia-0767550614-CVR.webp\" \/>\n\t<meta property=\"og:image:width\" content=\"990\" \/>\n\t<meta property=\"og:image:height\" content=\"660\" \/>\n\t<meta property=\"og:image:type\" content=\"image\/webp\" \/>\n<meta name=\"author\" content=\"hegyizs\" \/>\n<meta name=\"twitter:card\" content=\"summary_large_image\" \/>\n<meta name=\"twitter:label1\" content=\"Written by\" \/>\n\t<meta name=\"twitter:data1\" content=\"Megan Flottorp\" \/>\n\t<meta name=\"twitter:label2\" content=\"Est. reading time\" \/>\n\t<meta name=\"twitter:data2\" content=\"5\" \/>\n<script type=\"application\/ld+json\" class=\"yoast-schema-graph\">{\"@context\":\"https:\/\/schema.org\",\"@graph\":[{\"@type\":\"WebPage\",\"@id\":\"https:\/\/www.welovecycling.com\/hu\/kozosseg-es-kultura\/dolgok-amikrol-sosem-gondoltuk-volna-hogy-csinalni-fogjuk-mielott-kerekparozni-kezdtunk\/\",\"url\":\"https:\/\/www.welovecycling.com\/hu\/kozosseg-es-kultura\/dolgok-amikrol-sosem-gondoltuk-volna-hogy-csinalni-fogjuk-mielott-kerekparozni-kezdtunk\/\",\"name\":\"Dolgok, amikr\u0151l sosem gondoltuk volna, hogy csin\u00e1lni fogjuk, miel\u0151tt ker\u00e9kp\u00e1rozni kezdt\u00fcnk\",\"isPartOf\":{\"@id\":\"https:\/\/www.welovecycling.com\/hu\/#website\"},\"primaryImageOfPage\":{\"@id\":\"https:\/\/www.welovecycling.com\/hu\/kozosseg-es-kultura\/dolgok-amikrol-sosem-gondoltuk-volna-hogy-csinalni-fogjuk-mielott-kerekparozni-kezdtunk\/#primaryimage\"},\"image\":{\"@id\":\"https:\/\/www.welovecycling.com\/hu\/kozosseg-es-kultura\/dolgok-amikrol-sosem-gondoltuk-volna-hogy-csinalni-fogjuk-mielott-kerekparozni-kezdtunk\/#primaryimage\"},\"thumbnailUrl\":\"https:\/\/d2p6e6u75xmxt8.cloudfront.net\/12\/2023\/04\/MTB-Child-profimedia-0767550614-CVR.webp\",\"datePublished\":\"2023-04-21T06:00:01+00:00\",\"author\":{\"@id\":\"https:\/\/www.welovecycling.com\/hu\/#\/schema\/person\/414a2aebf1801691a5320edb6468e194\"},\"description\":\"A ker\u00e9kp\u00e1roz\u00e1s seg\u00edt, hogy kil\u00e9pj a komfortz\u00f3n\u00e1db\u00f3l, \u00e9s olyan kalandokba \u00e9s \u00e9lm\u00e9nyekbe keveredj, melyekr\u0151l eddig \u00e1lmodni sem mert\u00e9l. A k\u00e9t ker\u00e9ken val\u00f3 \u00e9letet k\u00e9ts\u00e9gtelen\u00fcl meg kell szokni, de ha egyszer elfogadod mindazt, amit k\u00edn\u00e1l, el sem tudod k\u00e9pzelni, mi mindent \u00e9rhetsz majd el vele.\",\"breadcrumb\":{\"@id\":\"https:\/\/www.welovecycling.com\/hu\/kozosseg-es-kultura\/dolgok-amikrol-sosem-gondoltuk-volna-hogy-csinalni-fogjuk-mielott-kerekparozni-kezdtunk\/#breadcrumb\"},\"inLanguage\":\"hu\",\"potentialAction\":[{\"@type\":\"ReadAction\",\"target\":[\"https:\/\/www.welovecycling.com\/hu\/kozosseg-es-kultura\/dolgok-amikrol-sosem-gondoltuk-volna-hogy-csinalni-fogjuk-mielott-kerekparozni-kezdtunk\/\"]}]},{\"@type\":\"ImageObject\",\"inLanguage\":\"hu\",\"@id\":\"https:\/\/www.welovecycling.com\/hu\/kozosseg-es-kultura\/dolgok-amikrol-sosem-gondoltuk-volna-hogy-csinalni-fogjuk-mielott-kerekparozni-kezdtunk\/#primaryimage\",\"url\":\"https:\/\/d2p6e6u75xmxt8.cloudfront.net\/12\/2023\/04\/MTB-Child-profimedia-0767550614-CVR.webp\",\"contentUrl\":\"https:\/\/d2p6e6u75xmxt8.cloudfront.net\/12\/2023\/04\/MTB-Child-profimedia-0767550614-CVR.webp\",\"width\":990,\"height\":660,\"caption\":\"A boy on a MTB\"},{\"@type\":\"BreadcrumbList\",\"@id\":\"https:\/\/www.welovecycling.com\/hu\/kozosseg-es-kultura\/dolgok-amikrol-sosem-gondoltuk-volna-hogy-csinalni-fogjuk-mielott-kerekparozni-kezdtunk\/#breadcrumb\",\"itemListElement\":[{\"@type\":\"ListItem\",\"position\":1,\"name\":\"Home\",\"item\":\"https:\/\/www.welovecycling.com\/hu\/\"},{\"@type\":\"ListItem\",\"position\":2,\"name\":\"Dolgok, amikr\u0151l sosem gondoltuk volna, hogy csin\u00e1lni fogjuk, miel\u0151tt ker\u00e9kp\u00e1rozni kezdt\u00fcnk\"}]},{\"@type\":\"WebSite\",\"@id\":\"https:\/\/www.welovecycling.com\/hu\/#website\",\"url\":\"https:\/\/www.welovecycling.com\/hu\/\",\"name\":\"\u0160koda We Love Cycling - Magyarorsz\u00e1g\",\"description\":\"\u0160koda WeLoveCycling\",\"potentialAction\":[{\"@type\":\"SearchAction\",\"target\":{\"@type\":\"EntryPoint\",\"urlTemplate\":\"https:\/\/www.welovecycling.com\/hu\/?s={search_term_string}\"},\"query-input\":{\"@type\":\"PropertyValueSpecification\",\"valueRequired\":true,\"valueName\":\"search_term_string\"}}],\"inLanguage\":\"hu\"},{\"@type\":\"Person\",\"@id\":\"https:\/\/www.welovecycling.com\/hu\/#\/schema\/person\/414a2aebf1801691a5320edb6468e194\",\"name\":\"hegyizs\",\"image\":{\"@type\":\"ImageObject\",\"inLanguage\":\"hu\",\"@id\":\"https:\/\/www.welovecycling.com\/hu\/#\/schema\/person\/image\/\",\"url\":\"https:\/\/secure.gravatar.com\/avatar\/02cf8a7906b8cf90cecb4679defac7cfd33a1c2e3b88e4903d947f3bb58eedd3?s=96&d=mm&r=g\",\"contentUrl\":\"https:\/\/secure.gravatar.com\/avatar\/02cf8a7906b8cf90cecb4679defac7cfd33a1c2e3b88e4903d947f3bb58eedd3?s=96&d=mm&r=g\",\"caption\":\"hegyizs\"},\"url\":\"https:\/\/www.welovecycling.com\/hu\/author\/hegyizs\/\"}]}<\/script>\n<!-- \/ Yoast SEO Premium plugin. -->","yoast_head_json":{"title":"Dolgok, amikr\u0151l sosem gondoltuk volna, hogy csin\u00e1lni fogjuk, miel\u0151tt ker\u00e9kp\u00e1rozni kezdt\u00fcnk","description":"A ker\u00e9kp\u00e1roz\u00e1s seg\u00edt, hogy kil\u00e9pj a komfortz\u00f3n\u00e1db\u00f3l, \u00e9s olyan kalandokba \u00e9s \u00e9lm\u00e9nyekbe keveredj, melyekr\u0151l eddig \u00e1lmodni sem mert\u00e9l. A k\u00e9t ker\u00e9ken val\u00f3 \u00e9letet k\u00e9ts\u00e9gtelen\u00fcl meg kell szokni, de ha egyszer elfogadod mindazt, amit k\u00edn\u00e1l, el sem tudod k\u00e9pzelni, mi mindent \u00e9rhetsz majd el vele.","robots":{"index":"index","follow":"follow","max-snippet":"max-snippet:-1","max-image-preview":"max-image-preview:large","max-video-preview":"max-video-preview:-1"},"canonical":"https:\/\/www.welovecycling.com\/hu\/kozosseg-es-kultura\/dolgok-amikrol-sosem-gondoltuk-volna-hogy-csinalni-fogjuk-mielott-kerekparozni-kezdtunk\/","og_locale":"hu_HU","og_type":"article","og_title":"Dolgok, amikr\u0151l sosem gondoltuk volna, hogy csin\u00e1lni fogjuk, miel\u0151tt ker\u00e9kp\u00e1rozni kezdt\u00fcnk","og_description":"A ker\u00e9kp\u00e1roz\u00e1s seg\u00edt, hogy kil\u00e9pj a komfortz\u00f3n\u00e1db\u00f3l, \u00e9s olyan kalandokba \u00e9s \u00e9lm\u00e9nyekbe keveredj, melyekr\u0151l eddig \u00e1lmodni sem mert\u00e9l. A k\u00e9t ker\u00e9ken val\u00f3 \u00e9letet k\u00e9ts\u00e9gtelen\u00fcl meg kell szokni, de ha egyszer elfogadod mindazt, amit k\u00edn\u00e1l, el sem tudod k\u00e9pzelni, mi mindent \u00e9rhetsz majd el vele.","og_url":"https:\/\/www.welovecycling.com\/hu\/kozosseg-es-kultura\/dolgok-amikrol-sosem-gondoltuk-volna-hogy-csinalni-fogjuk-mielott-kerekparozni-kezdtunk\/","og_site_name":"\u0160koda We Love Cycling - Magyarorsz\u00e1g","article_publisher":"https:\/\/www.facebook.com\/WeLoveCyclingHungary\/","article_published_time":"2023-04-21T06:00:01+00:00","og_image":[{"width":990,"height":660,"url":"https:\/\/d2p6e6u75xmxt8.cloudfront.net\/12\/2023\/04\/MTB-Child-profimedia-0767550614-CVR.webp","type":"image\/webp"}],"author":"hegyizs","twitter_card":"summary_large_image","twitter_misc":{"Written by":"Megan Flottorp","Est. reading time":"5"},"schema":{"@context":"https:\/\/schema.org","@graph":[{"@type":"WebPage","@id":"https:\/\/www.welovecycling.com\/hu\/kozosseg-es-kultura\/dolgok-amikrol-sosem-gondoltuk-volna-hogy-csinalni-fogjuk-mielott-kerekparozni-kezdtunk\/","url":"https:\/\/www.welovecycling.com\/hu\/kozosseg-es-kultura\/dolgok-amikrol-sosem-gondoltuk-volna-hogy-csinalni-fogjuk-mielott-kerekparozni-kezdtunk\/","name":"Dolgok, amikr\u0151l sosem gondoltuk volna, hogy csin\u00e1lni fogjuk, miel\u0151tt ker\u00e9kp\u00e1rozni kezdt\u00fcnk","isPartOf":{"@id":"https:\/\/www.welovecycling.com\/hu\/#website"},"primaryImageOfPage":{"@id":"https:\/\/www.welovecycling.com\/hu\/kozosseg-es-kultura\/dolgok-amikrol-sosem-gondoltuk-volna-hogy-csinalni-fogjuk-mielott-kerekparozni-kezdtunk\/#primaryimage"},"image":{"@id":"https:\/\/www.welovecycling.com\/hu\/kozosseg-es-kultura\/dolgok-amikrol-sosem-gondoltuk-volna-hogy-csinalni-fogjuk-mielott-kerekparozni-kezdtunk\/#primaryimage"},"thumbnailUrl":"https:\/\/d2p6e6u75xmxt8.cloudfront.net\/12\/2023\/04\/MTB-Child-profimedia-0767550614-CVR.webp","datePublished":"2023-04-21T06:00:01+00:00","author":{"@id":"https:\/\/www.welovecycling.com\/hu\/#\/schema\/person\/414a2aebf1801691a5320edb6468e194"},"description":"A ker\u00e9kp\u00e1roz\u00e1s seg\u00edt, hogy kil\u00e9pj a komfortz\u00f3n\u00e1db\u00f3l, \u00e9s olyan kalandokba \u00e9s \u00e9lm\u00e9nyekbe keveredj, melyekr\u0151l eddig \u00e1lmodni sem mert\u00e9l. A k\u00e9t ker\u00e9ken val\u00f3 \u00e9letet k\u00e9ts\u00e9gtelen\u00fcl meg kell szokni, de ha egyszer elfogadod mindazt, amit k\u00edn\u00e1l, el sem tudod k\u00e9pzelni, mi mindent \u00e9rhetsz majd el vele.","breadcrumb":{"@id":"https:\/\/www.welovecycling.com\/hu\/kozosseg-es-kultura\/dolgok-amikrol-sosem-gondoltuk-volna-hogy-csinalni-fogjuk-mielott-kerekparozni-kezdtunk\/#breadcrumb"},"inLanguage":"hu","potentialAction":[{"@type":"ReadAction","target":["https:\/\/www.welovecycling.com\/hu\/kozosseg-es-kultura\/dolgok-amikrol-sosem-gondoltuk-volna-hogy-csinalni-fogjuk-mielott-kerekparozni-kezdtunk\/"]}]},{"@type":"ImageObject","inLanguage":"hu","@id":"https:\/\/www.welovecycling.com\/hu\/kozosseg-es-kultura\/dolgok-amikrol-sosem-gondoltuk-volna-hogy-csinalni-fogjuk-mielott-kerekparozni-kezdtunk\/#primaryimage","url":"https:\/\/d2p6e6u75xmxt8.cloudfront.net\/12\/2023\/04\/MTB-Child-profimedia-0767550614-CVR.webp","contentUrl":"https:\/\/d2p6e6u75xmxt8.cloudfront.net\/12\/2023\/04\/MTB-Child-profimedia-0767550614-CVR.webp","width":990,"height":660,"caption":"A boy on a MTB"},{"@type":"BreadcrumbList","@id":"https:\/\/www.welovecycling.com\/hu\/kozosseg-es-kultura\/dolgok-amikrol-sosem-gondoltuk-volna-hogy-csinalni-fogjuk-mielott-kerekparozni-kezdtunk\/#breadcrumb","itemListElement":[{"@type":"ListItem","position":1,"name":"Home","item":"https:\/\/www.welovecycling.com\/hu\/"},{"@type":"ListItem","position":2,"name":"Dolgok, amikr\u0151l sosem gondoltuk volna, hogy csin\u00e1lni fogjuk, miel\u0151tt ker\u00e9kp\u00e1rozni kezdt\u00fcnk"}]},{"@type":"WebSite","@id":"https:\/\/www.welovecycling.com\/hu\/#website","url":"https:\/\/www.welovecycling.com\/hu\/","name":"\u0160koda We Love Cycling - Magyarorsz\u00e1g","description":"\u0160koda WeLoveCycling","potentialAction":[{"@type":"SearchAction","target":{"@type":"EntryPoint","urlTemplate":"https:\/\/www.welovecycling.com\/hu\/?s={search_term_string}"},"query-input":{"@type":"PropertyValueSpecification","valueRequired":true,"valueName":"search_term_string"}}],"inLanguage":"hu"},{"@type":"Person","@id":"https:\/\/www.welovecycling.com\/hu\/#\/schema\/person\/414a2aebf1801691a5320edb6468e194","name":"hegyizs","image":{"@type":"ImageObject","inLanguage":"hu","@id":"https:\/\/www.welovecycling.com\/hu\/#\/schema\/person\/image\/","url":"https:\/\/secure.gravatar.com\/avatar\/02cf8a7906b8cf90cecb4679defac7cfd33a1c2e3b88e4903d947f3bb58eedd3?s=96&d=mm&r=g","contentUrl":"https:\/\/secure.gravatar.com\/avatar\/02cf8a7906b8cf90cecb4679defac7cfd33a1c2e3b88e4903d947f3bb58eedd3?s=96&d=mm&r=g","caption":"hegyizs"},"url":"https:\/\/www.welovecycling.com\/hu\/author\/hegyizs\/"}]}},"_links":{"self":[{"href":"https:\/\/www.welovecycling.com\/hu\/wp-json\/wp\/v2\/posts\/17246","targetHints":{"allow":["GET"]}}],"collection":[{"href":"https:\/\/www.welovecycling.com\/hu\/wp-json\/wp\/v2\/posts"}],"about":[{"href":"https:\/\/www.welovecycling.com\/hu\/wp-json\/wp\/v2\/types\/post"}],"author":[{"embeddable":true,"href":"https:\/\/www.welovecycling.com\/hu\/wp-json\/wp\/v2\/users\/71"}],"replies":[{"embeddable":true,"href":"https:\/\/www.welovecycling.com\/hu\/wp-json\/wp\/v2\/comments?post=17246"}],"version-history":[{"count":1,"href":"https:\/\/www.welovecycling.com\/hu\/wp-json\/wp\/v2\/posts\/17246\/revisions"}],"predecessor-version":[{"id":17248,"href":"https:\/\/www.welovecycling.com\/hu\/wp-json\/wp\/v2\/posts\/17246\/revisions\/17248"}],"wp:featuredmedia":[{"embeddable":true,"href":"https:\/\/www.welovecycling.com\/hu\/wp-json\/wp\/v2\/media\/17247"}],"wp:attachment":[{"href":"https:\/\/www.welovecycling.com\/hu\/wp-json\/wp\/v2\/media?parent=17246"}],"wp:term":[{"taxonomy":"category","embeddable":true,"href":"https:\/\/www.welovecycling.com\/hu\/wp-json\/wp\/v2\/categories?post=17246"},{"taxonomy":"post_tag","embeddable":true,"href":"https:\/\/www.welovecycling.com\/hu\/wp-json\/wp\/v2\/tags?post=17246"},{"taxonomy":"global-categories","embeddable":true,"href":"https:\/\/www.welovecycling.com\/hu\/wp-json\/wp\/v2\/global-categories?post=17246"}],"curies":[{"name":"wp","href":"https:\/\/api.w.org\/{rel}","templated":true}]}}