{"id":17238,"date":"2023-04-18T08:00:27","date_gmt":"2023-04-18T06:00:27","guid":{"rendered":"https:\/\/www.welovecycling.com\/hu\/?p=17238"},"modified":"2023-04-14T14:22:06","modified_gmt":"2023-04-14T12:22:06","slug":"kerekpararak-merre-tart-a-kerekparpiac-2023-ban","status":"publish","type":"post","link":"https:\/\/www.welovecycling.com\/hu\/kozosseg-es-kultura\/kerekpararak-merre-tart-a-kerekparpiac-2023-ban\/","title":{"rendered":"Ker\u00e9kp\u00e1r\u00e1rak &#8211; Merre tart a ker\u00e9kp\u00e1rpiac 2023-ban?"},"content":{"rendered":"<p><strong>Az eladott ker\u00e9kp\u00e1rok t\u00edpusa \u00e9s sz\u00e1ma nemcsak az \u00e9vszakt\u00f3l, hanem att\u00f3l f\u00fcgg\u0151en is v\u00e1ltozik, hogy mi \u00e9ppen a &#8220;divatos&#8221; az adott id\u0151szakban. Ami pedig az \u00e1rakat illeti, a gazdas\u00e1got eln\u00e9zve nyugodtan felt\u00e9telezhetj\u00fck, hogy mint minden m\u00e1s, a ker\u00e9kp\u00e1r\u00e1rak is folyamatosan emelkednek majd. De vajon t\u00e9nyleg \u00edgy lesz?<\/strong><\/p>\n<p><!--more--><\/p>\n<p>El\u0151sz\u00f6r is, egy kis t\u00f6rt\u00e9nelem. Tal\u00e1n eml\u00e9kszel m\u00e9g a 2020-as nagy ker\u00e9kp\u00e1rhi\u00e1nyra. Azokra a napokra, amikor m\u00e9g a haszn\u00e1lt biciklik \u00e1ra is felsz\u00f6k\u00f6tt, mert olyan neh\u00e9z volt hozz\u00e1juk jutni. \u00dagy t\u0171nt, az eg\u00e9sz vil\u00e1g ker\u00e9kp\u00e1rozni kezdett, \u00e9s nemhogy a bring\u00e1kat, m\u00e9g a p\u00f3talkatr\u00e9szeket is \u00fagy kellett keresg\u00e9lni. A gy\u00e1rt\u00e1s le\u00e1llt\u00e1val a ker\u00e9kp\u00e1rhi\u00e1ny elker\u00fclhetetlen volt, \u00e9s erre nem volt felk\u00e9sz\u00fclve a vil\u00e1g.<\/p>\n<p>Az olyan esem\u00e9nyek pedig, mint a vil\u00e1gj\u00e1rv\u00e1ny \u00e9s a v\u00e1mmentes uni\u00f3s kereskedelem megsz\u0171n\u00e9se szint\u00e9n k\u00fcl\u00f6nb\u00f6z\u0151 m\u00f3dokon befoly\u00e1solt\u00e1k a gazdas\u00e1got, ami al\u00f3l a ker\u00e9kp\u00e1rpiac sem volt kiv\u00e9tel. Az emberek azt rem\u00e9lt\u00e9k, ezek a hat\u00e1sok r\u00f6vid \u00e9let\u0171ek lesznek, \u00e9s b\u00e1r a ker\u00e9kp\u00e1rhi\u00e1ny bizonyos m\u00e9rt\u00e9kig normaliz\u00e1l\u00f3dott, a negat\u00edv hat\u00e1sok tov\u00e1bbra is jelent\u0151sek maradtak.<\/p>\n<p>Miut\u00e1n 2020-ban az Egyes\u00fclt Kir\u00e1lys\u00e1gban 60%-kal n\u0151tt a ker\u00e9kp\u00e1relad\u00e1sok sz\u00e1ma, a ker\u00e9kp\u00e1rboltok bizonytalanokk\u00e1 v\u00e1ltak azt illet\u0151en, hogy hogyan tervezzenek a k\u00f6vetkez\u0151 \u00e9vre. Vajon meddig tart m\u00e9g az emberek ker\u00e9kp\u00e1roz\u00e1s ir\u00e1nti szeretete? A ker\u00e9kp\u00e1roz\u00f3 emberek befoly\u00e1ssal lesznek azokra, akik m\u00e9g nem haszn\u00e1lnak biciklit \u00e9s folytat\u00f3dni fog ez a n\u00f6veked\u00e9s? Neh\u00e9z volt megb\u00edzhat\u00f3 v\u00e1laszokat adni ezekre a k\u00e9rd\u00e9sekre, mindazon\u00e1ltal, a legt\u00f6bben v\u00e9g\u00fcl azzal a kil\u00e1t\u00e1ssal terveztek el\u0151re, hogy a ker\u00e9kp\u00e1roz\u00e1s ir\u00e1nti vil\u00e1gm\u00e9ret\u0171 szerelem folytat\u00f3dni fog.<\/p>\n<p>Mi is rem\u00e9nyteliek voltunk, \u00e9s n\u00e9mi stabilit\u00e1st v\u00e1rtunk ezut\u00e1n az id\u0151szak ut\u00e1n. De sajnos csal\u00f3dnunk kellett, mint mindenki m\u00e1snak. A ker\u00e9kp\u00e1rok \u00e1ra ism\u00e9t emelkedett. Oroszorsz\u00e1g Ukrajn\u00e1val folytatott h\u00e1bor\u00faja szint\u00e9n hozz\u00e1j\u00e1rult az energiak\u00f6lts\u00e9gek jelent\u0151s emelked\u00e9s\u00e9hez, ami hat\u00e1ssal volt a gy\u00e1rt\u00e1si k\u00f6lts\u00e9gekre, melyeket azt\u00e1n a v\u00e1s\u00e1rl\u00f3kra h\u00e1r\u00edtottak. Azaz, az \u00e1rak tov\u00e1bb n\u0151ttek.<\/p>\n<p>Ez mind el\u00e9g rossz h\u00edr, de az\u00e9rt pozit\u00edv v\u00e1ltoz\u00e1sok is t\u00f6rt\u00e9ntek.<\/p>\n<figure id=\"attachment_16576\" aria-describedby=\"caption-attachment-16576\" style=\"width: 990px\" class=\"wp-caption alignnone\"><a href=\"https:\/\/d2p6e6u75xmxt8.cloudfront.net\/12\/2022\/12\/Urban-Cycling-Group-profimedia-0739513099-CVR.webp\"><img loading=\"lazy\" decoding=\"async\" class=\"wp-image-16576 size-full\" src=\"https:\/\/d2p6e6u75xmxt8.cloudfront.net\/12\/2022\/12\/Urban-Cycling-Group-profimedia-0739513099-CVR.webp\" alt=\"Urban Cycling\" width=\"990\" height=\"660\" srcset=\"https:\/\/d2p6e6u75xmxt8.cloudfront.net\/12\/2022\/12\/Urban-Cycling-Group-profimedia-0739513099-CVR.webp 990w, https:\/\/d2p6e6u75xmxt8.cloudfront.net\/12\/2022\/12\/Urban-Cycling-Group-profimedia-0739513099-CVR-300x200.webp 300w, https:\/\/d2p6e6u75xmxt8.cloudfront.net\/12\/2022\/12\/Urban-Cycling-Group-profimedia-0739513099-CVR-768x512.webp 768w, https:\/\/d2p6e6u75xmxt8.cloudfront.net\/12\/2022\/12\/Urban-Cycling-Group-profimedia-0739513099-CVR-272x182.webp 272w\" sizes=\"auto, (max-width: 990px) 100vw, 990px\" \/><\/a><figcaption id=\"caption-attachment-16576\" class=\"wp-caption-text\">A j\u00e1rv\u00e1ny szinte mindenkit ker\u00e9kp\u00e1ross\u00e1 tett. \u00a9 Profimedia<\/figcaption><\/figure>\n<p>Vil\u00e1gszerte folyamatosan n\u0151 a ker\u00e9kp\u00e1roz\u00f3k sz\u00e1ma. Ennek t\u00f6bb oka is van:<\/p>\n<ul>\n<li><strong>Fitnesz:<\/strong> Sokan felismerik, hogy a fitts\u00e9g szempontj\u00e1b\u00f3l milyen \u00e9rt\u00e9kes tev\u00e9kenys\u00e9g a ker\u00e9kp\u00e1roz\u00e1s, ez\u00e9rt el\u0151szeretettel v\u00e1lasztj\u00e1k a bicikliz\u00e9st mind szabadid\u0151s programokhoz, mind k\u00f6zleked\u00e9si eszk\u00f6zk\u00e9nt.<\/li>\n<li><strong>Jobb infrastrukt\u00fara:<\/strong> Minden\u00fctt egyre t\u00f6bb a ker\u00e9kp\u00e1r\u00fat, \u00e9s a t\u00f6megk\u00f6zleked\u00e9si eszk\u00f6z\u00f6kre is egyre t\u00f6bb helyen engednek fel biciklitl. Egyes korm\u00e1nyok m\u00e9g t\u00e1mogat\u00e1st is adnak, hogy az emberek olcs\u00f3bban tudjanak ker\u00e9kp\u00e1rt v\u00e1s\u00e1rolni.<\/li>\n<li><strong>Ker\u00e9kp\u00e1rmegoszt\u00e1s:<\/strong> A m\u00faltban sok c\u00e9g nem tudta megval\u00f3s\u00edtani az elk\u00e9pzelt ker\u00e9kp\u00e1rmegoszt\u00e1si rendszereket, a j\u00f6v\u0151ben viszont az \u00fczemeltet\u0151k terveznek vel\u00fck. Ezek a rendszerek cs\u00f6kkentett kapacit\u00e1ssal, viszont jobb vandalizmus elleni szerkezettel fognak m\u0171k\u00f6dni. Ezen t\u00falmen\u0151en az okostelefonok \u00e9s GPS eszk\u00f6z\u00f6k fejl\u0151d\u00e9se n\u00f6veli az alkalmaz\u00e1salap\u00fa, dokkol\u00f3 n\u00e9lk\u00fcli megoszt\u00e1si rendszerek el\u00e9rhet\u0151s\u00e9g\u00e9t, melyek vil\u00e1gszerte n\u00e9pszer\u0171nek bizonyulnak.<\/li>\n<li><strong>N\u0151kre szabott ker\u00e9kp\u00e1rok:<\/strong> Egyre t\u00f6bb gy\u00e1rt\u00f3 ismeri fel, hogy a n\u0151kre szabott ker\u00e9kp\u00e1rok nagyon j\u00f3l m\u0171k\u00f6dnek, \u00e9s lehet\u0151s\u00e9get teremtenek arra, hogy t\u00f6bb n\u0151 v\u00e1lassza a bicikliz\u00e9st.<\/li>\n<li><strong>Ebike-ok:<\/strong> Az elektromos ker\u00e9kp\u00e1rok folyamatosan fejl\u0151dnek, \u00e9s mindenf\u00e9le ember k\u00f6r\u00e9ben egyre n\u00e9pszer\u0171bb\u00e9 v\u00e1lnak. Ennek oka, hogy a gy\u00e1rt\u00f3k k\u00f6nnyen hozz\u00e1f\u00e9rhet\u0151 \u00e9s ir\u00e1ny\u00edthat\u00f3, jobb akkumul\u00e1torral rendelkez\u0151 modelleket k\u00e9sz\u00edtenek, melyek &#8211; a min\u00e9l kellemesebb sport\u00e9lm\u00e9ny \u00e9rdek\u00e9ben &#8211; v\u00e1ltozatos terepeket k\u00edn\u00e1lnak.<\/li>\n<\/ul>\n<p>Mindezek egy\u00fcttesen azt jelentik, hogy a ker\u00e9kp\u00e1relad\u00e1sok v\u00e1rhat\u00f3an tov\u00e1bb n\u0151nek majd. A n\u00f6vekv\u0151 kereslettel azonban egy\u00fctt j\u00e1r az \u00e1rak emelked\u00e9se is.<\/p>\n<p>Egyesek szerint a ker\u00e9kp\u00e1r\u00e1rak cs\u00f6kkentek. Ez az\u00e9rt t\u0171nhet \u00edgy, mert a 2020-as ker\u00e9kp\u00e1rhi\u00e1nyt k\u00f6vet\u0151en a bicikliboltok rengeteg n\u00e9gykerek\u0171t halmoztak fel, att\u00f3l tartva, hogy a t\u00f6rt\u00e9nelem megism\u00e9tli \u00f6nmag\u00e1t. Most, annak \u00e9rdek\u00e9ben, hogy megszabaduljanak a felesleges k\u00e9szlett\u0151l, \u00e9s helyet csin\u00e1ljanak az \u00fajabb modelleknek, k\u00e9nytelenek lehetnek olcs\u00f3bban \u00e9rt\u00e9kes\u00edteni a term\u00e9keiket.<\/p>\n<p>Val\u00f3j\u00e1ban azonban az \u00e1rak magasabbak, de ez nem is meglep\u0151. Egy kis \u00f6r\u00f6m az \u00fcr\u00f6mben, hogy a k\u00edn\u00e1lat viszont hihetetlen\u00fcl nagy, r\u00e1ad\u00e1sul j\u00f3 min\u0151s\u00e9g\u0171 ker\u00e9kp\u00e1rokb\u00f3l \u00e1ll, valamint, hogy az elm\u00falt \u00e9vekhez k\u00e9pest j\u00f3val t\u00f6bb &#8211; \u00e9s az emberek mindenf\u00e9le t\u00edpus\u00e1t k\u00e9pvisel\u0151 &#8211; bring\u00e1s tark\u00edtja az utakat.<\/p>\n<p>V\u00e9gs\u0151 soron min\u00e9l t\u00f6bben ker\u00e9kp\u00e1roznak, ann\u00e1l jobb. A n\u00f6veked\u00e9s \u00fcteme valamikor biztosan lelassul, \u00e9s akkor majd az \u00e1rak is lejjebb mennek. De addig is, egy kicsit m\u00e9lyebben kell a zseb\u00fcnkbe ny\u00falnunk, ha egy \u00faj, csillog\u00f3 ker\u00e9kp\u00e1rt szeretn\u00e9nk.<\/p>\n","protected":false},"excerpt":{"rendered":"<p>Az eladott ker\u00e9kp\u00e1rok t\u00edpusa \u00e9s sz\u00e1ma nemcsak az \u00e9vszakt\u00f3l, hanem att\u00f3l f\u00fcgg\u0151en is v\u00e1ltozik, hogy mi \u00e9ppen a &#8220;divatos&#8221; az [&hellip;]<\/p>\n","protected":false},"author":71,"featured_media":17240,"comment_status":"open","ping_status":"open","sticky":false,"template":"","format":"standard","meta":{"footnotes":""},"categories":[12],"tags":[],"global-categories":[],"class_list":["post-17238","post","type-post","status-publish","format-standard","has-post-thumbnail","hentry","category-kozosseg-es-kultura"],"yoast_head":"<!-- This site is optimized with the Yoast SEO Premium plugin v25.3 (Yoast SEO v25.9) - https:\/\/yoast.com\/wordpress\/plugins\/seo\/ -->\n<title>Ker\u00e9kp\u00e1r\u00e1rak - Merre tart a ker\u00e9kp\u00e1rpiac 2023-ban?<\/title>\n<meta name=\"description\" content=\"Az eladott ker\u00e9kp\u00e1rok t\u00edpusa \u00e9s sz\u00e1ma nemcsak az \u00e9vszakt\u00f3l, hanem att\u00f3l f\u00fcgg\u0151en is v\u00e1ltozik, hogy mi \u00e9ppen a &quot;divatos&quot; az adott id\u0151szakban. Ami pedig az \u00e1rakat illeti, a gazdas\u00e1got eln\u00e9zve nyugodtan felt\u00e9telezhetj\u00fck, hogy mint minden m\u00e1s, a ker\u00e9kp\u00e1r\u00e1rak is folyamatosan emelkednek majd. De vajon t\u00e9nyleg \u00edgy lesz?\" \/>\n<meta name=\"robots\" content=\"index, follow, max-snippet:-1, max-image-preview:large, max-video-preview:-1\" \/>\n<link rel=\"canonical\" href=\"https:\/\/www.welovecycling.com\/hu\/kozosseg-es-kultura\/kerekpararak-merre-tart-a-kerekparpiac-2023-ban\/\" \/>\n<meta property=\"og:locale\" content=\"hu_HU\" \/>\n<meta property=\"og:type\" content=\"article\" \/>\n<meta property=\"og:title\" content=\"Ker\u00e9kp\u00e1r\u00e1rak - Merre tart a ker\u00e9kp\u00e1rpiac 2023-ban?\" \/>\n<meta property=\"og:description\" content=\"Az eladott ker\u00e9kp\u00e1rok t\u00edpusa \u00e9s sz\u00e1ma nemcsak az \u00e9vszakt\u00f3l, hanem att\u00f3l f\u00fcgg\u0151en is v\u00e1ltozik, hogy mi \u00e9ppen a &quot;divatos&quot; az adott id\u0151szakban. Ami pedig az \u00e1rakat illeti, a gazdas\u00e1got eln\u00e9zve nyugodtan felt\u00e9telezhetj\u00fck, hogy mint minden m\u00e1s, a ker\u00e9kp\u00e1r\u00e1rak is folyamatosan emelkednek majd. De vajon t\u00e9nyleg \u00edgy lesz?\" \/>\n<meta property=\"og:url\" content=\"https:\/\/www.welovecycling.com\/hu\/kozosseg-es-kultura\/kerekpararak-merre-tart-a-kerekparpiac-2023-ban\/\" \/>\n<meta property=\"og:site_name\" content=\"\u0160koda We Love Cycling - Magyarorsz\u00e1g\" \/>\n<meta property=\"article:publisher\" content=\"https:\/\/www.facebook.com\/WeLoveCyclingHungary\/\" \/>\n<meta property=\"article:published_time\" content=\"2023-04-18T06:00:27+00:00\" \/>\n<meta property=\"og:image\" content=\"https:\/\/d2p6e6u75xmxt8.cloudfront.net\/12\/2023\/04\/Bicycle-Market-profimedia-0764141295-CVR.webp\" \/>\n\t<meta property=\"og:image:width\" content=\"990\" \/>\n\t<meta property=\"og:image:height\" content=\"660\" \/>\n\t<meta property=\"og:image:type\" content=\"image\/webp\" \/>\n<meta name=\"author\" content=\"hegyizs\" \/>\n<meta name=\"twitter:card\" content=\"summary_large_image\" \/>\n<meta name=\"twitter:label1\" content=\"Written by\" \/>\n\t<meta name=\"twitter:data1\" content=\"Charlotte Murray\" \/>\n\t<meta name=\"twitter:label2\" content=\"Est. reading time\" \/>\n\t<meta name=\"twitter:data2\" content=\"4\" \/>\n<script type=\"application\/ld+json\" class=\"yoast-schema-graph\">{\"@context\":\"https:\/\/schema.org\",\"@graph\":[{\"@type\":\"WebPage\",\"@id\":\"https:\/\/www.welovecycling.com\/hu\/kozosseg-es-kultura\/kerekpararak-merre-tart-a-kerekparpiac-2023-ban\/\",\"url\":\"https:\/\/www.welovecycling.com\/hu\/kozosseg-es-kultura\/kerekpararak-merre-tart-a-kerekparpiac-2023-ban\/\",\"name\":\"Ker\u00e9kp\u00e1r\u00e1rak - Merre tart a ker\u00e9kp\u00e1rpiac 2023-ban?\",\"isPartOf\":{\"@id\":\"https:\/\/www.welovecycling.com\/hu\/#website\"},\"primaryImageOfPage\":{\"@id\":\"https:\/\/www.welovecycling.com\/hu\/kozosseg-es-kultura\/kerekpararak-merre-tart-a-kerekparpiac-2023-ban\/#primaryimage\"},\"image\":{\"@id\":\"https:\/\/www.welovecycling.com\/hu\/kozosseg-es-kultura\/kerekpararak-merre-tart-a-kerekparpiac-2023-ban\/#primaryimage\"},\"thumbnailUrl\":\"https:\/\/d2p6e6u75xmxt8.cloudfront.net\/12\/2023\/04\/Bicycle-Market-profimedia-0764141295-CVR.webp\",\"datePublished\":\"2023-04-18T06:00:27+00:00\",\"author\":{\"@id\":\"https:\/\/www.welovecycling.com\/hu\/#\/schema\/person\/414a2aebf1801691a5320edb6468e194\"},\"description\":\"Az eladott ker\u00e9kp\u00e1rok t\u00edpusa \u00e9s sz\u00e1ma nemcsak az \u00e9vszakt\u00f3l, hanem att\u00f3l f\u00fcgg\u0151en is v\u00e1ltozik, hogy mi \u00e9ppen a \\\"divatos\\\" az adott id\u0151szakban. Ami pedig az \u00e1rakat illeti, a gazdas\u00e1got eln\u00e9zve nyugodtan felt\u00e9telezhetj\u00fck, hogy mint minden m\u00e1s, a ker\u00e9kp\u00e1r\u00e1rak is folyamatosan emelkednek majd. De vajon t\u00e9nyleg \u00edgy lesz?\",\"breadcrumb\":{\"@id\":\"https:\/\/www.welovecycling.com\/hu\/kozosseg-es-kultura\/kerekpararak-merre-tart-a-kerekparpiac-2023-ban\/#breadcrumb\"},\"inLanguage\":\"hu\",\"potentialAction\":[{\"@type\":\"ReadAction\",\"target\":[\"https:\/\/www.welovecycling.com\/hu\/kozosseg-es-kultura\/kerekpararak-merre-tart-a-kerekparpiac-2023-ban\/\"]}]},{\"@type\":\"ImageObject\",\"inLanguage\":\"hu\",\"@id\":\"https:\/\/www.welovecycling.com\/hu\/kozosseg-es-kultura\/kerekpararak-merre-tart-a-kerekparpiac-2023-ban\/#primaryimage\",\"url\":\"https:\/\/d2p6e6u75xmxt8.cloudfront.net\/12\/2023\/04\/Bicycle-Market-profimedia-0764141295-CVR.webp\",\"contentUrl\":\"https:\/\/d2p6e6u75xmxt8.cloudfront.net\/12\/2023\/04\/Bicycle-Market-profimedia-0764141295-CVR.webp\",\"width\":990,\"height\":660,\"caption\":\"Bicycle Market\"},{\"@type\":\"BreadcrumbList\",\"@id\":\"https:\/\/www.welovecycling.com\/hu\/kozosseg-es-kultura\/kerekpararak-merre-tart-a-kerekparpiac-2023-ban\/#breadcrumb\",\"itemListElement\":[{\"@type\":\"ListItem\",\"position\":1,\"name\":\"Home\",\"item\":\"https:\/\/www.welovecycling.com\/hu\/\"},{\"@type\":\"ListItem\",\"position\":2,\"name\":\"Ker\u00e9kp\u00e1r\u00e1rak &#8211; Merre tart a ker\u00e9kp\u00e1rpiac 2023-ban?\"}]},{\"@type\":\"WebSite\",\"@id\":\"https:\/\/www.welovecycling.com\/hu\/#website\",\"url\":\"https:\/\/www.welovecycling.com\/hu\/\",\"name\":\"\u0160koda We Love Cycling - Magyarorsz\u00e1g\",\"description\":\"\u0160koda WeLoveCycling\",\"potentialAction\":[{\"@type\":\"SearchAction\",\"target\":{\"@type\":\"EntryPoint\",\"urlTemplate\":\"https:\/\/www.welovecycling.com\/hu\/?s={search_term_string}\"},\"query-input\":{\"@type\":\"PropertyValueSpecification\",\"valueRequired\":true,\"valueName\":\"search_term_string\"}}],\"inLanguage\":\"hu\"},{\"@type\":\"Person\",\"@id\":\"https:\/\/www.welovecycling.com\/hu\/#\/schema\/person\/414a2aebf1801691a5320edb6468e194\",\"name\":\"hegyizs\",\"image\":{\"@type\":\"ImageObject\",\"inLanguage\":\"hu\",\"@id\":\"https:\/\/www.welovecycling.com\/hu\/#\/schema\/person\/image\/\",\"url\":\"https:\/\/secure.gravatar.com\/avatar\/02cf8a7906b8cf90cecb4679defac7cfd33a1c2e3b88e4903d947f3bb58eedd3?s=96&d=mm&r=g\",\"contentUrl\":\"https:\/\/secure.gravatar.com\/avatar\/02cf8a7906b8cf90cecb4679defac7cfd33a1c2e3b88e4903d947f3bb58eedd3?s=96&d=mm&r=g\",\"caption\":\"hegyizs\"},\"url\":\"https:\/\/www.welovecycling.com\/hu\/author\/hegyizs\/\"}]}<\/script>\n<!-- \/ Yoast SEO Premium plugin. -->","yoast_head_json":{"title":"Ker\u00e9kp\u00e1r\u00e1rak - Merre tart a ker\u00e9kp\u00e1rpiac 2023-ban?","description":"Az eladott ker\u00e9kp\u00e1rok t\u00edpusa \u00e9s sz\u00e1ma nemcsak az \u00e9vszakt\u00f3l, hanem att\u00f3l f\u00fcgg\u0151en is v\u00e1ltozik, hogy mi \u00e9ppen a \"divatos\" az adott id\u0151szakban. Ami pedig az \u00e1rakat illeti, a gazdas\u00e1got eln\u00e9zve nyugodtan felt\u00e9telezhetj\u00fck, hogy mint minden m\u00e1s, a ker\u00e9kp\u00e1r\u00e1rak is folyamatosan emelkednek majd. De vajon t\u00e9nyleg \u00edgy lesz?","robots":{"index":"index","follow":"follow","max-snippet":"max-snippet:-1","max-image-preview":"max-image-preview:large","max-video-preview":"max-video-preview:-1"},"canonical":"https:\/\/www.welovecycling.com\/hu\/kozosseg-es-kultura\/kerekpararak-merre-tart-a-kerekparpiac-2023-ban\/","og_locale":"hu_HU","og_type":"article","og_title":"Ker\u00e9kp\u00e1r\u00e1rak - Merre tart a ker\u00e9kp\u00e1rpiac 2023-ban?","og_description":"Az eladott ker\u00e9kp\u00e1rok t\u00edpusa \u00e9s sz\u00e1ma nemcsak az \u00e9vszakt\u00f3l, hanem att\u00f3l f\u00fcgg\u0151en is v\u00e1ltozik, hogy mi \u00e9ppen a \"divatos\" az adott id\u0151szakban. Ami pedig az \u00e1rakat illeti, a gazdas\u00e1got eln\u00e9zve nyugodtan felt\u00e9telezhetj\u00fck, hogy mint minden m\u00e1s, a ker\u00e9kp\u00e1r\u00e1rak is folyamatosan emelkednek majd. De vajon t\u00e9nyleg \u00edgy lesz?","og_url":"https:\/\/www.welovecycling.com\/hu\/kozosseg-es-kultura\/kerekpararak-merre-tart-a-kerekparpiac-2023-ban\/","og_site_name":"\u0160koda We Love Cycling - Magyarorsz\u00e1g","article_publisher":"https:\/\/www.facebook.com\/WeLoveCyclingHungary\/","article_published_time":"2023-04-18T06:00:27+00:00","og_image":[{"width":990,"height":660,"url":"https:\/\/d2p6e6u75xmxt8.cloudfront.net\/12\/2023\/04\/Bicycle-Market-profimedia-0764141295-CVR.webp","type":"image\/webp"}],"author":"hegyizs","twitter_card":"summary_large_image","twitter_misc":{"Written by":"Charlotte Murray","Est. reading time":"4"},"schema":{"@context":"https:\/\/schema.org","@graph":[{"@type":"WebPage","@id":"https:\/\/www.welovecycling.com\/hu\/kozosseg-es-kultura\/kerekpararak-merre-tart-a-kerekparpiac-2023-ban\/","url":"https:\/\/www.welovecycling.com\/hu\/kozosseg-es-kultura\/kerekpararak-merre-tart-a-kerekparpiac-2023-ban\/","name":"Ker\u00e9kp\u00e1r\u00e1rak - Merre tart a ker\u00e9kp\u00e1rpiac 2023-ban?","isPartOf":{"@id":"https:\/\/www.welovecycling.com\/hu\/#website"},"primaryImageOfPage":{"@id":"https:\/\/www.welovecycling.com\/hu\/kozosseg-es-kultura\/kerekpararak-merre-tart-a-kerekparpiac-2023-ban\/#primaryimage"},"image":{"@id":"https:\/\/www.welovecycling.com\/hu\/kozosseg-es-kultura\/kerekpararak-merre-tart-a-kerekparpiac-2023-ban\/#primaryimage"},"thumbnailUrl":"https:\/\/d2p6e6u75xmxt8.cloudfront.net\/12\/2023\/04\/Bicycle-Market-profimedia-0764141295-CVR.webp","datePublished":"2023-04-18T06:00:27+00:00","author":{"@id":"https:\/\/www.welovecycling.com\/hu\/#\/schema\/person\/414a2aebf1801691a5320edb6468e194"},"description":"Az eladott ker\u00e9kp\u00e1rok t\u00edpusa \u00e9s sz\u00e1ma nemcsak az \u00e9vszakt\u00f3l, hanem att\u00f3l f\u00fcgg\u0151en is v\u00e1ltozik, hogy mi \u00e9ppen a \"divatos\" az adott id\u0151szakban. Ami pedig az \u00e1rakat illeti, a gazdas\u00e1got eln\u00e9zve nyugodtan felt\u00e9telezhetj\u00fck, hogy mint minden m\u00e1s, a ker\u00e9kp\u00e1r\u00e1rak is folyamatosan emelkednek majd. De vajon t\u00e9nyleg \u00edgy lesz?","breadcrumb":{"@id":"https:\/\/www.welovecycling.com\/hu\/kozosseg-es-kultura\/kerekpararak-merre-tart-a-kerekparpiac-2023-ban\/#breadcrumb"},"inLanguage":"hu","potentialAction":[{"@type":"ReadAction","target":["https:\/\/www.welovecycling.com\/hu\/kozosseg-es-kultura\/kerekpararak-merre-tart-a-kerekparpiac-2023-ban\/"]}]},{"@type":"ImageObject","inLanguage":"hu","@id":"https:\/\/www.welovecycling.com\/hu\/kozosseg-es-kultura\/kerekpararak-merre-tart-a-kerekparpiac-2023-ban\/#primaryimage","url":"https:\/\/d2p6e6u75xmxt8.cloudfront.net\/12\/2023\/04\/Bicycle-Market-profimedia-0764141295-CVR.webp","contentUrl":"https:\/\/d2p6e6u75xmxt8.cloudfront.net\/12\/2023\/04\/Bicycle-Market-profimedia-0764141295-CVR.webp","width":990,"height":660,"caption":"Bicycle Market"},{"@type":"BreadcrumbList","@id":"https:\/\/www.welovecycling.com\/hu\/kozosseg-es-kultura\/kerekpararak-merre-tart-a-kerekparpiac-2023-ban\/#breadcrumb","itemListElement":[{"@type":"ListItem","position":1,"name":"Home","item":"https:\/\/www.welovecycling.com\/hu\/"},{"@type":"ListItem","position":2,"name":"Ker\u00e9kp\u00e1r\u00e1rak &#8211; Merre tart a ker\u00e9kp\u00e1rpiac 2023-ban?"}]},{"@type":"WebSite","@id":"https:\/\/www.welovecycling.com\/hu\/#website","url":"https:\/\/www.welovecycling.com\/hu\/","name":"\u0160koda We Love Cycling - Magyarorsz\u00e1g","description":"\u0160koda WeLoveCycling","potentialAction":[{"@type":"SearchAction","target":{"@type":"EntryPoint","urlTemplate":"https:\/\/www.welovecycling.com\/hu\/?s={search_term_string}"},"query-input":{"@type":"PropertyValueSpecification","valueRequired":true,"valueName":"search_term_string"}}],"inLanguage":"hu"},{"@type":"Person","@id":"https:\/\/www.welovecycling.com\/hu\/#\/schema\/person\/414a2aebf1801691a5320edb6468e194","name":"hegyizs","image":{"@type":"ImageObject","inLanguage":"hu","@id":"https:\/\/www.welovecycling.com\/hu\/#\/schema\/person\/image\/","url":"https:\/\/secure.gravatar.com\/avatar\/02cf8a7906b8cf90cecb4679defac7cfd33a1c2e3b88e4903d947f3bb58eedd3?s=96&d=mm&r=g","contentUrl":"https:\/\/secure.gravatar.com\/avatar\/02cf8a7906b8cf90cecb4679defac7cfd33a1c2e3b88e4903d947f3bb58eedd3?s=96&d=mm&r=g","caption":"hegyizs"},"url":"https:\/\/www.welovecycling.com\/hu\/author\/hegyizs\/"}]}},"_links":{"self":[{"href":"https:\/\/www.welovecycling.com\/hu\/wp-json\/wp\/v2\/posts\/17238","targetHints":{"allow":["GET"]}}],"collection":[{"href":"https:\/\/www.welovecycling.com\/hu\/wp-json\/wp\/v2\/posts"}],"about":[{"href":"https:\/\/www.welovecycling.com\/hu\/wp-json\/wp\/v2\/types\/post"}],"author":[{"embeddable":true,"href":"https:\/\/www.welovecycling.com\/hu\/wp-json\/wp\/v2\/users\/71"}],"replies":[{"embeddable":true,"href":"https:\/\/www.welovecycling.com\/hu\/wp-json\/wp\/v2\/comments?post=17238"}],"version-history":[{"count":2,"href":"https:\/\/www.welovecycling.com\/hu\/wp-json\/wp\/v2\/posts\/17238\/revisions"}],"predecessor-version":[{"id":17241,"href":"https:\/\/www.welovecycling.com\/hu\/wp-json\/wp\/v2\/posts\/17238\/revisions\/17241"}],"wp:featuredmedia":[{"embeddable":true,"href":"https:\/\/www.welovecycling.com\/hu\/wp-json\/wp\/v2\/media\/17240"}],"wp:attachment":[{"href":"https:\/\/www.welovecycling.com\/hu\/wp-json\/wp\/v2\/media?parent=17238"}],"wp:term":[{"taxonomy":"category","embeddable":true,"href":"https:\/\/www.welovecycling.com\/hu\/wp-json\/wp\/v2\/categories?post=17238"},{"taxonomy":"post_tag","embeddable":true,"href":"https:\/\/www.welovecycling.com\/hu\/wp-json\/wp\/v2\/tags?post=17238"},{"taxonomy":"global-categories","embeddable":true,"href":"https:\/\/www.welovecycling.com\/hu\/wp-json\/wp\/v2\/global-categories?post=17238"}],"curies":[{"name":"wp","href":"https:\/\/api.w.org\/{rel}","templated":true}]}}