{"id":17233,"date":"2023-04-16T08:00:17","date_gmt":"2023-04-16T06:00:17","guid":{"rendered":"https:\/\/www.welovecycling.com\/hu\/?p=17233"},"modified":"2023-04-14T14:20:42","modified_gmt":"2023-04-14T12:20:42","slug":"negy-ev-ennyi-ido-utan-ter-vissza-pogacar-az-amstelre-es-ennyit-kaptak-az-orajat-ellopo-tolvajok","status":"publish","type":"post","link":"https:\/\/www.welovecycling.com\/hu\/orszaguti-kerekpar\/negy-ev-ennyi-ido-utan-ter-vissza-pogacar-az-amstelre-es-ennyit-kaptak-az-orajat-ellopo-tolvajok\/","title":{"rendered":"N\u00e9gy \u00e9v: ennyi id\u0151 ut\u00e1n t\u00e9r vissza Poga\u010dar az Amstelre, \u00e9s ennyit kaptak az \u00f3r\u00e1j\u00e1t ellop\u00f3 tolvajok"},"content":{"rendered":"<p><strong>Avagy zajlik az \u00e9let a szlov\u00e9n szuperszt\u00e1r k\u00f6r\u00fcl, aki visszat\u00e9r\u0151k\u00e9nt is a vas\u00e1rnapi Amstel Gold Race legnagyobb favoritja. <\/strong><!--more--><\/p>\n<p>Az aszfalton \u00e9s azon k\u00edv\u00fcl sem unatkozik Tadej Poga\u010dar. A szlov\u00e9n szt\u00e1r olyb\u00e1 t\u0171nik, komolyan gondolta a tavalyi Tour de France ut\u00e1ni \u00edg\u00e9ret\u00e9t, miszerint az, hogy alulmaradt Jonas Vingegaard-al \u00e9s a Jumb\u00f3val szemben, csak m\u00e9g nagyobb motiv\u00e1ci\u00f3 neki arra, hogy kem\u00e9nyebben dolgozzon \u00e9s m\u00e9g jobb legyen id\u00e9n. Poga\u010dar egyel\u0151re durva er\u0151demonstr\u00e1ci\u00f3t tartva uralja a mez\u0151nyt, \u00e9s a Flandriai k\u00f6r\u00f6n aratott \u00fajabb l\u00e1tv\u00e1nyos sikere ut\u00e1n neh\u00e9z elk\u00e9pzelni, hogy a vas\u00e1rnapi Amstel Gold Race-en b\u00e1rki is meg tudja verni. Pedig az Emirates extraklasszis\u00e1nak ez csak a m\u00e1sodik Amstelje lesz, \u00e9s legut\u00f3bb is n\u00e9gy \u00e9ve, m\u00e9g \u00fajonck\u00e9nt indult rajta. Az\u00f3ta el\u00e9rt eredm\u00e9nyeit ismerve el\u00e9g mulats\u00e1gosnak hat ut\u00f3lag, hogy akkor, 2019-ben m\u00e9g \u00fagy indult neki a versenynek, hogy a c\u00e9l el\u0151tt azt nyilatkozta, b\u00edzik benne, el\u00e9g j\u00f3 l\u00e1bai lesznek ahhoz, hogy egy\u00e1ltal\u00e1n c\u00e9lba \u00e9rjen a 250 km-es klasszikuson \u2013 erre most, n\u00e9gy esztend\u0151vel k\u00e9s\u0151bb k\u00e9tszeres Tour-gy\u0151ztesk\u00e9nt \u0151 a toronymagas favorit arra, hogy a viadal ut\u00e1n a dobog\u00f3 tetej\u00e9n \u00e1llva kortyolhasson bele a gy\u0151ztesnek j\u00e1r\u00f3 f\u00e9lemberm\u00e9ret\u0171 s\u00f6r\u00f6skors\u00f3ba.<\/p>\n<figure id=\"attachment_17235\" aria-describedby=\"caption-attachment-17235\" style=\"width: 730px\" class=\"wp-caption alignnone\"><img loading=\"lazy\" decoding=\"async\" class=\"size-full wp-image-17235\" src=\"https:\/\/d2p6e6u75xmxt8.cloudfront.net\/12\/2023\/04\/GettyImages-1239893004.webp\" alt=\"\" width=\"730\" height=\"487\" srcset=\"https:\/\/d2p6e6u75xmxt8.cloudfront.net\/12\/2023\/04\/GettyImages-1239893004.webp 730w, https:\/\/d2p6e6u75xmxt8.cloudfront.net\/12\/2023\/04\/GettyImages-1239893004-300x200.webp 300w, https:\/\/d2p6e6u75xmxt8.cloudfront.net\/12\/2023\/04\/GettyImages-1239893004-400x267.webp 400w, https:\/\/d2p6e6u75xmxt8.cloudfront.net\/12\/2023\/04\/GettyImages-1239893004-272x182.webp 272w\" sizes=\"auto, (max-width: 730px) 100vw, 730px\" \/><figcaption id=\"caption-attachment-17235\" class=\"wp-caption-text\">Csak egy poh\u00e1rral! \u2013 tavaly Michal Kwiatkowski \u00f6r\u00fclhetett az izgalmas hajr\u00e1 v\u00e9g\u00e9n (fot\u00f3: ERIC LALMAND\/BELGA MAG\/AFP)<\/figcaption><\/figure>\n<p>Az idei lesz egy\u00e9bk\u00e9nt a legpatin\u00e1sabb holland orsz\u00e1g\u00fati verseny 57. ki\u00edr\u00e1sa, amely Maastrichtb\u00f3l indul \u00e9s Valkenburgban \u00e9r c\u00e9lba. Az 253 km-es t\u00e1v sor\u00e1n a mez\u0151nynek \u00f6sszesen 33 alkalommal kell majd emelked\u0151t m\u00e1sznia, ebb\u0151l k\u00e9tszer a 800 m\u00e9teres Cauberget, ez a fajta profil pedig kimondottan fekszik Poga\u010darnak (b\u00e1r lassan nem is nagyon lehet olyan m\u0171fajt eml\u00edteni, ami a szlov\u00e9n f\u00f6ld\u00f6nk\u00edv\u00fclinek ne fek\u00fcdne.)<\/p>\n<p>Poga\u010dart ezen t\u00falmen\u0151en az utakon k\u00edv\u00fcl is \u00e9rik izgalmak \u2013 b\u00e1r ezekr\u0151l az izgalmakr\u00f3l alighanem sz\u00edvesen lemondott volna. A m\u00e9g mindig csak 24 \u00e9ves klasszisnak a francia b\u00edr\u00f3s\u00e1gon is jelen\u00e9se volt, l\u00e9v\u00e9n a m\u00e1rciusi P\u00e1rizs\u2013Nizz\u00e1n (amit ugyancsak megnyert) ellopt\u00e1k sz\u00edv\u00e9nek kedves luxus\u00f3r\u00e1j\u00e1t. A 165 ezer eur\u00f3t, teh\u00e1t potom 65 milli\u00f3 forintot k\u00f3st\u00e1l\u00f3 egyedi darabot m\u00e9g a szponzorc\u00e9g Richard Mille-t\u0151l kapta a toki\u00f3i olimpia mez\u0151nyverseny\u00e9nek bronz\u00e9rme ut\u00e1n, \u00e1m a P\u00e1rizs\u2013Nizza z\u00e1r\u00f3napj\u00e1n l\u00e1ba k\u00e9lt a hotelszob\u00e1j\u00e1b\u00f3l. Mint ut\u00f3bb kider\u00fclt, k\u00e9t, \u00f3ralop\u00e1sra szakosodott tolvaj tudott bejutni tr\u00fckk\u00f6s indokokkal Poga\u010dar szob\u00e1j\u00e1ba akkor, amikor \u0151 \u00e9ppen egy m\u00e1sik helyis\u00e9gben massz\u00edroztatott, \u00e9s el is emelt\u00e9k a komoly anyagi \u00e9s eszmei \u00e9rt\u00e9kkel b\u00edr\u00f3 \u00f3r\u00e1t. Sok\u00e1ig mondjuk nem \u00f6r\u00fclhettek: alig n\u00e9gy nappal a b\u0171nt\u00e9ny ut\u00e1n elfogt\u00e1k \u0151ket, tov\u00e1bbi k\u00e9t \u00f3ralop\u00e1s\u00e9rt perbe fogt\u00e1k \u0151ket, a francia b\u00edr\u00f3s\u00e1g pedig p\u00e9ld\u00e1s gyorsas\u00e1ggal, a h\u00e9ten n\u00e9gy\u00e9ves b\u00f6rt\u00f6nb\u00fcntet\u00e9ssel \u00e9s egyenk\u00e9nt 50 ezer doll\u00e1ros p\u00e9nzb\u00fcntet\u00e9ssel jutalmazta \u0151ket rabl\u00e1s \u00e9s k\u00fcl\u00f6n\u00f6sen nagy \u00e9rt\u00e9k\u0171 lop\u00e1s elk\u00f6vet\u00e9se miatt.<\/p>\n<figure id=\"attachment_17234\" aria-describedby=\"caption-attachment-17234\" style=\"width: 1024px\" class=\"wp-caption alignnone\"><img loading=\"lazy\" decoding=\"async\" class=\"size-full wp-image-17234\" src=\"https:\/\/d2p6e6u75xmxt8.cloudfront.net\/12\/2023\/04\/48vFHh4v2diTjqSWnAjxta-1200-80.webp\" alt=\"\" width=\"1024\" height=\"689\" srcset=\"https:\/\/d2p6e6u75xmxt8.cloudfront.net\/12\/2023\/04\/48vFHh4v2diTjqSWnAjxta-1200-80.webp 1024w, https:\/\/d2p6e6u75xmxt8.cloudfront.net\/12\/2023\/04\/48vFHh4v2diTjqSWnAjxta-1200-80-300x202.webp 300w, https:\/\/d2p6e6u75xmxt8.cloudfront.net\/12\/2023\/04\/48vFHh4v2diTjqSWnAjxta-1200-80-768x517.webp 768w, https:\/\/d2p6e6u75xmxt8.cloudfront.net\/12\/2023\/04\/48vFHh4v2diTjqSWnAjxta-1200-80-400x269.webp 400w, https:\/\/d2p6e6u75xmxt8.cloudfront.net\/12\/2023\/04\/48vFHh4v2diTjqSWnAjxta-1200-80-272x182.webp 272w\" sizes=\"auto, (max-width: 1024px) 100vw, 1024px\" \/><figcaption id=\"caption-attachment-17234\" class=\"wp-caption-text\">Poga\u010dar a toki\u00f3i bronz\u00e9rme ut\u00e1n kapta a m\u00e9regdr\u00e1ga \u00f3r\u00e1t (fot\u00f3: Getty)<\/figcaption><\/figure>\n<p>Lassan mindenki megtanulja teh\u00e1t, hogy ne sz\u00f3rakozz Tadejjel, akivel \u00fagy t\u0171nik, az aszfalton k\u00edv\u00fcl sem \u00e9rdemes ujjat h\u00fazni.<\/p>\n<p>Bor\u00edt\u00f3k\u00e9p: Dunes Magazine<\/p>\n","protected":false},"excerpt":{"rendered":"<p>Avagy zajlik az \u00e9let a szlov\u00e9n szuperszt\u00e1r k\u00f6r\u00fcl, aki visszat\u00e9r\u0151k\u00e9nt is a vas\u00e1rnapi Amstel Gold Race legnagyobb favoritja.<\/p>\n","protected":false},"author":71,"featured_media":17236,"comment_status":"open","ping_status":"open","sticky":false,"template":"","format":"standard","meta":{"footnotes":""},"categories":[8],"tags":[],"global-categories":[],"class_list":["post-17233","post","type-post","status-publish","format-standard","has-post-thumbnail","hentry","category-orszaguti-kerekpar"],"yoast_head":"<!-- This site is optimized with the Yoast SEO Premium plugin v25.3 (Yoast SEO v25.9) - https:\/\/yoast.com\/wordpress\/plugins\/seo\/ -->\n<title>N\u00e9gy \u00e9v: ennyi id\u0151 ut\u00e1n t\u00e9r vissza Poga\u010dar az Amstelre, \u00e9s ennyit kaptak az \u00f3r\u00e1j\u00e1t ellop\u00f3 tolvajok<\/title>\n<meta name=\"description\" content=\"Avagy zajlik az \u00e9let a szlov\u00e9n szuperszt\u00e1r k\u00f6r\u00fcl, aki visszat\u00e9r\u0151k\u00e9nt is a vas\u00e1rnapi Amstel Gold Race legnagyobb favoritja.\" \/>\n<meta name=\"robots\" content=\"index, follow, max-snippet:-1, max-image-preview:large, max-video-preview:-1\" \/>\n<link rel=\"canonical\" href=\"https:\/\/www.welovecycling.com\/hu\/orszaguti-kerekpar\/negy-ev-ennyi-ido-utan-ter-vissza-pogacar-az-amstelre-es-ennyit-kaptak-az-orajat-ellopo-tolvajok\/\" \/>\n<meta property=\"og:locale\" content=\"hu_HU\" \/>\n<meta property=\"og:type\" content=\"article\" \/>\n<meta property=\"og:title\" content=\"N\u00e9gy \u00e9v: ennyi id\u0151 ut\u00e1n t\u00e9r vissza Poga\u010dar az Amstelre, \u00e9s ennyit kaptak az \u00f3r\u00e1j\u00e1t ellop\u00f3 tolvajok\" \/>\n<meta property=\"og:description\" content=\"Avagy zajlik az \u00e9let a szlov\u00e9n szuperszt\u00e1r k\u00f6r\u00fcl, aki visszat\u00e9r\u0151k\u00e9nt is a vas\u00e1rnapi Amstel Gold Race legnagyobb favoritja.\" \/>\n<meta property=\"og:url\" content=\"https:\/\/www.welovecycling.com\/hu\/orszaguti-kerekpar\/negy-ev-ennyi-ido-utan-ter-vissza-pogacar-az-amstelre-es-ennyit-kaptak-az-orajat-ellopo-tolvajok\/\" \/>\n<meta property=\"og:site_name\" content=\"\u0160koda We Love Cycling - Magyarorsz\u00e1g\" \/>\n<meta property=\"article:publisher\" content=\"https:\/\/www.facebook.com\/WeLoveCyclingHungary\/\" \/>\n<meta property=\"article:published_time\" content=\"2023-04-16T06:00:17+00:00\" \/>\n<meta property=\"og:image\" content=\"https:\/\/d2p6e6u75xmxt8.cloudfront.net\/12\/2023\/04\/pogi-mille-Large.webp\" \/>\n\t<meta property=\"og:image:width\" content=\"1177\" \/>\n\t<meta property=\"og:image:height\" content=\"785\" \/>\n\t<meta property=\"og:image:type\" content=\"image\/webp\" \/>\n<meta name=\"author\" content=\"hegyizs\" \/>\n<meta name=\"twitter:card\" content=\"summary_large_image\" \/>\n<meta name=\"twitter:label1\" content=\"Written by\" \/>\n\t<meta name=\"twitter:data1\" content=\"WLC\" \/>\n\t<meta name=\"twitter:label2\" content=\"Est. reading time\" \/>\n\t<meta name=\"twitter:data2\" content=\"3 minutes\" \/>\n<script type=\"application\/ld+json\" class=\"yoast-schema-graph\">{\"@context\":\"https:\/\/schema.org\",\"@graph\":[{\"@type\":\"WebPage\",\"@id\":\"https:\/\/www.welovecycling.com\/hu\/orszaguti-kerekpar\/negy-ev-ennyi-ido-utan-ter-vissza-pogacar-az-amstelre-es-ennyit-kaptak-az-orajat-ellopo-tolvajok\/\",\"url\":\"https:\/\/www.welovecycling.com\/hu\/orszaguti-kerekpar\/negy-ev-ennyi-ido-utan-ter-vissza-pogacar-az-amstelre-es-ennyit-kaptak-az-orajat-ellopo-tolvajok\/\",\"name\":\"N\u00e9gy \u00e9v: ennyi id\u0151 ut\u00e1n t\u00e9r vissza Poga\u010dar az Amstelre, \u00e9s ennyit kaptak az \u00f3r\u00e1j\u00e1t ellop\u00f3 tolvajok\",\"isPartOf\":{\"@id\":\"https:\/\/www.welovecycling.com\/hu\/#website\"},\"primaryImageOfPage\":{\"@id\":\"https:\/\/www.welovecycling.com\/hu\/orszaguti-kerekpar\/negy-ev-ennyi-ido-utan-ter-vissza-pogacar-az-amstelre-es-ennyit-kaptak-az-orajat-ellopo-tolvajok\/#primaryimage\"},\"image\":{\"@id\":\"https:\/\/www.welovecycling.com\/hu\/orszaguti-kerekpar\/negy-ev-ennyi-ido-utan-ter-vissza-pogacar-az-amstelre-es-ennyit-kaptak-az-orajat-ellopo-tolvajok\/#primaryimage\"},\"thumbnailUrl\":\"https:\/\/d2p6e6u75xmxt8.cloudfront.net\/12\/2023\/04\/pogi-mille-Large.webp\",\"datePublished\":\"2023-04-16T06:00:17+00:00\",\"author\":{\"@id\":\"https:\/\/www.welovecycling.com\/hu\/#\/schema\/person\/414a2aebf1801691a5320edb6468e194\"},\"description\":\"Avagy zajlik az \u00e9let a szlov\u00e9n szuperszt\u00e1r k\u00f6r\u00fcl, aki visszat\u00e9r\u0151k\u00e9nt is a vas\u00e1rnapi Amstel Gold Race legnagyobb favoritja.\",\"breadcrumb\":{\"@id\":\"https:\/\/www.welovecycling.com\/hu\/orszaguti-kerekpar\/negy-ev-ennyi-ido-utan-ter-vissza-pogacar-az-amstelre-es-ennyit-kaptak-az-orajat-ellopo-tolvajok\/#breadcrumb\"},\"inLanguage\":\"hu\",\"potentialAction\":[{\"@type\":\"ReadAction\",\"target\":[\"https:\/\/www.welovecycling.com\/hu\/orszaguti-kerekpar\/negy-ev-ennyi-ido-utan-ter-vissza-pogacar-az-amstelre-es-ennyit-kaptak-az-orajat-ellopo-tolvajok\/\"]}]},{\"@type\":\"ImageObject\",\"inLanguage\":\"hu\",\"@id\":\"https:\/\/www.welovecycling.com\/hu\/orszaguti-kerekpar\/negy-ev-ennyi-ido-utan-ter-vissza-pogacar-az-amstelre-es-ennyit-kaptak-az-orajat-ellopo-tolvajok\/#primaryimage\",\"url\":\"https:\/\/d2p6e6u75xmxt8.cloudfront.net\/12\/2023\/04\/pogi-mille-Large.webp\",\"contentUrl\":\"https:\/\/d2p6e6u75xmxt8.cloudfront.net\/12\/2023\/04\/pogi-mille-Large.webp\",\"width\":1177,\"height\":785},{\"@type\":\"BreadcrumbList\",\"@id\":\"https:\/\/www.welovecycling.com\/hu\/orszaguti-kerekpar\/negy-ev-ennyi-ido-utan-ter-vissza-pogacar-az-amstelre-es-ennyit-kaptak-az-orajat-ellopo-tolvajok\/#breadcrumb\",\"itemListElement\":[{\"@type\":\"ListItem\",\"position\":1,\"name\":\"Home\",\"item\":\"https:\/\/www.welovecycling.com\/hu\/\"},{\"@type\":\"ListItem\",\"position\":2,\"name\":\"N\u00e9gy \u00e9v: ennyi id\u0151 ut\u00e1n t\u00e9r vissza Poga\u010dar az Amstelre, \u00e9s ennyit kaptak az \u00f3r\u00e1j\u00e1t ellop\u00f3 tolvajok\"}]},{\"@type\":\"WebSite\",\"@id\":\"https:\/\/www.welovecycling.com\/hu\/#website\",\"url\":\"https:\/\/www.welovecycling.com\/hu\/\",\"name\":\"\u0160koda We Love Cycling - Magyarorsz\u00e1g\",\"description\":\"\u0160koda WeLoveCycling\",\"potentialAction\":[{\"@type\":\"SearchAction\",\"target\":{\"@type\":\"EntryPoint\",\"urlTemplate\":\"https:\/\/www.welovecycling.com\/hu\/?s={search_term_string}\"},\"query-input\":{\"@type\":\"PropertyValueSpecification\",\"valueRequired\":true,\"valueName\":\"search_term_string\"}}],\"inLanguage\":\"hu\"},{\"@type\":\"Person\",\"@id\":\"https:\/\/www.welovecycling.com\/hu\/#\/schema\/person\/414a2aebf1801691a5320edb6468e194\",\"name\":\"hegyizs\",\"image\":{\"@type\":\"ImageObject\",\"inLanguage\":\"hu\",\"@id\":\"https:\/\/www.welovecycling.com\/hu\/#\/schema\/person\/image\/\",\"url\":\"https:\/\/secure.gravatar.com\/avatar\/02cf8a7906b8cf90cecb4679defac7cfd33a1c2e3b88e4903d947f3bb58eedd3?s=96&d=mm&r=g\",\"contentUrl\":\"https:\/\/secure.gravatar.com\/avatar\/02cf8a7906b8cf90cecb4679defac7cfd33a1c2e3b88e4903d947f3bb58eedd3?s=96&d=mm&r=g\",\"caption\":\"hegyizs\"},\"url\":\"https:\/\/www.welovecycling.com\/hu\/author\/hegyizs\/\"}]}<\/script>\n<!-- \/ Yoast SEO Premium plugin. -->","yoast_head_json":{"title":"N\u00e9gy \u00e9v: ennyi id\u0151 ut\u00e1n t\u00e9r vissza Poga\u010dar az Amstelre, \u00e9s ennyit kaptak az \u00f3r\u00e1j\u00e1t ellop\u00f3 tolvajok","description":"Avagy zajlik az \u00e9let a szlov\u00e9n szuperszt\u00e1r k\u00f6r\u00fcl, aki visszat\u00e9r\u0151k\u00e9nt is a vas\u00e1rnapi Amstel Gold Race legnagyobb favoritja.","robots":{"index":"index","follow":"follow","max-snippet":"max-snippet:-1","max-image-preview":"max-image-preview:large","max-video-preview":"max-video-preview:-1"},"canonical":"https:\/\/www.welovecycling.com\/hu\/orszaguti-kerekpar\/negy-ev-ennyi-ido-utan-ter-vissza-pogacar-az-amstelre-es-ennyit-kaptak-az-orajat-ellopo-tolvajok\/","og_locale":"hu_HU","og_type":"article","og_title":"N\u00e9gy \u00e9v: ennyi id\u0151 ut\u00e1n t\u00e9r vissza Poga\u010dar az Amstelre, \u00e9s ennyit kaptak az \u00f3r\u00e1j\u00e1t ellop\u00f3 tolvajok","og_description":"Avagy zajlik az \u00e9let a szlov\u00e9n szuperszt\u00e1r k\u00f6r\u00fcl, aki visszat\u00e9r\u0151k\u00e9nt is a vas\u00e1rnapi Amstel Gold Race legnagyobb favoritja.","og_url":"https:\/\/www.welovecycling.com\/hu\/orszaguti-kerekpar\/negy-ev-ennyi-ido-utan-ter-vissza-pogacar-az-amstelre-es-ennyit-kaptak-az-orajat-ellopo-tolvajok\/","og_site_name":"\u0160koda We Love Cycling - Magyarorsz\u00e1g","article_publisher":"https:\/\/www.facebook.com\/WeLoveCyclingHungary\/","article_published_time":"2023-04-16T06:00:17+00:00","og_image":[{"width":1177,"height":785,"url":"https:\/\/d2p6e6u75xmxt8.cloudfront.net\/12\/2023\/04\/pogi-mille-Large.webp","type":"image\/webp"}],"author":"hegyizs","twitter_card":"summary_large_image","twitter_misc":{"Written by":"WLC","Est. reading time":"3 minutes"},"schema":{"@context":"https:\/\/schema.org","@graph":[{"@type":"WebPage","@id":"https:\/\/www.welovecycling.com\/hu\/orszaguti-kerekpar\/negy-ev-ennyi-ido-utan-ter-vissza-pogacar-az-amstelre-es-ennyit-kaptak-az-orajat-ellopo-tolvajok\/","url":"https:\/\/www.welovecycling.com\/hu\/orszaguti-kerekpar\/negy-ev-ennyi-ido-utan-ter-vissza-pogacar-az-amstelre-es-ennyit-kaptak-az-orajat-ellopo-tolvajok\/","name":"N\u00e9gy \u00e9v: ennyi id\u0151 ut\u00e1n t\u00e9r vissza Poga\u010dar az Amstelre, \u00e9s ennyit kaptak az \u00f3r\u00e1j\u00e1t ellop\u00f3 tolvajok","isPartOf":{"@id":"https:\/\/www.welovecycling.com\/hu\/#website"},"primaryImageOfPage":{"@id":"https:\/\/www.welovecycling.com\/hu\/orszaguti-kerekpar\/negy-ev-ennyi-ido-utan-ter-vissza-pogacar-az-amstelre-es-ennyit-kaptak-az-orajat-ellopo-tolvajok\/#primaryimage"},"image":{"@id":"https:\/\/www.welovecycling.com\/hu\/orszaguti-kerekpar\/negy-ev-ennyi-ido-utan-ter-vissza-pogacar-az-amstelre-es-ennyit-kaptak-az-orajat-ellopo-tolvajok\/#primaryimage"},"thumbnailUrl":"https:\/\/d2p6e6u75xmxt8.cloudfront.net\/12\/2023\/04\/pogi-mille-Large.webp","datePublished":"2023-04-16T06:00:17+00:00","author":{"@id":"https:\/\/www.welovecycling.com\/hu\/#\/schema\/person\/414a2aebf1801691a5320edb6468e194"},"description":"Avagy zajlik az \u00e9let a szlov\u00e9n szuperszt\u00e1r k\u00f6r\u00fcl, aki visszat\u00e9r\u0151k\u00e9nt is a vas\u00e1rnapi Amstel Gold Race legnagyobb favoritja.","breadcrumb":{"@id":"https:\/\/www.welovecycling.com\/hu\/orszaguti-kerekpar\/negy-ev-ennyi-ido-utan-ter-vissza-pogacar-az-amstelre-es-ennyit-kaptak-az-orajat-ellopo-tolvajok\/#breadcrumb"},"inLanguage":"hu","potentialAction":[{"@type":"ReadAction","target":["https:\/\/www.welovecycling.com\/hu\/orszaguti-kerekpar\/negy-ev-ennyi-ido-utan-ter-vissza-pogacar-az-amstelre-es-ennyit-kaptak-az-orajat-ellopo-tolvajok\/"]}]},{"@type":"ImageObject","inLanguage":"hu","@id":"https:\/\/www.welovecycling.com\/hu\/orszaguti-kerekpar\/negy-ev-ennyi-ido-utan-ter-vissza-pogacar-az-amstelre-es-ennyit-kaptak-az-orajat-ellopo-tolvajok\/#primaryimage","url":"https:\/\/d2p6e6u75xmxt8.cloudfront.net\/12\/2023\/04\/pogi-mille-Large.webp","contentUrl":"https:\/\/d2p6e6u75xmxt8.cloudfront.net\/12\/2023\/04\/pogi-mille-Large.webp","width":1177,"height":785},{"@type":"BreadcrumbList","@id":"https:\/\/www.welovecycling.com\/hu\/orszaguti-kerekpar\/negy-ev-ennyi-ido-utan-ter-vissza-pogacar-az-amstelre-es-ennyit-kaptak-az-orajat-ellopo-tolvajok\/#breadcrumb","itemListElement":[{"@type":"ListItem","position":1,"name":"Home","item":"https:\/\/www.welovecycling.com\/hu\/"},{"@type":"ListItem","position":2,"name":"N\u00e9gy \u00e9v: ennyi id\u0151 ut\u00e1n t\u00e9r vissza Poga\u010dar az Amstelre, \u00e9s ennyit kaptak az \u00f3r\u00e1j\u00e1t ellop\u00f3 tolvajok"}]},{"@type":"WebSite","@id":"https:\/\/www.welovecycling.com\/hu\/#website","url":"https:\/\/www.welovecycling.com\/hu\/","name":"\u0160koda We Love Cycling - Magyarorsz\u00e1g","description":"\u0160koda WeLoveCycling","potentialAction":[{"@type":"SearchAction","target":{"@type":"EntryPoint","urlTemplate":"https:\/\/www.welovecycling.com\/hu\/?s={search_term_string}"},"query-input":{"@type":"PropertyValueSpecification","valueRequired":true,"valueName":"search_term_string"}}],"inLanguage":"hu"},{"@type":"Person","@id":"https:\/\/www.welovecycling.com\/hu\/#\/schema\/person\/414a2aebf1801691a5320edb6468e194","name":"hegyizs","image":{"@type":"ImageObject","inLanguage":"hu","@id":"https:\/\/www.welovecycling.com\/hu\/#\/schema\/person\/image\/","url":"https:\/\/secure.gravatar.com\/avatar\/02cf8a7906b8cf90cecb4679defac7cfd33a1c2e3b88e4903d947f3bb58eedd3?s=96&d=mm&r=g","contentUrl":"https:\/\/secure.gravatar.com\/avatar\/02cf8a7906b8cf90cecb4679defac7cfd33a1c2e3b88e4903d947f3bb58eedd3?s=96&d=mm&r=g","caption":"hegyizs"},"url":"https:\/\/www.welovecycling.com\/hu\/author\/hegyizs\/"}]}},"_links":{"self":[{"href":"https:\/\/www.welovecycling.com\/hu\/wp-json\/wp\/v2\/posts\/17233","targetHints":{"allow":["GET"]}}],"collection":[{"href":"https:\/\/www.welovecycling.com\/hu\/wp-json\/wp\/v2\/posts"}],"about":[{"href":"https:\/\/www.welovecycling.com\/hu\/wp-json\/wp\/v2\/types\/post"}],"author":[{"embeddable":true,"href":"https:\/\/www.welovecycling.com\/hu\/wp-json\/wp\/v2\/users\/71"}],"replies":[{"embeddable":true,"href":"https:\/\/www.welovecycling.com\/hu\/wp-json\/wp\/v2\/comments?post=17233"}],"version-history":[{"count":1,"href":"https:\/\/www.welovecycling.com\/hu\/wp-json\/wp\/v2\/posts\/17233\/revisions"}],"predecessor-version":[{"id":17237,"href":"https:\/\/www.welovecycling.com\/hu\/wp-json\/wp\/v2\/posts\/17233\/revisions\/17237"}],"wp:featuredmedia":[{"embeddable":true,"href":"https:\/\/www.welovecycling.com\/hu\/wp-json\/wp\/v2\/media\/17236"}],"wp:attachment":[{"href":"https:\/\/www.welovecycling.com\/hu\/wp-json\/wp\/v2\/media?parent=17233"}],"wp:term":[{"taxonomy":"category","embeddable":true,"href":"https:\/\/www.welovecycling.com\/hu\/wp-json\/wp\/v2\/categories?post=17233"},{"taxonomy":"post_tag","embeddable":true,"href":"https:\/\/www.welovecycling.com\/hu\/wp-json\/wp\/v2\/tags?post=17233"},{"taxonomy":"global-categories","embeddable":true,"href":"https:\/\/www.welovecycling.com\/hu\/wp-json\/wp\/v2\/global-categories?post=17233"}],"curies":[{"name":"wp","href":"https:\/\/api.w.org\/{rel}","templated":true}]}}