{"id":17220,"date":"2023-04-15T08:00:02","date_gmt":"2023-04-15T06:00:02","guid":{"rendered":"https:\/\/www.welovecycling.com\/hu\/?p=17220"},"modified":"2023-04-12T14:28:21","modified_gmt":"2023-04-12T12:28:21","slug":"tippek-hogy-a-gyerekek-is-biztonsagosan-tekerhessenek","status":"publish","type":"post","link":"https:\/\/www.welovecycling.com\/hu\/csalad\/tippek-hogy-a-gyerekek-is-biztonsagosan-tekerhessenek\/","title":{"rendered":"Tippek, hogy a gyerekek is biztons\u00e1gosan tekerhessenek"},"content":{"rendered":"<p><b>Eml\u00e9kszel m\u00e9g az els\u0151 biciklidre &#8211; a sz\u00edn\u00e9re, a m\u00e1rk\u00e1j\u00e1ra, a s\u00faly\u00e1ra \u00e9s az \u00e9rz\u00e9sre? Ez a szabads\u00e1g defin\u00edci\u00f3ja a gyerekek sz\u00e1m\u00e1ra, enged\u00e9ly, hogy j\u00f3l \u00e9rezz\u00e9k magukat, a seg\u00edts\u00e9ged\u00a0 n\u00e9lk\u00fcl azonban nem megy. Pedig ki ne akarna egy ilyen szuper tud\u00e1st \u00e1tadni a k\u00f6vetkez\u0151 gener\u00e1ci\u00f3nak?<\/b><\/p>\n<p><!--more--><\/p>\n<p><span style=\"font-weight: 400;\">Miel\u0151tt gyorsan \u00e9s messzire tekernek, sok mindent meg kell tanulniuk \u00e9s sokat kell gyakorolniuk: hogy hogyan kell egyens\u00falyozni, mikor kell tekerni \u00e9s mikor f\u00e9kezni, hol lehet biciklizni \u00e9s hol nem, \u00e9s m\u00e9g sok minden m\u00e1s. A k\u00e9rd\u00e9sek szinte \u00f6z\u00f6nlenek, az ismeretlen pedig mindig ijeszt\u0151 (a gyerekeknek \u00e9s a sz\u00fcl\u0151knek egyar\u00e1nt). Az alapvet\u0151 biztons\u00e1gi szab\u00e1lyok priorit\u00e1sa \u00e9s betart\u00e1sa, valamint a gyakorlatok \u00e9s k\u00e9szs\u00e9gek elsaj\u00e1t\u00edt\u00e1sa megteremti az alapot a v\u00e1rt gyors utakhoz \u00e9s a bicikliz\u00e9s szabads\u00e1g\u00e1hoz.<\/span><\/p>\n<p><b>A buk\u00f3sisak minden esetben k\u00f6telez\u0151<\/b><\/p>\n<p><span style=\"font-weight: 400;\">Egy j\u00f3 szab\u00e1ly mindenkinek: buk\u00f3sisak n\u00e9lk\u00fcl tilos biciklizni.<\/span><\/p>\n<p><span style=\"font-weight: 400;\">Kih\u00edv\u00e1s lehet \u201cmen\u0151v\u00e9\u201d tenni a buk\u00f3sisakot, azonban annyi k\u00fcl\u00f6nb\u00f6z\u0151 sz\u00edn\u0171 \u00e9s st\u00edlus\u00fa opci\u00f3 l\u00e9tezik, hogy k\u00f6nnyen tal\u00e1lhatsz olyat, ami a gyerekeknek is tetszik. Fontos, hogy ne legyen opcion\u00e1lis a sisak visel\u00e9se!<\/span><\/p>\n<p><span style=\"font-weight: 400;\">A football-sisakok \u00e9s az \u00e9p\u00edt\u0151ipari sisakok megv\u00e9dik visel\u0151iket, de nem alkalmasak bicikliz\u00e9sre &#8211; ha a gyereked biciklizik, akkor olyan buk\u00f3sisakot kell viselnie, amelyet kifejezetten bicikliz\u00e9shez terveztek. M\u00e9g miel\u0151tt megbizonyosodn\u00e1l arr\u00f3l, hogy a gyerekeid haszn\u00e1lj\u00e1k \u00e9s becsatolj\u00e1k (igen, becsatolj\u00e1k!) a sisakot a fej\u00fck\u00f6n, seg\u00edts nekik meggy\u0151z\u0151dni arr\u00f3l, hogy a sisak megfelel\u0151en illeszkedik-e!<\/span><\/p>\n<p><b>A megfelel\u0151 ker\u00e9kp\u00e1r<\/b><\/p>\n<p><span style=\"font-weight: 400;\">A megfelel\u0151 m\u00e9ret\u0171, s\u00faly\u00fa \u00e9s st\u00edlus\u00fa ker\u00e9kp\u00e1r beszerz\u00e9se az egyik legjobb m\u00f3dja annak, hogy seg\u00edtsd a gyermekednek elker\u00fclni a bicikliz\u00e9s sor\u00e1n bek\u00f6vetkez\u0151 s\u00e9r\u00fcl\u00e9seket. Fontos, hogy stabilan meg tudjon \u00e1llni, \u00fagy, hogy k\u00f6nnyen el\u00e9rje a l\u00e1ba a talajt.<\/span><\/p>\n<p><span style=\"font-weight: 400;\">A megfelel\u0151 m\u00e9ret megtal\u00e1l\u00e1sa kih\u00edv\u00e1s lehet! A gyerekek gyorsan n\u0151nek, \u00e9s sok mindent kell figyelembe venni, mint a ker\u00e9km\u00e9ret, a v\u00e1zm\u00e9ret \u00e9s a s\u00faly (egy neh\u00e9z ker\u00e9kp\u00e1r, amivel neh\u00e9z man\u0151verezni, nem fogja k\u00f6nnyebb\u00e9 tenni a bicikliz\u00e9st), a f\u00e9kek, a sebess\u00e9gfokozatok \u00e9s a p\u00f3tkerekek (ha sz\u00fcks\u00e9gesek). <\/span><a href=\"https:\/\/www.welovecycling.com\/hu\/csalad\/a-leggyakoribb-hibak-gyerekbiciklik-beallitasakor\/\"><span style=\"font-weight: 400;\">Van n\u00e9h\u00e1ny hiba, amit jobb nem elk\u00f6vetni, amikor ker\u00e9kp\u00e1rbe\u00e1ll\u00edt\u00e1sr\u00f3l van sz\u00f3!<\/span><\/a><\/p>\n<p><b>Mindig l\u00e1tsz\u00f3dni kell<\/b><\/p>\n<p><span style=\"font-weight: 400;\">F\u00e9nyek! Sz\u00ednes ruh\u00e1k! Visszaver\u0151 ruh\u00e1zat! Seg\u00edts a gyermekednek megfelel\u0151en fel\u00f6lt\u00f6zni, b\u00e1rhov\u00e1 is menjen bring\u00e1j\u00e1val. Legyen a szett k\u00e9nyelmes (kiv\u00e9ve a t\u00fal laza ruh\u00e1kat, amelyek k\u00f6nnyen beakadhatnak a l\u00e1ncba vagy a ker\u00e9kbe), \u00e9s j\u00f3l l\u00e1that\u00f3 m\u00e1sok sz\u00e1m\u00e1ra (gyalogosok a j\u00e1rd\u00e1n \u00e9s aut\u00f3sok az utakon). Az a neonsz\u00edn\u0171 sisak vagy a f\u00e9nyes s\u00e1rga dzseki m\u00e9g seg\u00edt neked is rajtuk tartani a szemedet, amikor forgalmas parkokban vagy lak\u00f3\u00f6vezetekben bicikliznek.<\/span><\/p>\n<p><span style=\"font-weight: 400;\">Az els\u0151 fontos szab\u00e1ly, hogy biztos\u00edtsd, hogy a gyermeked biciklij\u00e9re megfelel\u0151 visszaver\u0151 panelek \u00e9s l\u00e1mp\u00e1k legyenek felszerelve, ha m\u00e1r a k\u00f6rny\u00e9ked utc\u00e1in vagy forgalmas utak mellett biciklizik. Ezek m\u00e9g nappal is seg\u00edtenek felkelteni a j\u00e1r\u00f3kel\u0151k \u00e9s aut\u00f3sok figyelm\u00e9t. A legt\u00f6bb biciklin van f\u00e9nyvisszaver\u0151, de l\u00e1mp\u00e1kat \u00e9s tov\u00e1bbi visszaver\u0151 matric\u00e1kat a legt\u00f6bb biciklit \u00e1rus\u00edt\u00f3 boltban tudsz beszerezni.<\/span><\/p>\n<p><b>Alap karbantart\u00e1s<\/b><\/p>\n<p><span style=\"font-weight: 400;\">Miel\u0151tt elinduln\u00e1tok egy ker\u00e9kp\u00e1ros kalandra, j\u00f3 gyakorlat a gyerekeknek a gumik ellen\u0151rz\u00e9se \u00e9s a nyereg be\u00e1ll\u00edt\u00e1sa. Ha t\u00fal magas, akkor nagyobb a s\u00e9r\u00fcl\u00e9svesz\u00e9ly, hiszen nehezebben tud lesz\u00e1llni. A lapos gumikkal val\u00f3 ker\u00e9kp\u00e1roz\u00e1s pedig neh\u00e9zkesebb\u00e9 teszi a man\u0151verez\u00e9st &#8211; ez egy m\u00e1sik baleseti kock\u00e1zat, nem besz\u00e9lve arr\u00f3l, hogy kellemetlen is.<\/span><\/p>\n<p><span style=\"font-weight: 400;\">Biztasd \u0151ket arra, hogy ellen\u0151rizz\u00e9k, hogy minden rendben van-e, miel\u0151tt elinduln\u00e1nak. Ez j\u00f3 lecke a kezdetekt\u0151l fogva. Ahogy n\u0151nek, ezek az alapvet\u0151 ellen\u0151rz\u00e9sek alapvet\u0151 jav\u00edt\u00e1sokk\u00e1 v\u00e1lhatnak, \u00edgy a ker\u00e9kp\u00e1rjuk mindig biztons\u00e1gos lesz sz\u00e1mukra.<\/span><\/p>\n<p><i><span style=\"font-weight: 400;\">Forr\u00e1s: <\/span><\/i><a href=\"https:\/\/www.activekids.com\/parenting-and-family\/articles\/bicycle-safety-tips-for-kids\"><i><span style=\"font-weight: 400;\">activekids.com<\/span><\/i><\/a><\/p>\n","protected":false},"excerpt":{"rendered":"<p>Eml\u00e9kszel m\u00e9g az els\u0151 biciklidre &#8211; a sz\u00edn\u00e9re, a m\u00e1rk\u00e1j\u00e1ra, a s\u00faly\u00e1ra \u00e9s az \u00e9rz\u00e9sre? Ez a szabads\u00e1g defin\u00edci\u00f3ja a [&hellip;]<\/p>\n","protected":false},"author":145,"featured_media":17221,"comment_status":"open","ping_status":"open","sticky":false,"template":"","format":"standard","meta":{"footnotes":""},"categories":[11],"tags":[],"global-categories":[419],"class_list":["post-17220","post","type-post","status-publish","format-standard","has-post-thumbnail","hentry","category-csalad","global-categories-cycling"],"yoast_head":"<!-- This site is optimized with the Yoast SEO Premium plugin v25.3 (Yoast SEO v25.9) - https:\/\/yoast.com\/wordpress\/plugins\/seo\/ -->\n<title>Tippek, hogy a gyerekek is biztons\u00e1gosan tekerhessenek - \u0160koda We Love Cycling - Magyarorsz\u00e1g<\/title>\n<meta name=\"description\" content=\"Eml\u00e9kszel m\u00e9g az els\u0151 biciklidre - a sz\u00edn\u00e9re, a m\u00e1rk\u00e1j\u00e1ra, a s\u00faly\u00e1ra \u00e9s az \u00e9rz\u00e9sre? Ez a szabads\u00e1g defin\u00edci\u00f3ja a gyerekek sz\u00e1m\u00e1ra, enged\u00e9ly, hogy j\u00f3l \u00e9rezz\u00e9k magukat, a seg\u00edts\u00e9ged\u00a0 n\u00e9lk\u00fcl azonban nem megy. Pedig ki ne akarna egy ilyen szuper tud\u00e1st \u00e1tadni a k\u00f6vetkez\u0151 gener\u00e1ci\u00f3nak?\" \/>\n<meta name=\"robots\" content=\"index, follow, max-snippet:-1, max-image-preview:large, max-video-preview:-1\" \/>\n<link rel=\"canonical\" href=\"https:\/\/www.welovecycling.com\/hu\/csalad\/tippek-hogy-a-gyerekek-is-biztonsagosan-tekerhessenek\/\" \/>\n<meta property=\"og:locale\" content=\"hu_HU\" \/>\n<meta property=\"og:type\" content=\"article\" \/>\n<meta property=\"og:title\" content=\"Tippek, hogy a gyerekek is biztons\u00e1gosan tekerhessenek\" \/>\n<meta property=\"og:description\" content=\"Eml\u00e9kszel m\u00e9g az els\u0151 biciklidre - a sz\u00edn\u00e9re, a m\u00e1rk\u00e1j\u00e1ra, a s\u00faly\u00e1ra \u00e9s az \u00e9rz\u00e9sre? Ez a szabads\u00e1g defin\u00edci\u00f3ja a gyerekek sz\u00e1m\u00e1ra, enged\u00e9ly, hogy j\u00f3l \u00e9rezz\u00e9k magukat, a seg\u00edts\u00e9ged\u00a0 n\u00e9lk\u00fcl azonban nem megy. Pedig ki ne akarna egy ilyen szuper tud\u00e1st \u00e1tadni a k\u00f6vetkez\u0151 gener\u00e1ci\u00f3nak?\" \/>\n<meta property=\"og:url\" content=\"https:\/\/www.welovecycling.com\/hu\/csalad\/tippek-hogy-a-gyerekek-is-biztonsagosan-tekerhessenek\/\" \/>\n<meta property=\"og:site_name\" content=\"\u0160koda We Love Cycling - Magyarorsz\u00e1g\" \/>\n<meta property=\"article:publisher\" content=\"https:\/\/www.facebook.com\/WeLoveCyclingHungary\/\" \/>\n<meta property=\"article:published_time\" content=\"2023-04-15T06:00:02+00:00\" \/>\n<meta property=\"og:image\" content=\"https:\/\/d2p6e6u75xmxt8.cloudfront.net\/12\/2023\/04\/22222-scaled.webp\" \/>\n\t<meta property=\"og:image:width\" content=\"2560\" \/>\n\t<meta property=\"og:image:height\" content=\"1707\" \/>\n\t<meta property=\"og:image:type\" content=\"image\/webp\" \/>\n<meta name=\"author\" content=\"kitti\" \/>\n<meta name=\"twitter:card\" content=\"summary_large_image\" \/>\n<meta name=\"twitter:label1\" content=\"Written by\" \/>\n\t<meta name=\"twitter:data1\" content=\"We Love Cycling\" \/>\n\t<meta name=\"twitter:label2\" content=\"Est. reading time\" \/>\n\t<meta name=\"twitter:data2\" content=\"4 minutes\" \/>\n<script type=\"application\/ld+json\" class=\"yoast-schema-graph\">{\"@context\":\"https:\/\/schema.org\",\"@graph\":[{\"@type\":\"WebPage\",\"@id\":\"https:\/\/www.welovecycling.com\/hu\/csalad\/tippek-hogy-a-gyerekek-is-biztonsagosan-tekerhessenek\/\",\"url\":\"https:\/\/www.welovecycling.com\/hu\/csalad\/tippek-hogy-a-gyerekek-is-biztonsagosan-tekerhessenek\/\",\"name\":\"Tippek, hogy a gyerekek is biztons\u00e1gosan tekerhessenek - \u0160koda We Love Cycling - Magyarorsz\u00e1g\",\"isPartOf\":{\"@id\":\"https:\/\/www.welovecycling.com\/hu\/#website\"},\"primaryImageOfPage\":{\"@id\":\"https:\/\/www.welovecycling.com\/hu\/csalad\/tippek-hogy-a-gyerekek-is-biztonsagosan-tekerhessenek\/#primaryimage\"},\"image\":{\"@id\":\"https:\/\/www.welovecycling.com\/hu\/csalad\/tippek-hogy-a-gyerekek-is-biztonsagosan-tekerhessenek\/#primaryimage\"},\"thumbnailUrl\":\"https:\/\/d2p6e6u75xmxt8.cloudfront.net\/12\/2023\/04\/22222-scaled.webp\",\"datePublished\":\"2023-04-15T06:00:02+00:00\",\"author\":{\"@id\":\"https:\/\/www.welovecycling.com\/hu\/#\/schema\/person\/bec7dcdbcc59f58489cf603e4040ced1\"},\"description\":\"Eml\u00e9kszel m\u00e9g az els\u0151 biciklidre - a sz\u00edn\u00e9re, a m\u00e1rk\u00e1j\u00e1ra, a s\u00faly\u00e1ra \u00e9s az \u00e9rz\u00e9sre? Ez a szabads\u00e1g defin\u00edci\u00f3ja a gyerekek sz\u00e1m\u00e1ra, enged\u00e9ly, hogy j\u00f3l \u00e9rezz\u00e9k magukat, a seg\u00edts\u00e9ged\u00a0 n\u00e9lk\u00fcl azonban nem megy. Pedig ki ne akarna egy ilyen szuper tud\u00e1st \u00e1tadni a k\u00f6vetkez\u0151 gener\u00e1ci\u00f3nak?\",\"breadcrumb\":{\"@id\":\"https:\/\/www.welovecycling.com\/hu\/csalad\/tippek-hogy-a-gyerekek-is-biztonsagosan-tekerhessenek\/#breadcrumb\"},\"inLanguage\":\"hu\",\"potentialAction\":[{\"@type\":\"ReadAction\",\"target\":[\"https:\/\/www.welovecycling.com\/hu\/csalad\/tippek-hogy-a-gyerekek-is-biztonsagosan-tekerhessenek\/\"]}]},{\"@type\":\"ImageObject\",\"inLanguage\":\"hu\",\"@id\":\"https:\/\/www.welovecycling.com\/hu\/csalad\/tippek-hogy-a-gyerekek-is-biztonsagosan-tekerhessenek\/#primaryimage\",\"url\":\"https:\/\/d2p6e6u75xmxt8.cloudfront.net\/12\/2023\/04\/22222-scaled.webp\",\"contentUrl\":\"https:\/\/d2p6e6u75xmxt8.cloudfront.net\/12\/2023\/04\/22222-scaled.webp\",\"width\":2560,\"height\":1707},{\"@type\":\"BreadcrumbList\",\"@id\":\"https:\/\/www.welovecycling.com\/hu\/csalad\/tippek-hogy-a-gyerekek-is-biztonsagosan-tekerhessenek\/#breadcrumb\",\"itemListElement\":[{\"@type\":\"ListItem\",\"position\":1,\"name\":\"Home\",\"item\":\"https:\/\/www.welovecycling.com\/hu\/\"},{\"@type\":\"ListItem\",\"position\":2,\"name\":\"Tippek, hogy a gyerekek is biztons\u00e1gosan tekerhessenek\"}]},{\"@type\":\"WebSite\",\"@id\":\"https:\/\/www.welovecycling.com\/hu\/#website\",\"url\":\"https:\/\/www.welovecycling.com\/hu\/\",\"name\":\"\u0160koda We Love Cycling - Magyarorsz\u00e1g\",\"description\":\"\u0160koda WeLoveCycling\",\"potentialAction\":[{\"@type\":\"SearchAction\",\"target\":{\"@type\":\"EntryPoint\",\"urlTemplate\":\"https:\/\/www.welovecycling.com\/hu\/?s={search_term_string}\"},\"query-input\":{\"@type\":\"PropertyValueSpecification\",\"valueRequired\":true,\"valueName\":\"search_term_string\"}}],\"inLanguage\":\"hu\"},{\"@type\":\"Person\",\"@id\":\"https:\/\/www.welovecycling.com\/hu\/#\/schema\/person\/bec7dcdbcc59f58489cf603e4040ced1\",\"name\":\"kitti\",\"image\":{\"@type\":\"ImageObject\",\"inLanguage\":\"hu\",\"@id\":\"https:\/\/www.welovecycling.com\/hu\/#\/schema\/person\/image\/\",\"url\":\"https:\/\/secure.gravatar.com\/avatar\/e3196a110e1b57b96f56d92d10ce9bb4e9d7210076832a16243337e949410b52?s=96&d=mm&r=g\",\"contentUrl\":\"https:\/\/secure.gravatar.com\/avatar\/e3196a110e1b57b96f56d92d10ce9bb4e9d7210076832a16243337e949410b52?s=96&d=mm&r=g\",\"caption\":\"kitti\"},\"url\":\"https:\/\/www.welovecycling.com\/hu\/author\/kitti\/\"}]}<\/script>\n<!-- \/ Yoast SEO Premium plugin. -->","yoast_head_json":{"title":"Tippek, hogy a gyerekek is biztons\u00e1gosan tekerhessenek - \u0160koda We Love Cycling - Magyarorsz\u00e1g","description":"Eml\u00e9kszel m\u00e9g az els\u0151 biciklidre - a sz\u00edn\u00e9re, a m\u00e1rk\u00e1j\u00e1ra, a s\u00faly\u00e1ra \u00e9s az \u00e9rz\u00e9sre? Ez a szabads\u00e1g defin\u00edci\u00f3ja a gyerekek sz\u00e1m\u00e1ra, enged\u00e9ly, hogy j\u00f3l \u00e9rezz\u00e9k magukat, a seg\u00edts\u00e9ged\u00a0 n\u00e9lk\u00fcl azonban nem megy. Pedig ki ne akarna egy ilyen szuper tud\u00e1st \u00e1tadni a k\u00f6vetkez\u0151 gener\u00e1ci\u00f3nak?","robots":{"index":"index","follow":"follow","max-snippet":"max-snippet:-1","max-image-preview":"max-image-preview:large","max-video-preview":"max-video-preview:-1"},"canonical":"https:\/\/www.welovecycling.com\/hu\/csalad\/tippek-hogy-a-gyerekek-is-biztonsagosan-tekerhessenek\/","og_locale":"hu_HU","og_type":"article","og_title":"Tippek, hogy a gyerekek is biztons\u00e1gosan tekerhessenek","og_description":"Eml\u00e9kszel m\u00e9g az els\u0151 biciklidre - a sz\u00edn\u00e9re, a m\u00e1rk\u00e1j\u00e1ra, a s\u00faly\u00e1ra \u00e9s az \u00e9rz\u00e9sre? Ez a szabads\u00e1g defin\u00edci\u00f3ja a gyerekek sz\u00e1m\u00e1ra, enged\u00e9ly, hogy j\u00f3l \u00e9rezz\u00e9k magukat, a seg\u00edts\u00e9ged\u00a0 n\u00e9lk\u00fcl azonban nem megy. Pedig ki ne akarna egy ilyen szuper tud\u00e1st \u00e1tadni a k\u00f6vetkez\u0151 gener\u00e1ci\u00f3nak?","og_url":"https:\/\/www.welovecycling.com\/hu\/csalad\/tippek-hogy-a-gyerekek-is-biztonsagosan-tekerhessenek\/","og_site_name":"\u0160koda We Love Cycling - Magyarorsz\u00e1g","article_publisher":"https:\/\/www.facebook.com\/WeLoveCyclingHungary\/","article_published_time":"2023-04-15T06:00:02+00:00","og_image":[{"width":2560,"height":1707,"url":"https:\/\/d2p6e6u75xmxt8.cloudfront.net\/12\/2023\/04\/22222-scaled.webp","type":"image\/webp"}],"author":"kitti","twitter_card":"summary_large_image","twitter_misc":{"Written by":"We Love Cycling","Est. reading time":"4 minutes"},"schema":{"@context":"https:\/\/schema.org","@graph":[{"@type":"WebPage","@id":"https:\/\/www.welovecycling.com\/hu\/csalad\/tippek-hogy-a-gyerekek-is-biztonsagosan-tekerhessenek\/","url":"https:\/\/www.welovecycling.com\/hu\/csalad\/tippek-hogy-a-gyerekek-is-biztonsagosan-tekerhessenek\/","name":"Tippek, hogy a gyerekek is biztons\u00e1gosan tekerhessenek - \u0160koda We Love Cycling - Magyarorsz\u00e1g","isPartOf":{"@id":"https:\/\/www.welovecycling.com\/hu\/#website"},"primaryImageOfPage":{"@id":"https:\/\/www.welovecycling.com\/hu\/csalad\/tippek-hogy-a-gyerekek-is-biztonsagosan-tekerhessenek\/#primaryimage"},"image":{"@id":"https:\/\/www.welovecycling.com\/hu\/csalad\/tippek-hogy-a-gyerekek-is-biztonsagosan-tekerhessenek\/#primaryimage"},"thumbnailUrl":"https:\/\/d2p6e6u75xmxt8.cloudfront.net\/12\/2023\/04\/22222-scaled.webp","datePublished":"2023-04-15T06:00:02+00:00","author":{"@id":"https:\/\/www.welovecycling.com\/hu\/#\/schema\/person\/bec7dcdbcc59f58489cf603e4040ced1"},"description":"Eml\u00e9kszel m\u00e9g az els\u0151 biciklidre - a sz\u00edn\u00e9re, a m\u00e1rk\u00e1j\u00e1ra, a s\u00faly\u00e1ra \u00e9s az \u00e9rz\u00e9sre? Ez a szabads\u00e1g defin\u00edci\u00f3ja a gyerekek sz\u00e1m\u00e1ra, enged\u00e9ly, hogy j\u00f3l \u00e9rezz\u00e9k magukat, a seg\u00edts\u00e9ged\u00a0 n\u00e9lk\u00fcl azonban nem megy. Pedig ki ne akarna egy ilyen szuper tud\u00e1st \u00e1tadni a k\u00f6vetkez\u0151 gener\u00e1ci\u00f3nak?","breadcrumb":{"@id":"https:\/\/www.welovecycling.com\/hu\/csalad\/tippek-hogy-a-gyerekek-is-biztonsagosan-tekerhessenek\/#breadcrumb"},"inLanguage":"hu","potentialAction":[{"@type":"ReadAction","target":["https:\/\/www.welovecycling.com\/hu\/csalad\/tippek-hogy-a-gyerekek-is-biztonsagosan-tekerhessenek\/"]}]},{"@type":"ImageObject","inLanguage":"hu","@id":"https:\/\/www.welovecycling.com\/hu\/csalad\/tippek-hogy-a-gyerekek-is-biztonsagosan-tekerhessenek\/#primaryimage","url":"https:\/\/d2p6e6u75xmxt8.cloudfront.net\/12\/2023\/04\/22222-scaled.webp","contentUrl":"https:\/\/d2p6e6u75xmxt8.cloudfront.net\/12\/2023\/04\/22222-scaled.webp","width":2560,"height":1707},{"@type":"BreadcrumbList","@id":"https:\/\/www.welovecycling.com\/hu\/csalad\/tippek-hogy-a-gyerekek-is-biztonsagosan-tekerhessenek\/#breadcrumb","itemListElement":[{"@type":"ListItem","position":1,"name":"Home","item":"https:\/\/www.welovecycling.com\/hu\/"},{"@type":"ListItem","position":2,"name":"Tippek, hogy a gyerekek is biztons\u00e1gosan tekerhessenek"}]},{"@type":"WebSite","@id":"https:\/\/www.welovecycling.com\/hu\/#website","url":"https:\/\/www.welovecycling.com\/hu\/","name":"\u0160koda We Love Cycling - Magyarorsz\u00e1g","description":"\u0160koda WeLoveCycling","potentialAction":[{"@type":"SearchAction","target":{"@type":"EntryPoint","urlTemplate":"https:\/\/www.welovecycling.com\/hu\/?s={search_term_string}"},"query-input":{"@type":"PropertyValueSpecification","valueRequired":true,"valueName":"search_term_string"}}],"inLanguage":"hu"},{"@type":"Person","@id":"https:\/\/www.welovecycling.com\/hu\/#\/schema\/person\/bec7dcdbcc59f58489cf603e4040ced1","name":"kitti","image":{"@type":"ImageObject","inLanguage":"hu","@id":"https:\/\/www.welovecycling.com\/hu\/#\/schema\/person\/image\/","url":"https:\/\/secure.gravatar.com\/avatar\/e3196a110e1b57b96f56d92d10ce9bb4e9d7210076832a16243337e949410b52?s=96&d=mm&r=g","contentUrl":"https:\/\/secure.gravatar.com\/avatar\/e3196a110e1b57b96f56d92d10ce9bb4e9d7210076832a16243337e949410b52?s=96&d=mm&r=g","caption":"kitti"},"url":"https:\/\/www.welovecycling.com\/hu\/author\/kitti\/"}]}},"_links":{"self":[{"href":"https:\/\/www.welovecycling.com\/hu\/wp-json\/wp\/v2\/posts\/17220","targetHints":{"allow":["GET"]}}],"collection":[{"href":"https:\/\/www.welovecycling.com\/hu\/wp-json\/wp\/v2\/posts"}],"about":[{"href":"https:\/\/www.welovecycling.com\/hu\/wp-json\/wp\/v2\/types\/post"}],"author":[{"embeddable":true,"href":"https:\/\/www.welovecycling.com\/hu\/wp-json\/wp\/v2\/users\/145"}],"replies":[{"embeddable":true,"href":"https:\/\/www.welovecycling.com\/hu\/wp-json\/wp\/v2\/comments?post=17220"}],"version-history":[{"count":1,"href":"https:\/\/www.welovecycling.com\/hu\/wp-json\/wp\/v2\/posts\/17220\/revisions"}],"predecessor-version":[{"id":17222,"href":"https:\/\/www.welovecycling.com\/hu\/wp-json\/wp\/v2\/posts\/17220\/revisions\/17222"}],"wp:featuredmedia":[{"embeddable":true,"href":"https:\/\/www.welovecycling.com\/hu\/wp-json\/wp\/v2\/media\/17221"}],"wp:attachment":[{"href":"https:\/\/www.welovecycling.com\/hu\/wp-json\/wp\/v2\/media?parent=17220"}],"wp:term":[{"taxonomy":"category","embeddable":true,"href":"https:\/\/www.welovecycling.com\/hu\/wp-json\/wp\/v2\/categories?post=17220"},{"taxonomy":"post_tag","embeddable":true,"href":"https:\/\/www.welovecycling.com\/hu\/wp-json\/wp\/v2\/tags?post=17220"},{"taxonomy":"global-categories","embeddable":true,"href":"https:\/\/www.welovecycling.com\/hu\/wp-json\/wp\/v2\/global-categories?post=17220"}],"curies":[{"name":"wp","href":"https:\/\/api.w.org\/{rel}","templated":true}]}}