{"id":17216,"date":"2023-04-13T08:00:58","date_gmt":"2023-04-13T06:00:58","guid":{"rendered":"https:\/\/www.welovecycling.com\/hu\/?p=17216"},"modified":"2023-04-12T11:16:06","modified_gmt":"2023-04-12T09:16:06","slug":"mindenkinek-jar-a-tisztelet-az-uci-kampanyt-inditott-az-egyenek-vedelme-erdekeben-a-kerekparsportban","status":"publish","type":"post","link":"https:\/\/www.welovecycling.com\/hu\/kozosseg-es-kultura\/mindenkinek-jar-a-tisztelet-az-uci-kampanyt-inditott-az-egyenek-vedelme-erdekeben-a-kerekparsportban\/","title":{"rendered":"&#8216;Mindenkinek j\u00e1r a tisztelet&#8217; &#8211; Az UCI kamp\u00e1nyt ind\u00edtott az egy\u00e9nek v\u00e9delme \u00e9rdek\u00e9ben a ker\u00e9kp\u00e1rsportban"},"content":{"rendered":"<p><b>Az Union Cycliste Internationale (UCI) \u00faj kamp\u00e1nyt ind\u00edtott, hogy \u00f6szt\u00f6n\u00f6zze a csod\u00e1latos ker\u00e9kp\u00e1rsport szerepl\u0151it, hogy akt\u00edv szerepet v\u00e1llaljanak minden egyes szem\u00e9ly testi \u00e9s pszichol\u00f3giai integrit\u00e1s\u00e1nak v\u00e9delm\u00e9ben.<\/b><\/p>\n<p><!--more--><\/p>\n<p><span style=\"font-weight: 400;\">A kamp\u00e1ny a Cycling Integrity program r\u00e9sze, amely h\u00e1rom pill\u00e9rb\u0151l \u00e1ll: Tiszta ker\u00e9kp\u00e1rsport, Biztons\u00e1gos ker\u00e9kp\u00e1rsport \u00e9s Tisztess\u00e9ges ker\u00e9kp\u00e1rsport. Mindegyiknek van egy oktat\u00e1si programja \u00e9s egy reakt\u00edv \u00f6sszetev\u0151je, amely lehet\u0151v\u00e9 teszi az esetleges vissza\u00e9l\u00e9sek bejelent\u00e9s\u00e9t.<\/span><\/p>\n<p><span style=\"font-weight: 400;\">A misszi\u00f3 \u00edgy hangzik: <\/span><i><span style=\"font-weight: 400;\">&#8220;Mint er\u0151s \u00e9s pozit\u00edv univerz\u00e1lis \u00e9rt\u00e9kek hordoz\u00f3ja, a ker\u00e9kp\u00e1roz\u00e1s hat\u00e9kony eszk\u00f6ze az egy\u00e9nek \u00e9s a t\u00e1rsadalmak fejl\u0151d\u00e9s\u00e9nek, valamint a fenntarthat\u00f3 \u00e9s befogad\u00f3 fejl\u0151d\u00e9snek.<\/span><\/i><\/p>\n<p><a href=\"https:\/\/d2p6e6u75xmxt8.cloudfront.net\/12\/2023\/04\/ezgif.com-webp-to-jpg-8.webp\"><img loading=\"lazy\" decoding=\"async\" class=\"alignnone size-full wp-image-17218\" src=\"https:\/\/d2p6e6u75xmxt8.cloudfront.net\/12\/2023\/04\/ezgif.com-webp-to-jpg-8.webp\" alt=\"\" width=\"1200\" height=\"566\" srcset=\"https:\/\/d2p6e6u75xmxt8.cloudfront.net\/12\/2023\/04\/ezgif.com-webp-to-jpg-8.webp 1200w, https:\/\/d2p6e6u75xmxt8.cloudfront.net\/12\/2023\/04\/ezgif.com-webp-to-jpg-8-300x142.webp 300w, https:\/\/d2p6e6u75xmxt8.cloudfront.net\/12\/2023\/04\/ezgif.com-webp-to-jpg-8-1024x483.webp 1024w, https:\/\/d2p6e6u75xmxt8.cloudfront.net\/12\/2023\/04\/ezgif.com-webp-to-jpg-8-768x362.webp 768w, https:\/\/d2p6e6u75xmxt8.cloudfront.net\/12\/2023\/04\/ezgif.com-webp-to-jpg-8-400x189.webp 400w\" sizes=\"auto, (max-width: 1200px) 100vw, 1200px\" \/><\/a><\/p>\n<p><i><span style=\"font-weight: 400;\">Ehhez a konstrukt\u00edv szerephez a ker\u00e9kp\u00e1roz\u00e1snak biztons\u00e1gosnak kell lennie az emberek sz\u00e1m\u00e1ra: ennek a csal\u00e1dnak minden tagja, legyen az ker\u00e9kp\u00e1ros vagy sem, olyan k\u00f6rnyezetben kell, hogy fejl\u0151dj\u00f6n, amelyben biztons\u00e1gban \u00e9rzi mag\u00e1t, \u00e9s tiszteletben tartj\u00e1k \u0151t.&#8221;<\/span><\/i><\/p>\n<p><i><span style=\"font-weight: 400;\">&#8220;Az UCI-nak mindent meg kell tennie a zaklat\u00e1s \u00e9s az er\u0151szak minden form\u00e1ja elleni k\u00fczdelemben: a pszichol\u00f3giai \u00e9s fizikai b\u00e1ntalmaz\u00e1s, a szexu\u00e1lis zaklat\u00e1s \u00e9s b\u00e1ntalmaz\u00e1s, valamint a hanyags\u00e1g ellen egyar\u00e1nt. Az ilyen esem\u00e9nyek egyszer\u0171en nem f\u00e9rnek el a ker\u00e9kp\u00e1roz\u00e1s vil\u00e1g\u00e1ban &#8211; legyen az profi vagy amat\u0151r -, \u00e9s nem toler\u00e1lhat\u00f3k.&#8221;<\/span><\/i><\/p>\n<p><span style=\"font-weight: 400;\">Az UCI kiemelte, hogy mindenkire sz\u00fcks\u00e9g van ahhoz, hogy biztons\u00e1gosabb k\u00f6rnyezetet teremts\u00fcnk. Ennek \u00e9rdek\u00e9ben 2021-ben elind\u00edtott\u00e1k a <\/span><a href=\"https:\/\/report.whistleb.com\/en-GB\/uci2\"><span style=\"font-weight: 400;\">UCI SpeakUp platformot<\/span><\/a><span style=\"font-weight: 400;\">, ahol b\u00e1rki bejelentheti, ha b\u00e1ntalmaz\u00e1s tan\u00faja lett. Ezt a platformot technol\u00f3giai csal\u00e1sok \u00e9s versenymanipul\u00e1ci\u00f3 bejelent\u00e9s\u00e9re is lehet haszn\u00e1lni. A gyan\u00fas\u00edtott doppingesetekre az International Testing Agency (ITA) saj\u00e1t platformja, a <\/span><a href=\"https:\/\/ita.sport\/service\/reveal\/\"><span style=\"font-weight: 400;\">REVEAL \u00e1ll rendelkez\u00e9sre<\/span><\/a><span style=\"font-weight: 400;\">.<\/span><\/p>\n<p><i><span style=\"font-weight: 400;\">&#8220;Az integrit\u00e1s a sport alapvet\u0151 \u00e9rt\u00e9ke, \u00e9s a ker\u00e9kp\u00e1roz\u00e1s fantasztikus sport, ami sz\u00e1zmilli\u00f3kat inspir\u00e1l vil\u00e1gszerte, hogy egy eg\u00e9szs\u00e9ges szabadid\u0151s tev\u00e9kenys\u00e9gk\u00e9nt \u00e9s fenntarthat\u00f3 k\u00f6zleked\u00e9si eszk\u00f6zk\u00e9nt haszn\u00e1lj\u00e1k a biciklit&#8221; <\/span><\/i><span style=\"font-weight: 400;\">&#8211; mondta az UCI eln\u00f6ke, David Lappartient.<\/span><\/p>\n<p><i><span style=\"font-weight: 400;\">&#8220;A ker\u00e9kp\u00e1roz\u00e1s er\u0151s \u00e9rt\u00e9keket k\u00e9pvisel, mint p\u00e9ld\u00e1ul a kem\u00e9ny munka, a kitart\u00e1s \u00e9s a szolidarit\u00e1s. Nincs helye b\u00e1ntalmaz\u00e1snak a sportunkban, \u00e9s az UCI nem is toler\u00e1lja. Szeretn\u00e9nk, hogy sportunk hozz\u00e1j\u00e1ruljon egy jobb t\u00e1rsadalom \u00e9p\u00edt\u00e9s\u00e9hez, \u00e9s mindent megtesz\u00fcnk annak \u00e9rdek\u00e9ben, hogy a b\u00e1ntalmaz\u00e1sok \u00e1ldozatai \u00e9s tan\u00fai tudj\u00e1k, hogy mi az \u0151 oldalukon \u00e1llunk, \u00e9s \u00f6szt\u00f6n\u00f6zz\u00fck \u0151ket, hogy seg\u00edtsenek nek\u00fcnk olyan sportot kialak\u00edtani, mely minden szinten p\u00e9lda\u00e9rt\u00e9k\u0171.&#8221;<\/span><\/i><\/p>\n","protected":false},"excerpt":{"rendered":"<p>Az Union Cycliste Internationale (UCI) \u00faj kamp\u00e1nyt ind\u00edtott, hogy \u00f6szt\u00f6n\u00f6zze a csod\u00e1latos ker\u00e9kp\u00e1rsport szerepl\u0151it, hogy akt\u00edv szerepet v\u00e1llaljanak minden egyes [&hellip;]<\/p>\n","protected":false},"author":145,"featured_media":17217,"comment_status":"open","ping_status":"open","sticky":false,"template":"","format":"standard","meta":{"footnotes":""},"categories":[12],"tags":[],"global-categories":[419],"class_list":["post-17216","post","type-post","status-publish","format-standard","has-post-thumbnail","hentry","category-kozosseg-es-kultura","global-categories-cycling"],"yoast_head":"<!-- This site is optimized with the Yoast SEO Premium plugin v25.3 (Yoast SEO v25.9) - https:\/\/yoast.com\/wordpress\/plugins\/seo\/ -->\n<title>&#039;Mindenkinek j\u00e1r a tisztelet&#039; - Az UCI kamp\u00e1nyt ind\u00edtott az egy\u00e9nek v\u00e9delme \u00e9rdek\u00e9ben a ker\u00e9kp\u00e1rsportban - \u0160koda We Love Cycling - Magyarorsz\u00e1g<\/title>\n<meta name=\"description\" content=\"Az Union Cycliste Internationale (UCI) \u00faj kamp\u00e1nyt ind\u00edtott, hogy \u00f6szt\u00f6n\u00f6zze a csod\u00e1latos ker\u00e9kp\u00e1rsport szerepl\u0151it, hogy akt\u00edv szerepet v\u00e1llaljanak minden egyes szem\u00e9ly testi \u00e9s pszichol\u00f3giai integrit\u00e1s\u00e1nak v\u00e9delm\u00e9ben.\" \/>\n<meta name=\"robots\" content=\"index, follow, max-snippet:-1, max-image-preview:large, max-video-preview:-1\" \/>\n<link rel=\"canonical\" href=\"https:\/\/www.welovecycling.com\/hu\/kozosseg-es-kultura\/mindenkinek-jar-a-tisztelet-az-uci-kampanyt-inditott-az-egyenek-vedelme-erdekeben-a-kerekparsportban\/\" \/>\n<meta property=\"og:locale\" content=\"hu_HU\" \/>\n<meta property=\"og:type\" content=\"article\" \/>\n<meta property=\"og:title\" content=\"&#039;Mindenkinek j\u00e1r a tisztelet&#039; - Az UCI kamp\u00e1nyt ind\u00edtott az egy\u00e9nek v\u00e9delme \u00e9rdek\u00e9ben a ker\u00e9kp\u00e1rsportban\" \/>\n<meta property=\"og:description\" content=\"Az Union Cycliste Internationale (UCI) \u00faj kamp\u00e1nyt ind\u00edtott, hogy \u00f6szt\u00f6n\u00f6zze a csod\u00e1latos ker\u00e9kp\u00e1rsport szerepl\u0151it, hogy akt\u00edv szerepet v\u00e1llaljanak minden egyes szem\u00e9ly testi \u00e9s pszichol\u00f3giai integrit\u00e1s\u00e1nak v\u00e9delm\u00e9ben.\" \/>\n<meta property=\"og:url\" content=\"https:\/\/www.welovecycling.com\/hu\/kozosseg-es-kultura\/mindenkinek-jar-a-tisztelet-az-uci-kampanyt-inditott-az-egyenek-vedelme-erdekeben-a-kerekparsportban\/\" \/>\n<meta property=\"og:site_name\" content=\"\u0160koda We Love Cycling - Magyarorsz\u00e1g\" \/>\n<meta property=\"article:publisher\" content=\"https:\/\/www.facebook.com\/WeLoveCyclingHungary\/\" \/>\n<meta property=\"article:published_time\" content=\"2023-04-13T06:00:58+00:00\" \/>\n<meta property=\"og:image\" content=\"https:\/\/d2p6e6u75xmxt8.cloudfront.net\/12\/2023\/04\/ezgif.com-webp-to-jpg-9.webp\" \/>\n\t<meta property=\"og:image:width\" content=\"990\" \/>\n\t<meta property=\"og:image:height\" content=\"660\" \/>\n\t<meta property=\"og:image:type\" content=\"image\/webp\" \/>\n<meta name=\"author\" content=\"kitti\" \/>\n<meta name=\"twitter:card\" content=\"summary_large_image\" \/>\n<meta name=\"twitter:label1\" content=\"Written by\" \/>\n\t<meta name=\"twitter:data1\" content=\"We Love Cycling\" \/>\n\t<meta name=\"twitter:label2\" content=\"Est. reading time\" \/>\n\t<meta name=\"twitter:data2\" content=\"2 minutes\" \/>\n<script type=\"application\/ld+json\" class=\"yoast-schema-graph\">{\"@context\":\"https:\/\/schema.org\",\"@graph\":[{\"@type\":\"WebPage\",\"@id\":\"https:\/\/www.welovecycling.com\/hu\/kozosseg-es-kultura\/mindenkinek-jar-a-tisztelet-az-uci-kampanyt-inditott-az-egyenek-vedelme-erdekeben-a-kerekparsportban\/\",\"url\":\"https:\/\/www.welovecycling.com\/hu\/kozosseg-es-kultura\/mindenkinek-jar-a-tisztelet-az-uci-kampanyt-inditott-az-egyenek-vedelme-erdekeben-a-kerekparsportban\/\",\"name\":\"'Mindenkinek j\u00e1r a tisztelet' - Az UCI kamp\u00e1nyt ind\u00edtott az egy\u00e9nek v\u00e9delme \u00e9rdek\u00e9ben a ker\u00e9kp\u00e1rsportban - \u0160koda We Love Cycling - Magyarorsz\u00e1g\",\"isPartOf\":{\"@id\":\"https:\/\/www.welovecycling.com\/hu\/#website\"},\"primaryImageOfPage\":{\"@id\":\"https:\/\/www.welovecycling.com\/hu\/kozosseg-es-kultura\/mindenkinek-jar-a-tisztelet-az-uci-kampanyt-inditott-az-egyenek-vedelme-erdekeben-a-kerekparsportban\/#primaryimage\"},\"image\":{\"@id\":\"https:\/\/www.welovecycling.com\/hu\/kozosseg-es-kultura\/mindenkinek-jar-a-tisztelet-az-uci-kampanyt-inditott-az-egyenek-vedelme-erdekeben-a-kerekparsportban\/#primaryimage\"},\"thumbnailUrl\":\"https:\/\/d2p6e6u75xmxt8.cloudfront.net\/12\/2023\/04\/ezgif.com-webp-to-jpg-9.webp\",\"datePublished\":\"2023-04-13T06:00:58+00:00\",\"author\":{\"@id\":\"https:\/\/www.welovecycling.com\/hu\/#\/schema\/person\/bec7dcdbcc59f58489cf603e4040ced1\"},\"description\":\"Az Union Cycliste Internationale (UCI) \u00faj kamp\u00e1nyt ind\u00edtott, hogy \u00f6szt\u00f6n\u00f6zze a csod\u00e1latos ker\u00e9kp\u00e1rsport szerepl\u0151it, hogy akt\u00edv szerepet v\u00e1llaljanak minden egyes szem\u00e9ly testi \u00e9s pszichol\u00f3giai integrit\u00e1s\u00e1nak v\u00e9delm\u00e9ben.\",\"breadcrumb\":{\"@id\":\"https:\/\/www.welovecycling.com\/hu\/kozosseg-es-kultura\/mindenkinek-jar-a-tisztelet-az-uci-kampanyt-inditott-az-egyenek-vedelme-erdekeben-a-kerekparsportban\/#breadcrumb\"},\"inLanguage\":\"hu\",\"potentialAction\":[{\"@type\":\"ReadAction\",\"target\":[\"https:\/\/www.welovecycling.com\/hu\/kozosseg-es-kultura\/mindenkinek-jar-a-tisztelet-az-uci-kampanyt-inditott-az-egyenek-vedelme-erdekeben-a-kerekparsportban\/\"]}]},{\"@type\":\"ImageObject\",\"inLanguage\":\"hu\",\"@id\":\"https:\/\/www.welovecycling.com\/hu\/kozosseg-es-kultura\/mindenkinek-jar-a-tisztelet-az-uci-kampanyt-inditott-az-egyenek-vedelme-erdekeben-a-kerekparsportban\/#primaryimage\",\"url\":\"https:\/\/d2p6e6u75xmxt8.cloudfront.net\/12\/2023\/04\/ezgif.com-webp-to-jpg-9.webp\",\"contentUrl\":\"https:\/\/d2p6e6u75xmxt8.cloudfront.net\/12\/2023\/04\/ezgif.com-webp-to-jpg-9.webp\",\"width\":990,\"height\":660},{\"@type\":\"BreadcrumbList\",\"@id\":\"https:\/\/www.welovecycling.com\/hu\/kozosseg-es-kultura\/mindenkinek-jar-a-tisztelet-az-uci-kampanyt-inditott-az-egyenek-vedelme-erdekeben-a-kerekparsportban\/#breadcrumb\",\"itemListElement\":[{\"@type\":\"ListItem\",\"position\":1,\"name\":\"Home\",\"item\":\"https:\/\/www.welovecycling.com\/hu\/\"},{\"@type\":\"ListItem\",\"position\":2,\"name\":\"&#8216;Mindenkinek j\u00e1r a tisztelet&#8217; &#8211; Az UCI kamp\u00e1nyt ind\u00edtott az egy\u00e9nek v\u00e9delme \u00e9rdek\u00e9ben a ker\u00e9kp\u00e1rsportban\"}]},{\"@type\":\"WebSite\",\"@id\":\"https:\/\/www.welovecycling.com\/hu\/#website\",\"url\":\"https:\/\/www.welovecycling.com\/hu\/\",\"name\":\"\u0160koda We Love Cycling - Magyarorsz\u00e1g\",\"description\":\"\u0160koda WeLoveCycling\",\"potentialAction\":[{\"@type\":\"SearchAction\",\"target\":{\"@type\":\"EntryPoint\",\"urlTemplate\":\"https:\/\/www.welovecycling.com\/hu\/?s={search_term_string}\"},\"query-input\":{\"@type\":\"PropertyValueSpecification\",\"valueRequired\":true,\"valueName\":\"search_term_string\"}}],\"inLanguage\":\"hu\"},{\"@type\":\"Person\",\"@id\":\"https:\/\/www.welovecycling.com\/hu\/#\/schema\/person\/bec7dcdbcc59f58489cf603e4040ced1\",\"name\":\"kitti\",\"image\":{\"@type\":\"ImageObject\",\"inLanguage\":\"hu\",\"@id\":\"https:\/\/www.welovecycling.com\/hu\/#\/schema\/person\/image\/\",\"url\":\"https:\/\/secure.gravatar.com\/avatar\/e3196a110e1b57b96f56d92d10ce9bb4e9d7210076832a16243337e949410b52?s=96&d=mm&r=g\",\"contentUrl\":\"https:\/\/secure.gravatar.com\/avatar\/e3196a110e1b57b96f56d92d10ce9bb4e9d7210076832a16243337e949410b52?s=96&d=mm&r=g\",\"caption\":\"kitti\"},\"url\":\"https:\/\/www.welovecycling.com\/hu\/author\/kitti\/\"}]}<\/script>\n<!-- \/ Yoast SEO Premium plugin. -->","yoast_head_json":{"title":"'Mindenkinek j\u00e1r a tisztelet' - Az UCI kamp\u00e1nyt ind\u00edtott az egy\u00e9nek v\u00e9delme \u00e9rdek\u00e9ben a ker\u00e9kp\u00e1rsportban - \u0160koda We Love Cycling - Magyarorsz\u00e1g","description":"Az Union Cycliste Internationale (UCI) \u00faj kamp\u00e1nyt ind\u00edtott, hogy \u00f6szt\u00f6n\u00f6zze a csod\u00e1latos ker\u00e9kp\u00e1rsport szerepl\u0151it, hogy akt\u00edv szerepet v\u00e1llaljanak minden egyes szem\u00e9ly testi \u00e9s pszichol\u00f3giai integrit\u00e1s\u00e1nak v\u00e9delm\u00e9ben.","robots":{"index":"index","follow":"follow","max-snippet":"max-snippet:-1","max-image-preview":"max-image-preview:large","max-video-preview":"max-video-preview:-1"},"canonical":"https:\/\/www.welovecycling.com\/hu\/kozosseg-es-kultura\/mindenkinek-jar-a-tisztelet-az-uci-kampanyt-inditott-az-egyenek-vedelme-erdekeben-a-kerekparsportban\/","og_locale":"hu_HU","og_type":"article","og_title":"'Mindenkinek j\u00e1r a tisztelet' - Az UCI kamp\u00e1nyt ind\u00edtott az egy\u00e9nek v\u00e9delme \u00e9rdek\u00e9ben a ker\u00e9kp\u00e1rsportban","og_description":"Az Union Cycliste Internationale (UCI) \u00faj kamp\u00e1nyt ind\u00edtott, hogy \u00f6szt\u00f6n\u00f6zze a csod\u00e1latos ker\u00e9kp\u00e1rsport szerepl\u0151it, hogy akt\u00edv szerepet v\u00e1llaljanak minden egyes szem\u00e9ly testi \u00e9s pszichol\u00f3giai integrit\u00e1s\u00e1nak v\u00e9delm\u00e9ben.","og_url":"https:\/\/www.welovecycling.com\/hu\/kozosseg-es-kultura\/mindenkinek-jar-a-tisztelet-az-uci-kampanyt-inditott-az-egyenek-vedelme-erdekeben-a-kerekparsportban\/","og_site_name":"\u0160koda We Love Cycling - Magyarorsz\u00e1g","article_publisher":"https:\/\/www.facebook.com\/WeLoveCyclingHungary\/","article_published_time":"2023-04-13T06:00:58+00:00","og_image":[{"width":990,"height":660,"url":"https:\/\/d2p6e6u75xmxt8.cloudfront.net\/12\/2023\/04\/ezgif.com-webp-to-jpg-9.webp","type":"image\/webp"}],"author":"kitti","twitter_card":"summary_large_image","twitter_misc":{"Written by":"We Love Cycling","Est. reading time":"2 minutes"},"schema":{"@context":"https:\/\/schema.org","@graph":[{"@type":"WebPage","@id":"https:\/\/www.welovecycling.com\/hu\/kozosseg-es-kultura\/mindenkinek-jar-a-tisztelet-az-uci-kampanyt-inditott-az-egyenek-vedelme-erdekeben-a-kerekparsportban\/","url":"https:\/\/www.welovecycling.com\/hu\/kozosseg-es-kultura\/mindenkinek-jar-a-tisztelet-az-uci-kampanyt-inditott-az-egyenek-vedelme-erdekeben-a-kerekparsportban\/","name":"'Mindenkinek j\u00e1r a tisztelet' - Az UCI kamp\u00e1nyt ind\u00edtott az egy\u00e9nek v\u00e9delme \u00e9rdek\u00e9ben a ker\u00e9kp\u00e1rsportban - \u0160koda We Love Cycling - Magyarorsz\u00e1g","isPartOf":{"@id":"https:\/\/www.welovecycling.com\/hu\/#website"},"primaryImageOfPage":{"@id":"https:\/\/www.welovecycling.com\/hu\/kozosseg-es-kultura\/mindenkinek-jar-a-tisztelet-az-uci-kampanyt-inditott-az-egyenek-vedelme-erdekeben-a-kerekparsportban\/#primaryimage"},"image":{"@id":"https:\/\/www.welovecycling.com\/hu\/kozosseg-es-kultura\/mindenkinek-jar-a-tisztelet-az-uci-kampanyt-inditott-az-egyenek-vedelme-erdekeben-a-kerekparsportban\/#primaryimage"},"thumbnailUrl":"https:\/\/d2p6e6u75xmxt8.cloudfront.net\/12\/2023\/04\/ezgif.com-webp-to-jpg-9.webp","datePublished":"2023-04-13T06:00:58+00:00","author":{"@id":"https:\/\/www.welovecycling.com\/hu\/#\/schema\/person\/bec7dcdbcc59f58489cf603e4040ced1"},"description":"Az Union Cycliste Internationale (UCI) \u00faj kamp\u00e1nyt ind\u00edtott, hogy \u00f6szt\u00f6n\u00f6zze a csod\u00e1latos ker\u00e9kp\u00e1rsport szerepl\u0151it, hogy akt\u00edv szerepet v\u00e1llaljanak minden egyes szem\u00e9ly testi \u00e9s pszichol\u00f3giai integrit\u00e1s\u00e1nak v\u00e9delm\u00e9ben.","breadcrumb":{"@id":"https:\/\/www.welovecycling.com\/hu\/kozosseg-es-kultura\/mindenkinek-jar-a-tisztelet-az-uci-kampanyt-inditott-az-egyenek-vedelme-erdekeben-a-kerekparsportban\/#breadcrumb"},"inLanguage":"hu","potentialAction":[{"@type":"ReadAction","target":["https:\/\/www.welovecycling.com\/hu\/kozosseg-es-kultura\/mindenkinek-jar-a-tisztelet-az-uci-kampanyt-inditott-az-egyenek-vedelme-erdekeben-a-kerekparsportban\/"]}]},{"@type":"ImageObject","inLanguage":"hu","@id":"https:\/\/www.welovecycling.com\/hu\/kozosseg-es-kultura\/mindenkinek-jar-a-tisztelet-az-uci-kampanyt-inditott-az-egyenek-vedelme-erdekeben-a-kerekparsportban\/#primaryimage","url":"https:\/\/d2p6e6u75xmxt8.cloudfront.net\/12\/2023\/04\/ezgif.com-webp-to-jpg-9.webp","contentUrl":"https:\/\/d2p6e6u75xmxt8.cloudfront.net\/12\/2023\/04\/ezgif.com-webp-to-jpg-9.webp","width":990,"height":660},{"@type":"BreadcrumbList","@id":"https:\/\/www.welovecycling.com\/hu\/kozosseg-es-kultura\/mindenkinek-jar-a-tisztelet-az-uci-kampanyt-inditott-az-egyenek-vedelme-erdekeben-a-kerekparsportban\/#breadcrumb","itemListElement":[{"@type":"ListItem","position":1,"name":"Home","item":"https:\/\/www.welovecycling.com\/hu\/"},{"@type":"ListItem","position":2,"name":"&#8216;Mindenkinek j\u00e1r a tisztelet&#8217; &#8211; Az UCI kamp\u00e1nyt ind\u00edtott az egy\u00e9nek v\u00e9delme \u00e9rdek\u00e9ben a ker\u00e9kp\u00e1rsportban"}]},{"@type":"WebSite","@id":"https:\/\/www.welovecycling.com\/hu\/#website","url":"https:\/\/www.welovecycling.com\/hu\/","name":"\u0160koda We Love Cycling - Magyarorsz\u00e1g","description":"\u0160koda WeLoveCycling","potentialAction":[{"@type":"SearchAction","target":{"@type":"EntryPoint","urlTemplate":"https:\/\/www.welovecycling.com\/hu\/?s={search_term_string}"},"query-input":{"@type":"PropertyValueSpecification","valueRequired":true,"valueName":"search_term_string"}}],"inLanguage":"hu"},{"@type":"Person","@id":"https:\/\/www.welovecycling.com\/hu\/#\/schema\/person\/bec7dcdbcc59f58489cf603e4040ced1","name":"kitti","image":{"@type":"ImageObject","inLanguage":"hu","@id":"https:\/\/www.welovecycling.com\/hu\/#\/schema\/person\/image\/","url":"https:\/\/secure.gravatar.com\/avatar\/e3196a110e1b57b96f56d92d10ce9bb4e9d7210076832a16243337e949410b52?s=96&d=mm&r=g","contentUrl":"https:\/\/secure.gravatar.com\/avatar\/e3196a110e1b57b96f56d92d10ce9bb4e9d7210076832a16243337e949410b52?s=96&d=mm&r=g","caption":"kitti"},"url":"https:\/\/www.welovecycling.com\/hu\/author\/kitti\/"}]}},"_links":{"self":[{"href":"https:\/\/www.welovecycling.com\/hu\/wp-json\/wp\/v2\/posts\/17216","targetHints":{"allow":["GET"]}}],"collection":[{"href":"https:\/\/www.welovecycling.com\/hu\/wp-json\/wp\/v2\/posts"}],"about":[{"href":"https:\/\/www.welovecycling.com\/hu\/wp-json\/wp\/v2\/types\/post"}],"author":[{"embeddable":true,"href":"https:\/\/www.welovecycling.com\/hu\/wp-json\/wp\/v2\/users\/145"}],"replies":[{"embeddable":true,"href":"https:\/\/www.welovecycling.com\/hu\/wp-json\/wp\/v2\/comments?post=17216"}],"version-history":[{"count":1,"href":"https:\/\/www.welovecycling.com\/hu\/wp-json\/wp\/v2\/posts\/17216\/revisions"}],"predecessor-version":[{"id":17219,"href":"https:\/\/www.welovecycling.com\/hu\/wp-json\/wp\/v2\/posts\/17216\/revisions\/17219"}],"wp:featuredmedia":[{"embeddable":true,"href":"https:\/\/www.welovecycling.com\/hu\/wp-json\/wp\/v2\/media\/17217"}],"wp:attachment":[{"href":"https:\/\/www.welovecycling.com\/hu\/wp-json\/wp\/v2\/media?parent=17216"}],"wp:term":[{"taxonomy":"category","embeddable":true,"href":"https:\/\/www.welovecycling.com\/hu\/wp-json\/wp\/v2\/categories?post=17216"},{"taxonomy":"post_tag","embeddable":true,"href":"https:\/\/www.welovecycling.com\/hu\/wp-json\/wp\/v2\/tags?post=17216"},{"taxonomy":"global-categories","embeddable":true,"href":"https:\/\/www.welovecycling.com\/hu\/wp-json\/wp\/v2\/global-categories?post=17216"}],"curies":[{"name":"wp","href":"https:\/\/api.w.org\/{rel}","templated":true}]}}