{"id":17210,"date":"2023-04-11T17:01:26","date_gmt":"2023-04-11T15:01:26","guid":{"rendered":"https:\/\/www.welovecycling.com\/hu\/?p=17210"},"modified":"2023-04-11T17:01:26","modified_gmt":"2023-04-11T15:01:26","slug":"8-tipp-ha-hasznaltan-veszel-gravel-biciklit","status":"publish","type":"post","link":"https:\/\/www.welovecycling.com\/hu\/trekking-mtb\/8-tipp-ha-hasznaltan-veszel-gravel-biciklit\/","title":{"rendered":"8 tipp, ha haszn\u00e1ltan veszel gravel biciklit"},"content":{"rendered":"<p><b>A haszn\u00e1lt ker\u00e9kp\u00e1rok olcs\u00f3bbak \u00e9s k\u00f6rnyezetbar\u00e1tabbak. J\u00f3l hangzik? Olvass tov\u00e1bb.<\/b><\/p>\n<p><!--more--><\/p>\n<p><span style=\"font-weight: 400;\">\u00daj vagy haszn\u00e1lt? Tal\u00e1n a sz\u00edved m\u00e9ly\u00e9n a leg\u00fajabb gravel ker\u00e9kp\u00e1rra v\u00e1gysz, \u00e9rdemes azonban \u00e1tgondolni a min\u0151s\u00e9gi haszn\u00e1lt ker\u00e9kp\u00e1rok lehet\u0151s\u00e9g\u00e9t is. Nemcsak p\u00e9nzt takar\u00edthatsz \u00edgy meg, hanem cs\u00f6kkentheted a keletkez\u0151 hullad\u00e9kot is. Ezek a tippek seg\u00edthetnek a legmegfelel\u0151bb ker\u00e9kp\u00e1r megtal\u00e1l\u00e1s\u00e1ban.<\/span><\/p>\n<p><b>Online vagy szem\u00e9lyesen v\u00e1s\u00e1rolj?<\/b><\/p>\n<p><span style=\"font-weight: 400;\">Az online v\u00e1s\u00e1rl\u00e1s egyszer\u0171bbnek t\u0171nik, mivel a tulajdonos elk\u00fcldi a ker\u00e9kp\u00e1rt a c\u00edmedre \u00e9s k\u00e9sz. Ugyanakkor sokkal nagyobb a kock\u00e1zata. P\u00e9ld\u00e1ul egy haszn\u00e1lt mag\u00e1nv\u00e1s\u00e1rl\u00e1sn\u00e1l nem vagy jogilag v\u00e9dett, mint amikor boltb\u00f3l veszel valamit. \u00c9ppen ez\u00e9rt j\u00f3 \u00f6tlet szem\u00e9lyesen \u00e1tvenni a ker\u00e9kp\u00e1rt. \u00cdgy k\u00f6zvetlen\u00fcl ellen\u0151rizheted \u00e9s val\u00f3sz\u00edn\u0171leg m\u00e9g egy pr\u00f3ba\u00fatra is elviheted. M\u00e9g ha online is tal\u00e1lsz r\u00e1 \u00e1lmaid bring\u00e1j\u00e1ra, k\u00e9rdezd meg az elad\u00f3t, hogy tudtok-e szem\u00e9lyesen tal\u00e1lkozni!<\/span><\/p>\n<p><b>Alaposan gondold \u00e1t, mit keresel<\/b><\/p>\n<p><span style=\"font-weight: 400;\">Miel\u0151tt haszn\u00e1lt gravel ker\u00e9kp\u00e1rt v\u00e1s\u00e1rolsz, hat\u00e1rozd meg, mire van sz\u00fcks\u00e9ged. Olcs\u00f3, bel\u00e9p\u0151 szint\u0171 modellt keresel? Vagy olyan ker\u00e9kp\u00e1rra van sz\u00fcks\u00e9ged, amit t\u00f6bbnapos biciklit\u00far\u00e1khoz aj\u00e1nlanak? Egy versenygravel ker\u00e9kp\u00e1r lenne a legjobb v\u00e1laszt\u00e1s? Gondolj a v\u00e1z m\u00e9ret\u00e9re is!<\/span><\/p>\n<figure id=\"attachment_17212\" aria-describedby=\"caption-attachment-17212\" style=\"width: 900px\" class=\"wp-caption alignnone\"><a href=\"https:\/\/d2p6e6u75xmxt8.cloudfront.net\/12\/2023\/04\/ezgif.com-webp-to-jpg-6.webp\"><img loading=\"lazy\" decoding=\"async\" class=\"size-full wp-image-17212\" src=\"https:\/\/d2p6e6u75xmxt8.cloudfront.net\/12\/2023\/04\/ezgif.com-webp-to-jpg-6.webp\" alt=\"\" width=\"900\" height=\"600\" srcset=\"https:\/\/d2p6e6u75xmxt8.cloudfront.net\/12\/2023\/04\/ezgif.com-webp-to-jpg-6.webp 900w, https:\/\/d2p6e6u75xmxt8.cloudfront.net\/12\/2023\/04\/ezgif.com-webp-to-jpg-6-300x200.webp 300w, https:\/\/d2p6e6u75xmxt8.cloudfront.net\/12\/2023\/04\/ezgif.com-webp-to-jpg-6-768x512.webp 768w, https:\/\/d2p6e6u75xmxt8.cloudfront.net\/12\/2023\/04\/ezgif.com-webp-to-jpg-6-400x267.webp 400w, https:\/\/d2p6e6u75xmxt8.cloudfront.net\/12\/2023\/04\/ezgif.com-webp-to-jpg-6-272x182.webp 272w\" sizes=\"auto, (max-width: 900px) 100vw, 900px\" \/><\/a><figcaption id=\"caption-attachment-17212\" class=\"wp-caption-text\">\u00a9 Profimedia<\/figcaption><\/figure>\n<p><b>\u00c1llap\u00edtsd meg egy keretet<\/b><\/p>\n<p><span style=\"font-weight: 400;\">A csal\u00f3d\u00e1s elker\u00fcl\u00e9se \u00e9rdek\u00e9ben \u00e1ll\u00edts be egy k\u00f6lts\u00e9gvet\u00e9si korl\u00e1tot. Ha t\u00fall\u00e9ped a hat\u00e1rt, lehet, hogy m\u00e1r egy \u00faj bringa k\u00f6zel\u00e9ben leszel\u2026<\/span><\/p>\n<p><b>Tartsd nyitva a szemed<\/b><\/p>\n<p><span style=\"font-weight: 400;\">Hol lehet haszn\u00e1lt gravel bring\u00e1t venni? Sok lehet\u0151s\u00e9g van: \u00e9rdemes ellen\u0151rizni az online piactereket, mint amilyen a Facebook Marketplace, hogy k\u00e9pet kapj az \u00e1rakr\u00f3l \u00e9s a lehet\u0151s\u00e9gekr\u0151l. A gravel ker\u00e9kp\u00e1roz\u00e1ssal foglalkoz\u00f3 f\u00f3rumokon, k\u00f6z\u00f6ss\u00e9gi m\u00e9dia csoportokban is tal\u00e1lhatsz j\u00f3 aj\u00e1nlatokat. A helyi ker\u00e9kp\u00e1r boltok megl\u00e1togat\u00e1sa is seg\u00edthet, mivel az \u00fczlet tulajdonosai \u00e9s alkalmazottai \u00e1ltal\u00e1ban tudnak elad\u00f3 bring\u00e1kat aj\u00e1nlani.<\/span><\/p>\n<p><b>Adj magadnak id\u0151t<\/b><\/p>\n<p><span style=\"font-weight: 400;\">Ha j\u00f3 aj\u00e1nlatot akarsz tal\u00e1lni, adj magadnak id\u0151t. Kezdd azzal, hogy \u00e1ttekinted a haszn\u00e1lt gravel ker\u00e9kp\u00e1rok piac\u00e1n az \u00e1rakat!<\/span><\/p>\n<p><b>Ellen\u0151rizd a kop\u00e1s \u00e9s s\u00e9r\u00fcl\u00e9sek jeleit<\/b><\/p>\n<p><span style=\"font-weight: 400;\">Kisebb karcol\u00e1sok a fest\u00e9ken rendben vannak, de ha reped\u00e9st l\u00e1tsz, akkor a v\u00e1z elhaszn\u00e1l\u00f3dott. K\u00fcl\u00f6n\u00f6sen a karbonv\u00e1zakn\u00e1l fontos ez! Az ac\u00e9l ker\u00e9kp\u00e1rokn\u00e1l figyelj a horpad\u00e1sokra. A sz\u00e9ncs\u00f6vek egy\u00e1ltal\u00e1n nem horpadnak, hanem repednek. \u00c1ltal\u00e1ban az ac\u00e9lcs\u00f6vek horpad\u00e1sai nem okoznak probl\u00e9m\u00e1t, de egy-egy m\u00e9lyebb horpad\u00e1s gyeng\u00edtheti a v\u00e1zat. Ahol k\u00e9t cs\u0151 tal\u00e1lkozik, ott sok stressz koncentr\u00e1l\u00f3dik. Ezeknek a r\u00e9szeknek hib\u00e1tlannak kell lennie.<\/span><\/p>\n<p><b>Mindig tegy\u00e9l egy pr\u00f3bak\u00f6rt<\/b><\/p>\n<p><span style=\"font-weight: 400;\">Egy r\u00f6vid \u00fat a h\u00e1z k\u00f6r\u00fcl t\u00f6bbet mond el, mint ezer sz\u00f3. Mindig ragaszkodj ahhoz, hogy kipr\u00f3b\u00e1ld a bring\u00e1t, miel\u0151tt megveszed. \u00cdgy l\u00e1thatod, hogy a v\u00e1z geometri\u00e1ja \u00e9s m\u00e9rete megfelel-e neked. Megtal\u00e1lhatod a t\u00f6k\u00e9letes bring\u00e1t, de ha a m\u00e9ret nem megfelel\u0151, akkor nagy val\u00f3sz\u00edn\u0171s\u00e9ggel nem fog tetszeni hossz\u00fa t\u00e1von. Ha valami rossznak t\u0171nik, ne vedd meg!<\/span><\/p>\n<p><b>R\u00e9gi vagy \u00faj?<\/b><\/p>\n<p><span style=\"font-weight: 400;\">K\u00fcl\u00f6n\u00f6sen a szezon v\u00e9g\u00e9n, t\u00e9li \u00e1rver\u00e9sek sor\u00e1n sok keresked\u0151 alacsony \u00e1ron k\u00edn\u00e1l \u00faj gravel bicikliket, hogy ki\u00fcr\u00edtse a k\u00e9szlet\u00e9t. Ez nagyszer\u0171 id\u0151pont a bicikliv\u00e1s\u00e1rl\u00e1sra!<\/span><\/p>\n","protected":false},"excerpt":{"rendered":"<p>A haszn\u00e1lt ker\u00e9kp\u00e1rok olcs\u00f3bbak \u00e9s k\u00f6rnyezetbar\u00e1tabbak. J\u00f3l hangzik? Olvass tov\u00e1bb.<\/p>\n","protected":false},"author":145,"featured_media":17211,"comment_status":"open","ping_status":"open","sticky":false,"template":"","format":"standard","meta":{"footnotes":""},"categories":[7],"tags":[],"global-categories":[419],"class_list":["post-17210","post","type-post","status-publish","format-standard","has-post-thumbnail","hentry","category-trekking-mtb","global-categories-cycling"],"yoast_head":"<!-- This site is optimized with the Yoast SEO Premium plugin v25.3 (Yoast SEO v25.9) - https:\/\/yoast.com\/wordpress\/plugins\/seo\/ -->\n<title>8 tipp, ha haszn\u00e1ltan veszel gravel biciklit - \u0160koda We Love Cycling - Magyarorsz\u00e1g<\/title>\n<meta name=\"robots\" content=\"index, follow, max-snippet:-1, max-image-preview:large, max-video-preview:-1\" \/>\n<link rel=\"canonical\" href=\"https:\/\/www.welovecycling.com\/hu\/trekking-mtb\/8-tipp-ha-hasznaltan-veszel-gravel-biciklit\/\" \/>\n<meta property=\"og:locale\" content=\"hu_HU\" \/>\n<meta property=\"og:type\" content=\"article\" \/>\n<meta property=\"og:title\" content=\"8 tipp, ha haszn\u00e1ltan veszel gravel biciklit\" \/>\n<meta property=\"og:description\" content=\"A haszn\u00e1lt ker\u00e9kp\u00e1rok olcs\u00f3bbak \u00e9s k\u00f6rnyezetbar\u00e1tabbak. J\u00f3l hangzik? Olvass tov\u00e1bb.\" \/>\n<meta property=\"og:url\" content=\"https:\/\/www.welovecycling.com\/hu\/trekking-mtb\/8-tipp-ha-hasznaltan-veszel-gravel-biciklit\/\" \/>\n<meta property=\"og:site_name\" content=\"\u0160koda We Love Cycling - Magyarorsz\u00e1g\" \/>\n<meta property=\"article:publisher\" content=\"https:\/\/www.facebook.com\/WeLoveCyclingHungary\/\" \/>\n<meta property=\"article:published_time\" content=\"2023-04-11T15:01:26+00:00\" \/>\n<meta property=\"og:image\" content=\"https:\/\/d2p6e6u75xmxt8.cloudfront.net\/12\/2023\/04\/ezgif.com-webp-to-jpg-7.webp\" \/>\n\t<meta property=\"og:image:width\" content=\"990\" \/>\n\t<meta property=\"og:image:height\" content=\"660\" \/>\n\t<meta property=\"og:image:type\" content=\"image\/webp\" \/>\n<meta name=\"author\" content=\"kitti\" \/>\n<meta name=\"twitter:card\" content=\"summary_large_image\" \/>\n<meta name=\"twitter:label1\" content=\"Written by\" \/>\n\t<meta name=\"twitter:data1\" content=\"We Love Cycling\" \/>\n\t<meta name=\"twitter:label2\" content=\"Est. reading time\" \/>\n\t<meta name=\"twitter:data2\" content=\"3 minutes\" \/>\n<script type=\"application\/ld+json\" class=\"yoast-schema-graph\">{\"@context\":\"https:\/\/schema.org\",\"@graph\":[{\"@type\":\"WebPage\",\"@id\":\"https:\/\/www.welovecycling.com\/hu\/trekking-mtb\/8-tipp-ha-hasznaltan-veszel-gravel-biciklit\/\",\"url\":\"https:\/\/www.welovecycling.com\/hu\/trekking-mtb\/8-tipp-ha-hasznaltan-veszel-gravel-biciklit\/\",\"name\":\"8 tipp, ha haszn\u00e1ltan veszel gravel biciklit - \u0160koda We Love Cycling - Magyarorsz\u00e1g\",\"isPartOf\":{\"@id\":\"https:\/\/www.welovecycling.com\/hu\/#website\"},\"primaryImageOfPage\":{\"@id\":\"https:\/\/www.welovecycling.com\/hu\/trekking-mtb\/8-tipp-ha-hasznaltan-veszel-gravel-biciklit\/#primaryimage\"},\"image\":{\"@id\":\"https:\/\/www.welovecycling.com\/hu\/trekking-mtb\/8-tipp-ha-hasznaltan-veszel-gravel-biciklit\/#primaryimage\"},\"thumbnailUrl\":\"https:\/\/d2p6e6u75xmxt8.cloudfront.net\/12\/2023\/04\/ezgif.com-webp-to-jpg-7.webp\",\"datePublished\":\"2023-04-11T15:01:26+00:00\",\"author\":{\"@id\":\"https:\/\/www.welovecycling.com\/hu\/#\/schema\/person\/bec7dcdbcc59f58489cf603e4040ced1\"},\"breadcrumb\":{\"@id\":\"https:\/\/www.welovecycling.com\/hu\/trekking-mtb\/8-tipp-ha-hasznaltan-veszel-gravel-biciklit\/#breadcrumb\"},\"inLanguage\":\"hu\",\"potentialAction\":[{\"@type\":\"ReadAction\",\"target\":[\"https:\/\/www.welovecycling.com\/hu\/trekking-mtb\/8-tipp-ha-hasznaltan-veszel-gravel-biciklit\/\"]}]},{\"@type\":\"ImageObject\",\"inLanguage\":\"hu\",\"@id\":\"https:\/\/www.welovecycling.com\/hu\/trekking-mtb\/8-tipp-ha-hasznaltan-veszel-gravel-biciklit\/#primaryimage\",\"url\":\"https:\/\/d2p6e6u75xmxt8.cloudfront.net\/12\/2023\/04\/ezgif.com-webp-to-jpg-7.webp\",\"contentUrl\":\"https:\/\/d2p6e6u75xmxt8.cloudfront.net\/12\/2023\/04\/ezgif.com-webp-to-jpg-7.webp\",\"width\":990,\"height\":660},{\"@type\":\"BreadcrumbList\",\"@id\":\"https:\/\/www.welovecycling.com\/hu\/trekking-mtb\/8-tipp-ha-hasznaltan-veszel-gravel-biciklit\/#breadcrumb\",\"itemListElement\":[{\"@type\":\"ListItem\",\"position\":1,\"name\":\"Home\",\"item\":\"https:\/\/www.welovecycling.com\/hu\/\"},{\"@type\":\"ListItem\",\"position\":2,\"name\":\"8 tipp, ha haszn\u00e1ltan veszel gravel biciklit\"}]},{\"@type\":\"WebSite\",\"@id\":\"https:\/\/www.welovecycling.com\/hu\/#website\",\"url\":\"https:\/\/www.welovecycling.com\/hu\/\",\"name\":\"\u0160koda We Love Cycling - Magyarorsz\u00e1g\",\"description\":\"\u0160koda WeLoveCycling\",\"potentialAction\":[{\"@type\":\"SearchAction\",\"target\":{\"@type\":\"EntryPoint\",\"urlTemplate\":\"https:\/\/www.welovecycling.com\/hu\/?s={search_term_string}\"},\"query-input\":{\"@type\":\"PropertyValueSpecification\",\"valueRequired\":true,\"valueName\":\"search_term_string\"}}],\"inLanguage\":\"hu\"},{\"@type\":\"Person\",\"@id\":\"https:\/\/www.welovecycling.com\/hu\/#\/schema\/person\/bec7dcdbcc59f58489cf603e4040ced1\",\"name\":\"kitti\",\"image\":{\"@type\":\"ImageObject\",\"inLanguage\":\"hu\",\"@id\":\"https:\/\/www.welovecycling.com\/hu\/#\/schema\/person\/image\/\",\"url\":\"https:\/\/secure.gravatar.com\/avatar\/e3196a110e1b57b96f56d92d10ce9bb4e9d7210076832a16243337e949410b52?s=96&d=mm&r=g\",\"contentUrl\":\"https:\/\/secure.gravatar.com\/avatar\/e3196a110e1b57b96f56d92d10ce9bb4e9d7210076832a16243337e949410b52?s=96&d=mm&r=g\",\"caption\":\"kitti\"},\"url\":\"https:\/\/www.welovecycling.com\/hu\/author\/kitti\/\"}]}<\/script>\n<!-- \/ Yoast SEO Premium plugin. -->","yoast_head_json":{"title":"8 tipp, ha haszn\u00e1ltan veszel gravel biciklit - \u0160koda We Love Cycling - Magyarorsz\u00e1g","robots":{"index":"index","follow":"follow","max-snippet":"max-snippet:-1","max-image-preview":"max-image-preview:large","max-video-preview":"max-video-preview:-1"},"canonical":"https:\/\/www.welovecycling.com\/hu\/trekking-mtb\/8-tipp-ha-hasznaltan-veszel-gravel-biciklit\/","og_locale":"hu_HU","og_type":"article","og_title":"8 tipp, ha haszn\u00e1ltan veszel gravel biciklit","og_description":"A haszn\u00e1lt ker\u00e9kp\u00e1rok olcs\u00f3bbak \u00e9s k\u00f6rnyezetbar\u00e1tabbak. J\u00f3l hangzik? Olvass tov\u00e1bb.","og_url":"https:\/\/www.welovecycling.com\/hu\/trekking-mtb\/8-tipp-ha-hasznaltan-veszel-gravel-biciklit\/","og_site_name":"\u0160koda We Love Cycling - Magyarorsz\u00e1g","article_publisher":"https:\/\/www.facebook.com\/WeLoveCyclingHungary\/","article_published_time":"2023-04-11T15:01:26+00:00","og_image":[{"width":990,"height":660,"url":"https:\/\/d2p6e6u75xmxt8.cloudfront.net\/12\/2023\/04\/ezgif.com-webp-to-jpg-7.webp","type":"image\/webp"}],"author":"kitti","twitter_card":"summary_large_image","twitter_misc":{"Written by":"We Love Cycling","Est. reading time":"3 minutes"},"schema":{"@context":"https:\/\/schema.org","@graph":[{"@type":"WebPage","@id":"https:\/\/www.welovecycling.com\/hu\/trekking-mtb\/8-tipp-ha-hasznaltan-veszel-gravel-biciklit\/","url":"https:\/\/www.welovecycling.com\/hu\/trekking-mtb\/8-tipp-ha-hasznaltan-veszel-gravel-biciklit\/","name":"8 tipp, ha haszn\u00e1ltan veszel gravel biciklit - \u0160koda We Love Cycling - Magyarorsz\u00e1g","isPartOf":{"@id":"https:\/\/www.welovecycling.com\/hu\/#website"},"primaryImageOfPage":{"@id":"https:\/\/www.welovecycling.com\/hu\/trekking-mtb\/8-tipp-ha-hasznaltan-veszel-gravel-biciklit\/#primaryimage"},"image":{"@id":"https:\/\/www.welovecycling.com\/hu\/trekking-mtb\/8-tipp-ha-hasznaltan-veszel-gravel-biciklit\/#primaryimage"},"thumbnailUrl":"https:\/\/d2p6e6u75xmxt8.cloudfront.net\/12\/2023\/04\/ezgif.com-webp-to-jpg-7.webp","datePublished":"2023-04-11T15:01:26+00:00","author":{"@id":"https:\/\/www.welovecycling.com\/hu\/#\/schema\/person\/bec7dcdbcc59f58489cf603e4040ced1"},"breadcrumb":{"@id":"https:\/\/www.welovecycling.com\/hu\/trekking-mtb\/8-tipp-ha-hasznaltan-veszel-gravel-biciklit\/#breadcrumb"},"inLanguage":"hu","potentialAction":[{"@type":"ReadAction","target":["https:\/\/www.welovecycling.com\/hu\/trekking-mtb\/8-tipp-ha-hasznaltan-veszel-gravel-biciklit\/"]}]},{"@type":"ImageObject","inLanguage":"hu","@id":"https:\/\/www.welovecycling.com\/hu\/trekking-mtb\/8-tipp-ha-hasznaltan-veszel-gravel-biciklit\/#primaryimage","url":"https:\/\/d2p6e6u75xmxt8.cloudfront.net\/12\/2023\/04\/ezgif.com-webp-to-jpg-7.webp","contentUrl":"https:\/\/d2p6e6u75xmxt8.cloudfront.net\/12\/2023\/04\/ezgif.com-webp-to-jpg-7.webp","width":990,"height":660},{"@type":"BreadcrumbList","@id":"https:\/\/www.welovecycling.com\/hu\/trekking-mtb\/8-tipp-ha-hasznaltan-veszel-gravel-biciklit\/#breadcrumb","itemListElement":[{"@type":"ListItem","position":1,"name":"Home","item":"https:\/\/www.welovecycling.com\/hu\/"},{"@type":"ListItem","position":2,"name":"8 tipp, ha haszn\u00e1ltan veszel gravel biciklit"}]},{"@type":"WebSite","@id":"https:\/\/www.welovecycling.com\/hu\/#website","url":"https:\/\/www.welovecycling.com\/hu\/","name":"\u0160koda We Love Cycling - Magyarorsz\u00e1g","description":"\u0160koda WeLoveCycling","potentialAction":[{"@type":"SearchAction","target":{"@type":"EntryPoint","urlTemplate":"https:\/\/www.welovecycling.com\/hu\/?s={search_term_string}"},"query-input":{"@type":"PropertyValueSpecification","valueRequired":true,"valueName":"search_term_string"}}],"inLanguage":"hu"},{"@type":"Person","@id":"https:\/\/www.welovecycling.com\/hu\/#\/schema\/person\/bec7dcdbcc59f58489cf603e4040ced1","name":"kitti","image":{"@type":"ImageObject","inLanguage":"hu","@id":"https:\/\/www.welovecycling.com\/hu\/#\/schema\/person\/image\/","url":"https:\/\/secure.gravatar.com\/avatar\/e3196a110e1b57b96f56d92d10ce9bb4e9d7210076832a16243337e949410b52?s=96&d=mm&r=g","contentUrl":"https:\/\/secure.gravatar.com\/avatar\/e3196a110e1b57b96f56d92d10ce9bb4e9d7210076832a16243337e949410b52?s=96&d=mm&r=g","caption":"kitti"},"url":"https:\/\/www.welovecycling.com\/hu\/author\/kitti\/"}]}},"_links":{"self":[{"href":"https:\/\/www.welovecycling.com\/hu\/wp-json\/wp\/v2\/posts\/17210","targetHints":{"allow":["GET"]}}],"collection":[{"href":"https:\/\/www.welovecycling.com\/hu\/wp-json\/wp\/v2\/posts"}],"about":[{"href":"https:\/\/www.welovecycling.com\/hu\/wp-json\/wp\/v2\/types\/post"}],"author":[{"embeddable":true,"href":"https:\/\/www.welovecycling.com\/hu\/wp-json\/wp\/v2\/users\/145"}],"replies":[{"embeddable":true,"href":"https:\/\/www.welovecycling.com\/hu\/wp-json\/wp\/v2\/comments?post=17210"}],"version-history":[{"count":1,"href":"https:\/\/www.welovecycling.com\/hu\/wp-json\/wp\/v2\/posts\/17210\/revisions"}],"predecessor-version":[{"id":17213,"href":"https:\/\/www.welovecycling.com\/hu\/wp-json\/wp\/v2\/posts\/17210\/revisions\/17213"}],"wp:featuredmedia":[{"embeddable":true,"href":"https:\/\/www.welovecycling.com\/hu\/wp-json\/wp\/v2\/media\/17211"}],"wp:attachment":[{"href":"https:\/\/www.welovecycling.com\/hu\/wp-json\/wp\/v2\/media?parent=17210"}],"wp:term":[{"taxonomy":"category","embeddable":true,"href":"https:\/\/www.welovecycling.com\/hu\/wp-json\/wp\/v2\/categories?post=17210"},{"taxonomy":"post_tag","embeddable":true,"href":"https:\/\/www.welovecycling.com\/hu\/wp-json\/wp\/v2\/tags?post=17210"},{"taxonomy":"global-categories","embeddable":true,"href":"https:\/\/www.welovecycling.com\/hu\/wp-json\/wp\/v2\/global-categories?post=17210"}],"curies":[{"name":"wp","href":"https:\/\/api.w.org\/{rel}","templated":true}]}}