{"id":17207,"date":"2023-04-11T14:48:15","date_gmt":"2023-04-11T12:48:15","guid":{"rendered":"https:\/\/www.welovecycling.com\/hu\/?p=17207"},"modified":"2023-04-11T14:48:15","modified_gmt":"2023-04-11T12:48:15","slug":"van-der-poel-nyerte-a-paris-roubaix-t-van-aert-alma-defektet-kapott","status":"publish","type":"post","link":"https:\/\/www.welovecycling.com\/hu\/orszaguti-kerekpar\/van-der-poel-nyerte-a-paris-roubaix-t-van-aert-alma-defektet-kapott\/","title":{"rendered":"Van der Poel nyerte a Paris-Roubaix-t, Van Aert \u00e1lma defektet kapott"},"content":{"rendered":"<p><b>Mathieu van der Poel (Alpecin-Deceunick) kihaszn\u00e1lta az utols\u00f3 15 km-n\u00e9l Wout van der Aert (Jumbo-Visma) szerencs\u00e9tlen defektj\u00e9t, \u00e9s elhajtott a gy\u0151zelem fel\u00e9 az id\u00e9n is brut\u00e1lis Paris-Roubaix-n. A defekt az extr\u00e9m neh\u00e9z Carrefour de l\u2019Arbre szakaszon t\u00f6rt\u00e9nt, r\u00f6gt\u00f6n miut\u00e1n Van Aert megpr\u00f3b\u00e1lta ler\u00e1zni a h\u00e9t ker\u00e9kp\u00e1rost, akikkel 35 km-en \u00e1t egy\u00fctt tekert az \u00e9lmez\u0151nyben.<\/b><\/p>\n<p><!--more--><\/p>\n<p><span style=\"font-weight: 400;\">Van Aert kudarcra \u00edt\u00e9lt sz\u00f6k\u00e9si k\u00eds\u00e9rlete Mathieu van der Poel t\u00e9ved\u00e9s\u00e9nek k\u00f6sz\u00f6nhet\u0151, aki v\u00e9letlen\u00fcl megl\u00f6kte John Degenkolb (Team DSM) ker\u00e9kp\u00e1rj\u00e1t el\u0151z\u00e9s k\u00f6zben. Ekkor Degenkolb, aki 2015-ben nyerte a versenyt, m\u00e9g versenyben volt a gy\u0151zelem\u00e9rt.<\/span><\/p>\n<p><span style=\"font-weight: 400;\">A 256,6 km hossz\u00fa verseny 29 macskak\u00f6ves szakasza \u00f6sszesen 54,4 km-t tett ki. A \u201et\u0171zzel \u00e9s vassal v\u00edvott harcok\u201d (\u201e\u00e9szaki pokol\u201d) megm\u00e9rettet\u00e9s\u00e9nek is h\u00edvj\u00e1k a P\u00e1rizs-Roubaix-t, \u00e9s nem v\u00e9letlen\u00fcl. Az els\u0151 tizen\u00f6t macskak\u00f6ves szakaszon sz\u00e1mos baleset t\u00f6rt\u00e9nt, defektek, robban\u00f3 abroncsok \u00e9s elt\u00f6rt ker\u00e9kp\u00e1rok szeg\u00e9lyezt\u00e9k az utat. Az egyik baleset miatt Peter Sagan (Team TotalEnergies) k\u00e9nytelen volt feladni az utols\u00f3 Paris-Roubaix-j\u00e1t. A h\u00e9tszeres Tour de France \u0160KODA z\u00f6ld trik\u00f3-nyertes id\u00e9n vonult vissza az orsz\u00e1g\u00fati ker\u00e9kp\u00e1roz\u00e1st\u00f3l, \u00e9s k\u00e9nytelen kellemetlen b\u00facs\u00fat venni, miut\u00e1n a Tour of Flanders-en is balesetet szenvedett \u00e9s feladni k\u00e9nyszer\u00fclt.<\/span><\/p>\n<p><span style=\"font-weight: 400;\">B\u00e1r a Paris-Roubaix nem \u00e9lvezi a Tour de France h\u00edrnev\u00e9t, a verseny m\u00e9ly \u00e9rzelmi \u00e9rt\u00e9ket k\u00e9pvisel a ker\u00e9kp\u00e1rosok sz\u00e1m\u00e1ra a t\u0171zzel-vassal v\u00edvott harcok miatt, amelyeket el kell szenvedni\u00fck. Az Eurosport komment\u00e1tora, Philippe Gilbert, aki 2019-ben nyerte meg a versenyt, szerint n\u00e9h\u00e1ny csapat speci\u00e1lis ker\u00e9kp\u00e1rokkal k\u00e9sz\u00fclt a versenyre, amik n\u00e9h\u00e1ny szempontb\u00f3l hasonl\u00edtanak a cyclocross ker\u00e9kp\u00e1rokhoz.<\/span><\/p>\n<p><span style=\"font-weight: 400;\">\u00c9s b\u00e1r az id\u0151j\u00e1r\u00e1s ide\u00e1lis volt, nem esett \u00e9s nem f\u00fajt, a macskak\u00f6vek m\u00e9g mindig olyan durv\u00e1k \u00e9s egyenetlenek voltak, mint mindig, \u00e9s az el\u0151z\u0151 viharok vizes \u00e9s s\u00e1ros ny\u00e1lk\u00e1val lept\u00e9k meg a versenyz\u0151ket.<\/span><\/p>\n<p><span style=\"font-weight: 400;\">Van der Poel a m\u00e1sodik ker\u00e9kp\u00e1ros, a holland Roger De Vlaeminck mellett, aki megnyerte mind a cyclocross vil\u00e1gbajnoks\u00e1got, mind a Paris-Roubaix-ot. Van der Poel csapatt\u00e1rsa, Jasper Philipsen, 46 m\u00e1sodperccel lemaradva a m\u00e1sodik helyen v\u00e9gzett, m\u00edg van Aert nagyon lehangoltan a harmadik helyre ker\u00fclt. Nagyon rossz nap volt a Jumbo-Visma gumijai sz\u00e1m\u00e1ra. Van Aert els\u0151 sz\u00e1m\u00fa hadnagya, Christophe Laporte, az \u00e9lmez\u0151nyben haladt, amikor \u0151 is defektet kapott; 40 m\u00e1sodpercet vesz\u00edtett, sosem tudta utol\u00e9rni a mez\u0151nyt \u00e9s a tizedik helyen v\u00e9gzett.<\/span><\/p>\n<p><span style=\"font-weight: 400;\">Van der Poel azt nyilatkozta az Eurosportnak, hogy ellenfele defektje <\/span><i><span style=\"font-weight: 400;\">&#8220;sajn\u00e1latos, mert m\u00e1sk\u00fcl\u00f6nben egy\u00fctt versenyezhett\u00fcnk volna a c\u00e9lig. Szerencse \u00e9s j\u00f3 l\u00e1bak kellenek a gy\u0151zelemhez [Paris-Roubaix-ban], \u00e9s nekem ma mindkett\u0151 megvolt&#8221;<\/span><\/i><span style=\"font-weight: 400;\">. \u00c9s egy\u00e9rtelm\u0171en \u00f6r\u00fclt Philipsen m\u00e1sodik hely\u00e9nek, azt mondta: <\/span><i><span style=\"font-weight: 400;\">&#8220;Nem is lehetne enn\u00e9l jobb&#8221;.<\/span><\/i><\/p>\n<p><span style=\"font-weight: 400;\">A sokak \u00e1ltal a vil\u00e1g legnehezebb orsz\u00e1g\u00fati verseny\u00e9nek tartott P\u00e1rizs-Roubaix 120. kiad\u00e1sa volt az eddigi leggyorsabb, 46,841 km\/h \u00e1tlagsebess\u00e9ggel. Az el\u0151z\u0151 legmagasabb \u00e1tlagsebess\u00e9get 45,79 km\/h-val tavaly r\u00f6gz\u00edtett\u00e9k. Ahogy a gy\u0151ztes fogalmazott:<\/span><i><span style=\"font-weight: 400;\"> &#8220;Hihetetlen, hogy milyen gyorsan ment\u00fcnk&#8221;<\/span><\/i><span style=\"font-weight: 400;\">. Ez a temp\u00f3 &#8211; az els\u0151 \u00f3ra \u00e1tlagsebess\u00e9ge 51,4 km\/h volt &#8211; megakad\u00e1lyozott minden sz\u00f6k\u00e9st az els\u0151 80 kilom\u00e9teren. A sebess\u00e9g, a mez\u0151ny m\u00e9rete, a nedves kockak\u00f6vek \u00e9s az \u00e1lland\u00f3 poz\u00edci\u00f3harc elk\u00e9peszt\u0151 sz\u00e1m\u00fa es\u00e9shez \u00e9s meghib\u00e1sod\u00e1shoz vezetett. A Paris-Roubaix mindig is kaotikus volt, de m\u00e9g a verseny veter\u00e1n megfigyel\u0151i is \u00fagy v\u00e9lt\u00e9k, hogy ez egy szokatlanul kegyetlen m\u00e9sz\u00e1rl\u00e1s volt.<\/span><\/p>\n<p><span style=\"font-weight: 400;\">Nem csak Sagan volt k\u00e9nytelen feladni a versenyt, hanem a legend\u00e1s Trou\u00e9e d&#8217;Arenberg neh\u00e9z, durva kockak\u00f6vekkel bor\u00edtott, h\u00edrhedt 2,3 km-es szakasz\u00e1n t\u00f6rt\u00e9nt s\u00falyos buk\u00e1s miatt a tavalyi gy\u0151ztes, Dylan van Baarle is kisz\u00e1llt. Ez tov\u00e1bbi csap\u00e1st jelentett van Aert kil\u00e1t\u00e1saira n\u00e9zve, mert az egykori Ineos Grenadiers versenyz\u0151 fontos elem lett volna a Jumbo-Visma terveiben.<\/span><\/p>\n<p><span style=\"font-weight: 400;\">De a 34 \u00e9ves Degenkolb szenvedte tal\u00e1n a legrosszabb buk\u00e1st, a verseny v\u00e9ge el\u0151tt mind\u00f6ssze 16,3 km-re, amikor van der Poellel \u00e9s Pedersennel k\u00fczd\u00f6tt egy m\u00e1sik sz\u0171k kockak\u00f6ves szakaszon. <\/span><i><span style=\"font-weight: 400;\">&#8220;Amikor eddig jutsz, \u00e9s harcolhatsz a gy\u0151zelem\u00e9rt, akkor egy ilyen buk\u00e1s nyilv\u00e1nval\u00f3an nagyon nagy csal\u00f3d\u00e1s&#8221;<\/span><\/i><span style=\"font-weight: 400;\"> &#8211; mondta Degenkolb. <\/span><i><span style=\"font-weight: 400;\">&#8220;Ez is a versenyz\u00e9s r\u00e9sze.&#8221;<\/span><\/i><\/p>\n<p><span style=\"font-weight: 400;\">Val\u00f3sz\u00edn\u0171leg azonban van Aertnek van r\u00e1 a legt\u00f6bb oka, hogy b\u00e1nk\u00f3djon. Az elkesered\u00e9s, ami ki\u00fclt az arc\u00e1ra, amikor a dobog\u00f3 legalacsonyabb fok\u00e1ra \u00e1llt, sokat elmond arr\u00f3l, mennyire meg akarta nyerni a versenyt, \u00e9s milyen nagyot csal\u00f3dott. <\/span><i><span style=\"font-weight: 400;\">\u201cRoubaix m\u00e9g mindig \u00e1tok sz\u00e1momra&#8221;<\/span><\/i><span style=\"font-weight: 400;\"> &#8211; mondta a Sporz\u00e1nak.<\/span><\/p>\n<p><span style=\"font-weight: 400;\">Tudta, hogy a gy\u0151zelmi es\u00e9lyei elsz\u00e1lltak, amikor nyilv\u00e1nval\u00f3v\u00e1 v\u00e1lt, hogy le kell sz\u00e1llnia a ker\u00e9kp\u00e1rr\u00f3l. <\/span><i><span style=\"font-weight: 400;\">&#8220;Azonnal tudtam, hogy v\u00e9ge a ker\u00e9kp\u00e1rcser\u00e9vel<\/span><\/i><span style=\"font-weight: 400;\">. <\/span><i><span style=\"font-weight: 400;\">20-25 m\u00e1sodpercet vesz\u00edtettem. Ezt nem lehet behozni Mathieu ellen, aki cs\u00facsform\u00e1ban van.&#8221;<\/span><\/i><\/p>\n<p><span style=\"font-weight: 400;\">A gy\u0151ztesnek azonban \u00e9gi boldogs\u00e1g jutott. <\/span><i><span style=\"font-weight: 400;\">&#8220;Ez volt ker\u00e9kp\u00e1ros \u00e9letem egyik legjobb napja&#8221;<\/span><\/i><span style=\"font-weight: 400;\"> &#8211; mondta az Eurosportnak. <\/span><i><span style=\"font-weight: 400;\">&#8220;Egy \u00e1lom!&#8221;<\/span><\/i><\/p>\n<p><span style=\"font-weight: 400;\">Sok m\u00e1s versenyz\u0151nek ink\u00e1bb r\u00e9m\u00e1lom\u2026<\/span><\/p>\n","protected":false},"excerpt":{"rendered":"<p>Mathieu van der Poel (Alpecin-Deceunick) kihaszn\u00e1lta az utols\u00f3 15 km-n\u00e9l Wout van der Aert (Jumbo-Visma) szerencs\u00e9tlen defektj\u00e9t, \u00e9s elhajtott a [&hellip;]<\/p>\n","protected":false},"author":145,"featured_media":17208,"comment_status":"open","ping_status":"open","sticky":false,"template":"","format":"standard","meta":{"footnotes":""},"categories":[8],"tags":[],"global-categories":[419],"class_list":["post-17207","post","type-post","status-publish","format-standard","has-post-thumbnail","hentry","category-orszaguti-kerekpar","global-categories-cycling"],"yoast_head":"<!-- This site is optimized with the Yoast SEO Premium plugin v25.3 (Yoast SEO v25.9) - https:\/\/yoast.com\/wordpress\/plugins\/seo\/ -->\n<title>Van der Poel nyerte a Paris-Roubaix-t, Van Aert \u00e1lma defektet kapott - \u0160koda We Love Cycling - Magyarorsz\u00e1g<\/title>\n<meta name=\"description\" content=\"Mathieu van der Poel (Alpecin-Deceunick) kihaszn\u00e1lta az utols\u00f3 15 km-n\u00e9l Wout van der Aert (Jumbo-Visma) szerencs\u00e9tlen defektj\u00e9t, \u00e9s elhajtott a gy\u0151zelem fel\u00e9 az id\u00e9n is brut\u00e1lis Paris-Roubaix-n. A defekt az extr\u00e9m neh\u00e9z Carrefour de l\u2019Arbre szakaszon t\u00f6rt\u00e9nt, r\u00f6gt\u00f6n miut\u00e1n Van Aert megpr\u00f3b\u00e1lta ler\u00e1zni a h\u00e9t ker\u00e9kp\u00e1rost, akikkel 35 km-en \u00e1t egy\u00fctt tekert az \u00e9lmez\u0151nyben.\" \/>\n<meta name=\"robots\" content=\"index, follow, max-snippet:-1, max-image-preview:large, max-video-preview:-1\" \/>\n<link rel=\"canonical\" href=\"https:\/\/www.welovecycling.com\/hu\/orszaguti-kerekpar\/van-der-poel-nyerte-a-paris-roubaix-t-van-aert-alma-defektet-kapott\/\" \/>\n<meta property=\"og:locale\" content=\"hu_HU\" \/>\n<meta property=\"og:type\" content=\"article\" \/>\n<meta property=\"og:title\" content=\"Van der Poel nyerte a Paris-Roubaix-t, Van Aert \u00e1lma defektet kapott\" \/>\n<meta property=\"og:description\" content=\"Mathieu van der Poel (Alpecin-Deceunick) kihaszn\u00e1lta az utols\u00f3 15 km-n\u00e9l Wout van der Aert (Jumbo-Visma) szerencs\u00e9tlen defektj\u00e9t, \u00e9s elhajtott a gy\u0151zelem fel\u00e9 az id\u00e9n is brut\u00e1lis Paris-Roubaix-n. A defekt az extr\u00e9m neh\u00e9z Carrefour de l\u2019Arbre szakaszon t\u00f6rt\u00e9nt, r\u00f6gt\u00f6n miut\u00e1n Van Aert megpr\u00f3b\u00e1lta ler\u00e1zni a h\u00e9t ker\u00e9kp\u00e1rost, akikkel 35 km-en \u00e1t egy\u00fctt tekert az \u00e9lmez\u0151nyben.\" \/>\n<meta property=\"og:url\" content=\"https:\/\/www.welovecycling.com\/hu\/orszaguti-kerekpar\/van-der-poel-nyerte-a-paris-roubaix-t-van-aert-alma-defektet-kapott\/\" \/>\n<meta property=\"og:site_name\" content=\"\u0160koda We Love Cycling - Magyarorsz\u00e1g\" \/>\n<meta property=\"article:publisher\" content=\"https:\/\/www.facebook.com\/WeLoveCyclingHungary\/\" \/>\n<meta property=\"article:published_time\" content=\"2023-04-11T12:48:15+00:00\" \/>\n<meta property=\"og:image\" content=\"https:\/\/d2p6e6u75xmxt8.cloudfront.net\/12\/2023\/04\/ezgif.com-webp-to-jpg-5.webp\" \/>\n\t<meta property=\"og:image:width\" content=\"990\" \/>\n\t<meta property=\"og:image:height\" content=\"660\" \/>\n\t<meta property=\"og:image:type\" content=\"image\/webp\" \/>\n<meta name=\"author\" content=\"kitti\" \/>\n<meta name=\"twitter:card\" content=\"summary_large_image\" \/>\n<meta name=\"twitter:label1\" content=\"Written by\" \/>\n\t<meta name=\"twitter:data1\" content=\"We Love Cycling\" \/>\n\t<meta name=\"twitter:label2\" content=\"Est. reading time\" \/>\n\t<meta name=\"twitter:data2\" content=\"5 minutes\" \/>\n<script type=\"application\/ld+json\" class=\"yoast-schema-graph\">{\"@context\":\"https:\/\/schema.org\",\"@graph\":[{\"@type\":\"WebPage\",\"@id\":\"https:\/\/www.welovecycling.com\/hu\/orszaguti-kerekpar\/van-der-poel-nyerte-a-paris-roubaix-t-van-aert-alma-defektet-kapott\/\",\"url\":\"https:\/\/www.welovecycling.com\/hu\/orszaguti-kerekpar\/van-der-poel-nyerte-a-paris-roubaix-t-van-aert-alma-defektet-kapott\/\",\"name\":\"Van der Poel nyerte a Paris-Roubaix-t, Van Aert \u00e1lma defektet kapott - \u0160koda We Love Cycling - Magyarorsz\u00e1g\",\"isPartOf\":{\"@id\":\"https:\/\/www.welovecycling.com\/hu\/#website\"},\"primaryImageOfPage\":{\"@id\":\"https:\/\/www.welovecycling.com\/hu\/orszaguti-kerekpar\/van-der-poel-nyerte-a-paris-roubaix-t-van-aert-alma-defektet-kapott\/#primaryimage\"},\"image\":{\"@id\":\"https:\/\/www.welovecycling.com\/hu\/orszaguti-kerekpar\/van-der-poel-nyerte-a-paris-roubaix-t-van-aert-alma-defektet-kapott\/#primaryimage\"},\"thumbnailUrl\":\"https:\/\/d2p6e6u75xmxt8.cloudfront.net\/12\/2023\/04\/ezgif.com-webp-to-jpg-5.webp\",\"datePublished\":\"2023-04-11T12:48:15+00:00\",\"author\":{\"@id\":\"https:\/\/www.welovecycling.com\/hu\/#\/schema\/person\/bec7dcdbcc59f58489cf603e4040ced1\"},\"description\":\"Mathieu van der Poel (Alpecin-Deceunick) kihaszn\u00e1lta az utols\u00f3 15 km-n\u00e9l Wout van der Aert (Jumbo-Visma) szerencs\u00e9tlen defektj\u00e9t, \u00e9s elhajtott a gy\u0151zelem fel\u00e9 az id\u00e9n is brut\u00e1lis Paris-Roubaix-n. A defekt az extr\u00e9m neh\u00e9z Carrefour de l\u2019Arbre szakaszon t\u00f6rt\u00e9nt, r\u00f6gt\u00f6n miut\u00e1n Van Aert megpr\u00f3b\u00e1lta ler\u00e1zni a h\u00e9t ker\u00e9kp\u00e1rost, akikkel 35 km-en \u00e1t egy\u00fctt tekert az \u00e9lmez\u0151nyben.\",\"breadcrumb\":{\"@id\":\"https:\/\/www.welovecycling.com\/hu\/orszaguti-kerekpar\/van-der-poel-nyerte-a-paris-roubaix-t-van-aert-alma-defektet-kapott\/#breadcrumb\"},\"inLanguage\":\"hu\",\"potentialAction\":[{\"@type\":\"ReadAction\",\"target\":[\"https:\/\/www.welovecycling.com\/hu\/orszaguti-kerekpar\/van-der-poel-nyerte-a-paris-roubaix-t-van-aert-alma-defektet-kapott\/\"]}]},{\"@type\":\"ImageObject\",\"inLanguage\":\"hu\",\"@id\":\"https:\/\/www.welovecycling.com\/hu\/orszaguti-kerekpar\/van-der-poel-nyerte-a-paris-roubaix-t-van-aert-alma-defektet-kapott\/#primaryimage\",\"url\":\"https:\/\/d2p6e6u75xmxt8.cloudfront.net\/12\/2023\/04\/ezgif.com-webp-to-jpg-5.webp\",\"contentUrl\":\"https:\/\/d2p6e6u75xmxt8.cloudfront.net\/12\/2023\/04\/ezgif.com-webp-to-jpg-5.webp\",\"width\":990,\"height\":660},{\"@type\":\"BreadcrumbList\",\"@id\":\"https:\/\/www.welovecycling.com\/hu\/orszaguti-kerekpar\/van-der-poel-nyerte-a-paris-roubaix-t-van-aert-alma-defektet-kapott\/#breadcrumb\",\"itemListElement\":[{\"@type\":\"ListItem\",\"position\":1,\"name\":\"Home\",\"item\":\"https:\/\/www.welovecycling.com\/hu\/\"},{\"@type\":\"ListItem\",\"position\":2,\"name\":\"Van der Poel nyerte a Paris-Roubaix-t, Van Aert \u00e1lma defektet kapott\"}]},{\"@type\":\"WebSite\",\"@id\":\"https:\/\/www.welovecycling.com\/hu\/#website\",\"url\":\"https:\/\/www.welovecycling.com\/hu\/\",\"name\":\"\u0160koda We Love Cycling - Magyarorsz\u00e1g\",\"description\":\"\u0160koda WeLoveCycling\",\"potentialAction\":[{\"@type\":\"SearchAction\",\"target\":{\"@type\":\"EntryPoint\",\"urlTemplate\":\"https:\/\/www.welovecycling.com\/hu\/?s={search_term_string}\"},\"query-input\":{\"@type\":\"PropertyValueSpecification\",\"valueRequired\":true,\"valueName\":\"search_term_string\"}}],\"inLanguage\":\"hu\"},{\"@type\":\"Person\",\"@id\":\"https:\/\/www.welovecycling.com\/hu\/#\/schema\/person\/bec7dcdbcc59f58489cf603e4040ced1\",\"name\":\"kitti\",\"image\":{\"@type\":\"ImageObject\",\"inLanguage\":\"hu\",\"@id\":\"https:\/\/www.welovecycling.com\/hu\/#\/schema\/person\/image\/\",\"url\":\"https:\/\/secure.gravatar.com\/avatar\/e3196a110e1b57b96f56d92d10ce9bb4e9d7210076832a16243337e949410b52?s=96&d=mm&r=g\",\"contentUrl\":\"https:\/\/secure.gravatar.com\/avatar\/e3196a110e1b57b96f56d92d10ce9bb4e9d7210076832a16243337e949410b52?s=96&d=mm&r=g\",\"caption\":\"kitti\"},\"url\":\"https:\/\/www.welovecycling.com\/hu\/author\/kitti\/\"}]}<\/script>\n<!-- \/ Yoast SEO Premium plugin. -->","yoast_head_json":{"title":"Van der Poel nyerte a Paris-Roubaix-t, Van Aert \u00e1lma defektet kapott - \u0160koda We Love Cycling - Magyarorsz\u00e1g","description":"Mathieu van der Poel (Alpecin-Deceunick) kihaszn\u00e1lta az utols\u00f3 15 km-n\u00e9l Wout van der Aert (Jumbo-Visma) szerencs\u00e9tlen defektj\u00e9t, \u00e9s elhajtott a gy\u0151zelem fel\u00e9 az id\u00e9n is brut\u00e1lis Paris-Roubaix-n. A defekt az extr\u00e9m neh\u00e9z Carrefour de l\u2019Arbre szakaszon t\u00f6rt\u00e9nt, r\u00f6gt\u00f6n miut\u00e1n Van Aert megpr\u00f3b\u00e1lta ler\u00e1zni a h\u00e9t ker\u00e9kp\u00e1rost, akikkel 35 km-en \u00e1t egy\u00fctt tekert az \u00e9lmez\u0151nyben.","robots":{"index":"index","follow":"follow","max-snippet":"max-snippet:-1","max-image-preview":"max-image-preview:large","max-video-preview":"max-video-preview:-1"},"canonical":"https:\/\/www.welovecycling.com\/hu\/orszaguti-kerekpar\/van-der-poel-nyerte-a-paris-roubaix-t-van-aert-alma-defektet-kapott\/","og_locale":"hu_HU","og_type":"article","og_title":"Van der Poel nyerte a Paris-Roubaix-t, Van Aert \u00e1lma defektet kapott","og_description":"Mathieu van der Poel (Alpecin-Deceunick) kihaszn\u00e1lta az utols\u00f3 15 km-n\u00e9l Wout van der Aert (Jumbo-Visma) szerencs\u00e9tlen defektj\u00e9t, \u00e9s elhajtott a gy\u0151zelem fel\u00e9 az id\u00e9n is brut\u00e1lis Paris-Roubaix-n. A defekt az extr\u00e9m neh\u00e9z Carrefour de l\u2019Arbre szakaszon t\u00f6rt\u00e9nt, r\u00f6gt\u00f6n miut\u00e1n Van Aert megpr\u00f3b\u00e1lta ler\u00e1zni a h\u00e9t ker\u00e9kp\u00e1rost, akikkel 35 km-en \u00e1t egy\u00fctt tekert az \u00e9lmez\u0151nyben.","og_url":"https:\/\/www.welovecycling.com\/hu\/orszaguti-kerekpar\/van-der-poel-nyerte-a-paris-roubaix-t-van-aert-alma-defektet-kapott\/","og_site_name":"\u0160koda We Love Cycling - Magyarorsz\u00e1g","article_publisher":"https:\/\/www.facebook.com\/WeLoveCyclingHungary\/","article_published_time":"2023-04-11T12:48:15+00:00","og_image":[{"width":990,"height":660,"url":"https:\/\/d2p6e6u75xmxt8.cloudfront.net\/12\/2023\/04\/ezgif.com-webp-to-jpg-5.webp","type":"image\/webp"}],"author":"kitti","twitter_card":"summary_large_image","twitter_misc":{"Written by":"We Love Cycling","Est. reading time":"5 minutes"},"schema":{"@context":"https:\/\/schema.org","@graph":[{"@type":"WebPage","@id":"https:\/\/www.welovecycling.com\/hu\/orszaguti-kerekpar\/van-der-poel-nyerte-a-paris-roubaix-t-van-aert-alma-defektet-kapott\/","url":"https:\/\/www.welovecycling.com\/hu\/orszaguti-kerekpar\/van-der-poel-nyerte-a-paris-roubaix-t-van-aert-alma-defektet-kapott\/","name":"Van der Poel nyerte a Paris-Roubaix-t, Van Aert \u00e1lma defektet kapott - \u0160koda We Love Cycling - Magyarorsz\u00e1g","isPartOf":{"@id":"https:\/\/www.welovecycling.com\/hu\/#website"},"primaryImageOfPage":{"@id":"https:\/\/www.welovecycling.com\/hu\/orszaguti-kerekpar\/van-der-poel-nyerte-a-paris-roubaix-t-van-aert-alma-defektet-kapott\/#primaryimage"},"image":{"@id":"https:\/\/www.welovecycling.com\/hu\/orszaguti-kerekpar\/van-der-poel-nyerte-a-paris-roubaix-t-van-aert-alma-defektet-kapott\/#primaryimage"},"thumbnailUrl":"https:\/\/d2p6e6u75xmxt8.cloudfront.net\/12\/2023\/04\/ezgif.com-webp-to-jpg-5.webp","datePublished":"2023-04-11T12:48:15+00:00","author":{"@id":"https:\/\/www.welovecycling.com\/hu\/#\/schema\/person\/bec7dcdbcc59f58489cf603e4040ced1"},"description":"Mathieu van der Poel (Alpecin-Deceunick) kihaszn\u00e1lta az utols\u00f3 15 km-n\u00e9l Wout van der Aert (Jumbo-Visma) szerencs\u00e9tlen defektj\u00e9t, \u00e9s elhajtott a gy\u0151zelem fel\u00e9 az id\u00e9n is brut\u00e1lis Paris-Roubaix-n. A defekt az extr\u00e9m neh\u00e9z Carrefour de l\u2019Arbre szakaszon t\u00f6rt\u00e9nt, r\u00f6gt\u00f6n miut\u00e1n Van Aert megpr\u00f3b\u00e1lta ler\u00e1zni a h\u00e9t ker\u00e9kp\u00e1rost, akikkel 35 km-en \u00e1t egy\u00fctt tekert az \u00e9lmez\u0151nyben.","breadcrumb":{"@id":"https:\/\/www.welovecycling.com\/hu\/orszaguti-kerekpar\/van-der-poel-nyerte-a-paris-roubaix-t-van-aert-alma-defektet-kapott\/#breadcrumb"},"inLanguage":"hu","potentialAction":[{"@type":"ReadAction","target":["https:\/\/www.welovecycling.com\/hu\/orszaguti-kerekpar\/van-der-poel-nyerte-a-paris-roubaix-t-van-aert-alma-defektet-kapott\/"]}]},{"@type":"ImageObject","inLanguage":"hu","@id":"https:\/\/www.welovecycling.com\/hu\/orszaguti-kerekpar\/van-der-poel-nyerte-a-paris-roubaix-t-van-aert-alma-defektet-kapott\/#primaryimage","url":"https:\/\/d2p6e6u75xmxt8.cloudfront.net\/12\/2023\/04\/ezgif.com-webp-to-jpg-5.webp","contentUrl":"https:\/\/d2p6e6u75xmxt8.cloudfront.net\/12\/2023\/04\/ezgif.com-webp-to-jpg-5.webp","width":990,"height":660},{"@type":"BreadcrumbList","@id":"https:\/\/www.welovecycling.com\/hu\/orszaguti-kerekpar\/van-der-poel-nyerte-a-paris-roubaix-t-van-aert-alma-defektet-kapott\/#breadcrumb","itemListElement":[{"@type":"ListItem","position":1,"name":"Home","item":"https:\/\/www.welovecycling.com\/hu\/"},{"@type":"ListItem","position":2,"name":"Van der Poel nyerte a Paris-Roubaix-t, Van Aert \u00e1lma defektet kapott"}]},{"@type":"WebSite","@id":"https:\/\/www.welovecycling.com\/hu\/#website","url":"https:\/\/www.welovecycling.com\/hu\/","name":"\u0160koda We Love Cycling - Magyarorsz\u00e1g","description":"\u0160koda WeLoveCycling","potentialAction":[{"@type":"SearchAction","target":{"@type":"EntryPoint","urlTemplate":"https:\/\/www.welovecycling.com\/hu\/?s={search_term_string}"},"query-input":{"@type":"PropertyValueSpecification","valueRequired":true,"valueName":"search_term_string"}}],"inLanguage":"hu"},{"@type":"Person","@id":"https:\/\/www.welovecycling.com\/hu\/#\/schema\/person\/bec7dcdbcc59f58489cf603e4040ced1","name":"kitti","image":{"@type":"ImageObject","inLanguage":"hu","@id":"https:\/\/www.welovecycling.com\/hu\/#\/schema\/person\/image\/","url":"https:\/\/secure.gravatar.com\/avatar\/e3196a110e1b57b96f56d92d10ce9bb4e9d7210076832a16243337e949410b52?s=96&d=mm&r=g","contentUrl":"https:\/\/secure.gravatar.com\/avatar\/e3196a110e1b57b96f56d92d10ce9bb4e9d7210076832a16243337e949410b52?s=96&d=mm&r=g","caption":"kitti"},"url":"https:\/\/www.welovecycling.com\/hu\/author\/kitti\/"}]}},"_links":{"self":[{"href":"https:\/\/www.welovecycling.com\/hu\/wp-json\/wp\/v2\/posts\/17207","targetHints":{"allow":["GET"]}}],"collection":[{"href":"https:\/\/www.welovecycling.com\/hu\/wp-json\/wp\/v2\/posts"}],"about":[{"href":"https:\/\/www.welovecycling.com\/hu\/wp-json\/wp\/v2\/types\/post"}],"author":[{"embeddable":true,"href":"https:\/\/www.welovecycling.com\/hu\/wp-json\/wp\/v2\/users\/145"}],"replies":[{"embeddable":true,"href":"https:\/\/www.welovecycling.com\/hu\/wp-json\/wp\/v2\/comments?post=17207"}],"version-history":[{"count":1,"href":"https:\/\/www.welovecycling.com\/hu\/wp-json\/wp\/v2\/posts\/17207\/revisions"}],"predecessor-version":[{"id":17209,"href":"https:\/\/www.welovecycling.com\/hu\/wp-json\/wp\/v2\/posts\/17207\/revisions\/17209"}],"wp:featuredmedia":[{"embeddable":true,"href":"https:\/\/www.welovecycling.com\/hu\/wp-json\/wp\/v2\/media\/17208"}],"wp:attachment":[{"href":"https:\/\/www.welovecycling.com\/hu\/wp-json\/wp\/v2\/media?parent=17207"}],"wp:term":[{"taxonomy":"category","embeddable":true,"href":"https:\/\/www.welovecycling.com\/hu\/wp-json\/wp\/v2\/categories?post=17207"},{"taxonomy":"post_tag","embeddable":true,"href":"https:\/\/www.welovecycling.com\/hu\/wp-json\/wp\/v2\/tags?post=17207"},{"taxonomy":"global-categories","embeddable":true,"href":"https:\/\/www.welovecycling.com\/hu\/wp-json\/wp\/v2\/global-categories?post=17207"}],"curies":[{"name":"wp","href":"https:\/\/api.w.org\/{rel}","templated":true}]}}