{"id":17201,"date":"2023-04-06T13:24:49","date_gmt":"2023-04-06T11:24:49","guid":{"rendered":"https:\/\/www.welovecycling.com\/hu\/?p=17201"},"modified":"2023-04-06T13:24:49","modified_gmt":"2023-04-06T11:24:49","slug":"cavendish-rekordot-dontott-majd-kijelentette-a-tour-csucskiserlet-elott-meg-a-giron-is-elindulna","status":"publish","type":"post","link":"https:\/\/www.welovecycling.com\/hu\/orszaguti-kerekpar\/cavendish-rekordot-dontott-majd-kijelentette-a-tour-csucskiserlet-elott-meg-a-giron-is-elindulna\/","title":{"rendered":"Cavendish rekordot d\u00f6nt\u00f6tt, majd kijelentette, a Tour-cs\u00facsk\u00eds\u00e9rlet el\u0151tt m\u00e9g a Gir\u00f3n is elindulna"},"content":{"rendered":"<p><strong>A brit sprinterlegenda szerd\u00e1n hetedszer \u00e1llhatott fel a Scheldeprijs dobog\u00f3j\u00e1ra, \u00e9s az Astana mez\u00e9ben sem tett le arr\u00f3l, hogy megd\u00f6ntse Eddy Merckx abszol\u00fat Tour-rekordj\u00e1t a szakaszgy\u0151zelmek sz\u00e1m\u00e1t illet\u0151en.<\/strong><br \/>\n<!--more--><br \/>\n37 \u00e9vesen sem lass\u00edt Mark Cavendish. A brit szt\u00e1rsprinter nagy t\u00fal\u00e9l\u0151, sz\u00e1mtalan alkalommal felkelt m\u00e1r a padl\u00f3r\u00f3l, megk\u00fczdve a legk\u00fcl\u00f6nf\u00e9l\u00e9bb probl\u00e9m\u00e1kkal, s \u00fagy l\u00e1tszik, most sem zavarta a Quick-Steppel val\u00f3 szak\u00edt\u00e1s \u00e9s az ut\u00e1na k\u00f6vetkez\u0151 t\u00f6bbh\u00f3napos miz\u00e9ria, melynek sor\u00e1n egy darabig \u00fagy t\u0171nt, az is benne lehet a pakliban, hogy csapat n\u00e9lk\u00fcl marad. Ez a forgat\u00f3k\u00f6nyv szinte biztosan a karrierje v\u00e9g\u00e9t jelentette volna, \u00e1m mint ismert, <a href=\"https:\/\/www.welovecycling.com\/hu\/orszaguti-kerekpar\/cavendish-t-bejelentette-az-astana-az-oman-koron-debutalhat-a-tour-rekorderaspirans\/\">az Astan\u00e1val v\u00e9g\u00fcl siker\u00fclt<\/a> z\u00f6ld \u00e1gra verg\u0151dni\u00fck, a szerdai Scheldeprijsen pedig megszerezte idei m\u00e1sodik dobog\u00f3j\u00e1t. A belga sprinteregynaposon Cav a harmadik helyen sz\u00e1guldott a c\u00e9lba Jasper Philipsen \u00e9s Sam Welsford m\u00f6g\u00f6tt, ezzel pedig versenyt\u00f6rt\u00e9nelmet \u00edrt, hiszen eddigi nyolc startj\u00e1b\u00f3l h\u00e9tszer is a dobog\u00f3n z\u00e1rt a Scheldeprijsen \u2013 ebb\u0151l h\u00e1rom gy\u0151zelem \u2013, ami senkinek sem siker\u00fclt m\u00e9g kor\u00e1bban a viadal 1907 \u00f3ta \u00edr\u00f3d\u00f3 t\u00f6rt\u00e9nete alatt (a belga Ernest Sterckx hatszor \u00e1llhatott a p\u00f3diumon). A \u201eManxman\u201d 2007-ben indult el\u0151sz\u00f6r a patin\u00e1s viadalon (meg is nyerte annak rendje \u00e9s m\u00f3dja szerint), ezzel kapcsolatban egy m\u00f3k\u00e1s t\u00f6rt\u00e9netet is megosztott a szerdai harmadik helye ut\u00e1n: \u201eVan egy fiatal sr\u00e1cunk itt a csapatban, Gleb Szirica \u2013 \u0151 is sprinter \u2013, k\u00e9rdezt\u00fck t\u0151le, h\u00e1ny \u00e9ves volt\u00e1l 2007-ben? \u0150 meg erre azt v\u00e1laszolta, hat. Hat \u00e9ves volt, amikor az els\u0151 Scheldeprijsemet nyertem! \u00c9s most meg egy\u00fctt versenyz\u00fcnk\u2026 \u0150r\u00fclet, hogy rep\u00fcl az id\u0151!\u201d<\/p>\n<figure id=\"attachment_17203\" aria-describedby=\"caption-attachment-17203\" style=\"width: 742px\" class=\"wp-caption alignnone\"><img loading=\"lazy\" decoding=\"async\" class=\"size-full wp-image-17203\" src=\"https:\/\/d2p6e6u75xmxt8.cloudfront.net\/12\/2023\/04\/https-__s3-newsifier.ams3_.digitaloceanspaces.com_cyclinguptodatecom_images_2023-03_1099466969-640785563d0ee.webp\" alt=\"\" width=\"742\" height=\"495\" srcset=\"https:\/\/d2p6e6u75xmxt8.cloudfront.net\/12\/2023\/04\/https-__s3-newsifier.ams3_.digitaloceanspaces.com_cyclinguptodatecom_images_2023-03_1099466969-640785563d0ee.webp 742w, https:\/\/d2p6e6u75xmxt8.cloudfront.net\/12\/2023\/04\/https-__s3-newsifier.ams3_.digitaloceanspaces.com_cyclinguptodatecom_images_2023-03_1099466969-640785563d0ee-300x200.webp 300w, https:\/\/d2p6e6u75xmxt8.cloudfront.net\/12\/2023\/04\/https-__s3-newsifier.ams3_.digitaloceanspaces.com_cyclinguptodatecom_images_2023-03_1099466969-640785563d0ee-400x267.webp 400w, https:\/\/d2p6e6u75xmxt8.cloudfront.net\/12\/2023\/04\/https-__s3-newsifier.ams3_.digitaloceanspaces.com_cyclinguptodatecom_images_2023-03_1099466969-640785563d0ee-272x182.webp 272w\" sizes=\"auto, (max-width: 742px) 100vw, 742px\" \/><figcaption id=\"caption-attachment-17203\" class=\"wp-caption-text\">Cavendish nemcsak korban vezeti az Astana csapat\u00e1t (forr\u00e1s: cyclinguptodate.com)<\/figcaption><\/figure>\n<p>Ez sem kis tett teh\u00e1t, de Cavendish nyilv\u00e1nval\u00f3an egy sokkal komolyabb rekordra gy\u00far, ami term\u00e9szetesen nem m\u00e1s, mint a Tour de France-szakaszgy\u0151zelmek abszol\u00fat rekorjda. Jelenleg ugye holtversenyben 34 sikerrel \u00e1ll a legend\u00e1s Eddy Merckxszel (2021-ben \u00e9rte utol a belga \u201eKannib\u00e1lt\u201d), vagyis egyetlen etapgy\u0151zelemmel megd\u00f6nten\u00e9 a kor\u00e1bban megd\u00f6nthetetlennek hitt cs\u00facsot. S noha a legt\u00f6bben \u00fagy gondolj\u00e1k (nem alaptalanul), hogy a mostani Astan\u00e1n\u00e1l nem fogja tudni megkapni azokat az els\u0151 oszt\u00e1ly\u00fa sprintfelvezet\u0151-vonatokat, mint amiket p\u00e9ld\u00e1ul a Quick-Stepn\u00e9l megkapott Michael M\u00f6rk\u00f6v vezet\u00e9s\u00e9vel, a brit extraklasszis a szerdai versenyz\u00e9s\u00e9vel \u00fajra bizony\u00edtotta, ha oda tud ker\u00fclni egy mez\u0151nyhajr\u00e1n\u00e1l a v\u00e9gelsz\u00e1mol\u00e1shoz, rutinb\u00f3l, saj\u00e1t er\u0151b\u0151l is k\u00e9pes mag\u00e1nak megteremteni az es\u00e9lyt a gy\u0151zelemre. Ez pedig az\u00e9rt nem t\u0171nik rossz el\u0151jelnek az idei Tour-rekordd\u00f6nt\u00e9si sz\u00e1nd\u00e9kait illet\u0151en. M\u00e9g akkor sem, ha Cav a szerdai verseny ut\u00e1n diplomatikusan \u00fagy reag\u00e1lt az ezt firtat\u00f3 k\u00e9rd\u00e9sre, hogy \u201eEgy ilyen eredm\u00e9ny mindig sz\u00e9p, de egy\u00e1ltal\u00e1n nem befoly\u00e1solja, hogyan fogok menni j\u00faliusban.\u201d<\/p>\n<p>Az mindenesetre biztos, hogy az idei Tourra igyekszik a lehet\u0151 legjobban felk\u00e9sz\u00fclni: legk\u00f6zelebb a j\u00f6v\u0151 h\u00e9ten rajtol\u00f3 szic\u00edliai k\u00f6r\u00f6n l\u00e1thatjuk, ezzel egy\u00fctt meger\u0151s\u00edtette, hogy szeretne ott lenni a m\u00e1jusi Giro d\u2019Itali\u00e1n is, amit legut\u00f3bb is eml\u00e9kezetesen alakult sz\u00e1m\u00e1ra, hiszen a harmadik szakaszt megnyerte Balatonf\u00fcreden, a pontversenyben harmadikk\u00e9nt z\u00e1rt, \u00e9s ki ne eml\u00e9kezne r\u00e1, m\u00e9g egy buszmeg\u00e1ll\u00f3t is elneveztek r\u00f3la Z\u00e1molyban\u2026<\/p>\n<figure id=\"attachment_17204\" aria-describedby=\"caption-attachment-17204\" style=\"width: 1024px\" class=\"wp-caption alignnone\"><img loading=\"lazy\" decoding=\"async\" class=\"size-large wp-image-17204\" src=\"https:\/\/d2p6e6u75xmxt8.cloudfront.net\/12\/2023\/04\/1652940828-temp-EIGeHJ_cover@4x-1024x683.webp\" alt=\"\" width=\"1024\" height=\"683\" srcset=\"https:\/\/d2p6e6u75xmxt8.cloudfront.net\/12\/2023\/04\/1652940828-temp-EIGeHJ_cover@4x-1024x683.webp 1024w, https:\/\/d2p6e6u75xmxt8.cloudfront.net\/12\/2023\/04\/1652940828-temp-EIGeHJ_cover@4x-300x200.webp 300w, https:\/\/d2p6e6u75xmxt8.cloudfront.net\/12\/2023\/04\/1652940828-temp-EIGeHJ_cover@4x-768x512.webp 768w, https:\/\/d2p6e6u75xmxt8.cloudfront.net\/12\/2023\/04\/1652940828-temp-EIGeHJ_cover@4x-1536x1024.webp 1536w, https:\/\/d2p6e6u75xmxt8.cloudfront.net\/12\/2023\/04\/1652940828-temp-EIGeHJ_cover@4x-400x267.webp 400w, https:\/\/d2p6e6u75xmxt8.cloudfront.net\/12\/2023\/04\/1652940828-temp-EIGeHJ_cover@4x-272x182.webp 272w, https:\/\/d2p6e6u75xmxt8.cloudfront.net\/12\/2023\/04\/1652940828-temp-EIGeHJ_cover@4x.webp 1830w\" sizes=\"auto, (max-width: 1024px) 100vw, 1024px\" \/><figcaption id=\"caption-attachment-17204\" class=\"wp-caption-text\">A kisebb vil\u00e1gh\u00edrn\u00e9vre szert tev\u0151 z\u00e1molyi Cavendish buszmeg\u00e1ll\u00f3 (Vasv\u00e1ri Tam\u00e1s \/ MTI)<\/figcaption><\/figure>\n<p>Bor\u00edt\u00f3k\u00e9p: <em>Rafa Gomez \/ SprintCyclingAgency\u00a92023<\/em><\/p>\n","protected":false},"excerpt":{"rendered":"<p>A brit sprinterlegenda szerd\u00e1n hetedszer \u00e1llhatott fel a Scheldeprijs dobog\u00f3j\u00e1ra, \u00e9s az Astana mez\u00e9ben sem tett le arr\u00f3l, hogy megd\u00f6ntse [&hellip;]<\/p>\n","protected":false},"author":71,"featured_media":17202,"comment_status":"open","ping_status":"open","sticky":false,"template":"","format":"standard","meta":{"footnotes":""},"categories":[8],"tags":[],"global-categories":[419],"class_list":["post-17201","post","type-post","status-publish","format-standard","has-post-thumbnail","hentry","category-orszaguti-kerekpar","global-categories-cycling"],"yoast_head":"<!-- This site is optimized with the Yoast SEO Premium plugin v25.3 (Yoast SEO v25.9) - https:\/\/yoast.com\/wordpress\/plugins\/seo\/ -->\n<title>Cavendish rekordot d\u00f6nt\u00f6tt, majd kijelentette, a Tour-cs\u00facsk\u00eds\u00e9rlet el\u0151tt m\u00e9g a Gir\u00f3n is elindulna<\/title>\n<meta name=\"description\" content=\"A brit sprinterlegenda szerd\u00e1n hetedszer \u00e1llhatott fel a Scheldeprijs dobog\u00f3j\u00e1ra, \u00e9s az Astana mez\u00e9ben sem tett le arr\u00f3l, hogy megd\u00f6ntse Eddy Merckx abszol\u00fat Tour-rekordj\u00e1t a szakaszgy\u0151zelmek sz\u00e1m\u00e1t illet\u0151en.\" \/>\n<meta name=\"robots\" content=\"index, follow, max-snippet:-1, max-image-preview:large, max-video-preview:-1\" \/>\n<link rel=\"canonical\" href=\"https:\/\/www.welovecycling.com\/hu\/orszaguti-kerekpar\/cavendish-rekordot-dontott-majd-kijelentette-a-tour-csucskiserlet-elott-meg-a-giron-is-elindulna\/\" \/>\n<meta property=\"og:locale\" content=\"hu_HU\" \/>\n<meta property=\"og:type\" content=\"article\" \/>\n<meta property=\"og:title\" content=\"Cavendish rekordot d\u00f6nt\u00f6tt, majd kijelentette, a Tour-cs\u00facsk\u00eds\u00e9rlet el\u0151tt m\u00e9g a Gir\u00f3n is elindulna\" \/>\n<meta property=\"og:description\" content=\"A brit sprinterlegenda szerd\u00e1n hetedszer \u00e1llhatott fel a Scheldeprijs dobog\u00f3j\u00e1ra, \u00e9s az Astana mez\u00e9ben sem tett le arr\u00f3l, hogy megd\u00f6ntse Eddy Merckx abszol\u00fat Tour-rekordj\u00e1t a szakaszgy\u0151zelmek sz\u00e1m\u00e1t illet\u0151en.\" \/>\n<meta property=\"og:url\" content=\"https:\/\/www.welovecycling.com\/hu\/orszaguti-kerekpar\/cavendish-rekordot-dontott-majd-kijelentette-a-tour-csucskiserlet-elott-meg-a-giron-is-elindulna\/\" \/>\n<meta property=\"og:site_name\" content=\"\u0160koda We Love Cycling - Magyarorsz\u00e1g\" \/>\n<meta property=\"article:publisher\" content=\"https:\/\/www.facebook.com\/WeLoveCyclingHungary\/\" \/>\n<meta property=\"article:published_time\" content=\"2023-04-06T11:24:49+00:00\" \/>\n<meta property=\"og:image\" content=\"https:\/\/d2p6e6u75xmxt8.cloudfront.net\/12\/2023\/04\/sprintcyclingagency_0681054_1_originali-Large.webp\" \/>\n\t<meta property=\"og:image:width\" content=\"1280\" \/>\n\t<meta property=\"og:image:height\" content=\"720\" \/>\n\t<meta property=\"og:image:type\" content=\"image\/webp\" \/>\n<meta name=\"author\" content=\"hegyizs\" \/>\n<meta name=\"twitter:card\" content=\"summary_large_image\" \/>\n<meta name=\"twitter:label1\" content=\"Written by\" \/>\n\t<meta name=\"twitter:data1\" content=\"WLC\" \/>\n\t<meta name=\"twitter:label2\" content=\"Est. reading time\" \/>\n\t<meta name=\"twitter:data2\" content=\"3 minutes\" \/>\n<script type=\"application\/ld+json\" class=\"yoast-schema-graph\">{\"@context\":\"https:\/\/schema.org\",\"@graph\":[{\"@type\":\"WebPage\",\"@id\":\"https:\/\/www.welovecycling.com\/hu\/orszaguti-kerekpar\/cavendish-rekordot-dontott-majd-kijelentette-a-tour-csucskiserlet-elott-meg-a-giron-is-elindulna\/\",\"url\":\"https:\/\/www.welovecycling.com\/hu\/orszaguti-kerekpar\/cavendish-rekordot-dontott-majd-kijelentette-a-tour-csucskiserlet-elott-meg-a-giron-is-elindulna\/\",\"name\":\"Cavendish rekordot d\u00f6nt\u00f6tt, majd kijelentette, a Tour-cs\u00facsk\u00eds\u00e9rlet el\u0151tt m\u00e9g a Gir\u00f3n is elindulna\",\"isPartOf\":{\"@id\":\"https:\/\/www.welovecycling.com\/hu\/#website\"},\"primaryImageOfPage\":{\"@id\":\"https:\/\/www.welovecycling.com\/hu\/orszaguti-kerekpar\/cavendish-rekordot-dontott-majd-kijelentette-a-tour-csucskiserlet-elott-meg-a-giron-is-elindulna\/#primaryimage\"},\"image\":{\"@id\":\"https:\/\/www.welovecycling.com\/hu\/orszaguti-kerekpar\/cavendish-rekordot-dontott-majd-kijelentette-a-tour-csucskiserlet-elott-meg-a-giron-is-elindulna\/#primaryimage\"},\"thumbnailUrl\":\"https:\/\/d2p6e6u75xmxt8.cloudfront.net\/12\/2023\/04\/sprintcyclingagency_0681054_1_originali-Large.webp\",\"datePublished\":\"2023-04-06T11:24:49+00:00\",\"author\":{\"@id\":\"https:\/\/www.welovecycling.com\/hu\/#\/schema\/person\/414a2aebf1801691a5320edb6468e194\"},\"description\":\"A brit sprinterlegenda szerd\u00e1n hetedszer \u00e1llhatott fel a Scheldeprijs dobog\u00f3j\u00e1ra, \u00e9s az Astana mez\u00e9ben sem tett le arr\u00f3l, hogy megd\u00f6ntse Eddy Merckx abszol\u00fat Tour-rekordj\u00e1t a szakaszgy\u0151zelmek sz\u00e1m\u00e1t illet\u0151en.\",\"breadcrumb\":{\"@id\":\"https:\/\/www.welovecycling.com\/hu\/orszaguti-kerekpar\/cavendish-rekordot-dontott-majd-kijelentette-a-tour-csucskiserlet-elott-meg-a-giron-is-elindulna\/#breadcrumb\"},\"inLanguage\":\"hu\",\"potentialAction\":[{\"@type\":\"ReadAction\",\"target\":[\"https:\/\/www.welovecycling.com\/hu\/orszaguti-kerekpar\/cavendish-rekordot-dontott-majd-kijelentette-a-tour-csucskiserlet-elott-meg-a-giron-is-elindulna\/\"]}]},{\"@type\":\"ImageObject\",\"inLanguage\":\"hu\",\"@id\":\"https:\/\/www.welovecycling.com\/hu\/orszaguti-kerekpar\/cavendish-rekordot-dontott-majd-kijelentette-a-tour-csucskiserlet-elott-meg-a-giron-is-elindulna\/#primaryimage\",\"url\":\"https:\/\/d2p6e6u75xmxt8.cloudfront.net\/12\/2023\/04\/sprintcyclingagency_0681054_1_originali-Large.webp\",\"contentUrl\":\"https:\/\/d2p6e6u75xmxt8.cloudfront.net\/12\/2023\/04\/sprintcyclingagency_0681054_1_originali-Large.webp\",\"width\":1280,\"height\":720,\"caption\":\"fot\u00f3: Rafa Gomez \/ SprintCyclingAgency\u00a92023\"},{\"@type\":\"BreadcrumbList\",\"@id\":\"https:\/\/www.welovecycling.com\/hu\/orszaguti-kerekpar\/cavendish-rekordot-dontott-majd-kijelentette-a-tour-csucskiserlet-elott-meg-a-giron-is-elindulna\/#breadcrumb\",\"itemListElement\":[{\"@type\":\"ListItem\",\"position\":1,\"name\":\"Home\",\"item\":\"https:\/\/www.welovecycling.com\/hu\/\"},{\"@type\":\"ListItem\",\"position\":2,\"name\":\"Cavendish rekordot d\u00f6nt\u00f6tt, majd kijelentette, a Tour-cs\u00facsk\u00eds\u00e9rlet el\u0151tt m\u00e9g a Gir\u00f3n is elindulna\"}]},{\"@type\":\"WebSite\",\"@id\":\"https:\/\/www.welovecycling.com\/hu\/#website\",\"url\":\"https:\/\/www.welovecycling.com\/hu\/\",\"name\":\"\u0160koda We Love Cycling - Magyarorsz\u00e1g\",\"description\":\"\u0160koda WeLoveCycling\",\"potentialAction\":[{\"@type\":\"SearchAction\",\"target\":{\"@type\":\"EntryPoint\",\"urlTemplate\":\"https:\/\/www.welovecycling.com\/hu\/?s={search_term_string}\"},\"query-input\":{\"@type\":\"PropertyValueSpecification\",\"valueRequired\":true,\"valueName\":\"search_term_string\"}}],\"inLanguage\":\"hu\"},{\"@type\":\"Person\",\"@id\":\"https:\/\/www.welovecycling.com\/hu\/#\/schema\/person\/414a2aebf1801691a5320edb6468e194\",\"name\":\"hegyizs\",\"image\":{\"@type\":\"ImageObject\",\"inLanguage\":\"hu\",\"@id\":\"https:\/\/www.welovecycling.com\/hu\/#\/schema\/person\/image\/\",\"url\":\"https:\/\/secure.gravatar.com\/avatar\/02cf8a7906b8cf90cecb4679defac7cfd33a1c2e3b88e4903d947f3bb58eedd3?s=96&d=mm&r=g\",\"contentUrl\":\"https:\/\/secure.gravatar.com\/avatar\/02cf8a7906b8cf90cecb4679defac7cfd33a1c2e3b88e4903d947f3bb58eedd3?s=96&d=mm&r=g\",\"caption\":\"hegyizs\"},\"url\":\"https:\/\/www.welovecycling.com\/hu\/author\/hegyizs\/\"}]}<\/script>\n<!-- \/ Yoast SEO Premium plugin. -->","yoast_head_json":{"title":"Cavendish rekordot d\u00f6nt\u00f6tt, majd kijelentette, a Tour-cs\u00facsk\u00eds\u00e9rlet el\u0151tt m\u00e9g a Gir\u00f3n is elindulna","description":"A brit sprinterlegenda szerd\u00e1n hetedszer \u00e1llhatott fel a Scheldeprijs dobog\u00f3j\u00e1ra, \u00e9s az Astana mez\u00e9ben sem tett le arr\u00f3l, hogy megd\u00f6ntse Eddy Merckx abszol\u00fat Tour-rekordj\u00e1t a szakaszgy\u0151zelmek sz\u00e1m\u00e1t illet\u0151en.","robots":{"index":"index","follow":"follow","max-snippet":"max-snippet:-1","max-image-preview":"max-image-preview:large","max-video-preview":"max-video-preview:-1"},"canonical":"https:\/\/www.welovecycling.com\/hu\/orszaguti-kerekpar\/cavendish-rekordot-dontott-majd-kijelentette-a-tour-csucskiserlet-elott-meg-a-giron-is-elindulna\/","og_locale":"hu_HU","og_type":"article","og_title":"Cavendish rekordot d\u00f6nt\u00f6tt, majd kijelentette, a Tour-cs\u00facsk\u00eds\u00e9rlet el\u0151tt m\u00e9g a Gir\u00f3n is elindulna","og_description":"A brit sprinterlegenda szerd\u00e1n hetedszer \u00e1llhatott fel a Scheldeprijs dobog\u00f3j\u00e1ra, \u00e9s az Astana mez\u00e9ben sem tett le arr\u00f3l, hogy megd\u00f6ntse Eddy Merckx abszol\u00fat Tour-rekordj\u00e1t a szakaszgy\u0151zelmek sz\u00e1m\u00e1t illet\u0151en.","og_url":"https:\/\/www.welovecycling.com\/hu\/orszaguti-kerekpar\/cavendish-rekordot-dontott-majd-kijelentette-a-tour-csucskiserlet-elott-meg-a-giron-is-elindulna\/","og_site_name":"\u0160koda We Love Cycling - Magyarorsz\u00e1g","article_publisher":"https:\/\/www.facebook.com\/WeLoveCyclingHungary\/","article_published_time":"2023-04-06T11:24:49+00:00","og_image":[{"width":1280,"height":720,"url":"https:\/\/d2p6e6u75xmxt8.cloudfront.net\/12\/2023\/04\/sprintcyclingagency_0681054_1_originali-Large.webp","type":"image\/webp"}],"author":"hegyizs","twitter_card":"summary_large_image","twitter_misc":{"Written by":"WLC","Est. reading time":"3 minutes"},"schema":{"@context":"https:\/\/schema.org","@graph":[{"@type":"WebPage","@id":"https:\/\/www.welovecycling.com\/hu\/orszaguti-kerekpar\/cavendish-rekordot-dontott-majd-kijelentette-a-tour-csucskiserlet-elott-meg-a-giron-is-elindulna\/","url":"https:\/\/www.welovecycling.com\/hu\/orszaguti-kerekpar\/cavendish-rekordot-dontott-majd-kijelentette-a-tour-csucskiserlet-elott-meg-a-giron-is-elindulna\/","name":"Cavendish rekordot d\u00f6nt\u00f6tt, majd kijelentette, a Tour-cs\u00facsk\u00eds\u00e9rlet el\u0151tt m\u00e9g a Gir\u00f3n is elindulna","isPartOf":{"@id":"https:\/\/www.welovecycling.com\/hu\/#website"},"primaryImageOfPage":{"@id":"https:\/\/www.welovecycling.com\/hu\/orszaguti-kerekpar\/cavendish-rekordot-dontott-majd-kijelentette-a-tour-csucskiserlet-elott-meg-a-giron-is-elindulna\/#primaryimage"},"image":{"@id":"https:\/\/www.welovecycling.com\/hu\/orszaguti-kerekpar\/cavendish-rekordot-dontott-majd-kijelentette-a-tour-csucskiserlet-elott-meg-a-giron-is-elindulna\/#primaryimage"},"thumbnailUrl":"https:\/\/d2p6e6u75xmxt8.cloudfront.net\/12\/2023\/04\/sprintcyclingagency_0681054_1_originali-Large.webp","datePublished":"2023-04-06T11:24:49+00:00","author":{"@id":"https:\/\/www.welovecycling.com\/hu\/#\/schema\/person\/414a2aebf1801691a5320edb6468e194"},"description":"A brit sprinterlegenda szerd\u00e1n hetedszer \u00e1llhatott fel a Scheldeprijs dobog\u00f3j\u00e1ra, \u00e9s az Astana mez\u00e9ben sem tett le arr\u00f3l, hogy megd\u00f6ntse Eddy Merckx abszol\u00fat Tour-rekordj\u00e1t a szakaszgy\u0151zelmek sz\u00e1m\u00e1t illet\u0151en.","breadcrumb":{"@id":"https:\/\/www.welovecycling.com\/hu\/orszaguti-kerekpar\/cavendish-rekordot-dontott-majd-kijelentette-a-tour-csucskiserlet-elott-meg-a-giron-is-elindulna\/#breadcrumb"},"inLanguage":"hu","potentialAction":[{"@type":"ReadAction","target":["https:\/\/www.welovecycling.com\/hu\/orszaguti-kerekpar\/cavendish-rekordot-dontott-majd-kijelentette-a-tour-csucskiserlet-elott-meg-a-giron-is-elindulna\/"]}]},{"@type":"ImageObject","inLanguage":"hu","@id":"https:\/\/www.welovecycling.com\/hu\/orszaguti-kerekpar\/cavendish-rekordot-dontott-majd-kijelentette-a-tour-csucskiserlet-elott-meg-a-giron-is-elindulna\/#primaryimage","url":"https:\/\/d2p6e6u75xmxt8.cloudfront.net\/12\/2023\/04\/sprintcyclingagency_0681054_1_originali-Large.webp","contentUrl":"https:\/\/d2p6e6u75xmxt8.cloudfront.net\/12\/2023\/04\/sprintcyclingagency_0681054_1_originali-Large.webp","width":1280,"height":720,"caption":"fot\u00f3: Rafa Gomez \/ SprintCyclingAgency\u00a92023"},{"@type":"BreadcrumbList","@id":"https:\/\/www.welovecycling.com\/hu\/orszaguti-kerekpar\/cavendish-rekordot-dontott-majd-kijelentette-a-tour-csucskiserlet-elott-meg-a-giron-is-elindulna\/#breadcrumb","itemListElement":[{"@type":"ListItem","position":1,"name":"Home","item":"https:\/\/www.welovecycling.com\/hu\/"},{"@type":"ListItem","position":2,"name":"Cavendish rekordot d\u00f6nt\u00f6tt, majd kijelentette, a Tour-cs\u00facsk\u00eds\u00e9rlet el\u0151tt m\u00e9g a Gir\u00f3n is elindulna"}]},{"@type":"WebSite","@id":"https:\/\/www.welovecycling.com\/hu\/#website","url":"https:\/\/www.welovecycling.com\/hu\/","name":"\u0160koda We Love Cycling - Magyarorsz\u00e1g","description":"\u0160koda WeLoveCycling","potentialAction":[{"@type":"SearchAction","target":{"@type":"EntryPoint","urlTemplate":"https:\/\/www.welovecycling.com\/hu\/?s={search_term_string}"},"query-input":{"@type":"PropertyValueSpecification","valueRequired":true,"valueName":"search_term_string"}}],"inLanguage":"hu"},{"@type":"Person","@id":"https:\/\/www.welovecycling.com\/hu\/#\/schema\/person\/414a2aebf1801691a5320edb6468e194","name":"hegyizs","image":{"@type":"ImageObject","inLanguage":"hu","@id":"https:\/\/www.welovecycling.com\/hu\/#\/schema\/person\/image\/","url":"https:\/\/secure.gravatar.com\/avatar\/02cf8a7906b8cf90cecb4679defac7cfd33a1c2e3b88e4903d947f3bb58eedd3?s=96&d=mm&r=g","contentUrl":"https:\/\/secure.gravatar.com\/avatar\/02cf8a7906b8cf90cecb4679defac7cfd33a1c2e3b88e4903d947f3bb58eedd3?s=96&d=mm&r=g","caption":"hegyizs"},"url":"https:\/\/www.welovecycling.com\/hu\/author\/hegyizs\/"}]}},"_links":{"self":[{"href":"https:\/\/www.welovecycling.com\/hu\/wp-json\/wp\/v2\/posts\/17201","targetHints":{"allow":["GET"]}}],"collection":[{"href":"https:\/\/www.welovecycling.com\/hu\/wp-json\/wp\/v2\/posts"}],"about":[{"href":"https:\/\/www.welovecycling.com\/hu\/wp-json\/wp\/v2\/types\/post"}],"author":[{"embeddable":true,"href":"https:\/\/www.welovecycling.com\/hu\/wp-json\/wp\/v2\/users\/71"}],"replies":[{"embeddable":true,"href":"https:\/\/www.welovecycling.com\/hu\/wp-json\/wp\/v2\/comments?post=17201"}],"version-history":[{"count":1,"href":"https:\/\/www.welovecycling.com\/hu\/wp-json\/wp\/v2\/posts\/17201\/revisions"}],"predecessor-version":[{"id":17205,"href":"https:\/\/www.welovecycling.com\/hu\/wp-json\/wp\/v2\/posts\/17201\/revisions\/17205"}],"wp:featuredmedia":[{"embeddable":true,"href":"https:\/\/www.welovecycling.com\/hu\/wp-json\/wp\/v2\/media\/17202"}],"wp:attachment":[{"href":"https:\/\/www.welovecycling.com\/hu\/wp-json\/wp\/v2\/media?parent=17201"}],"wp:term":[{"taxonomy":"category","embeddable":true,"href":"https:\/\/www.welovecycling.com\/hu\/wp-json\/wp\/v2\/categories?post=17201"},{"taxonomy":"post_tag","embeddable":true,"href":"https:\/\/www.welovecycling.com\/hu\/wp-json\/wp\/v2\/tags?post=17201"},{"taxonomy":"global-categories","embeddable":true,"href":"https:\/\/www.welovecycling.com\/hu\/wp-json\/wp\/v2\/global-categories?post=17201"}],"curies":[{"name":"wp","href":"https:\/\/api.w.org\/{rel}","templated":true}]}}