{"id":17195,"date":"2023-04-04T08:00:41","date_gmt":"2023-04-04T06:00:41","guid":{"rendered":"https:\/\/www.welovecycling.com\/hu\/?p=17195"},"modified":"2023-03-31T16:09:09","modified_gmt":"2023-03-31T14:09:09","slug":"figyelemremelto-bringasok-noi-orszaguti-kerekparos-kiadas","status":"publish","type":"post","link":"https:\/\/www.welovecycling.com\/hu\/orszaguti-kerekpar\/figyelemremelto-bringasok-noi-orszaguti-kerekparos-kiadas\/","title":{"rendered":"Figyelemrem\u00e9lt\u00f3 bring\u00e1sok: N\u0151i orsz\u00e1g\u00fati ker\u00e9kp\u00e1ros kiad\u00e1s"},"content":{"rendered":"<p><strong>A 2023-as versenyszezon m\u00e1r jav\u00e1ban zajlik. A P\u00e1rizs-Roubaix is itt liheg a nyakunkban, azt\u00e1n ott van m\u00e9g a t\u00f6bbi szakaszverseny. Az izgalom, amit \u00e9rzel, az\u00e9rt van, mert a n\u0151i mez\u0151ny igencsak vadul ind\u00edtotta a 2023-as \u00e9vet. Rengeteg akci\u00f3ra \u00e9s izgalmas rivaliz\u00e1l\u00e1sra sz\u00e1m\u00edthatunk m\u00e9g a fiatal versenyz\u0151kt\u0151l. <\/strong><\/p>\n<p><!--more--><\/p>\n<p>Term\u00e9szetesen m\u00e1r eddig is sok minden t\u00f6rt\u00e9nt. Az ausztr\u00e1liai szezonnyit\u00f3n \u00e9s a Strade Bianchen ny\u00fajtott f\u00e9lelmetes teljes\u00edtm\u00e9nyek \u00e1ltal a rajong\u00f3k m\u00e1r kaphattak egy kis \u00edzel\u00edt\u0151t az idei k\u00edn\u00e1latb\u00f3l. Persze a java m\u00e9g h\u00e1travan, \u00edgy ak\u00e1r csak most k\u00e9sz\u00fclsz elmer\u00fclni a n\u0151i versenyz\u00e9s vil\u00e1g\u00e1ban, ak\u00e1r m\u00e1r azt fontolgatod, melyik kedvenc ker\u00e9kp\u00e1rosodra fogadj, itt van n\u00e9h\u00e1ny versenyz\u0151, akire mindenk\u00e9pp \u00e9rdemes lesz odafigyelned!<\/p>\n<h2><strong>Lorena Wiebes &#8211; SD Worx<\/strong><\/h2>\n<p>Az SD Worx csapata ebben a szezonban elk\u00e9peszt\u0151en er\u0151s, ez pedig nem kis r\u00e9szben a csapat egyik szt\u00e1rj\u00e1nak, Lorena Wiebesnek k\u00f6sz\u00f6nhet\u0151. A Hollandi\u00e1b\u00f3l sz\u00e1rmaz\u00f3 sprinter nemr\u00e9g t\u00f6lt\u00f6tte be 24. \u00e9let\u00e9v\u00e9t, \u00e9s jelenleg karrierje cs\u00facs\u00e1n van. M\u00e1sodik helyen v\u00e9gzett csapatt\u00e1rsa, Lotte Kopecky m\u00f6g\u00f6tt az Omloop het Nieuwsbladon, de azt\u00e1n m\u00e1snap az Omloop van het Hagelandon is felbukkant, hogy megszerezze a gy\u0151zelmet. Az Eur\u00f3pa-bajnok Wiebes id\u00e9n a DSM-t\u0151l az SD Worxhoz igazolt.<\/p>\n<p>Ez a kiv\u00e1l\u00f3 orsz\u00e1g\u00fati versenyz\u0151 a szezonon k\u00edv\u00fcli id\u0151szakban is sz\u00edvesen v\u00e1g neki a p\u00e1lya- \u00e9s cyclocross-versenyeknek, \u00edgy elhiheted, hogy otthon fogja \u00e9rezni mag\u00e1t a Roubaix vizes \u00e9s s\u00e1ros macskak\u00f6vein. Wiebes karm\u00e1ja is tiszta, mivel a Ronde van Drenthe verseny megnyer\u00e9s\u00e9\u00e9rt kapott pr\u00e9mium\u00e1t az Amy Pieters Alap\u00edtv\u00e1nynak adom\u00e1nyozta. Pieters, aki kor\u00e1bban maga is az SD Worx versenyz\u0151je volt, m\u00e9g mindig a 14 h\u00f3nappal ezel\u0151tti spanyolorsz\u00e1gi edz\u00e9s k\u00f6zben elszenvedett fejs\u00e9r\u00fcl\u00e9s\u00e9b\u0151l l\u00e1badozik.<\/p>\n<p>https:\/\/www.instagram.com\/p\/Cp_G80Yspky\/?hl=cs<\/p>\n<h2><strong>Lotte Kopecky &#8211; SD Worx<\/strong><\/h2>\n<p>Mint fentebb eml\u00edtett\u00fck, az SD Worx tele van tehets\u00e9gekkel. Hogy ki lesz a csapat igazi vez\u00e9re, az majd csak a szezon k\u00e9s\u0151bbi szakasz\u00e1ban der\u00fcl ki. Kopecky azonban az Omloopon hozott k\u00f6zel 20 kilom\u00e9teres sz\u00f3l\u00f3j\u00e1val, a vil\u00e1gbajnoks\u00e1gon el\u00e9rt m\u00e1sodik helyez\u00e9s\u00e9vel \u00e9s a Tour de France Femmes-en mutatott sprintel\u0151i k\u00e9pess\u00e9geivel abszol\u00fat bebizony\u00edtotta, hogy megvan benne az, ami ahhoz kell, hogy a v\u00e9gs\u0151kig jusson.<\/p>\n<p>A tavalyi m\u00e1sodik helye a Paris Roubaix-n biztos\u00edtja, hogy id\u00e9n is k\u00e9ts\u00e9gtelen\u00fcl a favoritok k\u00f6z\u00f6tt legyen, mikor a n\u0151i versenyz\u0151k elindulnak a h\u00edrhedt macskak\u00f6ves versenyen. Arr\u00f3l nem is besz\u00e9lve, hogy Lotte a Danilith Nokere Koerse-en is laza gy\u0151zelmet aratott, megel\u0151zve leger\u0151sebb csapatt\u00e1rs\u00e1t, Lorena Wiebes-t. Ezek ut\u00e1n izgalmas lesz l\u00e1tni, hogyan teljes\u00edt majd a t\u00f6bbi versenyen.<\/p>\n<h2><strong>Kasia Niewiadoma &#8211; Canyon \/\/ SRAM<\/strong><\/h2>\n<p>Kasia Niewiadoma az ut\u00f3bbi id\u0151ben ragyog. \u00c9vek \u00f3ta a n\u0151i versenyek egyik meghat\u00e1roz\u00f3 alakja, de a tavalyi TdF-en el\u00e9rt harmadik helyez\u00e9s\u00e9vel keltett igaz\u00e1n nagy figyelmet. A Canyon \/\/ SRAM csapat\u00e1val 2018 \u00f3ta dolgozik egy\u00fctt, \u00e9s annak ellen\u00e9re, hogy m\u00e1r k\u00f6zel egy \u00e9vtizede profi versenyz\u0151, m\u00e9g csak 28 \u00e9ves. Mivel m\u00e9g sok sikeres \u00e9v \u00e1ll el\u0151tte, Niewiadoma versenyz\u00e9shez val\u00f3 hozz\u00e1\u00e1ll\u00e1sa \u00fcd\u00edt\u0151. Kapcsolatban \u00e1ll a k\u00f6vet\u0151ivel \u00e9s n\u00e9mi betekint\u00e9st enged nekik egy \u00e9lsportol\u00f3 elm\u00e9j\u00e9be. Ahogyan azt a h\u00f3nap elej\u00e9n egy posztj\u00e1ban elmondta:<\/p>\n<p><em>&#8220;Azt is szeretn\u00e9m l\u00e1tni, hogy ment\u00e1lisan mennyire vagyok er\u0151s. Eml\u00e9kszem minden sz\u00e1madatra az er\u0151nl\u00e9ti edz\u00e9sekr\u0151l, \u00edgy tudom, hogy fizikailag j\u00f3 form\u00e1ban vagyok. Azonban, ez nem el\u00e9g a gy\u0151zelemhez. A testi er\u0151n k\u00edv\u00fcl ment\u00e1lisan is kem\u00e9nynek kell lenned, \u00e9s nem szabad hagynod, hogy a v\u00e1ratlan k\u00f6r\u00fclm\u00e9nyek megingassanak. Rem\u00e9lem, hogy \u00f6sszhangba tudom majd hozni ezt a k\u00e9t dolgot, \u00e9s siker\u00fcl el\u00e9rnem a c\u00e9ljaimat ebben a szezonban.&#8221;<\/em><\/p>\n<p>Ak\u00e1r j\u00f3l \u00e1llnak majd a csillagok, ak\u00e1r nem, mindig \u00f6r\u00f6m \u0151t n\u00e9zni, mi pedig izgatottan v\u00e1rjuk, mit hoz majd ebben a szezonban!<\/p>\n<h2><strong>Charlotte Kool &#8211; DSM csapat<\/strong><\/h2>\n<p>Mivel Wiebes m\u00e1r nem tagja a DSM csapat\u00e1nak, most Koolon a sor, hogy t\u00fcnd\u00f6k\u00f6lj\u00f6n. A 23 \u00e9ves versenyz\u0151 megnyerte az UAE Tour Women 1. \u00e9s 4. sprint szakasz\u00e1t (maga m\u00f6g\u00e9 szor\u00edtva Wiebes-t), ezzel pedig megszerezte a sprintereknek j\u00e1r\u00f3 trik\u00f3t. Annak ellen\u00e9re, hogy mire k\u00e9pes a ker\u00e9kp\u00e1ron, nem ez a sport volt a holland n\u0151 els\u0151 szerelme.<\/p>\n<p>https:\/\/www.instagram.com\/p\/CqFrLp5Mka4\/<\/p>\n<p>Ink\u00e1bb a k\u00e9t peng\u00e9t r\u00e9szes\u00edtette el\u0151nyben a k\u00e9t ker\u00e9kkel szemben, ugyanis magas szint\u0171 gyorskorcsoly\u00e1z\u00f3k\u00e9nt versenyzett. Miut\u00e1n azonban csatlakozott egy helyi ker\u00e9kp\u00e1ros klubhoz, ahol nyaranta edzett, id\u0151nk\u00e9nt benevezett n\u00e9h\u00e1ny versenyre, aminek hat\u00e1s\u00e1ra gyorsan beleszeretett a kih\u00edv\u00e1sok eme \u00faj fajt\u00e1j\u00e1ba. <em>&#8220;\u00c9letem legjobb d\u00f6nt\u00e9se&#8221;<\/em> \u2013 \u00edgy hivatkozott a v\u00e1lt\u00e1sra. Val\u00f3ban j\u00f3l d\u00f6nt\u00f6tt, mi pedig alig v\u00e1rjuk azt a rengeteg akci\u00f3t, amit az egykori csapatt\u00e1rs\u00e1val, Wiebes-szel folytatott k\u00fczdelem fog mag\u00e1val hozni. L\u00e1ssuk, hogy a DSM csapata a cs\u00facsig tudja-e rep\u00edteni Koolt.<\/p>\n<h2><strong>Ashleigh Moolman Pasio &#8211; AG Insurance-Soudal-Quick-Step<\/strong><\/h2>\n<p>Ez lesz Moolman-Pasio \u00e9ve? Egy pillanatra elhitette vel\u00fcnk, hogy visszavonul, most viszont \u00fagy t\u0171nik, a d\u00e9l-afrikai versenyz\u0151 er\u0151sebb, mint valaha.<\/p>\n<p><em>&#8220;Biztos voltam benne, hogy az idei szezon ut\u00e1n visszavonulok&#8221; <\/em>&#8211; mondta.<em> &#8220;Ezt be is jelentettem a vil\u00e1gnak, de fokozatosan er\u0151s\u00f6d\u00f6tt bennem a gondolat, hogy folytatni akarom. Az eddigi egyik legjobb szezonon vagyok t\u00fal. M\u00e9g 36 \u00e9vesen is minden \u00e9vben fejl\u0151d\u00f6m. Jobb form\u00e1ban vagyok, mint valaha, sz\u00f3val itt vagyok.&#8221;<\/em><\/p>\n<p>Az SD Worxn\u00e1l t\u00f6lt\u00f6tt id\u0151szaka ut\u00e1n Moolman-Pasio az \u00faj csapatn\u00e1l a tavalyi szezonban t\u00f6bb mint egy tucat top 10-es helyez\u00e9st \u00e9rt el, \u00e9s egy \u00f6sszetett gy\u0151zelmet is aratott a Tour de Romandie F\u00e9minin. Az idei szezonban pedig m\u00e1sodik lett a spanyolorsz\u00e1gi Setmana Ciclista-Volta Comunitat Valenciana F\u00e8mines-en. Teh\u00e1t nyugodtan kijelenthetj\u00fck, hogy ez az \u00faj fel\u00e1ll\u00e1s j\u00f3t tett neki. L\u00e1ssuk, mit siker\u00fcl m\u00e9g el\u00e9rnie csapata egy\u00e9rtelm\u0171 vezet\u0151jek\u00e9nt.<\/p>\n<h2><strong>Elisa Balsamo &#8211; Trek-Segafredo<\/strong><\/h2>\n<p>Elisa Balsamo akkor keltett el\u0151sz\u00f6r hull\u00e1mokat a ker\u00e9kp\u00e1ros vil\u00e1gban, mikor Leuvenben Marianne Vost megel\u0151zve megnyerte a 2021-es orsz\u00e1g\u00fati vil\u00e1gbajnoks\u00e1got. Az\u00f3ta pedig egyik leny\u0171g\u00f6z\u0151 teljes\u00edtm\u00e9nyt hozza a m\u00e1sik ut\u00e1n. Az idei szezont is er\u0151sen kezdte \u00e9s a Setmana Ciclista &#8211; Volta Comunitat Valenciana F\u00e8mines-en, az \u00e9v els\u0151 versenynapj\u00e1n megszerezte a gy\u0151zelmet. Ezut\u00e1n k\u00e9t nap alatt k\u00e9t tov\u00e1bbi gy\u0151zelmet aratott, \u00e9s megadta a csapat\u00e1nak azt a t\u00f6k\u00e9letes c\u00e9lba \u00e9r\u00e9st, amire mindig is v\u00e1gytak.<\/p>\n<p>A v\u00e9gs\u0151 sprintbefut\u00f3 sz\u00e1rnyseg\u00e9dj\u00e9vel, Ilaria Sanguinetivel az oldal\u00e1n k\u00e9ts\u00e9gtelen\u00fcl sz\u00e1molni kell vele az eg\u00e9sz szezonban.<\/p>\n<p>Az eddig eml\u00edtetteken t\u00fal val\u00f3j\u00e1ban rengeteg m\u00e1s versenyz\u0151 is m\u00e9lt\u00f3 a figyelemre, az olyan szt\u00e1rokt\u00f3l kezdve, mint Annemiek van Vlueten \u00e9s Marianne Vos, az olyan er\u0151s versenyz\u0151kig, mint Elisa Longo Borghini, Liane Lippert \u00e9s Demi Vollering. Ez a szezon bizony m\u00e9g sok mindent tartogat a sz\u00e1munkra. \u00c9s n\u00e9h\u00e1ny meglepet\u00e9sre is sz\u00e1m\u00edtunk!<\/p>\n","protected":false},"excerpt":{"rendered":"<p>A 2023-as versenyszezon m\u00e1r jav\u00e1ban zajlik. A P\u00e1rizs-Roubaix is itt liheg a nyakunkban, azt\u00e1n ott van m\u00e9g a t\u00f6bbi szakaszverseny. [&hellip;]<\/p>\n","protected":false},"author":71,"featured_media":17196,"comment_status":"open","ping_status":"open","sticky":false,"template":"","format":"standard","meta":{"footnotes":""},"categories":[8],"tags":[],"global-categories":[],"class_list":["post-17195","post","type-post","status-publish","format-standard","has-post-thumbnail","hentry","category-orszaguti-kerekpar"],"yoast_head":"<!-- This site is optimized with the Yoast SEO Premium plugin v25.3 (Yoast SEO v25.9) - https:\/\/yoast.com\/wordpress\/plugins\/seo\/ -->\n<title>Figyelemrem\u00e9lt\u00f3 bring\u00e1sok: N\u0151i orsz\u00e1g\u00fati ker\u00e9kp\u00e1ros kiad\u00e1s<\/title>\n<meta name=\"description\" content=\"A 2023-as versenyszezon m\u00e1r jav\u00e1ban zajlik. A P\u00e1rizs-Roubaix is itt liheg a nyakunkban, azt\u00e1n ott van m\u00e9g a t\u00f6bbi szakaszverseny. Az izgalom, amit \u00e9rzel, az\u00e9rt van, mert a n\u0151i mez\u0151ny igencsak vadul ind\u00edtotta a 2023-as \u00e9vet. Rengeteg akci\u00f3ra \u00e9s izgalmas rivaliz\u00e1l\u00e1sra sz\u00e1m\u00edthatunk m\u00e9g a fiatal versenyz\u0151kt\u0151l.\" \/>\n<meta name=\"robots\" content=\"index, follow, max-snippet:-1, max-image-preview:large, max-video-preview:-1\" \/>\n<link rel=\"canonical\" href=\"https:\/\/www.welovecycling.com\/hu\/orszaguti-kerekpar\/figyelemremelto-bringasok-noi-orszaguti-kerekparos-kiadas\/\" \/>\n<meta property=\"og:locale\" content=\"hu_HU\" \/>\n<meta property=\"og:type\" content=\"article\" \/>\n<meta property=\"og:title\" content=\"Figyelemrem\u00e9lt\u00f3 bring\u00e1sok: N\u0151i orsz\u00e1g\u00fati ker\u00e9kp\u00e1ros kiad\u00e1s\" \/>\n<meta property=\"og:description\" content=\"A 2023-as versenyszezon m\u00e1r jav\u00e1ban zajlik. A P\u00e1rizs-Roubaix is itt liheg a nyakunkban, azt\u00e1n ott van m\u00e9g a t\u00f6bbi szakaszverseny. Az izgalom, amit \u00e9rzel, az\u00e9rt van, mert a n\u0151i mez\u0151ny igencsak vadul ind\u00edtotta a 2023-as \u00e9vet. Rengeteg akci\u00f3ra \u00e9s izgalmas rivaliz\u00e1l\u00e1sra sz\u00e1m\u00edthatunk m\u00e9g a fiatal versenyz\u0151kt\u0151l.\" \/>\n<meta property=\"og:url\" content=\"https:\/\/www.welovecycling.com\/hu\/orszaguti-kerekpar\/figyelemremelto-bringasok-noi-orszaguti-kerekparos-kiadas\/\" \/>\n<meta property=\"og:site_name\" content=\"\u0160koda We Love Cycling - Magyarorsz\u00e1g\" \/>\n<meta property=\"article:publisher\" content=\"https:\/\/www.facebook.com\/WeLoveCyclingHungary\/\" \/>\n<meta property=\"article:published_time\" content=\"2023-04-04T06:00:41+00:00\" \/>\n<meta property=\"og:image\" content=\"https:\/\/d2p6e6u75xmxt8.cloudfront.net\/12\/2023\/03\/Women-Cycling-Brugge-De-Panne-profimedia-0764706411-CVR.webp\" \/>\n\t<meta property=\"og:image:width\" content=\"990\" \/>\n\t<meta property=\"og:image:height\" content=\"660\" \/>\n\t<meta property=\"og:image:type\" content=\"image\/webp\" \/>\n<meta name=\"author\" content=\"hegyizs\" \/>\n<meta name=\"twitter:card\" content=\"summary_large_image\" \/>\n<meta name=\"twitter:label1\" content=\"Written by\" \/>\n\t<meta name=\"twitter:data1\" content=\"Megan Flottorp\" \/>\n\t<meta name=\"twitter:label2\" content=\"Est. reading time\" \/>\n\t<meta name=\"twitter:data2\" content=\"5\" \/>\n<script type=\"application\/ld+json\" class=\"yoast-schema-graph\">{\"@context\":\"https:\/\/schema.org\",\"@graph\":[{\"@type\":\"WebPage\",\"@id\":\"https:\/\/www.welovecycling.com\/hu\/orszaguti-kerekpar\/figyelemremelto-bringasok-noi-orszaguti-kerekparos-kiadas\/\",\"url\":\"https:\/\/www.welovecycling.com\/hu\/orszaguti-kerekpar\/figyelemremelto-bringasok-noi-orszaguti-kerekparos-kiadas\/\",\"name\":\"Figyelemrem\u00e9lt\u00f3 bring\u00e1sok: N\u0151i orsz\u00e1g\u00fati ker\u00e9kp\u00e1ros kiad\u00e1s\",\"isPartOf\":{\"@id\":\"https:\/\/www.welovecycling.com\/hu\/#website\"},\"primaryImageOfPage\":{\"@id\":\"https:\/\/www.welovecycling.com\/hu\/orszaguti-kerekpar\/figyelemremelto-bringasok-noi-orszaguti-kerekparos-kiadas\/#primaryimage\"},\"image\":{\"@id\":\"https:\/\/www.welovecycling.com\/hu\/orszaguti-kerekpar\/figyelemremelto-bringasok-noi-orszaguti-kerekparos-kiadas\/#primaryimage\"},\"thumbnailUrl\":\"https:\/\/d2p6e6u75xmxt8.cloudfront.net\/12\/2023\/03\/Women-Cycling-Brugge-De-Panne-profimedia-0764706411-CVR.webp\",\"datePublished\":\"2023-04-04T06:00:41+00:00\",\"author\":{\"@id\":\"https:\/\/www.welovecycling.com\/hu\/#\/schema\/person\/414a2aebf1801691a5320edb6468e194\"},\"description\":\"A 2023-as versenyszezon m\u00e1r jav\u00e1ban zajlik. A P\u00e1rizs-Roubaix is itt liheg a nyakunkban, azt\u00e1n ott van m\u00e9g a t\u00f6bbi szakaszverseny. Az izgalom, amit \u00e9rzel, az\u00e9rt van, mert a n\u0151i mez\u0151ny igencsak vadul ind\u00edtotta a 2023-as \u00e9vet. Rengeteg akci\u00f3ra \u00e9s izgalmas rivaliz\u00e1l\u00e1sra sz\u00e1m\u00edthatunk m\u00e9g a fiatal versenyz\u0151kt\u0151l.\",\"breadcrumb\":{\"@id\":\"https:\/\/www.welovecycling.com\/hu\/orszaguti-kerekpar\/figyelemremelto-bringasok-noi-orszaguti-kerekparos-kiadas\/#breadcrumb\"},\"inLanguage\":\"hu\",\"potentialAction\":[{\"@type\":\"ReadAction\",\"target\":[\"https:\/\/www.welovecycling.com\/hu\/orszaguti-kerekpar\/figyelemremelto-bringasok-noi-orszaguti-kerekparos-kiadas\/\"]}]},{\"@type\":\"ImageObject\",\"inLanguage\":\"hu\",\"@id\":\"https:\/\/www.welovecycling.com\/hu\/orszaguti-kerekpar\/figyelemremelto-bringasok-noi-orszaguti-kerekparos-kiadas\/#primaryimage\",\"url\":\"https:\/\/d2p6e6u75xmxt8.cloudfront.net\/12\/2023\/03\/Women-Cycling-Brugge-De-Panne-profimedia-0764706411-CVR.webp\",\"contentUrl\":\"https:\/\/d2p6e6u75xmxt8.cloudfront.net\/12\/2023\/03\/Women-Cycling-Brugge-De-Panne-profimedia-0764706411-CVR.webp\",\"width\":990,\"height\":660,\"caption\":\"Women Racing\"},{\"@type\":\"BreadcrumbList\",\"@id\":\"https:\/\/www.welovecycling.com\/hu\/orszaguti-kerekpar\/figyelemremelto-bringasok-noi-orszaguti-kerekparos-kiadas\/#breadcrumb\",\"itemListElement\":[{\"@type\":\"ListItem\",\"position\":1,\"name\":\"Home\",\"item\":\"https:\/\/www.welovecycling.com\/hu\/\"},{\"@type\":\"ListItem\",\"position\":2,\"name\":\"Figyelemrem\u00e9lt\u00f3 bring\u00e1sok: N\u0151i orsz\u00e1g\u00fati ker\u00e9kp\u00e1ros kiad\u00e1s\"}]},{\"@type\":\"WebSite\",\"@id\":\"https:\/\/www.welovecycling.com\/hu\/#website\",\"url\":\"https:\/\/www.welovecycling.com\/hu\/\",\"name\":\"\u0160koda We Love Cycling - Magyarorsz\u00e1g\",\"description\":\"\u0160koda WeLoveCycling\",\"potentialAction\":[{\"@type\":\"SearchAction\",\"target\":{\"@type\":\"EntryPoint\",\"urlTemplate\":\"https:\/\/www.welovecycling.com\/hu\/?s={search_term_string}\"},\"query-input\":{\"@type\":\"PropertyValueSpecification\",\"valueRequired\":true,\"valueName\":\"search_term_string\"}}],\"inLanguage\":\"hu\"},{\"@type\":\"Person\",\"@id\":\"https:\/\/www.welovecycling.com\/hu\/#\/schema\/person\/414a2aebf1801691a5320edb6468e194\",\"name\":\"hegyizs\",\"image\":{\"@type\":\"ImageObject\",\"inLanguage\":\"hu\",\"@id\":\"https:\/\/www.welovecycling.com\/hu\/#\/schema\/person\/image\/\",\"url\":\"https:\/\/secure.gravatar.com\/avatar\/02cf8a7906b8cf90cecb4679defac7cfd33a1c2e3b88e4903d947f3bb58eedd3?s=96&d=mm&r=g\",\"contentUrl\":\"https:\/\/secure.gravatar.com\/avatar\/02cf8a7906b8cf90cecb4679defac7cfd33a1c2e3b88e4903d947f3bb58eedd3?s=96&d=mm&r=g\",\"caption\":\"hegyizs\"},\"url\":\"https:\/\/www.welovecycling.com\/hu\/author\/hegyizs\/\"}]}<\/script>\n<!-- \/ Yoast SEO Premium plugin. -->","yoast_head_json":{"title":"Figyelemrem\u00e9lt\u00f3 bring\u00e1sok: N\u0151i orsz\u00e1g\u00fati ker\u00e9kp\u00e1ros kiad\u00e1s","description":"A 2023-as versenyszezon m\u00e1r jav\u00e1ban zajlik. A P\u00e1rizs-Roubaix is itt liheg a nyakunkban, azt\u00e1n ott van m\u00e9g a t\u00f6bbi szakaszverseny. Az izgalom, amit \u00e9rzel, az\u00e9rt van, mert a n\u0151i mez\u0151ny igencsak vadul ind\u00edtotta a 2023-as \u00e9vet. Rengeteg akci\u00f3ra \u00e9s izgalmas rivaliz\u00e1l\u00e1sra sz\u00e1m\u00edthatunk m\u00e9g a fiatal versenyz\u0151kt\u0151l.","robots":{"index":"index","follow":"follow","max-snippet":"max-snippet:-1","max-image-preview":"max-image-preview:large","max-video-preview":"max-video-preview:-1"},"canonical":"https:\/\/www.welovecycling.com\/hu\/orszaguti-kerekpar\/figyelemremelto-bringasok-noi-orszaguti-kerekparos-kiadas\/","og_locale":"hu_HU","og_type":"article","og_title":"Figyelemrem\u00e9lt\u00f3 bring\u00e1sok: N\u0151i orsz\u00e1g\u00fati ker\u00e9kp\u00e1ros kiad\u00e1s","og_description":"A 2023-as versenyszezon m\u00e1r jav\u00e1ban zajlik. A P\u00e1rizs-Roubaix is itt liheg a nyakunkban, azt\u00e1n ott van m\u00e9g a t\u00f6bbi szakaszverseny. Az izgalom, amit \u00e9rzel, az\u00e9rt van, mert a n\u0151i mez\u0151ny igencsak vadul ind\u00edtotta a 2023-as \u00e9vet. Rengeteg akci\u00f3ra \u00e9s izgalmas rivaliz\u00e1l\u00e1sra sz\u00e1m\u00edthatunk m\u00e9g a fiatal versenyz\u0151kt\u0151l.","og_url":"https:\/\/www.welovecycling.com\/hu\/orszaguti-kerekpar\/figyelemremelto-bringasok-noi-orszaguti-kerekparos-kiadas\/","og_site_name":"\u0160koda We Love Cycling - Magyarorsz\u00e1g","article_publisher":"https:\/\/www.facebook.com\/WeLoveCyclingHungary\/","article_published_time":"2023-04-04T06:00:41+00:00","og_image":[{"width":990,"height":660,"url":"https:\/\/d2p6e6u75xmxt8.cloudfront.net\/12\/2023\/03\/Women-Cycling-Brugge-De-Panne-profimedia-0764706411-CVR.webp","type":"image\/webp"}],"author":"hegyizs","twitter_card":"summary_large_image","twitter_misc":{"Written by":"Megan Flottorp","Est. reading time":"5"},"schema":{"@context":"https:\/\/schema.org","@graph":[{"@type":"WebPage","@id":"https:\/\/www.welovecycling.com\/hu\/orszaguti-kerekpar\/figyelemremelto-bringasok-noi-orszaguti-kerekparos-kiadas\/","url":"https:\/\/www.welovecycling.com\/hu\/orszaguti-kerekpar\/figyelemremelto-bringasok-noi-orszaguti-kerekparos-kiadas\/","name":"Figyelemrem\u00e9lt\u00f3 bring\u00e1sok: N\u0151i orsz\u00e1g\u00fati ker\u00e9kp\u00e1ros kiad\u00e1s","isPartOf":{"@id":"https:\/\/www.welovecycling.com\/hu\/#website"},"primaryImageOfPage":{"@id":"https:\/\/www.welovecycling.com\/hu\/orszaguti-kerekpar\/figyelemremelto-bringasok-noi-orszaguti-kerekparos-kiadas\/#primaryimage"},"image":{"@id":"https:\/\/www.welovecycling.com\/hu\/orszaguti-kerekpar\/figyelemremelto-bringasok-noi-orszaguti-kerekparos-kiadas\/#primaryimage"},"thumbnailUrl":"https:\/\/d2p6e6u75xmxt8.cloudfront.net\/12\/2023\/03\/Women-Cycling-Brugge-De-Panne-profimedia-0764706411-CVR.webp","datePublished":"2023-04-04T06:00:41+00:00","author":{"@id":"https:\/\/www.welovecycling.com\/hu\/#\/schema\/person\/414a2aebf1801691a5320edb6468e194"},"description":"A 2023-as versenyszezon m\u00e1r jav\u00e1ban zajlik. A P\u00e1rizs-Roubaix is itt liheg a nyakunkban, azt\u00e1n ott van m\u00e9g a t\u00f6bbi szakaszverseny. Az izgalom, amit \u00e9rzel, az\u00e9rt van, mert a n\u0151i mez\u0151ny igencsak vadul ind\u00edtotta a 2023-as \u00e9vet. Rengeteg akci\u00f3ra \u00e9s izgalmas rivaliz\u00e1l\u00e1sra sz\u00e1m\u00edthatunk m\u00e9g a fiatal versenyz\u0151kt\u0151l.","breadcrumb":{"@id":"https:\/\/www.welovecycling.com\/hu\/orszaguti-kerekpar\/figyelemremelto-bringasok-noi-orszaguti-kerekparos-kiadas\/#breadcrumb"},"inLanguage":"hu","potentialAction":[{"@type":"ReadAction","target":["https:\/\/www.welovecycling.com\/hu\/orszaguti-kerekpar\/figyelemremelto-bringasok-noi-orszaguti-kerekparos-kiadas\/"]}]},{"@type":"ImageObject","inLanguage":"hu","@id":"https:\/\/www.welovecycling.com\/hu\/orszaguti-kerekpar\/figyelemremelto-bringasok-noi-orszaguti-kerekparos-kiadas\/#primaryimage","url":"https:\/\/d2p6e6u75xmxt8.cloudfront.net\/12\/2023\/03\/Women-Cycling-Brugge-De-Panne-profimedia-0764706411-CVR.webp","contentUrl":"https:\/\/d2p6e6u75xmxt8.cloudfront.net\/12\/2023\/03\/Women-Cycling-Brugge-De-Panne-profimedia-0764706411-CVR.webp","width":990,"height":660,"caption":"Women Racing"},{"@type":"BreadcrumbList","@id":"https:\/\/www.welovecycling.com\/hu\/orszaguti-kerekpar\/figyelemremelto-bringasok-noi-orszaguti-kerekparos-kiadas\/#breadcrumb","itemListElement":[{"@type":"ListItem","position":1,"name":"Home","item":"https:\/\/www.welovecycling.com\/hu\/"},{"@type":"ListItem","position":2,"name":"Figyelemrem\u00e9lt\u00f3 bring\u00e1sok: N\u0151i orsz\u00e1g\u00fati ker\u00e9kp\u00e1ros kiad\u00e1s"}]},{"@type":"WebSite","@id":"https:\/\/www.welovecycling.com\/hu\/#website","url":"https:\/\/www.welovecycling.com\/hu\/","name":"\u0160koda We Love Cycling - Magyarorsz\u00e1g","description":"\u0160koda WeLoveCycling","potentialAction":[{"@type":"SearchAction","target":{"@type":"EntryPoint","urlTemplate":"https:\/\/www.welovecycling.com\/hu\/?s={search_term_string}"},"query-input":{"@type":"PropertyValueSpecification","valueRequired":true,"valueName":"search_term_string"}}],"inLanguage":"hu"},{"@type":"Person","@id":"https:\/\/www.welovecycling.com\/hu\/#\/schema\/person\/414a2aebf1801691a5320edb6468e194","name":"hegyizs","image":{"@type":"ImageObject","inLanguage":"hu","@id":"https:\/\/www.welovecycling.com\/hu\/#\/schema\/person\/image\/","url":"https:\/\/secure.gravatar.com\/avatar\/02cf8a7906b8cf90cecb4679defac7cfd33a1c2e3b88e4903d947f3bb58eedd3?s=96&d=mm&r=g","contentUrl":"https:\/\/secure.gravatar.com\/avatar\/02cf8a7906b8cf90cecb4679defac7cfd33a1c2e3b88e4903d947f3bb58eedd3?s=96&d=mm&r=g","caption":"hegyizs"},"url":"https:\/\/www.welovecycling.com\/hu\/author\/hegyizs\/"}]}},"_links":{"self":[{"href":"https:\/\/www.welovecycling.com\/hu\/wp-json\/wp\/v2\/posts\/17195","targetHints":{"allow":["GET"]}}],"collection":[{"href":"https:\/\/www.welovecycling.com\/hu\/wp-json\/wp\/v2\/posts"}],"about":[{"href":"https:\/\/www.welovecycling.com\/hu\/wp-json\/wp\/v2\/types\/post"}],"author":[{"embeddable":true,"href":"https:\/\/www.welovecycling.com\/hu\/wp-json\/wp\/v2\/users\/71"}],"replies":[{"embeddable":true,"href":"https:\/\/www.welovecycling.com\/hu\/wp-json\/wp\/v2\/comments?post=17195"}],"version-history":[{"count":1,"href":"https:\/\/www.welovecycling.com\/hu\/wp-json\/wp\/v2\/posts\/17195\/revisions"}],"predecessor-version":[{"id":17197,"href":"https:\/\/www.welovecycling.com\/hu\/wp-json\/wp\/v2\/posts\/17195\/revisions\/17197"}],"wp:featuredmedia":[{"embeddable":true,"href":"https:\/\/www.welovecycling.com\/hu\/wp-json\/wp\/v2\/media\/17196"}],"wp:attachment":[{"href":"https:\/\/www.welovecycling.com\/hu\/wp-json\/wp\/v2\/media?parent=17195"}],"wp:term":[{"taxonomy":"category","embeddable":true,"href":"https:\/\/www.welovecycling.com\/hu\/wp-json\/wp\/v2\/categories?post=17195"},{"taxonomy":"post_tag","embeddable":true,"href":"https:\/\/www.welovecycling.com\/hu\/wp-json\/wp\/v2\/tags?post=17195"},{"taxonomy":"global-categories","embeddable":true,"href":"https:\/\/www.welovecycling.com\/hu\/wp-json\/wp\/v2\/global-categories?post=17195"}],"curies":[{"name":"wp","href":"https:\/\/api.w.org\/{rel}","templated":true}]}}