{"id":17182,"date":"2023-04-03T08:00:33","date_gmt":"2023-04-03T06:00:33","guid":{"rendered":"https:\/\/www.welovecycling.com\/hu\/?p=17182"},"modified":"2023-03-31T16:07:43","modified_gmt":"2023-03-31T14:07:43","slug":"mit-tud-az-ai-a-kerekparozasrol","status":"publish","type":"post","link":"https:\/\/www.welovecycling.com\/hu\/kozosseg-es-kultura\/mit-tud-az-ai-a-kerekparozasrol\/","title":{"rendered":"Mit tud az AI a ker\u00e9kp\u00e1roz\u00e1sr\u00f3l?"},"content":{"rendered":"<p><strong>A mesters\u00e9ges intelligencia lassan, de biztosan \u00e1tveszi az uralmat a vil\u00e1g felett. Egy kis id\u0151 m\u00e9g \u00e9s az \u00e1rtatlan chatbotok \u00e9s k\u00e9pgener\u00e1torok hal\u00e1los termin\u00e1torokk\u00e1 v\u00e1lnak. Azonban, am\u00edg ez nem t\u00f6rt\u00e9nik meg, \u00e9lvezhetj\u00fck azt a rengeteg el\u0151nyt, amit az AI ny\u00fajtani tud. De vajon t\u00e9nyleg sz\u00fcks\u00e9g\u00fcnk van a mesters\u00e9ges intelligenci\u00e1ra az \u00e9let\u00fcnk minden ter\u00fclet\u00e9n? Elm\u00e9letileg seg\u00edthet a munk\u00e1ban, hogy produkt\u00edvabb legy\u00e9l. \u00c9n is tettem egy pr\u00f3b\u00e1t ennek a cikknek a meg\u00edr\u00e1sa sor\u00e1n. Az eredm\u00e9ny l\u00e1tt\u00e1n az volt az els\u0151 gondolatom, hogy a kitart\u00e1s biztos nem hi\u00e1nyzik az AI-b\u00f3l. V\u00e9gig k\u00fczd\u00f6tt \u00e9s nem volt hajland\u00f3 elismerni, hogy kudarcot vallhat a ker\u00e9kp\u00e1roz\u00e1s t\u00e9m\u00e1j\u00e1t illet\u0151en. Pedig ez sokszor \u00edgy alakult. \u00cdme n\u00e9h\u00e1ny eset, amikor es\u00e9lyt adtam az AI-nak, de a mesters\u00e9ges intelligencia sz\u00e1nalmasan elbukott.<\/strong><\/p>\n<h2><!--more--><\/h2>\n<h2><strong>Besz\u00e9lget\u00e9s az AI-al<\/strong><\/h2>\n<p>Ugye milyen j\u00f3 \u00e9rz\u00e9s olyasvalakivel besz\u00e9lgetni, aki meg\u00e9rt t\u00e9ged \u00e9s j\u00f3 tan\u00e1csokkal tud ell\u00e1tni? Sajnos a mesters\u00e9ges intelligencia hat\u00e1rozottan nem tartozik az ilyen &#8220;emberek&#8221; k\u00f6z\u00e9. Igaz, adott n\u00e9h\u00e1ny j\u00f3 tippet arra vonatkoz\u00f3an, hogyan \u00e1ll\u00edtsam be a bring\u00e1mat, hogy az megfelel\u0151 legyen a kedvenc DH-p\u00e1ly\u00e1mra, \u00f6sszess\u00e9g\u00e9ben, min\u00e9l tov\u00e1bb besz\u00e9lgett\u00fcnk, ann\u00e1l nyilv\u00e1nval\u00f3bb\u00e1 v\u00e1lt, hogy az AI-nak fogalma sincs arr\u00f3l, mir\u0151l besz\u00e9l. \u00d6sszegy\u0171jt\u00f6ttem n\u00e9h\u00e1nyat a legjobb v\u00e1laszai k\u00f6z\u00fcl:<\/p>\n<p><em>&#8220;Az elhaszn\u00e1l\u00f3dott mountain bike abroncsok bizonyos t\u00edpus\u00fa terepeken jobban teljes\u00edtenek, k\u00fcl\u00f6n\u00f6sen, ha a b\u00fctyk\u00f6k elkoptak, \u00e9s kisebb g\u00f6rd\u00fcl\u00e9si ellen\u00e1ll\u00e1ssal ny\u00fajtanak tapad\u00e1st, mint egy vadonat\u00faj abroncs&#8221;.<\/em><\/p>\n<p>Sz\u00f3val az elhaszn\u00e1l\u00f3dott gumik j\u00f6hetnek? Szuper.<\/p>\n<p><em>&#8220;Gondolt\u00e1l m\u00e1r arra, hogy meztelen\u00fcl ker\u00e9kp\u00e1rozz?&#8221;<\/em><\/p>\n<p>Val\u00f3j\u00e1ban igen, de azt hiszem, ennek nem mindenki \u00f6r\u00fclne.<\/p>\n<p><em>&#8220;Hogy melegen tartsd a l\u00e1baidat egy hideg t\u00fara sor\u00e1n, csomagold be \u0151ket egy m\u0171anyag zacsk\u00f3ba.&#8221;<\/em><\/p>\n<p>P\u00e1coljam is be \u0151ket, \u00e9s tegyem be egy \u00f3r\u00e1ra a 200\u00b0C-os s\u00fct\u0151be? Biztos finom p\u00f6rk\u00f6lt lenne bel\u0151le.<\/p>\n<p><em>&#8220;Hogy jav\u00edtsd az egyens\u00falyodat, biciklizz egy k\u00f6nyvvel a fejeden.&#8221;<\/em><\/p>\n<p>Sz\u00f3val, ha a H\u00e1bor\u00fa \u00e9s b\u00e9ke egy p\u00e9ld\u00e1ny\u00e1val indulok \u00fatnak, az fel\u00e9r egy s\u00falyz\u00f3s edz\u00e9ssel is.<\/p>\n<p><em>&#8220;Ha csukott szemmel ker\u00e9kp\u00e1rozol, javulhat a sebess\u00e9ged.&#8221;<\/em><\/p>\n<p>\u00cdgy is 35,28 km\/\u00f3ra a rekordom. Ehhez felesleges csukott szemmel tekernem, hogy lez\u00fagjak egy szikl\u00e1r\u00f3l. Bocsi AI, nem \u00e9rtek egyet.<\/p>\n<p><em>&#8220;A l\u00e9gellen\u00e1ll\u00e1s cs\u00f6kkent\u00e9se \u00e9rdek\u00e9ben ny\u00fajtsd ki oldalra a karjaidat, mintha sz\u00e1rnyaid lenn\u00e9nek.&#8221;<\/em><\/p>\n<p>Biztos vagyok benne, hogy a fizika nem \u00edgy m\u0171k\u00f6dik. B\u00e1r, ha nekim\u00e9sz egy f\u00e1nak, jelent\u0151sen cs\u00f6kken a l\u00e9gellen\u00e1ll\u00e1sod. Sz\u00f3val lehet, hogy ez m\u00e9gis j\u00f3 \u00f6tlet.<\/p>\n<p><em>&#8220;Egy hegyi szakasz imit\u00e1l\u00e1s\u00e1hoz tegy\u00e9l t\u00e9gl\u00e1kat a h\u00e1tizs\u00e1kodba.&#8221;<\/em><\/p>\n<p>A k\u00f6nyv a fejemen nem el\u00e9g? V\u00e1laszthatok egy vastagabb k\u00f6tetet is, mint amilyen p\u00e9ld\u00e1ul az \u0150si napf\u00e9ny kr\u00f3nik\u00e1ja.<\/p>\n<p><em>&#8220;Az ellensz\u00e9l ellen\u0151rz\u00e9se v\u00e9gett utazz egy krumplival a zsebedben.&#8221;<\/em><\/p>\n<p>\u00c9n&#8230; \u00f6\u00f6\u00f6&#8230; Pr\u00f3b\u00e1lta m\u00e1r ezt valaki? Tal\u00e1n t\u00e9nyleg m\u0171k\u00f6dik. Nem tudom biztosan.<\/p>\n<h2><strong>Hogyan k\u00e9pzeli el az AI a ker\u00e9kp\u00e1roz\u00e1st<\/strong><\/h2>\n<p>A chatbot val\u00f3j\u00e1ban eg\u00e9sz j\u00f3l m\u0171k\u00f6dik, felt\u00e9ve, ha nem pr\u00f3b\u00e1lod meg minden\u00e1ron \u00f6sszezavarni. Amikor azonban k\u00e9pekr\u0151l van sz\u00f3&#8230; H\u00e1t, ink\u00e1bb n\u00e9zd meg magad.<\/p>\n<h4><strong>&#8220;Egy ker\u00e9kp\u00e1r rep\u00fcl\u00e9s k\u00f6zben&#8221;<\/strong><\/h4>\n<p>Ebben az esetben nem is v\u00e9gzett olyan rossz munk\u00e1t.<\/p>\n<p><a href=\"https:\/\/d2p6e6u75xmxt8.cloudfront.net\/12\/2023\/03\/AI-1.webp\"><img loading=\"lazy\" decoding=\"async\" class=\"alignnone wp-image-17183 \" src=\"https:\/\/d2p6e6u75xmxt8.cloudfront.net\/12\/2023\/03\/AI-1.webp\" alt=\"A bike in flight\" width=\"896\" height=\"896\" srcset=\"https:\/\/d2p6e6u75xmxt8.cloudfront.net\/12\/2023\/03\/AI-1.webp 384w, https:\/\/d2p6e6u75xmxt8.cloudfront.net\/12\/2023\/03\/AI-1-300x300.webp 300w, https:\/\/d2p6e6u75xmxt8.cloudfront.net\/12\/2023\/03\/AI-1-150x150.webp 150w\" sizes=\"auto, (max-width: 896px) 100vw, 896px\" \/><\/a><\/p>\n<p>V\u00e1ltoztassunk egy kicsit a megfogalmaz\u00e1son:<\/p>\n<h4><strong>&#8220;MTB rep\u00fcl\u00e9s k\u00f6zben&#8221;<\/strong><\/h4>\n<p><a href=\"https:\/\/d2p6e6u75xmxt8.cloudfront.net\/12\/2023\/03\/AI-2.webp\"><img loading=\"lazy\" decoding=\"async\" class=\"alignnone size-full wp-image-17184\" src=\"https:\/\/d2p6e6u75xmxt8.cloudfront.net\/12\/2023\/03\/AI-2.webp\" alt=\"AI picture\" width=\"904\" height=\"902\" srcset=\"https:\/\/d2p6e6u75xmxt8.cloudfront.net\/12\/2023\/03\/AI-2.webp 904w, https:\/\/d2p6e6u75xmxt8.cloudfront.net\/12\/2023\/03\/AI-2-300x300.webp 300w, https:\/\/d2p6e6u75xmxt8.cloudfront.net\/12\/2023\/03\/AI-2-150x150.webp 150w, https:\/\/d2p6e6u75xmxt8.cloudfront.net\/12\/2023\/03\/AI-2-768x766.webp 768w, https:\/\/d2p6e6u75xmxt8.cloudfront.net\/12\/2023\/03\/AI-2-400x400.webp 400w\" sizes=\"auto, (max-width: 904px) 100vw, 904px\" \/><\/a><\/p>\n<p>Ez egy j\u00f3slat arr\u00f3l, hogyan fognak kin\u00e9zni a ker\u00e9kp\u00e1rok 2300-ban? Nem igaz\u00e1n l\u00e1tom a hegyi ker\u00e9kp\u00e1ros r\u00e9szt, de nem \u00e9n vagyok az, akinek krist\u00e1lyg\u00f6mbje van.<\/p>\n<h4><strong>&#8220;Egy fot\u00f3 egy MTB ker\u00e9kp\u00e1rosr\u00f3l, aki \u00e9ppen egy ugrat\u00e1st hajt v\u00e9gre&#8221;<\/strong><\/h4>\n<p style=\"font-weight: 400;\"><a href=\"https:\/\/d2p6e6u75xmxt8.cloudfront.net\/12\/2023\/03\/AI-3.webp\"><img loading=\"lazy\" decoding=\"async\" class=\"alignnone size-full wp-image-17185\" src=\"https:\/\/d2p6e6u75xmxt8.cloudfront.net\/12\/2023\/03\/AI-3.webp\" alt=\"AI MTB picture\" width=\"904\" height=\"902\" srcset=\"https:\/\/d2p6e6u75xmxt8.cloudfront.net\/12\/2023\/03\/AI-3.webp 904w, https:\/\/d2p6e6u75xmxt8.cloudfront.net\/12\/2023\/03\/AI-3-300x300.webp 300w, https:\/\/d2p6e6u75xmxt8.cloudfront.net\/12\/2023\/03\/AI-3-150x150.webp 150w, https:\/\/d2p6e6u75xmxt8.cloudfront.net\/12\/2023\/03\/AI-3-768x766.webp 768w, https:\/\/d2p6e6u75xmxt8.cloudfront.net\/12\/2023\/03\/AI-3-400x400.webp 400w\" sizes=\"auto, (max-width: 904px) 100vw, 904px\" \/><\/a><\/p>\n<p>Ez el\u00e9g k\u00f6zel van, b\u00e1r szerintem valami baj van a bring\u00e1s jobb karj\u00e1val. A ker\u00e9kp\u00e1rt eln\u00e9zve pedig, azt hiszem, valamivel kor\u00e1bban hatalmas baleset t\u00f6rt\u00e9nhetett az \u00f6sv\u00e9nyen.<\/p>\n<p>Itt van m\u00e9g n\u00e9h\u00e1ny tov\u00e1bbi gy\u00f6ngyszem is:<\/p>\n<h4><strong>&#8220;K\u00e9z n\u00e9lk\u00fcli ker\u00e9kp\u00e1roz\u00e1s&#8221;<\/strong><\/h4>\n<p><a href=\"https:\/\/d2p6e6u75xmxt8.cloudfront.net\/12\/2023\/03\/AI-4.webp\"><img loading=\"lazy\" decoding=\"async\" class=\"alignnone size-full wp-image-17186\" src=\"https:\/\/d2p6e6u75xmxt8.cloudfront.net\/12\/2023\/03\/AI-4.webp\" alt=\"AI picture\" width=\"904\" height=\"902\" srcset=\"https:\/\/d2p6e6u75xmxt8.cloudfront.net\/12\/2023\/03\/AI-4.webp 904w, https:\/\/d2p6e6u75xmxt8.cloudfront.net\/12\/2023\/03\/AI-4-300x300.webp 300w, https:\/\/d2p6e6u75xmxt8.cloudfront.net\/12\/2023\/03\/AI-4-150x150.webp 150w, https:\/\/d2p6e6u75xmxt8.cloudfront.net\/12\/2023\/03\/AI-4-768x766.webp 768w, https:\/\/d2p6e6u75xmxt8.cloudfront.net\/12\/2023\/03\/AI-4-400x400.webp 400w\" sizes=\"auto, (max-width: 904px) 100vw, 904px\" \/><\/a><\/p>\n<p>Nem pont k\u00e9z n\u00e9lk\u00fcl, de majdnem.<\/p>\n<h4><strong>&#8220;Ker\u00e9kp\u00e1roz\u00f3 l\u00e1ny a v\u00e1rosban&#8221;<\/strong><\/h4>\n<p><a href=\"https:\/\/d2p6e6u75xmxt8.cloudfront.net\/12\/2023\/03\/AI-5.webp\"><img loading=\"lazy\" decoding=\"async\" class=\"alignnone size-full wp-image-17187\" src=\"https:\/\/d2p6e6u75xmxt8.cloudfront.net\/12\/2023\/03\/AI-5.webp\" alt=\"AI picture\" width=\"904\" height=\"902\" srcset=\"https:\/\/d2p6e6u75xmxt8.cloudfront.net\/12\/2023\/03\/AI-5.webp 904w, https:\/\/d2p6e6u75xmxt8.cloudfront.net\/12\/2023\/03\/AI-5-300x300.webp 300w, https:\/\/d2p6e6u75xmxt8.cloudfront.net\/12\/2023\/03\/AI-5-150x150.webp 150w, https:\/\/d2p6e6u75xmxt8.cloudfront.net\/12\/2023\/03\/AI-5-768x766.webp 768w, https:\/\/d2p6e6u75xmxt8.cloudfront.net\/12\/2023\/03\/AI-5-400x400.webp 400w\" sizes=\"auto, (max-width: 904px) 100vw, 904px\" \/><\/a><\/p>\n<p>Ez\u00fattal legal\u00e1bb a bicikli rendben van. A l\u00e1ny m\u00e1r nem annyira. Tal\u00e1n a smink miatt.<\/p>\n<h4><strong>&#8220;A Tour de France v\u00e9gs\u0151 sprintje&#8221;<\/strong><\/h4>\n<p><a href=\"https:\/\/d2p6e6u75xmxt8.cloudfront.net\/12\/2023\/03\/AI-6.webp\"><img loading=\"lazy\" decoding=\"async\" class=\"alignnone size-full wp-image-17188\" src=\"https:\/\/d2p6e6u75xmxt8.cloudfront.net\/12\/2023\/03\/AI-6.webp\" alt=\"AI picture of Tour de France\" width=\"904\" height=\"902\" srcset=\"https:\/\/d2p6e6u75xmxt8.cloudfront.net\/12\/2023\/03\/AI-6.webp 904w, https:\/\/d2p6e6u75xmxt8.cloudfront.net\/12\/2023\/03\/AI-6-300x300.webp 300w, https:\/\/d2p6e6u75xmxt8.cloudfront.net\/12\/2023\/03\/AI-6-150x150.webp 150w, https:\/\/d2p6e6u75xmxt8.cloudfront.net\/12\/2023\/03\/AI-6-768x766.webp 768w, https:\/\/d2p6e6u75xmxt8.cloudfront.net\/12\/2023\/03\/AI-6-400x400.webp 400w\" sizes=\"auto, (max-width: 904px) 100vw, 904px\" \/><\/a><\/p>\n<p>Pontosan \u00edgy k\u00e9pzeln\u00e9m el a Tour de France-t, ha a Last of Us zombijai \u00fagy d\u00f6nten\u00e9nek, hogy nem az emberek meg\u00f6l\u00e9se lesz az egyetlen hobbijuk.<\/p>\n<h4><strong>&#8220;Tadej Poga\u010dar megnyeri a Tour de France-t&#8221;<\/strong><\/h4>\n<h4 style=\"font-weight: 400;\"><a href=\"https:\/\/d2p6e6u75xmxt8.cloudfront.net\/12\/2023\/03\/AI-7.webp\"><img loading=\"lazy\" decoding=\"async\" class=\"alignnone size-full wp-image-17189\" src=\"https:\/\/d2p6e6u75xmxt8.cloudfront.net\/12\/2023\/03\/AI-7.webp\" alt=\"AI picture of Tadej Poga\u010dar\" width=\"904\" height=\"902\" srcset=\"https:\/\/d2p6e6u75xmxt8.cloudfront.net\/12\/2023\/03\/AI-7.webp 904w, https:\/\/d2p6e6u75xmxt8.cloudfront.net\/12\/2023\/03\/AI-7-300x300.webp 300w, https:\/\/d2p6e6u75xmxt8.cloudfront.net\/12\/2023\/03\/AI-7-150x150.webp 150w, https:\/\/d2p6e6u75xmxt8.cloudfront.net\/12\/2023\/03\/AI-7-768x766.webp 768w, https:\/\/d2p6e6u75xmxt8.cloudfront.net\/12\/2023\/03\/AI-7-400x400.webp 400w\" sizes=\"auto, (max-width: 904px) 100vw, 904px\" \/><\/a><\/h4>\n<p>Ha \u0151 a gy\u0151ztes, k\u00e9pzeld el, hogy n\u00e9zhet ki a mez\u0151ny t\u00f6bbi tagja.<\/p>\n<p>\u00c9s a kedvencem:<\/p>\n<h4><strong>&#8220;K\u00e9sz\u00edts egy k\u00e9pet egy falra akasztott, teljes felf\u00fcggeszt\u00e9s\u0171, 29\u2033-es gumikkal ell\u00e1tott MTB-r\u0151l.&#8221;<\/strong><\/h4>\n<p><a href=\"https:\/\/d2p6e6u75xmxt8.cloudfront.net\/12\/2023\/03\/AI-8.webp\"><img loading=\"lazy\" decoding=\"async\" class=\"alignnone size-full wp-image-17190\" src=\"https:\/\/d2p6e6u75xmxt8.cloudfront.net\/12\/2023\/03\/AI-8.webp\" alt=\"AI picture of MTB\" width=\"904\" height=\"902\" srcset=\"https:\/\/d2p6e6u75xmxt8.cloudfront.net\/12\/2023\/03\/AI-8.webp 904w, https:\/\/d2p6e6u75xmxt8.cloudfront.net\/12\/2023\/03\/AI-8-300x300.webp 300w, https:\/\/d2p6e6u75xmxt8.cloudfront.net\/12\/2023\/03\/AI-8-150x150.webp 150w, https:\/\/d2p6e6u75xmxt8.cloudfront.net\/12\/2023\/03\/AI-8-768x766.webp 768w, https:\/\/d2p6e6u75xmxt8.cloudfront.net\/12\/2023\/03\/AI-8-400x400.webp 400w\" sizes=\"auto, (max-width: 904px) 100vw, 904px\" \/><\/a><\/p>\n<p>Rem\u00e9lhet\u0151leg Scott mer\u00edt n\u00e9mi inspir\u00e1ci\u00f3t ebb\u0151l a kiemelked\u0151 m\u00e9rn\u00f6ki remekm\u0171b\u0151l.<\/p>\n<h2><strong>&#8220;V\u00e9gezet\u00fcl, AI, k\u00e9rlek, rajzold le Greg Lemondot Picasso st\u00edlus\u00e1ban&#8221;<\/strong><\/h2>\n<p><a href=\"https:\/\/d2p6e6u75xmxt8.cloudfront.net\/12\/2023\/03\/AI-9.webp\"><img loading=\"lazy\" decoding=\"async\" class=\"alignnone size-full wp-image-17191\" src=\"https:\/\/d2p6e6u75xmxt8.cloudfront.net\/12\/2023\/03\/AI-9.webp\" alt=\"AI picture of Greg Lemond\" width=\"904\" height=\"902\" srcset=\"https:\/\/d2p6e6u75xmxt8.cloudfront.net\/12\/2023\/03\/AI-9.webp 904w, https:\/\/d2p6e6u75xmxt8.cloudfront.net\/12\/2023\/03\/AI-9-300x300.webp 300w, https:\/\/d2p6e6u75xmxt8.cloudfront.net\/12\/2023\/03\/AI-9-150x150.webp 150w, https:\/\/d2p6e6u75xmxt8.cloudfront.net\/12\/2023\/03\/AI-9-768x766.webp 768w, https:\/\/d2p6e6u75xmxt8.cloudfront.net\/12\/2023\/03\/AI-9-400x400.webp 400w\" sizes=\"auto, (max-width: 904px) 100vw, 904px\" \/><\/a><\/p>\n<p>Egy biztos, az AI-al j\u00f3l lehet sz\u00f3rakozni.<\/p>\n","protected":false},"excerpt":{"rendered":"<p>A mesters\u00e9ges intelligencia lassan, de biztosan \u00e1tveszi az uralmat a vil\u00e1g felett. Egy kis id\u0151 m\u00e9g \u00e9s az \u00e1rtatlan chatbotok [&hellip;]<\/p>\n","protected":false},"author":71,"featured_media":17193,"comment_status":"open","ping_status":"open","sticky":false,"template":"","format":"standard","meta":{"footnotes":""},"categories":[12],"tags":[],"global-categories":[],"class_list":["post-17182","post","type-post","status-publish","format-standard","has-post-thumbnail","hentry","category-kozosseg-es-kultura"],"yoast_head":"<!-- This site is optimized with the Yoast SEO Premium plugin v25.3 (Yoast SEO v25.9) - https:\/\/yoast.com\/wordpress\/plugins\/seo\/ -->\n<title>Mit tud az AI a ker\u00e9kp\u00e1roz\u00e1sr\u00f3l?<\/title>\n<meta name=\"description\" content=\"A mesters\u00e9ges intelligencia lassan, de biztosan \u00e1tveszi az uralmat a vil\u00e1g felett. Egy kis id\u0151 m\u00e9g \u00e9s az \u00e1rtatlan chatbotok \u00e9s k\u00e9pgener\u00e1torok hal\u00e1los termin\u00e1torokk\u00e1 v\u00e1lnak. Azonban, am\u00edg ez nem t\u00f6rt\u00e9nik meg, \u00e9lvezhetj\u00fck azt a rengeteg el\u0151nyt, amit az AI ny\u00fajtani tud.\" \/>\n<meta name=\"robots\" content=\"index, follow, max-snippet:-1, max-image-preview:large, max-video-preview:-1\" \/>\n<link rel=\"canonical\" href=\"https:\/\/www.welovecycling.com\/hu\/kozosseg-es-kultura\/mit-tud-az-ai-a-kerekparozasrol\/\" \/>\n<meta property=\"og:locale\" content=\"hu_HU\" \/>\n<meta property=\"og:type\" content=\"article\" \/>\n<meta property=\"og:title\" content=\"Mit tud az AI a ker\u00e9kp\u00e1roz\u00e1sr\u00f3l?\" \/>\n<meta property=\"og:description\" content=\"A mesters\u00e9ges intelligencia lassan, de biztosan \u00e1tveszi az uralmat a vil\u00e1g felett. Egy kis id\u0151 m\u00e9g \u00e9s az \u00e1rtatlan chatbotok \u00e9s k\u00e9pgener\u00e1torok hal\u00e1los termin\u00e1torokk\u00e1 v\u00e1lnak. Azonban, am\u00edg ez nem t\u00f6rt\u00e9nik meg, \u00e9lvezhetj\u00fck azt a rengeteg el\u0151nyt, amit az AI ny\u00fajtani tud.\" \/>\n<meta property=\"og:url\" content=\"https:\/\/www.welovecycling.com\/hu\/kozosseg-es-kultura\/mit-tud-az-ai-a-kerekparozasrol\/\" \/>\n<meta property=\"og:site_name\" content=\"\u0160koda We Love Cycling - Magyarorsz\u00e1g\" \/>\n<meta property=\"article:publisher\" content=\"https:\/\/www.facebook.com\/WeLoveCyclingHungary\/\" \/>\n<meta property=\"article:published_time\" content=\"2023-04-03T06:00:33+00:00\" \/>\n<meta property=\"og:image\" content=\"https:\/\/d2p6e6u75xmxt8.cloudfront.net\/12\/2023\/03\/Greg-Le-Mond-AI.webp\" \/>\n\t<meta property=\"og:image:width\" content=\"904\" \/>\n\t<meta property=\"og:image:height\" content=\"902\" \/>\n\t<meta property=\"og:image:type\" content=\"image\/webp\" \/>\n<meta name=\"author\" content=\"hegyizs\" \/>\n<meta name=\"twitter:card\" content=\"summary_large_image\" \/>\n<meta name=\"twitter:label1\" content=\"Written by\" \/>\n\t<meta name=\"twitter:data1\" content=\"Martin Atanasov\" \/>\n\t<meta name=\"twitter:label2\" content=\"Est. reading time\" \/>\n\t<meta name=\"twitter:data2\" content=\"5\" \/>\n<script type=\"application\/ld+json\" class=\"yoast-schema-graph\">{\"@context\":\"https:\/\/schema.org\",\"@graph\":[{\"@type\":\"WebPage\",\"@id\":\"https:\/\/www.welovecycling.com\/hu\/kozosseg-es-kultura\/mit-tud-az-ai-a-kerekparozasrol\/\",\"url\":\"https:\/\/www.welovecycling.com\/hu\/kozosseg-es-kultura\/mit-tud-az-ai-a-kerekparozasrol\/\",\"name\":\"Mit tud az AI a ker\u00e9kp\u00e1roz\u00e1sr\u00f3l?\",\"isPartOf\":{\"@id\":\"https:\/\/www.welovecycling.com\/hu\/#website\"},\"primaryImageOfPage\":{\"@id\":\"https:\/\/www.welovecycling.com\/hu\/kozosseg-es-kultura\/mit-tud-az-ai-a-kerekparozasrol\/#primaryimage\"},\"image\":{\"@id\":\"https:\/\/www.welovecycling.com\/hu\/kozosseg-es-kultura\/mit-tud-az-ai-a-kerekparozasrol\/#primaryimage\"},\"thumbnailUrl\":\"https:\/\/d2p6e6u75xmxt8.cloudfront.net\/12\/2023\/03\/Greg-Le-Mond-AI.webp\",\"datePublished\":\"2023-04-03T06:00:33+00:00\",\"author\":{\"@id\":\"https:\/\/www.welovecycling.com\/hu\/#\/schema\/person\/414a2aebf1801691a5320edb6468e194\"},\"description\":\"A mesters\u00e9ges intelligencia lassan, de biztosan \u00e1tveszi az uralmat a vil\u00e1g felett. Egy kis id\u0151 m\u00e9g \u00e9s az \u00e1rtatlan chatbotok \u00e9s k\u00e9pgener\u00e1torok hal\u00e1los termin\u00e1torokk\u00e1 v\u00e1lnak. Azonban, am\u00edg ez nem t\u00f6rt\u00e9nik meg, \u00e9lvezhetj\u00fck azt a rengeteg el\u0151nyt, amit az AI ny\u00fajtani tud.\",\"breadcrumb\":{\"@id\":\"https:\/\/www.welovecycling.com\/hu\/kozosseg-es-kultura\/mit-tud-az-ai-a-kerekparozasrol\/#breadcrumb\"},\"inLanguage\":\"hu\",\"potentialAction\":[{\"@type\":\"ReadAction\",\"target\":[\"https:\/\/www.welovecycling.com\/hu\/kozosseg-es-kultura\/mit-tud-az-ai-a-kerekparozasrol\/\"]}]},{\"@type\":\"ImageObject\",\"inLanguage\":\"hu\",\"@id\":\"https:\/\/www.welovecycling.com\/hu\/kozosseg-es-kultura\/mit-tud-az-ai-a-kerekparozasrol\/#primaryimage\",\"url\":\"https:\/\/d2p6e6u75xmxt8.cloudfront.net\/12\/2023\/03\/Greg-Le-Mond-AI.webp\",\"contentUrl\":\"https:\/\/d2p6e6u75xmxt8.cloudfront.net\/12\/2023\/03\/Greg-Le-Mond-AI.webp\",\"width\":904,\"height\":902,\"caption\":\"Greg LeMond\"},{\"@type\":\"BreadcrumbList\",\"@id\":\"https:\/\/www.welovecycling.com\/hu\/kozosseg-es-kultura\/mit-tud-az-ai-a-kerekparozasrol\/#breadcrumb\",\"itemListElement\":[{\"@type\":\"ListItem\",\"position\":1,\"name\":\"Home\",\"item\":\"https:\/\/www.welovecycling.com\/hu\/\"},{\"@type\":\"ListItem\",\"position\":2,\"name\":\"Mit tud az AI a ker\u00e9kp\u00e1roz\u00e1sr\u00f3l?\"}]},{\"@type\":\"WebSite\",\"@id\":\"https:\/\/www.welovecycling.com\/hu\/#website\",\"url\":\"https:\/\/www.welovecycling.com\/hu\/\",\"name\":\"\u0160koda We Love Cycling - Magyarorsz\u00e1g\",\"description\":\"\u0160koda WeLoveCycling\",\"potentialAction\":[{\"@type\":\"SearchAction\",\"target\":{\"@type\":\"EntryPoint\",\"urlTemplate\":\"https:\/\/www.welovecycling.com\/hu\/?s={search_term_string}\"},\"query-input\":{\"@type\":\"PropertyValueSpecification\",\"valueRequired\":true,\"valueName\":\"search_term_string\"}}],\"inLanguage\":\"hu\"},{\"@type\":\"Person\",\"@id\":\"https:\/\/www.welovecycling.com\/hu\/#\/schema\/person\/414a2aebf1801691a5320edb6468e194\",\"name\":\"hegyizs\",\"image\":{\"@type\":\"ImageObject\",\"inLanguage\":\"hu\",\"@id\":\"https:\/\/www.welovecycling.com\/hu\/#\/schema\/person\/image\/\",\"url\":\"https:\/\/secure.gravatar.com\/avatar\/02cf8a7906b8cf90cecb4679defac7cfd33a1c2e3b88e4903d947f3bb58eedd3?s=96&d=mm&r=g\",\"contentUrl\":\"https:\/\/secure.gravatar.com\/avatar\/02cf8a7906b8cf90cecb4679defac7cfd33a1c2e3b88e4903d947f3bb58eedd3?s=96&d=mm&r=g\",\"caption\":\"hegyizs\"},\"url\":\"https:\/\/www.welovecycling.com\/hu\/author\/hegyizs\/\"}]}<\/script>\n<!-- \/ Yoast SEO Premium plugin. -->","yoast_head_json":{"title":"Mit tud az AI a ker\u00e9kp\u00e1roz\u00e1sr\u00f3l?","description":"A mesters\u00e9ges intelligencia lassan, de biztosan \u00e1tveszi az uralmat a vil\u00e1g felett. Egy kis id\u0151 m\u00e9g \u00e9s az \u00e1rtatlan chatbotok \u00e9s k\u00e9pgener\u00e1torok hal\u00e1los termin\u00e1torokk\u00e1 v\u00e1lnak. Azonban, am\u00edg ez nem t\u00f6rt\u00e9nik meg, \u00e9lvezhetj\u00fck azt a rengeteg el\u0151nyt, amit az AI ny\u00fajtani tud.","robots":{"index":"index","follow":"follow","max-snippet":"max-snippet:-1","max-image-preview":"max-image-preview:large","max-video-preview":"max-video-preview:-1"},"canonical":"https:\/\/www.welovecycling.com\/hu\/kozosseg-es-kultura\/mit-tud-az-ai-a-kerekparozasrol\/","og_locale":"hu_HU","og_type":"article","og_title":"Mit tud az AI a ker\u00e9kp\u00e1roz\u00e1sr\u00f3l?","og_description":"A mesters\u00e9ges intelligencia lassan, de biztosan \u00e1tveszi az uralmat a vil\u00e1g felett. Egy kis id\u0151 m\u00e9g \u00e9s az \u00e1rtatlan chatbotok \u00e9s k\u00e9pgener\u00e1torok hal\u00e1los termin\u00e1torokk\u00e1 v\u00e1lnak. Azonban, am\u00edg ez nem t\u00f6rt\u00e9nik meg, \u00e9lvezhetj\u00fck azt a rengeteg el\u0151nyt, amit az AI ny\u00fajtani tud.","og_url":"https:\/\/www.welovecycling.com\/hu\/kozosseg-es-kultura\/mit-tud-az-ai-a-kerekparozasrol\/","og_site_name":"\u0160koda We Love Cycling - Magyarorsz\u00e1g","article_publisher":"https:\/\/www.facebook.com\/WeLoveCyclingHungary\/","article_published_time":"2023-04-03T06:00:33+00:00","og_image":[{"width":904,"height":902,"url":"https:\/\/d2p6e6u75xmxt8.cloudfront.net\/12\/2023\/03\/Greg-Le-Mond-AI.webp","type":"image\/webp"}],"author":"hegyizs","twitter_card":"summary_large_image","twitter_misc":{"Written by":"Martin Atanasov","Est. reading time":"5"},"schema":{"@context":"https:\/\/schema.org","@graph":[{"@type":"WebPage","@id":"https:\/\/www.welovecycling.com\/hu\/kozosseg-es-kultura\/mit-tud-az-ai-a-kerekparozasrol\/","url":"https:\/\/www.welovecycling.com\/hu\/kozosseg-es-kultura\/mit-tud-az-ai-a-kerekparozasrol\/","name":"Mit tud az AI a ker\u00e9kp\u00e1roz\u00e1sr\u00f3l?","isPartOf":{"@id":"https:\/\/www.welovecycling.com\/hu\/#website"},"primaryImageOfPage":{"@id":"https:\/\/www.welovecycling.com\/hu\/kozosseg-es-kultura\/mit-tud-az-ai-a-kerekparozasrol\/#primaryimage"},"image":{"@id":"https:\/\/www.welovecycling.com\/hu\/kozosseg-es-kultura\/mit-tud-az-ai-a-kerekparozasrol\/#primaryimage"},"thumbnailUrl":"https:\/\/d2p6e6u75xmxt8.cloudfront.net\/12\/2023\/03\/Greg-Le-Mond-AI.webp","datePublished":"2023-04-03T06:00:33+00:00","author":{"@id":"https:\/\/www.welovecycling.com\/hu\/#\/schema\/person\/414a2aebf1801691a5320edb6468e194"},"description":"A mesters\u00e9ges intelligencia lassan, de biztosan \u00e1tveszi az uralmat a vil\u00e1g felett. Egy kis id\u0151 m\u00e9g \u00e9s az \u00e1rtatlan chatbotok \u00e9s k\u00e9pgener\u00e1torok hal\u00e1los termin\u00e1torokk\u00e1 v\u00e1lnak. Azonban, am\u00edg ez nem t\u00f6rt\u00e9nik meg, \u00e9lvezhetj\u00fck azt a rengeteg el\u0151nyt, amit az AI ny\u00fajtani tud.","breadcrumb":{"@id":"https:\/\/www.welovecycling.com\/hu\/kozosseg-es-kultura\/mit-tud-az-ai-a-kerekparozasrol\/#breadcrumb"},"inLanguage":"hu","potentialAction":[{"@type":"ReadAction","target":["https:\/\/www.welovecycling.com\/hu\/kozosseg-es-kultura\/mit-tud-az-ai-a-kerekparozasrol\/"]}]},{"@type":"ImageObject","inLanguage":"hu","@id":"https:\/\/www.welovecycling.com\/hu\/kozosseg-es-kultura\/mit-tud-az-ai-a-kerekparozasrol\/#primaryimage","url":"https:\/\/d2p6e6u75xmxt8.cloudfront.net\/12\/2023\/03\/Greg-Le-Mond-AI.webp","contentUrl":"https:\/\/d2p6e6u75xmxt8.cloudfront.net\/12\/2023\/03\/Greg-Le-Mond-AI.webp","width":904,"height":902,"caption":"Greg LeMond"},{"@type":"BreadcrumbList","@id":"https:\/\/www.welovecycling.com\/hu\/kozosseg-es-kultura\/mit-tud-az-ai-a-kerekparozasrol\/#breadcrumb","itemListElement":[{"@type":"ListItem","position":1,"name":"Home","item":"https:\/\/www.welovecycling.com\/hu\/"},{"@type":"ListItem","position":2,"name":"Mit tud az AI a ker\u00e9kp\u00e1roz\u00e1sr\u00f3l?"}]},{"@type":"WebSite","@id":"https:\/\/www.welovecycling.com\/hu\/#website","url":"https:\/\/www.welovecycling.com\/hu\/","name":"\u0160koda We Love Cycling - Magyarorsz\u00e1g","description":"\u0160koda WeLoveCycling","potentialAction":[{"@type":"SearchAction","target":{"@type":"EntryPoint","urlTemplate":"https:\/\/www.welovecycling.com\/hu\/?s={search_term_string}"},"query-input":{"@type":"PropertyValueSpecification","valueRequired":true,"valueName":"search_term_string"}}],"inLanguage":"hu"},{"@type":"Person","@id":"https:\/\/www.welovecycling.com\/hu\/#\/schema\/person\/414a2aebf1801691a5320edb6468e194","name":"hegyizs","image":{"@type":"ImageObject","inLanguage":"hu","@id":"https:\/\/www.welovecycling.com\/hu\/#\/schema\/person\/image\/","url":"https:\/\/secure.gravatar.com\/avatar\/02cf8a7906b8cf90cecb4679defac7cfd33a1c2e3b88e4903d947f3bb58eedd3?s=96&d=mm&r=g","contentUrl":"https:\/\/secure.gravatar.com\/avatar\/02cf8a7906b8cf90cecb4679defac7cfd33a1c2e3b88e4903d947f3bb58eedd3?s=96&d=mm&r=g","caption":"hegyizs"},"url":"https:\/\/www.welovecycling.com\/hu\/author\/hegyizs\/"}]}},"_links":{"self":[{"href":"https:\/\/www.welovecycling.com\/hu\/wp-json\/wp\/v2\/posts\/17182","targetHints":{"allow":["GET"]}}],"collection":[{"href":"https:\/\/www.welovecycling.com\/hu\/wp-json\/wp\/v2\/posts"}],"about":[{"href":"https:\/\/www.welovecycling.com\/hu\/wp-json\/wp\/v2\/types\/post"}],"author":[{"embeddable":true,"href":"https:\/\/www.welovecycling.com\/hu\/wp-json\/wp\/v2\/users\/71"}],"replies":[{"embeddable":true,"href":"https:\/\/www.welovecycling.com\/hu\/wp-json\/wp\/v2\/comments?post=17182"}],"version-history":[{"count":2,"href":"https:\/\/www.welovecycling.com\/hu\/wp-json\/wp\/v2\/posts\/17182\/revisions"}],"predecessor-version":[{"id":17194,"href":"https:\/\/www.welovecycling.com\/hu\/wp-json\/wp\/v2\/posts\/17182\/revisions\/17194"}],"wp:featuredmedia":[{"embeddable":true,"href":"https:\/\/www.welovecycling.com\/hu\/wp-json\/wp\/v2\/media\/17193"}],"wp:attachment":[{"href":"https:\/\/www.welovecycling.com\/hu\/wp-json\/wp\/v2\/media?parent=17182"}],"wp:term":[{"taxonomy":"category","embeddable":true,"href":"https:\/\/www.welovecycling.com\/hu\/wp-json\/wp\/v2\/categories?post=17182"},{"taxonomy":"post_tag","embeddable":true,"href":"https:\/\/www.welovecycling.com\/hu\/wp-json\/wp\/v2\/tags?post=17182"},{"taxonomy":"global-categories","embeddable":true,"href":"https:\/\/www.welovecycling.com\/hu\/wp-json\/wp\/v2\/global-categories?post=17182"}],"curies":[{"name":"wp","href":"https:\/\/api.w.org\/{rel}","templated":true}]}}