{"id":1718,"date":"2018-09-10T10:10:37","date_gmt":"2018-09-10T10:10:37","guid":{"rendered":"https:\/\/www.welovecycling.com\/hu\/?p=1718"},"modified":"2018-09-04T13:34:37","modified_gmt":"2018-09-04T13:34:37","slug":"csapatsport","status":"publish","type":"post","link":"https:\/\/www.welovecycling.com\/hu\/kozosseg-es-kultura\/csapatsport\/","title":{"rendered":"Csapatsport k\u00e9t ker\u00e9ken"},"content":{"rendered":"<p><strong>Ahogy azt b\u00e1rmely csapatsport versenyz\u0151je j\u00f3l tudja, a csapatt\u00e1rsak k\u00f6zti kapcsolatok eg\u00e9szen egyed\u00fcl\u00e1ll\u00f3ak. Alapvet\u0151en a k\u00f6z\u00f6s bennetek az, hogy ugyanaz a sport a szenved\u00e9lyetek, de ezen k\u00edv\u00fcl nem biztos, hogy van m\u00e1s biztos pont a kapcsolatban, amibe ezekkel az emberekkel ker\u00fclsz, akikkel megosztod \u00e9leted egy fontos szelet\u00e9t. Eg\u00e9szen k\u00fcl\u00f6nb\u00f6z\u0151 t\u00edpus\u00fa szem\u00e9lyis\u00e9geknek kell egy\u00fcttm\u0171k\u00f6dn\u00f6d hossz\u00fa edz\u00e9sek, zajos sz\u00e1llod\u00e1kban t\u00f6lt\u00f6tt \u00e1lmatlan \u00e9jszak\u00e1k, elromlott l\u00e9gkondicion\u00e1l\u00f3val \u00e9s k\u00f6zleked\u00e9si dug\u00f3kkal s\u00falyosb\u00edtott v\u00e9gtelen utaz\u00e1ssal t\u00f6lt\u00f6tt napok sor\u00e1n. Azonban \u00e9letetek legizgalmasabb versenyein \u00e9s legintenz\u00edvebb \u00e9rzelmi hull\u00e1mvas\u00fatjain is egy\u00fctt mentek kereszt\u00fcl.<\/strong><\/p>\n<h2><!--more--><\/h2>\n<p>Az tud j\u00f3 csapatt\u00e1rs lenni, aki k\u00e9pes \u00e1ldozatot hozni a t\u00f6bbs\u00e9g siker\u00e9\u00e9rt, \u00e9s ez k\u00fcl\u00f6n\u00f6sen igaz a n\u0151i ker\u00e9kp\u00e1roz\u00e1s vil\u00e1g\u00e1ban. Sz\u00e1mos versenyen messze nem ide\u00e1lisak a k\u00f6r\u00fclm\u00e9nyek. Alacsonyabb a szponzori t\u00e1mogat\u00e1sok m\u00e9rt\u00e9ke, \u00e9s k\u00f6ny\u00f6rtelen az edz\u00e9sek \u00fctemez\u00e9se is. Ezeknek a n\u0151knek m\u00e9g a sport\u00e1gon bel\u00fcli egyenl\u0151tlens\u00e9ggel kapcsolatos d\u00fch\u00fcket is el kell nyomni, hogy a k\u00f6z\u00f6s munk\u00e1ra \u00e9s a sz\u00e1mukra legfontosabb sportra koncentr\u00e1ljanak. K\u00fcl\u00f6n\u00f6sen a fiatal ker\u00e9kp\u00e1rversenyz\u0151k eset\u00e9n jelenthet nehezen lek\u00fczdhet\u0151 akad\u00e1lyt a csapat m\u0171k\u00f6d\u00e9s\u00e9nek kiismer\u00e9se.\u00a0A <a href=\"http:\/\/www.maaslandsterladies.com\/\">Maaslandster Nemzetk\u00f6zi N\u0151i Ker\u00e9kp\u00e1ros Csapat<\/a> k\u00e9t versenyz\u0151j\u00e9vel besz\u00e9lgett\u00fcnk arr\u00f3l, mire van sz\u00fcks\u00e9g a csapatmunk\u00e1hoz.<\/p>\n<p><a href=\"https:\/\/d2p6e6u75xmxt8.cloudfront.net\/12\/2018\/09\/csapattarsi-viselkedes-01.jpg\"><img loading=\"lazy\" decoding=\"async\" class=\"alignnone wp-image-1719 size-full\" src=\"https:\/\/d2p6e6u75xmxt8.cloudfront.net\/12\/2018\/09\/csapattarsi-viselkedes-01.jpg\" alt=\"csapatsport we love cycling\" width=\"1299\" height=\"480\" srcset=\"https:\/\/d2p6e6u75xmxt8.cloudfront.net\/12\/2018\/09\/csapattarsi-viselkedes-01.jpg 1299w, https:\/\/d2p6e6u75xmxt8.cloudfront.net\/12\/2018\/09\/csapattarsi-viselkedes-01-300x111.jpg 300w, https:\/\/d2p6e6u75xmxt8.cloudfront.net\/12\/2018\/09\/csapattarsi-viselkedes-01-768x284.jpg 768w, https:\/\/d2p6e6u75xmxt8.cloudfront.net\/12\/2018\/09\/csapattarsi-viselkedes-01-1024x378.jpg 1024w\" sizes=\"auto, (max-width: 1299px) 100vw, 1299px\" \/><\/a><\/p>\n<h2>Al\u00e1zat kell a sikerhez<\/h2>\n<p>Amy Hill 23 \u00e9ves, \u00e9s lassan egy \u00e9vtizede professzion\u00e1lis versenyz\u0151. A legfontosabb szab\u00e1lyt m\u00e1r nagyon fiatalon megtanulta. \u00dagy fogalmazott,<\/p>\n<blockquote><p>\u201ek\u00e9szen kell \u00e1llnod arra, hogy a vezet\u0151 ker\u00e9kp\u00e1ros\u00e9rt b\u00e1rmit megtegy\u00e9l, gondolkod\u00e1s n\u00e9lk\u00fcl\u201d<\/p><\/blockquote>\n<p>Mivel az orsz\u00e1g\u00fati versenyz\u00e9s sor\u00e1n a legt\u00f6bb taktikai d\u00f6nt\u00e9s arra vonatkozik, hogy lehet a sz\u00e9l\u00e1rny\u00e9kot min\u00e9l jobban kihaszn\u00e1lni az eg\u00e9sz csapat \u00f6sszes\u00edtett sebess\u00e9g\u00e9nek n\u00f6vel\u00e9s\u00e9re, senki sem hajthat az egy\u00e9ni dics\u0151s\u00e9gre. A kommunik\u00e1ci\u00f3 szint\u00e9n kulcsfontoss\u00e1g\u00fa.<\/p>\n<p>Hill magyar\u00e1zata szerint,<\/p>\n<blockquote><p>\u201eha az \u00e9lre ker\u00fclsz, kiab\u00e1l\u00e1s n\u00e9lk\u00fcl kell tudnod kommunik\u00e1lni a csapatt\u00e1rsaiddal, mert \u0151k csak arra figyelnek, hogy t\u00e9ged seg\u00edtsenek&#8221;.<\/p><\/blockquote>\n<p>\u00c9s ahogy minden esetben, az aranyszab\u00e1ly itt is \u00e9rv\u00e9nyes:<\/p>\n<blockquote><p>\u201eazt veszed \u00e9szre, hogy ahogy te b\u00e1nsz a csapatt\u00e1rsaiddal, \u0151k is \u00fagy b\u00e1nnak veled\u201d<\/p><\/blockquote>\n<p>vallja be \u0151szint\u00e9n.<\/p>\n<h2>\u00d3ri\u00e1si ment\u00e1lis fegyelemre van sz\u00fcks\u00e9g<\/h2>\n<p>A kem\u00e9ny fizikai felk\u00e9sz\u00fcl\u00e9s mellett, az ilyen t\u00edpus\u00fa hib\u00e1tlan kommunik\u00e1ci\u00f3hoz komoly ment\u00e1lis er\u0151forr\u00e1sok is sz\u00fcks\u00e9gesek. Bronwyn MacGregor, a Maaslandster egy m\u00e1sik versenyz\u0151je a k\u00f6vetkez\u0151 fontos tan\u00e1csot emelte ki: \u201efejlesztened kell az agyi k\u00e9pess\u00e9geidet, hogy biztosan k\u00e9szen \u00e1llj azokra a hull\u00e1mhegyekre \u00e9s &#8211; v\u00f6lgyekre, amiket ebben a sport\u00e1gban nem lehet meg\u00faszni\u201d. A csapatt\u00e1rsaid nem fognak tudni sz\u00e1m\u00edtani r\u00e1d, ha minden bosszant\u00f3 t\u00e9nyez\u0151n hosszan agyalni fogsz.<\/p>\n<h2>A csapatt\u00e1rsnak nem kell a bar\u00e1todnak lennie<\/h2>\n<p>Ennek a folyamatnak az is r\u00e9sze, hogy elfogadd, nagy val\u00f3sz\u00edn\u0171s\u00e9ggel nem lesztek legjobb bar\u00e1tok minden csapatt\u00e1rsaddal. A kompromisszumk\u00e9szs\u00e9g nagyon fontos, \u00e9s el kell d\u00f6ntened, mir\u0151l \u00e9rdemes vitatkozni \u00e9s mir\u0151l nem. K\u00fcl\u00f6n\u00f6sen, ha olyan csapattagokkal vagy egy fed\u00e9l alatt, akikkel nehezen j\u00f6ssz ki. Hill magyar\u00e1zata szerint: \u201eM\u00e1r sok nehezen kezelhet\u0151 csapatt\u00e1rsam volt az \u00e9vek sor\u00e1n, \u00edgy r\u00e1j\u00f6ttem, hogy bizonyos helyzetekben jobb hallgatni\u201d. Hill elismeri, hogy mivel sok ker\u00e9kp\u00e1ros el\u0151sz\u00f6r ker\u00fcl t\u00e1vol a csal\u00e1dj\u00e1t\u00f3l, amikor egy csapat tagj\u00e1v\u00e1 v\u00e1lik, fontos, hogy meg\u00e9rt\u0151ek legy\u00fcnk: \u201emindenkit m\u00e1shogy, m\u00e1s szab\u00e1lyok szerint neveltek\u201d.<\/p>\n<h2>Fogadd el, hogy tan\u00edt\u00f3 \u00e9s tan\u00edtv\u00e1ny is lehetsz<\/h2>\n<p>MacGregor mag\u00e1t \u201eb\u00e9kefenntart\u00f3k\u00e9nt\u201d jellemzi a csapaton bel\u00fcl, \u00edgy arra h\u00edvta fel a figyelmet, hogy ez az \u00e1llapot azt is megviseli, aki mindenkinek igyekszik t\u00e1mogat\u00e1st adni. Ennek ellen\u00e9re fontos szerinte, hogy l\u00e9pj\u00fcnk t\u00fal m\u00e1sok puszta elvisel\u00e9s\u00e9n, hiszen ha egy csapat k\u00e9pes t\u00e9nyleg egys\u00e9gbe forrni, abb\u00f3l tud mindenki a legt\u00f6bbet tanulni. MacGregor elmes\u00e9lte, hogy egyszer egy csapattar\u00e1s\u00e1nak seg\u00edtett fejleszteni a hegymeneti teljes\u00edtm\u00e9ny\u00e9t, ami\u00e9rt cser\u00e9be hasznos tan\u00e1csokat kapott t\u0151le a sprintszakaszokra vonatkoz\u00f3an. Ez is azt mutatja meg, hogy egy csapaton bel\u00fcl mindenki seg\u00edt a m\u00e1siknak, hogy fejl\u0151dj\u00f6n &#8211; nem csak mint sportol\u00f3, hanem mint ember is.<\/p>\n<p><a href=\"https:\/\/d2p6e6u75xmxt8.cloudfront.net\/12\/2018\/09\/csapattarsi-viselkedes-02.jpg\"><img loading=\"lazy\" decoding=\"async\" class=\"alignnone wp-image-1720 size-full\" src=\"https:\/\/d2p6e6u75xmxt8.cloudfront.net\/12\/2018\/09\/csapattarsi-viselkedes-02.jpg\" alt=\"csapatsport we love cycling\" width=\"1800\" height=\"1197\" srcset=\"https:\/\/d2p6e6u75xmxt8.cloudfront.net\/12\/2018\/09\/csapattarsi-viselkedes-02.jpg 1800w, https:\/\/d2p6e6u75xmxt8.cloudfront.net\/12\/2018\/09\/csapattarsi-viselkedes-02-300x200.jpg 300w, https:\/\/d2p6e6u75xmxt8.cloudfront.net\/12\/2018\/09\/csapattarsi-viselkedes-02-768x511.jpg 768w, https:\/\/d2p6e6u75xmxt8.cloudfront.net\/12\/2018\/09\/csapattarsi-viselkedes-02-1024x681.jpg 1024w, https:\/\/d2p6e6u75xmxt8.cloudfront.net\/12\/2018\/09\/csapattarsi-viselkedes-02-272x182.jpg 272w\" sizes=\"auto, (max-width: 1800px) 100vw, 1800px\" \/><\/a><\/p>\n<p style=\"text-align: center;\"><span style=\"font-size: 10pt;\">\u00a9 Profimedia, Alamy<\/span><\/p>\n<h2>V\u00e9g\u00fclis meg\u00e9ri<\/h2>\n<p>Amikor arr\u00f3l k\u00e9rdezz\u00fck, seg\u00edtettek-e neki a csapatt\u00e1rsak jobb emberr\u00e9 v\u00e1lni, Hill v\u00e1lasza egy\u00e9rtelm\u0171 volt.<\/p>\n<blockquote><p>\u201eIgen, m\u00e9g azok is, akikkel nehezen j\u00f6ttem ki. Mindig seg\u00edt\u00fcnk egym\u00e1snak, \u00e9s megtanultam, hogy lehet kezelni a k\u00fcl\u00f6nb\u00f6z\u0151 szem\u00e9lyis\u00e9geket.&#8221;<\/p><\/blockquote>\n<p>MacGregor is helyeselt, \u00e9s elmondta, hogy a csapatsport legjobb r\u00e9sze az, hogy mindenki r\u00e9szes\u00fclhet a k\u00f6z\u00f6s eredm\u00e9nyekb\u0151l.<\/p>\n<blockquote><p>\u201eAz a legjobb, ha k\u00f6z\u00f6sen \u00e9r\u00fcnk el valamit, \u00e9s te is \u00e9rzed, hogy r\u00e9szed volt a sikerben. Sok remek bar\u00e1tot is szereztem, \u00e9s a csapattagokt\u00f3l olyan lehet\u0151s\u00e9geket kaptam, amiket m\u00e1shogy es\u00e9lyesem sem lett volna.\u201d<\/p><\/blockquote>\n<p>J\u00f3 hallani, hogy ezek a h\u00f6lgyek \u00edgy \u00f6ssze tudnak csiszol\u00f3dni. Hill frapp\u00e1ns \u00f6sszegz\u00e9se szerint: \u201eVan fejl\u0151d\u00e9s a n\u0151i ker\u00e9kp\u00e1roz\u00e1s meg\u00edt\u00e9l\u00e9s\u00e9ben, \u00e9s egyre javul az es\u00e9lyegyenl\u0151s\u00e9g is. Azt viszont minden n\u0151nek meg kell \u00e9rtenie, hogy b\u00e1r ez a v\u00e1ltoz\u00e1s nem lesz gyors, el fogjuk \u00e9rni, amit akarunk &#8211; sokan akarnak seg\u00edteni, \u00e9s sokan t\u00e1mogatnak minket csendesen.\u201d<\/p>\n","protected":false},"excerpt":{"rendered":"<p>Ahogy azt b\u00e1rmely csapatsport versenyz\u0151je j\u00f3l tudja, a csapatt\u00e1rsak k\u00f6zti kapcsolatok eg\u00e9szen egyed\u00fcl\u00e1ll\u00f3ak. Alapvet\u0151en a k\u00f6z\u00f6s bennetek az, hogy ugyanaz [&hellip;]<\/p>\n","protected":false},"author":71,"featured_media":1721,"comment_status":"open","ping_status":"open","sticky":false,"template":"","format":"standard","meta":{"footnotes":""},"categories":[12],"tags":[17,164,161,16,28,27,87,162,163],"global-categories":[],"class_list":["post-1718","post","type-post","status-publish","format-standard","has-post-thumbnail","hentry","category-kozosseg-es-kultura","tag-bicikli","tag-bronwyn-macgregor","tag-csapatsport","tag-kerekpar","tag-kerekpar-blog","tag-kerekpar-magazin","tag-kerekpar-verseny","tag-kerekparozas-csapatban","tag-profi-kerekparozas"],"yoast_head":"<!-- This site is optimized with the Yoast SEO Premium plugin v25.3 (Yoast SEO v25.9) - https:\/\/yoast.com\/wordpress\/plugins\/seo\/ -->\n<title>Csapatsport k\u00e9t ker\u00e9ken - \u0160koda We Love Cycling - Magyarorsz\u00e1g<\/title>\n<meta name=\"description\" content=\"Ahogy azt b\u00e1rmely csapatsport versenyz\u0151je j\u00f3l tudja, a csapatt\u00e1rsak k\u00f6zti kapcsolatok eg\u00e9szen egyed\u00fcl\u00e1ll\u00f3ak. De milyen a j\u00f3 csapatt\u00e1rsi viselked\u00e9s?\" \/>\n<meta name=\"robots\" content=\"index, follow, max-snippet:-1, max-image-preview:large, max-video-preview:-1\" \/>\n<link rel=\"canonical\" href=\"https:\/\/www.welovecycling.com\/hu\/kozosseg-es-kultura\/csapatsport\/\" \/>\n<meta property=\"og:locale\" content=\"hu_HU\" \/>\n<meta property=\"og:type\" content=\"article\" \/>\n<meta property=\"og:title\" content=\"Csapatsport k\u00e9t ker\u00e9ken\" \/>\n<meta property=\"og:description\" content=\"Ahogy azt b\u00e1rmely csapatsport versenyz\u0151je j\u00f3l tudja, a csapatt\u00e1rsak k\u00f6zti kapcsolatok eg\u00e9szen egyed\u00fcl\u00e1ll\u00f3ak. De milyen a j\u00f3 csapatt\u00e1rsi viselked\u00e9s?\" \/>\n<meta property=\"og:url\" content=\"https:\/\/www.welovecycling.com\/hu\/kozosseg-es-kultura\/csapatsport\/\" \/>\n<meta property=\"og:site_name\" content=\"\u0160koda We Love Cycling - Magyarorsz\u00e1g\" \/>\n<meta property=\"article:publisher\" content=\"https:\/\/www.facebook.com\/WeLoveCyclingHungary\/\" \/>\n<meta property=\"article:published_time\" content=\"2018-09-10T10:10:37+00:00\" \/>\n<meta property=\"og:image\" content=\"https:\/\/d2p6e6u75xmxt8.cloudfront.net\/12\/2018\/09\/csapatsport-3.jpg\" \/>\n\t<meta property=\"og:image:width\" content=\"1366\" \/>\n\t<meta property=\"og:image:height\" content=\"600\" \/>\n\t<meta property=\"og:image:type\" content=\"image\/jpeg\" \/>\n<meta name=\"author\" content=\"hegyizs\" \/>\n<meta name=\"twitter:card\" content=\"summary_large_image\" \/>\n<meta name=\"twitter:label1\" content=\"Written by\" \/>\n\t<meta name=\"twitter:data1\" content=\"hegyizs\" \/>\n\t<meta name=\"twitter:label2\" content=\"Est. reading time\" \/>\n\t<meta name=\"twitter:data2\" content=\"5 minutes\" \/>\n<script type=\"application\/ld+json\" class=\"yoast-schema-graph\">{\"@context\":\"https:\/\/schema.org\",\"@graph\":[{\"@type\":\"WebPage\",\"@id\":\"https:\/\/www.welovecycling.com\/hu\/kozosseg-es-kultura\/csapatsport\/\",\"url\":\"https:\/\/www.welovecycling.com\/hu\/kozosseg-es-kultura\/csapatsport\/\",\"name\":\"Csapatsport k\u00e9t ker\u00e9ken - \u0160koda We Love Cycling - Magyarorsz\u00e1g\",\"isPartOf\":{\"@id\":\"https:\/\/www.welovecycling.com\/hu\/#website\"},\"primaryImageOfPage\":{\"@id\":\"https:\/\/www.welovecycling.com\/hu\/kozosseg-es-kultura\/csapatsport\/#primaryimage\"},\"image\":{\"@id\":\"https:\/\/www.welovecycling.com\/hu\/kozosseg-es-kultura\/csapatsport\/#primaryimage\"},\"thumbnailUrl\":\"https:\/\/d2p6e6u75xmxt8.cloudfront.net\/12\/2018\/09\/csapatsport-3.jpg\",\"datePublished\":\"2018-09-10T10:10:37+00:00\",\"author\":{\"@id\":\"https:\/\/www.welovecycling.com\/hu\/#\/schema\/person\/414a2aebf1801691a5320edb6468e194\"},\"description\":\"Ahogy azt b\u00e1rmely csapatsport versenyz\u0151je j\u00f3l tudja, a csapatt\u00e1rsak k\u00f6zti kapcsolatok eg\u00e9szen egyed\u00fcl\u00e1ll\u00f3ak. De milyen a j\u00f3 csapatt\u00e1rsi viselked\u00e9s?\",\"breadcrumb\":{\"@id\":\"https:\/\/www.welovecycling.com\/hu\/kozosseg-es-kultura\/csapatsport\/#breadcrumb\"},\"inLanguage\":\"hu\",\"potentialAction\":[{\"@type\":\"ReadAction\",\"target\":[\"https:\/\/www.welovecycling.com\/hu\/kozosseg-es-kultura\/csapatsport\/\"]}]},{\"@type\":\"ImageObject\",\"inLanguage\":\"hu\",\"@id\":\"https:\/\/www.welovecycling.com\/hu\/kozosseg-es-kultura\/csapatsport\/#primaryimage\",\"url\":\"https:\/\/d2p6e6u75xmxt8.cloudfront.net\/12\/2018\/09\/csapatsport-3.jpg\",\"contentUrl\":\"https:\/\/d2p6e6u75xmxt8.cloudfront.net\/12\/2018\/09\/csapatsport-3.jpg\",\"width\":1366,\"height\":600},{\"@type\":\"BreadcrumbList\",\"@id\":\"https:\/\/www.welovecycling.com\/hu\/kozosseg-es-kultura\/csapatsport\/#breadcrumb\",\"itemListElement\":[{\"@type\":\"ListItem\",\"position\":1,\"name\":\"Home\",\"item\":\"https:\/\/www.welovecycling.com\/hu\/\"},{\"@type\":\"ListItem\",\"position\":2,\"name\":\"Csapatsport k\u00e9t ker\u00e9ken\"}]},{\"@type\":\"WebSite\",\"@id\":\"https:\/\/www.welovecycling.com\/hu\/#website\",\"url\":\"https:\/\/www.welovecycling.com\/hu\/\",\"name\":\"\u0160koda We Love Cycling - Magyarorsz\u00e1g\",\"description\":\"\u0160koda WeLoveCycling\",\"potentialAction\":[{\"@type\":\"SearchAction\",\"target\":{\"@type\":\"EntryPoint\",\"urlTemplate\":\"https:\/\/www.welovecycling.com\/hu\/?s={search_term_string}\"},\"query-input\":{\"@type\":\"PropertyValueSpecification\",\"valueRequired\":true,\"valueName\":\"search_term_string\"}}],\"inLanguage\":\"hu\"},{\"@type\":\"Person\",\"@id\":\"https:\/\/www.welovecycling.com\/hu\/#\/schema\/person\/414a2aebf1801691a5320edb6468e194\",\"name\":\"hegyizs\",\"image\":{\"@type\":\"ImageObject\",\"inLanguage\":\"hu\",\"@id\":\"https:\/\/www.welovecycling.com\/hu\/#\/schema\/person\/image\/\",\"url\":\"https:\/\/secure.gravatar.com\/avatar\/02cf8a7906b8cf90cecb4679defac7cfd33a1c2e3b88e4903d947f3bb58eedd3?s=96&d=mm&r=g\",\"contentUrl\":\"https:\/\/secure.gravatar.com\/avatar\/02cf8a7906b8cf90cecb4679defac7cfd33a1c2e3b88e4903d947f3bb58eedd3?s=96&d=mm&r=g\",\"caption\":\"hegyizs\"},\"url\":\"https:\/\/www.welovecycling.com\/hu\/author\/hegyizs\/\"}]}<\/script>\n<!-- \/ Yoast SEO Premium plugin. -->","yoast_head_json":{"title":"Csapatsport k\u00e9t ker\u00e9ken - \u0160koda We Love Cycling - Magyarorsz\u00e1g","description":"Ahogy azt b\u00e1rmely csapatsport versenyz\u0151je j\u00f3l tudja, a csapatt\u00e1rsak k\u00f6zti kapcsolatok eg\u00e9szen egyed\u00fcl\u00e1ll\u00f3ak. De milyen a j\u00f3 csapatt\u00e1rsi viselked\u00e9s?","robots":{"index":"index","follow":"follow","max-snippet":"max-snippet:-1","max-image-preview":"max-image-preview:large","max-video-preview":"max-video-preview:-1"},"canonical":"https:\/\/www.welovecycling.com\/hu\/kozosseg-es-kultura\/csapatsport\/","og_locale":"hu_HU","og_type":"article","og_title":"Csapatsport k\u00e9t ker\u00e9ken","og_description":"Ahogy azt b\u00e1rmely csapatsport versenyz\u0151je j\u00f3l tudja, a csapatt\u00e1rsak k\u00f6zti kapcsolatok eg\u00e9szen egyed\u00fcl\u00e1ll\u00f3ak. De milyen a j\u00f3 csapatt\u00e1rsi viselked\u00e9s?","og_url":"https:\/\/www.welovecycling.com\/hu\/kozosseg-es-kultura\/csapatsport\/","og_site_name":"\u0160koda We Love Cycling - Magyarorsz\u00e1g","article_publisher":"https:\/\/www.facebook.com\/WeLoveCyclingHungary\/","article_published_time":"2018-09-10T10:10:37+00:00","og_image":[{"width":1366,"height":600,"url":"https:\/\/d2p6e6u75xmxt8.cloudfront.net\/12\/2018\/09\/csapatsport-3.jpg","type":"image\/jpeg"}],"author":"hegyizs","twitter_card":"summary_large_image","twitter_misc":{"Written by":"hegyizs","Est. reading time":"5 minutes"},"schema":{"@context":"https:\/\/schema.org","@graph":[{"@type":"WebPage","@id":"https:\/\/www.welovecycling.com\/hu\/kozosseg-es-kultura\/csapatsport\/","url":"https:\/\/www.welovecycling.com\/hu\/kozosseg-es-kultura\/csapatsport\/","name":"Csapatsport k\u00e9t ker\u00e9ken - \u0160koda We Love Cycling - Magyarorsz\u00e1g","isPartOf":{"@id":"https:\/\/www.welovecycling.com\/hu\/#website"},"primaryImageOfPage":{"@id":"https:\/\/www.welovecycling.com\/hu\/kozosseg-es-kultura\/csapatsport\/#primaryimage"},"image":{"@id":"https:\/\/www.welovecycling.com\/hu\/kozosseg-es-kultura\/csapatsport\/#primaryimage"},"thumbnailUrl":"https:\/\/d2p6e6u75xmxt8.cloudfront.net\/12\/2018\/09\/csapatsport-3.jpg","datePublished":"2018-09-10T10:10:37+00:00","author":{"@id":"https:\/\/www.welovecycling.com\/hu\/#\/schema\/person\/414a2aebf1801691a5320edb6468e194"},"description":"Ahogy azt b\u00e1rmely csapatsport versenyz\u0151je j\u00f3l tudja, a csapatt\u00e1rsak k\u00f6zti kapcsolatok eg\u00e9szen egyed\u00fcl\u00e1ll\u00f3ak. De milyen a j\u00f3 csapatt\u00e1rsi viselked\u00e9s?","breadcrumb":{"@id":"https:\/\/www.welovecycling.com\/hu\/kozosseg-es-kultura\/csapatsport\/#breadcrumb"},"inLanguage":"hu","potentialAction":[{"@type":"ReadAction","target":["https:\/\/www.welovecycling.com\/hu\/kozosseg-es-kultura\/csapatsport\/"]}]},{"@type":"ImageObject","inLanguage":"hu","@id":"https:\/\/www.welovecycling.com\/hu\/kozosseg-es-kultura\/csapatsport\/#primaryimage","url":"https:\/\/d2p6e6u75xmxt8.cloudfront.net\/12\/2018\/09\/csapatsport-3.jpg","contentUrl":"https:\/\/d2p6e6u75xmxt8.cloudfront.net\/12\/2018\/09\/csapatsport-3.jpg","width":1366,"height":600},{"@type":"BreadcrumbList","@id":"https:\/\/www.welovecycling.com\/hu\/kozosseg-es-kultura\/csapatsport\/#breadcrumb","itemListElement":[{"@type":"ListItem","position":1,"name":"Home","item":"https:\/\/www.welovecycling.com\/hu\/"},{"@type":"ListItem","position":2,"name":"Csapatsport k\u00e9t ker\u00e9ken"}]},{"@type":"WebSite","@id":"https:\/\/www.welovecycling.com\/hu\/#website","url":"https:\/\/www.welovecycling.com\/hu\/","name":"\u0160koda We Love Cycling - Magyarorsz\u00e1g","description":"\u0160koda WeLoveCycling","potentialAction":[{"@type":"SearchAction","target":{"@type":"EntryPoint","urlTemplate":"https:\/\/www.welovecycling.com\/hu\/?s={search_term_string}"},"query-input":{"@type":"PropertyValueSpecification","valueRequired":true,"valueName":"search_term_string"}}],"inLanguage":"hu"},{"@type":"Person","@id":"https:\/\/www.welovecycling.com\/hu\/#\/schema\/person\/414a2aebf1801691a5320edb6468e194","name":"hegyizs","image":{"@type":"ImageObject","inLanguage":"hu","@id":"https:\/\/www.welovecycling.com\/hu\/#\/schema\/person\/image\/","url":"https:\/\/secure.gravatar.com\/avatar\/02cf8a7906b8cf90cecb4679defac7cfd33a1c2e3b88e4903d947f3bb58eedd3?s=96&d=mm&r=g","contentUrl":"https:\/\/secure.gravatar.com\/avatar\/02cf8a7906b8cf90cecb4679defac7cfd33a1c2e3b88e4903d947f3bb58eedd3?s=96&d=mm&r=g","caption":"hegyizs"},"url":"https:\/\/www.welovecycling.com\/hu\/author\/hegyizs\/"}]}},"_links":{"self":[{"href":"https:\/\/www.welovecycling.com\/hu\/wp-json\/wp\/v2\/posts\/1718","targetHints":{"allow":["GET"]}}],"collection":[{"href":"https:\/\/www.welovecycling.com\/hu\/wp-json\/wp\/v2\/posts"}],"about":[{"href":"https:\/\/www.welovecycling.com\/hu\/wp-json\/wp\/v2\/types\/post"}],"author":[{"embeddable":true,"href":"https:\/\/www.welovecycling.com\/hu\/wp-json\/wp\/v2\/users\/71"}],"replies":[{"embeddable":true,"href":"https:\/\/www.welovecycling.com\/hu\/wp-json\/wp\/v2\/comments?post=1718"}],"version-history":[{"count":2,"href":"https:\/\/www.welovecycling.com\/hu\/wp-json\/wp\/v2\/posts\/1718\/revisions"}],"predecessor-version":[{"id":1732,"href":"https:\/\/www.welovecycling.com\/hu\/wp-json\/wp\/v2\/posts\/1718\/revisions\/1732"}],"wp:featuredmedia":[{"embeddable":true,"href":"https:\/\/www.welovecycling.com\/hu\/wp-json\/wp\/v2\/media\/1721"}],"wp:attachment":[{"href":"https:\/\/www.welovecycling.com\/hu\/wp-json\/wp\/v2\/media?parent=1718"}],"wp:term":[{"taxonomy":"category","embeddable":true,"href":"https:\/\/www.welovecycling.com\/hu\/wp-json\/wp\/v2\/categories?post=1718"},{"taxonomy":"post_tag","embeddable":true,"href":"https:\/\/www.welovecycling.com\/hu\/wp-json\/wp\/v2\/tags?post=1718"},{"taxonomy":"global-categories","embeddable":true,"href":"https:\/\/www.welovecycling.com\/hu\/wp-json\/wp\/v2\/global-categories?post=1718"}],"curies":[{"name":"wp","href":"https:\/\/api.w.org\/{rel}","templated":true}]}}