{"id":17177,"date":"2023-04-02T08:00:13","date_gmt":"2023-04-02T06:00:13","guid":{"rendered":"https:\/\/www.welovecycling.com\/hu\/?p=17177"},"modified":"2023-03-31T16:09:57","modified_gmt":"2023-03-31T14:09:57","slug":"oscar-sevilla-elkepeszto-a-spanyol-veteran-46-evesen-45-profi-sikeret-szerezte","status":"publish","type":"post","link":"https:\/\/www.welovecycling.com\/hu\/orszaguti-kerekpar\/oscar-sevilla-elkepeszto-a-spanyol-veteran-46-evesen-45-profi-sikeret-szerezte\/","title":{"rendered":"\u00d3scar Sevilla elk\u00e9peszt\u0151: a spanyol veter\u00e1n 46 \u00e9vesen 45. profi siker\u00e9t szerezte!"},"content":{"rendered":"<p><strong>A kor\u00e1bbi Vuelta-dobog\u00f3s az \u00f6tvenhez k\u00f6zeledve sem lass\u00edt, \u00fajdons\u00fclt t\u00e1rs\u00e1val, Miguel \u00c1ngel L\u00f3pezzel felv\u00e1ltva par\u00e1d\u00e9znak a medell\u00edni \u201erosszfi\u00fak csapat\u00e1ban\u201d. <\/strong><!--more--><\/p>\n<p>Noha az orsz\u00e1g\u00fati ker\u00e9kp\u00e1r azon kev\u00e9s profi sport k\u00f6z\u00e9 tartozik, ahol n\u00e9mi szerencs\u00e9vel \u00e9s j\u00f3 g\u00e9nekkel meg\u00e1ldva viszonylag sok\u00e1ig lehet versenyezni a legmagasabb szinteken, az\u00e9rt \u00d3scar Sevilla esete m\u00e9g itt is eg\u00e9szen egyed\u00fcl\u00e1ll\u00f3. A spanyol klasszis a 47. \u00e9let\u00e9v\u00e9t tapossa, \u00e1m az 50-hez k\u00f6zeledve is versenyszer\u0171en teker \u2013 r\u00e1ad\u00e1sul nem csak \u00fagy \u00edmmel-\u00e1mmal, \u201eform\u00e1ban marad\u00e1s\u201d v\u00e9gett, hanem gy\u0151zelmeket szerezve!<\/p>\n<p>A besz\u00e9desen csak El Nino becen\u00e9vre hallgat\u00f3 veter\u00e1n bring\u00e1s profi p\u00e1lyafut\u00e1sa \u2013 le\u00edrni is hihetetlen \u2013 m\u00e9g a m\u00falt \u00e9vezredben kezd\u0151d\u00f6tt, 1998-ban. F\u00e9nykor\u00e1t a k\u00e9tezres \u00e9vek elej\u00e9n \u00e9lte, ekkor t\u00e9nyleg a legjobbak k\u00f6z\u00e9 tartozott; 2001-ben p\u00e9ld\u00e1ul 2., egy \u00e9vvel k\u00e9s\u0151bb 4. lett haz\u00e1ja nagy k\u00f6rverseny\u00e9n, a Vuelt\u00e1n, 2005-ben pedig a 7. Hogy v\u00e9g\u00fcl ez lett az utols\u00f3 h\u00e1romhetese, abban az is k\u00f6zrej\u00e1tszott, hogy a k\u00f6vetkez\u0151 \u00e9vben az Eufemiano Fuentes-f\u00e9le, Operaci\u00f3n Puerto-n\u00e9ven elh\u00edres\u00fclt hatalmas doppingbotr\u00e1ny \u0151t is elsodorta: Jan Ullrich mellett az eset egyik f\u0151 \u00e9rintettje volt a T-Mobile-b\u00f3l, a csapat ki is r\u00fagta, \u00e9s a Touron sem engedt\u00e9k indulni. Akkor val\u00f3sz\u00edn\u0171leg kevesen gondolt\u00e1k volna, hogy t\u00f6bb mint 15 \u00e9vvel k\u00e9s\u0151bb m\u00e9g mindig tart majd a karrierje, \u00e1m 30-on t\u00fal elkezdett kisebb csapatokhoz leszerz\u0151dni, \u00edgy k\u00f6t\u00f6tt ki v\u00e9g\u00fcl Kolumbi\u00e1ban 2011-ben, ahol az\u00f3ta is \u00e9l, kolumbiai feles\u00e9g\u00e9vel \u00e9s k\u00e9t kisl\u00e1ny\u00e1val, 2012 \u00f3ta imm\u00e1r spanyol-kolumbiai kett\u0151s \u00e1llampolg\u00e1rk\u00e9nt. Imm\u00e1r hossz\u00fa \u00e9vek \u00f3ta a medell\u00edni illet\u0171s\u00e9g\u0171 kontinent\u00e1lis csapatban, a jelenleg Medell\u00edn-EPM n\u00e9ven fut\u00f3 ist\u00e1ll\u00f3ban versenyez, olykor kor\u00e1t meghazudtol\u00f3 eredm\u00e9nyess\u00e9ggel. A h\u00e9ten p\u00e9ld\u00e1ul megnyerte a csapat sz\u00edneiben a guatemalai Vuelta Bantarb nyit\u00f3 szakasz\u00e1t, ami profi karrierje 45. etapsikere volt. M\u00e9ghozz\u00e1 nem is ak\u00e1rhogyan: a tot\u00e1lis EPM-dominancia v\u00e9g\u00e9n h\u00e1rom medell\u00edni versenyz\u0151 \u00e1llhatott fel a dobog\u00f3ra, Sevilla \u00e9s csapatt\u00e1rsa, Miguel \u00c1ngel L\u00f3pez p\u00e9ld\u00e1ul k\u00e9z a k\u00e9zben tekertek \u00e1t a c\u00e9lvonalon, \u00fagy, hogy a fiatalabbik kolumbiai a v\u00e9g\u00e9n az\u00e9rt el\u0151reengedte a gy\u0151zelem\u00e9rt veter\u00e1n t\u00e1rs\u00e1t.<\/p>\n<figure id=\"attachment_17178\" aria-describedby=\"caption-attachment-17178\" style=\"width: 760px\" class=\"wp-caption alignnone\"><img loading=\"lazy\" decoding=\"async\" class=\"size-full wp-image-17178\" src=\"https:\/\/d2p6e6u75xmxt8.cloudfront.net\/12\/2023\/03\/lopez-sevilla.webp\" alt=\"\" width=\"760\" height=\"430\" srcset=\"https:\/\/d2p6e6u75xmxt8.cloudfront.net\/12\/2023\/03\/lopez-sevilla.webp 760w, https:\/\/d2p6e6u75xmxt8.cloudfront.net\/12\/2023\/03\/lopez-sevilla-300x170.webp 300w, https:\/\/d2p6e6u75xmxt8.cloudfront.net\/12\/2023\/03\/lopez-sevilla-400x226.webp 400w\" sizes=\"auto, (max-width: 760px) 100vw, 760px\" \/><figcaption id=\"caption-attachment-17178\" class=\"wp-caption-text\">Miguel \u00c1ngel L\u00f3pez \u00e9s \u00d3scar Sevilla k\u00e9z a k\u00e9zben a c\u00e9ln\u00e1l (fot\u00f3: Prensa Libre \u00c9rick \u00c1vila)<\/figcaption><\/figure>\n<p>L\u00f3pez esete egy\u00e9bk\u00e9nt legal\u00e1bb annyira \u00e9rdekes, mint Sevill\u00e1\u00e9. A kolumbiai klasszis az ut\u00f3bbi k\u00e9t, botr\u00e1nyokt\u00f3l nem mentes \u00e9ve nyom\u00e1n szempillant\u00e1s alatt zuhant k\u00e9toszt\u00e1lynyit a WorldTourb\u00f3l a kontinent\u00e1lis mez\u0151nybe. A 2018-ban a Gir\u00f3n \u00e9s a Vuelt\u00e1n is harmadikk\u00e9nt v\u00e9gz\u0151, de m\u00e9g a tavalyi Vuelt\u00e1n is 4. L\u00f3pez el\u0151bb a Movistart\u00f3l t\u00e1vozott nagy visszhangok k\u00f6zepette (miut\u00e1n a \u201921-es spanyol k\u00f6r utols\u00f3 el\u0151tti szakasz\u00e1n az \u00f6sszetett 3. helyr\u0151l sz\u00e1llt ki l\u00e1tsz\u00f3lag minden indok n\u00e9lk\u00fcl, csak hogy \u201ekibabr\u00e1ljon\u201d csapat\u00e1val \u00e9s a vezet\u0151s\u00e9ggel), majd tavaly az Astana is kirakta, miut\u00e1n val\u00f3sz\u00edn\u0171leg \u00e9ppen Budapesten, a Giro-rajton kapott tiltott teljes\u00edtm\u00e9nyfokoz\u00f3 injekci\u00f3t, illetve a kazah ist\u00e1ll\u00f3 \u00e9s a rend\u0151rs\u00e9g is bizony\u00edthat\u00f3an kapcsolatba hozta a doppingszerek illeg\u00e1lis kereskedelm\u00e9vel v\u00e1dolt dr. Marcos Maynarral. A renitens kolumbiainak ugyancsak a Medell\u00edn-EPM ny\u00fajtott ment\u0151\u00f6vet, L\u00f3pez pedig egyel\u0151re \u00e9lni is l\u00e1tszik a lehet\u0151s\u00e9ggel: a szezonnyit\u00f3 Vuelta a San Juant megnyerte, majd kolumbiai id\u0151futambajnok lett, \u00e9s a Vuelta Bantrab \u00f6sszetett gy\u0151zelm\u00e9re is j\u00f3 es\u00e9lye van.<\/p>\n<figure id=\"attachment_17179\" aria-describedby=\"caption-attachment-17179\" style=\"width: 970px\" class=\"wp-caption alignnone\"><img loading=\"lazy\" decoding=\"async\" class=\"size-full wp-image-17179\" src=\"https:\/\/d2p6e6u75xmxt8.cloudfront.net\/12\/2023\/03\/miguel-angel-lopez-copyright-rcs-sport.webp\" alt=\"\" width=\"970\" height=\"647\" srcset=\"https:\/\/d2p6e6u75xmxt8.cloudfront.net\/12\/2023\/03\/miguel-angel-lopez-copyright-rcs-sport.webp 970w, https:\/\/d2p6e6u75xmxt8.cloudfront.net\/12\/2023\/03\/miguel-angel-lopez-copyright-rcs-sport-300x200.webp 300w, https:\/\/d2p6e6u75xmxt8.cloudfront.net\/12\/2023\/03\/miguel-angel-lopez-copyright-rcs-sport-768x512.webp 768w, https:\/\/d2p6e6u75xmxt8.cloudfront.net\/12\/2023\/03\/miguel-angel-lopez-copyright-rcs-sport-400x267.webp 400w, https:\/\/d2p6e6u75xmxt8.cloudfront.net\/12\/2023\/03\/miguel-angel-lopez-copyright-rcs-sport-272x182.webp 272w\" sizes=\"auto, (max-width: 970px) 100vw, 970px\" \/><figcaption id=\"caption-attachment-17179\" class=\"wp-caption-text\">Miguel \u00c1ngel L\u00f3pez mostan\u00e1ban t\u00f6bbsz\u00f6r is magyar\u00e1zkodhatott, de a Medell\u00edn ment\u0151\u00f6vet dobott neki (fot\u00f3: RCS Sport)<\/figcaption><\/figure>\n<p><em>Bor\u00edt\u00f3k\u00e9p: publinews.gt<\/em><\/p>\n","protected":false},"excerpt":{"rendered":"<p>A kor\u00e1bbi Vuelta-dobog\u00f3s az \u00f6tvenhez k\u00f6zeledve sem lass\u00edt, \u00fajdons\u00fclt t\u00e1rs\u00e1val, Miguel \u00c1ngel L\u00f3pezzel felv\u00e1ltva par\u00e1d\u00e9znak a medell\u00edni \u201erosszfi\u00fak csapat\u00e1ban\u201d.<\/p>\n","protected":false},"author":71,"featured_media":17180,"comment_status":"open","ping_status":"open","sticky":false,"template":"","format":"standard","meta":{"footnotes":""},"categories":[8],"tags":[],"global-categories":[],"class_list":["post-17177","post","type-post","status-publish","format-standard","has-post-thumbnail","hentry","category-orszaguti-kerekpar"],"yoast_head":"<!-- This site is optimized with the Yoast SEO Premium plugin v25.3 (Yoast SEO v25.9) - https:\/\/yoast.com\/wordpress\/plugins\/seo\/ -->\n<title>\u00d3scar Sevilla elk\u00e9peszt\u0151: a spanyol veter\u00e1n 46 \u00e9vesen 45. profi siker\u00e9t szerezte!<\/title>\n<meta name=\"description\" content=\"A kor\u00e1bbi Vuelta-dobog\u00f3s az \u00f6tvenhez k\u00f6zeledve sem lass\u00edt, \u00fajdons\u00fclt t\u00e1rs\u00e1val, Miguel \u00c1ngel L\u00f3pezzel felv\u00e1ltva par\u00e1d\u00e9znak a medell\u00edni \u201erosszfi\u00fak csapat\u00e1ban\u201d.\" \/>\n<meta name=\"robots\" content=\"index, follow, max-snippet:-1, max-image-preview:large, max-video-preview:-1\" \/>\n<link rel=\"canonical\" href=\"https:\/\/www.welovecycling.com\/hu\/orszaguti-kerekpar\/oscar-sevilla-elkepeszto-a-spanyol-veteran-46-evesen-45-profi-sikeret-szerezte\/\" \/>\n<meta property=\"og:locale\" content=\"hu_HU\" \/>\n<meta property=\"og:type\" content=\"article\" \/>\n<meta property=\"og:title\" content=\"\u00d3scar Sevilla elk\u00e9peszt\u0151: a spanyol veter\u00e1n 46 \u00e9vesen 45. profi siker\u00e9t szerezte!\" \/>\n<meta property=\"og:description\" content=\"A kor\u00e1bbi Vuelta-dobog\u00f3s az \u00f6tvenhez k\u00f6zeledve sem lass\u00edt, \u00fajdons\u00fclt t\u00e1rs\u00e1val, Miguel \u00c1ngel L\u00f3pezzel felv\u00e1ltva par\u00e1d\u00e9znak a medell\u00edni \u201erosszfi\u00fak csapat\u00e1ban\u201d.\" \/>\n<meta property=\"og:url\" content=\"https:\/\/www.welovecycling.com\/hu\/orszaguti-kerekpar\/oscar-sevilla-elkepeszto-a-spanyol-veteran-46-evesen-45-profi-sikeret-szerezte\/\" \/>\n<meta property=\"og:site_name\" content=\"\u0160koda We Love Cycling - Magyarorsz\u00e1g\" \/>\n<meta property=\"article:publisher\" content=\"https:\/\/www.facebook.com\/WeLoveCyclingHungary\/\" \/>\n<meta property=\"article:published_time\" content=\"2023-04-02T06:00:13+00:00\" \/>\n<meta property=\"og:image\" content=\"https:\/\/d2p6e6u75xmxt8.cloudfront.net\/12\/2023\/03\/oscar-sevilla-ganador-primera-etapa-bantrab-marzo-2023-990x556-1.webp\" \/>\n\t<meta property=\"og:image:width\" content=\"990\" \/>\n\t<meta property=\"og:image:height\" content=\"556\" \/>\n\t<meta property=\"og:image:type\" content=\"image\/webp\" \/>\n<meta name=\"author\" content=\"hegyizs\" \/>\n<meta name=\"twitter:card\" content=\"summary_large_image\" \/>\n<meta name=\"twitter:label1\" content=\"Written by\" \/>\n\t<meta name=\"twitter:data1\" content=\"WLC\" \/>\n\t<meta name=\"twitter:label2\" content=\"Est. reading time\" \/>\n\t<meta name=\"twitter:data2\" content=\"4 minutes\" \/>\n<script type=\"application\/ld+json\" class=\"yoast-schema-graph\">{\"@context\":\"https:\/\/schema.org\",\"@graph\":[{\"@type\":\"WebPage\",\"@id\":\"https:\/\/www.welovecycling.com\/hu\/orszaguti-kerekpar\/oscar-sevilla-elkepeszto-a-spanyol-veteran-46-evesen-45-profi-sikeret-szerezte\/\",\"url\":\"https:\/\/www.welovecycling.com\/hu\/orszaguti-kerekpar\/oscar-sevilla-elkepeszto-a-spanyol-veteran-46-evesen-45-profi-sikeret-szerezte\/\",\"name\":\"\u00d3scar Sevilla elk\u00e9peszt\u0151: a spanyol veter\u00e1n 46 \u00e9vesen 45. profi siker\u00e9t szerezte!\",\"isPartOf\":{\"@id\":\"https:\/\/www.welovecycling.com\/hu\/#website\"},\"primaryImageOfPage\":{\"@id\":\"https:\/\/www.welovecycling.com\/hu\/orszaguti-kerekpar\/oscar-sevilla-elkepeszto-a-spanyol-veteran-46-evesen-45-profi-sikeret-szerezte\/#primaryimage\"},\"image\":{\"@id\":\"https:\/\/www.welovecycling.com\/hu\/orszaguti-kerekpar\/oscar-sevilla-elkepeszto-a-spanyol-veteran-46-evesen-45-profi-sikeret-szerezte\/#primaryimage\"},\"thumbnailUrl\":\"https:\/\/d2p6e6u75xmxt8.cloudfront.net\/12\/2023\/03\/oscar-sevilla-ganador-primera-etapa-bantrab-marzo-2023-990x556-1.webp\",\"datePublished\":\"2023-04-02T06:00:13+00:00\",\"author\":{\"@id\":\"https:\/\/www.welovecycling.com\/hu\/#\/schema\/person\/414a2aebf1801691a5320edb6468e194\"},\"description\":\"A kor\u00e1bbi Vuelta-dobog\u00f3s az \u00f6tvenhez k\u00f6zeledve sem lass\u00edt, \u00fajdons\u00fclt t\u00e1rs\u00e1val, Miguel \u00c1ngel L\u00f3pezzel felv\u00e1ltva par\u00e1d\u00e9znak a medell\u00edni \u201erosszfi\u00fak csapat\u00e1ban\u201d.\",\"breadcrumb\":{\"@id\":\"https:\/\/www.welovecycling.com\/hu\/orszaguti-kerekpar\/oscar-sevilla-elkepeszto-a-spanyol-veteran-46-evesen-45-profi-sikeret-szerezte\/#breadcrumb\"},\"inLanguage\":\"hu\",\"potentialAction\":[{\"@type\":\"ReadAction\",\"target\":[\"https:\/\/www.welovecycling.com\/hu\/orszaguti-kerekpar\/oscar-sevilla-elkepeszto-a-spanyol-veteran-46-evesen-45-profi-sikeret-szerezte\/\"]}]},{\"@type\":\"ImageObject\",\"inLanguage\":\"hu\",\"@id\":\"https:\/\/www.welovecycling.com\/hu\/orszaguti-kerekpar\/oscar-sevilla-elkepeszto-a-spanyol-veteran-46-evesen-45-profi-sikeret-szerezte\/#primaryimage\",\"url\":\"https:\/\/d2p6e6u75xmxt8.cloudfront.net\/12\/2023\/03\/oscar-sevilla-ganador-primera-etapa-bantrab-marzo-2023-990x556-1.webp\",\"contentUrl\":\"https:\/\/d2p6e6u75xmxt8.cloudfront.net\/12\/2023\/03\/oscar-sevilla-ganador-primera-etapa-bantrab-marzo-2023-990x556-1.webp\",\"width\":990,\"height\":556},{\"@type\":\"BreadcrumbList\",\"@id\":\"https:\/\/www.welovecycling.com\/hu\/orszaguti-kerekpar\/oscar-sevilla-elkepeszto-a-spanyol-veteran-46-evesen-45-profi-sikeret-szerezte\/#breadcrumb\",\"itemListElement\":[{\"@type\":\"ListItem\",\"position\":1,\"name\":\"Home\",\"item\":\"https:\/\/www.welovecycling.com\/hu\/\"},{\"@type\":\"ListItem\",\"position\":2,\"name\":\"\u00d3scar Sevilla elk\u00e9peszt\u0151: a spanyol veter\u00e1n 46 \u00e9vesen 45. profi siker\u00e9t szerezte!\"}]},{\"@type\":\"WebSite\",\"@id\":\"https:\/\/www.welovecycling.com\/hu\/#website\",\"url\":\"https:\/\/www.welovecycling.com\/hu\/\",\"name\":\"\u0160koda We Love Cycling - Magyarorsz\u00e1g\",\"description\":\"\u0160koda WeLoveCycling\",\"potentialAction\":[{\"@type\":\"SearchAction\",\"target\":{\"@type\":\"EntryPoint\",\"urlTemplate\":\"https:\/\/www.welovecycling.com\/hu\/?s={search_term_string}\"},\"query-input\":{\"@type\":\"PropertyValueSpecification\",\"valueRequired\":true,\"valueName\":\"search_term_string\"}}],\"inLanguage\":\"hu\"},{\"@type\":\"Person\",\"@id\":\"https:\/\/www.welovecycling.com\/hu\/#\/schema\/person\/414a2aebf1801691a5320edb6468e194\",\"name\":\"hegyizs\",\"image\":{\"@type\":\"ImageObject\",\"inLanguage\":\"hu\",\"@id\":\"https:\/\/www.welovecycling.com\/hu\/#\/schema\/person\/image\/\",\"url\":\"https:\/\/secure.gravatar.com\/avatar\/02cf8a7906b8cf90cecb4679defac7cfd33a1c2e3b88e4903d947f3bb58eedd3?s=96&d=mm&r=g\",\"contentUrl\":\"https:\/\/secure.gravatar.com\/avatar\/02cf8a7906b8cf90cecb4679defac7cfd33a1c2e3b88e4903d947f3bb58eedd3?s=96&d=mm&r=g\",\"caption\":\"hegyizs\"},\"url\":\"https:\/\/www.welovecycling.com\/hu\/author\/hegyizs\/\"}]}<\/script>\n<!-- \/ Yoast SEO Premium plugin. -->","yoast_head_json":{"title":"\u00d3scar Sevilla elk\u00e9peszt\u0151: a spanyol veter\u00e1n 46 \u00e9vesen 45. profi siker\u00e9t szerezte!","description":"A kor\u00e1bbi Vuelta-dobog\u00f3s az \u00f6tvenhez k\u00f6zeledve sem lass\u00edt, \u00fajdons\u00fclt t\u00e1rs\u00e1val, Miguel \u00c1ngel L\u00f3pezzel felv\u00e1ltva par\u00e1d\u00e9znak a medell\u00edni \u201erosszfi\u00fak csapat\u00e1ban\u201d.","robots":{"index":"index","follow":"follow","max-snippet":"max-snippet:-1","max-image-preview":"max-image-preview:large","max-video-preview":"max-video-preview:-1"},"canonical":"https:\/\/www.welovecycling.com\/hu\/orszaguti-kerekpar\/oscar-sevilla-elkepeszto-a-spanyol-veteran-46-evesen-45-profi-sikeret-szerezte\/","og_locale":"hu_HU","og_type":"article","og_title":"\u00d3scar Sevilla elk\u00e9peszt\u0151: a spanyol veter\u00e1n 46 \u00e9vesen 45. profi siker\u00e9t szerezte!","og_description":"A kor\u00e1bbi Vuelta-dobog\u00f3s az \u00f6tvenhez k\u00f6zeledve sem lass\u00edt, \u00fajdons\u00fclt t\u00e1rs\u00e1val, Miguel \u00c1ngel L\u00f3pezzel felv\u00e1ltva par\u00e1d\u00e9znak a medell\u00edni \u201erosszfi\u00fak csapat\u00e1ban\u201d.","og_url":"https:\/\/www.welovecycling.com\/hu\/orszaguti-kerekpar\/oscar-sevilla-elkepeszto-a-spanyol-veteran-46-evesen-45-profi-sikeret-szerezte\/","og_site_name":"\u0160koda We Love Cycling - Magyarorsz\u00e1g","article_publisher":"https:\/\/www.facebook.com\/WeLoveCyclingHungary\/","article_published_time":"2023-04-02T06:00:13+00:00","og_image":[{"width":990,"height":556,"url":"https:\/\/d2p6e6u75xmxt8.cloudfront.net\/12\/2023\/03\/oscar-sevilla-ganador-primera-etapa-bantrab-marzo-2023-990x556-1.webp","type":"image\/webp"}],"author":"hegyizs","twitter_card":"summary_large_image","twitter_misc":{"Written by":"WLC","Est. reading time":"4 minutes"},"schema":{"@context":"https:\/\/schema.org","@graph":[{"@type":"WebPage","@id":"https:\/\/www.welovecycling.com\/hu\/orszaguti-kerekpar\/oscar-sevilla-elkepeszto-a-spanyol-veteran-46-evesen-45-profi-sikeret-szerezte\/","url":"https:\/\/www.welovecycling.com\/hu\/orszaguti-kerekpar\/oscar-sevilla-elkepeszto-a-spanyol-veteran-46-evesen-45-profi-sikeret-szerezte\/","name":"\u00d3scar Sevilla elk\u00e9peszt\u0151: a spanyol veter\u00e1n 46 \u00e9vesen 45. profi siker\u00e9t szerezte!","isPartOf":{"@id":"https:\/\/www.welovecycling.com\/hu\/#website"},"primaryImageOfPage":{"@id":"https:\/\/www.welovecycling.com\/hu\/orszaguti-kerekpar\/oscar-sevilla-elkepeszto-a-spanyol-veteran-46-evesen-45-profi-sikeret-szerezte\/#primaryimage"},"image":{"@id":"https:\/\/www.welovecycling.com\/hu\/orszaguti-kerekpar\/oscar-sevilla-elkepeszto-a-spanyol-veteran-46-evesen-45-profi-sikeret-szerezte\/#primaryimage"},"thumbnailUrl":"https:\/\/d2p6e6u75xmxt8.cloudfront.net\/12\/2023\/03\/oscar-sevilla-ganador-primera-etapa-bantrab-marzo-2023-990x556-1.webp","datePublished":"2023-04-02T06:00:13+00:00","author":{"@id":"https:\/\/www.welovecycling.com\/hu\/#\/schema\/person\/414a2aebf1801691a5320edb6468e194"},"description":"A kor\u00e1bbi Vuelta-dobog\u00f3s az \u00f6tvenhez k\u00f6zeledve sem lass\u00edt, \u00fajdons\u00fclt t\u00e1rs\u00e1val, Miguel \u00c1ngel L\u00f3pezzel felv\u00e1ltva par\u00e1d\u00e9znak a medell\u00edni \u201erosszfi\u00fak csapat\u00e1ban\u201d.","breadcrumb":{"@id":"https:\/\/www.welovecycling.com\/hu\/orszaguti-kerekpar\/oscar-sevilla-elkepeszto-a-spanyol-veteran-46-evesen-45-profi-sikeret-szerezte\/#breadcrumb"},"inLanguage":"hu","potentialAction":[{"@type":"ReadAction","target":["https:\/\/www.welovecycling.com\/hu\/orszaguti-kerekpar\/oscar-sevilla-elkepeszto-a-spanyol-veteran-46-evesen-45-profi-sikeret-szerezte\/"]}]},{"@type":"ImageObject","inLanguage":"hu","@id":"https:\/\/www.welovecycling.com\/hu\/orszaguti-kerekpar\/oscar-sevilla-elkepeszto-a-spanyol-veteran-46-evesen-45-profi-sikeret-szerezte\/#primaryimage","url":"https:\/\/d2p6e6u75xmxt8.cloudfront.net\/12\/2023\/03\/oscar-sevilla-ganador-primera-etapa-bantrab-marzo-2023-990x556-1.webp","contentUrl":"https:\/\/d2p6e6u75xmxt8.cloudfront.net\/12\/2023\/03\/oscar-sevilla-ganador-primera-etapa-bantrab-marzo-2023-990x556-1.webp","width":990,"height":556},{"@type":"BreadcrumbList","@id":"https:\/\/www.welovecycling.com\/hu\/orszaguti-kerekpar\/oscar-sevilla-elkepeszto-a-spanyol-veteran-46-evesen-45-profi-sikeret-szerezte\/#breadcrumb","itemListElement":[{"@type":"ListItem","position":1,"name":"Home","item":"https:\/\/www.welovecycling.com\/hu\/"},{"@type":"ListItem","position":2,"name":"\u00d3scar Sevilla elk\u00e9peszt\u0151: a spanyol veter\u00e1n 46 \u00e9vesen 45. profi siker\u00e9t szerezte!"}]},{"@type":"WebSite","@id":"https:\/\/www.welovecycling.com\/hu\/#website","url":"https:\/\/www.welovecycling.com\/hu\/","name":"\u0160koda We Love Cycling - Magyarorsz\u00e1g","description":"\u0160koda WeLoveCycling","potentialAction":[{"@type":"SearchAction","target":{"@type":"EntryPoint","urlTemplate":"https:\/\/www.welovecycling.com\/hu\/?s={search_term_string}"},"query-input":{"@type":"PropertyValueSpecification","valueRequired":true,"valueName":"search_term_string"}}],"inLanguage":"hu"},{"@type":"Person","@id":"https:\/\/www.welovecycling.com\/hu\/#\/schema\/person\/414a2aebf1801691a5320edb6468e194","name":"hegyizs","image":{"@type":"ImageObject","inLanguage":"hu","@id":"https:\/\/www.welovecycling.com\/hu\/#\/schema\/person\/image\/","url":"https:\/\/secure.gravatar.com\/avatar\/02cf8a7906b8cf90cecb4679defac7cfd33a1c2e3b88e4903d947f3bb58eedd3?s=96&d=mm&r=g","contentUrl":"https:\/\/secure.gravatar.com\/avatar\/02cf8a7906b8cf90cecb4679defac7cfd33a1c2e3b88e4903d947f3bb58eedd3?s=96&d=mm&r=g","caption":"hegyizs"},"url":"https:\/\/www.welovecycling.com\/hu\/author\/hegyizs\/"}]}},"_links":{"self":[{"href":"https:\/\/www.welovecycling.com\/hu\/wp-json\/wp\/v2\/posts\/17177","targetHints":{"allow":["GET"]}}],"collection":[{"href":"https:\/\/www.welovecycling.com\/hu\/wp-json\/wp\/v2\/posts"}],"about":[{"href":"https:\/\/www.welovecycling.com\/hu\/wp-json\/wp\/v2\/types\/post"}],"author":[{"embeddable":true,"href":"https:\/\/www.welovecycling.com\/hu\/wp-json\/wp\/v2\/users\/71"}],"replies":[{"embeddable":true,"href":"https:\/\/www.welovecycling.com\/hu\/wp-json\/wp\/v2\/comments?post=17177"}],"version-history":[{"count":1,"href":"https:\/\/www.welovecycling.com\/hu\/wp-json\/wp\/v2\/posts\/17177\/revisions"}],"predecessor-version":[{"id":17181,"href":"https:\/\/www.welovecycling.com\/hu\/wp-json\/wp\/v2\/posts\/17177\/revisions\/17181"}],"wp:featuredmedia":[{"embeddable":true,"href":"https:\/\/www.welovecycling.com\/hu\/wp-json\/wp\/v2\/media\/17180"}],"wp:attachment":[{"href":"https:\/\/www.welovecycling.com\/hu\/wp-json\/wp\/v2\/media?parent=17177"}],"wp:term":[{"taxonomy":"category","embeddable":true,"href":"https:\/\/www.welovecycling.com\/hu\/wp-json\/wp\/v2\/categories?post=17177"},{"taxonomy":"post_tag","embeddable":true,"href":"https:\/\/www.welovecycling.com\/hu\/wp-json\/wp\/v2\/tags?post=17177"},{"taxonomy":"global-categories","embeddable":true,"href":"https:\/\/www.welovecycling.com\/hu\/wp-json\/wp\/v2\/global-categories?post=17177"}],"curies":[{"name":"wp","href":"https:\/\/api.w.org\/{rel}","templated":true}]}}