{"id":17170,"date":"2023-03-26T08:00:28","date_gmt":"2023-03-26T06:00:28","guid":{"rendered":"https:\/\/www.welovecycling.com\/hu\/?p=17170"},"modified":"2023-03-24T14:46:30","modified_gmt":"2023-03-24T12:46:30","slug":"ineos-napok-a-cimvedo-gigasz-visszater-a-tour-de-hongrie-ra-mig-geraint-thomas-girot-nyerne","status":"publish","type":"post","link":"https:\/\/www.welovecycling.com\/hu\/orszaguti-kerekpar\/ineos-napok-a-cimvedo-gigasz-visszater-a-tour-de-hongrie-ra-mig-geraint-thomas-girot-nyerne\/","title":{"rendered":"Ineos-napok: a c\u00edmv\u00e9d\u0151 gig\u00e1sz visszat\u00e9r a Tour de Hongrie-ra, m\u00edg Geraint Thomas Gir\u00f3t nyerne"},"content":{"rendered":"<p><strong>\u00dajabb szenz\u00e1ci\u00f3s h\u00edr a magyar ker\u00e9kp\u00e1rkedvel\u0151knek: a brit szt\u00e1rcsapat 2023-ban is visszat\u00e9r haz\u00e1nkba, \u00e9s most sem adn\u00e1 al\u00e1bb az \u00f6sszetett gy\u0151zelemn\u00e9l. Az ist\u00e1ll\u00f3 legnagyobb szt\u00e1rjai ek\u00f6zben minden bizonnyal a Giro d\u2019Itali\u00e1n csillognak majd. <\/strong><!--more--><\/p>\n<p>Ez a h\u00e9t sem m\u00falt el nagyszer\u0171 magyar vonatkoz\u00e1s\u00fa orsz\u00e1g\u00fatis bringah\u00edr n\u00e9lk\u00fcl. A WorldTour-mez\u0151ny egyik legnagyobb \u00e9s legsikeresebb ist\u00e1ll\u00f3ja, az Ineos ugyanis bejelentette, hogy id\u00e9n visszat\u00e9r hozz\u00e1nk, a Tour de Hongrie-ra, m\u00e9ghozz\u00e1 c\u00edmv\u00e9d\u0151k\u00e9nt, hiszen tavaly Eddie Dunbar r\u00e9v\u00e9n hazavihett\u00e9k az \u00f6sszetett gy\u0151zelmet. Noha az \u00edr versenyz\u0151 az\u00f3ta m\u00e1r nincs a csapatn\u00e1l, az Ineos id\u00e9n sem adn\u00e1 al\u00e1bb \u2013 m\u00e1r csak az\u00e9rt sem, mert ahol \u0151k elindulnak, ott \u00e1ltal\u00e1ban csak a gy\u0151zelem lehet a c\u00e9l. A Sky-ut\u00f3d brit szt\u00e1rcsapat az eg\u00e9sz sport\u00e1g egyik legismertebb \u00e9s legjobb marketing\u00e9rt\u00e9kkel b\u00edr\u00f3 egy\u00fcttese, ahogy a TdH <a href=\"https:\/\/www.tourdehongrie.hu\/hirek\/47-ujabb-nagyagyu-a-mezonyben-cimet-vedene-az-ineos-grenadiers\">hivatalos honlapja<\/a> is kiemeli, a nagy nev\u0171 egyes\u00fclet \u201emindent megnyert, amit a sport\u00e1gban csak lehets\u00e9ges: h\u00e9t Tour de France, h\u00e1rom Giro d\u2019Italia, k\u00e9t Vuelta a Espa\u00f1a, h\u00e1rom Monumentum, k\u00e9t vil\u00e1granglista els\u0151s\u00e9g \u00e9s n\u00e9gy vil\u00e1gbajnoki c\u00edm szerepel a nev\u00fck mellett. A csapat mez\u00e9t olyan legend\u00e1k viselt\u00e9k, mint Bradley Wiggins, Chris Froome vagy Mark Cavendish.\u201d<\/p>\n<figure id=\"attachment_17172\" aria-describedby=\"caption-attachment-17172\" style=\"width: 1024px\" class=\"wp-caption alignnone\"><img loading=\"lazy\" decoding=\"async\" class=\"size-large wp-image-17172\" src=\"https:\/\/d2p6e6u75xmxt8.cloudfront.net\/12\/2023\/03\/2566457-53227850-2560-1440-1024x576.webp\" alt=\"\" width=\"1024\" height=\"576\" srcset=\"https:\/\/d2p6e6u75xmxt8.cloudfront.net\/12\/2023\/03\/2566457-53227850-2560-1440-1024x576.webp 1024w, https:\/\/d2p6e6u75xmxt8.cloudfront.net\/12\/2023\/03\/2566457-53227850-2560-1440-300x169.webp 300w, https:\/\/d2p6e6u75xmxt8.cloudfront.net\/12\/2023\/03\/2566457-53227850-2560-1440-768x432.webp 768w, https:\/\/d2p6e6u75xmxt8.cloudfront.net\/12\/2023\/03\/2566457-53227850-2560-1440-400x225.webp 400w, https:\/\/d2p6e6u75xmxt8.cloudfront.net\/12\/2023\/03\/2566457-53227850-2560-1440.webp 1200w\" sizes=\"auto, (max-width: 1024px) 100vw, 1024px\" \/><figcaption id=\"caption-attachment-17172\" class=\"wp-caption-text\">A k\u00e9t \u00fariembert aligha kell bemutatni: Chris Froome \u00e9s Bradley Wiggins, m\u00e9g a Sky-os id\u0151kb\u0151l (fot\u00f3: Getty)<\/figcaption><\/figure>\n<p>Az Ineos ennek megfelel\u0151en ak\u00e1rmilyen kerettel is \u00e9rkezik, gyakorlatilag nem tud szt\u00e1rok n\u00e9lk\u00fcl j\u00f6nni, tavaly is \u0151k adt\u00e1k a magyar k\u00f6r t\u00f6rt\u00e9net\u00e9nek egyik legnagyobb klasszis\u00e1t az olimpiai bajnok olasz szt\u00e1rsprinter, Elia Viviani szem\u00e9ly\u00e9ben. A teljess\u00e9g ig\u00e9nye n\u00e9lk\u00fcl olyan nevek vannak m\u00e9g n\u00e1luk, mint a 2020-as Giro-gy\u0151ztes Tao Geoghegan Hart, aki a tavalyi Tour de Hongrie tal\u00e1n legnagyobb szt\u00e1rja lett volna, \u00e1m az utols\u00f3 napokban betegs\u00e9g miatt v\u00e9g\u00fcl levett\u00e9k a nev\u00e9t az el\u0151zetes rajtlist\u00e1r\u00f3l (tal\u00e1n majd id\u00e9n!); vagy a 2019-es Tour de France- \u00e9s 2021-es Giro-gy\u0151ztes Egan Bernal. Ut\u00f3bbi tavalyi horrorisztikus, \u00e9letvesz\u00e9lyes edz\u00e9sbaleset\u00e9r\u0151l \u00e9s csod\u00e1val hat\u00e1ros rehabilit\u00e1ci\u00f3j\u00e1r\u00f3l mi is besz\u00e1moltunk, a kolumbiai klasszis az\u00f3ta \u00fajra versenyez, m\u00e9g ha egyel\u0151re nem is csillog a r\u00e9gi form\u00e1j\u00e1ban: a napokban is zajl\u00f3 katal\u00e1n k\u00f6r\u00f6n a l\u00e9nyegi dolgokba m\u00e9g nem tudott belesz\u00f3lni, de h\u00e1t ezt aligha r\u00f3hatja fel neki b\u00e1rki is annak f\u00e9ny\u00e9ben, hogy orvosi csod\u00e1nak sz\u00e1m\u00edt, hogy egy\u00e1ltal\u00e1n \u00e9letben van, nem m\u00e9g az, hogy \u00fajra a legmagasabb szinten k\u00e9pes versenyezni. Mellett\u00fck ott van m\u00e9g k\u00e9t olyan klasszis, akik id\u00e9n szinte biztosan a Gir\u00f3n indulnak majd: az id\u0151futamban jobb\u00e1ra verhetetlen, jelenlegi egy\u00f3r\u00e1s vil\u00e1gcs\u00facstart\u00f3 olasz Filippo Ganna, aki az elm\u00falt id\u0151ben egyre t\u00f6bb oldal\u00e1t megcsillogtatta, illetve az a Geraint Thomas, aki a 2018-as Tour de France-on aratott szenz\u00e1ci\u00f3s gy\u0151zelme ut\u00e1n tavaly nem kisebb meglepet\u00e9sre tudott a dobog\u00f3n v\u00e9gezni a k\u00e9t ifj\u00fa tit\u00e1n, Jonas Vingegaard \u00e9s Tadej Pogacar m\u00f6g\u00f6tt, 36 \u00e9vesen.<\/p>\n<figure id=\"attachment_17171\" aria-describedby=\"caption-attachment-17171\" style=\"width: 1024px\" class=\"wp-caption alignnone\"><img loading=\"lazy\" decoding=\"async\" class=\"size-large wp-image-17171\" src=\"https:\/\/d2p6e6u75xmxt8.cloudfront.net\/12\/2023\/03\/7090c00e-b39b-11e9-b2c2-1e116952691a-1024x576.webp\" alt=\"\" width=\"1024\" height=\"576\" srcset=\"https:\/\/d2p6e6u75xmxt8.cloudfront.net\/12\/2023\/03\/7090c00e-b39b-11e9-b2c2-1e116952691a-1024x576.webp 1024w, https:\/\/d2p6e6u75xmxt8.cloudfront.net\/12\/2023\/03\/7090c00e-b39b-11e9-b2c2-1e116952691a-300x169.webp 300w, https:\/\/d2p6e6u75xmxt8.cloudfront.net\/12\/2023\/03\/7090c00e-b39b-11e9-b2c2-1e116952691a-768x432.webp 768w, https:\/\/d2p6e6u75xmxt8.cloudfront.net\/12\/2023\/03\/7090c00e-b39b-11e9-b2c2-1e116952691a-1536x864.webp 1536w, https:\/\/d2p6e6u75xmxt8.cloudfront.net\/12\/2023\/03\/7090c00e-b39b-11e9-b2c2-1e116952691a-1920x1080.webp 1920w, https:\/\/d2p6e6u75xmxt8.cloudfront.net\/12\/2023\/03\/7090c00e-b39b-11e9-b2c2-1e116952691a-400x225.webp 400w, https:\/\/d2p6e6u75xmxt8.cloudfront.net\/12\/2023\/03\/7090c00e-b39b-11e9-b2c2-1e116952691a.webp 2048w, https:\/\/d2p6e6u75xmxt8.cloudfront.net\/12\/2023\/03\/7090c00e-b39b-11e9-b2c2-1e116952691a-1920x1080.webp 1920w\" sizes=\"auto, (max-width: 1024px) 100vw, 1024px\" \/><figcaption id=\"caption-attachment-17171\" class=\"wp-caption-text\">A k\u00e9s\u0151bbi gy\u0151ztes Egan Bernal \u00e9s Geraint Thomas a 2019-es Touron (fot\u00f3: Yorick Jansens\/BELGA\/dpa)<\/figcaption><\/figure>\n<p>A walesi ikonnak az\u00f3ta id\u0151r\u0151l id\u0151re neki is szegezik a k\u00e9rd\u00e9st, nem foglalkoztatja-e a visszavonul\u00e1s \u00e9s a sz\u00e9p b\u00facs\u00fa gondolata, de \u0151 most a Roleur magazinnak kerek-perec lesz\u00f6gezte: a tervei nem is \u00e1llhatn\u00e1nak ett\u0151l t\u00e1volabb. Thomas elmondta, nemhogy nem akar visszavonulni, de az idei Gir\u00f3n egyenesen egy \u00fajabb h\u00e1romhetes siker\u00e9rt sz\u00e1ll majd harcba. A m\u00e1jusban a 37. \u00e9let\u00e9v\u00e9t bet\u00f6lt\u0151 klasszis szerint val\u00f3j\u00e1ban a tavalyi Tour 3. helye sem olyan nagy csoda, egyszer\u0171en csak v\u00e9gre nem h\u00e1tr\u00e1ltatt\u00e1k s\u00e9r\u00fcl\u00e9sek \u00e9s buk\u00e1sok, \u00e9s minden j\u00f3l j\u00f6tt ki neki. M\u00e1rpedig, mint mondja, ilyenkor mindenki l\u00e1thatja, hogy mire k\u00e9pes, \u00e9s \u00e9ppen erre alapozza nagyszab\u00e1s\u00fa tavaszi Giro-\u00e1lmait is. Az pedig, hogy riv\u00e1lisk\u00e9nt ott lesz a mez\u0151ny egyik legifjabb szt\u00e1rja, Remco Evenepoel is, valamint a Jumbo-klasszis Primoz Rogli\u010d, csak m\u00e9g ink\u00e1bb motiv\u00e1lja Thomast. K\u00f6nnyen lehet, hogy ezek ut\u00e1n is v\u00e1llal m\u00e9g egy vagy t\u00f6bb \u00e9vet, hiszen b\u00e1r a szerz\u0151d\u00e9se az \u00e9v v\u00e9g\u00e9n lej\u00e1r az Ineosn\u00e1l, utalt arra, hogy m\u00e1r sz\u00f3ba ker\u00fclt a csapattal az esetleges hosszabb\u00edt\u00e1s. Mint mondta, neki a ker\u00e9kp\u00e1rsport az \u00e9lete, m\u00e9g nincs itt az ideje, hogy abbahagyja, egyel\u0151re nem is gondol r\u00e1 \u2013 sz\u00f3val ha \u0151t a m\u00e1jus 10. \u00e9s 14. k\u00f6z\u00f6tti TdH-n nem is fogjuk l\u00e1tni, rem\u00e9lj\u00fck, hogy a WorldTour-mez\u0151nyben m\u00e9g sok\u00e1ig.<\/p>\n<figure id=\"attachment_17174\" aria-describedby=\"caption-attachment-17174\" style=\"width: 1024px\" class=\"wp-caption alignnone\"><img loading=\"lazy\" decoding=\"async\" class=\"size-large wp-image-17174\" src=\"https:\/\/d2p6e6u75xmxt8.cloudfront.net\/12\/2023\/03\/importedImage331171_header-1024x576.webp\" alt=\"\" width=\"1024\" height=\"576\" srcset=\"https:\/\/d2p6e6u75xmxt8.cloudfront.net\/12\/2023\/03\/importedImage331171_header-1024x576.webp 1024w, https:\/\/d2p6e6u75xmxt8.cloudfront.net\/12\/2023\/03\/importedImage331171_header-300x169.webp 300w, https:\/\/d2p6e6u75xmxt8.cloudfront.net\/12\/2023\/03\/importedImage331171_header-768x432.webp 768w, https:\/\/d2p6e6u75xmxt8.cloudfront.net\/12\/2023\/03\/importedImage331171_header-400x225.webp 400w, https:\/\/d2p6e6u75xmxt8.cloudfront.net\/12\/2023\/03\/importedImage331171_header.webp 1408w\" sizes=\"auto, (max-width: 1024px) 100vw, 1024px\" \/><figcaption id=\"caption-attachment-17174\" class=\"wp-caption-text\">fot\u00f3: PA<\/figcaption><\/figure>\n<p>Bor\u00edt\u00f3k\u00e9p: Luc Claessen\/Getty<\/p>\n","protected":false},"excerpt":{"rendered":"<p>\u00dajabb szenz\u00e1ci\u00f3s h\u00edr a magyar ker\u00e9kp\u00e1rkedvel\u0151knek: a brit szt\u00e1rcsapat 2023-ban is visszat\u00e9r haz\u00e1nkba, \u00e9s most sem adn\u00e1 al\u00e1bb az \u00f6sszetett [&hellip;]<\/p>\n","protected":false},"author":71,"featured_media":17173,"comment_status":"open","ping_status":"open","sticky":false,"template":"","format":"standard","meta":{"footnotes":""},"categories":[8],"tags":[],"global-categories":[],"class_list":["post-17170","post","type-post","status-publish","format-standard","has-post-thumbnail","hentry","category-orszaguti-kerekpar"],"yoast_head":"<!-- This site is optimized with the Yoast SEO Premium plugin v25.3 (Yoast SEO v25.9) - https:\/\/yoast.com\/wordpress\/plugins\/seo\/ -->\n<title>Ineos-napok: a c\u00edmv\u00e9d\u0151 gig\u00e1sz visszat\u00e9r a Tour de Hongrie-ra, m\u00edg Geraint Thomas Gir\u00f3t nyerne<\/title>\n<meta name=\"description\" content=\"\u00dajabb szenz\u00e1ci\u00f3s h\u00edr a magyar ker\u00e9kp\u00e1rkedvel\u0151knek: a brit szt\u00e1rcsapat 2023-ban is visszat\u00e9r haz\u00e1nkba, \u00e9s most sem adn\u00e1 al\u00e1bb az \u00f6sszetett gy\u0151zelemn\u00e9l. Az ist\u00e1ll\u00f3 legnagyobb szt\u00e1rjai ek\u00f6zben minden bizonnyal a Giro d\u2019Itali\u00e1n csillognak majd.\" \/>\n<meta name=\"robots\" content=\"index, follow, max-snippet:-1, max-image-preview:large, max-video-preview:-1\" \/>\n<link rel=\"canonical\" href=\"https:\/\/www.welovecycling.com\/hu\/orszaguti-kerekpar\/ineos-napok-a-cimvedo-gigasz-visszater-a-tour-de-hongrie-ra-mig-geraint-thomas-girot-nyerne\/\" \/>\n<meta property=\"og:locale\" content=\"hu_HU\" \/>\n<meta property=\"og:type\" content=\"article\" \/>\n<meta property=\"og:title\" content=\"Ineos-napok: a c\u00edmv\u00e9d\u0151 gig\u00e1sz visszat\u00e9r a Tour de Hongrie-ra, m\u00edg Geraint Thomas Gir\u00f3t nyerne\" \/>\n<meta property=\"og:description\" content=\"\u00dajabb szenz\u00e1ci\u00f3s h\u00edr a magyar ker\u00e9kp\u00e1rkedvel\u0151knek: a brit szt\u00e1rcsapat 2023-ban is visszat\u00e9r haz\u00e1nkba, \u00e9s most sem adn\u00e1 al\u00e1bb az \u00f6sszetett gy\u0151zelemn\u00e9l. Az ist\u00e1ll\u00f3 legnagyobb szt\u00e1rjai ek\u00f6zben minden bizonnyal a Giro d\u2019Itali\u00e1n csillognak majd.\" \/>\n<meta property=\"og:url\" content=\"https:\/\/www.welovecycling.com\/hu\/orszaguti-kerekpar\/ineos-napok-a-cimvedo-gigasz-visszater-a-tour-de-hongrie-ra-mig-geraint-thomas-girot-nyerne\/\" \/>\n<meta property=\"og:site_name\" content=\"\u0160koda We Love Cycling - Magyarorsz\u00e1g\" \/>\n<meta property=\"article:publisher\" content=\"https:\/\/www.facebook.com\/WeLoveCyclingHungary\/\" \/>\n<meta property=\"article:published_time\" content=\"2023-03-26T06:00:28+00:00\" \/>\n<meta property=\"og:image\" content=\"https:\/\/d2p6e6u75xmxt8.cloudfront.net\/12\/2023\/03\/20220215ineos-grenadiers.webp\" \/>\n\t<meta property=\"og:image:width\" content=\"2048\" \/>\n\t<meta property=\"og:image:height\" content=\"1365\" \/>\n\t<meta property=\"og:image:type\" content=\"image\/webp\" \/>\n<meta name=\"author\" content=\"hegyizs\" \/>\n<meta name=\"twitter:card\" content=\"summary_large_image\" \/>\n<meta name=\"twitter:label1\" content=\"Written by\" \/>\n\t<meta name=\"twitter:data1\" content=\"WLC\" \/>\n\t<meta name=\"twitter:label2\" content=\"Est. reading time\" \/>\n\t<meta name=\"twitter:data2\" content=\"5 minutes\" \/>\n<script type=\"application\/ld+json\" class=\"yoast-schema-graph\">{\"@context\":\"https:\/\/schema.org\",\"@graph\":[{\"@type\":\"WebPage\",\"@id\":\"https:\/\/www.welovecycling.com\/hu\/orszaguti-kerekpar\/ineos-napok-a-cimvedo-gigasz-visszater-a-tour-de-hongrie-ra-mig-geraint-thomas-girot-nyerne\/\",\"url\":\"https:\/\/www.welovecycling.com\/hu\/orszaguti-kerekpar\/ineos-napok-a-cimvedo-gigasz-visszater-a-tour-de-hongrie-ra-mig-geraint-thomas-girot-nyerne\/\",\"name\":\"Ineos-napok: a c\u00edmv\u00e9d\u0151 gig\u00e1sz visszat\u00e9r a Tour de Hongrie-ra, m\u00edg Geraint Thomas Gir\u00f3t nyerne\",\"isPartOf\":{\"@id\":\"https:\/\/www.welovecycling.com\/hu\/#website\"},\"primaryImageOfPage\":{\"@id\":\"https:\/\/www.welovecycling.com\/hu\/orszaguti-kerekpar\/ineos-napok-a-cimvedo-gigasz-visszater-a-tour-de-hongrie-ra-mig-geraint-thomas-girot-nyerne\/#primaryimage\"},\"image\":{\"@id\":\"https:\/\/www.welovecycling.com\/hu\/orszaguti-kerekpar\/ineos-napok-a-cimvedo-gigasz-visszater-a-tour-de-hongrie-ra-mig-geraint-thomas-girot-nyerne\/#primaryimage\"},\"thumbnailUrl\":\"https:\/\/d2p6e6u75xmxt8.cloudfront.net\/12\/2023\/03\/20220215ineos-grenadiers.webp\",\"datePublished\":\"2023-03-26T06:00:28+00:00\",\"author\":{\"@id\":\"https:\/\/www.welovecycling.com\/hu\/#\/schema\/person\/414a2aebf1801691a5320edb6468e194\"},\"description\":\"\u00dajabb szenz\u00e1ci\u00f3s h\u00edr a magyar ker\u00e9kp\u00e1rkedvel\u0151knek: a brit szt\u00e1rcsapat 2023-ban is visszat\u00e9r haz\u00e1nkba, \u00e9s most sem adn\u00e1 al\u00e1bb az \u00f6sszetett gy\u0151zelemn\u00e9l. Az ist\u00e1ll\u00f3 legnagyobb szt\u00e1rjai ek\u00f6zben minden bizonnyal a Giro d\u2019Itali\u00e1n csillognak majd.\",\"breadcrumb\":{\"@id\":\"https:\/\/www.welovecycling.com\/hu\/orszaguti-kerekpar\/ineos-napok-a-cimvedo-gigasz-visszater-a-tour-de-hongrie-ra-mig-geraint-thomas-girot-nyerne\/#breadcrumb\"},\"inLanguage\":\"hu\",\"potentialAction\":[{\"@type\":\"ReadAction\",\"target\":[\"https:\/\/www.welovecycling.com\/hu\/orszaguti-kerekpar\/ineos-napok-a-cimvedo-gigasz-visszater-a-tour-de-hongrie-ra-mig-geraint-thomas-girot-nyerne\/\"]}]},{\"@type\":\"ImageObject\",\"inLanguage\":\"hu\",\"@id\":\"https:\/\/www.welovecycling.com\/hu\/orszaguti-kerekpar\/ineos-napok-a-cimvedo-gigasz-visszater-a-tour-de-hongrie-ra-mig-geraint-thomas-girot-nyerne\/#primaryimage\",\"url\":\"https:\/\/d2p6e6u75xmxt8.cloudfront.net\/12\/2023\/03\/20220215ineos-grenadiers.webp\",\"contentUrl\":\"https:\/\/d2p6e6u75xmxt8.cloudfront.net\/12\/2023\/03\/20220215ineos-grenadiers.webp\",\"width\":2048,\"height\":1365},{\"@type\":\"BreadcrumbList\",\"@id\":\"https:\/\/www.welovecycling.com\/hu\/orszaguti-kerekpar\/ineos-napok-a-cimvedo-gigasz-visszater-a-tour-de-hongrie-ra-mig-geraint-thomas-girot-nyerne\/#breadcrumb\",\"itemListElement\":[{\"@type\":\"ListItem\",\"position\":1,\"name\":\"Home\",\"item\":\"https:\/\/www.welovecycling.com\/hu\/\"},{\"@type\":\"ListItem\",\"position\":2,\"name\":\"Ineos-napok: a c\u00edmv\u00e9d\u0151 gig\u00e1sz visszat\u00e9r a Tour de Hongrie-ra, m\u00edg Geraint Thomas Gir\u00f3t nyerne\"}]},{\"@type\":\"WebSite\",\"@id\":\"https:\/\/www.welovecycling.com\/hu\/#website\",\"url\":\"https:\/\/www.welovecycling.com\/hu\/\",\"name\":\"\u0160koda We Love Cycling - Magyarorsz\u00e1g\",\"description\":\"\u0160koda WeLoveCycling\",\"potentialAction\":[{\"@type\":\"SearchAction\",\"target\":{\"@type\":\"EntryPoint\",\"urlTemplate\":\"https:\/\/www.welovecycling.com\/hu\/?s={search_term_string}\"},\"query-input\":{\"@type\":\"PropertyValueSpecification\",\"valueRequired\":true,\"valueName\":\"search_term_string\"}}],\"inLanguage\":\"hu\"},{\"@type\":\"Person\",\"@id\":\"https:\/\/www.welovecycling.com\/hu\/#\/schema\/person\/414a2aebf1801691a5320edb6468e194\",\"name\":\"hegyizs\",\"image\":{\"@type\":\"ImageObject\",\"inLanguage\":\"hu\",\"@id\":\"https:\/\/www.welovecycling.com\/hu\/#\/schema\/person\/image\/\",\"url\":\"https:\/\/secure.gravatar.com\/avatar\/02cf8a7906b8cf90cecb4679defac7cfd33a1c2e3b88e4903d947f3bb58eedd3?s=96&d=mm&r=g\",\"contentUrl\":\"https:\/\/secure.gravatar.com\/avatar\/02cf8a7906b8cf90cecb4679defac7cfd33a1c2e3b88e4903d947f3bb58eedd3?s=96&d=mm&r=g\",\"caption\":\"hegyizs\"},\"url\":\"https:\/\/www.welovecycling.com\/hu\/author\/hegyizs\/\"}]}<\/script>\n<!-- \/ Yoast SEO Premium plugin. -->","yoast_head_json":{"title":"Ineos-napok: a c\u00edmv\u00e9d\u0151 gig\u00e1sz visszat\u00e9r a Tour de Hongrie-ra, m\u00edg Geraint Thomas Gir\u00f3t nyerne","description":"\u00dajabb szenz\u00e1ci\u00f3s h\u00edr a magyar ker\u00e9kp\u00e1rkedvel\u0151knek: a brit szt\u00e1rcsapat 2023-ban is visszat\u00e9r haz\u00e1nkba, \u00e9s most sem adn\u00e1 al\u00e1bb az \u00f6sszetett gy\u0151zelemn\u00e9l. Az ist\u00e1ll\u00f3 legnagyobb szt\u00e1rjai ek\u00f6zben minden bizonnyal a Giro d\u2019Itali\u00e1n csillognak majd.","robots":{"index":"index","follow":"follow","max-snippet":"max-snippet:-1","max-image-preview":"max-image-preview:large","max-video-preview":"max-video-preview:-1"},"canonical":"https:\/\/www.welovecycling.com\/hu\/orszaguti-kerekpar\/ineos-napok-a-cimvedo-gigasz-visszater-a-tour-de-hongrie-ra-mig-geraint-thomas-girot-nyerne\/","og_locale":"hu_HU","og_type":"article","og_title":"Ineos-napok: a c\u00edmv\u00e9d\u0151 gig\u00e1sz visszat\u00e9r a Tour de Hongrie-ra, m\u00edg Geraint Thomas Gir\u00f3t nyerne","og_description":"\u00dajabb szenz\u00e1ci\u00f3s h\u00edr a magyar ker\u00e9kp\u00e1rkedvel\u0151knek: a brit szt\u00e1rcsapat 2023-ban is visszat\u00e9r haz\u00e1nkba, \u00e9s most sem adn\u00e1 al\u00e1bb az \u00f6sszetett gy\u0151zelemn\u00e9l. Az ist\u00e1ll\u00f3 legnagyobb szt\u00e1rjai ek\u00f6zben minden bizonnyal a Giro d\u2019Itali\u00e1n csillognak majd.","og_url":"https:\/\/www.welovecycling.com\/hu\/orszaguti-kerekpar\/ineos-napok-a-cimvedo-gigasz-visszater-a-tour-de-hongrie-ra-mig-geraint-thomas-girot-nyerne\/","og_site_name":"\u0160koda We Love Cycling - Magyarorsz\u00e1g","article_publisher":"https:\/\/www.facebook.com\/WeLoveCyclingHungary\/","article_published_time":"2023-03-26T06:00:28+00:00","og_image":[{"width":2048,"height":1365,"url":"https:\/\/d2p6e6u75xmxt8.cloudfront.net\/12\/2023\/03\/20220215ineos-grenadiers.webp","type":"image\/webp"}],"author":"hegyizs","twitter_card":"summary_large_image","twitter_misc":{"Written by":"WLC","Est. reading time":"5 minutes"},"schema":{"@context":"https:\/\/schema.org","@graph":[{"@type":"WebPage","@id":"https:\/\/www.welovecycling.com\/hu\/orszaguti-kerekpar\/ineos-napok-a-cimvedo-gigasz-visszater-a-tour-de-hongrie-ra-mig-geraint-thomas-girot-nyerne\/","url":"https:\/\/www.welovecycling.com\/hu\/orszaguti-kerekpar\/ineos-napok-a-cimvedo-gigasz-visszater-a-tour-de-hongrie-ra-mig-geraint-thomas-girot-nyerne\/","name":"Ineos-napok: a c\u00edmv\u00e9d\u0151 gig\u00e1sz visszat\u00e9r a Tour de Hongrie-ra, m\u00edg Geraint Thomas Gir\u00f3t nyerne","isPartOf":{"@id":"https:\/\/www.welovecycling.com\/hu\/#website"},"primaryImageOfPage":{"@id":"https:\/\/www.welovecycling.com\/hu\/orszaguti-kerekpar\/ineos-napok-a-cimvedo-gigasz-visszater-a-tour-de-hongrie-ra-mig-geraint-thomas-girot-nyerne\/#primaryimage"},"image":{"@id":"https:\/\/www.welovecycling.com\/hu\/orszaguti-kerekpar\/ineos-napok-a-cimvedo-gigasz-visszater-a-tour-de-hongrie-ra-mig-geraint-thomas-girot-nyerne\/#primaryimage"},"thumbnailUrl":"https:\/\/d2p6e6u75xmxt8.cloudfront.net\/12\/2023\/03\/20220215ineos-grenadiers.webp","datePublished":"2023-03-26T06:00:28+00:00","author":{"@id":"https:\/\/www.welovecycling.com\/hu\/#\/schema\/person\/414a2aebf1801691a5320edb6468e194"},"description":"\u00dajabb szenz\u00e1ci\u00f3s h\u00edr a magyar ker\u00e9kp\u00e1rkedvel\u0151knek: a brit szt\u00e1rcsapat 2023-ban is visszat\u00e9r haz\u00e1nkba, \u00e9s most sem adn\u00e1 al\u00e1bb az \u00f6sszetett gy\u0151zelemn\u00e9l. Az ist\u00e1ll\u00f3 legnagyobb szt\u00e1rjai ek\u00f6zben minden bizonnyal a Giro d\u2019Itali\u00e1n csillognak majd.","breadcrumb":{"@id":"https:\/\/www.welovecycling.com\/hu\/orszaguti-kerekpar\/ineos-napok-a-cimvedo-gigasz-visszater-a-tour-de-hongrie-ra-mig-geraint-thomas-girot-nyerne\/#breadcrumb"},"inLanguage":"hu","potentialAction":[{"@type":"ReadAction","target":["https:\/\/www.welovecycling.com\/hu\/orszaguti-kerekpar\/ineos-napok-a-cimvedo-gigasz-visszater-a-tour-de-hongrie-ra-mig-geraint-thomas-girot-nyerne\/"]}]},{"@type":"ImageObject","inLanguage":"hu","@id":"https:\/\/www.welovecycling.com\/hu\/orszaguti-kerekpar\/ineos-napok-a-cimvedo-gigasz-visszater-a-tour-de-hongrie-ra-mig-geraint-thomas-girot-nyerne\/#primaryimage","url":"https:\/\/d2p6e6u75xmxt8.cloudfront.net\/12\/2023\/03\/20220215ineos-grenadiers.webp","contentUrl":"https:\/\/d2p6e6u75xmxt8.cloudfront.net\/12\/2023\/03\/20220215ineos-grenadiers.webp","width":2048,"height":1365},{"@type":"BreadcrumbList","@id":"https:\/\/www.welovecycling.com\/hu\/orszaguti-kerekpar\/ineos-napok-a-cimvedo-gigasz-visszater-a-tour-de-hongrie-ra-mig-geraint-thomas-girot-nyerne\/#breadcrumb","itemListElement":[{"@type":"ListItem","position":1,"name":"Home","item":"https:\/\/www.welovecycling.com\/hu\/"},{"@type":"ListItem","position":2,"name":"Ineos-napok: a c\u00edmv\u00e9d\u0151 gig\u00e1sz visszat\u00e9r a Tour de Hongrie-ra, m\u00edg Geraint Thomas Gir\u00f3t nyerne"}]},{"@type":"WebSite","@id":"https:\/\/www.welovecycling.com\/hu\/#website","url":"https:\/\/www.welovecycling.com\/hu\/","name":"\u0160koda We Love Cycling - Magyarorsz\u00e1g","description":"\u0160koda WeLoveCycling","potentialAction":[{"@type":"SearchAction","target":{"@type":"EntryPoint","urlTemplate":"https:\/\/www.welovecycling.com\/hu\/?s={search_term_string}"},"query-input":{"@type":"PropertyValueSpecification","valueRequired":true,"valueName":"search_term_string"}}],"inLanguage":"hu"},{"@type":"Person","@id":"https:\/\/www.welovecycling.com\/hu\/#\/schema\/person\/414a2aebf1801691a5320edb6468e194","name":"hegyizs","image":{"@type":"ImageObject","inLanguage":"hu","@id":"https:\/\/www.welovecycling.com\/hu\/#\/schema\/person\/image\/","url":"https:\/\/secure.gravatar.com\/avatar\/02cf8a7906b8cf90cecb4679defac7cfd33a1c2e3b88e4903d947f3bb58eedd3?s=96&d=mm&r=g","contentUrl":"https:\/\/secure.gravatar.com\/avatar\/02cf8a7906b8cf90cecb4679defac7cfd33a1c2e3b88e4903d947f3bb58eedd3?s=96&d=mm&r=g","caption":"hegyizs"},"url":"https:\/\/www.welovecycling.com\/hu\/author\/hegyizs\/"}]}},"_links":{"self":[{"href":"https:\/\/www.welovecycling.com\/hu\/wp-json\/wp\/v2\/posts\/17170","targetHints":{"allow":["GET"]}}],"collection":[{"href":"https:\/\/www.welovecycling.com\/hu\/wp-json\/wp\/v2\/posts"}],"about":[{"href":"https:\/\/www.welovecycling.com\/hu\/wp-json\/wp\/v2\/types\/post"}],"author":[{"embeddable":true,"href":"https:\/\/www.welovecycling.com\/hu\/wp-json\/wp\/v2\/users\/71"}],"replies":[{"embeddable":true,"href":"https:\/\/www.welovecycling.com\/hu\/wp-json\/wp\/v2\/comments?post=17170"}],"version-history":[{"count":1,"href":"https:\/\/www.welovecycling.com\/hu\/wp-json\/wp\/v2\/posts\/17170\/revisions"}],"predecessor-version":[{"id":17175,"href":"https:\/\/www.welovecycling.com\/hu\/wp-json\/wp\/v2\/posts\/17170\/revisions\/17175"}],"wp:featuredmedia":[{"embeddable":true,"href":"https:\/\/www.welovecycling.com\/hu\/wp-json\/wp\/v2\/media\/17173"}],"wp:attachment":[{"href":"https:\/\/www.welovecycling.com\/hu\/wp-json\/wp\/v2\/media?parent=17170"}],"wp:term":[{"taxonomy":"category","embeddable":true,"href":"https:\/\/www.welovecycling.com\/hu\/wp-json\/wp\/v2\/categories?post=17170"},{"taxonomy":"post_tag","embeddable":true,"href":"https:\/\/www.welovecycling.com\/hu\/wp-json\/wp\/v2\/tags?post=17170"},{"taxonomy":"global-categories","embeddable":true,"href":"https:\/\/www.welovecycling.com\/hu\/wp-json\/wp\/v2\/global-categories?post=17170"}],"curies":[{"name":"wp","href":"https:\/\/api.w.org\/{rel}","templated":true}]}}