{"id":17155,"date":"2023-03-21T08:00:17","date_gmt":"2023-03-21T06:00:17","guid":{"rendered":"https:\/\/www.welovecycling.com\/hu\/?p=17155"},"modified":"2023-03-17T16:08:34","modified_gmt":"2023-03-17T14:08:34","slug":"egy-1580-kilometeres-off-road-kerekparut-vonzza-a-bringasokat-ugandaba","status":"publish","type":"post","link":"https:\/\/www.welovecycling.com\/hu\/trekking-mtb\/egy-1580-kilometeres-off-road-kerekparut-vonzza-a-bringasokat-ugandaba\/","title":{"rendered":"Egy 1580 kilom\u00e9teres off-road ker\u00e9kp\u00e1r\u00fat vonzza a bring\u00e1sokat Ugand\u00e1ba"},"content":{"rendered":"<p><strong>Olyan kalandra v\u00e1gysz, ami sor\u00e1n a term\u00e9szetben lehetsz, megcsod\u00e1lhatod a rendk\u00edv\u00fcli vadvil\u00e1got, \u00e9s m\u00e9g kultur\u00e1lisan is kikapcsol\u00f3dhatsz? Akkor ne keress tov\u00e1bb! Uganda 1580 kilom\u00e9teres terepker\u00e9kp\u00e1r\u00fatja csak r\u00e1d v\u00e1r! Ez az egyed\u00fcl\u00e1ll\u00f3 \u00fatvonal az orsz\u00e1g d\u00e9lnyugati r\u00e9sz\u00e9t\u0151l a messzi \u00e9szakkeleti r\u00e9szig h\u00faz\u00f3dik, \u00e9s sz\u00e1mos helyi t\u00f6rzs\u00f6n vezet kereszt\u00fcl, melyek mindegyike saj\u00e1t nyelvvel, szok\u00e1sokkal \u00e9s st\u00edlussal b\u00fcszk\u00e9lkedhet. A terepker\u00e9kp\u00e1roz\u00e1s t\u00f6k\u00e9letes lehet\u0151s\u00e9get biztos\u00edt arra, hogy k\u00f6zelebb ker\u00fclj a dzsungelhez \u00e9s annak f\u0151eml\u0151s lak\u00f3ihoz, p\u00e9ld\u00e1ul a gorill\u00e1khoz \u00e9s a csimp\u00e1nzokhoz. Ez Afrika egyik legizgalmasabb ker\u00e9kp\u00e1ros \u00fatvonala!<\/strong><\/p>\n<p><!--more--><\/p>\n<p>A felfedezetlen utakat keres\u0151 ker\u00e9kp\u00e1rosok nap mint nap \u00faj ter\u00fcleteket tal\u00e1lnak minden kontinensen. Az egyik leg\u00fajabb ilyen felfedez\u00e9s pedig Uganda 1580 kilom\u00e9teres terepker\u00e9kp\u00e1r\u00fatja. Az \u00f6sv\u00e9ny n\u00e9gy f\u0151 szakaszra oszlik, \u00e9s mind\u00f6ssze 15%-a aszfaltozott. K\u00e9sz\u00edt\u0151i azt \u00e1ll\u00edtj\u00e1k, hogy hossz\u00fa, de egyben k\u00f6nny\u0171 \u00e9s biztons\u00e1gos.<\/p>\n<p>Kezdetben az \u00fatvonalat r\u00e9gim\u00f3di Roadmasterekkel, az Ugand\u00e1ban haszn\u00e1latos egysebess\u00e9ges falusi ker\u00e9kp\u00e1rokkal tesztelt\u00e9k, hogy megmutass\u00e1k, hogy m\u00e9g az olcs\u00f3 biciklik is alkalmasak az \u00fatvonal teljes\u00edt\u00e9s\u00e9hez.<em> &#8220;Ez volt \u00e9letem legnagyobb kalandja&#8221;<\/em> &#8211; mondta Alexander Bonger, a ker\u00e9kp\u00e1r\u00fat egyik \u00fatt\u00f6r\u0151je. Egy helyi idegenvezet\u0151 k\u00eds\u00e9ret\u00e9ben szelte \u00e1t a dzsungelt, a nemzeti parkok szavann\u00e1it \u00e9s a sivatagot, \u00e9rintve az Egyenl\u00edt\u0151t \u00e9s a N\u00edlust is. A v\u00f6r\u00f6s f\u00f6ldutakkal \u00e9s az angolul besz\u00e9l\u0151 helyiekkel Uganda mindent biztos\u00edt, amire egy ker\u00e9kp\u00e1rosnak sz\u00fcks\u00e9ge lehet a t\u00f6k\u00e9letes t\u00fara megszervez\u00e9s\u00e9hez. Alexander szerint azonban miel\u0151tt nekiv\u00e1gn\u00e1l a kalandnak, \u00e9rdemes elsaj\u00e1t\u00edtani az alapvet\u0151 szervizel\u00e9si k\u00e9szs\u00e9geket, mivel a f\u0151v\u00e1roson, Kampal\u00e1n k\u00edv\u00fcl ritk\u00e1k a ker\u00e9kp\u00e1rjav\u00edt\u00f3 m\u0171helyek.<\/p>\n<div class=\"embed-controller-wrapper\">\n<blockquote class=\"twitter-tweet\" data-width=\"500\" data-dnt=\"true\">\n<p lang=\"en\" dir=\"ltr\">Are you brave enough to cycle in Uganda?\u00a0\ud83d\ude08 &#8211; <a href=\"https:\/\/t.co\/9uJU3r9pOF\">https:\/\/t.co\/9uJU3r9pOF<\/a> <a href=\"https:\/\/t.co\/zrLK7UJrCE\">pic.twitter.com\/zrLK7UJrCE<\/a><\/p>\n<p>&mdash; Red Dirt Uganda (@RedDirtUganda) <a href=\"https:\/\/twitter.com\/RedDirtUganda\/status\/1492211718122004487?ref_src=twsrc%5Etfw\">February 11, 2022<\/a><\/p><\/blockquote>\n<p><script async data-src=\"https:\/\/platform.twitter.com\/widgets.js\" charset=\"utf-8\"><\/script><\/div>\n<p>A r\u00e9gi \u00e9s neh\u00e9z Roadmaster ker\u00e9kp\u00e1rokkal viccesen indult az \u00fat, de k\u00e9s\u0151bb kider\u00fclt, hogy j\u00f3 v\u00e1laszt\u00e1snak bizonyultak. Mivel Uganda hegyvid\u00e9ki orsz\u00e1g, a neh\u00e9z ac\u00e9lker\u00e9kp\u00e1rokkal kezdetben neh\u00e9z volt felm\u00e1szni a meredek utakon, ez\u00e9rt Alexander \u00e9s t\u00e1rsa n\u00e9ha lesz\u00e1lltak \u00e9s ink\u00e1bb gyalogoltak. A pihen\u00e9s mellett ez arra is lehet\u0151s\u00e9get adott nekik, hogy megcsod\u00e1lhass\u00e1k a k\u00f6rnyezetet. A napi mintegy 70 km-es szakaszokat \u00e1ltal\u00e1ban d\u00e9lut\u00e1nig teljes\u00edtett\u00e9k. <em>&#8220;V\u00e9g\u00fcl is gyors \u00e9s k\u00e9nyelmes volt a Roadmasterekkel v\u00e9gigmenni az \u00fatvonalon&#8221;<\/em> &#8211; mondta Alexander.<br \/>\nA t\u00fara alatt a sr\u00e1cok mindenf\u00e9le helyen megsz\u00e1lltak, bele\u00e9rtve az \u00fat menti olcs\u00f3 sz\u00e1llod\u00e1kat \u00e9s a luxush\u00e1zakat is. N\u00e9ha m\u00e9g helyi lakosok is beinvit\u00e1lt\u00e1k \u0151ket \u00e9jszak\u00e1ra. A Roadmasterek haszn\u00e1lata pedig bizony\u00edt\u00e9kul szolg\u00e1lt arra, hogy b\u00e1rmilyen t\u00edpus\u00fa ker\u00e9kp\u00e1rral tekerhetsz az ugandai utakon, ak\u00e1rmilyen hossz\u00fa \u00f6sv\u00e9nyr\u0151l legyen is sz\u00f3.<\/p>\n<p>Az \u00fatvonal a gorill\u00e1k lakta felf\u00f6ldt\u0151l a Vikt\u00f3ria-tavon kereszt\u00fcl eg\u00e9szen a kenyai hat\u00e1ron l\u00e9v\u0151 4321 m\u00e9ter magas Elgon-hegyig h\u00faz\u00f3dik. \u00cdgy k\u00e9t-h\u00e1romnaponta az orsz\u00e1g egy teljesen \u00faj r\u00e9sz\u00e9n tal\u00e1lod magad. Mivel Uganda a vil\u00e1g etnikailag legv\u00e1ltozatosabb orsz\u00e1ga, az \u00f6sv\u00e9nyen haladva t\u00f6bb tucatnyi t\u00f6rzzsel tal\u00e1lkozhatsz, akiknek \u2013 mint m\u00e1r eml\u00edtett\u00fck \u2013 saj\u00e1t nyelv\u00fck, szok\u00e1saik \u00e9s st\u00edlusuk van.<\/p>\n<div class=\"embed-controller-wrapper\">\n<blockquote class=\"twitter-tweet\" data-width=\"500\" data-dnt=\"true\">\n<p lang=\"en\" dir=\"ltr\">Our First Africa Cycling Adventure this Year is a Fact &#8211; <a href=\"https:\/\/t.co\/Wv5wCEEBkx\">https:\/\/t.co\/Wv5wCEEBkx<\/a> <a href=\"https:\/\/t.co\/YeMk8UV98f\">pic.twitter.com\/YeMk8UV98f<\/a><\/p>\n<p>&mdash; Red Dirt Uganda (@RedDirtUganda) <a href=\"https:\/\/twitter.com\/RedDirtUganda\/status\/1391982106834767872?ref_src=twsrc%5Etfw\">May 11, 2021<\/a><\/p><\/blockquote>\n<p><script async data-src=\"https:\/\/platform.twitter.com\/widgets.js\" charset=\"utf-8\"><\/script><\/div>\n<p>A ker\u00e9kp\u00e1r\u00f6sv\u00e9nyt a Red Dirt Uganda utaz\u00e1sszervez\u0151 iroda tervezte, amely p\u00e1ratlan ker\u00e9kp\u00e1ros \u00e9lm\u00e9nyeket k\u00edn\u00e1l a turist\u00e1knak Ruand\u00e1ban \u00e9s Ugand\u00e1ban egyar\u00e1nt. <em>&#8220;A teljes \u00fatvonal ingyenesen let\u00f6lthet\u0151 az internetr\u0151l&#8221; <\/em>&#8211; mondta Thies Timmermans, a Red Dirt Uganda utaz\u00e1si iroda tulajdonosa. Thies m\u00e9g 2016-ban d\u00f6nt\u00f6tte el, hogy szeretne egy olyan \u00fatvonalat alkotni, ami lehet\u0151s\u00e9get teremt a ker\u00e9kp\u00e1rosoknak arra, hogy m\u00e1s szemsz\u00f6gb\u0151l l\u00e1ss\u00e1k Ugand\u00e1t. Az \u00e9vek sor\u00e1n a Red Dirt Uganda a holland korm\u00e1nnyal \u00e9s holland-ugandiai c\u00e9gekkel egy\u00fcttm\u0171k\u00f6dve m\u00e9g sz\u00e1mos m\u00e1s \u00fatvonalat is \u00e9p\u00edtett.<\/p>\n<p>A ker\u00e9kp\u00e1roz\u00e1s szerelmesei k\u00e9s\u0151bb sz\u00e1mos \u00fatvonalat \u00e9p\u00edtettek az Uganda Cycling Trailbe, ezzel egy hatalmas infrastrukt\u00far\u00e1t hozva l\u00e9tre. A t\u00e9rk\u00e9pen a k\u00f6rny\u00e9k javasolt \u00fatvonalai, sz\u00e1llod\u00e1i, programlehet\u0151s\u00e9gei, \u00e9ttermei \u00e9s ker\u00e9kp\u00e1rjav\u00edt\u00f3 m\u0171helyei is l\u00e1that\u00f3k. Az ugandai lakosok azt rem\u00e9lik, hogy az \u00f6sv\u00e9ny h\u00edr\u00e9re egyre t\u00f6bb turista fog az orsz\u00e1gukba \u00e9rkezni. <em>&#8220;Az ugandai szafarik gy\u00f6ny\u00f6r\u0171ek, de enn\u00e9l m\u00e9g sokkal t\u00f6bbet tudunk ny\u00fajtani<\/em>&#8221; &#8211; mondj\u00e1k a helyiek.<\/p>\n","protected":false},"excerpt":{"rendered":"<p>Olyan kalandra v\u00e1gysz, ami sor\u00e1n a term\u00e9szetben lehetsz, megcsod\u00e1lhatod a rendk\u00edv\u00fcli vadvil\u00e1got, \u00e9s m\u00e9g kultur\u00e1lisan is kikapcsol\u00f3dhatsz? Akkor ne keress [&hellip;]<\/p>\n","protected":false},"author":71,"featured_media":17158,"comment_status":"open","ping_status":"open","sticky":false,"template":"","format":"standard","meta":{"footnotes":""},"categories":[7],"tags":[],"global-categories":[],"class_list":["post-17155","post","type-post","status-publish","format-standard","has-post-thumbnail","hentry","category-trekking-mtb"],"yoast_head":"<!-- This site is optimized with the Yoast SEO Premium plugin v25.3 (Yoast SEO v25.9) - https:\/\/yoast.com\/wordpress\/plugins\/seo\/ -->\n<title>Egy 1580 kilom\u00e9teres off-road ker\u00e9kp\u00e1r\u00fat vonzza a bring\u00e1sokat Ugand\u00e1ba<\/title>\n<meta name=\"description\" content=\"Olyan kalandra v\u00e1gysz, ami sor\u00e1n a term\u00e9szetben lehetsz, megcsod\u00e1lhatod a rendk\u00edv\u00fcli vadvil\u00e1got, \u00e9s m\u00e9g kultur\u00e1lisan is kikapcsol\u00f3dhatsz? Akkor ne keress tov\u00e1bb! Uganda 1580 kilom\u00e9teres terepker\u00e9kp\u00e1r\u00fatja csak r\u00e1d v\u00e1r!\" \/>\n<meta name=\"robots\" content=\"index, follow, max-snippet:-1, max-image-preview:large, max-video-preview:-1\" \/>\n<link rel=\"canonical\" href=\"https:\/\/www.welovecycling.com\/hu\/trekking-mtb\/egy-1580-kilometeres-off-road-kerekparut-vonzza-a-bringasokat-ugandaba\/\" \/>\n<meta property=\"og:locale\" content=\"hu_HU\" \/>\n<meta property=\"og:type\" content=\"article\" \/>\n<meta property=\"og:title\" content=\"Egy 1580 kilom\u00e9teres off-road ker\u00e9kp\u00e1r\u00fat vonzza a bring\u00e1sokat Ugand\u00e1ba\" \/>\n<meta property=\"og:description\" content=\"Olyan kalandra v\u00e1gysz, ami sor\u00e1n a term\u00e9szetben lehetsz, megcsod\u00e1lhatod a rendk\u00edv\u00fcli vadvil\u00e1got, \u00e9s m\u00e9g kultur\u00e1lisan is kikapcsol\u00f3dhatsz? Akkor ne keress tov\u00e1bb! Uganda 1580 kilom\u00e9teres terepker\u00e9kp\u00e1r\u00fatja csak r\u00e1d v\u00e1r!\" \/>\n<meta property=\"og:url\" content=\"https:\/\/www.welovecycling.com\/hu\/trekking-mtb\/egy-1580-kilometeres-off-road-kerekparut-vonzza-a-bringasokat-ugandaba\/\" \/>\n<meta property=\"og:site_name\" content=\"\u0160koda We Love Cycling - Magyarorsz\u00e1g\" \/>\n<meta property=\"article:publisher\" content=\"https:\/\/www.facebook.com\/WeLoveCyclingHungary\/\" \/>\n<meta property=\"article:published_time\" content=\"2023-03-21T06:00:17+00:00\" \/>\n<meta property=\"og:image\" content=\"https:\/\/d2p6e6u75xmxt8.cloudfront.net\/12\/2023\/03\/Uganda-Cycling-Trail-profimedia-0654545761-CVR.webp\" \/>\n\t<meta property=\"og:image:width\" content=\"990\" \/>\n\t<meta property=\"og:image:height\" content=\"660\" \/>\n\t<meta property=\"og:image:type\" content=\"image\/webp\" \/>\n<meta name=\"author\" content=\"hegyizs\" \/>\n<meta name=\"twitter:card\" content=\"summary_large_image\" \/>\n<meta name=\"twitter:label1\" content=\"Written by\" \/>\n\t<meta name=\"twitter:data1\" content=\"Adam Marsal\" \/>\n\t<meta name=\"twitter:label2\" content=\"Est. reading time\" \/>\n\t<meta name=\"twitter:data2\" content=\"5\" \/>\n<script type=\"application\/ld+json\" class=\"yoast-schema-graph\">{\"@context\":\"https:\/\/schema.org\",\"@graph\":[{\"@type\":\"WebPage\",\"@id\":\"https:\/\/www.welovecycling.com\/hu\/trekking-mtb\/egy-1580-kilometeres-off-road-kerekparut-vonzza-a-bringasokat-ugandaba\/\",\"url\":\"https:\/\/www.welovecycling.com\/hu\/trekking-mtb\/egy-1580-kilometeres-off-road-kerekparut-vonzza-a-bringasokat-ugandaba\/\",\"name\":\"Egy 1580 kilom\u00e9teres off-road ker\u00e9kp\u00e1r\u00fat vonzza a bring\u00e1sokat Ugand\u00e1ba\",\"isPartOf\":{\"@id\":\"https:\/\/www.welovecycling.com\/hu\/#website\"},\"primaryImageOfPage\":{\"@id\":\"https:\/\/www.welovecycling.com\/hu\/trekking-mtb\/egy-1580-kilometeres-off-road-kerekparut-vonzza-a-bringasokat-ugandaba\/#primaryimage\"},\"image\":{\"@id\":\"https:\/\/www.welovecycling.com\/hu\/trekking-mtb\/egy-1580-kilometeres-off-road-kerekparut-vonzza-a-bringasokat-ugandaba\/#primaryimage\"},\"thumbnailUrl\":\"https:\/\/d2p6e6u75xmxt8.cloudfront.net\/12\/2023\/03\/Uganda-Cycling-Trail-profimedia-0654545761-CVR.webp\",\"datePublished\":\"2023-03-21T06:00:17+00:00\",\"author\":{\"@id\":\"https:\/\/www.welovecycling.com\/hu\/#\/schema\/person\/414a2aebf1801691a5320edb6468e194\"},\"description\":\"Olyan kalandra v\u00e1gysz, ami sor\u00e1n a term\u00e9szetben lehetsz, megcsod\u00e1lhatod a rendk\u00edv\u00fcli vadvil\u00e1got, \u00e9s m\u00e9g kultur\u00e1lisan is kikapcsol\u00f3dhatsz? Akkor ne keress tov\u00e1bb! Uganda 1580 kilom\u00e9teres terepker\u00e9kp\u00e1r\u00fatja csak r\u00e1d v\u00e1r!\",\"breadcrumb\":{\"@id\":\"https:\/\/www.welovecycling.com\/hu\/trekking-mtb\/egy-1580-kilometeres-off-road-kerekparut-vonzza-a-bringasokat-ugandaba\/#breadcrumb\"},\"inLanguage\":\"hu\",\"potentialAction\":[{\"@type\":\"ReadAction\",\"target\":[\"https:\/\/www.welovecycling.com\/hu\/trekking-mtb\/egy-1580-kilometeres-off-road-kerekparut-vonzza-a-bringasokat-ugandaba\/\"]}]},{\"@type\":\"ImageObject\",\"inLanguage\":\"hu\",\"@id\":\"https:\/\/www.welovecycling.com\/hu\/trekking-mtb\/egy-1580-kilometeres-off-road-kerekparut-vonzza-a-bringasokat-ugandaba\/#primaryimage\",\"url\":\"https:\/\/d2p6e6u75xmxt8.cloudfront.net\/12\/2023\/03\/Uganda-Cycling-Trail-profimedia-0654545761-CVR.webp\",\"contentUrl\":\"https:\/\/d2p6e6u75xmxt8.cloudfront.net\/12\/2023\/03\/Uganda-Cycling-Trail-profimedia-0654545761-CVR.webp\",\"width\":990,\"height\":660,\"caption\":\"Uganda cycling trail\"},{\"@type\":\"BreadcrumbList\",\"@id\":\"https:\/\/www.welovecycling.com\/hu\/trekking-mtb\/egy-1580-kilometeres-off-road-kerekparut-vonzza-a-bringasokat-ugandaba\/#breadcrumb\",\"itemListElement\":[{\"@type\":\"ListItem\",\"position\":1,\"name\":\"Home\",\"item\":\"https:\/\/www.welovecycling.com\/hu\/\"},{\"@type\":\"ListItem\",\"position\":2,\"name\":\"Egy 1580 kilom\u00e9teres off-road ker\u00e9kp\u00e1r\u00fat vonzza a bring\u00e1sokat Ugand\u00e1ba\"}]},{\"@type\":\"WebSite\",\"@id\":\"https:\/\/www.welovecycling.com\/hu\/#website\",\"url\":\"https:\/\/www.welovecycling.com\/hu\/\",\"name\":\"\u0160koda We Love Cycling - Magyarorsz\u00e1g\",\"description\":\"\u0160koda WeLoveCycling\",\"potentialAction\":[{\"@type\":\"SearchAction\",\"target\":{\"@type\":\"EntryPoint\",\"urlTemplate\":\"https:\/\/www.welovecycling.com\/hu\/?s={search_term_string}\"},\"query-input\":{\"@type\":\"PropertyValueSpecification\",\"valueRequired\":true,\"valueName\":\"search_term_string\"}}],\"inLanguage\":\"hu\"},{\"@type\":\"Person\",\"@id\":\"https:\/\/www.welovecycling.com\/hu\/#\/schema\/person\/414a2aebf1801691a5320edb6468e194\",\"name\":\"hegyizs\",\"image\":{\"@type\":\"ImageObject\",\"inLanguage\":\"hu\",\"@id\":\"https:\/\/www.welovecycling.com\/hu\/#\/schema\/person\/image\/\",\"url\":\"https:\/\/secure.gravatar.com\/avatar\/02cf8a7906b8cf90cecb4679defac7cfd33a1c2e3b88e4903d947f3bb58eedd3?s=96&d=mm&r=g\",\"contentUrl\":\"https:\/\/secure.gravatar.com\/avatar\/02cf8a7906b8cf90cecb4679defac7cfd33a1c2e3b88e4903d947f3bb58eedd3?s=96&d=mm&r=g\",\"caption\":\"hegyizs\"},\"url\":\"https:\/\/www.welovecycling.com\/hu\/author\/hegyizs\/\"}]}<\/script>\n<!-- \/ Yoast SEO Premium plugin. -->","yoast_head_json":{"title":"Egy 1580 kilom\u00e9teres off-road ker\u00e9kp\u00e1r\u00fat vonzza a bring\u00e1sokat Ugand\u00e1ba","description":"Olyan kalandra v\u00e1gysz, ami sor\u00e1n a term\u00e9szetben lehetsz, megcsod\u00e1lhatod a rendk\u00edv\u00fcli vadvil\u00e1got, \u00e9s m\u00e9g kultur\u00e1lisan is kikapcsol\u00f3dhatsz? Akkor ne keress tov\u00e1bb! Uganda 1580 kilom\u00e9teres terepker\u00e9kp\u00e1r\u00fatja csak r\u00e1d v\u00e1r!","robots":{"index":"index","follow":"follow","max-snippet":"max-snippet:-1","max-image-preview":"max-image-preview:large","max-video-preview":"max-video-preview:-1"},"canonical":"https:\/\/www.welovecycling.com\/hu\/trekking-mtb\/egy-1580-kilometeres-off-road-kerekparut-vonzza-a-bringasokat-ugandaba\/","og_locale":"hu_HU","og_type":"article","og_title":"Egy 1580 kilom\u00e9teres off-road ker\u00e9kp\u00e1r\u00fat vonzza a bring\u00e1sokat Ugand\u00e1ba","og_description":"Olyan kalandra v\u00e1gysz, ami sor\u00e1n a term\u00e9szetben lehetsz, megcsod\u00e1lhatod a rendk\u00edv\u00fcli vadvil\u00e1got, \u00e9s m\u00e9g kultur\u00e1lisan is kikapcsol\u00f3dhatsz? Akkor ne keress tov\u00e1bb! Uganda 1580 kilom\u00e9teres terepker\u00e9kp\u00e1r\u00fatja csak r\u00e1d v\u00e1r!","og_url":"https:\/\/www.welovecycling.com\/hu\/trekking-mtb\/egy-1580-kilometeres-off-road-kerekparut-vonzza-a-bringasokat-ugandaba\/","og_site_name":"\u0160koda We Love Cycling - Magyarorsz\u00e1g","article_publisher":"https:\/\/www.facebook.com\/WeLoveCyclingHungary\/","article_published_time":"2023-03-21T06:00:17+00:00","og_image":[{"width":990,"height":660,"url":"https:\/\/d2p6e6u75xmxt8.cloudfront.net\/12\/2023\/03\/Uganda-Cycling-Trail-profimedia-0654545761-CVR.webp","type":"image\/webp"}],"author":"hegyizs","twitter_card":"summary_large_image","twitter_misc":{"Written by":"Adam Marsal","Est. reading time":"5"},"schema":{"@context":"https:\/\/schema.org","@graph":[{"@type":"WebPage","@id":"https:\/\/www.welovecycling.com\/hu\/trekking-mtb\/egy-1580-kilometeres-off-road-kerekparut-vonzza-a-bringasokat-ugandaba\/","url":"https:\/\/www.welovecycling.com\/hu\/trekking-mtb\/egy-1580-kilometeres-off-road-kerekparut-vonzza-a-bringasokat-ugandaba\/","name":"Egy 1580 kilom\u00e9teres off-road ker\u00e9kp\u00e1r\u00fat vonzza a bring\u00e1sokat Ugand\u00e1ba","isPartOf":{"@id":"https:\/\/www.welovecycling.com\/hu\/#website"},"primaryImageOfPage":{"@id":"https:\/\/www.welovecycling.com\/hu\/trekking-mtb\/egy-1580-kilometeres-off-road-kerekparut-vonzza-a-bringasokat-ugandaba\/#primaryimage"},"image":{"@id":"https:\/\/www.welovecycling.com\/hu\/trekking-mtb\/egy-1580-kilometeres-off-road-kerekparut-vonzza-a-bringasokat-ugandaba\/#primaryimage"},"thumbnailUrl":"https:\/\/d2p6e6u75xmxt8.cloudfront.net\/12\/2023\/03\/Uganda-Cycling-Trail-profimedia-0654545761-CVR.webp","datePublished":"2023-03-21T06:00:17+00:00","author":{"@id":"https:\/\/www.welovecycling.com\/hu\/#\/schema\/person\/414a2aebf1801691a5320edb6468e194"},"description":"Olyan kalandra v\u00e1gysz, ami sor\u00e1n a term\u00e9szetben lehetsz, megcsod\u00e1lhatod a rendk\u00edv\u00fcli vadvil\u00e1got, \u00e9s m\u00e9g kultur\u00e1lisan is kikapcsol\u00f3dhatsz? Akkor ne keress tov\u00e1bb! Uganda 1580 kilom\u00e9teres terepker\u00e9kp\u00e1r\u00fatja csak r\u00e1d v\u00e1r!","breadcrumb":{"@id":"https:\/\/www.welovecycling.com\/hu\/trekking-mtb\/egy-1580-kilometeres-off-road-kerekparut-vonzza-a-bringasokat-ugandaba\/#breadcrumb"},"inLanguage":"hu","potentialAction":[{"@type":"ReadAction","target":["https:\/\/www.welovecycling.com\/hu\/trekking-mtb\/egy-1580-kilometeres-off-road-kerekparut-vonzza-a-bringasokat-ugandaba\/"]}]},{"@type":"ImageObject","inLanguage":"hu","@id":"https:\/\/www.welovecycling.com\/hu\/trekking-mtb\/egy-1580-kilometeres-off-road-kerekparut-vonzza-a-bringasokat-ugandaba\/#primaryimage","url":"https:\/\/d2p6e6u75xmxt8.cloudfront.net\/12\/2023\/03\/Uganda-Cycling-Trail-profimedia-0654545761-CVR.webp","contentUrl":"https:\/\/d2p6e6u75xmxt8.cloudfront.net\/12\/2023\/03\/Uganda-Cycling-Trail-profimedia-0654545761-CVR.webp","width":990,"height":660,"caption":"Uganda cycling trail"},{"@type":"BreadcrumbList","@id":"https:\/\/www.welovecycling.com\/hu\/trekking-mtb\/egy-1580-kilometeres-off-road-kerekparut-vonzza-a-bringasokat-ugandaba\/#breadcrumb","itemListElement":[{"@type":"ListItem","position":1,"name":"Home","item":"https:\/\/www.welovecycling.com\/hu\/"},{"@type":"ListItem","position":2,"name":"Egy 1580 kilom\u00e9teres off-road ker\u00e9kp\u00e1r\u00fat vonzza a bring\u00e1sokat Ugand\u00e1ba"}]},{"@type":"WebSite","@id":"https:\/\/www.welovecycling.com\/hu\/#website","url":"https:\/\/www.welovecycling.com\/hu\/","name":"\u0160koda We Love Cycling - Magyarorsz\u00e1g","description":"\u0160koda WeLoveCycling","potentialAction":[{"@type":"SearchAction","target":{"@type":"EntryPoint","urlTemplate":"https:\/\/www.welovecycling.com\/hu\/?s={search_term_string}"},"query-input":{"@type":"PropertyValueSpecification","valueRequired":true,"valueName":"search_term_string"}}],"inLanguage":"hu"},{"@type":"Person","@id":"https:\/\/www.welovecycling.com\/hu\/#\/schema\/person\/414a2aebf1801691a5320edb6468e194","name":"hegyizs","image":{"@type":"ImageObject","inLanguage":"hu","@id":"https:\/\/www.welovecycling.com\/hu\/#\/schema\/person\/image\/","url":"https:\/\/secure.gravatar.com\/avatar\/02cf8a7906b8cf90cecb4679defac7cfd33a1c2e3b88e4903d947f3bb58eedd3?s=96&d=mm&r=g","contentUrl":"https:\/\/secure.gravatar.com\/avatar\/02cf8a7906b8cf90cecb4679defac7cfd33a1c2e3b88e4903d947f3bb58eedd3?s=96&d=mm&r=g","caption":"hegyizs"},"url":"https:\/\/www.welovecycling.com\/hu\/author\/hegyizs\/"}]}},"_links":{"self":[{"href":"https:\/\/www.welovecycling.com\/hu\/wp-json\/wp\/v2\/posts\/17155","targetHints":{"allow":["GET"]}}],"collection":[{"href":"https:\/\/www.welovecycling.com\/hu\/wp-json\/wp\/v2\/posts"}],"about":[{"href":"https:\/\/www.welovecycling.com\/hu\/wp-json\/wp\/v2\/types\/post"}],"author":[{"embeddable":true,"href":"https:\/\/www.welovecycling.com\/hu\/wp-json\/wp\/v2\/users\/71"}],"replies":[{"embeddable":true,"href":"https:\/\/www.welovecycling.com\/hu\/wp-json\/wp\/v2\/comments?post=17155"}],"version-history":[{"count":1,"href":"https:\/\/www.welovecycling.com\/hu\/wp-json\/wp\/v2\/posts\/17155\/revisions"}],"predecessor-version":[{"id":17159,"href":"https:\/\/www.welovecycling.com\/hu\/wp-json\/wp\/v2\/posts\/17155\/revisions\/17159"}],"wp:featuredmedia":[{"embeddable":true,"href":"https:\/\/www.welovecycling.com\/hu\/wp-json\/wp\/v2\/media\/17158"}],"wp:attachment":[{"href":"https:\/\/www.welovecycling.com\/hu\/wp-json\/wp\/v2\/media?parent=17155"}],"wp:term":[{"taxonomy":"category","embeddable":true,"href":"https:\/\/www.welovecycling.com\/hu\/wp-json\/wp\/v2\/categories?post=17155"},{"taxonomy":"post_tag","embeddable":true,"href":"https:\/\/www.welovecycling.com\/hu\/wp-json\/wp\/v2\/tags?post=17155"},{"taxonomy":"global-categories","embeddable":true,"href":"https:\/\/www.welovecycling.com\/hu\/wp-json\/wp\/v2\/global-categories?post=17155"}],"curies":[{"name":"wp","href":"https:\/\/api.w.org\/{rel}","templated":true}]}}