{"id":17147,"date":"2023-03-25T08:00:15","date_gmt":"2023-03-25T06:00:15","guid":{"rendered":"https:\/\/www.welovecycling.com\/hu\/?p=17147"},"modified":"2023-03-17T16:11:09","modified_gmt":"2023-03-17T14:11:09","slug":"bringak-es-autok-igy-valassz-jol-ket-kerekparos-szerint","status":"publish","type":"post","link":"https:\/\/www.welovecycling.com\/hu\/skoda\/bringak-es-autok-igy-valassz-jol-ket-kerekparos-szerint\/","title":{"rendered":"Bring\u00e1k \u00e9s aut\u00f3k: \u00edgy v\u00e1lassz j\u00f3l, k\u00e9t ker\u00e9kp\u00e1ros szerint"},"content":{"rendered":"<p><strong>A ker\u00e9kp\u00e1rok nemcsak a \u0160KODA t\u00f6rt\u00e9nelm\u00e9nek r\u00e9szei, hanem akt\u00edv szerepl\u0151i a m\u00e1rka jelen\u00e9nek is. K\u00e9t profi ker\u00e9kp\u00e1ros hozott n\u00e9h\u00e1ny tippet arra, hogyan tudod a lehet\u0151 legjobban \u00f6sszehangolni a k\u00e9t- \u00e9s n\u00e9gykerek\u0171 t\u00e1rsad.<\/strong><!--more--><\/p>\n<p>Orla Walsh, \u00cdrorsz\u00e1gb\u00f3l \u00e9s Isabelle Beckers, Belgiumb\u00f3l m\u00e1r mindent tud a \u0160koda modellek ny\u00fajtotta lehet\u0151s\u00e9gekr\u0151l, \u00e9s arr\u00f3l, hogyan tudod bring\u00e1sk\u00e9nt a legink\u00e1bb kihaszn\u00e1lni azokat. Ha p\u00e9ld\u00e1ul nehezen tudod megoldani a ker\u00e9kp\u00e1rod sz\u00e1ll\u00edt\u00e1s\u00e1t, vagy k\u00edv\u00e1ncsi vagy, hogyan teszi k\u00f6nnyebb\u00e9 egy \u0160koda a bring\u00e1sok \u00e9let\u00e9t, olvass tov\u00e1bb!<\/p>\n<p>Nem kell agg\u00f3dnod, hogy nem fogod tudni feltenni a biciklidet a tet\u0151re. A megfelel\u0151 eszk\u00f6z\u00f6k \u00e9s tr\u00fckk\u00f6k haszn\u00e1lat\u00e1val szinte b\u00e1rmi lehets\u00e9ges. \u00c9s egy nagy csomagtart\u00f3val &#8211; mint amilyen p\u00e9ld\u00e1ul a \u0160KODA KODIAQ-\u00e9 -, amiben ak\u00e1r a gyermeked biciklij\u00e9t is sz\u00e1ll\u00edthatod a saj\u00e1tod mellett.<\/p>\n<p>Mivel Orla is, \u00e9s Isabelle is \u00e9vek \u00f3ta versenyez a sport\u00e1gban, hatalmas tud\u00e1s halmoz\u00f3dott fel benn\u00fck a teljes\u00edtm\u00e9nnyel \u00e9s biztons\u00e1ggal kapcsolatban. \u00c9rdemes megfogadni teh\u00e1t a tan\u00e1csaikat! Emellett mindketten rendszeresen vezetnek aut\u00f3t, \u00edgy a f\u0151 besz\u00e9lget\u00e9si t\u00e9m\u00e1nk az volt, hogy hogyan befoly\u00e1solja a ker\u00e9kp\u00e1roz\u00e1s a vezet\u00e9s \u00e9lm\u00e9ny\u00e9t \u00e9s ford\u00edtva, valamint hogy hogyan lehetnek az aut\u00f3k \u00e9s a biciklik egym\u00e1s t\u00f6k\u00e9letes kieg\u00e9sz\u00edt\u0151i.<\/p>\n<lite-youtube videoid=9ooR6b44njU params=\"enablejsapi=1\" style=\"background-image: url('https:\/\/i.ytimg.com\/vi_webp\/9ooR6b44njU\/maxresdefault.webp');\"><\/lite-youtube>\n<p><strong><em>El\u0151sz\u00f6r is, mes\u00e9lj\u00e9tek el, mikor kezdtetek el biciklizni! Mi motiv\u00e1lt, hogy nyeregbe \u00fcljetek?<\/em><\/strong><\/p>\n<p>Isabelle: Azt hiszem, 2009-ben vettem az els\u0151 biciklimet. El\u0151tte futottam, \u00e9s egy kr\u00f3nikus s\u00e9r\u00fcl\u00e9s miatt a bicikliz\u00e9s lett az alternat\u00edv edz\u00e9sem. Beleszerettem. A Flandriai k\u00f6rversenyen val\u00f3 r\u00e9szv\u00e9tel meggy\u0151z\u00f6tt arr\u00f3l, hogy folytatnom kell. Az azt k\u00f6vet\u0151 k\u00e9t \u00e9vben triatlonokon indultam. Id\u0151vel vil\u00e1goss\u00e1 v\u00e1lt, hogy sokkal er\u0151sebb vagyok a bicikliz\u00e9sben. 2013-ban \u00fagy d\u00f6nt\u00f6ttem, hogy elkezdek komolyan versenyezni.<\/p>\n<p>Orla: Az\u00e9rt kezdtem el biciklizni, mert sz\u00fcks\u00e9gem volt egy k\u00e9nyelmes megold\u00e1sra, amivel eljuthatok dolgozni \u00e9s az egyetemre. A dublini v\u00e1rosi k\u00f6zleked\u00e9s \u0151r\u00fcletes a forgalom miatt, \u00e9s a helyi t\u00f6megk\u00f6zleked\u00e9si rendszer nem t\u00fal j\u00f3. Biciklivel viszont 20 perc alatt ott voltam.<\/p>\n<p><img loading=\"lazy\" decoding=\"async\" class=\"alignnone size-full wp-image-17150\" src=\"https:\/\/d2p6e6u75xmxt8.cloudfront.net\/12\/2023\/03\/bike-on-the-roof-and-girl.webp\" alt=\"\" width=\"800\" height=\"500\" srcset=\"https:\/\/d2p6e6u75xmxt8.cloudfront.net\/12\/2023\/03\/bike-on-the-roof-and-girl.webp 800w, https:\/\/d2p6e6u75xmxt8.cloudfront.net\/12\/2023\/03\/bike-on-the-roof-and-girl-300x188.webp 300w, https:\/\/d2p6e6u75xmxt8.cloudfront.net\/12\/2023\/03\/bike-on-the-roof-and-girl-768x480.webp 768w, https:\/\/d2p6e6u75xmxt8.cloudfront.net\/12\/2023\/03\/bike-on-the-roof-and-girl-400x250.webp 400w\" sizes=\"auto, (max-width: 800px) 100vw, 800px\" \/><\/p>\n<p><strong><em>Mind a ketten vezettek aut\u00f3t is &#8211; mit gondoltok, mennyire befoly\u00e1solja az, hogy sof\u0151r\u00f6k is vagytok, hogy hogyan k\u00f6zlekedtek, ak\u00e1r k\u00e9t, ak\u00e1r n\u00e9gy ker\u00e9ken?<\/em><\/strong><\/p>\n<p>Isabelle: Nem mindig lehet \u00e9szrevenni a bicikliseket a forgalomban, ezt aut\u00f3sk\u00e9nt tudom. Ker\u00e9kp\u00e1rosk\u00e9nt teh\u00e1t extra \u00f3vatosnak kell lennem p\u00e9ld\u00e1ul az \u00fatkeresztez\u0151d\u00e9sekben. Soha nem v\u00e1llalok kock\u00e1zatot. Mindig meggy\u0151z\u0151d\u00f6m arr\u00f3l, hogy a vezet\u0151k l\u00e1tnak engem, miel\u0151tt b\u00e1rmilyen man\u0151vert hajtan\u00e9k v\u00e9gre. A ker\u00e9kp\u00e1roz\u00e1s pedig seg\u00edtett abban, hogy jobban tudjak kanyarodni aut\u00f3val \u00e9s es\u0151s utakon vezetni.<\/p>\n<p>Orla: Azt hiszem, az aut\u00f3vezet\u00e9s miatt jobban tudat\u00e1ban vagyok azoknak a helyzeteknek, amik vesz\u00e9lyesek lehetnek a ker\u00e9kp\u00e1rosok sz\u00e1m\u00e1ra. Jobban ismerem p\u00e9ld\u00e1ul a vak foltokat, ahol nem l\u00e1tnak az aut\u00f3b\u00f3l. Nagyon figyelek a ker\u00e9kp\u00e1rosokra, amikor vezetek &#8211; t\u00f6rt\u00e9netesen egy \u0160kod\u00e1t!<\/p>\n<p><img loading=\"lazy\" decoding=\"async\" class=\"alignnone size-large wp-image-17151\" src=\"https:\/\/d2p6e6u75xmxt8.cloudfront.net\/12\/2023\/03\/Kodiaq-with-bikes-on-the-roof-big-1024x533.webp\" alt=\"\" width=\"1024\" height=\"533\" srcset=\"https:\/\/d2p6e6u75xmxt8.cloudfront.net\/12\/2023\/03\/Kodiaq-with-bikes-on-the-roof-big-1024x533.webp 1024w, https:\/\/d2p6e6u75xmxt8.cloudfront.net\/12\/2023\/03\/Kodiaq-with-bikes-on-the-roof-big-300x156.webp 300w, https:\/\/d2p6e6u75xmxt8.cloudfront.net\/12\/2023\/03\/Kodiaq-with-bikes-on-the-roof-big-768x400.webp 768w, https:\/\/d2p6e6u75xmxt8.cloudfront.net\/12\/2023\/03\/Kodiaq-with-bikes-on-the-roof-big-400x208.webp 400w, https:\/\/d2p6e6u75xmxt8.cloudfront.net\/12\/2023\/03\/Kodiaq-with-bikes-on-the-roof-big.webp 1400w\" sizes=\"auto, (max-width: 1024px) 100vw, 1024px\" \/><\/p>\n<p><strong><em>Rendszeres k\u00eds\u00e9r\u0151k az aut\u00f3k a ker\u00e9kp\u00e1ros \u00e9letetekben? Haszn\u00e1lj\u00e1tok, amikor versenyekre utaztok, vagy hogy \u00faj utakat fedezzetek fel?<\/em><\/strong><\/p>\n<p>Isabelle: \u00c9n nagyon s\u00edk ter\u00fcleten \u00e9lek. A hegyi edz\u00e9sekhez aut\u00f3ra van sz\u00fcks\u00e9gem, hogy el tudjak menni az Ardennekbe vagy Hollandia dombjaihoz. Nagyszer\u0171 dolog \u00faj ter\u00fcleteket felfedezni. K\u00fcl\u00f6nleges dimenzi\u00f3t ad a ker\u00e9kp\u00e1roz\u00e1snak, ha van egy aut\u00f3d. Amikor ker\u00e9kp\u00e1rosversenyen veszek r\u00e9szt Belgiumban, akkor sz\u00fcks\u00e9gem van az edz\u0151 biciklimre, amit az aut\u00f3ban sz\u00e1ll\u00edtok a rajthoz. Az aut\u00f3 n\u00e9lk\u00fcl\u00f6zhetetlen, ha versenyezni szeretn\u00e9l. Ezen k\u00edv\u00fcl a takar\u00f3k a piszkos bicikli al\u00e1, a szersz\u00e1mok \u00e9s a k\u00e9zi pumpa mindig ott vannak az aut\u00f3mban.<\/p>\n<p>Orla: \u00c9n csak akkor sz\u00e1ll\u00edtom aut\u00f3val a biciklim, ha t\u00e1voli esem\u00e9nyre utazom.<\/p>\n<p><img loading=\"lazy\" decoding=\"async\" class=\"alignnone size-full wp-image-17152\" src=\"https:\/\/d2p6e6u75xmxt8.cloudfront.net\/12\/2023\/03\/loading-bikes-on-Kodiaq.webp\" alt=\"\" width=\"800\" height=\"500\" srcset=\"https:\/\/d2p6e6u75xmxt8.cloudfront.net\/12\/2023\/03\/loading-bikes-on-Kodiaq.webp 800w, https:\/\/d2p6e6u75xmxt8.cloudfront.net\/12\/2023\/03\/loading-bikes-on-Kodiaq-300x188.webp 300w, https:\/\/d2p6e6u75xmxt8.cloudfront.net\/12\/2023\/03\/loading-bikes-on-Kodiaq-768x480.webp 768w, https:\/\/d2p6e6u75xmxt8.cloudfront.net\/12\/2023\/03\/loading-bikes-on-Kodiaq-400x250.webp 400w\" sizes=\"auto, (max-width: 800px) 100vw, 800px\" \/><\/p>\n<p><strong><em>Van b\u00e1rmilyen hasznos tippetek a ker\u00e9kp\u00e1roz\u00e1ssal \u00e9s a biztons\u00e1gos k\u00f6zleked\u00e9ssel kapcsolatban, amit szeretn\u00e9tek megosztani az olvas\u00f3inkkal?<\/em><\/strong><\/p>\n<p>Isabelle: Mindig gy\u0151z\u0151djetek meg r\u00f3la, hogy az aut\u00f3sok l\u00e1tnak, \u00e9s jelezz\u00e9tek egy\u00e9rtelm\u0171en a sz\u00e1nd\u00e9kotokat (p\u00e9ld\u00e1ul k\u00e9zjelz\u00e9sek haszn\u00e1lat\u00e1val)! Nem \u00e9ri meg kock\u00e1ztatni, ink\u00e1bb v\u00e1rd ki azt a p\u00e1r extra m\u00e1sodpercet. Egy ker\u00e9kp\u00e1rcseng\u0151 meglehet\u0151sen praktikus dolog. \u00c9s sosem \u00e1rt, ha megk\u00f6sz\u00f6n\u00f6d, ha egy aut\u00f3s el\u0151z\u00e9keny veled! Egy\u00fctt kell dolgoznunk, nem egym\u00e1s ellen.<\/p>\n<p>Orla: A legjobb tipp a ker\u00e9kp\u00e1rosoknak az, hogy mindig sz\u00e1m\u00edtsanak arra, hogy az aut\u00f3sok nem l\u00e1tnak j\u00f3l. Legy\u00e9l el\u0151vigy\u00e1zatos, amikor az \u00fat ment\u00e9n \u00e1ll\u00f3 aut\u00f3k mellett ker\u00e9kp\u00e1rozol, mert hirtelen kinyithatj\u00e1k az ajt\u00f3kat! Az aut\u00f3soknak pedig fontos, hogy gyakran ellen\u0151rizz\u00e9k a visszapillant\u00f3t\u00fckr\u00f6ket, \u00e9s figyeljenek a holtterekre, miel\u0151tt kanyarodn\u00e1nak. El\u0151z\u00e9skor pedig figyeljetek r\u00e1, hogy meglegyen a m\u00e1sf\u00e9l m\u00e9teres oldalt\u00e1vols\u00e1g a biciklisekt\u0151l!<\/p>\n","protected":false},"excerpt":{"rendered":"<p>A ker\u00e9kp\u00e1rok nemcsak a \u0160KODA t\u00f6rt\u00e9nelm\u00e9nek r\u00e9szei, hanem akt\u00edv szerepl\u0151i a m\u00e1rka jelen\u00e9nek is. K\u00e9t profi ker\u00e9kp\u00e1ros hozott n\u00e9h\u00e1ny tippet [&hellip;]<\/p>\n","protected":false},"author":71,"featured_media":17148,"comment_status":"open","ping_status":"open","sticky":false,"template":"","format":"standard","meta":{"footnotes":""},"categories":[468],"tags":[],"global-categories":[],"class_list":["post-17147","post","type-post","status-publish","format-standard","has-post-thumbnail","hentry","category-skoda"],"yoast_head":"<!-- This site is optimized with the Yoast SEO Premium plugin v25.3 (Yoast SEO v25.9) - https:\/\/yoast.com\/wordpress\/plugins\/seo\/ -->\n<title>Bring\u00e1k \u00e9s aut\u00f3k: \u00edgy v\u00e1lassz j\u00f3l, k\u00e9t ker\u00e9kp\u00e1ros szerint<\/title>\n<meta name=\"description\" content=\"A ker\u00e9kp\u00e1rok nemcsak a \u0160KODA t\u00f6rt\u00e9nelm\u00e9nek r\u00e9szei, hanem akt\u00edv szerepl\u0151i a m\u00e1rka jelen\u00e9nek is. K\u00e9t profi ker\u00e9kp\u00e1ros hozott n\u00e9h\u00e1ny tippet arra, hogyan tudod a lehet\u0151 legjobban \u00f6sszehangolni a k\u00e9t- \u00e9s n\u00e9gykerek\u0171 t\u00e1rsad.\" \/>\n<meta name=\"robots\" content=\"index, follow, max-snippet:-1, max-image-preview:large, max-video-preview:-1\" \/>\n<link rel=\"canonical\" href=\"https:\/\/www.welovecycling.com\/hu\/skoda\/bringak-es-autok-igy-valassz-jol-ket-kerekparos-szerint\/\" \/>\n<meta property=\"og:locale\" content=\"hu_HU\" \/>\n<meta property=\"og:type\" content=\"article\" \/>\n<meta property=\"og:title\" content=\"Bring\u00e1k \u00e9s aut\u00f3k: \u00edgy v\u00e1lassz j\u00f3l, k\u00e9t ker\u00e9kp\u00e1ros szerint\" \/>\n<meta property=\"og:description\" content=\"A ker\u00e9kp\u00e1rok nemcsak a \u0160KODA t\u00f6rt\u00e9nelm\u00e9nek r\u00e9szei, hanem akt\u00edv szerepl\u0151i a m\u00e1rka jelen\u00e9nek is. K\u00e9t profi ker\u00e9kp\u00e1ros hozott n\u00e9h\u00e1ny tippet arra, hogyan tudod a lehet\u0151 legjobban \u00f6sszehangolni a k\u00e9t- \u00e9s n\u00e9gykerek\u0171 t\u00e1rsad.\" \/>\n<meta property=\"og:url\" content=\"https:\/\/www.welovecycling.com\/hu\/skoda\/bringak-es-autok-igy-valassz-jol-ket-kerekparos-szerint\/\" \/>\n<meta property=\"og:site_name\" content=\"\u0160koda We Love Cycling - Magyarorsz\u00e1g\" \/>\n<meta property=\"article:publisher\" content=\"https:\/\/www.facebook.com\/WeLoveCyclingHungary\/\" \/>\n<meta property=\"article:published_time\" content=\"2023-03-25T06:00:15+00:00\" \/>\n<meta property=\"og:image\" content=\"https:\/\/d2p6e6u75xmxt8.cloudfront.net\/12\/2023\/03\/IMGL8458-fotoFREY-Large.webp\" \/>\n\t<meta property=\"og:image:width\" content=\"1280\" \/>\n\t<meta property=\"og:image:height\" content=\"853\" \/>\n\t<meta property=\"og:image:type\" content=\"image\/webp\" \/>\n<meta name=\"author\" content=\"hegyizs\" \/>\n<meta name=\"twitter:card\" content=\"summary_large_image\" \/>\n<meta name=\"twitter:label1\" content=\"Written by\" \/>\n\t<meta name=\"twitter:data1\" content=\"WLC\" \/>\n\t<meta name=\"twitter:label2\" content=\"Est. reading time\" \/>\n\t<meta name=\"twitter:data2\" content=\"5 minutes\" \/>\n<script type=\"application\/ld+json\" class=\"yoast-schema-graph\">{\"@context\":\"https:\/\/schema.org\",\"@graph\":[{\"@type\":\"WebPage\",\"@id\":\"https:\/\/www.welovecycling.com\/hu\/skoda\/bringak-es-autok-igy-valassz-jol-ket-kerekparos-szerint\/\",\"url\":\"https:\/\/www.welovecycling.com\/hu\/skoda\/bringak-es-autok-igy-valassz-jol-ket-kerekparos-szerint\/\",\"name\":\"Bring\u00e1k \u00e9s aut\u00f3k: \u00edgy v\u00e1lassz j\u00f3l, k\u00e9t ker\u00e9kp\u00e1ros szerint\",\"isPartOf\":{\"@id\":\"https:\/\/www.welovecycling.com\/hu\/#website\"},\"primaryImageOfPage\":{\"@id\":\"https:\/\/www.welovecycling.com\/hu\/skoda\/bringak-es-autok-igy-valassz-jol-ket-kerekparos-szerint\/#primaryimage\"},\"image\":{\"@id\":\"https:\/\/www.welovecycling.com\/hu\/skoda\/bringak-es-autok-igy-valassz-jol-ket-kerekparos-szerint\/#primaryimage\"},\"thumbnailUrl\":\"https:\/\/d2p6e6u75xmxt8.cloudfront.net\/12\/2023\/03\/IMGL8458-fotoFREY-Large.webp\",\"datePublished\":\"2023-03-25T06:00:15+00:00\",\"author\":{\"@id\":\"https:\/\/www.welovecycling.com\/hu\/#\/schema\/person\/414a2aebf1801691a5320edb6468e194\"},\"description\":\"A ker\u00e9kp\u00e1rok nemcsak a \u0160KODA t\u00f6rt\u00e9nelm\u00e9nek r\u00e9szei, hanem akt\u00edv szerepl\u0151i a m\u00e1rka jelen\u00e9nek is. K\u00e9t profi ker\u00e9kp\u00e1ros hozott n\u00e9h\u00e1ny tippet arra, hogyan tudod a lehet\u0151 legjobban \u00f6sszehangolni a k\u00e9t- \u00e9s n\u00e9gykerek\u0171 t\u00e1rsad.\",\"breadcrumb\":{\"@id\":\"https:\/\/www.welovecycling.com\/hu\/skoda\/bringak-es-autok-igy-valassz-jol-ket-kerekparos-szerint\/#breadcrumb\"},\"inLanguage\":\"hu\",\"potentialAction\":[{\"@type\":\"ReadAction\",\"target\":[\"https:\/\/www.welovecycling.com\/hu\/skoda\/bringak-es-autok-igy-valassz-jol-ket-kerekparos-szerint\/\"]}]},{\"@type\":\"ImageObject\",\"inLanguage\":\"hu\",\"@id\":\"https:\/\/www.welovecycling.com\/hu\/skoda\/bringak-es-autok-igy-valassz-jol-ket-kerekparos-szerint\/#primaryimage\",\"url\":\"https:\/\/d2p6e6u75xmxt8.cloudfront.net\/12\/2023\/03\/IMGL8458-fotoFREY-Large.webp\",\"contentUrl\":\"https:\/\/d2p6e6u75xmxt8.cloudfront.net\/12\/2023\/03\/IMGL8458-fotoFREY-Large.webp\",\"width\":1280,\"height\":853},{\"@type\":\"BreadcrumbList\",\"@id\":\"https:\/\/www.welovecycling.com\/hu\/skoda\/bringak-es-autok-igy-valassz-jol-ket-kerekparos-szerint\/#breadcrumb\",\"itemListElement\":[{\"@type\":\"ListItem\",\"position\":1,\"name\":\"Home\",\"item\":\"https:\/\/www.welovecycling.com\/hu\/\"},{\"@type\":\"ListItem\",\"position\":2,\"name\":\"Bring\u00e1k \u00e9s aut\u00f3k: \u00edgy v\u00e1lassz j\u00f3l, k\u00e9t ker\u00e9kp\u00e1ros szerint\"}]},{\"@type\":\"WebSite\",\"@id\":\"https:\/\/www.welovecycling.com\/hu\/#website\",\"url\":\"https:\/\/www.welovecycling.com\/hu\/\",\"name\":\"\u0160koda We Love Cycling - Magyarorsz\u00e1g\",\"description\":\"\u0160koda WeLoveCycling\",\"potentialAction\":[{\"@type\":\"SearchAction\",\"target\":{\"@type\":\"EntryPoint\",\"urlTemplate\":\"https:\/\/www.welovecycling.com\/hu\/?s={search_term_string}\"},\"query-input\":{\"@type\":\"PropertyValueSpecification\",\"valueRequired\":true,\"valueName\":\"search_term_string\"}}],\"inLanguage\":\"hu\"},{\"@type\":\"Person\",\"@id\":\"https:\/\/www.welovecycling.com\/hu\/#\/schema\/person\/414a2aebf1801691a5320edb6468e194\",\"name\":\"hegyizs\",\"image\":{\"@type\":\"ImageObject\",\"inLanguage\":\"hu\",\"@id\":\"https:\/\/www.welovecycling.com\/hu\/#\/schema\/person\/image\/\",\"url\":\"https:\/\/secure.gravatar.com\/avatar\/02cf8a7906b8cf90cecb4679defac7cfd33a1c2e3b88e4903d947f3bb58eedd3?s=96&d=mm&r=g\",\"contentUrl\":\"https:\/\/secure.gravatar.com\/avatar\/02cf8a7906b8cf90cecb4679defac7cfd33a1c2e3b88e4903d947f3bb58eedd3?s=96&d=mm&r=g\",\"caption\":\"hegyizs\"},\"url\":\"https:\/\/www.welovecycling.com\/hu\/author\/hegyizs\/\"}]}<\/script>\n<!-- \/ Yoast SEO Premium plugin. -->","yoast_head_json":{"title":"Bring\u00e1k \u00e9s aut\u00f3k: \u00edgy v\u00e1lassz j\u00f3l, k\u00e9t ker\u00e9kp\u00e1ros szerint","description":"A ker\u00e9kp\u00e1rok nemcsak a \u0160KODA t\u00f6rt\u00e9nelm\u00e9nek r\u00e9szei, hanem akt\u00edv szerepl\u0151i a m\u00e1rka jelen\u00e9nek is. K\u00e9t profi ker\u00e9kp\u00e1ros hozott n\u00e9h\u00e1ny tippet arra, hogyan tudod a lehet\u0151 legjobban \u00f6sszehangolni a k\u00e9t- \u00e9s n\u00e9gykerek\u0171 t\u00e1rsad.","robots":{"index":"index","follow":"follow","max-snippet":"max-snippet:-1","max-image-preview":"max-image-preview:large","max-video-preview":"max-video-preview:-1"},"canonical":"https:\/\/www.welovecycling.com\/hu\/skoda\/bringak-es-autok-igy-valassz-jol-ket-kerekparos-szerint\/","og_locale":"hu_HU","og_type":"article","og_title":"Bring\u00e1k \u00e9s aut\u00f3k: \u00edgy v\u00e1lassz j\u00f3l, k\u00e9t ker\u00e9kp\u00e1ros szerint","og_description":"A ker\u00e9kp\u00e1rok nemcsak a \u0160KODA t\u00f6rt\u00e9nelm\u00e9nek r\u00e9szei, hanem akt\u00edv szerepl\u0151i a m\u00e1rka jelen\u00e9nek is. K\u00e9t profi ker\u00e9kp\u00e1ros hozott n\u00e9h\u00e1ny tippet arra, hogyan tudod a lehet\u0151 legjobban \u00f6sszehangolni a k\u00e9t- \u00e9s n\u00e9gykerek\u0171 t\u00e1rsad.","og_url":"https:\/\/www.welovecycling.com\/hu\/skoda\/bringak-es-autok-igy-valassz-jol-ket-kerekparos-szerint\/","og_site_name":"\u0160koda We Love Cycling - Magyarorsz\u00e1g","article_publisher":"https:\/\/www.facebook.com\/WeLoveCyclingHungary\/","article_published_time":"2023-03-25T06:00:15+00:00","og_image":[{"width":1280,"height":853,"url":"https:\/\/d2p6e6u75xmxt8.cloudfront.net\/12\/2023\/03\/IMGL8458-fotoFREY-Large.webp","type":"image\/webp"}],"author":"hegyizs","twitter_card":"summary_large_image","twitter_misc":{"Written by":"WLC","Est. reading time":"5 minutes"},"schema":{"@context":"https:\/\/schema.org","@graph":[{"@type":"WebPage","@id":"https:\/\/www.welovecycling.com\/hu\/skoda\/bringak-es-autok-igy-valassz-jol-ket-kerekparos-szerint\/","url":"https:\/\/www.welovecycling.com\/hu\/skoda\/bringak-es-autok-igy-valassz-jol-ket-kerekparos-szerint\/","name":"Bring\u00e1k \u00e9s aut\u00f3k: \u00edgy v\u00e1lassz j\u00f3l, k\u00e9t ker\u00e9kp\u00e1ros szerint","isPartOf":{"@id":"https:\/\/www.welovecycling.com\/hu\/#website"},"primaryImageOfPage":{"@id":"https:\/\/www.welovecycling.com\/hu\/skoda\/bringak-es-autok-igy-valassz-jol-ket-kerekparos-szerint\/#primaryimage"},"image":{"@id":"https:\/\/www.welovecycling.com\/hu\/skoda\/bringak-es-autok-igy-valassz-jol-ket-kerekparos-szerint\/#primaryimage"},"thumbnailUrl":"https:\/\/d2p6e6u75xmxt8.cloudfront.net\/12\/2023\/03\/IMGL8458-fotoFREY-Large.webp","datePublished":"2023-03-25T06:00:15+00:00","author":{"@id":"https:\/\/www.welovecycling.com\/hu\/#\/schema\/person\/414a2aebf1801691a5320edb6468e194"},"description":"A ker\u00e9kp\u00e1rok nemcsak a \u0160KODA t\u00f6rt\u00e9nelm\u00e9nek r\u00e9szei, hanem akt\u00edv szerepl\u0151i a m\u00e1rka jelen\u00e9nek is. K\u00e9t profi ker\u00e9kp\u00e1ros hozott n\u00e9h\u00e1ny tippet arra, hogyan tudod a lehet\u0151 legjobban \u00f6sszehangolni a k\u00e9t- \u00e9s n\u00e9gykerek\u0171 t\u00e1rsad.","breadcrumb":{"@id":"https:\/\/www.welovecycling.com\/hu\/skoda\/bringak-es-autok-igy-valassz-jol-ket-kerekparos-szerint\/#breadcrumb"},"inLanguage":"hu","potentialAction":[{"@type":"ReadAction","target":["https:\/\/www.welovecycling.com\/hu\/skoda\/bringak-es-autok-igy-valassz-jol-ket-kerekparos-szerint\/"]}]},{"@type":"ImageObject","inLanguage":"hu","@id":"https:\/\/www.welovecycling.com\/hu\/skoda\/bringak-es-autok-igy-valassz-jol-ket-kerekparos-szerint\/#primaryimage","url":"https:\/\/d2p6e6u75xmxt8.cloudfront.net\/12\/2023\/03\/IMGL8458-fotoFREY-Large.webp","contentUrl":"https:\/\/d2p6e6u75xmxt8.cloudfront.net\/12\/2023\/03\/IMGL8458-fotoFREY-Large.webp","width":1280,"height":853},{"@type":"BreadcrumbList","@id":"https:\/\/www.welovecycling.com\/hu\/skoda\/bringak-es-autok-igy-valassz-jol-ket-kerekparos-szerint\/#breadcrumb","itemListElement":[{"@type":"ListItem","position":1,"name":"Home","item":"https:\/\/www.welovecycling.com\/hu\/"},{"@type":"ListItem","position":2,"name":"Bring\u00e1k \u00e9s aut\u00f3k: \u00edgy v\u00e1lassz j\u00f3l, k\u00e9t ker\u00e9kp\u00e1ros szerint"}]},{"@type":"WebSite","@id":"https:\/\/www.welovecycling.com\/hu\/#website","url":"https:\/\/www.welovecycling.com\/hu\/","name":"\u0160koda We Love Cycling - Magyarorsz\u00e1g","description":"\u0160koda WeLoveCycling","potentialAction":[{"@type":"SearchAction","target":{"@type":"EntryPoint","urlTemplate":"https:\/\/www.welovecycling.com\/hu\/?s={search_term_string}"},"query-input":{"@type":"PropertyValueSpecification","valueRequired":true,"valueName":"search_term_string"}}],"inLanguage":"hu"},{"@type":"Person","@id":"https:\/\/www.welovecycling.com\/hu\/#\/schema\/person\/414a2aebf1801691a5320edb6468e194","name":"hegyizs","image":{"@type":"ImageObject","inLanguage":"hu","@id":"https:\/\/www.welovecycling.com\/hu\/#\/schema\/person\/image\/","url":"https:\/\/secure.gravatar.com\/avatar\/02cf8a7906b8cf90cecb4679defac7cfd33a1c2e3b88e4903d947f3bb58eedd3?s=96&d=mm&r=g","contentUrl":"https:\/\/secure.gravatar.com\/avatar\/02cf8a7906b8cf90cecb4679defac7cfd33a1c2e3b88e4903d947f3bb58eedd3?s=96&d=mm&r=g","caption":"hegyizs"},"url":"https:\/\/www.welovecycling.com\/hu\/author\/hegyizs\/"}]}},"_links":{"self":[{"href":"https:\/\/www.welovecycling.com\/hu\/wp-json\/wp\/v2\/posts\/17147","targetHints":{"allow":["GET"]}}],"collection":[{"href":"https:\/\/www.welovecycling.com\/hu\/wp-json\/wp\/v2\/posts"}],"about":[{"href":"https:\/\/www.welovecycling.com\/hu\/wp-json\/wp\/v2\/types\/post"}],"author":[{"embeddable":true,"href":"https:\/\/www.welovecycling.com\/hu\/wp-json\/wp\/v2\/users\/71"}],"replies":[{"embeddable":true,"href":"https:\/\/www.welovecycling.com\/hu\/wp-json\/wp\/v2\/comments?post=17147"}],"version-history":[{"count":2,"href":"https:\/\/www.welovecycling.com\/hu\/wp-json\/wp\/v2\/posts\/17147\/revisions"}],"predecessor-version":[{"id":17154,"href":"https:\/\/www.welovecycling.com\/hu\/wp-json\/wp\/v2\/posts\/17147\/revisions\/17154"}],"wp:featuredmedia":[{"embeddable":true,"href":"https:\/\/www.welovecycling.com\/hu\/wp-json\/wp\/v2\/media\/17148"}],"wp:attachment":[{"href":"https:\/\/www.welovecycling.com\/hu\/wp-json\/wp\/v2\/media?parent=17147"}],"wp:term":[{"taxonomy":"category","embeddable":true,"href":"https:\/\/www.welovecycling.com\/hu\/wp-json\/wp\/v2\/categories?post=17147"},{"taxonomy":"post_tag","embeddable":true,"href":"https:\/\/www.welovecycling.com\/hu\/wp-json\/wp\/v2\/tags?post=17147"},{"taxonomy":"global-categories","embeddable":true,"href":"https:\/\/www.welovecycling.com\/hu\/wp-json\/wp\/v2\/global-categories?post=17147"}],"curies":[{"name":"wp","href":"https:\/\/api.w.org\/{rel}","templated":true}]}}