{"id":17139,"date":"2023-03-22T08:00:44","date_gmt":"2023-03-22T06:00:44","guid":{"rendered":"https:\/\/www.welovecycling.com\/hu\/?p=17139"},"modified":"2023-03-17T16:10:05","modified_gmt":"2023-03-17T14:10:05","slug":"a-vilag-5-legjobb-kerekparutja","status":"publish","type":"post","link":"https:\/\/www.welovecycling.com\/hu\/trekking-mtb\/a-vilag-5-legjobb-kerekparutja\/","title":{"rendered":"A vil\u00e1g 5 legjobb ker\u00e9kp\u00e1r\u00fatja"},"content":{"rendered":"<p><strong>Besz\u00e9lgess\u00fcnk egy kicsit a ny\u00e1ri tervekr\u0151l!<\/strong><\/p>\n<p><!--more--><\/p>\n<p>Mutatjuk a vil\u00e1g 5 legjobb ker\u00e9kp\u00e1ros \u00fatvonal\u00e1t, amiket biztosan im\u00e1dni fogsz!<\/p>\n<h2><strong>Golden Gate Bridge Loop, Kalifornia, Amerikai Egyes\u00fclt \u00c1llamok<\/strong><\/h2>\n<p>Vil\u00e1gk\u00f6r\u00fcli utunkat egy gyors l\u00e1togat\u00e1ssal kezdj\u00fck az Egyes\u00fclt \u00c1llamokban. New York nemcsak neked, de a partnerednek is rengeteg l\u00e1tnival\u00f3t tartogat. \u0150 v\u00e9gigs\u00e9t\u00e1lhat az 5. sug\u00e1r\u00faton, m\u00edg te a Hudson foly\u00f3n sz\u00e1guldozol a &#8220;Riverside s\u00e9t\u00e1nyon&#8221;. Azonban, ha m\u00e1r ker\u00e9kp\u00e1roz\u00e1sr\u00f3l van sz\u00f3, San Francisco az \u00e9szak-amerikai Mekka. A Sunset City olyan infrastrukt\u00far\u00e1val \u00e9s kanyarokkal teli \u00fatvonalakkal rendelkezik, melyek garant\u00e1ltan izgalomba hoznak majd. De legink\u00e1bb azzal teheted eml\u00e9kezetess\u00e9 a San Fran-i l\u00e1togat\u00e1sod, ha \u00e1tbiciklizel a Golden Gate h\u00eddon.<\/p>\n<p>A Golden Gate Bridge Loop a v\u00e1ros leny\u0171g\u00f6z\u0151 \u00e9szaki r\u00e9sz\u00e9n vezet kereszt\u00fcl. A 42,3 km hossz\u00fa, 220 m\u00e9ternyi magass\u00e1gk\u00fcl\u00f6nbs\u00e9g lek\u00fczd\u00e9s\u00e9t ig\u00e9nyl\u0151 kaland nem t\u00fal neh\u00e9z, viszont nagyszer\u0171 kil\u00e1t\u00e1st ny\u00fajt a teljes San Francisc\u00f3-i \u00f6b\u00f6lre. Az \u00fat sor\u00e1n r\u00e1ad\u00e1sul lehet\u0151s\u00e9ged lesz k\u00e9tszer is \u00e1tkelni a Golden Gate h\u00eddon, \u00e9s fel\u00fclr\u0151l k\u00e9sz\u00edteni n\u00e9h\u00e1ny Insta k\u00e9pet err\u0151l a m\u00e9rn\u00f6ki remekm\u0171r\u0151l.<\/p>\n<p>A t\u00far\u00e1t ak\u00e1r k\u00e9t \u00e9s f\u00e9l \u00f3ra alatt teljes\u00edtheted, mivel alig vannak meredek emelked\u0151k. A legnagyobb, amit le kell k\u00fczdened, k\u00f6r\u00fclbel\u00fcl 12%-os. Ez\u00e9rt azt javasoljuk, hogy sz\u00e1nj r\u00e1 egy kis plusz id\u0151t \u00e9s k\u00e9sz\u00edts n\u00e9h\u00e1ny pillanatk\u00e9pet. Elv\u00e9gre nem mindennap l\u00e1togat el az ember egy ilyen fens\u00e9ges helyre.<\/p>\n<h2><strong>A Nagy \u00d3ce\u00e1n\u00fat, Ausztr\u00e1lia<\/strong><\/h2>\n<p>A Great Ocean Road az egyik legikonikusabb tengerparti \u00fat a vil\u00e1gon. \u00c9s mit csin\u00e1lunk az ikonikus utakkal? Term\u00e9szetesen v\u00e9gigmegy\u00fcnk rajtuk. A teljes \u00fatvonal 271 km hossz\u00fa, \u00e9s \u00e1ltal\u00e1ban k\u00f6r\u00fclbel\u00fcl 4 nap alatt teljes\u00edthet\u0151 k\u00e9nyelmes temp\u00f3ban. Ez id\u0151 alatt sz\u00e1mos lehet\u0151s\u00e9ged ad\u00f3dik arra, hogy \u00e9lvezd a gy\u00f6ny\u00f6r\u0171 t\u00e1jat \u00e9s k\u00e9peket k\u00e9sz\u00edts. Ha azonban nagyobb kih\u00edv\u00e1sra v\u00e1gysz, ak\u00e1r egy menetben is letudhatod a t\u00far\u00e1t. Az \u00fatvonal eg\u00e9szen elk\u00e9peszt\u0151 kil\u00e1t\u00e1st k\u00edn\u00e1l. Majd ne felejts el leveg\u0151t venni, mik\u00f6zben elhaladsz a Tizenk\u00e9t Apostol mellett.<\/p>\n<figure id=\"attachment_17140\" aria-describedby=\"caption-attachment-17140\" style=\"width: 1000px\" class=\"wp-caption alignnone\"><a href=\"https:\/\/d2p6e6u75xmxt8.cloudfront.net\/12\/2023\/03\/Great-Ocean-Road-profimedia-0752612166-1.webp\"><img loading=\"lazy\" decoding=\"async\" class=\"wp-image-17140 size-full\" src=\"https:\/\/d2p6e6u75xmxt8.cloudfront.net\/12\/2023\/03\/Great-Ocean-Road-profimedia-0752612166-1.webp\" alt=\"Great Ocean Road\" width=\"1000\" height=\"666\" srcset=\"https:\/\/d2p6e6u75xmxt8.cloudfront.net\/12\/2023\/03\/Great-Ocean-Road-profimedia-0752612166-1.webp 1000w, https:\/\/d2p6e6u75xmxt8.cloudfront.net\/12\/2023\/03\/Great-Ocean-Road-profimedia-0752612166-1-300x200.webp 300w, https:\/\/d2p6e6u75xmxt8.cloudfront.net\/12\/2023\/03\/Great-Ocean-Road-profimedia-0752612166-1-768x511.webp 768w, https:\/\/d2p6e6u75xmxt8.cloudfront.net\/12\/2023\/03\/Great-Ocean-Road-profimedia-0752612166-1-400x266.webp 400w, https:\/\/d2p6e6u75xmxt8.cloudfront.net\/12\/2023\/03\/Great-Ocean-Road-profimedia-0752612166-1-272x182.webp 272w\" sizes=\"auto, (max-width: 1000px) 100vw, 1000px\" \/><\/a><figcaption id=\"caption-attachment-17140\" class=\"wp-caption-text\"><em>A Great Ocean Road az egyik legikonikusabb tengerparti \u00fat a vil\u00e1gon. \u00a9 Profimedia<\/em><\/figcaption><\/figure>\n<p>A t\u00fara Geelongb\u00f3l indul, Melbourne-t\u0151l mind\u00f6ssze n\u00e9h\u00e1ny m\u00e9rf\u00f6ldre d\u00e9lnyugatra. A 271 km hossz\u00fa \u00fat sor\u00e1n k\u00e9t meredek emelked\u0151 v\u00e1r r\u00e1d. Az els\u0151 0-r\u00f3l 300 m\u00e9terre visz fel, majd visszaereszkedik a tengerszintre. A m\u00e1sodik nem sokkal ezut\u00e1n k\u00f6vetkezik, mind\u00f6ssze 20 kilom\u00e9terrel od\u00e9bb tal\u00e1lhat\u00f3. Sajnos ez a nagyobb. Alig 16 km alatt 0-r\u00f3l 460 m\u00e9terre emelkedik. M\u00e1s \u00fatvonalakhoz hasonl\u00edtva ez tal\u00e1n nem is t\u0171nik olyan kem\u00e9nynek, de ne feledd, hogy mire ide\u00e9rsz, m\u00e1r t\u00f6bb mint 150 km lesz m\u00f6g\u00f6tted.<\/p>\n<p>Az \u00fatvonal a kih\u00edv\u00e1st jelent\u0151 szakaszok mellett n\u00e9h\u00e1ny igencsak fantasztikus strandon is kereszt\u00fcl vezet, ahol gyorsan megm\u00e1rt\u00f3zhatsz, ha egy kis sz\u00fcnetre van sz\u00fcks\u00e9ged. Csak a hull\u00e1mokra, az \u00e1ramlatokra \u00e9s a c\u00e1p\u00e1kra vigy\u00e1zz. Jobban meggondolva, ink\u00e1bb maradj a biciklidn\u00e9l, \u00e9s t\u00e1volabbr\u00f3l csod\u00e1ld a vizet.<\/p>\n<h2><strong>A Shimanami Kaido, Jap\u00e1n<\/strong><\/h2>\n<p>Jap\u00e1n nagyszer\u0171 hely egy ker\u00e9kp\u00e1ros nyaral\u00e1shoz. Annyi mindent k\u00edn\u00e1l, \u00e9s olyan sok k\u00fcl\u00f6nb\u00f6z\u0151 helyet lehet itt felfedezn!. Ak\u00e1r orsz\u00e1g\u00fati ker\u00e9kp\u00e1ros, ak\u00e1r MTB-s vagy, rengeteg v\u00e1laszt\u00e1sai lehet\u0151s\u00e9ged van \u00fatvonalak ter\u00e9n. Azonban, ha ki kellene v\u00e1lasztanunk egyetlen helyet ebb\u0151l a ker\u00e9kp\u00e1ros paradicsomb\u00f3l, akkor a Shimanami Kaido-t v\u00e1lasztan\u00e1nk. L\u00e9nyeg\u00e9ben ez az \u00fat h\u00e9t kisebb szigetet k\u00f6t \u00f6ssze a jap\u00e1n sz\u00e1razf\u00f6lddel. Teljes hossza 89,4 kilom\u00e9ter, de ennek ellen\u00e9re viszonylag k\u00f6nny\u0171 teljes\u00edteni. Az \u00fatvonal nemcsak a ker\u00e9kp\u00e1roz\u00e1sra biztos\u00edt lehet\u0151s\u00e9get. Leny\u0171g\u00f6z\u0151 kil\u00e1t\u00e1st \u00e9s rengeteg kultur\u00e1lis programot is k\u00edn\u00e1l. Ez a nagyr\u00e9szt s\u00edk, kisebb (10-12%-os) emelked\u0151kkel teli \u00fat minden lelkes bring\u00e1s sz\u00e1m\u00e1ra egy val\u00f3ra v\u00e1lt \u00e1lom.<\/p>\n<p>A t\u00fara Honshu Onomichib\u0151l indul, \u00e9s Shikokun\u00e1l \u00e9r v\u00e9get. \u00datk\u00f6zben gy\u00f6ny\u00f6rk\u00f6dhetsz a szigetek ny\u00fajtotta fantasztikus kil\u00e1t\u00e1s\u00e1ban, ha pedig sushi-rajong\u00f3 vagy, a sz\u00fcnetek k\u00f6zben alaposan megt\u00f6mheted magad ezekkel a finom tekercsekkel. Mivel az \u00fat k\u00f6nnyed\u00e9n megtehet\u0151 k\u00f6r\u00fclbel\u00fcl 4 \u00f3ra alatt, azt javasoljuk, hogy \u00fatk\u00f6zben \u00e9lvezd a kil\u00e1t\u00e1st, az \u00e9teleket \u00e9s a l\u00e1tnival\u00f3kat. S\u0151t, ha van r\u00e1 lehet\u0151s\u00e9ged, ak\u00e1r ugyanezen az \u00faton mehetsz vissza is, \u00e9s kisebb elt\u00e9r\u00e9sekkel \u00fajra teljes\u00edtheted a t\u00far\u00e1t.<\/p>\n<h2><strong>J\u00f3rem\u00e9nys\u00e9g foka, Fokv\u00e1ros, D\u00e9l-Afrika<\/strong><\/h2>\n<figure id=\"attachment_17141\" aria-describedby=\"caption-attachment-17141\" style=\"width: 1000px\" class=\"wp-caption alignnone\"><a href=\"https:\/\/d2p6e6u75xmxt8.cloudfront.net\/12\/2023\/03\/Cape-of-Good-Hope-profimedia-0759532814.webp\"><img loading=\"lazy\" decoding=\"async\" class=\"size-full wp-image-17141\" src=\"https:\/\/d2p6e6u75xmxt8.cloudfront.net\/12\/2023\/03\/Cape-of-Good-Hope-profimedia-0759532814.webp\" alt=\"\" width=\"1000\" height=\"658\" srcset=\"https:\/\/d2p6e6u75xmxt8.cloudfront.net\/12\/2023\/03\/Cape-of-Good-Hope-profimedia-0759532814.webp 1000w, https:\/\/d2p6e6u75xmxt8.cloudfront.net\/12\/2023\/03\/Cape-of-Good-Hope-profimedia-0759532814-300x197.webp 300w, https:\/\/d2p6e6u75xmxt8.cloudfront.net\/12\/2023\/03\/Cape-of-Good-Hope-profimedia-0759532814-768x505.webp 768w, https:\/\/d2p6e6u75xmxt8.cloudfront.net\/12\/2023\/03\/Cape-of-Good-Hope-profimedia-0759532814-400x263.webp 400w\" sizes=\"auto, (max-width: 1000px) 100vw, 1000px\" \/><\/a><figcaption id=\"caption-attachment-17141\" class=\"wp-caption-text\"><em>Egy term\u00e9szetes \u00faton kialakult medence a J\u00f3rem\u00e9nys\u00e9g fok\u00e1n\u00e1l, D\u00e9l-Afrik\u00e1ban. \u00a9 Profimedia<\/em><\/figcaption><\/figure>\n<p>Semmi sem jav\u00edtja jobban az \u00e1ll\u00f3k\u00e9pess\u00e9gedet, mint amikor egy gep\u00e1rd vagy oroszl\u00e1n el\u0151l menek\u00fclsz a ker\u00e9kp\u00e1rodon. Mi azonban ink\u00e1bb egy sz\u00f3rakoztat\u00f3bb afrikai ker\u00e9kp\u00e1roz\u00e1st aj\u00e1nlan\u00e1nk. A kontinens rengeteg csod\u00e1latos \u00fatvonalat k\u00edn\u00e1l. Igaz, n\u00e9h\u00e1ny ezek k\u00f6z\u00fcl kiss\u00e9 vesz\u00e9lyes lehet a vadon \u00e9l\u0151 \u00e1llatok miatt. Ha azonban Keny\u00e1ban, Ruand\u00e1ban vagy Tanz\u00e1ni\u00e1ban pr\u00f3b\u00e1lsz szerencs\u00e9t, j\u00f3 es\u00e9llyel remek\u00fcl fogod \u00e9rezni magad, \u00e9s egy igaz\u00e1n eml\u00e9kezetes teker\u00e9sben lesz r\u00e9szed. Ha ism\u00e9t egy \u00fatvonalat kellene v\u00e1lasztanunk az Afrika \u00e1ltal felsorakoztatott lehet\u0151s\u00e9gek k\u00f6z\u00fcl, a J\u00f3rem\u00e9nys\u00e9g foka mellett d\u00f6nten\u00e9nk. Ez az \u00fatvonal a D\u00e9l-Afrika-t\u00fara r\u00e9sze, \u00e9s a 200 \u00e9ves Simon&#8217;s Town hal\u00e1szfalut\u00f3l eg\u00e9szen az ikonikus fok cs\u00facs\u00e1ig tart.<\/p>\n<p>Az \u00fat sor\u00e1n l\u00e9legzetel\u00e1ll\u00edt\u00f3 kil\u00e1t\u00e1s ny\u00edlik a zaf\u00edrk\u00e9k \u00f3ce\u00e1nra, a False Bayre, valamint a k\u00f6rnyez\u0151, ig\u00e9z\u0151 term\u00e9szetre. A 28 km-es \u00fat meglehet\u0151sen kanyarg\u00f3s, viszont k\u00f6r\u00fclbel\u00fcl csak 350 m\u00e9ternyi magass\u00e1gk\u00fcl\u00f6nbs\u00e9ggel \u00e9s \u00e1tlagosan 1%-os meredeks\u00e9ggel kell megk\u00fczdened. A legnehezebb emelked\u0151, ami az utadba ker\u00fcl majd, 9%-os. V\u00e9g\u00fcl, k\u00f6r\u00fclbel\u00fcl 5 km-rel a v\u00e9gpont el\u0151tt lehet\u0151s\u00e9ged lesz megn\u00e9zni egy gy\u00f6ny\u00f6r\u0171 vil\u00e1g\u00edt\u00f3tornyot, ahonnan olyan v\u00e9gtelennek t\u0171nik az \u00f3ce\u00e1n, hogy \u00fagy \u00e9rzed, ak\u00e1r az Antarktiszig is ell\u00e1thatsz.<\/p>\n<p>A t\u00fara v\u00e9gezt\u00e9vel megn\u00e9zheted a Maclear Beach vagy a Diaz Beach strandot is. Ezt nevezz\u00fck mi egy t\u00f6k\u00e9letes t\u00fara t\u00f6k\u00e9letes befejez\u00e9s\u00e9nek!<\/p>\n<h2><strong>Hal\u00e1l\u00fat, Bol\u00edvia<\/strong><\/h2>\n<p>Egy ilyen bar\u00e1ts\u00e1gos n\u00e9vvel hogy is hagyhatn\u00e1nk le a Hal\u00e1lutat a vil\u00e1g legjobb ker\u00e9kp\u00e1ros \u00fatvonalainak list\u00e1j\u00e1r\u00f3l? Val\u00f3sz\u00edn\u0171leg ez a legnehezebb \u00fatvonal, amit valaha is kipr\u00f3b\u00e1lhatsz. Ehhez k\u00e9pest az Alpe d&#8217;Huez egy szel\u00edd bicajoz\u00e1s a parkban. A h\u00edrhedt \u00fatvonal a Senda Verde \u00e1llatmenhelyr\u0151l indul, \u00e9s eg\u00e9szen La Pazig tart. A 86,8 kilom\u00e9teres t\u00far\u00e1nak val\u00f3j\u00e1ban csak az els\u0151 29 kilom\u00e9tere vezet \u00e1t a hal\u00e1l\u00faton. A t\u00f6bbi egy hegyi \u00faton halad, amely b\u00e1r leny\u0171g\u00f6z\u0151, a magass\u00e1ga miatt rendk\u00edv\u00fcl neh\u00e9z teljes\u00edteni.<\/p>\n<p>A Hal\u00e1l\u00fat k\u00f6zismerten az eg\u00e9sz vil\u00e1g legvesz\u00e9lyesebb \u00fatja. Ezt a nevet azonban az \u00faton jellemz\u0151 nagy j\u00e1rm\u0171forgalom miatt kapta, \u00edgy a vesz\u00e9ly els\u0151sorban nem a biciklisekre leselkedik. Az \u00fat val\u00f3j\u00e1ban el\u00e9g t\u00e1gas a ker\u00e9kp\u00e1rosok sz\u00e1m\u00e1ra, de azt javasoljuk, hogy olyan gumiabroncsokat haszn\u00e1lj, melyek extra tapad\u00e1st biztos\u00edtanak.<\/p>\n<figure id=\"attachment_17142\" aria-describedby=\"caption-attachment-17142\" style=\"width: 1000px\" class=\"wp-caption alignnone\"><a href=\"https:\/\/d2p6e6u75xmxt8.cloudfront.net\/12\/2023\/03\/Death-Road-profimedia-0660791988.webp\"><img loading=\"lazy\" decoding=\"async\" class=\"size-full wp-image-17142\" src=\"https:\/\/d2p6e6u75xmxt8.cloudfront.net\/12\/2023\/03\/Death-Road-profimedia-0660791988.webp\" alt=\"The Death Road in Bolivia\" width=\"1000\" height=\"665\" srcset=\"https:\/\/d2p6e6u75xmxt8.cloudfront.net\/12\/2023\/03\/Death-Road-profimedia-0660791988.webp 1000w, https:\/\/d2p6e6u75xmxt8.cloudfront.net\/12\/2023\/03\/Death-Road-profimedia-0660791988-300x200.webp 300w, https:\/\/d2p6e6u75xmxt8.cloudfront.net\/12\/2023\/03\/Death-Road-profimedia-0660791988-768x511.webp 768w, https:\/\/d2p6e6u75xmxt8.cloudfront.net\/12\/2023\/03\/Death-Road-profimedia-0660791988-400x266.webp 400w, https:\/\/d2p6e6u75xmxt8.cloudfront.net\/12\/2023\/03\/Death-Road-profimedia-0660791988-272x182.webp 272w\" sizes=\"auto, (max-width: 1000px) 100vw, 1000px\" \/><\/a><figcaption id=\"caption-attachment-17142\" class=\"wp-caption-text\"><em>A hal\u00e1l\u00fat a vil\u00e1g egyik legvesz\u00e9lyesebb \u00fatja. \u00a9 Profimedia<\/em><\/figcaption><\/figure>\n<p>A 86 kilom\u00e9teres \u00fat sor\u00e1n k\u00f6zel 4000 m\u00e9tert kell megm\u00e1szni. Ez nem el\u00edr\u00e1s. A t\u00fara 1266 m\u00e9terr\u0151l indul, \u00e9s eg\u00e9szen 4676 m\u00e9teres tengerszint feletti magass\u00e1gig megy fel. Ha ez nem lenne el\u00e9g ijeszt\u0151, n\u00e9h\u00e1ny emelked\u0151 el\u00e9ri a 46%-os meredeks\u00e9get, az \u00e1tlag pedig 13% k\u00f6r\u00fcl van. A j\u00f3 h\u00edr, hogy az utols\u00f3 26 km-es szakasz teljes eg\u00e9sz\u00e9ben lefel\u00e9 vezet. \u00cdgy \u00e9lvezheted a j\u00f3l meg\u00e9rdemelt pihen\u00e9st is, miel\u0151tt La Pazba \u00e9rsz.<\/p>\n<p>Teker\u00e9s k\u00f6zben ne felejts el k\u00f6r\u00fcln\u00e9zni, s\u0151t ak\u00e1r meg is \u00e1llhatsz, hogy gy\u00f6ny\u00f6rk\u00f6dj a k\u00f6r\u00fcl\u00f6tted l\u00e9v\u0151 hihetetlen kil\u00e1t\u00e1sban. Nem mindenki dicsekedhet azzal, hogy 4600 m tengerszint feletti magass\u00e1gban biciklizett. \u00c9lvezd ki a pillanatot, amikor tartasz egy szusszan\u00e1snyi sz\u00fcnetet!<\/p>\n<p>A teljes \u00fat k\u00f6r\u00fclbel\u00fcl 7 \u00f3ra alatt tehet\u0151 meg, de azt javasoljuk, hogy legal\u00e1bb 10 \u00f3r\u00e1val sz\u00e1molj. Ezenk\u00edv\u00fcl gy\u0151z\u0151dj meg r\u00f3la, hogy j\u00f3 az id\u0151j\u00e1r\u00e1s, \u00e9s hogy az elm\u00falt napokban nem esett heves es\u0151. Ne feledd, hogy a hal\u00e1l\u00faton haladsz kereszt\u00fcl.<\/p>\n<h2><strong>Ma m\u00e1r mindenki bej\u00e1rhatja a vil\u00e1got<\/strong><\/h2>\n<p><a href=\"https:\/\/d2p6e6u75xmxt8.cloudfront.net\/12\/2023\/03\/Copacabana-Rio-on-Rouvy1v7sxnky8.webp\"><img loading=\"lazy\" decoding=\"async\" class=\"alignnone size-full wp-image-17143\" src=\"https:\/\/d2p6e6u75xmxt8.cloudfront.net\/12\/2023\/03\/Copacabana-Rio-on-Rouvy1v7sxnky8.webp\" alt=\"Copacabana\" width=\"1600\" height=\"900\" srcset=\"https:\/\/d2p6e6u75xmxt8.cloudfront.net\/12\/2023\/03\/Copacabana-Rio-on-Rouvy1v7sxnky8.webp 1600w, https:\/\/d2p6e6u75xmxt8.cloudfront.net\/12\/2023\/03\/Copacabana-Rio-on-Rouvy1v7sxnky8-300x169.webp 300w, https:\/\/d2p6e6u75xmxt8.cloudfront.net\/12\/2023\/03\/Copacabana-Rio-on-Rouvy1v7sxnky8-1024x576.webp 1024w, https:\/\/d2p6e6u75xmxt8.cloudfront.net\/12\/2023\/03\/Copacabana-Rio-on-Rouvy1v7sxnky8-768x432.webp 768w, https:\/\/d2p6e6u75xmxt8.cloudfront.net\/12\/2023\/03\/Copacabana-Rio-on-Rouvy1v7sxnky8-1536x864.webp 1536w, https:\/\/d2p6e6u75xmxt8.cloudfront.net\/12\/2023\/03\/Copacabana-Rio-on-Rouvy1v7sxnky8-400x225.webp 400w\" sizes=\"auto, (max-width: 1600px) 100vw, 1600px\" \/><\/a><\/p>\n<p>Az igazs\u00e1g az, hogy sajnos nem mindenki utazhatja be a vil\u00e1got \u00e9s \u00e9lvezheti a ker\u00e9kp\u00e1roz\u00e1st ezeken a leny\u0171g\u00f6z\u0151 helyeken. A ROUVY kiterjesztett val\u00f3s\u00e1gnak k\u00f6sz\u00f6nhet\u0151en azonban virtu\u00e1lis szinten b\u00e1rki teljes\u00edtheti ezeket a l\u00e9legzetel\u00e1ll\u00edt\u00f3 \u00fatvonalakat. \u00cdgy olyan, mintha ott lenn\u00e9l, lesz\u00e1m\u00edtva, hogy nem kell kontinenseken \u00e1trep\u00fclni \u00e9s t\u00f6bb ezer eur\u00f3t fizetni a sz\u00e1ll\u00e1s\u00e9rt. Ez t\u00e9nyleg a m\u00e1sodik legjobb dolog a szem\u00e9lyes jelenl\u00e9t ut\u00e1n. N\u00e9zd meg Rio de Janeir\u00f3t \u00e9s a vil\u00e1gh\u00edr\u0171 Copacaban\u00e1t, ahol egy 16 km-es t\u00far\u00e1t tehetsz a h\u00edres tengerparton. Igaz, hogy nem m\u00e1rt\u00f3zhatsz meg a v\u00edzben, de biztosan sz\u00edvesen tekern\u00e9l ezeken az utakon, ha lehet\u0151s\u00e9ged lenne r\u00e1. Mire v\u00e1rsz h\u00e1t? L\u00e1ssuk, siker\u00fcl-e 20 perc alatt teljes\u00edtened a t\u00far\u00e1t!<\/p>\n","protected":false},"excerpt":{"rendered":"<p>Besz\u00e9lgess\u00fcnk egy kicsit a ny\u00e1ri tervekr\u0151l!<\/p>\n","protected":false},"author":71,"featured_media":17145,"comment_status":"open","ping_status":"open","sticky":false,"template":"","format":"standard","meta":{"footnotes":""},"categories":[7],"tags":[],"global-categories":[],"class_list":["post-17139","post","type-post","status-publish","format-standard","has-post-thumbnail","hentry","category-trekking-mtb"],"yoast_head":"<!-- This site is optimized with the Yoast SEO Premium plugin v25.3 (Yoast SEO v25.9) - https:\/\/yoast.com\/wordpress\/plugins\/seo\/ -->\n<title>A vil\u00e1g 5 legjobb ker\u00e9kp\u00e1r\u00fatja<\/title>\n<meta name=\"description\" content=\"Besz\u00e9lgess\u00fcnk egy kicsit a ny\u00e1ri tervekr\u0151l!\" \/>\n<meta name=\"robots\" content=\"index, follow, max-snippet:-1, max-image-preview:large, max-video-preview:-1\" \/>\n<link rel=\"canonical\" href=\"https:\/\/www.welovecycling.com\/hu\/trekking-mtb\/a-vilag-5-legjobb-kerekparutja\/\" \/>\n<meta property=\"og:locale\" content=\"hu_HU\" \/>\n<meta property=\"og:type\" content=\"article\" \/>\n<meta property=\"og:title\" content=\"A vil\u00e1g 5 legjobb ker\u00e9kp\u00e1r\u00fatja\" \/>\n<meta property=\"og:description\" content=\"Besz\u00e9lgess\u00fcnk egy kicsit a ny\u00e1ri tervekr\u0151l!\" \/>\n<meta property=\"og:url\" content=\"https:\/\/www.welovecycling.com\/hu\/trekking-mtb\/a-vilag-5-legjobb-kerekparutja\/\" \/>\n<meta property=\"og:site_name\" content=\"\u0160koda We Love Cycling - Magyarorsz\u00e1g\" \/>\n<meta property=\"article:publisher\" content=\"https:\/\/www.facebook.com\/WeLoveCyclingHungary\/\" \/>\n<meta property=\"article:published_time\" content=\"2023-03-22T06:00:44+00:00\" \/>\n<meta property=\"og:image\" content=\"https:\/\/d2p6e6u75xmxt8.cloudfront.net\/12\/2023\/03\/Death-Road-Bolivia-profimedia-0699929064-CVR.webp\" \/>\n\t<meta property=\"og:image:width\" content=\"990\" \/>\n\t<meta property=\"og:image:height\" content=\"660\" \/>\n\t<meta property=\"og:image:type\" content=\"image\/webp\" \/>\n<meta name=\"author\" content=\"hegyizs\" \/>\n<meta name=\"twitter:card\" content=\"summary_large_image\" \/>\n<meta name=\"twitter:label1\" content=\"Written by\" \/>\n\t<meta name=\"twitter:data1\" content=\"Martin Atanasov\" \/>\n\t<meta name=\"twitter:label2\" content=\"Est. reading time\" \/>\n\t<meta name=\"twitter:data2\" content=\"6\" \/>\n<script type=\"application\/ld+json\" class=\"yoast-schema-graph\">{\"@context\":\"https:\/\/schema.org\",\"@graph\":[{\"@type\":\"WebPage\",\"@id\":\"https:\/\/www.welovecycling.com\/hu\/trekking-mtb\/a-vilag-5-legjobb-kerekparutja\/\",\"url\":\"https:\/\/www.welovecycling.com\/hu\/trekking-mtb\/a-vilag-5-legjobb-kerekparutja\/\",\"name\":\"A vil\u00e1g 5 legjobb ker\u00e9kp\u00e1r\u00fatja\",\"isPartOf\":{\"@id\":\"https:\/\/www.welovecycling.com\/hu\/#website\"},\"primaryImageOfPage\":{\"@id\":\"https:\/\/www.welovecycling.com\/hu\/trekking-mtb\/a-vilag-5-legjobb-kerekparutja\/#primaryimage\"},\"image\":{\"@id\":\"https:\/\/www.welovecycling.com\/hu\/trekking-mtb\/a-vilag-5-legjobb-kerekparutja\/#primaryimage\"},\"thumbnailUrl\":\"https:\/\/d2p6e6u75xmxt8.cloudfront.net\/12\/2023\/03\/Death-Road-Bolivia-profimedia-0699929064-CVR.webp\",\"datePublished\":\"2023-03-22T06:00:44+00:00\",\"author\":{\"@id\":\"https:\/\/www.welovecycling.com\/hu\/#\/schema\/person\/414a2aebf1801691a5320edb6468e194\"},\"description\":\"Besz\u00e9lgess\u00fcnk egy kicsit a ny\u00e1ri tervekr\u0151l!\",\"breadcrumb\":{\"@id\":\"https:\/\/www.welovecycling.com\/hu\/trekking-mtb\/a-vilag-5-legjobb-kerekparutja\/#breadcrumb\"},\"inLanguage\":\"hu\",\"potentialAction\":[{\"@type\":\"ReadAction\",\"target\":[\"https:\/\/www.welovecycling.com\/hu\/trekking-mtb\/a-vilag-5-legjobb-kerekparutja\/\"]}]},{\"@type\":\"ImageObject\",\"inLanguage\":\"hu\",\"@id\":\"https:\/\/www.welovecycling.com\/hu\/trekking-mtb\/a-vilag-5-legjobb-kerekparutja\/#primaryimage\",\"url\":\"https:\/\/d2p6e6u75xmxt8.cloudfront.net\/12\/2023\/03\/Death-Road-Bolivia-profimedia-0699929064-CVR.webp\",\"contentUrl\":\"https:\/\/d2p6e6u75xmxt8.cloudfront.net\/12\/2023\/03\/Death-Road-Bolivia-profimedia-0699929064-CVR.webp\",\"width\":990,\"height\":660,\"caption\":\"The Death Road in Bolivia\"},{\"@type\":\"BreadcrumbList\",\"@id\":\"https:\/\/www.welovecycling.com\/hu\/trekking-mtb\/a-vilag-5-legjobb-kerekparutja\/#breadcrumb\",\"itemListElement\":[{\"@type\":\"ListItem\",\"position\":1,\"name\":\"Home\",\"item\":\"https:\/\/www.welovecycling.com\/hu\/\"},{\"@type\":\"ListItem\",\"position\":2,\"name\":\"A vil\u00e1g 5 legjobb ker\u00e9kp\u00e1r\u00fatja\"}]},{\"@type\":\"WebSite\",\"@id\":\"https:\/\/www.welovecycling.com\/hu\/#website\",\"url\":\"https:\/\/www.welovecycling.com\/hu\/\",\"name\":\"\u0160koda We Love Cycling - Magyarorsz\u00e1g\",\"description\":\"\u0160koda WeLoveCycling\",\"potentialAction\":[{\"@type\":\"SearchAction\",\"target\":{\"@type\":\"EntryPoint\",\"urlTemplate\":\"https:\/\/www.welovecycling.com\/hu\/?s={search_term_string}\"},\"query-input\":{\"@type\":\"PropertyValueSpecification\",\"valueRequired\":true,\"valueName\":\"search_term_string\"}}],\"inLanguage\":\"hu\"},{\"@type\":\"Person\",\"@id\":\"https:\/\/www.welovecycling.com\/hu\/#\/schema\/person\/414a2aebf1801691a5320edb6468e194\",\"name\":\"hegyizs\",\"image\":{\"@type\":\"ImageObject\",\"inLanguage\":\"hu\",\"@id\":\"https:\/\/www.welovecycling.com\/hu\/#\/schema\/person\/image\/\",\"url\":\"https:\/\/secure.gravatar.com\/avatar\/02cf8a7906b8cf90cecb4679defac7cfd33a1c2e3b88e4903d947f3bb58eedd3?s=96&d=mm&r=g\",\"contentUrl\":\"https:\/\/secure.gravatar.com\/avatar\/02cf8a7906b8cf90cecb4679defac7cfd33a1c2e3b88e4903d947f3bb58eedd3?s=96&d=mm&r=g\",\"caption\":\"hegyizs\"},\"url\":\"https:\/\/www.welovecycling.com\/hu\/author\/hegyizs\/\"}]}<\/script>\n<!-- \/ Yoast SEO Premium plugin. -->","yoast_head_json":{"title":"A vil\u00e1g 5 legjobb ker\u00e9kp\u00e1r\u00fatja","description":"Besz\u00e9lgess\u00fcnk egy kicsit a ny\u00e1ri tervekr\u0151l!","robots":{"index":"index","follow":"follow","max-snippet":"max-snippet:-1","max-image-preview":"max-image-preview:large","max-video-preview":"max-video-preview:-1"},"canonical":"https:\/\/www.welovecycling.com\/hu\/trekking-mtb\/a-vilag-5-legjobb-kerekparutja\/","og_locale":"hu_HU","og_type":"article","og_title":"A vil\u00e1g 5 legjobb ker\u00e9kp\u00e1r\u00fatja","og_description":"Besz\u00e9lgess\u00fcnk egy kicsit a ny\u00e1ri tervekr\u0151l!","og_url":"https:\/\/www.welovecycling.com\/hu\/trekking-mtb\/a-vilag-5-legjobb-kerekparutja\/","og_site_name":"\u0160koda We Love Cycling - Magyarorsz\u00e1g","article_publisher":"https:\/\/www.facebook.com\/WeLoveCyclingHungary\/","article_published_time":"2023-03-22T06:00:44+00:00","og_image":[{"width":990,"height":660,"url":"https:\/\/d2p6e6u75xmxt8.cloudfront.net\/12\/2023\/03\/Death-Road-Bolivia-profimedia-0699929064-CVR.webp","type":"image\/webp"}],"author":"hegyizs","twitter_card":"summary_large_image","twitter_misc":{"Written by":"Martin Atanasov","Est. reading time":"6"},"schema":{"@context":"https:\/\/schema.org","@graph":[{"@type":"WebPage","@id":"https:\/\/www.welovecycling.com\/hu\/trekking-mtb\/a-vilag-5-legjobb-kerekparutja\/","url":"https:\/\/www.welovecycling.com\/hu\/trekking-mtb\/a-vilag-5-legjobb-kerekparutja\/","name":"A vil\u00e1g 5 legjobb ker\u00e9kp\u00e1r\u00fatja","isPartOf":{"@id":"https:\/\/www.welovecycling.com\/hu\/#website"},"primaryImageOfPage":{"@id":"https:\/\/www.welovecycling.com\/hu\/trekking-mtb\/a-vilag-5-legjobb-kerekparutja\/#primaryimage"},"image":{"@id":"https:\/\/www.welovecycling.com\/hu\/trekking-mtb\/a-vilag-5-legjobb-kerekparutja\/#primaryimage"},"thumbnailUrl":"https:\/\/d2p6e6u75xmxt8.cloudfront.net\/12\/2023\/03\/Death-Road-Bolivia-profimedia-0699929064-CVR.webp","datePublished":"2023-03-22T06:00:44+00:00","author":{"@id":"https:\/\/www.welovecycling.com\/hu\/#\/schema\/person\/414a2aebf1801691a5320edb6468e194"},"description":"Besz\u00e9lgess\u00fcnk egy kicsit a ny\u00e1ri tervekr\u0151l!","breadcrumb":{"@id":"https:\/\/www.welovecycling.com\/hu\/trekking-mtb\/a-vilag-5-legjobb-kerekparutja\/#breadcrumb"},"inLanguage":"hu","potentialAction":[{"@type":"ReadAction","target":["https:\/\/www.welovecycling.com\/hu\/trekking-mtb\/a-vilag-5-legjobb-kerekparutja\/"]}]},{"@type":"ImageObject","inLanguage":"hu","@id":"https:\/\/www.welovecycling.com\/hu\/trekking-mtb\/a-vilag-5-legjobb-kerekparutja\/#primaryimage","url":"https:\/\/d2p6e6u75xmxt8.cloudfront.net\/12\/2023\/03\/Death-Road-Bolivia-profimedia-0699929064-CVR.webp","contentUrl":"https:\/\/d2p6e6u75xmxt8.cloudfront.net\/12\/2023\/03\/Death-Road-Bolivia-profimedia-0699929064-CVR.webp","width":990,"height":660,"caption":"The Death Road in Bolivia"},{"@type":"BreadcrumbList","@id":"https:\/\/www.welovecycling.com\/hu\/trekking-mtb\/a-vilag-5-legjobb-kerekparutja\/#breadcrumb","itemListElement":[{"@type":"ListItem","position":1,"name":"Home","item":"https:\/\/www.welovecycling.com\/hu\/"},{"@type":"ListItem","position":2,"name":"A vil\u00e1g 5 legjobb ker\u00e9kp\u00e1r\u00fatja"}]},{"@type":"WebSite","@id":"https:\/\/www.welovecycling.com\/hu\/#website","url":"https:\/\/www.welovecycling.com\/hu\/","name":"\u0160koda We Love Cycling - Magyarorsz\u00e1g","description":"\u0160koda WeLoveCycling","potentialAction":[{"@type":"SearchAction","target":{"@type":"EntryPoint","urlTemplate":"https:\/\/www.welovecycling.com\/hu\/?s={search_term_string}"},"query-input":{"@type":"PropertyValueSpecification","valueRequired":true,"valueName":"search_term_string"}}],"inLanguage":"hu"},{"@type":"Person","@id":"https:\/\/www.welovecycling.com\/hu\/#\/schema\/person\/414a2aebf1801691a5320edb6468e194","name":"hegyizs","image":{"@type":"ImageObject","inLanguage":"hu","@id":"https:\/\/www.welovecycling.com\/hu\/#\/schema\/person\/image\/","url":"https:\/\/secure.gravatar.com\/avatar\/02cf8a7906b8cf90cecb4679defac7cfd33a1c2e3b88e4903d947f3bb58eedd3?s=96&d=mm&r=g","contentUrl":"https:\/\/secure.gravatar.com\/avatar\/02cf8a7906b8cf90cecb4679defac7cfd33a1c2e3b88e4903d947f3bb58eedd3?s=96&d=mm&r=g","caption":"hegyizs"},"url":"https:\/\/www.welovecycling.com\/hu\/author\/hegyizs\/"}]}},"_links":{"self":[{"href":"https:\/\/www.welovecycling.com\/hu\/wp-json\/wp\/v2\/posts\/17139","targetHints":{"allow":["GET"]}}],"collection":[{"href":"https:\/\/www.welovecycling.com\/hu\/wp-json\/wp\/v2\/posts"}],"about":[{"href":"https:\/\/www.welovecycling.com\/hu\/wp-json\/wp\/v2\/types\/post"}],"author":[{"embeddable":true,"href":"https:\/\/www.welovecycling.com\/hu\/wp-json\/wp\/v2\/users\/71"}],"replies":[{"embeddable":true,"href":"https:\/\/www.welovecycling.com\/hu\/wp-json\/wp\/v2\/comments?post=17139"}],"version-history":[{"count":2,"href":"https:\/\/www.welovecycling.com\/hu\/wp-json\/wp\/v2\/posts\/17139\/revisions"}],"predecessor-version":[{"id":17146,"href":"https:\/\/www.welovecycling.com\/hu\/wp-json\/wp\/v2\/posts\/17139\/revisions\/17146"}],"wp:featuredmedia":[{"embeddable":true,"href":"https:\/\/www.welovecycling.com\/hu\/wp-json\/wp\/v2\/media\/17145"}],"wp:attachment":[{"href":"https:\/\/www.welovecycling.com\/hu\/wp-json\/wp\/v2\/media?parent=17139"}],"wp:term":[{"taxonomy":"category","embeddable":true,"href":"https:\/\/www.welovecycling.com\/hu\/wp-json\/wp\/v2\/categories?post=17139"},{"taxonomy":"post_tag","embeddable":true,"href":"https:\/\/www.welovecycling.com\/hu\/wp-json\/wp\/v2\/tags?post=17139"},{"taxonomy":"global-categories","embeddable":true,"href":"https:\/\/www.welovecycling.com\/hu\/wp-json\/wp\/v2\/global-categories?post=17139"}],"curies":[{"name":"wp","href":"https:\/\/api.w.org\/{rel}","templated":true}]}}