{"id":17133,"date":"2023-03-17T14:02:39","date_gmt":"2023-03-17T12:02:39","guid":{"rendered":"https:\/\/www.welovecycling.com\/hu\/?p=17133"},"modified":"2023-03-17T14:02:57","modified_gmt":"2023-03-17T12:02:57","slug":"pogacar-sagan-valter-ati-es-a-tobbiek-jon-az-ev-leghosszabb-klasszikusa-a-milano-sanremo","status":"publish","type":"post","link":"https:\/\/www.welovecycling.com\/hu\/orszaguti-kerekpar\/pogacar-sagan-valter-ati-es-a-tobbiek-jon-az-ev-leghosszabb-klasszikusa-a-milano-sanremo\/","title":{"rendered":"Pogacar, Sagan, Valter Ati \u00e9s a t\u00f6bbiek \u2013 j\u00f6n az \u00e9v leghosszabb klasszikusa, a Mil\u00e1n\u00f3\u2013Sanremo!"},"content":{"rendered":"<p><strong>Vajon meg tudja-e \u00e1ll\u00edtani az utols\u00f3 Sanrem\u00f3j\u00e1n rajthoz \u00e1ll\u00f3 Peter Sagan, vagy b\u00e1rki m\u00e1s a szezont \u0171rform\u00e1ban kezd\u0151 szlov\u00e9n szt\u00e1rt? Hogy a majd\u2019 300 kilom\u00e9ter \u00e9s hat \u00e9s f\u00e9l \u00f3ra alatt sokan meg fogj\u00e1k pr\u00f3b\u00e1lni, abban eg\u00e9szen biztosak lehet\u00fcnk \u2013 rem\u00e9lhet\u0151leg a Jumb\u00f3n\u00e1l eddig \u00e1lombemutatkoz\u00e1st produk\u00e1l\u00f3 Valter Attila is k\u00f6zt\u00fck lehet majd!<\/strong><strong>\u00a0<\/strong><!--more--><\/p>\n<p>Ha m\u00e1rcius harmadik szombatja, akkor hagyom\u00e1nyosan Mil\u00e1n\u00f3\u2013Sanremo \u2013 \u00edgy megy ez m\u00e1r id\u0151tlen id\u0151k \u00f3ta, a bringakedvel\u0151k j\u00f3 el\u0151re be is karik\u00e1zz\u00e1k a napt\u00e1rban az \u00e9v egyik piros bet\u0171s \u00fcnnep\u00e9t, a versenyszezon els\u0151 nagy egynapos klasszikus\u00e1nak napj\u00e1t. Az \u00f6t Monumentum k\u00f6z\u00e9 tartoz\u00f3 patin\u00e1s viadal t\u00f6bb mint 115 \u00e9ves m\u00faltra tekint vissza, hiszen 1907-ben rendezt\u00e9k meg el\u0151sz\u00f6r, az idei lesz a 114. ki\u00edr\u00e1s (a viadal ugyanis az \u00e9vek sor\u00e1n csup\u00e1n h\u00e1rom alkalommal, a k\u00e9t vil\u00e1g\u00e9g\u00e9s ideje alatt maradt el, 1916-ban \u00e9s 1944-45-ben).<\/p>\n<p>A Mil\u00e1n\u00f3\u2013Sanremo ezek mellett arr\u00f3l is nevezetes, hogy ez az \u00e9v leghosszabb egynaposa, rendre brut\u00e1lis, 290-300 kilom\u00e9ter k\u00f6r\u00fcli \u00fatvonallal (de a minden szempontb\u00f3l rendhagy\u00f3, 2020-as kiad\u00e1s \u00f6sszt\u00e1vja p\u00e9ld\u00e1ul 305 km volt). Az idei verseny 294 km-t \u00f6lel fel, az \u00fatvonal j\u00f3form\u00e1n megegyezik a tavalyival, amelyet v\u00e9g\u00fcl Matej Mohoric nyert meg felejthetetlen, <a href=\"https:\/\/www.youtube.com\/watch?v=fgaqxIUzNR8&amp;themeRefresh=1\">elk\u00e9peszt\u0151 lejtmenetez\u00e9se<\/a> ut\u00e1n.<\/p>\n<p>Merthogy a t\u00e1v sor\u00e1n t\u00f6bb kisebb-nagyobb emelked\u0151t is teljes\u00edtenie kell a mez\u0151nynek, id\u00e9n a nagyj\u00e1b\u00f3l f\u00e9lt\u00e1vn\u00e1l fekv\u0151 Turchino-h\u00e1g\u00f3 ut\u00e1n a v\u00e9gj\u00e1t\u00e9kban szok\u00e1s szerint ott a Cipressa \u00e9s a Poggio is, hogy azt\u00e1n j\u00f6jj\u00f6n a j\u00f3l ismert s\u00edk befut\u00f3 a tengerparton, Sanremo fest\u0151i k\u00f6rnyezet\u00e9ben. A tal\u00e1lgat\u00e1sok pedig m\u00e1ris elkezd\u0151dtek, hogy ezek a kisebb hegyek elegend\u0151ek-e ahhoz, hogy az id\u00e9n a verseny f\u0151 favoritj\u00e1nak tartott Tadej Pogacar leszak\u00edtsa mag\u00e1r\u00f3l riv\u00e1lisait. Sokak szerint nem val\u00f3sz\u00edn\u0171, \u00e1m abban nagyj\u00e1b\u00f3l konszenzus van, hogy a tavalyi \u00e9ve ut\u00e1n m\u00e9g er\u0151sebben visszat\u00e9r\u0151 szlov\u00e9n szt\u00e1r egyel\u0151re id\u00e9n annyira domin\u00e1ns form\u00e1t mutat, hogy ett\u0151l f\u00fcggetlen\u00fcl is neki van a legjobb es\u00e9lye a gy\u0151zelemre a v\u00e1rhat\u00f3an nagyj\u00e1b\u00f3l hat \u00e9s f\u00e9l\u00f3r\u00e1nyi teker\u00e9st k\u00f6vet\u0151en. Pogacar egyel\u0151re, ahol elindult id\u00e9n, csak nyert, a legnagyobb \u00e9s legl\u00e1tv\u00e1nyosabb siker\u00e9t a h\u00e9tv\u00e9g\u00e9n z\u00e1rult P\u00e1rizs\u2013Nizz\u00e1n aratta 20 km-es sz\u00f3l\u00f3sz\u00f6k\u00e9s\u00e9vel. Az Emirates klasszisa ugyanakkor kor\u00e1bban \u00fagy fogalmazott, szerinte az \u00f6sszes klasszikus k\u00f6z\u00fcl ezt, a Mil\u00e1n\u00f3\u2013Sanrem\u00f3t lesz a legnehezebb megnyernie, \u00fagyhogy k\u00edv\u00e1ncsian v\u00e1rjuk, ilyen pazar form\u00e1ban mit hoz sz\u00e1m\u00e1ra a viadal.<\/p>\n<figure id=\"attachment_17134\" aria-describedby=\"caption-attachment-17134\" style=\"width: 1024px\" class=\"wp-caption alignnone\"><img loading=\"lazy\" decoding=\"async\" class=\"size-full wp-image-17134\" src=\"https:\/\/d2p6e6u75xmxt8.cloudfront.net\/12\/2023\/03\/7PKXA7cQ5joHTCgCmLWEi6.webp\" alt=\"\" width=\"1024\" height=\"683\" srcset=\"https:\/\/d2p6e6u75xmxt8.cloudfront.net\/12\/2023\/03\/7PKXA7cQ5joHTCgCmLWEi6.webp 1024w, https:\/\/d2p6e6u75xmxt8.cloudfront.net\/12\/2023\/03\/7PKXA7cQ5joHTCgCmLWEi6-300x200.webp 300w, https:\/\/d2p6e6u75xmxt8.cloudfront.net\/12\/2023\/03\/7PKXA7cQ5joHTCgCmLWEi6-768x512.webp 768w, https:\/\/d2p6e6u75xmxt8.cloudfront.net\/12\/2023\/03\/7PKXA7cQ5joHTCgCmLWEi6-400x267.webp 400w, https:\/\/d2p6e6u75xmxt8.cloudfront.net\/12\/2023\/03\/7PKXA7cQ5joHTCgCmLWEi6-272x182.webp 272w\" sizes=\"auto, (max-width: 1024px) 100vw, 1024px\" \/><figcaption id=\"caption-attachment-17134\" class=\"wp-caption-text\">Pogacar a P\u00e1rizs\u2013Nizz\u00e1t er\u0151demonstr\u00e1l\u00f3 teljes\u00edtm\u00e9nnyel nyerte meg (fot\u00f3: Alex Broadway\/Getty Images)<\/figcaption><\/figure>\n<p>Ha nem is siker\u00fcl gy\u0151znie, neki m\u00e9g mindig lesz b\u0151ven lehet\u0151s\u00e9ge pr\u00f3b\u00e1lkozni, egy m\u00e1sik nagy\u00e1gy\u00fanak viszont biztos, hogy ez lesz az utols\u00f3 Sanrem\u00f3ja. Term\u00e9szetesen az \u00e9v v\u00e9g\u00e9n visszavonul\u00f3 Peter Saganr\u00f3l van sz\u00f3, aki id\u00e9n 13.(!) alkalommal indul, \u00e9s b\u00e1r mindig elk\u00e9peszt\u0151en k\u00f6zel volt a t\u0171zh\u00f6z, szinte hihetetlen, hogy a v\u00e9g\u00e9n egyszer sem neki j\u00f6tt ki a l\u00e9p\u00e9s. A szlov\u00e1k ikon kilencszer v\u00e9gzett a top 10-ben, h\u00e9tszer a legjobb \u00f6tben, k\u00e9t \u00edzben pedig hajsz\u00e1l v\u00e1lasztotta el a gy\u0151zelemt\u0151l, s lett m\u00e1sodik. Sagan a Tirreno\u2013Adriatico ut\u00e1n nyilatkozott a sajt\u00f3nak, ahol elmondta, noha mindig is ez a verseny fek\u00fcdt neki az egyik legjobban, rendre neh\u00e9zs\u00e9gei akadtak a gy\u0151zelem el\u0151tt \u2013 volt, hogy a csapatt\u00e1rsai miatt, volt, hogy lebecs\u00fclte riv\u00e1lisait, \u00e9s akadtak m\u0171szaki gondjai is (p\u00e9ld\u00e1ul tavaly). Mint mondta, a legjobban a 2017-es veres\u00e9g f\u00e1jt neki, amikor Michal Kwiatkowskival sprinteltek a gy\u0151zelem\u00e9rt, \u00e9s a lengyel v\u00e9g\u00fcl n\u00e9h\u00e1ny tizedm\u00e1sodperccel jobbnak bizonyult, de most szombaton m\u00e9g egyszer, utolj\u00e1ra van es\u00e9lye, hogy nyerjen \u00e9s sz\u00e9pen b\u00facs\u00fazzon a Sanrem\u00f3t\u00f3l.<\/p>\n<figure id=\"attachment_17135\" aria-describedby=\"caption-attachment-17135\" style=\"width: 954px\" class=\"wp-caption alignnone\"><img loading=\"lazy\" decoding=\"async\" class=\"size-full wp-image-17135\" src=\"https:\/\/d2p6e6u75xmxt8.cloudfront.net\/12\/2023\/03\/Picture-1.webp\" alt=\"\" width=\"954\" height=\"636\" srcset=\"https:\/\/d2p6e6u75xmxt8.cloudfront.net\/12\/2023\/03\/Picture-1.webp 954w, https:\/\/d2p6e6u75xmxt8.cloudfront.net\/12\/2023\/03\/Picture-1-300x200.webp 300w, https:\/\/d2p6e6u75xmxt8.cloudfront.net\/12\/2023\/03\/Picture-1-768x512.webp 768w, https:\/\/d2p6e6u75xmxt8.cloudfront.net\/12\/2023\/03\/Picture-1-400x267.webp 400w, https:\/\/d2p6e6u75xmxt8.cloudfront.net\/12\/2023\/03\/Picture-1-272x182.webp 272w\" sizes=\"auto, (max-width: 954px) 100vw, 954px\" \/><figcaption id=\"caption-attachment-17135\" class=\"wp-caption-text\">Sagan 2017-ben, m\u00e9g bor\u00e1sk\u00e9nt volt a legk\u00f6zelebb a gy\u0151zelemhez (fot\u00f3: Tim De Waele\/TDW)<\/figcaption><\/figure>\n<p>Mi viszont a legnagyobb \u00e9rdekl\u0151d\u00e9ssel nyilv\u00e1n Valter Attil\u00e1t fogjuk figyelemmel k\u00f6vetni, akinek eddig \u00e1lomszer\u0171en alakul a bemutatkoz\u00e1sa a Jumb\u00f3n\u00e1l. Magyar bajnokunk a szezonnyit\u00f3 Gran Camino 4. helye ut\u00e1n a Strade Bianch\u00e9n remek 5. helyet hozott, majd hathat\u00f3s k\u00f6zrem\u0171k\u00f6d\u00e9s\u00e9vel seg\u00edtette nagy gy\u0151zelemhez Primoz Roglicot legut\u00f3bb a Tirreno Adriatic\u00f3n. Err\u0151l <a href=\"https:\/\/www.facebook.com\/permalink.php?story_fbid=pfbid02e3As8EmAm6UDdrHWd9MWBiyWMnkUwWVjRTKGA56Mpzcj2MejU44cHVGRKmVkY73yl&amp;id=100063776644112\">k\u00f6z\u00f6ss\u00e9gi oldal\u00e1n<\/a> egyebek mellett ezt mondta: \u201eTal\u00e1n most el\u0151sz\u00f6r alak\u00edtottam \u00e9n egy verseny sors\u00e1t azzal, hogy dikt\u00e1lom a temp\u00f3t, vagy kontroll\u00e1lom a t\u00e1mad\u00e1sokat vagy \u00e9n magam t\u00e1madok, ezzel sz\u00e9tszedve a mez\u0151nyt.<\/p>\n<p>Hab a tort\u00e1n, hogy ezt egy ilyen csapatban tehettem, ahol gy\u0151zelemre is tudtuk v\u00e1ltani azt a sok befektetett munk\u00e1t! \u00a0Tal\u00e1n egyszer t\u00e9nyleg el\u00e9rem minden c\u00e9lomat ebben a sportban. Most nagyot l\u00e9ptem fel\u00e9. \u00a0Egy p\u00e1r napot most Magyarorsz\u00e1gon pihenek, azt\u00e1n ir\u00e1ny megd\u00f6nteni az eddigi leghosszabb teker\u00e9sem rekordj\u00e1t a Milano-Sanremo verseny\u00e9n! A szurkol\u00e1st, rem\u00e9lem m\u00e1r mondanom sem kell, nagyon k\u00f6sz\u00f6n\u00f6m!\u201d<\/p>\n<p>Egy biztos, rajtunk nem fog m\u00falni az ut\u00f3bbi!<\/p>\n<figure id=\"attachment_17136\" aria-describedby=\"caption-attachment-17136\" style=\"width: 1024px\" class=\"wp-caption alignnone\"><img loading=\"lazy\" decoding=\"async\" class=\"size-large wp-image-17136\" src=\"https:\/\/d2p6e6u75xmxt8.cloudfront.net\/12\/2023\/03\/335612362_186351994116904_9096074206691273217_n-1024x675.webp\" alt=\"\" width=\"1024\" height=\"675\" srcset=\"https:\/\/d2p6e6u75xmxt8.cloudfront.net\/12\/2023\/03\/335612362_186351994116904_9096074206691273217_n-1024x675.webp 1024w, https:\/\/d2p6e6u75xmxt8.cloudfront.net\/12\/2023\/03\/335612362_186351994116904_9096074206691273217_n-300x198.webp 300w, https:\/\/d2p6e6u75xmxt8.cloudfront.net\/12\/2023\/03\/335612362_186351994116904_9096074206691273217_n-768x506.webp 768w, https:\/\/d2p6e6u75xmxt8.cloudfront.net\/12\/2023\/03\/335612362_186351994116904_9096074206691273217_n-400x264.webp 400w, https:\/\/d2p6e6u75xmxt8.cloudfront.net\/12\/2023\/03\/335612362_186351994116904_9096074206691273217_n.webp 1179w\" sizes=\"auto, (max-width: 1024px) 100vw, 1024px\" \/><figcaption id=\"caption-attachment-17136\" class=\"wp-caption-text\">fot\u00f3: Valter Attila\/Facebook<\/figcaption><\/figure>\n<p>Bor\u00edt\u00f3k\u00e9p:\u00a0<em> Team Jumbo Visma<\/em><\/p>\n","protected":false},"excerpt":{"rendered":"<p>Vajon meg tudja-e \u00e1ll\u00edtani az utols\u00f3 Sanrem\u00f3j\u00e1n rajthoz \u00e1ll\u00f3 Peter Sagan, vagy b\u00e1rki m\u00e1s a szezont \u0171rform\u00e1ban kezd\u0151 szlov\u00e9n szt\u00e1rt? [&hellip;]<\/p>\n","protected":false},"author":71,"featured_media":17137,"comment_status":"open","ping_status":"open","sticky":false,"template":"","format":"standard","meta":{"footnotes":""},"categories":[8],"tags":[],"global-categories":[419],"class_list":["post-17133","post","type-post","status-publish","format-standard","has-post-thumbnail","hentry","category-orszaguti-kerekpar","global-categories-cycling"],"yoast_head":"<!-- This site is optimized with the Yoast SEO Premium plugin v25.3 (Yoast SEO v25.9) - https:\/\/yoast.com\/wordpress\/plugins\/seo\/ -->\n<title>Pogacar, Sagan, Valter Ati \u00e9s a t\u00f6bbiek \u2013 j\u00f6n az \u00e9v leghosszabb klasszikusa, a Mil\u00e1n\u00f3\u2013Sanremo!<\/title>\n<meta name=\"description\" content=\"Vajon meg tudja-e \u00e1ll\u00edtani az utols\u00f3 Sanrem\u00f3j\u00e1n rajthoz \u00e1ll\u00f3 Peter Sagan, vagy b\u00e1rki m\u00e1s a szezont \u0171rform\u00e1ban kezd\u0151 szlov\u00e9n szt\u00e1rt? Hogy a majd\u2019 300 kilom\u00e9ter \u00e9s hat \u00e9s f\u00e9l \u00f3ra alatt sokan meg fogj\u00e1k pr\u00f3b\u00e1lni, abban eg\u00e9szen biztosak lehet\u00fcnk \u2013 rem\u00e9lhet\u0151leg a Jumb\u00f3n\u00e1l eddig \u00e1lombemutatkoz\u00e1st produk\u00e1l\u00f3 Valter Attila is k\u00f6zt\u00fck lehet majd!\u00a0\" \/>\n<meta name=\"robots\" content=\"index, follow, max-snippet:-1, max-image-preview:large, max-video-preview:-1\" \/>\n<link rel=\"canonical\" href=\"https:\/\/www.welovecycling.com\/hu\/orszaguti-kerekpar\/pogacar-sagan-valter-ati-es-a-tobbiek-jon-az-ev-leghosszabb-klasszikusa-a-milano-sanremo\/\" \/>\n<meta property=\"og:locale\" content=\"hu_HU\" \/>\n<meta property=\"og:type\" content=\"article\" \/>\n<meta property=\"og:title\" content=\"Pogacar, Sagan, Valter Ati \u00e9s a t\u00f6bbiek \u2013 j\u00f6n az \u00e9v leghosszabb klasszikusa, a Mil\u00e1n\u00f3\u2013Sanremo!\" \/>\n<meta property=\"og:description\" content=\"Vajon meg tudja-e \u00e1ll\u00edtani az utols\u00f3 Sanrem\u00f3j\u00e1n rajthoz \u00e1ll\u00f3 Peter Sagan, vagy b\u00e1rki m\u00e1s a szezont \u0171rform\u00e1ban kezd\u0151 szlov\u00e9n szt\u00e1rt? Hogy a majd\u2019 300 kilom\u00e9ter \u00e9s hat \u00e9s f\u00e9l \u00f3ra alatt sokan meg fogj\u00e1k pr\u00f3b\u00e1lni, abban eg\u00e9szen biztosak lehet\u00fcnk \u2013 rem\u00e9lhet\u0151leg a Jumb\u00f3n\u00e1l eddig \u00e1lombemutatkoz\u00e1st produk\u00e1l\u00f3 Valter Attila is k\u00f6zt\u00fck lehet majd!\u00a0\" \/>\n<meta property=\"og:url\" content=\"https:\/\/www.welovecycling.com\/hu\/orszaguti-kerekpar\/pogacar-sagan-valter-ati-es-a-tobbiek-jon-az-ev-leghosszabb-klasszikusa-a-milano-sanremo\/\" \/>\n<meta property=\"og:site_name\" content=\"\u0160koda We Love Cycling - Magyarorsz\u00e1g\" \/>\n<meta property=\"article:publisher\" content=\"https:\/\/www.facebook.com\/WeLoveCyclingHungary\/\" \/>\n<meta property=\"article:published_time\" content=\"2023-03-17T12:02:39+00:00\" \/>\n<meta property=\"article:modified_time\" content=\"2023-03-17T12:02:57+00:00\" \/>\n<meta property=\"og:image\" content=\"https:\/\/d2p6e6u75xmxt8.cloudfront.net\/12\/2023\/03\/5_2023-03-06-170449_mnkm.webp\" \/>\n\t<meta property=\"og:image:width\" content=\"1500\" \/>\n\t<meta property=\"og:image:height\" content=\"825\" \/>\n\t<meta property=\"og:image:type\" content=\"image\/webp\" \/>\n<meta name=\"author\" content=\"hegyizs\" \/>\n<meta name=\"twitter:card\" content=\"summary_large_image\" \/>\n<meta name=\"twitter:label1\" content=\"Written by\" \/>\n\t<meta name=\"twitter:data1\" content=\"WLC\" \/>\n\t<meta name=\"twitter:label2\" content=\"Est. reading time\" \/>\n\t<meta name=\"twitter:data2\" content=\"5 minutes\" \/>\n<script type=\"application\/ld+json\" class=\"yoast-schema-graph\">{\"@context\":\"https:\/\/schema.org\",\"@graph\":[{\"@type\":\"WebPage\",\"@id\":\"https:\/\/www.welovecycling.com\/hu\/orszaguti-kerekpar\/pogacar-sagan-valter-ati-es-a-tobbiek-jon-az-ev-leghosszabb-klasszikusa-a-milano-sanremo\/\",\"url\":\"https:\/\/www.welovecycling.com\/hu\/orszaguti-kerekpar\/pogacar-sagan-valter-ati-es-a-tobbiek-jon-az-ev-leghosszabb-klasszikusa-a-milano-sanremo\/\",\"name\":\"Pogacar, Sagan, Valter Ati \u00e9s a t\u00f6bbiek \u2013 j\u00f6n az \u00e9v leghosszabb klasszikusa, a Mil\u00e1n\u00f3\u2013Sanremo!\",\"isPartOf\":{\"@id\":\"https:\/\/www.welovecycling.com\/hu\/#website\"},\"primaryImageOfPage\":{\"@id\":\"https:\/\/www.welovecycling.com\/hu\/orszaguti-kerekpar\/pogacar-sagan-valter-ati-es-a-tobbiek-jon-az-ev-leghosszabb-klasszikusa-a-milano-sanremo\/#primaryimage\"},\"image\":{\"@id\":\"https:\/\/www.welovecycling.com\/hu\/orszaguti-kerekpar\/pogacar-sagan-valter-ati-es-a-tobbiek-jon-az-ev-leghosszabb-klasszikusa-a-milano-sanremo\/#primaryimage\"},\"thumbnailUrl\":\"https:\/\/d2p6e6u75xmxt8.cloudfront.net\/12\/2023\/03\/5_2023-03-06-170449_mnkm.webp\",\"datePublished\":\"2023-03-17T12:02:39+00:00\",\"dateModified\":\"2023-03-17T12:02:57+00:00\",\"author\":{\"@id\":\"https:\/\/www.welovecycling.com\/hu\/#\/schema\/person\/414a2aebf1801691a5320edb6468e194\"},\"description\":\"Vajon meg tudja-e \u00e1ll\u00edtani az utols\u00f3 Sanrem\u00f3j\u00e1n rajthoz \u00e1ll\u00f3 Peter Sagan, vagy b\u00e1rki m\u00e1s a szezont \u0171rform\u00e1ban kezd\u0151 szlov\u00e9n szt\u00e1rt? Hogy a majd\u2019 300 kilom\u00e9ter \u00e9s hat \u00e9s f\u00e9l \u00f3ra alatt sokan meg fogj\u00e1k pr\u00f3b\u00e1lni, abban eg\u00e9szen biztosak lehet\u00fcnk \u2013 rem\u00e9lhet\u0151leg a Jumb\u00f3n\u00e1l eddig \u00e1lombemutatkoz\u00e1st produk\u00e1l\u00f3 Valter Attila is k\u00f6zt\u00fck lehet majd!\u00a0\",\"breadcrumb\":{\"@id\":\"https:\/\/www.welovecycling.com\/hu\/orszaguti-kerekpar\/pogacar-sagan-valter-ati-es-a-tobbiek-jon-az-ev-leghosszabb-klasszikusa-a-milano-sanremo\/#breadcrumb\"},\"inLanguage\":\"hu\",\"potentialAction\":[{\"@type\":\"ReadAction\",\"target\":[\"https:\/\/www.welovecycling.com\/hu\/orszaguti-kerekpar\/pogacar-sagan-valter-ati-es-a-tobbiek-jon-az-ev-leghosszabb-klasszikusa-a-milano-sanremo\/\"]}]},{\"@type\":\"ImageObject\",\"inLanguage\":\"hu\",\"@id\":\"https:\/\/www.welovecycling.com\/hu\/orszaguti-kerekpar\/pogacar-sagan-valter-ati-es-a-tobbiek-jon-az-ev-leghosszabb-klasszikusa-a-milano-sanremo\/#primaryimage\",\"url\":\"https:\/\/d2p6e6u75xmxt8.cloudfront.net\/12\/2023\/03\/5_2023-03-06-170449_mnkm.webp\",\"contentUrl\":\"https:\/\/d2p6e6u75xmxt8.cloudfront.net\/12\/2023\/03\/5_2023-03-06-170449_mnkm.webp\",\"width\":1500,\"height\":825},{\"@type\":\"BreadcrumbList\",\"@id\":\"https:\/\/www.welovecycling.com\/hu\/orszaguti-kerekpar\/pogacar-sagan-valter-ati-es-a-tobbiek-jon-az-ev-leghosszabb-klasszikusa-a-milano-sanremo\/#breadcrumb\",\"itemListElement\":[{\"@type\":\"ListItem\",\"position\":1,\"name\":\"Home\",\"item\":\"https:\/\/www.welovecycling.com\/hu\/\"},{\"@type\":\"ListItem\",\"position\":2,\"name\":\"Pogacar, Sagan, Valter Ati \u00e9s a t\u00f6bbiek \u2013 j\u00f6n az \u00e9v leghosszabb klasszikusa, a Mil\u00e1n\u00f3\u2013Sanremo!\"}]},{\"@type\":\"WebSite\",\"@id\":\"https:\/\/www.welovecycling.com\/hu\/#website\",\"url\":\"https:\/\/www.welovecycling.com\/hu\/\",\"name\":\"\u0160koda We Love Cycling - Magyarorsz\u00e1g\",\"description\":\"\u0160koda WeLoveCycling\",\"potentialAction\":[{\"@type\":\"SearchAction\",\"target\":{\"@type\":\"EntryPoint\",\"urlTemplate\":\"https:\/\/www.welovecycling.com\/hu\/?s={search_term_string}\"},\"query-input\":{\"@type\":\"PropertyValueSpecification\",\"valueRequired\":true,\"valueName\":\"search_term_string\"}}],\"inLanguage\":\"hu\"},{\"@type\":\"Person\",\"@id\":\"https:\/\/www.welovecycling.com\/hu\/#\/schema\/person\/414a2aebf1801691a5320edb6468e194\",\"name\":\"hegyizs\",\"image\":{\"@type\":\"ImageObject\",\"inLanguage\":\"hu\",\"@id\":\"https:\/\/www.welovecycling.com\/hu\/#\/schema\/person\/image\/\",\"url\":\"https:\/\/secure.gravatar.com\/avatar\/02cf8a7906b8cf90cecb4679defac7cfd33a1c2e3b88e4903d947f3bb58eedd3?s=96&d=mm&r=g\",\"contentUrl\":\"https:\/\/secure.gravatar.com\/avatar\/02cf8a7906b8cf90cecb4679defac7cfd33a1c2e3b88e4903d947f3bb58eedd3?s=96&d=mm&r=g\",\"caption\":\"hegyizs\"},\"url\":\"https:\/\/www.welovecycling.com\/hu\/author\/hegyizs\/\"}]}<\/script>\n<!-- \/ Yoast SEO Premium plugin. -->","yoast_head_json":{"title":"Pogacar, Sagan, Valter Ati \u00e9s a t\u00f6bbiek \u2013 j\u00f6n az \u00e9v leghosszabb klasszikusa, a Mil\u00e1n\u00f3\u2013Sanremo!","description":"Vajon meg tudja-e \u00e1ll\u00edtani az utols\u00f3 Sanrem\u00f3j\u00e1n rajthoz \u00e1ll\u00f3 Peter Sagan, vagy b\u00e1rki m\u00e1s a szezont \u0171rform\u00e1ban kezd\u0151 szlov\u00e9n szt\u00e1rt? Hogy a majd\u2019 300 kilom\u00e9ter \u00e9s hat \u00e9s f\u00e9l \u00f3ra alatt sokan meg fogj\u00e1k pr\u00f3b\u00e1lni, abban eg\u00e9szen biztosak lehet\u00fcnk \u2013 rem\u00e9lhet\u0151leg a Jumb\u00f3n\u00e1l eddig \u00e1lombemutatkoz\u00e1st produk\u00e1l\u00f3 Valter Attila is k\u00f6zt\u00fck lehet majd!\u00a0","robots":{"index":"index","follow":"follow","max-snippet":"max-snippet:-1","max-image-preview":"max-image-preview:large","max-video-preview":"max-video-preview:-1"},"canonical":"https:\/\/www.welovecycling.com\/hu\/orszaguti-kerekpar\/pogacar-sagan-valter-ati-es-a-tobbiek-jon-az-ev-leghosszabb-klasszikusa-a-milano-sanremo\/","og_locale":"hu_HU","og_type":"article","og_title":"Pogacar, Sagan, Valter Ati \u00e9s a t\u00f6bbiek \u2013 j\u00f6n az \u00e9v leghosszabb klasszikusa, a Mil\u00e1n\u00f3\u2013Sanremo!","og_description":"Vajon meg tudja-e \u00e1ll\u00edtani az utols\u00f3 Sanrem\u00f3j\u00e1n rajthoz \u00e1ll\u00f3 Peter Sagan, vagy b\u00e1rki m\u00e1s a szezont \u0171rform\u00e1ban kezd\u0151 szlov\u00e9n szt\u00e1rt? Hogy a majd\u2019 300 kilom\u00e9ter \u00e9s hat \u00e9s f\u00e9l \u00f3ra alatt sokan meg fogj\u00e1k pr\u00f3b\u00e1lni, abban eg\u00e9szen biztosak lehet\u00fcnk \u2013 rem\u00e9lhet\u0151leg a Jumb\u00f3n\u00e1l eddig \u00e1lombemutatkoz\u00e1st produk\u00e1l\u00f3 Valter Attila is k\u00f6zt\u00fck lehet majd!\u00a0","og_url":"https:\/\/www.welovecycling.com\/hu\/orszaguti-kerekpar\/pogacar-sagan-valter-ati-es-a-tobbiek-jon-az-ev-leghosszabb-klasszikusa-a-milano-sanremo\/","og_site_name":"\u0160koda We Love Cycling - Magyarorsz\u00e1g","article_publisher":"https:\/\/www.facebook.com\/WeLoveCyclingHungary\/","article_published_time":"2023-03-17T12:02:39+00:00","article_modified_time":"2023-03-17T12:02:57+00:00","og_image":[{"width":1500,"height":825,"url":"https:\/\/d2p6e6u75xmxt8.cloudfront.net\/12\/2023\/03\/5_2023-03-06-170449_mnkm.webp","type":"image\/webp"}],"author":"hegyizs","twitter_card":"summary_large_image","twitter_misc":{"Written by":"WLC","Est. reading time":"5 minutes"},"schema":{"@context":"https:\/\/schema.org","@graph":[{"@type":"WebPage","@id":"https:\/\/www.welovecycling.com\/hu\/orszaguti-kerekpar\/pogacar-sagan-valter-ati-es-a-tobbiek-jon-az-ev-leghosszabb-klasszikusa-a-milano-sanremo\/","url":"https:\/\/www.welovecycling.com\/hu\/orszaguti-kerekpar\/pogacar-sagan-valter-ati-es-a-tobbiek-jon-az-ev-leghosszabb-klasszikusa-a-milano-sanremo\/","name":"Pogacar, Sagan, Valter Ati \u00e9s a t\u00f6bbiek \u2013 j\u00f6n az \u00e9v leghosszabb klasszikusa, a Mil\u00e1n\u00f3\u2013Sanremo!","isPartOf":{"@id":"https:\/\/www.welovecycling.com\/hu\/#website"},"primaryImageOfPage":{"@id":"https:\/\/www.welovecycling.com\/hu\/orszaguti-kerekpar\/pogacar-sagan-valter-ati-es-a-tobbiek-jon-az-ev-leghosszabb-klasszikusa-a-milano-sanremo\/#primaryimage"},"image":{"@id":"https:\/\/www.welovecycling.com\/hu\/orszaguti-kerekpar\/pogacar-sagan-valter-ati-es-a-tobbiek-jon-az-ev-leghosszabb-klasszikusa-a-milano-sanremo\/#primaryimage"},"thumbnailUrl":"https:\/\/d2p6e6u75xmxt8.cloudfront.net\/12\/2023\/03\/5_2023-03-06-170449_mnkm.webp","datePublished":"2023-03-17T12:02:39+00:00","dateModified":"2023-03-17T12:02:57+00:00","author":{"@id":"https:\/\/www.welovecycling.com\/hu\/#\/schema\/person\/414a2aebf1801691a5320edb6468e194"},"description":"Vajon meg tudja-e \u00e1ll\u00edtani az utols\u00f3 Sanrem\u00f3j\u00e1n rajthoz \u00e1ll\u00f3 Peter Sagan, vagy b\u00e1rki m\u00e1s a szezont \u0171rform\u00e1ban kezd\u0151 szlov\u00e9n szt\u00e1rt? Hogy a majd\u2019 300 kilom\u00e9ter \u00e9s hat \u00e9s f\u00e9l \u00f3ra alatt sokan meg fogj\u00e1k pr\u00f3b\u00e1lni, abban eg\u00e9szen biztosak lehet\u00fcnk \u2013 rem\u00e9lhet\u0151leg a Jumb\u00f3n\u00e1l eddig \u00e1lombemutatkoz\u00e1st produk\u00e1l\u00f3 Valter Attila is k\u00f6zt\u00fck lehet majd!\u00a0","breadcrumb":{"@id":"https:\/\/www.welovecycling.com\/hu\/orszaguti-kerekpar\/pogacar-sagan-valter-ati-es-a-tobbiek-jon-az-ev-leghosszabb-klasszikusa-a-milano-sanremo\/#breadcrumb"},"inLanguage":"hu","potentialAction":[{"@type":"ReadAction","target":["https:\/\/www.welovecycling.com\/hu\/orszaguti-kerekpar\/pogacar-sagan-valter-ati-es-a-tobbiek-jon-az-ev-leghosszabb-klasszikusa-a-milano-sanremo\/"]}]},{"@type":"ImageObject","inLanguage":"hu","@id":"https:\/\/www.welovecycling.com\/hu\/orszaguti-kerekpar\/pogacar-sagan-valter-ati-es-a-tobbiek-jon-az-ev-leghosszabb-klasszikusa-a-milano-sanremo\/#primaryimage","url":"https:\/\/d2p6e6u75xmxt8.cloudfront.net\/12\/2023\/03\/5_2023-03-06-170449_mnkm.webp","contentUrl":"https:\/\/d2p6e6u75xmxt8.cloudfront.net\/12\/2023\/03\/5_2023-03-06-170449_mnkm.webp","width":1500,"height":825},{"@type":"BreadcrumbList","@id":"https:\/\/www.welovecycling.com\/hu\/orszaguti-kerekpar\/pogacar-sagan-valter-ati-es-a-tobbiek-jon-az-ev-leghosszabb-klasszikusa-a-milano-sanremo\/#breadcrumb","itemListElement":[{"@type":"ListItem","position":1,"name":"Home","item":"https:\/\/www.welovecycling.com\/hu\/"},{"@type":"ListItem","position":2,"name":"Pogacar, Sagan, Valter Ati \u00e9s a t\u00f6bbiek \u2013 j\u00f6n az \u00e9v leghosszabb klasszikusa, a Mil\u00e1n\u00f3\u2013Sanremo!"}]},{"@type":"WebSite","@id":"https:\/\/www.welovecycling.com\/hu\/#website","url":"https:\/\/www.welovecycling.com\/hu\/","name":"\u0160koda We Love Cycling - Magyarorsz\u00e1g","description":"\u0160koda WeLoveCycling","potentialAction":[{"@type":"SearchAction","target":{"@type":"EntryPoint","urlTemplate":"https:\/\/www.welovecycling.com\/hu\/?s={search_term_string}"},"query-input":{"@type":"PropertyValueSpecification","valueRequired":true,"valueName":"search_term_string"}}],"inLanguage":"hu"},{"@type":"Person","@id":"https:\/\/www.welovecycling.com\/hu\/#\/schema\/person\/414a2aebf1801691a5320edb6468e194","name":"hegyizs","image":{"@type":"ImageObject","inLanguage":"hu","@id":"https:\/\/www.welovecycling.com\/hu\/#\/schema\/person\/image\/","url":"https:\/\/secure.gravatar.com\/avatar\/02cf8a7906b8cf90cecb4679defac7cfd33a1c2e3b88e4903d947f3bb58eedd3?s=96&d=mm&r=g","contentUrl":"https:\/\/secure.gravatar.com\/avatar\/02cf8a7906b8cf90cecb4679defac7cfd33a1c2e3b88e4903d947f3bb58eedd3?s=96&d=mm&r=g","caption":"hegyizs"},"url":"https:\/\/www.welovecycling.com\/hu\/author\/hegyizs\/"}]}},"_links":{"self":[{"href":"https:\/\/www.welovecycling.com\/hu\/wp-json\/wp\/v2\/posts\/17133","targetHints":{"allow":["GET"]}}],"collection":[{"href":"https:\/\/www.welovecycling.com\/hu\/wp-json\/wp\/v2\/posts"}],"about":[{"href":"https:\/\/www.welovecycling.com\/hu\/wp-json\/wp\/v2\/types\/post"}],"author":[{"embeddable":true,"href":"https:\/\/www.welovecycling.com\/hu\/wp-json\/wp\/v2\/users\/71"}],"replies":[{"embeddable":true,"href":"https:\/\/www.welovecycling.com\/hu\/wp-json\/wp\/v2\/comments?post=17133"}],"version-history":[{"count":1,"href":"https:\/\/www.welovecycling.com\/hu\/wp-json\/wp\/v2\/posts\/17133\/revisions"}],"predecessor-version":[{"id":17138,"href":"https:\/\/www.welovecycling.com\/hu\/wp-json\/wp\/v2\/posts\/17133\/revisions\/17138"}],"wp:featuredmedia":[{"embeddable":true,"href":"https:\/\/www.welovecycling.com\/hu\/wp-json\/wp\/v2\/media\/17137"}],"wp:attachment":[{"href":"https:\/\/www.welovecycling.com\/hu\/wp-json\/wp\/v2\/media?parent=17133"}],"wp:term":[{"taxonomy":"category","embeddable":true,"href":"https:\/\/www.welovecycling.com\/hu\/wp-json\/wp\/v2\/categories?post=17133"},{"taxonomy":"post_tag","embeddable":true,"href":"https:\/\/www.welovecycling.com\/hu\/wp-json\/wp\/v2\/tags?post=17133"},{"taxonomy":"global-categories","embeddable":true,"href":"https:\/\/www.welovecycling.com\/hu\/wp-json\/wp\/v2\/global-categories?post=17133"}],"curies":[{"name":"wp","href":"https:\/\/api.w.org\/{rel}","templated":true}]}}