{"id":17113,"date":"2023-03-11T08:00:42","date_gmt":"2023-03-11T06:00:42","guid":{"rendered":"https:\/\/www.welovecycling.com\/hu\/?p=17113"},"modified":"2023-03-03T13:38:03","modified_gmt":"2023-03-03T11:38:03","slug":"mikor-erdemes-megenned-az-energiaszeleteid","status":"publish","type":"post","link":"https:\/\/www.welovecycling.com\/hu\/edzes-es-eletmod\/mikor-erdemes-megenned-az-energiaszeleteid\/","title":{"rendered":"Mikor \u00e9rdemes megenned az energiaszeleteid?"},"content":{"rendered":"<p><strong>Gondolj vissza az utols\u00f3 alkalomra, amikor energiaszeletet ett\u00e9l. Val\u00f3sz\u00edn\u0171leg kicsit \u00e9hes volt\u00e1l, de nem el\u00e9gg\u00e9 ahhoz, hogy rendes \u00e9telt egy\u00e9l, \u00e9s nassolnival\u00f3ra v\u00e1gyt\u00e1l, ez\u00e9rt ny\u00falt\u00e1l \u00e9rte. Pedig \u00e1ltal\u00e1ban jobb edz\u00e9s el\u0151tt r\u00e1gcs\u00e1lni ezeket, hogy teker\u00e9s k\u00f6zben megfelel\u0151en adagolj\u00e1k az energi\u00e1t.<\/strong><!--more--><\/p>\n<p>De ha nem figyelsz t\u00fals\u00e1gosan arra, hogy mikor eszed meg az energiaszeleteket, ne agg\u00f3dj, nem vagy egyed\u00fcl. Itt az id\u0151 v\u00e1ltoztatni. L\u00e1ssuk, hogyan tudnak a legt\u00f6bbet seg\u00edteni az edz\u00e9seid sor\u00e1n?<\/p>\n<p><em>&#8220;Az energiaszeletek \u00e1ltal\u00e1ban t\u00f6bb kal\u00f3ri\u00e1t \u00e9s sz\u00e9nhidr\u00e1tot tartalmaznak, mint a hagyom\u00e1nyos feh\u00e9rjeszeletek&#8221;<\/em> &#8211; mondta a <a href=\"https:\/\/www.runnersworld.com\/news\/a34438773\/when-to-eat-energy-bars-kind-bar-pledge\/\">Runner\u2019s World magazinnak<\/a> Natalie Rizzo, a Nutrition a la Natalie tulajdonosa. <em>&#8220;P\u00e9ld\u00e1ul, a KIND Energy szeletek 230 kal\u00f3ri\u00e1t tartalmaznak, ezeknek a f\u0151 \u00f6sszetev\u0151j\u00fck a zabpehely. A zab komplex sz\u00e9nhidr\u00e1tokat tartalmaz, amelyeknek hosszabb az em\u00e9szt\u00e9si idej\u00fck, \u00e9s biztos\u00edtj\u00e1k a testnek a hosszan tart\u00f3 energi\u00e1t az edz\u00e9s sor\u00e1n.&#8221;<\/em><\/p>\n<p>Rizzo azt javasolja, hogy komplex sz\u00e9nhidr\u00e1tokat tartalmaz\u00f3 energiaszeletet egy \u00f3r\u00e1val az edz\u00e9s el\u0151tt egy\u00fcnk, mivel ezeknek a sz\u00e9nhidr\u00e1toknak hosszabb az em\u00e9szt\u00e9si idej\u00fck, mint a egyszer\u0171 sz\u00e9nhidr\u00e1toknak (p\u00e9ld\u00e1ul feh\u00e9r lisztb\u0151l k\u00e9sz\u00fclt \u00e9telek). Amy Goodson, regisztr\u00e1lt dietetikus, hozz\u00e1tette, hogy ha az edz\u00e9s el\u0151tt k\u00f6zvetlen\u00fcl szeretn\u00e9d elfogyasztani a szeletet, akkor a k\u00f6nnyen em\u00e9szthet\u0151 egyszer\u0171 sz\u00e9nhidr\u00e1tokkal k\u00e9sz\u00fclt verzi\u00f3 az ide\u00e1lis v\u00e1laszt\u00e1s.<\/p>\n<p>Goodson szerint azonban vannak olyan esetek, amikor akkor is rendben van energiaszeletet enni, ha \u00e9pp nem k\u00e9sz\u00fclsz edz\u00e9sre. Csak annyi a teend\u0151d, hogy biztos\u00edtsd, hogy az energiaszelet tartalmazza mindh\u00e1rom makrot\u00e1panyagot: sz\u00e9nhidr\u00e1tot, feh\u00e9rj\u00e9t \u00e9s zs\u00edrt.<\/p>\n<p><em>&#8220;Ha egy energiaszeletet t\u00edz\u00f3raira vagy d\u00e9lut\u00e1ni nasik\u00e9nt fogyasztasz, akkor egy olyan szeletet \u00e9rdemes v\u00e1lasztani, amiben j\u00f3 ar\u00e1nyban tal\u00e1lhat\u00f3ak meg a sz\u00e9nhidr\u00e1tok &#8211; ide\u00e1lis esetben rosttal kieg\u00e9sz\u00edtve -, a feh\u00e9rj\u00e9k \u00e9s a zs\u00edrok, hogy seg\u00edtsen a j\u00f3llakotts\u00e1g \u00e9rzet el\u00e9r\u00e9s\u00e9ben \u00e9s az energiaszint stabiliz\u00e1l\u00e1s\u00e1ban az \u00e9tkez\u00e9s ut\u00e1ni n\u00e9h\u00e1ny \u00f3r\u00e1ban&#8221; <\/em>&#8211; mondta a szakember.<\/p>\n<p>Ezzel pedig Rizzo is egyet\u00e9rtett.<\/p>\n<p><em>\u201cHa \u00fatk\u00f6zben r\u00e1gcs\u00e1lnival\u00f3t keresel, olyan dolgot javaslok, ami magasabb feh\u00e9rje- \u00e9s eg\u00e9szs\u00e9ges zs\u00edrtartalommal rendelkezik &#8211; ezek a t\u00e1panyagok kiel\u00e9g\u00edtik az \u00e9hs\u00e9get \u00e9s seg\u00edtenek a tel\u00edtetts\u00e9g-\u00e9rz\u00e9s fenntart\u00e1s\u00e1ban az \u00e9tkez\u00e9sek k\u00f6z\u00f6tt\u201d<\/em> &#8211; mondta. <em>&#8220;\u00c1ltal\u00e1ban nem javasoln\u00e1m az energiaszeletet nasik\u00e9nt, ha \u00e9pp nem edzel, hacsak nincs id\u0151d teljes \u00e9tkez\u00e9st fogyasztani. Ebben az esetben az energiaszelet n\u00e9mi t\u00e1panyagot juttathat a szervezetedbe, hogy fenntartsa az energiaszintedet az eg\u00e9sz nap folyam\u00e1n.&#8221;<\/em><\/p>\n<p>Rizzo azt javasolta, hogy olyan szeletet v\u00e1lassz, amelynek \u00f6sszetev\u0151it ismered \u00e9s \u00e9rted, nem pedig olyat, amelyben mesters\u00e9ges \u00e9des\u00edt\u0151szereket \u00e9s olajkever\u00e9keket haszn\u00e1lnak.<\/p>\n<p><em>&#8220;N\u00e9mi cukor rendben van, de fontos, hogy ne az els\u0151dleges \u00f6sszetev\u0151 legyen&#8221; <\/em>&#8211; tette hozz\u00e1.<\/p>\n","protected":false},"excerpt":{"rendered":"<p>Gondolj vissza az utols\u00f3 alkalomra, amikor energiaszeletet ett\u00e9l. Val\u00f3sz\u00edn\u0171leg kicsit \u00e9hes volt\u00e1l, de nem el\u00e9gg\u00e9 ahhoz, hogy rendes \u00e9telt egy\u00e9l, [&hellip;]<\/p>\n","protected":false},"author":71,"featured_media":17114,"comment_status":"open","ping_status":"open","sticky":false,"template":"","format":"standard","meta":{"footnotes":""},"categories":[6],"tags":[],"global-categories":[],"class_list":["post-17113","post","type-post","status-publish","format-standard","has-post-thumbnail","hentry","category-edzes-es-eletmod"],"yoast_head":"<!-- This site is optimized with the Yoast SEO Premium plugin v25.3 (Yoast SEO v25.9) - https:\/\/yoast.com\/wordpress\/plugins\/seo\/ -->\n<title>Mikor \u00e9rdemes megenned az energiaszeleteid?<\/title>\n<meta name=\"description\" content=\"Gondolj vissza az utols\u00f3 alkalomra, amikor energiaszeletet ett\u00e9l. Val\u00f3sz\u00edn\u0171leg kicsit \u00e9hes volt\u00e1l, de nem el\u00e9gg\u00e9 ahhoz, hogy rendes \u00e9telt egy\u00e9l, \u00e9s nassolnival\u00f3ra v\u00e1gyt\u00e1l, ez\u00e9rt ny\u00falt\u00e1l \u00e9rte. Pedig \u00e1ltal\u00e1ban jobb edz\u00e9s el\u0151tt r\u00e1gcs\u00e1lni ezeket, hogy teker\u00e9s k\u00f6zben megfelel\u0151en adagolj\u00e1k az energi\u00e1t.\" \/>\n<meta name=\"robots\" content=\"index, follow, max-snippet:-1, max-image-preview:large, max-video-preview:-1\" \/>\n<link rel=\"canonical\" href=\"https:\/\/www.welovecycling.com\/hu\/edzes-es-eletmod\/mikor-erdemes-megenned-az-energiaszeleteid\/\" \/>\n<meta property=\"og:locale\" content=\"hu_HU\" \/>\n<meta property=\"og:type\" content=\"article\" \/>\n<meta property=\"og:title\" content=\"Mikor \u00e9rdemes megenned az energiaszeleteid?\" \/>\n<meta property=\"og:description\" content=\"Gondolj vissza az utols\u00f3 alkalomra, amikor energiaszeletet ett\u00e9l. Val\u00f3sz\u00edn\u0171leg kicsit \u00e9hes volt\u00e1l, de nem el\u00e9gg\u00e9 ahhoz, hogy rendes \u00e9telt egy\u00e9l, \u00e9s nassolnival\u00f3ra v\u00e1gyt\u00e1l, ez\u00e9rt ny\u00falt\u00e1l \u00e9rte. Pedig \u00e1ltal\u00e1ban jobb edz\u00e9s el\u0151tt r\u00e1gcs\u00e1lni ezeket, hogy teker\u00e9s k\u00f6zben megfelel\u0151en adagolj\u00e1k az energi\u00e1t.\" \/>\n<meta property=\"og:url\" content=\"https:\/\/www.welovecycling.com\/hu\/edzes-es-eletmod\/mikor-erdemes-megenned-az-energiaszeleteid\/\" \/>\n<meta property=\"og:site_name\" content=\"\u0160koda We Love Cycling - Magyarorsz\u00e1g\" \/>\n<meta property=\"article:publisher\" content=\"https:\/\/www.facebook.com\/WeLoveCyclingHungary\/\" \/>\n<meta property=\"article:published_time\" content=\"2023-03-11T06:00:42+00:00\" \/>\n<meta property=\"og:image\" content=\"https:\/\/d2p6e6u75xmxt8.cloudfront.net\/12\/2023\/03\/dmytro-ostapenko-gAPXw7DAYQY-unsplash.webp\" \/>\n\t<meta property=\"og:image:width\" content=\"1920\" \/>\n\t<meta property=\"og:image:height\" content=\"1280\" \/>\n\t<meta property=\"og:image:type\" content=\"image\/webp\" \/>\n<meta name=\"author\" content=\"hegyizs\" \/>\n<meta name=\"twitter:card\" content=\"summary_large_image\" \/>\n<meta name=\"twitter:label1\" content=\"Written by\" \/>\n\t<meta name=\"twitter:data1\" content=\"WLC\" \/>\n\t<meta name=\"twitter:label2\" content=\"Est. reading time\" \/>\n\t<meta name=\"twitter:data2\" content=\"3 minutes\" \/>\n<script type=\"application\/ld+json\" class=\"yoast-schema-graph\">{\"@context\":\"https:\/\/schema.org\",\"@graph\":[{\"@type\":\"WebPage\",\"@id\":\"https:\/\/www.welovecycling.com\/hu\/edzes-es-eletmod\/mikor-erdemes-megenned-az-energiaszeleteid\/\",\"url\":\"https:\/\/www.welovecycling.com\/hu\/edzes-es-eletmod\/mikor-erdemes-megenned-az-energiaszeleteid\/\",\"name\":\"Mikor \u00e9rdemes megenned az energiaszeleteid?\",\"isPartOf\":{\"@id\":\"https:\/\/www.welovecycling.com\/hu\/#website\"},\"primaryImageOfPage\":{\"@id\":\"https:\/\/www.welovecycling.com\/hu\/edzes-es-eletmod\/mikor-erdemes-megenned-az-energiaszeleteid\/#primaryimage\"},\"image\":{\"@id\":\"https:\/\/www.welovecycling.com\/hu\/edzes-es-eletmod\/mikor-erdemes-megenned-az-energiaszeleteid\/#primaryimage\"},\"thumbnailUrl\":\"https:\/\/d2p6e6u75xmxt8.cloudfront.net\/12\/2023\/03\/dmytro-ostapenko-gAPXw7DAYQY-unsplash.webp\",\"datePublished\":\"2023-03-11T06:00:42+00:00\",\"author\":{\"@id\":\"https:\/\/www.welovecycling.com\/hu\/#\/schema\/person\/414a2aebf1801691a5320edb6468e194\"},\"description\":\"Gondolj vissza az utols\u00f3 alkalomra, amikor energiaszeletet ett\u00e9l. Val\u00f3sz\u00edn\u0171leg kicsit \u00e9hes volt\u00e1l, de nem el\u00e9gg\u00e9 ahhoz, hogy rendes \u00e9telt egy\u00e9l, \u00e9s nassolnival\u00f3ra v\u00e1gyt\u00e1l, ez\u00e9rt ny\u00falt\u00e1l \u00e9rte. Pedig \u00e1ltal\u00e1ban jobb edz\u00e9s el\u0151tt r\u00e1gcs\u00e1lni ezeket, hogy teker\u00e9s k\u00f6zben megfelel\u0151en adagolj\u00e1k az energi\u00e1t.\",\"breadcrumb\":{\"@id\":\"https:\/\/www.welovecycling.com\/hu\/edzes-es-eletmod\/mikor-erdemes-megenned-az-energiaszeleteid\/#breadcrumb\"},\"inLanguage\":\"hu\",\"potentialAction\":[{\"@type\":\"ReadAction\",\"target\":[\"https:\/\/www.welovecycling.com\/hu\/edzes-es-eletmod\/mikor-erdemes-megenned-az-energiaszeleteid\/\"]}]},{\"@type\":\"ImageObject\",\"inLanguage\":\"hu\",\"@id\":\"https:\/\/www.welovecycling.com\/hu\/edzes-es-eletmod\/mikor-erdemes-megenned-az-energiaszeleteid\/#primaryimage\",\"url\":\"https:\/\/d2p6e6u75xmxt8.cloudfront.net\/12\/2023\/03\/dmytro-ostapenko-gAPXw7DAYQY-unsplash.webp\",\"contentUrl\":\"https:\/\/d2p6e6u75xmxt8.cloudfront.net\/12\/2023\/03\/dmytro-ostapenko-gAPXw7DAYQY-unsplash.webp\",\"width\":1920,\"height\":1280},{\"@type\":\"BreadcrumbList\",\"@id\":\"https:\/\/www.welovecycling.com\/hu\/edzes-es-eletmod\/mikor-erdemes-megenned-az-energiaszeleteid\/#breadcrumb\",\"itemListElement\":[{\"@type\":\"ListItem\",\"position\":1,\"name\":\"Home\",\"item\":\"https:\/\/www.welovecycling.com\/hu\/\"},{\"@type\":\"ListItem\",\"position\":2,\"name\":\"Mikor \u00e9rdemes megenned az energiaszeleteid?\"}]},{\"@type\":\"WebSite\",\"@id\":\"https:\/\/www.welovecycling.com\/hu\/#website\",\"url\":\"https:\/\/www.welovecycling.com\/hu\/\",\"name\":\"\u0160koda We Love Cycling - Magyarorsz\u00e1g\",\"description\":\"\u0160koda WeLoveCycling\",\"potentialAction\":[{\"@type\":\"SearchAction\",\"target\":{\"@type\":\"EntryPoint\",\"urlTemplate\":\"https:\/\/www.welovecycling.com\/hu\/?s={search_term_string}\"},\"query-input\":{\"@type\":\"PropertyValueSpecification\",\"valueRequired\":true,\"valueName\":\"search_term_string\"}}],\"inLanguage\":\"hu\"},{\"@type\":\"Person\",\"@id\":\"https:\/\/www.welovecycling.com\/hu\/#\/schema\/person\/414a2aebf1801691a5320edb6468e194\",\"name\":\"hegyizs\",\"image\":{\"@type\":\"ImageObject\",\"inLanguage\":\"hu\",\"@id\":\"https:\/\/www.welovecycling.com\/hu\/#\/schema\/person\/image\/\",\"url\":\"https:\/\/secure.gravatar.com\/avatar\/02cf8a7906b8cf90cecb4679defac7cfd33a1c2e3b88e4903d947f3bb58eedd3?s=96&d=mm&r=g\",\"contentUrl\":\"https:\/\/secure.gravatar.com\/avatar\/02cf8a7906b8cf90cecb4679defac7cfd33a1c2e3b88e4903d947f3bb58eedd3?s=96&d=mm&r=g\",\"caption\":\"hegyizs\"},\"url\":\"https:\/\/www.welovecycling.com\/hu\/author\/hegyizs\/\"}]}<\/script>\n<!-- \/ Yoast SEO Premium plugin. -->","yoast_head_json":{"title":"Mikor \u00e9rdemes megenned az energiaszeleteid?","description":"Gondolj vissza az utols\u00f3 alkalomra, amikor energiaszeletet ett\u00e9l. Val\u00f3sz\u00edn\u0171leg kicsit \u00e9hes volt\u00e1l, de nem el\u00e9gg\u00e9 ahhoz, hogy rendes \u00e9telt egy\u00e9l, \u00e9s nassolnival\u00f3ra v\u00e1gyt\u00e1l, ez\u00e9rt ny\u00falt\u00e1l \u00e9rte. Pedig \u00e1ltal\u00e1ban jobb edz\u00e9s el\u0151tt r\u00e1gcs\u00e1lni ezeket, hogy teker\u00e9s k\u00f6zben megfelel\u0151en adagolj\u00e1k az energi\u00e1t.","robots":{"index":"index","follow":"follow","max-snippet":"max-snippet:-1","max-image-preview":"max-image-preview:large","max-video-preview":"max-video-preview:-1"},"canonical":"https:\/\/www.welovecycling.com\/hu\/edzes-es-eletmod\/mikor-erdemes-megenned-az-energiaszeleteid\/","og_locale":"hu_HU","og_type":"article","og_title":"Mikor \u00e9rdemes megenned az energiaszeleteid?","og_description":"Gondolj vissza az utols\u00f3 alkalomra, amikor energiaszeletet ett\u00e9l. Val\u00f3sz\u00edn\u0171leg kicsit \u00e9hes volt\u00e1l, de nem el\u00e9gg\u00e9 ahhoz, hogy rendes \u00e9telt egy\u00e9l, \u00e9s nassolnival\u00f3ra v\u00e1gyt\u00e1l, ez\u00e9rt ny\u00falt\u00e1l \u00e9rte. Pedig \u00e1ltal\u00e1ban jobb edz\u00e9s el\u0151tt r\u00e1gcs\u00e1lni ezeket, hogy teker\u00e9s k\u00f6zben megfelel\u0151en adagolj\u00e1k az energi\u00e1t.","og_url":"https:\/\/www.welovecycling.com\/hu\/edzes-es-eletmod\/mikor-erdemes-megenned-az-energiaszeleteid\/","og_site_name":"\u0160koda We Love Cycling - Magyarorsz\u00e1g","article_publisher":"https:\/\/www.facebook.com\/WeLoveCyclingHungary\/","article_published_time":"2023-03-11T06:00:42+00:00","og_image":[{"width":1920,"height":1280,"url":"https:\/\/d2p6e6u75xmxt8.cloudfront.net\/12\/2023\/03\/dmytro-ostapenko-gAPXw7DAYQY-unsplash.webp","type":"image\/webp"}],"author":"hegyizs","twitter_card":"summary_large_image","twitter_misc":{"Written by":"WLC","Est. reading time":"3 minutes"},"schema":{"@context":"https:\/\/schema.org","@graph":[{"@type":"WebPage","@id":"https:\/\/www.welovecycling.com\/hu\/edzes-es-eletmod\/mikor-erdemes-megenned-az-energiaszeleteid\/","url":"https:\/\/www.welovecycling.com\/hu\/edzes-es-eletmod\/mikor-erdemes-megenned-az-energiaszeleteid\/","name":"Mikor \u00e9rdemes megenned az energiaszeleteid?","isPartOf":{"@id":"https:\/\/www.welovecycling.com\/hu\/#website"},"primaryImageOfPage":{"@id":"https:\/\/www.welovecycling.com\/hu\/edzes-es-eletmod\/mikor-erdemes-megenned-az-energiaszeleteid\/#primaryimage"},"image":{"@id":"https:\/\/www.welovecycling.com\/hu\/edzes-es-eletmod\/mikor-erdemes-megenned-az-energiaszeleteid\/#primaryimage"},"thumbnailUrl":"https:\/\/d2p6e6u75xmxt8.cloudfront.net\/12\/2023\/03\/dmytro-ostapenko-gAPXw7DAYQY-unsplash.webp","datePublished":"2023-03-11T06:00:42+00:00","author":{"@id":"https:\/\/www.welovecycling.com\/hu\/#\/schema\/person\/414a2aebf1801691a5320edb6468e194"},"description":"Gondolj vissza az utols\u00f3 alkalomra, amikor energiaszeletet ett\u00e9l. Val\u00f3sz\u00edn\u0171leg kicsit \u00e9hes volt\u00e1l, de nem el\u00e9gg\u00e9 ahhoz, hogy rendes \u00e9telt egy\u00e9l, \u00e9s nassolnival\u00f3ra v\u00e1gyt\u00e1l, ez\u00e9rt ny\u00falt\u00e1l \u00e9rte. Pedig \u00e1ltal\u00e1ban jobb edz\u00e9s el\u0151tt r\u00e1gcs\u00e1lni ezeket, hogy teker\u00e9s k\u00f6zben megfelel\u0151en adagolj\u00e1k az energi\u00e1t.","breadcrumb":{"@id":"https:\/\/www.welovecycling.com\/hu\/edzes-es-eletmod\/mikor-erdemes-megenned-az-energiaszeleteid\/#breadcrumb"},"inLanguage":"hu","potentialAction":[{"@type":"ReadAction","target":["https:\/\/www.welovecycling.com\/hu\/edzes-es-eletmod\/mikor-erdemes-megenned-az-energiaszeleteid\/"]}]},{"@type":"ImageObject","inLanguage":"hu","@id":"https:\/\/www.welovecycling.com\/hu\/edzes-es-eletmod\/mikor-erdemes-megenned-az-energiaszeleteid\/#primaryimage","url":"https:\/\/d2p6e6u75xmxt8.cloudfront.net\/12\/2023\/03\/dmytro-ostapenko-gAPXw7DAYQY-unsplash.webp","contentUrl":"https:\/\/d2p6e6u75xmxt8.cloudfront.net\/12\/2023\/03\/dmytro-ostapenko-gAPXw7DAYQY-unsplash.webp","width":1920,"height":1280},{"@type":"BreadcrumbList","@id":"https:\/\/www.welovecycling.com\/hu\/edzes-es-eletmod\/mikor-erdemes-megenned-az-energiaszeleteid\/#breadcrumb","itemListElement":[{"@type":"ListItem","position":1,"name":"Home","item":"https:\/\/www.welovecycling.com\/hu\/"},{"@type":"ListItem","position":2,"name":"Mikor \u00e9rdemes megenned az energiaszeleteid?"}]},{"@type":"WebSite","@id":"https:\/\/www.welovecycling.com\/hu\/#website","url":"https:\/\/www.welovecycling.com\/hu\/","name":"\u0160koda We Love Cycling - Magyarorsz\u00e1g","description":"\u0160koda WeLoveCycling","potentialAction":[{"@type":"SearchAction","target":{"@type":"EntryPoint","urlTemplate":"https:\/\/www.welovecycling.com\/hu\/?s={search_term_string}"},"query-input":{"@type":"PropertyValueSpecification","valueRequired":true,"valueName":"search_term_string"}}],"inLanguage":"hu"},{"@type":"Person","@id":"https:\/\/www.welovecycling.com\/hu\/#\/schema\/person\/414a2aebf1801691a5320edb6468e194","name":"hegyizs","image":{"@type":"ImageObject","inLanguage":"hu","@id":"https:\/\/www.welovecycling.com\/hu\/#\/schema\/person\/image\/","url":"https:\/\/secure.gravatar.com\/avatar\/02cf8a7906b8cf90cecb4679defac7cfd33a1c2e3b88e4903d947f3bb58eedd3?s=96&d=mm&r=g","contentUrl":"https:\/\/secure.gravatar.com\/avatar\/02cf8a7906b8cf90cecb4679defac7cfd33a1c2e3b88e4903d947f3bb58eedd3?s=96&d=mm&r=g","caption":"hegyizs"},"url":"https:\/\/www.welovecycling.com\/hu\/author\/hegyizs\/"}]}},"_links":{"self":[{"href":"https:\/\/www.welovecycling.com\/hu\/wp-json\/wp\/v2\/posts\/17113","targetHints":{"allow":["GET"]}}],"collection":[{"href":"https:\/\/www.welovecycling.com\/hu\/wp-json\/wp\/v2\/posts"}],"about":[{"href":"https:\/\/www.welovecycling.com\/hu\/wp-json\/wp\/v2\/types\/post"}],"author":[{"embeddable":true,"href":"https:\/\/www.welovecycling.com\/hu\/wp-json\/wp\/v2\/users\/71"}],"replies":[{"embeddable":true,"href":"https:\/\/www.welovecycling.com\/hu\/wp-json\/wp\/v2\/comments?post=17113"}],"version-history":[{"count":1,"href":"https:\/\/www.welovecycling.com\/hu\/wp-json\/wp\/v2\/posts\/17113\/revisions"}],"predecessor-version":[{"id":17115,"href":"https:\/\/www.welovecycling.com\/hu\/wp-json\/wp\/v2\/posts\/17113\/revisions\/17115"}],"wp:featuredmedia":[{"embeddable":true,"href":"https:\/\/www.welovecycling.com\/hu\/wp-json\/wp\/v2\/media\/17114"}],"wp:attachment":[{"href":"https:\/\/www.welovecycling.com\/hu\/wp-json\/wp\/v2\/media?parent=17113"}],"wp:term":[{"taxonomy":"category","embeddable":true,"href":"https:\/\/www.welovecycling.com\/hu\/wp-json\/wp\/v2\/categories?post=17113"},{"taxonomy":"post_tag","embeddable":true,"href":"https:\/\/www.welovecycling.com\/hu\/wp-json\/wp\/v2\/tags?post=17113"},{"taxonomy":"global-categories","embeddable":true,"href":"https:\/\/www.welovecycling.com\/hu\/wp-json\/wp\/v2\/global-categories?post=17113"}],"curies":[{"name":"wp","href":"https:\/\/api.w.org\/{rel}","templated":true}]}}