{"id":1711,"date":"2018-09-06T11:00:13","date_gmt":"2018-09-06T11:00:13","guid":{"rendered":"https:\/\/www.welovecycling.com\/hu\/?p=1711"},"modified":"2018-09-06T12:39:27","modified_gmt":"2018-09-06T12:39:27","slug":"alessandro-zanardi","status":"publish","type":"post","link":"https:\/\/www.welovecycling.com\/hu\/kozosseg-es-kultura\/alessandro-zanardi\/","title":{"rendered":"Alessandro Zanardi hihetetlen utaz\u00e1sa"},"content":{"rendered":"<p><strong>Kev\u00e9s az olyan sportol\u00f3, negyven \u00e9v felett is folytatja profi karrierj\u00e9t, k\u00fcl\u00f6n\u00f6sen ritka ez az olyan f\u00e9rfiak eset\u00e9n, mint Alessandro Zanardi. Alex p\u00e1lyafut\u00e1sa nagy r\u00e9sz\u00e9t nyitott karossz\u00e9ri\u00e1j\u00fa, egy\u00fcl\u00e9ses versenyaut\u00f3k vol\u00e1nja m\u00f6g\u00f6tt k\u00fczdve t\u00f6lt\u00f6tte, t\u00f6bbek k\u00f6zt a Forma\u20131-ben. Most az \u0151 t\u00f6rt\u00e9net\u00e9t ismerhetitek meg.<\/strong><\/p>\n<h2><!--more--><\/h2>\n<p>Zanardiban megvan mindaz, ami kiv\u00e1l\u00f3v\u00e1 tehet egy aut\u00f3versenyz\u0151t, \u00edgy p\u00e9ld\u00e1ul \u00f6szt\u00f6n\u00f6sen v\u00e1llalja a felmer\u00fcl\u0151 kock\u00e1zatokat. Az amerikai CART-versenysorozat utols\u00f3 futam\u00e1n Zanardi azzal k\u00e1pr\u00e1ztatta el a n\u00e9z\u0151ket, hogy t\u00f6k\u00e9letesen v\u00e9grehajtotta az el\u0151z\u00e9st a kaliforniai Laguna Seca p\u00e1lya \u201edug\u00f3h\u00faz\u00f3nak\u201d h\u00edvott \u00e9les kanyarj\u00e1ban. Ezt a nyertes man\u0151vert a k\u00e9s\u0151bbiekben megtiltott\u00e1k, mert t\u00fals\u00e1gosan kock\u00e1zatosnak bizonyult.<\/p>\n<p><a href=\"https:\/\/d2p6e6u75xmxt8.cloudfront.net\/12\/2018\/09\/alessandro-zanardi-01.jpg\"><img loading=\"lazy\" decoding=\"async\" class=\"size-full wp-image-1712\" src=\"https:\/\/d2p6e6u75xmxt8.cloudfront.net\/12\/2018\/09\/alessandro-zanardi-01.jpg\" alt=\"alessandro zanardi we love cycling\" width=\"1800\" height=\"1055\" srcset=\"https:\/\/d2p6e6u75xmxt8.cloudfront.net\/12\/2018\/09\/alessandro-zanardi-01.jpg 1800w, https:\/\/d2p6e6u75xmxt8.cloudfront.net\/12\/2018\/09\/alessandro-zanardi-01-300x176.jpg 300w, https:\/\/d2p6e6u75xmxt8.cloudfront.net\/12\/2018\/09\/alessandro-zanardi-01-768x450.jpg 768w, https:\/\/d2p6e6u75xmxt8.cloudfront.net\/12\/2018\/09\/alessandro-zanardi-01-1024x600.jpg 1024w\" sizes=\"auto, (max-width: 1800px) 100vw, 1800px\" \/><\/a><\/p>\n<p style=\"text-align: center;\"><span style=\"font-size: 10pt;\"><em>Alex Zanardi a CART-bajnoks\u00e1gban versenyez a Ricardo Tormo in Cheste p\u00e1ly\u00e1n, Valencia k\u00f6zel\u00e9ben<\/em><\/span><\/p>\n<p>Azt\u00e1n 2001. szeptemberben a n\u00e9metorsz\u00e1gi EuroSpeedway Lausitz p\u00e1ly\u00e1n egy durva karambol r\u00e9szese volt a futam els\u0151 hely\u00e9n \u00e1ll\u00f3 versenyz\u0151. Az egyik h\u00e1ts\u00f3 rajtmez\u0151r\u0151l kezdett, \u00e9s k\u00fczdelmesen ker\u00fclt a mez\u0151ny \u00e9l\u00e9re, a r\u00e1 jellemz\u0151 emberfeletti harci szellemmel, a cs\u00fanya baleset viszont kis h\u00edj\u00e1n t\u00f6nkretette az \u00e9let\u00e9t.<\/p>\n<p>Mindk\u00e9t l\u00e1ba, valamint v\u00e9rmennyis\u00e9ge 75%-\u00e1nak elveszt\u00e9se b\u00e1rki versenyszellem\u00e9t elpuszt\u00edtan\u00e1, de Alessandro Zanardi k\u00fczdeni akar\u00e1sa t\u00fal nagy h\u0151fokon \u00e9gett ahhoz, hogy ett\u0151l kialudjon. Balesete ut\u00e1n nem sokkal \u00e9rdekl\u0151dni kezdett a k\u00e9zzel hajtott ker\u00e9kp\u00e1roz\u00e1s ir\u00e1nt. Egy h\u00f3nap edz\u00e9st k\u00f6vet\u0151en m\u00e1r negyedik helyen v\u00e9gzett a 2007-es New York-i Maraton k\u00e9zi ker\u00e9kp\u00e1ros verseny\u00e9n.<\/p>\n<p><a href=\"https:\/\/d2p6e6u75xmxt8.cloudfront.net\/12\/2018\/09\/alessandro-zanardi-02.jpg\"><img loading=\"lazy\" decoding=\"async\" class=\"size-full wp-image-1713\" src=\"https:\/\/d2p6e6u75xmxt8.cloudfront.net\/12\/2018\/09\/alessandro-zanardi-02.jpg\" alt=\"alessandro zanardi we love cycling\" width=\"1800\" height=\"1293\" srcset=\"https:\/\/d2p6e6u75xmxt8.cloudfront.net\/12\/2018\/09\/alessandro-zanardi-02.jpg 1800w, https:\/\/d2p6e6u75xmxt8.cloudfront.net\/12\/2018\/09\/alessandro-zanardi-02-300x216.jpg 300w, https:\/\/d2p6e6u75xmxt8.cloudfront.net\/12\/2018\/09\/alessandro-zanardi-02-768x552.jpg 768w, https:\/\/d2p6e6u75xmxt8.cloudfront.net\/12\/2018\/09\/alessandro-zanardi-02-1024x736.jpg 1024w\" sizes=\"auto, (max-width: 1800px) 100vw, 1800px\" \/><\/a><\/p>\n<p style=\"text-align: center;\"><span style=\"font-size: 10pt;\"><em>Alessandro Pontal k\u00f6zel\u00e9ben, a f\u00e9rfi orsz\u00e1g\u00fati ker\u00e9kp\u00e1ros H5 versenyen, a ri\u00f3i paralimpiai j\u00e1t\u00e9kokon \u2013 2016. szeptember 15.<\/em><\/span><\/p>\n<p>Zanardi nev\u00e9t ma is nagy tisztelettel emlegetik az aut\u00f3versenyz\u00e9s vil\u00e1g\u00e1ban. 15 \u00e9vvel tragikus balesete ut\u00e1n egy\u00e1ltal\u00e1n nem s\u00fcllyedt a n\u00e9vtelens\u00e9gbe, \u00e9s ma is inspir\u00e1ci\u00f3t ny\u00fajt a sportvil\u00e1gnak, miut\u00e1n a ri\u00f3i paralimpi\u00e1n arany\u00e9rmet szerzett. \u00a0Szerint\u00fcnkmindannyiunk sz\u00e1m\u00e1ra inspir\u00e1ci\u00f3t jelenthet.<\/p>\n<p><a href=\"https:\/\/www.instagram.com\/p\/BkuOU41g4R1\/?taken-by=zanardiofficial\">https:\/\/www.instagram.com\/p\/BkuOU41g4R1\/?taken-by=zanardiofficial<\/a><\/p>\n","protected":false},"excerpt":{"rendered":"<p>Kev\u00e9s az olyan sportol\u00f3, negyven \u00e9v felett is folytatja profi karrierj\u00e9t, k\u00fcl\u00f6n\u00f6sen ritka ez az olyan f\u00e9rfiak eset\u00e9n, mint Alessandro [&hellip;]<\/p>\n","protected":false},"author":71,"featured_media":1714,"comment_status":"open","ping_status":"open","sticky":false,"template":"","format":"standard","meta":{"footnotes":""},"categories":[12],"tags":[159,17,16,28,27,160,82],"global-categories":[],"class_list":["post-1711","post","type-post","status-publish","format-standard","has-post-thumbnail","hentry","category-kozosseg-es-kultura","tag-alessandro-zanardi","tag-bicikli","tag-kerekpar","tag-kerekpar-blog","tag-kerekpar-magazin","tag-kezzel-hajthato-kerekpar","tag-orszaguti-kerekpar"],"yoast_head":"<!-- This site is optimized with the Yoast SEO Premium plugin v25.3 (Yoast SEO v25.9) - https:\/\/yoast.com\/wordpress\/plugins\/seo\/ -->\n<title>Alessandro Zanardi hihetetlen utaz\u00e1sa - \u0160koda We Love Cycling - Magyarorsz\u00e1g<\/title>\n<meta name=\"description\" content=\"Kev\u00e9s az olyan sportol\u00f3, akinek karrierje el\u00e9r negyvenes \u00e9vei v\u00e9g\u00e9ig, k\u00fcl\u00f6n\u00f6sen az olyan f\u00e9rfiak eset\u00e9n, mint Alessandro Zanardi.\" \/>\n<meta name=\"robots\" content=\"index, follow, max-snippet:-1, max-image-preview:large, max-video-preview:-1\" \/>\n<link rel=\"canonical\" href=\"https:\/\/www.welovecycling.com\/hu\/kozosseg-es-kultura\/alessandro-zanardi\/\" \/>\n<meta property=\"og:locale\" content=\"hu_HU\" \/>\n<meta property=\"og:type\" content=\"article\" \/>\n<meta property=\"og:title\" content=\"Alessandro Zanardi hihetetlen utaz\u00e1sa\" \/>\n<meta property=\"og:description\" content=\"Kev\u00e9s az olyan sportol\u00f3, akinek karrierje el\u00e9r negyvenes \u00e9vei v\u00e9g\u00e9ig, k\u00fcl\u00f6n\u00f6sen az olyan f\u00e9rfiak eset\u00e9n, mint Alessandro Zanardi.\" \/>\n<meta property=\"og:url\" content=\"https:\/\/www.welovecycling.com\/hu\/kozosseg-es-kultura\/alessandro-zanardi\/\" \/>\n<meta property=\"og:site_name\" content=\"\u0160koda We Love Cycling - Magyarorsz\u00e1g\" \/>\n<meta property=\"article:publisher\" content=\"https:\/\/www.facebook.com\/WeLoveCyclingHungary\/\" \/>\n<meta property=\"article:published_time\" content=\"2018-09-06T11:00:13+00:00\" \/>\n<meta property=\"article:modified_time\" content=\"2018-09-06T12:39:27+00:00\" \/>\n<meta property=\"og:image\" content=\"https:\/\/d2p6e6u75xmxt8.cloudfront.net\/12\/2018\/09\/alessandro-zanardi-cover.jpg\" \/>\n\t<meta property=\"og:image:width\" content=\"1375\" \/>\n\t<meta property=\"og:image:height\" content=\"600\" \/>\n\t<meta property=\"og:image:type\" content=\"image\/jpeg\" \/>\n<meta name=\"author\" content=\"hegyizs\" \/>\n<meta name=\"twitter:card\" content=\"summary_large_image\" \/>\n<meta name=\"twitter:label1\" content=\"Written by\" \/>\n\t<meta name=\"twitter:data1\" content=\"hegyizs\" \/>\n\t<meta name=\"twitter:label2\" content=\"Est. reading time\" \/>\n\t<meta name=\"twitter:data2\" content=\"2 minutes\" \/>\n<script type=\"application\/ld+json\" class=\"yoast-schema-graph\">{\"@context\":\"https:\/\/schema.org\",\"@graph\":[{\"@type\":\"WebPage\",\"@id\":\"https:\/\/www.welovecycling.com\/hu\/kozosseg-es-kultura\/alessandro-zanardi\/\",\"url\":\"https:\/\/www.welovecycling.com\/hu\/kozosseg-es-kultura\/alessandro-zanardi\/\",\"name\":\"Alessandro Zanardi hihetetlen utaz\u00e1sa - \u0160koda We Love Cycling - Magyarorsz\u00e1g\",\"isPartOf\":{\"@id\":\"https:\/\/www.welovecycling.com\/hu\/#website\"},\"primaryImageOfPage\":{\"@id\":\"https:\/\/www.welovecycling.com\/hu\/kozosseg-es-kultura\/alessandro-zanardi\/#primaryimage\"},\"image\":{\"@id\":\"https:\/\/www.welovecycling.com\/hu\/kozosseg-es-kultura\/alessandro-zanardi\/#primaryimage\"},\"thumbnailUrl\":\"https:\/\/d2p6e6u75xmxt8.cloudfront.net\/12\/2018\/09\/alessandro-zanardi-cover.jpg\",\"datePublished\":\"2018-09-06T11:00:13+00:00\",\"dateModified\":\"2018-09-06T12:39:27+00:00\",\"author\":{\"@id\":\"https:\/\/www.welovecycling.com\/hu\/#\/schema\/person\/414a2aebf1801691a5320edb6468e194\"},\"description\":\"Kev\u00e9s az olyan sportol\u00f3, akinek karrierje el\u00e9r negyvenes \u00e9vei v\u00e9g\u00e9ig, k\u00fcl\u00f6n\u00f6sen az olyan f\u00e9rfiak eset\u00e9n, mint Alessandro Zanardi.\",\"breadcrumb\":{\"@id\":\"https:\/\/www.welovecycling.com\/hu\/kozosseg-es-kultura\/alessandro-zanardi\/#breadcrumb\"},\"inLanguage\":\"hu\",\"potentialAction\":[{\"@type\":\"ReadAction\",\"target\":[\"https:\/\/www.welovecycling.com\/hu\/kozosseg-es-kultura\/alessandro-zanardi\/\"]}]},{\"@type\":\"ImageObject\",\"inLanguage\":\"hu\",\"@id\":\"https:\/\/www.welovecycling.com\/hu\/kozosseg-es-kultura\/alessandro-zanardi\/#primaryimage\",\"url\":\"https:\/\/d2p6e6u75xmxt8.cloudfront.net\/12\/2018\/09\/alessandro-zanardi-cover.jpg\",\"contentUrl\":\"https:\/\/d2p6e6u75xmxt8.cloudfront.net\/12\/2018\/09\/alessandro-zanardi-cover.jpg\",\"width\":1375,\"height\":600},{\"@type\":\"BreadcrumbList\",\"@id\":\"https:\/\/www.welovecycling.com\/hu\/kozosseg-es-kultura\/alessandro-zanardi\/#breadcrumb\",\"itemListElement\":[{\"@type\":\"ListItem\",\"position\":1,\"name\":\"Home\",\"item\":\"https:\/\/www.welovecycling.com\/hu\/\"},{\"@type\":\"ListItem\",\"position\":2,\"name\":\"Alessandro Zanardi hihetetlen utaz\u00e1sa\"}]},{\"@type\":\"WebSite\",\"@id\":\"https:\/\/www.welovecycling.com\/hu\/#website\",\"url\":\"https:\/\/www.welovecycling.com\/hu\/\",\"name\":\"\u0160koda We Love Cycling - Magyarorsz\u00e1g\",\"description\":\"\u0160koda WeLoveCycling\",\"potentialAction\":[{\"@type\":\"SearchAction\",\"target\":{\"@type\":\"EntryPoint\",\"urlTemplate\":\"https:\/\/www.welovecycling.com\/hu\/?s={search_term_string}\"},\"query-input\":{\"@type\":\"PropertyValueSpecification\",\"valueRequired\":true,\"valueName\":\"search_term_string\"}}],\"inLanguage\":\"hu\"},{\"@type\":\"Person\",\"@id\":\"https:\/\/www.welovecycling.com\/hu\/#\/schema\/person\/414a2aebf1801691a5320edb6468e194\",\"name\":\"hegyizs\",\"image\":{\"@type\":\"ImageObject\",\"inLanguage\":\"hu\",\"@id\":\"https:\/\/www.welovecycling.com\/hu\/#\/schema\/person\/image\/\",\"url\":\"https:\/\/secure.gravatar.com\/avatar\/02cf8a7906b8cf90cecb4679defac7cfd33a1c2e3b88e4903d947f3bb58eedd3?s=96&d=mm&r=g\",\"contentUrl\":\"https:\/\/secure.gravatar.com\/avatar\/02cf8a7906b8cf90cecb4679defac7cfd33a1c2e3b88e4903d947f3bb58eedd3?s=96&d=mm&r=g\",\"caption\":\"hegyizs\"},\"url\":\"https:\/\/www.welovecycling.com\/hu\/author\/hegyizs\/\"}]}<\/script>\n<!-- \/ Yoast SEO Premium plugin. -->","yoast_head_json":{"title":"Alessandro Zanardi hihetetlen utaz\u00e1sa - \u0160koda We Love Cycling - Magyarorsz\u00e1g","description":"Kev\u00e9s az olyan sportol\u00f3, akinek karrierje el\u00e9r negyvenes \u00e9vei v\u00e9g\u00e9ig, k\u00fcl\u00f6n\u00f6sen az olyan f\u00e9rfiak eset\u00e9n, mint Alessandro Zanardi.","robots":{"index":"index","follow":"follow","max-snippet":"max-snippet:-1","max-image-preview":"max-image-preview:large","max-video-preview":"max-video-preview:-1"},"canonical":"https:\/\/www.welovecycling.com\/hu\/kozosseg-es-kultura\/alessandro-zanardi\/","og_locale":"hu_HU","og_type":"article","og_title":"Alessandro Zanardi hihetetlen utaz\u00e1sa","og_description":"Kev\u00e9s az olyan sportol\u00f3, akinek karrierje el\u00e9r negyvenes \u00e9vei v\u00e9g\u00e9ig, k\u00fcl\u00f6n\u00f6sen az olyan f\u00e9rfiak eset\u00e9n, mint Alessandro Zanardi.","og_url":"https:\/\/www.welovecycling.com\/hu\/kozosseg-es-kultura\/alessandro-zanardi\/","og_site_name":"\u0160koda We Love Cycling - Magyarorsz\u00e1g","article_publisher":"https:\/\/www.facebook.com\/WeLoveCyclingHungary\/","article_published_time":"2018-09-06T11:00:13+00:00","article_modified_time":"2018-09-06T12:39:27+00:00","og_image":[{"width":1375,"height":600,"url":"https:\/\/d2p6e6u75xmxt8.cloudfront.net\/12\/2018\/09\/alessandro-zanardi-cover.jpg","type":"image\/jpeg"}],"author":"hegyizs","twitter_card":"summary_large_image","twitter_misc":{"Written by":"hegyizs","Est. reading time":"2 minutes"},"schema":{"@context":"https:\/\/schema.org","@graph":[{"@type":"WebPage","@id":"https:\/\/www.welovecycling.com\/hu\/kozosseg-es-kultura\/alessandro-zanardi\/","url":"https:\/\/www.welovecycling.com\/hu\/kozosseg-es-kultura\/alessandro-zanardi\/","name":"Alessandro Zanardi hihetetlen utaz\u00e1sa - \u0160koda We Love Cycling - Magyarorsz\u00e1g","isPartOf":{"@id":"https:\/\/www.welovecycling.com\/hu\/#website"},"primaryImageOfPage":{"@id":"https:\/\/www.welovecycling.com\/hu\/kozosseg-es-kultura\/alessandro-zanardi\/#primaryimage"},"image":{"@id":"https:\/\/www.welovecycling.com\/hu\/kozosseg-es-kultura\/alessandro-zanardi\/#primaryimage"},"thumbnailUrl":"https:\/\/d2p6e6u75xmxt8.cloudfront.net\/12\/2018\/09\/alessandro-zanardi-cover.jpg","datePublished":"2018-09-06T11:00:13+00:00","dateModified":"2018-09-06T12:39:27+00:00","author":{"@id":"https:\/\/www.welovecycling.com\/hu\/#\/schema\/person\/414a2aebf1801691a5320edb6468e194"},"description":"Kev\u00e9s az olyan sportol\u00f3, akinek karrierje el\u00e9r negyvenes \u00e9vei v\u00e9g\u00e9ig, k\u00fcl\u00f6n\u00f6sen az olyan f\u00e9rfiak eset\u00e9n, mint Alessandro Zanardi.","breadcrumb":{"@id":"https:\/\/www.welovecycling.com\/hu\/kozosseg-es-kultura\/alessandro-zanardi\/#breadcrumb"},"inLanguage":"hu","potentialAction":[{"@type":"ReadAction","target":["https:\/\/www.welovecycling.com\/hu\/kozosseg-es-kultura\/alessandro-zanardi\/"]}]},{"@type":"ImageObject","inLanguage":"hu","@id":"https:\/\/www.welovecycling.com\/hu\/kozosseg-es-kultura\/alessandro-zanardi\/#primaryimage","url":"https:\/\/d2p6e6u75xmxt8.cloudfront.net\/12\/2018\/09\/alessandro-zanardi-cover.jpg","contentUrl":"https:\/\/d2p6e6u75xmxt8.cloudfront.net\/12\/2018\/09\/alessandro-zanardi-cover.jpg","width":1375,"height":600},{"@type":"BreadcrumbList","@id":"https:\/\/www.welovecycling.com\/hu\/kozosseg-es-kultura\/alessandro-zanardi\/#breadcrumb","itemListElement":[{"@type":"ListItem","position":1,"name":"Home","item":"https:\/\/www.welovecycling.com\/hu\/"},{"@type":"ListItem","position":2,"name":"Alessandro Zanardi hihetetlen utaz\u00e1sa"}]},{"@type":"WebSite","@id":"https:\/\/www.welovecycling.com\/hu\/#website","url":"https:\/\/www.welovecycling.com\/hu\/","name":"\u0160koda We Love Cycling - Magyarorsz\u00e1g","description":"\u0160koda WeLoveCycling","potentialAction":[{"@type":"SearchAction","target":{"@type":"EntryPoint","urlTemplate":"https:\/\/www.welovecycling.com\/hu\/?s={search_term_string}"},"query-input":{"@type":"PropertyValueSpecification","valueRequired":true,"valueName":"search_term_string"}}],"inLanguage":"hu"},{"@type":"Person","@id":"https:\/\/www.welovecycling.com\/hu\/#\/schema\/person\/414a2aebf1801691a5320edb6468e194","name":"hegyizs","image":{"@type":"ImageObject","inLanguage":"hu","@id":"https:\/\/www.welovecycling.com\/hu\/#\/schema\/person\/image\/","url":"https:\/\/secure.gravatar.com\/avatar\/02cf8a7906b8cf90cecb4679defac7cfd33a1c2e3b88e4903d947f3bb58eedd3?s=96&d=mm&r=g","contentUrl":"https:\/\/secure.gravatar.com\/avatar\/02cf8a7906b8cf90cecb4679defac7cfd33a1c2e3b88e4903d947f3bb58eedd3?s=96&d=mm&r=g","caption":"hegyizs"},"url":"https:\/\/www.welovecycling.com\/hu\/author\/hegyizs\/"}]}},"_links":{"self":[{"href":"https:\/\/www.welovecycling.com\/hu\/wp-json\/wp\/v2\/posts\/1711","targetHints":{"allow":["GET"]}}],"collection":[{"href":"https:\/\/www.welovecycling.com\/hu\/wp-json\/wp\/v2\/posts"}],"about":[{"href":"https:\/\/www.welovecycling.com\/hu\/wp-json\/wp\/v2\/types\/post"}],"author":[{"embeddable":true,"href":"https:\/\/www.welovecycling.com\/hu\/wp-json\/wp\/v2\/users\/71"}],"replies":[{"embeddable":true,"href":"https:\/\/www.welovecycling.com\/hu\/wp-json\/wp\/v2\/comments?post=1711"}],"version-history":[{"count":2,"href":"https:\/\/www.welovecycling.com\/hu\/wp-json\/wp\/v2\/posts\/1711\/revisions"}],"predecessor-version":[{"id":1733,"href":"https:\/\/www.welovecycling.com\/hu\/wp-json\/wp\/v2\/posts\/1711\/revisions\/1733"}],"wp:featuredmedia":[{"embeddable":true,"href":"https:\/\/www.welovecycling.com\/hu\/wp-json\/wp\/v2\/media\/1714"}],"wp:attachment":[{"href":"https:\/\/www.welovecycling.com\/hu\/wp-json\/wp\/v2\/media?parent=1711"}],"wp:term":[{"taxonomy":"category","embeddable":true,"href":"https:\/\/www.welovecycling.com\/hu\/wp-json\/wp\/v2\/categories?post=1711"},{"taxonomy":"post_tag","embeddable":true,"href":"https:\/\/www.welovecycling.com\/hu\/wp-json\/wp\/v2\/tags?post=1711"},{"taxonomy":"global-categories","embeddable":true,"href":"https:\/\/www.welovecycling.com\/hu\/wp-json\/wp\/v2\/global-categories?post=1711"}],"curies":[{"name":"wp","href":"https:\/\/api.w.org\/{rel}","templated":true}]}}