{"id":17085,"date":"2023-03-02T15:38:44","date_gmt":"2023-03-02T13:38:44","guid":{"rendered":"https:\/\/www.welovecycling.com\/hu\/?p=17085"},"modified":"2023-03-02T15:38:44","modified_gmt":"2023-03-02T13:38:44","slug":"ujabb-izgalmas-het-megvan-a-tdh-utvonal-szombaton-pedig-strade-bianche-valterrel-es-fetterrel","status":"publish","type":"post","link":"https:\/\/www.welovecycling.com\/hu\/orszaguti-kerekpar\/ujabb-izgalmas-het-megvan-a-tdh-utvonal-szombaton-pedig-strade-bianche-valterrel-es-fetterrel\/","title":{"rendered":"\u00dajabb izgalmas h\u00e9t: megvan a TdH-\u00fatvonal, szombaton pedig Strade Bianche Valterrel \u00e9s Fetterrel!"},"content":{"rendered":"<p><strong>\u00dcnnep\u00e9lyesen bemutatt\u00e1k a 2023-as Tour de Hongrie programj\u00e1t, amely el\u0151sz\u00f6r rajtol Szentgotth\u00e1rdr\u00f3l \u2013 egy imm\u00e1r biztosan visszat\u00e9r\u0151 vil\u00e1gszt\u00e1rral. H\u00e9tv\u00e9g\u00e9n pedig j\u00f6n az \u00e9v egyik legjobban v\u00e1rt versenye, k\u00e9t magyar szerepl\u0151vel, Valter Attil\u00e1val \u00e9s Fetter Erikkel!<\/strong><\/p>\n<p><!--more--><\/p>\n<p>Sokan v\u00e1rt\u00e1k febru\u00e1r utols\u00f3 napj\u00e1t \u00e9s a 2023-as Tour de Hongrie <a href=\"https:\/\/www.tourdehongrie.hu\/hirek\/39-ime-a-2023-as-tour-de-hongrie-utvonala\">\u00fatvonalbemutat\u00f3j\u00e1t<\/a>. A nagy leleplez\u00e9s sor\u00e1n egy\u00e9rtelm\u0171v\u00e9 v\u00e1lt, hogy a magyar k\u00f6r id\u00e9n els\u0151sorban a nyugati orsz\u00e1gr\u00e9szre koncentr\u00e1l majd. Olyannyira, hogy a viadal egyenesen Magyarorsz\u00e1g legnyugatibb v\u00e1ros\u00e1b\u00f3l, Szentgotth\u00e1rdr\u00f3l rajtol m\u00e1jus 10-\u00e9n \u2013 a verseny t\u00f6rt\u00e9nete sor\u00e1n el\u0151sz\u00f6r! Az ind\u00edt\u00e1s er\u0151snek \u00edg\u00e9rkezik, hiszen haz\u00e1nk egyik legk\u00fcl\u00f6nlegesebb r\u00e9gi\u00f3j\u00e1n, az \u0150rs\u00e9gen vezet majd kereszt\u00fcl az \u00fat, olyan gy\u00f6ny\u00f6r\u0171 r\u00e9szekkel, mint Szalaf\u0151, \u0150riszentp\u00e9ter vagy Zalal\u00f6v\u0151. A nyit\u00f3 etap ezut\u00e1n \u00e9szaknak veszi az ir\u00e1nyt, \u00e9s K\u00f6rmend \u00e9rint\u00e9s\u00e9vel kanyarodik vissza egy nagy k\u00f6r megt\u00e9tele ut\u00e1n a c\u00e9lv\u00e1ros funkci\u00f3j\u00e1t ugyancsak bet\u00f6lt\u0151 Szentgotth\u00e1rd fel\u00e9. A hat\u00e1r \u00e9s a bringakedvel\u0151 szomsz\u00e9dos orsz\u00e1gok, Szlov\u00e9nia, Ausztria \u00e9s Horv\u00e1torsz\u00e1g k\u00f6zels\u00e9ge miatt rem\u00e9lhet\u0151leg sok k\u00fclf\u00f6ldi szurkol\u00f3 is ell\u00e1togat majd az els\u0151 szakaszra.<\/p>\n<p><a href=\"https:\/\/d2p6e6u75xmxt8.cloudfront.net\/12\/2023\/03\/cover-1677505858.webp\"><img loading=\"lazy\" decoding=\"async\" class=\"alignnone size-full wp-image-17086\" src=\"https:\/\/d2p6e6u75xmxt8.cloudfront.net\/12\/2023\/03\/cover-1677505858.webp\" alt=\"\" width=\"1508\" height=\"1034\" srcset=\"https:\/\/d2p6e6u75xmxt8.cloudfront.net\/12\/2023\/03\/cover-1677505858.webp 1508w, https:\/\/d2p6e6u75xmxt8.cloudfront.net\/12\/2023\/03\/cover-1677505858-300x206.webp 300w, https:\/\/d2p6e6u75xmxt8.cloudfront.net\/12\/2023\/03\/cover-1677505858-1024x702.webp 1024w, https:\/\/d2p6e6u75xmxt8.cloudfront.net\/12\/2023\/03\/cover-1677505858-768x527.webp 768w, https:\/\/d2p6e6u75xmxt8.cloudfront.net\/12\/2023\/03\/cover-1677505858-400x274.webp 400w\" sizes=\"auto, (max-width: 1508px) 100vw, 1508px\" \/><\/a><\/p>\n<p>A m\u00e1sodik nap is izgalmasnak \u00edg\u00e9rkezik, hiszen Zalaegerszegr\u0151l indulva S\u00fcmeg \u00e9s Tapolca \u00e9rint\u00e9s\u00e9vel a Balaton \u00e9szaki partj\u00e1ra kanyarodik r\u00e1 a karav\u00e1n; Szepezd, R\u00e9vf\u00fcl\u00f6p \u00e9s Badacsony is szerepel az \u00fatvonalban, amely H\u00e9v\u00edzen \u00e1t \u00e9rkezik meg v\u00e9g\u00fcl a Balaton f\u0151v\u00e1ros\u00e1ba, Keszthelyre. A 3. \u00e9s 4. nap a hegyi men\u0151k\u00e9 lesz: el\u0151bb a Mecsekbe kir\u00e1ndul a mez\u0151ny Kaposv\u00e1rt\u00f3l P\u00e9csig, m\u00e1snap pedig j\u00f6n a 206 kilom\u00e9ter hossz\u00fa, \u00f6t kategoriz\u00e1lt emelked\u0151t mag\u00e1ba foglal\u00f3 kir\u00e1lyetap a Pilisben. Martonv\u00e1s\u00e1r a rajt\u00e1llom\u00e1s, innen k\u00faszik fel a mez\u0151ny eg\u00e9szen a magyar versenyz\u0151k (\u00e9s hobbiker\u00e9kp\u00e1rosok) egyik legkedveltebb edz\u0151helysz\u00edn\u00e9ig, Dobog\u00f3k\u0151ig. A z\u00e1r\u00f3etap Budapesten \u00fcnnepel, a f\u0151v\u00e1ros alap\u00edt\u00e1s\u00e1nak 150. \u00e9vfordul\u00f3ja alkalm\u00e1b\u00f3l st\u00edlszer\u0171en egy 150 km-es etappal, gyakorlatilag az \u00f6sszes fontosabb l\u00e1tv\u00e1nyoss\u00e1got \u00e9rintve.\u00a0 Az idei TdH-hoz kapcsol\u00f3d\u00f3 j\u00f3 h\u00edr m\u00e9g, hogy id\u00e9n is biztosan itt lesz a WorldTour-mez\u0151ny egyik legsikeresebb gig\u00e1sza, a Soudal Quick-Step, a visszat\u00e9r\u0151 szt\u00e1rsprinter Fabio Jakobsennel, aki tavaly lend\u00fcletb\u0151l haza is vihette a gyorsas\u00e1gi pontverseny gy\u0151ztes\u00e9nek j\u00e1r\u00f3 z\u00f6ld trik\u00f3t!<\/p>\n<figure id=\"attachment_17088\" aria-describedby=\"caption-attachment-17088\" style=\"width: 2048px\" class=\"wp-caption alignnone\"><a href=\"https:\/\/d2p6e6u75xmxt8.cloudfront.net\/12\/2023\/03\/picture-28-1669197806.webp\"><img loading=\"lazy\" decoding=\"async\" class=\"size-full wp-image-17088\" src=\"https:\/\/d2p6e6u75xmxt8.cloudfront.net\/12\/2023\/03\/picture-28-1669197806.webp\" alt=\"\" width=\"2048\" height=\"1365\" srcset=\"https:\/\/d2p6e6u75xmxt8.cloudfront.net\/12\/2023\/03\/picture-28-1669197806.webp 2048w, https:\/\/d2p6e6u75xmxt8.cloudfront.net\/12\/2023\/03\/picture-28-1669197806-300x200.webp 300w, https:\/\/d2p6e6u75xmxt8.cloudfront.net\/12\/2023\/03\/picture-28-1669197806-1024x683.webp 1024w, https:\/\/d2p6e6u75xmxt8.cloudfront.net\/12\/2023\/03\/picture-28-1669197806-768x512.webp 768w, https:\/\/d2p6e6u75xmxt8.cloudfront.net\/12\/2023\/03\/picture-28-1669197806-1536x1024.webp 1536w, https:\/\/d2p6e6u75xmxt8.cloudfront.net\/12\/2023\/03\/picture-28-1669197806-1920x1280.webp 1920w, https:\/\/d2p6e6u75xmxt8.cloudfront.net\/12\/2023\/03\/picture-28-1669197806-400x267.webp 400w, https:\/\/d2p6e6u75xmxt8.cloudfront.net\/12\/2023\/03\/picture-28-1669197806-272x182.webp 272w, https:\/\/d2p6e6u75xmxt8.cloudfront.net\/12\/2023\/03\/picture-28-1669197806-1920x1280.webp 1920w\" sizes=\"auto, (max-width: 2048px) 100vw, 2048px\" \/><\/a><figcaption id=\"caption-attachment-17088\" class=\"wp-caption-text\">Fabio Jakobsen tavaly szakaszt nyert Hajd\u00faszoboszl\u00f3n, \u00e9s a z\u00f6ld trik\u00f3t is beh\u00fazta a TdH-n (fot\u00f3: Pertorini M\u00e1ri\u00f3\/TDH)<\/figcaption><\/figure>\n<p>Ha pedig egy kicsit az eg\u00e9szen k\u00f6zeli j\u00f6v\u0151be tekint\u00fcnk, azt l\u00e1thatjuk, hogy nagyon izgalmas h\u00e9tv\u00e9ge el\u00e9 n\u00e9z\u00fcnk. A Strade Bianche eleve minden \u00e9vben a komplett versenyszezon egyik legk\u00fcl\u00f6nlegesebb \u00e9s legjobban v\u00e1rt viadala, a csak a \u201eFeh\u00e9r utak poklak\u00e9nt\u201d ismert murv\u00e1s toszk\u00e1n egynaposon pedig r\u00e1ad\u00e1sk\u00e9nt id\u00e9n is lesz magyar \u00e9rdekelts\u00e9g \u2013 nem is egy! Legjobbjaink k\u00f6z\u00fcl ugyanis a Jumbo sz\u00edneiben a Gran Camin\u00f3n par\u00e1d\u00e9san bemutatkoz\u00f3, a Tour-c\u00edmv\u00e9d\u0151 Jonas Vingegaard-t gy\u0151zelemhez seg\u00edt\u0151, majd az \u00f6sszetett dobog\u00f3r\u00f3l csup\u00e1n 5 m\u00e1sodperccel lemarad\u00f3 Valter Attila tavalyi szenz\u00e1ci\u00f3sz\u00e1mba men\u0151 4. helye ut\u00e1n id\u00e9n is ott lesz saj\u00e1t bevall\u00e1sa szerint is egyik kedvenc verseny\u00e9n, ezek alapj\u00e1n \u00e9rthet\u0151en nagy rem\u00e9nyekkel. Mellette pedig az EOLO-Kometa magyarja, Fetter Erik is rajthoz \u00e1ll majd, csapata <a href=\"https:\/\/www.facebook.com\/photo?fbid=747980430301765&amp;set=a.303094361457043\">zseni\u00e1lis kreat\u00edv kedvcsin\u00e1l\u00f3t<\/a> is k\u00e9sz\u00edtett a h\u00e9tv\u00e9ge el\u00e9. \u00c9s a j\u00f3 h\u00edrek sora m\u00e9g itt sem \u00e9r v\u00e9get, Valter Ati ugyanis a Strade Bianche ut\u00e1n marad Olaszorsz\u00e1gban, \u00e9s egy m\u00e1sik nagy preszt\u00edzsversenyen, a h\u00e9tf\u0151n elrajtol\u00f3 Tirreno-Adriatico t\u00f6bbnapos\u00e1n is szurkolhatunk neki!<\/p>\n<figure id=\"attachment_17089\" aria-describedby=\"caption-attachment-17089\" style=\"width: 780px\" class=\"wp-caption alignnone\"><a href=\"https:\/\/d2p6e6u75xmxt8.cloudfront.net\/12\/2023\/03\/GettyImages-1380480545.webp\"><img loading=\"lazy\" decoding=\"async\" class=\"size-full wp-image-17089\" src=\"https:\/\/d2p6e6u75xmxt8.cloudfront.net\/12\/2023\/03\/GettyImages-1380480545.webp\" alt=\"\" width=\"780\" height=\"470\" srcset=\"https:\/\/d2p6e6u75xmxt8.cloudfront.net\/12\/2023\/03\/GettyImages-1380480545.webp 780w, https:\/\/d2p6e6u75xmxt8.cloudfront.net\/12\/2023\/03\/GettyImages-1380480545-300x181.webp 300w, https:\/\/d2p6e6u75xmxt8.cloudfront.net\/12\/2023\/03\/GettyImages-1380480545-768x463.webp 768w, https:\/\/d2p6e6u75xmxt8.cloudfront.net\/12\/2023\/03\/GettyImages-1380480545-400x241.webp 400w\" sizes=\"auto, (max-width: 780px) 100vw, 780px\" \/><\/a><figcaption id=\"caption-attachment-17089\" class=\"wp-caption-text\">Valter Attila tavaly m\u00e9g az FDJ sz\u00edneiben \u00f3ri\u00e1si hajr\u00e1val cs\u00edpte meg a szenz\u00e1ci\u00f3s 4. helyet Sien\u00e1ban (fot\u00f3: Luc Claessen\/Getty Images)<\/figcaption><\/figure>\n","protected":false},"excerpt":{"rendered":"<p>\u00dcnnep\u00e9lyesen bemutatt\u00e1k a 2023-as Tour de Hongrie programj\u00e1t, amely el\u0151sz\u00f6r rajtol Szentgotth\u00e1rdr\u00f3l \u2013 egy imm\u00e1r biztosan visszat\u00e9r\u0151 vil\u00e1gszt\u00e1rral. H\u00e9tv\u00e9g\u00e9n pedig [&hellip;]<\/p>\n","protected":false},"author":145,"featured_media":17087,"comment_status":"open","ping_status":"open","sticky":false,"template":"","format":"standard","meta":{"footnotes":""},"categories":[8],"tags":[],"global-categories":[419],"class_list":["post-17085","post","type-post","status-publish","format-standard","has-post-thumbnail","hentry","category-orszaguti-kerekpar","global-categories-cycling"],"yoast_head":"<!-- This site is optimized with the Yoast SEO Premium plugin v25.3 (Yoast SEO v25.9) - https:\/\/yoast.com\/wordpress\/plugins\/seo\/ -->\n<title>\u00dajabb izgalmas h\u00e9t: megvan a TdH-\u00fatvonal, szombaton pedig Strade Bianche Valterrel \u00e9s Fetterrel! - \u0160koda We Love Cycling - Magyarorsz\u00e1g<\/title>\n<meta name=\"robots\" content=\"index, follow, max-snippet:-1, max-image-preview:large, max-video-preview:-1\" \/>\n<link rel=\"canonical\" href=\"https:\/\/www.welovecycling.com\/hu\/orszaguti-kerekpar\/ujabb-izgalmas-het-megvan-a-tdh-utvonal-szombaton-pedig-strade-bianche-valterrel-es-fetterrel\/\" \/>\n<meta property=\"og:locale\" content=\"hu_HU\" \/>\n<meta property=\"og:type\" content=\"article\" \/>\n<meta property=\"og:title\" content=\"\u00dajabb izgalmas h\u00e9t: megvan a TdH-\u00fatvonal, szombaton pedig Strade Bianche Valterrel \u00e9s Fetterrel!\" \/>\n<meta property=\"og:description\" content=\"\u00dcnnep\u00e9lyesen bemutatt\u00e1k a 2023-as Tour de Hongrie programj\u00e1t, amely el\u0151sz\u00f6r rajtol Szentgotth\u00e1rdr\u00f3l \u2013 egy imm\u00e1r biztosan visszat\u00e9r\u0151 vil\u00e1gszt\u00e1rral. H\u00e9tv\u00e9g\u00e9n pedig [&hellip;]\" \/>\n<meta property=\"og:url\" content=\"https:\/\/www.welovecycling.com\/hu\/orszaguti-kerekpar\/ujabb-izgalmas-het-megvan-a-tdh-utvonal-szombaton-pedig-strade-bianche-valterrel-es-fetterrel\/\" \/>\n<meta property=\"og:site_name\" content=\"\u0160koda We Love Cycling - Magyarorsz\u00e1g\" \/>\n<meta property=\"article:publisher\" content=\"https:\/\/www.facebook.com\/WeLoveCyclingHungary\/\" \/>\n<meta property=\"article:published_time\" content=\"2023-03-02T13:38:44+00:00\" \/>\n<meta property=\"og:image\" content=\"https:\/\/d2p6e6u75xmxt8.cloudfront.net\/12\/2023\/03\/image-835-1677602765.webp\" \/>\n\t<meta property=\"og:image:width\" content=\"2048\" \/>\n\t<meta property=\"og:image:height\" content=\"1365\" \/>\n\t<meta property=\"og:image:type\" content=\"image\/webp\" \/>\n<meta name=\"author\" content=\"kitti\" \/>\n<meta name=\"twitter:card\" content=\"summary_large_image\" \/>\n<meta name=\"twitter:label1\" content=\"Written by\" \/>\n\t<meta name=\"twitter:data1\" content=\"We Love Cycling\" \/>\n\t<meta name=\"twitter:label2\" content=\"Est. reading time\" \/>\n\t<meta name=\"twitter:data2\" content=\"4 minutes\" \/>\n<script type=\"application\/ld+json\" class=\"yoast-schema-graph\">{\"@context\":\"https:\/\/schema.org\",\"@graph\":[{\"@type\":\"WebPage\",\"@id\":\"https:\/\/www.welovecycling.com\/hu\/orszaguti-kerekpar\/ujabb-izgalmas-het-megvan-a-tdh-utvonal-szombaton-pedig-strade-bianche-valterrel-es-fetterrel\/\",\"url\":\"https:\/\/www.welovecycling.com\/hu\/orszaguti-kerekpar\/ujabb-izgalmas-het-megvan-a-tdh-utvonal-szombaton-pedig-strade-bianche-valterrel-es-fetterrel\/\",\"name\":\"\u00dajabb izgalmas h\u00e9t: megvan a TdH-\u00fatvonal, szombaton pedig Strade Bianche Valterrel \u00e9s Fetterrel! - \u0160koda We Love Cycling - Magyarorsz\u00e1g\",\"isPartOf\":{\"@id\":\"https:\/\/www.welovecycling.com\/hu\/#website\"},\"primaryImageOfPage\":{\"@id\":\"https:\/\/www.welovecycling.com\/hu\/orszaguti-kerekpar\/ujabb-izgalmas-het-megvan-a-tdh-utvonal-szombaton-pedig-strade-bianche-valterrel-es-fetterrel\/#primaryimage\"},\"image\":{\"@id\":\"https:\/\/www.welovecycling.com\/hu\/orszaguti-kerekpar\/ujabb-izgalmas-het-megvan-a-tdh-utvonal-szombaton-pedig-strade-bianche-valterrel-es-fetterrel\/#primaryimage\"},\"thumbnailUrl\":\"https:\/\/d2p6e6u75xmxt8.cloudfront.net\/12\/2023\/03\/image-835-1677602765.webp\",\"datePublished\":\"2023-03-02T13:38:44+00:00\",\"author\":{\"@id\":\"https:\/\/www.welovecycling.com\/hu\/#\/schema\/person\/bec7dcdbcc59f58489cf603e4040ced1\"},\"breadcrumb\":{\"@id\":\"https:\/\/www.welovecycling.com\/hu\/orszaguti-kerekpar\/ujabb-izgalmas-het-megvan-a-tdh-utvonal-szombaton-pedig-strade-bianche-valterrel-es-fetterrel\/#breadcrumb\"},\"inLanguage\":\"hu\",\"potentialAction\":[{\"@type\":\"ReadAction\",\"target\":[\"https:\/\/www.welovecycling.com\/hu\/orszaguti-kerekpar\/ujabb-izgalmas-het-megvan-a-tdh-utvonal-szombaton-pedig-strade-bianche-valterrel-es-fetterrel\/\"]}]},{\"@type\":\"ImageObject\",\"inLanguage\":\"hu\",\"@id\":\"https:\/\/www.welovecycling.com\/hu\/orszaguti-kerekpar\/ujabb-izgalmas-het-megvan-a-tdh-utvonal-szombaton-pedig-strade-bianche-valterrel-es-fetterrel\/#primaryimage\",\"url\":\"https:\/\/d2p6e6u75xmxt8.cloudfront.net\/12\/2023\/03\/image-835-1677602765.webp\",\"contentUrl\":\"https:\/\/d2p6e6u75xmxt8.cloudfront.net\/12\/2023\/03\/image-835-1677602765.webp\",\"width\":2048,\"height\":1365},{\"@type\":\"BreadcrumbList\",\"@id\":\"https:\/\/www.welovecycling.com\/hu\/orszaguti-kerekpar\/ujabb-izgalmas-het-megvan-a-tdh-utvonal-szombaton-pedig-strade-bianche-valterrel-es-fetterrel\/#breadcrumb\",\"itemListElement\":[{\"@type\":\"ListItem\",\"position\":1,\"name\":\"Home\",\"item\":\"https:\/\/www.welovecycling.com\/hu\/\"},{\"@type\":\"ListItem\",\"position\":2,\"name\":\"\u00dajabb izgalmas h\u00e9t: megvan a TdH-\u00fatvonal, szombaton pedig Strade Bianche Valterrel \u00e9s Fetterrel!\"}]},{\"@type\":\"WebSite\",\"@id\":\"https:\/\/www.welovecycling.com\/hu\/#website\",\"url\":\"https:\/\/www.welovecycling.com\/hu\/\",\"name\":\"\u0160koda We Love Cycling - Magyarorsz\u00e1g\",\"description\":\"\u0160koda WeLoveCycling\",\"potentialAction\":[{\"@type\":\"SearchAction\",\"target\":{\"@type\":\"EntryPoint\",\"urlTemplate\":\"https:\/\/www.welovecycling.com\/hu\/?s={search_term_string}\"},\"query-input\":{\"@type\":\"PropertyValueSpecification\",\"valueRequired\":true,\"valueName\":\"search_term_string\"}}],\"inLanguage\":\"hu\"},{\"@type\":\"Person\",\"@id\":\"https:\/\/www.welovecycling.com\/hu\/#\/schema\/person\/bec7dcdbcc59f58489cf603e4040ced1\",\"name\":\"kitti\",\"image\":{\"@type\":\"ImageObject\",\"inLanguage\":\"hu\",\"@id\":\"https:\/\/www.welovecycling.com\/hu\/#\/schema\/person\/image\/\",\"url\":\"https:\/\/secure.gravatar.com\/avatar\/e3196a110e1b57b96f56d92d10ce9bb4e9d7210076832a16243337e949410b52?s=96&d=mm&r=g\",\"contentUrl\":\"https:\/\/secure.gravatar.com\/avatar\/e3196a110e1b57b96f56d92d10ce9bb4e9d7210076832a16243337e949410b52?s=96&d=mm&r=g\",\"caption\":\"kitti\"},\"url\":\"https:\/\/www.welovecycling.com\/hu\/author\/kitti\/\"}]}<\/script>\n<!-- \/ Yoast SEO Premium plugin. -->","yoast_head_json":{"title":"\u00dajabb izgalmas h\u00e9t: megvan a TdH-\u00fatvonal, szombaton pedig Strade Bianche Valterrel \u00e9s Fetterrel! - \u0160koda We Love Cycling - Magyarorsz\u00e1g","robots":{"index":"index","follow":"follow","max-snippet":"max-snippet:-1","max-image-preview":"max-image-preview:large","max-video-preview":"max-video-preview:-1"},"canonical":"https:\/\/www.welovecycling.com\/hu\/orszaguti-kerekpar\/ujabb-izgalmas-het-megvan-a-tdh-utvonal-szombaton-pedig-strade-bianche-valterrel-es-fetterrel\/","og_locale":"hu_HU","og_type":"article","og_title":"\u00dajabb izgalmas h\u00e9t: megvan a TdH-\u00fatvonal, szombaton pedig Strade Bianche Valterrel \u00e9s Fetterrel!","og_description":"\u00dcnnep\u00e9lyesen bemutatt\u00e1k a 2023-as Tour de Hongrie programj\u00e1t, amely el\u0151sz\u00f6r rajtol Szentgotth\u00e1rdr\u00f3l \u2013 egy imm\u00e1r biztosan visszat\u00e9r\u0151 vil\u00e1gszt\u00e1rral. H\u00e9tv\u00e9g\u00e9n pedig [&hellip;]","og_url":"https:\/\/www.welovecycling.com\/hu\/orszaguti-kerekpar\/ujabb-izgalmas-het-megvan-a-tdh-utvonal-szombaton-pedig-strade-bianche-valterrel-es-fetterrel\/","og_site_name":"\u0160koda We Love Cycling - Magyarorsz\u00e1g","article_publisher":"https:\/\/www.facebook.com\/WeLoveCyclingHungary\/","article_published_time":"2023-03-02T13:38:44+00:00","og_image":[{"width":2048,"height":1365,"url":"https:\/\/d2p6e6u75xmxt8.cloudfront.net\/12\/2023\/03\/image-835-1677602765.webp","type":"image\/webp"}],"author":"kitti","twitter_card":"summary_large_image","twitter_misc":{"Written by":"We Love Cycling","Est. reading time":"4 minutes"},"schema":{"@context":"https:\/\/schema.org","@graph":[{"@type":"WebPage","@id":"https:\/\/www.welovecycling.com\/hu\/orszaguti-kerekpar\/ujabb-izgalmas-het-megvan-a-tdh-utvonal-szombaton-pedig-strade-bianche-valterrel-es-fetterrel\/","url":"https:\/\/www.welovecycling.com\/hu\/orszaguti-kerekpar\/ujabb-izgalmas-het-megvan-a-tdh-utvonal-szombaton-pedig-strade-bianche-valterrel-es-fetterrel\/","name":"\u00dajabb izgalmas h\u00e9t: megvan a TdH-\u00fatvonal, szombaton pedig Strade Bianche Valterrel \u00e9s Fetterrel! - \u0160koda We Love Cycling - Magyarorsz\u00e1g","isPartOf":{"@id":"https:\/\/www.welovecycling.com\/hu\/#website"},"primaryImageOfPage":{"@id":"https:\/\/www.welovecycling.com\/hu\/orszaguti-kerekpar\/ujabb-izgalmas-het-megvan-a-tdh-utvonal-szombaton-pedig-strade-bianche-valterrel-es-fetterrel\/#primaryimage"},"image":{"@id":"https:\/\/www.welovecycling.com\/hu\/orszaguti-kerekpar\/ujabb-izgalmas-het-megvan-a-tdh-utvonal-szombaton-pedig-strade-bianche-valterrel-es-fetterrel\/#primaryimage"},"thumbnailUrl":"https:\/\/d2p6e6u75xmxt8.cloudfront.net\/12\/2023\/03\/image-835-1677602765.webp","datePublished":"2023-03-02T13:38:44+00:00","author":{"@id":"https:\/\/www.welovecycling.com\/hu\/#\/schema\/person\/bec7dcdbcc59f58489cf603e4040ced1"},"breadcrumb":{"@id":"https:\/\/www.welovecycling.com\/hu\/orszaguti-kerekpar\/ujabb-izgalmas-het-megvan-a-tdh-utvonal-szombaton-pedig-strade-bianche-valterrel-es-fetterrel\/#breadcrumb"},"inLanguage":"hu","potentialAction":[{"@type":"ReadAction","target":["https:\/\/www.welovecycling.com\/hu\/orszaguti-kerekpar\/ujabb-izgalmas-het-megvan-a-tdh-utvonal-szombaton-pedig-strade-bianche-valterrel-es-fetterrel\/"]}]},{"@type":"ImageObject","inLanguage":"hu","@id":"https:\/\/www.welovecycling.com\/hu\/orszaguti-kerekpar\/ujabb-izgalmas-het-megvan-a-tdh-utvonal-szombaton-pedig-strade-bianche-valterrel-es-fetterrel\/#primaryimage","url":"https:\/\/d2p6e6u75xmxt8.cloudfront.net\/12\/2023\/03\/image-835-1677602765.webp","contentUrl":"https:\/\/d2p6e6u75xmxt8.cloudfront.net\/12\/2023\/03\/image-835-1677602765.webp","width":2048,"height":1365},{"@type":"BreadcrumbList","@id":"https:\/\/www.welovecycling.com\/hu\/orszaguti-kerekpar\/ujabb-izgalmas-het-megvan-a-tdh-utvonal-szombaton-pedig-strade-bianche-valterrel-es-fetterrel\/#breadcrumb","itemListElement":[{"@type":"ListItem","position":1,"name":"Home","item":"https:\/\/www.welovecycling.com\/hu\/"},{"@type":"ListItem","position":2,"name":"\u00dajabb izgalmas h\u00e9t: megvan a TdH-\u00fatvonal, szombaton pedig Strade Bianche Valterrel \u00e9s Fetterrel!"}]},{"@type":"WebSite","@id":"https:\/\/www.welovecycling.com\/hu\/#website","url":"https:\/\/www.welovecycling.com\/hu\/","name":"\u0160koda We Love Cycling - Magyarorsz\u00e1g","description":"\u0160koda WeLoveCycling","potentialAction":[{"@type":"SearchAction","target":{"@type":"EntryPoint","urlTemplate":"https:\/\/www.welovecycling.com\/hu\/?s={search_term_string}"},"query-input":{"@type":"PropertyValueSpecification","valueRequired":true,"valueName":"search_term_string"}}],"inLanguage":"hu"},{"@type":"Person","@id":"https:\/\/www.welovecycling.com\/hu\/#\/schema\/person\/bec7dcdbcc59f58489cf603e4040ced1","name":"kitti","image":{"@type":"ImageObject","inLanguage":"hu","@id":"https:\/\/www.welovecycling.com\/hu\/#\/schema\/person\/image\/","url":"https:\/\/secure.gravatar.com\/avatar\/e3196a110e1b57b96f56d92d10ce9bb4e9d7210076832a16243337e949410b52?s=96&d=mm&r=g","contentUrl":"https:\/\/secure.gravatar.com\/avatar\/e3196a110e1b57b96f56d92d10ce9bb4e9d7210076832a16243337e949410b52?s=96&d=mm&r=g","caption":"kitti"},"url":"https:\/\/www.welovecycling.com\/hu\/author\/kitti\/"}]}},"_links":{"self":[{"href":"https:\/\/www.welovecycling.com\/hu\/wp-json\/wp\/v2\/posts\/17085","targetHints":{"allow":["GET"]}}],"collection":[{"href":"https:\/\/www.welovecycling.com\/hu\/wp-json\/wp\/v2\/posts"}],"about":[{"href":"https:\/\/www.welovecycling.com\/hu\/wp-json\/wp\/v2\/types\/post"}],"author":[{"embeddable":true,"href":"https:\/\/www.welovecycling.com\/hu\/wp-json\/wp\/v2\/users\/145"}],"replies":[{"embeddable":true,"href":"https:\/\/www.welovecycling.com\/hu\/wp-json\/wp\/v2\/comments?post=17085"}],"version-history":[{"count":1,"href":"https:\/\/www.welovecycling.com\/hu\/wp-json\/wp\/v2\/posts\/17085\/revisions"}],"predecessor-version":[{"id":17090,"href":"https:\/\/www.welovecycling.com\/hu\/wp-json\/wp\/v2\/posts\/17085\/revisions\/17090"}],"wp:featuredmedia":[{"embeddable":true,"href":"https:\/\/www.welovecycling.com\/hu\/wp-json\/wp\/v2\/media\/17087"}],"wp:attachment":[{"href":"https:\/\/www.welovecycling.com\/hu\/wp-json\/wp\/v2\/media?parent=17085"}],"wp:term":[{"taxonomy":"category","embeddable":true,"href":"https:\/\/www.welovecycling.com\/hu\/wp-json\/wp\/v2\/categories?post=17085"},{"taxonomy":"post_tag","embeddable":true,"href":"https:\/\/www.welovecycling.com\/hu\/wp-json\/wp\/v2\/tags?post=17085"},{"taxonomy":"global-categories","embeddable":true,"href":"https:\/\/www.welovecycling.com\/hu\/wp-json\/wp\/v2\/global-categories?post=17085"}],"curies":[{"name":"wp","href":"https:\/\/api.w.org\/{rel}","templated":true}]}}