{"id":17073,"date":"2023-03-02T12:57:31","date_gmt":"2023-03-02T10:57:31","guid":{"rendered":"https:\/\/www.welovecycling.com\/hu\/?p=17073"},"modified":"2023-03-02T12:57:31","modified_gmt":"2023-03-02T10:57:31","slug":"la-vuelta-femenina-7-szakasz-730-kilometeres-utvonal-es-egy-vegso-hegyi-befuto","status":"publish","type":"post","link":"https:\/\/www.welovecycling.com\/hu\/orszaguti-kerekpar\/la-vuelta-femenina-7-szakasz-730-kilometeres-utvonal-es-egy-vegso-hegyi-befuto\/","title":{"rendered":"La Vuelta Femenina: 7 szakasz, 730 kilom\u00e9teres \u00fatvonal \u00e9s egy v\u00e9gs\u0151 hegyi befut\u00f3"},"content":{"rendered":"<p><b>A spanyol verseny m\u00e1jus 1-j\u00e9n a Costa Blanca melletti Torrevieja v\u00e1ros\u00e1b\u00f3l indul \u00e9s m\u00e1jus 7-\u00e9n Lagos de Covadonga-ban \u00e9r v\u00e9get. A verseny sor\u00e1n h\u00e9t szakaszon nyolc tartom\u00e1nyt l\u00e1togatnak meg a keresekesk, hat auton\u00f3m ter\u00fcleten tekernek \u00e1t. A versenyz\u0151k egy csapatid\u0151futamon, h\u00e1rom s\u00edk szakaszon, egy k\u00f6z\u00e9phegys\u00e9gen \u00e9s k\u00e9t hegyi etapon m\u00e9rik \u00f6ssze erej\u00fcket &#8211; a verseny magaslati befut\u00f3val \u00e9r majd v\u00e9get.<\/b><\/p>\n<p><!--more--><\/p>\n<p><i><span style=\"font-weight: 400;\">&#8220;A Costa Blanca ism\u00e9t a ker\u00e9kp\u00e1rsport szolg\u00e1lat\u00e1ba \u00e1ll: otthont ad az els\u0151 La Vuelta Femenina nagyrajtj\u00e1nak. Nagyon vonz\u00f3 \u00fati c\u00e9l lett a biciklisek sz\u00e1m\u00e1ra, \u00e9s ide\u00e1lis helysz\u00edn az els\u0151 La Vuelta Femenina elindul\u00e1s\u00e1hoz&#8221;<\/span><\/i><span style=\"font-weight: 400;\"> &#8211; mondta Fernando Escart\u00edn, a La Vuelta Femenina igazgat\u00f3ja.<\/span><\/p>\n<p><span style=\"font-weight: 400;\">Az els\u0151 k\u00e9t nap ut\u00e1n a mez\u0151ny Albacete tartom\u00e1nyba indul a verseny leghosszabb, 148 km-es szakasz\u00e1n, La Roda fel\u00e9. A versenyz\u0151k tartj\u00e1k az \u00e9szaki ir\u00e1nyt: az \u00fatvonal \u00f6sszek\u00f6ti Cuenca \u00e9s Guadalajara tartom\u00e1ny f\u0151v\u00e1rosait, egy olyan szakasszal, ami val\u00f3sz\u00edn\u0171leg a sprintereknek kedvez. A verseny els\u0151 magaslati befut\u00f3ja a 5. etap v\u00e9g\u00e9n v\u00e1rja a kerekeseket, egy 5 kilom\u00e9teres, m\u00e1sodik kateg\u00f3ri\u00e1s emelked\u0151vel.<\/span><\/p>\n<p><span style=\"font-weight: 400;\">Szombaton a versenyz\u0151k neh\u00e9z, m\u00e1sodik kateg\u00f3ri\u00e1s emelked\u0151kkel n\u00e9znek szembe a Fuente de las Baras \u00e9s a Campo el Hayal fel\u00e9 vezet\u0151 \u00faton. A Grand Finale otthona Asturias lesz. A Lagos de Covadonga emelked\u0151je, ami a La Vuelta legismertebb hegyi szakaszai k\u00f6z\u00e9 tartozik, a La Vuelta Femenina els\u0151 kiemelked\u0151 pontja. Alig v\u00e1rjuk!<\/span><\/p>\n<p><a href=\"https:\/\/d2p6e6u75xmxt8.cloudfront.net\/12\/2023\/03\/La-Vuelta-Route-1920x1184-1.webp\"><img loading=\"lazy\" decoding=\"async\" class=\"alignnone size-full wp-image-17081\" src=\"https:\/\/d2p6e6u75xmxt8.cloudfront.net\/12\/2023\/03\/La-Vuelta-Route-1920x1184-1.webp\" alt=\"\" width=\"1920\" height=\"1184\" srcset=\"https:\/\/d2p6e6u75xmxt8.cloudfront.net\/12\/2023\/03\/La-Vuelta-Route-1920x1184-1.webp 1920w, https:\/\/d2p6e6u75xmxt8.cloudfront.net\/12\/2023\/03\/La-Vuelta-Route-1920x1184-1-300x185.webp 300w, https:\/\/d2p6e6u75xmxt8.cloudfront.net\/12\/2023\/03\/La-Vuelta-Route-1920x1184-1-1024x631.webp 1024w, https:\/\/d2p6e6u75xmxt8.cloudfront.net\/12\/2023\/03\/La-Vuelta-Route-1920x1184-1-768x474.webp 768w, https:\/\/d2p6e6u75xmxt8.cloudfront.net\/12\/2023\/03\/La-Vuelta-Route-1920x1184-1-1536x947.webp 1536w, https:\/\/d2p6e6u75xmxt8.cloudfront.net\/12\/2023\/03\/La-Vuelta-Route-1920x1184-1-400x247.webp 400w\" sizes=\"auto, (max-width: 1920px) 100vw, 1920px\" \/><\/a><\/p>\n<p><i><span style=\"font-weight: 400;\">&#8220;Az, hogy egy ilyen h\u00edres helyen fejez\u0151dik be a verseny, l\u00e9tfontoss\u00e1g\u00fa a m\u00e9diahat\u00e1s szempontj\u00e1b\u00f3l, hiszen \u00edgy t\u00f6bb figyelem ir\u00e1nyul a esem\u00e9nyre. \u00d6r\u00fcl\u00f6k, hogy a Carrefour.es \u00e1ltal szervezett La Vuelta Femenina ilyen j\u00f3l ismert emelked\u0151t v\u00e1lasztott. Izgatott vagyok, tudom, mit v\u00e1rhatok, nagyon neh\u00e9z szakasz lesz ez. Az is j\u00f3, hogy van n\u00e9h\u00e1ny s\u00edk szakaszunk, ezek is hozz\u00e1j\u00e1rulnak a verseny izgalm\u00e1hoz. Nagyon kerek az idei Vuelta&#8221;<\/span><\/i><span style=\"font-weight: 400;\"> &#8211; mondta Annemiek van Vleuten, a 2022-es CERATIZIT Challenge by La Vuelta gy\u0151ztese.<\/span><\/p>\n<p><i><span style=\"font-weight: 400;\">&#8220;Az \u00fatvonal v\u00e1ltozatos lehet\u0151s\u00e9geket rejt sok k\u00fcl\u00f6nb\u00f6z\u0151 ker\u00e9kp\u00e1ros sz\u00e1m\u00e1ra. Igaz, hogy az \u00f6sszetett versenyben az emelked\u0151k\u00f6n j\u00f3l teljes\u00edt\u0151 ker\u00e9kp\u00e1rosok fognak domin\u00e1lni, de a csapatid\u0151futam \u00e9s a s\u00edk szakaszok lehet\u0151s\u00e9get adnak a t\u00f6bbi versenyz\u0151nek is. Szerintem nagyon izgalmas lesz a verseny&#8221; <\/span><\/i><span style=\"font-weight: 400;\">&#8211; nyilatkozta Mavi Garc\u00eda, spanyol orsz\u00e1g\u00fati ker\u00e9kp\u00e1rbajnok.<\/span><\/p>\n<ol>\n<li><span style=\"font-weight: 400;\">Szakasz &#8211; Torrevieja &#8211; Torrevieja (TTT), 14.6 km<\/span><\/li>\n<\/ol>\n<p><a href=\"https:\/\/d2p6e6u75xmxt8.cloudfront.net\/12\/2023\/03\/Stage-1.webp\"><img loading=\"lazy\" decoding=\"async\" class=\"alignnone size-full wp-image-17074\" src=\"https:\/\/d2p6e6u75xmxt8.cloudfront.net\/12\/2023\/03\/Stage-1.webp\" alt=\"\" width=\"960\" height=\"283\" srcset=\"https:\/\/d2p6e6u75xmxt8.cloudfront.net\/12\/2023\/03\/Stage-1.webp 960w, https:\/\/d2p6e6u75xmxt8.cloudfront.net\/12\/2023\/03\/Stage-1-300x88.webp 300w, https:\/\/d2p6e6u75xmxt8.cloudfront.net\/12\/2023\/03\/Stage-1-768x226.webp 768w, https:\/\/d2p6e6u75xmxt8.cloudfront.net\/12\/2023\/03\/Stage-1-400x118.webp 400w\" sizes=\"auto, (max-width: 960px) 100vw, 960px\" \/><\/a><\/p>\n<p><span style=\"font-weight: 400;\">2. Szakasz &#8211; Orihuela \u2013 Pilar de la Horadada 105.1 km<\/span><\/p>\n<p><a href=\"https:\/\/d2p6e6u75xmxt8.cloudfront.net\/12\/2023\/03\/Stage-2.webp\"><img loading=\"lazy\" decoding=\"async\" class=\"alignnone size-full wp-image-17075\" src=\"https:\/\/d2p6e6u75xmxt8.cloudfront.net\/12\/2023\/03\/Stage-2.webp\" alt=\"\" width=\"960\" height=\"502\" srcset=\"https:\/\/d2p6e6u75xmxt8.cloudfront.net\/12\/2023\/03\/Stage-2.webp 960w, https:\/\/d2p6e6u75xmxt8.cloudfront.net\/12\/2023\/03\/Stage-2-300x157.webp 300w, https:\/\/d2p6e6u75xmxt8.cloudfront.net\/12\/2023\/03\/Stage-2-768x402.webp 768w, https:\/\/d2p6e6u75xmxt8.cloudfront.net\/12\/2023\/03\/Stage-2-400x209.webp 400w\" sizes=\"auto, (max-width: 960px) 100vw, 960px\" \/><\/a><\/p>\n<p><span style=\"font-weight: 400;\">3. Szakasz \u2013 Elche de la Sierra \u2013 Roda, 148.2 km<\/span><\/p>\n<p><a href=\"https:\/\/d2p6e6u75xmxt8.cloudfront.net\/12\/2023\/03\/Stage-3.webp\"><img loading=\"lazy\" decoding=\"async\" class=\"alignnone size-full wp-image-17076\" src=\"https:\/\/d2p6e6u75xmxt8.cloudfront.net\/12\/2023\/03\/Stage-3.webp\" alt=\"\" width=\"960\" height=\"450\" srcset=\"https:\/\/d2p6e6u75xmxt8.cloudfront.net\/12\/2023\/03\/Stage-3.webp 960w, https:\/\/d2p6e6u75xmxt8.cloudfront.net\/12\/2023\/03\/Stage-3-300x141.webp 300w, https:\/\/d2p6e6u75xmxt8.cloudfront.net\/12\/2023\/03\/Stage-3-768x360.webp 768w, https:\/\/d2p6e6u75xmxt8.cloudfront.net\/12\/2023\/03\/Stage-3-400x188.webp 400w\" sizes=\"auto, (max-width: 960px) 100vw, 960px\" \/><\/a><\/p>\n<p><span style=\"font-weight: 400;\">4. Szakasz &#8211; Cuenca \u2013 Guadalajara, 133.1 Km<\/span><\/p>\n<p><a href=\"https:\/\/d2p6e6u75xmxt8.cloudfront.net\/12\/2023\/03\/Stage-4.webp\"><img loading=\"lazy\" decoding=\"async\" class=\"alignnone size-full wp-image-17077\" src=\"https:\/\/d2p6e6u75xmxt8.cloudfront.net\/12\/2023\/03\/Stage-4.webp\" alt=\"\" width=\"960\" height=\"530\" srcset=\"https:\/\/d2p6e6u75xmxt8.cloudfront.net\/12\/2023\/03\/Stage-4.webp 960w, https:\/\/d2p6e6u75xmxt8.cloudfront.net\/12\/2023\/03\/Stage-4-300x166.webp 300w, https:\/\/d2p6e6u75xmxt8.cloudfront.net\/12\/2023\/03\/Stage-4-768x424.webp 768w, https:\/\/d2p6e6u75xmxt8.cloudfront.net\/12\/2023\/03\/Stage-4-400x221.webp 400w\" sizes=\"auto, (max-width: 960px) 100vw, 960px\" \/><\/a><\/p>\n<p><span style=\"font-weight: 400;\">5. Szakasz &#8211; La Cabrera \u2013 Mirador de Pe\u00f1as Llanas (Riaza), 129.2 Km<\/span><\/p>\n<p><a href=\"https:\/\/d2p6e6u75xmxt8.cloudfront.net\/12\/2023\/03\/Stage-5.webp\"><img loading=\"lazy\" decoding=\"async\" class=\"alignnone size-full wp-image-17078\" src=\"https:\/\/d2p6e6u75xmxt8.cloudfront.net\/12\/2023\/03\/Stage-5.webp\" alt=\"\" width=\"960\" height=\"829\" srcset=\"https:\/\/d2p6e6u75xmxt8.cloudfront.net\/12\/2023\/03\/Stage-5.webp 960w, https:\/\/d2p6e6u75xmxt8.cloudfront.net\/12\/2023\/03\/Stage-5-300x259.webp 300w, https:\/\/d2p6e6u75xmxt8.cloudfront.net\/12\/2023\/03\/Stage-5-768x663.webp 768w, https:\/\/d2p6e6u75xmxt8.cloudfront.net\/12\/2023\/03\/Stage-5-400x345.webp 400w\" sizes=\"auto, (max-width: 960px) 100vw, 960px\" \/><\/a><\/p>\n<p><span style=\"font-weight: 400;\">6. Szakasz &#8211; Castro Urdiales \u2013 Laredo, 107.7 Km<\/span><\/p>\n<p><a href=\"https:\/\/d2p6e6u75xmxt8.cloudfront.net\/12\/2023\/03\/Stage-6.webp\"><img loading=\"lazy\" decoding=\"async\" class=\"alignnone size-full wp-image-17079\" src=\"https:\/\/d2p6e6u75xmxt8.cloudfront.net\/12\/2023\/03\/Stage-6.webp\" alt=\"\" width=\"960\" height=\"615\" srcset=\"https:\/\/d2p6e6u75xmxt8.cloudfront.net\/12\/2023\/03\/Stage-6.webp 960w, https:\/\/d2p6e6u75xmxt8.cloudfront.net\/12\/2023\/03\/Stage-6-300x192.webp 300w, https:\/\/d2p6e6u75xmxt8.cloudfront.net\/12\/2023\/03\/Stage-6-768x492.webp 768w, https:\/\/d2p6e6u75xmxt8.cloudfront.net\/12\/2023\/03\/Stage-6-400x256.webp 400w\" sizes=\"auto, (max-width: 960px) 100vw, 960px\" \/><\/a><\/p>\n<p><span style=\"font-weight: 400;\">7. Szakasz &#8211; Pola de Siero \u2013 Lagos de Covadonga, 93.7 Km<\/span><\/p>\n<p>&nbsp;<\/p>\n<p><a href=\"https:\/\/d2p6e6u75xmxt8.cloudfront.net\/12\/2023\/03\/Stage-7.webp\"><img loading=\"lazy\" decoding=\"async\" class=\"alignnone size-full wp-image-17080\" src=\"https:\/\/d2p6e6u75xmxt8.cloudfront.net\/12\/2023\/03\/Stage-7.webp\" alt=\"\" width=\"960\" height=\"570\" srcset=\"https:\/\/d2p6e6u75xmxt8.cloudfront.net\/12\/2023\/03\/Stage-7.webp 960w, https:\/\/d2p6e6u75xmxt8.cloudfront.net\/12\/2023\/03\/Stage-7-300x178.webp 300w, https:\/\/d2p6e6u75xmxt8.cloudfront.net\/12\/2023\/03\/Stage-7-768x456.webp 768w, https:\/\/d2p6e6u75xmxt8.cloudfront.net\/12\/2023\/03\/Stage-7-400x238.webp 400w\" sizes=\"auto, (max-width: 960px) 100vw, 960px\" \/><\/a><\/p>\n","protected":false},"excerpt":{"rendered":"<p>A spanyol verseny m\u00e1jus 1-j\u00e9n a Costa Blanca melletti Torrevieja v\u00e1ros\u00e1b\u00f3l indul \u00e9s m\u00e1jus 7-\u00e9n Lagos de Covadonga-ban \u00e9r v\u00e9get. [&hellip;]<\/p>\n","protected":false},"author":145,"featured_media":17082,"comment_status":"open","ping_status":"open","sticky":false,"template":"","format":"standard","meta":{"footnotes":""},"categories":[8],"tags":[],"global-categories":[419],"class_list":["post-17073","post","type-post","status-publish","format-standard","has-post-thumbnail","hentry","category-orszaguti-kerekpar","global-categories-cycling"],"yoast_head":"<!-- This site is optimized with the Yoast SEO Premium plugin v25.3 (Yoast SEO v25.9) - https:\/\/yoast.com\/wordpress\/plugins\/seo\/ -->\n<title>La Vuelta Femenina: 7 szakasz, 730 kilom\u00e9teres \u00fatvonal \u00e9s egy v\u00e9gs\u0151 hegyi befut\u00f3 - \u0160koda We Love Cycling - Magyarorsz\u00e1g<\/title>\n<meta name=\"robots\" content=\"index, follow, max-snippet:-1, max-image-preview:large, max-video-preview:-1\" \/>\n<link rel=\"canonical\" href=\"https:\/\/www.welovecycling.com\/hu\/orszaguti-kerekpar\/la-vuelta-femenina-7-szakasz-730-kilometeres-utvonal-es-egy-vegso-hegyi-befuto\/\" \/>\n<meta property=\"og:locale\" content=\"hu_HU\" \/>\n<meta property=\"og:type\" content=\"article\" \/>\n<meta property=\"og:title\" content=\"La Vuelta Femenina: 7 szakasz, 730 kilom\u00e9teres \u00fatvonal \u00e9s egy v\u00e9gs\u0151 hegyi befut\u00f3\" \/>\n<meta property=\"og:description\" content=\"A spanyol verseny m\u00e1jus 1-j\u00e9n a Costa Blanca melletti Torrevieja v\u00e1ros\u00e1b\u00f3l indul \u00e9s m\u00e1jus 7-\u00e9n Lagos de Covadonga-ban \u00e9r v\u00e9get. [&hellip;]\" \/>\n<meta property=\"og:url\" content=\"https:\/\/www.welovecycling.com\/hu\/orszaguti-kerekpar\/la-vuelta-femenina-7-szakasz-730-kilometeres-utvonal-es-egy-vegso-hegyi-befuto\/\" \/>\n<meta property=\"og:site_name\" content=\"\u0160koda We Love Cycling - Magyarorsz\u00e1g\" \/>\n<meta property=\"article:publisher\" content=\"https:\/\/www.facebook.com\/WeLoveCyclingHungary\/\" \/>\n<meta property=\"article:published_time\" content=\"2023-03-02T10:57:31+00:00\" \/>\n<meta property=\"og:image\" content=\"https:\/\/d2p6e6u75xmxt8.cloudfront.net\/12\/2023\/03\/ezgif.com-webp-to-jpg-4.webp\" \/>\n\t<meta property=\"og:image:width\" content=\"990\" \/>\n\t<meta property=\"og:image:height\" content=\"660\" \/>\n\t<meta property=\"og:image:type\" content=\"image\/webp\" \/>\n<meta name=\"author\" content=\"kitti\" \/>\n<meta name=\"twitter:card\" content=\"summary_large_image\" \/>\n<meta name=\"twitter:label1\" content=\"Written by\" \/>\n\t<meta name=\"twitter:data1\" content=\"We Love Cycling\" \/>\n\t<meta name=\"twitter:label2\" content=\"Est. reading time\" \/>\n\t<meta name=\"twitter:data2\" content=\"3 minutes\" \/>\n<script type=\"application\/ld+json\" class=\"yoast-schema-graph\">{\"@context\":\"https:\/\/schema.org\",\"@graph\":[{\"@type\":\"WebPage\",\"@id\":\"https:\/\/www.welovecycling.com\/hu\/orszaguti-kerekpar\/la-vuelta-femenina-7-szakasz-730-kilometeres-utvonal-es-egy-vegso-hegyi-befuto\/\",\"url\":\"https:\/\/www.welovecycling.com\/hu\/orszaguti-kerekpar\/la-vuelta-femenina-7-szakasz-730-kilometeres-utvonal-es-egy-vegso-hegyi-befuto\/\",\"name\":\"La Vuelta Femenina: 7 szakasz, 730 kilom\u00e9teres \u00fatvonal \u00e9s egy v\u00e9gs\u0151 hegyi befut\u00f3 - \u0160koda We Love Cycling - Magyarorsz\u00e1g\",\"isPartOf\":{\"@id\":\"https:\/\/www.welovecycling.com\/hu\/#website\"},\"primaryImageOfPage\":{\"@id\":\"https:\/\/www.welovecycling.com\/hu\/orszaguti-kerekpar\/la-vuelta-femenina-7-szakasz-730-kilometeres-utvonal-es-egy-vegso-hegyi-befuto\/#primaryimage\"},\"image\":{\"@id\":\"https:\/\/www.welovecycling.com\/hu\/orszaguti-kerekpar\/la-vuelta-femenina-7-szakasz-730-kilometeres-utvonal-es-egy-vegso-hegyi-befuto\/#primaryimage\"},\"thumbnailUrl\":\"https:\/\/d2p6e6u75xmxt8.cloudfront.net\/12\/2023\/03\/ezgif.com-webp-to-jpg-4.webp\",\"datePublished\":\"2023-03-02T10:57:31+00:00\",\"author\":{\"@id\":\"https:\/\/www.welovecycling.com\/hu\/#\/schema\/person\/bec7dcdbcc59f58489cf603e4040ced1\"},\"breadcrumb\":{\"@id\":\"https:\/\/www.welovecycling.com\/hu\/orszaguti-kerekpar\/la-vuelta-femenina-7-szakasz-730-kilometeres-utvonal-es-egy-vegso-hegyi-befuto\/#breadcrumb\"},\"inLanguage\":\"hu\",\"potentialAction\":[{\"@type\":\"ReadAction\",\"target\":[\"https:\/\/www.welovecycling.com\/hu\/orszaguti-kerekpar\/la-vuelta-femenina-7-szakasz-730-kilometeres-utvonal-es-egy-vegso-hegyi-befuto\/\"]}]},{\"@type\":\"ImageObject\",\"inLanguage\":\"hu\",\"@id\":\"https:\/\/www.welovecycling.com\/hu\/orszaguti-kerekpar\/la-vuelta-femenina-7-szakasz-730-kilometeres-utvonal-es-egy-vegso-hegyi-befuto\/#primaryimage\",\"url\":\"https:\/\/d2p6e6u75xmxt8.cloudfront.net\/12\/2023\/03\/ezgif.com-webp-to-jpg-4.webp\",\"contentUrl\":\"https:\/\/d2p6e6u75xmxt8.cloudfront.net\/12\/2023\/03\/ezgif.com-webp-to-jpg-4.webp\",\"width\":990,\"height\":660},{\"@type\":\"BreadcrumbList\",\"@id\":\"https:\/\/www.welovecycling.com\/hu\/orszaguti-kerekpar\/la-vuelta-femenina-7-szakasz-730-kilometeres-utvonal-es-egy-vegso-hegyi-befuto\/#breadcrumb\",\"itemListElement\":[{\"@type\":\"ListItem\",\"position\":1,\"name\":\"Home\",\"item\":\"https:\/\/www.welovecycling.com\/hu\/\"},{\"@type\":\"ListItem\",\"position\":2,\"name\":\"La Vuelta Femenina: 7 szakasz, 730 kilom\u00e9teres \u00fatvonal \u00e9s egy v\u00e9gs\u0151 hegyi befut\u00f3\"}]},{\"@type\":\"WebSite\",\"@id\":\"https:\/\/www.welovecycling.com\/hu\/#website\",\"url\":\"https:\/\/www.welovecycling.com\/hu\/\",\"name\":\"\u0160koda We Love Cycling - Magyarorsz\u00e1g\",\"description\":\"\u0160koda WeLoveCycling\",\"potentialAction\":[{\"@type\":\"SearchAction\",\"target\":{\"@type\":\"EntryPoint\",\"urlTemplate\":\"https:\/\/www.welovecycling.com\/hu\/?s={search_term_string}\"},\"query-input\":{\"@type\":\"PropertyValueSpecification\",\"valueRequired\":true,\"valueName\":\"search_term_string\"}}],\"inLanguage\":\"hu\"},{\"@type\":\"Person\",\"@id\":\"https:\/\/www.welovecycling.com\/hu\/#\/schema\/person\/bec7dcdbcc59f58489cf603e4040ced1\",\"name\":\"kitti\",\"image\":{\"@type\":\"ImageObject\",\"inLanguage\":\"hu\",\"@id\":\"https:\/\/www.welovecycling.com\/hu\/#\/schema\/person\/image\/\",\"url\":\"https:\/\/secure.gravatar.com\/avatar\/e3196a110e1b57b96f56d92d10ce9bb4e9d7210076832a16243337e949410b52?s=96&d=mm&r=g\",\"contentUrl\":\"https:\/\/secure.gravatar.com\/avatar\/e3196a110e1b57b96f56d92d10ce9bb4e9d7210076832a16243337e949410b52?s=96&d=mm&r=g\",\"caption\":\"kitti\"},\"url\":\"https:\/\/www.welovecycling.com\/hu\/author\/kitti\/\"}]}<\/script>\n<!-- \/ Yoast SEO Premium plugin. -->","yoast_head_json":{"title":"La Vuelta Femenina: 7 szakasz, 730 kilom\u00e9teres \u00fatvonal \u00e9s egy v\u00e9gs\u0151 hegyi befut\u00f3 - \u0160koda We Love Cycling - Magyarorsz\u00e1g","robots":{"index":"index","follow":"follow","max-snippet":"max-snippet:-1","max-image-preview":"max-image-preview:large","max-video-preview":"max-video-preview:-1"},"canonical":"https:\/\/www.welovecycling.com\/hu\/orszaguti-kerekpar\/la-vuelta-femenina-7-szakasz-730-kilometeres-utvonal-es-egy-vegso-hegyi-befuto\/","og_locale":"hu_HU","og_type":"article","og_title":"La Vuelta Femenina: 7 szakasz, 730 kilom\u00e9teres \u00fatvonal \u00e9s egy v\u00e9gs\u0151 hegyi befut\u00f3","og_description":"A spanyol verseny m\u00e1jus 1-j\u00e9n a Costa Blanca melletti Torrevieja v\u00e1ros\u00e1b\u00f3l indul \u00e9s m\u00e1jus 7-\u00e9n Lagos de Covadonga-ban \u00e9r v\u00e9get. [&hellip;]","og_url":"https:\/\/www.welovecycling.com\/hu\/orszaguti-kerekpar\/la-vuelta-femenina-7-szakasz-730-kilometeres-utvonal-es-egy-vegso-hegyi-befuto\/","og_site_name":"\u0160koda We Love Cycling - Magyarorsz\u00e1g","article_publisher":"https:\/\/www.facebook.com\/WeLoveCyclingHungary\/","article_published_time":"2023-03-02T10:57:31+00:00","og_image":[{"width":990,"height":660,"url":"https:\/\/d2p6e6u75xmxt8.cloudfront.net\/12\/2023\/03\/ezgif.com-webp-to-jpg-4.webp","type":"image\/webp"}],"author":"kitti","twitter_card":"summary_large_image","twitter_misc":{"Written by":"We Love Cycling","Est. reading time":"3 minutes"},"schema":{"@context":"https:\/\/schema.org","@graph":[{"@type":"WebPage","@id":"https:\/\/www.welovecycling.com\/hu\/orszaguti-kerekpar\/la-vuelta-femenina-7-szakasz-730-kilometeres-utvonal-es-egy-vegso-hegyi-befuto\/","url":"https:\/\/www.welovecycling.com\/hu\/orszaguti-kerekpar\/la-vuelta-femenina-7-szakasz-730-kilometeres-utvonal-es-egy-vegso-hegyi-befuto\/","name":"La Vuelta Femenina: 7 szakasz, 730 kilom\u00e9teres \u00fatvonal \u00e9s egy v\u00e9gs\u0151 hegyi befut\u00f3 - \u0160koda We Love Cycling - Magyarorsz\u00e1g","isPartOf":{"@id":"https:\/\/www.welovecycling.com\/hu\/#website"},"primaryImageOfPage":{"@id":"https:\/\/www.welovecycling.com\/hu\/orszaguti-kerekpar\/la-vuelta-femenina-7-szakasz-730-kilometeres-utvonal-es-egy-vegso-hegyi-befuto\/#primaryimage"},"image":{"@id":"https:\/\/www.welovecycling.com\/hu\/orszaguti-kerekpar\/la-vuelta-femenina-7-szakasz-730-kilometeres-utvonal-es-egy-vegso-hegyi-befuto\/#primaryimage"},"thumbnailUrl":"https:\/\/d2p6e6u75xmxt8.cloudfront.net\/12\/2023\/03\/ezgif.com-webp-to-jpg-4.webp","datePublished":"2023-03-02T10:57:31+00:00","author":{"@id":"https:\/\/www.welovecycling.com\/hu\/#\/schema\/person\/bec7dcdbcc59f58489cf603e4040ced1"},"breadcrumb":{"@id":"https:\/\/www.welovecycling.com\/hu\/orszaguti-kerekpar\/la-vuelta-femenina-7-szakasz-730-kilometeres-utvonal-es-egy-vegso-hegyi-befuto\/#breadcrumb"},"inLanguage":"hu","potentialAction":[{"@type":"ReadAction","target":["https:\/\/www.welovecycling.com\/hu\/orszaguti-kerekpar\/la-vuelta-femenina-7-szakasz-730-kilometeres-utvonal-es-egy-vegso-hegyi-befuto\/"]}]},{"@type":"ImageObject","inLanguage":"hu","@id":"https:\/\/www.welovecycling.com\/hu\/orszaguti-kerekpar\/la-vuelta-femenina-7-szakasz-730-kilometeres-utvonal-es-egy-vegso-hegyi-befuto\/#primaryimage","url":"https:\/\/d2p6e6u75xmxt8.cloudfront.net\/12\/2023\/03\/ezgif.com-webp-to-jpg-4.webp","contentUrl":"https:\/\/d2p6e6u75xmxt8.cloudfront.net\/12\/2023\/03\/ezgif.com-webp-to-jpg-4.webp","width":990,"height":660},{"@type":"BreadcrumbList","@id":"https:\/\/www.welovecycling.com\/hu\/orszaguti-kerekpar\/la-vuelta-femenina-7-szakasz-730-kilometeres-utvonal-es-egy-vegso-hegyi-befuto\/#breadcrumb","itemListElement":[{"@type":"ListItem","position":1,"name":"Home","item":"https:\/\/www.welovecycling.com\/hu\/"},{"@type":"ListItem","position":2,"name":"La Vuelta Femenina: 7 szakasz, 730 kilom\u00e9teres \u00fatvonal \u00e9s egy v\u00e9gs\u0151 hegyi befut\u00f3"}]},{"@type":"WebSite","@id":"https:\/\/www.welovecycling.com\/hu\/#website","url":"https:\/\/www.welovecycling.com\/hu\/","name":"\u0160koda We Love Cycling - Magyarorsz\u00e1g","description":"\u0160koda WeLoveCycling","potentialAction":[{"@type":"SearchAction","target":{"@type":"EntryPoint","urlTemplate":"https:\/\/www.welovecycling.com\/hu\/?s={search_term_string}"},"query-input":{"@type":"PropertyValueSpecification","valueRequired":true,"valueName":"search_term_string"}}],"inLanguage":"hu"},{"@type":"Person","@id":"https:\/\/www.welovecycling.com\/hu\/#\/schema\/person\/bec7dcdbcc59f58489cf603e4040ced1","name":"kitti","image":{"@type":"ImageObject","inLanguage":"hu","@id":"https:\/\/www.welovecycling.com\/hu\/#\/schema\/person\/image\/","url":"https:\/\/secure.gravatar.com\/avatar\/e3196a110e1b57b96f56d92d10ce9bb4e9d7210076832a16243337e949410b52?s=96&d=mm&r=g","contentUrl":"https:\/\/secure.gravatar.com\/avatar\/e3196a110e1b57b96f56d92d10ce9bb4e9d7210076832a16243337e949410b52?s=96&d=mm&r=g","caption":"kitti"},"url":"https:\/\/www.welovecycling.com\/hu\/author\/kitti\/"}]}},"_links":{"self":[{"href":"https:\/\/www.welovecycling.com\/hu\/wp-json\/wp\/v2\/posts\/17073","targetHints":{"allow":["GET"]}}],"collection":[{"href":"https:\/\/www.welovecycling.com\/hu\/wp-json\/wp\/v2\/posts"}],"about":[{"href":"https:\/\/www.welovecycling.com\/hu\/wp-json\/wp\/v2\/types\/post"}],"author":[{"embeddable":true,"href":"https:\/\/www.welovecycling.com\/hu\/wp-json\/wp\/v2\/users\/145"}],"replies":[{"embeddable":true,"href":"https:\/\/www.welovecycling.com\/hu\/wp-json\/wp\/v2\/comments?post=17073"}],"version-history":[{"count":2,"href":"https:\/\/www.welovecycling.com\/hu\/wp-json\/wp\/v2\/posts\/17073\/revisions"}],"predecessor-version":[{"id":17084,"href":"https:\/\/www.welovecycling.com\/hu\/wp-json\/wp\/v2\/posts\/17073\/revisions\/17084"}],"wp:featuredmedia":[{"embeddable":true,"href":"https:\/\/www.welovecycling.com\/hu\/wp-json\/wp\/v2\/media\/17082"}],"wp:attachment":[{"href":"https:\/\/www.welovecycling.com\/hu\/wp-json\/wp\/v2\/media?parent=17073"}],"wp:term":[{"taxonomy":"category","embeddable":true,"href":"https:\/\/www.welovecycling.com\/hu\/wp-json\/wp\/v2\/categories?post=17073"},{"taxonomy":"post_tag","embeddable":true,"href":"https:\/\/www.welovecycling.com\/hu\/wp-json\/wp\/v2\/tags?post=17073"},{"taxonomy":"global-categories","embeddable":true,"href":"https:\/\/www.welovecycling.com\/hu\/wp-json\/wp\/v2\/global-categories?post=17073"}],"curies":[{"name":"wp","href":"https:\/\/api.w.org\/{rel}","templated":true}]}}