{"id":17047,"date":"2023-03-01T08:00:46","date_gmt":"2023-03-01T06:00:46","guid":{"rendered":"https:\/\/www.welovecycling.com\/hu\/?p=17047"},"modified":"2023-02-27T15:28:15","modified_gmt":"2023-02-27T13:28:15","slug":"az-ineos-grenadiers-bernal-legujabb-seruleserol-bizunk-benne-hogy-nehany-het-mulva-mar-ujra-versenyezhet","status":"publish","type":"post","link":"https:\/\/www.welovecycling.com\/hu\/orszaguti-kerekpar\/az-ineos-grenadiers-bernal-legujabb-seruleserol-bizunk-benne-hogy-nehany-het-mulva-mar-ujra-versenyezhet\/","title":{"rendered":"Az Ineos Grenadiers Bernal leg\u00fajabb s\u00e9r\u00fcl\u00e9s\u00e9r\u0151l: B\u00edzunk benne, hogy n\u00e9h\u00e1ny h\u00e9t m\u00falva m\u00e1r \u00fajra versenyezhet"},"content":{"rendered":"<p><strong>A kolumbiai versenyz\u0151 t\u00e9rds\u00e9r\u00fcl\u00e9se miatt k\u00e9nyszer\u00fclt feladni a Vuelta a San Juant, majd a Ruta del Sol-t\u00f3l is visszal\u00e9pett. \u00dagy t\u0171nik, m\u00e9g egy kicsit v\u00e1rnunk kell, hogy l\u00e1thassuk Bernal \u00e9s Tadej Poga\u010dar \u00f6sszecsap\u00e1s\u00e1t. Erre legkor\u00e1bban val\u00f3sz\u00edn\u0171leg a hamarosan esed\u00e9kes P\u00e1rizs-Nizz\u00e1n ker\u00fclhet sor. <\/strong><\/p>\n<p><!--more--><\/p>\n<p>Az Ineos Grenadiers sz\u00f3viv\u0151je \u00edgy nyilatkozott a a Cyclingnews-nak:<em> &#8220;Egan bal t\u00e9rde m\u00e9g mindig nem 100%-os. B\u00e1rmennyire is szeretne versenyezni, nincs \u00e9rtelme kock\u00e1ztatni.&#8221;<\/em><\/p>\n<p><em>&#8220;B\u00edzunk benne, hogy n\u00e9h\u00e1ny h\u00e9t m\u00falva m\u00e1r \u00fajra versenyezhet.&#8221;<\/em><\/p>\n<div class=\"embed-controller-wrapper\">\n<blockquote class=\"twitter-tweet\" data-width=\"500\" data-dnt=\"true\">\n<p lang=\"en\" dir=\"ltr\">We&#39;re underway at <a href=\"https:\/\/twitter.com\/hashtag\/69RDS?src=hash&amp;ref_src=twsrc%5Etfw\">#69RDS<\/a>, with stage 1\u20e3 set to be a gruelling GC test. <\/p>\n<p>Five categorised climbs (3 x Cat 1) await the Grenadiers as we race to Santiago de la Espada. <\/p>\n<p>\ud83d\udcfa Live on <a href=\"https:\/\/twitter.com\/GcnRacing?ref_src=twsrc%5Etfw\">@GcnRacing<\/a> from 13:00 BST <a href=\"https:\/\/t.co\/YWkaY8bM0k\">pic.twitter.com\/YWkaY8bM0k<\/a><\/p>\n<p>&mdash; INEOS Grenadiers (@INEOSGrenadiers) <a href=\"https:\/\/twitter.com\/INEOSGrenadiers\/status\/1625804299472146433?ref_src=twsrc%5Etfw\">February 15, 2023<\/a><\/p><\/blockquote>\n<p><script async data-src=\"https:\/\/platform.twitter.com\/widgets.js\" charset=\"utf-8\"><\/script><\/div>\n<p>rajong\u00f3kat, akik alig v\u00e1rt\u00e1k, hogy a k\u00e9t szt\u00e1r v\u00e9gre \u00fajra egym\u00e1s ellen versenyezzen. Ha ez meg is t\u00f6rt\u00e9nik a P\u00e1rizs-Nizz\u00e1n, biztos, hogy nem ez lesz a verseny egyetlen izgalmas pillanata, ugyanis er\u0151s mez\u0151ny gy\u0171lt \u00f6ssze. Jelen lesz m\u00e9g a Tour de France c\u00edmv\u00e9d\u0151je, Jonas Vingegaard (Jumbo-Visma), Simon Yates (Jayco AlUla) \u00e9s Romain Bardet (DSM) is.<\/p>\n<p>A kolumbiai szuperszt\u00e1r karrierj\u00e9t az elm\u00falt \u00e9vekben s\u00e9r\u00fcl\u00e9sek tark\u00edtott\u00e1k. Hossz\u00fa ideig elh\u00faz\u00f3d\u00f3 h\u00e1tprobl\u00e9m\u00e1i ut\u00e1n tavaly janu\u00e1rban egy busznak \u00fctk\u00f6z\u00f6tt, melynek k\u00f6vetkezt\u00e9ben h\u00fasz csontt\u00f6r\u00e9st szenvedett, \u00e9s h\u00e9t k\u00fcl\u00f6nb\u00f6z\u0151 m\u0171t\u00e9tre volt sz\u00fcks\u00e9ge. B\u00e1r k\u00e9s\u0151bb visszat\u00e9rt a versenyz\u00e9shez, csak kisebb futamokon vett r\u00e9szt. Az idei szezonban viszont m\u00e1r a Tour de France a c\u00e9lja.<\/p>\n","protected":false},"excerpt":{"rendered":"<p>A kolumbiai versenyz\u0151 t\u00e9rds\u00e9r\u00fcl\u00e9se miatt k\u00e9nyszer\u00fclt feladni a Vuelta a San Juant, majd a Ruta del Sol-t\u00f3l is visszal\u00e9pett. \u00dagy [&hellip;]<\/p>\n","protected":false},"author":71,"featured_media":17049,"comment_status":"open","ping_status":"open","sticky":false,"template":"","format":"standard","meta":{"footnotes":""},"categories":[8],"tags":[],"global-categories":[],"class_list":["post-17047","post","type-post","status-publish","format-standard","has-post-thumbnail","hentry","category-orszaguti-kerekpar"],"yoast_head":"<!-- This site is optimized with the Yoast SEO Premium plugin v25.3 (Yoast SEO v25.9) - https:\/\/yoast.com\/wordpress\/plugins\/seo\/ -->\n<title>Az Ineos Grenadiers Bernal leg\u00fajabb s\u00e9r\u00fcl\u00e9s\u00e9r\u0151l: B\u00edzunk benne, hogy n\u00e9h\u00e1ny h\u00e9t m\u00falva m\u00e1r \u00fajra versenyezhet<\/title>\n<meta name=\"description\" content=\"A kolumbiai versenyz\u0151 t\u00e9rds\u00e9r\u00fcl\u00e9se miatt k\u00e9nyszer\u00fclt feladni a Vuelta a San Juant, majd a Ruta del Sol-t\u00f3l is visszal\u00e9pett. \u00dagy t\u0171nik, m\u00e9g egy kicsit v\u00e1rnunk kell, hogy l\u00e1thassuk Bernal \u00e9s Tadej Poga\u010dar \u00f6sszecsap\u00e1s\u00e1t. Erre legkor\u00e1bban val\u00f3sz\u00edn\u0171leg a hamarosan esed\u00e9kes P\u00e1rizs-Nizz\u00e1n ker\u00fclhet sor.\" \/>\n<meta name=\"robots\" content=\"index, follow, max-snippet:-1, max-image-preview:large, max-video-preview:-1\" \/>\n<link rel=\"canonical\" href=\"https:\/\/www.welovecycling.com\/hu\/orszaguti-kerekpar\/az-ineos-grenadiers-bernal-legujabb-seruleserol-bizunk-benne-hogy-nehany-het-mulva-mar-ujra-versenyezhet\/\" \/>\n<meta property=\"og:locale\" content=\"hu_HU\" \/>\n<meta property=\"og:type\" content=\"article\" \/>\n<meta property=\"og:title\" content=\"Az Ineos Grenadiers Bernal leg\u00fajabb s\u00e9r\u00fcl\u00e9s\u00e9r\u0151l: B\u00edzunk benne, hogy n\u00e9h\u00e1ny h\u00e9t m\u00falva m\u00e1r \u00fajra versenyezhet\" \/>\n<meta property=\"og:description\" content=\"A kolumbiai versenyz\u0151 t\u00e9rds\u00e9r\u00fcl\u00e9se miatt k\u00e9nyszer\u00fclt feladni a Vuelta a San Juant, majd a Ruta del Sol-t\u00f3l is visszal\u00e9pett. \u00dagy t\u0171nik, m\u00e9g egy kicsit v\u00e1rnunk kell, hogy l\u00e1thassuk Bernal \u00e9s Tadej Poga\u010dar \u00f6sszecsap\u00e1s\u00e1t. Erre legkor\u00e1bban val\u00f3sz\u00edn\u0171leg a hamarosan esed\u00e9kes P\u00e1rizs-Nizz\u00e1n ker\u00fclhet sor.\" \/>\n<meta property=\"og:url\" content=\"https:\/\/www.welovecycling.com\/hu\/orszaguti-kerekpar\/az-ineos-grenadiers-bernal-legujabb-seruleserol-bizunk-benne-hogy-nehany-het-mulva-mar-ujra-versenyezhet\/\" \/>\n<meta property=\"og:site_name\" content=\"\u0160koda We Love Cycling - Magyarorsz\u00e1g\" \/>\n<meta property=\"article:publisher\" content=\"https:\/\/www.facebook.com\/WeLoveCyclingHungary\/\" \/>\n<meta property=\"article:published_time\" content=\"2023-03-01T06:00:46+00:00\" \/>\n<meta property=\"og:image\" content=\"https:\/\/d2p6e6u75xmxt8.cloudfront.net\/12\/2023\/02\/Egan-Bernal-profimedia-0714608622-CVR.webp\" \/>\n\t<meta property=\"og:image:width\" content=\"990\" \/>\n\t<meta property=\"og:image:height\" content=\"660\" \/>\n\t<meta property=\"og:image:type\" content=\"image\/webp\" \/>\n<meta name=\"author\" content=\"hegyizs\" \/>\n<meta name=\"twitter:card\" content=\"summary_large_image\" \/>\n<meta name=\"twitter:label1\" content=\"Written by\" \/>\n\t<meta name=\"twitter:data1\" content=\"Monica Buck\" \/>\n\t<meta name=\"twitter:label2\" content=\"Est. reading time\" \/>\n\t<meta name=\"twitter:data2\" content=\"4\" \/>\n<script type=\"application\/ld+json\" class=\"yoast-schema-graph\">{\"@context\":\"https:\/\/schema.org\",\"@graph\":[{\"@type\":\"WebPage\",\"@id\":\"https:\/\/www.welovecycling.com\/hu\/orszaguti-kerekpar\/az-ineos-grenadiers-bernal-legujabb-seruleserol-bizunk-benne-hogy-nehany-het-mulva-mar-ujra-versenyezhet\/\",\"url\":\"https:\/\/www.welovecycling.com\/hu\/orszaguti-kerekpar\/az-ineos-grenadiers-bernal-legujabb-seruleserol-bizunk-benne-hogy-nehany-het-mulva-mar-ujra-versenyezhet\/\",\"name\":\"Az Ineos Grenadiers Bernal leg\u00fajabb s\u00e9r\u00fcl\u00e9s\u00e9r\u0151l: B\u00edzunk benne, hogy n\u00e9h\u00e1ny h\u00e9t m\u00falva m\u00e1r \u00fajra versenyezhet\",\"isPartOf\":{\"@id\":\"https:\/\/www.welovecycling.com\/hu\/#website\"},\"primaryImageOfPage\":{\"@id\":\"https:\/\/www.welovecycling.com\/hu\/orszaguti-kerekpar\/az-ineos-grenadiers-bernal-legujabb-seruleserol-bizunk-benne-hogy-nehany-het-mulva-mar-ujra-versenyezhet\/#primaryimage\"},\"image\":{\"@id\":\"https:\/\/www.welovecycling.com\/hu\/orszaguti-kerekpar\/az-ineos-grenadiers-bernal-legujabb-seruleserol-bizunk-benne-hogy-nehany-het-mulva-mar-ujra-versenyezhet\/#primaryimage\"},\"thumbnailUrl\":\"https:\/\/d2p6e6u75xmxt8.cloudfront.net\/12\/2023\/02\/Egan-Bernal-profimedia-0714608622-CVR.webp\",\"datePublished\":\"2023-03-01T06:00:46+00:00\",\"author\":{\"@id\":\"https:\/\/www.welovecycling.com\/hu\/#\/schema\/person\/414a2aebf1801691a5320edb6468e194\"},\"description\":\"A kolumbiai versenyz\u0151 t\u00e9rds\u00e9r\u00fcl\u00e9se miatt k\u00e9nyszer\u00fclt feladni a Vuelta a San Juant, majd a Ruta del Sol-t\u00f3l is visszal\u00e9pett. \u00dagy t\u0171nik, m\u00e9g egy kicsit v\u00e1rnunk kell, hogy l\u00e1thassuk Bernal \u00e9s Tadej Poga\u010dar \u00f6sszecsap\u00e1s\u00e1t. Erre legkor\u00e1bban val\u00f3sz\u00edn\u0171leg a hamarosan esed\u00e9kes P\u00e1rizs-Nizz\u00e1n ker\u00fclhet sor.\",\"breadcrumb\":{\"@id\":\"https:\/\/www.welovecycling.com\/hu\/orszaguti-kerekpar\/az-ineos-grenadiers-bernal-legujabb-seruleserol-bizunk-benne-hogy-nehany-het-mulva-mar-ujra-versenyezhet\/#breadcrumb\"},\"inLanguage\":\"hu\",\"potentialAction\":[{\"@type\":\"ReadAction\",\"target\":[\"https:\/\/www.welovecycling.com\/hu\/orszaguti-kerekpar\/az-ineos-grenadiers-bernal-legujabb-seruleserol-bizunk-benne-hogy-nehany-het-mulva-mar-ujra-versenyezhet\/\"]}]},{\"@type\":\"ImageObject\",\"inLanguage\":\"hu\",\"@id\":\"https:\/\/www.welovecycling.com\/hu\/orszaguti-kerekpar\/az-ineos-grenadiers-bernal-legujabb-seruleserol-bizunk-benne-hogy-nehany-het-mulva-mar-ujra-versenyezhet\/#primaryimage\",\"url\":\"https:\/\/d2p6e6u75xmxt8.cloudfront.net\/12\/2023\/02\/Egan-Bernal-profimedia-0714608622-CVR.webp\",\"contentUrl\":\"https:\/\/d2p6e6u75xmxt8.cloudfront.net\/12\/2023\/02\/Egan-Bernal-profimedia-0714608622-CVR.webp\",\"width\":990,\"height\":660,\"caption\":\"Egan Bernal\"},{\"@type\":\"BreadcrumbList\",\"@id\":\"https:\/\/www.welovecycling.com\/hu\/orszaguti-kerekpar\/az-ineos-grenadiers-bernal-legujabb-seruleserol-bizunk-benne-hogy-nehany-het-mulva-mar-ujra-versenyezhet\/#breadcrumb\",\"itemListElement\":[{\"@type\":\"ListItem\",\"position\":1,\"name\":\"Home\",\"item\":\"https:\/\/www.welovecycling.com\/hu\/\"},{\"@type\":\"ListItem\",\"position\":2,\"name\":\"Az Ineos Grenadiers Bernal leg\u00fajabb s\u00e9r\u00fcl\u00e9s\u00e9r\u0151l: B\u00edzunk benne, hogy n\u00e9h\u00e1ny h\u00e9t m\u00falva m\u00e1r \u00fajra versenyezhet\"}]},{\"@type\":\"WebSite\",\"@id\":\"https:\/\/www.welovecycling.com\/hu\/#website\",\"url\":\"https:\/\/www.welovecycling.com\/hu\/\",\"name\":\"\u0160koda We Love Cycling - Magyarorsz\u00e1g\",\"description\":\"\u0160koda WeLoveCycling\",\"potentialAction\":[{\"@type\":\"SearchAction\",\"target\":{\"@type\":\"EntryPoint\",\"urlTemplate\":\"https:\/\/www.welovecycling.com\/hu\/?s={search_term_string}\"},\"query-input\":{\"@type\":\"PropertyValueSpecification\",\"valueRequired\":true,\"valueName\":\"search_term_string\"}}],\"inLanguage\":\"hu\"},{\"@type\":\"Person\",\"@id\":\"https:\/\/www.welovecycling.com\/hu\/#\/schema\/person\/414a2aebf1801691a5320edb6468e194\",\"name\":\"hegyizs\",\"image\":{\"@type\":\"ImageObject\",\"inLanguage\":\"hu\",\"@id\":\"https:\/\/www.welovecycling.com\/hu\/#\/schema\/person\/image\/\",\"url\":\"https:\/\/secure.gravatar.com\/avatar\/02cf8a7906b8cf90cecb4679defac7cfd33a1c2e3b88e4903d947f3bb58eedd3?s=96&d=mm&r=g\",\"contentUrl\":\"https:\/\/secure.gravatar.com\/avatar\/02cf8a7906b8cf90cecb4679defac7cfd33a1c2e3b88e4903d947f3bb58eedd3?s=96&d=mm&r=g\",\"caption\":\"hegyizs\"},\"url\":\"https:\/\/www.welovecycling.com\/hu\/author\/hegyizs\/\"}]}<\/script>\n<!-- \/ Yoast SEO Premium plugin. -->","yoast_head_json":{"title":"Az Ineos Grenadiers Bernal leg\u00fajabb s\u00e9r\u00fcl\u00e9s\u00e9r\u0151l: B\u00edzunk benne, hogy n\u00e9h\u00e1ny h\u00e9t m\u00falva m\u00e1r \u00fajra versenyezhet","description":"A kolumbiai versenyz\u0151 t\u00e9rds\u00e9r\u00fcl\u00e9se miatt k\u00e9nyszer\u00fclt feladni a Vuelta a San Juant, majd a Ruta del Sol-t\u00f3l is visszal\u00e9pett. \u00dagy t\u0171nik, m\u00e9g egy kicsit v\u00e1rnunk kell, hogy l\u00e1thassuk Bernal \u00e9s Tadej Poga\u010dar \u00f6sszecsap\u00e1s\u00e1t. Erre legkor\u00e1bban val\u00f3sz\u00edn\u0171leg a hamarosan esed\u00e9kes P\u00e1rizs-Nizz\u00e1n ker\u00fclhet sor.","robots":{"index":"index","follow":"follow","max-snippet":"max-snippet:-1","max-image-preview":"max-image-preview:large","max-video-preview":"max-video-preview:-1"},"canonical":"https:\/\/www.welovecycling.com\/hu\/orszaguti-kerekpar\/az-ineos-grenadiers-bernal-legujabb-seruleserol-bizunk-benne-hogy-nehany-het-mulva-mar-ujra-versenyezhet\/","og_locale":"hu_HU","og_type":"article","og_title":"Az Ineos Grenadiers Bernal leg\u00fajabb s\u00e9r\u00fcl\u00e9s\u00e9r\u0151l: B\u00edzunk benne, hogy n\u00e9h\u00e1ny h\u00e9t m\u00falva m\u00e1r \u00fajra versenyezhet","og_description":"A kolumbiai versenyz\u0151 t\u00e9rds\u00e9r\u00fcl\u00e9se miatt k\u00e9nyszer\u00fclt feladni a Vuelta a San Juant, majd a Ruta del Sol-t\u00f3l is visszal\u00e9pett. \u00dagy t\u0171nik, m\u00e9g egy kicsit v\u00e1rnunk kell, hogy l\u00e1thassuk Bernal \u00e9s Tadej Poga\u010dar \u00f6sszecsap\u00e1s\u00e1t. Erre legkor\u00e1bban val\u00f3sz\u00edn\u0171leg a hamarosan esed\u00e9kes P\u00e1rizs-Nizz\u00e1n ker\u00fclhet sor.","og_url":"https:\/\/www.welovecycling.com\/hu\/orszaguti-kerekpar\/az-ineos-grenadiers-bernal-legujabb-seruleserol-bizunk-benne-hogy-nehany-het-mulva-mar-ujra-versenyezhet\/","og_site_name":"\u0160koda We Love Cycling - Magyarorsz\u00e1g","article_publisher":"https:\/\/www.facebook.com\/WeLoveCyclingHungary\/","article_published_time":"2023-03-01T06:00:46+00:00","og_image":[{"width":990,"height":660,"url":"https:\/\/d2p6e6u75xmxt8.cloudfront.net\/12\/2023\/02\/Egan-Bernal-profimedia-0714608622-CVR.webp","type":"image\/webp"}],"author":"hegyizs","twitter_card":"summary_large_image","twitter_misc":{"Written by":"Monica Buck","Est. reading time":"4"},"schema":{"@context":"https:\/\/schema.org","@graph":[{"@type":"WebPage","@id":"https:\/\/www.welovecycling.com\/hu\/orszaguti-kerekpar\/az-ineos-grenadiers-bernal-legujabb-seruleserol-bizunk-benne-hogy-nehany-het-mulva-mar-ujra-versenyezhet\/","url":"https:\/\/www.welovecycling.com\/hu\/orszaguti-kerekpar\/az-ineos-grenadiers-bernal-legujabb-seruleserol-bizunk-benne-hogy-nehany-het-mulva-mar-ujra-versenyezhet\/","name":"Az Ineos Grenadiers Bernal leg\u00fajabb s\u00e9r\u00fcl\u00e9s\u00e9r\u0151l: B\u00edzunk benne, hogy n\u00e9h\u00e1ny h\u00e9t m\u00falva m\u00e1r \u00fajra versenyezhet","isPartOf":{"@id":"https:\/\/www.welovecycling.com\/hu\/#website"},"primaryImageOfPage":{"@id":"https:\/\/www.welovecycling.com\/hu\/orszaguti-kerekpar\/az-ineos-grenadiers-bernal-legujabb-seruleserol-bizunk-benne-hogy-nehany-het-mulva-mar-ujra-versenyezhet\/#primaryimage"},"image":{"@id":"https:\/\/www.welovecycling.com\/hu\/orszaguti-kerekpar\/az-ineos-grenadiers-bernal-legujabb-seruleserol-bizunk-benne-hogy-nehany-het-mulva-mar-ujra-versenyezhet\/#primaryimage"},"thumbnailUrl":"https:\/\/d2p6e6u75xmxt8.cloudfront.net\/12\/2023\/02\/Egan-Bernal-profimedia-0714608622-CVR.webp","datePublished":"2023-03-01T06:00:46+00:00","author":{"@id":"https:\/\/www.welovecycling.com\/hu\/#\/schema\/person\/414a2aebf1801691a5320edb6468e194"},"description":"A kolumbiai versenyz\u0151 t\u00e9rds\u00e9r\u00fcl\u00e9se miatt k\u00e9nyszer\u00fclt feladni a Vuelta a San Juant, majd a Ruta del Sol-t\u00f3l is visszal\u00e9pett. \u00dagy t\u0171nik, m\u00e9g egy kicsit v\u00e1rnunk kell, hogy l\u00e1thassuk Bernal \u00e9s Tadej Poga\u010dar \u00f6sszecsap\u00e1s\u00e1t. Erre legkor\u00e1bban val\u00f3sz\u00edn\u0171leg a hamarosan esed\u00e9kes P\u00e1rizs-Nizz\u00e1n ker\u00fclhet sor.","breadcrumb":{"@id":"https:\/\/www.welovecycling.com\/hu\/orszaguti-kerekpar\/az-ineos-grenadiers-bernal-legujabb-seruleserol-bizunk-benne-hogy-nehany-het-mulva-mar-ujra-versenyezhet\/#breadcrumb"},"inLanguage":"hu","potentialAction":[{"@type":"ReadAction","target":["https:\/\/www.welovecycling.com\/hu\/orszaguti-kerekpar\/az-ineos-grenadiers-bernal-legujabb-seruleserol-bizunk-benne-hogy-nehany-het-mulva-mar-ujra-versenyezhet\/"]}]},{"@type":"ImageObject","inLanguage":"hu","@id":"https:\/\/www.welovecycling.com\/hu\/orszaguti-kerekpar\/az-ineos-grenadiers-bernal-legujabb-seruleserol-bizunk-benne-hogy-nehany-het-mulva-mar-ujra-versenyezhet\/#primaryimage","url":"https:\/\/d2p6e6u75xmxt8.cloudfront.net\/12\/2023\/02\/Egan-Bernal-profimedia-0714608622-CVR.webp","contentUrl":"https:\/\/d2p6e6u75xmxt8.cloudfront.net\/12\/2023\/02\/Egan-Bernal-profimedia-0714608622-CVR.webp","width":990,"height":660,"caption":"Egan Bernal"},{"@type":"BreadcrumbList","@id":"https:\/\/www.welovecycling.com\/hu\/orszaguti-kerekpar\/az-ineos-grenadiers-bernal-legujabb-seruleserol-bizunk-benne-hogy-nehany-het-mulva-mar-ujra-versenyezhet\/#breadcrumb","itemListElement":[{"@type":"ListItem","position":1,"name":"Home","item":"https:\/\/www.welovecycling.com\/hu\/"},{"@type":"ListItem","position":2,"name":"Az Ineos Grenadiers Bernal leg\u00fajabb s\u00e9r\u00fcl\u00e9s\u00e9r\u0151l: B\u00edzunk benne, hogy n\u00e9h\u00e1ny h\u00e9t m\u00falva m\u00e1r \u00fajra versenyezhet"}]},{"@type":"WebSite","@id":"https:\/\/www.welovecycling.com\/hu\/#website","url":"https:\/\/www.welovecycling.com\/hu\/","name":"\u0160koda We Love Cycling - Magyarorsz\u00e1g","description":"\u0160koda WeLoveCycling","potentialAction":[{"@type":"SearchAction","target":{"@type":"EntryPoint","urlTemplate":"https:\/\/www.welovecycling.com\/hu\/?s={search_term_string}"},"query-input":{"@type":"PropertyValueSpecification","valueRequired":true,"valueName":"search_term_string"}}],"inLanguage":"hu"},{"@type":"Person","@id":"https:\/\/www.welovecycling.com\/hu\/#\/schema\/person\/414a2aebf1801691a5320edb6468e194","name":"hegyizs","image":{"@type":"ImageObject","inLanguage":"hu","@id":"https:\/\/www.welovecycling.com\/hu\/#\/schema\/person\/image\/","url":"https:\/\/secure.gravatar.com\/avatar\/02cf8a7906b8cf90cecb4679defac7cfd33a1c2e3b88e4903d947f3bb58eedd3?s=96&d=mm&r=g","contentUrl":"https:\/\/secure.gravatar.com\/avatar\/02cf8a7906b8cf90cecb4679defac7cfd33a1c2e3b88e4903d947f3bb58eedd3?s=96&d=mm&r=g","caption":"hegyizs"},"url":"https:\/\/www.welovecycling.com\/hu\/author\/hegyizs\/"}]}},"_links":{"self":[{"href":"https:\/\/www.welovecycling.com\/hu\/wp-json\/wp\/v2\/posts\/17047","targetHints":{"allow":["GET"]}}],"collection":[{"href":"https:\/\/www.welovecycling.com\/hu\/wp-json\/wp\/v2\/posts"}],"about":[{"href":"https:\/\/www.welovecycling.com\/hu\/wp-json\/wp\/v2\/types\/post"}],"author":[{"embeddable":true,"href":"https:\/\/www.welovecycling.com\/hu\/wp-json\/wp\/v2\/users\/71"}],"replies":[{"embeddable":true,"href":"https:\/\/www.welovecycling.com\/hu\/wp-json\/wp\/v2\/comments?post=17047"}],"version-history":[{"count":1,"href":"https:\/\/www.welovecycling.com\/hu\/wp-json\/wp\/v2\/posts\/17047\/revisions"}],"predecessor-version":[{"id":17050,"href":"https:\/\/www.welovecycling.com\/hu\/wp-json\/wp\/v2\/posts\/17047\/revisions\/17050"}],"wp:featuredmedia":[{"embeddable":true,"href":"https:\/\/www.welovecycling.com\/hu\/wp-json\/wp\/v2\/media\/17049"}],"wp:attachment":[{"href":"https:\/\/www.welovecycling.com\/hu\/wp-json\/wp\/v2\/media?parent=17047"}],"wp:term":[{"taxonomy":"category","embeddable":true,"href":"https:\/\/www.welovecycling.com\/hu\/wp-json\/wp\/v2\/categories?post=17047"},{"taxonomy":"post_tag","embeddable":true,"href":"https:\/\/www.welovecycling.com\/hu\/wp-json\/wp\/v2\/tags?post=17047"},{"taxonomy":"global-categories","embeddable":true,"href":"https:\/\/www.welovecycling.com\/hu\/wp-json\/wp\/v2\/global-categories?post=17047"}],"curies":[{"name":"wp","href":"https:\/\/api.w.org\/{rel}","templated":true}]}}