{"id":17036,"date":"2023-02-24T14:26:29","date_gmt":"2023-02-24T12:26:29","guid":{"rendered":"https:\/\/www.welovecycling.com\/hu\/?p=17036"},"modified":"2023-02-24T14:26:29","modified_gmt":"2023-02-24T12:26:29","slug":"suru-het-volt-jon-az-emirates-sztarcsapata-mig-valter-attila-nyito-versenyet-elvitte-a-hovihar","status":"publish","type":"post","link":"https:\/\/www.welovecycling.com\/hu\/orszaguti-kerekpar\/suru-het-volt-jon-az-emirates-sztarcsapata-mig-valter-attila-nyito-versenyet-elvitte-a-hovihar\/","title":{"rendered":"S\u0171r\u0171 h\u00e9t volt: j\u00f6n az Emirates szt\u00e1rcsapata, m\u00edg Valter Attila nyit\u00f3 verseny\u00e9t elvitte a h\u00f3vihar"},"content":{"rendered":"<p><strong>Nagyon fontos magyar vonatkoz\u00e1s\u00fa esem\u00e9nyek t\u00f6rt\u00e9ntek a m\u00f6g\u00f6tt\u00fcnk hagyott napokban az orsz\u00e1g\u00fati ker\u00e9kp\u00e1r vil\u00e1g\u00e1ban.<\/strong><!--more--><\/p>\n<p>Kezdj\u00fck is a legnagyobb bombah\u00edrrel, ami a h\u00e9t elej\u00e9n robbant: jeles\u00fcl, hogy az UAE Emirates csapata is itt lesz az idei Tour de Hongrie-n, m\u00e9ghozz\u00e1 els\u0151 alkalommal! Az orsz\u00e1g\u00fati ker\u00e9kp\u00e1rsport egyik legsikeresebb ist\u00e1ll\u00f3j\u00e1t aligha kell bemutatni b\u00e1rkinek is, hiszen egy bizonyos Tadej Pogacar \u00e9ppen eleget az elm\u00falt \u00e9vekben az\u00e9rt, hogy mindenki megismerje a csapatot. A szlov\u00e9n szuperszt\u00e1r sok egy\u00e9b mellett k\u00e9tszer is megnyerte a vil\u00e1g legnagyobb verseny\u00e9t, a Tour de France-t, hogy csak a legfontosabbat eml\u00edts\u00fck; ennek tisztelet\u00e9re m\u00e9g a csapat nev\u00e9t is ad\u00f3 f\u0151szponzor, az Egyes\u00fclt Arab Em\u00edrs\u00e9gek egyik ikonikus l\u00e1tv\u00e1nyoss\u00e1g\u00e1t, a vil\u00e1g legmagasabb \u00e9p\u00fclet\u00e9nek sz\u00e1m\u00edt\u00f3 dubaji Burzs Kalifa felh\u0151karcol\u00f3j\u00e1t is \u201ePogacarba \u00f6lt\u00f6ztett\u00e9k\u201d anno a d\u00fasgazdag arabok.<\/p>\n<p><img loading=\"lazy\" decoding=\"async\" class=\"alignnone size-large wp-image-17039\" src=\"https:\/\/d2p6e6u75xmxt8.cloudfront.net\/12\/2023\/02\/burj-khalifa-580x1024.webp\" alt=\"\" width=\"580\" height=\"1024\" srcset=\"https:\/\/d2p6e6u75xmxt8.cloudfront.net\/12\/2023\/02\/burj-khalifa-580x1024.webp 580w, https:\/\/d2p6e6u75xmxt8.cloudfront.net\/12\/2023\/02\/burj-khalifa-170x300.webp 170w, https:\/\/d2p6e6u75xmxt8.cloudfront.net\/12\/2023\/02\/burj-khalifa-768x1356.webp 768w, https:\/\/d2p6e6u75xmxt8.cloudfront.net\/12\/2023\/02\/burj-khalifa-227x400.webp 227w, https:\/\/d2p6e6u75xmxt8.cloudfront.net\/12\/2023\/02\/burj-khalifa.webp 828w\" sizes=\"auto, (max-width: 580px) 100vw, 580px\" \/><\/p>\n<p>K\u00fcl\u00f6n \u00e9rdekess\u00e9g, \u00e9s akik rendszeresen k\u00f6vetik a ker\u00e9kp\u00e1rsportot, azoknak tal\u00e1n nem is \u00fajdons\u00e1g, hogy Pogacar kor\u00e1bban m\u00e1r egyszer r\u00e9szt vett a Magyar K\u00f6rversenyen, 2017-ben m\u00e9g \u201ez\u00f6ldf\u00fcl\u0171\u201d 18 \u00e9vesk\u00e9nt a ROG-Ljubljana sz\u00edneiben, karrierje egyik els\u0151 profi viadal\u00e1n. Akkor egy neki nem annyira fekv\u0151, szinte teljesen s\u00edk profil\u00fa versenyen (az egyed\u00fcli emelked\u0151s etapon m\u00e1sodik lett) v\u00e9g\u00fcl a dobog\u00f3 harmadik fok\u00e1ra \u00e1llhatott fel Daniel Jaramillo \u00e9s Pe\u00e1k Barnab\u00e1s m\u00f6g\u00f6tt \u2013 a magyar bring\u00e1s k\u00f6r\u00f6kben az\u00f3ta is megy a tr\u00e9f\u00e1s zrika, hogy Pe\u00e1k Barna egyszer m\u00e1r legy\u0151zte a nagy Pogacart.<\/p>\n<figure id=\"attachment_17040\" aria-describedby=\"caption-attachment-17040\" style=\"width: 1024px\" class=\"wp-caption alignnone\"><img loading=\"lazy\" decoding=\"async\" class=\"size-large wp-image-17040\" src=\"https:\/\/d2p6e6u75xmxt8.cloudfront.net\/12\/2023\/02\/image-64-1676644979-1024x684.webp\" alt=\"\" width=\"1024\" height=\"684\" srcset=\"https:\/\/d2p6e6u75xmxt8.cloudfront.net\/12\/2023\/02\/image-64-1676644979-1024x684.webp 1024w, https:\/\/d2p6e6u75xmxt8.cloudfront.net\/12\/2023\/02\/image-64-1676644979-300x200.webp 300w, https:\/\/d2p6e6u75xmxt8.cloudfront.net\/12\/2023\/02\/image-64-1676644979-768x513.webp 768w, https:\/\/d2p6e6u75xmxt8.cloudfront.net\/12\/2023\/02\/image-64-1676644979-1536x1025.webp 1536w, https:\/\/d2p6e6u75xmxt8.cloudfront.net\/12\/2023\/02\/image-64-1676644979-1920x1282.webp 1920w, https:\/\/d2p6e6u75xmxt8.cloudfront.net\/12\/2023\/02\/image-64-1676644979-400x267.webp 400w, https:\/\/d2p6e6u75xmxt8.cloudfront.net\/12\/2023\/02\/image-64-1676644979-272x182.webp 272w, https:\/\/d2p6e6u75xmxt8.cloudfront.net\/12\/2023\/02\/image-64-1676644979.webp 2000w, https:\/\/d2p6e6u75xmxt8.cloudfront.net\/12\/2023\/02\/image-64-1676644979-1920x1282.webp 1920w\" sizes=\"auto, (max-width: 1024px) 100vw, 1024px\" \/><figcaption id=\"caption-attachment-17040\" class=\"wp-caption-text\">A TdH 2017-es dobog\u00f3ja, bal oldalon Pe\u00e1k Barnab\u00e1ssal, a jobbsz\u00e9len pedig az akkor m\u00e9g csak sz\u00e1rnyait bontogat\u00f3, 18 \u00e9ves Pogacarral (fot\u00f3: TDH)<\/figcaption><\/figure>\n<p>Az ugyanakkor szinte biztosnak t\u0171nik, hogy a Tour de Hongrie-ra el\u0151sz\u00f6r ell\u00e1togat\u00f3 Emirates id\u00e9n nem hozza mag\u00e1val legnagyobb nev\u00e9t. \u00c1m cs\u00fcgged\u00e9sre semmi ok, hiszen az Emirates r\u00e9szv\u00e9tele egyr\u00e9szt \u00f6nmag\u00e1ban v\u00e9ve is szenz\u00e1ci\u00f3s fegyvert\u00e9ny, m\u00e1sr\u00e9szt \u00edgy sem maradunk szt\u00e1rversenyz\u0151j\u00fck n\u00e9lk\u00fcl, hiszen az el\u0151zetes rajtlist\u00e1jukat m\u00e1ris \u00e1tk\u00fcldt\u00e9k, \u00e9s az alapj\u00e1n a sprinterekre \u00e9p\u00edt\u0151 keret\u00fck h\u00faz\u00f3emberek\u00e9nt itt lesz az a Matteo Trentin, aki mindh\u00e1rom nagy k\u00f6rversenyen, teh\u00e1t a Touron, a Gir\u00f3n \u00e9s a Vuelt\u00e1n is nyert m\u00e1r szakaszt, emellett Eur\u00f3pa-bajnok \u00e9s vil\u00e1gbajnoki ez\u00fcst\u00e9rmes mez\u0151nyversenyben. Egy biztos: egy ilyen bejelent\u00e9s ut\u00e1n csak m\u00e9g jobban v\u00e1rjuk a m\u00e1jus 10-\u00e9n elrajtol\u00f3 magyar k\u00f6rt!<\/p>\n<p>A h\u00e9t v\u00e9g\u00e9n pedig \u00fajabb, nagyon eml\u00e9kezetes fejezettel b\u0151v\u00fclt a magyar ker\u00e9kp\u00e1rsport t\u00f6rt\u00e9nete. Val\u00f3sz\u00edn\u0171leg mindenki nagyon v\u00e1rta m\u00e1r, hogy a j\u00f3l siker\u00fclt Kan\u00e1ri-szigeteki edz\u0151t\u00e1boroz\u00e1s ut\u00e1n Valter Attila \u00e9lesben is bemutatkozzon v\u00e9gre a vil\u00e1g jelenlegi tal\u00e1n legjobb csapat\u00e1ban, a Jumbo-Vism\u00e1ban \u2013 r\u00e1ad\u00e1sul mostani szobat\u00e1rs\u00e1val, a Tour-c\u00edmv\u00e9d\u0151 Jonas Vingegaard oldal\u00e1n! Nos, ez a v\u00e1rva v\u00e1rt deb\u00fct\u00e1l\u00e1s cs\u00fct\u00f6rt\u00f6k\u00f6n megvolt, \u00e9s nem is siker\u00fclhetett volna eml\u00e9kezetesebbre\u2026 A spanyolorsz\u00e1gi Gal\u00edci\u00e1ban ugyanis elk\u00e9peszt\u0151 id\u0151j\u00e1r\u00e1s uralkodott: a Gran Camino nyit\u00f3 etapj\u00e1nak a mez\u0151ny ver\u0151f\u00e9nyes naps\u00fct\u00e9sben v\u00e1ghatott neki, \u00e1m k\u00e9s\u0151bb nekikezdett esni el\u0151bb m\u00e9g csak az es\u0151, a v\u00e9gefel\u00e9 viszont m\u00e1r egy akkora h\u00f3viharba futott bele a mez\u0151ny, hogy 16 km-rel a c\u00e9l el\u0151tt t\u00f6r\u00f6lni kellett a szakaszt. A teljesen \u00e1tfagyott versenyz\u0151k besz\u00e1llhattak a csapatkocsiba, ahol megmelegedhettek kicsit, \u00e9s fejben tal\u00e1n m\u00e1r k\u00e9sz\u00fcltek a n\u00e9gynapos viadal folytat\u00e1s\u00e9ra \u2013 illetve vel\u00fcnk egy\u00fctt rem\u00e9nykedtek, hogy az m\u00e1r j\u00f3val kev\u00e9sb\u00e9 lesz majd kaotikus\u2026<\/p>\n<figure id=\"attachment_17038\" aria-describedby=\"caption-attachment-17038\" style=\"width: 1024px\" class=\"wp-caption alignnone\"><img loading=\"lazy\" decoding=\"async\" class=\"size-large wp-image-17038\" src=\"https:\/\/d2p6e6u75xmxt8.cloudfront.net\/12\/2023\/02\/332189512_1145529156074728_4390391381470730768_n-1024x576.webp\" alt=\"\" width=\"1024\" height=\"576\" srcset=\"https:\/\/d2p6e6u75xmxt8.cloudfront.net\/12\/2023\/02\/332189512_1145529156074728_4390391381470730768_n-1024x576.webp 1024w, https:\/\/d2p6e6u75xmxt8.cloudfront.net\/12\/2023\/02\/332189512_1145529156074728_4390391381470730768_n-300x169.webp 300w, https:\/\/d2p6e6u75xmxt8.cloudfront.net\/12\/2023\/02\/332189512_1145529156074728_4390391381470730768_n-768x432.webp 768w, https:\/\/d2p6e6u75xmxt8.cloudfront.net\/12\/2023\/02\/332189512_1145529156074728_4390391381470730768_n-400x225.webp 400w, https:\/\/d2p6e6u75xmxt8.cloudfront.net\/12\/2023\/02\/332189512_1145529156074728_4390391381470730768_n.webp 1098w\" sizes=\"auto, (max-width: 1024px) 100vw, 1024px\" \/><figcaption id=\"caption-attachment-17038\" class=\"wp-caption-text\">Az \u00e1tfagyott versenyz\u0151knek, \u00edgy Valter Attil\u00e1nak is a csapatkocsiban \u00e9rt v\u00e9get a nyit\u00f3 Gran Camino (fot\u00f3: Eurosport)<\/figcaption><\/figure>\n<p><em>Bor\u00edt\u00f3k\u00e9p: Jumbo-Visma\/Cor Vos<\/em><\/p>\n","protected":false},"excerpt":{"rendered":"<p>Nagyon fontos magyar vonatkoz\u00e1s\u00fa esem\u00e9nyek t\u00f6rt\u00e9ntek a m\u00f6g\u00f6tt\u00fcnk hagyott napokban az orsz\u00e1g\u00fati ker\u00e9kp\u00e1r vil\u00e1g\u00e1ban.<\/p>\n","protected":false},"author":71,"featured_media":17037,"comment_status":"open","ping_status":"open","sticky":false,"template":"","format":"standard","meta":{"footnotes":""},"categories":[8],"tags":[],"global-categories":[419],"class_list":["post-17036","post","type-post","status-publish","format-standard","has-post-thumbnail","hentry","category-orszaguti-kerekpar","global-categories-cycling"],"yoast_head":"<!-- This site is optimized with the Yoast SEO Premium plugin v25.3 (Yoast SEO v25.9) - https:\/\/yoast.com\/wordpress\/plugins\/seo\/ -->\n<title>S\u0171r\u0171 h\u00e9t volt: j\u00f6n az Emirates szt\u00e1rcsapata, m\u00edg Valter Attila nyit\u00f3 verseny\u00e9t elvitte a h\u00f3vihar<\/title>\n<meta name=\"description\" content=\"Nagyon fontos magyar vonatkoz\u00e1s\u00fa esem\u00e9nyek t\u00f6rt\u00e9ntek a m\u00f6g\u00f6tt\u00fcnk hagyott napokban az orsz\u00e1g\u00fati ker\u00e9kp\u00e1r vil\u00e1g\u00e1ban.\" \/>\n<meta name=\"robots\" content=\"index, follow, max-snippet:-1, max-image-preview:large, max-video-preview:-1\" \/>\n<link rel=\"canonical\" href=\"https:\/\/www.welovecycling.com\/hu\/orszaguti-kerekpar\/suru-het-volt-jon-az-emirates-sztarcsapata-mig-valter-attila-nyito-versenyet-elvitte-a-hovihar\/\" \/>\n<meta property=\"og:locale\" content=\"hu_HU\" \/>\n<meta property=\"og:type\" content=\"article\" \/>\n<meta property=\"og:title\" content=\"S\u0171r\u0171 h\u00e9t volt: j\u00f6n az Emirates szt\u00e1rcsapata, m\u00edg Valter Attila nyit\u00f3 verseny\u00e9t elvitte a h\u00f3vihar\" \/>\n<meta property=\"og:description\" content=\"Nagyon fontos magyar vonatkoz\u00e1s\u00fa esem\u00e9nyek t\u00f6rt\u00e9ntek a m\u00f6g\u00f6tt\u00fcnk hagyott napokban az orsz\u00e1g\u00fati ker\u00e9kp\u00e1r vil\u00e1g\u00e1ban.\" \/>\n<meta property=\"og:url\" content=\"https:\/\/www.welovecycling.com\/hu\/orszaguti-kerekpar\/suru-het-volt-jon-az-emirates-sztarcsapata-mig-valter-attila-nyito-versenyet-elvitte-a-hovihar\/\" \/>\n<meta property=\"og:site_name\" content=\"\u0160koda We Love Cycling - Magyarorsz\u00e1g\" \/>\n<meta property=\"article:publisher\" content=\"https:\/\/www.facebook.com\/WeLoveCyclingHungary\/\" \/>\n<meta property=\"article:published_time\" content=\"2023-02-24T12:26:29+00:00\" \/>\n<meta property=\"og:image\" content=\"https:\/\/d2p6e6u75xmxt8.cloudfront.net\/12\/2023\/02\/ati-jumbo-ho.webp\" \/>\n\t<meta property=\"og:image:width\" content=\"1500\" \/>\n\t<meta property=\"og:image:height\" content=\"825\" \/>\n\t<meta property=\"og:image:type\" content=\"image\/webp\" \/>\n<meta name=\"author\" content=\"hegyizs\" \/>\n<meta name=\"twitter:card\" content=\"summary_large_image\" \/>\n<meta name=\"twitter:label1\" content=\"Written by\" \/>\n\t<meta name=\"twitter:data1\" content=\"WLC\" \/>\n\t<meta name=\"twitter:label2\" content=\"Est. reading time\" \/>\n\t<meta name=\"twitter:data2\" content=\"4 minutes\" \/>\n<script type=\"application\/ld+json\" class=\"yoast-schema-graph\">{\"@context\":\"https:\/\/schema.org\",\"@graph\":[{\"@type\":\"WebPage\",\"@id\":\"https:\/\/www.welovecycling.com\/hu\/orszaguti-kerekpar\/suru-het-volt-jon-az-emirates-sztarcsapata-mig-valter-attila-nyito-versenyet-elvitte-a-hovihar\/\",\"url\":\"https:\/\/www.welovecycling.com\/hu\/orszaguti-kerekpar\/suru-het-volt-jon-az-emirates-sztarcsapata-mig-valter-attila-nyito-versenyet-elvitte-a-hovihar\/\",\"name\":\"S\u0171r\u0171 h\u00e9t volt: j\u00f6n az Emirates szt\u00e1rcsapata, m\u00edg Valter Attila nyit\u00f3 verseny\u00e9t elvitte a h\u00f3vihar\",\"isPartOf\":{\"@id\":\"https:\/\/www.welovecycling.com\/hu\/#website\"},\"primaryImageOfPage\":{\"@id\":\"https:\/\/www.welovecycling.com\/hu\/orszaguti-kerekpar\/suru-het-volt-jon-az-emirates-sztarcsapata-mig-valter-attila-nyito-versenyet-elvitte-a-hovihar\/#primaryimage\"},\"image\":{\"@id\":\"https:\/\/www.welovecycling.com\/hu\/orszaguti-kerekpar\/suru-het-volt-jon-az-emirates-sztarcsapata-mig-valter-attila-nyito-versenyet-elvitte-a-hovihar\/#primaryimage\"},\"thumbnailUrl\":\"https:\/\/d2p6e6u75xmxt8.cloudfront.net\/12\/2023\/02\/ati-jumbo-ho.webp\",\"datePublished\":\"2023-02-24T12:26:29+00:00\",\"author\":{\"@id\":\"https:\/\/www.welovecycling.com\/hu\/#\/schema\/person\/414a2aebf1801691a5320edb6468e194\"},\"description\":\"Nagyon fontos magyar vonatkoz\u00e1s\u00fa esem\u00e9nyek t\u00f6rt\u00e9ntek a m\u00f6g\u00f6tt\u00fcnk hagyott napokban az orsz\u00e1g\u00fati ker\u00e9kp\u00e1r vil\u00e1g\u00e1ban.\",\"breadcrumb\":{\"@id\":\"https:\/\/www.welovecycling.com\/hu\/orszaguti-kerekpar\/suru-het-volt-jon-az-emirates-sztarcsapata-mig-valter-attila-nyito-versenyet-elvitte-a-hovihar\/#breadcrumb\"},\"inLanguage\":\"hu\",\"potentialAction\":[{\"@type\":\"ReadAction\",\"target\":[\"https:\/\/www.welovecycling.com\/hu\/orszaguti-kerekpar\/suru-het-volt-jon-az-emirates-sztarcsapata-mig-valter-attila-nyito-versenyet-elvitte-a-hovihar\/\"]}]},{\"@type\":\"ImageObject\",\"inLanguage\":\"hu\",\"@id\":\"https:\/\/www.welovecycling.com\/hu\/orszaguti-kerekpar\/suru-het-volt-jon-az-emirates-sztarcsapata-mig-valter-attila-nyito-versenyet-elvitte-a-hovihar\/#primaryimage\",\"url\":\"https:\/\/d2p6e6u75xmxt8.cloudfront.net\/12\/2023\/02\/ati-jumbo-ho.webp\",\"contentUrl\":\"https:\/\/d2p6e6u75xmxt8.cloudfront.net\/12\/2023\/02\/ati-jumbo-ho.webp\",\"width\":1500,\"height\":825},{\"@type\":\"BreadcrumbList\",\"@id\":\"https:\/\/www.welovecycling.com\/hu\/orszaguti-kerekpar\/suru-het-volt-jon-az-emirates-sztarcsapata-mig-valter-attila-nyito-versenyet-elvitte-a-hovihar\/#breadcrumb\",\"itemListElement\":[{\"@type\":\"ListItem\",\"position\":1,\"name\":\"Home\",\"item\":\"https:\/\/www.welovecycling.com\/hu\/\"},{\"@type\":\"ListItem\",\"position\":2,\"name\":\"S\u0171r\u0171 h\u00e9t volt: j\u00f6n az Emirates szt\u00e1rcsapata, m\u00edg Valter Attila nyit\u00f3 verseny\u00e9t elvitte a h\u00f3vihar\"}]},{\"@type\":\"WebSite\",\"@id\":\"https:\/\/www.welovecycling.com\/hu\/#website\",\"url\":\"https:\/\/www.welovecycling.com\/hu\/\",\"name\":\"\u0160koda We Love Cycling - Magyarorsz\u00e1g\",\"description\":\"\u0160koda WeLoveCycling\",\"potentialAction\":[{\"@type\":\"SearchAction\",\"target\":{\"@type\":\"EntryPoint\",\"urlTemplate\":\"https:\/\/www.welovecycling.com\/hu\/?s={search_term_string}\"},\"query-input\":{\"@type\":\"PropertyValueSpecification\",\"valueRequired\":true,\"valueName\":\"search_term_string\"}}],\"inLanguage\":\"hu\"},{\"@type\":\"Person\",\"@id\":\"https:\/\/www.welovecycling.com\/hu\/#\/schema\/person\/414a2aebf1801691a5320edb6468e194\",\"name\":\"hegyizs\",\"image\":{\"@type\":\"ImageObject\",\"inLanguage\":\"hu\",\"@id\":\"https:\/\/www.welovecycling.com\/hu\/#\/schema\/person\/image\/\",\"url\":\"https:\/\/secure.gravatar.com\/avatar\/02cf8a7906b8cf90cecb4679defac7cfd33a1c2e3b88e4903d947f3bb58eedd3?s=96&d=mm&r=g\",\"contentUrl\":\"https:\/\/secure.gravatar.com\/avatar\/02cf8a7906b8cf90cecb4679defac7cfd33a1c2e3b88e4903d947f3bb58eedd3?s=96&d=mm&r=g\",\"caption\":\"hegyizs\"},\"url\":\"https:\/\/www.welovecycling.com\/hu\/author\/hegyizs\/\"}]}<\/script>\n<!-- \/ Yoast SEO Premium plugin. -->","yoast_head_json":{"title":"S\u0171r\u0171 h\u00e9t volt: j\u00f6n az Emirates szt\u00e1rcsapata, m\u00edg Valter Attila nyit\u00f3 verseny\u00e9t elvitte a h\u00f3vihar","description":"Nagyon fontos magyar vonatkoz\u00e1s\u00fa esem\u00e9nyek t\u00f6rt\u00e9ntek a m\u00f6g\u00f6tt\u00fcnk hagyott napokban az orsz\u00e1g\u00fati ker\u00e9kp\u00e1r vil\u00e1g\u00e1ban.","robots":{"index":"index","follow":"follow","max-snippet":"max-snippet:-1","max-image-preview":"max-image-preview:large","max-video-preview":"max-video-preview:-1"},"canonical":"https:\/\/www.welovecycling.com\/hu\/orszaguti-kerekpar\/suru-het-volt-jon-az-emirates-sztarcsapata-mig-valter-attila-nyito-versenyet-elvitte-a-hovihar\/","og_locale":"hu_HU","og_type":"article","og_title":"S\u0171r\u0171 h\u00e9t volt: j\u00f6n az Emirates szt\u00e1rcsapata, m\u00edg Valter Attila nyit\u00f3 verseny\u00e9t elvitte a h\u00f3vihar","og_description":"Nagyon fontos magyar vonatkoz\u00e1s\u00fa esem\u00e9nyek t\u00f6rt\u00e9ntek a m\u00f6g\u00f6tt\u00fcnk hagyott napokban az orsz\u00e1g\u00fati ker\u00e9kp\u00e1r vil\u00e1g\u00e1ban.","og_url":"https:\/\/www.welovecycling.com\/hu\/orszaguti-kerekpar\/suru-het-volt-jon-az-emirates-sztarcsapata-mig-valter-attila-nyito-versenyet-elvitte-a-hovihar\/","og_site_name":"\u0160koda We Love Cycling - Magyarorsz\u00e1g","article_publisher":"https:\/\/www.facebook.com\/WeLoveCyclingHungary\/","article_published_time":"2023-02-24T12:26:29+00:00","og_image":[{"width":1500,"height":825,"url":"https:\/\/d2p6e6u75xmxt8.cloudfront.net\/12\/2023\/02\/ati-jumbo-ho.webp","type":"image\/webp"}],"author":"hegyizs","twitter_card":"summary_large_image","twitter_misc":{"Written by":"WLC","Est. reading time":"4 minutes"},"schema":{"@context":"https:\/\/schema.org","@graph":[{"@type":"WebPage","@id":"https:\/\/www.welovecycling.com\/hu\/orszaguti-kerekpar\/suru-het-volt-jon-az-emirates-sztarcsapata-mig-valter-attila-nyito-versenyet-elvitte-a-hovihar\/","url":"https:\/\/www.welovecycling.com\/hu\/orszaguti-kerekpar\/suru-het-volt-jon-az-emirates-sztarcsapata-mig-valter-attila-nyito-versenyet-elvitte-a-hovihar\/","name":"S\u0171r\u0171 h\u00e9t volt: j\u00f6n az Emirates szt\u00e1rcsapata, m\u00edg Valter Attila nyit\u00f3 verseny\u00e9t elvitte a h\u00f3vihar","isPartOf":{"@id":"https:\/\/www.welovecycling.com\/hu\/#website"},"primaryImageOfPage":{"@id":"https:\/\/www.welovecycling.com\/hu\/orszaguti-kerekpar\/suru-het-volt-jon-az-emirates-sztarcsapata-mig-valter-attila-nyito-versenyet-elvitte-a-hovihar\/#primaryimage"},"image":{"@id":"https:\/\/www.welovecycling.com\/hu\/orszaguti-kerekpar\/suru-het-volt-jon-az-emirates-sztarcsapata-mig-valter-attila-nyito-versenyet-elvitte-a-hovihar\/#primaryimage"},"thumbnailUrl":"https:\/\/d2p6e6u75xmxt8.cloudfront.net\/12\/2023\/02\/ati-jumbo-ho.webp","datePublished":"2023-02-24T12:26:29+00:00","author":{"@id":"https:\/\/www.welovecycling.com\/hu\/#\/schema\/person\/414a2aebf1801691a5320edb6468e194"},"description":"Nagyon fontos magyar vonatkoz\u00e1s\u00fa esem\u00e9nyek t\u00f6rt\u00e9ntek a m\u00f6g\u00f6tt\u00fcnk hagyott napokban az orsz\u00e1g\u00fati ker\u00e9kp\u00e1r vil\u00e1g\u00e1ban.","breadcrumb":{"@id":"https:\/\/www.welovecycling.com\/hu\/orszaguti-kerekpar\/suru-het-volt-jon-az-emirates-sztarcsapata-mig-valter-attila-nyito-versenyet-elvitte-a-hovihar\/#breadcrumb"},"inLanguage":"hu","potentialAction":[{"@type":"ReadAction","target":["https:\/\/www.welovecycling.com\/hu\/orszaguti-kerekpar\/suru-het-volt-jon-az-emirates-sztarcsapata-mig-valter-attila-nyito-versenyet-elvitte-a-hovihar\/"]}]},{"@type":"ImageObject","inLanguage":"hu","@id":"https:\/\/www.welovecycling.com\/hu\/orszaguti-kerekpar\/suru-het-volt-jon-az-emirates-sztarcsapata-mig-valter-attila-nyito-versenyet-elvitte-a-hovihar\/#primaryimage","url":"https:\/\/d2p6e6u75xmxt8.cloudfront.net\/12\/2023\/02\/ati-jumbo-ho.webp","contentUrl":"https:\/\/d2p6e6u75xmxt8.cloudfront.net\/12\/2023\/02\/ati-jumbo-ho.webp","width":1500,"height":825},{"@type":"BreadcrumbList","@id":"https:\/\/www.welovecycling.com\/hu\/orszaguti-kerekpar\/suru-het-volt-jon-az-emirates-sztarcsapata-mig-valter-attila-nyito-versenyet-elvitte-a-hovihar\/#breadcrumb","itemListElement":[{"@type":"ListItem","position":1,"name":"Home","item":"https:\/\/www.welovecycling.com\/hu\/"},{"@type":"ListItem","position":2,"name":"S\u0171r\u0171 h\u00e9t volt: j\u00f6n az Emirates szt\u00e1rcsapata, m\u00edg Valter Attila nyit\u00f3 verseny\u00e9t elvitte a h\u00f3vihar"}]},{"@type":"WebSite","@id":"https:\/\/www.welovecycling.com\/hu\/#website","url":"https:\/\/www.welovecycling.com\/hu\/","name":"\u0160koda We Love Cycling - Magyarorsz\u00e1g","description":"\u0160koda WeLoveCycling","potentialAction":[{"@type":"SearchAction","target":{"@type":"EntryPoint","urlTemplate":"https:\/\/www.welovecycling.com\/hu\/?s={search_term_string}"},"query-input":{"@type":"PropertyValueSpecification","valueRequired":true,"valueName":"search_term_string"}}],"inLanguage":"hu"},{"@type":"Person","@id":"https:\/\/www.welovecycling.com\/hu\/#\/schema\/person\/414a2aebf1801691a5320edb6468e194","name":"hegyizs","image":{"@type":"ImageObject","inLanguage":"hu","@id":"https:\/\/www.welovecycling.com\/hu\/#\/schema\/person\/image\/","url":"https:\/\/secure.gravatar.com\/avatar\/02cf8a7906b8cf90cecb4679defac7cfd33a1c2e3b88e4903d947f3bb58eedd3?s=96&d=mm&r=g","contentUrl":"https:\/\/secure.gravatar.com\/avatar\/02cf8a7906b8cf90cecb4679defac7cfd33a1c2e3b88e4903d947f3bb58eedd3?s=96&d=mm&r=g","caption":"hegyizs"},"url":"https:\/\/www.welovecycling.com\/hu\/author\/hegyizs\/"}]}},"_links":{"self":[{"href":"https:\/\/www.welovecycling.com\/hu\/wp-json\/wp\/v2\/posts\/17036","targetHints":{"allow":["GET"]}}],"collection":[{"href":"https:\/\/www.welovecycling.com\/hu\/wp-json\/wp\/v2\/posts"}],"about":[{"href":"https:\/\/www.welovecycling.com\/hu\/wp-json\/wp\/v2\/types\/post"}],"author":[{"embeddable":true,"href":"https:\/\/www.welovecycling.com\/hu\/wp-json\/wp\/v2\/users\/71"}],"replies":[{"embeddable":true,"href":"https:\/\/www.welovecycling.com\/hu\/wp-json\/wp\/v2\/comments?post=17036"}],"version-history":[{"count":1,"href":"https:\/\/www.welovecycling.com\/hu\/wp-json\/wp\/v2\/posts\/17036\/revisions"}],"predecessor-version":[{"id":17041,"href":"https:\/\/www.welovecycling.com\/hu\/wp-json\/wp\/v2\/posts\/17036\/revisions\/17041"}],"wp:featuredmedia":[{"embeddable":true,"href":"https:\/\/www.welovecycling.com\/hu\/wp-json\/wp\/v2\/media\/17037"}],"wp:attachment":[{"href":"https:\/\/www.welovecycling.com\/hu\/wp-json\/wp\/v2\/media?parent=17036"}],"wp:term":[{"taxonomy":"category","embeddable":true,"href":"https:\/\/www.welovecycling.com\/hu\/wp-json\/wp\/v2\/categories?post=17036"},{"taxonomy":"post_tag","embeddable":true,"href":"https:\/\/www.welovecycling.com\/hu\/wp-json\/wp\/v2\/tags?post=17036"},{"taxonomy":"global-categories","embeddable":true,"href":"https:\/\/www.welovecycling.com\/hu\/wp-json\/wp\/v2\/global-categories?post=17036"}],"curies":[{"name":"wp","href":"https:\/\/api.w.org\/{rel}","templated":true}]}}