{"id":17028,"date":"2023-02-27T08:00:55","date_gmt":"2023-02-27T06:00:55","guid":{"rendered":"https:\/\/www.welovecycling.com\/hu\/?p=17028"},"modified":"2023-02-23T14:22:16","modified_gmt":"2023-02-23T12:22:16","slug":"mark-cavendish-talalt-maga-melle-egy-csapatot-es-celba-veszi-a-tour-de-france-t","status":"publish","type":"post","link":"https:\/\/www.welovecycling.com\/hu\/orszaguti-kerekpar\/mark-cavendish-talalt-maga-melle-egy-csapatot-es-celba-veszi-a-tour-de-france-t\/","title":{"rendered":"Mark Cavendish tal\u00e1lt maga mell\u00e9 egy csapatot \u00e9s c\u00e9lba veszi a Tour de France-t"},"content":{"rendered":"<p><strong>Mark Cavendish 21. helyez\u00e9se az Om\u00e1ni k\u00f6rverseny els\u0151 szakasz\u00e1n nem volt t\u00fal meggy\u0151z\u0151 teljes\u00edtm\u00e9ny. A 37 \u00e9ves versenyz\u0151nek azonban rengeteg kifog\u00e1sa van, hogy ez mi\u00e9rt t\u00f6rt\u00e9nt \u00edgy. T\u00f6bbek k\u00f6z\u00f6tt az egyik ilyen ok Mark berozsd\u00e1sod\u00e1sa, amely els\u0151sorban az \u00faj csapat keres\u00e9s\u00e9nek neh\u00e9z, hull\u00e1mvas\u00fatra eml\u00e9keztet\u0151 id\u0151szak\u00e1ra vezethet\u0151 vissza.<\/strong><\/p>\n<p><!--more--><\/p>\n<p>A kor\u00e1bbi vil\u00e1gbajnok \u00e9s 34-szeres Tour de France-szakaszgy\u0151ztes a Deceuninck-AlphaVinyl csapat\u00e1n\u00e1l versenyzett, eg\u00e9szen addig, m\u00edg egy nap Patrick Lefevere csapatf\u0151n\u00f6k k\u00f6z\u00f6lte vele, hogy mostant\u00f3l Fabio Jakobsen lesz helyette a csapat sprintere, \u00e9s hogy 2023-t\u00f3l neki m\u00e1r nincs helye a csapatban. Cavendish ez\u00e9rt elindult, hogy \u00faj csapatot tal\u00e1ljon arra a k\u00e9t \u00e9vre, amit m\u00e9g a World Tour versenyeknek akart szentelni.<\/p>\n<p>M\u00e1r minden k\u00e9szen \u00e1llt, hogy 2023-ra al\u00e1\u00edrjon egy egy\u00e9ves szerz\u0151d\u00e9st (plusz egy\u00e9ves hosszabb\u00edt\u00e1si lehet\u0151s\u00e9ggel) a francia B&amp;B Hotels-KTM csapatn\u00e1l, amikor a csapat k\u00f6lts\u00e9gvet\u00e9si probl\u00e9m\u00e1k miatt decemberben cs\u0151dbement. Cavendish ezzel neh\u00e9z helyzetbe ker\u00fclt, mivel a legjobb csapatok ekkorra m\u00e1r meghat\u00e1rozt\u00e1k az \u00e9ves k\u00f6lts\u00e9gvet\u00e9st, \u00e9s sokan el\u00e9rt\u00e9k a 30 versenyz\u0151s limitet is, \u00edgy gyakorlatilag v\u00e9get \u00e9rt a toborz\u00e1s 2023-ra. Ezen k\u00edv\u00fcl kev\u00e9s csapat volt hajland\u00f3 leszerz\u0151dtetni egy id\u0151s\u00f6d\u0151 sprintert, m\u00e9g akkor is, ha az 53 egy\u00e9ni szakaszgy\u0151zelmet szerzett a Grand Tour-versenyeken.<\/p>\n<p>A versenyz\u0151i kiadv\u00e1nyoknak h\u00e1la &#8211; amik nagy hangs\u00falyt fektettek arra, hogy tud\u00f3s\u00edtsanak Cavendish szorult helyzet\u00e9r\u0151l &#8211; v\u00e9g\u00fcl azonban t\u00f6bb csapat is akadt, akik \u00e9rdekl\u0151dni kezdtek a ker\u00e9kp\u00e1ros legenda ir\u00e1nt. Az egyik az amerikai Human Powered Health volt, melynek menedzsere, Jonas Carney k\u00fcl\u00f6n\u00f6sen \u00f6r\u00fclt volna, ha siker\u00fcl szerz\u0151dtetnie a versenyz\u0151t. <em>&#8220;Szerett\u00fck volna, ha Mark csatlakozik a csapatunkhoz&#8221;<\/em> &#8211; mondta. <em>&#8220;Cavendish sport\u00e1gunk egyik legnagyobb legend\u00e1ja, \u00e9s m\u00e9g mindig nagyon magas szinten versenyzik. Sz\u00e1munkra ez egy lehet\u0151s\u00e9g volt arra, hogy jav\u00edtsunk az eredm\u00e9nyeinken, emelj\u00fck a sz\u00ednvonalat, \u00e9s tal\u00e1n megh\u00edv\u00e1st kapjunk m\u00e9g n\u00e9h\u00e1ny nagy versenyre.&#8221;<\/em><\/p>\n<p>A Human Powered Health azonban egy UCI ProTeam, amely a sport\u00e1g m\u00e1sodoszt\u00e1ly\u00e1ban versenyzik, \u00edgy nem rendelkezik olyan forr\u00e1sokkal, melyek lehet\u0151v\u00e9 tenn\u00e9k, hogy egy olyan \u00e9lversenyz\u0151t szerz\u0151dtessen, mint Cavendish, aki tov\u00e1bbra is a legmagasabb szinten szeretne versenyezni. Akkor csillant fel \u00fajra a rem\u00e9ny, amikor Mark telefonh\u00edv\u00e1st kapott Alexander Vinokourovt\u00f3l, az UCI World Team Astana Qazaqstan igazgat\u00f3j\u00e1t\u00f3l.<em> &#8220;A legnagyobb dolog az eg\u00e9szben az volt, ahogy Vino besz\u00e9lt velem\u201d <\/em>&#8211; mondta Cavendish a CyclingWeeklynek. <em>&#8220;Nem \u00e9reztem \u00fagy, hogy bizony\u00edtanom kellene. Az eg\u00e9sz olyan profi volt.&#8221;<\/em><\/p>\n<div class=\"embed-controller-wrapper\">\n<blockquote class=\"twitter-tweet\" data-width=\"500\" data-dnt=\"true\">\n<p lang=\"en\" dir=\"ltr\">Got that faaaade into my British Champion jersey \ud83d\udd25 <a href=\"https:\/\/twitter.com\/AstanaQazTeam?ref_src=twsrc%5Etfw\">@AstanaQazTeam<\/a> <a href=\"https:\/\/t.co\/B7WOc5QlpE\">pic.twitter.com\/B7WOc5QlpE<\/a><\/p>\n<p>&mdash; Mark Cavendish (@MarkCavendish) <a href=\"https:\/\/twitter.com\/MarkCavendish\/status\/1615372158133313536?ref_src=twsrc%5Etfw\">January 17, 2023<\/a><\/p><\/blockquote>\n<p><script async data-src=\"https:\/\/platform.twitter.com\/widgets.js\" charset=\"utf-8\"><\/script><\/div>\n<p>Vinokourov is sok mindenen ment kereszt\u00fcl p\u00e1lyafut\u00e1sa sor\u00e1n. A 2007-es Tour de France-on a s\u00e1rga trik\u00f3 er\u0151s es\u00e9lyes\u00e9nek tartott\u00e1k, azonban egy durva buk\u00e1s miatt v\u00e9g\u00fcl el\u00faszott ez a lehet\u0151s\u00e9g. N\u00e9h\u00e1ny nappal k\u00e9s\u0151bb pedig pozit\u00edv lett a v\u00e9rdoppingtesztje, \u00e9s egy \u00e9vre eltiltott\u00e1k a versenyz\u00e9st\u0151l. M\u00e1sr\u00e9szt viszont megnyerte a GC-t a 2006-os Vuelta a Espan\u00e1n \u00e9s a 2012-es olimpiai j\u00e1t\u00e9kok orsz\u00e1g\u00fati verseny\u00e9n is els\u0151 lett.<\/p>\n<p>Hosszas t\u00e1rgyal\u00e1sok ut\u00e1n, janu\u00e1r k\u00f6zep\u00e9n &#8211; kevesebb mint egy h\u00f3nappal az Om\u00e1ni k\u00f6rverseny rajtja el\u0151tt &#8211; az Astana Qazaqstan v\u00e9g\u00fcl bejelentette, hogy 2023-ra leszerz\u0151dtette Cavendish-t. Mark boldogan nyilatkozott az \u00fajs\u00e1g\u00edr\u00f3knak:<em> &#8220;A ker\u00e9kp\u00e1roz\u00e1s \u00f6r\u00f6me \u00e9s a tov\u00e1bbi gy\u0151zelmek ir\u00e1nti \u00e9hs\u00e9g er\u0151sebb bennem, mint valaha&#8230; Mint mindig, most is az lesz a c\u00e9lom, hogy a dobog\u00f3 legfels\u0151 fok\u00e1ra \u00e1lljunk&#8221;<\/em>. Ez a szerz\u0151d\u00e9s azonban m\u00e9g nem egyenl\u0151 egy er\u0151s h\u00e1zass\u00e1gi k\u00f6tel\u00e9kkel, ugyanis az Astana Qazakstan sosem egy sprintel\u0151 csapatk\u00e9nt \u00e9lt a k\u00f6ztudatban, amit Vinokourov is elismert. A bejelent\u00e9sekor ezt mondta: <em>&#8220;Egy topkateg\u00f3ri\u00e1s sprinter \u00e9rkez\u00e9se egyfajta kih\u00edv\u00e1s sz\u00e1munkra&#8221;.<\/em><\/p>\n<p>Cavendish azonban tov\u00e1bbra is optimist\u00e1n \u00e1ll a dolgokhoz:<em> &#8220;Ha nem hinn\u00e9k benn\u00fck, nem lenn\u00e9k a csapatn\u00e1l. Ez egy nagyon-nagyon j\u00f3 ist\u00e1ll\u00f3&#8221;<\/em>. Vinokourovnak \u00e9s Cavendishnek is megvan a maga k\u00fcldet\u00e9se. Vinokourov szeretn\u00e9 n\u00e9h\u00e1ny z\u00f6ld trik\u00f3val b\u0151v\u00edteni a csapat tr\u00f3feagy\u0171jtem\u00e9ny\u00e9t, k\u00fcl\u00f6n\u00f6sen a Tour \u0160koda z\u00f6ld trik\u00f3j\u00e1val. Ez Cavendish sz\u00e1m\u00e1ra is nagy jelent\u0151s\u00e9ggel b\u00edrna. A profi ker\u00e9kp\u00e1ros utolj\u00e1ra 2021-ben nyerte meg a trik\u00f3t. Egy \u00fajabb gy\u0151zelemmel pedig es\u00e9lyt kapna arra, hogy megszerezze 35. Tour de France-szakaszgy\u0151zelm\u00e9t \u00e9s v\u00e9gre megd\u00f6ntse a nagy Eddy Merckx rekordj\u00e1t.<\/p>\n","protected":false},"excerpt":{"rendered":"<p>Mark Cavendish 21. helyez\u00e9se az Om\u00e1ni k\u00f6rverseny els\u0151 szakasz\u00e1n nem volt t\u00fal meggy\u0151z\u0151 teljes\u00edtm\u00e9ny. A 37 \u00e9ves versenyz\u0151nek azonban rengeteg [&hellip;]<\/p>\n","protected":false},"author":71,"featured_media":17030,"comment_status":"open","ping_status":"open","sticky":false,"template":"","format":"standard","meta":{"footnotes":""},"categories":[8],"tags":[],"global-categories":[],"class_list":["post-17028","post","type-post","status-publish","format-standard","has-post-thumbnail","hentry","category-orszaguti-kerekpar"],"yoast_head":"<!-- This site is optimized with the Yoast SEO Premium plugin v25.3 (Yoast SEO v25.9) - https:\/\/yoast.com\/wordpress\/plugins\/seo\/ -->\n<title>Mark Cavendish tal\u00e1lt maga mell\u00e9 egy csapatot \u00e9s c\u00e9lba veszi a Tour de France-t<\/title>\n<meta name=\"description\" content=\"Mark Cavendish 21. helyez\u00e9se az Om\u00e1ni k\u00f6rverseny els\u0151 szakasz\u00e1n nem volt t\u00fal meggy\u0151z\u0151 teljes\u00edtm\u00e9ny. A 37 \u00e9ves versenyz\u0151nek azonban rengeteg kifog\u00e1sa van, hogy ez mi\u00e9rt t\u00f6rt\u00e9nt \u00edgy. T\u00f6bbek k\u00f6z\u00f6tt az egyik ilyen ok Mark berozsd\u00e1sod\u00e1sa, amely els\u0151sorban az \u00faj csapat keres\u00e9s\u00e9nek neh\u00e9z, hull\u00e1mvas\u00fatra eml\u00e9keztet\u0151 id\u0151szak\u00e1ra vezethet\u0151 vissza.\" \/>\n<meta name=\"robots\" content=\"index, follow, max-snippet:-1, max-image-preview:large, max-video-preview:-1\" \/>\n<link rel=\"canonical\" href=\"https:\/\/www.welovecycling.com\/hu\/orszaguti-kerekpar\/mark-cavendish-talalt-maga-melle-egy-csapatot-es-celba-veszi-a-tour-de-france-t\/\" \/>\n<meta property=\"og:locale\" content=\"hu_HU\" \/>\n<meta property=\"og:type\" content=\"article\" \/>\n<meta property=\"og:title\" content=\"Mark Cavendish tal\u00e1lt maga mell\u00e9 egy csapatot \u00e9s c\u00e9lba veszi a Tour de France-t\" \/>\n<meta property=\"og:description\" content=\"Mark Cavendish 21. helyez\u00e9se az Om\u00e1ni k\u00f6rverseny els\u0151 szakasz\u00e1n nem volt t\u00fal meggy\u0151z\u0151 teljes\u00edtm\u00e9ny. A 37 \u00e9ves versenyz\u0151nek azonban rengeteg kifog\u00e1sa van, hogy ez mi\u00e9rt t\u00f6rt\u00e9nt \u00edgy. T\u00f6bbek k\u00f6z\u00f6tt az egyik ilyen ok Mark berozsd\u00e1sod\u00e1sa, amely els\u0151sorban az \u00faj csapat keres\u00e9s\u00e9nek neh\u00e9z, hull\u00e1mvas\u00fatra eml\u00e9keztet\u0151 id\u0151szak\u00e1ra vezethet\u0151 vissza.\" \/>\n<meta property=\"og:url\" content=\"https:\/\/www.welovecycling.com\/hu\/orszaguti-kerekpar\/mark-cavendish-talalt-maga-melle-egy-csapatot-es-celba-veszi-a-tour-de-france-t\/\" \/>\n<meta property=\"og:site_name\" content=\"\u0160koda We Love Cycling - Magyarorsz\u00e1g\" \/>\n<meta property=\"article:publisher\" content=\"https:\/\/www.facebook.com\/WeLoveCyclingHungary\/\" \/>\n<meta property=\"article:published_time\" content=\"2023-02-27T06:00:55+00:00\" \/>\n<meta property=\"og:image\" content=\"https:\/\/d2p6e6u75xmxt8.cloudfront.net\/12\/2023\/02\/Mark-Cavendish-profimedia-0733549583-CVR-1.webp\" \/>\n\t<meta property=\"og:image:width\" content=\"990\" \/>\n\t<meta property=\"og:image:height\" content=\"660\" \/>\n\t<meta property=\"og:image:type\" content=\"image\/webp\" \/>\n<meta name=\"author\" content=\"hegyizs\" \/>\n<meta name=\"twitter:card\" content=\"summary_large_image\" \/>\n<meta name=\"twitter:label1\" content=\"Written by\" \/>\n\t<meta name=\"twitter:data1\" content=\"Siegfried Mortkowitz\" \/>\n\t<meta name=\"twitter:label2\" content=\"Est. reading time\" \/>\n\t<meta name=\"twitter:data2\" content=\"4\" \/>\n<script type=\"application\/ld+json\" class=\"yoast-schema-graph\">{\"@context\":\"https:\/\/schema.org\",\"@graph\":[{\"@type\":\"WebPage\",\"@id\":\"https:\/\/www.welovecycling.com\/hu\/orszaguti-kerekpar\/mark-cavendish-talalt-maga-melle-egy-csapatot-es-celba-veszi-a-tour-de-france-t\/\",\"url\":\"https:\/\/www.welovecycling.com\/hu\/orszaguti-kerekpar\/mark-cavendish-talalt-maga-melle-egy-csapatot-es-celba-veszi-a-tour-de-france-t\/\",\"name\":\"Mark Cavendish tal\u00e1lt maga mell\u00e9 egy csapatot \u00e9s c\u00e9lba veszi a Tour de France-t\",\"isPartOf\":{\"@id\":\"https:\/\/www.welovecycling.com\/hu\/#website\"},\"primaryImageOfPage\":{\"@id\":\"https:\/\/www.welovecycling.com\/hu\/orszaguti-kerekpar\/mark-cavendish-talalt-maga-melle-egy-csapatot-es-celba-veszi-a-tour-de-france-t\/#primaryimage\"},\"image\":{\"@id\":\"https:\/\/www.welovecycling.com\/hu\/orszaguti-kerekpar\/mark-cavendish-talalt-maga-melle-egy-csapatot-es-celba-veszi-a-tour-de-france-t\/#primaryimage\"},\"thumbnailUrl\":\"https:\/\/d2p6e6u75xmxt8.cloudfront.net\/12\/2023\/02\/Mark-Cavendish-profimedia-0733549583-CVR-1.webp\",\"datePublished\":\"2023-02-27T06:00:55+00:00\",\"author\":{\"@id\":\"https:\/\/www.welovecycling.com\/hu\/#\/schema\/person\/414a2aebf1801691a5320edb6468e194\"},\"description\":\"Mark Cavendish 21. helyez\u00e9se az Om\u00e1ni k\u00f6rverseny els\u0151 szakasz\u00e1n nem volt t\u00fal meggy\u0151z\u0151 teljes\u00edtm\u00e9ny. A 37 \u00e9ves versenyz\u0151nek azonban rengeteg kifog\u00e1sa van, hogy ez mi\u00e9rt t\u00f6rt\u00e9nt \u00edgy. T\u00f6bbek k\u00f6z\u00f6tt az egyik ilyen ok Mark berozsd\u00e1sod\u00e1sa, amely els\u0151sorban az \u00faj csapat keres\u00e9s\u00e9nek neh\u00e9z, hull\u00e1mvas\u00fatra eml\u00e9keztet\u0151 id\u0151szak\u00e1ra vezethet\u0151 vissza.\",\"breadcrumb\":{\"@id\":\"https:\/\/www.welovecycling.com\/hu\/orszaguti-kerekpar\/mark-cavendish-talalt-maga-melle-egy-csapatot-es-celba-veszi-a-tour-de-france-t\/#breadcrumb\"},\"inLanguage\":\"hu\",\"potentialAction\":[{\"@type\":\"ReadAction\",\"target\":[\"https:\/\/www.welovecycling.com\/hu\/orszaguti-kerekpar\/mark-cavendish-talalt-maga-melle-egy-csapatot-es-celba-veszi-a-tour-de-france-t\/\"]}]},{\"@type\":\"ImageObject\",\"inLanguage\":\"hu\",\"@id\":\"https:\/\/www.welovecycling.com\/hu\/orszaguti-kerekpar\/mark-cavendish-talalt-maga-melle-egy-csapatot-es-celba-veszi-a-tour-de-france-t\/#primaryimage\",\"url\":\"https:\/\/d2p6e6u75xmxt8.cloudfront.net\/12\/2023\/02\/Mark-Cavendish-profimedia-0733549583-CVR-1.webp\",\"contentUrl\":\"https:\/\/d2p6e6u75xmxt8.cloudfront.net\/12\/2023\/02\/Mark-Cavendish-profimedia-0733549583-CVR-1.webp\",\"width\":990,\"height\":660},{\"@type\":\"BreadcrumbList\",\"@id\":\"https:\/\/www.welovecycling.com\/hu\/orszaguti-kerekpar\/mark-cavendish-talalt-maga-melle-egy-csapatot-es-celba-veszi-a-tour-de-france-t\/#breadcrumb\",\"itemListElement\":[{\"@type\":\"ListItem\",\"position\":1,\"name\":\"Home\",\"item\":\"https:\/\/www.welovecycling.com\/hu\/\"},{\"@type\":\"ListItem\",\"position\":2,\"name\":\"Mark Cavendish tal\u00e1lt maga mell\u00e9 egy csapatot \u00e9s c\u00e9lba veszi a Tour de France-t\"}]},{\"@type\":\"WebSite\",\"@id\":\"https:\/\/www.welovecycling.com\/hu\/#website\",\"url\":\"https:\/\/www.welovecycling.com\/hu\/\",\"name\":\"\u0160koda We Love Cycling - Magyarorsz\u00e1g\",\"description\":\"\u0160koda WeLoveCycling\",\"potentialAction\":[{\"@type\":\"SearchAction\",\"target\":{\"@type\":\"EntryPoint\",\"urlTemplate\":\"https:\/\/www.welovecycling.com\/hu\/?s={search_term_string}\"},\"query-input\":{\"@type\":\"PropertyValueSpecification\",\"valueRequired\":true,\"valueName\":\"search_term_string\"}}],\"inLanguage\":\"hu\"},{\"@type\":\"Person\",\"@id\":\"https:\/\/www.welovecycling.com\/hu\/#\/schema\/person\/414a2aebf1801691a5320edb6468e194\",\"name\":\"hegyizs\",\"image\":{\"@type\":\"ImageObject\",\"inLanguage\":\"hu\",\"@id\":\"https:\/\/www.welovecycling.com\/hu\/#\/schema\/person\/image\/\",\"url\":\"https:\/\/secure.gravatar.com\/avatar\/02cf8a7906b8cf90cecb4679defac7cfd33a1c2e3b88e4903d947f3bb58eedd3?s=96&d=mm&r=g\",\"contentUrl\":\"https:\/\/secure.gravatar.com\/avatar\/02cf8a7906b8cf90cecb4679defac7cfd33a1c2e3b88e4903d947f3bb58eedd3?s=96&d=mm&r=g\",\"caption\":\"hegyizs\"},\"url\":\"https:\/\/www.welovecycling.com\/hu\/author\/hegyizs\/\"}]}<\/script>\n<!-- \/ Yoast SEO Premium plugin. -->","yoast_head_json":{"title":"Mark Cavendish tal\u00e1lt maga mell\u00e9 egy csapatot \u00e9s c\u00e9lba veszi a Tour de France-t","description":"Mark Cavendish 21. helyez\u00e9se az Om\u00e1ni k\u00f6rverseny els\u0151 szakasz\u00e1n nem volt t\u00fal meggy\u0151z\u0151 teljes\u00edtm\u00e9ny. A 37 \u00e9ves versenyz\u0151nek azonban rengeteg kifog\u00e1sa van, hogy ez mi\u00e9rt t\u00f6rt\u00e9nt \u00edgy. T\u00f6bbek k\u00f6z\u00f6tt az egyik ilyen ok Mark berozsd\u00e1sod\u00e1sa, amely els\u0151sorban az \u00faj csapat keres\u00e9s\u00e9nek neh\u00e9z, hull\u00e1mvas\u00fatra eml\u00e9keztet\u0151 id\u0151szak\u00e1ra vezethet\u0151 vissza.","robots":{"index":"index","follow":"follow","max-snippet":"max-snippet:-1","max-image-preview":"max-image-preview:large","max-video-preview":"max-video-preview:-1"},"canonical":"https:\/\/www.welovecycling.com\/hu\/orszaguti-kerekpar\/mark-cavendish-talalt-maga-melle-egy-csapatot-es-celba-veszi-a-tour-de-france-t\/","og_locale":"hu_HU","og_type":"article","og_title":"Mark Cavendish tal\u00e1lt maga mell\u00e9 egy csapatot \u00e9s c\u00e9lba veszi a Tour de France-t","og_description":"Mark Cavendish 21. helyez\u00e9se az Om\u00e1ni k\u00f6rverseny els\u0151 szakasz\u00e1n nem volt t\u00fal meggy\u0151z\u0151 teljes\u00edtm\u00e9ny. A 37 \u00e9ves versenyz\u0151nek azonban rengeteg kifog\u00e1sa van, hogy ez mi\u00e9rt t\u00f6rt\u00e9nt \u00edgy. T\u00f6bbek k\u00f6z\u00f6tt az egyik ilyen ok Mark berozsd\u00e1sod\u00e1sa, amely els\u0151sorban az \u00faj csapat keres\u00e9s\u00e9nek neh\u00e9z, hull\u00e1mvas\u00fatra eml\u00e9keztet\u0151 id\u0151szak\u00e1ra vezethet\u0151 vissza.","og_url":"https:\/\/www.welovecycling.com\/hu\/orszaguti-kerekpar\/mark-cavendish-talalt-maga-melle-egy-csapatot-es-celba-veszi-a-tour-de-france-t\/","og_site_name":"\u0160koda We Love Cycling - Magyarorsz\u00e1g","article_publisher":"https:\/\/www.facebook.com\/WeLoveCyclingHungary\/","article_published_time":"2023-02-27T06:00:55+00:00","og_image":[{"width":990,"height":660,"url":"https:\/\/d2p6e6u75xmxt8.cloudfront.net\/12\/2023\/02\/Mark-Cavendish-profimedia-0733549583-CVR-1.webp","type":"image\/webp"}],"author":"hegyizs","twitter_card":"summary_large_image","twitter_misc":{"Written by":"Siegfried Mortkowitz","Est. reading time":"4"},"schema":{"@context":"https:\/\/schema.org","@graph":[{"@type":"WebPage","@id":"https:\/\/www.welovecycling.com\/hu\/orszaguti-kerekpar\/mark-cavendish-talalt-maga-melle-egy-csapatot-es-celba-veszi-a-tour-de-france-t\/","url":"https:\/\/www.welovecycling.com\/hu\/orszaguti-kerekpar\/mark-cavendish-talalt-maga-melle-egy-csapatot-es-celba-veszi-a-tour-de-france-t\/","name":"Mark Cavendish tal\u00e1lt maga mell\u00e9 egy csapatot \u00e9s c\u00e9lba veszi a Tour de France-t","isPartOf":{"@id":"https:\/\/www.welovecycling.com\/hu\/#website"},"primaryImageOfPage":{"@id":"https:\/\/www.welovecycling.com\/hu\/orszaguti-kerekpar\/mark-cavendish-talalt-maga-melle-egy-csapatot-es-celba-veszi-a-tour-de-france-t\/#primaryimage"},"image":{"@id":"https:\/\/www.welovecycling.com\/hu\/orszaguti-kerekpar\/mark-cavendish-talalt-maga-melle-egy-csapatot-es-celba-veszi-a-tour-de-france-t\/#primaryimage"},"thumbnailUrl":"https:\/\/d2p6e6u75xmxt8.cloudfront.net\/12\/2023\/02\/Mark-Cavendish-profimedia-0733549583-CVR-1.webp","datePublished":"2023-02-27T06:00:55+00:00","author":{"@id":"https:\/\/www.welovecycling.com\/hu\/#\/schema\/person\/414a2aebf1801691a5320edb6468e194"},"description":"Mark Cavendish 21. helyez\u00e9se az Om\u00e1ni k\u00f6rverseny els\u0151 szakasz\u00e1n nem volt t\u00fal meggy\u0151z\u0151 teljes\u00edtm\u00e9ny. A 37 \u00e9ves versenyz\u0151nek azonban rengeteg kifog\u00e1sa van, hogy ez mi\u00e9rt t\u00f6rt\u00e9nt \u00edgy. T\u00f6bbek k\u00f6z\u00f6tt az egyik ilyen ok Mark berozsd\u00e1sod\u00e1sa, amely els\u0151sorban az \u00faj csapat keres\u00e9s\u00e9nek neh\u00e9z, hull\u00e1mvas\u00fatra eml\u00e9keztet\u0151 id\u0151szak\u00e1ra vezethet\u0151 vissza.","breadcrumb":{"@id":"https:\/\/www.welovecycling.com\/hu\/orszaguti-kerekpar\/mark-cavendish-talalt-maga-melle-egy-csapatot-es-celba-veszi-a-tour-de-france-t\/#breadcrumb"},"inLanguage":"hu","potentialAction":[{"@type":"ReadAction","target":["https:\/\/www.welovecycling.com\/hu\/orszaguti-kerekpar\/mark-cavendish-talalt-maga-melle-egy-csapatot-es-celba-veszi-a-tour-de-france-t\/"]}]},{"@type":"ImageObject","inLanguage":"hu","@id":"https:\/\/www.welovecycling.com\/hu\/orszaguti-kerekpar\/mark-cavendish-talalt-maga-melle-egy-csapatot-es-celba-veszi-a-tour-de-france-t\/#primaryimage","url":"https:\/\/d2p6e6u75xmxt8.cloudfront.net\/12\/2023\/02\/Mark-Cavendish-profimedia-0733549583-CVR-1.webp","contentUrl":"https:\/\/d2p6e6u75xmxt8.cloudfront.net\/12\/2023\/02\/Mark-Cavendish-profimedia-0733549583-CVR-1.webp","width":990,"height":660},{"@type":"BreadcrumbList","@id":"https:\/\/www.welovecycling.com\/hu\/orszaguti-kerekpar\/mark-cavendish-talalt-maga-melle-egy-csapatot-es-celba-veszi-a-tour-de-france-t\/#breadcrumb","itemListElement":[{"@type":"ListItem","position":1,"name":"Home","item":"https:\/\/www.welovecycling.com\/hu\/"},{"@type":"ListItem","position":2,"name":"Mark Cavendish tal\u00e1lt maga mell\u00e9 egy csapatot \u00e9s c\u00e9lba veszi a Tour de France-t"}]},{"@type":"WebSite","@id":"https:\/\/www.welovecycling.com\/hu\/#website","url":"https:\/\/www.welovecycling.com\/hu\/","name":"\u0160koda We Love Cycling - Magyarorsz\u00e1g","description":"\u0160koda WeLoveCycling","potentialAction":[{"@type":"SearchAction","target":{"@type":"EntryPoint","urlTemplate":"https:\/\/www.welovecycling.com\/hu\/?s={search_term_string}"},"query-input":{"@type":"PropertyValueSpecification","valueRequired":true,"valueName":"search_term_string"}}],"inLanguage":"hu"},{"@type":"Person","@id":"https:\/\/www.welovecycling.com\/hu\/#\/schema\/person\/414a2aebf1801691a5320edb6468e194","name":"hegyizs","image":{"@type":"ImageObject","inLanguage":"hu","@id":"https:\/\/www.welovecycling.com\/hu\/#\/schema\/person\/image\/","url":"https:\/\/secure.gravatar.com\/avatar\/02cf8a7906b8cf90cecb4679defac7cfd33a1c2e3b88e4903d947f3bb58eedd3?s=96&d=mm&r=g","contentUrl":"https:\/\/secure.gravatar.com\/avatar\/02cf8a7906b8cf90cecb4679defac7cfd33a1c2e3b88e4903d947f3bb58eedd3?s=96&d=mm&r=g","caption":"hegyizs"},"url":"https:\/\/www.welovecycling.com\/hu\/author\/hegyizs\/"}]}},"_links":{"self":[{"href":"https:\/\/www.welovecycling.com\/hu\/wp-json\/wp\/v2\/posts\/17028","targetHints":{"allow":["GET"]}}],"collection":[{"href":"https:\/\/www.welovecycling.com\/hu\/wp-json\/wp\/v2\/posts"}],"about":[{"href":"https:\/\/www.welovecycling.com\/hu\/wp-json\/wp\/v2\/types\/post"}],"author":[{"embeddable":true,"href":"https:\/\/www.welovecycling.com\/hu\/wp-json\/wp\/v2\/users\/71"}],"replies":[{"embeddable":true,"href":"https:\/\/www.welovecycling.com\/hu\/wp-json\/wp\/v2\/comments?post=17028"}],"version-history":[{"count":1,"href":"https:\/\/www.welovecycling.com\/hu\/wp-json\/wp\/v2\/posts\/17028\/revisions"}],"predecessor-version":[{"id":17031,"href":"https:\/\/www.welovecycling.com\/hu\/wp-json\/wp\/v2\/posts\/17028\/revisions\/17031"}],"wp:featuredmedia":[{"embeddable":true,"href":"https:\/\/www.welovecycling.com\/hu\/wp-json\/wp\/v2\/media\/17030"}],"wp:attachment":[{"href":"https:\/\/www.welovecycling.com\/hu\/wp-json\/wp\/v2\/media?parent=17028"}],"wp:term":[{"taxonomy":"category","embeddable":true,"href":"https:\/\/www.welovecycling.com\/hu\/wp-json\/wp\/v2\/categories?post=17028"},{"taxonomy":"post_tag","embeddable":true,"href":"https:\/\/www.welovecycling.com\/hu\/wp-json\/wp\/v2\/tags?post=17028"},{"taxonomy":"global-categories","embeddable":true,"href":"https:\/\/www.welovecycling.com\/hu\/wp-json\/wp\/v2\/global-categories?post=17028"}],"curies":[{"name":"wp","href":"https:\/\/api.w.org\/{rel}","templated":true}]}}