{"id":17019,"date":"2023-02-19T08:00:50","date_gmt":"2023-02-19T06:00:50","guid":{"rendered":"https:\/\/www.welovecycling.com\/hu\/?p=17019"},"modified":"2023-02-17T15:07:18","modified_gmt":"2023-02-17T13:07:18","slug":"szezon-eleji-formak-van-wilder-alaphilippe-ezett-egyet-pidcockot-lokesert-buntettek","status":"publish","type":"post","link":"https:\/\/www.welovecycling.com\/hu\/orszaguti-kerekpar\/szezon-eleji-formak-van-wilder-alaphilippe-ezett-egyet-pidcockot-lokesert-buntettek\/","title":{"rendered":"Szezon eleji form\u00e1k: Van Wilder \u201ealaphilippe-ezett\u201d egyet, Pidcockot l\u00f6k\u00e9s\u00e9rt b\u00fcntett\u00e9k"},"content":{"rendered":"<p><strong>A QuickStep belg\u00e1ja elk\u00e9peszt\u0151 m\u00f3don bukta el \u00e9lete els\u0151 profi gy\u0151zelm\u00e9t, m\u00edg a sokoldal\u00fa brit klasszis ezek ut\u00e1n k\u00f6ny\u00f6k\u00f6lni is jobban megtanul majd.<\/strong><\/p>\n<p><!--more--><\/p>\n<p>Kinek jobban, kinek rosszabbul siker\u00fclnek az \u00e9v eleji \u201efinomhangol\u00e1sra\u201d szolg\u00e1l\u00f3 versenyek. A tavalyi szezonja ut\u00e1n id\u00e9n extr\u00e1n motiv\u00e1lt Tadej Poga\u010dar p\u00e9ld\u00e1ul h\u00e1romb\u00f3l h\u00e1rommal kezdte a 2023-as versenyid\u00e9nyt: a Ja\u00e9n Paraiso Interior egynapos\u00e1n aratott gy\u0151zelme ut\u00e1n az andal\u00faz k\u00f6r\u00f6n is k\u00e9t ragyog\u00f3 szakaszgy\u0151zelemmel nyitott (itt versenyez a Kometa magyarja, Fetter Erik is).<\/p>\n<figure id=\"attachment_17023\" aria-describedby=\"caption-attachment-17023\" style=\"width: 855px\" class=\"wp-caption alignnone\"><img loading=\"lazy\" decoding=\"async\" class=\"size-full wp-image-17023\" src=\"https:\/\/d2p6e6u75xmxt8.cloudfront.net\/12\/2023\/02\/Vuelta-Andalucia-etapa-1_thumb.webp\" alt=\"\" width=\"855\" height=\"481\" srcset=\"https:\/\/d2p6e6u75xmxt8.cloudfront.net\/12\/2023\/02\/Vuelta-Andalucia-etapa-1_thumb.webp 855w, https:\/\/d2p6e6u75xmxt8.cloudfront.net\/12\/2023\/02\/Vuelta-Andalucia-etapa-1_thumb-300x169.webp 300w, https:\/\/d2p6e6u75xmxt8.cloudfront.net\/12\/2023\/02\/Vuelta-Andalucia-etapa-1_thumb-768x432.webp 768w, https:\/\/d2p6e6u75xmxt8.cloudfront.net\/12\/2023\/02\/Vuelta-Andalucia-etapa-1_thumb-400x225.webp 400w\" sizes=\"auto, (max-width: 855px) 100vw, 855px\" \/><figcaption id=\"caption-attachment-17023\" class=\"wp-caption-text\">Poga\u010dar remek sz\u00f3l\u00f3gy\u0151zelemmel ind\u00edtott Andal\u00fazi\u00e1ban<\/figcaption><\/figure>\n<p>Akadnak azonban, akiken egyel\u0151re m\u00e9g jobban megl\u00e1tsz\u00f3dik a szezon eleji forma. A QuickStep (pontosabban, id\u00e9n hivatalosan m\u00e1r Soudal-QuickStep) belga tehets\u00e9ge, Ilan Van Wilder p\u00e9ld\u00e1ul eg\u00e9szen ban\u00e1lis m\u00f3don cs\u00faszott le \u00e9lete els\u0151 profi gy\u0151zelm\u00e9r\u0151l Portug\u00e1li\u00e1ban, a Volta ao Algarv\u00e9n. Van Wilder a m\u00e1sodik szakasz befut\u00f3j\u00e1n\u00e1l m\u00e1r a sz\u00e1j\u00e1ban \u00e9rezhette a v\u00e1rva v\u00e1rt siker \u00edz\u00e9t, csakhogy ezt egy kiss\u00e9 kor\u00e1n tette: t\u00fal hamar kezdett el \u00fcnnepelni a c\u00e9lvonal el\u0151tt, \u00edgy a d\u00e1n fenegyerek, Magnus Cort m\u00e9g egy egy \u00f3ri\u00e1si bringabel\u00f6k\u00e9ssel meg tudta el\u0151zni az utols\u00f3 ut\u00e1ni pillanatban, sz\u00f3 szerint millim\u00e9terekkel. A 22 \u00e9ves sr\u00e1cot legfeljebb az vigasztalhatja, hogy l\u00e1ttunk m\u00e1r ilyen esetet kor\u00e1bban is, a legnagyobbakt\u00f3l is; az egyik legeml\u00e9kezetesebb a 2020-as Liege\u2013Bastogne\u2013Liege v\u00e9gj\u00e1t\u00e9k\u00e1r\u00f3l dat\u00e1l\u00f3dik, amikor jelenlegi csapatt\u00e1rsa, az akkor \u00e9ppen vil\u00e1gbajnoki c\u00edmv\u00e9d\u0151 Julian Alaphilippe sz\u00f3rakozta el ugyanilyen m\u00f3don nagy gy\u0151zelm\u00e9t a szemf\u00fcles Primoz Rogli\u010d el\u0151tt. Szeg\u00e9ny Van Wilder ut\u00f3bb jobb h\u00edj\u00e1n mind\u00f6ssze ennyit tudott mondott keser\u0171 \u00f6nkritik\u00e1val vegy\u00edtve: \u201e<em>Egy kiss\u00e9 h\u00fclye voltam, de most m\u00e1r mit tudok csin\u00e1lni\u2026? Csal\u00f3dott vagyok, ez minden, amit mondani tudok.\u201d<\/em><\/p>\n<figure id=\"attachment_17022\" aria-describedby=\"caption-attachment-17022\" style=\"width: 960px\" class=\"wp-caption alignnone\"><img loading=\"lazy\" decoding=\"async\" class=\"size-full wp-image-17022\" src=\"https:\/\/d2p6e6u75xmxt8.cloudfront.net\/12\/2023\/02\/NINTCHDBPICT000612378315.webp\" alt=\"\" width=\"960\" height=\"640\" srcset=\"https:\/\/d2p6e6u75xmxt8.cloudfront.net\/12\/2023\/02\/NINTCHDBPICT000612378315.webp 960w, https:\/\/d2p6e6u75xmxt8.cloudfront.net\/12\/2023\/02\/NINTCHDBPICT000612378315-300x200.webp 300w, https:\/\/d2p6e6u75xmxt8.cloudfront.net\/12\/2023\/02\/NINTCHDBPICT000612378315-768x512.webp 768w, https:\/\/d2p6e6u75xmxt8.cloudfront.net\/12\/2023\/02\/NINTCHDBPICT000612378315-400x267.webp 400w, https:\/\/d2p6e6u75xmxt8.cloudfront.net\/12\/2023\/02\/NINTCHDBPICT000612378315-272x182.webp 272w\" sizes=\"auto, (max-width: 960px) 100vw, 960px\" \/><figcaption id=\"caption-attachment-17022\" class=\"wp-caption-text\">Az eml\u00e9kezetes 2020-as eset: Alaphilippe a vil\u00e1gbajnoki trik\u00f3ban \u00fcnnepelve marad hoppon (fot\u00f3: AP)<\/figcaption><\/figure>\n<p>Az Algarve egy m\u00e1sik klasszis, Tom Pidcock sz\u00e1m\u00e1ra is tanul\u00f3p\u00e9nz\u00fcl szolg\u00e1lt, csak eg\u00e9szen m\u00e1shogyan. A sokoldal\u00fa, hegyiker\u00e9kp\u00e1rban olimpiai bajnok, cyclocrossban vil\u00e1gbajnok brit kiv\u00e1l\u00f3s\u00e1g most \u00fajabb oldal\u00e1t csillogtatta meg, a nyit\u00f3 etapon n\u00e9mi meglepet\u00e9sre ott volt a sprintbefut\u00f3ban, \u00e9s v\u00e9g\u00fcl \u00f6t\u00f6dik helyen v\u00e9gzett a m\u0171faj men\u0151ivel csat\u00e1zva. Igen \u00e1m, csakhogy ut\u00f3bb megb\u00fcntett\u00e9k \u00e9s a mez\u0151ny v\u00e9g\u00e9re sorolt\u00e1k, mert mint kider\u00fclt, a nagy helyezked\u00e9sben az utols\u00f3 200 m\u00e9teren bel\u00fcl k\u00e9zzel j\u00f3l l\u00e1that\u00f3an taszajtott egy nagyot egyik riv\u00e1lis\u00e1n, Luis Mendonc\u00e1n, a balesetvesz\u00e9lyes man\u0151ver nyom\u00e1n csak hajsz\u00e1l h\u00edja volt, hogy nem t\u00f6rt\u00e9nt buk\u00e1s. Pidcock az \u00f6sszetettben v\u00e9g\u00fcl nem vesz\u00edtett id\u0151t, a szankci\u00f3t pedig elfogadta, mondv\u00e1n, \u00e9rti, mi\u00e9rt kapta a b\u00fcntet\u00e9st \u2013 hozz\u00e1tette ugyanakkor, hogy nem sz\u00e1nd\u00e9kosan, hanem \u00f6szt\u00f6n\u00f6sen cselekedett, mert t\u00fal nagy sebess\u00e9ggel \u00e9s t\u00fal k\u00f6zel ment hozz\u00e1 az ellenf\u00e9l. Konkl\u00fazi\u00f3k\u00e9nt pedig \u00e9rdekess\u00e9gk\u00e9pp azt vonta le, hogy ezek ut\u00e1n majd a k\u00f6ny\u00f6k\u00e9t kell ink\u00e1bb haszn\u00e1lnia hasonl\u00f3 szitu\u00e1ci\u00f3kban, ak\u00e1rcsak a sprinterkir\u00e1lyok\u2026<\/p>\n<figure id=\"attachment_17021\" aria-describedby=\"caption-attachment-17021\" style=\"width: 1024px\" class=\"wp-caption alignnone\"><img loading=\"lazy\" decoding=\"async\" class=\"size-large wp-image-17021\" src=\"https:\/\/d2p6e6u75xmxt8.cloudfront.net\/12\/2023\/02\/https-__s3-newsifier.ams3_.digitaloceanspaces.com_www.indeleiderstrui.nl_images_2023-01_tom-pidcock-3-63b2ae3e9272b-1024x768.webp\" alt=\"\" width=\"1024\" height=\"768\" srcset=\"https:\/\/d2p6e6u75xmxt8.cloudfront.net\/12\/2023\/02\/https-__s3-newsifier.ams3_.digitaloceanspaces.com_www.indeleiderstrui.nl_images_2023-01_tom-pidcock-3-63b2ae3e9272b-1024x768.webp 1024w, https:\/\/d2p6e6u75xmxt8.cloudfront.net\/12\/2023\/02\/https-__s3-newsifier.ams3_.digitaloceanspaces.com_www.indeleiderstrui.nl_images_2023-01_tom-pidcock-3-63b2ae3e9272b-300x225.webp 300w, https:\/\/d2p6e6u75xmxt8.cloudfront.net\/12\/2023\/02\/https-__s3-newsifier.ams3_.digitaloceanspaces.com_www.indeleiderstrui.nl_images_2023-01_tom-pidcock-3-63b2ae3e9272b-768x576.webp 768w, https:\/\/d2p6e6u75xmxt8.cloudfront.net\/12\/2023\/02\/https-__s3-newsifier.ams3_.digitaloceanspaces.com_www.indeleiderstrui.nl_images_2023-01_tom-pidcock-3-63b2ae3e9272b-400x300.webp 400w, https:\/\/d2p6e6u75xmxt8.cloudfront.net\/12\/2023\/02\/https-__s3-newsifier.ams3_.digitaloceanspaces.com_www.indeleiderstrui.nl_images_2023-01_tom-pidcock-3-63b2ae3e9272b.webp 1200w\" sizes=\"auto, (max-width: 1024px) 100vw, 1024px\" \/><figcaption id=\"caption-attachment-17021\" class=\"wp-caption-text\">Tom Pidcock legk\u00f6zelebb jobban figyel majd (fot\u00f3: Ineos Grenadiers)<\/figcaption><\/figure>\n<p><em>Bor\u00edt\u00f3k\u00e9p: Getty<\/em><\/p>\n","protected":false},"excerpt":{"rendered":"<p>A QuickStep belg\u00e1ja elk\u00e9peszt\u0151 m\u00f3don bukta el \u00e9lete els\u0151 profi gy\u0151zelm\u00e9t, m\u00edg a sokoldal\u00fa brit klasszis ezek ut\u00e1n k\u00f6ny\u00f6k\u00f6lni is [&hellip;]<\/p>\n","protected":false},"author":71,"featured_media":17020,"comment_status":"open","ping_status":"open","sticky":false,"template":"","format":"standard","meta":{"footnotes":""},"categories":[8],"tags":[],"global-categories":[],"class_list":["post-17019","post","type-post","status-publish","format-standard","has-post-thumbnail","hentry","category-orszaguti-kerekpar"],"yoast_head":"<!-- This site is optimized with the Yoast SEO Premium plugin v25.3 (Yoast SEO v25.9) - https:\/\/yoast.com\/wordpress\/plugins\/seo\/ -->\n<title>Szezon eleji form\u00e1k: Van Wilder \u201ealaphilippe-ezett\u201d egyet, Pidcockot l\u00f6k\u00e9s\u00e9rt b\u00fcntett\u00e9k<\/title>\n<meta name=\"description\" content=\"A QuickStep belg\u00e1ja elk\u00e9peszt\u0151 m\u00f3don bukta el \u00e9lete els\u0151 profi gy\u0151zelm\u00e9t, m\u00edg a sokoldal\u00fa brit klasszis ezek ut\u00e1n k\u00f6ny\u00f6k\u00f6lni is jobban megtanul majd.\" \/>\n<meta name=\"robots\" content=\"index, follow, max-snippet:-1, max-image-preview:large, max-video-preview:-1\" \/>\n<link rel=\"canonical\" href=\"https:\/\/www.welovecycling.com\/hu\/orszaguti-kerekpar\/szezon-eleji-formak-van-wilder-alaphilippe-ezett-egyet-pidcockot-lokesert-buntettek\/\" \/>\n<meta property=\"og:locale\" content=\"hu_HU\" \/>\n<meta property=\"og:type\" content=\"article\" \/>\n<meta property=\"og:title\" content=\"Szezon eleji form\u00e1k: Van Wilder \u201ealaphilippe-ezett\u201d egyet, Pidcockot l\u00f6k\u00e9s\u00e9rt b\u00fcntett\u00e9k\" \/>\n<meta property=\"og:description\" content=\"A QuickStep belg\u00e1ja elk\u00e9peszt\u0151 m\u00f3don bukta el \u00e9lete els\u0151 profi gy\u0151zelm\u00e9t, m\u00edg a sokoldal\u00fa brit klasszis ezek ut\u00e1n k\u00f6ny\u00f6k\u00f6lni is jobban megtanul majd.\" \/>\n<meta property=\"og:url\" content=\"https:\/\/www.welovecycling.com\/hu\/orszaguti-kerekpar\/szezon-eleji-formak-van-wilder-alaphilippe-ezett-egyet-pidcockot-lokesert-buntettek\/\" \/>\n<meta property=\"og:site_name\" content=\"\u0160koda We Love Cycling - Magyarorsz\u00e1g\" \/>\n<meta property=\"article:publisher\" content=\"https:\/\/www.facebook.com\/WeLoveCyclingHungary\/\" \/>\n<meta property=\"article:published_time\" content=\"2023-02-19T06:00:50+00:00\" \/>\n<meta property=\"og:image\" content=\"https:\/\/d2p6e6u75xmxt8.cloudfront.net\/12\/2023\/02\/axTrC2SfMwxsGa2vEiZEL7-970-80.jpg-1.webp\" \/>\n\t<meta property=\"og:image:width\" content=\"970\" \/>\n\t<meta property=\"og:image:height\" content=\"648\" \/>\n\t<meta property=\"og:image:type\" content=\"image\/webp\" \/>\n<meta name=\"author\" content=\"hegyizs\" \/>\n<meta name=\"twitter:card\" content=\"summary_large_image\" \/>\n<meta name=\"twitter:label1\" content=\"Written by\" \/>\n\t<meta name=\"twitter:data1\" content=\"WLC\" \/>\n\t<meta name=\"twitter:label2\" content=\"Est. reading time\" \/>\n\t<meta name=\"twitter:data2\" content=\"3 minutes\" \/>\n<script type=\"application\/ld+json\" class=\"yoast-schema-graph\">{\"@context\":\"https:\/\/schema.org\",\"@graph\":[{\"@type\":\"WebPage\",\"@id\":\"https:\/\/www.welovecycling.com\/hu\/orszaguti-kerekpar\/szezon-eleji-formak-van-wilder-alaphilippe-ezett-egyet-pidcockot-lokesert-buntettek\/\",\"url\":\"https:\/\/www.welovecycling.com\/hu\/orszaguti-kerekpar\/szezon-eleji-formak-van-wilder-alaphilippe-ezett-egyet-pidcockot-lokesert-buntettek\/\",\"name\":\"Szezon eleji form\u00e1k: Van Wilder \u201ealaphilippe-ezett\u201d egyet, Pidcockot l\u00f6k\u00e9s\u00e9rt b\u00fcntett\u00e9k\",\"isPartOf\":{\"@id\":\"https:\/\/www.welovecycling.com\/hu\/#website\"},\"primaryImageOfPage\":{\"@id\":\"https:\/\/www.welovecycling.com\/hu\/orszaguti-kerekpar\/szezon-eleji-formak-van-wilder-alaphilippe-ezett-egyet-pidcockot-lokesert-buntettek\/#primaryimage\"},\"image\":{\"@id\":\"https:\/\/www.welovecycling.com\/hu\/orszaguti-kerekpar\/szezon-eleji-formak-van-wilder-alaphilippe-ezett-egyet-pidcockot-lokesert-buntettek\/#primaryimage\"},\"thumbnailUrl\":\"https:\/\/d2p6e6u75xmxt8.cloudfront.net\/12\/2023\/02\/axTrC2SfMwxsGa2vEiZEL7-970-80.jpg-1.webp\",\"datePublished\":\"2023-02-19T06:00:50+00:00\",\"author\":{\"@id\":\"https:\/\/www.welovecycling.com\/hu\/#\/schema\/person\/414a2aebf1801691a5320edb6468e194\"},\"description\":\"A QuickStep belg\u00e1ja elk\u00e9peszt\u0151 m\u00f3don bukta el \u00e9lete els\u0151 profi gy\u0151zelm\u00e9t, m\u00edg a sokoldal\u00fa brit klasszis ezek ut\u00e1n k\u00f6ny\u00f6k\u00f6lni is jobban megtanul majd.\",\"breadcrumb\":{\"@id\":\"https:\/\/www.welovecycling.com\/hu\/orszaguti-kerekpar\/szezon-eleji-formak-van-wilder-alaphilippe-ezett-egyet-pidcockot-lokesert-buntettek\/#breadcrumb\"},\"inLanguage\":\"hu\",\"potentialAction\":[{\"@type\":\"ReadAction\",\"target\":[\"https:\/\/www.welovecycling.com\/hu\/orszaguti-kerekpar\/szezon-eleji-formak-van-wilder-alaphilippe-ezett-egyet-pidcockot-lokesert-buntettek\/\"]}]},{\"@type\":\"ImageObject\",\"inLanguage\":\"hu\",\"@id\":\"https:\/\/www.welovecycling.com\/hu\/orszaguti-kerekpar\/szezon-eleji-formak-van-wilder-alaphilippe-ezett-egyet-pidcockot-lokesert-buntettek\/#primaryimage\",\"url\":\"https:\/\/d2p6e6u75xmxt8.cloudfront.net\/12\/2023\/02\/axTrC2SfMwxsGa2vEiZEL7-970-80.jpg-1.webp\",\"contentUrl\":\"https:\/\/d2p6e6u75xmxt8.cloudfront.net\/12\/2023\/02\/axTrC2SfMwxsGa2vEiZEL7-970-80.jpg-1.webp\",\"width\":970,\"height\":648},{\"@type\":\"BreadcrumbList\",\"@id\":\"https:\/\/www.welovecycling.com\/hu\/orszaguti-kerekpar\/szezon-eleji-formak-van-wilder-alaphilippe-ezett-egyet-pidcockot-lokesert-buntettek\/#breadcrumb\",\"itemListElement\":[{\"@type\":\"ListItem\",\"position\":1,\"name\":\"Home\",\"item\":\"https:\/\/www.welovecycling.com\/hu\/\"},{\"@type\":\"ListItem\",\"position\":2,\"name\":\"Szezon eleji form\u00e1k: Van Wilder \u201ealaphilippe-ezett\u201d egyet, Pidcockot l\u00f6k\u00e9s\u00e9rt b\u00fcntett\u00e9k\"}]},{\"@type\":\"WebSite\",\"@id\":\"https:\/\/www.welovecycling.com\/hu\/#website\",\"url\":\"https:\/\/www.welovecycling.com\/hu\/\",\"name\":\"\u0160koda We Love Cycling - Magyarorsz\u00e1g\",\"description\":\"\u0160koda WeLoveCycling\",\"potentialAction\":[{\"@type\":\"SearchAction\",\"target\":{\"@type\":\"EntryPoint\",\"urlTemplate\":\"https:\/\/www.welovecycling.com\/hu\/?s={search_term_string}\"},\"query-input\":{\"@type\":\"PropertyValueSpecification\",\"valueRequired\":true,\"valueName\":\"search_term_string\"}}],\"inLanguage\":\"hu\"},{\"@type\":\"Person\",\"@id\":\"https:\/\/www.welovecycling.com\/hu\/#\/schema\/person\/414a2aebf1801691a5320edb6468e194\",\"name\":\"hegyizs\",\"image\":{\"@type\":\"ImageObject\",\"inLanguage\":\"hu\",\"@id\":\"https:\/\/www.welovecycling.com\/hu\/#\/schema\/person\/image\/\",\"url\":\"https:\/\/secure.gravatar.com\/avatar\/02cf8a7906b8cf90cecb4679defac7cfd33a1c2e3b88e4903d947f3bb58eedd3?s=96&d=mm&r=g\",\"contentUrl\":\"https:\/\/secure.gravatar.com\/avatar\/02cf8a7906b8cf90cecb4679defac7cfd33a1c2e3b88e4903d947f3bb58eedd3?s=96&d=mm&r=g\",\"caption\":\"hegyizs\"},\"url\":\"https:\/\/www.welovecycling.com\/hu\/author\/hegyizs\/\"}]}<\/script>\n<!-- \/ Yoast SEO Premium plugin. -->","yoast_head_json":{"title":"Szezon eleji form\u00e1k: Van Wilder \u201ealaphilippe-ezett\u201d egyet, Pidcockot l\u00f6k\u00e9s\u00e9rt b\u00fcntett\u00e9k","description":"A QuickStep belg\u00e1ja elk\u00e9peszt\u0151 m\u00f3don bukta el \u00e9lete els\u0151 profi gy\u0151zelm\u00e9t, m\u00edg a sokoldal\u00fa brit klasszis ezek ut\u00e1n k\u00f6ny\u00f6k\u00f6lni is jobban megtanul majd.","robots":{"index":"index","follow":"follow","max-snippet":"max-snippet:-1","max-image-preview":"max-image-preview:large","max-video-preview":"max-video-preview:-1"},"canonical":"https:\/\/www.welovecycling.com\/hu\/orszaguti-kerekpar\/szezon-eleji-formak-van-wilder-alaphilippe-ezett-egyet-pidcockot-lokesert-buntettek\/","og_locale":"hu_HU","og_type":"article","og_title":"Szezon eleji form\u00e1k: Van Wilder \u201ealaphilippe-ezett\u201d egyet, Pidcockot l\u00f6k\u00e9s\u00e9rt b\u00fcntett\u00e9k","og_description":"A QuickStep belg\u00e1ja elk\u00e9peszt\u0151 m\u00f3don bukta el \u00e9lete els\u0151 profi gy\u0151zelm\u00e9t, m\u00edg a sokoldal\u00fa brit klasszis ezek ut\u00e1n k\u00f6ny\u00f6k\u00f6lni is jobban megtanul majd.","og_url":"https:\/\/www.welovecycling.com\/hu\/orszaguti-kerekpar\/szezon-eleji-formak-van-wilder-alaphilippe-ezett-egyet-pidcockot-lokesert-buntettek\/","og_site_name":"\u0160koda We Love Cycling - Magyarorsz\u00e1g","article_publisher":"https:\/\/www.facebook.com\/WeLoveCyclingHungary\/","article_published_time":"2023-02-19T06:00:50+00:00","og_image":[{"width":970,"height":648,"url":"https:\/\/d2p6e6u75xmxt8.cloudfront.net\/12\/2023\/02\/axTrC2SfMwxsGa2vEiZEL7-970-80.jpg-1.webp","type":"image\/webp"}],"author":"hegyizs","twitter_card":"summary_large_image","twitter_misc":{"Written by":"WLC","Est. reading time":"3 minutes"},"schema":{"@context":"https:\/\/schema.org","@graph":[{"@type":"WebPage","@id":"https:\/\/www.welovecycling.com\/hu\/orszaguti-kerekpar\/szezon-eleji-formak-van-wilder-alaphilippe-ezett-egyet-pidcockot-lokesert-buntettek\/","url":"https:\/\/www.welovecycling.com\/hu\/orszaguti-kerekpar\/szezon-eleji-formak-van-wilder-alaphilippe-ezett-egyet-pidcockot-lokesert-buntettek\/","name":"Szezon eleji form\u00e1k: Van Wilder \u201ealaphilippe-ezett\u201d egyet, Pidcockot l\u00f6k\u00e9s\u00e9rt b\u00fcntett\u00e9k","isPartOf":{"@id":"https:\/\/www.welovecycling.com\/hu\/#website"},"primaryImageOfPage":{"@id":"https:\/\/www.welovecycling.com\/hu\/orszaguti-kerekpar\/szezon-eleji-formak-van-wilder-alaphilippe-ezett-egyet-pidcockot-lokesert-buntettek\/#primaryimage"},"image":{"@id":"https:\/\/www.welovecycling.com\/hu\/orszaguti-kerekpar\/szezon-eleji-formak-van-wilder-alaphilippe-ezett-egyet-pidcockot-lokesert-buntettek\/#primaryimage"},"thumbnailUrl":"https:\/\/d2p6e6u75xmxt8.cloudfront.net\/12\/2023\/02\/axTrC2SfMwxsGa2vEiZEL7-970-80.jpg-1.webp","datePublished":"2023-02-19T06:00:50+00:00","author":{"@id":"https:\/\/www.welovecycling.com\/hu\/#\/schema\/person\/414a2aebf1801691a5320edb6468e194"},"description":"A QuickStep belg\u00e1ja elk\u00e9peszt\u0151 m\u00f3don bukta el \u00e9lete els\u0151 profi gy\u0151zelm\u00e9t, m\u00edg a sokoldal\u00fa brit klasszis ezek ut\u00e1n k\u00f6ny\u00f6k\u00f6lni is jobban megtanul majd.","breadcrumb":{"@id":"https:\/\/www.welovecycling.com\/hu\/orszaguti-kerekpar\/szezon-eleji-formak-van-wilder-alaphilippe-ezett-egyet-pidcockot-lokesert-buntettek\/#breadcrumb"},"inLanguage":"hu","potentialAction":[{"@type":"ReadAction","target":["https:\/\/www.welovecycling.com\/hu\/orszaguti-kerekpar\/szezon-eleji-formak-van-wilder-alaphilippe-ezett-egyet-pidcockot-lokesert-buntettek\/"]}]},{"@type":"ImageObject","inLanguage":"hu","@id":"https:\/\/www.welovecycling.com\/hu\/orszaguti-kerekpar\/szezon-eleji-formak-van-wilder-alaphilippe-ezett-egyet-pidcockot-lokesert-buntettek\/#primaryimage","url":"https:\/\/d2p6e6u75xmxt8.cloudfront.net\/12\/2023\/02\/axTrC2SfMwxsGa2vEiZEL7-970-80.jpg-1.webp","contentUrl":"https:\/\/d2p6e6u75xmxt8.cloudfront.net\/12\/2023\/02\/axTrC2SfMwxsGa2vEiZEL7-970-80.jpg-1.webp","width":970,"height":648},{"@type":"BreadcrumbList","@id":"https:\/\/www.welovecycling.com\/hu\/orszaguti-kerekpar\/szezon-eleji-formak-van-wilder-alaphilippe-ezett-egyet-pidcockot-lokesert-buntettek\/#breadcrumb","itemListElement":[{"@type":"ListItem","position":1,"name":"Home","item":"https:\/\/www.welovecycling.com\/hu\/"},{"@type":"ListItem","position":2,"name":"Szezon eleji form\u00e1k: Van Wilder \u201ealaphilippe-ezett\u201d egyet, Pidcockot l\u00f6k\u00e9s\u00e9rt b\u00fcntett\u00e9k"}]},{"@type":"WebSite","@id":"https:\/\/www.welovecycling.com\/hu\/#website","url":"https:\/\/www.welovecycling.com\/hu\/","name":"\u0160koda We Love Cycling - Magyarorsz\u00e1g","description":"\u0160koda WeLoveCycling","potentialAction":[{"@type":"SearchAction","target":{"@type":"EntryPoint","urlTemplate":"https:\/\/www.welovecycling.com\/hu\/?s={search_term_string}"},"query-input":{"@type":"PropertyValueSpecification","valueRequired":true,"valueName":"search_term_string"}}],"inLanguage":"hu"},{"@type":"Person","@id":"https:\/\/www.welovecycling.com\/hu\/#\/schema\/person\/414a2aebf1801691a5320edb6468e194","name":"hegyizs","image":{"@type":"ImageObject","inLanguage":"hu","@id":"https:\/\/www.welovecycling.com\/hu\/#\/schema\/person\/image\/","url":"https:\/\/secure.gravatar.com\/avatar\/02cf8a7906b8cf90cecb4679defac7cfd33a1c2e3b88e4903d947f3bb58eedd3?s=96&d=mm&r=g","contentUrl":"https:\/\/secure.gravatar.com\/avatar\/02cf8a7906b8cf90cecb4679defac7cfd33a1c2e3b88e4903d947f3bb58eedd3?s=96&d=mm&r=g","caption":"hegyizs"},"url":"https:\/\/www.welovecycling.com\/hu\/author\/hegyizs\/"}]}},"_links":{"self":[{"href":"https:\/\/www.welovecycling.com\/hu\/wp-json\/wp\/v2\/posts\/17019","targetHints":{"allow":["GET"]}}],"collection":[{"href":"https:\/\/www.welovecycling.com\/hu\/wp-json\/wp\/v2\/posts"}],"about":[{"href":"https:\/\/www.welovecycling.com\/hu\/wp-json\/wp\/v2\/types\/post"}],"author":[{"embeddable":true,"href":"https:\/\/www.welovecycling.com\/hu\/wp-json\/wp\/v2\/users\/71"}],"replies":[{"embeddable":true,"href":"https:\/\/www.welovecycling.com\/hu\/wp-json\/wp\/v2\/comments?post=17019"}],"version-history":[{"count":1,"href":"https:\/\/www.welovecycling.com\/hu\/wp-json\/wp\/v2\/posts\/17019\/revisions"}],"predecessor-version":[{"id":17024,"href":"https:\/\/www.welovecycling.com\/hu\/wp-json\/wp\/v2\/posts\/17019\/revisions\/17024"}],"wp:featuredmedia":[{"embeddable":true,"href":"https:\/\/www.welovecycling.com\/hu\/wp-json\/wp\/v2\/media\/17020"}],"wp:attachment":[{"href":"https:\/\/www.welovecycling.com\/hu\/wp-json\/wp\/v2\/media?parent=17019"}],"wp:term":[{"taxonomy":"category","embeddable":true,"href":"https:\/\/www.welovecycling.com\/hu\/wp-json\/wp\/v2\/categories?post=17019"},{"taxonomy":"post_tag","embeddable":true,"href":"https:\/\/www.welovecycling.com\/hu\/wp-json\/wp\/v2\/tags?post=17019"},{"taxonomy":"global-categories","embeddable":true,"href":"https:\/\/www.welovecycling.com\/hu\/wp-json\/wp\/v2\/global-categories?post=17019"}],"curies":[{"name":"wp","href":"https:\/\/api.w.org\/{rel}","templated":true}]}}