{"id":17009,"date":"2023-02-21T08:00:12","date_gmt":"2023-02-21T06:00:12","guid":{"rendered":"https:\/\/www.welovecycling.com\/hu\/?p=17009"},"modified":"2023-02-17T15:09:05","modified_gmt":"2023-02-17T13:09:05","slug":"kerekpar-ujrahasznositas-hasznald-jo-celokra-regi-bicikli-alkatreszeidet","status":"publish","type":"post","link":"https:\/\/www.welovecycling.com\/hu\/kozosseg-es-kultura\/kerekpar-ujrahasznositas-hasznald-jo-celokra-regi-bicikli-alkatreszeidet\/","title":{"rendered":"Ker\u00e9kp\u00e1r \u00fajrahasznos\u00edt\u00e1s \u2013 Haszn\u00e1ld j\u00f3 c\u00e9lokra r\u00e9gi bicikli alkatr\u00e9szeidet"},"content":{"rendered":"<p><strong>Hozz\u00e1m hasonl\u00f3an te is azok k\u00f6z\u00e9 tartozol, akik olyan ker\u00e9kp\u00e1rokat tartanak a gar\u00e1zsban, amiket nagy val\u00f3sz\u00edn\u0171s\u00e9ggel soha t\u00f6bb\u00e9 nem fognak haszn\u00e1lni? Vagy esetleg azoknak az emberek a csoportj\u00e1t gazdag\u00edtod, akik &#8220;csak a biztons\u00e1g kedv\u00e9\u00e9rt&#8221; felhalmoznak egy csom\u00f3 p\u00f3talkatr\u00e9szt, gondolva, hogy egy nap biztos sz\u00fcks\u00e9g lesz r\u00e1juk, csak az\u00e9rt, hogy \u00e9vekkel k\u00e9s\u0151bb, amikor m\u00e1r teljesen elfelejtett\u00e9k, hogy l\u00e9teznek, megtal\u00e1lj\u00e1k ezeket egy dobozban a szekr\u00e9ny tetej\u00e9n? Nos, mi\u00e9rt nem hasznos\u00edtod ink\u00e1bb \u00fajra \u0151ket?<\/strong><\/p>\n<p><!--more--><\/p>\n<p>Ha van egy olyan ker\u00e9kp\u00e1rod, amit szeretn\u00e9l \u00fajrahasznos\u00edtani, ez a cikk neked sz\u00f3l.<\/p>\n<h2><strong>A cip\u0151d \u00fajrafut\u00f3z\u00e1sa <\/strong><\/h2>\n<p>Felhagyt\u00e1l a bicikliz\u00e9ssel a fut\u00e1s jav\u00e1ra? Azt m\u00e1r nem! De ha van egy r\u00e9gi, haszn\u00e1lhatatlan gumiabroncsod \u00e9s egy p\u00e1r cip\u0151d, aminek m\u00e1r nincs fut\u00f3fel\u00fclete, akkor haszn\u00e1ld fel a ker\u00e9kp\u00e1rgumit.<\/p>\n<p>V\u00e1gd cs\u00edkokra a gumiabroncsot, lap\u00edtsd ki \u0151ket, majd ragaszd hossz\u00e1ban a cip\u0151 alj\u00e1ra. V\u00e1gd le a cip\u0151 talpa k\u00f6r\u00fcli felesleges r\u00e9szeket \u00e9s voil\u00e0! Az edz\u0151cip\u0151d m\u00e9g n\u00e9h\u00e1ny kilom\u00e9terig biztosan j\u00f3 lesz (a hossz\u00fa \u00e9lettartam nem garant\u00e1lt).<\/p>\n<h2><strong>K\u00e9sz\u00edts egy \u00f6vet<\/strong><\/h2>\n<p>Ha a cip\u0151d megjav\u00edt\u00e1sa ut\u00e1n maradt m\u00e9g egy kis tartal\u00e9k gumiabroncsod, mi\u00e9rt ne k\u00e9sz\u00edten\u00e9l bel\u0151le egy \u00f6vet? A b\u0151r dr\u00e1ga, pr\u00f3b\u00e1ld ki ezt az alternat\u00edv\u00e1! Ak\u00e1r m\u00e9g \u00faj divatot is teremthetsz.<\/p>\n<p>Haszn\u00e1lj egy m\u00e1sik \u00f6vet mintak\u00e9nt, hogy k\u00f6nny\u0171 legyen meghat\u00e1rozni a k\u00edv\u00e1nt m\u00e9retet. Emellett sz\u00fcks\u00e9ged lesz m\u00e9g n\u00e9h\u00e1ny extra darabra, p\u00e9ld\u00e1ul egy csatra, de ezt leveheted egy r\u00e9gi \u00f6vr\u0151l, \u00edgy egyszerre k\u00e9t dolgot hasznos\u00edthatsz \u00fajra.<\/p>\n<div class=\"embed-controller-wrapper\">\n<blockquote class=\"twitter-tweet\" data-width=\"500\" data-dnt=\"true\">\n<p lang=\"en\" dir=\"ltr\">Do you need a new <a href=\"https:\/\/twitter.com\/hashtag\/belt?src=hash&amp;ref_src=twsrc%5Etfw\">#belt<\/a> ? Forget leather or low quality faux leather. Pick up a recycled <a href=\"https:\/\/twitter.com\/hashtag\/bicycle?src=hash&amp;ref_src=twsrc%5Etfw\">#bicycle<\/a> <a href=\"https:\/\/twitter.com\/hashtag\/tyre?src=hash&amp;ref_src=twsrc%5Etfw\">#tyre<\/a> belt. <a href=\"https:\/\/t.co\/OGtpAz42wC\">https:\/\/t.co\/OGtpAz42wC<\/a> <a href=\"https:\/\/t.co\/lOIq5A3Ycz\">pic.twitter.com\/lOIq5A3Ycz<\/a><\/p>\n<p>&mdash; Laura Zabo (@laura_zabo) <a href=\"https:\/\/twitter.com\/laura_zabo\/status\/1348266257586532355?ref_src=twsrc%5Etfw\">January 10, 2021<\/a><\/p><\/blockquote>\n<p><script async data-src=\"https:\/\/platform.twitter.com\/widgets.js\" charset=\"utf-8\"><\/script><\/div>\n<h2><strong>A kertben<\/strong><\/h2>\n<p>A ker\u00e9kp\u00e1ralkatr\u00e9szek el\u00e9g strapab\u00edr\u00f3ak \u00e9s j\u00f3l b\u00edrj\u00e1k az id\u0151j\u00e1r\u00e1s viszontags\u00e1gait is. Emiatt a kertben is hasznos\u00edthat\u00f3k.<\/p>\n<p>El\u0151fordulhat, hogy t\u00f6nkre megy a biciklid egyik kereke, de nem b\u00edrod elviselni annak gondolat\u00e1t, hogy esetleg megv\u00e1lj t\u0151le. M\u00e9g szerencse, hogy egy ker\u00e9kp\u00e1rkereket t\u00f6bbf\u00e9le m\u00f3don is felhaszn\u00e1lhatsz egy kertben. Itt egy p\u00e9lda: vegy\u00e9l egy hossz\u00fa rudat, mondjuk egy sepr\u0171nyelet, dugd a ker\u00e9k k\u00f6z\u00e9ps\u0151 lyuk\u00e1ba, majd sz\u00fard a f\u00f6ldbe \u00fagy, hogy a ker\u00e9k a r\u00fad tetej\u00e9n legyen. Ezut\u00e1n r\u00f6gz\u00edts hossz\u00fa zsinegdarabokat minden egyes k\u00fcll\u0151h\u00f6z, \u00e9s ezeket is dugd a talajba.<\/p>\n<p>Ezen az \u00e9rdekes \u00e9p\u00edtm\u00e9nyen azt\u00e1n k\u00fcl\u00f6nb\u00f6z\u0151 k\u00fasz\u00f3n\u00f6v\u00e9nyeket, p\u00e9ld\u00e1ul babot vagy borosty\u00e1nt nevelhetsz.<\/p>\n<h2><strong>K\u00e9sz\u00edts sz\u00e9lcseng\u0151t<\/strong><\/h2>\n<p>M\u00e9g egy d\u00edsz\u00edt\u0151elem a kertbe. Ha v\u00e9letlen\u00fcl van egy csom\u00f3 r\u00e9gi l\u00e1ncszemed, amiknek m\u00e1r nem sok haszn\u00e1t veszed, csin\u00e1lj bel\u0151l\u00fck sz\u00e9lcseng\u0151t! Ez a legkisebb szemek eset\u00e9ben fog a legjobban m\u0171k\u00f6dni, hacsak nem egy XL-es sz\u00e9lcseng\u0151re v\u00e1gysz.<\/p>\n<p>Haszn\u00e1lj egy nagyobb f\u00e9mgy\u0171r\u0171t a sz\u00e9lcseng\u0151 tetejek\u00e9nt, majd r\u00f6gz\u00edts v\u00e9kony l\u00e1ncdarabokat a gy\u0171r\u0171 k\u00fcl\u00f6nb\u00f6z\u0151 pontjaira. A kisebb gy\u0171r\u0171ket elt\u00e9r\u0151 magass\u00e1gokban er\u0151s\u00edtsd a l\u00e1nc v\u00e9geihez. V\u00e9g\u00fcl akaszd fel az alkot\u00e1st a verand\u00e1n k\u00edv\u00fclre, \u00e9s hallgasd a zsenialit\u00e1sod \u00e9des hangjait!<\/p>\n<h2><strong>Egy \u00f3ra<\/strong><\/h2>\n<p>A biciklikerekek m\u00e9g sz\u00e1mos lehet\u0151s\u00e9get rejtenek magukban. Ha van egy valamivel jobb \u00e1llapotban l\u00e9v\u0151 ker\u00e9kp\u00e1rod, amit nem akarsz a kertbe rakni, megpr\u00f3b\u00e1lhatod \u00f3r\u00e1v\u00e1 alak\u00edtani. Ez nem olyan bonyolult, mint amilyennek hangzik, \u00e9s csup\u00e1n egy megl\u00e9v\u0151 \u00f3ra alkatr\u00e9szeit kell felhaszn\u00e1lnod (lehet\u0151leg olyan hossz\u00fa mutat\u00f3kkal, melyek tov\u00e1bb ny\u00falnak a k\u00fcll\u0151kn\u00e9l). Az interneten rengeteg \u00fatmutat\u00f3 tal\u00e1lhat\u00f3 ehhez a hasznos \u00fajrahasznos\u00edt\u00f3 projekthez.<\/p>\n<div class=\"embed-controller-wrapper\">\n<blockquote class=\"twitter-tweet\" data-width=\"500\" data-dnt=\"true\">\n<p lang=\"en\" dir=\"ltr\">Upcycled bicycle parts pedestal clocks just added to the website.  <a href=\"https:\/\/t.co\/V9uhAYanaT\">https:\/\/t.co\/V9uhAYanaT<\/a> <a href=\"https:\/\/t.co\/tw74S2Z1nS\">pic.twitter.com\/tw74S2Z1nS<\/a><\/p>\n<p>&mdash; ReCycle&amp;BiCycle (@recyclebicycle1) <a href=\"https:\/\/twitter.com\/recyclebicycle1\/status\/1616848066593624067?ref_src=twsrc%5Etfw\">January 21, 2023<\/a><\/p><\/blockquote>\n<p><script async data-src=\"https:\/\/platform.twitter.com\/widgets.js\" charset=\"utf-8\"><\/script><\/div>\n<h2><strong>M\u0171v\u00e9szet a l\u00e1ncokkal<\/strong><\/h2>\n<p>Ha k\u00e9zn\u00e9l van egy hossz\u00fa ker\u00e9kp\u00e1rl\u00e1nc vagy ak\u00e1r n\u00e9h\u00e1ny kis l\u00e1ncszem, mi\u00e9rt ne k\u00e9sz\u00edten\u00e9l bel\u0151l\u00fck valamilyen m\u0171v\u00e9szeti alkot\u00e1st? Fogj egy fadarabot, \u00e9s ragaszt\u00f3 vagy v\u00e9kony sz\u00f6gek seg\u00edts\u00e9g\u00e9vel rendezd el rajta a l\u00e1ncot vagy l\u00e1ncdarabokat \u00fagy, ahogy \u00e9ppen \u00e9rzed. Ak\u00e1r szavakat is form\u00e1lhatsz, \u00e9s k\u00e9sz\u00edthetsz n\u00e9h\u00e1ny feliratot az otthonodba.<\/p>\n<h2><strong>Adom\u00e1nyozz \u00fajrahasznos\u00edt\u00e1s c\u00e9lj\u00e1b\u00f3l<\/strong><\/h2>\n<p>Lehet, hogy egyszer\u0171en nincs id\u0151d vagy kedved ahhoz, hogy sz\u00e9tszedd a ker\u00e9kp\u00e1rodat, \u00e9s v\u00e9letlenszer\u0171 t\u00e1rgyakk\u00e1 alak\u00edtsd. Meg\u00e9rtj\u00fck. De mi van akkor, ha a biciklid m\u00e1r nincs el\u00e9g j\u00f3 \u00e1llapotban ahhoz, hogy eladd?<\/p>\n<p>L\u00e9teznek olyan programok, melyek arra szolg\u00e1lnak, hogy seg\u00edtsenek haszn\u00e1lhat\u00f3 \u00e1llapotba hozni a biciklidet, hogy azt\u00e1n azt egy j\u00f3 c\u00e9lra adom\u00e1nyozhasd, p\u00e9ld\u00e1ul alacsonyabb j\u00f6vedelm\u0171 embereknek vagy menek\u00fclteknek. Keress egyet a k\u00f6zeledben \u00e9s aj\u00e1nld fel r\u00e9gi ker\u00e9kp\u00e1rodat j\u00f3t\u00e9kony c\u00e9lokra.<\/p>\n<p>Tudasd vel\u00fcnk, milyen alkot\u00e1sokat var\u00e1zsolt\u00e1l r\u00e9gi ker\u00e9kp\u00e1ralkatr\u00e9szeidb\u0151l, hogy m\u00e1sok is inspir\u00e1ci\u00f3t nyerhessenek \u00fajrahasznos\u00edt\u00f3 projektjeikhez. J\u00f3 sz\u00f3rakoz\u00e1st!<\/p>\n","protected":false},"excerpt":{"rendered":"<p>Hozz\u00e1m hasonl\u00f3an te is azok k\u00f6z\u00e9 tartozol, akik olyan ker\u00e9kp\u00e1rokat tartanak a gar\u00e1zsban, amiket nagy val\u00f3sz\u00edn\u0171s\u00e9ggel soha t\u00f6bb\u00e9 nem fognak [&hellip;]<\/p>\n","protected":false},"author":71,"featured_media":17012,"comment_status":"open","ping_status":"open","sticky":false,"template":"","format":"standard","meta":{"footnotes":""},"categories":[12],"tags":[],"global-categories":[],"class_list":["post-17009","post","type-post","status-publish","format-standard","has-post-thumbnail","hentry","category-kozosseg-es-kultura"],"yoast_head":"<!-- This site is optimized with the Yoast SEO Premium plugin v25.3 (Yoast SEO v25.9) - https:\/\/yoast.com\/wordpress\/plugins\/seo\/ -->\n<title>Ker\u00e9kp\u00e1r \u00fajrahasznos\u00edt\u00e1s \u2013 Haszn\u00e1ld j\u00f3 c\u00e9lokra r\u00e9gi bicikli alkatr\u00e9szeidet<\/title>\n<meta name=\"description\" content=\"Hozz\u00e1m hasonl\u00f3an te is azok k\u00f6z\u00e9 tartozol, akik olyan ker\u00e9kp\u00e1rokat tartanak a gar\u00e1zsban, amiket nagy val\u00f3sz\u00edn\u0171s\u00e9ggel soha t\u00f6bb\u00e9 nem fognak haszn\u00e1lni? Vagy esetleg azoknak az emberek a csoportj\u00e1t gazdag\u00edtod, akik &quot;csak a biztons\u00e1g kedv\u00e9\u00e9rt&quot; felhalmoznak egy csom\u00f3 p\u00f3talkatr\u00e9szt, gondolva, hogy egy nap biztos sz\u00fcks\u00e9g lesz r\u00e1juk, csak az\u00e9rt, hogy \u00e9vekkel k\u00e9s\u0151bb, amikor m\u00e1r teljesen elfelejtett\u00e9k, hogy l\u00e9teznek, megtal\u00e1lj\u00e1k ezeket egy dobozban a szekr\u00e9ny tetej\u00e9n? Nos, mi\u00e9rt nem hasznos\u00edtod ink\u00e1bb \u00fajra \u0151ket?\" \/>\n<meta name=\"robots\" content=\"index, follow, max-snippet:-1, max-image-preview:large, max-video-preview:-1\" \/>\n<link rel=\"canonical\" href=\"https:\/\/www.welovecycling.com\/hu\/kozosseg-es-kultura\/kerekpar-ujrahasznositas-hasznald-jo-celokra-regi-bicikli-alkatreszeidet\/\" \/>\n<meta property=\"og:locale\" content=\"hu_HU\" \/>\n<meta property=\"og:type\" content=\"article\" \/>\n<meta property=\"og:title\" content=\"Ker\u00e9kp\u00e1r \u00fajrahasznos\u00edt\u00e1s \u2013 Haszn\u00e1ld j\u00f3 c\u00e9lokra r\u00e9gi bicikli alkatr\u00e9szeidet\" \/>\n<meta property=\"og:description\" content=\"Hozz\u00e1m hasonl\u00f3an te is azok k\u00f6z\u00e9 tartozol, akik olyan ker\u00e9kp\u00e1rokat tartanak a gar\u00e1zsban, amiket nagy val\u00f3sz\u00edn\u0171s\u00e9ggel soha t\u00f6bb\u00e9 nem fognak haszn\u00e1lni? Vagy esetleg azoknak az emberek a csoportj\u00e1t gazdag\u00edtod, akik &quot;csak a biztons\u00e1g kedv\u00e9\u00e9rt&quot; felhalmoznak egy csom\u00f3 p\u00f3talkatr\u00e9szt, gondolva, hogy egy nap biztos sz\u00fcks\u00e9g lesz r\u00e1juk, csak az\u00e9rt, hogy \u00e9vekkel k\u00e9s\u0151bb, amikor m\u00e1r teljesen elfelejtett\u00e9k, hogy l\u00e9teznek, megtal\u00e1lj\u00e1k ezeket egy dobozban a szekr\u00e9ny tetej\u00e9n? Nos, mi\u00e9rt nem hasznos\u00edtod ink\u00e1bb \u00fajra \u0151ket?\" \/>\n<meta property=\"og:url\" content=\"https:\/\/www.welovecycling.com\/hu\/kozosseg-es-kultura\/kerekpar-ujrahasznositas-hasznald-jo-celokra-regi-bicikli-alkatreszeidet\/\" \/>\n<meta property=\"og:site_name\" content=\"\u0160koda We Love Cycling - Magyarorsz\u00e1g\" \/>\n<meta property=\"article:publisher\" content=\"https:\/\/www.facebook.com\/WeLoveCyclingHungary\/\" \/>\n<meta property=\"article:published_time\" content=\"2023-02-21T06:00:12+00:00\" \/>\n<meta property=\"og:image\" content=\"https:\/\/d2p6e6u75xmxt8.cloudfront.net\/12\/2023\/02\/Upcycled-Bicycle-profimedia-0351674300-CVR.webp\" \/>\n\t<meta property=\"og:image:width\" content=\"990\" \/>\n\t<meta property=\"og:image:height\" content=\"660\" \/>\n\t<meta property=\"og:image:type\" content=\"image\/webp\" \/>\n<meta name=\"author\" content=\"hegyizs\" \/>\n<meta name=\"twitter:card\" content=\"summary_large_image\" \/>\n<meta name=\"twitter:label1\" content=\"Written by\" \/>\n\t<meta name=\"twitter:data1\" content=\"Charlotte Murray\" \/>\n\t<meta name=\"twitter:label2\" content=\"Est. reading time\" \/>\n\t<meta name=\"twitter:data2\" content=\"5\" \/>\n<script type=\"application\/ld+json\" class=\"yoast-schema-graph\">{\"@context\":\"https:\/\/schema.org\",\"@graph\":[{\"@type\":\"WebPage\",\"@id\":\"https:\/\/www.welovecycling.com\/hu\/kozosseg-es-kultura\/kerekpar-ujrahasznositas-hasznald-jo-celokra-regi-bicikli-alkatreszeidet\/\",\"url\":\"https:\/\/www.welovecycling.com\/hu\/kozosseg-es-kultura\/kerekpar-ujrahasznositas-hasznald-jo-celokra-regi-bicikli-alkatreszeidet\/\",\"name\":\"Ker\u00e9kp\u00e1r \u00fajrahasznos\u00edt\u00e1s \u2013 Haszn\u00e1ld j\u00f3 c\u00e9lokra r\u00e9gi bicikli alkatr\u00e9szeidet\",\"isPartOf\":{\"@id\":\"https:\/\/www.welovecycling.com\/hu\/#website\"},\"primaryImageOfPage\":{\"@id\":\"https:\/\/www.welovecycling.com\/hu\/kozosseg-es-kultura\/kerekpar-ujrahasznositas-hasznald-jo-celokra-regi-bicikli-alkatreszeidet\/#primaryimage\"},\"image\":{\"@id\":\"https:\/\/www.welovecycling.com\/hu\/kozosseg-es-kultura\/kerekpar-ujrahasznositas-hasznald-jo-celokra-regi-bicikli-alkatreszeidet\/#primaryimage\"},\"thumbnailUrl\":\"https:\/\/d2p6e6u75xmxt8.cloudfront.net\/12\/2023\/02\/Upcycled-Bicycle-profimedia-0351674300-CVR.webp\",\"datePublished\":\"2023-02-21T06:00:12+00:00\",\"author\":{\"@id\":\"https:\/\/www.welovecycling.com\/hu\/#\/schema\/person\/414a2aebf1801691a5320edb6468e194\"},\"description\":\"Hozz\u00e1m hasonl\u00f3an te is azok k\u00f6z\u00e9 tartozol, akik olyan ker\u00e9kp\u00e1rokat tartanak a gar\u00e1zsban, amiket nagy val\u00f3sz\u00edn\u0171s\u00e9ggel soha t\u00f6bb\u00e9 nem fognak haszn\u00e1lni? Vagy esetleg azoknak az emberek a csoportj\u00e1t gazdag\u00edtod, akik \\\"csak a biztons\u00e1g kedv\u00e9\u00e9rt\\\" felhalmoznak egy csom\u00f3 p\u00f3talkatr\u00e9szt, gondolva, hogy egy nap biztos sz\u00fcks\u00e9g lesz r\u00e1juk, csak az\u00e9rt, hogy \u00e9vekkel k\u00e9s\u0151bb, amikor m\u00e1r teljesen elfelejtett\u00e9k, hogy l\u00e9teznek, megtal\u00e1lj\u00e1k ezeket egy dobozban a szekr\u00e9ny tetej\u00e9n? Nos, mi\u00e9rt nem hasznos\u00edtod ink\u00e1bb \u00fajra \u0151ket?\",\"breadcrumb\":{\"@id\":\"https:\/\/www.welovecycling.com\/hu\/kozosseg-es-kultura\/kerekpar-ujrahasznositas-hasznald-jo-celokra-regi-bicikli-alkatreszeidet\/#breadcrumb\"},\"inLanguage\":\"hu\",\"potentialAction\":[{\"@type\":\"ReadAction\",\"target\":[\"https:\/\/www.welovecycling.com\/hu\/kozosseg-es-kultura\/kerekpar-ujrahasznositas-hasznald-jo-celokra-regi-bicikli-alkatreszeidet\/\"]}]},{\"@type\":\"ImageObject\",\"inLanguage\":\"hu\",\"@id\":\"https:\/\/www.welovecycling.com\/hu\/kozosseg-es-kultura\/kerekpar-ujrahasznositas-hasznald-jo-celokra-regi-bicikli-alkatreszeidet\/#primaryimage\",\"url\":\"https:\/\/d2p6e6u75xmxt8.cloudfront.net\/12\/2023\/02\/Upcycled-Bicycle-profimedia-0351674300-CVR.webp\",\"contentUrl\":\"https:\/\/d2p6e6u75xmxt8.cloudfront.net\/12\/2023\/02\/Upcycled-Bicycle-profimedia-0351674300-CVR.webp\",\"width\":990,\"height\":660,\"caption\":\"Upcycled Bicycle\"},{\"@type\":\"BreadcrumbList\",\"@id\":\"https:\/\/www.welovecycling.com\/hu\/kozosseg-es-kultura\/kerekpar-ujrahasznositas-hasznald-jo-celokra-regi-bicikli-alkatreszeidet\/#breadcrumb\",\"itemListElement\":[{\"@type\":\"ListItem\",\"position\":1,\"name\":\"Home\",\"item\":\"https:\/\/www.welovecycling.com\/hu\/\"},{\"@type\":\"ListItem\",\"position\":2,\"name\":\"Ker\u00e9kp\u00e1r \u00fajrahasznos\u00edt\u00e1s \u2013 Haszn\u00e1ld j\u00f3 c\u00e9lokra r\u00e9gi bicikli alkatr\u00e9szeidet\"}]},{\"@type\":\"WebSite\",\"@id\":\"https:\/\/www.welovecycling.com\/hu\/#website\",\"url\":\"https:\/\/www.welovecycling.com\/hu\/\",\"name\":\"\u0160koda We Love Cycling - Magyarorsz\u00e1g\",\"description\":\"\u0160koda WeLoveCycling\",\"potentialAction\":[{\"@type\":\"SearchAction\",\"target\":{\"@type\":\"EntryPoint\",\"urlTemplate\":\"https:\/\/www.welovecycling.com\/hu\/?s={search_term_string}\"},\"query-input\":{\"@type\":\"PropertyValueSpecification\",\"valueRequired\":true,\"valueName\":\"search_term_string\"}}],\"inLanguage\":\"hu\"},{\"@type\":\"Person\",\"@id\":\"https:\/\/www.welovecycling.com\/hu\/#\/schema\/person\/414a2aebf1801691a5320edb6468e194\",\"name\":\"hegyizs\",\"image\":{\"@type\":\"ImageObject\",\"inLanguage\":\"hu\",\"@id\":\"https:\/\/www.welovecycling.com\/hu\/#\/schema\/person\/image\/\",\"url\":\"https:\/\/secure.gravatar.com\/avatar\/02cf8a7906b8cf90cecb4679defac7cfd33a1c2e3b88e4903d947f3bb58eedd3?s=96&d=mm&r=g\",\"contentUrl\":\"https:\/\/secure.gravatar.com\/avatar\/02cf8a7906b8cf90cecb4679defac7cfd33a1c2e3b88e4903d947f3bb58eedd3?s=96&d=mm&r=g\",\"caption\":\"hegyizs\"},\"url\":\"https:\/\/www.welovecycling.com\/hu\/author\/hegyizs\/\"}]}<\/script>\n<!-- \/ Yoast SEO Premium plugin. -->","yoast_head_json":{"title":"Ker\u00e9kp\u00e1r \u00fajrahasznos\u00edt\u00e1s \u2013 Haszn\u00e1ld j\u00f3 c\u00e9lokra r\u00e9gi bicikli alkatr\u00e9szeidet","description":"Hozz\u00e1m hasonl\u00f3an te is azok k\u00f6z\u00e9 tartozol, akik olyan ker\u00e9kp\u00e1rokat tartanak a gar\u00e1zsban, amiket nagy val\u00f3sz\u00edn\u0171s\u00e9ggel soha t\u00f6bb\u00e9 nem fognak haszn\u00e1lni? Vagy esetleg azoknak az emberek a csoportj\u00e1t gazdag\u00edtod, akik \"csak a biztons\u00e1g kedv\u00e9\u00e9rt\" felhalmoznak egy csom\u00f3 p\u00f3talkatr\u00e9szt, gondolva, hogy egy nap biztos sz\u00fcks\u00e9g lesz r\u00e1juk, csak az\u00e9rt, hogy \u00e9vekkel k\u00e9s\u0151bb, amikor m\u00e1r teljesen elfelejtett\u00e9k, hogy l\u00e9teznek, megtal\u00e1lj\u00e1k ezeket egy dobozban a szekr\u00e9ny tetej\u00e9n? Nos, mi\u00e9rt nem hasznos\u00edtod ink\u00e1bb \u00fajra \u0151ket?","robots":{"index":"index","follow":"follow","max-snippet":"max-snippet:-1","max-image-preview":"max-image-preview:large","max-video-preview":"max-video-preview:-1"},"canonical":"https:\/\/www.welovecycling.com\/hu\/kozosseg-es-kultura\/kerekpar-ujrahasznositas-hasznald-jo-celokra-regi-bicikli-alkatreszeidet\/","og_locale":"hu_HU","og_type":"article","og_title":"Ker\u00e9kp\u00e1r \u00fajrahasznos\u00edt\u00e1s \u2013 Haszn\u00e1ld j\u00f3 c\u00e9lokra r\u00e9gi bicikli alkatr\u00e9szeidet","og_description":"Hozz\u00e1m hasonl\u00f3an te is azok k\u00f6z\u00e9 tartozol, akik olyan ker\u00e9kp\u00e1rokat tartanak a gar\u00e1zsban, amiket nagy val\u00f3sz\u00edn\u0171s\u00e9ggel soha t\u00f6bb\u00e9 nem fognak haszn\u00e1lni? Vagy esetleg azoknak az emberek a csoportj\u00e1t gazdag\u00edtod, akik \"csak a biztons\u00e1g kedv\u00e9\u00e9rt\" felhalmoznak egy csom\u00f3 p\u00f3talkatr\u00e9szt, gondolva, hogy egy nap biztos sz\u00fcks\u00e9g lesz r\u00e1juk, csak az\u00e9rt, hogy \u00e9vekkel k\u00e9s\u0151bb, amikor m\u00e1r teljesen elfelejtett\u00e9k, hogy l\u00e9teznek, megtal\u00e1lj\u00e1k ezeket egy dobozban a szekr\u00e9ny tetej\u00e9n? Nos, mi\u00e9rt nem hasznos\u00edtod ink\u00e1bb \u00fajra \u0151ket?","og_url":"https:\/\/www.welovecycling.com\/hu\/kozosseg-es-kultura\/kerekpar-ujrahasznositas-hasznald-jo-celokra-regi-bicikli-alkatreszeidet\/","og_site_name":"\u0160koda We Love Cycling - Magyarorsz\u00e1g","article_publisher":"https:\/\/www.facebook.com\/WeLoveCyclingHungary\/","article_published_time":"2023-02-21T06:00:12+00:00","og_image":[{"width":990,"height":660,"url":"https:\/\/d2p6e6u75xmxt8.cloudfront.net\/12\/2023\/02\/Upcycled-Bicycle-profimedia-0351674300-CVR.webp","type":"image\/webp"}],"author":"hegyizs","twitter_card":"summary_large_image","twitter_misc":{"Written by":"Charlotte Murray","Est. reading time":"5"},"schema":{"@context":"https:\/\/schema.org","@graph":[{"@type":"WebPage","@id":"https:\/\/www.welovecycling.com\/hu\/kozosseg-es-kultura\/kerekpar-ujrahasznositas-hasznald-jo-celokra-regi-bicikli-alkatreszeidet\/","url":"https:\/\/www.welovecycling.com\/hu\/kozosseg-es-kultura\/kerekpar-ujrahasznositas-hasznald-jo-celokra-regi-bicikli-alkatreszeidet\/","name":"Ker\u00e9kp\u00e1r \u00fajrahasznos\u00edt\u00e1s \u2013 Haszn\u00e1ld j\u00f3 c\u00e9lokra r\u00e9gi bicikli alkatr\u00e9szeidet","isPartOf":{"@id":"https:\/\/www.welovecycling.com\/hu\/#website"},"primaryImageOfPage":{"@id":"https:\/\/www.welovecycling.com\/hu\/kozosseg-es-kultura\/kerekpar-ujrahasznositas-hasznald-jo-celokra-regi-bicikli-alkatreszeidet\/#primaryimage"},"image":{"@id":"https:\/\/www.welovecycling.com\/hu\/kozosseg-es-kultura\/kerekpar-ujrahasznositas-hasznald-jo-celokra-regi-bicikli-alkatreszeidet\/#primaryimage"},"thumbnailUrl":"https:\/\/d2p6e6u75xmxt8.cloudfront.net\/12\/2023\/02\/Upcycled-Bicycle-profimedia-0351674300-CVR.webp","datePublished":"2023-02-21T06:00:12+00:00","author":{"@id":"https:\/\/www.welovecycling.com\/hu\/#\/schema\/person\/414a2aebf1801691a5320edb6468e194"},"description":"Hozz\u00e1m hasonl\u00f3an te is azok k\u00f6z\u00e9 tartozol, akik olyan ker\u00e9kp\u00e1rokat tartanak a gar\u00e1zsban, amiket nagy val\u00f3sz\u00edn\u0171s\u00e9ggel soha t\u00f6bb\u00e9 nem fognak haszn\u00e1lni? Vagy esetleg azoknak az emberek a csoportj\u00e1t gazdag\u00edtod, akik \"csak a biztons\u00e1g kedv\u00e9\u00e9rt\" felhalmoznak egy csom\u00f3 p\u00f3talkatr\u00e9szt, gondolva, hogy egy nap biztos sz\u00fcks\u00e9g lesz r\u00e1juk, csak az\u00e9rt, hogy \u00e9vekkel k\u00e9s\u0151bb, amikor m\u00e1r teljesen elfelejtett\u00e9k, hogy l\u00e9teznek, megtal\u00e1lj\u00e1k ezeket egy dobozban a szekr\u00e9ny tetej\u00e9n? Nos, mi\u00e9rt nem hasznos\u00edtod ink\u00e1bb \u00fajra \u0151ket?","breadcrumb":{"@id":"https:\/\/www.welovecycling.com\/hu\/kozosseg-es-kultura\/kerekpar-ujrahasznositas-hasznald-jo-celokra-regi-bicikli-alkatreszeidet\/#breadcrumb"},"inLanguage":"hu","potentialAction":[{"@type":"ReadAction","target":["https:\/\/www.welovecycling.com\/hu\/kozosseg-es-kultura\/kerekpar-ujrahasznositas-hasznald-jo-celokra-regi-bicikli-alkatreszeidet\/"]}]},{"@type":"ImageObject","inLanguage":"hu","@id":"https:\/\/www.welovecycling.com\/hu\/kozosseg-es-kultura\/kerekpar-ujrahasznositas-hasznald-jo-celokra-regi-bicikli-alkatreszeidet\/#primaryimage","url":"https:\/\/d2p6e6u75xmxt8.cloudfront.net\/12\/2023\/02\/Upcycled-Bicycle-profimedia-0351674300-CVR.webp","contentUrl":"https:\/\/d2p6e6u75xmxt8.cloudfront.net\/12\/2023\/02\/Upcycled-Bicycle-profimedia-0351674300-CVR.webp","width":990,"height":660,"caption":"Upcycled Bicycle"},{"@type":"BreadcrumbList","@id":"https:\/\/www.welovecycling.com\/hu\/kozosseg-es-kultura\/kerekpar-ujrahasznositas-hasznald-jo-celokra-regi-bicikli-alkatreszeidet\/#breadcrumb","itemListElement":[{"@type":"ListItem","position":1,"name":"Home","item":"https:\/\/www.welovecycling.com\/hu\/"},{"@type":"ListItem","position":2,"name":"Ker\u00e9kp\u00e1r \u00fajrahasznos\u00edt\u00e1s \u2013 Haszn\u00e1ld j\u00f3 c\u00e9lokra r\u00e9gi bicikli alkatr\u00e9szeidet"}]},{"@type":"WebSite","@id":"https:\/\/www.welovecycling.com\/hu\/#website","url":"https:\/\/www.welovecycling.com\/hu\/","name":"\u0160koda We Love Cycling - Magyarorsz\u00e1g","description":"\u0160koda WeLoveCycling","potentialAction":[{"@type":"SearchAction","target":{"@type":"EntryPoint","urlTemplate":"https:\/\/www.welovecycling.com\/hu\/?s={search_term_string}"},"query-input":{"@type":"PropertyValueSpecification","valueRequired":true,"valueName":"search_term_string"}}],"inLanguage":"hu"},{"@type":"Person","@id":"https:\/\/www.welovecycling.com\/hu\/#\/schema\/person\/414a2aebf1801691a5320edb6468e194","name":"hegyizs","image":{"@type":"ImageObject","inLanguage":"hu","@id":"https:\/\/www.welovecycling.com\/hu\/#\/schema\/person\/image\/","url":"https:\/\/secure.gravatar.com\/avatar\/02cf8a7906b8cf90cecb4679defac7cfd33a1c2e3b88e4903d947f3bb58eedd3?s=96&d=mm&r=g","contentUrl":"https:\/\/secure.gravatar.com\/avatar\/02cf8a7906b8cf90cecb4679defac7cfd33a1c2e3b88e4903d947f3bb58eedd3?s=96&d=mm&r=g","caption":"hegyizs"},"url":"https:\/\/www.welovecycling.com\/hu\/author\/hegyizs\/"}]}},"_links":{"self":[{"href":"https:\/\/www.welovecycling.com\/hu\/wp-json\/wp\/v2\/posts\/17009","targetHints":{"allow":["GET"]}}],"collection":[{"href":"https:\/\/www.welovecycling.com\/hu\/wp-json\/wp\/v2\/posts"}],"about":[{"href":"https:\/\/www.welovecycling.com\/hu\/wp-json\/wp\/v2\/types\/post"}],"author":[{"embeddable":true,"href":"https:\/\/www.welovecycling.com\/hu\/wp-json\/wp\/v2\/users\/71"}],"replies":[{"embeddable":true,"href":"https:\/\/www.welovecycling.com\/hu\/wp-json\/wp\/v2\/comments?post=17009"}],"version-history":[{"count":1,"href":"https:\/\/www.welovecycling.com\/hu\/wp-json\/wp\/v2\/posts\/17009\/revisions"}],"predecessor-version":[{"id":17018,"href":"https:\/\/www.welovecycling.com\/hu\/wp-json\/wp\/v2\/posts\/17009\/revisions\/17018"}],"wp:featuredmedia":[{"embeddable":true,"href":"https:\/\/www.welovecycling.com\/hu\/wp-json\/wp\/v2\/media\/17012"}],"wp:attachment":[{"href":"https:\/\/www.welovecycling.com\/hu\/wp-json\/wp\/v2\/media?parent=17009"}],"wp:term":[{"taxonomy":"category","embeddable":true,"href":"https:\/\/www.welovecycling.com\/hu\/wp-json\/wp\/v2\/categories?post=17009"},{"taxonomy":"post_tag","embeddable":true,"href":"https:\/\/www.welovecycling.com\/hu\/wp-json\/wp\/v2\/tags?post=17009"},{"taxonomy":"global-categories","embeddable":true,"href":"https:\/\/www.welovecycling.com\/hu\/wp-json\/wp\/v2\/global-categories?post=17009"}],"curies":[{"name":"wp","href":"https:\/\/api.w.org\/{rel}","templated":true}]}}