{"id":17007,"date":"2023-02-20T08:00:02","date_gmt":"2023-02-20T06:00:02","guid":{"rendered":"https:\/\/www.welovecycling.com\/hu\/?p=17007"},"modified":"2023-02-17T15:08:14","modified_gmt":"2023-02-17T13:08:14","slug":"hogyan-hat-a-kerekparozas-az-agyadra","status":"publish","type":"post","link":"https:\/\/www.welovecycling.com\/hu\/edzes-es-eletmod\/hogyan-hat-a-kerekparozas-az-agyadra\/","title":{"rendered":"Hogyan hat a ker\u00e9kp\u00e1roz\u00e1s az agyadra?"},"content":{"rendered":"<p><strong>Sokan csak sz\u00f3rakoz\u00e1sb\u00f3l vagy egy edz\u00e9sprogram r\u00e9szek\u00e9nt ker\u00e9kp\u00e1roznak, vagy hogy fogyjanak, \u00e9p\u00edts\u00e9k izomzatukat, vagy hozz\u00e1j\u00e1ruljanak sz\u00edv- \u00e9s \u00e9rrendszeri eg\u00e9szs\u00e9g\u00fckh\u00f6z. Azonban ez csak n\u00e9h\u00e1ny a ker\u00e9kp\u00e1roz\u00e1s \u00e9lettani el\u0151nyei k\u00f6z\u00fcl. Tudtad, hogy a ment\u00e1lis eg\u00e9szs\u00e9gre is j\u00f3 hat\u00e1ssal van? <\/strong><\/p>\n<p><!--more--><\/p>\n<p>Tanulm\u00e1nyok bizony\u00edtott\u00e1k, hogy m\u00e1r napi mind\u00f6ssze 30 perc bicikliz\u00e9s is nagym\u00e9rt\u00e9kben hozz\u00e1j\u00e1rul ment\u00e1lis eg\u00e9szs\u00e9g\u00fcnkh\u00f6z. \u00c9n is tapasztaltam, hogy jobban \u00e9rzem magam, amikor kimegyek egy kicsit tekerni. De vajon mi\u00e9rt? Pontosan mi t\u00f6rt\u00e9nik az agyunkkal, amikor ker\u00e9kp\u00e1rozunk? Der\u00edts\u00fck ki!<\/p>\n<h2><strong>Jav\u00edtja a hangulatod<\/strong><\/h2>\n<p>Legk\u00f6zelebb, ha rosszkedv\u0171nek \u00e9rzed magad, ragadj biciklit! Nem kell felt\u00e9tlen\u00fcl a szabadban tekerned. A belt\u00e9ri edz\u0151g\u00e9p is hat\u00e9kony lehet. Nem igaz\u00e1n az sz\u00e1m\u00edt, hol \u00e9s hogyan ker\u00e9kp\u00e1rozol, a l\u00e9nyeg, hogy dolgozzon a sz\u00edv \u00e9s \u00e1ramoljon a v\u00e9r.<\/p>\n<p>A test\u00fcnk alapvet\u0151en tartalmaz egy anandamid nev\u0171 zs\u00edrsav neurotranszmittert, amely az endokannabinoid rendszer r\u00e9szek\u00e9nt tov\u00e1bb\u00edtja az idegimpulzusokat az idegek k\u00f6z\u00f6tt, illetve eljuttatja \u0151ket az izmokhoz vagy mirigyekhez is. Tal\u00e1n felfigyelt\u00e9l a &#8220;kannabinoid&#8221; sz\u00f3ra. Eszedbe jut err\u0151l valami ismer\u0151s dolog?<\/p>\n<p>Mindannyian kannabinoid receptorokkal a szervezet\u00fcnkben sz\u00fclet\u00fcnk. Igen, ezek ugyanazok a receptorok, melyek a kannabisz alap\u00fa vegy\u00fcletekben, p\u00e9ld\u00e1ul a marihu\u00e1n\u00e1ban tal\u00e1lhat\u00f3 tetrahidrokannabinolra, m\u00e1s n\u00e9ven THC-re reag\u00e1lnak. A v\u00e9r\u00fcnkben l\u00e9v\u0151 anandamid szint\u00e9n ezekhez a receptorokhoz kapcsol\u00f3dik. A ker\u00e9kp\u00e1roz\u00e1s n\u00f6veli az anandamid mennyis\u00e9g\u00e9t a szervezet\u00fcnkben, ami fiziol\u00f3giai reakci\u00f3t v\u00e1lt ki.<\/p>\n<p>A nem ker\u00e9kp\u00e1roz\u00f3 k\u00f6z\u00f6ns\u00e9g ezt a reakci\u00f3t &#8220;fut\u00f3 m\u00e1mornak&#8221; nevezi. A mi eset\u00fcnkben azonban ez ink\u00e1bb &#8220;ker\u00e9kp\u00e1ros m\u00e1mor&#8221;; egy euforikus \u00e9rz\u00e9s, amely jav\u00edtja a hangulatunkat \u00e9s a ment\u00e1lis eg\u00e9szs\u00e9g\u00fcnket. Az anandamid kis mennyis\u00e9gben a csokol\u00e1d\u00e9ban is megtal\u00e1lhat\u00f3, ami megmagyar\u00e1zza, mi\u00e9rt v\u00e1gyunk r\u00e1 annyira. M\u00e1r egy falat is kiel\u00e9g\u00edt\u0151 lehet bel\u0151le. Igaz, hogy a csoki finomabb, de a ker\u00e9kp\u00e1roz\u00e1s alapvet\u0151n jobb v\u00e1laszt\u00e1s.<\/p>\n<figure id=\"attachment_12210\" aria-describedby=\"caption-attachment-12210\" style=\"width: 900px\" class=\"wp-caption alignnone\"><a href=\"https:\/\/d2p6e6u75xmxt8.cloudfront.net\/12\/2021\/08\/Cyclist-in-nature-MTB-profimedia-0624764392-CVR.jpg\"><img loading=\"lazy\" decoding=\"async\" class=\"wp-image-12210 size-full\" src=\"https:\/\/d2p6e6u75xmxt8.cloudfront.net\/12\/2021\/08\/Cyclist-in-nature-MTB-profimedia-0624764392-CVR.jpg\" alt=\"Cyclist\" width=\"900\" height=\"600\" \/><\/a><figcaption id=\"caption-attachment-12210\" class=\"wp-caption-text\"><em>A ker\u00e9kp\u00e1roz\u00e1s egy nagyszer\u0171 gyakorlat, melyet \u00e9rdemes beiktatnod az \u00f6ngondoskod\u00e1si rutinodba. Lehet\u0151s\u00e9get biztos\u00edt arra, hogy form\u00e1ban tartsd magad, mik\u00f6zben sz\u00f3rakozol, illetve n\u00f6veli az \u00f6nbizalmadat is, mivel teker\u00e9s k\u00f6zben \u00faj k\u00e9szs\u00e9geket saj\u00e1t\u00edthatsz el. \u00a9 Profimedia<\/em><\/figcaption><\/figure>\n<h2><strong>Lass\u00edtja az agyad \u00f6reged\u00e9s\u00e9t<\/strong><\/h2>\n<p>Tudtad, hogy az agyad egy izom? \u00c9s mint minden m\u00e1s izom, edz\u00e9ssel er\u0151s\u00f6dik? Amikor ker\u00e9kp\u00e1rozol, val\u00f3j\u00e1ban er\u0151s\u00edted az agyad azon k\u00e9pess\u00e9g\u00e9t, hogy \u00fajratermelje az idegsejteket \u00e9s \u00faj kapcsolatokat hozzon l\u00e9tre k\u00f6z\u00f6tt\u00fck. Bicikliz\u00e9skor r\u00e1ad\u00e1sul az \u00faj agysejtek l\u00e9trehoz\u00e1s\u00e1hoz sz\u00fcks\u00e9ges feh\u00e9rjetermel\u00e9st is fokozod. Ilyenkor ak\u00e1r h\u00e1romszor annyi feh\u00e9rje termel\u0151dhet, mint \u00fcl\u00e9s k\u00f6zben.<\/p>\n<p>Egyes tanulm\u00e1nyok m\u00e9g azt is kimutatt\u00e1k, hogy a ker\u00e9kp\u00e1roz\u00e1s ak\u00e1r \u00f6t \u00e9vvel is lass\u00edthatja az \u00f6reged\u00e9si folyamatot. Pozit\u00edv hat\u00e1sai ugyanis g\u00e1tolj\u00e1k az agym\u0171k\u00f6d\u00e9s term\u00e9szetes roml\u00e1s\u00e1t. A ker\u00e9kp\u00e1roz\u00e1s tov\u00e1bb\u00e1 figyelemre m\u00e9lt\u00f3 hat\u00e1st gyakorol a Parkinson-k\u00f3rban (egy neurodegenerat\u00edv betegs\u00e9g, mely az \u00e9rzelmeket \u00e9s a mem\u00f3ri\u00e1t ir\u00e1ny\u00edt\u00f3 hippokampuszt \u00e9rinti) szenved\u0151kre is.<\/p>\n<p>M\u00e1r napi n\u00e9h\u00e1ny perc ker\u00e9kp\u00e1roz\u00e1s is lass\u00edtja ennek a degenerat\u00edv \u00e1llapotnak a fokoz\u00f3d\u00e1s\u00e1t az\u00e1ltal, hogy ugyan\u00fagy stimul\u00e1lja az agyat, ahogy a gy\u00f3gyszerek tenn\u00e9k, csak a fokozatos sorvad\u00e1s helyett ink\u00e1bb a n\u00f6veked\u00e9st \u00f6szt\u00f6nzi.<\/p>\n<h2><strong>Cs\u00f6kkenti a szorong\u00e1st \u00e9s a depresszi\u00f3t, \u00e9s n\u00f6veli az \u00f6nbizalmat<\/strong><\/h2>\n<p>Lehangoltnak \u00e9rzed magad? Egy gyors bicajoz\u00e1s csod\u00e1kra k\u00e9pes. A ker\u00e9kp\u00e1roz\u00e1s ugyanis n\u00f6veli a szerotonin- \u00e9s dopaminszintet az agyunkban. Mindkett\u0151 olyan neurotranszmitter, ami fontos szerepet j\u00e1tszik abban, hogy hogyan \u00e9rezz\u00fck magunkat \u00e9s hogyan kezelj\u00fck a stresszt. A depresszi\u00f3ban szenved\u0151 emberek \u00e1ltal\u00e1ban nem rendelkeznek megfelel\u0151 mennyis\u00e9gben e k\u00e9t komponenssel, amit tudom\u00e1nyos kutat\u00e1sok a rossz ment\u00e1lis eg\u00e9szs\u00e9ggel hoznak \u00f6sszef\u00fcgg\u00e9sbe.<\/p>\n<p>Amellett, hogy seg\u00edt enyh\u00edteni a depresszi\u00f3t \u00e9s a szorong\u00e1st, a ker\u00e9kp\u00e1roz\u00e1s jav\u00edtja az \u00f6nbizalmat \u00e9s boldogabb\u00e1 is tesz, t\u00f6bbek k\u00f6z\u00f6tt az\u00e1ltal, hogy l\u00e1thatod a fejl\u0151d\u00e9sedet vagy azt, hogy a ruh\u00e1id egyre jobban \u00e1llnak rajtad. Emellett ped\u00e1loz\u00e1s k\u00f6zben a test\u00fcnk k\u00fcl\u00f6nb\u00f6z\u0151 hormonokat, p\u00e9ld\u00e1ul endorfint termel, illetve azokat a fontos kannabinoidokat, amelyekr\u0151l kor\u00e1bban m\u00e1r besz\u00e9lt\u00fcnk. Mindezek egy\u00fcttesen j\u00e1rulnak hozz\u00e1 a ker\u00e9kp\u00e1roz\u00e1s okozta m\u00e1morhoz, amit az edz\u00e9s ut\u00e1n \u00e9rz\u00fcnk.<\/p>\n<p>A bicikliz\u00e9s egy olyan tev\u00e9kenys\u00e9g, melyet egyed\u00fcl, a bar\u00e1taiddal vagy a csal\u00e1dtagjaiddal is v\u00e9gezhetsz. B\u00e1rmelyik lehet\u0151s\u00e9get v\u00e1laszthatod, a l\u00e9nyeg, hogy rendszeresen v\u00e9gezd ezt a sportot. Ped\u00e1loz\u00e1s k\u00f6zben elterelheted a gondolataidat a probl\u00e9m\u00e1kr\u00f3l, \u00e9s \u00e9lvezheted az \u00fatvonalak teljes\u00edt\u00e9s\u00e9t, mik\u00f6zben teszel az eg\u00e9szs\u00e9ged\u00e9rt \u00e9s er\u0151s\u00edted az agyad, hogy k\u00e9pes legyen jobban megbirk\u00f3zni a stresszel.<\/p>\n<h2><strong>Mindenki sz\u00e1m\u00e1ra el\u00e9rhet\u0151<\/strong><\/h2>\n<p>Azon t\u00fal, hogy j\u00f3t tesz az agynak \u00e9s hozz\u00e1j\u00e1rul a ment\u00e1lis eg\u00e9szs\u00e9ghez, az egyik legjobb dolog a ker\u00e9kp\u00e1roz\u00e1sban, hogy mindenki sz\u00e1m\u00e1ra el\u00e9rhet\u0151! A k\u00f6zbringarendszereknek h\u00e1la, nagyon k\u00f6nnyen tal\u00e1lhatsz ker\u00e9kp\u00e1rokat a v\u00e1ros b\u00e1rmely pontj\u00e1n, de ak\u00e1r k\u00f6lcs\u00f6n is k\u00e9rhetsz egyet a bar\u00e1taidt\u00f3l vagy csal\u00e1dtagjaidt\u00f3l.<\/p>\n<p>A<a href=\"https:\/\/www.welovecycling.com\/hu\/orszaguti-kerekpar\/kellene-meg-egy-extra-kerek-5-tricikli-felnotteknek\/\"> feln\u0151tt tricikli<\/a> t\u00f6k\u00e9letes v\u00e1laszt\u00e1s lehet az \u00e9rettebb ker\u00e9kp\u00e1rosok sz\u00e1m\u00e1ra, de kezd\u0151k\u00e9nt ak\u00e1r kipr\u00f3b\u00e1lhatsz egy e-bike-ot, egy k\u00e9zi ker\u00e9kp\u00e1rt vagy egy fekv\u0151biciklit is. Ha nem \u00e9rzel motiv\u00e1ci\u00f3t arra, hogy egyed\u00fcl tekerj, nem kell agg\u00f3dnod. A ker\u00e9kp\u00e1roz\u00e1s szerencs\u00e9re egy k\u00f6z\u00f6ss\u00e9gi tev\u00e9kenys\u00e9g. A k\u00f6z\u00f6ss\u00e9gi m\u00e9di\u00e1n, a helyi klubokon, illetve a ker\u00e9kp\u00e1rboltokon kereszt\u00fcl k\u00fcl\u00f6nb\u00f6z\u0151 szint\u0171 szervezett t\u00far\u00e1k el\u00e9rhet\u0151ek.<\/p>\n<p>A v\u00e1lasztott biciklinek nem kell \u00fajnak vagy d\u00edszesnek lennie, el\u00e9g, ha ell\u00e1tja a funkci\u00f3j\u00e1t \u00e9s olyan m\u00e9ret\u0171, amivel biztons\u00e1gosan tudsz tekerni. Persze befektethetsz egy \u00faj ker\u00e9kp\u00e1rba is, ha \u00fagy l\u00e1tod, hogy a bicikliz\u00e9s holisztikus eg\u00e9szs\u00e9g\u00fcgyi el\u0151nyei sz\u00e1modra is kedvez\u0151ek. De rengeteg haszn\u00e1lt ker\u00e9kp\u00e1r is van a piacon, melyekb\u0151l szint\u00e9n kedvedre v\u00e1logathatsz. Hidd el, nem ker\u00fcl egy vagyonba, hogy belev\u00e1gj ebbe a sportba \u00e9s jav\u00edtsd a ment\u00e1lis eg\u00e9szs\u00e9ged.<\/p>\n<p>Nem kell nyom\u00e1st \u00e9rezned \u00e9s nem is kell gyorsan tekerned. Jobb, ha tiszt\u00e1ban vagy a hat\u00e1raiddal \u00e9s egyszer\u0171en csak j\u00f3l \u00e9rzed magad. Rengeteg, a ti\u00e9dhez hasonl\u00f3 gondolkod\u00e1sm\u00f3d\u00fa ker\u00e9kp\u00e1ros van, akikkel tal\u00e1lkozhatsz is. M\u00e9g az is lehet, hogy \u00edgy tal\u00e1lsz majd r\u00e1 a szerelemre. Ki tudja? A l\u00e9nyeg, hogy a ker\u00e9kp\u00e1roz\u00e1s egy nagyszer\u0171 tev\u00e9kenys\u00e9g, ami seg\u00edt fejleszteni az agyadat, valamint jobban \u00e9rzed magad \u00e9s jobban is alszol t\u0151le.<\/p>\n<p>De mennyit kell tekerned ahhoz, hogy \u00e9rezni kezd a j\u00f3t\u00e9kony hat\u00e1sokat? J\u00f3 kiindul\u00f3pont lehet, ha heti n\u00e9h\u00e1ny alkalommal id\u0151t tudsz szak\u00edtani 30-60 percnyi egyenletes ker\u00e9kp\u00e1roz\u00e1sra. Ha m\u00e1r jelenleg is ing\u00e1zol a munkahelyedre, r\u00e9szt veszel csoportos bring\u00e1z\u00e1sokon, vagy h\u00e9tv\u00e9g\u00e9n kimozdulsz egy kicsit a csal\u00e1ddal, m\u00e1ris j\u00f3 \u00faton j\u00e1rsz. Ha k\u00e9ts\u00e9geid vannak a ker\u00e9kp\u00e1roz\u00e1s m\u00f3dj\u00e1t vagy mennyis\u00e9g\u00e9t illet\u0151en, vagy esetleg valamilyen \u00e1lland\u00f3 vagy m\u00e1sodlagos eg\u00e9szs\u00e9g\u00fcgyi probl\u00e9m\u00e1d van, konzult\u00e1lj az orvosoddal, hogy egy az ig\u00e9nyeidre szabott, biztons\u00e1gos edz\u00e9sprogramot \u00e1ll\u00edthasson \u00f6ssze neked. A ker\u00e9kp\u00e1ros k\u00f6z\u00f6ss\u00e9g csak r\u00e1d v\u00e1r! Csatlakozz hozz\u00e1nk az eg\u00e9szs\u00e9ges agy \u00e9s a jobb ment\u00e1lis eg\u00e9szs\u00e9g fel\u00e9 vezet\u0151 \u00faton.<\/p>\n","protected":false},"excerpt":{"rendered":"<p>Sokan csak sz\u00f3rakoz\u00e1sb\u00f3l vagy egy edz\u00e9sprogram r\u00e9szek\u00e9nt ker\u00e9kp\u00e1roznak, vagy hogy fogyjanak, \u00e9p\u00edts\u00e9k izomzatukat, vagy hozz\u00e1j\u00e1ruljanak sz\u00edv- \u00e9s \u00e9rrendszeri eg\u00e9szs\u00e9g\u00fckh\u00f6z. Azonban [&hellip;]<\/p>\n","protected":false},"author":71,"featured_media":2972,"comment_status":"open","ping_status":"open","sticky":false,"template":"","format":"standard","meta":{"footnotes":""},"categories":[6],"tags":[],"global-categories":[],"class_list":["post-17007","post","type-post","status-publish","format-standard","has-post-thumbnail","hentry","category-edzes-es-eletmod"],"yoast_head":"<!-- This site is optimized with the Yoast SEO Premium plugin v25.3 (Yoast SEO v25.9) - https:\/\/yoast.com\/wordpress\/plugins\/seo\/ -->\n<title>Hogyan hat a ker\u00e9kp\u00e1roz\u00e1s az agyadra?<\/title>\n<meta name=\"description\" content=\"Sokan csak sz\u00f3rakoz\u00e1sb\u00f3l vagy egy edz\u00e9sprogram r\u00e9szek\u00e9nt ker\u00e9kp\u00e1roznak, vagy hogy fogyjanak, \u00e9p\u00edts\u00e9k izomzatukat, vagy hozz\u00e1j\u00e1ruljanak sz\u00edv- \u00e9s \u00e9rrendszeri eg\u00e9szs\u00e9g\u00fckh\u00f6z. Azonban ez csak n\u00e9h\u00e1ny a ker\u00e9kp\u00e1roz\u00e1s \u00e9lettani el\u0151nyei k\u00f6z\u00fcl. Tudtad, hogy a ment\u00e1lis eg\u00e9szs\u00e9gre is j\u00f3 hat\u00e1ssal van?\" \/>\n<meta name=\"robots\" content=\"index, follow, max-snippet:-1, max-image-preview:large, max-video-preview:-1\" \/>\n<link rel=\"canonical\" href=\"https:\/\/www.welovecycling.com\/hu\/edzes-es-eletmod\/hogyan-hat-a-kerekparozas-az-agyadra\/\" \/>\n<meta property=\"og:locale\" content=\"hu_HU\" \/>\n<meta property=\"og:type\" content=\"article\" \/>\n<meta property=\"og:title\" content=\"Hogyan hat a ker\u00e9kp\u00e1roz\u00e1s az agyadra?\" \/>\n<meta property=\"og:description\" content=\"Sokan csak sz\u00f3rakoz\u00e1sb\u00f3l vagy egy edz\u00e9sprogram r\u00e9szek\u00e9nt ker\u00e9kp\u00e1roznak, vagy hogy fogyjanak, \u00e9p\u00edts\u00e9k izomzatukat, vagy hozz\u00e1j\u00e1ruljanak sz\u00edv- \u00e9s \u00e9rrendszeri eg\u00e9szs\u00e9g\u00fckh\u00f6z. Azonban ez csak n\u00e9h\u00e1ny a ker\u00e9kp\u00e1roz\u00e1s \u00e9lettani el\u0151nyei k\u00f6z\u00fcl. Tudtad, hogy a ment\u00e1lis eg\u00e9szs\u00e9gre is j\u00f3 hat\u00e1ssal van?\" \/>\n<meta property=\"og:url\" content=\"https:\/\/www.welovecycling.com\/hu\/edzes-es-eletmod\/hogyan-hat-a-kerekparozas-az-agyadra\/\" \/>\n<meta property=\"og:site_name\" content=\"\u0160koda We Love Cycling - Magyarorsz\u00e1g\" \/>\n<meta property=\"article:publisher\" content=\"https:\/\/www.facebook.com\/WeLoveCyclingHungary\/\" \/>\n<meta property=\"article:published_time\" content=\"2023-02-20T06:00:02+00:00\" \/>\n<meta property=\"og:image\" content=\"https:\/\/d2p6e6u75xmxt8.cloudfront.net\/12\/2019\/04\/nature-sunset-river-bicycle-17729-pexels-photo.jpg\" \/>\n\t<meta property=\"og:image:width\" content=\"1280\" \/>\n\t<meta property=\"og:image:height\" content=\"853\" \/>\n\t<meta property=\"og:image:type\" content=\"image\/jpeg\" \/>\n<meta name=\"author\" content=\"hegyizs\" \/>\n<meta name=\"twitter:card\" content=\"summary_large_image\" \/>\n<meta name=\"twitter:label1\" content=\"Written by\" \/>\n\t<meta name=\"twitter:data1\" content=\"Andrea Champredonde\" \/>\n\t<meta name=\"twitter:label2\" content=\"Est. reading time\" \/>\n\t<meta name=\"twitter:data2\" content=\"6\" \/>\n<script type=\"application\/ld+json\" class=\"yoast-schema-graph\">{\"@context\":\"https:\/\/schema.org\",\"@graph\":[{\"@type\":\"WebPage\",\"@id\":\"https:\/\/www.welovecycling.com\/hu\/edzes-es-eletmod\/hogyan-hat-a-kerekparozas-az-agyadra\/\",\"url\":\"https:\/\/www.welovecycling.com\/hu\/edzes-es-eletmod\/hogyan-hat-a-kerekparozas-az-agyadra\/\",\"name\":\"Hogyan hat a ker\u00e9kp\u00e1roz\u00e1s az agyadra?\",\"isPartOf\":{\"@id\":\"https:\/\/www.welovecycling.com\/hu\/#website\"},\"primaryImageOfPage\":{\"@id\":\"https:\/\/www.welovecycling.com\/hu\/edzes-es-eletmod\/hogyan-hat-a-kerekparozas-az-agyadra\/#primaryimage\"},\"image\":{\"@id\":\"https:\/\/www.welovecycling.com\/hu\/edzes-es-eletmod\/hogyan-hat-a-kerekparozas-az-agyadra\/#primaryimage\"},\"thumbnailUrl\":\"https:\/\/d2p6e6u75xmxt8.cloudfront.net\/12\/2019\/04\/nature-sunset-river-bicycle-17729-pexels-photo.jpg\",\"datePublished\":\"2023-02-20T06:00:02+00:00\",\"author\":{\"@id\":\"https:\/\/www.welovecycling.com\/hu\/#\/schema\/person\/414a2aebf1801691a5320edb6468e194\"},\"description\":\"Sokan csak sz\u00f3rakoz\u00e1sb\u00f3l vagy egy edz\u00e9sprogram r\u00e9szek\u00e9nt ker\u00e9kp\u00e1roznak, vagy hogy fogyjanak, \u00e9p\u00edts\u00e9k izomzatukat, vagy hozz\u00e1j\u00e1ruljanak sz\u00edv- \u00e9s \u00e9rrendszeri eg\u00e9szs\u00e9g\u00fckh\u00f6z. Azonban ez csak n\u00e9h\u00e1ny a ker\u00e9kp\u00e1roz\u00e1s \u00e9lettani el\u0151nyei k\u00f6z\u00fcl. Tudtad, hogy a ment\u00e1lis eg\u00e9szs\u00e9gre is j\u00f3 hat\u00e1ssal van?\",\"breadcrumb\":{\"@id\":\"https:\/\/www.welovecycling.com\/hu\/edzes-es-eletmod\/hogyan-hat-a-kerekparozas-az-agyadra\/#breadcrumb\"},\"inLanguage\":\"hu\",\"potentialAction\":[{\"@type\":\"ReadAction\",\"target\":[\"https:\/\/www.welovecycling.com\/hu\/edzes-es-eletmod\/hogyan-hat-a-kerekparozas-az-agyadra\/\"]}]},{\"@type\":\"ImageObject\",\"inLanguage\":\"hu\",\"@id\":\"https:\/\/www.welovecycling.com\/hu\/edzes-es-eletmod\/hogyan-hat-a-kerekparozas-az-agyadra\/#primaryimage\",\"url\":\"https:\/\/d2p6e6u75xmxt8.cloudfront.net\/12\/2019\/04\/nature-sunset-river-bicycle-17729-pexels-photo.jpg\",\"contentUrl\":\"https:\/\/d2p6e6u75xmxt8.cloudfront.net\/12\/2019\/04\/nature-sunset-river-bicycle-17729-pexels-photo.jpg\",\"width\":1280,\"height\":853},{\"@type\":\"BreadcrumbList\",\"@id\":\"https:\/\/www.welovecycling.com\/hu\/edzes-es-eletmod\/hogyan-hat-a-kerekparozas-az-agyadra\/#breadcrumb\",\"itemListElement\":[{\"@type\":\"ListItem\",\"position\":1,\"name\":\"Home\",\"item\":\"https:\/\/www.welovecycling.com\/hu\/\"},{\"@type\":\"ListItem\",\"position\":2,\"name\":\"Hogyan hat a ker\u00e9kp\u00e1roz\u00e1s az agyadra?\"}]},{\"@type\":\"WebSite\",\"@id\":\"https:\/\/www.welovecycling.com\/hu\/#website\",\"url\":\"https:\/\/www.welovecycling.com\/hu\/\",\"name\":\"\u0160koda We Love Cycling - Magyarorsz\u00e1g\",\"description\":\"\u0160koda WeLoveCycling\",\"potentialAction\":[{\"@type\":\"SearchAction\",\"target\":{\"@type\":\"EntryPoint\",\"urlTemplate\":\"https:\/\/www.welovecycling.com\/hu\/?s={search_term_string}\"},\"query-input\":{\"@type\":\"PropertyValueSpecification\",\"valueRequired\":true,\"valueName\":\"search_term_string\"}}],\"inLanguage\":\"hu\"},{\"@type\":\"Person\",\"@id\":\"https:\/\/www.welovecycling.com\/hu\/#\/schema\/person\/414a2aebf1801691a5320edb6468e194\",\"name\":\"hegyizs\",\"image\":{\"@type\":\"ImageObject\",\"inLanguage\":\"hu\",\"@id\":\"https:\/\/www.welovecycling.com\/hu\/#\/schema\/person\/image\/\",\"url\":\"https:\/\/secure.gravatar.com\/avatar\/02cf8a7906b8cf90cecb4679defac7cfd33a1c2e3b88e4903d947f3bb58eedd3?s=96&d=mm&r=g\",\"contentUrl\":\"https:\/\/secure.gravatar.com\/avatar\/02cf8a7906b8cf90cecb4679defac7cfd33a1c2e3b88e4903d947f3bb58eedd3?s=96&d=mm&r=g\",\"caption\":\"hegyizs\"},\"url\":\"https:\/\/www.welovecycling.com\/hu\/author\/hegyizs\/\"}]}<\/script>\n<!-- \/ Yoast SEO Premium plugin. -->","yoast_head_json":{"title":"Hogyan hat a ker\u00e9kp\u00e1roz\u00e1s az agyadra?","description":"Sokan csak sz\u00f3rakoz\u00e1sb\u00f3l vagy egy edz\u00e9sprogram r\u00e9szek\u00e9nt ker\u00e9kp\u00e1roznak, vagy hogy fogyjanak, \u00e9p\u00edts\u00e9k izomzatukat, vagy hozz\u00e1j\u00e1ruljanak sz\u00edv- \u00e9s \u00e9rrendszeri eg\u00e9szs\u00e9g\u00fckh\u00f6z. Azonban ez csak n\u00e9h\u00e1ny a ker\u00e9kp\u00e1roz\u00e1s \u00e9lettani el\u0151nyei k\u00f6z\u00fcl. Tudtad, hogy a ment\u00e1lis eg\u00e9szs\u00e9gre is j\u00f3 hat\u00e1ssal van?","robots":{"index":"index","follow":"follow","max-snippet":"max-snippet:-1","max-image-preview":"max-image-preview:large","max-video-preview":"max-video-preview:-1"},"canonical":"https:\/\/www.welovecycling.com\/hu\/edzes-es-eletmod\/hogyan-hat-a-kerekparozas-az-agyadra\/","og_locale":"hu_HU","og_type":"article","og_title":"Hogyan hat a ker\u00e9kp\u00e1roz\u00e1s az agyadra?","og_description":"Sokan csak sz\u00f3rakoz\u00e1sb\u00f3l vagy egy edz\u00e9sprogram r\u00e9szek\u00e9nt ker\u00e9kp\u00e1roznak, vagy hogy fogyjanak, \u00e9p\u00edts\u00e9k izomzatukat, vagy hozz\u00e1j\u00e1ruljanak sz\u00edv- \u00e9s \u00e9rrendszeri eg\u00e9szs\u00e9g\u00fckh\u00f6z. Azonban ez csak n\u00e9h\u00e1ny a ker\u00e9kp\u00e1roz\u00e1s \u00e9lettani el\u0151nyei k\u00f6z\u00fcl. Tudtad, hogy a ment\u00e1lis eg\u00e9szs\u00e9gre is j\u00f3 hat\u00e1ssal van?","og_url":"https:\/\/www.welovecycling.com\/hu\/edzes-es-eletmod\/hogyan-hat-a-kerekparozas-az-agyadra\/","og_site_name":"\u0160koda We Love Cycling - Magyarorsz\u00e1g","article_publisher":"https:\/\/www.facebook.com\/WeLoveCyclingHungary\/","article_published_time":"2023-02-20T06:00:02+00:00","og_image":[{"width":1280,"height":853,"url":"https:\/\/d2p6e6u75xmxt8.cloudfront.net\/12\/2019\/04\/nature-sunset-river-bicycle-17729-pexels-photo.jpg","type":"image\/jpeg"}],"author":"hegyizs","twitter_card":"summary_large_image","twitter_misc":{"Written by":"Andrea Champredonde","Est. reading time":"6"},"schema":{"@context":"https:\/\/schema.org","@graph":[{"@type":"WebPage","@id":"https:\/\/www.welovecycling.com\/hu\/edzes-es-eletmod\/hogyan-hat-a-kerekparozas-az-agyadra\/","url":"https:\/\/www.welovecycling.com\/hu\/edzes-es-eletmod\/hogyan-hat-a-kerekparozas-az-agyadra\/","name":"Hogyan hat a ker\u00e9kp\u00e1roz\u00e1s az agyadra?","isPartOf":{"@id":"https:\/\/www.welovecycling.com\/hu\/#website"},"primaryImageOfPage":{"@id":"https:\/\/www.welovecycling.com\/hu\/edzes-es-eletmod\/hogyan-hat-a-kerekparozas-az-agyadra\/#primaryimage"},"image":{"@id":"https:\/\/www.welovecycling.com\/hu\/edzes-es-eletmod\/hogyan-hat-a-kerekparozas-az-agyadra\/#primaryimage"},"thumbnailUrl":"https:\/\/d2p6e6u75xmxt8.cloudfront.net\/12\/2019\/04\/nature-sunset-river-bicycle-17729-pexels-photo.jpg","datePublished":"2023-02-20T06:00:02+00:00","author":{"@id":"https:\/\/www.welovecycling.com\/hu\/#\/schema\/person\/414a2aebf1801691a5320edb6468e194"},"description":"Sokan csak sz\u00f3rakoz\u00e1sb\u00f3l vagy egy edz\u00e9sprogram r\u00e9szek\u00e9nt ker\u00e9kp\u00e1roznak, vagy hogy fogyjanak, \u00e9p\u00edts\u00e9k izomzatukat, vagy hozz\u00e1j\u00e1ruljanak sz\u00edv- \u00e9s \u00e9rrendszeri eg\u00e9szs\u00e9g\u00fckh\u00f6z. Azonban ez csak n\u00e9h\u00e1ny a ker\u00e9kp\u00e1roz\u00e1s \u00e9lettani el\u0151nyei k\u00f6z\u00fcl. Tudtad, hogy a ment\u00e1lis eg\u00e9szs\u00e9gre is j\u00f3 hat\u00e1ssal van?","breadcrumb":{"@id":"https:\/\/www.welovecycling.com\/hu\/edzes-es-eletmod\/hogyan-hat-a-kerekparozas-az-agyadra\/#breadcrumb"},"inLanguage":"hu","potentialAction":[{"@type":"ReadAction","target":["https:\/\/www.welovecycling.com\/hu\/edzes-es-eletmod\/hogyan-hat-a-kerekparozas-az-agyadra\/"]}]},{"@type":"ImageObject","inLanguage":"hu","@id":"https:\/\/www.welovecycling.com\/hu\/edzes-es-eletmod\/hogyan-hat-a-kerekparozas-az-agyadra\/#primaryimage","url":"https:\/\/d2p6e6u75xmxt8.cloudfront.net\/12\/2019\/04\/nature-sunset-river-bicycle-17729-pexels-photo.jpg","contentUrl":"https:\/\/d2p6e6u75xmxt8.cloudfront.net\/12\/2019\/04\/nature-sunset-river-bicycle-17729-pexels-photo.jpg","width":1280,"height":853},{"@type":"BreadcrumbList","@id":"https:\/\/www.welovecycling.com\/hu\/edzes-es-eletmod\/hogyan-hat-a-kerekparozas-az-agyadra\/#breadcrumb","itemListElement":[{"@type":"ListItem","position":1,"name":"Home","item":"https:\/\/www.welovecycling.com\/hu\/"},{"@type":"ListItem","position":2,"name":"Hogyan hat a ker\u00e9kp\u00e1roz\u00e1s az agyadra?"}]},{"@type":"WebSite","@id":"https:\/\/www.welovecycling.com\/hu\/#website","url":"https:\/\/www.welovecycling.com\/hu\/","name":"\u0160koda We Love Cycling - Magyarorsz\u00e1g","description":"\u0160koda WeLoveCycling","potentialAction":[{"@type":"SearchAction","target":{"@type":"EntryPoint","urlTemplate":"https:\/\/www.welovecycling.com\/hu\/?s={search_term_string}"},"query-input":{"@type":"PropertyValueSpecification","valueRequired":true,"valueName":"search_term_string"}}],"inLanguage":"hu"},{"@type":"Person","@id":"https:\/\/www.welovecycling.com\/hu\/#\/schema\/person\/414a2aebf1801691a5320edb6468e194","name":"hegyizs","image":{"@type":"ImageObject","inLanguage":"hu","@id":"https:\/\/www.welovecycling.com\/hu\/#\/schema\/person\/image\/","url":"https:\/\/secure.gravatar.com\/avatar\/02cf8a7906b8cf90cecb4679defac7cfd33a1c2e3b88e4903d947f3bb58eedd3?s=96&d=mm&r=g","contentUrl":"https:\/\/secure.gravatar.com\/avatar\/02cf8a7906b8cf90cecb4679defac7cfd33a1c2e3b88e4903d947f3bb58eedd3?s=96&d=mm&r=g","caption":"hegyizs"},"url":"https:\/\/www.welovecycling.com\/hu\/author\/hegyizs\/"}]}},"_links":{"self":[{"href":"https:\/\/www.welovecycling.com\/hu\/wp-json\/wp\/v2\/posts\/17007","targetHints":{"allow":["GET"]}}],"collection":[{"href":"https:\/\/www.welovecycling.com\/hu\/wp-json\/wp\/v2\/posts"}],"about":[{"href":"https:\/\/www.welovecycling.com\/hu\/wp-json\/wp\/v2\/types\/post"}],"author":[{"embeddable":true,"href":"https:\/\/www.welovecycling.com\/hu\/wp-json\/wp\/v2\/users\/71"}],"replies":[{"embeddable":true,"href":"https:\/\/www.welovecycling.com\/hu\/wp-json\/wp\/v2\/comments?post=17007"}],"version-history":[{"count":2,"href":"https:\/\/www.welovecycling.com\/hu\/wp-json\/wp\/v2\/posts\/17007\/revisions"}],"predecessor-version":[{"id":17017,"href":"https:\/\/www.welovecycling.com\/hu\/wp-json\/wp\/v2\/posts\/17007\/revisions\/17017"}],"wp:featuredmedia":[{"embeddable":true,"href":"https:\/\/www.welovecycling.com\/hu\/wp-json\/wp\/v2\/media\/2972"}],"wp:attachment":[{"href":"https:\/\/www.welovecycling.com\/hu\/wp-json\/wp\/v2\/media?parent=17007"}],"wp:term":[{"taxonomy":"category","embeddable":true,"href":"https:\/\/www.welovecycling.com\/hu\/wp-json\/wp\/v2\/categories?post=17007"},{"taxonomy":"post_tag","embeddable":true,"href":"https:\/\/www.welovecycling.com\/hu\/wp-json\/wp\/v2\/tags?post=17007"},{"taxonomy":"global-categories","embeddable":true,"href":"https:\/\/www.welovecycling.com\/hu\/wp-json\/wp\/v2\/global-categories?post=17007"}],"curies":[{"name":"wp","href":"https:\/\/api.w.org\/{rel}","templated":true}]}}