{"id":16987,"date":"2023-02-13T13:47:01","date_gmt":"2023-02-13T11:47:01","guid":{"rendered":"https:\/\/www.welovecycling.com\/hu\/?p=16987"},"modified":"2023-02-13T13:47:01","modified_gmt":"2023-02-13T11:47:01","slug":"valtozik-a-tour-de-france-femmes-idopontja-az-olimpia-miatt","status":"publish","type":"post","link":"https:\/\/www.welovecycling.com\/hu\/orszaguti-kerekpar\/valtozik-a-tour-de-france-femmes-idopontja-az-olimpia-miatt\/","title":{"rendered":"V\u00e1ltozik a Tour de France Femmes id\u0151pontja az olimpia miatt"},"content":{"rendered":"<p><b>A Tour de France Femmes avec Zwift hivatalos d\u00e1tuma m\u00e9g nem v\u00e9gleges, de azt a Tour igazgat\u00f3ja, Christian Prudhomme is meger\u0151s\u00edtette, hogy a 2024-es p\u00e1rizsi olimpiai j\u00e1t\u00e9kokhoz igaz\u00edtj\u00e1k a versenyt.<\/b><\/p>\n<p><!--more--><\/p>\n<p><span style=\"font-weight: 400;\"><em>\u201cA versenyz\u0151k k\u00f6z\u00fcl t\u00f6bben megjelennek az olimpi\u00e1n, \u00edgy meg kell v\u00e1ltoztatnunk a d\u00e1tumot\u201d<\/em> &#8211; mondta az \u00fajs\u00e1g\u00edr\u00f3knak egy rendezv\u00e9nyen.<\/span><\/p>\n<p><span style=\"font-weight: 400;\">Az olimpia a tervek szerint j\u00falius 26-t\u00f3l augusztus 11-ig tart majd, a f\u00e9rfi \u00e9s n\u0151i egy\u00e9ni id\u0151futam j\u00falius 27-\u00e9n, a f\u00e9rfi orsz\u00e1g\u00fati verseny augusztus 3-\u00e1n, a n\u0151i orsz\u00e1g\u00fati verseny augusztus 4-\u00e9n lesz.<\/span><\/p>\n<p><span style=\"font-weight: 400;\">A Tour de France avec Zwift a pedig a tervek szerint j\u00falius 23. \u00e9s 30. k\u00f6z\u00f6tt ker\u00fcl megrendez\u00e9sre. Az \u00fatvonal Clermont-Ferrand-ban kezd\u0151dik, \u00e9s Pauban egy id\u0151futammal z\u00e1rul. \u00cdgy k\u00f6zvetlen\u00fcl a f\u00e9rfi TdF ut\u00e1n \u00e9r v\u00e9get.<\/span><\/p>\n<figure id=\"attachment_16988\" aria-describedby=\"caption-attachment-16988\" style=\"width: 1000px\" class=\"wp-caption alignnone\"><a href=\"https:\/\/d2p6e6u75xmxt8.cloudfront.net\/12\/2023\/02\/ezgif.com-webp-to-jpg-2.webp\"><img loading=\"lazy\" decoding=\"async\" class=\"size-full wp-image-16988\" src=\"https:\/\/d2p6e6u75xmxt8.cloudfront.net\/12\/2023\/02\/ezgif.com-webp-to-jpg-2.webp\" alt=\"\" width=\"1000\" height=\"666\" srcset=\"https:\/\/d2p6e6u75xmxt8.cloudfront.net\/12\/2023\/02\/ezgif.com-webp-to-jpg-2.webp 1000w, https:\/\/d2p6e6u75xmxt8.cloudfront.net\/12\/2023\/02\/ezgif.com-webp-to-jpg-2-300x200.webp 300w, https:\/\/d2p6e6u75xmxt8.cloudfront.net\/12\/2023\/02\/ezgif.com-webp-to-jpg-2-768x511.webp 768w, https:\/\/d2p6e6u75xmxt8.cloudfront.net\/12\/2023\/02\/ezgif.com-webp-to-jpg-2-400x266.webp 400w, https:\/\/d2p6e6u75xmxt8.cloudfront.net\/12\/2023\/02\/ezgif.com-webp-to-jpg-2-272x182.webp 272w\" sizes=\"auto, (max-width: 1000px) 100vw, 1000px\" \/><\/a><figcaption id=\"caption-attachment-16988\" class=\"wp-caption-text\">A mez\u0151ny a 2022-es TdF Femmes avec Zwift els\u0151 szakasz\u00e1n. \u00a9 Profimedia<\/figcaption><\/figure>\n<p><span style=\"font-weight: 400;\">Ez azt jelenti, hogy a Tour de France Femmes avec Zwift \u00e1tfed\u00e9sben lesz a f\u00e9rfi verzi\u00f3val az idei \u00e9vben? Sajnos m\u00e9g nem tudjuk a v\u00e1laszt. Ak\u00e1r m\u00e9g az \u00f6tkarik\u00e1s j\u00e1t\u00e9kok v\u00e9g\u00e9ig is elhalaszthatj\u00e1k a n\u0151i versenyt, de biztosan nagy kih\u00edv\u00e1s lesz az \u00e1tszervez\u00e9s. Megl\u00e1tjuk, hogy alakul.<\/span><\/p>\n<p><span style=\"font-weight: 400;\">Mindek\u00f6zben Prudhomme a verseny n\u0151i v\u00e1ltozat\u00e1nak j\u00f6v\u0151j\u00e9r\u0151l is besz\u00e9lt: <\/span><i><span style=\"font-weight: 400;\">\u201eAmikor \u00fajraind\u00edtottuk a Tour de France Femmes avec Zwiftet, azt mondtuk magunkban, hogy szeretn\u00e9nk egy hossz\u00fa t\u00e1v\u00fa esem\u00e9nyt l\u00e9trehozni, amely 50 \u00e9v m\u00falva is \u00e9lni fog, mint a Giro, a Tour\u2026 a nyolcvanas \u00e9vekben rengeteg p\u00e1rbajt l\u00e1thattunk Jeannie Longo \u00e9s Maria Canins k\u00f6z\u00f6tt: l\u00e9teztek, val\u00f3s\u00e1gosak voltak, m\u0171k\u00f6d\u00f6tt.\u201d<\/span><\/i><\/p>\n<p><span style=\"font-weight: 400;\">A deb\u00fct\u00e1l\u00e1s siker\u00e9t j\u00f3l mutatja, mennyi v\u00e1ros jelentkezett, hogy szeretne otthont adni egy-egy szakasznak.<\/span><\/p>\n<p><i><span style=\"font-weight: 400;\">\u201cHihetetlen, mennyi v\u00e1ros keresett meg minket. Az els\u0151 \u00e9v ut\u00e1n l\u00e1tszik, milyen \u00e1t\u00fct\u0151 siker volt a verseny. Nem sz\u00e1m\u00edtottunk ennyi emberre az \u00fat sz\u00e9l\u00e9n. Nem sz\u00e1m\u00edtottunk ennyi emberre a telev\u00edzi\u00f3k el\u0151tt. Folytatnunk kell. Tov\u00e1bb kell menn\u00fcnk. Akkor is, ha neh\u00e9zs\u00e9gekkel n\u00e9z\u00fcnk szembe.\u201d<\/span><\/i><\/p>\n<p><span style=\"font-weight: 400;\">Az olimpia komoly kih\u00edv\u00e1st jelent a szervez\u0151k sz\u00e1m\u00e1ra. Nek\u00fcnk, rajong\u00f3knak azonban egy\u00e9rtelm\u0171 a f\u0151 \u00fczenet. A Tour de France Femmes avec Zwift hossz\u00fa t\u00e1vra tervez!<\/span><\/p>\n","protected":false},"excerpt":{"rendered":"<p>A Tour de France Femmes avec Zwift hivatalos d\u00e1tuma m\u00e9g nem v\u00e9gleges, de azt a Tour igazgat\u00f3ja, Christian Prudhomme is [&hellip;]<\/p>\n","protected":false},"author":145,"featured_media":16989,"comment_status":"open","ping_status":"open","sticky":false,"template":"","format":"standard","meta":{"footnotes":""},"categories":[8],"tags":[],"global-categories":[419],"class_list":["post-16987","post","type-post","status-publish","format-standard","has-post-thumbnail","hentry","category-orszaguti-kerekpar","global-categories-cycling"],"yoast_head":"<!-- This site is optimized with the Yoast SEO Premium plugin v25.3 (Yoast SEO v25.9) - https:\/\/yoast.com\/wordpress\/plugins\/seo\/ -->\n<title>V\u00e1ltozik a Tour de France Femmes id\u0151pontja az olimpia miatt - \u0160koda We Love Cycling - Magyarorsz\u00e1g<\/title>\n<meta name=\"robots\" content=\"index, follow, max-snippet:-1, max-image-preview:large, max-video-preview:-1\" \/>\n<link rel=\"canonical\" href=\"https:\/\/www.welovecycling.com\/hu\/orszaguti-kerekpar\/valtozik-a-tour-de-france-femmes-idopontja-az-olimpia-miatt\/\" \/>\n<meta property=\"og:locale\" content=\"hu_HU\" \/>\n<meta property=\"og:type\" content=\"article\" \/>\n<meta property=\"og:title\" content=\"V\u00e1ltozik a Tour de France Femmes id\u0151pontja az olimpia miatt\" \/>\n<meta property=\"og:description\" content=\"A Tour de France Femmes avec Zwift hivatalos d\u00e1tuma m\u00e9g nem v\u00e9gleges, de azt a Tour igazgat\u00f3ja, Christian Prudhomme is [&hellip;]\" \/>\n<meta property=\"og:url\" content=\"https:\/\/www.welovecycling.com\/hu\/orszaguti-kerekpar\/valtozik-a-tour-de-france-femmes-idopontja-az-olimpia-miatt\/\" \/>\n<meta property=\"og:site_name\" content=\"\u0160koda We Love Cycling - Magyarorsz\u00e1g\" \/>\n<meta property=\"article:publisher\" content=\"https:\/\/www.facebook.com\/WeLoveCyclingHungary\/\" \/>\n<meta property=\"article:published_time\" content=\"2023-02-13T11:47:01+00:00\" \/>\n<meta property=\"og:image\" content=\"https:\/\/d2p6e6u75xmxt8.cloudfront.net\/12\/2023\/02\/ezgif.com-webp-to-jpg-3.webp\" \/>\n\t<meta property=\"og:image:width\" content=\"990\" \/>\n\t<meta property=\"og:image:height\" content=\"660\" \/>\n\t<meta property=\"og:image:type\" content=\"image\/webp\" \/>\n<meta name=\"author\" content=\"kitti\" \/>\n<meta name=\"twitter:card\" content=\"summary_large_image\" \/>\n<meta name=\"twitter:label1\" content=\"Written by\" \/>\n\t<meta name=\"twitter:data1\" content=\"We Love Cycling\" \/>\n\t<meta name=\"twitter:label2\" content=\"Est. reading time\" \/>\n\t<meta name=\"twitter:data2\" content=\"2 minutes\" \/>\n<script type=\"application\/ld+json\" class=\"yoast-schema-graph\">{\"@context\":\"https:\/\/schema.org\",\"@graph\":[{\"@type\":\"WebPage\",\"@id\":\"https:\/\/www.welovecycling.com\/hu\/orszaguti-kerekpar\/valtozik-a-tour-de-france-femmes-idopontja-az-olimpia-miatt\/\",\"url\":\"https:\/\/www.welovecycling.com\/hu\/orszaguti-kerekpar\/valtozik-a-tour-de-france-femmes-idopontja-az-olimpia-miatt\/\",\"name\":\"V\u00e1ltozik a Tour de France Femmes id\u0151pontja az olimpia miatt - \u0160koda We Love Cycling - Magyarorsz\u00e1g\",\"isPartOf\":{\"@id\":\"https:\/\/www.welovecycling.com\/hu\/#website\"},\"primaryImageOfPage\":{\"@id\":\"https:\/\/www.welovecycling.com\/hu\/orszaguti-kerekpar\/valtozik-a-tour-de-france-femmes-idopontja-az-olimpia-miatt\/#primaryimage\"},\"image\":{\"@id\":\"https:\/\/www.welovecycling.com\/hu\/orszaguti-kerekpar\/valtozik-a-tour-de-france-femmes-idopontja-az-olimpia-miatt\/#primaryimage\"},\"thumbnailUrl\":\"https:\/\/d2p6e6u75xmxt8.cloudfront.net\/12\/2023\/02\/ezgif.com-webp-to-jpg-3.webp\",\"datePublished\":\"2023-02-13T11:47:01+00:00\",\"author\":{\"@id\":\"https:\/\/www.welovecycling.com\/hu\/#\/schema\/person\/bec7dcdbcc59f58489cf603e4040ced1\"},\"breadcrumb\":{\"@id\":\"https:\/\/www.welovecycling.com\/hu\/orszaguti-kerekpar\/valtozik-a-tour-de-france-femmes-idopontja-az-olimpia-miatt\/#breadcrumb\"},\"inLanguage\":\"hu\",\"potentialAction\":[{\"@type\":\"ReadAction\",\"target\":[\"https:\/\/www.welovecycling.com\/hu\/orszaguti-kerekpar\/valtozik-a-tour-de-france-femmes-idopontja-az-olimpia-miatt\/\"]}]},{\"@type\":\"ImageObject\",\"inLanguage\":\"hu\",\"@id\":\"https:\/\/www.welovecycling.com\/hu\/orszaguti-kerekpar\/valtozik-a-tour-de-france-femmes-idopontja-az-olimpia-miatt\/#primaryimage\",\"url\":\"https:\/\/d2p6e6u75xmxt8.cloudfront.net\/12\/2023\/02\/ezgif.com-webp-to-jpg-3.webp\",\"contentUrl\":\"https:\/\/d2p6e6u75xmxt8.cloudfront.net\/12\/2023\/02\/ezgif.com-webp-to-jpg-3.webp\",\"width\":990,\"height\":660},{\"@type\":\"BreadcrumbList\",\"@id\":\"https:\/\/www.welovecycling.com\/hu\/orszaguti-kerekpar\/valtozik-a-tour-de-france-femmes-idopontja-az-olimpia-miatt\/#breadcrumb\",\"itemListElement\":[{\"@type\":\"ListItem\",\"position\":1,\"name\":\"Home\",\"item\":\"https:\/\/www.welovecycling.com\/hu\/\"},{\"@type\":\"ListItem\",\"position\":2,\"name\":\"V\u00e1ltozik a Tour de France Femmes id\u0151pontja az olimpia miatt\"}]},{\"@type\":\"WebSite\",\"@id\":\"https:\/\/www.welovecycling.com\/hu\/#website\",\"url\":\"https:\/\/www.welovecycling.com\/hu\/\",\"name\":\"\u0160koda We Love Cycling - Magyarorsz\u00e1g\",\"description\":\"\u0160koda WeLoveCycling\",\"potentialAction\":[{\"@type\":\"SearchAction\",\"target\":{\"@type\":\"EntryPoint\",\"urlTemplate\":\"https:\/\/www.welovecycling.com\/hu\/?s={search_term_string}\"},\"query-input\":{\"@type\":\"PropertyValueSpecification\",\"valueRequired\":true,\"valueName\":\"search_term_string\"}}],\"inLanguage\":\"hu\"},{\"@type\":\"Person\",\"@id\":\"https:\/\/www.welovecycling.com\/hu\/#\/schema\/person\/bec7dcdbcc59f58489cf603e4040ced1\",\"name\":\"kitti\",\"image\":{\"@type\":\"ImageObject\",\"inLanguage\":\"hu\",\"@id\":\"https:\/\/www.welovecycling.com\/hu\/#\/schema\/person\/image\/\",\"url\":\"https:\/\/secure.gravatar.com\/avatar\/e3196a110e1b57b96f56d92d10ce9bb4e9d7210076832a16243337e949410b52?s=96&d=mm&r=g\",\"contentUrl\":\"https:\/\/secure.gravatar.com\/avatar\/e3196a110e1b57b96f56d92d10ce9bb4e9d7210076832a16243337e949410b52?s=96&d=mm&r=g\",\"caption\":\"kitti\"},\"url\":\"https:\/\/www.welovecycling.com\/hu\/author\/kitti\/\"}]}<\/script>\n<!-- \/ Yoast SEO Premium plugin. -->","yoast_head_json":{"title":"V\u00e1ltozik a Tour de France Femmes id\u0151pontja az olimpia miatt - \u0160koda We Love Cycling - Magyarorsz\u00e1g","robots":{"index":"index","follow":"follow","max-snippet":"max-snippet:-1","max-image-preview":"max-image-preview:large","max-video-preview":"max-video-preview:-1"},"canonical":"https:\/\/www.welovecycling.com\/hu\/orszaguti-kerekpar\/valtozik-a-tour-de-france-femmes-idopontja-az-olimpia-miatt\/","og_locale":"hu_HU","og_type":"article","og_title":"V\u00e1ltozik a Tour de France Femmes id\u0151pontja az olimpia miatt","og_description":"A Tour de France Femmes avec Zwift hivatalos d\u00e1tuma m\u00e9g nem v\u00e9gleges, de azt a Tour igazgat\u00f3ja, Christian Prudhomme is [&hellip;]","og_url":"https:\/\/www.welovecycling.com\/hu\/orszaguti-kerekpar\/valtozik-a-tour-de-france-femmes-idopontja-az-olimpia-miatt\/","og_site_name":"\u0160koda We Love Cycling - Magyarorsz\u00e1g","article_publisher":"https:\/\/www.facebook.com\/WeLoveCyclingHungary\/","article_published_time":"2023-02-13T11:47:01+00:00","og_image":[{"width":990,"height":660,"url":"https:\/\/d2p6e6u75xmxt8.cloudfront.net\/12\/2023\/02\/ezgif.com-webp-to-jpg-3.webp","type":"image\/webp"}],"author":"kitti","twitter_card":"summary_large_image","twitter_misc":{"Written by":"We Love Cycling","Est. reading time":"2 minutes"},"schema":{"@context":"https:\/\/schema.org","@graph":[{"@type":"WebPage","@id":"https:\/\/www.welovecycling.com\/hu\/orszaguti-kerekpar\/valtozik-a-tour-de-france-femmes-idopontja-az-olimpia-miatt\/","url":"https:\/\/www.welovecycling.com\/hu\/orszaguti-kerekpar\/valtozik-a-tour-de-france-femmes-idopontja-az-olimpia-miatt\/","name":"V\u00e1ltozik a Tour de France Femmes id\u0151pontja az olimpia miatt - \u0160koda We Love Cycling - Magyarorsz\u00e1g","isPartOf":{"@id":"https:\/\/www.welovecycling.com\/hu\/#website"},"primaryImageOfPage":{"@id":"https:\/\/www.welovecycling.com\/hu\/orszaguti-kerekpar\/valtozik-a-tour-de-france-femmes-idopontja-az-olimpia-miatt\/#primaryimage"},"image":{"@id":"https:\/\/www.welovecycling.com\/hu\/orszaguti-kerekpar\/valtozik-a-tour-de-france-femmes-idopontja-az-olimpia-miatt\/#primaryimage"},"thumbnailUrl":"https:\/\/d2p6e6u75xmxt8.cloudfront.net\/12\/2023\/02\/ezgif.com-webp-to-jpg-3.webp","datePublished":"2023-02-13T11:47:01+00:00","author":{"@id":"https:\/\/www.welovecycling.com\/hu\/#\/schema\/person\/bec7dcdbcc59f58489cf603e4040ced1"},"breadcrumb":{"@id":"https:\/\/www.welovecycling.com\/hu\/orszaguti-kerekpar\/valtozik-a-tour-de-france-femmes-idopontja-az-olimpia-miatt\/#breadcrumb"},"inLanguage":"hu","potentialAction":[{"@type":"ReadAction","target":["https:\/\/www.welovecycling.com\/hu\/orszaguti-kerekpar\/valtozik-a-tour-de-france-femmes-idopontja-az-olimpia-miatt\/"]}]},{"@type":"ImageObject","inLanguage":"hu","@id":"https:\/\/www.welovecycling.com\/hu\/orszaguti-kerekpar\/valtozik-a-tour-de-france-femmes-idopontja-az-olimpia-miatt\/#primaryimage","url":"https:\/\/d2p6e6u75xmxt8.cloudfront.net\/12\/2023\/02\/ezgif.com-webp-to-jpg-3.webp","contentUrl":"https:\/\/d2p6e6u75xmxt8.cloudfront.net\/12\/2023\/02\/ezgif.com-webp-to-jpg-3.webp","width":990,"height":660},{"@type":"BreadcrumbList","@id":"https:\/\/www.welovecycling.com\/hu\/orszaguti-kerekpar\/valtozik-a-tour-de-france-femmes-idopontja-az-olimpia-miatt\/#breadcrumb","itemListElement":[{"@type":"ListItem","position":1,"name":"Home","item":"https:\/\/www.welovecycling.com\/hu\/"},{"@type":"ListItem","position":2,"name":"V\u00e1ltozik a Tour de France Femmes id\u0151pontja az olimpia miatt"}]},{"@type":"WebSite","@id":"https:\/\/www.welovecycling.com\/hu\/#website","url":"https:\/\/www.welovecycling.com\/hu\/","name":"\u0160koda We Love Cycling - Magyarorsz\u00e1g","description":"\u0160koda WeLoveCycling","potentialAction":[{"@type":"SearchAction","target":{"@type":"EntryPoint","urlTemplate":"https:\/\/www.welovecycling.com\/hu\/?s={search_term_string}"},"query-input":{"@type":"PropertyValueSpecification","valueRequired":true,"valueName":"search_term_string"}}],"inLanguage":"hu"},{"@type":"Person","@id":"https:\/\/www.welovecycling.com\/hu\/#\/schema\/person\/bec7dcdbcc59f58489cf603e4040ced1","name":"kitti","image":{"@type":"ImageObject","inLanguage":"hu","@id":"https:\/\/www.welovecycling.com\/hu\/#\/schema\/person\/image\/","url":"https:\/\/secure.gravatar.com\/avatar\/e3196a110e1b57b96f56d92d10ce9bb4e9d7210076832a16243337e949410b52?s=96&d=mm&r=g","contentUrl":"https:\/\/secure.gravatar.com\/avatar\/e3196a110e1b57b96f56d92d10ce9bb4e9d7210076832a16243337e949410b52?s=96&d=mm&r=g","caption":"kitti"},"url":"https:\/\/www.welovecycling.com\/hu\/author\/kitti\/"}]}},"_links":{"self":[{"href":"https:\/\/www.welovecycling.com\/hu\/wp-json\/wp\/v2\/posts\/16987","targetHints":{"allow":["GET"]}}],"collection":[{"href":"https:\/\/www.welovecycling.com\/hu\/wp-json\/wp\/v2\/posts"}],"about":[{"href":"https:\/\/www.welovecycling.com\/hu\/wp-json\/wp\/v2\/types\/post"}],"author":[{"embeddable":true,"href":"https:\/\/www.welovecycling.com\/hu\/wp-json\/wp\/v2\/users\/145"}],"replies":[{"embeddable":true,"href":"https:\/\/www.welovecycling.com\/hu\/wp-json\/wp\/v2\/comments?post=16987"}],"version-history":[{"count":1,"href":"https:\/\/www.welovecycling.com\/hu\/wp-json\/wp\/v2\/posts\/16987\/revisions"}],"predecessor-version":[{"id":16990,"href":"https:\/\/www.welovecycling.com\/hu\/wp-json\/wp\/v2\/posts\/16987\/revisions\/16990"}],"wp:featuredmedia":[{"embeddable":true,"href":"https:\/\/www.welovecycling.com\/hu\/wp-json\/wp\/v2\/media\/16989"}],"wp:attachment":[{"href":"https:\/\/www.welovecycling.com\/hu\/wp-json\/wp\/v2\/media?parent=16987"}],"wp:term":[{"taxonomy":"category","embeddable":true,"href":"https:\/\/www.welovecycling.com\/hu\/wp-json\/wp\/v2\/categories?post=16987"},{"taxonomy":"post_tag","embeddable":true,"href":"https:\/\/www.welovecycling.com\/hu\/wp-json\/wp\/v2\/tags?post=16987"},{"taxonomy":"global-categories","embeddable":true,"href":"https:\/\/www.welovecycling.com\/hu\/wp-json\/wp\/v2\/global-categories?post=16987"}],"curies":[{"name":"wp","href":"https:\/\/api.w.org\/{rel}","templated":true}]}}