{"id":16981,"date":"2023-02-10T16:48:43","date_gmt":"2023-02-10T14:48:43","guid":{"rendered":"https:\/\/www.welovecycling.com\/hu\/?p=16981"},"modified":"2023-02-10T16:48:43","modified_gmt":"2023-02-10T14:48:43","slug":"ujabb-klasszissal-lesz-szegenyebb-a-mezony-rohan-dennis-is-bejelentette-visszavonulasat","status":"publish","type":"post","link":"https:\/\/www.welovecycling.com\/hu\/orszaguti-kerekpar\/ujabb-klasszissal-lesz-szegenyebb-a-mezony-rohan-dennis-is-bejelentette-visszavonulasat\/","title":{"rendered":"\u00dajabb klasszissal lesz szeg\u00e9nyebb a mez\u0151ny: Rohan Dennis is bejelentette visszavonul\u00e1s\u00e1t"},"content":{"rendered":"<p><strong>Az egyik legjobb ausztr\u00e1l bring\u00e1s a 2023-as \u00e9vet m\u00e9g v\u00e9gigcsin\u00e1lja, de ut\u00e1na a csal\u00e1dj\u00e1nak szeretn\u00e9 szentelni az \u00e9let\u00e9t.<\/strong><\/p>\n<p><!--more--><\/p>\n<p>P\u00e9ntek d\u00e9lut\u00e1n <a href=\"https:\/\/www.instagram.com\/p\/Coe44YMtlMy\/?utm_source=ig_embed&amp;ig_rid=fb81491c-8e2b-483c-9cde-7d7f131da8db\">saj\u00e1t Instagram-oldal\u00e1n<\/a> tett nagy, \u00e9s n\u00e9mileg v\u00e1ratlan bejelent\u00e9st Rohan Dennis: a posztban hivataloss\u00e1 tette, hogy az idei verseny\u00e9v v\u00e9g\u00e9n sz\u00f6gre akasztja a bring\u00e1t. Minden id\u0151k egyik legjobb ausztr\u00e1l ker\u00e9kp\u00e1rosa annak ellen\u00e9re d\u00f6nt\u00f6tt a visszavonul\u00e1s mellett, hogy m\u00e9g csak 32 \u00e9ves, teh\u00e1t nem egy matuzs\u00e1lem, illetve hogy csak tavaly igazolt a vil\u00e1g legjobb csapat\u00e1hoz, az imm\u00e1ron <a href=\"https:\/\/www.welovecycling.com\/hu\/orszaguti-kerekpar\/valter-attila-berendezkedett-a-vilag-legjobb-csapatanal-es-egy-tavalyi-mezet-is-licitre-bocsatotta\/\">Valter Attil\u00e1t is soraiban tud\u00f3<\/a> Jumbo-Vism\u00e1hoz. Nem is ment rosszul: ami azt illeti, nem sok versenyen \u00e1llt rajthoz, azokon viszont rendre j\u00f3l szerepelt, hiszen a P\u00e1rizs\u2013Nizz\u00e1r\u00f3l egy, a Romandiai k\u00f6rr\u0151l \u00f6sszese h\u00e1rom dobog\u00f3t is elhozott, \u00e9s b\u00e1r a sv\u00e1jci k\u00f6rt nem tudta befejezni, ut\u00e1na a Nemzetk\u00f6z\u00f6ss\u00e9gi J\u00e1t\u00e9kok id\u0151futamverseny\u00e9t megnyerte, majd a Vuelta eml\u00e9kezetes, utrechti nyit\u00f3 etapj\u00e1n is tagja volt a Jumbo csapatid\u0151futam-gy\u0151ztes nyolcas\u00e1nak (v\u00e9g\u00fcl a hegyi pontverseny 21. hely\u00e9n v\u00e9gzett).<\/p>\n<figure id=\"attachment_16982\" aria-describedby=\"caption-attachment-16982\" style=\"width: 742px\" class=\"wp-caption alignnone\"><a href=\"https:\/\/d2p6e6u75xmxt8.cloudfront.net\/12\/2023\/02\/2022_08_04-Rohan-Dennis.webp\"><img loading=\"lazy\" decoding=\"async\" class=\"size-full wp-image-16982\" src=\"https:\/\/d2p6e6u75xmxt8.cloudfront.net\/12\/2023\/02\/2022_08_04-Rohan-Dennis.webp\" alt=\"\" width=\"742\" height=\"495\" srcset=\"https:\/\/d2p6e6u75xmxt8.cloudfront.net\/12\/2023\/02\/2022_08_04-Rohan-Dennis.webp 742w, https:\/\/d2p6e6u75xmxt8.cloudfront.net\/12\/2023\/02\/2022_08_04-Rohan-Dennis-300x200.webp 300w, https:\/\/d2p6e6u75xmxt8.cloudfront.net\/12\/2023\/02\/2022_08_04-Rohan-Dennis-400x267.webp 400w, https:\/\/d2p6e6u75xmxt8.cloudfront.net\/12\/2023\/02\/2022_08_04-Rohan-Dennis-272x182.webp 272w\" sizes=\"auto, (max-width: 742px) 100vw, 742px\" \/><\/a><figcaption id=\"caption-attachment-16982\" class=\"wp-caption-text\">fot\u00f3: AP<\/figcaption><\/figure>\n<p>Egyebek mellett ez ut\u00f3bbi is Dennis roppant sokoldal\u00fas\u00e1g\u00e1t bizony\u00edtja, hiszen az ausztr\u00e1l klasszis sz\u00e1mos m\u0171fajban kiemelked\u0151t tudott alkotni. Hamis\u00edtatlan id\u0151futammen\u0151k\u00e9nt k\u00e9tszer nyert a sz\u00e1mban vil\u00e1gbajnoki c\u00edmet, a 2021-es toki\u00f3i olimpi\u00e1n pedig bronz\u00e9rmet szerzett Primoz Rogli\u010d \u00e9s Tom Dumoulin m\u00f6g\u00f6tt. Emellett orsz\u00e1g\u00faton azon illusztris t\u00e1rsas\u00e1gba tartozott, melynek tagjai mindh\u00e1rom nagy h\u00e1romhetes k\u00f6rversenyen, a Touron, a Gir\u00f3n \u00e9s a Vuelt\u00e1n egyar\u00e1nt szakaszt tudtak nyerni, de sikeres p\u00e1lyafut\u00e1sa alatt nyert Tour Down Undert \u00e9s \u00e1llt a dobog\u00f3n Tirreno\u2013Adriatic\u00f3n, valamint a Sv\u00e1jci K\u00f6rversenyen is. Dennis emellett p\u00e1ly\u00e1n is a legjobbak k\u00f6z\u00e9 tartozott, egyik kedvenc sz\u00e1m\u00e1ban, a l\u00e1tv\u00e1nyos csapat\u00fcld\u00f6z\u00e9ses versenyben a 2012-es londoni olimpi\u00e1n ez\u00fcst\u00e9rmet nyert az ausztr\u00e1l csapat tagjak\u00e9nt, \u00e9s ezt megel\u0151z\u0151en is szerzett k\u00e9t-k\u00e9t vil\u00e1gbajnoki arany- \u00e9s ez\u00fcst\u00e9rmet. \u00c9s ha ez nem lenne elegend\u0151, sikeresen teljes\u00edtette a profi ker\u00e9kp\u00e1roz\u00e1s vil\u00e1g\u00e1nak egyik legnehezebb \u00e9s \u00e9ppen ez\u00e9rt legnagyobb tisztelet \u00f6vezte kih\u00edv\u00e1s\u00e1t is: csaknem napra pontosan nyolc \u00e9ve, 2015. febru\u00e1r 8-\u00e1n a grencheni velodromban 52 491 kilom\u00e9terrel megd\u00f6nt\u00f6tte az egy\u00f3r\u00e1s ker\u00e9kp\u00e1roz\u00e1s vil\u00e1grekordj\u00e1t, melyet k\u00e9s\u0151bb Alex Dowsett vett \u00e1t t\u0151le. Dennis emellett seg\u00edt\u0151k\u00e9nt is nagyszer\u0171en meg\u00e1llta a hely\u00e9t, Tao Geoghegan Hart nagyszer\u0171, 2020-as Giro-gy\u0151zelm\u00e9ben p\u00e9ld\u00e1ul neki is kulcsszerepe volt.<\/p>\n<figure id=\"attachment_16985\" aria-describedby=\"caption-attachment-16985\" style=\"width: 800px\" class=\"wp-caption alignnone\"><a href=\"https:\/\/d2p6e6u75xmxt8.cloudfront.net\/12\/2023\/02\/utmSCU4sQtLYJzKJpnL2ge.webp\"><img loading=\"lazy\" decoding=\"async\" class=\"size-full wp-image-16985\" src=\"https:\/\/d2p6e6u75xmxt8.cloudfront.net\/12\/2023\/02\/utmSCU4sQtLYJzKJpnL2ge.webp\" alt=\"\" width=\"800\" height=\"530\" srcset=\"https:\/\/d2p6e6u75xmxt8.cloudfront.net\/12\/2023\/02\/utmSCU4sQtLYJzKJpnL2ge.webp 800w, https:\/\/d2p6e6u75xmxt8.cloudfront.net\/12\/2023\/02\/utmSCU4sQtLYJzKJpnL2ge-300x199.webp 300w, https:\/\/d2p6e6u75xmxt8.cloudfront.net\/12\/2023\/02\/utmSCU4sQtLYJzKJpnL2ge-768x509.webp 768w, https:\/\/d2p6e6u75xmxt8.cloudfront.net\/12\/2023\/02\/utmSCU4sQtLYJzKJpnL2ge-400x265.webp 400w\" sizes=\"auto, (max-width: 800px) 100vw, 800px\" \/><\/a><figcaption id=\"caption-attachment-16985\" class=\"wp-caption-text\">fot\u00f3: Oliver Burgess\/TDW<\/figcaption><\/figure>\n<p>A Jumbo szt\u00e1rja a nagy bejelent\u00e9sben els\u0151sorban feles\u00e9g\u00e9nek, Melissa Dennisnek mondott k\u00f6sz\u00f6netet, ami\u00e9rt a teljes profi karrierje alatt t\u00e1mogatta, mindezt \u00fagy, hogy k\u00f6zben felnevelte <em>\u201ea k\u00e9t legnagyszer\u0171bb gyermeket is, akit csak k\u00edv\u00e1nhatott\u201d<\/em>. Dennis emellett hozz\u00e1tette, ezt az \u00e9vet m\u00e9g v\u00e9gigcsin\u00e1lja, mint \u00edrta: \u201e<em>Egy hossz\u00fa szezon m\u00e9g h\u00e1tra van, de profik\u00e9nt biztos, hogy ez lesz az utols\u00f3!\u201d<\/em> A ker\u00e9kp\u00e1rsport teh\u00e1t a tavalyi \u201eexodus\u201d ut\u00e1n \u00fajabb nagy alakj\u00e1val lesz szeg\u00e9nyebb \u2013 a 2022-es nagy visszavonul\u00f3kat <a href=\"https:\/\/www.welovecycling.com\/hu\/orszaguti-kerekpar\/nibali-valverde-dumoulin-gilbert-porte-brennauer-elkepeszto-nevekkel-leszunk-szegenyebbek-2023-tol\/\">itt gy\u0171jt\u00f6tt\u00fck \u00f6ssze<\/a>.<\/p>\n<p><span style=\"font-size: 10pt;\"><em>Bor\u00edt\u00f3k\u00e9p: Jumbo-Visma\/Cor Vos<\/em><\/span><\/p>\n","protected":false},"excerpt":{"rendered":"<p>Az egyik legjobb ausztr\u00e1l bring\u00e1s a 2023-as \u00e9vet m\u00e9g v\u00e9gigcsin\u00e1lja, de ut\u00e1na a csal\u00e1dj\u00e1nak szeretn\u00e9 szentelni az \u00e9let\u00e9t.<\/p>\n","protected":false},"author":145,"featured_media":16983,"comment_status":"open","ping_status":"open","sticky":false,"template":"","format":"standard","meta":{"footnotes":""},"categories":[8],"tags":[],"global-categories":[419],"class_list":["post-16981","post","type-post","status-publish","format-standard","has-post-thumbnail","hentry","category-orszaguti-kerekpar","global-categories-cycling"],"yoast_head":"<!-- This site is optimized with the Yoast SEO Premium plugin v25.3 (Yoast SEO v25.9) - https:\/\/yoast.com\/wordpress\/plugins\/seo\/ -->\n<title>\u00dajabb klasszissal lesz szeg\u00e9nyebb a mez\u0151ny: Rohan Dennis is bejelentette visszavonul\u00e1s\u00e1t - \u0160koda We Love Cycling - Magyarorsz\u00e1g<\/title>\n<meta name=\"robots\" content=\"index, follow, max-snippet:-1, max-image-preview:large, max-video-preview:-1\" \/>\n<link rel=\"canonical\" href=\"https:\/\/www.welovecycling.com\/hu\/orszaguti-kerekpar\/ujabb-klasszissal-lesz-szegenyebb-a-mezony-rohan-dennis-is-bejelentette-visszavonulasat\/\" \/>\n<meta property=\"og:locale\" content=\"hu_HU\" \/>\n<meta property=\"og:type\" content=\"article\" \/>\n<meta property=\"og:title\" content=\"\u00dajabb klasszissal lesz szeg\u00e9nyebb a mez\u0151ny: Rohan Dennis is bejelentette visszavonul\u00e1s\u00e1t\" \/>\n<meta property=\"og:description\" content=\"Az egyik legjobb ausztr\u00e1l bring\u00e1s a 2023-as \u00e9vet m\u00e9g v\u00e9gigcsin\u00e1lja, de ut\u00e1na a csal\u00e1dj\u00e1nak szeretn\u00e9 szentelni az \u00e9let\u00e9t.\" \/>\n<meta property=\"og:url\" content=\"https:\/\/www.welovecycling.com\/hu\/orszaguti-kerekpar\/ujabb-klasszissal-lesz-szegenyebb-a-mezony-rohan-dennis-is-bejelentette-visszavonulasat\/\" \/>\n<meta property=\"og:site_name\" content=\"\u0160koda We Love Cycling - Magyarorsz\u00e1g\" \/>\n<meta property=\"article:publisher\" content=\"https:\/\/www.facebook.com\/WeLoveCyclingHungary\/\" \/>\n<meta property=\"article:published_time\" content=\"2023-02-10T14:48:43+00:00\" \/>\n<meta property=\"og:image\" content=\"https:\/\/d2p6e6u75xmxt8.cloudfront.net\/12\/2023\/02\/CORVOS_00035094-146.webp\" \/>\n\t<meta property=\"og:image:width\" content=\"975\" \/>\n\t<meta property=\"og:image:height\" content=\"573\" \/>\n\t<meta property=\"og:image:type\" content=\"image\/webp\" \/>\n<meta name=\"author\" content=\"kitti\" \/>\n<meta name=\"twitter:card\" content=\"summary_large_image\" \/>\n<meta name=\"twitter:label1\" content=\"Written by\" \/>\n\t<meta name=\"twitter:data1\" content=\"We Love Cycling\" \/>\n\t<meta name=\"twitter:label2\" content=\"Est. reading time\" \/>\n\t<meta name=\"twitter:data2\" content=\"3 minutes\" \/>\n<script type=\"application\/ld+json\" class=\"yoast-schema-graph\">{\"@context\":\"https:\/\/schema.org\",\"@graph\":[{\"@type\":\"WebPage\",\"@id\":\"https:\/\/www.welovecycling.com\/hu\/orszaguti-kerekpar\/ujabb-klasszissal-lesz-szegenyebb-a-mezony-rohan-dennis-is-bejelentette-visszavonulasat\/\",\"url\":\"https:\/\/www.welovecycling.com\/hu\/orszaguti-kerekpar\/ujabb-klasszissal-lesz-szegenyebb-a-mezony-rohan-dennis-is-bejelentette-visszavonulasat\/\",\"name\":\"\u00dajabb klasszissal lesz szeg\u00e9nyebb a mez\u0151ny: Rohan Dennis is bejelentette visszavonul\u00e1s\u00e1t - \u0160koda We Love Cycling - Magyarorsz\u00e1g\",\"isPartOf\":{\"@id\":\"https:\/\/www.welovecycling.com\/hu\/#website\"},\"primaryImageOfPage\":{\"@id\":\"https:\/\/www.welovecycling.com\/hu\/orszaguti-kerekpar\/ujabb-klasszissal-lesz-szegenyebb-a-mezony-rohan-dennis-is-bejelentette-visszavonulasat\/#primaryimage\"},\"image\":{\"@id\":\"https:\/\/www.welovecycling.com\/hu\/orszaguti-kerekpar\/ujabb-klasszissal-lesz-szegenyebb-a-mezony-rohan-dennis-is-bejelentette-visszavonulasat\/#primaryimage\"},\"thumbnailUrl\":\"https:\/\/d2p6e6u75xmxt8.cloudfront.net\/12\/2023\/02\/CORVOS_00035094-146.webp\",\"datePublished\":\"2023-02-10T14:48:43+00:00\",\"author\":{\"@id\":\"https:\/\/www.welovecycling.com\/hu\/#\/schema\/person\/bec7dcdbcc59f58489cf603e4040ced1\"},\"breadcrumb\":{\"@id\":\"https:\/\/www.welovecycling.com\/hu\/orszaguti-kerekpar\/ujabb-klasszissal-lesz-szegenyebb-a-mezony-rohan-dennis-is-bejelentette-visszavonulasat\/#breadcrumb\"},\"inLanguage\":\"hu\",\"potentialAction\":[{\"@type\":\"ReadAction\",\"target\":[\"https:\/\/www.welovecycling.com\/hu\/orszaguti-kerekpar\/ujabb-klasszissal-lesz-szegenyebb-a-mezony-rohan-dennis-is-bejelentette-visszavonulasat\/\"]}]},{\"@type\":\"ImageObject\",\"inLanguage\":\"hu\",\"@id\":\"https:\/\/www.welovecycling.com\/hu\/orszaguti-kerekpar\/ujabb-klasszissal-lesz-szegenyebb-a-mezony-rohan-dennis-is-bejelentette-visszavonulasat\/#primaryimage\",\"url\":\"https:\/\/d2p6e6u75xmxt8.cloudfront.net\/12\/2023\/02\/CORVOS_00035094-146.webp\",\"contentUrl\":\"https:\/\/d2p6e6u75xmxt8.cloudfront.net\/12\/2023\/02\/CORVOS_00035094-146.webp\",\"width\":975,\"height\":573},{\"@type\":\"BreadcrumbList\",\"@id\":\"https:\/\/www.welovecycling.com\/hu\/orszaguti-kerekpar\/ujabb-klasszissal-lesz-szegenyebb-a-mezony-rohan-dennis-is-bejelentette-visszavonulasat\/#breadcrumb\",\"itemListElement\":[{\"@type\":\"ListItem\",\"position\":1,\"name\":\"Home\",\"item\":\"https:\/\/www.welovecycling.com\/hu\/\"},{\"@type\":\"ListItem\",\"position\":2,\"name\":\"\u00dajabb klasszissal lesz szeg\u00e9nyebb a mez\u0151ny: Rohan Dennis is bejelentette visszavonul\u00e1s\u00e1t\"}]},{\"@type\":\"WebSite\",\"@id\":\"https:\/\/www.welovecycling.com\/hu\/#website\",\"url\":\"https:\/\/www.welovecycling.com\/hu\/\",\"name\":\"\u0160koda We Love Cycling - Magyarorsz\u00e1g\",\"description\":\"\u0160koda WeLoveCycling\",\"potentialAction\":[{\"@type\":\"SearchAction\",\"target\":{\"@type\":\"EntryPoint\",\"urlTemplate\":\"https:\/\/www.welovecycling.com\/hu\/?s={search_term_string}\"},\"query-input\":{\"@type\":\"PropertyValueSpecification\",\"valueRequired\":true,\"valueName\":\"search_term_string\"}}],\"inLanguage\":\"hu\"},{\"@type\":\"Person\",\"@id\":\"https:\/\/www.welovecycling.com\/hu\/#\/schema\/person\/bec7dcdbcc59f58489cf603e4040ced1\",\"name\":\"kitti\",\"image\":{\"@type\":\"ImageObject\",\"inLanguage\":\"hu\",\"@id\":\"https:\/\/www.welovecycling.com\/hu\/#\/schema\/person\/image\/\",\"url\":\"https:\/\/secure.gravatar.com\/avatar\/e3196a110e1b57b96f56d92d10ce9bb4e9d7210076832a16243337e949410b52?s=96&d=mm&r=g\",\"contentUrl\":\"https:\/\/secure.gravatar.com\/avatar\/e3196a110e1b57b96f56d92d10ce9bb4e9d7210076832a16243337e949410b52?s=96&d=mm&r=g\",\"caption\":\"kitti\"},\"url\":\"https:\/\/www.welovecycling.com\/hu\/author\/kitti\/\"}]}<\/script>\n<!-- \/ Yoast SEO Premium plugin. -->","yoast_head_json":{"title":"\u00dajabb klasszissal lesz szeg\u00e9nyebb a mez\u0151ny: Rohan Dennis is bejelentette visszavonul\u00e1s\u00e1t - \u0160koda We Love Cycling - Magyarorsz\u00e1g","robots":{"index":"index","follow":"follow","max-snippet":"max-snippet:-1","max-image-preview":"max-image-preview:large","max-video-preview":"max-video-preview:-1"},"canonical":"https:\/\/www.welovecycling.com\/hu\/orszaguti-kerekpar\/ujabb-klasszissal-lesz-szegenyebb-a-mezony-rohan-dennis-is-bejelentette-visszavonulasat\/","og_locale":"hu_HU","og_type":"article","og_title":"\u00dajabb klasszissal lesz szeg\u00e9nyebb a mez\u0151ny: Rohan Dennis is bejelentette visszavonul\u00e1s\u00e1t","og_description":"Az egyik legjobb ausztr\u00e1l bring\u00e1s a 2023-as \u00e9vet m\u00e9g v\u00e9gigcsin\u00e1lja, de ut\u00e1na a csal\u00e1dj\u00e1nak szeretn\u00e9 szentelni az \u00e9let\u00e9t.","og_url":"https:\/\/www.welovecycling.com\/hu\/orszaguti-kerekpar\/ujabb-klasszissal-lesz-szegenyebb-a-mezony-rohan-dennis-is-bejelentette-visszavonulasat\/","og_site_name":"\u0160koda We Love Cycling - Magyarorsz\u00e1g","article_publisher":"https:\/\/www.facebook.com\/WeLoveCyclingHungary\/","article_published_time":"2023-02-10T14:48:43+00:00","og_image":[{"width":975,"height":573,"url":"https:\/\/d2p6e6u75xmxt8.cloudfront.net\/12\/2023\/02\/CORVOS_00035094-146.webp","type":"image\/webp"}],"author":"kitti","twitter_card":"summary_large_image","twitter_misc":{"Written by":"We Love Cycling","Est. reading time":"3 minutes"},"schema":{"@context":"https:\/\/schema.org","@graph":[{"@type":"WebPage","@id":"https:\/\/www.welovecycling.com\/hu\/orszaguti-kerekpar\/ujabb-klasszissal-lesz-szegenyebb-a-mezony-rohan-dennis-is-bejelentette-visszavonulasat\/","url":"https:\/\/www.welovecycling.com\/hu\/orszaguti-kerekpar\/ujabb-klasszissal-lesz-szegenyebb-a-mezony-rohan-dennis-is-bejelentette-visszavonulasat\/","name":"\u00dajabb klasszissal lesz szeg\u00e9nyebb a mez\u0151ny: Rohan Dennis is bejelentette visszavonul\u00e1s\u00e1t - \u0160koda We Love Cycling - Magyarorsz\u00e1g","isPartOf":{"@id":"https:\/\/www.welovecycling.com\/hu\/#website"},"primaryImageOfPage":{"@id":"https:\/\/www.welovecycling.com\/hu\/orszaguti-kerekpar\/ujabb-klasszissal-lesz-szegenyebb-a-mezony-rohan-dennis-is-bejelentette-visszavonulasat\/#primaryimage"},"image":{"@id":"https:\/\/www.welovecycling.com\/hu\/orszaguti-kerekpar\/ujabb-klasszissal-lesz-szegenyebb-a-mezony-rohan-dennis-is-bejelentette-visszavonulasat\/#primaryimage"},"thumbnailUrl":"https:\/\/d2p6e6u75xmxt8.cloudfront.net\/12\/2023\/02\/CORVOS_00035094-146.webp","datePublished":"2023-02-10T14:48:43+00:00","author":{"@id":"https:\/\/www.welovecycling.com\/hu\/#\/schema\/person\/bec7dcdbcc59f58489cf603e4040ced1"},"breadcrumb":{"@id":"https:\/\/www.welovecycling.com\/hu\/orszaguti-kerekpar\/ujabb-klasszissal-lesz-szegenyebb-a-mezony-rohan-dennis-is-bejelentette-visszavonulasat\/#breadcrumb"},"inLanguage":"hu","potentialAction":[{"@type":"ReadAction","target":["https:\/\/www.welovecycling.com\/hu\/orszaguti-kerekpar\/ujabb-klasszissal-lesz-szegenyebb-a-mezony-rohan-dennis-is-bejelentette-visszavonulasat\/"]}]},{"@type":"ImageObject","inLanguage":"hu","@id":"https:\/\/www.welovecycling.com\/hu\/orszaguti-kerekpar\/ujabb-klasszissal-lesz-szegenyebb-a-mezony-rohan-dennis-is-bejelentette-visszavonulasat\/#primaryimage","url":"https:\/\/d2p6e6u75xmxt8.cloudfront.net\/12\/2023\/02\/CORVOS_00035094-146.webp","contentUrl":"https:\/\/d2p6e6u75xmxt8.cloudfront.net\/12\/2023\/02\/CORVOS_00035094-146.webp","width":975,"height":573},{"@type":"BreadcrumbList","@id":"https:\/\/www.welovecycling.com\/hu\/orszaguti-kerekpar\/ujabb-klasszissal-lesz-szegenyebb-a-mezony-rohan-dennis-is-bejelentette-visszavonulasat\/#breadcrumb","itemListElement":[{"@type":"ListItem","position":1,"name":"Home","item":"https:\/\/www.welovecycling.com\/hu\/"},{"@type":"ListItem","position":2,"name":"\u00dajabb klasszissal lesz szeg\u00e9nyebb a mez\u0151ny: Rohan Dennis is bejelentette visszavonul\u00e1s\u00e1t"}]},{"@type":"WebSite","@id":"https:\/\/www.welovecycling.com\/hu\/#website","url":"https:\/\/www.welovecycling.com\/hu\/","name":"\u0160koda We Love Cycling - Magyarorsz\u00e1g","description":"\u0160koda WeLoveCycling","potentialAction":[{"@type":"SearchAction","target":{"@type":"EntryPoint","urlTemplate":"https:\/\/www.welovecycling.com\/hu\/?s={search_term_string}"},"query-input":{"@type":"PropertyValueSpecification","valueRequired":true,"valueName":"search_term_string"}}],"inLanguage":"hu"},{"@type":"Person","@id":"https:\/\/www.welovecycling.com\/hu\/#\/schema\/person\/bec7dcdbcc59f58489cf603e4040ced1","name":"kitti","image":{"@type":"ImageObject","inLanguage":"hu","@id":"https:\/\/www.welovecycling.com\/hu\/#\/schema\/person\/image\/","url":"https:\/\/secure.gravatar.com\/avatar\/e3196a110e1b57b96f56d92d10ce9bb4e9d7210076832a16243337e949410b52?s=96&d=mm&r=g","contentUrl":"https:\/\/secure.gravatar.com\/avatar\/e3196a110e1b57b96f56d92d10ce9bb4e9d7210076832a16243337e949410b52?s=96&d=mm&r=g","caption":"kitti"},"url":"https:\/\/www.welovecycling.com\/hu\/author\/kitti\/"}]}},"_links":{"self":[{"href":"https:\/\/www.welovecycling.com\/hu\/wp-json\/wp\/v2\/posts\/16981","targetHints":{"allow":["GET"]}}],"collection":[{"href":"https:\/\/www.welovecycling.com\/hu\/wp-json\/wp\/v2\/posts"}],"about":[{"href":"https:\/\/www.welovecycling.com\/hu\/wp-json\/wp\/v2\/types\/post"}],"author":[{"embeddable":true,"href":"https:\/\/www.welovecycling.com\/hu\/wp-json\/wp\/v2\/users\/145"}],"replies":[{"embeddable":true,"href":"https:\/\/www.welovecycling.com\/hu\/wp-json\/wp\/v2\/comments?post=16981"}],"version-history":[{"count":1,"href":"https:\/\/www.welovecycling.com\/hu\/wp-json\/wp\/v2\/posts\/16981\/revisions"}],"predecessor-version":[{"id":16986,"href":"https:\/\/www.welovecycling.com\/hu\/wp-json\/wp\/v2\/posts\/16981\/revisions\/16986"}],"wp:featuredmedia":[{"embeddable":true,"href":"https:\/\/www.welovecycling.com\/hu\/wp-json\/wp\/v2\/media\/16983"}],"wp:attachment":[{"href":"https:\/\/www.welovecycling.com\/hu\/wp-json\/wp\/v2\/media?parent=16981"}],"wp:term":[{"taxonomy":"category","embeddable":true,"href":"https:\/\/www.welovecycling.com\/hu\/wp-json\/wp\/v2\/categories?post=16981"},{"taxonomy":"post_tag","embeddable":true,"href":"https:\/\/www.welovecycling.com\/hu\/wp-json\/wp\/v2\/tags?post=16981"},{"taxonomy":"global-categories","embeddable":true,"href":"https:\/\/www.welovecycling.com\/hu\/wp-json\/wp\/v2\/global-categories?post=16981"}],"curies":[{"name":"wp","href":"https:\/\/api.w.org\/{rel}","templated":true}]}}