{"id":16974,"date":"2023-02-14T08:00:47","date_gmt":"2023-02-14T06:00:47","guid":{"rendered":"https:\/\/www.welovecycling.com\/hu\/?p=16974"},"modified":"2023-02-10T15:35:20","modified_gmt":"2023-02-10T13:35:20","slug":"mediterran-etrend-igazithato-a-kedvenc-izvilagodhoz","status":"publish","type":"post","link":"https:\/\/www.welovecycling.com\/hu\/edzes-es-eletmod\/mediterran-etrend-igazithato-a-kedvenc-izvilagodhoz\/","title":{"rendered":"Mediterr\u00e1n \u00e9trend \u2013 Igaz\u00edthat\u00f3 a kedvenc \u00edzvil\u00e1godhoz?"},"content":{"rendered":"<p><strong>Ha alapvet\u0151en tetszenek <\/strong><a href=\"https:\/\/www.welovecycling.com\/hu\/edzes-es-eletmod\/mediterran-etrend-fokozza-a-kerekparos-teljesitmenyt\/\"><strong>a mediterr\u00e1n \u00e9trend eg\u00e9szs\u00e9gre gyakorolt j\u00f3t\u00e9kony hat\u00e1sai<\/strong><\/a><strong>, de nem pont ez az \u00edzvil\u00e1g a kedvenced,vagy nehezen tudod beszerezni a sz\u00fcks\u00e9ges alapanyagokat, ne agg\u00f3dj. Azok az elvek, amelyek ezt az \u00e9trendet olyan eg\u00e9szs\u00e9gess\u00e9 teszik, a vil\u00e1g szinte b\u00e1rmely m\u00e1s konyh\u00e1j\u00e1ra is alkalmazhat\u00f3k. N\u00e9zz\u00fcnk meg n\u00e9h\u00e1ny p\u00e9ld\u00e1t. <\/strong><\/p>\n<p><!--more--><\/p>\n<p>A G\u00f6r\u00f6gorsz\u00e1gban, Olaszorsz\u00e1gban vagy Spanyolorsz\u00e1gban elterjedt alapanyagok nem mindenki sz\u00e1m\u00e1ra k\u00f6nnyen hozz\u00e1f\u00e9rhet\u0151ek. R\u00e1ad\u00e1sul sokan nem is sz\u00edvesen fogyasztj\u00e1k \u0151ket, hanem ink\u00e1bb a kult\u00far\u00e1jukhoz \u00e9s r\u00e9gi\u00f3jukhoz tartoz\u00f3 hagyom\u00e1nyos \u00e9teleket r\u00e9szes\u00edtik el\u0151nyben. Azonban att\u00f3l, hogy nem eszel minden nap halat \u00e9s ol\u00edvaolajat, m\u00e9g \u00e9lvezheted a mediterr\u00e1n \u00e9trend el\u0151nyeit.<\/p>\n<h2><strong>Hogyan tartsd be a mediterr\u00e1n \u00e9trendet?<\/strong><\/h2>\n<p>Min\u00e9l rugalmasabb egy \u00e9trend, ann\u00e1l k\u00f6nnyebb azt hossz\u00fa t\u00e1von k\u00f6vetni. Ha csup\u00e1n a mediterr\u00e1n \u00e9trendet alkot\u00f3 alapelveket tartod szem el\u0151tt, akkor jelent\u0151sen kisz\u00e9les\u00edtheted az \u00e9telv\u00e1laszt\u00e9kot. S\u0151t, \u00edgy megfizethet\u0151bb\u00e9 is teheted a di\u00e9t\u00e1t. Amennyiben kisebb k\u00f6lts\u00e9gkerettel szeretn\u00e9l mediterr\u00e1n di\u00e9t\u00e1t folytatni, fontos megfelel\u0151 alternat\u00edv\u00e1kat tal\u00e1lnod, ha nem tudsz rendszeresen tengeri \u00e9teleket, bizonyos friss gy\u00fcm\u00f6lcs\u00f6ket \u00e9s z\u00f6lds\u00e9geket, valamint hidegen sajtolt ol\u00edvaolajat fogyasztani.<\/p>\n<h2><strong>A legt\u00f6bb kult\u00far\u00e1ban sok z\u00f6lds\u00e9get \u00e9s h\u00fcvelyest fogyasztanak<\/strong><\/h2>\n<p>A mediterr\u00e1n \u00e9trend alapelvei h\u00e1rom f\u0151 pontban foglalhat\u00f3k \u00f6ssze:<\/p>\n<ul>\n<li>Egy\u00e9l sok gy\u00fcm\u00f6lcs\u00f6t, z\u00f6lds\u00e9get, teljes ki\u0151rl\u00e9s\u0171 gabon\u00e1t, f\u0171szereket, di\u00f3f\u00e9l\u00e9ket \u00e9s h\u00fcvelyeseket<\/li>\n<li>Fogyassz sok halat \u00e9s tenger gy\u00fcm\u00f6lcseit, valamint haszn\u00e1lj ol\u00edvaolajat f\u0151 zs\u00edrforr\u00e1sk\u00e9nt<\/li>\n<li>Korl\u00e1tozott mennyis\u00e9gben fogyassz er\u0151sen feldolgozott \u00e9lelmiszereket, mint amilyenek az \u00e9des\u00edtett italok, a feldolgozott h\u00fasok \u00e9s a finom\u00edtott gabonaf\u00e9l\u00e9k<\/li>\n<\/ul>\n<p>Amint l\u00e1tod, ezek az elvek el\u00e9g nagy mozg\u00e1steret engednek neked. Sok nem eur\u00f3pai kult\u00fara k\u00f6vet hasonl\u00f3 szab\u00e1lyokat. \u00cdme n\u00e9h\u00e1ny p\u00e9lda:<\/p>\n<ul>\n<li>A z\u00f6lds\u00e9ges curryk az indiai konyha egyik alapj\u00e1t k\u00e9pezik<\/li>\n<li>D\u00e9lkelet-\u00c1zsi\u00e1ban a z\u00f6lds\u00e9gekben gazdag r\u00e1ntott \u00e9telek az alap\u00e9lelmiszerek k\u00f6z\u00e9 tartoznak<\/li>\n<li>A guatemalai p\u00f6rk\u00f6ltek sok z\u00f6lds\u00e9ggel \u00e9s csak kev\u00e9s h\u00fassal k\u00e9sz\u00fclnek<\/li>\n<li>Az eti\u00f3piai \u00e9telek nagym\u00e9rt\u00e9kben t\u00e1maszkodnak a h\u00fcvelyesekre<\/li>\n<\/ul>\n<p>Ezek k\u00f6z\u00fcl egyik sem tipikus mediterr\u00e1n \u00e9tel, de mindegyiket ugyanazok a t\u00e1panyagokban gazdag \u00e9lelmiszerek alkotj\u00e1k.<\/p>\n<h2><strong>Ol\u00edvaolaj helyett k\u00f3kuszzs\u00edr vagy m\u00e1s n\u00f6v\u00e9nyi olaj<\/strong><\/h2>\n<p><a href=\"https:\/\/d2p6e6u75xmxt8.cloudfront.net\/12\/2022\/09\/avocado-pexels-142890.jpg\"><img loading=\"lazy\" decoding=\"async\" class=\"wp-image-16190 size-full\" src=\"https:\/\/d2p6e6u75xmxt8.cloudfront.net\/12\/2022\/09\/avocado-pexels-142890.jpg\" alt=\"Avocado\" width=\"1280\" height=\"853\" srcset=\"https:\/\/d2p6e6u75xmxt8.cloudfront.net\/12\/2022\/09\/avocado-pexels-142890.jpg 1280w, https:\/\/d2p6e6u75xmxt8.cloudfront.net\/12\/2022\/09\/avocado-pexels-142890-300x200.jpg 300w, https:\/\/d2p6e6u75xmxt8.cloudfront.net\/12\/2022\/09\/avocado-pexels-142890-1024x682.jpg 1024w, https:\/\/d2p6e6u75xmxt8.cloudfront.net\/12\/2022\/09\/avocado-pexels-142890-768x512.jpg 768w, https:\/\/d2p6e6u75xmxt8.cloudfront.net\/12\/2022\/09\/avocado-pexels-142890-272x182.jpg 272w\" sizes=\"auto, (max-width: 1280px) 100vw, 1280px\" \/><\/a><\/p>\n<p>Az ol\u00edvaolaj sz\u00e1mos el\u0151ny\u00e9t a magas, egyszeresen tel\u00edtetlen zs\u00edrsavtartalm\u00e1nak, valamint alacsony tel\u00edtett zs\u00edrsavtartalm\u00e1nak tulajdon\u00edtj\u00e1k. Azonban m\u00e1s n\u00f6v\u00e9ny olajok, illetve a k\u00f3kuszzs\u00edr is nagyon hasonl\u00f3 ar\u00e1nyban tartalmazza ezeket a t\u00edpus\u00fa zs\u00edrsavakat!<\/p>\n<h2><strong>Egy\u00e9l gum\u00f3kat teljes ki\u0151rl\u00e9s\u0171 gabonaf\u00e9l\u00e9k helyett<\/strong><\/h2>\n<p>Egy m\u00e1sik nagyszer\u0171 lehet\u0151s\u00e9g a gum\u00f3k fogyaszt\u00e1sa. A gum\u00f3k k\u00f6z\u00e9 tartozik az \u00e9desburgonya, a jamgy\u00f6k\u00e9r, valamint a burgonya,\u00a0 s\u00e1rgar\u00e9pa, a petrezselyemgy\u00f6k\u00e9r, a pasztern\u00e1k vagy pasztin\u00e1k, a kar\u00f3r\u00e9pa, a torma, a retek, a feketegy\u00f6k\u00e9r, a c\u00e9kla, a zellergum\u00f3. S\u00f3s halakb\u00f3l \u00e9s vadh\u00fasb\u00f3l k\u00e9sz\u00fclt \u00e9telek kieg\u00e9sz\u00edt\u0151ik\u00e9nt is fogyaszthatod ezeket. A gum\u00f3k glut\u00e9nmentesek \u00e9s rostban gazdag, \u00f6sszetett sz\u00e9nhidr\u00e1tforr\u00e1sok, ak\u00e1rcsak a teljes ki\u0151rl\u00e9s\u0171 gabonaf\u00e9l\u00e9k. Emellett az alapvet\u0151 mikrot\u00e1panyagok forr\u00e1sai &#8211; n\u00e9ha m\u00e9g nagyobb m\u00e9rt\u00e9kben, mint a mediterr\u00e1n \u00e9trendben szerepl\u0151 egyes teljes ki\u0151rl\u00e9s\u0171 gabonaf\u00e9l\u00e9k, p\u00e9ld\u00e1ul a barna rizs.<\/p>\n<p>F\u00fcggetlen\u00fcl att\u00f3l, hogy a vil\u00e1g mely r\u00e9sz\u00e9n \u00e9lsz, \u00e9s milyen \u00edzvil\u00e1got r\u00e9szes\u00edtesz el\u0151nyben, alkalmazhatod a mediterr\u00e1n \u00e9trend elveit a t\u00e1pl\u00e1lkoz\u00e1said min\u0151s\u00e9g\u00e9nek jav\u00edt\u00e1s\u00e1ra. A legjobb m\u00f3dja, hogy hossz\u00fat\u00e1von tartani tudd magad a di\u00e9t\u00e1dhoz, ha megtal\u00e1lod az eg\u00e9szs\u00e9ges t\u00e1pl\u00e1lkoz\u00e1s egy olyan m\u00f3dj\u00e1t, amit \u00e9lvezel is!<\/p>\n","protected":false},"excerpt":{"rendered":"<p>Ha alapvet\u0151en tetszenek a mediterr\u00e1n \u00e9trend eg\u00e9szs\u00e9gre gyakorolt j\u00f3t\u00e9kony hat\u00e1sai, de nem pont ez az \u00edzvil\u00e1g a kedvenced,vagy nehezen tudod [&hellip;]<\/p>\n","protected":false},"author":71,"featured_media":16976,"comment_status":"open","ping_status":"open","sticky":false,"template":"","format":"standard","meta":{"footnotes":""},"categories":[6],"tags":[],"global-categories":[],"class_list":["post-16974","post","type-post","status-publish","format-standard","has-post-thumbnail","hentry","category-edzes-es-eletmod"],"yoast_head":"<!-- This site is optimized with the Yoast SEO Premium plugin v25.3 (Yoast SEO v25.9) - https:\/\/yoast.com\/wordpress\/plugins\/seo\/ -->\n<title>Mediterr\u00e1n \u00e9trend \u2013 Igaz\u00edthat\u00f3 a kedvenc \u00edzvil\u00e1godhoz?<\/title>\n<meta name=\"description\" content=\"Ha alapvet\u0151en tetszenek a mediterr\u00e1n \u00e9trend eg\u00e9szs\u00e9gre gyakorolt j\u00f3t\u00e9kony hat\u00e1sai, de nem pont ez az \u00edzvil\u00e1g a kedvenced,vagy nehezen tudod beszerezni a sz\u00fcks\u00e9ges alapanyagokat, ne agg\u00f3dj. Azok az elvek, amelyek ezt az \u00e9trendet olyan eg\u00e9szs\u00e9gess\u00e9 teszik, a vil\u00e1g szinte b\u00e1rmely m\u00e1s konyh\u00e1j\u00e1ra is alkalmazhat\u00f3k. N\u00e9zz\u00fcnk meg n\u00e9h\u00e1ny p\u00e9ld\u00e1t.\" \/>\n<meta name=\"robots\" content=\"index, follow, max-snippet:-1, max-image-preview:large, max-video-preview:-1\" \/>\n<link rel=\"canonical\" href=\"https:\/\/www.welovecycling.com\/hu\/edzes-es-eletmod\/mediterran-etrend-igazithato-a-kedvenc-izvilagodhoz\/\" \/>\n<meta property=\"og:locale\" content=\"hu_HU\" \/>\n<meta property=\"og:type\" content=\"article\" \/>\n<meta property=\"og:title\" content=\"Mediterr\u00e1n \u00e9trend \u2013 Igaz\u00edthat\u00f3 a kedvenc \u00edzvil\u00e1godhoz?\" \/>\n<meta property=\"og:description\" content=\"Ha alapvet\u0151en tetszenek a mediterr\u00e1n \u00e9trend eg\u00e9szs\u00e9gre gyakorolt j\u00f3t\u00e9kony hat\u00e1sai, de nem pont ez az \u00edzvil\u00e1g a kedvenced,vagy nehezen tudod beszerezni a sz\u00fcks\u00e9ges alapanyagokat, ne agg\u00f3dj. Azok az elvek, amelyek ezt az \u00e9trendet olyan eg\u00e9szs\u00e9gess\u00e9 teszik, a vil\u00e1g szinte b\u00e1rmely m\u00e1s konyh\u00e1j\u00e1ra is alkalmazhat\u00f3k. N\u00e9zz\u00fcnk meg n\u00e9h\u00e1ny p\u00e9ld\u00e1t.\" \/>\n<meta property=\"og:url\" content=\"https:\/\/www.welovecycling.com\/hu\/edzes-es-eletmod\/mediterran-etrend-igazithato-a-kedvenc-izvilagodhoz\/\" \/>\n<meta property=\"og:site_name\" content=\"\u0160koda We Love Cycling - Magyarorsz\u00e1g\" \/>\n<meta property=\"article:publisher\" content=\"https:\/\/www.facebook.com\/WeLoveCyclingHungary\/\" \/>\n<meta property=\"article:published_time\" content=\"2023-02-14T06:00:47+00:00\" \/>\n<meta property=\"og:image\" content=\"https:\/\/d2p6e6u75xmxt8.cloudfront.net\/12\/2023\/02\/Mediterranean-Diet-Salad-pexels-iina-luoto-1211887-CVR.webp\" \/>\n\t<meta property=\"og:image:width\" content=\"990\" \/>\n\t<meta property=\"og:image:height\" content=\"660\" \/>\n\t<meta property=\"og:image:type\" content=\"image\/webp\" \/>\n<meta name=\"author\" content=\"hegyizs\" \/>\n<meta name=\"twitter:card\" content=\"summary_large_image\" \/>\n<meta name=\"twitter:label1\" content=\"Written by\" \/>\n\t<meta name=\"twitter:data1\" content=\"Jiri Kaloc\" \/>\n\t<meta name=\"twitter:label2\" content=\"Est. reading time\" \/>\n\t<meta name=\"twitter:data2\" content=\"5\" \/>\n<script type=\"application\/ld+json\" class=\"yoast-schema-graph\">{\"@context\":\"https:\/\/schema.org\",\"@graph\":[{\"@type\":\"WebPage\",\"@id\":\"https:\/\/www.welovecycling.com\/hu\/edzes-es-eletmod\/mediterran-etrend-igazithato-a-kedvenc-izvilagodhoz\/\",\"url\":\"https:\/\/www.welovecycling.com\/hu\/edzes-es-eletmod\/mediterran-etrend-igazithato-a-kedvenc-izvilagodhoz\/\",\"name\":\"Mediterr\u00e1n \u00e9trend \u2013 Igaz\u00edthat\u00f3 a kedvenc \u00edzvil\u00e1godhoz?\",\"isPartOf\":{\"@id\":\"https:\/\/www.welovecycling.com\/hu\/#website\"},\"primaryImageOfPage\":{\"@id\":\"https:\/\/www.welovecycling.com\/hu\/edzes-es-eletmod\/mediterran-etrend-igazithato-a-kedvenc-izvilagodhoz\/#primaryimage\"},\"image\":{\"@id\":\"https:\/\/www.welovecycling.com\/hu\/edzes-es-eletmod\/mediterran-etrend-igazithato-a-kedvenc-izvilagodhoz\/#primaryimage\"},\"thumbnailUrl\":\"https:\/\/d2p6e6u75xmxt8.cloudfront.net\/12\/2023\/02\/Mediterranean-Diet-Salad-pexels-iina-luoto-1211887-CVR.webp\",\"datePublished\":\"2023-02-14T06:00:47+00:00\",\"author\":{\"@id\":\"https:\/\/www.welovecycling.com\/hu\/#\/schema\/person\/414a2aebf1801691a5320edb6468e194\"},\"description\":\"Ha alapvet\u0151en tetszenek a mediterr\u00e1n \u00e9trend eg\u00e9szs\u00e9gre gyakorolt j\u00f3t\u00e9kony hat\u00e1sai, de nem pont ez az \u00edzvil\u00e1g a kedvenced,vagy nehezen tudod beszerezni a sz\u00fcks\u00e9ges alapanyagokat, ne agg\u00f3dj. Azok az elvek, amelyek ezt az \u00e9trendet olyan eg\u00e9szs\u00e9gess\u00e9 teszik, a vil\u00e1g szinte b\u00e1rmely m\u00e1s konyh\u00e1j\u00e1ra is alkalmazhat\u00f3k. N\u00e9zz\u00fcnk meg n\u00e9h\u00e1ny p\u00e9ld\u00e1t.\",\"breadcrumb\":{\"@id\":\"https:\/\/www.welovecycling.com\/hu\/edzes-es-eletmod\/mediterran-etrend-igazithato-a-kedvenc-izvilagodhoz\/#breadcrumb\"},\"inLanguage\":\"hu\",\"potentialAction\":[{\"@type\":\"ReadAction\",\"target\":[\"https:\/\/www.welovecycling.com\/hu\/edzes-es-eletmod\/mediterran-etrend-igazithato-a-kedvenc-izvilagodhoz\/\"]}]},{\"@type\":\"ImageObject\",\"inLanguage\":\"hu\",\"@id\":\"https:\/\/www.welovecycling.com\/hu\/edzes-es-eletmod\/mediterran-etrend-igazithato-a-kedvenc-izvilagodhoz\/#primaryimage\",\"url\":\"https:\/\/d2p6e6u75xmxt8.cloudfront.net\/12\/2023\/02\/Mediterranean-Diet-Salad-pexels-iina-luoto-1211887-CVR.webp\",\"contentUrl\":\"https:\/\/d2p6e6u75xmxt8.cloudfront.net\/12\/2023\/02\/Mediterranean-Diet-Salad-pexels-iina-luoto-1211887-CVR.webp\",\"width\":990,\"height\":660,\"caption\":\"Mediterranean Diet\"},{\"@type\":\"BreadcrumbList\",\"@id\":\"https:\/\/www.welovecycling.com\/hu\/edzes-es-eletmod\/mediterran-etrend-igazithato-a-kedvenc-izvilagodhoz\/#breadcrumb\",\"itemListElement\":[{\"@type\":\"ListItem\",\"position\":1,\"name\":\"Home\",\"item\":\"https:\/\/www.welovecycling.com\/hu\/\"},{\"@type\":\"ListItem\",\"position\":2,\"name\":\"Mediterr\u00e1n \u00e9trend \u2013 Igaz\u00edthat\u00f3 a kedvenc \u00edzvil\u00e1godhoz?\"}]},{\"@type\":\"WebSite\",\"@id\":\"https:\/\/www.welovecycling.com\/hu\/#website\",\"url\":\"https:\/\/www.welovecycling.com\/hu\/\",\"name\":\"\u0160koda We Love Cycling - Magyarorsz\u00e1g\",\"description\":\"\u0160koda WeLoveCycling\",\"potentialAction\":[{\"@type\":\"SearchAction\",\"target\":{\"@type\":\"EntryPoint\",\"urlTemplate\":\"https:\/\/www.welovecycling.com\/hu\/?s={search_term_string}\"},\"query-input\":{\"@type\":\"PropertyValueSpecification\",\"valueRequired\":true,\"valueName\":\"search_term_string\"}}],\"inLanguage\":\"hu\"},{\"@type\":\"Person\",\"@id\":\"https:\/\/www.welovecycling.com\/hu\/#\/schema\/person\/414a2aebf1801691a5320edb6468e194\",\"name\":\"hegyizs\",\"image\":{\"@type\":\"ImageObject\",\"inLanguage\":\"hu\",\"@id\":\"https:\/\/www.welovecycling.com\/hu\/#\/schema\/person\/image\/\",\"url\":\"https:\/\/secure.gravatar.com\/avatar\/02cf8a7906b8cf90cecb4679defac7cfd33a1c2e3b88e4903d947f3bb58eedd3?s=96&d=mm&r=g\",\"contentUrl\":\"https:\/\/secure.gravatar.com\/avatar\/02cf8a7906b8cf90cecb4679defac7cfd33a1c2e3b88e4903d947f3bb58eedd3?s=96&d=mm&r=g\",\"caption\":\"hegyizs\"},\"url\":\"https:\/\/www.welovecycling.com\/hu\/author\/hegyizs\/\"}]}<\/script>\n<!-- \/ Yoast SEO Premium plugin. -->","yoast_head_json":{"title":"Mediterr\u00e1n \u00e9trend \u2013 Igaz\u00edthat\u00f3 a kedvenc \u00edzvil\u00e1godhoz?","description":"Ha alapvet\u0151en tetszenek a mediterr\u00e1n \u00e9trend eg\u00e9szs\u00e9gre gyakorolt j\u00f3t\u00e9kony hat\u00e1sai, de nem pont ez az \u00edzvil\u00e1g a kedvenced,vagy nehezen tudod beszerezni a sz\u00fcks\u00e9ges alapanyagokat, ne agg\u00f3dj. Azok az elvek, amelyek ezt az \u00e9trendet olyan eg\u00e9szs\u00e9gess\u00e9 teszik, a vil\u00e1g szinte b\u00e1rmely m\u00e1s konyh\u00e1j\u00e1ra is alkalmazhat\u00f3k. N\u00e9zz\u00fcnk meg n\u00e9h\u00e1ny p\u00e9ld\u00e1t.","robots":{"index":"index","follow":"follow","max-snippet":"max-snippet:-1","max-image-preview":"max-image-preview:large","max-video-preview":"max-video-preview:-1"},"canonical":"https:\/\/www.welovecycling.com\/hu\/edzes-es-eletmod\/mediterran-etrend-igazithato-a-kedvenc-izvilagodhoz\/","og_locale":"hu_HU","og_type":"article","og_title":"Mediterr\u00e1n \u00e9trend \u2013 Igaz\u00edthat\u00f3 a kedvenc \u00edzvil\u00e1godhoz?","og_description":"Ha alapvet\u0151en tetszenek a mediterr\u00e1n \u00e9trend eg\u00e9szs\u00e9gre gyakorolt j\u00f3t\u00e9kony hat\u00e1sai, de nem pont ez az \u00edzvil\u00e1g a kedvenced,vagy nehezen tudod beszerezni a sz\u00fcks\u00e9ges alapanyagokat, ne agg\u00f3dj. Azok az elvek, amelyek ezt az \u00e9trendet olyan eg\u00e9szs\u00e9gess\u00e9 teszik, a vil\u00e1g szinte b\u00e1rmely m\u00e1s konyh\u00e1j\u00e1ra is alkalmazhat\u00f3k. N\u00e9zz\u00fcnk meg n\u00e9h\u00e1ny p\u00e9ld\u00e1t.","og_url":"https:\/\/www.welovecycling.com\/hu\/edzes-es-eletmod\/mediterran-etrend-igazithato-a-kedvenc-izvilagodhoz\/","og_site_name":"\u0160koda We Love Cycling - Magyarorsz\u00e1g","article_publisher":"https:\/\/www.facebook.com\/WeLoveCyclingHungary\/","article_published_time":"2023-02-14T06:00:47+00:00","og_image":[{"width":990,"height":660,"url":"https:\/\/d2p6e6u75xmxt8.cloudfront.net\/12\/2023\/02\/Mediterranean-Diet-Salad-pexels-iina-luoto-1211887-CVR.webp","type":"image\/webp"}],"author":"hegyizs","twitter_card":"summary_large_image","twitter_misc":{"Written by":"Jiri Kaloc","Est. reading time":"5"},"schema":{"@context":"https:\/\/schema.org","@graph":[{"@type":"WebPage","@id":"https:\/\/www.welovecycling.com\/hu\/edzes-es-eletmod\/mediterran-etrend-igazithato-a-kedvenc-izvilagodhoz\/","url":"https:\/\/www.welovecycling.com\/hu\/edzes-es-eletmod\/mediterran-etrend-igazithato-a-kedvenc-izvilagodhoz\/","name":"Mediterr\u00e1n \u00e9trend \u2013 Igaz\u00edthat\u00f3 a kedvenc \u00edzvil\u00e1godhoz?","isPartOf":{"@id":"https:\/\/www.welovecycling.com\/hu\/#website"},"primaryImageOfPage":{"@id":"https:\/\/www.welovecycling.com\/hu\/edzes-es-eletmod\/mediterran-etrend-igazithato-a-kedvenc-izvilagodhoz\/#primaryimage"},"image":{"@id":"https:\/\/www.welovecycling.com\/hu\/edzes-es-eletmod\/mediterran-etrend-igazithato-a-kedvenc-izvilagodhoz\/#primaryimage"},"thumbnailUrl":"https:\/\/d2p6e6u75xmxt8.cloudfront.net\/12\/2023\/02\/Mediterranean-Diet-Salad-pexels-iina-luoto-1211887-CVR.webp","datePublished":"2023-02-14T06:00:47+00:00","author":{"@id":"https:\/\/www.welovecycling.com\/hu\/#\/schema\/person\/414a2aebf1801691a5320edb6468e194"},"description":"Ha alapvet\u0151en tetszenek a mediterr\u00e1n \u00e9trend eg\u00e9szs\u00e9gre gyakorolt j\u00f3t\u00e9kony hat\u00e1sai, de nem pont ez az \u00edzvil\u00e1g a kedvenced,vagy nehezen tudod beszerezni a sz\u00fcks\u00e9ges alapanyagokat, ne agg\u00f3dj. Azok az elvek, amelyek ezt az \u00e9trendet olyan eg\u00e9szs\u00e9gess\u00e9 teszik, a vil\u00e1g szinte b\u00e1rmely m\u00e1s konyh\u00e1j\u00e1ra is alkalmazhat\u00f3k. N\u00e9zz\u00fcnk meg n\u00e9h\u00e1ny p\u00e9ld\u00e1t.","breadcrumb":{"@id":"https:\/\/www.welovecycling.com\/hu\/edzes-es-eletmod\/mediterran-etrend-igazithato-a-kedvenc-izvilagodhoz\/#breadcrumb"},"inLanguage":"hu","potentialAction":[{"@type":"ReadAction","target":["https:\/\/www.welovecycling.com\/hu\/edzes-es-eletmod\/mediterran-etrend-igazithato-a-kedvenc-izvilagodhoz\/"]}]},{"@type":"ImageObject","inLanguage":"hu","@id":"https:\/\/www.welovecycling.com\/hu\/edzes-es-eletmod\/mediterran-etrend-igazithato-a-kedvenc-izvilagodhoz\/#primaryimage","url":"https:\/\/d2p6e6u75xmxt8.cloudfront.net\/12\/2023\/02\/Mediterranean-Diet-Salad-pexels-iina-luoto-1211887-CVR.webp","contentUrl":"https:\/\/d2p6e6u75xmxt8.cloudfront.net\/12\/2023\/02\/Mediterranean-Diet-Salad-pexels-iina-luoto-1211887-CVR.webp","width":990,"height":660,"caption":"Mediterranean Diet"},{"@type":"BreadcrumbList","@id":"https:\/\/www.welovecycling.com\/hu\/edzes-es-eletmod\/mediterran-etrend-igazithato-a-kedvenc-izvilagodhoz\/#breadcrumb","itemListElement":[{"@type":"ListItem","position":1,"name":"Home","item":"https:\/\/www.welovecycling.com\/hu\/"},{"@type":"ListItem","position":2,"name":"Mediterr\u00e1n \u00e9trend \u2013 Igaz\u00edthat\u00f3 a kedvenc \u00edzvil\u00e1godhoz?"}]},{"@type":"WebSite","@id":"https:\/\/www.welovecycling.com\/hu\/#website","url":"https:\/\/www.welovecycling.com\/hu\/","name":"\u0160koda We Love Cycling - Magyarorsz\u00e1g","description":"\u0160koda WeLoveCycling","potentialAction":[{"@type":"SearchAction","target":{"@type":"EntryPoint","urlTemplate":"https:\/\/www.welovecycling.com\/hu\/?s={search_term_string}"},"query-input":{"@type":"PropertyValueSpecification","valueRequired":true,"valueName":"search_term_string"}}],"inLanguage":"hu"},{"@type":"Person","@id":"https:\/\/www.welovecycling.com\/hu\/#\/schema\/person\/414a2aebf1801691a5320edb6468e194","name":"hegyizs","image":{"@type":"ImageObject","inLanguage":"hu","@id":"https:\/\/www.welovecycling.com\/hu\/#\/schema\/person\/image\/","url":"https:\/\/secure.gravatar.com\/avatar\/02cf8a7906b8cf90cecb4679defac7cfd33a1c2e3b88e4903d947f3bb58eedd3?s=96&d=mm&r=g","contentUrl":"https:\/\/secure.gravatar.com\/avatar\/02cf8a7906b8cf90cecb4679defac7cfd33a1c2e3b88e4903d947f3bb58eedd3?s=96&d=mm&r=g","caption":"hegyizs"},"url":"https:\/\/www.welovecycling.com\/hu\/author\/hegyizs\/"}]}},"_links":{"self":[{"href":"https:\/\/www.welovecycling.com\/hu\/wp-json\/wp\/v2\/posts\/16974","targetHints":{"allow":["GET"]}}],"collection":[{"href":"https:\/\/www.welovecycling.com\/hu\/wp-json\/wp\/v2\/posts"}],"about":[{"href":"https:\/\/www.welovecycling.com\/hu\/wp-json\/wp\/v2\/types\/post"}],"author":[{"embeddable":true,"href":"https:\/\/www.welovecycling.com\/hu\/wp-json\/wp\/v2\/users\/71"}],"replies":[{"embeddable":true,"href":"https:\/\/www.welovecycling.com\/hu\/wp-json\/wp\/v2\/comments?post=16974"}],"version-history":[{"count":2,"href":"https:\/\/www.welovecycling.com\/hu\/wp-json\/wp\/v2\/posts\/16974\/revisions"}],"predecessor-version":[{"id":16977,"href":"https:\/\/www.welovecycling.com\/hu\/wp-json\/wp\/v2\/posts\/16974\/revisions\/16977"}],"wp:featuredmedia":[{"embeddable":true,"href":"https:\/\/www.welovecycling.com\/hu\/wp-json\/wp\/v2\/media\/16976"}],"wp:attachment":[{"href":"https:\/\/www.welovecycling.com\/hu\/wp-json\/wp\/v2\/media?parent=16974"}],"wp:term":[{"taxonomy":"category","embeddable":true,"href":"https:\/\/www.welovecycling.com\/hu\/wp-json\/wp\/v2\/categories?post=16974"},{"taxonomy":"post_tag","embeddable":true,"href":"https:\/\/www.welovecycling.com\/hu\/wp-json\/wp\/v2\/tags?post=16974"},{"taxonomy":"global-categories","embeddable":true,"href":"https:\/\/www.welovecycling.com\/hu\/wp-json\/wp\/v2\/global-categories?post=16974"}],"curies":[{"name":"wp","href":"https:\/\/api.w.org\/{rel}","templated":true}]}}