{"id":16968,"date":"2023-02-17T08:00:54","date_gmt":"2023-02-17T06:00:54","guid":{"rendered":"https:\/\/www.welovecycling.com\/hu\/?p=16968"},"modified":"2023-02-10T15:38:03","modified_gmt":"2023-02-10T13:38:03","slug":"keszen-allnak-a-gyerekek-egy-hegyi-kalandra-igy-vagjatok-bele-a-montizasba","status":"publish","type":"post","link":"https:\/\/www.welovecycling.com\/hu\/csalad\/keszen-allnak-a-gyerekek-egy-hegyi-kalandra-igy-vagjatok-bele-a-montizasba\/","title":{"rendered":"K\u00e9szen \u00e1llnak a gyerekek egy hegyi kalandra? \u00cdgy v\u00e1gjatok bele a montiz\u00e1sba!"},"content":{"rendered":"<p><strong>Ha egy s\u00edk, v\u00e1rosi vagy orsz\u00e1g\u00fati k\u00f6r\u00fatra m\u00e1r sz\u00edvesen csatlakoznak hozz\u00e1d a gyerekek, \u00e9rdemes megfontolni, hogyan l\u00e9pjetek tov\u00e1bb. A mountain bike rengeteg lehet\u0151s\u00e9get rejt a kisebbek sz\u00e1m\u00e1ra, hiszen fejleszti a ker\u00e9kp\u00e1rkezel\u00e9st, n\u00f6veli az \u00f6nbizalmukat \u00e9s \u00faj \u00e9s sz\u00f3rakoztat\u00f3 m\u00f3dj\u00e1t ny\u00fajtja a term\u00e9szet felfedez\u00e9s\u00e9nek.<\/strong><\/p>\n<p><!--more--><\/p>\n<p>Egy igazi hegyi t\u00fara viszont m\u00e9g el\u00e9g t\u00e1voli c\u00e9l. Hogyan alapozhatod meg a montiz\u00e1s szeretet\u00e9t?<\/p>\n<h2><strong>1. Vidd magaddal egy \u00fatra!<\/strong><\/h2>\n<p>Lehet, hogy m\u00e9g nem tud teljesen a saj\u00e1t erej\u00e9re t\u00e1maszkodni? Ne agg\u00f3dj, nagyon sokf\u00e9lek\u00e9ppen magaddal viheted egy izgalmas hegyi \u00fatra. Egy ilyen \u00e9lm\u00e9ny seg\u00edt bevezetni \u0151t a sportba \u00e9s pozit\u00edv kapcsolatot kialak\u00edtani a ker\u00e9kp\u00e1roz\u00e1ssal. Persze lehet, hogy nem a legg\u00f6r\u00f6ngy\u00f6sebb \u00e9s meredekebb lejt\u0151ket \u00e9rdemes megc\u00e9lozni, de n\u00e9h\u00e1ny kis bukkan\u00f3 hozz\u00e1szoktatja a montiz\u00e1s izgalmaihoz.<\/p>\n<p>Az ut\u00e1nfut\u00f3k meglehet\u0151sen korl\u00e1tozott lehet\u0151s\u00e9gekkel rendelkeznek a mountain bike-\u00f6sv\u00e9nyeken, \u00e9s nem csak nehezen f\u00e9rnek el, de el\u00e9g r\u00e1z\u00f3s \u00e9lm\u00e9nyt biztos\u00edtanak. Vannak azonban m\u00e1s opci\u00f3k is, mint p\u00e9ld\u00e1ul egy el\u0151re felszerelt gyerek\u00fcl\u00e9s. Az\u00e9rt is szuper megold\u00e1s, mert val\u00f3s perspekt\u00edv\u00e1b\u00f3l mutatja meg a gyerekednek, hogy milyen montizni, az viszont h\u00e1tr\u00e1nya, hogy ha elesel, akkor \u0151 is s\u00e9r\u00fclhet. Valamilyen szinten persze ez is hozz\u00e1tartozik az \u00e9lm\u00e9nyhez, de ha biztons\u00e1gosabb \u00f6sv\u00e9nyeket v\u00e1lasztasz, megel\u0151zheted a negat\u00edv tapasztalatokat.<\/p>\n<h2><strong>2. Szerezz be egy fut\u00f3biciklit!<\/strong><\/h2>\n<p>Terepen nem t\u00fal hat\u00e9kony p\u00f3tkerekeket haszn\u00e1lni, \u00edgy fontos, hogy a gyerekek m\u00e1r kor\u00e1n megtanuljanak egyens\u00falyozni. Egy fut\u00f3bicikli seg\u00edt ebben, r\u00e1ad\u00e1sul er\u0151s\u00edti a ker\u00e9kp\u00e1rjukba vetett bizalmat, ez pedig nagyszer\u0171 gyakorl\u00e1s a terepre.<\/p>\n<h2><strong>3. Ir\u00e1ny a pump track!<\/strong><\/h2>\n<p>Fut\u00f3biciklin egyens\u00falyozni el\u00e9g f\u00e1raszt\u00f3, f\u0151leg, ha s\u00edk a terep, ami azt jelenti, hogy a gyerekeknek folyamatosan dolgozniuk kell. Bezzeg egy pump track! Itt a saj\u00e1t lend\u00fclet\u00fck seg\u00edti \u0151ket, ha pedig elf\u00e1radnak, fel\u00fclhetnek a te ker\u00e9kp\u00e1rodra (l\u00e1sd 1. pont), hogy \u00e1t\u00e9lhess\u00e9k a val\u00f3di \u00e9lm\u00e9nyt.<\/p>\n<h2><strong>4. Fektess be egy tisztess\u00e9ges ker\u00e9kp\u00e1rba!<\/strong><\/h2>\n<p>Biztosan tapasztaltad m\u00e1r, milyen egy rosszul karbantartott, nehezen kezelhet\u0151 bring\u00e1n \u00fclni, akkor viszont azt is, hogy milyen kontraszt van egy ilyen bicikli\u00fat \u00e9s a val\u00f3di, \u00e9lvezhet\u0151 teker\u00e9s k\u00f6z\u00f6tt. V\u00edzv\u00e1laszt\u00f3. Ez pedig a kicsikre is igaz! Egy tisztess\u00e9ges ker\u00e9kp\u00e1ron sokkal k\u00f6nnyebben tanulnak majd meg biciklizni, \u00e9s nagyobb val\u00f3sz\u00edn\u0171s\u00e9ggel szeretik meg a sportot.<\/p>\n<h2><strong>5. Ne f\u00e9ltsd t\u00fal!<\/strong><\/h2>\n<p>Szerezz be egy j\u00f3 sisakot, valamint t\u00e9rd-\u00e9s k\u00f6ny\u00f6kv\u00e9d\u0151ket \u00e9s lass\u00fa sebess\u00e9gn\u00e9l, hagyd, hogy essenek. Az es\u00e9st is meg kell tanulni, hiszen minden sportnak megvan a maga kock\u00e1zata! Ha m\u00e1r most gyakorolj\u00e1k, hogyan a legjobb f\u00f6ldet \u00e9rni, k\u00e9s\u0151bb, nagyobb sebess\u00e9gn\u00e9l is tudni fogj\u00e1k. Hamarosan \u00f6n\u00e1ll\u00f3an fognak tekerni, seg\u00edtsd \u0151ket magabiztos kerekess\u00e9 v\u00e1lni!<\/p>\n<figure id=\"attachment_16969\" aria-describedby=\"caption-attachment-16969\" style=\"width: 1000px\" class=\"wp-caption alignnone\"><a href=\"https:\/\/d2p6e6u75xmxt8.cloudfront.net\/12\/2023\/02\/Father-and-Boy-Child-MTB-profimedia-0723386678.webp\"><img loading=\"lazy\" decoding=\"async\" class=\"wp-image-16969 size-full\" src=\"https:\/\/d2p6e6u75xmxt8.cloudfront.net\/12\/2023\/02\/Father-and-Boy-Child-MTB-profimedia-0723386678.webp\" alt=\"\" width=\"1000\" height=\"667\" srcset=\"https:\/\/d2p6e6u75xmxt8.cloudfront.net\/12\/2023\/02\/Father-and-Boy-Child-MTB-profimedia-0723386678.webp 1000w, https:\/\/d2p6e6u75xmxt8.cloudfront.net\/12\/2023\/02\/Father-and-Boy-Child-MTB-profimedia-0723386678-300x200.webp 300w, https:\/\/d2p6e6u75xmxt8.cloudfront.net\/12\/2023\/02\/Father-and-Boy-Child-MTB-profimedia-0723386678-768x512.webp 768w, https:\/\/d2p6e6u75xmxt8.cloudfront.net\/12\/2023\/02\/Father-and-Boy-Child-MTB-profimedia-0723386678-400x267.webp 400w, https:\/\/d2p6e6u75xmxt8.cloudfront.net\/12\/2023\/02\/Father-and-Boy-Child-MTB-profimedia-0723386678-272x182.webp 272w\" sizes=\"auto, (max-width: 1000px) 100vw, 1000px\" \/><\/a><figcaption id=\"caption-attachment-16969\" class=\"wp-caption-text\">A sisak csak akkor v\u00e9d, ha j\u00f3 m\u00e9retben \u00e9s j\u00f3l van rajtad! \u00a9 Profimedia<\/figcaption><\/figure>\n<h2><strong>6. V\u00e9gtelen nasi<\/strong><\/h2>\n<p>Ez egy \u00e1ltal\u00e1nos j\u00f3 tan\u00e1cs mindenkinek, akinek gyereke van, f\u00fcggetlen\u00fcl att\u00f3l, hogy h\u00e1ny \u00e9vesek, \u00e9s \u00e9ppen mit csin\u00e1lnak. A gyerekek sok energi\u00e1t \u00e9getnek, bicikliz\u00e9s k\u00f6zben m\u00e9g t\u00f6bbet, a neh\u00e9z terepr\u0151l nem is besz\u00e9lve. Vigy\u00e9l magaddal r\u00e1gcs\u00e1lnival\u00f3t, hogy szinten tartsd az energi\u00e1jukat \u00e9s a motiv\u00e1ci\u00f3jukat! Nem azt mondjuk, hogy csokival kell \u0151ket megvesztegetni, de seg\u00edthet a finoms\u00e1g \u00edg\u00e9rete a kitart\u00e1sban!<\/p>\n<h2><strong>7. Tartsd \u0151ket melegen, sz\u00e1razon, k\u00e9nyelemben!<\/strong><\/h2>\n<p>Ha a ker\u00e9kp\u00e1rodon, gyerek\u00fcl\u00e9sben viszed magaddal a kicsit, az azt jelenti, hogy \u0151 nem fog annyit dolgozni, \u00edgy t\u00f6bb r\u00e9teg ruh\u00e1ra lesz sz\u00fcks\u00e9ge, mint neked, ha nincs meleg odakint. Sapka, keszty\u0171, extra r\u00e9tegek, meleg ital. M\u00e9g ha tekernek is, akkor sem \u00e1rt egy plusz pul\u00f3ver a pihen\u0151id\u0151kh\u00f6z!<\/p>\n<h2><strong>8. Engedd lejjebb a gumikat!<\/strong><\/h2>\n<p>Ha cs\u00f6kkented a biciklij\u00fck kerek\u00e9ben a nyom\u00e1st, azzal egy kicsit kev\u00e9sb\u00e9 r\u00e1z\u00f3ss\u00e1 teheted az \u00fatjukat. Ha csak nem s\u00edk terepen, vagy lejt\u0151n tekertek, k\u00f6nnyebb lesz nekik \u00edgy!<\/p>\n<h2><strong>9. H\u00edvd meg a bar\u00e1tait!<\/strong><\/h2>\n<p>Legyen k\u00f6z\u00f6s \u00e9lm\u00e9ny a teker\u00e9s! Sz\u00f3rakoztat\u00f3bb egy\u00fctt, \u00edgy pozit\u00edv \u00e9lm\u00e9nyekkel t\u00e1rsulnak majd a tanultak, \u00e9s nagy es\u00e9llyel \u00fajra el akarnak majd menni bring\u00e1zni. Egym\u00e1st\u00f3l pedig remek tippeket leshetnek el.<\/p>\n<h2><strong>10. Kezdd kicsiben \u00e9s legyenek re\u00e1lisak az elv\u00e1r\u00e1said!<\/strong><\/h2>\n<p>Nem hajt a tat\u00e1r! Mindegy, hogy ped\u00e1loznak, vagy fut\u00f3biciklin \u00fclnek, a l\u00e9nyeg, hogy ne v\u00e1rj el t\u0151l\u00fck t\u00fal sokat. <a href=\"https:\/\/www.welovecycling.com\/hu\/csalad\/10-tipp-hogy-a-gyerekek-is-izgatottan-varjak-a-bicikliturat\/\">Tervezz r\u00f6vid t\u00far\u00e1kat sok meg\u00e1ll\u00f3val<\/a>, rendes k\u00e1v\u00e9z\u00f3val \u00e9s finom eb\u00e9dekkel! Tal\u00e1n m\u00e9g az\u00e9rt is meg\u00e1llhattok, hogy szem\u00fcgyre vegyetek egy bogarat, vagy j\u00e1tszatok kicsit a j\u00e1tsz\u00f3t\u00e9ren! Lehet, hogy te nem ezt szoktad meg, de azok a kis l\u00e1bak m\u00e9g nem olyan fittek, mint a ti\u00e9d. Ne agg\u00f3dj, elj\u00f6n az id\u0151, amikor alig tudod vel\u00fck tartani a temp\u00f3t, de addig is fokozatosan n\u00f6veld a bringat\u00far\u00e1k hossz\u00e1t \u00e9s neh\u00e9zs\u00e9g\u00e9t!<\/p>\n<p>Az egyik legjobb dolog, amit tehetsz, hogy megosztod gyermekeddel azt, amit szeretsz. Nagyszer\u0171 kapcsolat alakul majd \u00edgy ki k\u00f6ztetek, r\u00e1ad\u00e1sul szuper hobbikat szerezhetnek! Term\u00e9szetesen lesznek kih\u00edv\u00e1sok. Tudjuk, hogy szeretn\u00e9d, ha \u0151k is belehabarodn\u00e1nak a bicikliz\u00e9sbe, de ezt nem lehet siettetni. Legy\u00e9l t\u00fcrelmes, \u00e9s megl\u00e1tod, meg lesz az eredm\u00e9nye!<\/p>\n<p>&nbsp;<\/p>\n","protected":false},"excerpt":{"rendered":"<p>Ha egy s\u00edk, v\u00e1rosi vagy orsz\u00e1g\u00fati k\u00f6r\u00fatra m\u00e1r sz\u00edvesen csatlakoznak hozz\u00e1d a gyerekek, \u00e9rdemes megfontolni, hogyan l\u00e9pjetek tov\u00e1bb. A mountain [&hellip;]<\/p>\n","protected":false},"author":71,"featured_media":16971,"comment_status":"open","ping_status":"open","sticky":false,"template":"","format":"standard","meta":{"footnotes":""},"categories":[11],"tags":[],"global-categories":[],"class_list":["post-16968","post","type-post","status-publish","format-standard","has-post-thumbnail","hentry","category-csalad"],"yoast_head":"<!-- This site is optimized with the Yoast SEO Premium plugin v25.3 (Yoast SEO v25.9) - https:\/\/yoast.com\/wordpress\/plugins\/seo\/ -->\n<title>K\u00e9szen \u00e1llnak a gyerekek egy hegyi kalandra? \u00cdgy v\u00e1gjatok bele a montiz\u00e1sba!<\/title>\n<meta name=\"description\" content=\"Ha egy s\u00edk, v\u00e1rosi vagy orsz\u00e1g\u00fati k\u00f6r\u00fatra m\u00e1r sz\u00edvesen csatlakoznak hozz\u00e1d a gyerekek, \u00e9rdemes megfontolni, hogyan l\u00e9pjetek tov\u00e1bb. A mountain bike rengeteg lehet\u0151s\u00e9get rejt a kisebbek sz\u00e1m\u00e1ra, hiszen fejleszti a ker\u00e9kp\u00e1rkezel\u00e9st, n\u00f6veli az \u00f6nbizalmukat \u00e9s \u00faj \u00e9s sz\u00f3rakoztat\u00f3 m\u00f3dj\u00e1t ny\u00fajtja a term\u00e9szet felfedez\u00e9s\u00e9nek.\" \/>\n<meta name=\"robots\" content=\"index, follow, max-snippet:-1, max-image-preview:large, max-video-preview:-1\" \/>\n<link rel=\"canonical\" href=\"https:\/\/www.welovecycling.com\/hu\/csalad\/keszen-allnak-a-gyerekek-egy-hegyi-kalandra-igy-vagjatok-bele-a-montizasba\/\" \/>\n<meta property=\"og:locale\" content=\"hu_HU\" \/>\n<meta property=\"og:type\" content=\"article\" \/>\n<meta property=\"og:title\" content=\"K\u00e9szen \u00e1llnak a gyerekek egy hegyi kalandra? \u00cdgy v\u00e1gjatok bele a montiz\u00e1sba!\" \/>\n<meta property=\"og:description\" content=\"Ha egy s\u00edk, v\u00e1rosi vagy orsz\u00e1g\u00fati k\u00f6r\u00fatra m\u00e1r sz\u00edvesen csatlakoznak hozz\u00e1d a gyerekek, \u00e9rdemes megfontolni, hogyan l\u00e9pjetek tov\u00e1bb. A mountain bike rengeteg lehet\u0151s\u00e9get rejt a kisebbek sz\u00e1m\u00e1ra, hiszen fejleszti a ker\u00e9kp\u00e1rkezel\u00e9st, n\u00f6veli az \u00f6nbizalmukat \u00e9s \u00faj \u00e9s sz\u00f3rakoztat\u00f3 m\u00f3dj\u00e1t ny\u00fajtja a term\u00e9szet felfedez\u00e9s\u00e9nek.\" \/>\n<meta property=\"og:url\" content=\"https:\/\/www.welovecycling.com\/hu\/csalad\/keszen-allnak-a-gyerekek-egy-hegyi-kalandra-igy-vagjatok-bele-a-montizasba\/\" \/>\n<meta property=\"og:site_name\" content=\"\u0160koda We Love Cycling - Magyarorsz\u00e1g\" \/>\n<meta property=\"article:publisher\" content=\"https:\/\/www.facebook.com\/WeLoveCyclingHungary\/\" \/>\n<meta property=\"article:published_time\" content=\"2023-02-17T06:00:54+00:00\" \/>\n<meta property=\"og:image\" content=\"https:\/\/d2p6e6u75xmxt8.cloudfront.net\/12\/2023\/02\/Father-and-son-Child-MTB-profimedia-0723386680-CVR.webp\" \/>\n\t<meta property=\"og:image:width\" content=\"990\" \/>\n\t<meta property=\"og:image:height\" content=\"660\" \/>\n\t<meta property=\"og:image:type\" content=\"image\/webp\" \/>\n<meta name=\"author\" content=\"hegyizs\" \/>\n<meta name=\"twitter:card\" content=\"summary_large_image\" \/>\n<meta name=\"twitter:label1\" content=\"Written by\" \/>\n\t<meta name=\"twitter:data1\" content=\"Charlotte Murray\" \/>\n\t<meta name=\"twitter:label2\" content=\"Est. reading time\" \/>\n\t<meta name=\"twitter:data2\" content=\"5\" \/>\n<script type=\"application\/ld+json\" class=\"yoast-schema-graph\">{\"@context\":\"https:\/\/schema.org\",\"@graph\":[{\"@type\":\"WebPage\",\"@id\":\"https:\/\/www.welovecycling.com\/hu\/csalad\/keszen-allnak-a-gyerekek-egy-hegyi-kalandra-igy-vagjatok-bele-a-montizasba\/\",\"url\":\"https:\/\/www.welovecycling.com\/hu\/csalad\/keszen-allnak-a-gyerekek-egy-hegyi-kalandra-igy-vagjatok-bele-a-montizasba\/\",\"name\":\"K\u00e9szen \u00e1llnak a gyerekek egy hegyi kalandra? \u00cdgy v\u00e1gjatok bele a montiz\u00e1sba!\",\"isPartOf\":{\"@id\":\"https:\/\/www.welovecycling.com\/hu\/#website\"},\"primaryImageOfPage\":{\"@id\":\"https:\/\/www.welovecycling.com\/hu\/csalad\/keszen-allnak-a-gyerekek-egy-hegyi-kalandra-igy-vagjatok-bele-a-montizasba\/#primaryimage\"},\"image\":{\"@id\":\"https:\/\/www.welovecycling.com\/hu\/csalad\/keszen-allnak-a-gyerekek-egy-hegyi-kalandra-igy-vagjatok-bele-a-montizasba\/#primaryimage\"},\"thumbnailUrl\":\"https:\/\/d2p6e6u75xmxt8.cloudfront.net\/12\/2023\/02\/Father-and-son-Child-MTB-profimedia-0723386680-CVR.webp\",\"datePublished\":\"2023-02-17T06:00:54+00:00\",\"author\":{\"@id\":\"https:\/\/www.welovecycling.com\/hu\/#\/schema\/person\/414a2aebf1801691a5320edb6468e194\"},\"description\":\"Ha egy s\u00edk, v\u00e1rosi vagy orsz\u00e1g\u00fati k\u00f6r\u00fatra m\u00e1r sz\u00edvesen csatlakoznak hozz\u00e1d a gyerekek, \u00e9rdemes megfontolni, hogyan l\u00e9pjetek tov\u00e1bb. A mountain bike rengeteg lehet\u0151s\u00e9get rejt a kisebbek sz\u00e1m\u00e1ra, hiszen fejleszti a ker\u00e9kp\u00e1rkezel\u00e9st, n\u00f6veli az \u00f6nbizalmukat \u00e9s \u00faj \u00e9s sz\u00f3rakoztat\u00f3 m\u00f3dj\u00e1t ny\u00fajtja a term\u00e9szet felfedez\u00e9s\u00e9nek.\",\"breadcrumb\":{\"@id\":\"https:\/\/www.welovecycling.com\/hu\/csalad\/keszen-allnak-a-gyerekek-egy-hegyi-kalandra-igy-vagjatok-bele-a-montizasba\/#breadcrumb\"},\"inLanguage\":\"hu\",\"potentialAction\":[{\"@type\":\"ReadAction\",\"target\":[\"https:\/\/www.welovecycling.com\/hu\/csalad\/keszen-allnak-a-gyerekek-egy-hegyi-kalandra-igy-vagjatok-bele-a-montizasba\/\"]}]},{\"@type\":\"ImageObject\",\"inLanguage\":\"hu\",\"@id\":\"https:\/\/www.welovecycling.com\/hu\/csalad\/keszen-allnak-a-gyerekek-egy-hegyi-kalandra-igy-vagjatok-bele-a-montizasba\/#primaryimage\",\"url\":\"https:\/\/d2p6e6u75xmxt8.cloudfront.net\/12\/2023\/02\/Father-and-son-Child-MTB-profimedia-0723386680-CVR.webp\",\"contentUrl\":\"https:\/\/d2p6e6u75xmxt8.cloudfront.net\/12\/2023\/02\/Father-and-son-Child-MTB-profimedia-0723386680-CVR.webp\",\"width\":990,\"height\":660,\"caption\":\"Father and son\"},{\"@type\":\"BreadcrumbList\",\"@id\":\"https:\/\/www.welovecycling.com\/hu\/csalad\/keszen-allnak-a-gyerekek-egy-hegyi-kalandra-igy-vagjatok-bele-a-montizasba\/#breadcrumb\",\"itemListElement\":[{\"@type\":\"ListItem\",\"position\":1,\"name\":\"Home\",\"item\":\"https:\/\/www.welovecycling.com\/hu\/\"},{\"@type\":\"ListItem\",\"position\":2,\"name\":\"K\u00e9szen \u00e1llnak a gyerekek egy hegyi kalandra? \u00cdgy v\u00e1gjatok bele a montiz\u00e1sba!\"}]},{\"@type\":\"WebSite\",\"@id\":\"https:\/\/www.welovecycling.com\/hu\/#website\",\"url\":\"https:\/\/www.welovecycling.com\/hu\/\",\"name\":\"\u0160koda We Love Cycling - Magyarorsz\u00e1g\",\"description\":\"\u0160koda WeLoveCycling\",\"potentialAction\":[{\"@type\":\"SearchAction\",\"target\":{\"@type\":\"EntryPoint\",\"urlTemplate\":\"https:\/\/www.welovecycling.com\/hu\/?s={search_term_string}\"},\"query-input\":{\"@type\":\"PropertyValueSpecification\",\"valueRequired\":true,\"valueName\":\"search_term_string\"}}],\"inLanguage\":\"hu\"},{\"@type\":\"Person\",\"@id\":\"https:\/\/www.welovecycling.com\/hu\/#\/schema\/person\/414a2aebf1801691a5320edb6468e194\",\"name\":\"hegyizs\",\"image\":{\"@type\":\"ImageObject\",\"inLanguage\":\"hu\",\"@id\":\"https:\/\/www.welovecycling.com\/hu\/#\/schema\/person\/image\/\",\"url\":\"https:\/\/secure.gravatar.com\/avatar\/02cf8a7906b8cf90cecb4679defac7cfd33a1c2e3b88e4903d947f3bb58eedd3?s=96&d=mm&r=g\",\"contentUrl\":\"https:\/\/secure.gravatar.com\/avatar\/02cf8a7906b8cf90cecb4679defac7cfd33a1c2e3b88e4903d947f3bb58eedd3?s=96&d=mm&r=g\",\"caption\":\"hegyizs\"},\"url\":\"https:\/\/www.welovecycling.com\/hu\/author\/hegyizs\/\"}]}<\/script>\n<!-- \/ Yoast SEO Premium plugin. -->","yoast_head_json":{"title":"K\u00e9szen \u00e1llnak a gyerekek egy hegyi kalandra? \u00cdgy v\u00e1gjatok bele a montiz\u00e1sba!","description":"Ha egy s\u00edk, v\u00e1rosi vagy orsz\u00e1g\u00fati k\u00f6r\u00fatra m\u00e1r sz\u00edvesen csatlakoznak hozz\u00e1d a gyerekek, \u00e9rdemes megfontolni, hogyan l\u00e9pjetek tov\u00e1bb. A mountain bike rengeteg lehet\u0151s\u00e9get rejt a kisebbek sz\u00e1m\u00e1ra, hiszen fejleszti a ker\u00e9kp\u00e1rkezel\u00e9st, n\u00f6veli az \u00f6nbizalmukat \u00e9s \u00faj \u00e9s sz\u00f3rakoztat\u00f3 m\u00f3dj\u00e1t ny\u00fajtja a term\u00e9szet felfedez\u00e9s\u00e9nek.","robots":{"index":"index","follow":"follow","max-snippet":"max-snippet:-1","max-image-preview":"max-image-preview:large","max-video-preview":"max-video-preview:-1"},"canonical":"https:\/\/www.welovecycling.com\/hu\/csalad\/keszen-allnak-a-gyerekek-egy-hegyi-kalandra-igy-vagjatok-bele-a-montizasba\/","og_locale":"hu_HU","og_type":"article","og_title":"K\u00e9szen \u00e1llnak a gyerekek egy hegyi kalandra? \u00cdgy v\u00e1gjatok bele a montiz\u00e1sba!","og_description":"Ha egy s\u00edk, v\u00e1rosi vagy orsz\u00e1g\u00fati k\u00f6r\u00fatra m\u00e1r sz\u00edvesen csatlakoznak hozz\u00e1d a gyerekek, \u00e9rdemes megfontolni, hogyan l\u00e9pjetek tov\u00e1bb. A mountain bike rengeteg lehet\u0151s\u00e9get rejt a kisebbek sz\u00e1m\u00e1ra, hiszen fejleszti a ker\u00e9kp\u00e1rkezel\u00e9st, n\u00f6veli az \u00f6nbizalmukat \u00e9s \u00faj \u00e9s sz\u00f3rakoztat\u00f3 m\u00f3dj\u00e1t ny\u00fajtja a term\u00e9szet felfedez\u00e9s\u00e9nek.","og_url":"https:\/\/www.welovecycling.com\/hu\/csalad\/keszen-allnak-a-gyerekek-egy-hegyi-kalandra-igy-vagjatok-bele-a-montizasba\/","og_site_name":"\u0160koda We Love Cycling - Magyarorsz\u00e1g","article_publisher":"https:\/\/www.facebook.com\/WeLoveCyclingHungary\/","article_published_time":"2023-02-17T06:00:54+00:00","og_image":[{"width":990,"height":660,"url":"https:\/\/d2p6e6u75xmxt8.cloudfront.net\/12\/2023\/02\/Father-and-son-Child-MTB-profimedia-0723386680-CVR.webp","type":"image\/webp"}],"author":"hegyizs","twitter_card":"summary_large_image","twitter_misc":{"Written by":"Charlotte Murray","Est. reading time":"5"},"schema":{"@context":"https:\/\/schema.org","@graph":[{"@type":"WebPage","@id":"https:\/\/www.welovecycling.com\/hu\/csalad\/keszen-allnak-a-gyerekek-egy-hegyi-kalandra-igy-vagjatok-bele-a-montizasba\/","url":"https:\/\/www.welovecycling.com\/hu\/csalad\/keszen-allnak-a-gyerekek-egy-hegyi-kalandra-igy-vagjatok-bele-a-montizasba\/","name":"K\u00e9szen \u00e1llnak a gyerekek egy hegyi kalandra? \u00cdgy v\u00e1gjatok bele a montiz\u00e1sba!","isPartOf":{"@id":"https:\/\/www.welovecycling.com\/hu\/#website"},"primaryImageOfPage":{"@id":"https:\/\/www.welovecycling.com\/hu\/csalad\/keszen-allnak-a-gyerekek-egy-hegyi-kalandra-igy-vagjatok-bele-a-montizasba\/#primaryimage"},"image":{"@id":"https:\/\/www.welovecycling.com\/hu\/csalad\/keszen-allnak-a-gyerekek-egy-hegyi-kalandra-igy-vagjatok-bele-a-montizasba\/#primaryimage"},"thumbnailUrl":"https:\/\/d2p6e6u75xmxt8.cloudfront.net\/12\/2023\/02\/Father-and-son-Child-MTB-profimedia-0723386680-CVR.webp","datePublished":"2023-02-17T06:00:54+00:00","author":{"@id":"https:\/\/www.welovecycling.com\/hu\/#\/schema\/person\/414a2aebf1801691a5320edb6468e194"},"description":"Ha egy s\u00edk, v\u00e1rosi vagy orsz\u00e1g\u00fati k\u00f6r\u00fatra m\u00e1r sz\u00edvesen csatlakoznak hozz\u00e1d a gyerekek, \u00e9rdemes megfontolni, hogyan l\u00e9pjetek tov\u00e1bb. A mountain bike rengeteg lehet\u0151s\u00e9get rejt a kisebbek sz\u00e1m\u00e1ra, hiszen fejleszti a ker\u00e9kp\u00e1rkezel\u00e9st, n\u00f6veli az \u00f6nbizalmukat \u00e9s \u00faj \u00e9s sz\u00f3rakoztat\u00f3 m\u00f3dj\u00e1t ny\u00fajtja a term\u00e9szet felfedez\u00e9s\u00e9nek.","breadcrumb":{"@id":"https:\/\/www.welovecycling.com\/hu\/csalad\/keszen-allnak-a-gyerekek-egy-hegyi-kalandra-igy-vagjatok-bele-a-montizasba\/#breadcrumb"},"inLanguage":"hu","potentialAction":[{"@type":"ReadAction","target":["https:\/\/www.welovecycling.com\/hu\/csalad\/keszen-allnak-a-gyerekek-egy-hegyi-kalandra-igy-vagjatok-bele-a-montizasba\/"]}]},{"@type":"ImageObject","inLanguage":"hu","@id":"https:\/\/www.welovecycling.com\/hu\/csalad\/keszen-allnak-a-gyerekek-egy-hegyi-kalandra-igy-vagjatok-bele-a-montizasba\/#primaryimage","url":"https:\/\/d2p6e6u75xmxt8.cloudfront.net\/12\/2023\/02\/Father-and-son-Child-MTB-profimedia-0723386680-CVR.webp","contentUrl":"https:\/\/d2p6e6u75xmxt8.cloudfront.net\/12\/2023\/02\/Father-and-son-Child-MTB-profimedia-0723386680-CVR.webp","width":990,"height":660,"caption":"Father and son"},{"@type":"BreadcrumbList","@id":"https:\/\/www.welovecycling.com\/hu\/csalad\/keszen-allnak-a-gyerekek-egy-hegyi-kalandra-igy-vagjatok-bele-a-montizasba\/#breadcrumb","itemListElement":[{"@type":"ListItem","position":1,"name":"Home","item":"https:\/\/www.welovecycling.com\/hu\/"},{"@type":"ListItem","position":2,"name":"K\u00e9szen \u00e1llnak a gyerekek egy hegyi kalandra? \u00cdgy v\u00e1gjatok bele a montiz\u00e1sba!"}]},{"@type":"WebSite","@id":"https:\/\/www.welovecycling.com\/hu\/#website","url":"https:\/\/www.welovecycling.com\/hu\/","name":"\u0160koda We Love Cycling - Magyarorsz\u00e1g","description":"\u0160koda WeLoveCycling","potentialAction":[{"@type":"SearchAction","target":{"@type":"EntryPoint","urlTemplate":"https:\/\/www.welovecycling.com\/hu\/?s={search_term_string}"},"query-input":{"@type":"PropertyValueSpecification","valueRequired":true,"valueName":"search_term_string"}}],"inLanguage":"hu"},{"@type":"Person","@id":"https:\/\/www.welovecycling.com\/hu\/#\/schema\/person\/414a2aebf1801691a5320edb6468e194","name":"hegyizs","image":{"@type":"ImageObject","inLanguage":"hu","@id":"https:\/\/www.welovecycling.com\/hu\/#\/schema\/person\/image\/","url":"https:\/\/secure.gravatar.com\/avatar\/02cf8a7906b8cf90cecb4679defac7cfd33a1c2e3b88e4903d947f3bb58eedd3?s=96&d=mm&r=g","contentUrl":"https:\/\/secure.gravatar.com\/avatar\/02cf8a7906b8cf90cecb4679defac7cfd33a1c2e3b88e4903d947f3bb58eedd3?s=96&d=mm&r=g","caption":"hegyizs"},"url":"https:\/\/www.welovecycling.com\/hu\/author\/hegyizs\/"}]}},"_links":{"self":[{"href":"https:\/\/www.welovecycling.com\/hu\/wp-json\/wp\/v2\/posts\/16968","targetHints":{"allow":["GET"]}}],"collection":[{"href":"https:\/\/www.welovecycling.com\/hu\/wp-json\/wp\/v2\/posts"}],"about":[{"href":"https:\/\/www.welovecycling.com\/hu\/wp-json\/wp\/v2\/types\/post"}],"author":[{"embeddable":true,"href":"https:\/\/www.welovecycling.com\/hu\/wp-json\/wp\/v2\/users\/71"}],"replies":[{"embeddable":true,"href":"https:\/\/www.welovecycling.com\/hu\/wp-json\/wp\/v2\/comments?post=16968"}],"version-history":[{"count":2,"href":"https:\/\/www.welovecycling.com\/hu\/wp-json\/wp\/v2\/posts\/16968\/revisions"}],"predecessor-version":[{"id":16973,"href":"https:\/\/www.welovecycling.com\/hu\/wp-json\/wp\/v2\/posts\/16968\/revisions\/16973"}],"wp:featuredmedia":[{"embeddable":true,"href":"https:\/\/www.welovecycling.com\/hu\/wp-json\/wp\/v2\/media\/16971"}],"wp:attachment":[{"href":"https:\/\/www.welovecycling.com\/hu\/wp-json\/wp\/v2\/media?parent=16968"}],"wp:term":[{"taxonomy":"category","embeddable":true,"href":"https:\/\/www.welovecycling.com\/hu\/wp-json\/wp\/v2\/categories?post=16968"},{"taxonomy":"post_tag","embeddable":true,"href":"https:\/\/www.welovecycling.com\/hu\/wp-json\/wp\/v2\/tags?post=16968"},{"taxonomy":"global-categories","embeddable":true,"href":"https:\/\/www.welovecycling.com\/hu\/wp-json\/wp\/v2\/global-categories?post=16968"}],"curies":[{"name":"wp","href":"https:\/\/api.w.org\/{rel}","templated":true}]}}