{"id":16961,"date":"2023-02-13T08:00:10","date_gmt":"2023-02-13T06:00:10","guid":{"rendered":"https:\/\/www.welovecycling.com\/hu\/?p=16961"},"modified":"2023-02-10T15:34:30","modified_gmt":"2023-02-10T13:34:30","slug":"d-vitamin-jobb-kerekparossa-tehet","status":"publish","type":"post","link":"https:\/\/www.welovecycling.com\/hu\/edzes-es-eletmod\/d-vitamin-jobb-kerekparossa-tehet\/","title":{"rendered":"D-vitamin: Jobb ker\u00e9kp\u00e1ross\u00e1 tehet?"},"content":{"rendered":"<p><strong>Tudtad, hogy Chris Boardman, egykori brit ker\u00e9kp\u00e1rversenyz\u0151 az\u00e9rt hagyta abba a sportot, mert korai st\u00e1dium\u00fa csontritkul\u00e1st diagnosztiz\u00e1ltak n\u00e1la? Szomor\u00fa v\u00e9ge ez egy nagyszer\u0171 ker\u00e9kp\u00e1ros karriernek, de felmer\u00fcl a k\u00e9rd\u00e9s: vajon megel\u0151zhet\u0151 lett volna a betegs\u00e9g?<\/strong><\/p>\n<p><!--more--><\/p>\n<p>Chris eset\u00e9ben ez az\u00e9rt val\u00f3sz\u00edn\u0171tlen, mert a csontritkul\u00e1s \u00f6r\u00f6kletes volt a csal\u00e1dj\u00e1ban. Sok m\u00e1s esetben azonban a csontritkul\u00e1s \u2013 ami egy olyan eg\u00e9szs\u00e9g\u00fcgyi \u00e1llapot, mely gyeng\u00edti \u00e9s t\u00f6r\u00e9kenny\u00e9 teszi a csontokat \u2013 igenis megel\u0151zhet\u0151. A ker\u00e9kp\u00e1roz\u00e1s \u00f6nmag\u00e1ban nem lesz el\u00e9g a csontok meger\u0151s\u00edt\u00e9sre, ezt m\u00e9g ki kell eg\u00e9sz\u00edtened m\u00e1ssal is. Itt j\u00f6n k\u00e9pbe a D-vitamin.<\/p>\n<p>A D-vitamin m\u00e1r \u00f6nmag\u00e1ban is jobb ker\u00e9kp\u00e1ross\u00e1 tehet, az\u00e1ltal, hogy plusz energi\u00e1t ad, \u00e9s seg\u00edt, hogy ne hagyj fel a bicikliz\u00e9ssel. De n\u00e9zz\u00fck meg, milyen egy\u00e9b el\u0151nyei vannak m\u00e9g ennek az alapvet\u0151 fontoss\u00e1g\u00fa vitaminnak a ker\u00e9kp\u00e1roz\u00e1s szempontj\u00e1b\u00f3l.<\/p>\n<h2><strong>1) Cs\u00f6kkenti a gyullad\u00e1st<\/strong><\/h2>\n<p>Tanulm\u00e1nyok szerint a csontokban bek\u00f6vetkez\u0151 gyullad\u00e1s a sportol\u00f3i ki\u00e9g\u00e9s vagy t\u00faledzetts\u00e9g egyik oka, amely fokoz\u00f3dik, ha egy sportol\u00f3nak alacsonyabb a D-vitamin szintje. Abban az esetben viszont, ha az adott sportol\u00f3 mind az \u00e9trendj\u00e9vel, mind pedig t\u00e1pl\u00e1l\u00e9kkieg\u00e9sz\u00edt\u0151kkel fenntartja a D-vitamin norm\u00e1lis szintj\u00e9t, a gyullad\u00e1s cs\u00f6kken, \u00e9s gyorsabban visszat\u00e9rhet az edz\u00e9sekhez.<\/p>\n<h2><strong>2) Jobb sprinterr\u00e9 tesz<\/strong><\/h2>\n<p>Ha csin\u00e1lt\u00e1l m\u00e1r intervallumedz\u00e9seket, tal\u00e1n hallottad m\u00e1r a &#8220;gyors izomrostok&#8221; kifejez\u00e9st. Nos, ezek a II. t\u00edpus\u00fa izmok \u00e1ll\u00edt\u00f3lag k\u00fcl\u00f6n\u00f6sen \u00e9rz\u00e9kenyek a D-vitamin hi\u00e1nyra. Ezek az izomrostok fontosak a r\u00f6vid, \u00e9les kit\u00f6r\u00e9seket ig\u00e9nyl\u0151 tev\u00e9kenys\u00e9gekn\u00e9l. Ha teh\u00e1t epikus sprint c\u00e9lba \u00e9r\u00e9sekr\u0151l vagy \u00f3ri\u00e1si emelked\u0151k megm\u00e1sz\u00e1s\u00e1r\u00f3l \u00e1lmodozol, akkor gondoskodnod kell r\u00f3la, hogy a szervezeted elegend\u0151 D-vitaminhoz jusson.<\/p>\n<h2><strong>3) A seg\u00edts\u00e9g\u00e9vel elker\u00fclhet\u0151 az izomsorvad\u00e1s<\/strong><\/h2>\n<p>Egy D-vitamin hi\u00e1nyos szem\u00e9ly nagyobb val\u00f3sz\u00edn\u0171s\u00e9ggel szenved izomsorvad\u00e1st\u00f3l. R\u00e1ad\u00e1sul ez cs\u00f6kkenti az izmok hat\u00e9konys\u00e1g\u00e1t is a ker\u00e9kp\u00e1roz\u00e1s sor\u00e1n, ugyanis az elsorvadt izmok sokkal lassabban h\u00faz\u00f3dnak \u00f6ssze \u00e9s lazulnak el, ami l\u00e9nyeg\u00e9ben egy m\u00e1sik kifejez\u00e9s arra, hogy nem j\u00f3l teljes\u00edtenek. Tov\u00e1bbi negat\u00edv hat\u00e1s, hogy az elsorvadt izmokban megn\u0151 a kr\u00f3nikus f\u00e1jdalom kock\u00e1zata. Ilyen t\u00fcnetekkel a ker\u00e9kp\u00e1roz\u00e1s val\u00f3sz\u00edn\u0171leg nem szerepelhet majd a kedvenc tev\u00e9kenys\u00e9geid k\u00f6z\u00f6tt.<\/p>\n<figure id=\"attachment_16962\" aria-describedby=\"caption-attachment-16962\" style=\"width: 1008px\" class=\"wp-caption alignnone\"><a href=\"https:\/\/d2p6e6u75xmxt8.cloudfront.net\/12\/2023\/02\/Cycling-with-sunglasses-profimedia-0560999887.webp\"><img loading=\"lazy\" decoding=\"async\" class=\"wp-image-16962 size-full\" src=\"https:\/\/d2p6e6u75xmxt8.cloudfront.net\/12\/2023\/02\/Cycling-with-sunglasses-profimedia-0560999887.webp\" alt=\"Cyclist with sunglasses\" width=\"1008\" height=\"672\" srcset=\"https:\/\/d2p6e6u75xmxt8.cloudfront.net\/12\/2023\/02\/Cycling-with-sunglasses-profimedia-0560999887.webp 1008w, https:\/\/d2p6e6u75xmxt8.cloudfront.net\/12\/2023\/02\/Cycling-with-sunglasses-profimedia-0560999887-300x200.webp 300w, https:\/\/d2p6e6u75xmxt8.cloudfront.net\/12\/2023\/02\/Cycling-with-sunglasses-profimedia-0560999887-768x512.webp 768w, https:\/\/d2p6e6u75xmxt8.cloudfront.net\/12\/2023\/02\/Cycling-with-sunglasses-profimedia-0560999887-400x267.webp 400w, https:\/\/d2p6e6u75xmxt8.cloudfront.net\/12\/2023\/02\/Cycling-with-sunglasses-profimedia-0560999887-272x182.webp 272w\" sizes=\"auto, (max-width: 1008px) 100vw, 1008px\" \/><\/a><figcaption id=\"caption-attachment-16962\" class=\"wp-caption-text\">Sok esetben puszt\u00e1n a napf\u00e9ny is elegend\u0151 lehet, hogy fedezze a napi D-vitamin sz\u00fcks\u00e9gleted. \u00a9 Profimedia<\/figcaption><\/figure>\n<h2><strong>4) Cs\u00f6kkenti a s\u00e9r\u00fcl\u00e9s kock\u00e1zat\u00e1t<\/strong><\/h2>\n<p>Sz\u00e1mos tanulm\u00e1nyt v\u00e9geztek m\u00e1r a megfelel\u0151 D-vitaminszint \u00e9s a s\u00e9r\u00fcl\u00e9sek megel\u0151z\u00e9se, valamint a fel\u00e9p\u00fcl\u00e9s k\u00f6z\u00f6tti kapcsolat kimutat\u00e1s\u00e1ra. Az egyik ilyen tanulm\u00e1ny n\u00e9h\u00e1ny futballist\u00e1t vizsg\u00e1lt. A kutat\u00f3k arra jutottak, hogy azoknak a sportol\u00f3knak, akiknek mozg\u00e1sszervi s\u00e9r\u00fcl\u00e9seik voltak, jelent\u0151sen alacsonyabb volt a D-vitamin szintje, mint a s\u00e9r\u00fcl\u00e9s n\u00e9lk\u00fcli focist\u00e1k\u00e9.<\/p>\n<h2><strong>5) Gyors\u00edtja a regener\u00e1l\u00f3d\u00e1st<\/strong><\/h2>\n<p>Ha ker\u00e9kp\u00e1roz\u00e1s k\u00f6zben esetleg m\u00e9gis megs\u00e9r\u00fcln\u00e9l, p\u00e9ld\u00e1ul megh\u00fazn\u00e1d egy izmodat, vagy elt\u00f6rn\u00e9d valamidet, akkor abban az esetben, ha a szervezeted elegend\u0151 D-vitaminnal rendelkezik, val\u00f3sz\u00edn\u0171leg gyorsabban fogsz fel\u00e9p\u00fclni, mint azok, akik kevesebbet fogyasztanak ebb\u0151l a vitaminb\u00f3l.<\/p>\n<h2><strong>6) N\u00f6veli a szervezeted oxig\u00e9nszintj\u00e9t<\/strong><\/h2>\n<p>K\u00f6nnyebb lenne teljes\u00edteni a meger\u0151ltet\u0151 hegyi szakaszokat, ha kicsit t\u00f6bb oxig\u00e9n lenne a t\u00fcd\u0151dben, ugye?\u00a0 Nos, a D-vitamin seg\u00edthet ebben! Tanulm\u00e1nyok kimutatt\u00e1k, hogy ha valakinek elegend\u0151 D-vitamin van a szervezet\u00e9ben, akkor az illet\u0151nek magasabb az oxig\u00e9nfogyaszt\u00e1sa, ami seg\u00edt a jobb l\u00e9gz\u00e9sben.<\/p>\n<p>Ez csak n\u00e9h\u00e1ny a D-vitamin ker\u00e9kp\u00e1rosokra \u00e9s \u00fagy \u00e1ltal\u00e1ban az emberekre gyakorolt j\u00f3t\u00e9kony hat\u00e1sai k\u00f6z\u00fcl. Fontos, hogy ut\u00e1naj\u00e1rj, van-e D-vitamin hi\u00e1nyod. Ha igaz\u00e1n biztosra akarsz menni, elv\u00e9geztethetsz egy v\u00e9rvizsg\u00e1latot. De ha azok k\u00f6z\u00e9 a ker\u00e9kp\u00e1rosok k\u00f6z\u00e9 tartozol, akik az egyenl\u00edt\u0151t\u0151l 35 fokra \u00e9s azon t\u00fal d\u00e9lre vagy \u00e9szakra \u00e9lnek, \u00e9s a szabadban tekernek, nagy val\u00f3sz\u00edn\u0171s\u00e9ggel sz\u00fcks\u00e9ged lesz D-vitamin p\u00f3tl\u00e1sra.<\/p>\n<p>T\u00f6bbf\u00e9le m\u00f3don is hozz\u00e1juthatsz ehhez a vitaminhoz. Ilyen lehet p\u00e9ld\u00e1ul a D-vitaminban gazdag \u00e9telek beiktat\u00e1sa az \u00e9trendedbe, az \u00e9sszer\u0171 mennyis\u00e9g\u0171 napoz\u00e1s, illetve az \u00e9trendkieg\u00e9sz\u00edt\u0151k alkalmaz\u00e1sa. A t\u00e9li edz\u00e9sek alkalm\u00e1val pedig hasznos lehet, ha ezeket kombin\u00e1lod is.<\/p>\n","protected":false},"excerpt":{"rendered":"<p>Tudtad, hogy Chris Boardman, egykori brit ker\u00e9kp\u00e1rversenyz\u0151 az\u00e9rt hagyta abba a sportot, mert korai st\u00e1dium\u00fa csontritkul\u00e1st diagnosztiz\u00e1ltak n\u00e1la? Szomor\u00fa v\u00e9ge [&hellip;]<\/p>\n","protected":false},"author":71,"featured_media":16964,"comment_status":"open","ping_status":"open","sticky":false,"template":"","format":"standard","meta":{"footnotes":""},"categories":[6],"tags":[],"global-categories":[],"class_list":["post-16961","post","type-post","status-publish","format-standard","has-post-thumbnail","hentry","category-edzes-es-eletmod"],"yoast_head":"<!-- This site is optimized with the Yoast SEO Premium plugin v25.3 (Yoast SEO v25.9) - https:\/\/yoast.com\/wordpress\/plugins\/seo\/ -->\n<title>D-vitamin: Jobb ker\u00e9kp\u00e1ross\u00e1 tehet?<\/title>\n<meta name=\"description\" content=\"Tudtad, hogy Chris Boardman, egykori brit ker\u00e9kp\u00e1rversenyz\u0151 az\u00e9rt hagyta abba a sportot, mert korai st\u00e1dium\u00fa csontritkul\u00e1st diagnosztiz\u00e1ltak n\u00e1la? Szomor\u00fa v\u00e9ge ez egy nagyszer\u0171 ker\u00e9kp\u00e1ros karriernek, de felmer\u00fcl a k\u00e9rd\u00e9s: vajon megel\u0151zhet\u0151 lett volna a betegs\u00e9g?\" \/>\n<meta name=\"robots\" content=\"index, follow, max-snippet:-1, max-image-preview:large, max-video-preview:-1\" \/>\n<link rel=\"canonical\" href=\"https:\/\/www.welovecycling.com\/hu\/edzes-es-eletmod\/d-vitamin-jobb-kerekparossa-tehet\/\" \/>\n<meta property=\"og:locale\" content=\"hu_HU\" \/>\n<meta property=\"og:type\" content=\"article\" \/>\n<meta property=\"og:title\" content=\"D-vitamin: Jobb ker\u00e9kp\u00e1ross\u00e1 tehet?\" \/>\n<meta property=\"og:description\" content=\"Tudtad, hogy Chris Boardman, egykori brit ker\u00e9kp\u00e1rversenyz\u0151 az\u00e9rt hagyta abba a sportot, mert korai st\u00e1dium\u00fa csontritkul\u00e1st diagnosztiz\u00e1ltak n\u00e1la? Szomor\u00fa v\u00e9ge ez egy nagyszer\u0171 ker\u00e9kp\u00e1ros karriernek, de felmer\u00fcl a k\u00e9rd\u00e9s: vajon megel\u0151zhet\u0151 lett volna a betegs\u00e9g?\" \/>\n<meta property=\"og:url\" content=\"https:\/\/www.welovecycling.com\/hu\/edzes-es-eletmod\/d-vitamin-jobb-kerekparossa-tehet\/\" \/>\n<meta property=\"og:site_name\" content=\"\u0160koda We Love Cycling - Magyarorsz\u00e1g\" \/>\n<meta property=\"article:publisher\" content=\"https:\/\/www.facebook.com\/WeLoveCyclingHungary\/\" \/>\n<meta property=\"article:published_time\" content=\"2023-02-13T06:00:10+00:00\" \/>\n<meta property=\"og:image\" content=\"https:\/\/d2p6e6u75xmxt8.cloudfront.net\/12\/2023\/02\/Vitamin-D-Rich-Food-profimedia-0753868563-CVR.webp\" \/>\n\t<meta property=\"og:image:width\" content=\"990\" \/>\n\t<meta property=\"og:image:height\" content=\"660\" \/>\n\t<meta property=\"og:image:type\" content=\"image\/webp\" \/>\n<meta name=\"author\" content=\"hegyizs\" \/>\n<meta name=\"twitter:card\" content=\"summary_large_image\" \/>\n<meta name=\"twitter:label1\" content=\"Written by\" \/>\n\t<meta name=\"twitter:data1\" content=\"Charlotte Murray\" \/>\n\t<meta name=\"twitter:label2\" content=\"Est. reading time\" \/>\n\t<meta name=\"twitter:data2\" content=\"5\" \/>\n<script type=\"application\/ld+json\" class=\"yoast-schema-graph\">{\"@context\":\"https:\/\/schema.org\",\"@graph\":[{\"@type\":\"WebPage\",\"@id\":\"https:\/\/www.welovecycling.com\/hu\/edzes-es-eletmod\/d-vitamin-jobb-kerekparossa-tehet\/\",\"url\":\"https:\/\/www.welovecycling.com\/hu\/edzes-es-eletmod\/d-vitamin-jobb-kerekparossa-tehet\/\",\"name\":\"D-vitamin: Jobb ker\u00e9kp\u00e1ross\u00e1 tehet?\",\"isPartOf\":{\"@id\":\"https:\/\/www.welovecycling.com\/hu\/#website\"},\"primaryImageOfPage\":{\"@id\":\"https:\/\/www.welovecycling.com\/hu\/edzes-es-eletmod\/d-vitamin-jobb-kerekparossa-tehet\/#primaryimage\"},\"image\":{\"@id\":\"https:\/\/www.welovecycling.com\/hu\/edzes-es-eletmod\/d-vitamin-jobb-kerekparossa-tehet\/#primaryimage\"},\"thumbnailUrl\":\"https:\/\/d2p6e6u75xmxt8.cloudfront.net\/12\/2023\/02\/Vitamin-D-Rich-Food-profimedia-0753868563-CVR.webp\",\"datePublished\":\"2023-02-13T06:00:10+00:00\",\"author\":{\"@id\":\"https:\/\/www.welovecycling.com\/hu\/#\/schema\/person\/414a2aebf1801691a5320edb6468e194\"},\"description\":\"Tudtad, hogy Chris Boardman, egykori brit ker\u00e9kp\u00e1rversenyz\u0151 az\u00e9rt hagyta abba a sportot, mert korai st\u00e1dium\u00fa csontritkul\u00e1st diagnosztiz\u00e1ltak n\u00e1la? Szomor\u00fa v\u00e9ge ez egy nagyszer\u0171 ker\u00e9kp\u00e1ros karriernek, de felmer\u00fcl a k\u00e9rd\u00e9s: vajon megel\u0151zhet\u0151 lett volna a betegs\u00e9g?\",\"breadcrumb\":{\"@id\":\"https:\/\/www.welovecycling.com\/hu\/edzes-es-eletmod\/d-vitamin-jobb-kerekparossa-tehet\/#breadcrumb\"},\"inLanguage\":\"hu\",\"potentialAction\":[{\"@type\":\"ReadAction\",\"target\":[\"https:\/\/www.welovecycling.com\/hu\/edzes-es-eletmod\/d-vitamin-jobb-kerekparossa-tehet\/\"]}]},{\"@type\":\"ImageObject\",\"inLanguage\":\"hu\",\"@id\":\"https:\/\/www.welovecycling.com\/hu\/edzes-es-eletmod\/d-vitamin-jobb-kerekparossa-tehet\/#primaryimage\",\"url\":\"https:\/\/d2p6e6u75xmxt8.cloudfront.net\/12\/2023\/02\/Vitamin-D-Rich-Food-profimedia-0753868563-CVR.webp\",\"contentUrl\":\"https:\/\/d2p6e6u75xmxt8.cloudfront.net\/12\/2023\/02\/Vitamin-D-Rich-Food-profimedia-0753868563-CVR.webp\",\"width\":990,\"height\":660,\"caption\":\"Vitamin D Rich Food\"},{\"@type\":\"BreadcrumbList\",\"@id\":\"https:\/\/www.welovecycling.com\/hu\/edzes-es-eletmod\/d-vitamin-jobb-kerekparossa-tehet\/#breadcrumb\",\"itemListElement\":[{\"@type\":\"ListItem\",\"position\":1,\"name\":\"Home\",\"item\":\"https:\/\/www.welovecycling.com\/hu\/\"},{\"@type\":\"ListItem\",\"position\":2,\"name\":\"D-vitamin: Jobb ker\u00e9kp\u00e1ross\u00e1 tehet?\"}]},{\"@type\":\"WebSite\",\"@id\":\"https:\/\/www.welovecycling.com\/hu\/#website\",\"url\":\"https:\/\/www.welovecycling.com\/hu\/\",\"name\":\"\u0160koda We Love Cycling - Magyarorsz\u00e1g\",\"description\":\"\u0160koda WeLoveCycling\",\"potentialAction\":[{\"@type\":\"SearchAction\",\"target\":{\"@type\":\"EntryPoint\",\"urlTemplate\":\"https:\/\/www.welovecycling.com\/hu\/?s={search_term_string}\"},\"query-input\":{\"@type\":\"PropertyValueSpecification\",\"valueRequired\":true,\"valueName\":\"search_term_string\"}}],\"inLanguage\":\"hu\"},{\"@type\":\"Person\",\"@id\":\"https:\/\/www.welovecycling.com\/hu\/#\/schema\/person\/414a2aebf1801691a5320edb6468e194\",\"name\":\"hegyizs\",\"image\":{\"@type\":\"ImageObject\",\"inLanguage\":\"hu\",\"@id\":\"https:\/\/www.welovecycling.com\/hu\/#\/schema\/person\/image\/\",\"url\":\"https:\/\/secure.gravatar.com\/avatar\/02cf8a7906b8cf90cecb4679defac7cfd33a1c2e3b88e4903d947f3bb58eedd3?s=96&d=mm&r=g\",\"contentUrl\":\"https:\/\/secure.gravatar.com\/avatar\/02cf8a7906b8cf90cecb4679defac7cfd33a1c2e3b88e4903d947f3bb58eedd3?s=96&d=mm&r=g\",\"caption\":\"hegyizs\"},\"url\":\"https:\/\/www.welovecycling.com\/hu\/author\/hegyizs\/\"}]}<\/script>\n<!-- \/ Yoast SEO Premium plugin. -->","yoast_head_json":{"title":"D-vitamin: Jobb ker\u00e9kp\u00e1ross\u00e1 tehet?","description":"Tudtad, hogy Chris Boardman, egykori brit ker\u00e9kp\u00e1rversenyz\u0151 az\u00e9rt hagyta abba a sportot, mert korai st\u00e1dium\u00fa csontritkul\u00e1st diagnosztiz\u00e1ltak n\u00e1la? Szomor\u00fa v\u00e9ge ez egy nagyszer\u0171 ker\u00e9kp\u00e1ros karriernek, de felmer\u00fcl a k\u00e9rd\u00e9s: vajon megel\u0151zhet\u0151 lett volna a betegs\u00e9g?","robots":{"index":"index","follow":"follow","max-snippet":"max-snippet:-1","max-image-preview":"max-image-preview:large","max-video-preview":"max-video-preview:-1"},"canonical":"https:\/\/www.welovecycling.com\/hu\/edzes-es-eletmod\/d-vitamin-jobb-kerekparossa-tehet\/","og_locale":"hu_HU","og_type":"article","og_title":"D-vitamin: Jobb ker\u00e9kp\u00e1ross\u00e1 tehet?","og_description":"Tudtad, hogy Chris Boardman, egykori brit ker\u00e9kp\u00e1rversenyz\u0151 az\u00e9rt hagyta abba a sportot, mert korai st\u00e1dium\u00fa csontritkul\u00e1st diagnosztiz\u00e1ltak n\u00e1la? Szomor\u00fa v\u00e9ge ez egy nagyszer\u0171 ker\u00e9kp\u00e1ros karriernek, de felmer\u00fcl a k\u00e9rd\u00e9s: vajon megel\u0151zhet\u0151 lett volna a betegs\u00e9g?","og_url":"https:\/\/www.welovecycling.com\/hu\/edzes-es-eletmod\/d-vitamin-jobb-kerekparossa-tehet\/","og_site_name":"\u0160koda We Love Cycling - Magyarorsz\u00e1g","article_publisher":"https:\/\/www.facebook.com\/WeLoveCyclingHungary\/","article_published_time":"2023-02-13T06:00:10+00:00","og_image":[{"width":990,"height":660,"url":"https:\/\/d2p6e6u75xmxt8.cloudfront.net\/12\/2023\/02\/Vitamin-D-Rich-Food-profimedia-0753868563-CVR.webp","type":"image\/webp"}],"author":"hegyizs","twitter_card":"summary_large_image","twitter_misc":{"Written by":"Charlotte Murray","Est. reading time":"5"},"schema":{"@context":"https:\/\/schema.org","@graph":[{"@type":"WebPage","@id":"https:\/\/www.welovecycling.com\/hu\/edzes-es-eletmod\/d-vitamin-jobb-kerekparossa-tehet\/","url":"https:\/\/www.welovecycling.com\/hu\/edzes-es-eletmod\/d-vitamin-jobb-kerekparossa-tehet\/","name":"D-vitamin: Jobb ker\u00e9kp\u00e1ross\u00e1 tehet?","isPartOf":{"@id":"https:\/\/www.welovecycling.com\/hu\/#website"},"primaryImageOfPage":{"@id":"https:\/\/www.welovecycling.com\/hu\/edzes-es-eletmod\/d-vitamin-jobb-kerekparossa-tehet\/#primaryimage"},"image":{"@id":"https:\/\/www.welovecycling.com\/hu\/edzes-es-eletmod\/d-vitamin-jobb-kerekparossa-tehet\/#primaryimage"},"thumbnailUrl":"https:\/\/d2p6e6u75xmxt8.cloudfront.net\/12\/2023\/02\/Vitamin-D-Rich-Food-profimedia-0753868563-CVR.webp","datePublished":"2023-02-13T06:00:10+00:00","author":{"@id":"https:\/\/www.welovecycling.com\/hu\/#\/schema\/person\/414a2aebf1801691a5320edb6468e194"},"description":"Tudtad, hogy Chris Boardman, egykori brit ker\u00e9kp\u00e1rversenyz\u0151 az\u00e9rt hagyta abba a sportot, mert korai st\u00e1dium\u00fa csontritkul\u00e1st diagnosztiz\u00e1ltak n\u00e1la? Szomor\u00fa v\u00e9ge ez egy nagyszer\u0171 ker\u00e9kp\u00e1ros karriernek, de felmer\u00fcl a k\u00e9rd\u00e9s: vajon megel\u0151zhet\u0151 lett volna a betegs\u00e9g?","breadcrumb":{"@id":"https:\/\/www.welovecycling.com\/hu\/edzes-es-eletmod\/d-vitamin-jobb-kerekparossa-tehet\/#breadcrumb"},"inLanguage":"hu","potentialAction":[{"@type":"ReadAction","target":["https:\/\/www.welovecycling.com\/hu\/edzes-es-eletmod\/d-vitamin-jobb-kerekparossa-tehet\/"]}]},{"@type":"ImageObject","inLanguage":"hu","@id":"https:\/\/www.welovecycling.com\/hu\/edzes-es-eletmod\/d-vitamin-jobb-kerekparossa-tehet\/#primaryimage","url":"https:\/\/d2p6e6u75xmxt8.cloudfront.net\/12\/2023\/02\/Vitamin-D-Rich-Food-profimedia-0753868563-CVR.webp","contentUrl":"https:\/\/d2p6e6u75xmxt8.cloudfront.net\/12\/2023\/02\/Vitamin-D-Rich-Food-profimedia-0753868563-CVR.webp","width":990,"height":660,"caption":"Vitamin D Rich Food"},{"@type":"BreadcrumbList","@id":"https:\/\/www.welovecycling.com\/hu\/edzes-es-eletmod\/d-vitamin-jobb-kerekparossa-tehet\/#breadcrumb","itemListElement":[{"@type":"ListItem","position":1,"name":"Home","item":"https:\/\/www.welovecycling.com\/hu\/"},{"@type":"ListItem","position":2,"name":"D-vitamin: Jobb ker\u00e9kp\u00e1ross\u00e1 tehet?"}]},{"@type":"WebSite","@id":"https:\/\/www.welovecycling.com\/hu\/#website","url":"https:\/\/www.welovecycling.com\/hu\/","name":"\u0160koda We Love Cycling - Magyarorsz\u00e1g","description":"\u0160koda WeLoveCycling","potentialAction":[{"@type":"SearchAction","target":{"@type":"EntryPoint","urlTemplate":"https:\/\/www.welovecycling.com\/hu\/?s={search_term_string}"},"query-input":{"@type":"PropertyValueSpecification","valueRequired":true,"valueName":"search_term_string"}}],"inLanguage":"hu"},{"@type":"Person","@id":"https:\/\/www.welovecycling.com\/hu\/#\/schema\/person\/414a2aebf1801691a5320edb6468e194","name":"hegyizs","image":{"@type":"ImageObject","inLanguage":"hu","@id":"https:\/\/www.welovecycling.com\/hu\/#\/schema\/person\/image\/","url":"https:\/\/secure.gravatar.com\/avatar\/02cf8a7906b8cf90cecb4679defac7cfd33a1c2e3b88e4903d947f3bb58eedd3?s=96&d=mm&r=g","contentUrl":"https:\/\/secure.gravatar.com\/avatar\/02cf8a7906b8cf90cecb4679defac7cfd33a1c2e3b88e4903d947f3bb58eedd3?s=96&d=mm&r=g","caption":"hegyizs"},"url":"https:\/\/www.welovecycling.com\/hu\/author\/hegyizs\/"}]}},"_links":{"self":[{"href":"https:\/\/www.welovecycling.com\/hu\/wp-json\/wp\/v2\/posts\/16961","targetHints":{"allow":["GET"]}}],"collection":[{"href":"https:\/\/www.welovecycling.com\/hu\/wp-json\/wp\/v2\/posts"}],"about":[{"href":"https:\/\/www.welovecycling.com\/hu\/wp-json\/wp\/v2\/types\/post"}],"author":[{"embeddable":true,"href":"https:\/\/www.welovecycling.com\/hu\/wp-json\/wp\/v2\/users\/71"}],"replies":[{"embeddable":true,"href":"https:\/\/www.welovecycling.com\/hu\/wp-json\/wp\/v2\/comments?post=16961"}],"version-history":[{"count":2,"href":"https:\/\/www.welovecycling.com\/hu\/wp-json\/wp\/v2\/posts\/16961\/revisions"}],"predecessor-version":[{"id":16965,"href":"https:\/\/www.welovecycling.com\/hu\/wp-json\/wp\/v2\/posts\/16961\/revisions\/16965"}],"wp:featuredmedia":[{"embeddable":true,"href":"https:\/\/www.welovecycling.com\/hu\/wp-json\/wp\/v2\/media\/16964"}],"wp:attachment":[{"href":"https:\/\/www.welovecycling.com\/hu\/wp-json\/wp\/v2\/media?parent=16961"}],"wp:term":[{"taxonomy":"category","embeddable":true,"href":"https:\/\/www.welovecycling.com\/hu\/wp-json\/wp\/v2\/categories?post=16961"},{"taxonomy":"post_tag","embeddable":true,"href":"https:\/\/www.welovecycling.com\/hu\/wp-json\/wp\/v2\/tags?post=16961"},{"taxonomy":"global-categories","embeddable":true,"href":"https:\/\/www.welovecycling.com\/hu\/wp-json\/wp\/v2\/global-categories?post=16961"}],"curies":[{"name":"wp","href":"https:\/\/api.w.org\/{rel}","templated":true}]}}