{"id":16948,"date":"2023-02-15T08:00:03","date_gmt":"2023-02-15T06:00:03","guid":{"rendered":"https:\/\/www.welovecycling.com\/hu\/?p=16948"},"modified":"2023-02-10T15:36:17","modified_gmt":"2023-02-10T13:36:17","slug":"kevesbe-ismert-de-annal-jobb-europai-biciklis-utvonalak-2023-ra","status":"publish","type":"post","link":"https:\/\/www.welovecycling.com\/hu\/kozosseg-es-kultura\/kevesbe-ismert-de-annal-jobb-europai-biciklis-utvonalak-2023-ra\/","title":{"rendered":"Kev\u00e9sb\u00e9 ismert, de ann\u00e1l jobb eur\u00f3pai biciklis \u00fatvonalak 2023-ra"},"content":{"rendered":"<p><strong>Gratul\u00e1lok, t\u00fal vagy a janu\u00e1ron! Az \u00e9v els\u0151 h\u00f3napja sokak sz\u00e1m\u00e1ra neh\u00e9z, ez\u00e9rt ez sokak sz\u00e1m\u00e1ra \u00f6r\u00f6mh\u00edr. Mi t\u00f6bb, ha m\u00e9g nem tetted volna meg, itt az id\u0151, hogy elkezdd tervezni a 2023-as eur\u00f3pai ker\u00e9kp\u00e1ros utaz\u00e1sokat.<\/strong><\/p>\n<p><!--more--><\/p>\n<p>A tavasz a kontinens nagy r\u00e9sz\u00e9n m\u00e1r a sarkunkban liheg, \u00e9s mire \u00e9szbe kapsz, m\u00e1r egy szakszer\u0171en elk\u00e9sz\u00edtett cafezinho-t kortyolgatsz, vagy egy friss bagettet majszolsz. Persze mindezt a vil\u00e1g legszebb helyein megtett kilom\u00e9terek ut\u00e1n.<\/p>\n<p>Eur\u00f3pa-szerte kiv\u00e1l\u00f3 ker\u00e9kp\u00e1ros \u00fatvonalak l\u00e9teznek, amik sz\u00e1mos lehet\u0151s\u00e9get tartogatnak. Emellett azonban minden \u00e9vben bek\u00fasznak \u00faj utak is a k\u00f6ztudatba, amik nem ker\u00fclhetik el a biciklisek figyelm\u00e9t. Mutatjuk a 2023-as \u00e9v legjobb ker\u00e9kp\u00e1ros \u00fatvonalait!<\/p>\n<h2><strong>Sz\u00e9llel szemben Alb\u00e1nia szel\u00edd\u00edtetlen v\u00edzi \u00fatjain<\/strong><\/h2>\n<p>Amint azt a<a href=\"https:\/\/www.nytimes.com\/interactive\/2023\/travel\/52-places-travel-2023.html\"> New York Times nemr\u00e9giben r\u00e9szletezte<\/a>, Alb\u00e1nia meg\u00e9rett arra, hogy jelent\u0151s ker\u00e9kp\u00e1ros \u00fati c\u00e9ll\u00e1 v\u00e1ljon. Tavaly j\u00faniusban a korm\u00e1ny al\u00e1\u00edrta a Vjosa Wild River Nemzeti Park l\u00e9trehoz\u00e1s\u00e1ra vonatkoz\u00f3 k\u00f6telezetts\u00e9gv\u00e1llal\u00e1st, ami megv\u00e9di a foly\u00f3t \u00e9s mened\u00e9ket teremt a term\u00e9szetj\u00e1r\u00f3k sz\u00e1m\u00e1ra.<\/p>\n<p>Ennek az er\u0151fesz\u00edt\u00e9snek r\u00e9sze a nemr\u00e9g megnyitott UNESCO Ker\u00e9kp\u00e1r\u00fat, egy Tiran\u00e1b\u00f3l indul\u00f3, Alb\u00e1nia d\u00e9lkeleti ter\u00fclet\u00e9t \u00e9rint\u0151 k\u00f6rt\u00fara. \u00c1tlagosan 15 nap teker\u00e9si id\u0151, az \u00fatvonal teljes hossza 1080 km, az \u00f6sszes\u00edtett szintemelked\u00e9s pedig 20 753 m. Ezen a mag\u00e1val ragad\u00f3 utaz\u00e1son felfedezheted D\u00e9lkelet-Alb\u00e1nia gy\u00f6ngyszemeit, mik\u00f6zben leny\u0171g\u00f6z\u0151 t\u00e1jakon, b\u00e9k\u00e9s hegyi utakon \u00e9s a J\u00f3n-tenger \u00e9s az Adriai-tenger t\u00fcrkizk\u00e9k tengerpartj\u00e1n biciklizel. A csod\u00e1latos kil\u00e1t\u00e1s mellett a helyiek sz\u00edv\u00e9lyes fogadtat\u00e1s\u00e1ra is sz\u00e1m\u00edthatsz, a ny\u00edlt sz\u00edv\u0171 balk\u00e1ni kult\u00fara ugyanis val\u00f3di \u00e9lm\u00e9nyt ny\u00fajt.<\/p>\n<h2><strong>Fedezd fel Szlov\u00e9nia v\u00e1ltozatos t\u00e1jait!<\/strong><\/h2>\n<p>Az olyan kort\u00e1rs szuperszt\u00e1rok mellett, mint Primo\u017e Rogli\u010d \u00e9s Tadej Poga\u010dar, Szlov\u00e9nia hossz\u00fa m\u00faltra tekint vissza, ha a biciklis tehets\u00e9gekr\u0151l van sz\u00f3. \u00cdgy term\u00e9szetes, hogy a ker\u00e9kp\u00e1ros k\u00f6z\u00f6ss\u00e9g t\u00f6bbi tagja is k\u00edv\u00e1ncsi arra, hogy ezek a tehets\u00e9ges versenyz\u0151k hol tekertek \u00e9let\u00fckben el\u0151sz\u00f6r. Amennyiben kih\u00edv\u00e1st keresel a k\u00f6vetkez\u0151 ker\u00e9kp\u00e1ros nyaral\u00e1son, Szlov\u00e9nia b\u0151ven tartogat meglepet\u00e9seket.<\/p>\n<p>Az olasz \u00e9s az osztr\u00e1k hat\u00e1r ment\u00e9n, a J\u00faliai-Alpokban l\u00e1tv\u00e1nyos emelked\u0151kre bukkanhatsz. Ek\u00f6zben a Vr\u0161i\u010d-h\u00e1g\u00f3 \u00e9s a Mangart-nyereg leny\u0171g\u00f6z\u0151 kil\u00e1t\u00e1st biztos\u00edt. Ha valami nyugodtabbra v\u00e1gysz, Szlov\u00e9nia az Alpok l\u00e1b\u00e1n\u00e1l fekv\u0151 v\u00f6lgyekben vagy a mediterr\u00e1n r\u00e9gi\u00f3ban is k\u00edn\u00e1l el\u00e9rhet\u0151 \u00fatvonalakat. \u00d6sszess\u00e9g\u00e9ben ez a kis orsz\u00e1g b\u0151ven az elv\u00e1r\u00e1sok felett teljes\u00edt, \u00e9s lehet\u0151v\u00e9 teszi, hogy \u00e9lvezd a k\u00fcl\u00f6nb\u00f6z\u0151 t\u00e1jakat, ak\u00e1r k\u00e9t napod, ak\u00e1r k\u00e9t heted van r\u00e1. Az utak \u00e1ltal\u00e1ban j\u00f3 min\u0151s\u00e9g\u0171ek, \u00e9s az \u00f6koturizmusba akt\u00edvan beruh\u00e1z\u00f3 orsz\u00e1g \u00f6r\u00f6mmel fogadja a bicikliseket.<\/p>\n<figure id=\"attachment_16949\" aria-describedby=\"caption-attachment-16949\" style=\"width: 1000px\" class=\"wp-caption alignnone\"><a href=\"https:\/\/d2p6e6u75xmxt8.cloudfront.net\/12\/2023\/02\/Cycling-in-Slovenia-profimedia-0727433779.webp\"><img loading=\"lazy\" decoding=\"async\" class=\"wp-image-16949 size-full\" src=\"https:\/\/d2p6e6u75xmxt8.cloudfront.net\/12\/2023\/02\/Cycling-in-Slovenia-profimedia-0727433779.webp\" alt=\"Cyclist nearby green lake\" width=\"1000\" height=\"666\" srcset=\"https:\/\/d2p6e6u75xmxt8.cloudfront.net\/12\/2023\/02\/Cycling-in-Slovenia-profimedia-0727433779.webp 1000w, https:\/\/d2p6e6u75xmxt8.cloudfront.net\/12\/2023\/02\/Cycling-in-Slovenia-profimedia-0727433779-300x200.webp 300w, https:\/\/d2p6e6u75xmxt8.cloudfront.net\/12\/2023\/02\/Cycling-in-Slovenia-profimedia-0727433779-768x511.webp 768w, https:\/\/d2p6e6u75xmxt8.cloudfront.net\/12\/2023\/02\/Cycling-in-Slovenia-profimedia-0727433779-400x266.webp 400w, https:\/\/d2p6e6u75xmxt8.cloudfront.net\/12\/2023\/02\/Cycling-in-Slovenia-profimedia-0727433779-272x182.webp 272w\" sizes=\"auto, (max-width: 1000px) 100vw, 1000px\" \/><\/a><figcaption id=\"caption-attachment-16949\" class=\"wp-caption-text\"><em>A szlov\u00e9niai Kranjska Gora k\u00f6zel\u00e9ben l\u00e9v\u0151 Jasna-t\u00f3. \u00a9 Profimedia<\/em><\/figcaption><\/figure>\n<h2><strong>Sv\u00e1jc h\u00e1g\u00f3i \u00e9s v\u00f6lgyei<\/strong><\/h2>\n<p>Olaszorsz\u00e1g \u00e9s Franciaorsz\u00e1g meg\u00e9rdemelten kap nagy figyelmet, de egyre t\u00f6bb rajong\u00f3 fedezi fel a sv\u00e1jci hegyek \u00f6r\u00f6m\u00e9t. A sv\u00e1jci hegyek v\u00e9gtelen kalandoz\u00e1si lehet\u0151s\u00e9get k\u00edn\u00e1lnak a kev\u00e9sb\u00e9 ismert terepeken, emellett kifog\u00e1stalanul karbantartott utakat \u00e9s udvarias sof\u0151r\u00f6ket is biztos\u00edtanak.<\/p>\n<p>Sv\u00e1jcban sz\u00e1mos v\u00f6lgy tal\u00e1lhat\u00f3, ahol k\u00e9t emelked\u0151 k\u00f6z\u00f6tt megpihenhetsz. M\u00e9gis, ahhoz, hogy val\u00f3ban a legt\u00f6bbet hozd ki ebb\u0151l az \u00fati c\u00e9lb\u00f3l, tapasztalattal kell rendelkezned, \u00e9s magabiztosan kell szembe n\u00e9zned a neh\u00e9z h\u00e1g\u00f3kkal. Vegy\u00fck p\u00e9ld\u00e1ul a k\u00f6vetkez\u0151 h\u00e1romcs\u00facsos kombin\u00e1lt \u00fatvonalat &#8211; kezdd a Susten-h\u00e1g\u00f3val, a Furka-h\u00e1g\u00f3val \u00f6sszek\u00f6tve tegy\u00e9l egy k\u00f6rt, majd a Grismel-h\u00e1g\u00f3val fejezd be a t\u00far\u00e1t. H\u00e1rom 2200 m feletti cs\u00facs egy 120 km hossz\u00fa \u00fatvonalon. Egy\u00e1ltal\u00e1n nem rossz! Szerencs\u00e9re a v\u00e9g\u00e9n nem lesz hi\u00e1ny gazdag csokol\u00e1d\u00e9b\u00f3l \u00e9s zamatos sajtokb\u00f3l.<\/p>\n<h2><strong>T\u00e9vedj el a var\u00e1zslatos \u00cdrorsz\u00e1gban!<\/strong><\/h2>\n<p>Ha l\u00e1ttad a moziban <em>Az inisherini b\u00e1nok<\/em> c\u00edm\u0171 filmet, j\u00f3 es\u00e9llyel az\u00f3ta is arr\u00f3l \u00e1lmodozol, hogy egy k\u00f6zelg\u0151 ker\u00e9kp\u00e1ros kir\u00e1ndul\u00e1s sor\u00e1n felfedezd \u00cdrorsz\u00e1g buja z\u00f6ld dombjait \u00e9s v\u00f6lgyeit. Ha azonban eddig nem tudtad, hol \u00e9rdemes kezdeni, engedd meg, hogy Galwayt javasoljuk.<\/p>\n<p>Az \u00cdrorsz\u00e1g nyugati partj\u00e1n fekv\u0151 kik\u00f6t\u0151v\u00e1ros, Galway k\u00f6zvetlen\u00fcl a Corrib foly\u00f3 \u00e9s az Atlanti-\u00f3ce\u00e1n tal\u00e1lkoz\u00e1s\u00e1n\u00e1l fekszik. A b\u00e1jos v\u00e1rosk\u00f6zpont mellett a k\u00f6rnyez\u0151 ter\u00fclet a legnyugodtabb kil\u00e1t\u00e1st ny\u00fajtja, amit csak el tudsz k\u00e9pzelni. A r\u00e9gi\u00f3ban t\u00f6bb tapasztalt utaz\u00e1sszervez\u0151 is tal\u00e1lhat\u00f3, \u00edgy \u00e1tadhatod a tervez\u00e9st, \u00e9s \u00e9lvezheted a t\u00f6bbnapos vezetett t\u00far\u00e1t Nyugat-\u00cdrorsz\u00e1g kev\u00e9sb\u00e9 turist\u00e1s r\u00e9szein. A ny\u00e1ri h\u00f3napok a legalkalmasabbak a l\u00e1togat\u00e1sra. Ne feledd azonban, hogy az orsz\u00e1g h\u00edres az es\u0151s napokr\u00f3l, ez\u00e9rt az el\u0151rejelz\u00e9st\u0151l f\u00fcggetlen\u00fcl mindenk\u00e9ppen csomagolj be valami megb\u00edzhat\u00f3 es\u0151v\u00e9d\u0151 felszerel\u00e9st.<\/p>\n<h2><strong>Naps\u00fct\u00e9s kih\u00edv\u00e1st jelent\u0151 \u00fatvonalakkal: Algarve<\/strong><\/h2>\n<p>Az orsz\u00e1g d\u00e9lnyugati partvid\u00e9k\u00e9n egy 32 kilom\u00e9ter hossz\u00fa, gy\u00f6ny\u00f6r\u0171 hegyvonulat h\u00faz\u00f3dik v\u00e9gig, ahonnan leny\u0171g\u00f6z\u0151 kil\u00e1t\u00e1s ny\u00edlik az Atlanti-\u00f3ce\u00e1nra, majd vissza az orsz\u00e1gon \u00e1t keletre.<\/p>\n<p>Van egy 80 km hossz\u00fa, nagyszer\u0171 k\u00f6rp\u00e1lya, aminek Monchique a kiindul\u00f3pontja. Att\u00f3l f\u00fcgg\u0151en, hol van a sz\u00e1ll\u00e1shely, b\u00e1rmelyik ir\u00e1nyb\u00f3l elindulhatsz a k\u00f6r\u00fatra! Az \u00fatvonalak megtervez\u00e9sekor felt\u00e9tlen\u00fcl kukkantsd meg a &#8220;Volta ao Algarve&#8221; versenyt is, az egyik els\u0151 profi megm\u00e9rettet\u00e9s, ami minden febru\u00e1rban \u00f6sszehozza a bicikliseket.<\/p>\n","protected":false},"excerpt":{"rendered":"<p>Gratul\u00e1lok, t\u00fal vagy a janu\u00e1ron! Az \u00e9v els\u0151 h\u00f3napja sokak sz\u00e1m\u00e1ra neh\u00e9z, ez\u00e9rt ez sokak sz\u00e1m\u00e1ra \u00f6r\u00f6mh\u00edr. Mi t\u00f6bb, ha [&hellip;]<\/p>\n","protected":false},"author":71,"featured_media":16951,"comment_status":"open","ping_status":"open","sticky":false,"template":"","format":"standard","meta":{"footnotes":""},"categories":[12],"tags":[],"global-categories":[],"class_list":["post-16948","post","type-post","status-publish","format-standard","has-post-thumbnail","hentry","category-kozosseg-es-kultura"],"yoast_head":"<!-- This site is optimized with the Yoast SEO Premium plugin v25.3 (Yoast SEO v25.9) - https:\/\/yoast.com\/wordpress\/plugins\/seo\/ -->\n<title>Kev\u00e9sb\u00e9 ismert, de ann\u00e1l jobb eur\u00f3pai biciklis \u00fatvonalak 2023-ra<\/title>\n<meta name=\"description\" content=\"Gratul\u00e1lok, t\u00fal vagy a janu\u00e1ron! Az \u00e9v els\u0151 h\u00f3napja sokak sz\u00e1m\u00e1ra neh\u00e9z, ez\u00e9rt ez sokak sz\u00e1m\u00e1ra \u00f6r\u00f6mh\u00edr. Mi t\u00f6bb, ha m\u00e9g nem tetted volna meg, itt az id\u0151, hogy elkezdd tervezni a 2023-as eur\u00f3pai ker\u00e9kp\u00e1ros utaz\u00e1sokat.\" \/>\n<meta name=\"robots\" content=\"index, follow, max-snippet:-1, max-image-preview:large, max-video-preview:-1\" \/>\n<link rel=\"canonical\" href=\"https:\/\/www.welovecycling.com\/hu\/kozosseg-es-kultura\/kevesbe-ismert-de-annal-jobb-europai-biciklis-utvonalak-2023-ra\/\" \/>\n<meta property=\"og:locale\" content=\"hu_HU\" \/>\n<meta property=\"og:type\" content=\"article\" \/>\n<meta property=\"og:title\" content=\"Kev\u00e9sb\u00e9 ismert, de ann\u00e1l jobb eur\u00f3pai biciklis \u00fatvonalak 2023-ra\" \/>\n<meta property=\"og:description\" content=\"Gratul\u00e1lok, t\u00fal vagy a janu\u00e1ron! Az \u00e9v els\u0151 h\u00f3napja sokak sz\u00e1m\u00e1ra neh\u00e9z, ez\u00e9rt ez sokak sz\u00e1m\u00e1ra \u00f6r\u00f6mh\u00edr. Mi t\u00f6bb, ha m\u00e9g nem tetted volna meg, itt az id\u0151, hogy elkezdd tervezni a 2023-as eur\u00f3pai ker\u00e9kp\u00e1ros utaz\u00e1sokat.\" \/>\n<meta property=\"og:url\" content=\"https:\/\/www.welovecycling.com\/hu\/kozosseg-es-kultura\/kevesbe-ismert-de-annal-jobb-europai-biciklis-utvonalak-2023-ra\/\" \/>\n<meta property=\"og:site_name\" content=\"\u0160koda We Love Cycling - Magyarorsz\u00e1g\" \/>\n<meta property=\"article:publisher\" content=\"https:\/\/www.facebook.com\/WeLoveCyclingHungary\/\" \/>\n<meta property=\"article:published_time\" content=\"2023-02-15T06:00:03+00:00\" \/>\n<meta property=\"og:image\" content=\"https:\/\/d2p6e6u75xmxt8.cloudfront.net\/12\/2023\/02\/Algarve-Cycling-profimedia-0658090154-CVR.webp\" \/>\n\t<meta property=\"og:image:width\" content=\"990\" \/>\n\t<meta property=\"og:image:height\" content=\"660\" \/>\n\t<meta property=\"og:image:type\" content=\"image\/webp\" \/>\n<meta name=\"author\" content=\"hegyizs\" \/>\n<meta name=\"twitter:card\" content=\"summary_large_image\" \/>\n<meta name=\"twitter:label1\" content=\"Written by\" \/>\n\t<meta name=\"twitter:data1\" content=\"Megan Flottorp\" \/>\n\t<meta name=\"twitter:label2\" content=\"Est. reading time\" \/>\n\t<meta name=\"twitter:data2\" content=\"6\" \/>\n<script type=\"application\/ld+json\" class=\"yoast-schema-graph\">{\"@context\":\"https:\/\/schema.org\",\"@graph\":[{\"@type\":\"WebPage\",\"@id\":\"https:\/\/www.welovecycling.com\/hu\/kozosseg-es-kultura\/kevesbe-ismert-de-annal-jobb-europai-biciklis-utvonalak-2023-ra\/\",\"url\":\"https:\/\/www.welovecycling.com\/hu\/kozosseg-es-kultura\/kevesbe-ismert-de-annal-jobb-europai-biciklis-utvonalak-2023-ra\/\",\"name\":\"Kev\u00e9sb\u00e9 ismert, de ann\u00e1l jobb eur\u00f3pai biciklis \u00fatvonalak 2023-ra\",\"isPartOf\":{\"@id\":\"https:\/\/www.welovecycling.com\/hu\/#website\"},\"primaryImageOfPage\":{\"@id\":\"https:\/\/www.welovecycling.com\/hu\/kozosseg-es-kultura\/kevesbe-ismert-de-annal-jobb-europai-biciklis-utvonalak-2023-ra\/#primaryimage\"},\"image\":{\"@id\":\"https:\/\/www.welovecycling.com\/hu\/kozosseg-es-kultura\/kevesbe-ismert-de-annal-jobb-europai-biciklis-utvonalak-2023-ra\/#primaryimage\"},\"thumbnailUrl\":\"https:\/\/d2p6e6u75xmxt8.cloudfront.net\/12\/2023\/02\/Algarve-Cycling-profimedia-0658090154-CVR.webp\",\"datePublished\":\"2023-02-15T06:00:03+00:00\",\"author\":{\"@id\":\"https:\/\/www.welovecycling.com\/hu\/#\/schema\/person\/414a2aebf1801691a5320edb6468e194\"},\"description\":\"Gratul\u00e1lok, t\u00fal vagy a janu\u00e1ron! Az \u00e9v els\u0151 h\u00f3napja sokak sz\u00e1m\u00e1ra neh\u00e9z, ez\u00e9rt ez sokak sz\u00e1m\u00e1ra \u00f6r\u00f6mh\u00edr. Mi t\u00f6bb, ha m\u00e9g nem tetted volna meg, itt az id\u0151, hogy elkezdd tervezni a 2023-as eur\u00f3pai ker\u00e9kp\u00e1ros utaz\u00e1sokat.\",\"breadcrumb\":{\"@id\":\"https:\/\/www.welovecycling.com\/hu\/kozosseg-es-kultura\/kevesbe-ismert-de-annal-jobb-europai-biciklis-utvonalak-2023-ra\/#breadcrumb\"},\"inLanguage\":\"hu\",\"potentialAction\":[{\"@type\":\"ReadAction\",\"target\":[\"https:\/\/www.welovecycling.com\/hu\/kozosseg-es-kultura\/kevesbe-ismert-de-annal-jobb-europai-biciklis-utvonalak-2023-ra\/\"]}]},{\"@type\":\"ImageObject\",\"inLanguage\":\"hu\",\"@id\":\"https:\/\/www.welovecycling.com\/hu\/kozosseg-es-kultura\/kevesbe-ismert-de-annal-jobb-europai-biciklis-utvonalak-2023-ra\/#primaryimage\",\"url\":\"https:\/\/d2p6e6u75xmxt8.cloudfront.net\/12\/2023\/02\/Algarve-Cycling-profimedia-0658090154-CVR.webp\",\"contentUrl\":\"https:\/\/d2p6e6u75xmxt8.cloudfront.net\/12\/2023\/02\/Algarve-Cycling-profimedia-0658090154-CVR.webp\",\"width\":990,\"height\":660,\"caption\":\"Cycling in the Algarve\"},{\"@type\":\"BreadcrumbList\",\"@id\":\"https:\/\/www.welovecycling.com\/hu\/kozosseg-es-kultura\/kevesbe-ismert-de-annal-jobb-europai-biciklis-utvonalak-2023-ra\/#breadcrumb\",\"itemListElement\":[{\"@type\":\"ListItem\",\"position\":1,\"name\":\"Home\",\"item\":\"https:\/\/www.welovecycling.com\/hu\/\"},{\"@type\":\"ListItem\",\"position\":2,\"name\":\"Kev\u00e9sb\u00e9 ismert, de ann\u00e1l jobb eur\u00f3pai biciklis \u00fatvonalak 2023-ra\"}]},{\"@type\":\"WebSite\",\"@id\":\"https:\/\/www.welovecycling.com\/hu\/#website\",\"url\":\"https:\/\/www.welovecycling.com\/hu\/\",\"name\":\"\u0160koda We Love Cycling - Magyarorsz\u00e1g\",\"description\":\"\u0160koda WeLoveCycling\",\"potentialAction\":[{\"@type\":\"SearchAction\",\"target\":{\"@type\":\"EntryPoint\",\"urlTemplate\":\"https:\/\/www.welovecycling.com\/hu\/?s={search_term_string}\"},\"query-input\":{\"@type\":\"PropertyValueSpecification\",\"valueRequired\":true,\"valueName\":\"search_term_string\"}}],\"inLanguage\":\"hu\"},{\"@type\":\"Person\",\"@id\":\"https:\/\/www.welovecycling.com\/hu\/#\/schema\/person\/414a2aebf1801691a5320edb6468e194\",\"name\":\"hegyizs\",\"image\":{\"@type\":\"ImageObject\",\"inLanguage\":\"hu\",\"@id\":\"https:\/\/www.welovecycling.com\/hu\/#\/schema\/person\/image\/\",\"url\":\"https:\/\/secure.gravatar.com\/avatar\/02cf8a7906b8cf90cecb4679defac7cfd33a1c2e3b88e4903d947f3bb58eedd3?s=96&d=mm&r=g\",\"contentUrl\":\"https:\/\/secure.gravatar.com\/avatar\/02cf8a7906b8cf90cecb4679defac7cfd33a1c2e3b88e4903d947f3bb58eedd3?s=96&d=mm&r=g\",\"caption\":\"hegyizs\"},\"url\":\"https:\/\/www.welovecycling.com\/hu\/author\/hegyizs\/\"}]}<\/script>\n<!-- \/ Yoast SEO Premium plugin. -->","yoast_head_json":{"title":"Kev\u00e9sb\u00e9 ismert, de ann\u00e1l jobb eur\u00f3pai biciklis \u00fatvonalak 2023-ra","description":"Gratul\u00e1lok, t\u00fal vagy a janu\u00e1ron! Az \u00e9v els\u0151 h\u00f3napja sokak sz\u00e1m\u00e1ra neh\u00e9z, ez\u00e9rt ez sokak sz\u00e1m\u00e1ra \u00f6r\u00f6mh\u00edr. Mi t\u00f6bb, ha m\u00e9g nem tetted volna meg, itt az id\u0151, hogy elkezdd tervezni a 2023-as eur\u00f3pai ker\u00e9kp\u00e1ros utaz\u00e1sokat.","robots":{"index":"index","follow":"follow","max-snippet":"max-snippet:-1","max-image-preview":"max-image-preview:large","max-video-preview":"max-video-preview:-1"},"canonical":"https:\/\/www.welovecycling.com\/hu\/kozosseg-es-kultura\/kevesbe-ismert-de-annal-jobb-europai-biciklis-utvonalak-2023-ra\/","og_locale":"hu_HU","og_type":"article","og_title":"Kev\u00e9sb\u00e9 ismert, de ann\u00e1l jobb eur\u00f3pai biciklis \u00fatvonalak 2023-ra","og_description":"Gratul\u00e1lok, t\u00fal vagy a janu\u00e1ron! Az \u00e9v els\u0151 h\u00f3napja sokak sz\u00e1m\u00e1ra neh\u00e9z, ez\u00e9rt ez sokak sz\u00e1m\u00e1ra \u00f6r\u00f6mh\u00edr. Mi t\u00f6bb, ha m\u00e9g nem tetted volna meg, itt az id\u0151, hogy elkezdd tervezni a 2023-as eur\u00f3pai ker\u00e9kp\u00e1ros utaz\u00e1sokat.","og_url":"https:\/\/www.welovecycling.com\/hu\/kozosseg-es-kultura\/kevesbe-ismert-de-annal-jobb-europai-biciklis-utvonalak-2023-ra\/","og_site_name":"\u0160koda We Love Cycling - Magyarorsz\u00e1g","article_publisher":"https:\/\/www.facebook.com\/WeLoveCyclingHungary\/","article_published_time":"2023-02-15T06:00:03+00:00","og_image":[{"width":990,"height":660,"url":"https:\/\/d2p6e6u75xmxt8.cloudfront.net\/12\/2023\/02\/Algarve-Cycling-profimedia-0658090154-CVR.webp","type":"image\/webp"}],"author":"hegyizs","twitter_card":"summary_large_image","twitter_misc":{"Written by":"Megan Flottorp","Est. reading time":"6"},"schema":{"@context":"https:\/\/schema.org","@graph":[{"@type":"WebPage","@id":"https:\/\/www.welovecycling.com\/hu\/kozosseg-es-kultura\/kevesbe-ismert-de-annal-jobb-europai-biciklis-utvonalak-2023-ra\/","url":"https:\/\/www.welovecycling.com\/hu\/kozosseg-es-kultura\/kevesbe-ismert-de-annal-jobb-europai-biciklis-utvonalak-2023-ra\/","name":"Kev\u00e9sb\u00e9 ismert, de ann\u00e1l jobb eur\u00f3pai biciklis \u00fatvonalak 2023-ra","isPartOf":{"@id":"https:\/\/www.welovecycling.com\/hu\/#website"},"primaryImageOfPage":{"@id":"https:\/\/www.welovecycling.com\/hu\/kozosseg-es-kultura\/kevesbe-ismert-de-annal-jobb-europai-biciklis-utvonalak-2023-ra\/#primaryimage"},"image":{"@id":"https:\/\/www.welovecycling.com\/hu\/kozosseg-es-kultura\/kevesbe-ismert-de-annal-jobb-europai-biciklis-utvonalak-2023-ra\/#primaryimage"},"thumbnailUrl":"https:\/\/d2p6e6u75xmxt8.cloudfront.net\/12\/2023\/02\/Algarve-Cycling-profimedia-0658090154-CVR.webp","datePublished":"2023-02-15T06:00:03+00:00","author":{"@id":"https:\/\/www.welovecycling.com\/hu\/#\/schema\/person\/414a2aebf1801691a5320edb6468e194"},"description":"Gratul\u00e1lok, t\u00fal vagy a janu\u00e1ron! Az \u00e9v els\u0151 h\u00f3napja sokak sz\u00e1m\u00e1ra neh\u00e9z, ez\u00e9rt ez sokak sz\u00e1m\u00e1ra \u00f6r\u00f6mh\u00edr. Mi t\u00f6bb, ha m\u00e9g nem tetted volna meg, itt az id\u0151, hogy elkezdd tervezni a 2023-as eur\u00f3pai ker\u00e9kp\u00e1ros utaz\u00e1sokat.","breadcrumb":{"@id":"https:\/\/www.welovecycling.com\/hu\/kozosseg-es-kultura\/kevesbe-ismert-de-annal-jobb-europai-biciklis-utvonalak-2023-ra\/#breadcrumb"},"inLanguage":"hu","potentialAction":[{"@type":"ReadAction","target":["https:\/\/www.welovecycling.com\/hu\/kozosseg-es-kultura\/kevesbe-ismert-de-annal-jobb-europai-biciklis-utvonalak-2023-ra\/"]}]},{"@type":"ImageObject","inLanguage":"hu","@id":"https:\/\/www.welovecycling.com\/hu\/kozosseg-es-kultura\/kevesbe-ismert-de-annal-jobb-europai-biciklis-utvonalak-2023-ra\/#primaryimage","url":"https:\/\/d2p6e6u75xmxt8.cloudfront.net\/12\/2023\/02\/Algarve-Cycling-profimedia-0658090154-CVR.webp","contentUrl":"https:\/\/d2p6e6u75xmxt8.cloudfront.net\/12\/2023\/02\/Algarve-Cycling-profimedia-0658090154-CVR.webp","width":990,"height":660,"caption":"Cycling in the Algarve"},{"@type":"BreadcrumbList","@id":"https:\/\/www.welovecycling.com\/hu\/kozosseg-es-kultura\/kevesbe-ismert-de-annal-jobb-europai-biciklis-utvonalak-2023-ra\/#breadcrumb","itemListElement":[{"@type":"ListItem","position":1,"name":"Home","item":"https:\/\/www.welovecycling.com\/hu\/"},{"@type":"ListItem","position":2,"name":"Kev\u00e9sb\u00e9 ismert, de ann\u00e1l jobb eur\u00f3pai biciklis \u00fatvonalak 2023-ra"}]},{"@type":"WebSite","@id":"https:\/\/www.welovecycling.com\/hu\/#website","url":"https:\/\/www.welovecycling.com\/hu\/","name":"\u0160koda We Love Cycling - Magyarorsz\u00e1g","description":"\u0160koda WeLoveCycling","potentialAction":[{"@type":"SearchAction","target":{"@type":"EntryPoint","urlTemplate":"https:\/\/www.welovecycling.com\/hu\/?s={search_term_string}"},"query-input":{"@type":"PropertyValueSpecification","valueRequired":true,"valueName":"search_term_string"}}],"inLanguage":"hu"},{"@type":"Person","@id":"https:\/\/www.welovecycling.com\/hu\/#\/schema\/person\/414a2aebf1801691a5320edb6468e194","name":"hegyizs","image":{"@type":"ImageObject","inLanguage":"hu","@id":"https:\/\/www.welovecycling.com\/hu\/#\/schema\/person\/image\/","url":"https:\/\/secure.gravatar.com\/avatar\/02cf8a7906b8cf90cecb4679defac7cfd33a1c2e3b88e4903d947f3bb58eedd3?s=96&d=mm&r=g","contentUrl":"https:\/\/secure.gravatar.com\/avatar\/02cf8a7906b8cf90cecb4679defac7cfd33a1c2e3b88e4903d947f3bb58eedd3?s=96&d=mm&r=g","caption":"hegyizs"},"url":"https:\/\/www.welovecycling.com\/hu\/author\/hegyizs\/"}]}},"_links":{"self":[{"href":"https:\/\/www.welovecycling.com\/hu\/wp-json\/wp\/v2\/posts\/16948","targetHints":{"allow":["GET"]}}],"collection":[{"href":"https:\/\/www.welovecycling.com\/hu\/wp-json\/wp\/v2\/posts"}],"about":[{"href":"https:\/\/www.welovecycling.com\/hu\/wp-json\/wp\/v2\/types\/post"}],"author":[{"embeddable":true,"href":"https:\/\/www.welovecycling.com\/hu\/wp-json\/wp\/v2\/users\/71"}],"replies":[{"embeddable":true,"href":"https:\/\/www.welovecycling.com\/hu\/wp-json\/wp\/v2\/comments?post=16948"}],"version-history":[{"count":2,"href":"https:\/\/www.welovecycling.com\/hu\/wp-json\/wp\/v2\/posts\/16948\/revisions"}],"predecessor-version":[{"id":16952,"href":"https:\/\/www.welovecycling.com\/hu\/wp-json\/wp\/v2\/posts\/16948\/revisions\/16952"}],"wp:featuredmedia":[{"embeddable":true,"href":"https:\/\/www.welovecycling.com\/hu\/wp-json\/wp\/v2\/media\/16951"}],"wp:attachment":[{"href":"https:\/\/www.welovecycling.com\/hu\/wp-json\/wp\/v2\/media?parent=16948"}],"wp:term":[{"taxonomy":"category","embeddable":true,"href":"https:\/\/www.welovecycling.com\/hu\/wp-json\/wp\/v2\/categories?post=16948"},{"taxonomy":"post_tag","embeddable":true,"href":"https:\/\/www.welovecycling.com\/hu\/wp-json\/wp\/v2\/tags?post=16948"},{"taxonomy":"global-categories","embeddable":true,"href":"https:\/\/www.welovecycling.com\/hu\/wp-json\/wp\/v2\/global-categories?post=16948"}],"curies":[{"name":"wp","href":"https:\/\/api.w.org\/{rel}","templated":true}]}}