{"id":16938,"date":"2023-02-05T08:00:46","date_gmt":"2023-02-05T06:00:46","guid":{"rendered":"https:\/\/www.welovecycling.com\/hu\/?p=16938"},"modified":"2023-02-03T14:55:17","modified_gmt":"2023-02-03T12:55:17","slug":"tour-de-france-quick-step-jumbo-harom-izgalmas-dokusorozatot-is-bemutatnak-iden","status":"publish","type":"post","link":"https:\/\/www.welovecycling.com\/hu\/orszaguti-kerekpar\/tour-de-france-quick-step-jumbo-harom-izgalmas-dokusorozatot-is-bemutatnak-iden\/","title":{"rendered":"Tour de France, Quick-Step, Jumbo: h\u00e1rom izgalmas dokusorozatot is bemutatnak id\u00e9n"},"content":{"rendered":"<p><strong>A nagy streamingszolg\u00e1ltat\u00f3k j\u00f3volt\u00e1b\u00f3l alaposan bepillanthatunk a kulissz\u00e1k m\u00f6g\u00e9, \u00e9s eg\u00e9szen m\u00e1s szem\u00fcvegen kereszt\u00fcl is megn\u00e9zhetj\u00fck a kiv\u00e1l\u00f3 2022-es \u00e9v nagy pillanatait.<\/strong><\/p>\n<p><!--more--><\/p>\n<p>2023-ban is \u00e9rdemes lesz teker\u00e9s ut\u00e1n a t\u00e9v\u00e9k\u00e9perny\u0151k el\u00e9 ragadniuk a ker\u00e9kp\u00e1rsport szerelmeseinek \u2013 \u00e9s nemcsak a jobbn\u00e1l jobbnak \u00edg\u00e9rkez\u0151 versenyk\u00f6zvet\u00edt\u00e9sek miatt. Id\u00e9n ugyanis egyed\u00fcl\u00e1ll\u00f3 m\u00f3don h\u00e1rom, roppant izgalmasnak t\u0171n\u0151 bring\u00e1s dokumentumsorozat is bemutat\u00e1sra ker\u00fcl egy-egy nagy streamingszolg\u00e1ltat\u00f3 j\u00f3volt\u00e1b\u00f3l. Hogy a Netflix j\u00f3 \u00e9rz\u00e9kkel \u00e9ppen a tavalyi, szenz\u00e1ci\u00f3s versenyt hoz\u00f3 Tour de France-on forgatta le a sz\u00ednfalak m\u00f6g\u00e9 is bepillant\u00f3 produkci\u00f3j\u00e1t, m\u00e1r eddig is k\u00f6ztudott volt (mi is <a href=\"https:\/\/www.welovecycling.com\/hu\/orszaguti-kerekpar\/tour-de-france-dokumentumfilm-sorozatot-tervez-a-netflix\/\">\u00edrtunk r\u00f3la<\/a> el\u0151zetesen, \u00e9s a projekt v\u00e9g\u00fcl meg is val\u00f3sult), de hogy pontosan mikor kezdik el id\u00e9n sug\u00e1rozni az elk\u00e9sz\u00fclt sorozatot, m\u00e9g nem tudni. Nemr\u00e9g azonban k\u00e9t m\u00e1sik sz\u00e9ri\u00e1t is belengettek, \u0151ket egy m\u00e1sik nagy streaming-\u00f3ri\u00e1s, az Amazon Prime k\u00f6veti el. Ezek egy-egy adott csapatra f\u00f3kusz\u00e1lnak, m\u00e9ghozz\u00e1 a Quick-Step \u00e9s a Jumbo 2022-es verseny\u00e9v\u00e9re (felt\u00e9telezhet\u0151en hasonl\u00f3 koncepci\u00f3 ment\u00e9n, mint amilyen a sport\u00e1gban st\u00edlusteremt\u0151 netflixes Movistar-sorozat volt a spanyol csapat 2019-es, Carapaz-f\u00e9le Giro-gy\u0151ztes szezonj\u00e1r\u00f3l).<\/p>\n<figure id=\"attachment_16939\" aria-describedby=\"caption-attachment-16939\" style=\"width: 512px\" class=\"wp-caption alignnone\"><img loading=\"lazy\" decoding=\"async\" class=\"size-full wp-image-16939\" src=\"https:\/\/d2p6e6u75xmxt8.cloudfront.net\/12\/2023\/02\/AAAABUW1qBibm0fZnRPi35jasammvclDPRAu7G3SzZcBiA_8BUOXE5Ds3XLho5whS60pFmHoHEA6NsFvNnxoJMA1pXZ23pyKj0n-KmhG.webp\" alt=\"\" width=\"512\" height=\"288\" srcset=\"https:\/\/d2p6e6u75xmxt8.cloudfront.net\/12\/2023\/02\/AAAABUW1qBibm0fZnRPi35jasammvclDPRAu7G3SzZcBiA_8BUOXE5Ds3XLho5whS60pFmHoHEA6NsFvNnxoJMA1pXZ23pyKj0n-KmhG.webp 512w, https:\/\/d2p6e6u75xmxt8.cloudfront.net\/12\/2023\/02\/AAAABUW1qBibm0fZnRPi35jasammvclDPRAu7G3SzZcBiA_8BUOXE5Ds3XLho5whS60pFmHoHEA6NsFvNnxoJMA1pXZ23pyKj0n-KmhG-300x169.webp 300w\" sizes=\"auto, (max-width: 512px) 100vw, 512px\" \/><figcaption id=\"caption-attachment-16939\" class=\"wp-caption-text\">fot\u00f3: Netflix<\/figcaption><\/figure>\n<p>A Quick-Stepr\u0151l sz\u00f3l\u00f3 sorozatot m\u00falt h\u00f3napban leplezt\u00e9k le, pontosabban, egyel\u0151re annyit tudunk r\u00f3la, amennyit az amazonos alkot\u00f3k el\u00e1rultak r\u00f3la, jeles\u00fcl, hogy: <em>\u201eOtt voltunk a csapattal tavaly eg\u00e9sz \u00e9vben, janu\u00e1r \u00f3ta mindig, minden egyes pillanatban \u2013 versenyeken, versenyek el\u0151tti \u00e9s ut\u00e1ni napokon, edz\u0151t\u00e1borokban, meetingeken, v\u00e1ls\u00e1g\u00e9rtekezleteken \u00e9s m\u00e9g a versenyz\u0151k otthonaiban is. Sokan k\u00f6z\u00fcl\u00fck biztosan azt gondolt\u00e1k m\u00e1r egy id\u0151 ut\u00e1n, hogy \u2019jaj ne, m\u00e1r megint itt vannak\u2019, m\u00e9gis \u00fagy gondolom, minden megvan az el\u0151z\u0151 szezonjukr\u00f3l.\u201d<\/em><\/p>\n<p>A h\u00edrhedt Quick-Step-f\u0151n\u00f6k, Patrick Lefevere is elismerte, hogy ez nem lehetett k\u00f6nny\u0171 egy teljes esztend\u0151n \u00e1t, de igyekezett b\u00e1tor\u00edtani versenyz\u0151it: <em>\u201eNeh\u00e9z lehet, hogy eg\u00e9sz \u00e9vben kamer\u00e1k k\u00f6vetik minden l\u00e9p\u00e9sedet \u2013 csak akkor nincsenek ott \u00e9jjel, amikor m\u00e1r \u00e1gyba b\u00fajt\u00e1l. De pr\u00f3b\u00e1ltam nekik mondani, hogy \u2019figyu, sr\u00e1cok, kem\u00e9ny lesz, de egyszer ha majd id\u0151sebbek lesztek, \u00e9s gyerekeitek meg unok\u00e1itok lesznek, igaz\u00e1n b\u00fcszk\u00e9n mutathatj\u00e1tok majd meg nekik, mondv\u00e1n, ezt vittem v\u00e9ghez 2022-ben!\u201d<\/em> (Azt pedig m\u00e1r csak mi tessz\u00fck hozz\u00e1, hogy mindez\u00e9rt nyilv\u00e1n egy szabad szemmel is j\u00f3l l\u00e1that\u00f3 \u00f6sszeget zsebelhetett be a belga csapat\u2026).<\/p>\n<p>Az esem\u00e9nyek k\u00f6z\u00e9ppontj\u00e1ban \u2013 ha \u00fagy tetszik, a \u201ef\u0151szerepben\u201d \u2013 term\u00e9szetesen Remco Evenepoel lesz majd, aki el\u0151bb a Liege-Bastogne-Liege-en aratott remek sz\u00f3l\u00f3gy\u0151zelm\u00e9vel mentette meg a csapat becs\u00fclet\u00e9t a rettent\u0151en siker\u00fclt flamand klasszikusok ut\u00e1n, az \u00e9v m\u00e1sodik fel\u00e9ben pedig a Vuelt\u00e1t nyerte meg \u00e1lomszer\u0171 versenyz\u00e9ssel, val\u00f3sz\u00edn\u0171leg v\u00e9gleg elhallgattatva az \u0151t hangosan al\u00e1becs\u00fcl\u0151 kritikusait. Ezenfel\u00fcl dr\u00e1mai k\u00e9psorokon mutatj\u00e1k meg a vil\u00e1gbajnok Julian Alaphilippe horrorbuk\u00e1s\u00e1t \u00e9s az azt k\u00f6vet\u0151 k\u00e9ts\u00e9gbeesett pillanatokat, de \u00e9rtelemszer\u0171en a Tour de France sem maradhat ki a s\u00e1rga trik\u00f3t mag\u00e1ra \u00f6lt\u0151 Yves Lampaert-rel \u00e9s a szakaszgy\u0151ztes Fabio Jakobsennel. A bemutat\u00f3 pontos d\u00e1tuma egyel\u0151re itt sem ismert, de az biztos, hogy id\u00e9n levet\u00edtik majd a sorozatot.<\/p>\n<figure id=\"attachment_16940\" aria-describedby=\"caption-attachment-16940\" style=\"width: 1024px\" class=\"wp-caption alignnone\"><img loading=\"lazy\" decoding=\"async\" class=\"size-large wp-image-16940\" src=\"https:\/\/d2p6e6u75xmxt8.cloudfront.net\/12\/2023\/02\/evenepoel-photo-news-1024x694.webp\" alt=\"\" width=\"1024\" height=\"694\" srcset=\"https:\/\/d2p6e6u75xmxt8.cloudfront.net\/12\/2023\/02\/evenepoel-photo-news-1024x694.webp 1024w, https:\/\/d2p6e6u75xmxt8.cloudfront.net\/12\/2023\/02\/evenepoel-photo-news-300x203.webp 300w, https:\/\/d2p6e6u75xmxt8.cloudfront.net\/12\/2023\/02\/evenepoel-photo-news-768x520.webp 768w, https:\/\/d2p6e6u75xmxt8.cloudfront.net\/12\/2023\/02\/evenepoel-photo-news.webp 1346w\" sizes=\"auto, (max-width: 1024px) 100vw, 1024px\" \/><figcaption id=\"caption-attachment-16940\" class=\"wp-caption-text\"><em>A Quick-Stepr\u0151l sz\u00f3l\u00f3 sorozatban \u00e9rtelemszer\u0171en Remco Evenepoel\u00e9 lesz majd a rivaldaf\u00e9ny (fot\u00f3: Photo News)<\/em><\/figcaption><\/figure>\n<p>Az Amazon a h\u00e9ten egy m\u00e1sik nagy \u00e9rdekl\u0151d\u00e9sre sz\u00e1mot tart\u00f3 sz\u00e9ri\u00e1t is bejelentett, ez pedig a Tour-gy\u0151ztes Jumbo-Visma par\u00e1d\u00e9s, 2022-es \u00e9v\u00e9t t\u00e1rja a nagyk\u00f6z\u00f6ns\u00e9g el\u00e9. Pontosabban, sajnos nem annyira nagy k\u00f6z\u00f6ns\u00e9g el\u00e9, l\u00e9v\u00e9n a m\u00e1rcius 1-j\u00e9t\u0151l el\u00e9rhet\u0151 hatr\u00e9szes minisorozat valami\u00e9rt csak a Benelux-\u00e1llamokban lesz el\u00e9rhet\u0151, \u00edgy legink\u00e1bb abban lehet rem\u00e9nykedni, hogy az internet seg\u00edts\u00e9g\u00e9vel id\u0151vel eljut sz\u00e9lesebb k\u00f6rbe is \u2013 ig\u00e9ny az volna r\u00e1, ahogy az egyszeri vicc is tartja.<\/p>\n<p><strong>Trailer:<\/strong><\/p>\n<lite-youtube videoid=E8lWW7BL174 params=\"enablejsapi=1\" style=\"background-image: url('https:\/\/i.ytimg.com\/vi_webp\/E8lWW7BL174\/maxresdefault.webp');\"><\/lite-youtube>\n","protected":false},"excerpt":{"rendered":"<p>A nagy streamingszolg\u00e1ltat\u00f3k j\u00f3volt\u00e1b\u00f3l alaposan bepillanthatunk a kulissz\u00e1k m\u00f6g\u00e9, \u00e9s eg\u00e9szen m\u00e1s szem\u00fcvegen kereszt\u00fcl is megn\u00e9zhetj\u00fck a kiv\u00e1l\u00f3 2022-es \u00e9v [&hellip;]<\/p>\n","protected":false},"author":71,"featured_media":16941,"comment_status":"open","ping_status":"open","sticky":false,"template":"","format":"standard","meta":{"footnotes":""},"categories":[8],"tags":[],"global-categories":[],"class_list":["post-16938","post","type-post","status-publish","format-standard","has-post-thumbnail","hentry","category-orszaguti-kerekpar"],"yoast_head":"<!-- This site is optimized with the Yoast SEO Premium plugin v25.3 (Yoast SEO v25.9) - https:\/\/yoast.com\/wordpress\/plugins\/seo\/ -->\n<title>Tour de France, Quick-Step, Jumbo: h\u00e1rom izgalmas dokusorozatot is bemutatnak id\u00e9n<\/title>\n<meta name=\"description\" content=\"A nagy streamingszolg\u00e1ltat\u00f3k j\u00f3volt\u00e1b\u00f3l alaposan bepillanthatunk a kulissz\u00e1k m\u00f6g\u00e9, \u00e9s eg\u00e9szen m\u00e1s szem\u00fcvegen kereszt\u00fcl is megn\u00e9zhetj\u00fck a kiv\u00e1l\u00f3 2022-es \u00e9v nagy pillanatait.\" \/>\n<meta name=\"robots\" content=\"index, follow, max-snippet:-1, max-image-preview:large, max-video-preview:-1\" \/>\n<link rel=\"canonical\" href=\"https:\/\/www.welovecycling.com\/hu\/orszaguti-kerekpar\/tour-de-france-quick-step-jumbo-harom-izgalmas-dokusorozatot-is-bemutatnak-iden\/\" \/>\n<meta property=\"og:locale\" content=\"hu_HU\" \/>\n<meta property=\"og:type\" content=\"article\" \/>\n<meta property=\"og:title\" content=\"Tour de France, Quick-Step, Jumbo: h\u00e1rom izgalmas dokusorozatot is bemutatnak id\u00e9n\" \/>\n<meta property=\"og:description\" content=\"A nagy streamingszolg\u00e1ltat\u00f3k j\u00f3volt\u00e1b\u00f3l alaposan bepillanthatunk a kulissz\u00e1k m\u00f6g\u00e9, \u00e9s eg\u00e9szen m\u00e1s szem\u00fcvegen kereszt\u00fcl is megn\u00e9zhetj\u00fck a kiv\u00e1l\u00f3 2022-es \u00e9v nagy pillanatait.\" \/>\n<meta property=\"og:url\" content=\"https:\/\/www.welovecycling.com\/hu\/orszaguti-kerekpar\/tour-de-france-quick-step-jumbo-harom-izgalmas-dokusorozatot-is-bemutatnak-iden\/\" \/>\n<meta property=\"og:site_name\" content=\"\u0160koda We Love Cycling - Magyarorsz\u00e1g\" \/>\n<meta property=\"article:publisher\" content=\"https:\/\/www.facebook.com\/WeLoveCyclingHungary\/\" \/>\n<meta property=\"article:published_time\" content=\"2023-02-05T06:00:46+00:00\" \/>\n<meta property=\"og:image\" content=\"https:\/\/d2p6e6u75xmxt8.cloudfront.net\/12\/2023\/02\/FPLn8RmWUAMRWZJ.webp\" \/>\n\t<meta property=\"og:image:width\" content=\"1377\" \/>\n\t<meta property=\"og:image:height\" content=\"993\" \/>\n\t<meta property=\"og:image:type\" content=\"image\/webp\" \/>\n<meta name=\"author\" content=\"hegyizs\" \/>\n<meta name=\"twitter:card\" content=\"summary_large_image\" \/>\n<meta name=\"twitter:label1\" content=\"Written by\" \/>\n\t<meta name=\"twitter:data1\" content=\"WLC\" \/>\n\t<meta name=\"twitter:label2\" content=\"Est. reading time\" \/>\n\t<meta name=\"twitter:data2\" content=\"4 minutes\" \/>\n<script type=\"application\/ld+json\" class=\"yoast-schema-graph\">{\"@context\":\"https:\/\/schema.org\",\"@graph\":[{\"@type\":\"WebPage\",\"@id\":\"https:\/\/www.welovecycling.com\/hu\/orszaguti-kerekpar\/tour-de-france-quick-step-jumbo-harom-izgalmas-dokusorozatot-is-bemutatnak-iden\/\",\"url\":\"https:\/\/www.welovecycling.com\/hu\/orszaguti-kerekpar\/tour-de-france-quick-step-jumbo-harom-izgalmas-dokusorozatot-is-bemutatnak-iden\/\",\"name\":\"Tour de France, Quick-Step, Jumbo: h\u00e1rom izgalmas dokusorozatot is bemutatnak id\u00e9n\",\"isPartOf\":{\"@id\":\"https:\/\/www.welovecycling.com\/hu\/#website\"},\"primaryImageOfPage\":{\"@id\":\"https:\/\/www.welovecycling.com\/hu\/orszaguti-kerekpar\/tour-de-france-quick-step-jumbo-harom-izgalmas-dokusorozatot-is-bemutatnak-iden\/#primaryimage\"},\"image\":{\"@id\":\"https:\/\/www.welovecycling.com\/hu\/orszaguti-kerekpar\/tour-de-france-quick-step-jumbo-harom-izgalmas-dokusorozatot-is-bemutatnak-iden\/#primaryimage\"},\"thumbnailUrl\":\"https:\/\/d2p6e6u75xmxt8.cloudfront.net\/12\/2023\/02\/FPLn8RmWUAMRWZJ.webp\",\"datePublished\":\"2023-02-05T06:00:46+00:00\",\"author\":{\"@id\":\"https:\/\/www.welovecycling.com\/hu\/#\/schema\/person\/414a2aebf1801691a5320edb6468e194\"},\"description\":\"A nagy streamingszolg\u00e1ltat\u00f3k j\u00f3volt\u00e1b\u00f3l alaposan bepillanthatunk a kulissz\u00e1k m\u00f6g\u00e9, \u00e9s eg\u00e9szen m\u00e1s szem\u00fcvegen kereszt\u00fcl is megn\u00e9zhetj\u00fck a kiv\u00e1l\u00f3 2022-es \u00e9v nagy pillanatait.\",\"breadcrumb\":{\"@id\":\"https:\/\/www.welovecycling.com\/hu\/orszaguti-kerekpar\/tour-de-france-quick-step-jumbo-harom-izgalmas-dokusorozatot-is-bemutatnak-iden\/#breadcrumb\"},\"inLanguage\":\"hu\",\"potentialAction\":[{\"@type\":\"ReadAction\",\"target\":[\"https:\/\/www.welovecycling.com\/hu\/orszaguti-kerekpar\/tour-de-france-quick-step-jumbo-harom-izgalmas-dokusorozatot-is-bemutatnak-iden\/\"]}]},{\"@type\":\"ImageObject\",\"inLanguage\":\"hu\",\"@id\":\"https:\/\/www.welovecycling.com\/hu\/orszaguti-kerekpar\/tour-de-france-quick-step-jumbo-harom-izgalmas-dokusorozatot-is-bemutatnak-iden\/#primaryimage\",\"url\":\"https:\/\/d2p6e6u75xmxt8.cloudfront.net\/12\/2023\/02\/FPLn8RmWUAMRWZJ.webp\",\"contentUrl\":\"https:\/\/d2p6e6u75xmxt8.cloudfront.net\/12\/2023\/02\/FPLn8RmWUAMRWZJ.webp\",\"width\":1377,\"height\":993},{\"@type\":\"BreadcrumbList\",\"@id\":\"https:\/\/www.welovecycling.com\/hu\/orszaguti-kerekpar\/tour-de-france-quick-step-jumbo-harom-izgalmas-dokusorozatot-is-bemutatnak-iden\/#breadcrumb\",\"itemListElement\":[{\"@type\":\"ListItem\",\"position\":1,\"name\":\"Home\",\"item\":\"https:\/\/www.welovecycling.com\/hu\/\"},{\"@type\":\"ListItem\",\"position\":2,\"name\":\"Tour de France, Quick-Step, Jumbo: h\u00e1rom izgalmas dokusorozatot is bemutatnak id\u00e9n\"}]},{\"@type\":\"WebSite\",\"@id\":\"https:\/\/www.welovecycling.com\/hu\/#website\",\"url\":\"https:\/\/www.welovecycling.com\/hu\/\",\"name\":\"\u0160koda We Love Cycling - Magyarorsz\u00e1g\",\"description\":\"\u0160koda WeLoveCycling\",\"potentialAction\":[{\"@type\":\"SearchAction\",\"target\":{\"@type\":\"EntryPoint\",\"urlTemplate\":\"https:\/\/www.welovecycling.com\/hu\/?s={search_term_string}\"},\"query-input\":{\"@type\":\"PropertyValueSpecification\",\"valueRequired\":true,\"valueName\":\"search_term_string\"}}],\"inLanguage\":\"hu\"},{\"@type\":\"Person\",\"@id\":\"https:\/\/www.welovecycling.com\/hu\/#\/schema\/person\/414a2aebf1801691a5320edb6468e194\",\"name\":\"hegyizs\",\"image\":{\"@type\":\"ImageObject\",\"inLanguage\":\"hu\",\"@id\":\"https:\/\/www.welovecycling.com\/hu\/#\/schema\/person\/image\/\",\"url\":\"https:\/\/secure.gravatar.com\/avatar\/02cf8a7906b8cf90cecb4679defac7cfd33a1c2e3b88e4903d947f3bb58eedd3?s=96&d=mm&r=g\",\"contentUrl\":\"https:\/\/secure.gravatar.com\/avatar\/02cf8a7906b8cf90cecb4679defac7cfd33a1c2e3b88e4903d947f3bb58eedd3?s=96&d=mm&r=g\",\"caption\":\"hegyizs\"},\"url\":\"https:\/\/www.welovecycling.com\/hu\/author\/hegyizs\/\"}]}<\/script>\n<!-- \/ Yoast SEO Premium plugin. -->","yoast_head_json":{"title":"Tour de France, Quick-Step, Jumbo: h\u00e1rom izgalmas dokusorozatot is bemutatnak id\u00e9n","description":"A nagy streamingszolg\u00e1ltat\u00f3k j\u00f3volt\u00e1b\u00f3l alaposan bepillanthatunk a kulissz\u00e1k m\u00f6g\u00e9, \u00e9s eg\u00e9szen m\u00e1s szem\u00fcvegen kereszt\u00fcl is megn\u00e9zhetj\u00fck a kiv\u00e1l\u00f3 2022-es \u00e9v nagy pillanatait.","robots":{"index":"index","follow":"follow","max-snippet":"max-snippet:-1","max-image-preview":"max-image-preview:large","max-video-preview":"max-video-preview:-1"},"canonical":"https:\/\/www.welovecycling.com\/hu\/orszaguti-kerekpar\/tour-de-france-quick-step-jumbo-harom-izgalmas-dokusorozatot-is-bemutatnak-iden\/","og_locale":"hu_HU","og_type":"article","og_title":"Tour de France, Quick-Step, Jumbo: h\u00e1rom izgalmas dokusorozatot is bemutatnak id\u00e9n","og_description":"A nagy streamingszolg\u00e1ltat\u00f3k j\u00f3volt\u00e1b\u00f3l alaposan bepillanthatunk a kulissz\u00e1k m\u00f6g\u00e9, \u00e9s eg\u00e9szen m\u00e1s szem\u00fcvegen kereszt\u00fcl is megn\u00e9zhetj\u00fck a kiv\u00e1l\u00f3 2022-es \u00e9v nagy pillanatait.","og_url":"https:\/\/www.welovecycling.com\/hu\/orszaguti-kerekpar\/tour-de-france-quick-step-jumbo-harom-izgalmas-dokusorozatot-is-bemutatnak-iden\/","og_site_name":"\u0160koda We Love Cycling - Magyarorsz\u00e1g","article_publisher":"https:\/\/www.facebook.com\/WeLoveCyclingHungary\/","article_published_time":"2023-02-05T06:00:46+00:00","og_image":[{"width":1377,"height":993,"url":"https:\/\/d2p6e6u75xmxt8.cloudfront.net\/12\/2023\/02\/FPLn8RmWUAMRWZJ.webp","type":"image\/webp"}],"author":"hegyizs","twitter_card":"summary_large_image","twitter_misc":{"Written by":"WLC","Est. reading time":"4 minutes"},"schema":{"@context":"https:\/\/schema.org","@graph":[{"@type":"WebPage","@id":"https:\/\/www.welovecycling.com\/hu\/orszaguti-kerekpar\/tour-de-france-quick-step-jumbo-harom-izgalmas-dokusorozatot-is-bemutatnak-iden\/","url":"https:\/\/www.welovecycling.com\/hu\/orszaguti-kerekpar\/tour-de-france-quick-step-jumbo-harom-izgalmas-dokusorozatot-is-bemutatnak-iden\/","name":"Tour de France, Quick-Step, Jumbo: h\u00e1rom izgalmas dokusorozatot is bemutatnak id\u00e9n","isPartOf":{"@id":"https:\/\/www.welovecycling.com\/hu\/#website"},"primaryImageOfPage":{"@id":"https:\/\/www.welovecycling.com\/hu\/orszaguti-kerekpar\/tour-de-france-quick-step-jumbo-harom-izgalmas-dokusorozatot-is-bemutatnak-iden\/#primaryimage"},"image":{"@id":"https:\/\/www.welovecycling.com\/hu\/orszaguti-kerekpar\/tour-de-france-quick-step-jumbo-harom-izgalmas-dokusorozatot-is-bemutatnak-iden\/#primaryimage"},"thumbnailUrl":"https:\/\/d2p6e6u75xmxt8.cloudfront.net\/12\/2023\/02\/FPLn8RmWUAMRWZJ.webp","datePublished":"2023-02-05T06:00:46+00:00","author":{"@id":"https:\/\/www.welovecycling.com\/hu\/#\/schema\/person\/414a2aebf1801691a5320edb6468e194"},"description":"A nagy streamingszolg\u00e1ltat\u00f3k j\u00f3volt\u00e1b\u00f3l alaposan bepillanthatunk a kulissz\u00e1k m\u00f6g\u00e9, \u00e9s eg\u00e9szen m\u00e1s szem\u00fcvegen kereszt\u00fcl is megn\u00e9zhetj\u00fck a kiv\u00e1l\u00f3 2022-es \u00e9v nagy pillanatait.","breadcrumb":{"@id":"https:\/\/www.welovecycling.com\/hu\/orszaguti-kerekpar\/tour-de-france-quick-step-jumbo-harom-izgalmas-dokusorozatot-is-bemutatnak-iden\/#breadcrumb"},"inLanguage":"hu","potentialAction":[{"@type":"ReadAction","target":["https:\/\/www.welovecycling.com\/hu\/orszaguti-kerekpar\/tour-de-france-quick-step-jumbo-harom-izgalmas-dokusorozatot-is-bemutatnak-iden\/"]}]},{"@type":"ImageObject","inLanguage":"hu","@id":"https:\/\/www.welovecycling.com\/hu\/orszaguti-kerekpar\/tour-de-france-quick-step-jumbo-harom-izgalmas-dokusorozatot-is-bemutatnak-iden\/#primaryimage","url":"https:\/\/d2p6e6u75xmxt8.cloudfront.net\/12\/2023\/02\/FPLn8RmWUAMRWZJ.webp","contentUrl":"https:\/\/d2p6e6u75xmxt8.cloudfront.net\/12\/2023\/02\/FPLn8RmWUAMRWZJ.webp","width":1377,"height":993},{"@type":"BreadcrumbList","@id":"https:\/\/www.welovecycling.com\/hu\/orszaguti-kerekpar\/tour-de-france-quick-step-jumbo-harom-izgalmas-dokusorozatot-is-bemutatnak-iden\/#breadcrumb","itemListElement":[{"@type":"ListItem","position":1,"name":"Home","item":"https:\/\/www.welovecycling.com\/hu\/"},{"@type":"ListItem","position":2,"name":"Tour de France, Quick-Step, Jumbo: h\u00e1rom izgalmas dokusorozatot is bemutatnak id\u00e9n"}]},{"@type":"WebSite","@id":"https:\/\/www.welovecycling.com\/hu\/#website","url":"https:\/\/www.welovecycling.com\/hu\/","name":"\u0160koda We Love Cycling - Magyarorsz\u00e1g","description":"\u0160koda WeLoveCycling","potentialAction":[{"@type":"SearchAction","target":{"@type":"EntryPoint","urlTemplate":"https:\/\/www.welovecycling.com\/hu\/?s={search_term_string}"},"query-input":{"@type":"PropertyValueSpecification","valueRequired":true,"valueName":"search_term_string"}}],"inLanguage":"hu"},{"@type":"Person","@id":"https:\/\/www.welovecycling.com\/hu\/#\/schema\/person\/414a2aebf1801691a5320edb6468e194","name":"hegyizs","image":{"@type":"ImageObject","inLanguage":"hu","@id":"https:\/\/www.welovecycling.com\/hu\/#\/schema\/person\/image\/","url":"https:\/\/secure.gravatar.com\/avatar\/02cf8a7906b8cf90cecb4679defac7cfd33a1c2e3b88e4903d947f3bb58eedd3?s=96&d=mm&r=g","contentUrl":"https:\/\/secure.gravatar.com\/avatar\/02cf8a7906b8cf90cecb4679defac7cfd33a1c2e3b88e4903d947f3bb58eedd3?s=96&d=mm&r=g","caption":"hegyizs"},"url":"https:\/\/www.welovecycling.com\/hu\/author\/hegyizs\/"}]}},"_links":{"self":[{"href":"https:\/\/www.welovecycling.com\/hu\/wp-json\/wp\/v2\/posts\/16938","targetHints":{"allow":["GET"]}}],"collection":[{"href":"https:\/\/www.welovecycling.com\/hu\/wp-json\/wp\/v2\/posts"}],"about":[{"href":"https:\/\/www.welovecycling.com\/hu\/wp-json\/wp\/v2\/types\/post"}],"author":[{"embeddable":true,"href":"https:\/\/www.welovecycling.com\/hu\/wp-json\/wp\/v2\/users\/71"}],"replies":[{"embeddable":true,"href":"https:\/\/www.welovecycling.com\/hu\/wp-json\/wp\/v2\/comments?post=16938"}],"version-history":[{"count":2,"href":"https:\/\/www.welovecycling.com\/hu\/wp-json\/wp\/v2\/posts\/16938\/revisions"}],"predecessor-version":[{"id":16945,"href":"https:\/\/www.welovecycling.com\/hu\/wp-json\/wp\/v2\/posts\/16938\/revisions\/16945"}],"wp:featuredmedia":[{"embeddable":true,"href":"https:\/\/www.welovecycling.com\/hu\/wp-json\/wp\/v2\/media\/16941"}],"wp:attachment":[{"href":"https:\/\/www.welovecycling.com\/hu\/wp-json\/wp\/v2\/media?parent=16938"}],"wp:term":[{"taxonomy":"category","embeddable":true,"href":"https:\/\/www.welovecycling.com\/hu\/wp-json\/wp\/v2\/categories?post=16938"},{"taxonomy":"post_tag","embeddable":true,"href":"https:\/\/www.welovecycling.com\/hu\/wp-json\/wp\/v2\/tags?post=16938"},{"taxonomy":"global-categories","embeddable":true,"href":"https:\/\/www.welovecycling.com\/hu\/wp-json\/wp\/v2\/global-categories?post=16938"}],"curies":[{"name":"wp","href":"https:\/\/api.w.org\/{rel}","templated":true}]}}